{"id":410765,"date":"2024-09-23T18:10:18","date_gmt":"2024-09-23T16:10:18","guid":{"rendered":"https:\/\/www.radiopiu.net\/wordpress\/?p=410765"},"modified":"2024-09-24T05:39:14","modified_gmt":"2024-09-24T03:39:14","slug":"accessibilita-in-montagna-nuovi-percorsi-inclusivi-in-valbelluna","status":"publish","type":"post","link":"https:\/\/www.radiopiu.net\/wordpress\/accessibilita-in-montagna-nuovi-percorsi-inclusivi-in-valbelluna\/","title":{"rendered":"Accessibilit\u00e0 in montagna: nuovi percorsi inclusivi in Valbelluna"},"content":{"rendered":"<p>***<\/p>\n<p>&nbsp;<\/p>\n<p><a class=\"dt-pswp-item\" href=\"https:\/\/www.radiopiu.net\/wordpress\/wp-content\/uploads\/2024\/09\/IMG20210720111121_01-scaled.jpg\" data-dt-img-description=\"\" data-large_image_width=\"2407\" data-large_image_height=\"2560\"><img loading=\"lazy\" decoding=\"async\" class=\"size-medium wp-image-410764 alignleft\" src=\"https:\/\/www.radiopiu.net\/wordpress\/wp-content\/uploads\/2024\/09\/IMG20210720111121_01-282x300.jpg\" alt=\"\" width=\"282\" height=\"300\" srcset=\"https:\/\/www.radiopiu.net\/wordpress\/wp-content\/uploads\/2024\/09\/IMG20210720111121_01-282x300.jpg 282w, https:\/\/www.radiopiu.net\/wordpress\/wp-content\/uploads\/2024\/09\/IMG20210720111121_01-963x1024.jpg 963w, https:\/\/www.radiopiu.net\/wordpress\/wp-content\/uploads\/2024\/09\/IMG20210720111121_01-768x817.jpg 768w, https:\/\/www.radiopiu.net\/wordpress\/wp-content\/uploads\/2024\/09\/IMG20210720111121_01-1444x1536.jpg 1444w, https:\/\/www.radiopiu.net\/wordpress\/wp-content\/uploads\/2024\/09\/IMG20210720111121_01-1926x2048.jpg 1926w\" sizes=\"auto, (max-width: 282px) 100vw, 282px\" \/><\/a>Una Provincia, per essere inclusiva deve essere anche accessibile. E parlare di accessibilit\u00e0 in montagna non<br \/>\n\u00e8 facile, se non vivi la montagna, ma soprattutto la disabilit\u00e0. Il progetto \u201cLa montagna per tutti. Accessibilit\u00e0<br \/>\ne inclusione sui sentieri della Valbelluna e nei fondivalle dolomitici.\u201d ha avuto cos\u00ec tanto successo nella sua<br \/>\nprima edizione che noi di ASD Sport ASSI e ASSI Associazione Sociale Sportiva Invalidi APS Onlus ci abbiamo<br \/>\npreso gusto. E con noi Cortina Banca che ha rinnovato il sostegno e ci ha permesso di pubblicare una<br \/>\nrinnovata e aggiornata brochure. \u201cAbbiamo dedicato tutto il 2023 e parte di quest\u2019anno a scovare e testare personalmente, <a class=\"dt-pswp-item\" href=\"https:\/\/www.radiopiu.net\/wordpress\/wp-content\/uploads\/2024\/09\/IMG-20220715-WA0146.jpg\" data-dt-img-description=\"\" data-large_image_width=\"899\" data-large_image_height=\"1599\"><img loading=\"lazy\" decoding=\"async\" class=\"size-medium wp-image-410763 alignright\" src=\"https:\/\/www.radiopiu.net\/wordpress\/wp-content\/uploads\/2024\/09\/IMG-20220715-WA0146-169x300.jpg\" alt=\"\" width=\"169\" height=\"300\" srcset=\"https:\/\/www.radiopiu.net\/wordpress\/wp-content\/uploads\/2024\/09\/IMG-20220715-WA0146-169x300.jpg 169w, https:\/\/www.radiopiu.net\/wordpress\/wp-content\/uploads\/2024\/09\/IMG-20220715-WA0146-576x1024.jpg 576w, https:\/\/www.radiopiu.net\/wordpress\/wp-content\/uploads\/2024\/09\/IMG-20220715-WA0146-768x1366.jpg 768w, https:\/\/www.radiopiu.net\/wordpress\/wp-content\/uploads\/2024\/09\/IMG-20220715-WA0146-864x1536.jpg 864w, https:\/\/www.radiopiu.net\/wordpress\/wp-content\/uploads\/2024\/09\/IMG-20220715-WA0146.jpg 899w\" sizes=\"auto, (max-width: 169px) 100vw, 169px\" \/><\/a>con il prezioso aiuto dei nostri volontari, percorsi accessibili in tutta la provincia di Belluno\u201d, spiega il presidente Davide Giozet, \u201cil risultato sono 6 nuovi percorsi che si aggiungono ai 14 mappati nella prima edizione. Ve ne svelo qualcuno in anteprima: il lago del Corlo ad Arsi\u00e8, un fiordo in Valbelluna, la ciclabile da Soverzene a Bastia, che va a completare il percorso gi\u00e0 mappato \u2018ciclabile del lago di Santa Croce\u2019 ed una spettacolare strada ai piedi del Pelmo con vista sul Civetta.\u201d Per ogni itinerario \u00e8 presente una scheda dettagliata che illustra il percorso \u2013 lunghezza, dislivello, caratteristiche del fondo stradale &#8211; i punti di appoggio e la tipologia di mezzo idoneo per percorrerlo. L\u2019obiettivo \u00e8 quello di valorizzare il territorio bellunese, anche fuori dalle rotte pi\u00f9 comuni e affollate, facendone scoprire le bellezze alle persone con disabilit\u00e0, ma anche alle famiglie con bambini e agli anziani. La brochure \u00e8 disponibile presso la sede dell\u2019ASSI Associazione Sociale Sportiva Invalidi a Sedico e prossimamente negli uffici turistici del territorio.<\/p>\n","protected":false},"excerpt":{"rendered":"<p>*** &nbsp; Una Provincia, per essere inclusiva deve essere anche accessibile. E parlare di accessibilit\u00e0 in montagna non \u00e8 facile, se non vivi la montagna, ma soprattutto la disabilit\u00e0. Il progetto \u201cLa montagna per tutti. Accessibilit\u00e0 e inclusione sui sentieri della Valbelluna e nei fondivalle dolomitici.\u201d ha avuto cos\u00ec tanto successo nella sua prima edizione&hellip;<\/p>\n","protected":false},"author":4,"featured_media":410764,"comment_status":"closed","ping_status":"closed","sticky":false,"template":"","format":"standard","meta":{"_monsterinsights_skip_tracking":false,"_monsterinsights_sitenote_active":false,"_monsterinsights_sitenote_note":"","_monsterinsights_sitenote_category":0,"footnotes":""},"categories":[51,49],"tags":[],"class_list":["post-410765","post","type-post","status-publish","format-standard","has-post-thumbnail","hentry","category-evidenza-top","category-news-18","category-51","category-49","description-off"],"img_url":"https:\/\/www.radiopiu.net\/wordpress\/wp-content\/uploads\/2024\/09\/IMG20210720111121_01-scaled.jpg","_links":{"self":[{"href":"https:\/\/www.radiopiu.net\/wordpress\/wp-json\/wp\/v2\/posts\/410765","targetHints":{"allow":["GET"]}}],"collection":[{"href":"https:\/\/www.radiopiu.net\/wordpress\/wp-json\/wp\/v2\/posts"}],"about":[{"href":"https:\/\/www.radiopiu.net\/wordpress\/wp-json\/wp\/v2\/types\/post"}],"author":[{"embeddable":true,"href":"https:\/\/www.radiopiu.net\/wordpress\/wp-json\/wp\/v2\/users\/4"}],"replies":[{"embeddable":true,"href":"https:\/\/www.radiopiu.net\/wordpress\/wp-json\/wp\/v2\/comments?post=410765"}],"version-history":[{"count":1,"href":"https:\/\/www.radiopiu.net\/wordpress\/wp-json\/wp\/v2\/posts\/410765\/revisions"}],"predecessor-version":[{"id":410766,"href":"https:\/\/www.radiopiu.net\/wordpress\/wp-json\/wp\/v2\/posts\/410765\/revisions\/410766"}],"wp:featuredmedia":[{"embeddable":true,"href":"https:\/\/www.radiopiu.net\/wordpress\/wp-json\/wp\/v2\/media\/410764"}],"wp:attachment":[{"href":"https:\/\/www.radiopiu.net\/wordpress\/wp-json\/wp\/v2\/media?parent=410765"}],"wp:term":[{"taxonomy":"category","embeddable":true,"href":"https:\/\/www.radiopiu.net\/wordpress\/wp-json\/wp\/v2\/categories?post=410765"},{"taxonomy":"post_tag","embeddable":true,"href":"https:\/\/www.radiopiu.net\/wordpress\/wp-json\/wp\/v2\/tags?post=410765"}],"curies":[{"name":"wp","href":"https:\/\/api.w.org\/{rel}","templated":true}]}}