{"id":410771,"date":"2024-09-24T05:13:31","date_gmt":"2024-09-24T03:13:31","guid":{"rendered":"https:\/\/www.radiopiu.net\/wordpress\/?p=410771"},"modified":"2024-09-24T05:34:58","modified_gmt":"2024-09-24T03:34:58","slug":"cinese-illeso-recuperato-dallelicottero","status":"publish","type":"post","link":"https:\/\/www.radiopiu.net\/wordpress\/cinese-illeso-recuperato-dallelicottero\/","title":{"rendered":"CINESE ILLESO RECUPERATO DALL&#8217;ELICOTTERO"},"content":{"rendered":"<p>***<\/p>\n<p><img loading=\"lazy\" decoding=\"async\" class=\"alignleft\" src=\"https:\/\/www.radiopiu.net\/wordpress\/wp-content\/uploads\/2024\/09\/IMG-20240923-WA0007-scaled.jpg\" width=\"129\" height=\"229\" \/><strong>REDAZIONE<\/strong> L&#8217;intervento di Falco oggi a mezzogiorno ad Auronzo, sentiero Bonaccorsi dove un cinese di 33 anni \u00e8 stato fatto salire a bordo fino al rifugio Fondasavio dove avr\u00e0 ripreso&#8230; la sua vacanza. Infatti ne \u00e8 uscito illeso.<\/p>\n<p><strong>RECUPERATA ESCURSIONISTA CON TRAUMA AL GINOCCHIO<\/strong><\/p>\n<p><strong>CORTINA<\/strong> Attorno alle 14.20 la Centrale del Suem \u00e8 stata allertata dal compagno di un&#8217;escursionista, che si era fatta male al ginocchio mentre percorreva il sentiero numero 402, che dal Lagazuoi porta al Passo Falzarego. La 57enne di Lodi \u00e8 stata raggiunta da una squadra del Soccorso alpino della Guardia di finanza di Cortina, che l&#8217;ha assistita mentre sopraggiungeva l&#8217;elicottero del Suem di Pieve di Cadore. Imbarellata, la donna \u00e8 stata recuperata con un verricello corto e trasportata all&#8217;ospedale di Belluno.<\/p>\n<p>&nbsp;<\/p>\n<p>&nbsp;<\/p>\n<p>&nbsp;<\/p>\n<p>&nbsp;<\/p>\n<p>&nbsp;<\/p>\n<p>&nbsp;<\/p>\n<p>&nbsp;<\/p>\n<hr \/>\n<p>&nbsp;<\/p>\n","protected":false},"excerpt":{"rendered":"<p>*** REDAZIONE L&#8217;intervento di Falco oggi a mezzogiorno ad Auronzo, sentiero Bonaccorsi dove un cinese di 33 anni \u00e8 stato fatto salire a bordo fino al rifugio Fondasavio dove avr\u00e0 ripreso&#8230; la sua vacanza. Infatti ne \u00e8 uscito illeso. RECUPERATA ESCURSIONISTA CON TRAUMA AL GINOCCHIO CORTINA Attorno alle 14.20 la Centrale del Suem \u00e8 stata&hellip;<\/p>\n","protected":false},"author":4,"featured_media":410719,"comment_status":"closed","ping_status":"closed","sticky":false,"template":"","format":"standard","meta":{"_monsterinsights_skip_tracking":false,"_monsterinsights_sitenote_active":false,"_monsterinsights_sitenote_note":"","_monsterinsights_sitenote_category":0,"footnotes":""},"categories":[51,49],"tags":[],"class_list":["post-410771","post","type-post","status-publish","format-standard","has-post-thumbnail","hentry","category-evidenza-top","category-news-18","category-51","category-49","description-off"],"img_url":"https:\/\/www.radiopiu.net\/wordpress\/wp-content\/uploads\/2024\/09\/IMG-20240923-WA0007-scaled.jpg","_links":{"self":[{"href":"https:\/\/www.radiopiu.net\/wordpress\/wp-json\/wp\/v2\/posts\/410771","targetHints":{"allow":["GET"]}}],"collection":[{"href":"https:\/\/www.radiopiu.net\/wordpress\/wp-json\/wp\/v2\/posts"}],"about":[{"href":"https:\/\/www.radiopiu.net\/wordpress\/wp-json\/wp\/v2\/types\/post"}],"author":[{"embeddable":true,"href":"https:\/\/www.radiopiu.net\/wordpress\/wp-json\/wp\/v2\/users\/4"}],"replies":[{"embeddable":true,"href":"https:\/\/www.radiopiu.net\/wordpress\/wp-json\/wp\/v2\/comments?post=410771"}],"version-history":[{"count":4,"href":"https:\/\/www.radiopiu.net\/wordpress\/wp-json\/wp\/v2\/posts\/410771\/revisions"}],"predecessor-version":[{"id":410777,"href":"https:\/\/www.radiopiu.net\/wordpress\/wp-json\/wp\/v2\/posts\/410771\/revisions\/410777"}],"wp:featuredmedia":[{"embeddable":true,"href":"https:\/\/www.radiopiu.net\/wordpress\/wp-json\/wp\/v2\/media\/410719"}],"wp:attachment":[{"href":"https:\/\/www.radiopiu.net\/wordpress\/wp-json\/wp\/v2\/media?parent=410771"}],"wp:term":[{"taxonomy":"category","embeddable":true,"href":"https:\/\/www.radiopiu.net\/wordpress\/wp-json\/wp\/v2\/categories?post=410771"},{"taxonomy":"post_tag","embeddable":true,"href":"https:\/\/www.radiopiu.net\/wordpress\/wp-json\/wp\/v2\/tags?post=410771"}],"curies":[{"name":"wp","href":"https:\/\/api.w.org\/{rel}","templated":true}]}}