{"id":410796,"date":"2024-09-24T05:14:51","date_gmt":"2024-09-24T03:14:51","guid":{"rendered":"https:\/\/www.radiopiu.net\/wordpress\/?p=410796"},"modified":"2024-09-24T05:37:34","modified_gmt":"2024-09-24T03:37:34","slug":"addio-a-nicola-lenoci-ex-provveditore-di-belluno","status":"publish","type":"post","link":"https:\/\/www.radiopiu.net\/wordpress\/addio-a-nicola-lenoci-ex-provveditore-di-belluno\/","title":{"rendered":"E&#8217; MORTA L&#8217;EX PROVVEDITORE NICOLA LENOCI"},"content":{"rendered":"<p>***<\/p>\n<div class=\"flex-shrink-0 flex flex-col relative items-end\">\n<div>\n<div class=\"pt-0\">\n<div class=\"gizmo-bot-avatar flex h-8 w-8 items-center justify-center overflow-hidden rounded-full\">\n<div class=\"relative p-1 rounded-sm flex items-center justify-center bg-token-main-surface-primary text-token-text-primary h-8 w-8\"><\/div>\n<\/div>\n<\/div>\n<\/div>\n<\/div>\n<div class=\"group\/conversation-turn relative flex w-full min-w-0 flex-col agent-turn\">\n<div class=\"flex-col gap-1 md:gap-3\">\n<div class=\"flex max-w-full flex-col flex-grow\">\n<div class=\"min-h-[20px] text-message flex w-full flex-col items-end gap-2 whitespace-normal break-words [.text-message+&amp;]:mt-5\" dir=\"auto\" data-message-author-role=\"assistant\" data-message-id=\"2f900412-c6eb-473b-a97a-3f0324d4ba79\">\n<div class=\"flex w-full flex-col gap-1 empty:hidden first:pt-[3px]\">\n<div class=\"markdown prose w-full break-words dark:prose-invert dark\">\n<p>&nbsp;<\/p>\n<p><strong><a class=\"dt-pswp-item\" href=\"https:\/\/www.radiopiu.net\/wordpress\/wp-content\/uploads\/2024\/09\/Senza-nome-58.png\" data-dt-img-description=\"\" data-large_image_width=\"260\" data-large_image_height=\"250\"><img loading=\"lazy\" decoding=\"async\" class=\"wp-image-410797 alignleft\" src=\"https:\/\/www.radiopiu.net\/wordpress\/wp-content\/uploads\/2024\/09\/Senza-nome-58.png\" alt=\"\" width=\"149\" height=\"143\" \/><\/a>BELLUNO<\/strong> Nicola Lenoci, ex provveditore dello Studio di Belluno, si \u00e8 spento a 85 anni dopo una lunga malattia. Originario di Canosa di Puglia, Lenoci si trasfer\u00ec a Belluno nel 1992, dove ricopr\u00ec il ruolo di direttore dell\u2019Ufficio scolastico. Oltre alla carriera accademica, fu difensore civico della Provincia e docente di cinema. Lascia la moglie Liana, il figlio Leonardo e i nipoti. I funerali si terranno venerd\u00ec alle 15 presso la chiesa di Cadola.<\/p>\n<\/div>\n<\/div>\n<\/div>\n<\/div>\n<\/div>\n<\/div>\n<p>&nbsp;<\/p>\n<p>&nbsp;<\/p>\n<p>&nbsp;<\/p>\n<p>&nbsp;<\/p>\n<hr \/>\n<p>&nbsp;<\/p>\n","protected":false},"excerpt":{"rendered":"<p>*** &nbsp; BELLUNO Nicola Lenoci, ex provveditore dello Studio di Belluno, si \u00e8 spento a 85 anni dopo una lunga malattia. Originario di Canosa di Puglia, Lenoci si trasfer\u00ec a Belluno nel 1992, dove ricopr\u00ec il ruolo di direttore dell\u2019Ufficio scolastico. Oltre alla carriera accademica, fu difensore civico della Provincia e docente di cinema. Lascia&hellip;<\/p>\n","protected":false},"author":4,"featured_media":410797,"comment_status":"closed","ping_status":"closed","sticky":false,"template":"","format":"standard","meta":{"_monsterinsights_skip_tracking":false,"_monsterinsights_sitenote_active":false,"_monsterinsights_sitenote_note":"","_monsterinsights_sitenote_category":0,"footnotes":""},"categories":[51,49],"tags":[],"class_list":["post-410796","post","type-post","status-publish","format-standard","has-post-thumbnail","hentry","category-evidenza-top","category-news-18","category-51","category-49","description-off"],"img_url":"https:\/\/www.radiopiu.net\/wordpress\/wp-content\/uploads\/2024\/09\/Senza-nome-58.png","_links":{"self":[{"href":"https:\/\/www.radiopiu.net\/wordpress\/wp-json\/wp\/v2\/posts\/410796","targetHints":{"allow":["GET"]}}],"collection":[{"href":"https:\/\/www.radiopiu.net\/wordpress\/wp-json\/wp\/v2\/posts"}],"about":[{"href":"https:\/\/www.radiopiu.net\/wordpress\/wp-json\/wp\/v2\/types\/post"}],"author":[{"embeddable":true,"href":"https:\/\/www.radiopiu.net\/wordpress\/wp-json\/wp\/v2\/users\/4"}],"replies":[{"embeddable":true,"href":"https:\/\/www.radiopiu.net\/wordpress\/wp-json\/wp\/v2\/comments?post=410796"}],"version-history":[{"count":2,"href":"https:\/\/www.radiopiu.net\/wordpress\/wp-json\/wp\/v2\/posts\/410796\/revisions"}],"predecessor-version":[{"id":410811,"href":"https:\/\/www.radiopiu.net\/wordpress\/wp-json\/wp\/v2\/posts\/410796\/revisions\/410811"}],"wp:featuredmedia":[{"embeddable":true,"href":"https:\/\/www.radiopiu.net\/wordpress\/wp-json\/wp\/v2\/media\/410797"}],"wp:attachment":[{"href":"https:\/\/www.radiopiu.net\/wordpress\/wp-json\/wp\/v2\/media?parent=410796"}],"wp:term":[{"taxonomy":"category","embeddable":true,"href":"https:\/\/www.radiopiu.net\/wordpress\/wp-json\/wp\/v2\/categories?post=410796"},{"taxonomy":"post_tag","embeddable":true,"href":"https:\/\/www.radiopiu.net\/wordpress\/wp-json\/wp\/v2\/tags?post=410796"}],"curies":[{"name":"wp","href":"https:\/\/api.w.org\/{rel}","templated":true}]}}