{"id":410826,"date":"2024-09-24T07:55:15","date_gmt":"2024-09-24T05:55:15","guid":{"rendered":"https:\/\/www.radiopiu.net\/wordpress\/?p=410826"},"modified":"2024-09-24T07:59:42","modified_gmt":"2024-09-24T05:59:42","slug":"dal-1983-la-rassegna-stampa-locale-e-su-radio-piu-alle-8-e-cinque-del-mattino-di-mirko-mezzacasa","status":"publish","type":"post","link":"https:\/\/www.radiopiu.net\/wordpress\/dal-1983-la-rassegna-stampa-locale-e-su-radio-piu-alle-8-e-cinque-del-mattino-di-mirko-mezzacasa\/","title":{"rendered":"DAL 1983 LA RASSEGNA STAMPA LOCALE E&#8217; SU RADIO PIU&#8217; ALLE 8 E CINQUE DEL MATTINO di mirko mezzacasa"},"content":{"rendered":"<p>***<\/p>\n<p><iframe loading=\"lazy\" title=\"DAL 1983 LA RASSEGNA STAMPA LOCALE di mirko mezzacasa. L&#039;ORIGINALE\" width=\"1200\" height=\"675\" src=\"https:\/\/www.youtube.com\/embed\/_Rql8peTWS0?feature=oembed\" frameborder=\"0\" allow=\"accelerometer; autoplay; clipboard-write; encrypted-media; gyroscope; picture-in-picture; web-share\" referrerpolicy=\"strict-origin-when-cross-origin\" allowfullscreen><\/iframe><\/p>\n<p>&nbsp;<\/p>\n<p><a class=\"dt-pswp-item\" href=\"https:\/\/www.radiopiu.net\/wordpress\/wp-content\/uploads\/2024\/09\/94df7af5-4676-4fca-af5c-d2b1f34f9efc-1.jpg\" data-dt-img-description=\"\" data-large_image_width=\"1600\" data-large_image_height=\"900\"><img loading=\"lazy\" decoding=\"async\" class=\"size-medium wp-image-410757 alignleft\" src=\"https:\/\/www.radiopiu.net\/wordpress\/wp-content\/uploads\/2024\/09\/94df7af5-4676-4fca-af5c-d2b1f34f9efc-1-300x169.jpg\" alt=\"\" width=\"300\" height=\"169\" srcset=\"https:\/\/www.radiopiu.net\/wordpress\/wp-content\/uploads\/2024\/09\/94df7af5-4676-4fca-af5c-d2b1f34f9efc-1-300x169.jpg 300w, https:\/\/www.radiopiu.net\/wordpress\/wp-content\/uploads\/2024\/09\/94df7af5-4676-4fca-af5c-d2b1f34f9efc-1-1024x576.jpg 1024w, https:\/\/www.radiopiu.net\/wordpress\/wp-content\/uploads\/2024\/09\/94df7af5-4676-4fca-af5c-d2b1f34f9efc-1-768x432.jpg 768w, https:\/\/www.radiopiu.net\/wordpress\/wp-content\/uploads\/2024\/09\/94df7af5-4676-4fca-af5c-d2b1f34f9efc-1-1536x864.jpg 1536w, https:\/\/www.radiopiu.net\/wordpress\/wp-content\/uploads\/2024\/09\/94df7af5-4676-4fca-af5c-d2b1f34f9efc-1.jpg 1600w\" sizes=\"auto, (max-width: 300px) 100vw, 300px\" \/><\/a>\u00a0OGGI ALLA RADIO\u2026. ALLE 4 E ALLE 6 LE NOTIZIE DALL\u2019ITALIA E DAL MONDO 0500 il nuovo programma, l\u2019almanacco della nostra gente con il MUSLA 6.15 PIROLE DE LENGA A CURA DEL MUSLA 7.20 EL BAL DEL FIORI, DETTI E TRADIZIONI DI GIULIANA DA RONCH 8.05 LA RASSEGNA STAMPA LOCALE 8.30 PIU\u2019 SIAMO CON MARINA DONA\u2019 900 il nuovo programma, l\u2019almanacco della nostra gente con il MUSLA 9.10 la musica country di ALEX NASCINBEN 9.40 VIABILITA\u2019 CON BOTOL CAR SERVICE (AGORDO-SEDICO-FELTRE) 1010 MUSLA LE NOVE IN LADIN 10.30 CON ANDREA CALDART E DANIELE GIAFFREDO SPECIALE IO GIOCO (foto) 11.30 SOTTO UN CIELO DI STELLE, ASTROFILIA CON CLAUDIO PRA 13.20 TRA FOGLIE E CASTAGNE, CANTA CON NOI DI E CON MARINA DONA\u2019 12.00 VA TUTTO LISCIO 12.30 GIORNALE RADIO PRINCIPALE 13.10 SPECIALE SE DESMONTEGHEA A FALCADE CON GLI AMICI DELLA VALLE DEL BIOIS 14.00 COLLAGE OPERAZIONE NOSTALGIA, LORIS SCUSSEL 15.00 IL MARTEDI DI LUISA ALCHINI, OSPITE MIRAN BAX MASSIMO ANANIA AUTORE DI ROMANZI DI GRANDE SUCCESSO (foto a destra) 16 IL ROCK DI MARCO COSTANTINI 1645 LE HIT DI MIRCO BENCIVENNI 18.00 PIU\u2019 DANCE LE SELEZIONI CHE FANNO SALTARE DI DJ JACK, JACOPO DEL TEDESCO 19.00 CON ANDREA CALDART E DANIELE GIAFFREDO SPECIALE IO GIOCO<\/p>\n<p><a class=\"dt-pswp-item\" href=\"https:\/\/www.radiopiu.net\/wordpress\/wp-content\/uploads\/2024\/09\/cop1.png\" data-dt-img-description=\"\" data-large_image_width=\"531\" data-large_image_height=\"322\"><img loading=\"lazy\" decoding=\"async\" class=\"size-medium wp-image-410804 alignleft\" src=\"https:\/\/www.radiopiu.net\/wordpress\/wp-content\/uploads\/2024\/09\/cop1-300x182.png\" alt=\"\" width=\"300\" height=\"182\" srcset=\"https:\/\/www.radiopiu.net\/wordpress\/wp-content\/uploads\/2024\/09\/cop1-300x182.png 300w, https:\/\/www.radiopiu.net\/wordpress\/wp-content\/uploads\/2024\/09\/cop1.png 531w\" sizes=\"auto, (max-width: 300px) 100vw, 300px\" \/><\/a>RITROVATA E STA BENE L\u2019ESCURSIONISTA DI PASSO CIBIANA<br \/>\nCIBIANA DI CADORE \u00c8 stata incrociata attorno a mezzogiorno di ieri da una pattuglia della Guardia di finanza la sessantenne di Pordenone, le cui ricerche erano in corso da domenica. I soccorritori l\u2019hanno riconosciuta in cammino sulla strada provinciale che da Cibiana scende verso Venas di Cadore. Dopo averla caricata a bordo, l\u2019hanno accompagnata al campo base al campo sportivo di Vodo di Cadore.<br \/>\nESCURSIONISTA IN DIFFICOLTA\u2019 RECUPERATA DAL SOCCORSO ALPINO<br \/>\nAURONZO DI CADORE Ieri attorno a mezzogiorno e un quarto la Centrale del 118 \u00e8 stata attivata da un turista di Hong Kong, che, percorrendo il Sentiero Bonacossa, era uscito dal tracciato ed era scivolato su un tratto di ghiaia. Impaurito e impossibilitato a muoversi, il 33enne aveva chiesto aiuto. Recuperato con l&#8217;elicottero l\u2019escursionista, illeso, \u00e8 rientrato in autonomia a valle.<\/p>\n<p>AURONZO L\u2019intervento di Falco ieri a mezzogiorno ad Auronzo, sentiero Bonaccorsi dove un cinese di 33 anni \u00e8 stato fatto salire a bordo fino al rifugio Fondasavio dove avr\u00e0 ripreso\u2026 la sua vacanza. Infatti ne \u00e8 uscito illeso.<\/p>\n<p>CORTINA Attorno alle 14.20 la Centrale del Suem \u00e8 stata allertata dal compagno di un\u2019escursionista, che si era fatta male al ginocchio mentre percorreva il sentiero numero 402, che dal Lagazuoi porta al Passo Falzarego. La 57enne di Lodi \u00e8 stata raggiunta da una squadra del Soccorso alpino della Guardia di finanza di Cortina, che l\u2019ha assistita mentre sopraggiungeva l\u2019elicottero del Suem di Pieve di Cadore. Imbarellata, la donna \u00e8 stata recuperata con un verricello corto e trasportata all\u2019ospedale di Belluno<\/p>\n<p><a class=\"dt-pswp-item\" href=\"https:\/\/www.radiopiu.net\/wordpress\/wp-content\/uploads\/2024\/09\/Senza-nome-58.png\" data-dt-img-description=\"\" data-large_image_width=\"260\" data-large_image_height=\"250\"><img loading=\"lazy\" decoding=\"async\" class=\"size-full wp-image-410797 alignleft\" src=\"https:\/\/www.radiopiu.net\/wordpress\/wp-content\/uploads\/2024\/09\/Senza-nome-58.png\" alt=\"\" width=\"260\" height=\"250\" \/><\/a>E&#8217; morto\u00a0 Nicola Lenoci, ex provveditore di Belluno<br \/>\nBELLUNO Nicola Lenoci, ex provveditore dello Studio di Belluno, si \u00e8 spento a 85 anni dopo una lunga malattia. Originario di Canosa di Puglia, Lenoci si trasfer\u00ec a Belluno nel 1992, dove ricopr\u00ec il ruolo di direttore dell\u2019Ufficio scolastico. Oltre alla carriera accademica, fu difensore civico della Provincia e docente di cinema. Lascia la moglie Liana, il figlio Leonardo e i nipoti. I funerali si terranno venerd\u00ec alle 15 presso la chiesa di Cadola.<\/p>\n<p>Addio a Pietro Pollazzon, centenario di Voltago<br \/>\nVOLTAGO Oggi alle 14:30, nella chiesa di Voltago, si terranno i funerali di Pietro Pollazzon, conosciuto come &#8220;Piereto&#8221;, scomparso a 101 anni. Amato dalla comunit\u00e0, l&#8217;anno scorso Voltago celebr\u00f2 il suo centesimo compleanno. Lascia nel dolore la sorella Stella, i nipoti Gino e Luca, i pronipoti e\u00a0 familiari.<\/p>\n<p>Un orso &#8220;goloso&#8221; si rotola nella pastura a Roncon<br \/>\nFONZASO Un orso adulto \u00e8 stato immortalato da fototrappole a Roncon, fra Seren e Fonzaso, mentre si abbuffava di pastura per cinghiali. Dopo aver mangiato, si \u00e8 sdraiato soddisfatto sulla coltre zuccherina. Il plantigrado, documentato durante la notte, non ha mostrato timori, confermando il suo carattere solitario. Il proprietario delle fototrappole ha segnalato l&#8217;evento alle autorit\u00e0 competenti.<\/p>\n<p><a class=\"dt-pswp-item\" href=\"https:\/\/www.radiopiu.net\/wordpress\/wp-content\/uploads\/2024\/03\/LUXOTTICA-PARC.jpg\" data-dt-img-description=\"\" data-large_image_width=\"1600\" data-large_image_height=\"1200\"><img loading=\"lazy\" decoding=\"async\" class=\"size-medium wp-image-380380 alignleft\" src=\"https:\/\/www.radiopiu.net\/wordpress\/wp-content\/uploads\/2024\/03\/LUXOTTICA-PARC-300x225.jpg\" alt=\"\" width=\"300\" height=\"225\" srcset=\"https:\/\/www.radiopiu.net\/wordpress\/wp-content\/uploads\/2024\/03\/LUXOTTICA-PARC-300x225.jpg 300w, https:\/\/www.radiopiu.net\/wordpress\/wp-content\/uploads\/2024\/03\/LUXOTTICA-PARC-1024x768.jpg 1024w, https:\/\/www.radiopiu.net\/wordpress\/wp-content\/uploads\/2024\/03\/LUXOTTICA-PARC-768x576.jpg 768w, https:\/\/www.radiopiu.net\/wordpress\/wp-content\/uploads\/2024\/03\/LUXOTTICA-PARC-1536x1152.jpg 1536w, https:\/\/www.radiopiu.net\/wordpress\/wp-content\/uploads\/2024\/03\/LUXOTTICA-PARC.jpg 1600w\" sizes=\"auto, (max-width: 300px) 100vw, 300px\" \/><\/a>DOLOMITIBUS-LUXOTTICA, ACCORDI NON RISPETTATI, LAVORATORI SUL PIEDE DI GUERRA<br \/>\nAGORDO Non solo problemi con il mondo scolastico, anche quello Luxottca alza il grido\u00a0 ricordando che l&#8217;accordo tra Luxottica e Dolomitibus prevede che i lavoratori viaggino seduti durante il tragitto casa-lavoro, ma ci\u00f2 non avviene sempre. I sindacati si lamentano, ma in Luxottica c&#8217;\u00e8 anche una commissione trasporti dalla quale le maestranze Luxottica si aspettano di essere rappresentati vista la situazione attuale. La carenza di autobus capienti, costringe molti operai a viaggiare in piedi. La soluzione dipende da Dolomitibus, i dirigenti farebbero meglio a risolvere certe situazione visto il monte di denaro che mensilmente entrano nelle casse della societ\u00e0 che vede la partecipazione tra l&#8217;altro della Provincia.\u00a0 Inoltre, si evidenzia la necessit\u00e0 di pi\u00f9 parcheggi e navette per coprire tutti i turni, soprattutto ad Agordo, altro che ponte sul Cordevole e foresteria del Lux.<\/p>\n<p>INAUGURATA LA NUOVA SCUOLA DELL&#8217;INFANZIA DI RASAI A SEREN DEL GRAPPA<br \/>\nSEREN DEL GRAPPA Il Comune di Seren del Grappa ha raggiunto una tappa importante nel suo &#8220;Piano-scuole&#8221; con l&#8217;inaugurazione della nuova Scuola dell&#8217;Infanzia pubblica a Rasai. Alla cerimonia hanno partecipato i trenta piccoli allievi delle nuove sezioni, insieme a rappresentanti delle istituzioni locali come la consigliera provinciale Matilde Vieceli, il dirigente dell\u2019Ufficio scolastico Territoriale di Belluno, Massimiliano Salvador, e il dirigente dell\u2019Istituto Comprensivo di Pedavena, Massimo Aurelio Carrera.<\/p>\n<p>Nuovi fondi per il Palaghiaccio di Feltre<br \/>\nFELTRE Il palaghiaccio di Feltre ha ricevuto 250 mila euro per l&#8217;ampliamento dei servizi e la riqualificazione della palazzina, come parte di un decreto sui contributi per l&#8217;impiantistica sportiva. Con un totale di 1 milione di euro gi\u00e0 disponibile grazie al Fondo Comuni Confinanti, l&#8217;assessore allo Sport Maurizio Zatta spera di ottenere ulteriori finanziamenti per completare il progetto. L&#8217;obiettivo \u00e8 una riqualificazione completa da 2 milioni e 250 mila euro, portando la struttura ai massimi standard. I lavori attuali, inclusa la nuova tettoia e piazzale, termineranno entro novembre.<\/p>\n<p><a class=\"dt-pswp-item\" href=\"https:\/\/www.radiopiu.net\/wordpress\/wp-content\/uploads\/2024\/09\/IMG20210720111121_01-scaled.jpg\" data-dt-img-description=\"\" data-large_image_width=\"2407\" data-large_image_height=\"2560\"><img loading=\"lazy\" decoding=\"async\" class=\"size-medium wp-image-410764 alignleft\" src=\"https:\/\/www.radiopiu.net\/wordpress\/wp-content\/uploads\/2024\/09\/IMG20210720111121_01-282x300.jpg\" alt=\"\" width=\"282\" height=\"300\" srcset=\"https:\/\/www.radiopiu.net\/wordpress\/wp-content\/uploads\/2024\/09\/IMG20210720111121_01-282x300.jpg 282w, https:\/\/www.radiopiu.net\/wordpress\/wp-content\/uploads\/2024\/09\/IMG20210720111121_01-963x1024.jpg 963w, https:\/\/www.radiopiu.net\/wordpress\/wp-content\/uploads\/2024\/09\/IMG20210720111121_01-768x817.jpg 768w, https:\/\/www.radiopiu.net\/wordpress\/wp-content\/uploads\/2024\/09\/IMG20210720111121_01-1444x1536.jpg 1444w, https:\/\/www.radiopiu.net\/wordpress\/wp-content\/uploads\/2024\/09\/IMG20210720111121_01-1926x2048.jpg 1926w\" sizes=\"auto, (max-width: 282px) 100vw, 282px\" \/><\/a>Accessibilit\u00e0 in montagna: nuovi percorsi inclusivi in Valbelluna<br \/>\nBELLUNO Il progetto &#8220;La montagna per tutti&#8221;, promosso dall&#8217;ASD Sport ASSI e ASSI APS Onlus, mira a rendere la montagna accessibile a persone con disabilit\u00e0, famiglie e anziani. Dopo il successo della prima edizione, sono stati mappati 6 nuovi percorsi accessibili nella provincia di Belluno, aggiungendosi ai 14 precedenti. La brochure aggiornata, supportata da Cortina Banca, include dettagli su lunghezza, dislivello e mezzi idonei per ogni itinerario, contribuendo a far scoprire le bellezze della Valbelluna e delle Dolomiti.<\/p>\n<p>LIMANA PAESE DEL MIELE: APERTE LE ISCRIZIONI<br \/>\nLIMANA Il Comune di Limana, Apidolomiti e Pro Loco Limana organizzano la 9\u00aa edizione del Premio &#8220;Limana Paese del Miele&#8221;, un concorso provinciale per selezionare i migliori mieli prodotti e confezionati nella provincia di Belluno. Il concorso \u00e8 riconosciuto ufficialmente dall&#8217;Albo Nazionale degli Esperti in Analisi Sensoriali dei Mieli.<\/p>\n<p>I PORCINI DEL PENSIONATO MARIO DE MARCO<br \/>\nVOLTAGO Da venerd\u00ec scorso Mario De Marco \u00e8 in pensione ed ora ha pi\u00f9 tempo libero per le sue passioni. Oltre ad essere appasionato di fotografia, Mario \u00e8 conosciuto per i suoi porcini che puntualmente trova nei boschi di Voltago. Questa mattina la prima scampagnata e il primo raccolto da pensionato. (FOTO SUL SITO DI RADIOPIU NEL GIORNALE RADIOPIU DI OGGI)<\/p>\n<p>IN GITA CON IL CORO FEMMINILE COL DI LANA<\/p>\n<p>REDAZIONE Il bello di un coro che vanta gi\u00e0 5 lustri di buon canto. Ci sono le serate dedicate alle prove tra castagne e buon vino, panettone a Natale ed anguria d&#8217;estate. Ci sono le serata con il pubblico dove viene capitalizzata la soddisfazione per tante ore di &#8220;allenamento&#8221;. E poi ci sono i momenti di incntro, condivisione e divertimento come le gite un pullman da mattina a sera in compagnia, tra donne che non disdegnano il canto, anzi, quindi divertimento assicurato. Nelle foto PUBBLICATE NEL GIORNALE RADIOPIU DI OGGI SUL SITO WWW.RADIOPIU.NET la gita del\u00a0 Coro Femminile Col di Lana alle Grotte di Oliero, vicino a Bassano del Grappa, l&#8217;occasione\u00a0 per festeggiare\u00a0 25 anni di Coro.<\/p>\n","protected":false},"excerpt":{"rendered":"<p>*** &nbsp; \u00a0OGGI ALLA RADIO\u2026. ALLE 4 E ALLE 6 LE NOTIZIE DALL\u2019ITALIA E DAL MONDO 0500 il nuovo programma, l\u2019almanacco della nostra gente con il MUSLA 6.15 PIROLE DE LENGA A CURA DEL MUSLA 7.20 EL BAL DEL FIORI, DETTI E TRADIZIONI DI GIULIANA DA RONCH 8.05 LA RASSEGNA STAMPA LOCALE 8.30 PIU\u2019 SIAMO&hellip;<\/p>\n","protected":false},"author":4,"featured_media":410804,"comment_status":"closed","ping_status":"closed","sticky":false,"template":"","format":"standard","meta":{"_monsterinsights_skip_tracking":false,"_monsterinsights_sitenote_active":false,"_monsterinsights_sitenote_note":"","_monsterinsights_sitenote_category":0,"footnotes":""},"categories":[51,49,142],"tags":[],"class_list":["post-410826","post","type-post","status-publish","format-standard","has-post-thumbnail","hentry","category-evidenza-top","category-news-18","category-rassegna-stampa","category-51","category-49","category-142","description-off"],"img_url":"https:\/\/www.radiopiu.net\/wordpress\/wp-content\/uploads\/2024\/09\/cop1.png","_links":{"self":[{"href":"https:\/\/www.radiopiu.net\/wordpress\/wp-json\/wp\/v2\/posts\/410826","targetHints":{"allow":["GET"]}}],"collection":[{"href":"https:\/\/www.radiopiu.net\/wordpress\/wp-json\/wp\/v2\/posts"}],"about":[{"href":"https:\/\/www.radiopiu.net\/wordpress\/wp-json\/wp\/v2\/types\/post"}],"author":[{"embeddable":true,"href":"https:\/\/www.radiopiu.net\/wordpress\/wp-json\/wp\/v2\/users\/4"}],"replies":[{"embeddable":true,"href":"https:\/\/www.radiopiu.net\/wordpress\/wp-json\/wp\/v2\/comments?post=410826"}],"version-history":[{"count":2,"href":"https:\/\/www.radiopiu.net\/wordpress\/wp-json\/wp\/v2\/posts\/410826\/revisions"}],"predecessor-version":[{"id":410842,"href":"https:\/\/www.radiopiu.net\/wordpress\/wp-json\/wp\/v2\/posts\/410826\/revisions\/410842"}],"wp:featuredmedia":[{"embeddable":true,"href":"https:\/\/www.radiopiu.net\/wordpress\/wp-json\/wp\/v2\/media\/410804"}],"wp:attachment":[{"href":"https:\/\/www.radiopiu.net\/wordpress\/wp-json\/wp\/v2\/media?parent=410826"}],"wp:term":[{"taxonomy":"category","embeddable":true,"href":"https:\/\/www.radiopiu.net\/wordpress\/wp-json\/wp\/v2\/categories?post=410826"},{"taxonomy":"post_tag","embeddable":true,"href":"https:\/\/www.radiopiu.net\/wordpress\/wp-json\/wp\/v2\/tags?post=410826"}],"curies":[{"name":"wp","href":"https:\/\/api.w.org\/{rel}","templated":true}]}}