{"id":410870,"date":"2024-09-24T09:58:19","date_gmt":"2024-09-24T07:58:19","guid":{"rendered":"https:\/\/www.radiopiu.net\/wordpress\/?p=410870"},"modified":"2024-09-24T09:58:19","modified_gmt":"2024-09-24T07:58:19","slug":"trionfo-a-san-teodoro-enrico-giacomin-campione-italiano-di-nuoto-in-acque-libere","status":"publish","type":"post","link":"https:\/\/www.radiopiu.net\/wordpress\/trionfo-a-san-teodoro-enrico-giacomin-campione-italiano-di-nuoto-in-acque-libere\/","title":{"rendered":"TRIONFO A SAN TEODORO: ENRICO GIACOMIN CAMPIONE ITALIANO DI NUOTO IN ACQUE LIBERE"},"content":{"rendered":"<p>*****<\/p>\n<p>&nbsp;<\/p>\n<p><strong><a class=\"dt-pswp-item\" href=\"https:\/\/www.radiopiu.net\/wordpress\/wp-content\/uploads\/2024\/09\/Giacomin_campione_italiano.jpg\" data-dt-img-description=\"\" data-large_image_width=\"1600\" data-large_image_height=\"1200\"><img loading=\"lazy\" decoding=\"async\" class=\" wp-image-410871 alignleft\" src=\"https:\/\/www.radiopiu.net\/wordpress\/wp-content\/uploads\/2024\/09\/Giacomin_campione_italiano-300x225.jpg\" alt=\"\" width=\"159\" height=\"119\" srcset=\"https:\/\/www.radiopiu.net\/wordpress\/wp-content\/uploads\/2024\/09\/Giacomin_campione_italiano-300x225.jpg 300w, https:\/\/www.radiopiu.net\/wordpress\/wp-content\/uploads\/2024\/09\/Giacomin_campione_italiano-1024x768.jpg 1024w, https:\/\/www.radiopiu.net\/wordpress\/wp-content\/uploads\/2024\/09\/Giacomin_campione_italiano-768x576.jpg 768w, https:\/\/www.radiopiu.net\/wordpress\/wp-content\/uploads\/2024\/09\/Giacomin_campione_italiano-1536x1152.jpg 1536w, https:\/\/www.radiopiu.net\/wordpress\/wp-content\/uploads\/2024\/09\/Giacomin_campione_italiano.jpg 1600w\" sizes=\"auto, (max-width: 159px) 100vw, 159px\" \/><\/a>BELLUNO <\/strong>Sabato a San Teodoro, in provincia di Sassari, si \u00e8 concluso con la finalissima il circuito nazionale di acque libere della FINP (Federazione Italiana Nuoto Paralimpico). In programma, le distanze di 1.500 metri per le classi di disabilit\u00e0 da S3 a S6 e i 3000 metri per le classi da S6 a S10 e da S11 a S14. In questo nobile contesto, la Sportivamente Belluno non solo ha partecipato, ma si \u00e8 tolta un\u2019enorme soddisfazione grazie ad Enrico Giacomin, che si \u00e8 classificato al primo posto e ha ottenuto il titolo di Campione italiano in acque libere 2024. In pi\u00f9, si \u00e8 aggiudicato la vittoria nel circuito di quattro tappe, andate in scene a Riccione, Palermo, Caorle e San Teodoro. \u00ab<em>Una bellissima tappa in un luogo stupendo &#8211; ha affermato Enrico -. Ho cercato di dare il meglio, visto che in questa finale era presente Roberto Pasquini della Lazio Nuoto: un avversario ostico, che in passato mi ha sempre battuto\u00bb. Impeccabile la condotta della sua prova: \u00abHo nuotato per tutta la gara con Giacomo Di Santo della societ\u00e0 \u201cAsd I Ragazzi di Panormus\u201d di Palermo, che ha un passo simile al mio. <a class=\"dt-pswp-item\" href=\"https:\/\/www.radiopiu.net\/wordpress\/wp-content\/uploads\/2024\/09\/Il_primato_di_Giacomin.jpg\" data-dt-img-description=\"\" data-large_image_width=\"1200\" data-large_image_height=\"1189\"><img loading=\"lazy\" decoding=\"async\" class=\" wp-image-410872 alignright\" src=\"https:\/\/www.radiopiu.net\/wordpress\/wp-content\/uploads\/2024\/09\/Il_primato_di_Giacomin-300x297.jpg\" alt=\"\" width=\"174\" height=\"173\" srcset=\"https:\/\/www.radiopiu.net\/wordpress\/wp-content\/uploads\/2024\/09\/Il_primato_di_Giacomin-300x297.jpg 300w, https:\/\/www.radiopiu.net\/wordpress\/wp-content\/uploads\/2024\/09\/Il_primato_di_Giacomin-1024x1015.jpg 1024w, https:\/\/www.radiopiu.net\/wordpress\/wp-content\/uploads\/2024\/09\/Il_primato_di_Giacomin-150x150.jpg 150w, https:\/\/www.radiopiu.net\/wordpress\/wp-content\/uploads\/2024\/09\/Il_primato_di_Giacomin-768x761.jpg 768w, https:\/\/www.radiopiu.net\/wordpress\/wp-content\/uploads\/2024\/09\/Il_primato_di_Giacomin.jpg 1200w\" sizes=\"auto, (max-width: 174px) 100vw, 174px\" \/><\/a>Poi, all\u2019ultima virata, abbiamo accelerato per entrare nell\u2019imbuto di arrivo e sono riuscito a toccare 2 secondi prima di Giacomo, chiudendo in 50\u201936\u201d70: un simile rilevamento cronometrico mi \u00e8 stato sufficiente a superare Pasquini di soli 30 secondi, nella classifica dei tempi ponderati<\/em>\u00bb. Giacomin e la Sportivamente Belluno si tingono di tricolore: \u00ab<em>Sono soddisfatto di un titolo che, in realt\u00e0, ho potuto raggiungere solo perch\u00e9 gli atleti pi\u00f9 giovani, impegnati alle Paralimpiadi, non hanno partecipato, essendosi dedicati prevalentemente alle gare in vasca. Al contrario, io e pochi nuotatori \u201cdi maggior esperienza\u201d preferiamo le acque libere. Ma vedo con piacere che, anche nel mondo paralimpico, questa disciplina sta ricevendo maggior attenzione<\/em>\u00bb.<\/p>\n<p>&nbsp;<\/p>\n<p>&nbsp;<\/p>\n<p>*********<\/p>\n","protected":false},"excerpt":{"rendered":"<p>***** &nbsp; BELLUNO Sabato a San Teodoro, in provincia di Sassari, si \u00e8 concluso con la finalissima il circuito nazionale di acque libere della FINP (Federazione Italiana Nuoto Paralimpico). In programma, le distanze di 1.500 metri per le classi di disabilit\u00e0 da S3 a S6 e i 3000 metri per le classi da S6 a&hellip;<\/p>\n","protected":false},"author":4,"featured_media":410871,"comment_status":"closed","ping_status":"closed","sticky":false,"template":"","format":"standard","meta":{"_monsterinsights_skip_tracking":false,"_monsterinsights_sitenote_active":false,"_monsterinsights_sitenote_note":"","_monsterinsights_sitenote_category":0,"footnotes":""},"categories":[49],"tags":[],"class_list":["post-410870","post","type-post","status-publish","format-standard","has-post-thumbnail","hentry","category-news-18","category-49","description-off"],"img_url":"https:\/\/www.radiopiu.net\/wordpress\/wp-content\/uploads\/2024\/09\/Giacomin_campione_italiano.jpg","_links":{"self":[{"href":"https:\/\/www.radiopiu.net\/wordpress\/wp-json\/wp\/v2\/posts\/410870","targetHints":{"allow":["GET"]}}],"collection":[{"href":"https:\/\/www.radiopiu.net\/wordpress\/wp-json\/wp\/v2\/posts"}],"about":[{"href":"https:\/\/www.radiopiu.net\/wordpress\/wp-json\/wp\/v2\/types\/post"}],"author":[{"embeddable":true,"href":"https:\/\/www.radiopiu.net\/wordpress\/wp-json\/wp\/v2\/users\/4"}],"replies":[{"embeddable":true,"href":"https:\/\/www.radiopiu.net\/wordpress\/wp-json\/wp\/v2\/comments?post=410870"}],"version-history":[{"count":1,"href":"https:\/\/www.radiopiu.net\/wordpress\/wp-json\/wp\/v2\/posts\/410870\/revisions"}],"predecessor-version":[{"id":410873,"href":"https:\/\/www.radiopiu.net\/wordpress\/wp-json\/wp\/v2\/posts\/410870\/revisions\/410873"}],"wp:featuredmedia":[{"embeddable":true,"href":"https:\/\/www.radiopiu.net\/wordpress\/wp-json\/wp\/v2\/media\/410871"}],"wp:attachment":[{"href":"https:\/\/www.radiopiu.net\/wordpress\/wp-json\/wp\/v2\/media?parent=410870"}],"wp:term":[{"taxonomy":"category","embeddable":true,"href":"https:\/\/www.radiopiu.net\/wordpress\/wp-json\/wp\/v2\/categories?post=410870"},{"taxonomy":"post_tag","embeddable":true,"href":"https:\/\/www.radiopiu.net\/wordpress\/wp-json\/wp\/v2\/tags?post=410870"}],"curies":[{"name":"wp","href":"https:\/\/api.w.org\/{rel}","templated":true}]}}