{"id":410899,"date":"2024-09-25T05:36:29","date_gmt":"2024-09-25T03:36:29","guid":{"rendered":"https:\/\/www.radiopiu.net\/wordpress\/?p=410899"},"modified":"2024-09-25T05:53:50","modified_gmt":"2024-09-25T03:53:50","slug":"laste-rock-una-forza-cinquanta-hanno-provato-a-mettere-le-mani-sulla-roccia","status":"publish","type":"post","link":"https:\/\/www.radiopiu.net\/wordpress\/laste-rock-una-forza-cinquanta-hanno-provato-a-mettere-le-mani-sulla-roccia\/","title":{"rendered":"Laste Rock\u00bb una forza: cinquanta hanno provato a mettere le mani sulla roccia"},"content":{"rendered":"<p>***<\/p>\n<p>&nbsp;<\/p>\n<p><b>REDAZIONE\u00a0<\/b> Il 22 settembre, al Sas de Rocia di Laste di Rocca Pietore, la prima edizione di &#8220;Laste Rock&#8221; ha attratto oltre cinquanta iscritti e molti curiosi. Organizzata dai giovani dell\u2019associazione &#8220;Tupaie da Laste&#8221;, l\u2019evento ha mostrato l\u2019interesse per l\u2019arrampicata, con la partecipazione della comunit\u00e0 locale e ospiti illustri come Matteo De Zaiacomo dei Ragni di Lecco. Il Sas de Rocia si \u00e8 confermato un sito di arrampicata eccezionale per appassionati da tutta Europa.<\/p>\n<p><a class=\"dt-pswp-item\" href=\"https:\/\/www.radiopiu.net\/wordpress\/wp-content\/uploads\/2024\/09\/file.jpg\" data-dt-img-description=\"\" data-large_image_width=\"640\" data-large_image_height=\"640\"><img loading=\"lazy\" decoding=\"async\" class=\"wp-image-410900 alignleft\" src=\"https:\/\/www.radiopiu.net\/wordpress\/wp-content\/uploads\/2024\/09\/file-300x300.jpg\" alt=\"\" width=\"82\" height=\"82\" srcset=\"https:\/\/www.radiopiu.net\/wordpress\/wp-content\/uploads\/2024\/09\/file-300x300.jpg 300w, https:\/\/www.radiopiu.net\/wordpress\/wp-content\/uploads\/2024\/09\/file-150x150.jpg 150w, https:\/\/www.radiopiu.net\/wordpress\/wp-content\/uploads\/2024\/09\/file.jpg 640w\" sizes=\"auto, (max-width: 82px) 100vw, 82px\" \/><\/a><strong>DALL&#8217;AMICO DEL POPOLO<\/strong><\/p>\n<p><strong>DI LUIGI GUGLIELMI<\/strong><\/p>\n<p>&nbsp;<\/p>\n<p><strong>ROCCA PIETORE<\/strong> \u00c8 andata benissimo, ottima la prima: avevano ragione, i giovani lastesani appassionati di arrampicata, c\u2019\u00e8 \u201cdomanda\u201d, c\u2019\u00e8 il desiderio di mettere le mani sulla roccia e di provare a salire, anche se non lo si \u00e8 fatto mai, per la prima volta dunque, sotto lo sguardo esperto e sicuro di una guida. E cos\u00ec la prima \u201cgiornata dell\u2019arrampicata\u201d, intitolata \u00abLaste Rock\u00bb e organizzata domenica 22 settembre al Sas de Rocia, Laste di Rocca Pietore, ha richiamato un grande numero di persone e ha anche coinvolto la gente del paese, tutti a Ini\u00e0nter Ciastel\u00e0t, il prato all\u2019ombra del masso colossale <a class=\"dt-pswp-item\" href=\"https:\/\/www.radiopiu.net\/wordpress\/wp-content\/uploads\/2024\/09\/WhatsApp-Image-2024-09-23-at-11.59.26-1-768x1024-1.jpg\" data-dt-img-description=\"\" data-large_image_width=\"768\" data-large_image_height=\"1024\"><img loading=\"lazy\" decoding=\"async\" class=\"size-medium wp-image-410901 alignleft\" src=\"https:\/\/www.radiopiu.net\/wordpress\/wp-content\/uploads\/2024\/09\/WhatsApp-Image-2024-09-23-at-11.59.26-1-768x1024-1-225x300.jpg\" alt=\"\" width=\"225\" height=\"300\" srcset=\"https:\/\/www.radiopiu.net\/wordpress\/wp-content\/uploads\/2024\/09\/WhatsApp-Image-2024-09-23-at-11.59.26-1-768x1024-1-225x300.jpg 225w, https:\/\/www.radiopiu.net\/wordpress\/wp-content\/uploads\/2024\/09\/WhatsApp-Image-2024-09-23-at-11.59.26-1-768x1024-1.jpg 768w\" sizes=\"auto, (max-width: 225px) 100vw, 225px\" \/><\/a>su cui si inerpicano decine di vie di arrampicata, almeno per mangiare insieme la polenta (ha dato una mano anche lo staff del ristorante La Stua sa Laste). Chiamare il Sas de Rocia \u201cpalestra di roccia naturale\u201d \u00e8 davvero riduttivo, per l\u2019enorme variet\u00e0 di vie che offre agli appassionati, per il panorama straordinario, per il contesto bellissimo. Infatti vengono da tutta l\u2019Europa per arrampicare qui. E allora bravi i giovani che \u201cci hanno visto dentro\u201d: si sono dati il nome di \u00abTupaie da Laste\u00bb, la costituzione dell\u2019associazione \u00e8 appena stata formalizzata e loro gi\u00e0 sono attivissimi, con i Giovani Sportivi hanno anche fatto un grande lavoro di pulizia e sistemazione del bivacco su a Pian de le Stele, proprio in cima al masso, dove si arriva con una breve ma gradevolissima ferrata (s\u00ec, al Sass de Rocia c\u2019\u00e8 anche una ferrata, che si percorre in venti minuti). \u00ab\u00c8 stata davvero una super giornata\u00bb racconta Simone De Toni, uno degli organizzatori \u00abpi\u00f9 di cinquanta iscritti e tanti partecipanti extra, tra la curiosit\u00e0 dei locali, anche quella di ex alpinisti della valle\u00bb. Una domenica di fine settembre, quando il grosso dei turisti in valle se n\u2019\u00e8 gi\u00e0 andato, ha mostrato di poter essere viva e vivace pi\u00f9 che mai.<\/p>\n<p>C\u2019\u00e8 una cultura da far nascere, dice Simone. \u00abNoi siamo stati davvero contenti per aver dato il giusto valore al nostro Sas de Rocia, e all\u2019arrampicata in generale, che spesso viene messa in secondo piano. Oltre a noi 14 del gruppo Tupaie, hanno collaborato i Giovani Sportivi di Laste, che ci hanno prestato le griglie e i tavoli, e tanti amici, giovani, che hanno voluto aiutarci. Siamo soddisfatti di aver dato il via a un evento che tanti ci hanno detto avr\u00e0 un lungo futuro\u2026 Speriamo!\u00bb<\/p>\n<p><a class=\"dt-pswp-item\" href=\"https:\/\/www.radiopiu.net\/wordpress\/wp-content\/uploads\/2024\/09\/WhatsApp-Image-2024-09-23-at-11.59.25-6-1024x768-1.jpg\" data-dt-img-description=\"\" data-large_image_width=\"1024\" data-large_image_height=\"768\"><img loading=\"lazy\" decoding=\"async\" class=\"size-medium wp-image-410902 alignright\" src=\"https:\/\/www.radiopiu.net\/wordpress\/wp-content\/uploads\/2024\/09\/WhatsApp-Image-2024-09-23-at-11.59.25-6-1024x768-1-300x225.jpg\" alt=\"\" width=\"300\" height=\"225\" srcset=\"https:\/\/www.radiopiu.net\/wordpress\/wp-content\/uploads\/2024\/09\/WhatsApp-Image-2024-09-23-at-11.59.25-6-1024x768-1-300x225.jpg 300w, https:\/\/www.radiopiu.net\/wordpress\/wp-content\/uploads\/2024\/09\/WhatsApp-Image-2024-09-23-at-11.59.25-6-1024x768-1-768x576.jpg 768w, https:\/\/www.radiopiu.net\/wordpress\/wp-content\/uploads\/2024\/09\/WhatsApp-Image-2024-09-23-at-11.59.25-6-1024x768-1.jpg 1024w\" sizes=\"auto, (max-width: 300px) 100vw, 300px\" \/><\/a>Presente anche un ospite da fuori, un ospite illustre, soddisfatto anche lui: \u00abMatteo De Zaiacomo, presidente dei gruppo Cai Ragni di Lecco, \u00e8 venuto a trovarci a sorpresa ed \u00e8 rimasto entusiasta dell\u2019evento, ci ha promesso che il prossimo anno torner\u00e0 con alcuni componenti del loro famoso gruppo di arrampicata\u00bb. Il Sas de Rocia \u00e8 molto interessante anche dal punto di vista geologico, \u00e8 legato all\u2019origine delle rocce della Marmolada. Com\u2019\u00e8 accaduto per le famosissime Cinque Torri di Cortina, anche il grande blocco del Sas de Rocia \u00e8 \u201cscivolato\u201d sul piano inclinato sottostante fino alla sede attuale, dove l\u2019inclinazione aumenta in direzione del letto del Cordevole: questo ha determinato le profonde spaccature che caratterizzano l\u2019intero blocco (in una di queste, il 29 giugno, \u00e8 scivolata una bambina determinando un impegnativo intervento di soccorso). Il fenomeno si chiama Dgpv e descrive le deformazioni gravitative profonde di versante. \u00abRocia\u00bb non significa roccia ma rocca, \u00abLa Rocia\u00bb infatti \u00e8 il nome locale di Rocca Pietore: sasso della rocca, dunque. Dalle cime del gruppo si traguarda fino al castello di Andraz, in direzione del passo Falzarego: c\u2019\u00e8 memoria di una antica struttura di osservazione che era posta in relazione con il castello, probabilmente in vetta al Sas de la Murada (uno dei massi del gruppo), forse l\u2019originaria Rocca di Pietore.<\/p>\n<p>&nbsp;<\/p>\n<p>&nbsp;<\/p>\n<hr \/>\n<p>&nbsp;<\/p>\n<p>&nbsp;<\/p>\n","protected":false},"excerpt":{"rendered":"<p>*** &nbsp; REDAZIONE\u00a0 Il 22 settembre, al Sas de Rocia di Laste di Rocca Pietore, la prima edizione di &#8220;Laste Rock&#8221; ha attratto oltre cinquanta iscritti e molti curiosi. Organizzata dai giovani dell\u2019associazione &#8220;Tupaie da Laste&#8221;, l\u2019evento ha mostrato l\u2019interesse per l\u2019arrampicata, con la partecipazione della comunit\u00e0 locale e ospiti illustri come Matteo De Zaiacomo&hellip;<\/p>\n","protected":false},"author":4,"featured_media":410903,"comment_status":"closed","ping_status":"closed","sticky":false,"template":"","format":"standard","meta":{"_monsterinsights_skip_tracking":false,"_monsterinsights_sitenote_active":false,"_monsterinsights_sitenote_note":"","_monsterinsights_sitenote_category":0,"footnotes":""},"categories":[51,49],"tags":[],"class_list":["post-410899","post","type-post","status-publish","format-standard","has-post-thumbnail","hentry","category-evidenza-top","category-news-18","category-51","category-49","description-off"],"img_url":"https:\/\/www.radiopiu.net\/wordpress\/wp-content\/uploads\/2024\/09\/tupaie-da-laste-1024x512-1.jpg","_links":{"self":[{"href":"https:\/\/www.radiopiu.net\/wordpress\/wp-json\/wp\/v2\/posts\/410899","targetHints":{"allow":["GET"]}}],"collection":[{"href":"https:\/\/www.radiopiu.net\/wordpress\/wp-json\/wp\/v2\/posts"}],"about":[{"href":"https:\/\/www.radiopiu.net\/wordpress\/wp-json\/wp\/v2\/types\/post"}],"author":[{"embeddable":true,"href":"https:\/\/www.radiopiu.net\/wordpress\/wp-json\/wp\/v2\/users\/4"}],"replies":[{"embeddable":true,"href":"https:\/\/www.radiopiu.net\/wordpress\/wp-json\/wp\/v2\/comments?post=410899"}],"version-history":[{"count":1,"href":"https:\/\/www.radiopiu.net\/wordpress\/wp-json\/wp\/v2\/posts\/410899\/revisions"}],"predecessor-version":[{"id":410904,"href":"https:\/\/www.radiopiu.net\/wordpress\/wp-json\/wp\/v2\/posts\/410899\/revisions\/410904"}],"wp:featuredmedia":[{"embeddable":true,"href":"https:\/\/www.radiopiu.net\/wordpress\/wp-json\/wp\/v2\/media\/410903"}],"wp:attachment":[{"href":"https:\/\/www.radiopiu.net\/wordpress\/wp-json\/wp\/v2\/media?parent=410899"}],"wp:term":[{"taxonomy":"category","embeddable":true,"href":"https:\/\/www.radiopiu.net\/wordpress\/wp-json\/wp\/v2\/categories?post=410899"},{"taxonomy":"post_tag","embeddable":true,"href":"https:\/\/www.radiopiu.net\/wordpress\/wp-json\/wp\/v2\/tags?post=410899"}],"curies":[{"name":"wp","href":"https:\/\/api.w.org\/{rel}","templated":true}]}}