{"id":410932,"date":"2024-09-25T04:53:14","date_gmt":"2024-09-25T02:53:14","guid":{"rendered":"https:\/\/www.radiopiu.net\/wordpress\/?p=410932"},"modified":"2024-09-25T05:54:47","modified_gmt":"2024-09-25T03:54:47","slug":"iniziative-del-gruppo-genitori-adottivi-zero-infinito","status":"publish","type":"post","link":"https:\/\/www.radiopiu.net\/wordpress\/iniziative-del-gruppo-genitori-adottivi-zero-infinito\/","title":{"rendered":"INIZIATIVE DEL  GRUPPO GENITORI ADOTTIVI \u201cZERO-INFINITO\u201d"},"content":{"rendered":"<p>***<\/p>\n<p>&nbsp;<\/p>\n<p><strong><img loading=\"lazy\" decoding=\"async\" class=\"alignleft\" src=\"https:\/\/www.radiopiu.net\/wordpress\/wp-content\/uploads\/2024\/09\/family-6686922_1280.webp\" width=\"293\" height=\"195\" \/>BELLUNO Il gruppo genitori adottivi <\/strong>in collaborazione con l&#8217;<strong>Associazione \u201cBucaneve\u201d<\/strong>, l&#8217;<strong>Associazione \u201cG(h)ita\u201d<\/strong> e l&#8217;<strong>ULSS1 Dolomiti<\/strong>, invita la cittadinanza all&#8217;incontro <strong>IL \u201cPREZZO\u201d DELL\u2019ADOZIONE <\/strong>Uno sguardo tra gli aspetti emotivi e legali dell\u2019Adozione Nazionale e\u00a0 internazionale. <strong>Venerd\u00ec\u00a0 alle <\/strong>\u00a018 in Sala \u201cEliseo Dal Pont-Bianchi\u201d, si discuteranno temi cruciali legati all&#8217;adozione. Gli interventi includeranno:<\/p>\n<ul>\n<li><strong>Il linguaggio dell\u2019adozione in ambito comunitario\/sociale<\/strong><br \/>\nDott.ssa Arianna Medeot, pedagogista, e Dott. Francesco Uva, psicologo (Equipe Adozioni ULSS1)<\/li>\n<li><strong>L\u2019adozione nel territorio bellunese<\/strong><br \/>\nDott.ssa Lisa Dal Bo, psicologa, e Dott.ssa Rosa Ciociano Bottaretto, assistente sociale (Equipe Adozioni Belluno)<\/li>\n<li><strong>L\u2019aspetto legale\/giuridico\/economico<\/strong><br \/>\nAvv. Elisa Tomasella<\/li>\n<li><strong>L\u2019aspetto emotivo del \u201cprezzo da pagare\u201d<\/strong><br \/>\nTestimonianze di famiglie adottive che condivideranno le loro esperienze.<\/li>\n<\/ul>\n<p>La partecipazione \u00e8 gratuita, con un massimo di 80 posti disponibili. L\u2019evento rappresenta un&#8217;opportunit\u00e0 unica per conoscere pi\u00f9 da vicino la realt\u00e0 dell\u2019adozione e il suo impatto emotivo e legale, un tema che coinvolge molte famiglie della provincia di Belluno.<\/p>\n<p>&nbsp;<\/p>\n<p>&nbsp;<\/p>\n<hr \/>\n<p>&nbsp;<\/p>\n","protected":false},"excerpt":{"rendered":"<p>*** &nbsp; BELLUNO Il gruppo genitori adottivi in collaborazione con l&#8217;Associazione \u201cBucaneve\u201d, l&#8217;Associazione \u201cG(h)ita\u201d e l&#8217;ULSS1 Dolomiti, invita la cittadinanza all&#8217;incontro IL \u201cPREZZO\u201d DELL\u2019ADOZIONE Uno sguardo tra gli aspetti emotivi e legali dell\u2019Adozione Nazionale e\u00a0 internazionale. Venerd\u00ec\u00a0 alle \u00a018 in Sala \u201cEliseo Dal Pont-Bianchi\u201d, si discuteranno temi cruciali legati all&#8217;adozione. Gli interventi includeranno: Il linguaggio&hellip;<\/p>\n","protected":false},"author":4,"featured_media":410933,"comment_status":"closed","ping_status":"closed","sticky":false,"template":"","format":"standard","meta":{"_monsterinsights_skip_tracking":false,"_monsterinsights_sitenote_active":false,"_monsterinsights_sitenote_note":"","_monsterinsights_sitenote_category":0,"footnotes":""},"categories":[51,49],"tags":[],"class_list":["post-410932","post","type-post","status-publish","format-standard","has-post-thumbnail","hentry","category-evidenza-top","category-news-18","category-51","category-49","description-off"],"img_url":"https:\/\/www.radiopiu.net\/wordpress\/wp-content\/uploads\/2024\/09\/family-6686922_1280.webp","_links":{"self":[{"href":"https:\/\/www.radiopiu.net\/wordpress\/wp-json\/wp\/v2\/posts\/410932","targetHints":{"allow":["GET"]}}],"collection":[{"href":"https:\/\/www.radiopiu.net\/wordpress\/wp-json\/wp\/v2\/posts"}],"about":[{"href":"https:\/\/www.radiopiu.net\/wordpress\/wp-json\/wp\/v2\/types\/post"}],"author":[{"embeddable":true,"href":"https:\/\/www.radiopiu.net\/wordpress\/wp-json\/wp\/v2\/users\/4"}],"replies":[{"embeddable":true,"href":"https:\/\/www.radiopiu.net\/wordpress\/wp-json\/wp\/v2\/comments?post=410932"}],"version-history":[{"count":1,"href":"https:\/\/www.radiopiu.net\/wordpress\/wp-json\/wp\/v2\/posts\/410932\/revisions"}],"predecessor-version":[{"id":410934,"href":"https:\/\/www.radiopiu.net\/wordpress\/wp-json\/wp\/v2\/posts\/410932\/revisions\/410934"}],"wp:featuredmedia":[{"embeddable":true,"href":"https:\/\/www.radiopiu.net\/wordpress\/wp-json\/wp\/v2\/media\/410933"}],"wp:attachment":[{"href":"https:\/\/www.radiopiu.net\/wordpress\/wp-json\/wp\/v2\/media?parent=410932"}],"wp:term":[{"taxonomy":"category","embeddable":true,"href":"https:\/\/www.radiopiu.net\/wordpress\/wp-json\/wp\/v2\/categories?post=410932"},{"taxonomy":"post_tag","embeddable":true,"href":"https:\/\/www.radiopiu.net\/wordpress\/wp-json\/wp\/v2\/tags?post=410932"}],"curies":[{"name":"wp","href":"https:\/\/api.w.org\/{rel}","templated":true}]}}