{"id":410957,"date":"2024-09-25T07:55:31","date_gmt":"2024-09-25T05:55:31","guid":{"rendered":"https:\/\/www.radiopiu.net\/wordpress\/?p=410957"},"modified":"2024-09-25T08:00:01","modified_gmt":"2024-09-25T06:00:01","slug":"dal-1983-la-rassegna-stampa-locale-di-mirko-mezzacasa-45","status":"publish","type":"post","link":"https:\/\/www.radiopiu.net\/wordpress\/dal-1983-la-rassegna-stampa-locale-di-mirko-mezzacasa-45\/","title":{"rendered":"dal 1983 LA RASSEGNA STAMPA LOCALE di mirko mezzacasa"},"content":{"rendered":"<p>****<\/p>\n<p>&nbsp;<\/p>\n<p><iframe loading=\"lazy\" title=\"DAL 1983 LA RASSEGNA STAMPA LOCALE di mirko mezzacasa. L&#039;ORIGINALE\" width=\"1200\" height=\"675\" src=\"https:\/\/www.youtube.com\/embed\/DrMUcRRfU84?feature=oembed\" frameborder=\"0\" allow=\"accelerometer; autoplay; clipboard-write; encrypted-media; gyroscope; picture-in-picture; web-share\" referrerpolicy=\"strict-origin-when-cross-origin\" allowfullscreen><\/iframe><\/p>\n<p>&nbsp;<\/p>\n<p>&nbsp;<\/p>\n<p>OGGI ALLA RADIO&#8230;. ALLE 4 E ALLE 6 LE NOTIZIE DALL&#8217;ITALIA E DAL MONDO 0500 il nuovo programma, l&#8217;almanacco della nostra gente con il MUSLA\u00a0 6.15 PIROLE DE LENGA A CURA DEL MUSLA 7.20 EL BAL DEL FIORI, DETTI E TRADIZIONI DI GIULIANA DA RONCH 8.05 LA RASSEGNA STAMPA LOCALE 8.30\u00a0PIU&#8217; SIAMO CON MARINA DONA&#8217; \u00a0 900 il nuovo programma, l&#8217;almanacco della nostra gente con il MUSLA . 9.10 CON LIANA CAVALLET LIBER, LA NUOVA STAGIONE\u00a0 (foto)\u00a09.40 VIABILITA&#8217; CON BOTOL CAR SERVICE (AGORDO-SEDICO-FELTRE)\u00a0 1010 CISL LA VOCE PER I LAVORATORI\u00a0 10.30 SE NON LA SMETTI DI MANDO DAL PRESIDE CON LA PROF. MARIA ROSA SALMAZO, 13ESIMA STAGIONE CON IL GRUPPO WALBER \u00a011.30 SOTTO UN CIELO DI STELLA, ASTROFILIA CON CLAUDIO PRA\u00a0 12.00 VA TUTTO LISCIO\u00a0 12.30 GIORNALE RADIO PRINCIPALE 13.10 IO GIOCO CON ANDREA CALDART E DANIELE GIAFFREDO \u00a014.00 LA CLASSIFICA UFFICIALE DI RADIOPIU DI MARCO GAZ \u00a015.00\u00a0 \u00a0PIU MUSICA, LE SELEZIONI DI MARINA RONA&#8217;\u00a0 16 IL ROCK DI MARCO COSTANTINI 1645 LE HIT DI MIRCO BENCIVENNI 18.00 PIU&#8217; DANCE LE SELEZIONI CHE FANNO SALTARE DI DJ JACK, JACOPO DEL TEDESCO<\/p>\n<p>&nbsp;<\/p>\n<p><a class=\"dt-pswp-item\" href=\"https:\/\/www.radiopiu.net\/wordpress\/wp-content\/uploads\/2024\/09\/COP1-1.png\" data-dt-img-description=\"\" data-large_image_width=\"498\" data-large_image_height=\"291\"><img loading=\"lazy\" decoding=\"async\" class=\"size-medium wp-image-410946 alignleft\" src=\"https:\/\/www.radiopiu.net\/wordpress\/wp-content\/uploads\/2024\/09\/COP1-1-300x175.png\" alt=\"\" width=\"300\" height=\"175\" srcset=\"https:\/\/www.radiopiu.net\/wordpress\/wp-content\/uploads\/2024\/09\/COP1-1-300x175.png 300w, https:\/\/www.radiopiu.net\/wordpress\/wp-content\/uploads\/2024\/09\/COP1-1.png 498w\" sizes=\"auto, (max-width: 300px) 100vw, 300px\" \/><\/a>CHIUSURA PER LA STRADA PER PASSO DURAN &#8211; LATO ZOLDO<br \/>\nSP347 PASSO DURAN E CEREDA localit\u00e0 Cordelle. FINO ALL&#8217;11 OTTOBRE esclusi sabato, domeniche e festivi infrasettimanali INTERDIZIONE TOTALE AL TRANSITO DALLE 8 ALLE 17<br \/>\nROCCA PIETORE, ACQUA INQUINATA<\/p>\n<p>ROCCA PIETORE a ROCCA PIETORE in localit\u00e0 SOPRACORDEVOLE, VAL, DAGAI, DAVARE, LE COSTE e RONCH l&#8217;acqua erogata dall&#8217;acquedotto non \u00e8 potabile e non pu\u00f2 essere usata per scopi alimentari. Verr\u00e0 effettuato servizio sostitutivo con cisterna c\/o ex Ufficio Postale.<\/p>\n<p>LAVORI PROGRAMMATI BIM GSP<br \/>\nLIVINALLONGO Domani dalle 8 alle 17 verr\u00e0 sospesa l\u2019erogazione dell\u2019acqua nelle localit\u00e0 Lasta, Federa, Corte e Sief<\/p>\n<p>DOLOMITIBUS NON PASSA GIORNO CHE NON RACCOLGA PESANTI CRITICHE. IERI A PIEDI GLI STUDENTI DI LAMON.<br \/>\nLAMON Con l\u2019inizio dell\u2019anno scolastico, Dolomitibus ha eliminato le corse di ritorno per gli studenti residenti nelle frazioni di Arina, Ronche e Piei. I ragazzi devono percorrere 10 km a piedi per tornare a casa. Tullio Tommasini ha lanciato una petizione, sostenuta dal sindaco Loris Maccagnan, per chiedere il ripristino delle corse, che ha gi\u00e0 raccolto 141 firme.<\/p>\n<p>Riunione dell\u2019Osservatorio Provinciale sugli incidenti stradali legati all\u2019eccesso di velocit\u00e0<br \/>\nBELLUNO si \u00e8 tenuta in Prefettura una riunione dell\u2019Osservatorio provinciale per il monitoraggio degli incidenti stradali dovuti all\u2019eccesso di velocit\u00e0, nell&#8217;ambito della Conferenza permanente. AUTOVELOXC Il Decreto impone 12 mesi per adeguare le postazioni esistenti ai nuovi standard, trascorsi i quali, i dispositivi non conformi dovranno essere rimossi. La Prefettura invier\u00e0 una scheda ai Comuni per aggiornare la situazione delle postazioni attive, in vista di un successivo tavolo tecnico per la verifica e l&#8217;adeguamento anche nella regolamentazione dell\u2019attivit\u00e0 di rilevamento eseguita dagli organi di polizia stradale, al fine di evitare ogni possibile duplicazione o sovrapposizione dei servizi di controllo.<\/p>\n<p><a class=\"dt-pswp-item\" href=\"https:\/\/www.radiopiu.net\/wordpress\/wp-content\/uploads\/2024\/09\/COP3-1.png\" data-dt-img-description=\"\" data-large_image_width=\"361\" data-large_image_height=\"116\"><img loading=\"lazy\" decoding=\"async\" class=\"size-medium wp-image-410948 alignleft\" src=\"https:\/\/www.radiopiu.net\/wordpress\/wp-content\/uploads\/2024\/09\/COP3-1-300x96.png\" alt=\"\" width=\"300\" height=\"96\" srcset=\"https:\/\/www.radiopiu.net\/wordpress\/wp-content\/uploads\/2024\/09\/COP3-1-300x96.png 300w, https:\/\/www.radiopiu.net\/wordpress\/wp-content\/uploads\/2024\/09\/COP3-1.png 361w\" sizes=\"auto, (max-width: 300px) 100vw, 300px\" \/><\/a>TAMPONAMENTO A FELTRE<br \/>\nSANTA GIUSTINA Un 62enne di S.Giustina \u00e8 rimasto ferito lievemente. Due auto si sono scontrate: un Suv si \u00e8 fermato davanti alle strisce pedonali e l&#8217;auto che seguiva l&#8217;ha urtato. Sul posto vigili del fuoco e ambulanza.<\/p>\n<p>IN BICICLETTA A PONTE NELLE ALPI<br \/>\nPONTE NELLE ALPI\u00a0 Un 92enne \u00e8 finito a terra sulla statale 51 di Alemagna, all&#8217;altezza di Cadola I sanitari hanno prestato le prime cure al ferito sul posto, prima di imbarellarlo e trasportarlo al Pronto soccorso di viale Europa. Codice 2 all&#8217;ingresso nel reparto di emergenza, cio\u00e8 traumi di media gravit\u00e0<\/p>\n<p>LUTTO A TISER<br \/>\nGOSALDO Oggi alle 14.30 i funerali di Giuseppe Renon &#8220;Geppe&#8221; nella chiesa parrocchiale di Tiser. Giuseppe uomo innamorato del suo territorio e delle tradizioni ladine lascia la moglie Diana, la sorella Gesuina e i parenti.<\/p>\n<p>LAVORI DI RESTYLING AL DEPURATORE DI MARISIGA<br \/>\nBELLUNO I lavori di potenziamento e adeguamento del depuratore di Marisiga, a Belluno, proseguono secondo programma. Avviati a febbraio e finanziati con 2,9 milioni di euro dal PNRR, l&#8217;intervento punta a migliorare la funzionalit\u00e0 dell&#8217;impianto e aumentarne la capacit\u00e0 depurativa.<\/p>\n<p>Provincia contraria alla diga del Vanoi: dibattito pubblico richiesto nel Bellunese<br \/>\nBELLUNO La Provincia ribadisce la sua opposizione al progetto della diga del Vanoi, ora proposto come bacino di laminazione per la sicurezza idraulica, anzich\u00e9 per scopi irrigui. Il consigliere provinciale Massimo Bortoluzzi ha partecipato all&#8217;ultima tappa del dibattito pubblico, chiedendo di estenderlo con un incontro in presenza nel Bellunese, che subirebbe le conseguenze in caso di danni all&#8217;invaso.<\/p>\n<p><a class=\"dt-pswp-item\" href=\"https:\/\/www.radiopiu.net\/wordpress\/wp-content\/uploads\/2024\/09\/COP4-1.png\" data-dt-img-description=\"\" data-large_image_width=\"266\" data-large_image_height=\"292\"><img loading=\"lazy\" decoding=\"async\" class=\"size-full wp-image-410949 alignleft\" src=\"https:\/\/www.radiopiu.net\/wordpress\/wp-content\/uploads\/2024\/09\/COP4-1.png\" alt=\"\" width=\"266\" height=\"292\" \/><\/a>GIOVANI E FUTURO: UN INCONTRO CON IL PREFETTO PER IL TPL<br \/>\nBELLUNO Domani alle 10 il gruppo Giovani &amp; Futuro terr\u00e0 un incontro con il Prefetto di Belluno per discutere della situazione critica del trasporto pubblico locale, in seguito a numerose segnalazioni di disagi da parte di studenti, lavoratori e utenti.<\/p>\n<p>Diffamazione del medico sul vaccino Covid: due indagati escono dal processo<br \/>\nBELLUNO Due dei dieci indagati per diffamazione nei confronti del pediatra Giangiacomo Nicolini hanno risarcito i danni e sono usciti dal procedimento, \u00a0hanno versato i 2 mila euro di danni richiesti\u00a0. Gli altri sette attendono il giudizio previsto per gennaio.<\/p>\n<p>in libert\u00e0 con obbligo di firma<br \/>\nPONTE NELLE ALPI Il 46enne maghrebino Bounafaa, indagato per circonvenzione d&#8217;incapace per 360 mila euro, \u00e8 stato scarcerato con obbligo di firma a Ponte nelle Alpi. Accusato di aver truffato anziani con problemi psichiatrici, nega le accuse e promette di restituire il denaro, qualora provato.<\/p>\n<p>Cinghiate e aggressione a quattro turisti trevigiani: processo a dicembre<br \/>\nCORTINA A Capodanno di due anni fa, tre romani, tra cui\u00a0 il figlio di un deputato, aggredirono quattro turisti trevigiani in corso Italia, urlando \u00abForza Lazio\u00bb. L&#8217;accusa \u00e8 di lesioni aggravate e danneggiamento. Il processo inizier\u00e0 il 6 dicembre. La difesa chiede il non luogo a procedere.<\/p>\n<p>Lavori per la messa in sicurezza di Le Grave al via entro ottobre<br \/>\nAGORDO\u00a0 Approvato il progetto definitivo per i lavori di messa in sicurezza idrogeologica di Le Grave, ad Agordo. L&#8217;opera, finanziata con 850 mila euro dai fondi Pnrr, dovr\u00e0 concludersi entro giugno 2026. Il vice sindaco Giulio Favretti prevede l&#8217;inizio dei lavori entro ottobre. Il progetto prevede la costruzione di un bacino drenante e la regimazione del canale, per evitare allagamenti di case e capannoni. Dopo la tempesta Vaia, la criticit\u00e0 si \u00e8 aggravata, rendendo l&#8217;intervento urgente.<\/p>\n<p><a class=\"dt-pswp-item\" href=\"https:\/\/www.radiopiu.net\/wordpress\/wp-content\/uploads\/2024\/09\/COP2-1.png\" data-dt-img-description=\"\" data-large_image_width=\"208\" data-large_image_height=\"227\"><img loading=\"lazy\" decoding=\"async\" class=\"size-full wp-image-410947 alignleft\" src=\"https:\/\/www.radiopiu.net\/wordpress\/wp-content\/uploads\/2024\/09\/COP2-1.png\" alt=\"\" width=\"208\" height=\"227\" \/><\/a>BILANCIO IN UTILE PER LONGARONE FIERE<br \/>\nLONGARONE L&#8217;assemblea dei soci di Longarone Fiere Dolomiti ha approvato il bilancio al 30 giugno 2024, che per la prima volta in tre anni chiude in utile. Grazie a una gestione efficace negli ultimi 18 mesi, i ricavi sono aumentati del 10% e i costi sono stati ridotti dello stesso valore.<\/p>\n<p>FELTRE CELEBRA IL 60ESIMO ANNIVERSARIO DALLA MORTE DI TANCREDI PARMEGGIANI<br \/>\nFELTRE Feltre celebra il pittore Tancredi Parmeggiani, originario della citt\u00e0, in occasione del sessantesimo anniversario della sua morte con due incontri alla Galleria &#8220;Rizzarda&#8221;. Il primo appuntamento si terr\u00e0 venerd\u00ec 27 settembre alle 18:00, con interventi del sindaco Viviana Fusaro, del presidente del Consiglio Comunale Ennio Trento e della conservatrice dei Musei Civici, Tiziana Casagrande<\/p>\n<p>Laste Rock\u00bb una forza: cinquanta hanno provato a mettere le mani sulla roccia<br \/>\nREDAZIONE\u00a0 Il 22 settembre, al Sas de Rocia di Laste di Rocca Pietore, la prima edizione di &#8220;Laste Rock&#8221; ha attratto oltre cinquanta iscritti e molti curiosi. Organizzata dai giovani dell\u2019associazione &#8220;Tupaie da Laste&#8221;, l\u2019evento ha mostrato l\u2019interesse per l\u2019arrampicata, con la partecipazione della comunit\u00e0 locale e ospiti illustri come Matteo De Zaiacomo dei Ragni di Lecco. Il Sas de Rocia si \u00e8 confermato un sito di arrampicata eccezionale per appassionati da tutta Europa. SUL SITO DI RADIOPIU NEL GIORNALE RADIOPIU DI OGGI L&#8217;APPROFONDIMENTO DI LUIGI GUGLIELMI<\/p>\n<p>INIZIATIVE DEL GRUPPO GENITORI ADOTTIVI \u201cZERO-INFINITO\u201d<br \/>\nBELLUNO Il gruppo genitori adottivi in collaborazione con l&#8217;Associazione \u201cBucaneve\u201d, l&#8217;Associazione \u201cG(h)ita\u201d e l&#8217;ULSS1 Dolomiti, invita la cittadinanza all&#8217;incontro IL \u201cPREZZO\u201d DELL\u2019ADOZIONE Uno sguardo tra gli aspetti emotivi e legali dell\u2019Adozione Nazionale e\u00a0 internazionale. Venerd\u00ec\u00a0 alle \u00a018 in Sala \u201cEliseo Dal Pont-Bianchi\u201d<\/p>\n<p>&nbsp;<\/p>\n","protected":false},"excerpt":{"rendered":"<p>**** &nbsp; &nbsp; &nbsp; OGGI ALLA RADIO&#8230;. ALLE 4 E ALLE 6 LE NOTIZIE DALL&#8217;ITALIA E DAL MONDO 0500 il nuovo programma, l&#8217;almanacco della nostra gente con il MUSLA\u00a0 6.15 PIROLE DE LENGA A CURA DEL MUSLA 7.20 EL BAL DEL FIORI, DETTI E TRADIZIONI DI GIULIANA DA RONCH 8.05 LA RASSEGNA STAMPA LOCALE 8.30\u00a0PIU&#8217;&hellip;<\/p>\n","protected":false},"author":4,"featured_media":410946,"comment_status":"closed","ping_status":"closed","sticky":false,"template":"","format":"standard","meta":{"_monsterinsights_skip_tracking":false,"_monsterinsights_sitenote_active":false,"_monsterinsights_sitenote_note":"","_monsterinsights_sitenote_category":0,"footnotes":""},"categories":[104,49,142],"tags":[],"class_list":["post-410957","post","type-post","status-publish","format-standard","has-post-thumbnail","hentry","category-evidenza_3","category-news-18","category-rassegna-stampa","category-104","category-49","category-142","description-off"],"img_url":"https:\/\/www.radiopiu.net\/wordpress\/wp-content\/uploads\/2024\/09\/COP1-1.png","_links":{"self":[{"href":"https:\/\/www.radiopiu.net\/wordpress\/wp-json\/wp\/v2\/posts\/410957","targetHints":{"allow":["GET"]}}],"collection":[{"href":"https:\/\/www.radiopiu.net\/wordpress\/wp-json\/wp\/v2\/posts"}],"about":[{"href":"https:\/\/www.radiopiu.net\/wordpress\/wp-json\/wp\/v2\/types\/post"}],"author":[{"embeddable":true,"href":"https:\/\/www.radiopiu.net\/wordpress\/wp-json\/wp\/v2\/users\/4"}],"replies":[{"embeddable":true,"href":"https:\/\/www.radiopiu.net\/wordpress\/wp-json\/wp\/v2\/comments?post=410957"}],"version-history":[{"count":3,"href":"https:\/\/www.radiopiu.net\/wordpress\/wp-json\/wp\/v2\/posts\/410957\/revisions"}],"predecessor-version":[{"id":410966,"href":"https:\/\/www.radiopiu.net\/wordpress\/wp-json\/wp\/v2\/posts\/410957\/revisions\/410966"}],"wp:featuredmedia":[{"embeddable":true,"href":"https:\/\/www.radiopiu.net\/wordpress\/wp-json\/wp\/v2\/media\/410946"}],"wp:attachment":[{"href":"https:\/\/www.radiopiu.net\/wordpress\/wp-json\/wp\/v2\/media?parent=410957"}],"wp:term":[{"taxonomy":"category","embeddable":true,"href":"https:\/\/www.radiopiu.net\/wordpress\/wp-json\/wp\/v2\/categories?post=410957"},{"taxonomy":"post_tag","embeddable":true,"href":"https:\/\/www.radiopiu.net\/wordpress\/wp-json\/wp\/v2\/tags?post=410957"}],"curies":[{"name":"wp","href":"https:\/\/api.w.org\/{rel}","templated":true}]}}