{"id":410973,"date":"2024-09-26T05:48:18","date_gmt":"2024-09-26T03:48:18","guid":{"rendered":"https:\/\/www.radiopiu.net\/wordpress\/?p=410973"},"modified":"2024-09-26T16:58:43","modified_gmt":"2024-09-26T14:58:43","slug":"giornale-radiopiu-26-settembre-2024-direttore-mirko-mezzacasada-41-anni-25-giugno-1983-25-giugno-2024","status":"publish","type":"post","link":"https:\/\/www.radiopiu.net\/wordpress\/giornale-radiopiu-26-settembre-2024-direttore-mirko-mezzacasada-41-anni-25-giugno-1983-25-giugno-2024\/","title":{"rendered":"GIORNALE RADIOPIU 26 SETTEMBRE 2024 DIRETTORE MIRKO MEZZACASA\u2026DA 41 ANNI 25 GIUGNO 1983-25 GIUGNO 2024"},"content":{"rendered":"<pre>**<\/pre>\n<p>&nbsp;<\/p>\n<p>OGGI SUL CORRIERE DELLE ALPI IL CASO DEL GIORNO: sedico madre con la sclerosi sfrattata, appello per fermare la procedura<\/p>\n<p>IL 20 SETTEMBRE SCORSO, TIZIANA BOLOGNANI DAL TG DI ANTENNA 3, CANALE 10 DIGITALE TERRESTRE, OGNI SERA ALLE 19 LE ANTICIPAZIONI ALLA RADIO, TG IN ONDA ALLE 19.30<\/p>\n<h1 class=\"_title post-title entry-title\">SEDICO | SFRATTO IN VISTA PER UNA MAMMA SINGLE E IN DIFFICOLTA\u2019: \u00abNON SO DOVE ANDARE\u00bb<\/h1>\n<p>&nbsp;<\/p>\n<p><iframe loading=\"lazy\" title=\"SFRATTO IN VISTA PER UNA MAMMA SINGLE E IN DIFFICOLTA&#039;: \u00abNON SO DOVE ANDARE\u00bb | 20\/09\/2024\" width=\"1200\" height=\"675\" src=\"https:\/\/www.youtube.com\/embed\/DjMj3qT9seI?feature=oembed\" frameborder=\"0\" allow=\"accelerometer; autoplay; clipboard-write; encrypted-media; gyroscope; picture-in-picture; web-share\" referrerpolicy=\"strict-origin-when-cross-origin\" allowfullscreen><\/iframe><\/p>\n<p>&nbsp;<\/p>\n<p>&nbsp;<\/p>\n<p><em><span style=\"color: #ff0000;\">ATTENZIONE: LA NUOVA APP PER IOS-IPHONE di Nicola Vettorello <\/span><\/em><a href=\"https:\/\/apps.apple.com\/it\/app\/radio-pi%C3%B9-emittente-agordina\/id1515939845\">https:\/\/apps.apple.com\/it\/app\/radio-pi%C3%B9-emittente-agordina\/id1515939845<\/a><\/p>\n<p><em style=\"color: #ff0000;\">ATTENZIONE: LA NUOVA APP RADIO\u00a0 PER ANDROID di Nicola Vettorello<\/em><\/p>\n<p><a href=\"https:\/\/play.google.com\/store\/apps\/details?id=net.radiopiu.iniko\" target=\"_blank\" rel=\"noopener noreferrer\">https:\/\/<\/a><a href=\"https:\/\/play.google.com\/store\/apps\/details?id=net.radiopiu.iniko\" target=\"_blank\" rel=\"noopener noreferrer\">play.google.com\/store\/apps\/details?id=net.radiopiu.iniko\u00a0\u00a0\u00a0<\/a><\/p>\n<p>&nbsp;<\/p>\n<hr \/>\n<p>&nbsp;<\/p>\n<p><strong><a class=\"dt-pswp-item\" href=\"https:\/\/www.radiopiu.net\/wordpress\/wp-content\/uploads\/2024\/09\/ba77198d-48be-4bda-96ba-d8c6a552e7d9.jpg\" data-dt-img-description=\"\" data-large_image_width=\"2048\" data-large_image_height=\"1152\"><img loading=\"lazy\" decoding=\"async\" class=\"size-medium wp-image-411100 alignleft\" src=\"https:\/\/www.radiopiu.net\/wordpress\/wp-content\/uploads\/2024\/09\/ba77198d-48be-4bda-96ba-d8c6a552e7d9-300x169.jpg\" alt=\"\" width=\"300\" height=\"169\" srcset=\"https:\/\/www.radiopiu.net\/wordpress\/wp-content\/uploads\/2024\/09\/ba77198d-48be-4bda-96ba-d8c6a552e7d9-300x169.jpg 300w, https:\/\/www.radiopiu.net\/wordpress\/wp-content\/uploads\/2024\/09\/ba77198d-48be-4bda-96ba-d8c6a552e7d9-1024x576.jpg 1024w, https:\/\/www.radiopiu.net\/wordpress\/wp-content\/uploads\/2024\/09\/ba77198d-48be-4bda-96ba-d8c6a552e7d9-768x432.jpg 768w, https:\/\/www.radiopiu.net\/wordpress\/wp-content\/uploads\/2024\/09\/ba77198d-48be-4bda-96ba-d8c6a552e7d9-1536x864.jpg 1536w, https:\/\/www.radiopiu.net\/wordpress\/wp-content\/uploads\/2024\/09\/ba77198d-48be-4bda-96ba-d8c6a552e7d9.jpg 2048w\" sizes=\"auto, (max-width: 300px) 100vw, 300px\" \/><\/a>OGGI ALLA RADIO&#8230;.<\/strong> <span style=\"color: #ff0000;\">ALLE 4 E ALLE 6<\/span> LE NOTIZIE DALL&#8217;ITALIA E DAL MONDO <span style=\"color: #ff0000;\"> 0500 <span style=\"color: #0000ff;\">\u00a0l&#8217;almanacco della nostra gente con il MUSLA\u00a0<\/span><\/span><span style=\"color: #ff0000;\"> 6.15<\/span> PIROLE DE LENGA A CURA DEL MUSLA<span style=\"color: #ff0000;\"> 7.20<\/span> EL BAL DEL FIORI, DETTI E TRADIZIONI DI GIULIANA DA RONCH <span style=\"color: #ff0000;\">8.05<\/span> LA RASSEGNA STAMPA LOCALE<span style=\"color: #ff0000;\"> 8.30\u00a0<span style=\"color: #000000;\">PIU&#8217; SIAMO CON MARINA DONA&#8217; \u00a0<\/span> 900 <span style=\"color: #0000ff;\">\u00a0l&#8217;almanacco della nostra gente con il MUSLA <span style=\"color: #ff0000;\">. <\/span><\/span><\/span><span style=\"color: #ff0000;\"><span style=\"color: #000000;\"><span style=\"color: #ff0000;\">9.10<\/span> LA MUSICA COUNTRY CON ALEX NASCIMBEN<\/span><\/span><span style=\"color: #ff0000;\"><span style=\"color: #000000;\">\u00a0<\/span><\/span><span style=\"color: #ff0000;\">9.40<\/span> VIABILITA&#8217; CON BOTOL CAR\u00a0 SERVICE (AGORDO-SEDICO-FELTRE)\u00a0\u00a0<span style=\"color: #ff0000;\"><strong>10 10<\/strong><\/span> GABRIELLA, DALLA CAMPANIA ALLA SCUOLA DELL&#8217;INFANZIA DI TAIBON, LA SUA PASSIONE LA POESIA, IN DISTRIBUZIONE IL NUOVO LIBRO (foto)<span style=\"color: #ff0000;\">\u00a0 \u00a010.30 <span style=\"color: #000000;\">\u00a0<\/span><\/span><span style=\"color: #000000;\"> SPI CGIL BELLUNO CON MARIA RITA GENTILIN\u00a0 <\/span><span style=\"color: #ff0000;\">11.30<\/span> SOTTO UN CIELO DI STELLE, ASTROFILIA CON CLAUDIO PRA\u00a0 <span style=\"color: #ff0000;\">12.00<\/span> VA TUTTO LISCIO\u00a0 <span style=\"color: #ff0000;\">12.30<\/span> GIORNALE RADIO PRINCIPALE 13 10 1900 \u00a0LA SECONDA VITA DEL SITO MINERARIO DI VALLE IMPERINA CON GIORDANO SALVATORE<span style=\"color: #ff0000;\"> 13 20 fogli e castagne, le 3 selezione di marina <\/span><span style=\"color: #ff0000;\"><span style=\"color: #000000;\">\u00a0<\/span>\u00a0<\/span><span style=\"color: #ff0000;\">15.00<\/span>\u00a0 \u00a0TIME FOR ME DI MARINA DONA&#8217; OSPITE ANTONIO FIABANE &#8220;oggi qui e domani sopra un palco&#8221; \u00a0<span style=\"color: #ff0000;\">16<\/span> IL ROCK DI MARCO COSTANTINI <span style=\"color: #ff0000;\">1645<\/span> LE HIT DI MIRCO BENCIVENNI <span style=\"color: #ff0000;\">18.00<\/span> PIU&#8217; DANCE LE SELEZIONI CHE FANNO SALTARE DI DJ JACK, JACOPO DEL TEDESCO<\/p>\n<p><strong>rassegna stampa nazionale,<\/strong> ogni giorno alle 5 e alle 6 del mattino<br \/>\ngiornali locali 7 rassegna stampa flash, 8 rassegna stampa, gr flash alle 10 e alle 11, principale 12.30. Informazione pomeriggio alle 15 (speciale) 16, 17, 18. Giornale radio nazionale: ogni ora dalle 5 del mattino, alle 20 della sera.<\/p>\n<p>&nbsp;<\/p>\n<p>&nbsp;<\/p>\n<hr \/>\n<p>&nbsp;<\/p>\n<p>&nbsp;<\/p>\n<div class=\"x11i5rnm xat24cr x1mh8g0r x1vvkbs xtlvy1s x126k92a\">\n<div dir=\"auto\">\n<div dir=\"auto\">\n<p><strong><a class=\"dt-pswp-item\" href=\"https:\/\/www.radiopiu.net\/wordpress\/wp-content\/uploads\/2024\/02\/2d44e751-d8a8-461b-8e22-d8e4e853b032.jpg\" data-dt-img-description=\"\" data-large_image_width=\"1600\" data-large_image_height=\"1200\"><img loading=\"lazy\" decoding=\"async\" class=\"wp-image-373307 alignleft\" src=\"https:\/\/www.radiopiu.net\/wordpress\/wp-content\/uploads\/2024\/02\/2d44e751-d8a8-461b-8e22-d8e4e853b032-300x225.jpg\" alt=\"\" width=\"105\" height=\"79\" srcset=\"https:\/\/www.radiopiu.net\/wordpress\/wp-content\/uploads\/2024\/02\/2d44e751-d8a8-461b-8e22-d8e4e853b032-300x225.jpg 300w, https:\/\/www.radiopiu.net\/wordpress\/wp-content\/uploads\/2024\/02\/2d44e751-d8a8-461b-8e22-d8e4e853b032-1024x768.jpg 1024w, https:\/\/www.radiopiu.net\/wordpress\/wp-content\/uploads\/2024\/02\/2d44e751-d8a8-461b-8e22-d8e4e853b032-768x576.jpg 768w, https:\/\/www.radiopiu.net\/wordpress\/wp-content\/uploads\/2024\/02\/2d44e751-d8a8-461b-8e22-d8e4e853b032-1536x1152.jpg 1536w, https:\/\/www.radiopiu.net\/wordpress\/wp-content\/uploads\/2024\/02\/2d44e751-d8a8-461b-8e22-d8e4e853b032.jpg 1600w\" sizes=\"auto, (max-width: 105px) 100vw, 105px\" \/><\/a>EL BAL DEL FIOR, DI GIULIANA DA RONCH, 26 SETTEMBRE<\/strong><strong>\u00a02024<\/strong><\/p>\n<\/div>\n<\/div>\n<\/div>\n<div class=\"x11i5rnm xat24cr x1mh8g0r x1vvkbs xtlvy1s x126k92a\"><\/div>\n<audio class=\"wp-audio-shortcode\" id=\"audio-410973-1\" preload=\"none\" style=\"width: 100%;\" controls=\"controls\"><source type=\"audio\/mpeg\" src=\"https:\/\/www.radiopiu.net\/wordpress\/wp-content\/uploads\/2024\/09\/GGI-3.mp3?_=1\" \/><a href=\"https:\/\/www.radiopiu.net\/wordpress\/wp-content\/uploads\/2024\/09\/GGI-3.mp3\">https:\/\/www.radiopiu.net\/wordpress\/wp-content\/uploads\/2024\/09\/GGI-3.mp3<\/a><\/audio>\n<p>&nbsp;<\/p>\n<hr \/>\n<p>&nbsp;<\/p>\n<div class=\"x11i5rnm xat24cr x1mh8g0r x1vvkbs xtlvy1s x126k92a\">\n<h1><span style=\"color: #ff0000;\"><a class=\"dt-pswp-item\" href=\"https:\/\/www.radiopiu.net\/wordpress\/wp-content\/uploads\/2024\/06\/th-5.jpg\" data-dt-img-description=\"\" data-large_image_width=\"326\" data-large_image_height=\"180\"><img loading=\"lazy\" decoding=\"async\" class=\"size-medium wp-image-395881 alignleft\" src=\"https:\/\/www.radiopiu.net\/wordpress\/wp-content\/uploads\/2024\/06\/th-5-300x166.jpg\" alt=\"\" width=\"300\" height=\"166\" srcset=\"https:\/\/www.radiopiu.net\/wordpress\/wp-content\/uploads\/2024\/06\/th-5-300x166.jpg 300w, https:\/\/www.radiopiu.net\/wordpress\/wp-content\/uploads\/2024\/06\/th-5.jpg 326w\" sizes=\"auto, (max-width: 300px) 100vw, 300px\" \/><\/a><\/span><\/h1>\n<h1><\/h1>\n<h1><\/h1>\n<h1><span style=\"color: #000000;\">26 SETTEMBRE&#8230; alla radio l&#8217;almanacco\u00a0<\/span><\/h1>\n<audio class=\"wp-audio-shortcode\" id=\"audio-410973-2\" preload=\"none\" style=\"width: 100%;\" controls=\"controls\"><source type=\"audio\/mpeg\" src=\"https:\/\/www.radiopiu.net\/wordpress\/wp-content\/uploads\/2024\/09\/ALMANACCONEW-22.mp3?_=2\" \/><a href=\"https:\/\/www.radiopiu.net\/wordpress\/wp-content\/uploads\/2024\/09\/ALMANACCONEW-22.mp3\">https:\/\/www.radiopiu.net\/wordpress\/wp-content\/uploads\/2024\/09\/ALMANACCONEW-22.mp3<\/a><\/audio>\n<p>&nbsp;<\/p>\n<hr \/>\n<p>&nbsp;<\/p>\n<p>&nbsp;<\/p>\n<blockquote>\n<h1><strong><a class=\"dt-pswp-item\" href=\"https:\/\/www.radiopiu.net\/wordpress\/wp-content\/uploads\/2024\/09\/settembre-2024-calendario-it2.jpg\" data-dt-img-description=\"Optimized by JPEGmini 3.13.0.8 0x813388d2\" data-large_image_width=\"1325\" data-large_image_height=\"1004\"><img loading=\"lazy\" decoding=\"async\" class=\" wp-image-409701 alignleft\" src=\"https:\/\/www.radiopiu.net\/wordpress\/wp-content\/uploads\/2024\/09\/settembre-2024-calendario-it2-300x227.jpg\" alt=\"\" width=\"187\" height=\"142\" srcset=\"https:\/\/www.radiopiu.net\/wordpress\/wp-content\/uploads\/2024\/09\/settembre-2024-calendario-it2-300x227.jpg 300w, https:\/\/www.radiopiu.net\/wordpress\/wp-content\/uploads\/2024\/09\/settembre-2024-calendario-it2-1024x776.jpg 1024w, https:\/\/www.radiopiu.net\/wordpress\/wp-content\/uploads\/2024\/09\/settembre-2024-calendario-it2-768x582.jpg 768w, https:\/\/www.radiopiu.net\/wordpress\/wp-content\/uploads\/2024\/09\/settembre-2024-calendario-it2.jpg 1325w\" sizes=\"auto, (max-width: 187px) 100vw, 187px\" \/><\/a>N di parom &#8211; L Almanach de la nosta jent<\/strong><\/h1>\n<\/blockquote>\n<p>Le voci: Davide Conedera, Agordo, Michela Dell&#8217;Osbel, La Valle Agordina Simone Ganz, Falcade Veronica Lezuo, Colle Santa Lucia. La voce nella sigla \u00e8 di Giorgia Taio<\/p>\n<p><strong>LA PUNTATA DI OGGI, 26\u00a0 SETTEMBRE<\/strong><\/p>\n<audio class=\"wp-audio-shortcode\" id=\"audio-410973-3\" preload=\"none\" style=\"width: 100%;\" controls=\"controls\"><source type=\"audio\/mpeg\" src=\"https:\/\/www.radiopiu.net\/wordpress\/wp-content\/uploads\/2024\/09\/26_setember_Simone.mp3?_=3\" \/><a href=\"https:\/\/www.radiopiu.net\/wordpress\/wp-content\/uploads\/2024\/09\/26_setember_Simone.mp3\">https:\/\/www.radiopiu.net\/wordpress\/wp-content\/uploads\/2024\/09\/26_setember_Simone.mp3<\/a><\/audio>\n<p>&nbsp;<\/p>\n<p>&nbsp;<\/p>\n<p>&nbsp;<\/p>\n<div dir=\"auto\">\n<hr \/>\n<\/div>\n<\/div>\n<blockquote>\n<blockquote>\n<h1><span style=\"color: #ff0000;\">\u00a0<\/span><\/h1>\n<h1><span style=\"color: #ff0000;\">I podcast informativi del mattino &#8211; audio &#8211;\u00a0\u00a0<\/span><\/h1>\n<\/blockquote>\n<p><strong><a class=\"dt-pswp-item\" href=\"https:\/\/www.radiopiu.net\/wordpress\/wp-content\/uploads\/2023\/11\/th-10.jpg\" data-dt-img-description=\"\" data-large_image_width=\"320\" data-large_image_height=\"180\"><img loading=\"lazy\" decoding=\"async\" class=\"wp-image-362866 alignleft\" src=\"https:\/\/www.radiopiu.net\/wordpress\/wp-content\/uploads\/2023\/11\/th-10-300x169.jpg\" alt=\"\" width=\"185\" height=\"104\" srcset=\"https:\/\/www.radiopiu.net\/wordpress\/wp-content\/uploads\/2023\/11\/th-10-300x169.jpg 300w, https:\/\/www.radiopiu.net\/wordpress\/wp-content\/uploads\/2023\/11\/th-10.jpg 320w\" sizes=\"auto, (max-width: 185px) 100vw, 185px\" \/><\/a>LA RASSEGNA STAMPA NAZIONALE ALLA RADIO, OGNI GIORNO ALLE 5 E ALLE 6 DEL MATTINO <span style=\"color: #0000ff;\">viene pubblicata alle 6.00 <span style=\"color: #ff0000;\">DIRETTA RADIO\u00a0 \u00a0\u00a0<\/span><\/span><\/strong><\/p><\/blockquote>\n<p>&nbsp;<\/p>\n<p><strong>NOTIZIE DELLA NOTTE\u00a0 \u00a0 \u00a0<\/strong><\/p>\n<p><strong>Taiwan<\/strong>, 43 jet e 8 navi da guerra cinesi intorno all&#8217;isola <strong>Borsa: a Tokyo<\/strong> in apertura indice Nikkei sopra il 2% <strong>Nyt,<\/strong> il sindaco di New York incriminato <strong>Libano<\/strong> all&#8217;Onu, Israele sta violando la nostra sovranit\u00e0 <strong>Usa-Ue e Paesi arabi<\/strong>, &#8216;cessate il fuoco di 21 giorni in Libano&#8217; <strong>Fmi<\/strong> approva piano di aiuti da 7 miliardi per il Pakistan <strong>Congresso Usa<\/strong> approva provvedimento per evitare lo shutdown <strong>Francia<\/strong> ufficializza proposta, 21 giorni tregua in Libano<\/p>\n<h2>AUDIO dalle 6 del mattino<\/h2>\n<audio class=\"wp-audio-shortcode\" id=\"audio-410973-4\" preload=\"none\" style=\"width: 100%;\" controls=\"controls\"><source type=\"audio\/mpeg\" src=\"https:\/\/www.radiopiu.net\/wordpress\/wp-content\/uploads\/2024\/09\/GIORNALEDELLESEI-19.mp3?_=4\" \/><a href=\"https:\/\/www.radiopiu.net\/wordpress\/wp-content\/uploads\/2024\/09\/GIORNALEDELLESEI-19.mp3\">https:\/\/www.radiopiu.net\/wordpress\/wp-content\/uploads\/2024\/09\/GIORNALEDELLESEI-19.mp3<\/a><\/audio>\n<p>&nbsp;<\/p>\n<p>&nbsp;<\/p>\n<p>&nbsp;<\/p>\n<hr \/>\n<p>&nbsp;<\/p>\n<h1 style=\"text-align: center;\"><span style=\"color: #ff0000;\">I podcast informativi del mattino &#8211; audio &#8211;\u00a0<\/span><\/h1>\n<p><strong><a class=\"dt-pswp-item\" href=\"https:\/\/www.radiopiu.net\/wordpress\/wp-content\/uploads\/2023\/12\/images.png\" data-dt-img-description=\"\" data-large_image_width=\"316\" data-large_image_height=\"160\"><img loading=\"lazy\" decoding=\"async\" class=\"wp-image-367008 alignleft\" src=\"https:\/\/www.radiopiu.net\/wordpress\/wp-content\/uploads\/2023\/12\/images-300x152.png\" alt=\"\" width=\"235\" height=\"119\" srcset=\"https:\/\/www.radiopiu.net\/wordpress\/wp-content\/uploads\/2023\/12\/images-300x152.png 300w, https:\/\/www.radiopiu.net\/wordpress\/wp-content\/uploads\/2023\/12\/images.png 316w\" sizes=\"auto, (max-width: 235px) 100vw, 235px\" \/><\/a>OGNI GIORNO ALLE SETTE DEL MATTINO, LA RASSEGNA STAMPA LOCALE FLASH&#8230; PER CHI VA IN FRETTA. I TITOLI DAI GIORNALI E DAL SITO WWW.RADIOPIU.NET <span style=\"color: #0000ff;\">viene pubblicato alle 7.00<\/span> <span style=\"color: #ff0000;\">DIRETTA RADIO\u00a0<\/span><\/strong><\/p>\n<p><em><span style=\"color: #ff0000;\">per chi va in fretta&#8230; tante notizie in pochi minuti. L&#8217;informazione locale alla radio, ogni ora dalle 7 del mattino alle 19 della sera.<\/span><\/em><\/p>\n<h1>AUDIO dalle 7 del mattino<\/h1>\n<audio class=\"wp-audio-shortcode\" id=\"audio-410973-5\" preload=\"none\" style=\"width: 100%;\" controls=\"controls\"><source type=\"audio\/mpeg\" src=\"https:\/\/www.radiopiu.net\/wordpress\/wp-content\/uploads\/2024\/09\/GF07-16.mp3?_=5\" \/><a href=\"https:\/\/www.radiopiu.net\/wordpress\/wp-content\/uploads\/2024\/09\/GF07-16.mp3\">https:\/\/www.radiopiu.net\/wordpress\/wp-content\/uploads\/2024\/09\/GF07-16.mp3<\/a><\/audio>\n<p>&nbsp;<\/p>\n<p>&nbsp;<\/p>\n<p>&nbsp;<\/p>\n<hr \/>\n<p>&nbsp;<\/p>\n<h1><\/h1>\n<h1 style=\"text-align: center;\"><span style=\"color: #ff0000;\"><a class=\"dt-pswp-item\" href=\"https:\/\/www.radiopiu.net\/wordpress\/wp-content\/uploads\/2022\/01\/026c3f9d-dae9-4040-a3c1-a6530231bcc3.jpg\" data-dt-img-description=\"\" data-large_image_width=\"1152\" data-large_image_height=\"2048\"><img loading=\"lazy\" decoding=\"async\" class=\"wp-image-251839 alignleft\" src=\"https:\/\/www.radiopiu.net\/wordpress\/wp-content\/uploads\/2022\/01\/026c3f9d-dae9-4040-a3c1-a6530231bcc3-169x300.jpg\" alt=\"\" width=\"100\" height=\"177\" srcset=\"https:\/\/www.radiopiu.net\/wordpress\/wp-content\/uploads\/2022\/01\/026c3f9d-dae9-4040-a3c1-a6530231bcc3-169x300.jpg 169w, https:\/\/www.radiopiu.net\/wordpress\/wp-content\/uploads\/2022\/01\/026c3f9d-dae9-4040-a3c1-a6530231bcc3-576x1024.jpg 576w, https:\/\/www.radiopiu.net\/wordpress\/wp-content\/uploads\/2022\/01\/026c3f9d-dae9-4040-a3c1-a6530231bcc3-768x1365.jpg 768w, https:\/\/www.radiopiu.net\/wordpress\/wp-content\/uploads\/2022\/01\/026c3f9d-dae9-4040-a3c1-a6530231bcc3-864x1536.jpg 864w, https:\/\/www.radiopiu.net\/wordpress\/wp-content\/uploads\/2022\/01\/026c3f9d-dae9-4040-a3c1-a6530231bcc3.jpg 1152w\" sizes=\"auto, (max-width: 100px) 100vw, 100px\" \/><\/a>I podcast informativi del mattino &#8211; audio &#8211;\u00a0<\/span><\/h1>\n<blockquote><p><strong>GIORNALE RADIO NAZIONALE, EDIZIONE DELLE SETTE <span style=\"color: #0000ff;\">viene pubblicato alle 7.05 <span style=\"color: #ff0000;\">DIRETTA RADIO\u00a0<\/span><\/span><\/strong><\/p><\/blockquote>\n<p><strong>il giornale radionazionale e&#8217; in onda ogni ora, dalle sette del mattino alle venti della sera\u00a0 \u00a0<\/strong><strong>\u00a0<\/strong><\/p>\n<p>&nbsp;<\/p>\n<p><strong>EUROPA<\/strong> Lupo meno protetto, il via libera dei 27 Ue al cambio dello status S\u00ec del Coreper: &#8220;La tutela passa da rigorosa a semplice&#8221; <strong>SCUOLA<\/strong> Tra il 2023 e il 2024 nelle scuole 69 crolli, mai cos\u00ec tanti da sette anni <strong>SCUOLA<\/strong> Prof torna a scuola dopo 550 giorni di assenza, ma \u00e8 licenziato <strong>ROMA<\/strong> Abusi su una paziente, respinto il patteggiamento per Luca Richeldi <strong>VATICANO<\/strong> Il Papa torna sulla denatalit\u00e0: &#8216;Pochi bambini, bisogna bastonare l&#8217;Italia&#8217;<br \/>\nNUORO Orrore in famiglia, uccide moglie, due figli e un vicino <strong>CAGLIARI<\/strong> A 15 anni accoltella il padre alla gola, arrestato <strong>BOLOGNA<\/strong> Omicidio in zona stazione\u00a0 si cerca l&#8217;aggressore <strong>BOLOGNA<\/strong> Quattordicenne morto a scuola, da tre anni era in lista per un trapianto cardiaco<br \/>\n<strong>ROMA<\/strong> Un laboratorio per giovanissimi transgender all&#8217;Universit\u00e0 Roma Tre, \u00e8 polemica<\/p>\n<p>&nbsp;<\/p>\n<p><span style=\"color: #ff0000;\">EDIZIONE DEL 25 SETTEMBRE, ORE 20<\/span><\/p>\n<audio class=\"wp-audio-shortcode\" id=\"audio-410973-6\" preload=\"none\" style=\"width: 100%;\" controls=\"controls\"><source type=\"audio\/mpeg\" src=\"https:\/\/www.radiopiu.net\/wordpress\/wp-content\/uploads\/2024\/09\/giornale07-22.mp3?_=6\" \/><a href=\"https:\/\/www.radiopiu.net\/wordpress\/wp-content\/uploads\/2024\/09\/giornale07-22.mp3\">https:\/\/www.radiopiu.net\/wordpress\/wp-content\/uploads\/2024\/09\/giornale07-22.mp3<\/a><\/audio>\n<p><span style=\"color: #ff0000;\">GIORNALE RADIO NAZIONALE SPORT, EDIZIONE DEL 25 SETTEMBRE ORE 18<\/span><\/p>\n<audio class=\"wp-audio-shortcode\" id=\"audio-410973-7\" preload=\"none\" style=\"width: 100%;\" controls=\"controls\"><source type=\"audio\/mpeg\" src=\"https:\/\/www.radiopiu.net\/wordpress\/wp-content\/uploads\/2024\/09\/gr-sport.mp3?_=7\" \/><a href=\"https:\/\/www.radiopiu.net\/wordpress\/wp-content\/uploads\/2024\/09\/gr-sport.mp3\">https:\/\/www.radiopiu.net\/wordpress\/wp-content\/uploads\/2024\/09\/gr-sport.mp3<\/a><\/audio>\n<h2><\/h2>\n<h2>AUDIO dalle sette del mattino, ogni ora alla radio giornale radio edizione delle sette<\/h2>\n<audio class=\"wp-audio-shortcode\" id=\"audio-410973-8\" preload=\"none\" style=\"width: 100%;\" controls=\"controls\"><source type=\"audio\/mpeg\" src=\"https:\/\/www.radiopiu.net\/wordpress\/wp-content\/uploads\/2024\/09\/giornale07-23.mp3?_=8\" \/><a href=\"https:\/\/www.radiopiu.net\/wordpress\/wp-content\/uploads\/2024\/09\/giornale07-23.mp3\">https:\/\/www.radiopiu.net\/wordpress\/wp-content\/uploads\/2024\/09\/giornale07-23.mp3<\/a><\/audio>\n<p>&nbsp;<\/p>\n<p>&nbsp;<\/p>\n<p>&nbsp;<\/p>\n<hr \/>\n<p>&nbsp;<\/p>\n<p>&nbsp;<\/p>\n<h1><span style=\"color: #ff0000;\">I podcast informativi del mattino &#8211; video &#8211;\u00a0<\/span><\/h1>\n<h2 style=\"text-align: left;\"><strong>RASSEGNA STAMPA LOCALE, ORE OTTO 05<\/strong><\/h2>\n<h2><strong> <span style=\"color: #0000ff;\">viene\u00a0 <\/span><\/strong><strong><span style=\"color: #0000ff;\">pubblicata alle 8.05 <span style=\"color: #ff0000;\">DIRETTA RADIO\u00a0 \u00a0<\/span><\/span><\/strong><strong>DI MIRKO MEZZACASA<\/strong><\/h2>\n<h2><span style=\"color: #ff0000;\"><strong>VIDEO\u00a0 \u00a0in diretta dalle 8 del mattino\u00a0 \u00a0<\/strong><\/span><\/h2>\n<p>&nbsp;<\/p>\n<p><iframe loading=\"lazy\" title=\"DAL 1983 LA RASSEGNA STAMPA LOCALE di mirko mezzacasa. L&#039;ORIGINALE\" width=\"1200\" height=\"675\" src=\"https:\/\/www.youtube.com\/embed\/_k5o47wv7rw?feature=oembed\" frameborder=\"0\" allow=\"accelerometer; autoplay; clipboard-write; encrypted-media; gyroscope; picture-in-picture; web-share\" referrerpolicy=\"strict-origin-when-cross-origin\" allowfullscreen><\/iframe><\/p>\n<hr \/>\n<p>&nbsp;<\/p>\n<p>&nbsp;<\/p>\n<p><strong><a class=\"dt-pswp-item\" href=\"https:\/\/www.radiopiu.net\/wordpress\/wp-content\/uploads\/2023\/12\/ANTENNA.png\" data-dt-img-description=\"\" data-large_image_width=\"300\" data-large_image_height=\"166\"><img loading=\"lazy\" decoding=\"async\" class=\" wp-image-366306 alignleft\" src=\"https:\/\/www.radiopiu.net\/wordpress\/wp-content\/uploads\/2023\/12\/ANTENNA.png\" alt=\"\" width=\"175\" height=\"97\" \/><\/a>IERI SERA, DAL TG DI ANTENNA 3, ogni sera alle 19 le anticipazioni alla radio, quello che poi seguirete nel TELEGIORNALE BELLUNESE\u00a0 in onda alle 19.30 sul CANALE 10 del digitale terrestre.\u00a0\u00a0<\/strong><\/p>\n<p style=\"text-align: center;\"><span style=\"color: #ff0000;\"><strong>I TITOLI DEL TELEGIORNALE ALLA RADIO, DI TIZIANA BOLOGNANI<\/strong><\/span><\/p>\n<audio class=\"wp-audio-shortcode\" id=\"audio-410973-9\" preload=\"none\" style=\"width: 100%;\" controls=\"controls\"><source type=\"audio\/mpeg\" src=\"https:\/\/www.radiopiu.net\/wordpress\/wp-content\/uploads\/2024\/09\/ANTENNA3-19.mp3?_=9\" \/><a href=\"https:\/\/www.radiopiu.net\/wordpress\/wp-content\/uploads\/2024\/09\/ANTENNA3-19.mp3\">https:\/\/www.radiopiu.net\/wordpress\/wp-content\/uploads\/2024\/09\/ANTENNA3-19.mp3<\/a><\/audio>\n<p>&nbsp;<\/p>\n<p>&nbsp;<\/p>\n<hr \/>\n<p>&nbsp;<\/p>\n<blockquote>\n<h3>CHIUSURA PER LA STRADA PER PASSO DURAN &#8211; LATO ZOLDO<\/h3>\n<\/blockquote>\n<p><strong>SP347 PASSO DURAN E CEREDA<\/strong> localit\u00e0 Cordelle. FINO ALL&#8217;11 OTTOBRE esclusi sabato, domeniche e festivi infrasettimanali INTERDIZIONE TOTALE AL TRANSITO DALLE 8 ALLE 17<\/p>\n<p>&nbsp;<\/p>\n<p>&nbsp;<\/p>\n<hr \/>\n<p>&nbsp;<\/p>\n<blockquote>\n<h3>ROCCA PIETORE, ACQUA INQUINATA<\/h3>\n<\/blockquote>\n<p><strong>ROCCA PIETORE<\/strong> a ROCCA PIETORE in localit\u00e0 SOPRACORDEVOLE, VAL, DAGAI, DAVARE, LE COSTE e RONCH l&#8217;acqua erogata dall&#8217;acquedotto non \u00e8 potabile e non pu\u00f2 essere usata per scopi alimentari. Verr\u00e0 effettuato servizio sostitutivo con cisterna c\/o ex Ufficio Postale.<\/p>\n<p>&nbsp;<\/p>\n<blockquote>\n<h3>LAVORI PROGRAMMATI BIM GSP<\/h3>\n<\/blockquote>\n<p><strong>LIVINALLONGO<\/strong> Oggi dalle 8 alle 17 verr\u00e0 sospesa l\u2019erogazione dell\u2019acqua nelle localit\u00e0 Lasta, Federa, Corte e Sief<\/p>\n<p>&nbsp;<\/p>\n<p>&nbsp;<\/p>\n<hr \/>\n<p>&nbsp;<\/p>\n<blockquote>\n<h3>SCIVOLA MENTRE LAVORA NEL BOSCO<\/h3>\n<\/blockquote>\n<p><strong><a class=\"dt-pswp-item\" href=\"https:\/\/www.radiopiu.net\/wordpress\/wp-content\/uploads\/2024\/09\/SALT.jpeg\" data-dt-img-description=\"\" data-large_image_width=\"1072\" data-large_image_height=\"768\"><img loading=\"lazy\" decoding=\"async\" class=\" wp-image-410721 alignleft\" src=\"https:\/\/www.radiopiu.net\/wordpress\/wp-content\/uploads\/2024\/09\/SALT-300x215.jpeg\" alt=\"\" width=\"193\" height=\"138\" srcset=\"https:\/\/www.radiopiu.net\/wordpress\/wp-content\/uploads\/2024\/09\/SALT-300x215.jpeg 300w, https:\/\/www.radiopiu.net\/wordpress\/wp-content\/uploads\/2024\/09\/SALT-1024x734.jpeg 1024w, https:\/\/www.radiopiu.net\/wordpress\/wp-content\/uploads\/2024\/09\/SALT-768x550.jpeg 768w, https:\/\/www.radiopiu.net\/wordpress\/wp-content\/uploads\/2024\/09\/SALT.jpeg 1072w\" sizes=\"auto, (max-width: 193px) 100vw, 193px\" \/><\/a>SAN TOMASO<\/strong> un uomo \u00e8 scivolato nel greto in secca di un ruscello in localit\u00e0 Vare. Il 65enne del posto stava trasportando legna con una carriola sull\u2019argine tra due strade non distante dall\u2019abitato, quando ha perso l\u2019equilibrio ed \u00e8 caduto riportando escoriazioni, \u00e8 stato raggiunto da una squadra, affiancata dal tecnico di elisoccorso e dall\u2019equipe medica dall\u2019eliambulanza di Pieve di Cadore.<\/p>\n<p>&nbsp;<\/p>\n<p>&nbsp;<\/p>\n<p>&nbsp;<\/p>\n<blockquote>\n<h2>BOSCAIOLO COLPITO DA UNA PIANTA<\/h2>\n<\/blockquote>\n<div><strong>BORGO VALBELLUNA\u00a0<\/strong><\/div>\n<div><img loading=\"lazy\" decoding=\"async\" class=\"alignleft\" src=\"https:\/\/www.radiopiu.net\/wordpress\/wp-content\/uploads\/2020\/07\/bosco-540x302-540x302-1.png\" width=\"238\" height=\"133\" \/><\/div>\n<div dir=\"auto\">Boscaiolo colpito da un grosso ramo durante il taglio di una pianta. A seguito della frustata, il 59enne di Borgo Valbelluna), che si trovava nei boschi di Col Moscher a Lentiai, ha riportato una ferita alla testa e la frattura di una gamba. L&#8217;infortunato \u00e8 stato trasportato all&#8217;ospedale di Belluno.<\/div>\n<div dir=\"auto\"><\/div>\n<div dir=\"auto\"><\/div>\n<p>&nbsp;<\/p>\n<p>&nbsp;<\/p>\n<p>&nbsp;<\/p>\n<hr \/>\n<p>&nbsp;<\/p>\n<blockquote>\n<h3>AUTO IN FIAMME A CHIES D&#8217;ALPAGO<\/h3>\n<\/blockquote>\n<p><strong><a class=\"dt-pswp-item\" href=\"https:\/\/www.radiopiu.net\/wordpress\/wp-content\/uploads\/2024\/09\/ebdd0021-094f-40f8-8565-26b5958d3fd7.jpg\" data-dt-img-description=\"\" data-large_image_width=\"789\" data-large_image_height=\"497\"><img loading=\"lazy\" decoding=\"async\" class=\"size-medium wp-image-411009 alignleft\" src=\"https:\/\/www.radiopiu.net\/wordpress\/wp-content\/uploads\/2024\/09\/ebdd0021-094f-40f8-8565-26b5958d3fd7-300x189.jpg\" alt=\"\" width=\"300\" height=\"189\" srcset=\"https:\/\/www.radiopiu.net\/wordpress\/wp-content\/uploads\/2024\/09\/ebdd0021-094f-40f8-8565-26b5958d3fd7-300x189.jpg 300w, https:\/\/www.radiopiu.net\/wordpress\/wp-content\/uploads\/2024\/09\/ebdd0021-094f-40f8-8565-26b5958d3fd7-768x484.jpg 768w, https:\/\/www.radiopiu.net\/wordpress\/wp-content\/uploads\/2024\/09\/ebdd0021-094f-40f8-8565-26b5958d3fd7.jpg 789w\" sizes=\"auto, (max-width: 300px) 100vw, 300px\" \/><\/a>CHIES D&#8217;ALPAGO<\/strong> Marted\u00ec, alle 19:30, i vigili del fuoco sono intervenuti in via Alessandro Manzoni a Chies d\u2019Alpago per l\u2019incendio di un\u2019auto: nessuna persona \u00e8 rimasta ferita. Durante il tragitto, l\u2019autista si \u00e8 accorto che qualcosa non andava, si \u00e8 fermato ed \u00e8 sceso, mentre l\u2019auto ha preso fuoco. Le squadre dei vigili del fuoco, giunte dal distaccamento locale dell\u2019Alpago e da Belluno, hanno spento l\u2019auto, ormai completamente avvolta dalle fiamme. Le cause, probabilmente di natura elettromeccanica, sono al vaglio delle squadre intervenute.<\/p>\n<p>&nbsp;<\/p>\n<p>&nbsp;<\/p>\n<hr \/>\n<p>&nbsp;<\/p>\n<p><strong>IL LUTTO<\/strong><\/p>\n<p><a class=\"dt-pswp-item\" href=\"https:\/\/www.radiopiu.net\/wordpress\/wp-content\/uploads\/2024\/09\/Senza-nome-62.png\" data-dt-img-description=\"\" data-large_image_width=\"226\" data-large_image_height=\"162\"><img loading=\"lazy\" decoding=\"async\" class=\"wp-image-411094 alignleft\" src=\"https:\/\/www.radiopiu.net\/wordpress\/wp-content\/uploads\/2024\/09\/Senza-nome-62.png\" alt=\"\" width=\"127\" height=\"91\" \/><\/a><strong>BELLUNO<\/strong><\/p>\n<div class=\"flex max-w-full flex-col flex-grow\">\n<div class=\"min-h-[20px] text-message flex w-full flex-col items-end gap-2 whitespace-normal break-words [.text-message+&amp;]:mt-5\" dir=\"auto\" data-message-author-role=\"assistant\" data-message-id=\"90466421-32eb-4aac-bca0-aa402b4616fd\">\n<div class=\"flex w-full flex-col gap-1 empty:hidden first:pt-[3px]\">\n<div class=\"markdown prose w-full break-words dark:prose-invert dark\">\n<p>La parrocchia di Mussoi e la Provincia Veneta dei Frati Minori Cappuccini piangono padre Gianfranco Gino Pistore, scomparso a 86 anni. Figura di riferimento per la parrocchia e la mensa dei poveri, \u00e8 ricordato per la sua mitezza e dolcezza.<\/p>\n<\/div>\n<\/div>\n<\/div>\n<\/div>\n<div class=\"mb-2 flex gap-3 empty:hidden -ml-2\">\n<div class=\"items-center justify-start rounded-xl p-1 flex\">\n<div class=\"flex items-center\">\n<div class=\"flex\"><\/div>\n<div><\/div>\n<div>\n<hr \/>\n<\/div>\n<div><span style=\"color: #ff0000;\">\u00a0<\/span><\/div>\n<div><span style=\"color: #ff0000;\">DAL CORRIERE DELLE ALPI<\/span><br \/>\n<span style=\"color: #ff0000;\">DI GIGI SOSSO LA GIUDIZIARIA<\/span><\/div>\n<div><span style=\"color: #ff0000;\">SINTESI<\/span><\/div>\n<div>\n<blockquote><p><strong>Pacifisti assolti per vilipendio alla bandiera<\/strong><\/p><\/blockquote>\n<p><strong>FELTRE<\/strong> accusati di vilipendio alla bandiera per aver staccato tricolori durante una protesta a Feltre, sono stati assolti dal giudice Domenico Riposati. La Procura aveva chiesto tre mesi di reclusione, ma i difensori hanno dimostrato l&#8217;assenza di intenzionale disprezzo<\/p>\n<div class=\"mb-2 flex gap-3 empty:hidden -ml-2\">\n<div class=\"items-center justify-start rounded-xl p-1 flex\">\n<div class=\"flex items-center\">\n<div class=\"flex items-center pb-0\">\n<blockquote><p><strong>Condannato per porto illegale di coltelli in centro<\/strong><\/p><\/blockquote>\n<p><strong>FELTRE<\/strong>\u00a0 fermato in piazza Isola con coltelli e uno spadino nello zaino, \u00e8 stato condannato a mille euro di ammenda con pena sospesa. Il giudice Domenico Riposati ha respinto la richiesta di assoluzione, riconoscendo la particolare tenuit\u00e0 del fatto.<\/p>\n<p>&nbsp;<\/p>\n<hr \/>\n<p>&nbsp;<\/p>\n<p>&nbsp;<\/p>\n<blockquote><p><strong><img loading=\"lazy\" decoding=\"async\" class=\"alignleft\" src=\"https:\/\/www.radiopiu.net\/wordpress\/wp-content\/uploads\/2022\/12\/232b3d51-0a29-429d-b7f9-43596670b14c.jpg\" width=\"224\" height=\"126\" \/>Il Consiglio Europeo approva la riduzione della protezione del lupo<\/strong><\/p><\/blockquote>\n<p>Il Consiglio Europeo ha approvato l&#8217;abbassamento dello status di protezione del lupo. L\u2019europarlamentare Herbert Dorfmann ha annunciato con soddisfazione l&#8217;inizio della modifica della Convenzione di Berna, che garantir\u00e0 maggiore flessibilit\u00e0 nella gestione del lupo per stati e regioni. Con oltre 20.000 lupi in Europa, Dorfmann e altri europarlamentari hanno spinto per questo cambiamento, sollecitato anche dai crescenti attacchi al bestiame, specialmente nelle regioni alpine. La modifica abbasser\u00e0 il livello di protezione del lupo da &#8220;strettamente protetto&#8221; a &#8220;protetto&#8221;, permettendo misure pi\u00f9 efficaci a tutela degli allevamenti senza compromettere la conservazione della specie.<\/p>\n<\/div>\n<p>L&#8217;EUROPARLAMENTARE DORFMAN<\/p>\n<p><iframe loading=\"lazy\" title=\"Herbert Dorfmann   Votazione riduzione protezione lupo\" width=\"1200\" height=\"675\" src=\"https:\/\/www.youtube.com\/embed\/fBdotjgQ964?feature=oembed\" frameborder=\"0\" allow=\"accelerometer; autoplay; clipboard-write; encrypted-media; gyroscope; picture-in-picture; web-share\" referrerpolicy=\"strict-origin-when-cross-origin\" allowfullscreen><\/iframe><\/p>\n<\/div>\n<\/div>\n<\/div>\n<\/div>\n<div class=\"flex items-center pb-0\">\n<p>&nbsp;<\/p>\n<blockquote>\n<h3>Riduzione di protezione per il lupo, Calligaro: \u00abPrimo passo per tutelare la zootecnia di montagna\u00bb<\/h3>\n<\/blockquote>\n<p><strong>BELLUNO<\/strong> \u00abLa riduzione dello status di protezione del lupo \u00e8 un primo passo fondamentale per salvare, \u00e8 proprio il caso di dirlo, le attivit\u00e0 zootecniche della montagna bellunese. E per consentire agli allevatori, compresi gli hobbisti che tengono pulite le terre alte, di mandare avanti le loro attivit\u00e0 senza dover essere eroi\u00bb. Lo afferma la vice presidente della Provincia di Belluno Silvia Calligaro, delegata all\u2019agricoltura, nella giornata in cui il Consiglio europeo ha dato il via libera all\u2019abbassamento dello status di protezione del lupo. &#8220;Oggi quindi \u00e8 una giornata importante per la montagna bellunese. Un primo piccolo passo a cui potranno seguire iniziative statali a cui il governo nazionale sta gi\u00e0 lavorando\u00bb.<\/p>\n<p>&nbsp;<\/p>\n<blockquote><p><strong>Declassamento lupo, Presidente Ciambetti \u201cIl voto del Consiglio Ue va nella direzione che sostenevamo da tempo. L\u2019impegno ora continua\u201d\u00a0<\/strong><\/p><\/blockquote>\n<p><b>VENEZIA <\/b>\u00a0 \u201cIl voto odierno del Consiglio dell\u2019Unione europea non \u00e8 semplicemente un segnale ma piuttosto una presa di coscienza a livello europeo della necessit\u00e0 di strumenti di gestione efficaci. &#8211; dice il presidente del Consiglio regionale del Veneto Roberto Ciambetti-\u00a0 Abbiamo sempre sostenuto che quello del contenimento del lupo non \u00e8 un tema da affrontare in modo manicheo, con opposizioni di fazioni opposte. E\u2019 necessaria piuttosto una visione di insieme che cerchi di riportare il numero di lupi a livelli sostenibili, tenendo conto delle esigenze dei territori e delle comunit\u00e0 locali, in un bilanciamento rispettoso e intelligente. E\u2019 in questa direzione che, anche personalmente nell\u2019ambito del Comitato delle Regioni, mi sono impegnato affinch\u00e9 si andasse verso una revisione della Convenzione di Berna. Non posso che commentare quindi favorevolmente il voto odierno, che rappresenta un passo importante verso quello che sar\u00e0 il prossimo passaggio in programma a dicembre, quando il segretariato discuter\u00e0 proprio, appunto, della modifica della Convenzione di Berna\u201d.<\/p>\n<p>&nbsp;<\/p>\n<\/div>\n<div><\/div>\n<div><\/div>\n<div><\/div>\n<div><\/div>\n<div><\/div>\n<\/div>\n<\/div>\n<\/div>\n<hr \/>\n<p>&nbsp;<\/p>\n<blockquote>\n<h3>TRASPORTO PUBBLICO LOCALE: LA REGIONE STANZIA QUASI 65 MILIONI DI EURO<\/h3>\n<\/blockquote>\n<p><strong><a class=\"dt-pswp-item\" href=\"https:\/\/www.radiopiu.net\/wordpress\/wp-content\/uploads\/2024\/06\/DolomitiBus_Estate.png\" data-dt-img-description=\"\" data-large_image_width=\"3024\" data-large_image_height=\"1284\"><img loading=\"lazy\" decoding=\"async\" class=\" wp-image-393748 alignleft\" src=\"https:\/\/www.radiopiu.net\/wordpress\/wp-content\/uploads\/2024\/06\/DolomitiBus_Estate-300x127.png\" alt=\"\" width=\"213\" height=\"90\" srcset=\"https:\/\/www.radiopiu.net\/wordpress\/wp-content\/uploads\/2024\/06\/DolomitiBus_Estate-300x127.png 300w, https:\/\/www.radiopiu.net\/wordpress\/wp-content\/uploads\/2024\/06\/DolomitiBus_Estate-1024x435.png 1024w, https:\/\/www.radiopiu.net\/wordpress\/wp-content\/uploads\/2024\/06\/DolomitiBus_Estate-768x326.png 768w, https:\/\/www.radiopiu.net\/wordpress\/wp-content\/uploads\/2024\/06\/DolomitiBus_Estate-1536x652.png 1536w, https:\/\/www.radiopiu.net\/wordpress\/wp-content\/uploads\/2024\/06\/DolomitiBus_Estate-2048x870.png 2048w\" sizes=\"auto, (max-width: 213px) 100vw, 213px\" \/><\/a>VENEZIA<\/strong> La Regione Veneto ha stanziato 64,8 milioni di euro per sostenere il trasporto pubblico locale, anticipando il Fondo Nazionale Trasporti per garantire continuit\u00e0 e qualit\u00e0 dei servizi in un momento di difficolt\u00e0 legato all&#8217;aumento dei costi di carburante ed energia e alla ripresa scolastica. Queste risorse forniranno alle aziende la liquidit\u00e0 necessaria per coprire gli oneri contrattuali con gli enti locali. La delibera regionale prevede che il finanziamento sia suddiviso tra trasporto ferroviario (21,5 milioni) e trasporto automobilistico, tramviario e di navigazione (43,2 milioni), distribuiti tra le varie province venete. 2.179.422,84 alla provincia di Belluno.<\/p>\n<p>&nbsp;<\/p>\n<p>&nbsp;<\/p>\n<hr \/>\n<p>&nbsp;<\/p>\n<blockquote>\n<h3>TRASPORTO SCOLASTICO A PONTE NELLE ALPI: INTERROGAZIONE DELLA MINORANZA<\/h3>\n<\/blockquote>\n<p><strong><a class=\"dt-pswp-item\" href=\"https:\/\/www.radiopiu.net\/wordpress\/wp-content\/uploads\/2024\/04\/Municipio_di_Ponte_nelle_Alpi.jpeg\" data-dt-img-description=\"\" data-large_image_width=\"1335\" data-large_image_height=\"1241\"><img loading=\"lazy\" decoding=\"async\" class=\" wp-image-387170 alignleft\" src=\"https:\/\/www.radiopiu.net\/wordpress\/wp-content\/uploads\/2024\/04\/Municipio_di_Ponte_nelle_Alpi-300x279.jpeg\" alt=\"\" width=\"191\" height=\"178\" srcset=\"https:\/\/www.radiopiu.net\/wordpress\/wp-content\/uploads\/2024\/04\/Municipio_di_Ponte_nelle_Alpi-300x279.jpeg 300w, https:\/\/www.radiopiu.net\/wordpress\/wp-content\/uploads\/2024\/04\/Municipio_di_Ponte_nelle_Alpi-1024x952.jpeg 1024w, https:\/\/www.radiopiu.net\/wordpress\/wp-content\/uploads\/2024\/04\/Municipio_di_Ponte_nelle_Alpi-768x714.jpeg 768w, https:\/\/www.radiopiu.net\/wordpress\/wp-content\/uploads\/2024\/04\/Municipio_di_Ponte_nelle_Alpi.jpeg 1335w\" sizes=\"auto, (max-width: 191px) 100vw, 191px\" \/><\/a>PONTE NELLE ALPI<\/strong> Il gruppo consiliare Fare Comune ha presentato un&#8217;interrogazione urgente riguardante la gestione del trasporto scolastico per l&#8217;anno 2024\/2025, criticando la mancanza di trasparenza da parte dell&#8217;Amministrazione Comunale. Durante il Consiglio Comunale del 18 settembre 2024, la Sindaca Levorato e il Vice Sindaco Levis avevano garantito la risoluzione del problema dell&#8217;affidamento del servizio, ma gli atti successivi hanno rivelato che la procedura \u00e8 stata dichiarata deserta e che le risorse necessarie non erano state stanziate. A questo si aggiungono i disservizi segnalati dai genitori: tempi di percorrenza lunghi e studenti lasciati a piedi. Fare Comune critica l&#8217;omissione di informazioni cruciali e chiede chiarimenti sulla riorganizzazione del servizio e sull&#8217;eventuale impatto economico per le famiglie. Il gruppo ribadisce l&#8217;importanza della trasparenza amministrativa e del diritto allo studio, promettendo di vigilare sulla questione.<\/p>\n<p>&nbsp;<\/p>\n<p>&nbsp;<\/p>\n<hr \/>\n<p>&nbsp;<\/p>\n<blockquote>\n<h2>Vivaio Dolomiti contro il progetto dell&#8217;elettrodotto<\/h2>\n<\/blockquote>\n<p><img loading=\"lazy\" decoding=\"async\" class=\"alignleft\" src=\"https:\/\/www.radiopiu.net\/wordpress\/wp-content\/uploads\/2024\/09\/cfa67931-cf64-425f-b4fc-81f57c7512e8-scaled.jpg\" width=\"195\" height=\"146\" \/><br \/>\n<strong>BELLUNO<\/strong><\/p>\n<div class=\"flex max-w-full flex-col flex-grow\">\n<div class=\"min-h-[20px] text-message flex w-full flex-col items-end gap-2 whitespace-normal break-words [.text-message+&amp;]:mt-5\" dir=\"auto\" data-message-author-role=\"assistant\" data-message-id=\"84dd4c4f-1865-4070-86b6-977a61ccb265\">\n<div class=\"flex w-full flex-col gap-1 empty:hidden first:pt-[3px]\">\n<div class=\"markdown prose w-full break-words dark:prose-invert dark\">\n<p>Gianni Pastella, portavoce di Vivaio Dolomiti, critica il progetto di razionalizzazione dell&#8217;elettrodotto della Media Valle del Piave proposto da Terna. L\u2019associazione chiede l&#8217;uso di tecnologie moderne, come l&#8217;interramento dei cavi, e un percorso alternativo lungo l&#8217;A27, esortando i comuni a prendere una posizione ufficiale.<\/p>\n<p><strong>DI DANIELE DALVIT<\/strong><\/p>\n<audio class=\"wp-audio-shortcode\" id=\"audio-410973-10\" preload=\"none\" style=\"width: 100%;\" controls=\"controls\"><source type=\"audio\/mpeg\" src=\"https:\/\/www.radiopiu.net\/wordpress\/wp-content\/uploads\/2024\/09\/Servizio-Vivaio-Dolomiti-passo-indietro-elettrodotto.mp3?_=10\" \/><a href=\"https:\/\/www.radiopiu.net\/wordpress\/wp-content\/uploads\/2024\/09\/Servizio-Vivaio-Dolomiti-passo-indietro-elettrodotto.mp3\">https:\/\/www.radiopiu.net\/wordpress\/wp-content\/uploads\/2024\/09\/Servizio-Vivaio-Dolomiti-passo-indietro-elettrodotto.mp3<\/a><\/audio>\n<p>&nbsp;<\/p>\n<\/div>\n<\/div>\n<\/div>\n<\/div>\n<p>&nbsp;<\/p>\n<hr \/>\n<p>&nbsp;<\/p>\n<h1 class=\"_title post-title entry-title\"><a class=\"dt-pswp-item\" href=\"https:\/\/www.radiopiu.net\/wordpress\/wp-content\/uploads\/2023\/12\/ANTENNA.png\" data-dt-img-description=\"\" data-large_image_width=\"300\" data-large_image_height=\"166\"><img loading=\"lazy\" decoding=\"async\" class=\"wp-image-366306 alignleft\" src=\"https:\/\/www.radiopiu.net\/wordpress\/wp-content\/uploads\/2023\/12\/ANTENNA.png\" alt=\"\" width=\"193\" height=\"107\" \/><\/a>FONDAZIONE TEATRI, FERIGUTTI LASCIA: \u00abE\u2019 VENUTA MENO LA FIDUCIA DEL SINDACO\u00bb<\/h1>\n<p>(Servizio di\u00a0<a href=\"https:\/\/antennatre.medianordest.it\/redazione\/Tiziana-Bolognani\/\">Tiziana Bolognani<\/a>)<\/p>\n<p>&nbsp;<\/p>\n<p><iframe loading=\"lazy\" title=\"FONDAZIONE TEATRI, FERIGUTTI LASCIA: \u00abE&#039; VENUTA MENO LA FIDUCIA DEL SINDACO\u00bb | 25\/09\/2024\" width=\"1200\" height=\"675\" src=\"https:\/\/www.youtube.com\/embed\/q0zzDosuYKU?feature=oembed\" frameborder=\"0\" allow=\"accelerometer; autoplay; clipboard-write; encrypted-media; gyroscope; picture-in-picture; web-share\" referrerpolicy=\"strict-origin-when-cross-origin\" allowfullscreen><\/iframe><\/p>\n<p>&nbsp;<\/p>\n<hr \/>\n<p>&nbsp;<\/p>\n<blockquote>\n<h3>ASSICURAZIONI ANTI CALAMITA&#8217; NATURALI: I DUBBI DI CONFARTIGIANATO<\/h3>\n<\/blockquote>\n<p><strong><a class=\"dt-pswp-item\" href=\"https:\/\/www.radiopiu.net\/wordpress\/wp-content\/uploads\/2022\/07\/CONFARTIGIANATO.png\" data-dt-img-description=\"\" data-large_image_width=\"1001\" data-large_image_height=\"431\"><img loading=\"lazy\" decoding=\"async\" class=\" wp-image-288229 alignleft\" src=\"https:\/\/www.radiopiu.net\/wordpress\/wp-content\/uploads\/2022\/07\/CONFARTIGIANATO-300x129.png\" alt=\"\" width=\"170\" height=\"73\" srcset=\"https:\/\/www.radiopiu.net\/wordpress\/wp-content\/uploads\/2022\/07\/CONFARTIGIANATO-300x129.png 300w, https:\/\/www.radiopiu.net\/wordpress\/wp-content\/uploads\/2022\/07\/CONFARTIGIANATO-768x331.png 768w, https:\/\/www.radiopiu.net\/wordpress\/wp-content\/uploads\/2022\/07\/CONFARTIGIANATO.png 1001w\" sizes=\"auto, (max-width: 170px) 100vw, 170px\" \/><\/a>BELLUNO<\/strong> Confartigianato Imprese Belluno critica l&#8217;introduzione, dal 1\u00b0 gennaio 2025, dell&#8217;obbligo per le imprese di sottoscrivere una polizza assicurativa contro catastrofi naturali, definendolo un provvedimento inapplicabile e lacunoso. L&#8217;associazione evidenzia l&#8217;assenza di linee guida chiare su premi e danni, lasciando eccessiva libert\u00e0 alle compagnie assicurative. Con l&#8217;aumento degli eventi estremi, le tariffe delle polizze sono in crescita, e Confartigianato richiede un portale per confrontare le offerte, l&#8217;esenzione fiscale sui premi e l&#8217;estensione della copertura a fenomeni climatici frequenti. Sollecita inoltre il Governo a investire nella prevenzione del dissesto idrogeologico e nella sicurezza territoriale tramite il Pnrr.<\/p>\n<p>&nbsp;<\/p>\n<p>&nbsp;<\/p>\n<p>&nbsp;<\/p>\n<hr \/>\n<p>&nbsp;<\/p>\n<blockquote>\n<h3>OPEN WEEK DEDICATO ALLE MALATTIE CARDIOVASCOLARI<\/h3>\n<\/blockquote>\n<p><strong><a class=\"dt-pswp-item\" href=\"https:\/\/www.radiopiu.net\/wordpress\/wp-content\/uploads\/2024\/09\/SCR-20240925-lfhn.jpeg\" data-dt-img-description=\"\" data-large_image_width=\"1184\" data-large_image_height=\"820\"><img loading=\"lazy\" decoding=\"async\" class=\" wp-image-411032 alignleft\" src=\"https:\/\/www.radiopiu.net\/wordpress\/wp-content\/uploads\/2024\/09\/SCR-20240925-lfhn-300x208.jpeg\" alt=\"\" width=\"204\" height=\"142\" srcset=\"https:\/\/www.radiopiu.net\/wordpress\/wp-content\/uploads\/2024\/09\/SCR-20240925-lfhn-300x208.jpeg 300w, https:\/\/www.radiopiu.net\/wordpress\/wp-content\/uploads\/2024\/09\/SCR-20240925-lfhn-1024x709.jpeg 1024w, https:\/\/www.radiopiu.net\/wordpress\/wp-content\/uploads\/2024\/09\/SCR-20240925-lfhn-768x532.jpeg 768w, https:\/\/www.radiopiu.net\/wordpress\/wp-content\/uploads\/2024\/09\/SCR-20240925-lfhn.jpeg 1184w\" sizes=\"auto, (max-width: 204px) 100vw, 204px\" \/><\/a>BELLUNO<\/strong> In occasione della Giornata Mondiale del Cuore, l&#8217;Ulss Dolomiti ha aderito all&#8217;iniziativa della Fondazione Onda, dedicata alla prevenzione cardiovascolare, organizzando incontri aperti al pubblico. Il primo si terr\u00e0 il 30 settembre 2024 a Belluno e sar\u00e0 focalizzato sulla valutazione del rischio cardiovascolare nelle donne, con interventi di esperti su fattori di rischio e attivit\u00e0 fisica. Il secondo appuntamento sar\u00e0 il 1 ottobre 2024 a Feltre, dove si parler\u00e0 di prevenzione e del ruolo dell&#8217;attivit\u00e0 fisica. Le malattie cardiovascolari sono la principale causa di morte in Italia, e l&#8217;iniziativa mira a sensibilizzare soprattutto le donne, spesso meno consapevoli dei rischi rispetto agli uomini, sull&#8217;importanza della prevenzione e diagnosi precoce.<\/p>\n<p>&nbsp;<\/p>\n<hr \/>\n<p>&nbsp;<\/p>\n<blockquote>\n<h3>IL COLONNELLO GUARINO CONSEGNA IL COMANDO PROVINCIALE DELLA GUARDIA DI FINANZA AL COLONNELLO ATZORI<\/h3>\n<\/blockquote>\n<p><strong>BELLUNO<\/strong> Al Comando Provinciale della Guardia di Finanza di Belluno, si \u00e8 tenuta la cerimonia di passaggio di consegne tra il Colonnello Dario Guarino e il Colonnello Roberto Atzori. L&#8217;evento si \u00e8 svolto alla presenza del Comandante Regionale Veneto, Generale di Divisione Riccardo Rapanotti. Il Colonnello Guarino, dopo tre anni al vertice delle Fiamme Gialle bellunesi,\u00a0 prender\u00e0 servizio ad Ancona. Nel suo discorso di commiato, ha ringraziato la cittadinanza e i finanzieri di Belluno per il supporto e l\u2019impegno dimostrato, sottolineando i numerosi successi raggiunti durante il suo comando. Gli subentra il Colonnello Roberto Atzori, 54 anni, laureato in Giurisprudenza, Scienze Politiche e Scienze della Sicurezza economico-finanziaria. Proveniente dal Gruppo di Sesto San Giovanni, Atzori ha ricoperto ruoli di rilievo in diverse regioni italiane. Nel suo discorso di insediamento, ha garantito massimo impegno nel proseguire il lavoro del suo predecessore, collaborando con le istituzioni locali per mantenere alta la tutela della legalit\u00e0 economica sul territorio. Il Generale Rapanotti ha lodato il lavoro del Colonnello Guarino e ha augurato al Colonnello Atzori un futuro di successo alla guida del Comando di Belluno.<br \/>\n<a class=\"dt-pswp-item\" href=\"https:\/\/www.radiopiu.net\/wordpress\/wp-content\/uploads\/2024\/09\/25092024_010932_foto3.jpg\" data-dt-img-description=\"\" data-large_image_width=\"1600\" data-large_image_height=\"1067\"><img loading=\"lazy\" decoding=\"async\" class=\"alignnone size-medium wp-image-411042\" src=\"https:\/\/www.radiopiu.net\/wordpress\/wp-content\/uploads\/2024\/09\/25092024_010932_foto3-300x200.jpg\" alt=\"\" width=\"300\" height=\"200\" srcset=\"https:\/\/www.radiopiu.net\/wordpress\/wp-content\/uploads\/2024\/09\/25092024_010932_foto3-300x200.jpg 300w, https:\/\/www.radiopiu.net\/wordpress\/wp-content\/uploads\/2024\/09\/25092024_010932_foto3-1024x683.jpg 1024w, https:\/\/www.radiopiu.net\/wordpress\/wp-content\/uploads\/2024\/09\/25092024_010932_foto3-768x512.jpg 768w, https:\/\/www.radiopiu.net\/wordpress\/wp-content\/uploads\/2024\/09\/25092024_010932_foto3-1536x1024.jpg 1536w, https:\/\/www.radiopiu.net\/wordpress\/wp-content\/uploads\/2024\/09\/25092024_010932_foto3.jpg 1600w\" sizes=\"auto, (max-width: 300px) 100vw, 300px\" \/><\/a><a class=\"dt-pswp-item\" href=\"https:\/\/www.radiopiu.net\/wordpress\/wp-content\/uploads\/2024\/09\/25092024_011031_foto1.jpg\" data-dt-img-description=\"\" data-large_image_width=\"1408\" data-large_image_height=\"1067\"><img loading=\"lazy\" decoding=\"async\" class=\"alignnone size-medium wp-image-411043\" src=\"https:\/\/www.radiopiu.net\/wordpress\/wp-content\/uploads\/2024\/09\/25092024_011031_foto1-300x227.jpg\" alt=\"\" width=\"300\" height=\"227\" srcset=\"https:\/\/www.radiopiu.net\/wordpress\/wp-content\/uploads\/2024\/09\/25092024_011031_foto1-300x227.jpg 300w, https:\/\/www.radiopiu.net\/wordpress\/wp-content\/uploads\/2024\/09\/25092024_011031_foto1-1024x776.jpg 1024w, https:\/\/www.radiopiu.net\/wordpress\/wp-content\/uploads\/2024\/09\/25092024_011031_foto1-768x582.jpg 768w, https:\/\/www.radiopiu.net\/wordpress\/wp-content\/uploads\/2024\/09\/25092024_011031_foto1.jpg 1408w\" sizes=\"auto, (max-width: 300px) 100vw, 300px\" \/><\/a><\/p>\n<p>&nbsp;<\/p>\n<p>&nbsp;<\/p>\n<hr \/>\n<p>&nbsp;<\/p>\n<blockquote>\n<h2>Tutela dell\u2019habitat fluviale: Provincia e Bacini di Pesca uniti per la fauna ittica<\/h2>\n<\/blockquote>\n<p><strong><a class=\"dt-pswp-item\" href=\"https:\/\/www.radiopiu.net\/wordpress\/wp-content\/uploads\/2024\/04\/Pesca-sul-Piave-Longarone.jpg\" data-dt-img-description=\"\" data-large_image_width=\"1450\" data-large_image_height=\"752\"><img loading=\"lazy\" decoding=\"async\" class=\"size-medium wp-image-383451 alignleft\" src=\"https:\/\/www.radiopiu.net\/wordpress\/wp-content\/uploads\/2024\/04\/Pesca-sul-Piave-Longarone-300x156.jpg\" alt=\"\" width=\"300\" height=\"156\" srcset=\"https:\/\/www.radiopiu.net\/wordpress\/wp-content\/uploads\/2024\/04\/Pesca-sul-Piave-Longarone-300x156.jpg 300w, https:\/\/www.radiopiu.net\/wordpress\/wp-content\/uploads\/2024\/04\/Pesca-sul-Piave-Longarone-1024x531.jpg 1024w, https:\/\/www.radiopiu.net\/wordpress\/wp-content\/uploads\/2024\/04\/Pesca-sul-Piave-Longarone-768x398.jpg 768w, https:\/\/www.radiopiu.net\/wordpress\/wp-content\/uploads\/2024\/04\/Pesca-sul-Piave-Longarone.jpg 1450w\" sizes=\"auto, (max-width: 300px) 100vw, 300px\" \/><\/a>BELLUNO<\/strong> La Provincia e i Bacini di Pesca collaborano per proteggere i corsi d\u2019acqua e la fauna ittica. La vicepresidente Silvia Calligaro ha incontrato i rappresentanti dei Bacini del Cadore per discutere le problematiche comuni. Tre le criticit\u00e0 principali: la laminazione dei laghi, che altera gli habitat ittici; la pulizia degli invasi, che deve rispettare le moderne tecniche ecologiche; e la crescente presenza di cormorani, predatori dei pesci locali. Calligaro ha sottolineato l\u2019importanza della sinergia tra enti per posticipare lo svuotamento dei laghi e salvaguardare il pescaturismo, vitale per il territorio. Proseguiranno incontri con altri Bacini per estendere la collaborazione su tutta la provincia.<\/p>\n<p>ai microfoni di Radio Pi\u00f9\u00a0 la vicepresidente della Provincia Silvia Calligaro<\/p>\n<audio class=\"wp-audio-shortcode\" id=\"audio-410973-11\" preload=\"none\" style=\"width: 100%;\" controls=\"controls\"><source type=\"audio\/mpeg\" src=\"https:\/\/www.radiopiu.net\/wordpress\/wp-content\/uploads\/2024\/09\/silvia-calligaro.mp3?_=11\" \/><a href=\"https:\/\/www.radiopiu.net\/wordpress\/wp-content\/uploads\/2024\/09\/silvia-calligaro.mp3\">https:\/\/www.radiopiu.net\/wordpress\/wp-content\/uploads\/2024\/09\/silvia-calligaro.mp3<\/a><\/audio>\n<p>&nbsp;<\/p>\n<p>&nbsp;<\/p>\n<hr \/>\n<p>&nbsp;<\/p>\n<p>&nbsp;<\/p>\n<blockquote><p><strong><a class=\"dt-pswp-item\" href=\"https:\/\/www.radiopiu.net\/wordpress\/wp-content\/uploads\/2024\/09\/3640c7a4-cf55-43e7-9da4-dfad71008843.jpg\" data-dt-img-description=\"\" data-large_image_width=\"1524\" data-large_image_height=\"1600\"><img loading=\"lazy\" decoding=\"async\" class=\"wp-image-411054 alignleft\" src=\"https:\/\/www.radiopiu.net\/wordpress\/wp-content\/uploads\/2024\/09\/3640c7a4-cf55-43e7-9da4-dfad71008843-286x300.jpg\" alt=\"\" width=\"165\" height=\"173\" srcset=\"https:\/\/www.radiopiu.net\/wordpress\/wp-content\/uploads\/2024\/09\/3640c7a4-cf55-43e7-9da4-dfad71008843-286x300.jpg 286w, https:\/\/www.radiopiu.net\/wordpress\/wp-content\/uploads\/2024\/09\/3640c7a4-cf55-43e7-9da4-dfad71008843-975x1024.jpg 975w, https:\/\/www.radiopiu.net\/wordpress\/wp-content\/uploads\/2024\/09\/3640c7a4-cf55-43e7-9da4-dfad71008843-768x806.jpg 768w, https:\/\/www.radiopiu.net\/wordpress\/wp-content\/uploads\/2024\/09\/3640c7a4-cf55-43e7-9da4-dfad71008843-1463x1536.jpg 1463w, https:\/\/www.radiopiu.net\/wordpress\/wp-content\/uploads\/2024\/09\/3640c7a4-cf55-43e7-9da4-dfad71008843.jpg 1524w\" sizes=\"auto, (max-width: 165px) 100vw, 165px\" \/><\/a>Assemblea Annuale dell&#8217;Associazione Citt\u00e0 Alpina dell&#8217;Anno<\/strong><\/p><\/blockquote>\n<p>&nbsp;<\/p>\n<p><strong>BELLUNO<\/strong>\u00a0 All&#8217;Assemblea Annuale dell&#8217;Associazione Citt\u00e0 Alpina dell&#8217;Anno presente anche Belluno, con un focus sul futuro del turismo nelle Alpi. L\u2019assessore Paolo Luciani ha evidenziato l&#8217;importanza di affrontare temi come la destagionalizzazione e il turismo accessibile, questioni rilevanti per il Nevegal.<\/p>\n<p><strong>AI MICROFONI DI RADIO PIU, L&#8217;ASSESSORE PAOLO LUCIANI<\/strong><\/p>\n<div class=\"mb-2 flex gap-3 empty:hidden -ml-2\">\n<div class=\"items-center justify-start rounded-xl p-1 flex\">\n<div class=\"flex items-center\">\n<div class=\"flex\">\n<audio class=\"wp-audio-shortcode\" id=\"audio-410973-12\" preload=\"none\" style=\"width: 100%;\" controls=\"controls\"><source type=\"audio\/mpeg\" src=\"https:\/\/www.radiopiu.net\/wordpress\/wp-content\/uploads\/2024\/09\/Luciani-assemblea-citta-alpina.m4a?_=12\" \/><a href=\"https:\/\/www.radiopiu.net\/wordpress\/wp-content\/uploads\/2024\/09\/Luciani-assemblea-citta-alpina.m4a\">https:\/\/www.radiopiu.net\/wordpress\/wp-content\/uploads\/2024\/09\/Luciani-assemblea-citta-alpina.m4a<\/a><\/audio>\n<\/div>\n<div class=\"flex items-center pb-0\"><\/div>\n<div><\/div>\n<div><\/div>\n<div>\n<hr \/>\n<\/div>\n<div><\/div>\n<div><\/div>\n<div>\n<div class=\"page-title-head hgroup\">\n<h1 class=\"entry-title\">DILLO A RADIO PIU: La riflessione sulla gestione del territorio montano<\/h1>\n<\/div>\n<div class=\"page-title-breadcrumbs\">\n<p><strong>REDAZIONE<\/strong> Continua il dibattito sui nuovi impianti di collegamento sciistico. Da Beatrice Colcuc riceviamo un commento anche alle\u00a0 considerazioni di Damiano Demattia, Davide Colcuc e\u00a0 Alberto\u00a0 Da Ronch: il confronto aperto \u00e8 essenziale. <em>&#8220;Il nostro territorio &#8211; dir\u00e0 Beatrice-\u00a0 ha bisogno di un&#8217;economia sostenibile e non di nuovi impianti di risalita, ormai saturi e inutili per risolvere i problemi di traffico. Occorre un&#8217;educazione al rispetto ambientale e un dialogo tra cittadini e politici per gestire al meglio le risorse&#8221;.<\/em><\/p>\n<div class=\"mceTemp\">\n<p><a class=\"dt-pswp-item\" href=\"https:\/\/www.radiopiu.net\/wordpress\/wp-content\/uploads\/2019\/12\/SKICIVETTA2.jpg\" data-dt-img-description=\"default\" data-large_image_width=\"1723\" data-large_image_height=\"983\"><img loading=\"lazy\" decoding=\"async\" class=\"size-medium wp-image-108966 alignleft\" src=\"https:\/\/www.radiopiu.net\/wordpress\/wp-content\/uploads\/2019\/12\/SKICIVETTA2-300x171.jpg\" alt=\"\" width=\"300\" height=\"171\" srcset=\"https:\/\/www.radiopiu.net\/wordpress\/wp-content\/uploads\/2019\/12\/SKICIVETTA2-300x171.jpg 300w, https:\/\/www.radiopiu.net\/wordpress\/wp-content\/uploads\/2019\/12\/SKICIVETTA2-1024x584.jpg 1024w, https:\/\/www.radiopiu.net\/wordpress\/wp-content\/uploads\/2019\/12\/SKICIVETTA2-768x438.jpg 768w, https:\/\/www.radiopiu.net\/wordpress\/wp-content\/uploads\/2019\/12\/SKICIVETTA2-1536x876.jpg 1536w, https:\/\/www.radiopiu.net\/wordpress\/wp-content\/uploads\/2019\/12\/SKICIVETTA2.jpg 1723w\" sizes=\"auto, (max-width: 300px) 100vw, 300px\" \/><\/a>Ho letto con attenzione gli interventi di Damiano Demattia, Davide Colcuc e Aldo Da Ronch e non posso che trovarmi in linea con le loro riflessioni. Ho ponderato a lungo se fosse opportuno scrivere queste righe e, alla fine, ho ritenuto che sia necessario farlo, poich\u00e9 il confronto e la partecipazione sono fondamentali, specialmente su temi che toccano da vicino la nostra realt\u00e0. Desidero quindi invitare anche altri a far sentire la propria voce, perch\u00e9 solo attraverso un dialogo aperto possiamo contribuire a un cambiamento concreto e positivo. Questo vale ancor di pi\u00f9 per i contesti come i nostri, dove le popolazioni di montagna non vengono nemmeno interpellate (vedasi Olimpiadi invernali di Milano-Cortina 2026). Da tempo sto cercando di capire quali siano le vere motivazioni dietro la costruzione di nuovi impianti di risalita e mi sembra che l\u2019argomento dello sviluppo economico non sia pi\u00f9 cos\u00ec credibile. Il nostro territorio necessita di un\u2019economia nuova, sostenibile e lungimirante, non di una continua insistenza sull\u2019industria dello sci, ormai satura (senza contare gli effetti del cambiamento climatico che dovrebbero essere noti a tutti). Su questo concordo con chi ha gi\u00e0 scritto: questi impianti non risolveranno il problema del traffico. Anzi, il costo del biglietto limiterebbe addirittura la fruizione dell\u2019impianto stesso (dubito che una famiglia, poniamo, di quattro persone, sia disposta ad affrontare la spesa), rendendo la soluzione ancora pi\u00f9 distante dalle esigenze reali della popolazione che invece ha urgente bisogno di soluzioni per la viabilit\u00e0! Ad ogni modo, credo che la questione degli impianti di risalita debba essere inserita in una discussione pi\u00f9 ampia sulla gestione del nostro patrimonio ambientale e culturale montano. Come gi\u00e0 faceva presente Davide Colcuc, i nostri vicini austriaci hanno saputo costruire un\u2019infrastruttura di tunnel efficiente (spesso a pagamento), ma soprattutto hanno investito molto in campagne di sensibilizzazione. I cartelli sulle strade ricordano agli automobilisti e ai motociclisti che stanno attraversando luoghi abitati o parchi naturali, dove il rispetto per il territorio e la sua fauna \u00e8 prioritario (in molti centri abitati il limite di velocit\u00e0 \u00e8 fissato a 30km\/h). Non solo sanzionare, quindi, ma soprattutto educare tutti, turisti e autoctoni, al rispetto del prossimo! Nelle Dolomiti, invece sono ormai arcinoti i casi delle corse di auto clandestine, le moto che sfrecciano a tutta velocit\u00e0, le sfilate di auto d\u2019epoca, il tutto sotto lo sguardo inerme degli abitanti. Il mio appello si rivolge ai nostri sindaci e a tutte le figure politiche, chiedendo loro di aprire tavoli di confronto, di \u201cfare squadra\u201d, di gestire insieme questo patrimonio per il bene di chi ci abita ma anche per poter continuare a condividerlo con tutte quelle persone che amano il nostro territorio. Investimenti sulle infrastrutture, chiusure parziali dei passi, lasciandoli accessibili per chi lavora o a chi risiede nei comuni interessati, oppure offrire un servizio di navette e regolare l\u2019accesso a fasce orarie, cercando di trovare un equilibrio tra la necessit\u00e0 di mobilit\u00e0 e il rispetto per l\u2019ambiente, ma le proposte non si esauriscono qui (evitando per\u00f2 l\u2019introduzione di pedaggi che avrebbero l\u2019unica conseguenza di creare un turismo di \u00e9lite). Le soluzioni ci sono e, a mio parere, andrebbero esplorate con maggiore convinzione, soprattutto pensando ai posteri.Beatrice Colcuc<\/p>\n<\/div>\n<\/div>\n<div><\/div>\n<div><\/div>\n<div><\/div>\n<div><\/div>\n<div><strong>ARCHIVIO<\/strong><\/div>\n<div>\n<blockquote class=\"wp-embedded-content\" data-secret=\"vV7a4JQePO\"><p><a href=\"https:\/\/www.radiopiu.net\/wordpress\/letapecs1\/\">DILLO A RADIO PIU: La riflessione sulla gestione del territorio montano<\/a><\/p><\/blockquote>\n<p><iframe loading=\"lazy\" class=\"wp-embedded-content\" sandbox=\"allow-scripts\" security=\"restricted\" style=\"position: absolute; visibility: hidden;\" title=\"&#8220;DILLO A RADIO PIU: La riflessione sulla gestione del territorio montano&#8221; &#8212; Radio Pi\u00f9\" src=\"https:\/\/www.radiopiu.net\/wordpress\/letapecs1\/embed\/#?secret=js9l0TUT76#?secret=vV7a4JQePO\" data-secret=\"vV7a4JQePO\" width=\"600\" height=\"338\" frameborder=\"0\" marginwidth=\"0\" marginheight=\"0\" scrolling=\"no\"><\/iframe><\/p>\n<\/div>\n<div>\n<hr \/>\n<\/div>\n<blockquote>\n<h2>Il 29 settembre si celebra la Giornata Mondiale del Cuore: consapevolezza e donazione di sangue<\/h2>\n<\/blockquote>\n<div>\n<p><strong><img loading=\"lazy\" decoding=\"async\" class=\"alignleft\" src=\"https:\/\/www.radiopiu.net\/wordpress\/wp-content\/uploads\/2024\/09\/cc5b4767-6e1f-4fd2-ad55-f2c7e5020028-300x300.jpg\" width=\"144\" height=\"144\" \/>FALCADE<\/strong> In occasione della Giornata Mondiale del Cuore, il 29 settembre, si sensibilizza sull&#8217;importanza delle manovre salvavita per la salute cardiovascolare. In questa cornice, i Donatori ABVS di Falcade saranno presenti per far conoscere il mondo della donazione di sangue e il suo valore fondamentale. Porte aperte a Falcade anche venerd\u00ec 27 e luned\u00ec 30 settembre, per promuovere la salute e la solidariet\u00e0 verso il prossimo. \u00c8 un&#8217;opportunit\u00e0 per comprendere meglio come la donazione possa aiutare a salvare vite e migliorare la salute della comunit\u00e0. Unisciti a noi per fare la differenza per te stesso e per gli altri.<\/p>\n<p>&nbsp;<\/p>\n<\/div>\n<div><\/div>\n<div><\/div>\n<div>\n<hr \/>\n<\/div>\n<div>\n<blockquote>\n<h2><strong><a class=\"dt-pswp-item\" href=\"https:\/\/www.radiopiu.net\/wordpress\/wp-content\/uploads\/2024\/09\/SPORT-IN-ACQUA-2024.jpeg\" data-dt-img-description=\"\" data-large_image_width=\"2048\" data-large_image_height=\"1536\"><img loading=\"lazy\" decoding=\"async\" class=\" wp-image-411056 alignleft\" src=\"https:\/\/www.radiopiu.net\/wordpress\/wp-content\/uploads\/2024\/09\/SPORT-IN-ACQUA-2024-300x225.jpeg\" alt=\"\" width=\"235\" height=\"176\" srcset=\"https:\/\/www.radiopiu.net\/wordpress\/wp-content\/uploads\/2024\/09\/SPORT-IN-ACQUA-2024-300x225.jpeg 300w, https:\/\/www.radiopiu.net\/wordpress\/wp-content\/uploads\/2024\/09\/SPORT-IN-ACQUA-2024-1024x768.jpeg 1024w, https:\/\/www.radiopiu.net\/wordpress\/wp-content\/uploads\/2024\/09\/SPORT-IN-ACQUA-2024-768x576.jpeg 768w, https:\/\/www.radiopiu.net\/wordpress\/wp-content\/uploads\/2024\/09\/SPORT-IN-ACQUA-2024-1536x1152.jpeg 1536w, https:\/\/www.radiopiu.net\/wordpress\/wp-content\/uploads\/2024\/09\/SPORT-IN-ACQUA-2024.jpeg 2048w\" sizes=\"auto, (max-width: 235px) 100vw, 235px\" \/><\/a>SPORT IN ACQUA 2024<\/strong><\/h2>\n<\/blockquote>\n<\/div>\n<div><strong>\u00a0BELLUNO<\/strong> L&#8217;edizione 2024 di &#8220;Sport in Acqua&#8221;, svoltasi alla Piscina comunale di Lambioi, ha visto la partecipazione di oltre 350 bambini delle scuole primarie di Belluno. L&#8217;evento, una vera festa dell&#8217;acqua, ha coinvolto i piccoli nuotatori in prove ludiche di diverse abilit\u00e0, guidati da istruttori, inclusa un\u2019istruttrice per bambini con disabilit\u00e0. L\u2019attivit\u00e0 si \u00e8 svolta dalle prime ore del mattino fino al pomeriggio, coinvolgendo tutte le vasche della piscina. Gli atleti della squadra agonistica di Sportivamente hanno sorpreso i partecipanti con consigli e giochi. Alla fine, ai bambini sono stati donati asciugamani e cuffie commemorative.<\/div>\n<div><\/div>\n<\/div>\n<\/div>\n<\/div>\n<p>&nbsp;<\/p>\n<p>&nbsp;<\/p>\n<hr \/>\n<p>&nbsp;<\/p>\n<blockquote>\n<h3>IL CASTELLO DI ALBOINO AI PRIMISSIMI POSTI DELLA CLASSIFICA DEI \u201cLUOGHI DEL CUORE\u201d PROMOSSA DAL FAI<\/h3>\n<\/blockquote>\n<p><strong><a class=\"dt-pswp-item\" href=\"https:\/\/www.radiopiu.net\/wordpress\/wp-content\/uploads\/2024\/09\/Il-Castello-di-Alboino-a-Feltre.jpg\" data-dt-img-description=\"\" data-large_image_width=\"1920\" data-large_image_height=\"1080\"><img loading=\"lazy\" decoding=\"async\" class=\" wp-image-411024 alignleft\" src=\"https:\/\/www.radiopiu.net\/wordpress\/wp-content\/uploads\/2024\/09\/Il-Castello-di-Alboino-a-Feltre-300x169.jpg\" alt=\"\" width=\"188\" height=\"106\" srcset=\"https:\/\/www.radiopiu.net\/wordpress\/wp-content\/uploads\/2024\/09\/Il-Castello-di-Alboino-a-Feltre-300x169.jpg 300w, https:\/\/www.radiopiu.net\/wordpress\/wp-content\/uploads\/2024\/09\/Il-Castello-di-Alboino-a-Feltre-1024x576.jpg 1024w, https:\/\/www.radiopiu.net\/wordpress\/wp-content\/uploads\/2024\/09\/Il-Castello-di-Alboino-a-Feltre-768x432.jpg 768w, https:\/\/www.radiopiu.net\/wordpress\/wp-content\/uploads\/2024\/09\/Il-Castello-di-Alboino-a-Feltre-1536x864.jpg 1536w, https:\/\/www.radiopiu.net\/wordpress\/wp-content\/uploads\/2024\/09\/Il-Castello-di-Alboino-a-Feltre.jpg 1920w\" sizes=\"auto, (max-width: 188px) 100vw, 188px\" \/><\/a>FELTRE<\/strong> Il Castello di Alboino di Feltre sta ottenendo un successo significativo nella competizione &#8220;Luoghi del Cuore&#8221; promossa dal FAI (Fondo Ambiente Italiano), raggiungendo quasi 2.900 voti e posizionandosi al 4\u00b0 posto provvisorio a livello nazionale. Il sindaco di Feltre, Viviana Fusaro, ha espresso grande soddisfazione per il risultato, sottolineando l&#8217;importanza di questa partecipazione collettiva, che ha superato le aspettative. L&#8217;iniziativa, sostenuta anche dal neo-costituito Gruppo FAI di Feltre, punta a valorizzare e tutelare il Castello come patrimonio di interesse nazionale. La votazione fa parte della dodicesima edizione del censimento nazionale del FAI, che invita i cittadini a segnalare beni artistici e culturali meritevoli di protezione.<\/p>\n<p>&nbsp;<\/p>\n<hr \/>\n<p>&nbsp;<\/p>\n<p>&nbsp;<\/p>\n<blockquote>\n<h3>Fari puntati su ospitalit\u00e0 e ristorazione: Longarone Fiere Dolomiti ospita Horeca<\/h3>\n<\/blockquote>\n<p><strong><img loading=\"lazy\" decoding=\"async\" class=\"alignleft\" src=\"https:\/\/www.radiopiu.net\/wordpress\/wp-content\/uploads\/2024\/09\/Presentazione-Dolomiti-Horeca-da-sx-Dal-Poz-Padrin-Dal-Farra-Bordin.jpg\" width=\"189\" height=\"139\" \/>LONGARONE<\/strong><\/p>\n<p>Dal 6 all\u20198 ottobre, Longarone Fiere Dolomiti si trasforma nella \u201ccapitale\u201d del turismo di montagna con la quarta edizione di Dolomiti Horeca, dedicata ai settori hotellerie, restaurant e caf\u00e8. L&#8217;evento mira a supportare la crescita del turismo, in vista delle Olimpiadi Milano-Cortina 2026, e a catalizzare l\u2019interesse di aziende e operatori del settore. Con 179 espositori e oltre 200 marchi, Horeca si presenta con il 10% di spazi in pi\u00f9 rispetto al 2023 e novit\u00e0 come la mostra \u201cScie di gloria\u201d, dedicata alle attrezzature sportive storiche.<\/p>\n<p>La fiera include anche un\u2019importante iniziativa di recruiting, &#8220;IncontraLavoro&#8221;, in collaborazione con Veneto Lavoro, per agevolare l\u2019incontro tra domanda e offerta nel settore turistico.<\/p>\n<p>&nbsp;<\/p>\n<hr \/>\n<p>&nbsp;<\/p>\n<p>&nbsp;<\/p>\n<h1 class=\"_title post-title entry-title\"><a class=\"dt-pswp-item\" href=\"https:\/\/www.radiopiu.net\/wordpress\/wp-content\/uploads\/2023\/12\/ANTENNA.png\" data-dt-img-description=\"\" data-large_image_width=\"300\" data-large_image_height=\"166\"><img loading=\"lazy\" decoding=\"async\" class=\"size-full wp-image-366306 alignleft\" src=\"https:\/\/www.radiopiu.net\/wordpress\/wp-content\/uploads\/2023\/12\/ANTENNA.png\" alt=\"\" width=\"300\" height=\"166\" \/><\/a>LONGARONE FIERE, VENTO IN POPPA PER LA SOCIETA\u2019. CONTI IN UTILE DOPO 3 ANNI<\/h1>\n<p>&nbsp;<\/p>\n<p>&nbsp;<\/p>\n<p>Intervistati MICHELE DAL FARRA (PRESIDENTE LONGARONE FIERE DOLOMITI) (Servizio di\u00a0<a href=\"https:\/\/antennatre.medianordest.it\/redazione\/Tiziana-Bolognani\/\">Tiziana Bolognani<\/a>)<\/p>\n<p><iframe loading=\"lazy\" title=\"LONGARONE FIERE, VENTO IN POPPA PER LA SOCIETA&#039;. CONTI IN UTILE DOPO 3 ANNI | 25\/09\/2024\" width=\"1200\" height=\"675\" src=\"https:\/\/www.youtube.com\/embed\/pxqS5F2zkNg?feature=oembed\" frameborder=\"0\" allow=\"accelerometer; autoplay; clipboard-write; encrypted-media; gyroscope; picture-in-picture; web-share\" referrerpolicy=\"strict-origin-when-cross-origin\" allowfullscreen><\/iframe><\/p>\n<p>&nbsp;<\/p>\n<p>&nbsp;<\/p>\n<p>&nbsp;<\/p>\n<hr \/>\n<p>&nbsp;<\/p>\n<h2><span style=\"color: #008000;\">IL CONSIGLIO DELL&#8217;UNIONE MONTANA AGORDINA<\/span><\/h2>\n<p><strong>AGORDO<\/strong> Il Presidente dell&#8217;Unione Montana Agordina Paolo Frena ha convocato il consiglio per luned\u00ec alle 20. Tre punti da discutere tra cui l&#8217;approvazione del bilancio consolidato 2023.<\/p>\n<p>&nbsp;<\/p>\n<p>&nbsp;<\/p>\n<hr \/>\n<p>&nbsp;<\/p>\n<h2><span style=\"color: #ff0000;\">CONSIGLI COMUNALI IN AGORDINO<\/span><\/h2>\n<p><strong>ALLEGHE<\/strong> Consiglio comunale convocato per lunedi alle 20:30. Quattro punti da discutere tra cui due variazioni a bilancio e il contributo aree interne per i lavori di realizzazione della nuova sede del distratto socio-sanitario di Alleghe.<\/p>\n<p>&nbsp;<\/p>\n<p>&nbsp;<\/p>\n<hr \/>\n<p>&nbsp;<\/p>\n<blockquote>\n<h3>\u201cGIORNATA DELLA ROSA-ALLE SPONDE DEL VESES\u201d DOMENICA A SANTA GIUSTINA<\/h3>\n<\/blockquote>\n<p><strong><a class=\"dt-pswp-item\" href=\"https:\/\/www.radiopiu.net\/wordpress\/wp-content\/uploads\/2024\/09\/SCR-20240925-kkxo.jpeg\" data-dt-img-description=\"\" data-large_image_width=\"1360\" data-large_image_height=\"1208\"><img loading=\"lazy\" decoding=\"async\" class=\" wp-image-411026 alignleft\" src=\"https:\/\/www.radiopiu.net\/wordpress\/wp-content\/uploads\/2024\/09\/SCR-20240925-kkxo-300x266.jpeg\" alt=\"\" width=\"119\" height=\"106\" srcset=\"https:\/\/www.radiopiu.net\/wordpress\/wp-content\/uploads\/2024\/09\/SCR-20240925-kkxo-300x266.jpeg 300w, https:\/\/www.radiopiu.net\/wordpress\/wp-content\/uploads\/2024\/09\/SCR-20240925-kkxo-1024x910.jpeg 1024w, https:\/\/www.radiopiu.net\/wordpress\/wp-content\/uploads\/2024\/09\/SCR-20240925-kkxo-768x682.jpeg 768w, https:\/\/www.radiopiu.net\/wordpress\/wp-content\/uploads\/2024\/09\/SCR-20240925-kkxo.jpeg 1360w\" sizes=\"auto, (max-width: 119px) 100vw, 119px\" \/><\/a>FELTRE<\/strong> Domenica a Santa Giustina si terr\u00e0 la nuova edizione de &#8220;La Giornata della Rosa &#8211; Alle sponde del Veses&#8221;, organizzata dall&#8217;AIPD di Belluno dal 1992. L&#8217;evento include una manifestazione podistica con due percorsi: uno di 5 km per famiglie e giovani, e uno di 11 km per i pi\u00f9 competitivi. Le partenze avverranno dalla Piazza Maggiore, dove sar\u00e0 allestito anche un tendone per il pranzo. Nel pomeriggio ci saranno le premiazioni, musica, balli e l&#8217;estrazione dei premi. Inoltre, il 13 ottobre si terr\u00e0 la \u201cGiornata Nazionale delle persone con sindrome di Down\u201d con iniziative locali.<\/p>\n<p>&nbsp;<\/p>\n<p>&nbsp;<\/p>\n<hr \/>\n<p>&nbsp;<\/p>\n<blockquote>\n<h3>LA PIETRA VIVA DELLE PREALPI BELLUNESI<\/h3>\n<\/blockquote>\n<p><strong>SEDICO<\/strong> L&#8217;evento, finanziato da ANCE Belluno, si terr\u00e0 oggi, dalle 10 alle 11, nell&#8217;Aula Magna della Scuola Edile CFS in via Stadio 11\/A a Sedico. Saranno presenti la Soprintendenza Archeologia, Belle Arti e Paesaggio per l&#8217;area metropolitana di Venezia e le province di Belluno, Padova e Treviso, oltre al Consigliere regionale Silvia Cestaro.<\/p>\n<p>&nbsp;<\/p>\n<p>&nbsp;<\/p>\n<hr \/>\n<p>&nbsp;<\/p>\n<blockquote>\n<h2>Oltre le vette 2024: la montagna protagonista a Belluno<\/h2>\n<\/blockquote>\n<blockquote><p><em><a class=\"dt-pswp-item\" href=\"https:\/\/www.radiopiu.net\/wordpress\/wp-content\/uploads\/2024\/09\/OLVspettacolo-anima.jpg\" data-dt-img-description=\"\" data-large_image_width=\"2400\" data-large_image_height=\"1600\"><img loading=\"lazy\" decoding=\"async\" class=\"size-medium wp-image-410161 alignleft\" src=\"https:\/\/www.radiopiu.net\/wordpress\/wp-content\/uploads\/2024\/09\/OLVspettacolo-anima-300x200.jpg\" alt=\"\" width=\"300\" height=\"200\" srcset=\"https:\/\/www.radiopiu.net\/wordpress\/wp-content\/uploads\/2024\/09\/OLVspettacolo-anima-300x200.jpg 300w, https:\/\/www.radiopiu.net\/wordpress\/wp-content\/uploads\/2024\/09\/OLVspettacolo-anima-1024x683.jpg 1024w, https:\/\/www.radiopiu.net\/wordpress\/wp-content\/uploads\/2024\/09\/OLVspettacolo-anima-768x512.jpg 768w, https:\/\/www.radiopiu.net\/wordpress\/wp-content\/uploads\/2024\/09\/OLVspettacolo-anima-1536x1024.jpg 1536w, https:\/\/www.radiopiu.net\/wordpress\/wp-content\/uploads\/2024\/09\/OLVspettacolo-anima-2048x1365.jpg 2048w\" sizes=\"auto, (max-width: 300px) 100vw, 300px\" \/><\/a>&#8220;Oltre le vette&#8221; per gli appassionati di montagna.<\/em><\/p><\/blockquote>\n<p><strong>BELLUNO\u00a0 <\/strong>Dal 4 al 13 ottobre 2024, Belluno ospiter\u00e0 la 28a edizione di &#8220;Oltre le vette \u2013 Metafore, uomini, luoghi della montagna&#8221;. Il festival, uno dei pi\u00f9 longevi dedicati alla montagna in Italia, presenta 50 eventi che spaziano dall&#8217;alpinismo all&#8217;arte, con mostre, spettacoli e incontri. Quest\u2019anno il tema \u00e8 &#8220;Filo, philos, fil\u00f2&#8221;, esplorando il legame tra uomo e montagna attraverso diverse prospettive.<\/p>\n<p>&nbsp;<\/p>\n<p>&nbsp;<\/p>\n<hr \/>\n<blockquote>\n<h3><\/h3>\n<h3>SETTEMBRE PIAVENESE A BELLUNO<\/h3>\n<\/blockquote>\n<p><strong>BELLUNO<\/strong> La rassegna estiva \u201cDall\u2019Ardo alla Piave Festival\u201d si \u00e8 conclusa a settembre con una partecipazione positiva, in particolare per l&#8217;evento &#8220;La Cotogna di Istanbul&#8221;. Prima di lanciare il calendario autunnale, l\u2019associazione Borgo Piave ETC organizza \u201cSettembre Piavense\u201d: il 29 settembre \u201cImpressioni di porto fluviale\u2026\u201d, che mostrer\u00e0 un&#8217;anteprima del futuro spazio dedicato agli zattieri di Borgo Piave. Entrambi gli eventi richiedono prenotazione, con un contributo suggerito di 5 euro.<\/p>\n<p>&nbsp;<\/p>\n<p>&nbsp;<\/p>\n<p>&nbsp;<\/p>\n<hr \/>\n<p>&nbsp;<\/p>\n<blockquote>\n<h3>UN INCONTRO PER PARLARE DI ADDOZIONE<\/h3>\n<\/blockquote>\n<p><strong>BELLUNO<\/strong> Il Gruppo Genitori Adottivi &#8220;Zero-Infinito&#8221;, in collaborazione con le associazioni &#8220;Bucaneve&#8221;, &#8220;G(h)ita&#8221; e ULSS1 Dolomiti, organizza una conferenza dal titolo &#8220;Il &#8216;Prezzo&#8217; dell&#8217;Adozione&#8221;, che esplorer\u00e0 gli aspetti emotivi e legali dell&#8217;adozione, sia nazionale che internazionale. L&#8217;evento si terr\u00e0 domani, dalle 18 alle 20, presso la Sala &#8220;Eliseo Dal Pont-Bianchi&#8221; a Belluno. Durante la serata, interverranno esperti come pedagogisti, psicologi e avvocati per approfondire il linguaggio dell&#8217;adozione, la situazione nel territorio bellunese, e le implicazioni legali ed emotive. Le famiglie adottive condivideranno le loro esperienze personali. La conferenza \u00e8 gratuita e aperta a tutti, fino a un massimo di 80 partecipanti.<\/p>\n<p>&nbsp;<\/p>\n<p>&nbsp;<\/p>\n<hr \/>\n<p>&nbsp;<\/p>\n<blockquote>\n<h3 style=\"margin: 0cm; background: white;\"><span style=\"font-family: 'Tahoma',sans-serif; color: black;\">VITA DIFFERITA. ENRICO GASPERI, POESIE CIVILI E D\u2019AMORE<\/span><\/h3>\n<\/blockquote>\n<p><strong>BELLUNO\u00a0<\/strong> L\u2019Associazione Culturale Verba Volant, in collaborazione con il Comitato di Belluno della Societ\u00e0 Dante Alighieri e l\u2019IIS \u201cCatullo\u201d, organizza l\u2019evento \u201cVita Differita. Enrico Gasperi, poesie civili e d\u2019amore\u201d, un omaggio al poeta Enrico Gasperi, toscano di nascita ma bellunese d\u2019adozione, prematuramente scomparso nel mese di maggio del 2023, uno dei fondatori dell\u2019associazione. La serata si svolger\u00e0 a Belluno domani alle ore 17:00 presso il cortile dell\u2019IIS \u201cCatullo\u201d e vedr\u00e0 alternarsi letture, musica, ricordi e testimonianze.<\/p>\n<p>&nbsp;<\/p>\n<hr \/>\n<p>&nbsp;<\/p>\n<blockquote><p><strong><a class=\"dt-pswp-item\" href=\"https:\/\/www.radiopiu.net\/wordpress\/wp-content\/uploads\/2024\/09\/ORFV.jpg\" data-dt-img-description=\"\" data-large_image_width=\"1000\" data-large_image_height=\"750\"><img loading=\"lazy\" decoding=\"async\" class=\" wp-image-411057 alignleft\" src=\"https:\/\/www.radiopiu.net\/wordpress\/wp-content\/uploads\/2024\/09\/ORFV-300x225.jpg\" alt=\"\" width=\"205\" height=\"154\" srcset=\"https:\/\/www.radiopiu.net\/wordpress\/wp-content\/uploads\/2024\/09\/ORFV-300x225.jpg 300w, https:\/\/www.radiopiu.net\/wordpress\/wp-content\/uploads\/2024\/09\/ORFV-768x576.jpg 768w, https:\/\/www.radiopiu.net\/wordpress\/wp-content\/uploads\/2024\/09\/ORFV.jpg 1000w\" sizes=\"auto, (max-width: 205px) 100vw, 205px\" \/><\/a>Orchestra Regionale Filarmonia Veneta omaggia Puccini<\/strong><\/p><\/blockquote>\n<p><strong>BELLUNO<\/strong> Mercoled\u00ec 2 ottobre 2024, alle 20:30, al Teatro Buzzati di Belluno, l\u2019Orchestra Regionale Filarmonia Veneta, diretta da Francesco Gesualdi, eseguir\u00e0 un omaggio a Giacomo Puccini. Il programma, intitolato \u00abCon un leggero scintillar di stelle\u2026\u00bb, presenter\u00e0 musiche di Morricone, Serafini, P\u00e4rt, Ambrosi e Fattambrini, con l\u2019accompagnamento di fisarmoniche e archi. Informazioni al 348 2684504, oppure segreteriabelcircolo@gmail.com.<\/p>\n<p>&nbsp;<\/p>\n<hr \/>\n<p>&nbsp;<\/p>\n<blockquote>\n<h3>DOMENICA CON IL CAI DI AGORDO<\/h3>\n<\/blockquote>\n<p><strong>AGORDO<\/strong> Domenica escursione alla Croda Da lago e Lago Federa nelle Dolomiti d&#8217;Ampezzo. ra boschi, abetaie, torrenti e ponti di legno, andremo a scoprire un lago alpino d&#8217;alta quota di origine glaciale. Incastonato tra le montagne come una gemma, nato secondo la leggenda dalla follia di un drago, \u00e8 senz&#8217;altro un posto incantevole e magico. Escursione classificata Medio &#8211; Facile . Informazioni ed iscrizioni: dalle 16 alle21 a partire dal mercoled\u00ec antecedente l\u2019escursione sino al venerd\u00ec sera,\u00a0 info:\u00a0380.6983040<\/p>\n<p>&nbsp;<\/p>\n<hr \/>\n<p>&nbsp;<\/p>\n<blockquote>\n<h2>Gara di regolarit\u00e0 per auto d&#8217;epoca e moderne a Pieve d&#8217;Alpago il 19 ottobre 2024<\/h2>\n<\/blockquote>\n<p><a class=\"dt-pswp-item\" href=\"https:\/\/www.radiopiu.net\/wordpress\/wp-content\/uploads\/2024\/09\/00000XLL.jpeg\" data-dt-img-description=\"\" data-large_image_width=\"500\" data-large_image_height=\"288\"><img loading=\"lazy\" decoding=\"async\" class=\"size-medium wp-image-411084 alignleft\" src=\"https:\/\/www.radiopiu.net\/wordpress\/wp-content\/uploads\/2024\/09\/00000XLL-300x173.jpeg\" alt=\"\" width=\"300\" height=\"173\" srcset=\"https:\/\/www.radiopiu.net\/wordpress\/wp-content\/uploads\/2024\/09\/00000XLL-300x173.jpeg 300w, https:\/\/www.radiopiu.net\/wordpress\/wp-content\/uploads\/2024\/09\/00000XLL.jpeg 500w\" sizes=\"auto, (max-width: 300px) 100vw, 300px\" \/><\/a><strong>ALPAGO<\/strong> Sabato 19 ottobre 2024 si terr\u00e0 a Pieve d&#8217;Alpago la tradizionale gara di regolarit\u00e0 per auto d&#8217;epoca e moderne, con un percorso di 150 km che attraversa la suggestiva conca dell&#8217;Alpago e la foresta del Cansiglio. I partecipanti affronteranno 30 prove cronometrate, con partenza e arrivo nella piazza principale di Pieve d&#8217;Alpago.<\/p>\n<p>Quest&#8217;anno l&#8217;evento introduce una significativa novit\u00e0: per la prima volta, saranno presenti due equipaggi con navigatrici non vedenti, offrendo un esempio di inclusione e partecipazione nel mondo delle competizioni automobilistiche. Le iscrizioni sono aperte e tutti gli appassionati possono visitare il sito ufficiale della manifestazione, <strong><a href=\"http:\/\/www.trofeoalpagoregolarita.com\" target=\"_new\" rel=\"noopener\">www.trofeoalpagoregolarita.com<\/a><\/strong>, per ulteriori informazioni e per partecipare.<\/p>\n<p>&nbsp;<\/p>\n<p>&nbsp;<\/p>\n<hr \/>\n<p>&nbsp;<\/p>\n<h2><span style=\"color: #ff6600;\">IERI ALLA RADIO<\/span><\/h2>\n<h2><span style=\"color: #008000;\">CISL E FEMCA CISL LA VOCE PER I LAVORATORI<\/span><\/h2>\n<p><a class=\"dt-pswp-item\" href=\"https:\/\/www.radiopiu.net\/wordpress\/wp-content\/uploads\/2022\/06\/Luxottica-firmato-il-contratto-aziendale-per-lo-stabilimento-di-Pederobba_articleimage.jpg\" data-dt-img-description=\"\" data-large_image_width=\"770\" data-large_image_height=\"473\"><img loading=\"lazy\" decoding=\"async\" class=\" wp-image-281229 alignleft\" src=\"https:\/\/www.radiopiu.net\/wordpress\/wp-content\/uploads\/2022\/06\/Luxottica-firmato-il-contratto-aziendale-per-lo-stabilimento-di-Pederobba_articleimage-300x184.jpg\" alt=\"\" width=\"173\" height=\"106\" srcset=\"https:\/\/www.radiopiu.net\/wordpress\/wp-content\/uploads\/2022\/06\/Luxottica-firmato-il-contratto-aziendale-per-lo-stabilimento-di-Pederobba_articleimage-300x184.jpg 300w, https:\/\/www.radiopiu.net\/wordpress\/wp-content\/uploads\/2022\/06\/Luxottica-firmato-il-contratto-aziendale-per-lo-stabilimento-di-Pederobba_articleimage-768x472.jpg 768w, https:\/\/www.radiopiu.net\/wordpress\/wp-content\/uploads\/2022\/06\/Luxottica-firmato-il-contratto-aziendale-per-lo-stabilimento-di-Pederobba_articleimage.jpg 770w\" sizes=\"auto, (max-width: 173px) 100vw, 173px\" \/><\/a>25 settembre 2024<\/p>\n<p><strong>PUNTATA 83, DAVIDE MONTAGNER (LUXOTTICA PEDEROBBA)<\/strong><\/p>\n<audio class=\"wp-audio-shortcode\" id=\"audio-410973-13\" preload=\"none\" style=\"width: 100%;\" controls=\"controls\"><source type=\"audio\/mpeg\" src=\"https:\/\/www.radiopiu.net\/wordpress\/wp-content\/uploads\/2024\/09\/FEMCA-CISL-1.mp3?_=13\" \/><a href=\"https:\/\/www.radiopiu.net\/wordpress\/wp-content\/uploads\/2024\/09\/FEMCA-CISL-1.mp3\">https:\/\/www.radiopiu.net\/wordpress\/wp-content\/uploads\/2024\/09\/FEMCA-CISL-1.mp3<\/a><\/audio>\n<p>&nbsp;<\/p>\n<h2>LA RACCOLTA COMPLETA <a href=\"https:\/\/www.radiopiu.net\/wordpress\/cisl-e-femca-cisl-la-vocef\/\"><span style=\"color: #3366ff;\">CLICCA QUI<\/span><\/a><\/h2>\n<p>&nbsp;<\/p>\n<hr \/>\n<p>&nbsp;<\/p>\n<h2><span style=\"color: #800080;\">LIBER, IL MERCOLEDI ALLA RADIO CON LIANA CAVALLET<\/span><\/h2>\n<p><strong>PUNTATA 2 25 SETTEMBRE ISALBEL ALLENDE &#8220;IL VENTO CONOSCE IL MIO NOME&#8221;<\/strong><\/p>\n<audio class=\"wp-audio-shortcode\" id=\"audio-410973-14\" preload=\"none\" style=\"width: 100%;\" controls=\"controls\"><source type=\"audio\/mpeg\" src=\"https:\/\/www.radiopiu.net\/wordpress\/wp-content\/uploads\/2024\/09\/LIANA-1.mp3?_=14\" \/><a href=\"https:\/\/www.radiopiu.net\/wordpress\/wp-content\/uploads\/2024\/09\/LIANA-1.mp3\">https:\/\/www.radiopiu.net\/wordpress\/wp-content\/uploads\/2024\/09\/LIANA-1.mp3<\/a><\/audio>\n<p>&nbsp;<\/p>\n<p><a class=\"dt-pswp-item\" href=\"https:\/\/www.radiopiu.net\/wordpress\/wp-content\/uploads\/2024\/09\/0529812b-c4ef-4082-b6a2-658f1266c8d5.jpg\" data-dt-img-description=\"\" data-large_image_width=\"483\" data-large_image_height=\"750\"><img loading=\"lazy\" decoding=\"async\" class=\"size-medium wp-image-410921 aligncenter\" src=\"https:\/\/www.radiopiu.net\/wordpress\/wp-content\/uploads\/2024\/09\/0529812b-c4ef-4082-b6a2-658f1266c8d5-193x300.jpg\" alt=\"\" width=\"193\" height=\"300\" srcset=\"https:\/\/www.radiopiu.net\/wordpress\/wp-content\/uploads\/2024\/09\/0529812b-c4ef-4082-b6a2-658f1266c8d5-193x300.jpg 193w, https:\/\/www.radiopiu.net\/wordpress\/wp-content\/uploads\/2024\/09\/0529812b-c4ef-4082-b6a2-658f1266c8d5.jpg 483w\" sizes=\"auto, (max-width: 193px) 100vw, 193px\" \/><\/a><\/p>\n<p>&nbsp;<\/p>\n<h2>LA RACCOLTA COMPLETA <a href=\"https:\/\/www.radiopiu.net\/wordpress\/liber24puntata2\/\"><span style=\"color: #3366ff;\">CLICCA QUI<\/span><\/a><\/h2>\n<p>&nbsp;<\/p>\n<hr \/>\n<p>&nbsp;<\/p>\n<h2><span style=\"color: #ff0000;\">OGGI COME IERI di e con SILVIA BALDO<\/span><\/h2>\n<p><img decoding=\"async\" class=\"aligncenter\" src=\"https:\/\/www.radiopiu.net\/wordpress\/wp-content\/uploads\/2023\/09\/309000774_10222572118595513_7956305457803922499_n.jpg\" \/><\/p>\n<p><strong>\u00a0 \u00a0 \u00a0 \u00a0\u00a0<\/strong><\/p>\n<p><strong>PUNTATA DEL 25 SETTEMBRE<\/strong><\/p>\n<audio class=\"wp-audio-shortcode\" id=\"audio-410973-15\" preload=\"none\" style=\"width: 100%;\" controls=\"controls\"><source type=\"audio\/mpeg\" src=\"https:\/\/www.radiopiu.net\/wordpress\/wp-content\/uploads\/2024\/09\/SIBI2-1.mp3?_=15\" \/><a href=\"https:\/\/www.radiopiu.net\/wordpress\/wp-content\/uploads\/2024\/09\/SIBI2-1.mp3\">https:\/\/www.radiopiu.net\/wordpress\/wp-content\/uploads\/2024\/09\/SIBI2-1.mp3<\/a><\/audio>\n<p>&nbsp;<\/p>\n<h2>LA RACCOLTA COMPLETA <a href=\"https:\/\/www.radiopiu.net\/wordpress\/alle-nove-oggi-come-ieri-di-e-con-silvia-baldo\/\"><span style=\"color: #3366ff;\">CLICCA QUI<\/span><\/a><\/h2>\n<p>&nbsp;<\/p>\n<hr \/>\n<p>&nbsp;<\/p>\n<h2><span style=\"color: #99cc00;\"><a class=\"dt-pswp-item\" href=\"https:\/\/www.radiopiu.net\/wordpress\/wp-content\/uploads\/2022\/11\/scuola-zaino.jpeg\" data-dt-img-description=\"\" data-large_image_width=\"626\" data-large_image_height=\"417\"><img loading=\"lazy\" decoding=\"async\" class=\" wp-image-306830 alignleft\" src=\"https:\/\/www.radiopiu.net\/wordpress\/wp-content\/uploads\/2022\/11\/scuola-zaino-300x200.jpeg\" alt=\"\" width=\"150\" height=\"100\" srcset=\"https:\/\/www.radiopiu.net\/wordpress\/wp-content\/uploads\/2022\/11\/scuola-zaino-300x200.jpeg 300w, https:\/\/www.radiopiu.net\/wordpress\/wp-content\/uploads\/2022\/11\/scuola-zaino.jpeg 626w\" sizes=\"auto, (max-width: 150px) 100vw, 150px\" \/><\/a>SE NON LA SMETTI TI MANDO DAL PRESIDE<\/span><\/h2>\n<p><strong>DI MIRKO MEZZACASA<\/strong><\/p>\n<p>CON MARIA ROSA SALMAZO<\/p>\n<audio class=\"wp-audio-shortcode\" id=\"audio-410973-16\" preload=\"none\" style=\"width: 100%;\" controls=\"controls\"><source type=\"audio\/mpeg\" src=\"https:\/\/www.radiopiu.net\/wordpress\/wp-content\/uploads\/2024\/09\/PRESIDE.mp3?_=16\" \/><a href=\"https:\/\/www.radiopiu.net\/wordpress\/wp-content\/uploads\/2024\/09\/PRESIDE.mp3\">https:\/\/www.radiopiu.net\/wordpress\/wp-content\/uploads\/2024\/09\/PRESIDE.mp3<\/a><\/audio>\n<p>&nbsp;<\/p>\n<hr \/>\n<p>&nbsp;<\/p>\n<h2><span style=\"color: #ff00ff;\">DA DOLOMITI BEER &amp; WINE SHOP DA NAPI ARRIVA IL VINO NOVELLO<\/span><\/h2>\n<p><strong><a class=\"dt-pswp-item\" href=\"https:\/\/www.radiopiu.net\/wordpress\/wp-content\/uploads\/2021\/06\/bicchiere-vino.jpg\" data-dt-img-description=\"\" data-large_image_width=\"1920\" data-large_image_height=\"1271\"><img loading=\"lazy\" decoding=\"async\" class=\" wp-image-219120 alignleft\" src=\"https:\/\/www.radiopiu.net\/wordpress\/wp-content\/uploads\/2021\/06\/bicchiere-vino-300x199.jpg\" alt=\"\" width=\"176\" height=\"117\" srcset=\"https:\/\/www.radiopiu.net\/wordpress\/wp-content\/uploads\/2021\/06\/bicchiere-vino-300x199.jpg 300w, https:\/\/www.radiopiu.net\/wordpress\/wp-content\/uploads\/2021\/06\/bicchiere-vino-1024x678.jpg 1024w, https:\/\/www.radiopiu.net\/wordpress\/wp-content\/uploads\/2021\/06\/bicchiere-vino-768x508.jpg 768w, https:\/\/www.radiopiu.net\/wordpress\/wp-content\/uploads\/2021\/06\/bicchiere-vino-1536x1017.jpg 1536w, https:\/\/www.radiopiu.net\/wordpress\/wp-content\/uploads\/2021\/06\/bicchiere-vino.jpg 1920w\" sizes=\"auto, (max-width: 176px) 100vw, 176px\" \/><\/a>CON GIANLUCA ROSSI DI DOLOMITI BEER &amp; WINE SHOP DA NAPI<\/strong><\/p>\n<audio class=\"wp-audio-shortcode\" id=\"audio-410973-17\" preload=\"none\" style=\"width: 100%;\" controls=\"controls\"><source type=\"audio\/mpeg\" src=\"https:\/\/www.radiopiu.net\/wordpress\/wp-content\/uploads\/2024\/09\/GIANLUCA-2.mp3?_=17\" \/><a href=\"https:\/\/www.radiopiu.net\/wordpress\/wp-content\/uploads\/2024\/09\/GIANLUCA-2.mp3\">https:\/\/www.radiopiu.net\/wordpress\/wp-content\/uploads\/2024\/09\/GIANLUCA-2.mp3<\/a><\/audio>\n<p>&nbsp;<\/p>\n<hr \/>\n<p>&nbsp;<\/p>\n<h2><span style=\"color: #993300;\">SE DESMONTEGHEA! CHE FINE SETTIMANA A FALCADE DA &#8220;TUTTO ESAURITO&#8221;<\/span><\/h2>\n<p><strong><a href=\"https:\/\/www.radiopiu.net\/wordpress\/wp-content\/uploads\/2024\/09\/desmonteghea.webp\"><img loading=\"lazy\" decoding=\"async\" class=\" wp-image-410673 alignleft\" src=\"https:\/\/www.radiopiu.net\/wordpress\/wp-content\/uploads\/2024\/09\/desmonteghea-300x200.webp\" alt=\"\" width=\"171\" height=\"114\" srcset=\"https:\/\/www.radiopiu.net\/wordpress\/wp-content\/uploads\/2024\/09\/desmonteghea-300x200.webp 300w, https:\/\/www.radiopiu.net\/wordpress\/wp-content\/uploads\/2024\/09\/desmonteghea-1024x683.webp 1024w, https:\/\/www.radiopiu.net\/wordpress\/wp-content\/uploads\/2024\/09\/desmonteghea-768x512.webp 768w, https:\/\/www.radiopiu.net\/wordpress\/wp-content\/uploads\/2024\/09\/desmonteghea-1536x1024.webp 1536w, https:\/\/www.radiopiu.net\/wordpress\/wp-content\/uploads\/2024\/09\/desmonteghea-2048x1366.webp 2048w\" sizes=\"auto, (max-width: 171px) 100vw, 171px\" \/><\/a>DI MIRKO MEZZACASA<\/strong><\/p>\n<p>OSPITI: Antonella Schena, Alessio Xaiz, Giacomo Paolin e Zaira De Ventura<\/p>\n<audio class=\"wp-audio-shortcode\" id=\"audio-410973-18\" preload=\"none\" style=\"width: 100%;\" controls=\"controls\"><source type=\"audio\/mpeg\" src=\"https:\/\/www.radiopiu.net\/wordpress\/wp-content\/uploads\/2024\/09\/se-demonteghea-falcade.mp3?_=18\" \/><a href=\"https:\/\/www.radiopiu.net\/wordpress\/wp-content\/uploads\/2024\/09\/se-demonteghea-falcade.mp3\">https:\/\/www.radiopiu.net\/wordpress\/wp-content\/uploads\/2024\/09\/se-demonteghea-falcade.mp3<\/a><\/audio>\n<p>&nbsp;<\/p>\n<p>&nbsp;<\/p>\n<hr \/>\n<p>&nbsp;<\/p>\n<blockquote>\n<h2><a class=\"dt-pswp-item\" href=\"https:\/\/www.radiopiu.net\/wordpress\/wp-content\/uploads\/2024\/09\/28bdb21e-f180-472d-af31-563faf9d341e.jpg\" data-dt-img-description=\"\" data-large_image_width=\"1131\" data-large_image_height=\"1600\"><img loading=\"lazy\" decoding=\"async\" class=\"wp-image-409980 alignleft\" src=\"https:\/\/www.radiopiu.net\/wordpress\/wp-content\/uploads\/2024\/09\/28bdb21e-f180-472d-af31-563faf9d341e-212x300.jpg\" alt=\"\" width=\"176\" height=\"249\" srcset=\"https:\/\/www.radiopiu.net\/wordpress\/wp-content\/uploads\/2024\/09\/28bdb21e-f180-472d-af31-563faf9d341e-212x300.jpg 212w, https:\/\/www.radiopiu.net\/wordpress\/wp-content\/uploads\/2024\/09\/28bdb21e-f180-472d-af31-563faf9d341e-724x1024.jpg 724w, https:\/\/www.radiopiu.net\/wordpress\/wp-content\/uploads\/2024\/09\/28bdb21e-f180-472d-af31-563faf9d341e-768x1086.jpg 768w, https:\/\/www.radiopiu.net\/wordpress\/wp-content\/uploads\/2024\/09\/28bdb21e-f180-472d-af31-563faf9d341e-1086x1536.jpg 1086w, https:\/\/www.radiopiu.net\/wordpress\/wp-content\/uploads\/2024\/09\/28bdb21e-f180-472d-af31-563faf9d341e.jpg 1131w\" sizes=\"auto, (max-width: 176px) 100vw, 176px\" \/><\/a><span style=\"color: #800080;\">45^ MOSTRA MERCATO A VILLA PATT DI SEDICO, CON LA PROLOCO IL 29 SETTEMBRE<\/span><\/h2>\n<\/blockquote>\n<p><strong>SEDICO<\/strong> Sar\u00e0 un&#8217;altra grande festa a fine mese a Villa Patt, con la Proloco di Sedico e i tanti appuntamenti nell&#8217;ambito delle Mostra Mercato che giunge alla 45edisione. Con Claudio Mezzavilla, presidente della Proloco parliamo dell&#8217;evento, ma anche dell&#8217;inaugurazione della panchina rossa in ricordo di Laura Forcellini e del concorso Balcone Fiorito con la collaborazione di Stefano De Paris del team Dolomiti Garden<\/p>\n<p><strong>AUDIO ospite Claudio Mezzavilla<\/strong><\/p>\n<p><strong>di mirko mezzacasa\u00a0<\/strong><\/p>\n<audio class=\"wp-audio-shortcode\" id=\"audio-410973-19\" preload=\"none\" style=\"width: 100%;\" controls=\"controls\"><source type=\"audio\/mpeg\" src=\"https:\/\/www.radiopiu.net\/wordpress\/wp-content\/uploads\/2024\/09\/CLAUDIO-MEZZAVILLA.mp3?_=19\" \/><a href=\"https:\/\/www.radiopiu.net\/wordpress\/wp-content\/uploads\/2024\/09\/CLAUDIO-MEZZAVILLA.mp3\">https:\/\/www.radiopiu.net\/wordpress\/wp-content\/uploads\/2024\/09\/CLAUDIO-MEZZAVILLA.mp3<\/a><\/audio>\n<p>&nbsp;<\/p>\n<p>&nbsp;<\/p>\n<hr \/>\n<p>&nbsp;<\/p>\n<h2><span style=\"color: #ffcc00;\">A BELLUNO IOGIOCO FESTIVAL, LA SECONDA EDIZIONE<\/span><\/h2>\n<p><strong><a class=\"dt-pswp-item\" href=\"https:\/\/www.radiopiu.net\/wordpress\/wp-content\/uploads\/2024\/09\/94df7af5-4676-4fca-af5c-d2b1f34f9efc-1.jpg\" data-dt-img-description=\"\" data-large_image_width=\"1600\" data-large_image_height=\"900\"><img loading=\"lazy\" decoding=\"async\" class=\" wp-image-410757 alignleft\" src=\"https:\/\/www.radiopiu.net\/wordpress\/wp-content\/uploads\/2024\/09\/94df7af5-4676-4fca-af5c-d2b1f34f9efc-1-300x169.jpg\" alt=\"\" width=\"213\" height=\"120\" srcset=\"https:\/\/www.radiopiu.net\/wordpress\/wp-content\/uploads\/2024\/09\/94df7af5-4676-4fca-af5c-d2b1f34f9efc-1-300x169.jpg 300w, https:\/\/www.radiopiu.net\/wordpress\/wp-content\/uploads\/2024\/09\/94df7af5-4676-4fca-af5c-d2b1f34f9efc-1-1024x576.jpg 1024w, https:\/\/www.radiopiu.net\/wordpress\/wp-content\/uploads\/2024\/09\/94df7af5-4676-4fca-af5c-d2b1f34f9efc-1-768x432.jpg 768w, https:\/\/www.radiopiu.net\/wordpress\/wp-content\/uploads\/2024\/09\/94df7af5-4676-4fca-af5c-d2b1f34f9efc-1-1536x864.jpg 1536w, https:\/\/www.radiopiu.net\/wordpress\/wp-content\/uploads\/2024\/09\/94df7af5-4676-4fca-af5c-d2b1f34f9efc-1.jpg 1600w\" sizes=\"auto, (max-width: 213px) 100vw, 213px\" \/><\/a>DI MIRKO MEZZACASA<\/strong><\/p>\n<p>OSPITI: Andrea Caldart e Daniele Giaffredo<\/p>\n<audio class=\"wp-audio-shortcode\" id=\"audio-410973-20\" preload=\"none\" style=\"width: 100%;\" controls=\"controls\"><source type=\"audio\/mpeg\" src=\"https:\/\/www.radiopiu.net\/wordpress\/wp-content\/uploads\/2024\/09\/andrea-caldart-daniele-giaffredp.mp3?_=20\" \/><a href=\"https:\/\/www.radiopiu.net\/wordpress\/wp-content\/uploads\/2024\/09\/andrea-caldart-daniele-giaffredp.mp3\">https:\/\/www.radiopiu.net\/wordpress\/wp-content\/uploads\/2024\/09\/andrea-caldart-daniele-giaffredp.mp3<\/a><\/audio>\n<div>\n<blockquote>\n<h2><strong><em>\u00a0<\/em><\/strong><\/h2>\n<h2><strong><em>IOGIOCO Festival &#8211; Terza edizione<\/em><\/strong><\/h2>\n<\/blockquote>\n<p><strong>Casa delle Arti &#8211; Spazio EX <\/strong><\/p>\n<p><strong><a class=\"dt-pswp-item\" href=\"https:\/\/www.radiopiu.net\/wordpress\/wp-content\/uploads\/2024\/09\/Manifesto-IOGIOCO-2024.jpg\" data-dt-img-description=\"\" data-large_image_width=\"1702\" data-large_image_height=\"851\"><img loading=\"lazy\" decoding=\"async\" class=\"size-medium wp-image-409873 alignleft\" src=\"https:\/\/www.radiopiu.net\/wordpress\/wp-content\/uploads\/2024\/09\/Manifesto-IOGIOCO-2024-300x150.jpg\" alt=\"\" width=\"300\" height=\"150\" srcset=\"https:\/\/www.radiopiu.net\/wordpress\/wp-content\/uploads\/2024\/09\/Manifesto-IOGIOCO-2024-300x150.jpg 300w, https:\/\/www.radiopiu.net\/wordpress\/wp-content\/uploads\/2024\/09\/Manifesto-IOGIOCO-2024-1024x512.jpg 1024w, https:\/\/www.radiopiu.net\/wordpress\/wp-content\/uploads\/2024\/09\/Manifesto-IOGIOCO-2024-768x384.jpg 768w, https:\/\/www.radiopiu.net\/wordpress\/wp-content\/uploads\/2024\/09\/Manifesto-IOGIOCO-2024-1536x768.jpg 1536w, https:\/\/www.radiopiu.net\/wordpress\/wp-content\/uploads\/2024\/09\/Manifesto-IOGIOCO-2024.jpg 1702w\" sizes=\"auto, (max-width: 300px) 100vw, 300px\" \/><\/a>BELLUNO<\/strong> Prosegue Venerd\u00ec 27 settembre il ricco programma del festival intergenerazionale e multiculturale dedicato al tema del gioco e del mettersi in gioco IOGIOCO Festival, realizzato da TIB Teatro, Insieme si pu\u00f2 onlus ONG e Andrea Caldart presso gli spazi interni ed esterni della Casa delle Arti &#8211; Spazio EX. La giornata si aprir\u00e0 alle ore 9:00 con i laboratori per le scuole primarie CHE POESIA IL NOSTRO POSTO\u00a0e METAGIOCO 16:00 incontro con le associazioni 16:30 laboratorio di costruzione creativa aperto a tutti 17:30 spettacolo dai 5 anni OFFICINA PROMETEO, della compagnia Divisoperzero 18:30 ABITARE LO SPAZIO una divertente caccia al tesoro\u00a0 20:15\u2019incontro ABITARE LA TERRA, per tutti a partire dai 14 anni, dialogo con Mariam Rawi \u2013 attivista di RAWA (Revolutionary Association Women Afghanistan) Dalle19 saranno inoltre attivi i punti ristoro. INFO E PRENOTAZIONI\u00a00437 291298 SPETTACOLI: <a href=\"mailto:info@tibteatro.it\">info@tibteatro.it<\/a> \u2013 0437950555<\/p>\n<p>&nbsp;<\/p>\n<\/div>\n<div><\/div>\n<hr \/>\n<p>&nbsp;<\/p>\n<h3>LA MOSTRA DI HANS HAACKE A BELLUNO FINO AL 29 SETTEMBRE<\/h3>\n<p><a class=\"dt-pswp-item\" href=\"https:\/\/www.radiopiu.net\/wordpress\/wp-content\/uploads\/2024\/09\/SCR-20240908-ophz.jpeg\" data-dt-img-description=\"Screenshot\" data-large_image_width=\"1254\" data-large_image_height=\"932\"><img loading=\"lazy\" decoding=\"async\" class=\"wp-image-408564 alignleft\" src=\"https:\/\/www.radiopiu.net\/wordpress\/wp-content\/uploads\/2024\/09\/SCR-20240908-ophz-300x223.jpeg\" alt=\"\" width=\"161\" height=\"120\" srcset=\"https:\/\/www.radiopiu.net\/wordpress\/wp-content\/uploads\/2024\/09\/SCR-20240908-ophz-300x223.jpeg 300w, https:\/\/www.radiopiu.net\/wordpress\/wp-content\/uploads\/2024\/09\/SCR-20240908-ophz-1024x761.jpeg 1024w, https:\/\/www.radiopiu.net\/wordpress\/wp-content\/uploads\/2024\/09\/SCR-20240908-ophz-768x571.jpeg 768w, https:\/\/www.radiopiu.net\/wordpress\/wp-content\/uploads\/2024\/09\/SCR-20240908-ophz.jpeg 1254w\" sizes=\"auto, (max-width: 161px) 100vw, 161px\" \/><\/a><strong>BELLUNO<\/strong><\/p>\n<p>DI ROBERTO BONA<\/p>\n<audio class=\"wp-audio-shortcode\" id=\"audio-410973-21\" preload=\"none\" style=\"width: 100%;\" controls=\"controls\"><source type=\"audio\/mpeg\" src=\"https:\/\/www.radiopiu.net\/wordpress\/wp-content\/uploads\/2024\/09\/BONA-MOSTRA-BELLUNO-SCADE-29-SETTEMBRE.mp3?_=21\" \/><a href=\"https:\/\/www.radiopiu.net\/wordpress\/wp-content\/uploads\/2024\/09\/BONA-MOSTRA-BELLUNO-SCADE-29-SETTEMBRE.mp3\">https:\/\/www.radiopiu.net\/wordpress\/wp-content\/uploads\/2024\/09\/BONA-MOSTRA-BELLUNO-SCADE-29-SETTEMBRE.mp3<\/a><\/audio>\n<p>&nbsp;<\/p>\n<p>&nbsp;<\/p>\n<hr \/>\n<p>&nbsp;<\/p>\n<h2><span style=\"color: #ff0000;\"><a class=\"dt-pswp-item\" href=\"https:\/\/www.radiopiu.net\/wordpress\/wp-content\/uploads\/2018\/09\/appuntamenti.jpeg\" data-dt-img-description=\"\" data-large_image_width=\"800\" data-large_image_height=\"100\"><img loading=\"lazy\" decoding=\"async\" class=\"wp-image-61958 size-full aligncenter\" src=\"https:\/\/www.radiopiu.net\/wordpress\/wp-content\/uploads\/2018\/09\/appuntamenti.jpeg\" alt=\"\" width=\"800\" height=\"100\" srcset=\"https:\/\/www.radiopiu.net\/wordpress\/wp-content\/uploads\/2018\/09\/appuntamenti.jpeg 800w, https:\/\/www.radiopiu.net\/wordpress\/wp-content\/uploads\/2018\/09\/appuntamenti-300x38.jpeg 300w, https:\/\/www.radiopiu.net\/wordpress\/wp-content\/uploads\/2018\/09\/appuntamenti-768x96.jpeg 768w\" sizes=\"auto, (max-width: 800px) 100vw, 800px\" \/><\/a><\/span><\/h2>\n<p>&nbsp;<\/p>\n<div>\n<div class=\"\" dir=\"auto\">\n<div id=\":r9h:\" class=\"x1iorvi4 x1pi30zi x1l90r2v x1swvt13\" data-ad-comet-preview=\"message\" data-ad-preview=\"message\">\n\n\t\t\t<style type='text\/css'>\n\t\t\t\t#gallery-1 {\n\t\t\t\t\tmargin: auto;\n\t\t\t\t}\n\t\t\t\t#gallery-1 .gallery-item {\n\t\t\t\t\tfloat: left;\n\t\t\t\t\tmargin-top: 10px;\n\t\t\t\t\ttext-align: center;\n\t\t\t\t\twidth: 25%;\n\t\t\t\t}\n\t\t\t\t#gallery-1 img {\n\t\t\t\t\tborder: 2px solid #cfcfcf;\n\t\t\t\t}\n\t\t\t\t#gallery-1 .gallery-caption {\n\t\t\t\t\tmargin-left: 0;\n\t\t\t\t}\n\t\t\t\t\/* see gallery_shortcode() in wp-includes\/media.php *\/\n\t\t\t<\/style>\n\t\t<div id='gallery-1' class='dt-gallery-container gallery galleryid-410973 gallery-columns-4 gallery-size-thumbnail'><dl class='gallery-item'>\n\t\t\t\t<dt class='gallery-icon portrait'>\n\t\t\t\t\t<a class=\"rollover rollover-zoom dt-pswp-item\" title=\"LOC_A3_MOSTRA-RADIO_CMVI\" data-dt-img-description=\"\" data-large_image_width=\"1816\" data-large_image_height=\"2560\"href='https:\/\/www.radiopiu.net\/wordpress\/wp-content\/uploads\/2024\/08\/LOC_A3_MOSTRA-RADIO_CMVI-scaled.jpg'><img loading=\"lazy\" decoding=\"async\" width=\"150\" height=\"150\" src=\"https:\/\/www.radiopiu.net\/wordpress\/wp-content\/uploads\/2024\/08\/LOC_A3_MOSTRA-RADIO_CMVI-150x150.jpg\" class=\"attachment-thumbnail size-thumbnail\" alt=\"\" aria-describedby=\"gallery-1-403450\" \/><\/a>\n\t\t\t\t<\/dt>\n\t\t\t\t\t<dd class='wp-caption-text gallery-caption' id='gallery-1-403450'>\n\t\t\t\t\tLA MOSTRA DELLE RADIO IN VALLE IMPERINA\n\t\t\t\t\t<\/dd><\/dl><dl class='gallery-item'>\n\t\t\t\t<dt class='gallery-icon portrait'>\n\t\t\t\t\t<a class=\"rollover rollover-zoom dt-pswp-item\" title=\"WhatsApp Image 2024-08-29 at 15.33.03\" data-dt-img-description=\"\" data-large_image_width=\"1131\" data-large_image_height=\"1600\"href='https:\/\/www.radiopiu.net\/wordpress\/wp-content\/uploads\/2024\/09\/WhatsApp-Image-2024-08-29-at-15.33.03.jpeg'><img loading=\"lazy\" decoding=\"async\" width=\"150\" height=\"150\" src=\"https:\/\/www.radiopiu.net\/wordpress\/wp-content\/uploads\/2024\/09\/WhatsApp-Image-2024-08-29-at-15.33.03-150x150.jpeg\" class=\"attachment-thumbnail size-thumbnail\" alt=\"\" aria-describedby=\"gallery-1-408070\" \/><\/a>\n\t\t\t\t<\/dt>\n\t\t\t\t\t<dd class='wp-caption-text gallery-caption' id='gallery-1-408070'>\n\t\t\t\t\tFESTA DELLA BIRRA A GOSALDO\n\t\t\t\t\t<\/dd><\/dl><dl class='gallery-item'>\n\t\t\t\t<dt class='gallery-icon portrait'>\n\t\t\t\t\t<a class=\"rollover rollover-zoom dt-pswp-item\" title=\"03efb118-d97d-457e-b9cc-b1da6a42649b\" data-dt-img-description=\"\" data-large_image_width=\"905\" data-large_image_height=\"1280\"href='https:\/\/www.radiopiu.net\/wordpress\/wp-content\/uploads\/2024\/09\/03efb118-d97d-457e-b9cc-b1da6a42649b.jpg'><img loading=\"lazy\" decoding=\"async\" width=\"150\" height=\"150\" src=\"https:\/\/www.radiopiu.net\/wordpress\/wp-content\/uploads\/2024\/09\/03efb118-d97d-457e-b9cc-b1da6a42649b-150x150.jpg\" class=\"attachment-thumbnail size-thumbnail\" alt=\"\" aria-describedby=\"gallery-1-408383\" \/><\/a>\n\t\t\t\t<\/dt>\n\t\t\t\t\t<dd class='wp-caption-text gallery-caption' id='gallery-1-408383'>\n\t\t\t\t\tA OTTOBRE A VOLTAGO\n\t\t\t\t\t<\/dd><\/dl><dl class='gallery-item'>\n\t\t\t\t<dt class='gallery-icon portrait'>\n\t\t\t\t\t<a class=\"rollover rollover-zoom dt-pswp-item\" title=\"b69bb19f-4dff-44b8-8f0f-7b20d47f34a5\" data-dt-img-description=\"\" data-large_image_width=\"1133\" data-large_image_height=\"1600\"href='https:\/\/www.radiopiu.net\/wordpress\/wp-content\/uploads\/2024\/09\/b69bb19f-4dff-44b8-8f0f-7b20d47f34a5.jpg'><img loading=\"lazy\" decoding=\"async\" width=\"150\" height=\"150\" src=\"https:\/\/www.radiopiu.net\/wordpress\/wp-content\/uploads\/2024\/09\/b69bb19f-4dff-44b8-8f0f-7b20d47f34a5-150x150.jpg\" class=\"attachment-thumbnail size-thumbnail\" alt=\"\" aria-describedby=\"gallery-1-408941\" \/><\/a>\n\t\t\t\t<\/dt>\n\t\t\t\t\t<dd class='wp-caption-text gallery-caption' id='gallery-1-408941'>\n\t\t\t\t\tA FALCADE A FINE MESE\n\t\t\t\t\t<\/dd><\/dl><br style=\"clear: both\" \/><dl class='gallery-item'>\n\t\t\t\t<dt class='gallery-icon portrait'>\n\t\t\t\t\t<a class=\"rollover rollover-zoom dt-pswp-item\" title=\"Manifesto de El d\u00ec del Trator\" data-dt-img-description=\"\" data-large_image_width=\"1144\" data-large_image_height=\"1600\"href='https:\/\/www.radiopiu.net\/wordpress\/wp-content\/uploads\/2024\/09\/Manifesto-de-El-di-del-Trator.jpeg'><img loading=\"lazy\" decoding=\"async\" width=\"150\" height=\"150\" src=\"https:\/\/www.radiopiu.net\/wordpress\/wp-content\/uploads\/2024\/09\/Manifesto-de-El-di-del-Trator-150x150.jpeg\" class=\"attachment-thumbnail size-thumbnail\" alt=\"\" aria-describedby=\"gallery-1-410274\" \/><\/a>\n\t\t\t\t<\/dt>\n\t\t\t\t\t<dd class='wp-caption-text gallery-caption' id='gallery-1-410274'>\n\t\t\t\t\tIL 6 OTTOBRE A CANALE D&#8217;AGORDO\n\t\t\t\t\t<\/dd><\/dl><dl class='gallery-item'>\n\t\t\t\t<dt class='gallery-icon portrait'>\n\t\t\t\t\t<a class=\"rollover rollover-zoom dt-pswp-item\" title=\"Screenshot\" data-dt-img-description=\"\" data-large_image_width=\"1714\" data-large_image_height=\"1792\"href='https:\/\/www.radiopiu.net\/wordpress\/wp-content\/uploads\/2024\/09\/SCR-20240921-onob.jpeg'><img loading=\"lazy\" decoding=\"async\" width=\"150\" height=\"150\" src=\"https:\/\/www.radiopiu.net\/wordpress\/wp-content\/uploads\/2024\/09\/SCR-20240921-onob-150x150.jpeg\" class=\"attachment-thumbnail size-thumbnail\" alt=\"\" aria-describedby=\"gallery-1-410438\" \/><\/a>\n\t\t\t\t<\/dt>\n\t\t\t\t\t<dd class='wp-caption-text gallery-caption' id='gallery-1-410438'>\n\t\t\t\t\tSABATO AD AGORDO\n\t\t\t\t\t<\/dd><\/dl><dl class='gallery-item'>\n\t\t\t\t<dt class='gallery-icon portrait'>\n\t\t\t\t\t<a class=\"rollover rollover-zoom dt-pswp-item\" title=\"5 ottobre\" data-dt-img-description=\"\" data-large_image_width=\"1754\" data-large_image_height=\"2480\"href='https:\/\/www.radiopiu.net\/wordpress\/wp-content\/uploads\/2024\/09\/5-ottobre.jpg'><img loading=\"lazy\" decoding=\"async\" width=\"150\" height=\"150\" src=\"https:\/\/www.radiopiu.net\/wordpress\/wp-content\/uploads\/2024\/09\/5-ottobre-150x150.jpg\" class=\"attachment-thumbnail size-thumbnail\" alt=\"\" aria-describedby=\"gallery-1-410439\" \/><\/a>\n\t\t\t\t<\/dt>\n\t\t\t\t\t<dd class='wp-caption-text gallery-caption' id='gallery-1-410439'>\n\t\t\t\t\tAD ARSON DI FELTRE\n\t\t\t\t\t<\/dd><\/dl><dl class='gallery-item'>\n\t\t\t\t<dt class='gallery-icon portrait'>\n\t\t\t\t\t<a class=\"rollover rollover-zoom dt-pswp-item\" title=\"f6f8dc5c-bd68-47ad-9316-164858085c3f\" data-dt-img-description=\"\" data-large_image_width=\"754\" data-large_image_height=\"1600\"href='https:\/\/www.radiopiu.net\/wordpress\/wp-content\/uploads\/2024\/09\/f6f8dc5c-bd68-47ad-9316-164858085c3f.jpg'><img loading=\"lazy\" decoding=\"async\" width=\"150\" height=\"150\" src=\"https:\/\/www.radiopiu.net\/wordpress\/wp-content\/uploads\/2024\/09\/f6f8dc5c-bd68-47ad-9316-164858085c3f-150x150.jpg\" class=\"attachment-thumbnail size-thumbnail\" alt=\"\" aria-describedby=\"gallery-1-410886\" \/><\/a>\n\t\t\t\t<\/dt>\n\t\t\t\t\t<dd class='wp-caption-text gallery-caption' id='gallery-1-410886'>\n\t\t\t\t\tIL PRIMO APPUNTAMENTO CON L&#8217;UNIVERSITA&#8217; DEGLI ANZIANI DI AGORDO\n\t\t\t\t\t<\/dd><\/dl><br style=\"clear: both\" \/>\n\t\t\t<\/div>\n\n<p>&nbsp;<\/p>\n<hr \/>\n<p>&nbsp;<\/p>\n<p>&nbsp;<\/p>\n<blockquote class=\"wp-embedded-content\" data-secret=\"QjCe7iHQoP\"><p><a href=\"https:\/\/www.radiopiu.net\/wordpress\/n-di-parom-l-almanach-de-la-nosta-jent-raccolta-completa\/\">N di parom &#8211; L Almanach de la nosta jent RACCOLTA COMPLETA<\/a><\/p><\/blockquote>\n<p><iframe loading=\"lazy\" class=\"wp-embedded-content\" sandbox=\"allow-scripts\" security=\"restricted\" style=\"position: absolute; visibility: hidden;\" title=\"&#8220;N di parom &#8211; L Almanach de la nosta jent RACCOLTA COMPLETA&#8221; &#8212; Radio Pi\u00f9\" src=\"https:\/\/www.radiopiu.net\/wordpress\/n-di-parom-l-almanach-de-la-nosta-jent-raccolta-completa\/embed\/#?secret=0b2ppLzdUz#?secret=QjCe7iHQoP\" data-secret=\"QjCe7iHQoP\" width=\"600\" height=\"338\" frameborder=\"0\" marginwidth=\"0\" marginheight=\"0\" scrolling=\"no\"><\/iframe><\/p>\n<blockquote class=\"wp-embedded-content\" data-secret=\"fxDGlVAiZk\"><p><a href=\"https:\/\/www.radiopiu.net\/wordpress\/pirole-de-lenga-la-parola-del-giorno-a-cura-del-musla-raccolta-completa\/\">PIROLE DE LENGA&#8230; LA PAROLA DEL GIORNO A CURA DEL MUSLA -raccolta completa &#8211;<\/a><\/p><\/blockquote>\n<p><iframe loading=\"lazy\" class=\"wp-embedded-content\" sandbox=\"allow-scripts\" security=\"restricted\" style=\"position: absolute; visibility: hidden;\" title=\"&#8220;PIROLE DE LENGA&#8230; LA PAROLA DEL GIORNO A CURA DEL MUSLA -raccolta completa &#8211;&#8221; &#8212; Radio Pi\u00f9\" src=\"https:\/\/www.radiopiu.net\/wordpress\/pirole-de-lenga-la-parola-del-giorno-a-cura-del-musla-raccolta-completa\/embed\/#?secret=gXciuigKwd#?secret=fxDGlVAiZk\" data-secret=\"fxDGlVAiZk\" width=\"600\" height=\"338\" frameborder=\"0\" marginwidth=\"0\" marginheight=\"0\" scrolling=\"no\"><\/iframe><\/p>\n<blockquote class=\"wp-embedded-content\" data-secret=\"ipBTao1YNn\"><p><a href=\"https:\/\/www.radiopiu.net\/wordpress\/set5a\/\">EL BAL DEL FIOR, DETTI E MODI DI DIRE  LA RACCOLTA COMPLETA<\/a><\/p><\/blockquote>\n<p><iframe loading=\"lazy\" class=\"wp-embedded-content\" sandbox=\"allow-scripts\" security=\"restricted\" style=\"position: absolute; visibility: hidden;\" title=\"&#8220;EL BAL DEL FIOR, DETTI E MODI DI DIRE  LA RACCOLTA COMPLETA&#8221; &#8212; Radio Pi\u00f9\" src=\"https:\/\/www.radiopiu.net\/wordpress\/set5a\/embed\/#?secret=d1cAwHaxsj#?secret=ipBTao1YNn\" data-secret=\"ipBTao1YNn\" width=\"600\" height=\"338\" frameborder=\"0\" marginwidth=\"0\" marginheight=\"0\" scrolling=\"no\"><\/iframe><\/p>\n<p>&nbsp;<\/p>\n<hr \/>\n<p>&nbsp;<\/p>\n<\/div>\n<\/div>\n<\/div>\n<p><a class=\"dt-pswp-item\" href=\"https:\/\/www.radiopiu.net\/wordpress\/wp-content\/uploads\/2018\/09\/WhatsApp-Image-2018-09-20-at-16.04.06.jpeg\" data-dt-img-description=\"\" data-large_image_width=\"800\" data-large_image_height=\"100\"><img loading=\"lazy\" decoding=\"async\" class=\"wp-image-61378 size-full aligncenter\" src=\"https:\/\/www.radiopiu.net\/wordpress\/wp-content\/uploads\/2018\/09\/WhatsApp-Image-2018-09-20-at-16.04.06.jpeg\" alt=\"\" width=\"800\" height=\"100\" srcset=\"https:\/\/www.radiopiu.net\/wordpress\/wp-content\/uploads\/2018\/09\/WhatsApp-Image-2018-09-20-at-16.04.06.jpeg 800w, https:\/\/www.radiopiu.net\/wordpress\/wp-content\/uploads\/2018\/09\/WhatsApp-Image-2018-09-20-at-16.04.06-300x38.jpeg 300w, https:\/\/www.radiopiu.net\/wordpress\/wp-content\/uploads\/2018\/09\/WhatsApp-Image-2018-09-20-at-16.04.06-768x96.jpeg 768w\" sizes=\"auto, (max-width: 800px) 100vw, 800px\" \/><\/a><\/p>\n<p><center><\/center><b>\u00a0<\/b><\/p>\n<p><center><b>OGGI<\/b><\/center>Al mattino cielo irregolarmente nuvoloso con nubi basse in molte valli nelle ore fredde e con qualche parziale e temporanea schiarita nel corso della mattinata. Nel corso del pomeriggio intensificazione della nuvolosit\u00e0 con fenomeni pi\u00f9 significativi dalla sera.<br \/>\n<b>Precipitazioni: <\/b>Al mattino generalmente assenti, salvo occasionali brevi piovaschi. Nel corso del pomeriggio aumento della probabilit\u00e0 fino a medio-alta per precipitazioni inizialmente da locali a sparse a partire dalle Prealpi centro-occidentali poi pi\u00f9 diffuse nella sera e nella nottata anche a carattere di rovescio o di temporale, specie sulle zone prealpine.<br \/>\n<b>Temperature: <\/b>Minime in generale lieve aumento, massime in lieve calo nelle valli, in aumento in alta montagna dove saranno misurate a fine giornata.<\/p>\n<hr \/>\n<p><center><b>DOMANI<\/b><\/center>Tempo variabile e instabile con cielo molto nuvoloso o coperto e precipitazioni sparse o diffuse specie al mattino in prevalenza di moderata intensit\u00e0 anche a carattere di rovescio o temporale.<br \/>\n<b>Precipitazioni: <\/b>Nella notte e nella mattinata probabilit\u00e0 alta di precipitazioni su tutte le zone montane con rovesci e temporali da sparsi a diffusi in genere di moderata intensit\u00e0, ma con rovesci localmente anche forti. Nel pomeriggio possibili ancora delle precipitazioni, anche a carattere di rovescio, ma pi\u00f9 discontinue e sparse.<br \/>\n<b>Temperature: <\/b>In generale aumento lieve o contenuto, con minime in quota misurate a fine giornata; contenuta escursione termica giornaliera.<\/p>\n<hr \/>\n<p><center><b>SABATO<\/b><\/center>Al mattino tempo ancora variabile e a tratti instabile con nuvolosit\u00e0 irregolare associata e qualche precipitazione nevosa oltre i 2200-2400 m; probabili parziali schiarite con scarsi fenomeni nel corso del pomeriggio\/sera. Temperature in calo anche sensibile specie le minime e in quota.<\/p>\n<hr \/>\n<p><center><b>DOMENICA<\/b><\/center>Tempo stabile e soleggiato con aria asciutta e ottima visibilit\u00e0 soprattutto in quota, mentre nelle valli nelle ore fredde saranno possibili delle modeste formazioni di nubi basse in rapido dissolvimento dopo l&#8217;alba. Nel corso della giornata probabili formazioni di modesti e innocui cumuli limitati per\u00f2 alle cime dolomitiche pi\u00f9 alte. Temperature in ulteriore contenuta diminuzione su valori inferiori alla norma, salvo qualche aumento delle massime nelle valli.<\/p>\n<p>&nbsp;<\/p>\n<hr \/>\n<p>&nbsp;<\/p>\n<p><a class=\"dt-pswp-item\" href=\"https:\/\/www.radiopiu.net\/wordpress\/wp-content\/uploads\/2018\/09\/sport.jpg\" data-dt-img-description=\"\" data-large_image_width=\"800\" data-large_image_height=\"100\"><img loading=\"lazy\" decoding=\"async\" class=\"aligncenter wp-image-60761 size-full\" src=\"https:\/\/www.radiopiu.net\/wordpress\/wp-content\/uploads\/2018\/09\/sport.jpg\" alt=\"\" width=\"800\" height=\"100\" srcset=\"https:\/\/www.radiopiu.net\/wordpress\/wp-content\/uploads\/2018\/09\/sport.jpg 800w, https:\/\/www.radiopiu.net\/wordpress\/wp-content\/uploads\/2018\/09\/sport-300x38.jpg 300w, https:\/\/www.radiopiu.net\/wordpress\/wp-content\/uploads\/2018\/09\/sport-768x96.jpg 768w\" sizes=\"auto, (max-width: 800px) 100vw, 800px\" \/>\u00a0<\/a><\/p>\n<p><span style=\"color: #0000ff;\"><b>PALLAVOLO<\/b><\/span><\/p>\n<blockquote>\n<h3>ESORDIO POSITIVO PER MIAN NEL BELLUNO VOLLEY<\/h3>\n<\/blockquote>\n<p><a class=\"dt-pswp-item\" href=\"https:\/\/www.radiopiu.net\/wordpress\/wp-content\/uploads\/2024\/09\/Riccardo_Mian_arriva_dalla_Pallavolo_Motta.jpg\" data-dt-img-description=\"\" data-large_image_width=\"800\" data-large_image_height=\"400\"><img loading=\"lazy\" decoding=\"async\" class=\" wp-image-410982 alignleft\" src=\"https:\/\/www.radiopiu.net\/wordpress\/wp-content\/uploads\/2024\/09\/Riccardo_Mian_arriva_dalla_Pallavolo_Motta-300x150.jpg\" alt=\"\" width=\"174\" height=\"87\" srcset=\"https:\/\/www.radiopiu.net\/wordpress\/wp-content\/uploads\/2024\/09\/Riccardo_Mian_arriva_dalla_Pallavolo_Motta-300x150.jpg 300w, https:\/\/www.radiopiu.net\/wordpress\/wp-content\/uploads\/2024\/09\/Riccardo_Mian_arriva_dalla_Pallavolo_Motta-768x384.jpg 768w, https:\/\/www.radiopiu.net\/wordpress\/wp-content\/uploads\/2024\/09\/Riccardo_Mian_arriva_dalla_Pallavolo_Motta.jpg 800w\" sizes=\"auto, (max-width: 174px) 100vw, 174px\" \/><\/a>Riccardo Mian si \u00e8 subito distinto nel pre-campionato del Belluno Volley con precisione, potenza e un atteggiamento positivo. Lo schiacciatore di Palmanova ha affrontato squadre di Serie A2, mostrando buoni segnali di miglioramento, anche se consapevole del lavoro ancora da fare. Dopo due incontri contro avversari superiori, il Belluno si prepara per un altro test contro una squadra di A2. Mian \u00e8 soddisfatto del suo ambientamento a Belluno, apprezzando la professionalit\u00e0 in palestra e la tranquillit\u00e0 della citt\u00e0. Sottolinea la necessit\u00e0 di pazienza e fiducia per raggiungere gli obiettivi stagionali, con il campionato di Serie A3 che inizier\u00e0 il 20 ottobre.<\/p>\n<p>&nbsp;<\/p>\n<p>&nbsp;<\/p>\n<hr \/>\n<p>&nbsp;<\/p>\n<h2><span style=\"color: #ffcc00;\">GOODBYE BY BICICLE&#8230;UN VIAGGIO DALL&#8217;INDIA A SEREN DEL GRAPPA IN BICICLETTA<\/span><\/h2>\n<p><span style=\"color: #ff0000;\"><strong>PUNTATA 30 &#8211; CONTINUA IL VIAGGIO TRA PIOGGIA, INCONTRI E&#8230;PIZZE<\/strong><\/span><\/p>\n<audio class=\"wp-audio-shortcode\" id=\"audio-410973-22\" preload=\"none\" style=\"width: 100%;\" controls=\"controls\"><source type=\"audio\/mpeg\" src=\"https:\/\/www.radiopiu.net\/wordpress\/wp-content\/uploads\/2024\/09\/AIRE-INDIA-PUNTATA-30.mp3?_=22\" \/><a href=\"https:\/\/www.radiopiu.net\/wordpress\/wp-content\/uploads\/2024\/09\/AIRE-INDIA-PUNTATA-30.mp3\">https:\/\/www.radiopiu.net\/wordpress\/wp-content\/uploads\/2024\/09\/AIRE-INDIA-PUNTATA-30.mp3<\/a><\/audio>\n<p>&nbsp;<\/p>\n<p><strong>PER VISITARE I SITI DEI LUOGHI VISITATI, CLICCA SULLE SEGUENTI SCRITTE: <span style=\"color: #3366ff;\"><a href=\"https:\/\/www.instagram.com\/cob_gr?igsh=MWg1dTdzOGhlaGI4aQ==\">COB-BULDING WHIT EARTH<\/a>\u00a0 \u00a0<a href=\"https:\/\/www.instagram.com\/nisiraches?igsh=MWhlb3F1NnB4OHBtNQ==\">NISI RACHES\u00a0<\/a> \u00a0<a href=\"https:\/\/www.instagram.com\/wheeling2help?igsh=cWZzaGNxMmM4aWF1\">WHEELING2HELP<\/a><\/span><\/strong><\/p>\n<p>&nbsp;<\/p>\n\n\t\t\t<style type='text\/css'>\n\t\t\t\t#gallery-2 {\n\t\t\t\t\tmargin: auto;\n\t\t\t\t}\n\t\t\t\t#gallery-2 .gallery-item {\n\t\t\t\t\tfloat: left;\n\t\t\t\t\tmargin-top: 10px;\n\t\t\t\t\ttext-align: center;\n\t\t\t\t\twidth: 20%;\n\t\t\t\t}\n\t\t\t\t#gallery-2 img {\n\t\t\t\t\tborder: 2px solid #cfcfcf;\n\t\t\t\t}\n\t\t\t\t#gallery-2 .gallery-caption {\n\t\t\t\t\tmargin-left: 0;\n\t\t\t\t}\n\t\t\t\t\/* see gallery_shortcode() in wp-includes\/media.php *\/\n\t\t\t<\/style>\n\t\t<div id='gallery-2' class='dt-gallery-container gallery galleryid-410973 gallery-columns-5 gallery-size-thumbnail'><dl class='gallery-item'>\n\t\t\t\t<dt class='gallery-icon portrait'>\n\t\t\t\t\t<a class=\"rollover rollover-zoom dt-pswp-item\" title=\"54081200-1663-4d3f-810a-a8ae752d7dfa\" data-dt-img-description=\"\" data-large_image_width=\"1920\" data-large_image_height=\"2560\"href='https:\/\/www.radiopiu.net\/wordpress\/wp-content\/uploads\/2024\/09\/54081200-1663-4d3f-810a-a8ae752d7dfa-scaled.jpg'><img loading=\"lazy\" decoding=\"async\" width=\"150\" height=\"150\" src=\"https:\/\/www.radiopiu.net\/wordpress\/wp-content\/uploads\/2024\/09\/54081200-1663-4d3f-810a-a8ae752d7dfa-150x150.jpg\" class=\"attachment-thumbnail size-thumbnail\" alt=\"\" \/><\/a>\n\t\t\t\t<\/dt><\/dl><dl class='gallery-item'>\n\t\t\t\t<dt class='gallery-icon landscape'>\n\t\t\t\t\t<a class=\"rollover rollover-zoom dt-pswp-item\" title=\"4235f3f4-7b4b-45a3-808c-f0b9b7d064fa\" data-dt-img-description=\"\" data-large_image_width=\"2560\" data-large_image_height=\"1928\"href='https:\/\/www.radiopiu.net\/wordpress\/wp-content\/uploads\/2024\/09\/4235f3f4-7b4b-45a3-808c-f0b9b7d064fa-scaled.jpg'><img loading=\"lazy\" decoding=\"async\" width=\"150\" height=\"150\" src=\"https:\/\/www.radiopiu.net\/wordpress\/wp-content\/uploads\/2024\/09\/4235f3f4-7b4b-45a3-808c-f0b9b7d064fa-150x150.jpg\" class=\"attachment-thumbnail size-thumbnail\" alt=\"\" \/><\/a>\n\t\t\t\t<\/dt><\/dl><dl class='gallery-item'>\n\t\t\t\t<dt class='gallery-icon landscape'>\n\t\t\t\t\t<a class=\"rollover rollover-zoom dt-pswp-item\" title=\"812784dd-7bdd-403e-98a1-3fba2c747c26\" data-dt-img-description=\"\" data-large_image_width=\"2560\" data-large_image_height=\"1920\"href='https:\/\/www.radiopiu.net\/wordpress\/wp-content\/uploads\/2024\/09\/812784dd-7bdd-403e-98a1-3fba2c747c26-scaled.jpg'><img loading=\"lazy\" decoding=\"async\" width=\"150\" height=\"150\" src=\"https:\/\/www.radiopiu.net\/wordpress\/wp-content\/uploads\/2024\/09\/812784dd-7bdd-403e-98a1-3fba2c747c26-150x150.jpg\" class=\"attachment-thumbnail size-thumbnail\" alt=\"\" \/><\/a>\n\t\t\t\t<\/dt><\/dl><dl class='gallery-item'>\n\t\t\t\t<dt class='gallery-icon landscape'>\n\t\t\t\t\t<a class=\"rollover rollover-zoom dt-pswp-item\" title=\"0b73e7ce-43b6-4b61-9d77-e41413f16634\" data-dt-img-description=\"\" data-large_image_width=\"2560\" data-large_image_height=\"1928\"href='https:\/\/www.radiopiu.net\/wordpress\/wp-content\/uploads\/2024\/09\/0b73e7ce-43b6-4b61-9d77-e41413f16634-scaled.jpg'><img loading=\"lazy\" decoding=\"async\" width=\"150\" height=\"150\" src=\"https:\/\/www.radiopiu.net\/wordpress\/wp-content\/uploads\/2024\/09\/0b73e7ce-43b6-4b61-9d77-e41413f16634-150x150.jpg\" class=\"attachment-thumbnail size-thumbnail\" alt=\"\" \/><\/a>\n\t\t\t\t<\/dt><\/dl><dl class='gallery-item'>\n\t\t\t\t<dt class='gallery-icon landscape'>\n\t\t\t\t\t<a class=\"rollover rollover-zoom dt-pswp-item\" title=\"2e938edb-3348-44c3-9cdf-f854f4618e2e\" data-dt-img-description=\"\" data-large_image_width=\"2560\" data-large_image_height=\"1928\"href='https:\/\/www.radiopiu.net\/wordpress\/wp-content\/uploads\/2024\/09\/2e938edb-3348-44c3-9cdf-f854f4618e2e-scaled.jpg'><img loading=\"lazy\" decoding=\"async\" width=\"150\" height=\"150\" src=\"https:\/\/www.radiopiu.net\/wordpress\/wp-content\/uploads\/2024\/09\/2e938edb-3348-44c3-9cdf-f854f4618e2e-150x150.jpg\" class=\"attachment-thumbnail size-thumbnail\" alt=\"\" \/><\/a>\n\t\t\t\t<\/dt><\/dl><br style=\"clear: both\" \/>\n\t\t\t<\/div>\n\n<p>&nbsp;<\/p>\n<h2>LA RACCOLTA COMPLETA <a href=\"https:\/\/www.radiopiu.net\/wordpress\/goodbye-by-bicicle-un-viaggio-dallindia-a-seren-del-grappa-in-bicicletta-30\/\"><span style=\"color: #3366ff;\">CLICCA QUI<\/span><\/a><\/h2>\n<p>&nbsp;<\/p>\n<p>&nbsp;<\/p>\n<p>&nbsp;<\/p>\n<p>&nbsp;<\/p>\n<p>&nbsp;<\/p>\n<\/div>\n","protected":false},"excerpt":{"rendered":"<p>** &nbsp; OGGI SUL CORRIERE DELLE ALPI IL CASO DEL GIORNO: sedico madre con la sclerosi sfrattata, appello per fermare la procedura IL 20 SETTEMBRE SCORSO, TIZIANA BOLOGNANI DAL TG DI ANTENNA 3, CANALE 10 DIGITALE TERRESTRE, OGNI SERA ALLE 19 LE ANTICIPAZIONI ALLA RADIO, TG IN ONDA ALLE 19.30 SEDICO | SFRATTO IN VISTA&hellip;<\/p>\n","protected":false},"author":4,"featured_media":411008,"comment_status":"closed","ping_status":"closed","sticky":false,"template":"","format":"standard","meta":{"_monsterinsights_skip_tracking":false,"_monsterinsights_sitenote_active":false,"_monsterinsights_sitenote_note":"","_monsterinsights_sitenote_category":0,"footnotes":""},"categories":[51,86,49],"tags":[],"class_list":["post-410973","post","type-post","status-publish","format-standard","has-post-thumbnail","hentry","category-evidenza-top","category-gr","category-news-18","category-51","category-86","category-49","description-off"],"img_url":"https:\/\/www.radiopiu.net\/wordpress\/wp-content\/uploads\/2024\/09\/e408a4a4-cb65-4eb3-812d-13a51520abda.jpg","_links":{"self":[{"href":"https:\/\/www.radiopiu.net\/wordpress\/wp-json\/wp\/v2\/posts\/410973","targetHints":{"allow":["GET"]}}],"collection":[{"href":"https:\/\/www.radiopiu.net\/wordpress\/wp-json\/wp\/v2\/posts"}],"about":[{"href":"https:\/\/www.radiopiu.net\/wordpress\/wp-json\/wp\/v2\/types\/post"}],"author":[{"embeddable":true,"href":"https:\/\/www.radiopiu.net\/wordpress\/wp-json\/wp\/v2\/users\/4"}],"replies":[{"embeddable":true,"href":"https:\/\/www.radiopiu.net\/wordpress\/wp-json\/wp\/v2\/comments?post=410973"}],"version-history":[{"count":34,"href":"https:\/\/www.radiopiu.net\/wordpress\/wp-json\/wp\/v2\/posts\/410973\/revisions"}],"predecessor-version":[{"id":411221,"href":"https:\/\/www.radiopiu.net\/wordpress\/wp-json\/wp\/v2\/posts\/410973\/revisions\/411221"}],"wp:featuredmedia":[{"embeddable":true,"href":"https:\/\/www.radiopiu.net\/wordpress\/wp-json\/wp\/v2\/media\/411008"}],"wp:attachment":[{"href":"https:\/\/www.radiopiu.net\/wordpress\/wp-json\/wp\/v2\/media?parent=410973"}],"wp:term":[{"taxonomy":"category","embeddable":true,"href":"https:\/\/www.radiopiu.net\/wordpress\/wp-json\/wp\/v2\/categories?post=410973"},{"taxonomy":"post_tag","embeddable":true,"href":"https:\/\/www.radiopiu.net\/wordpress\/wp-json\/wp\/v2\/tags?post=410973"}],"curies":[{"name":"wp","href":"https:\/\/api.w.org\/{rel}","templated":true}]}}