{"id":411007,"date":"2024-09-26T05:44:37","date_gmt":"2024-09-26T03:44:37","guid":{"rendered":"https:\/\/www.radiopiu.net\/wordpress\/?p=411007"},"modified":"2024-09-26T05:58:36","modified_gmt":"2024-09-26T03:58:36","slug":"auto-in-fiamme-a-chies-dalpago","status":"publish","type":"post","link":"https:\/\/www.radiopiu.net\/wordpress\/auto-in-fiamme-a-chies-dalpago\/","title":{"rendered":"AUTO IN FIAMME A CHIES D&#8217;ALPAGO"},"content":{"rendered":"<p>****<\/p>\n<p>&nbsp;<\/p>\n<p><strong><a class=\"dt-pswp-item\" href=\"https:\/\/www.radiopiu.net\/wordpress\/wp-content\/uploads\/2024\/09\/e408a4a4-cb65-4eb3-812d-13a51520abda.jpg\" data-dt-img-description=\"\" data-large_image_width=\"714\" data-large_image_height=\"461\"><img loading=\"lazy\" decoding=\"async\" class=\" wp-image-411008 alignleft\" src=\"https:\/\/www.radiopiu.net\/wordpress\/wp-content\/uploads\/2024\/09\/e408a4a4-cb65-4eb3-812d-13a51520abda-300x194.jpg\" alt=\"\" width=\"162\" height=\"105\" srcset=\"https:\/\/www.radiopiu.net\/wordpress\/wp-content\/uploads\/2024\/09\/e408a4a4-cb65-4eb3-812d-13a51520abda-300x194.jpg 300w, https:\/\/www.radiopiu.net\/wordpress\/wp-content\/uploads\/2024\/09\/e408a4a4-cb65-4eb3-812d-13a51520abda.jpg 714w\" sizes=\"auto, (max-width: 162px) 100vw, 162px\" \/><\/a>CHIES D&#8217;ALPAGO<\/strong> Marted\u00ec, alle 19:30, i vigili del fuoco sono intervenuti in via Alessandro Manzoni a Chies d\u2019Alpago per l\u2019incendio di un\u2019auto: nessuna persona \u00e8 rimasta ferita. Durante il tragitto, l\u2019autista si \u00e8 accorto che qualcosa non andava, si \u00e8 fermato ed \u00e8 sceso, mentre l\u2019auto ha preso fuoco. Le squadre dei vigili del fuoco, giunte dal distaccamento locale dell\u2019Alpago e da Belluno, hanno spento l\u2019auto, ormai completamente avvolta dalle fiamme. Le cause, probabilmente di natura elettromeccanica, sono al vaglio delle squadre intervenute. Le operazioni di completo raffreddamento e rimozione del veicolo si sono concluse intorno alle 23:00.<\/p>\n<p><a class=\"dt-pswp-item\" href=\"https:\/\/www.radiopiu.net\/wordpress\/wp-content\/uploads\/2024\/09\/ebdd0021-094f-40f8-8565-26b5958d3fd7.jpg\" data-dt-img-description=\"\" data-large_image_width=\"789\" data-large_image_height=\"497\"><img loading=\"lazy\" decoding=\"async\" class=\"alignnone size-medium wp-image-411009\" src=\"https:\/\/www.radiopiu.net\/wordpress\/wp-content\/uploads\/2024\/09\/ebdd0021-094f-40f8-8565-26b5958d3fd7-300x189.jpg\" alt=\"\" width=\"300\" height=\"189\" srcset=\"https:\/\/www.radiopiu.net\/wordpress\/wp-content\/uploads\/2024\/09\/ebdd0021-094f-40f8-8565-26b5958d3fd7-300x189.jpg 300w, https:\/\/www.radiopiu.net\/wordpress\/wp-content\/uploads\/2024\/09\/ebdd0021-094f-40f8-8565-26b5958d3fd7-768x484.jpg 768w, https:\/\/www.radiopiu.net\/wordpress\/wp-content\/uploads\/2024\/09\/ebdd0021-094f-40f8-8565-26b5958d3fd7.jpg 789w\" sizes=\"auto, (max-width: 300px) 100vw, 300px\" \/><\/a><a class=\"dt-pswp-item\" href=\"https:\/\/www.radiopiu.net\/wordpress\/wp-content\/uploads\/2024\/09\/19e51a86-2399-41c1-856b-1cc57bb2d8f2.jpg\" data-dt-img-description=\"\" data-large_image_width=\"1280\" data-large_image_height=\"960\"><img loading=\"lazy\" decoding=\"async\" class=\"alignnone wp-image-411010\" src=\"https:\/\/www.radiopiu.net\/wordpress\/wp-content\/uploads\/2024\/09\/19e51a86-2399-41c1-856b-1cc57bb2d8f2-300x225.jpg\" alt=\"\" width=\"255\" height=\"191\" srcset=\"https:\/\/www.radiopiu.net\/wordpress\/wp-content\/uploads\/2024\/09\/19e51a86-2399-41c1-856b-1cc57bb2d8f2-300x225.jpg 300w, https:\/\/www.radiopiu.net\/wordpress\/wp-content\/uploads\/2024\/09\/19e51a86-2399-41c1-856b-1cc57bb2d8f2-1024x768.jpg 1024w, https:\/\/www.radiopiu.net\/wordpress\/wp-content\/uploads\/2024\/09\/19e51a86-2399-41c1-856b-1cc57bb2d8f2-768x576.jpg 768w, https:\/\/www.radiopiu.net\/wordpress\/wp-content\/uploads\/2024\/09\/19e51a86-2399-41c1-856b-1cc57bb2d8f2.jpg 1280w\" sizes=\"auto, (max-width: 255px) 100vw, 255px\" \/><\/a><a class=\"dt-pswp-item\" href=\"https:\/\/www.radiopiu.net\/wordpress\/wp-content\/uploads\/2024\/09\/8baf7ba8-5ac4-4d81-893a-745312f964f8.jpg\" data-dt-img-description=\"\" data-large_image_width=\"1280\" data-large_image_height=\"960\"><img loading=\"lazy\" decoding=\"async\" class=\"alignnone wp-image-411011\" src=\"https:\/\/www.radiopiu.net\/wordpress\/wp-content\/uploads\/2024\/09\/8baf7ba8-5ac4-4d81-893a-745312f964f8-300x225.jpg\" alt=\"\" width=\"257\" height=\"193\" srcset=\"https:\/\/www.radiopiu.net\/wordpress\/wp-content\/uploads\/2024\/09\/8baf7ba8-5ac4-4d81-893a-745312f964f8-300x225.jpg 300w, https:\/\/www.radiopiu.net\/wordpress\/wp-content\/uploads\/2024\/09\/8baf7ba8-5ac4-4d81-893a-745312f964f8-1024x768.jpg 1024w, https:\/\/www.radiopiu.net\/wordpress\/wp-content\/uploads\/2024\/09\/8baf7ba8-5ac4-4d81-893a-745312f964f8-768x576.jpg 768w, https:\/\/www.radiopiu.net\/wordpress\/wp-content\/uploads\/2024\/09\/8baf7ba8-5ac4-4d81-893a-745312f964f8.jpg 1280w\" sizes=\"auto, (max-width: 257px) 100vw, 257px\" \/><\/a><\/p>\n<p>&nbsp;<\/p>\n<p>&nbsp;<\/p>\n<p>********<\/p>\n","protected":false},"excerpt":{"rendered":"<p>**** &nbsp; CHIES D&#8217;ALPAGO Marted\u00ec, alle 19:30, i vigili del fuoco sono intervenuti in via Alessandro Manzoni a Chies d\u2019Alpago per l\u2019incendio di un\u2019auto: nessuna persona \u00e8 rimasta ferita. Durante il tragitto, l\u2019autista si \u00e8 accorto che qualcosa non andava, si \u00e8 fermato ed \u00e8 sceso, mentre l\u2019auto ha preso fuoco. Le squadre dei vigili&hellip;<\/p>\n","protected":false},"author":4,"featured_media":411009,"comment_status":"closed","ping_status":"closed","sticky":false,"template":"","format":"standard","meta":{"_monsterinsights_skip_tracking":false,"_monsterinsights_sitenote_active":false,"_monsterinsights_sitenote_note":"","_monsterinsights_sitenote_category":0,"footnotes":""},"categories":[51,49],"tags":[],"class_list":["post-411007","post","type-post","status-publish","format-standard","has-post-thumbnail","hentry","category-evidenza-top","category-news-18","category-51","category-49","description-off"],"img_url":"https:\/\/www.radiopiu.net\/wordpress\/wp-content\/uploads\/2024\/09\/ebdd0021-094f-40f8-8565-26b5958d3fd7.jpg","_links":{"self":[{"href":"https:\/\/www.radiopiu.net\/wordpress\/wp-json\/wp\/v2\/posts\/411007","targetHints":{"allow":["GET"]}}],"collection":[{"href":"https:\/\/www.radiopiu.net\/wordpress\/wp-json\/wp\/v2\/posts"}],"about":[{"href":"https:\/\/www.radiopiu.net\/wordpress\/wp-json\/wp\/v2\/types\/post"}],"author":[{"embeddable":true,"href":"https:\/\/www.radiopiu.net\/wordpress\/wp-json\/wp\/v2\/users\/4"}],"replies":[{"embeddable":true,"href":"https:\/\/www.radiopiu.net\/wordpress\/wp-json\/wp\/v2\/comments?post=411007"}],"version-history":[{"count":1,"href":"https:\/\/www.radiopiu.net\/wordpress\/wp-json\/wp\/v2\/posts\/411007\/revisions"}],"predecessor-version":[{"id":411012,"href":"https:\/\/www.radiopiu.net\/wordpress\/wp-json\/wp\/v2\/posts\/411007\/revisions\/411012"}],"wp:featuredmedia":[{"embeddable":true,"href":"https:\/\/www.radiopiu.net\/wordpress\/wp-json\/wp\/v2\/media\/411009"}],"wp:attachment":[{"href":"https:\/\/www.radiopiu.net\/wordpress\/wp-json\/wp\/v2\/media?parent=411007"}],"wp:term":[{"taxonomy":"category","embeddable":true,"href":"https:\/\/www.radiopiu.net\/wordpress\/wp-json\/wp\/v2\/categories?post=411007"},{"taxonomy":"post_tag","embeddable":true,"href":"https:\/\/www.radiopiu.net\/wordpress\/wp-json\/wp\/v2\/tags?post=411007"}],"curies":[{"name":"wp","href":"https:\/\/api.w.org\/{rel}","templated":true}]}}