{"id":411051,"date":"2024-09-26T05:45:08","date_gmt":"2024-09-26T03:45:08","guid":{"rendered":"https:\/\/www.radiopiu.net\/wordpress\/?p=411051"},"modified":"2024-09-26T05:59:16","modified_gmt":"2024-09-26T03:59:16","slug":"il-consiglio-europeo-approva-la-riduzione-della-protezione-del-lupo","status":"publish","type":"post","link":"https:\/\/www.radiopiu.net\/wordpress\/il-consiglio-europeo-approva-la-riduzione-della-protezione-del-lupo\/","title":{"rendered":"Il Consiglio Europeo approva la riduzione della protezione del lupo"},"content":{"rendered":"<p>***<\/p>\n<p>&nbsp;<\/p>\n<blockquote><p>&nbsp;<\/p><\/blockquote>\n<p><strong><img loading=\"lazy\" decoding=\"async\" class=\"alignleft\" src=\"https:\/\/www.radiopiu.net\/wordpress\/wp-content\/uploads\/2022\/12\/232b3d51-0a29-429d-b7f9-43596670b14c.jpg\" width=\"276\" height=\"155\" \/>BRUXELLES<\/strong> Il Consiglio Europeo ha approvato l&#8217;abbassamento dello status di protezione del lupo. L\u2019europarlamentare Herbert Dorfmann ha annunciato con soddisfazione l&#8217;inizio della modifica della Convenzione di Berna, che garantir\u00e0 maggiore flessibilit\u00e0 nella gestione del lupo per stati e regioni. Con oltre 20.000 lupi in Europa, Dorfmann e altri europarlamentari hanno spinto per questo cambiamento, sollecitato anche dai crescenti attacchi al bestiame, specialmente nelle regioni alpine. La modifica abbasser\u00e0 il livello di protezione del lupo da &#8220;strettamente protetto&#8221; a &#8220;protetto&#8221;, permettendo misure pi\u00f9 efficaci a tutela degli allevamenti senza compromettere la conservazione della specie.<\/p>\n<p>&nbsp;<\/p>\n<p><iframe loading=\"lazy\" title=\"Herbert Dorfmann   Votazione riduzione protezione lupo\" width=\"1200\" height=\"675\" src=\"https:\/\/www.youtube.com\/embed\/fBdotjgQ964?feature=oembed\" frameborder=\"0\" allow=\"accelerometer; autoplay; clipboard-write; encrypted-media; gyroscope; picture-in-picture; web-share\" referrerpolicy=\"strict-origin-when-cross-origin\" allowfullscreen><\/iframe><\/p>\n<p>&nbsp;<\/p>\n<p>&nbsp;<\/p>\n<blockquote>\n<h3>Riduzione di protezione per il lupo, Calligaro: \u00abPrimo passo per tutelare la zootecnia di montagna\u00bb<\/h3>\n<\/blockquote>\n<p><strong>BELLUNO<\/strong> \u00abLa riduzione dello status di protezione del lupo \u00e8 un primo passo fondamentale per salvare, \u00e8 proprio il caso di dirlo, le attivit\u00e0 zootecniche della montagna bellunese. E per consentire agli allevatori, compresi gli hobbisti che tengono pulite le terre alte, di mandare avanti le loro attivit\u00e0 senza dover essere eroi\u00bb. Lo afferma la vice presidente della Provincia di Belluno Silvia Calligaro, delegata all\u2019agricoltura, nella giornata in cui il Consiglio europeo ha dato il via libera all\u2019abbassamento dello status di protezione del lupo. &#8220;Oggi quindi \u00e8 una giornata importante per la montagna bellunese. Un primo piccolo passo a cui potranno seguire iniziative statali a cui il governo nazionale sta gi\u00e0 lavorando\u00bb.<\/p>\n<p>&nbsp;<\/p>\n<blockquote><p><strong>Declassamento lupo, Presidente Ciambetti \u201cIl voto del Consiglio Ue va nella direzione che sostenevamo da tempo. L\u2019impegno ora continua\u201d\u00a0<\/strong><\/p><\/blockquote>\n<p><b>VENEZIA <\/b>\u00a0 \u201cIl voto odierno del Consiglio dell\u2019Unione europea non \u00e8 semplicemente un segnale ma piuttosto una presa di coscienza a livello europeo della necessit\u00e0 di strumenti di gestione efficaci. &#8211; dice il presidente del Consiglio regionale del Veneto Roberto Ciambetti-\u00a0 Abbiamo sempre sostenuto che quello del contenimento del lupo non \u00e8 un tema da affrontare in modo manicheo, con opposizioni di fazioni opposte. E\u2019 necessaria piuttosto una visione di insieme che cerchi di riportare il numero di lupi a livelli sostenibili, tenendo conto delle esigenze dei territori e delle comunit\u00e0 locali, in un bilanciamento rispettoso e intelligente. E\u2019 in questa direzione che, anche personalmente nell\u2019ambito del Comitato delle Regioni, mi sono impegnato affinch\u00e9 si andasse verso una revisione della Convenzione di Berna. Non posso che commentare quindi favorevolmente il voto odierno, che rappresenta un passo importante verso quello che sar\u00e0 il prossimo passaggio in programma a dicembre, quando il segretariato discuter\u00e0 proprio, appunto, della modifica della Convenzione di Berna\u201d.<\/p>\n","protected":false},"excerpt":{"rendered":"<p>*** &nbsp; &nbsp; BRUXELLES Il Consiglio Europeo ha approvato l&#8217;abbassamento dello status di protezione del lupo. L\u2019europarlamentare Herbert Dorfmann ha annunciato con soddisfazione l&#8217;inizio della modifica della Convenzione di Berna, che garantir\u00e0 maggiore flessibilit\u00e0 nella gestione del lupo per stati e regioni. Con oltre 20.000 lupi in Europa, Dorfmann e altri europarlamentari hanno spinto per&hellip;<\/p>\n","protected":false},"author":4,"featured_media":311528,"comment_status":"closed","ping_status":"closed","sticky":false,"template":"","format":"standard","meta":{"_monsterinsights_skip_tracking":false,"_monsterinsights_sitenote_active":false,"_monsterinsights_sitenote_note":"","_monsterinsights_sitenote_category":0,"footnotes":""},"categories":[104,49],"tags":[],"class_list":["post-411051","post","type-post","status-publish","format-standard","has-post-thumbnail","hentry","category-evidenza_3","category-news-18","category-104","category-49","description-off"],"img_url":"https:\/\/www.radiopiu.net\/wordpress\/wp-content\/uploads\/2022\/12\/232b3d51-0a29-429d-b7f9-43596670b14c.jpg","_links":{"self":[{"href":"https:\/\/www.radiopiu.net\/wordpress\/wp-json\/wp\/v2\/posts\/411051","targetHints":{"allow":["GET"]}}],"collection":[{"href":"https:\/\/www.radiopiu.net\/wordpress\/wp-json\/wp\/v2\/posts"}],"about":[{"href":"https:\/\/www.radiopiu.net\/wordpress\/wp-json\/wp\/v2\/types\/post"}],"author":[{"embeddable":true,"href":"https:\/\/www.radiopiu.net\/wordpress\/wp-json\/wp\/v2\/users\/4"}],"replies":[{"embeddable":true,"href":"https:\/\/www.radiopiu.net\/wordpress\/wp-json\/wp\/v2\/comments?post=411051"}],"version-history":[{"count":5,"href":"https:\/\/www.radiopiu.net\/wordpress\/wp-json\/wp\/v2\/posts\/411051\/revisions"}],"predecessor-version":[{"id":411082,"href":"https:\/\/www.radiopiu.net\/wordpress\/wp-json\/wp\/v2\/posts\/411051\/revisions\/411082"}],"wp:featuredmedia":[{"embeddable":true,"href":"https:\/\/www.radiopiu.net\/wordpress\/wp-json\/wp\/v2\/media\/311528"}],"wp:attachment":[{"href":"https:\/\/www.radiopiu.net\/wordpress\/wp-json\/wp\/v2\/media?parent=411051"}],"wp:term":[{"taxonomy":"category","embeddable":true,"href":"https:\/\/www.radiopiu.net\/wordpress\/wp-json\/wp\/v2\/categories?post=411051"},{"taxonomy":"post_tag","embeddable":true,"href":"https:\/\/www.radiopiu.net\/wordpress\/wp-json\/wp\/v2\/tags?post=411051"}],"curies":[{"name":"wp","href":"https:\/\/api.w.org\/{rel}","templated":true}]}}