{"id":411060,"date":"2024-09-26T00:00:21","date_gmt":"2024-09-25T22:00:21","guid":{"rendered":"https:\/\/www.radiopiu.net\/wordpress\/?p=411060"},"modified":"2024-09-26T06:00:28","modified_gmt":"2024-09-26T04:00:28","slug":"trasporto-pubblico-locale-la-regione-stanzia-quasi-65-milioni-di-euro","status":"publish","type":"post","link":"https:\/\/www.radiopiu.net\/wordpress\/trasporto-pubblico-locale-la-regione-stanzia-quasi-65-milioni-di-euro\/","title":{"rendered":"TRASPORTO PUBBLICO LOCALE: LA REGIONE STANZIA QUASI 65 MILIONI DI EURO"},"content":{"rendered":"<p>***<\/p>\n<p>&nbsp;<\/p>\n<blockquote>\n<h3><\/h3>\n<\/blockquote>\n<p><strong><a class=\"dt-pswp-item\" href=\"https:\/\/www.radiopiu.net\/wordpress\/wp-content\/uploads\/2024\/06\/DolomitiBus_Estate.png\" data-dt-img-description=\"\" data-large_image_width=\"3024\" data-large_image_height=\"1284\"><img loading=\"lazy\" decoding=\"async\" class=\" wp-image-393748 alignleft\" src=\"https:\/\/www.radiopiu.net\/wordpress\/wp-content\/uploads\/2024\/06\/DolomitiBus_Estate-300x127.png\" alt=\"\" width=\"213\" height=\"90\" srcset=\"https:\/\/www.radiopiu.net\/wordpress\/wp-content\/uploads\/2024\/06\/DolomitiBus_Estate-300x127.png 300w, https:\/\/www.radiopiu.net\/wordpress\/wp-content\/uploads\/2024\/06\/DolomitiBus_Estate-1024x435.png 1024w, https:\/\/www.radiopiu.net\/wordpress\/wp-content\/uploads\/2024\/06\/DolomitiBus_Estate-768x326.png 768w, https:\/\/www.radiopiu.net\/wordpress\/wp-content\/uploads\/2024\/06\/DolomitiBus_Estate-1536x652.png 1536w, https:\/\/www.radiopiu.net\/wordpress\/wp-content\/uploads\/2024\/06\/DolomitiBus_Estate-2048x870.png 2048w\" sizes=\"auto, (max-width: 213px) 100vw, 213px\" \/><\/a>VENEZIA<\/strong> La Regione Veneto ha stanziato 64,8 milioni di euro per sostenere il trasporto pubblico locale, anticipando il Fondo Nazionale Trasporti per garantire continuit\u00e0 e qualit\u00e0 dei servizi in un momento di difficolt\u00e0 legato all&#8217;aumento dei costi di carburante ed energia e alla ripresa scolastica. Queste risorse forniranno alle aziende la liquidit\u00e0 necessaria per coprire gli oneri contrattuali con gli enti locali. La delibera regionale prevede che il finanziamento sia suddiviso tra trasporto ferroviario (21,5 milioni) e trasporto automobilistico, tramviario e di navigazione (43,2 milioni), distribuiti tra le varie province venete. 2.179.422,84 alla provincia di Belluno.<\/p>\n<p>&nbsp;<\/p>\n","protected":false},"excerpt":{"rendered":"<p>*** &nbsp; VENEZIA La Regione Veneto ha stanziato 64,8 milioni di euro per sostenere il trasporto pubblico locale, anticipando il Fondo Nazionale Trasporti per garantire continuit\u00e0 e qualit\u00e0 dei servizi in un momento di difficolt\u00e0 legato all&#8217;aumento dei costi di carburante ed energia e alla ripresa scolastica. Queste risorse forniranno alle aziende la liquidit\u00e0 necessaria&hellip;<\/p>\n","protected":false},"author":4,"featured_media":224556,"comment_status":"closed","ping_status":"closed","sticky":false,"template":"","format":"standard","meta":{"_monsterinsights_skip_tracking":false,"_monsterinsights_sitenote_active":false,"_monsterinsights_sitenote_note":"","_monsterinsights_sitenote_category":0,"footnotes":""},"categories":[51,49],"tags":[],"class_list":["post-411060","post","type-post","status-publish","format-standard","has-post-thumbnail","hentry","category-evidenza-top","category-news-18","category-51","category-49","description-off"],"img_url":"https:\/\/www.radiopiu.net\/wordpress\/wp-content\/uploads\/2021\/07\/pullman.jpg","_links":{"self":[{"href":"https:\/\/www.radiopiu.net\/wordpress\/wp-json\/wp\/v2\/posts\/411060","targetHints":{"allow":["GET"]}}],"collection":[{"href":"https:\/\/www.radiopiu.net\/wordpress\/wp-json\/wp\/v2\/posts"}],"about":[{"href":"https:\/\/www.radiopiu.net\/wordpress\/wp-json\/wp\/v2\/types\/post"}],"author":[{"embeddable":true,"href":"https:\/\/www.radiopiu.net\/wordpress\/wp-json\/wp\/v2\/users\/4"}],"replies":[{"embeddable":true,"href":"https:\/\/www.radiopiu.net\/wordpress\/wp-json\/wp\/v2\/comments?post=411060"}],"version-history":[{"count":1,"href":"https:\/\/www.radiopiu.net\/wordpress\/wp-json\/wp\/v2\/posts\/411060\/revisions"}],"predecessor-version":[{"id":411061,"href":"https:\/\/www.radiopiu.net\/wordpress\/wp-json\/wp\/v2\/posts\/411060\/revisions\/411061"}],"wp:featuredmedia":[{"embeddable":true,"href":"https:\/\/www.radiopiu.net\/wordpress\/wp-json\/wp\/v2\/media\/224556"}],"wp:attachment":[{"href":"https:\/\/www.radiopiu.net\/wordpress\/wp-json\/wp\/v2\/media?parent=411060"}],"wp:term":[{"taxonomy":"category","embeddable":true,"href":"https:\/\/www.radiopiu.net\/wordpress\/wp-json\/wp\/v2\/categories?post=411060"},{"taxonomy":"post_tag","embeddable":true,"href":"https:\/\/www.radiopiu.net\/wordpress\/wp-json\/wp\/v2\/tags?post=411060"}],"curies":[{"name":"wp","href":"https:\/\/api.w.org\/{rel}","templated":true}]}}