{"id":411109,"date":"2024-09-26T07:55:06","date_gmt":"2024-09-26T05:55:06","guid":{"rendered":"https:\/\/www.radiopiu.net\/wordpress\/?p=411109"},"modified":"2024-09-26T13:58:06","modified_gmt":"2024-09-26T11:58:06","slug":"dal-1983-la-rassegna-stampa-locale-di-mirko-mezzacasa-46","status":"publish","type":"post","link":"https:\/\/www.radiopiu.net\/wordpress\/dal-1983-la-rassegna-stampa-locale-di-mirko-mezzacasa-46\/","title":{"rendered":"DAL 1983 LA RASSEGNA STAMPA LOCALE, DI MIRKO MEZZACASA"},"content":{"rendered":"<p>**<\/p>\n<p><iframe loading=\"lazy\" title=\"DAL 1983 LA RASSEGNA STAMPA LOCALE di mirko mezzacasa. L&#039;ORIGINALE\" width=\"1200\" height=\"675\" src=\"https:\/\/www.youtube.com\/embed\/_k5o47wv7rw?feature=oembed\" frameborder=\"0\" allow=\"accelerometer; autoplay; clipboard-write; encrypted-media; gyroscope; picture-in-picture; web-share\" referrerpolicy=\"strict-origin-when-cross-origin\" allowfullscreen><\/iframe><\/p>\n<p><strong><a class=\"dt-pswp-item\" href=\"https:\/\/www.radiopiu.net\/wordpress\/wp-content\/uploads\/2024\/09\/ba77198d-48be-4bda-96ba-d8c6a552e7d9.jpg\" data-dt-img-description=\"\" data-large_image_width=\"2048\" data-large_image_height=\"1152\"><img loading=\"lazy\" decoding=\"async\" class=\"size-medium wp-image-411100 alignleft\" src=\"https:\/\/www.radiopiu.net\/wordpress\/wp-content\/uploads\/2024\/09\/ba77198d-48be-4bda-96ba-d8c6a552e7d9-300x169.jpg\" alt=\"\" width=\"300\" height=\"169\" srcset=\"https:\/\/www.radiopiu.net\/wordpress\/wp-content\/uploads\/2024\/09\/ba77198d-48be-4bda-96ba-d8c6a552e7d9-300x169.jpg 300w, https:\/\/www.radiopiu.net\/wordpress\/wp-content\/uploads\/2024\/09\/ba77198d-48be-4bda-96ba-d8c6a552e7d9-1024x576.jpg 1024w, https:\/\/www.radiopiu.net\/wordpress\/wp-content\/uploads\/2024\/09\/ba77198d-48be-4bda-96ba-d8c6a552e7d9-768x432.jpg 768w, https:\/\/www.radiopiu.net\/wordpress\/wp-content\/uploads\/2024\/09\/ba77198d-48be-4bda-96ba-d8c6a552e7d9-1536x864.jpg 1536w, https:\/\/www.radiopiu.net\/wordpress\/wp-content\/uploads\/2024\/09\/ba77198d-48be-4bda-96ba-d8c6a552e7d9.jpg 2048w\" sizes=\"auto, (max-width: 300px) 100vw, 300px\" \/><\/a>OGGI ALLA RADIO&#8230;.<\/strong> <span style=\"color: #ff0000;\">ALLE 4 E ALLE 6<\/span> LE NOTIZIE DALL&#8217;ITALIA E DAL MONDO <span style=\"color: #ff0000;\"> 0500 <span style=\"color: #0000ff;\">\u00a0l&#8217;almanacco della nostra gente con il MUSLA\u00a0<\/span><\/span><span style=\"color: #ff0000;\"> 6.15<\/span> PIROLE DE LENGA A CURA DEL MUSLA<span style=\"color: #ff0000;\"> 7.20<\/span> EL BAL DEL FIORI, DETTI E TRADIZIONI DI GIULIANA DA RONCH <span style=\"color: #ff0000;\">8.05<\/span> LA RASSEGNA STAMPA LOCALE<span style=\"color: #ff0000;\"> 8.30\u00a0<span style=\"color: #000000;\">PIU&#8217; SIAMO CON MARINA DONA&#8217; \u00a0<\/span> 900 <span style=\"color: #0000ff;\">\u00a0l&#8217;almanacco della nostra gente con il MUSLA . <\/span><\/span><span style=\"color: #ff0000;\"><span style=\"color: #000000;\">9.10 LA MUSICA COUNTRY CON ALEX NASCIMBEN<\/span><\/span><span style=\"color: #ff0000;\"><span style=\"color: #000000;\">\u00a0<\/span><\/span><span style=\"color: #ff0000;\">9.40<\/span> VIABILITA&#8217; CON BOTOL CAR\u00a0 SERVICE (AGORDO-SEDICO-FELTRE)\u00a0\u00a0<span style=\"color: #ff0000;\"><strong>10 10<\/strong><\/span> GABRIELLA, DALLA CAMPANIA ALLA SCUOLA DELL&#8217;INFANZIA DI TAIBON, LA SUA PASSIONE LA POESIA, IN DISTRIBUZIONE IL NUOVO LIBRO (foto)<span style=\"color: #ff0000;\">\u00a0 \u00a010.30 <span style=\"color: #000000;\">\u00a0<\/span><\/span><span style=\"color: #000000;\"> SPI CGIL BELLUNO CON MARIA RITA GENTILIN\u00a0 <\/span><span style=\"color: #ff0000;\">11.30<\/span> SOTTO UN CIELO DI STELLA, ASTROFILIA CON CLAUDIO PRA\u00a0 <span style=\"color: #ff0000;\">12.00<\/span> VA TUTTO LISCIO\u00a0 <span style=\"color: #ff0000;\">12.30<\/span> GIORNALE RADIO PRINCIPALE 13 10 1900 \u00a0LA SECONDA VITA DEL SITO MINERARIO DI VALLE IMPERINA CON GIORDANO SALVATORE<span style=\"color: #ff0000;\"> 13 20 fogli e castagne, le 3 selezione di marina <\/span><span style=\"color: #ff0000;\"><span style=\"color: #000000;\">\u00a0<\/span>\u00a0<\/span><span style=\"color: #ff0000;\">15.00<\/span>\u00a0 \u00a0TIME FOR ME DI MARINA DONA&#8217; OSPITE ANTONIO FIABANE &#8220;oggi qui e domani sopra un palco&#8221; \u00a0<span style=\"color: #ff0000;\">16<\/span> IL ROCK DI MARCO COSTANTINI <span style=\"color: #ff0000;\">1645<\/span> LE HIT DI MIRCO BENCIVENNI <span style=\"color: #ff0000;\">18.00<\/span> PIU&#8217; DANCE LE SELEZIONI CHE FANNO SALTARE DI DJ JACK, JACOPO DEL TEDESCO<\/p>\n<p>&nbsp;<\/p>\n<p>&nbsp;<\/p>\n<p>&nbsp;<\/p>\n<p>&nbsp;<\/p>\n<p><a class=\"dt-pswp-item\" href=\"https:\/\/www.radiopiu.net\/wordpress\/wp-content\/uploads\/2024\/09\/COP1-2.png\" data-dt-img-description=\"\" data-large_image_width=\"451\" data-large_image_height=\"228\"><img loading=\"lazy\" decoding=\"async\" class=\"size-medium wp-image-411093 alignleft\" src=\"https:\/\/www.radiopiu.net\/wordpress\/wp-content\/uploads\/2024\/09\/COP1-2-300x152.png\" alt=\"\" width=\"300\" height=\"152\" srcset=\"https:\/\/www.radiopiu.net\/wordpress\/wp-content\/uploads\/2024\/09\/COP1-2-300x152.png 300w, https:\/\/www.radiopiu.net\/wordpress\/wp-content\/uploads\/2024\/09\/COP1-2.png 451w\" sizes=\"auto, (max-width: 300px) 100vw, 300px\" \/><\/a>SCIVOLA MENTRE LAVORA NEL BOSCO<br \/>\nSAN TOMASO un uomo \u00e8 scivolato nel greto in secca di un ruscello in localit\u00e0 Vare. Il 65enne del posto stava trasportando legna con una carriola sull\u2019argine tra due strade non distante dall\u2019abitato, quando ha perso l\u2019equilibrio ed \u00e8 caduto riportando escoriazioni, \u00e8 stato raggiunto da una squadra, affiancata dal tecnico di elisoccorso e dall\u2019equipe medica dall\u2019eliambulanza di Pieve di Cadore.<\/p>\n<p>BOSCAIOLO COLPITO DA UNA PIANTA<br \/>\nBORGO VALBELLUNA\u00a0 boscaiolo colpito da un grosso ramo durante il taglio di una pianta. A seguito della frustata, il 59enne di Borgo Valbelluna), che si trovava nei boschi di Col Moscher a Lentiai, ha riportato una ferita alla testa e la frattura di una gamba. L&#8217;infortunato \u00e8 stato trasportato all&#8217;ospedale di Belluno.<\/p>\n<p>AUTO IN FIAMME A CHIES D&#8217;ALPAGO<br \/>\nCHIES D&#8217;ALPAGO i vigili del fuoco sono intervenuti in via Alessandro Manzoni a Chies d\u2019Alpago per l\u2019incendio di un\u2019auto: nessuna persona \u00e8 rimasta ferita. Durante il tragitto, l\u2019autista si \u00e8 accorto che qualcosa non andava, si \u00e8 fermato ed \u00e8 sceso, mentre l\u2019auto ha preso fuoco. Le cause, probabilmente di natura elettromeccanica.<\/p>\n<p>IL LUTTO<br \/>\nBELLUNO La parrocchia di Mussoi e la Provincia Veneta dei Frati Minori Cappuccini piangono padre Gianfranco Gino Pistore, scomparso a 86 anni. Figura di riferimento per la parrocchia e la mensa dei poveri, \u00e8 ricordato per la sua mitezza e dolcezza.<\/p>\n<p>&nbsp;<\/p>\n<p>&nbsp;<\/p>\n<p><a class=\"dt-pswp-item\" href=\"https:\/\/www.radiopiu.net\/wordpress\/wp-content\/uploads\/2024\/09\/cc5b4767-6e1f-4fd2-ad55-f2c7e5020028.jpg\" data-dt-img-description=\"\" data-large_image_width=\"1600\" data-large_image_height=\"1600\"><img loading=\"lazy\" decoding=\"async\" class=\" wp-image-411089 alignleft\" src=\"https:\/\/www.radiopiu.net\/wordpress\/wp-content\/uploads\/2024\/09\/cc5b4767-6e1f-4fd2-ad55-f2c7e5020028-300x300.jpg\" alt=\"\" width=\"242\" height=\"242\" srcset=\"https:\/\/www.radiopiu.net\/wordpress\/wp-content\/uploads\/2024\/09\/cc5b4767-6e1f-4fd2-ad55-f2c7e5020028-300x300.jpg 300w, https:\/\/www.radiopiu.net\/wordpress\/wp-content\/uploads\/2024\/09\/cc5b4767-6e1f-4fd2-ad55-f2c7e5020028-1024x1024.jpg 1024w, https:\/\/www.radiopiu.net\/wordpress\/wp-content\/uploads\/2024\/09\/cc5b4767-6e1f-4fd2-ad55-f2c7e5020028-150x150.jpg 150w, https:\/\/www.radiopiu.net\/wordpress\/wp-content\/uploads\/2024\/09\/cc5b4767-6e1f-4fd2-ad55-f2c7e5020028-768x768.jpg 768w, https:\/\/www.radiopiu.net\/wordpress\/wp-content\/uploads\/2024\/09\/cc5b4767-6e1f-4fd2-ad55-f2c7e5020028-1536x1536.jpg 1536w, https:\/\/www.radiopiu.net\/wordpress\/wp-content\/uploads\/2024\/09\/cc5b4767-6e1f-4fd2-ad55-f2c7e5020028.jpg 1600w\" sizes=\"auto, (max-width: 242px) 100vw, 242px\" \/><\/a>Pacifisti assolti per vilipendio alla bandiera<br \/>\nFELTRE G.P. e R.F., accusati di vilipendio alla bandiera per aver staccato tricolori durante una protesta a Feltre, sono stati assolti dal giudice Domenico Riposati. La Procura aveva chiesto tre mesi di reclusione, ma i difensori hanno dimostrato l&#8217;assenza di intenzionale disprezzo<\/p>\n<p>Condannato per porto illegale di coltelli in centro<br \/>\nFELTRE B.C., fermato in piazza Isola con coltelli e uno spadino nello zaino, \u00e8 stato condannato a mille euro di ammenda con pena sospesa. Il giudice Domenico Riposati ha respinto la richiesta di assoluzione, riconoscendo la particolare tenuit\u00e0 del fatto.<\/p>\n<p>TRASPORTO PUBBLICO LOCALE: LA REGIONE STANZIA QUASI 65 MILIONI DI EURO<br \/>\nVENEZIA La Regione Veneto ha stanziato 64,8 milioni di euro per sostenere il trasporto pubblico locale, anticipando il Fondo Nazionale Trasporti per garantire continuit\u00e0 e qualit\u00e0 dei servizi in un momento di difficolt\u00e0 legato all&#8217;aumento dei costi di carburante ed energia e alla ripresa scolastica<\/p>\n<p>TRASPORTO SCOLASTICO A PONTE NELLE ALPI: INTERROGAZIONE DELLA MINORANZA<br \/>\nPONTE NELLE ALPI Il gruppo consiliare Fare Comune ha presentato un&#8217;interrogazione urgente riguardante la gestione del trasporto scolastico per l&#8217;anno 2024\/2025, criticando la mancanza di trasparenza da parte dell&#8217;Amministrazione Comunale.<\/p>\n<p>Vivaio Dolomiti contro il progetto dell&#8217;elettrodotto<br \/>\nBELLUNO Gianni Pastella, portavoce di Vivaio Dolomiti, critica il progetto di razionalizzazione dell&#8217;elettrodotto della Media Valle del Piave proposto da Terna. L\u2019associazione chiede l&#8217;uso di tecnologie moderne, come l&#8217;interramento dei cavi, e un percorso alternativo lungo l&#8217;A27, esortando i comuni a prendere una posizione ufficiale.<\/p>\n<p><a class=\"dt-pswp-item\" href=\"https:\/\/www.radiopiu.net\/wordpress\/wp-content\/uploads\/2024\/09\/00000XLL.jpeg\" data-dt-img-description=\"\" data-large_image_width=\"500\" data-large_image_height=\"288\"><img loading=\"lazy\" decoding=\"async\" class=\"size-medium wp-image-411084 alignleft\" src=\"https:\/\/www.radiopiu.net\/wordpress\/wp-content\/uploads\/2024\/09\/00000XLL-300x173.jpeg\" alt=\"\" width=\"300\" height=\"173\" srcset=\"https:\/\/www.radiopiu.net\/wordpress\/wp-content\/uploads\/2024\/09\/00000XLL-300x173.jpeg 300w, https:\/\/www.radiopiu.net\/wordpress\/wp-content\/uploads\/2024\/09\/00000XLL.jpeg 500w\" sizes=\"auto, (max-width: 300px) 100vw, 300px\" \/><\/a>ASSICURAZIONI ANTI CALAMITA&#8217; NATURALI: I DUBBI DI CONFARTIGIANATO<br \/>\nBELLUNO Confartigianato Imprese Belluno critica l&#8217;introduzione, dal 1\u00b0 gennaio 2025, dell&#8217;obbligo per le imprese di sottoscrivere una polizza assicurativa contro catastrofi naturali, definendolo un provvedimento inapplicabile e lacunoso. L&#8217;associazione evidenzia l&#8217;assenza di linee guida chiare su premi e danni, lasciando eccessiva libert\u00e0 alle compagnie assicurative.<\/p>\n<p>OPEN WEEK DEDICATO ALLE MALATTIE CARDIOVASCOLARI<br \/>\nBELLUNO In occasione della Giornata Mondiale del Cuore, l&#8217;Ulss Dolomiti ha aderito all&#8217;iniziativa della Fondazione Onda, dedicata alla prevenzione cardiovascolare, organizzando incontri aperti al pubblico. Il primo si terr\u00e0 il 30 settembre a Belluno<\/p>\n<p>Il 29 settembre si celebra la Giornata Mondiale del Cuore: consapevolezza e donazione di sangue<br \/>\nFALCADE In occasione della Giornata Mondiale del Cuore, il 29 settembre, si sensibilizza sull&#8217;importanza delle manovre salvavita per la salute cardiovascolare. In questa cornice, i Donatori ABVS di Falcade saranno presenti per far conoscere il mondo della donazione di sangue e il suo valore fondamentale. Porte aperte a Falcade anche venerd\u00ec 27 e luned\u00ec 30 settembre, per promuovere la salute e la solidariet\u00e0 verso il prossimo.<\/p>\n<p>SPORT IN ACQUA 2024<br \/>\nBELLUNO L&#8217;edizione 2024 di &#8220;Sport in Acqua&#8221;, svoltasi alla Piscina comunale di Lambioi, ha visto la partecipazione di oltre 350 bambini delle scuole primarie di Belluno. L&#8217;evento, una vera festa dell&#8217;acqua, ha coinvolto i piccoli nuotatori in prove ludiche di diverse abilit\u00e0, guidati da istruttori, inclusa un\u2019istruttrice per bambini con disabilit\u00e0.<\/p>\n<p>&nbsp;<\/p>\n<p>&nbsp;<\/p>\n<p><a class=\"dt-pswp-item\" href=\"https:\/\/www.radiopiu.net\/wordpress\/wp-content\/uploads\/2024\/09\/25092024_011031_foto1.jpg\" data-dt-img-description=\"\" data-large_image_width=\"1408\" data-large_image_height=\"1067\"><img loading=\"lazy\" decoding=\"async\" class=\"size-medium wp-image-411043 alignleft\" src=\"https:\/\/www.radiopiu.net\/wordpress\/wp-content\/uploads\/2024\/09\/25092024_011031_foto1-300x227.jpg\" alt=\"\" width=\"300\" height=\"227\" srcset=\"https:\/\/www.radiopiu.net\/wordpress\/wp-content\/uploads\/2024\/09\/25092024_011031_foto1-300x227.jpg 300w, https:\/\/www.radiopiu.net\/wordpress\/wp-content\/uploads\/2024\/09\/25092024_011031_foto1-1024x776.jpg 1024w, https:\/\/www.radiopiu.net\/wordpress\/wp-content\/uploads\/2024\/09\/25092024_011031_foto1-768x582.jpg 768w, https:\/\/www.radiopiu.net\/wordpress\/wp-content\/uploads\/2024\/09\/25092024_011031_foto1.jpg 1408w\" sizes=\"auto, (max-width: 300px) 100vw, 300px\" \/><\/a>DILLO A RADIO PIU: La riflessione sulla gestione del territorio montano<br \/>\nREDAZIONE Continua il dibattito sui nuovi impianti di collegamento sciistico. Da Beatrice Colcuc riceviamo un commento anche alle\u00a0 considerazioni di Damiano Demattia, Davide Colcuc e Aldo Da Ronch: il confronto aperto \u00e8 essenziale. &#8220;Il nostro territorio &#8211; dir\u00e0 Beatrice-\u00a0 ha bisogno di un&#8217;economia sostenibile e non di nuovi impianti di risalita, ormai saturi e inutili per risolvere i problemi di traffico. Occorre un&#8217;educazione al rispetto ambientale e un dialogo tra cittadini e politici per gestire al meglio le risorse&#8221;. LA LUNGA E COMPLETA LETTERA SUL SITO DI RADIOPIU NEL GIORNALE RADIOPIU DI OGGI<\/p>\n<p>Il Consiglio Europeo approva la riduzione della protezione del lupo<br \/>\nBRUXELLES Il Consiglio Europeo ha approvato l&#8217;abbassamento dello status di protezione del lupo. L\u2019europarlamentare Herbert Dorfmann ha annunciato con soddisfazione l&#8217;inizio della modifica della Convenzione di Berna, che garantir\u00e0 maggiore flessibilit\u00e0 nella gestione del lupo per stati e regioni.<\/p>\n<p>IL COLONNELLO GUARINO CONSEGNA IL COMANDO PROVINCIALE DELLA GUARDIA DI FINANZA AL COLONNELLO ATZORI<br \/>\nBELLUNO Al Comando Provinciale della Guardia di Finanza di Belluno, si \u00e8 tenuta la cerimonia di passaggio di consegne tra il Colonnello Dario Guarino e il Colonnello Roberto Atzori. L&#8217;evento si \u00e8 svolto alla presenza del Comandante Regionale Veneto, Generale di Divisione Riccardo Rapanotti.<\/p>\n<p>Tutela dell\u2019habitat fluviale: Provincia e Bacini di Pesca uniti per la fauna ittica<br \/>\nBELLUNO La Provincia e i Bacini di Pesca collaborano per proteggere i corsi d\u2019acqua e la fauna ittica. La vicepresidente Silvia Calligaro ha incontrato i rappresentanti dei Bacini del Cadore per discutere le problematiche comuni.<\/p>\n<p>&nbsp;<\/p>\n","protected":false},"excerpt":{"rendered":"<p>** OGGI ALLA RADIO&#8230;. ALLE 4 E ALLE 6 LE NOTIZIE DALL&#8217;ITALIA E DAL MONDO 0500 \u00a0l&#8217;almanacco della nostra gente con il MUSLA\u00a0 6.15 PIROLE DE LENGA A CURA DEL MUSLA 7.20 EL BAL DEL FIORI, DETTI E TRADIZIONI DI GIULIANA DA RONCH 8.05 LA RASSEGNA STAMPA LOCALE 8.30\u00a0PIU&#8217; SIAMO CON MARINA DONA&#8217; \u00a0 900&hellip;<\/p>\n","protected":false},"author":4,"featured_media":411093,"comment_status":"closed","ping_status":"closed","sticky":false,"template":"","format":"standard","meta":{"_monsterinsights_skip_tracking":false,"_monsterinsights_sitenote_active":false,"_monsterinsights_sitenote_note":"","_monsterinsights_sitenote_category":0,"footnotes":""},"categories":[104,49,142],"tags":[],"class_list":["post-411109","post","type-post","status-publish","format-standard","has-post-thumbnail","hentry","category-evidenza_3","category-news-18","category-rassegna-stampa","category-104","category-49","category-142","description-off"],"img_url":"https:\/\/www.radiopiu.net\/wordpress\/wp-content\/uploads\/2024\/09\/COP1-2.png","_links":{"self":[{"href":"https:\/\/www.radiopiu.net\/wordpress\/wp-json\/wp\/v2\/posts\/411109","targetHints":{"allow":["GET"]}}],"collection":[{"href":"https:\/\/www.radiopiu.net\/wordpress\/wp-json\/wp\/v2\/posts"}],"about":[{"href":"https:\/\/www.radiopiu.net\/wordpress\/wp-json\/wp\/v2\/types\/post"}],"author":[{"embeddable":true,"href":"https:\/\/www.radiopiu.net\/wordpress\/wp-json\/wp\/v2\/users\/4"}],"replies":[{"embeddable":true,"href":"https:\/\/www.radiopiu.net\/wordpress\/wp-json\/wp\/v2\/comments?post=411109"}],"version-history":[{"count":4,"href":"https:\/\/www.radiopiu.net\/wordpress\/wp-json\/wp\/v2\/posts\/411109\/revisions"}],"predecessor-version":[{"id":411121,"href":"https:\/\/www.radiopiu.net\/wordpress\/wp-json\/wp\/v2\/posts\/411109\/revisions\/411121"}],"wp:featuredmedia":[{"embeddable":true,"href":"https:\/\/www.radiopiu.net\/wordpress\/wp-json\/wp\/v2\/media\/411093"}],"wp:attachment":[{"href":"https:\/\/www.radiopiu.net\/wordpress\/wp-json\/wp\/v2\/media?parent=411109"}],"wp:term":[{"taxonomy":"category","embeddable":true,"href":"https:\/\/www.radiopiu.net\/wordpress\/wp-json\/wp\/v2\/categories?post=411109"},{"taxonomy":"post_tag","embeddable":true,"href":"https:\/\/www.radiopiu.net\/wordpress\/wp-json\/wp\/v2\/tags?post=411109"}],"curies":[{"name":"wp","href":"https:\/\/api.w.org\/{rel}","templated":true}]}}