{"id":411124,"date":"2024-09-27T05:41:45","date_gmt":"2024-09-27T03:41:45","guid":{"rendered":"https:\/\/www.radiopiu.net\/wordpress\/?p=411124"},"modified":"2024-09-27T08:39:36","modified_gmt":"2024-09-27T06:39:36","slug":"giornaleradiopiu27sette24","status":"publish","type":"post","link":"https:\/\/www.radiopiu.net\/wordpress\/giornaleradiopiu27sette24\/","title":{"rendered":"GIORNALE RADIOPIU 27 SETTEMBRE 2024 DIRETTORE MIRKO MEZZACASA\u2026DA 41 ANNI 25 GIUGNO 1983-25 GIUGNO 2024"},"content":{"rendered":"<h1>**<\/h1>\n<blockquote>\n<h3><span style=\"font-size: 14px; font-weight: normal;\">\u00a0<\/span><\/h3>\n<\/blockquote>\n<h3><span style=\"color: #ff0000;\"><a class=\"dt-pswp-item\" href=\"https:\/\/www.radiopiu.net\/wordpress\/wp-content\/uploads\/2021\/06\/68d028ad-2468-42a2-a92d-95fbdaa97527.jpg\" data-dt-img-description=\"\" data-large_image_width=\"1024\" data-large_image_height=\"768\"><img loading=\"lazy\" decoding=\"async\" class=\"wp-image-213618 alignleft\" src=\"https:\/\/www.radiopiu.net\/wordpress\/wp-content\/uploads\/2021\/06\/68d028ad-2468-42a2-a92d-95fbdaa97527-300x225.jpg\" alt=\"\" width=\"155\" height=\"116\" srcset=\"https:\/\/www.radiopiu.net\/wordpress\/wp-content\/uploads\/2021\/06\/68d028ad-2468-42a2-a92d-95fbdaa97527-300x225.jpg 300w, https:\/\/www.radiopiu.net\/wordpress\/wp-content\/uploads\/2021\/06\/68d028ad-2468-42a2-a92d-95fbdaa97527-768x576.jpg 768w, https:\/\/www.radiopiu.net\/wordpress\/wp-content\/uploads\/2021\/06\/68d028ad-2468-42a2-a92d-95fbdaa97527.jpg 1024w\" sizes=\"auto, (max-width: 155px) 100vw, 155px\" \/><\/a>PROTESTE CONTINUE&#8230; LA SVOLTA? <\/span><\/h3>\n<h3>Per le aziende del trasporto pubblico locale la Regione ha stanziato 65 milioni di euro<\/h3>\n<h3>Dolomitibus sar\u00e0 convocata per un tavolo di confronto in Prefettura. Lo anticipa il prefetto Antonello Roccoberton.<\/h3>\n<h3><span style=\"font-size: 14px; font-weight: normal;\">Giovani&amp;Futuro chiedono alla societ\u00e0 un piano serio. <em>&#8220;Basta fare propaganda sulla pelle dei cittadini&#8221;.<\/em>\u00a0 Intanto gli abbonati (85%) bocciano il servizio pubblico, oltre 300 segnalazioni,\u00a0 di disservizi, penalizzati gli studenti<\/span><\/h3>\n<p>&nbsp;<\/p>\n<hr \/>\n<p>&nbsp;<\/p>\n<p><em><span style=\"color: #ff0000;\">ATTENZIONE: LA NUOVA APP PER IOS-IPHONE di Nicola Vettorello <\/span><\/em><a href=\"https:\/\/apps.apple.com\/it\/app\/radio-pi%C3%B9-emittente-agordina\/id1515939845\">https:\/\/apps.apple.com\/it\/app\/radio-pi%C3%B9-emittente-agordina\/id1515939845<\/a><\/p>\n<p><em style=\"color: #ff0000;\">ATTENZIONE: LA NUOVA APP RADIO\u00a0 PER ANDROID di Nicola Vettorello<\/em><\/p>\n<p><a href=\"https:\/\/play.google.com\/store\/apps\/details?id=net.radiopiu.iniko\" target=\"_blank\" rel=\"noopener noreferrer\">https:\/\/<\/a><a href=\"https:\/\/play.google.com\/store\/apps\/details?id=net.radiopiu.iniko\" target=\"_blank\" rel=\"noopener noreferrer\">play.google.com\/store\/apps\/details?id=net.radiopiu.iniko\u00a0\u00a0\u00a0<\/a><\/p>\n<p>&nbsp;<\/p>\n<hr \/>\n<p>&nbsp;<\/p>\n<p><strong><a class=\"dt-pswp-item\" href=\"https:\/\/www.radiopiu.net\/wordpress\/wp-content\/uploads\/2024\/09\/VK-BUFFAURE-Locandina.jpeg\" data-dt-img-description=\"\" data-large_image_width=\"1131\" data-large_image_height=\"1600\"><img loading=\"lazy\" decoding=\"async\" class=\"size-medium wp-image-411209 alignleft\" src=\"https:\/\/www.radiopiu.net\/wordpress\/wp-content\/uploads\/2024\/09\/VK-BUFFAURE-Locandina-212x300.jpeg\" alt=\"\" width=\"212\" height=\"300\" srcset=\"https:\/\/www.radiopiu.net\/wordpress\/wp-content\/uploads\/2024\/09\/VK-BUFFAURE-Locandina-212x300.jpeg 212w, https:\/\/www.radiopiu.net\/wordpress\/wp-content\/uploads\/2024\/09\/VK-BUFFAURE-Locandina-724x1024.jpeg 724w, https:\/\/www.radiopiu.net\/wordpress\/wp-content\/uploads\/2024\/09\/VK-BUFFAURE-Locandina-768x1086.jpeg 768w, https:\/\/www.radiopiu.net\/wordpress\/wp-content\/uploads\/2024\/09\/VK-BUFFAURE-Locandina-1086x1536.jpeg 1086w, https:\/\/www.radiopiu.net\/wordpress\/wp-content\/uploads\/2024\/09\/VK-BUFFAURE-Locandina.jpeg 1131w\" sizes=\"auto, (max-width: 212px) 100vw, 212px\" \/><\/a>OGGI ALLA RADIO&#8230;.<\/strong> <span style=\"color: #ff0000;\">ALLE 4 E ALLE 6<\/span> LE NOTIZIE DALL&#8217;ITALIA E DAL MONDO <span style=\"color: #ff0000;\"> 0500\u00a0 <span style=\"color: #0000ff;\">l&#8217;almanacco della nostra gente con il MUSLA\u00a0<\/span><\/span><span style=\"color: #ff0000;\"> 6.15<\/span> PIROLE DE LENGA A CURA DEL MUSLA<span style=\"color: #ff0000;\"> 7.20<\/span> EL BAL DEL FIORI, DETTI E TRADIZIONI DI GIULIANA DA RONCH <span style=\"color: #ff0000;\">8.05<\/span> LA RASSEGNA STAMPA LOCALE<span style=\"color: #ff0000;\"> 8.30\u00a0<span style=\"color: #000000;\">PIU&#8217; SIAMO CON MARINA DONA&#8217; \u00a0<\/span> 900 <span style=\"color: #0000ff;\">l&#8217;almanacco della nostra gente con il MUSLA . <\/span><\/span><span style=\"color: #ff0000;\"><span style=\"color: #000000;\"><span style=\"color: #ff0000;\">9.10<\/span> PREMIER LE NOVITA&#8217; MUSICALI DI MARCO GAZ <span style=\"color: #ff0000;\">\u00a09.20<\/span> CLAUDIO MEZZAVILLA, PROLOCO SEDICO <\/span><\/span><span style=\"color: #ff0000;\"><span style=\"color: #000000;\">\u00a0<\/span><\/span><span style=\"color: #ff0000;\">9.40<\/span> VIABILITA&#8217; CON BOTOL CAR SERVICE (AGORDO-SEDICO-FELTRE) <span style=\"color: #ff0000;\">9.45<\/span> <span style=\"color: #ff0000;\"><span style=\"color: #000000;\">LA MUSICA OTTANTA DI MONICA FONTANIVE<\/span><\/span> <span style=\"color: #ff0000;\">1010<span style=\"color: #000000;\"> MUSLA, LE NOVE IN LADIN CON IL MUSLA CON ANNA DA FALCADE<\/span> 10.30\u00a0 <span style=\"color: #000000;\">VERTICAL IN VAL DI FASSA, TAPPA NUMERO 2 DI MATTIA VALENTINI (FOTO)\u00a0<\/span><\/span><span style=\"color: #000000;\">\u00a0<\/span><span style=\"color: #ff0000;\">11.30<\/span> SOTTO UN CIELO DI STELLE, ASTROFILIA CON CLAUDIO PRA\u00a0 <span style=\"color: #ff0000;\">12.00<\/span> VA TUTTO LISCIO\u00a0 <span style=\"color: #ff0000;\">12.30<\/span> GIORNALE RADIO PRINCIPALE<span style=\"color: #ff0000;\"> 13.10 <span style=\"color: #000000;\">GABRIELLA CRISCI, POESIA<\/span>\u00a0 13.20<span style=\"color: #000000;\"> FOGLIE E CASTAGNE LE TRE SELEZIONI DI MARINA DONA&#8217; <span style=\"color: #ff0000;\">1400<\/span> GOLDEN CLASSIC CON MARCO EDELVAIS\u00a0 <\/span><\/span><span style=\"color: #ff0000;\">15.00<\/span>\u00a0 \u00a0 WEEK END MARINA C&#8217;E&#8217;\u00a0 \u00a0<span style=\"color: #ff0000;\">16<\/span> IL ROCK DI MARCO COSTANTINI <span style=\"color: #ff0000;\">1645<\/span> LE HIT DI MIRCO BENCIVENNI <span style=\"color: #ff0000;\">18.00<\/span> PIU&#8217; DANCE LE SELEZIONI CHE FANNO SALTARE DI DJ JACK, JACOPO DEL TEDESCO <span style=\"color: #ff0000;\">1900 COOPERATIVA DI CORTINA, LE NOVITA&#8217; ALLA RADIO\u00a0<\/span><\/p>\n<p><strong>rassegna stampa nazionale,<\/strong> ogni giorno alle 5 e alle 6 del mattino<br \/>\ngiornali locali 7 rassegna stampa flash, 8 rassegna stampa, gr flash alle 10 e alle 11, principale 12.30. Informazione pomeriggio alle 15 (speciale) 16, 17, 18. Giornale radio nazionale: ogni ora dalle 5 del mattino, alle 20 della sera.<\/p>\n<p>&nbsp;<\/p>\n<p>&nbsp;<\/p>\n<hr \/>\n<p>&nbsp;<\/p>\n<p>&nbsp;<\/p>\n<div class=\"x11i5rnm xat24cr x1mh8g0r x1vvkbs xtlvy1s x126k92a\">\n<div dir=\"auto\">\n<div dir=\"auto\">\n<p><strong><a class=\"dt-pswp-item\" href=\"https:\/\/www.radiopiu.net\/wordpress\/wp-content\/uploads\/2024\/02\/2d44e751-d8a8-461b-8e22-d8e4e853b032.jpg\" data-dt-img-description=\"\" data-large_image_width=\"1600\" data-large_image_height=\"1200\"><img loading=\"lazy\" decoding=\"async\" class=\"wp-image-373307 alignleft\" src=\"https:\/\/www.radiopiu.net\/wordpress\/wp-content\/uploads\/2024\/02\/2d44e751-d8a8-461b-8e22-d8e4e853b032-300x225.jpg\" alt=\"\" width=\"105\" height=\"79\" srcset=\"https:\/\/www.radiopiu.net\/wordpress\/wp-content\/uploads\/2024\/02\/2d44e751-d8a8-461b-8e22-d8e4e853b032-300x225.jpg 300w, https:\/\/www.radiopiu.net\/wordpress\/wp-content\/uploads\/2024\/02\/2d44e751-d8a8-461b-8e22-d8e4e853b032-1024x768.jpg 1024w, https:\/\/www.radiopiu.net\/wordpress\/wp-content\/uploads\/2024\/02\/2d44e751-d8a8-461b-8e22-d8e4e853b032-768x576.jpg 768w, https:\/\/www.radiopiu.net\/wordpress\/wp-content\/uploads\/2024\/02\/2d44e751-d8a8-461b-8e22-d8e4e853b032-1536x1152.jpg 1536w, https:\/\/www.radiopiu.net\/wordpress\/wp-content\/uploads\/2024\/02\/2d44e751-d8a8-461b-8e22-d8e4e853b032.jpg 1600w\" sizes=\"auto, (max-width: 105px) 100vw, 105px\" \/><\/a>EL BAL DEL FIOR, DI GIULIANA DA RONCH, 27 SETTEMBRE<\/strong><strong>\u00a02024<\/strong><\/p>\n<\/div>\n<\/div>\n<\/div>\n<div class=\"x11i5rnm xat24cr x1mh8g0r x1vvkbs xtlvy1s x126k92a\"><\/div>\n<audio class=\"wp-audio-shortcode\" id=\"audio-411124-1\" preload=\"none\" style=\"width: 100%;\" controls=\"controls\"><source type=\"audio\/mpeg\" src=\"https:\/\/www.radiopiu.net\/wordpress\/wp-content\/uploads\/2024\/09\/GVE-3.mp3?_=1\" \/><a href=\"https:\/\/www.radiopiu.net\/wordpress\/wp-content\/uploads\/2024\/09\/GVE-3.mp3\">https:\/\/www.radiopiu.net\/wordpress\/wp-content\/uploads\/2024\/09\/GVE-3.mp3<\/a><\/audio>\n<p>&nbsp;<\/p>\n<hr \/>\n<p>&nbsp;<\/p>\n<div class=\"x11i5rnm xat24cr x1mh8g0r x1vvkbs xtlvy1s x126k92a\">\n<h1><span style=\"color: #ff0000;\"><a class=\"dt-pswp-item\" href=\"https:\/\/www.radiopiu.net\/wordpress\/wp-content\/uploads\/2024\/06\/th-5.jpg\" data-dt-img-description=\"\" data-large_image_width=\"326\" data-large_image_height=\"180\"><img loading=\"lazy\" decoding=\"async\" class=\"size-medium wp-image-395881 alignleft\" src=\"https:\/\/www.radiopiu.net\/wordpress\/wp-content\/uploads\/2024\/06\/th-5-300x166.jpg\" alt=\"\" width=\"300\" height=\"166\" srcset=\"https:\/\/www.radiopiu.net\/wordpress\/wp-content\/uploads\/2024\/06\/th-5-300x166.jpg 300w, https:\/\/www.radiopiu.net\/wordpress\/wp-content\/uploads\/2024\/06\/th-5.jpg 326w\" sizes=\"auto, (max-width: 300px) 100vw, 300px\" \/><\/a><\/span><\/h1>\n<h1><\/h1>\n<h1><\/h1>\n<h1><span style=\"color: #000000;\">27 SETTEMBRE&#8230; alla radio l&#8217;almanacco\u00a0<\/span><\/h1>\n<audio class=\"wp-audio-shortcode\" id=\"audio-411124-2\" preload=\"none\" style=\"width: 100%;\" controls=\"controls\"><source type=\"audio\/mpeg\" src=\"https:\/\/www.radiopiu.net\/wordpress\/wp-content\/uploads\/2024\/09\/ALMANACCONEW-23.mp3?_=2\" \/><a href=\"https:\/\/www.radiopiu.net\/wordpress\/wp-content\/uploads\/2024\/09\/ALMANACCONEW-23.mp3\">https:\/\/www.radiopiu.net\/wordpress\/wp-content\/uploads\/2024\/09\/ALMANACCONEW-23.mp3<\/a><\/audio>\n<p>&nbsp;<\/p>\n<p>&nbsp;<\/p>\n<p>&nbsp;<\/p>\n<hr \/>\n<p>&nbsp;<\/p>\n<p>&nbsp;<\/p>\n<blockquote>\n<h1><strong><a class=\"dt-pswp-item\" href=\"https:\/\/www.radiopiu.net\/wordpress\/wp-content\/uploads\/2024\/09\/settembre-2024-calendario-it2.jpg\" data-dt-img-description=\"Optimized by JPEGmini 3.13.0.8 0x813388d2\" data-large_image_width=\"1325\" data-large_image_height=\"1004\"><img loading=\"lazy\" decoding=\"async\" class=\" wp-image-409701 alignleft\" src=\"https:\/\/www.radiopiu.net\/wordpress\/wp-content\/uploads\/2024\/09\/settembre-2024-calendario-it2-300x227.jpg\" alt=\"\" width=\"187\" height=\"142\" srcset=\"https:\/\/www.radiopiu.net\/wordpress\/wp-content\/uploads\/2024\/09\/settembre-2024-calendario-it2-300x227.jpg 300w, https:\/\/www.radiopiu.net\/wordpress\/wp-content\/uploads\/2024\/09\/settembre-2024-calendario-it2-1024x776.jpg 1024w, https:\/\/www.radiopiu.net\/wordpress\/wp-content\/uploads\/2024\/09\/settembre-2024-calendario-it2-768x582.jpg 768w, https:\/\/www.radiopiu.net\/wordpress\/wp-content\/uploads\/2024\/09\/settembre-2024-calendario-it2.jpg 1325w\" sizes=\"auto, (max-width: 187px) 100vw, 187px\" \/><\/a>N di parom &#8211; L Almanach de la nosta jent<\/strong><\/h1>\n<\/blockquote>\n<p>Le voci: Davide Conedera, Agordo, Michela Dell&#8217;Osbel, La Valle Agordina Simone Ganz, Falcade Veronica Lezuo, Colle Santa Lucia. La voce nella sigla \u00e8 di Giorgia Taio<\/p>\n<p><strong>LA PUNTATA DI OGGI, 27 SETTEMBRE<\/strong><\/p>\n<audio class=\"wp-audio-shortcode\" id=\"audio-411124-3\" preload=\"none\" style=\"width: 100%;\" controls=\"controls\"><source type=\"audio\/mpeg\" src=\"https:\/\/www.radiopiu.net\/wordpress\/wp-content\/uploads\/2024\/09\/27_setember_Davide-2.mp3?_=3\" \/><a href=\"https:\/\/www.radiopiu.net\/wordpress\/wp-content\/uploads\/2024\/09\/27_setember_Davide-2.mp3\">https:\/\/www.radiopiu.net\/wordpress\/wp-content\/uploads\/2024\/09\/27_setember_Davide-2.mp3<\/a><\/audio>\n<p><strong>\u00a0<\/strong><\/p>\n<p><strong>\u00a0<\/strong><\/p>\n<p>&nbsp;<\/p>\n<p>&nbsp;<\/p>\n<div dir=\"auto\">\n<hr \/>\n<\/div>\n<\/div>\n<blockquote>\n<blockquote>\n<h1><span style=\"color: #ff0000;\">\u00a0<\/span><\/h1>\n<h1><span style=\"color: #ff0000;\">I podcast informativi del mattino &#8211; audio &#8211;\u00a0\u00a0<\/span><\/h1>\n<\/blockquote>\n<p><strong><a class=\"dt-pswp-item\" href=\"https:\/\/www.radiopiu.net\/wordpress\/wp-content\/uploads\/2023\/11\/th-10.jpg\" data-dt-img-description=\"\" data-large_image_width=\"320\" data-large_image_height=\"180\"><img loading=\"lazy\" decoding=\"async\" class=\"wp-image-362866 alignleft\" src=\"https:\/\/www.radiopiu.net\/wordpress\/wp-content\/uploads\/2023\/11\/th-10-300x169.jpg\" alt=\"\" width=\"185\" height=\"104\" srcset=\"https:\/\/www.radiopiu.net\/wordpress\/wp-content\/uploads\/2023\/11\/th-10-300x169.jpg 300w, https:\/\/www.radiopiu.net\/wordpress\/wp-content\/uploads\/2023\/11\/th-10.jpg 320w\" sizes=\"auto, (max-width: 185px) 100vw, 185px\" \/><\/a>LA RASSEGNA STAMPA NAZIONALE ALLA RADIO, OGNI GIORNO ALLE 5 E ALLE 6 DEL MATTINO <span style=\"color: #0000ff;\">viene pubblicata alle 6.00 <span style=\"color: #ff0000;\">DIRETTA RADIO\u00a0 \u00a0\u00a0<\/span><\/span><\/strong><\/p><\/blockquote>\n<p>&nbsp;<\/p>\n<p><strong>NOTIZIE DELLA NOTTE\u00a0 \u00a0 \u00a0<\/strong><\/p>\n<p><strong>Lavrov<\/strong> a Onu, evitare iniziative pseudo-pacifiche sull&#8217;Ucraina <strong>Uragano Helene<\/strong>, chi non evacua scriva suo nome sulle gambe <strong>Grossi<\/strong>,con aumento Paesi nucleari sale rischio uso armi atomiche <strong>Idf<\/strong>, &#8216;missile dallo Yemen su Israele, \u00e8 stato intercettato&#8217; <strong>Macron,<\/strong> con no a tregua Netanyahu responsabile escalation <strong>Aiea,<\/strong> Iran disposto a riprendere i negoziati sul nucleare<\/p>\n<h2>AUDIO dalle 6 del mattino<\/h2>\n<audio class=\"wp-audio-shortcode\" id=\"audio-411124-4\" preload=\"none\" style=\"width: 100%;\" controls=\"controls\"><source type=\"audio\/mpeg\" src=\"https:\/\/www.radiopiu.net\/wordpress\/wp-content\/uploads\/2024\/09\/GIORNALEDELLESEI-20.mp3?_=4\" \/><a href=\"https:\/\/www.radiopiu.net\/wordpress\/wp-content\/uploads\/2024\/09\/GIORNALEDELLESEI-20.mp3\">https:\/\/www.radiopiu.net\/wordpress\/wp-content\/uploads\/2024\/09\/GIORNALEDELLESEI-20.mp3<\/a><\/audio>\n<p>&nbsp;<\/p>\n<p>&nbsp;<\/p>\n<p>&nbsp;<\/p>\n<hr \/>\n<p>&nbsp;<\/p>\n<h1 style=\"text-align: center;\"><span style=\"color: #ff0000;\">I podcast informativi del mattino &#8211; audio &#8211;\u00a0<\/span><\/h1>\n<p><strong><a class=\"dt-pswp-item\" href=\"https:\/\/www.radiopiu.net\/wordpress\/wp-content\/uploads\/2023\/12\/images.png\" data-dt-img-description=\"\" data-large_image_width=\"316\" data-large_image_height=\"160\"><img loading=\"lazy\" decoding=\"async\" class=\"wp-image-367008 alignleft\" src=\"https:\/\/www.radiopiu.net\/wordpress\/wp-content\/uploads\/2023\/12\/images-300x152.png\" alt=\"\" width=\"235\" height=\"119\" srcset=\"https:\/\/www.radiopiu.net\/wordpress\/wp-content\/uploads\/2023\/12\/images-300x152.png 300w, https:\/\/www.radiopiu.net\/wordpress\/wp-content\/uploads\/2023\/12\/images.png 316w\" sizes=\"auto, (max-width: 235px) 100vw, 235px\" \/><\/a>OGNI GIORNO ALLE SETTE DEL MATTINO, LA RASSEGNA STAMPA LOCALE FLASH&#8230; PER CHI VA IN FRETTA. I TITOLI DAI GIORNALI E DAL SITO WWW.RADIOPIU.NET <span style=\"color: #0000ff;\">viene pubblicato alle 7.00<\/span> <span style=\"color: #ff0000;\">DIRETTA RADIO\u00a0<\/span><\/strong><\/p>\n<p><em><span style=\"color: #ff0000;\">per chi va in fretta&#8230; tante notizie in pochi minuti. L&#8217;informazione locale alla radio, ogni ora dalle 7 del mattino alle 19 della sera.\u00a0<\/span><\/em><\/p>\n<p><strong>PROTESTE CONTINUE\u2026 LA SVOLTA?<\/strong><br \/>\nL\u2019azienda del trasporto pubblico locale (la Regione ha stanziato 65 milioni di euro per la categoria\u2026) sar\u00e0 convocata per un tavolo di confronto in Prefettura. Lo anticipa il prefetto Antonello Roccoberton. Giovani&amp;Futuro chiedono alla societ\u00e0 un piano serio. \u201cBasta fare propaganda sulla pelle dei cittadini\u201d. Intanto gli abbonati (85%) bocciano il servizio pubblico, oltre 300 segnalazione di disservizi, penalizzati gli studenti<\/p>\n<p><strong>CHIUSURA PER LA STRADA PER PASSO DURAN \u2013 LATO ZOLDO<\/strong><br \/>\nSP347 PASSO DURAN E CEREDA localit\u00e0 Cordelle. FINO ALL\u201911 OTTOBRE esclusi sabato, domeniche e festivi infrasettimanali INTERDIZIONE TOTALE AL TRANSITO DALLE 8 ALLE 17<\/p>\n<p><strong>ROCCA PIETORE, ACQUA INQUINATA<\/strong><br \/>\nin localit\u00e0 SOPRACORDEVOLE, VAL, DAGAI, DAVARE, LE COSTE e RONCH l\u2019acqua erogata dall\u2019acquedotto non \u00e8 potabile e non pu\u00f2 essere usata per scopi alimentari. Verr\u00e0 effettuato servizio sostitutivo con cisterna c\/o ex Ufficio Postale.<\/p>\n<h1>AUDIO dalle 7 del mattino<\/h1>\n<audio class=\"wp-audio-shortcode\" id=\"audio-411124-5\" preload=\"none\" style=\"width: 100%;\" controls=\"controls\"><source type=\"audio\/mpeg\" src=\"https:\/\/www.radiopiu.net\/wordpress\/wp-content\/uploads\/2024\/09\/GF07-17.mp3?_=5\" \/><a href=\"https:\/\/www.radiopiu.net\/wordpress\/wp-content\/uploads\/2024\/09\/GF07-17.mp3\">https:\/\/www.radiopiu.net\/wordpress\/wp-content\/uploads\/2024\/09\/GF07-17.mp3<\/a><\/audio>\n<p>&nbsp;<\/p>\n<p>&nbsp;<\/p>\n<p>&nbsp;<\/p>\n<hr \/>\n<p>&nbsp;<\/p>\n<h1><\/h1>\n<h1 style=\"text-align: center;\"><span style=\"color: #ff0000;\"><a class=\"dt-pswp-item\" href=\"https:\/\/www.radiopiu.net\/wordpress\/wp-content\/uploads\/2022\/01\/026c3f9d-dae9-4040-a3c1-a6530231bcc3.jpg\" data-dt-img-description=\"\" data-large_image_width=\"1152\" data-large_image_height=\"2048\"><img loading=\"lazy\" decoding=\"async\" class=\"wp-image-251839 alignleft\" src=\"https:\/\/www.radiopiu.net\/wordpress\/wp-content\/uploads\/2022\/01\/026c3f9d-dae9-4040-a3c1-a6530231bcc3-169x300.jpg\" alt=\"\" width=\"100\" height=\"177\" srcset=\"https:\/\/www.radiopiu.net\/wordpress\/wp-content\/uploads\/2022\/01\/026c3f9d-dae9-4040-a3c1-a6530231bcc3-169x300.jpg 169w, https:\/\/www.radiopiu.net\/wordpress\/wp-content\/uploads\/2022\/01\/026c3f9d-dae9-4040-a3c1-a6530231bcc3-576x1024.jpg 576w, https:\/\/www.radiopiu.net\/wordpress\/wp-content\/uploads\/2022\/01\/026c3f9d-dae9-4040-a3c1-a6530231bcc3-768x1365.jpg 768w, https:\/\/www.radiopiu.net\/wordpress\/wp-content\/uploads\/2022\/01\/026c3f9d-dae9-4040-a3c1-a6530231bcc3-864x1536.jpg 864w, https:\/\/www.radiopiu.net\/wordpress\/wp-content\/uploads\/2022\/01\/026c3f9d-dae9-4040-a3c1-a6530231bcc3.jpg 1152w\" sizes=\"auto, (max-width: 100px) 100vw, 100px\" \/><\/a>I podcast informativi del mattino &#8211; audio &#8211;\u00a0<\/span><\/h1>\n<blockquote><p><strong>GIORNALE RADIO NAZIONALE, EDIZIONE DELLE SETTE <span style=\"color: #0000ff;\">viene pubblicato alle 7.05 <span style=\"color: #ff0000;\">DIRETTA RADIO\u00a0<\/span><\/span><\/strong><\/p><\/blockquote>\n<p><strong>il giornale radionazionale e&#8217; in onda ogni ora, dalle sette del mattino alle venti della sera\u00a0 \u00a0<\/strong><strong>\u00a0<\/strong><\/p>\n<p>&nbsp;<\/p>\n<p><strong>Agghiacciante appello delle autorit\u00e0 della Florida ai residenti dello Stato in vista dell&#8217;arrivo dell&#8217;uragano Helen di forza 4. <\/strong><em>&#8220;Chi decide di non evacuare scriva il suo nome sulle gambe o sulle braccia pe facilitare l&#8217;identificazione dei cadaveri&#8221;.<br \/>\n<\/em><\/p>\n<p><strong>Torino <\/strong>Al via il processo per la cascina Spiotta, udienza aggiornata al 16 ottobre <strong>Garzeno <\/strong>Giallo nel Comasco, ex vicesindaco ucciso a coltellate <strong>Dramma nel Trevigiano <\/strong>Uccide la moglie e si suicida dopo la morte della figlia <strong>Scomparsa da 7 giorni:<\/strong> 42enne trovata morta in una villetta, fermato un 17enne Maria Campai era andata da Parma a Mantova per un colloquio di lavoro\u00a0 <strong>Abusi su un allievo<\/strong> al calcetto, arrestato coach a Napoli A casa dati pedopornografici, si cercano altre eventuali vittime\u00a0 <strong>Nella citt\u00e0 del boss<\/strong> niente pellicola su Messina Denaro Il gestore dell&#8217;unica sala di Castelvetrano: &#8220;Non mi interessa&#8221;\u00a0 <strong>Il Papa torna sulla denatalit\u00e0:<\/strong> &#8216;Pochi bambini, bisogna bastonare l&#8217;Italia&#8217; &#8220;Si preferisce avere cagnolini o gatti&#8221;\u00a0 <strong>Tra il 2023 e il 2024<\/strong> nelle scuole 69 crolli, mai cos\u00ec tanti da sette anni Il rapporto di Cittadinanzattiva, circa 17mila edifici in zone a rischio<\/p>\n<p><span style=\"color: #ff0000;\">EDIZIONE DELLE 20, 26 SETTEMBRE<\/span><\/p>\n<audio class=\"wp-audio-shortcode\" id=\"audio-411124-6\" preload=\"none\" style=\"width: 100%;\" controls=\"controls\"><source type=\"audio\/mpeg\" src=\"https:\/\/www.radiopiu.net\/wordpress\/wp-content\/uploads\/2024\/09\/giornale07-24.mp3?_=6\" \/><a href=\"https:\/\/www.radiopiu.net\/wordpress\/wp-content\/uploads\/2024\/09\/giornale07-24.mp3\">https:\/\/www.radiopiu.net\/wordpress\/wp-content\/uploads\/2024\/09\/giornale07-24.mp3<\/a><\/audio>\n<p><span style=\"color: #ff0000;\">EDIZIONE SPORT DELLE 18 26 SETTEMBRE<\/span><\/p>\n<audio class=\"wp-audio-shortcode\" id=\"audio-411124-7\" preload=\"none\" style=\"width: 100%;\" controls=\"controls\"><source type=\"audio\/mpeg\" src=\"https:\/\/www.radiopiu.net\/wordpress\/wp-content\/uploads\/2024\/09\/gr-sport-1.mp3?_=7\" \/><a href=\"https:\/\/www.radiopiu.net\/wordpress\/wp-content\/uploads\/2024\/09\/gr-sport-1.mp3\">https:\/\/www.radiopiu.net\/wordpress\/wp-content\/uploads\/2024\/09\/gr-sport-1.mp3<\/a><\/audio>\n<h2><\/h2>\n<h2>AUDIO <span style=\"color: #ff00ff;\">dalle sette<\/span> del mattino, ogni ora alla radio<\/h2>\n<audio class=\"wp-audio-shortcode\" id=\"audio-411124-8\" preload=\"none\" style=\"width: 100%;\" controls=\"controls\"><source type=\"audio\/mpeg\" src=\"https:\/\/www.radiopiu.net\/wordpress\/wp-content\/uploads\/2024\/09\/giornale07-26.mp3?_=8\" \/><a href=\"https:\/\/www.radiopiu.net\/wordpress\/wp-content\/uploads\/2024\/09\/giornale07-26.mp3\">https:\/\/www.radiopiu.net\/wordpress\/wp-content\/uploads\/2024\/09\/giornale07-26.mp3<\/a><\/audio>\n<p>&nbsp;<\/p>\n<p>&nbsp;<\/p>\n<p>&nbsp;<\/p>\n<hr \/>\n<p>&nbsp;<\/p>\n<p>&nbsp;<\/p>\n<h1><span style=\"color: #ff0000;\">I podcast informativi del mattino &#8211; video &#8211;\u00a0<\/span><\/h1>\n<h2 style=\"text-align: left;\"><strong>RASSEGNA STAMPA LOCALE, ORE OTTO 05<\/strong><\/h2>\n<h2><strong> <span style=\"color: #0000ff;\">viene\u00a0 <\/span><\/strong><strong><span style=\"color: #0000ff;\">pubblicata alle 8.05 <span style=\"color: #ff0000;\">DIRETTA RADIO\u00a0 \u00a0<\/span><\/span><\/strong><strong>DI MIRKO MEZZACASA<\/strong><\/h2>\n<h2><span style=\"color: #ff0000;\"><strong>VIDEO\u00a0 \u00a0in diretta<span style=\"color: #ff00ff;\"> dalle 8<\/span> del mattino\u00a0 \u00a0\u00a0<\/strong><\/span><\/h2>\n<p><iframe loading=\"lazy\" title=\"DAL 1983 LA RASSEGNA STAMPA LOCALE di mirko mezzacasa. L&#039;ORIGINALE\" width=\"1200\" height=\"675\" src=\"https:\/\/www.youtube.com\/embed\/Y3kCIN2SoDk?feature=oembed\" frameborder=\"0\" allow=\"accelerometer; autoplay; clipboard-write; encrypted-media; gyroscope; picture-in-picture; web-share\" referrerpolicy=\"strict-origin-when-cross-origin\" allowfullscreen><\/iframe><\/p>\n<p>&nbsp;<\/p>\n<hr \/>\n<p>&nbsp;<\/p>\n<p>&nbsp;<\/p>\n<p><strong><a class=\"dt-pswp-item\" href=\"https:\/\/www.radiopiu.net\/wordpress\/wp-content\/uploads\/2023\/12\/ANTENNA.png\" data-dt-img-description=\"\" data-large_image_width=\"300\" data-large_image_height=\"166\"><img loading=\"lazy\" decoding=\"async\" class=\" wp-image-366306 alignleft\" src=\"https:\/\/www.radiopiu.net\/wordpress\/wp-content\/uploads\/2023\/12\/ANTENNA.png\" alt=\"\" width=\"175\" height=\"97\" \/><\/a>IERI SERA, DAL TG DI ANTENNA 3, ogni sera alle 19 le anticipazioni alla radio, quello che poi seguirete nel TELEGIORNALE BELLUNESE\u00a0 in onda alle 19.30 sul CANALE 10 del digitale terrestre.\u00a0\u00a0<\/strong><\/p>\n<p style=\"text-align: center;\"><span style=\"color: #ff0000;\"><strong>I TITOLI DEL TELEGIORNALE ALLA RADIO, DI TIZIANA BOLOGNANI<\/strong><\/span><\/p>\n<audio class=\"wp-audio-shortcode\" id=\"audio-411124-9\" preload=\"none\" style=\"width: 100%;\" controls=\"controls\"><source type=\"audio\/mpeg\" src=\"https:\/\/www.radiopiu.net\/wordpress\/wp-content\/uploads\/2024\/09\/ANTENNA3-20.mp3?_=9\" \/><a href=\"https:\/\/www.radiopiu.net\/wordpress\/wp-content\/uploads\/2024\/09\/ANTENNA3-20.mp3\">https:\/\/www.radiopiu.net\/wordpress\/wp-content\/uploads\/2024\/09\/ANTENNA3-20.mp3<\/a><\/audio>\n<p>&nbsp;<\/p>\n<p>&nbsp;<\/p>\n<hr \/>\n<p>&nbsp;<\/p>\n<blockquote>\n<h3>CHIUSURA PER LA STRADA PER PASSO DURAN &#8211; LATO ZOLDO<\/h3>\n<\/blockquote>\n<p><strong>SP347 PASSO DURAN E CEREDA<\/strong> localit\u00e0 Cordelle. FINO ALL&#8217;11 OTTOBRE esclusi sabato, domeniche e festivi infrasettimanali INTERDIZIONE TOTALE AL TRANSITO DALLE 8 ALLE 17<\/p>\n<p>&nbsp;<\/p>\n<p>&nbsp;<\/p>\n<hr \/>\n<p>&nbsp;<\/p>\n<blockquote>\n<h3>ROCCA PIETORE, ACQUA INQUINATA<\/h3>\n<\/blockquote>\n<p><strong>ROCCA PIETORE<\/strong> a ROCCA PIETORE in localit\u00e0 SOPRACORDEVOLE, VAL, DAGAI, DAVARE, LE COSTE e RONCH l&#8217;acqua erogata dall&#8217;acquedotto non \u00e8 potabile e non pu\u00f2 essere usata per scopi alimentari. Verr\u00e0 effettuato servizio sostitutivo con cisterna c\/o ex Ufficio Postale.<\/p>\n<p>&nbsp;<\/p>\n<hr \/>\n<p>&nbsp;<\/p>\n<blockquote>\n<h3>RECUPERATI DUE ESCURSIONISTI SULLA FERRATA CAPRIOLI<\/h3>\n<\/blockquote>\n<p><strong><img loading=\"lazy\" decoding=\"async\" class=\"alignleft\" src=\"https:\/\/www.radiopiu.net\/wordpress\/wp-content\/uploads\/2024\/09\/SALT.jpeg\" width=\"174\" height=\"125\" \/>SAN VITO<\/strong> L&#8217;elicottero del Suem di Pieve di Cadore \u00e8 stato chiamato in soccorso di due escursionisti sulla Ferrata Caprioli. I due amici, un uomo inglese di 52 anni e un altro svizzero di 55, si trovavano a un&#8217;altitudine di 1.600 metri quando uno di loro ha perso l&#8217;equilibrio e si \u00e8 spaventato. Fortunatamente, entrambi si sono spostati in un luogo sicuro in attesa dei soccorsi. Entrambi\u00a0 illesi sono stati riportati in sicurezza al campo base.<\/p>\n<p>&nbsp;<\/p>\n<p>&nbsp;<\/p>\n<hr \/>\n<p>&nbsp;<\/p>\n<blockquote>\n<h3>FONDAZIONE TEATRI BELLUNO: DE PELLEGRIN SORPRESO PER LE DIMISSIONI DI FERIGUTTI<\/h3>\n<\/blockquote>\n<p><strong><a class=\"dt-pswp-item\" href=\"https:\/\/www.radiopiu.net\/wordpress\/wp-content\/uploads\/2024\/06\/SindacoBelluno_OscarDePellegrin.jpg\" data-dt-img-description=\"\" data-large_image_width=\"2000\" data-large_image_height=\"1333\"><img loading=\"lazy\" decoding=\"async\" class=\" wp-image-396758 alignleft\" src=\"https:\/\/www.radiopiu.net\/wordpress\/wp-content\/uploads\/2024\/06\/SindacoBelluno_OscarDePellegrin-300x200.jpg\" alt=\"\" width=\"168\" height=\"112\" \/><\/a>BELLUNO<\/strong> Il sindaco Oscar De Pellegrin ha espresso sorpresa per la decisione di Massimo Ferigutti di lasciare la presidenza della Fondazione Teatri, sottolineando che l&#8217;incarico era stato concepito come temporaneo e legato alla fase di strutturazione dell&#8217;ente, da concludersi con l&#8217;approvazione del nuovo Statuto. Il sindaco ha ringraziato Ferigutti per il lavoro svolto e ha evidenziato come l\u2019obiettivo condiviso fosse quello di far crescere la Fondazione, aprendo le sue attivit\u00e0 al territorio oltre Belluno. Ora, con l&#8217;avvio della revisione dello Statuto, \u00e8 necessario guardare alla fase successiva che richieder\u00e0 una nuova guida con competenze specifiche per portare avanti il progetto. Nonostante le divergenze e alcune narrazioni critiche, il sindaco ha ribadito che il percorso della Fondazione non subir\u00e0 rallentamenti, con i consiglieri pronti a traghettare l&#8217;ente verso nuovi obiettivi.<\/p>\n<p>&nbsp;<\/p>\n<hr \/>\n<p>&nbsp;<\/p>\n<blockquote>\n<h2>Giovani &amp; Futuro sollecita miglioramenti nel trasporto pubblico<\/h2>\n<\/blockquote>\n<p><strong><img loading=\"lazy\" decoding=\"async\" class=\"alignleft\" src=\"https:\/\/www.radiopiu.net\/wordpress\/wp-content\/uploads\/2024\/09\/1009a8a3-6e25-4a68-a059-aef968e96b02-scaled.jpg\" width=\"141\" height=\"123\" \/>BELLUNO<\/strong> L&#8217;associazione Giovani &amp; Futuro ha presentato al Prefetto Roccoberton i risultati di un questionario sul trasporto pubblico locale. Oltre il 90% degli utenti, principalmente studenti e lavoratori, denuncia ritardi frequenti e costi non adeguati al servizio.<\/p>\n<p>&nbsp;<\/p>\n<p><strong>DANIELE DALVIT<\/strong><\/p>\n<audio class=\"wp-audio-shortcode\" id=\"audio-411124-10\" preload=\"none\" style=\"width: 100%;\" controls=\"controls\"><source type=\"audio\/mpeg\" src=\"https:\/\/www.radiopiu.net\/wordpress\/wp-content\/uploads\/2024\/09\/Servizio-Giovani-e-futuro-trasporti-Prefettura.mp3?_=10\" \/><a href=\"https:\/\/www.radiopiu.net\/wordpress\/wp-content\/uploads\/2024\/09\/Servizio-Giovani-e-futuro-trasporti-Prefettura.mp3\">https:\/\/www.radiopiu.net\/wordpress\/wp-content\/uploads\/2024\/09\/Servizio-Giovani-e-futuro-trasporti-Prefettura.mp3<\/a><\/audio>\n<p>&nbsp;<\/p>\n<p>&nbsp;<\/p>\n<hr \/>\n<p>&nbsp;<\/p>\n<blockquote>\n<h2>Citt\u00e0 insicure e Ius Scholae: una riflessione critica<\/h2>\n<\/blockquote>\n<p><strong><a class=\"dt-pswp-item\" href=\"https:\/\/www.radiopiu.net\/wordpress\/wp-content\/uploads\/2021\/03\/ANDREA-DE-BERNARDIN.jpg\" data-dt-img-description=\"andrea de bernardin\" data-large_image_width=\"960\" data-large_image_height=\"540\"><img loading=\"lazy\" decoding=\"async\" class=\"wp-image-195558 alignleft\" src=\"https:\/\/www.radiopiu.net\/wordpress\/wp-content\/uploads\/2021\/03\/ANDREA-DE-BERNARDIN-300x169.jpg\" alt=\"\" width=\"188\" height=\"106\" srcset=\"https:\/\/www.radiopiu.net\/wordpress\/wp-content\/uploads\/2021\/03\/ANDREA-DE-BERNARDIN-300x169.jpg 300w, https:\/\/www.radiopiu.net\/wordpress\/wp-content\/uploads\/2021\/03\/ANDREA-DE-BERNARDIN-768x432.jpg 768w, https:\/\/www.radiopiu.net\/wordpress\/wp-content\/uploads\/2021\/03\/ANDREA-DE-BERNARDIN.jpg 960w\" sizes=\"auto, (max-width: 188px) 100vw, 188px\" \/><\/a>BELLUNO<\/strong> Le citt\u00e0 italiane affrontano un momento preoccupante, con bande di minori immigrati che sfidano le forze dell&#8217;ordine. In questo contesto, la discussione sullo Ius Scholae. Per De Bernardin &#8220;deludono alcune amministrazioni di centro-destra, come Feltre, e l&#8217;atteggiamento di Forza Italia sull&#8217;Autonomia differenziata&#8221;.<\/p>\n<p><strong>il segretario provinciale della Lega Nord, Andrea De Bernardin<\/strong><\/p>\n<audio class=\"wp-audio-shortcode\" id=\"audio-411124-11\" preload=\"none\" style=\"width: 100%;\" controls=\"controls\"><source type=\"audio\/wav\" src=\"https:\/\/www.radiopiu.net\/wordpress\/wp-content\/uploads\/2024\/09\/andrea-de-bernardin.wav?_=11\" \/><a href=\"https:\/\/www.radiopiu.net\/wordpress\/wp-content\/uploads\/2024\/09\/andrea-de-bernardin.wav\">https:\/\/www.radiopiu.net\/wordpress\/wp-content\/uploads\/2024\/09\/andrea-de-bernardin.wav<\/a><\/audio>\n<p>foto pagina facebook <span style=\"color: #0000ff;\">Ius Scholae\u00a0<\/span><\/p>\n<p>&nbsp;<\/p>\n<h2 class=\"_title post-title entry-title\"><a class=\"dt-pswp-item\" href=\"https:\/\/www.radiopiu.net\/wordpress\/wp-content\/uploads\/2023\/12\/ANTENNA.png\" data-dt-img-description=\"\" data-large_image_width=\"300\" data-large_image_height=\"166\"><img loading=\"lazy\" decoding=\"async\" class=\"wp-image-366306 alignleft\" src=\"https:\/\/www.radiopiu.net\/wordpress\/wp-content\/uploads\/2023\/12\/ANTENNA.png\" alt=\"\" width=\"228\" height=\"126\" \/><\/a>FELTRE | IUS SCHOLAE E AUTONOMIA, E\u2019 QUASI GUERRA TRA LEGA E ALLEATI DEL CENTRODESTRA<\/h2>\n<p>Intervistati ANDREA DE BERNARDIN \u2013 SEGRETARIO LEGA PROVINCIA BELLUNO (AL TELEFONO) (Servizio di\u00a0<a href=\"https:\/\/antennatre.medianordest.it\/redazione\/Fabio-Fioravanzi\/\">Fabio Fioravanzi<\/a>)<\/p>\n<p><iframe loading=\"lazy\" title=\"IUS SCHOLAE E AUTONOMIA, E&#039; QUASI GUERRA TRA LEGA E ALLEATI DEL CENTRODESTRA | 26\/09\/2024\" width=\"1200\" height=\"675\" src=\"https:\/\/www.youtube.com\/embed\/R3H_oboCRaw?feature=oembed\" frameborder=\"0\" allow=\"accelerometer; autoplay; clipboard-write; encrypted-media; gyroscope; picture-in-picture; web-share\" referrerpolicy=\"strict-origin-when-cross-origin\" allowfullscreen><\/iframe><\/p>\n<p>&nbsp;<\/p>\n<hr \/>\n<p>&nbsp;<\/p>\n<blockquote>\n<h3>LUXOTTICA GARANTIRA&#8217; IL SERVIZIO MENSA, FINISCE IL CICLO DELLA &#8220;DITTA ESTERNA&#8221; COLLABORA LO CHEF OLDANI<\/h3>\n<\/blockquote>\n<blockquote><p><em><strong>EssilorLuxottica gestir\u00e0 direttamente la ristorazione dei suoi stabilimenti bellunesi. Garantita la continuit\u00e0 occupazionale<\/strong><\/em><\/p><\/blockquote>\n<div class=\"flex max-w-full flex-col flex-grow\">\n<div class=\"min-h-[20px] text-message flex w-full flex-col items-end gap-2 whitespace-normal break-words [.text-message+&amp;]:mt-5\" dir=\"auto\" data-message-author-role=\"assistant\" data-message-id=\"20c111a5-933a-4a83-a0c5-fb5c923834c7\">\n<div class=\"flex w-full flex-col gap-1 empty:hidden first:pt-[3px]\">\n<div class=\"markdown prose w-full break-words dark:prose-invert dark\">\n<p><em><strong><img loading=\"lazy\" decoding=\"async\" class=\"alignleft\" src=\"https:\/\/www.radiopiu.net\/wordpress\/wp-content\/uploads\/2018\/12\/davide-oldani-1.jpg\" width=\"241\" height=\"181\" \/><\/strong>\u00a0Il Gruppo conferma anche il suo impegno sociale, mantenendo il servizio pasti a domicilio per anziani e soggetti fragili in collaborazione con ASCA e Sedico Servizi (welfare-comunit\u00e0)<\/em><\/p>\n<\/div>\n<\/div>\n<\/div>\n<\/div>\n<div class=\"flex-1 overflow-hidden\">\n<div class=\"h-full\">\n<div class=\"react-scroll-to-bottom--css-olffz-79elbk h-full\">\n<div class=\"react-scroll-to-bottom--css-olffz-1n7m0yu\">\n<div class=\"flex flex-col text-sm md:pb-9\">\n<article class=\"w-full text-token-text-primary focus-visible:outline-2 focus-visible:outline-offset-[-4px]\" dir=\"auto\" data-testid=\"conversation-turn-79\" data-scroll-anchor=\"true\">\n<div class=\"text-base py-[18px] px-3 md:px-4 m-auto w-full md:px-5 lg:px-4 xl:px-5\">\n<div class=\"mx-auto flex flex-1 gap-4 text-base md:gap-5 lg:gap-6 md:max-w-3xl\">\n<div class=\"group\/conversation-turn relative flex w-full min-w-0 flex-col agent-turn\">\n<div class=\"flex-col gap-1 md:gap-3\">\n<div class=\"flex max-w-full flex-col flex-grow\">\n<div class=\"min-h-[20px] text-message flex w-full flex-col items-end gap-2 whitespace-normal break-words [.text-message+&amp;]:mt-5\" dir=\"auto\" data-message-author-role=\"assistant\" data-message-id=\"edbae2a2-e837-4f81-a3a6-f4ca7092ada0\">\n<div class=\"flex w-full flex-col gap-1 empty:hidden first:pt-[3px]\">\n<div class=\"markdown prose w-full break-words dark:prose-invert dark\">\n<p>EssilorLuxottica annuncia che dal gennaio 2025 assumer\u00e0 la gestione diretta del servizio di ristorazione dei suoi stabilimenti di Agordo, Sedico e Cencenighe. L\u2019iniziativa mira a migliorare la qualit\u00e0 dell&#8217;alimentazione per oltre diecimila dipendenti, continuando un percorso di sostenibilit\u00e0 e benessere gi\u00e0 avviato con lo chef Davide Oldani. La decisione \u00e8 stata presa dopo che Pison Vittorio e Figli S.r.l., che ha gestito il servizio per oltre 35 anni, ha deciso di cessare l&#8217;attivit\u00e0 con il Gruppo. EssilorLuxottica assumer\u00e0 i cento dipendenti della ristorazione e garantir\u00e0 una transizione graduale entro la fine del 2024, mantenendo la continuit\u00e0 del servizio. L\u2019iniziativa conferma l\u2019impegno del Gruppo nel welfare aziendale e nel supporto alla comunit\u00e0 locale.<\/p>\n<p>&nbsp;<\/p>\n<hr \/>\n<\/div>\n<\/div>\n<\/div>\n<\/div>\n<div class=\"mt-3 w-full empty:hidden\">\n<div class=\"text-center\"><\/div>\n<div>\n<h1>I DIBATTITI ALLA RADIO PIU&#8217;<\/h1>\n<h1>IN DILLO A RADIO PIU&#8217; PORTE SPALANDATE AI NOSTRI LETTORI-ASCOLTATORI.<br \/>\nRACCOLTA DILLO A RADIO PIU&#8217;&#8230; NUOVI IMPIANTI<\/h1>\n<p>&nbsp;<\/p>\n<blockquote class=\"wp-embedded-content\" data-secret=\"Wqbty0f5CY\"><p><a href=\"https:\/\/www.radiopiu.net\/wordpress\/letapecs1a\/\">5 DILLO A RADIO PIU&#8230;.Critiche ai nuovi impianti sciistici: serve preservare la montagna<\/a><\/p><\/blockquote>\n<p><iframe loading=\"lazy\" class=\"wp-embedded-content\" sandbox=\"allow-scripts\" security=\"restricted\" style=\"position: absolute; visibility: hidden;\" title=\"&#8220;5 DILLO A RADIO PIU&#8230;.Critiche ai nuovi impianti sciistici: serve preservare la montagna&#8221; &#8212; Radio Pi\u00f9\" src=\"https:\/\/www.radiopiu.net\/wordpress\/letapecs1a\/embed\/#?secret=TatjXY3KGm#?secret=Wqbty0f5CY\" data-secret=\"Wqbty0f5CY\" width=\"600\" height=\"338\" frameborder=\"0\" marginwidth=\"0\" marginheight=\"0\" scrolling=\"no\"><\/iframe><\/p>\n<p>&nbsp;<\/p>\n<\/div>\n<div><\/div>\n<div>\n<hr \/>\n<\/div>\n<div>\n<blockquote>\n<h3 class=\"_title post-title entry-title\"><a class=\"dt-pswp-item\" href=\"https:\/\/www.radiopiu.net\/wordpress\/wp-content\/uploads\/2023\/12\/ANTENNA.png\" data-dt-img-description=\"\" data-large_image_width=\"300\" data-large_image_height=\"166\"><img loading=\"lazy\" decoding=\"async\" class=\"wp-image-366306 alignleft\" src=\"https:\/\/www.radiopiu.net\/wordpress\/wp-content\/uploads\/2023\/12\/ANTENNA.png\" alt=\"\" width=\"170\" height=\"94\" \/><\/a>SEDICO | \u2018SLOGGIO\u2019 RINVIATO, MODERATO OTTIMISMO PER IL FUTURO ABITATIVO DI ALESSIA<\/h3>\n<\/blockquote>\n<\/div>\n<h3>\u00a0<span style=\"font-size: 14px; font-weight: normal;\">\u00a0Intervistati DANIELA PICCOLI (ASSESSORA POLITICHE SOCIALI COMUNE DI SEDICO), GINO SPERANDIO (LEGALE DI ALESSIA VEDANA) (Servizio di\u00a0<\/span><a style=\"font-size: 14px; font-weight: normal;\" href=\"https:\/\/antennatre.medianordest.it\/redazione\/Tiziana-Bolognani\/\">Tiziana Bolognani<\/a><span style=\"font-size: 14px; font-weight: normal;\">)<\/span><\/h3>\n<div>\n<p><iframe loading=\"lazy\" title=\"&#039;SLOGGIO&#039; RINVIATO, MODERATO OTTIMISMO PER IL FUTURO ABITATIVO DI ALESSIA E DI SUO F... | 26\/09\/2024\" width=\"1200\" height=\"675\" src=\"https:\/\/www.youtube.com\/embed\/wC-QB6v_Z9s?feature=oembed\" frameborder=\"0\" allow=\"accelerometer; autoplay; clipboard-write; encrypted-media; gyroscope; picture-in-picture; web-share\" referrerpolicy=\"strict-origin-when-cross-origin\" allowfullscreen><\/iframe><\/p>\n<\/div>\n<div><\/div>\n<div><\/div>\n<div><\/div>\n<div><\/div>\n<\/div>\n<\/div>\n<\/div>\n<\/div>\n<\/div>\n<\/article>\n<\/div>\n<\/div>\n<\/div>\n<\/div>\n<\/div>\n<hr \/>\n<p>&nbsp;<\/p>\n<blockquote>\n<h3>IN VENETO DISOCCUPAZIONE AL MINIMO STORICO<\/h3>\n<\/blockquote>\n<p><strong><a class=\"dt-pswp-item\" href=\"https:\/\/www.radiopiu.net\/wordpress\/wp-content\/uploads\/2022\/03\/Logo_VenetoLavoro.png\" data-dt-img-description=\"\" data-large_image_width=\"1791\" data-large_image_height=\"482\"><img loading=\"lazy\" decoding=\"async\" class=\" wp-image-264807 alignleft\" src=\"https:\/\/www.radiopiu.net\/wordpress\/wp-content\/uploads\/2022\/03\/Logo_VenetoLavoro-300x81.png\" alt=\"\" width=\"211\" height=\"57\" srcset=\"https:\/\/www.radiopiu.net\/wordpress\/wp-content\/uploads\/2022\/03\/Logo_VenetoLavoro-300x81.png 300w, https:\/\/www.radiopiu.net\/wordpress\/wp-content\/uploads\/2022\/03\/Logo_VenetoLavoro-1024x276.png 1024w, https:\/\/www.radiopiu.net\/wordpress\/wp-content\/uploads\/2022\/03\/Logo_VenetoLavoro-768x207.png 768w, https:\/\/www.radiopiu.net\/wordpress\/wp-content\/uploads\/2022\/03\/Logo_VenetoLavoro-1536x413.png 1536w, https:\/\/www.radiopiu.net\/wordpress\/wp-content\/uploads\/2022\/03\/Logo_VenetoLavoro.png 1791w\" sizes=\"auto, (max-width: 211px) 100vw, 211px\" \/><\/a>VENEZIA<\/strong> Il Sestante di Veneto Lavoro \u00e8 un report dettagliato che analizza l&#8217;andamento del mercato del lavoro in Veneto, includendo dati settoriali, contrattuali e territoriali, oltre che sul settore pubblico. Rispetto alla Bussola, che si concentra su dati mensili e specifici tipi di contratto, il Sestante offre un quadro pi\u00f9 completo. Nel secondo trimestre del 2024, si registra un saldo positivo di +48.100 posti di lavoro dipendente, inferiore rispetto all&#8217;anno precedente. Le assunzioni ammontano a 223.100 (-1%) e le cessazioni a 185.000 (+0,5%). Crescono i contratti a tempo indeterminato (+8.800). Il numero di occupati raggiunge 2,234 milioni, con un tasso di occupazione del 70,8% e un tasso di disoccupazione al minimo storico del 2,7%.<\/p>\n<p>&nbsp;<\/p>\n<p>&nbsp;<\/p>\n<hr \/>\n<p>&nbsp;<\/p>\n<blockquote>\n<h2>Visita del Generale Palmieri in Veneto: Tutela dell&#8217;Ambiente e Valorizzazione dei Parchi<\/h2>\n<\/blockquote>\n<p><strong><a class=\"dt-pswp-item\" href=\"https:\/\/www.radiopiu.net\/wordpress\/wp-content\/uploads\/2024\/09\/c5db403a-5f24-419d-b754-c6abc268fdff.jpg\" data-dt-img-description=\"\" data-large_image_width=\"1600\" data-large_image_height=\"1066\"><img loading=\"lazy\" decoding=\"async\" class=\"size-medium wp-image-411202 alignleft\" src=\"https:\/\/www.radiopiu.net\/wordpress\/wp-content\/uploads\/2024\/09\/c5db403a-5f24-419d-b754-c6abc268fdff-300x200.jpg\" alt=\"\" width=\"300\" height=\"200\" srcset=\"https:\/\/www.radiopiu.net\/wordpress\/wp-content\/uploads\/2024\/09\/c5db403a-5f24-419d-b754-c6abc268fdff-300x200.jpg 300w, https:\/\/www.radiopiu.net\/wordpress\/wp-content\/uploads\/2024\/09\/c5db403a-5f24-419d-b754-c6abc268fdff-1024x682.jpg 1024w, https:\/\/www.radiopiu.net\/wordpress\/wp-content\/uploads\/2024\/09\/c5db403a-5f24-419d-b754-c6abc268fdff-768x512.jpg 768w, https:\/\/www.radiopiu.net\/wordpress\/wp-content\/uploads\/2024\/09\/c5db403a-5f24-419d-b754-c6abc268fdff-1536x1023.jpg 1536w, https:\/\/www.radiopiu.net\/wordpress\/wp-content\/uploads\/2024\/09\/c5db403a-5f24-419d-b754-c6abc268fdff.jpg 1600w\" sizes=\"auto, (max-width: 300px) 100vw, 300px\" \/><\/a>LONGARONE\u00a0 <\/strong>Il Generale di Divisione Nazario Palmieri, Vice Comandante del Comando Unit\u00e0 Forestali Ambientali e Agroalimentari Carabinieri, ha visitato\u00a0 i reparti Carabinieri Forestale del Veneto. Accompagnato dal Generale Francesco Pennacchini, Palmieri ha incontrato il Sindaco di Longarone, Roberto Padrin, e visitato il \u201cMuseo del Vajont\u201d, commemorando la tragedia del 1963 che cost\u00f2 1.910 vite. Successivamente, ha dialogato con il Presidente del Parco Nazionale Dolomiti Bellunesi, Ennio Vigne, presso il cantiere della nuova sede del Nucleo Carabinieri \u201cParco\u201d di Longarone, i cui lavori sono quasi conclusi. Palmieri ha espresso gratitudine per l&#8217;importante intervento infrastrutturale, che rappresenta un presidio di legalit\u00e0 ambientale. Durante la visita, ha incontrato il personale del Nucleo Parco e Forestale, riconoscendo il loro impegno nella salvaguardia delle aree protette e del territorio montano. La giornata \u00e8 proseguita verso Feltre e Pedavena, dove ha ribadito il suo apprezzamento per il lavoro svolto nelle Dolomiti Bellunesi, riconosciute come patrimonio mondiale dell&#8217;umanit\u00e0 dall&#8217;UNESCO.<\/p>\n<p>&nbsp;<\/p>\n<hr \/>\n<p>&nbsp;<\/p>\n<blockquote>\n<h3>Il mistero delle &#8220;caliere&#8221; scomparse: lieto fine per gli alpini di Lamon<\/h3>\n<\/blockquote>\n<p><strong><img loading=\"lazy\" decoding=\"async\" class=\"alignleft\" src=\"https:\/\/www.radiopiu.net\/wordpress\/wp-content\/uploads\/2024\/09\/eat-2535798_1280.jpg\" width=\"248\" height=\"186\" \/>LAMON<\/strong> Fine settimana movimentato per gli alpini di Lamon, che venerd\u00ec scorso hanno scoperto la scomparsa delle due grandi &#8220;caliere&#8221; da polenta, usate di recente per la festa del fagiolo. Le caliere, riempite d\u2019acqua per essere pulite, erano sparite dalla sede, generando preoccupazione tra i membri del gruppo, che temevano fossero state rubate. Si \u00e8 persino ipotizzato un furto organizzato per il valore del rame. Dopo aver presentato denuncia ai carabinieri, per\u00f2, i recipienti sono ricomparsi. Chi li aveva prelevati ha spiegato di averli messi al sicuro, temendo un furto. Gli alpini, sollevati, hanno accettato la spiegazione con gratitudine, e tutto si \u00e8 risolto per il meglio.<\/p>\n<p>Foto di\u00a0<a href=\"https:\/\/pixabay.com\/it\/users\/insubria-4734442\/?utm_source=link-attribution&amp;utm_medium=referral&amp;utm_campaign=image&amp;utm_content=2535798\">Gabriela Fink<\/a>\u00a0da\u00a0<a href=\"https:\/\/pixabay.com\/it\/\/?utm_source=link-attribution&amp;utm_medium=referral&amp;utm_campaign=image&amp;utm_content=2535798\">Pixabay<\/a><\/p>\n<p>&nbsp;<\/p>\n<p>&nbsp;<\/p>\n<hr \/>\n<p>&nbsp;<\/p>\n<p>&nbsp;<\/p>\n<p>&nbsp;<\/p>\n<p><span style=\"color: #ff0000;\">LA GIUDIZIARIA OGGI<\/span><br \/>\n<span style=\"color: #ff0000;\">dal Corriere delle Alpi di Gigi Sosso<\/span><\/p>\n<blockquote><p><strong>Assolto cittadino pakistano accusato di calunnia a Belluno<\/strong><\/p><\/blockquote>\n<p><strong>BELLUNO<\/strong> \u00a0\u00e8 stato assolto dall&#8217;accusa di calunnia contro un coetaneo bellunese. Il giudice Federico Montalto ha emesso il verdetto per mancanza di prove, nonostante la richiesta del pubblico ministero Sandra Rossi di condannarlo a due anni e tre mesi.\u00a0 Le immagini della scena, registrate dalle telecamere di una banca, non hanno confermato la presenza di un coltello, come denunciato. Al contrario, sembrava che i due si fossero salutati cordialmente.<\/p>\n<p>&nbsp;<\/p>\n<blockquote><p><strong>Circonvenzione d&#8217;incapace: 26enne ingannata da un amico<\/strong><\/p><\/blockquote>\n<p><strong>BELLUNO<\/strong> Una 26enne con amministratore di sostegno ha consegnato 11.450 euro a Peter Faoro, che ora \u00e8 accusato di circonvenzione d\u2019incapace. Faoro, che ha negato l&#8217;accusa, avrebbe approfittato della vulnerabilit\u00e0 della donna raccontandole della sua difficile situazione personale. Le donazioni si sono interrotte quando l\u2019amministratore di sostegno \u00e8 intervenuto, e la donna ha sporto querela. Il caso, sostenuto dal pubblico ministero Sandra Rossi, proseguir\u00e0 in tribunale il 7 aprile.<\/p>\n<p>&nbsp;<\/p>\n<blockquote><p><strong>Fuga dal cantiere: operaio in tribunale per false dichiarazioni<\/strong><\/p><\/blockquote>\n<p><strong>CALALZO<\/strong> Un operaio romeno \u00e8 fuggito da un cantiere edile a Calalzo quando \u00e8 arrivato l&#8217;ispettore dello Spisal. I colleghi hanno finto di non conoscerlo, ma secondo la Procura lo sapevano bene chi fosse. L&#8217;uomo, prossimo alla pensione e non vaccinato contro il Covid-19, \u00e8 ora accusato di false dichiarazioni. Il processo continua con ulteriori testimonianze e la discussione nei prossimi mesi.<\/p>\n<p>&nbsp;<\/p>\n<p>&nbsp;<\/p>\n<hr \/>\n<p>&nbsp;<\/p>\n<blockquote>\n<h3>LA REGIONE VENETO E&#8217; PRONTA CON LA CAMPAGNA VACCINALE<\/h3>\n<\/blockquote>\n<p><strong><a class=\"dt-pswp-item\" href=\"https:\/\/www.radiopiu.net\/wordpress\/wp-content\/uploads\/2020\/06\/vaccino.jpg\" data-dt-img-description=\"\" data-large_image_width=\"1920\" data-large_image_height=\"1280\"><img loading=\"lazy\" decoding=\"async\" class=\" wp-image-143923 alignleft\" src=\"https:\/\/www.radiopiu.net\/wordpress\/wp-content\/uploads\/2020\/06\/vaccino-300x200.jpg\" alt=\"\" width=\"189\" height=\"126\" srcset=\"https:\/\/www.radiopiu.net\/wordpress\/wp-content\/uploads\/2020\/06\/vaccino-300x200.jpg 300w, https:\/\/www.radiopiu.net\/wordpress\/wp-content\/uploads\/2020\/06\/vaccino-1024x683.jpg 1024w, https:\/\/www.radiopiu.net\/wordpress\/wp-content\/uploads\/2020\/06\/vaccino-768x512.jpg 768w, https:\/\/www.radiopiu.net\/wordpress\/wp-content\/uploads\/2020\/06\/vaccino-1536x1024.jpg 1536w, https:\/\/www.radiopiu.net\/wordpress\/wp-content\/uploads\/2020\/06\/vaccino.jpg 1920w\" sizes=\"auto, (max-width: 189px) 100vw, 189px\" \/><\/a>VENEZIA<\/strong> Il Veneto si prepara alla stagione influenzale e al COVID-19 con una campagna vaccinale anticipata, iniziando il 7 ottobre. La prima settimana \u00e8 dedicata alle persone over 65, mentre dalla seconda settimana il vaccino sar\u00e0 disponibile per gli altri. La Direzione Prevenzione della Regione sottolinea l&#8217;importanza della vaccinazione, soprattutto per evitare forme gravi e ridurre i ricoveri. Sono state programmate due giornate &#8220;Open Day&#8221; il 26 ottobre e il 9 novembre per facilitare l&#8217;accesso. La Regione ha fornito oltre 900.000 dosi di vaccino antinfluenzale e 460.000 contro il COVID-19. Disponibili anche 28.000 dosi di vaccino spray per bambini.<\/p>\n<p>&nbsp;<\/p>\n<hr \/>\n<p>&nbsp;<\/p>\n<blockquote>\n<h3><a class=\"dt-pswp-item\" href=\"https:\/\/www.radiopiu.net\/wordpress\/wp-content\/uploads\/2024\/09\/8d4315cd-ac04-4b1c-8225-043ba0549f36.jpg\" data-dt-img-description=\"\" data-large_image_width=\"1600\" data-large_image_height=\"1200\"><img loading=\"lazy\" decoding=\"async\" class=\" wp-image-411172 alignleft\" src=\"https:\/\/www.radiopiu.net\/wordpress\/wp-content\/uploads\/2024\/09\/8d4315cd-ac04-4b1c-8225-043ba0549f36-300x225.jpg\" alt=\"\" width=\"196\" height=\"147\" srcset=\"https:\/\/www.radiopiu.net\/wordpress\/wp-content\/uploads\/2024\/09\/8d4315cd-ac04-4b1c-8225-043ba0549f36-300x225.jpg 300w, https:\/\/www.radiopiu.net\/wordpress\/wp-content\/uploads\/2024\/09\/8d4315cd-ac04-4b1c-8225-043ba0549f36-1024x768.jpg 1024w, https:\/\/www.radiopiu.net\/wordpress\/wp-content\/uploads\/2024\/09\/8d4315cd-ac04-4b1c-8225-043ba0549f36-768x576.jpg 768w, https:\/\/www.radiopiu.net\/wordpress\/wp-content\/uploads\/2024\/09\/8d4315cd-ac04-4b1c-8225-043ba0549f36-1536x1152.jpg 1536w, https:\/\/www.radiopiu.net\/wordpress\/wp-content\/uploads\/2024\/09\/8d4315cd-ac04-4b1c-8225-043ba0549f36.jpg 1600w\" sizes=\"auto, (max-width: 196px) 100vw, 196px\" \/><\/a>Lavori sul torrente Ansiei per la sicurezza idraulica ad Auronzo<\/h3>\n<\/blockquote>\n<p><strong>AURONZO\u00a0<\/strong> si stanno concludendo i lavori sul torrente Ansiei, finalizzati a ridurre il rischio idraulico e idrogeologico. Gli interventi, realizzati dal Genio Civile regionale, riguardano sei tratti del fiume, da Federavecchia a ponte Malon. Sono stati costruiti muri di protezione, scogliere in massi e gabbioni, e rimossa la vegetazione per migliorare il deflusso delle acque. Il progetto, finanziato con 3,5 milioni di euro, ha coinvolto anche la pista ciclabile di Giralba. In primavera partiranno ulteriori interventi per un valore di 800mila euro. L\u2019assessore al Dissesto idrogeologico, Gianpaolo Bottacin, ha sottolineato l\u2019importanza di questi lavori per la sicurezza del territorio.<\/p>\n<div class=\"mb-2 flex gap-3 empty:hidden -ml-2\">\n<div class=\"items-center justify-start rounded-xl p-1 flex\">\n<div class=\"flex items-center\">\n<div class=\"flex\">\n<p><strong>L&#8217;ASSESSORE REGIONALE GIANPAOLO BOTTACIN<\/strong><\/p>\n<audio class=\"wp-audio-shortcode\" id=\"audio-411124-12\" preload=\"none\" style=\"width: 100%;\" controls=\"controls\"><source type=\"audio\/wav\" src=\"https:\/\/www.radiopiu.net\/wordpress\/wp-content\/uploads\/2024\/09\/GIAMPAOLO-BOTTA.wav?_=12\" \/><a href=\"https:\/\/www.radiopiu.net\/wordpress\/wp-content\/uploads\/2024\/09\/GIAMPAOLO-BOTTA.wav\">https:\/\/www.radiopiu.net\/wordpress\/wp-content\/uploads\/2024\/09\/GIAMPAOLO-BOTTA.wav<\/a><\/audio>\n<p>&nbsp;<\/p>\n<\/div>\n<div class=\"flex items-center pb-0\"><\/div>\n<div>\n<hr \/>\n<\/div>\n<div><\/div>\n<div>\n<blockquote><p><strong><a class=\"dt-pswp-item\" href=\"https:\/\/www.radiopiu.net\/wordpress\/wp-content\/uploads\/2021\/07\/santacroce_foto1.jpg\" data-dt-img-description=\"\" data-large_image_width=\"1790\" data-large_image_height=\"1332\"><img loading=\"lazy\" decoding=\"async\" class=\"wp-image-221892 alignleft\" src=\"https:\/\/www.radiopiu.net\/wordpress\/wp-content\/uploads\/2021\/07\/santacroce_foto1-300x223.jpg\" alt=\"\" width=\"156\" height=\"116\" srcset=\"https:\/\/www.radiopiu.net\/wordpress\/wp-content\/uploads\/2021\/07\/santacroce_foto1-300x223.jpg 300w, https:\/\/www.radiopiu.net\/wordpress\/wp-content\/uploads\/2021\/07\/santacroce_foto1-1024x762.jpg 1024w, https:\/\/www.radiopiu.net\/wordpress\/wp-content\/uploads\/2021\/07\/santacroce_foto1-768x571.jpg 768w, https:\/\/www.radiopiu.net\/wordpress\/wp-content\/uploads\/2021\/07\/santacroce_foto1-1536x1143.jpg 1536w, https:\/\/www.radiopiu.net\/wordpress\/wp-content\/uploads\/2021\/07\/santacroce_foto1.jpg 1790w\" sizes=\"auto, (max-width: 156px) 100vw, 156px\" \/><\/a>Inclusione e socialit\u00e0 attraverso la pesca sportiva: inaugurato pontile per disabili a Poiatte<\/strong><\/p><\/blockquote>\n<p><strong>ALPAGO<\/strong> La vice presidente della Provincia di Belluno, Silvia Calligaro, ha inaugurato un pontile attrezzato per la pesca per persone con disabilit\u00e0 sul lago di Santa Croce a Poiatte. Calligaro ha sottolineato l&#8217;importanza della pesca sportiva come mezzo per realizzare inclusione, protezione ambientale e valorizzazione turistica. L&#8217;iniziativa \u00e8 parte del progetto \u201cUn mondo che si muove\u201d della Fondazione Efesto e rafforza l\u2019impegno del territorio verso un futuro accessibile in vista delle Paralimpiadi 2026.<\/p>\n<\/div>\n<\/div>\n<\/div>\n<\/div>\n<p>&nbsp;<\/p>\n<hr \/>\n<p>&nbsp;<\/p>\n<div class=\"flex-shrink-0 flex flex-col relative items-end\">\n<div>\n<div class=\"pt-0\">\n<div class=\"gizmo-bot-avatar flex h-8 w-8 items-center justify-center overflow-hidden rounded-full\">\n<div class=\"relative p-1 rounded-sm flex items-center justify-center bg-token-main-surface-primary text-token-text-primary h-8 w-8\"><\/div>\n<\/div>\n<\/div>\n<\/div>\n<\/div>\n<div class=\"group\/conversation-turn relative flex w-full min-w-0 flex-col agent-turn\">\n<div class=\"flex-col gap-1 md:gap-3\">\n<div class=\"flex max-w-full flex-col flex-grow\">\n<div class=\"min-h-[20px] text-message flex w-full flex-col items-end gap-2 whitespace-normal break-words [.text-message+&amp;]:mt-5\" dir=\"auto\" data-message-author-role=\"assistant\" data-message-id=\"c5313b85-a590-448b-8142-be2df39a104b\">\n<div class=\"flex w-full flex-col gap-1 empty:hidden first:pt-[3px]\">\n<div class=\"markdown prose w-full break-words dark:prose-invert dark\">\n<blockquote><p><strong>Riqualificazione del Cinema Verdi di Lentiai: approvato il progetto\u00a0<\/strong><\/p><\/blockquote>\n<p><strong><a class=\"dt-pswp-item\" href=\"https:\/\/www.radiopiu.net\/wordpress\/wp-content\/uploads\/2024\/09\/Senza-nome-63.png\" data-dt-img-description=\"\" data-large_image_width=\"419\" data-large_image_height=\"238\"><img loading=\"lazy\" decoding=\"async\" class=\"size-medium wp-image-411188 alignleft\" src=\"https:\/\/www.radiopiu.net\/wordpress\/wp-content\/uploads\/2024\/09\/Senza-nome-63-300x170.png\" alt=\"\" width=\"300\" height=\"170\" srcset=\"https:\/\/www.radiopiu.net\/wordpress\/wp-content\/uploads\/2024\/09\/Senza-nome-63-300x170.png 300w, https:\/\/www.radiopiu.net\/wordpress\/wp-content\/uploads\/2024\/09\/Senza-nome-63.png 419w\" sizes=\"auto, (max-width: 300px) 100vw, 300px\" \/><\/a>BORGO VALBELLUNA<\/strong> L\u2019Amministrazione comunale di Borgo Valbelluna ha approvato il progetto di ristrutturazione e adeguamento sismico del Cinema Verdi di Lentiai, con l&#8217;obiettivo di creare un polo culturale per tutta la Valbelluna. L\u2019intervento, del valore di 2,6 milioni di euro, sar\u00e0 finanziato con 1,5 milioni da bandi pubblici e 1,1 milioni di risorse comunali.<\/p>\n<p><strong>di ROBERTO BONA<\/strong><\/p>\n<audio class=\"wp-audio-shortcode\" id=\"audio-411124-13\" preload=\"none\" style=\"width: 100%;\" controls=\"controls\"><source type=\"audio\/wav\" src=\"https:\/\/www.radiopiu.net\/wordpress\/wp-content\/uploads\/2024\/09\/ExCinemaVerdiLentiai-1.wav?_=13\" \/><a href=\"https:\/\/www.radiopiu.net\/wordpress\/wp-content\/uploads\/2024\/09\/ExCinemaVerdiLentiai-1.wav\">https:\/\/www.radiopiu.net\/wordpress\/wp-content\/uploads\/2024\/09\/ExCinemaVerdiLentiai-1.wav<\/a><\/audio>\n<\/div>\n<\/div>\n<\/div>\n<\/div>\n<\/div>\n<\/div>\n<p>&nbsp;<\/p>\n<p>&nbsp;<\/p>\n<hr \/>\n<p>&nbsp;<\/p>\n<p>&nbsp;<\/p>\n<blockquote><p><strong><a class=\"dt-pswp-item\" href=\"https:\/\/www.radiopiu.net\/wordpress\/wp-content\/uploads\/2024\/09\/IMG-20231007-WA0024.jpg\" data-dt-img-description=\"\" data-large_image_width=\"1280\" data-large_image_height=\"853\"><img loading=\"lazy\" decoding=\"async\" class=\"size-medium wp-image-411184 alignleft\" src=\"https:\/\/www.radiopiu.net\/wordpress\/wp-content\/uploads\/2024\/09\/IMG-20231007-WA0024-300x200.jpg\" alt=\"\" width=\"300\" height=\"200\" srcset=\"https:\/\/www.radiopiu.net\/wordpress\/wp-content\/uploads\/2024\/09\/IMG-20231007-WA0024-300x200.jpg 300w, https:\/\/www.radiopiu.net\/wordpress\/wp-content\/uploads\/2024\/09\/IMG-20231007-WA0024-1024x682.jpg 1024w, https:\/\/www.radiopiu.net\/wordpress\/wp-content\/uploads\/2024\/09\/IMG-20231007-WA0024-768x512.jpg 768w, https:\/\/www.radiopiu.net\/wordpress\/wp-content\/uploads\/2024\/09\/IMG-20231007-WA0024.jpg 1280w\" sizes=\"auto, (max-width: 300px) 100vw, 300px\" \/><\/a>Presentata la XIII edizione della Dolomiti Rescue Race\u00a0<\/strong><\/p><\/blockquote>\n<p><strong>PIEVE DI CADORE\u00a0<\/strong> Alla presenza della sindaca Sindi Manushi, \u00e8 stata presentata la XIII edizione della Dolomiti Rescue Race, una gara internazionale dedicata ai team di soccorso alpino di tutto il mondo. Organizzata dal Soccorso Alpino di Pieve di Cadore, la competizione prevede un percorso tecnico di 17 chilometri con 2.200 metri di dislivello, sviluppato sul Monte Antelao. Sono iscritte 58 squadre provenienti da sei nazioni. La manifestazione non \u00e8 solo un evento sportivo, ma anche un&#8217;occasione per favorire amicizie e collaborazioni tra i soccorritori. La gara si terr\u00e0 il 5 ottobre, con il coinvolgimento della cittadinanza e attivit\u00e0 collaterali per le scuole locali.<\/p>\n<p><strong>di BARBARA PAOLAZZI<\/strong><\/p>\n<audio class=\"wp-audio-shortcode\" id=\"audio-411124-14\" preload=\"none\" style=\"width: 100%;\" controls=\"controls\"><source type=\"audio\/mpeg\" src=\"https:\/\/www.radiopiu.net\/wordpress\/wp-content\/uploads\/2024\/09\/DOLOMITI-RESCUE-BARBARA-1.mp3?_=14\" \/><a href=\"https:\/\/www.radiopiu.net\/wordpress\/wp-content\/uploads\/2024\/09\/DOLOMITI-RESCUE-BARBARA-1.mp3\">https:\/\/www.radiopiu.net\/wordpress\/wp-content\/uploads\/2024\/09\/DOLOMITI-RESCUE-BARBARA-1.mp3<\/a><\/audio>\n<p>&nbsp;<\/p>\n<hr \/>\n<p>&nbsp;<\/p>\n<blockquote>\n<h3>30 ANNI DI CORRIERE DELLE ALPI, GLI AUGURI DI ZAIA<\/h3>\n<\/blockquote>\n<p><strong><a class=\"dt-pswp-item\" href=\"https:\/\/www.radiopiu.net\/wordpress\/wp-content\/uploads\/2024\/09\/CORRIERE-DELLE-ALPI.jpg\" data-dt-img-description=\"\" data-large_image_width=\"1000\" data-large_image_height=\"467\"><img loading=\"lazy\" decoding=\"async\" class=\" wp-image-411152 alignleft\" src=\"https:\/\/www.radiopiu.net\/wordpress\/wp-content\/uploads\/2024\/09\/CORRIERE-DELLE-ALPI-300x140.jpg\" alt=\"\" width=\"223\" height=\"104\" srcset=\"https:\/\/www.radiopiu.net\/wordpress\/wp-content\/uploads\/2024\/09\/CORRIERE-DELLE-ALPI-300x140.jpg 300w, https:\/\/www.radiopiu.net\/wordpress\/wp-content\/uploads\/2024\/09\/CORRIERE-DELLE-ALPI-768x359.jpg 768w, https:\/\/www.radiopiu.net\/wordpress\/wp-content\/uploads\/2024\/09\/CORRIERE-DELLE-ALPI.jpg 1000w\" sizes=\"auto, (max-width: 223px) 100vw, 223px\" \/><\/a>VENEZIA\u00a0<\/strong>Il presidente della Regione del Veneto celebra il trentesimo anniversario del Corriere delle Alpi, quotidiano del Gruppo Nem con sede a Belluno, sottolineando il suo radicamento nel territorio e il ruolo di riferimento per le &#8220;terre alte&#8221; venete. Il Governatore ha espresso i suoi auguri al direttore, ai giornalisti e a tutti coloro che hanno contribuito al successo del quotidiano, sia in edicola che online. Ha poi evidenziato come, in questi tre decenni, la societ\u00e0 sia cambiata profondamente, e il Corriere delle Alpi ha mantenuto il suo impegno verso la libert\u00e0 di stampa e la qualit\u00e0 dell&#8217;informazione, rimanendo un pilastro per la comunit\u00e0 dolomitica.<\/p>\n<p>&nbsp;<\/p>\n<p>&nbsp;<\/p>\n<hr \/>\n<p>&nbsp;<\/p>\n<blockquote>\n<h3>MOBILITA&#8217; IN VENETO: I DATI DELLA REGIONE<\/h3>\n<\/blockquote>\n<p><a class=\"dt-pswp-item\" href=\"https:\/\/www.radiopiu.net\/wordpress\/wp-content\/uploads\/2020\/07\/Traffico_bassa.jpg\" data-dt-img-description=\"traffic jam or collapse with rows of cars and lorry at motorway autostrada road during rush hour\" data-large_image_width=\"630\" data-large_image_height=\"420\"><img loading=\"lazy\" decoding=\"async\" class=\"wp-image-148717 alignleft\" src=\"https:\/\/www.radiopiu.net\/wordpress\/wp-content\/uploads\/2020\/07\/Traffico_bassa-300x200.jpg\" alt=\"\" width=\"171\" height=\"114\" srcset=\"https:\/\/www.radiopiu.net\/wordpress\/wp-content\/uploads\/2020\/07\/Traffico_bassa-300x200.jpg 300w, https:\/\/www.radiopiu.net\/wordpress\/wp-content\/uploads\/2020\/07\/Traffico_bassa.jpg 630w\" sizes=\"auto, (max-width: 171px) 100vw, 171px\" \/><\/a><strong>VENEZIA<\/strong> In Veneto, l&#8217;80,2% della popolazione tra i 14 e gli 84 anni si sposta quotidianamente, impiegando in media 54 minuti. La maggior parte dei viaggi avviene su brevi distanze, con il 68,9% entro i 10 km e il 26,9% entro i 2 km. L&#8217;auto privata \u00e8 il mezzo di trasporto pi\u00f9 utilizzato, con una quota dell&#8217;80,2%, mentre solo il 6,8% degli spostamenti avviene con i mezzi pubblici. Nel 2023, i veicoli a basso impatto ambientale rappresentano il 17,8% del parco circolante. Cresce l&#8217;interesse per la mobilit\u00e0 sostenibile, con il 43% della popolazione intenzionata a usare di pi\u00f9 la bicicletta e il 30,7% a ridurre l&#8217;uso dell&#8217;auto.<\/p>\n<p>&nbsp;<\/p>\n<hr \/>\n<blockquote><p>&nbsp;<\/p>\n<h2>DILLO A RADIO PIU&#8230;La stazione delle corriere di Agordo: necessit\u00e0 di maggior cura e pulizia<\/h2>\n<\/blockquote>\n<p>Riceviamo e volentieri pubblichiamo.<\/p>\n<p><strong><img loading=\"lazy\" decoding=\"async\" class=\"alignleft\" src=\"https:\/\/www.radiopiu.net\/wordpress\/wp-content\/uploads\/2021\/10\/9d1e264f-0772-472e-94d9-473a8e2a9cd1.jpg\" width=\"304\" height=\"171\" \/>AGORDO<\/strong><\/p>\n<div class=\"flex max-w-full flex-col flex-grow\">\n<div class=\"min-h-[20px] text-message flex w-full flex-col items-end gap-2 whitespace-normal break-words [.text-message+&amp;]:mt-5\" dir=\"auto\" data-message-author-role=\"assistant\" data-message-id=\"1c2629d6-3c1d-4a85-ba53-8b71c8c64ecd\">\n<div class=\"flex w-full flex-col gap-1 empty:hidden first:pt-[3px]\">\n<div class=\"markdown prose w-full break-words dark:prose-invert dark\">\n<p>La stazione delle corriere di Agordo, situata nel cuore del paese, \u00e8 un luogo di passaggio pubblico che necessita di maggiore attenzione, soprattutto in termini di pulizia e servizi. Attualmente, l&#8217;area risulta trascurata e priva di cestini per i rifiuti, se non fosse per l&#8217;intervento di volontari che raccolgono l\u2019immondizia abbandonata. Nonostante le segnalazioni alla Dolomitibus e al Comune di Agordo, nessun provvedimento \u00e8 stato preso. \u00c8 necessario che Dolomitibus o il Comune intervengano per collocare adeguati contenitori per i rifiuti lungo la pensilina, affinch\u00e9 la stazione sia un luogo decoroso per residenti e viaggiatori.<\/p>\n<\/div>\n<\/div>\n<\/div>\n<\/div>\n<p>&nbsp;<\/p>\n<p>&nbsp;<\/p>\n<hr \/>\n<p>&nbsp;<\/p>\n<blockquote>\n<h3>Gli studenti del \u201cCatullo\u201d al lavoro per abbellire il centro storico<\/h3>\n<\/blockquote>\n<p><img loading=\"lazy\" decoding=\"async\" class=\"alignleft\" src=\"https:\/\/www.radiopiu.net\/wordpress\/wp-content\/uploads\/2024\/09\/Foto-.jpg\" width=\"136\" height=\"182\" \/><strong>BELLUNO<\/strong> A partire dalla prossima settimana, gli studenti dell&#8217;IS &#8220;Catullo&#8221; di Belluno saranno impegnati nel ripristino di Via Sottocastello, una zona del centro storico. L&#8217;iniziativa, nata lo scorso anno dalle classi 5AF e 5BF del Liceo Artistico, si \u00e8 sviluppata in collaborazione con il Comune di Belluno e gli assessori Addamiano, Roccon e Olivotto. Dopo sopralluoghi e attenta progettazione, gli studenti hanno proposto diverse idee, una delle quali \u00e8 stata scelta dall&#8217;amministrazione comunale. Ora i ragazzi dell\u2019indirizzo arti figurative, accompagnati dai loro docenti, realizzeranno murales ispirati alla flora e fauna del Parco Nazionale delle Dolomiti Bellunesi lungo il percorso selezionato.<\/p>\n<p>&nbsp;<\/p>\n<hr \/>\n<p>&nbsp;<\/p>\n<p><span style=\"color: #ff0000;\">L&#8217;INTERVENTO<\/span><\/p>\n<p><strong>Il Libano tra passato e presente: un paese in declino<\/strong><\/p>\n<p>Il Libano, un tempo prospero e culturalmente ricco, ha subito un devastante declino a causa di conflitti religiosi ed etnici, culminando nell&#8217;inefficacia delle missioni ONU e la crescente influenza di Hezbollah.<\/p>\n<p>&nbsp;<\/p>\n<p><strong>DI TOMASO PETTAZZI<\/strong><\/p>\n<p><a class=\"dt-pswp-item\" href=\"https:\/\/www.radiopiu.net\/wordpress\/wp-content\/uploads\/2024\/09\/map-3473138_640.jpg\" data-dt-img-description=\"\" data-large_image_width=\"640\" data-large_image_height=\"427\"><img loading=\"lazy\" decoding=\"async\" class=\"size-medium wp-image-411193 alignleft\" src=\"https:\/\/www.radiopiu.net\/wordpress\/wp-content\/uploads\/2024\/09\/map-3473138_640-300x200.jpg\" alt=\"\" width=\"300\" height=\"200\" srcset=\"https:\/\/www.radiopiu.net\/wordpress\/wp-content\/uploads\/2024\/09\/map-3473138_640-300x200.jpg 300w, https:\/\/www.radiopiu.net\/wordpress\/wp-content\/uploads\/2024\/09\/map-3473138_640.jpg 640w\" sizes=\"auto, (max-width: 300px) 100vw, 300px\" \/><\/a>Quando ero giovane il Libano era considerato la Svizzera del vicino Oriente. A Beirut scorreva la dolce vita di buona parte del ceto imprenditoriale mondiale. Le spiagge facevano concorrenza a Saint-Tropez, la concentrazione di istituti bancari era paragonabile a Ginevra e l\u2019offerta alberghiera simile a Saint Moritz o Cortina. Un nostro conterraneo, Aldo De Filip, da Pieve d\u2019Alpago, vi lavor\u00f2 come chef in importanti ristoranti e, una volta rientrato in Italia, apr\u00ec a Torres d\u2019Alpago il famoso ristorante Beirut, frequentato da una vasta clientela di intenditori, primo nel successivo sviluppo di ristoranti stellati, quali il Dolada e il San Lorenzo.\u00a0 \u00a0Dopo il 1975 tutto cambi\u00f2 per l\u2019acuirsi dello scontro religioso tra cristiani e varie congreghe islamiche, che port\u00f2 in poco tempo a genocidi e distruzione da ambo le parti. Israele, come oggi, per tutelare i propri confini, fece incursioni e occupazioni temporanee, finch\u00e9 si ritir\u00f2 lasciando spazio alle forze di pace inviate dall\u2019Onu. In seguito ad elezioni \u201cpilotate\u201d vinse il partito di Dio, gli Hezbollah, che in pratica guidano, anzi, signoreggiano nel Paese dei Cedri, per conto dell\u2019Iran teocratico. Da l\u00ec numerosi gruppi di popolazioni cristiane, prevalentemente Drusi, si trasferirono nel nord dello stato ebraico per sfuggire alle rappresaglie mussulmane. Popolazioni che in questi giorni soffrono pi\u00f9 di tutti per l\u2019offensiva missilistica Hezbollah. Ricordo, en passant, che prima dell\u2019odierna crisi, uno dei maggiori massacri di Palestinesi avvenne in Giordania, ordinato da re Hussein, per contrastare <a href=\"https:\/\/www.radiopiu.net\/wordpress\/wp-content\/uploads\/2024\/09\/international-2657234_640.webp\"><img loading=\"lazy\" decoding=\"async\" class=\"size-medium wp-image-411194 alignright\" src=\"https:\/\/www.radiopiu.net\/wordpress\/wp-content\/uploads\/2024\/09\/international-2657234_640-300x200.webp\" alt=\"\" width=\"300\" height=\"200\" srcset=\"https:\/\/www.radiopiu.net\/wordpress\/wp-content\/uploads\/2024\/09\/international-2657234_640-300x200.webp 300w, https:\/\/www.radiopiu.net\/wordpress\/wp-content\/uploads\/2024\/09\/international-2657234_640.webp 640w\" sizes=\"auto, (max-width: 300px) 100vw, 300px\" \/><\/a>Olp e al-Fath, che si stavano impadronendo della Giordania. Celebrato come \u201cSettembre Nero\u201d. Da anni il confine tra Libano e Israele \u00e8 \u201cpresidiato\u201d dall\u2019Unifil, forza di interposizione dell\u2019Onu. Che per\u00f2 dimostra tutta la sua impotenza politica, essendo all\u2019atto pratico il classico vaso di coccio tra vasi di ferro. Gli \u201caccorati\u201d appelli del nostro Ministro della Difesa Crosetto per tutelare l\u2019integrit\u00e0 fisica degli oltre mille soldati italiani che partecipano a questa missione dimostrano l\u2019impossibilit\u00e0 di prendere alcuna decisione. L\u2019Onu pi\u00f9 volte ha dimostrato la propria incapacit\u00e0 ad assolvere ai principi base della sua costituzione. A Sebreniza, nel luglio 1995, ci fu un vero e proprio genocidio di popolazione bosniaca, durante il quale all\u2019atto pratico i caschi blu dell\u2019Onu, in prevalenza militari olandesi, si voltarono dall\u2019altra parte. Ma gli esempi potrebbero essere molteplici. Quindi, concludendo, il Libano s\u2019\u00e8 consegnato da tempo nelle mani dei suoi carnefici e l\u2019Onu da altrettanto tempo \u00e8 inefficace nel contrastarne i conflitti etnici. La popolazione della Striscia di Gaza, avendo votato recentemente per i tagliagole di Hamas, si avvia a seguirne il triste epilogo, con buona pace degli appelli dell\u2019Onu.<\/p>\n<p>&nbsp;<\/p>\n<p>&nbsp;<\/p>\n<hr \/>\n<p>&nbsp;<\/p>\n<p>&nbsp;<\/p>\n<blockquote><p><strong><a class=\"dt-pswp-item\" href=\"https:\/\/www.radiopiu.net\/wordpress\/wp-content\/uploads\/2024\/09\/5d97a7bc-3b5e-4e0b-85aa-d56b78b39146.jpg\" data-dt-img-description=\"\" data-large_image_width=\"2048\" data-large_image_height=\"2048\"><img loading=\"lazy\" decoding=\"async\" class=\"wp-image-411245 alignleft\" src=\"https:\/\/www.radiopiu.net\/wordpress\/wp-content\/uploads\/2024\/09\/5d97a7bc-3b5e-4e0b-85aa-d56b78b39146-300x300.jpg\" alt=\"\" width=\"174\" height=\"174\" srcset=\"https:\/\/www.radiopiu.net\/wordpress\/wp-content\/uploads\/2024\/09\/5d97a7bc-3b5e-4e0b-85aa-d56b78b39146-300x300.jpg 300w, https:\/\/www.radiopiu.net\/wordpress\/wp-content\/uploads\/2024\/09\/5d97a7bc-3b5e-4e0b-85aa-d56b78b39146-1024x1024.jpg 1024w, https:\/\/www.radiopiu.net\/wordpress\/wp-content\/uploads\/2024\/09\/5d97a7bc-3b5e-4e0b-85aa-d56b78b39146-150x150.jpg 150w, https:\/\/www.radiopiu.net\/wordpress\/wp-content\/uploads\/2024\/09\/5d97a7bc-3b5e-4e0b-85aa-d56b78b39146-768x768.jpg 768w, https:\/\/www.radiopiu.net\/wordpress\/wp-content\/uploads\/2024\/09\/5d97a7bc-3b5e-4e0b-85aa-d56b78b39146-1536x1536.jpg 1536w, https:\/\/www.radiopiu.net\/wordpress\/wp-content\/uploads\/2024\/09\/5d97a7bc-3b5e-4e0b-85aa-d56b78b39146.jpg 2048w\" sizes=\"auto, (max-width: 174px) 100vw, 174px\" \/><\/a>Gita a Franzei per i bambini della scuola primaria di Rocca Pietore<\/strong><\/p><\/blockquote>\n<p><strong>ROCCA PIETORE<\/strong><\/p>\n<div class=\"flex max-w-full flex-col flex-grow\">\n<div class=\"min-h-[20px] text-message flex w-full flex-col items-end gap-2 whitespace-normal break-words [.text-message+&amp;]:mt-5\" dir=\"auto\" data-message-author-role=\"assistant\" data-message-id=\"86f9c8a6-86dd-4159-8941-d255ca8fafa5\">\n<div class=\"flex w-full flex-col gap-1 empty:hidden first:pt-[3px]\">\n<div class=\"markdown prose w-full break-words dark:prose-invert dark\">\n<p>I bambini della scuola primaria\u00a0 hanno partecipato a una gita a Franzei, nonostante le condizioni meteorologiche non favorevoli. La giornata si \u00e8 rivelata comunque memorabile, lasciando bei ricordi nei piccoli partecipanti. L&#8217;Amministrazione comunale\u00a0 ringrazia le maestre e i volontari del Soccorso Alpino Val Pettorina-Marmolada per aver reso possibile questa esperienza. Inoltre, \u00e8 con piacere che viene annunciato l&#8217;imminente avvio del servizio di doposcuola, un&#8217;importante iniziativa pensata per i ragazzi, a sostegno della loro crescita e formazione.<\/p>\n<\/div>\n<\/div>\n<\/div>\n<\/div>\n<div class=\"mb-2 flex gap-3 empty:hidden -ml-2\">\n<div class=\"items-center justify-start rounded-xl p-1 flex\">\n<div class=\"flex items-center\">\n<div class=\"flex\"><\/div>\n<div class=\"flex items-center pb-0\"><\/div>\n<\/div>\n<\/div>\n<\/div>\n<p>&nbsp;<\/p>\n<hr \/>\n<p>&nbsp;<\/p>\n<blockquote>\n<h3>UN CORSO PER DIVENTARE MENTORE E FACILITATORE<\/h3>\n<\/blockquote>\n<p><strong>BELLUNO<\/strong> Il Comune di Belluno offre un percorso formativo gratuito per giovani dai 16 ai 19 anni, focalizzato su mentorship e facilitazione. L&#8217;iniziativa, che si svolger\u00e0 il 7 e 8 ottobre all&#8217;UrbanHub Dolomiti, dalle 14 alle 18, utilizza il metodo &#8220;Learning by Doing&#8221; per promuovere l&#8217;apprendimento pratico. I partecipanti collaboreranno con Luca Crivellari e Arianna Scalabrin, formatori internazionali del Iusve, per sviluppare competenze di leadership e responsabilit\u00e0, con l&#8217;obiettivo di favorire un coinvolgimento attivo nella comunit\u00e0.<\/p>\n<p>&nbsp;<\/p>\n<p>&nbsp;<\/p>\n<hr \/>\n<p>&nbsp;<\/p>\n<blockquote>\n<h2>Il 29 settembre si celebra la Giornata Mondiale del Cuore: consapevolezza e donazione di sangue<\/h2>\n<\/blockquote>\n<div>\n<p><strong><img loading=\"lazy\" decoding=\"async\" class=\"alignleft\" src=\"https:\/\/www.radiopiu.net\/wordpress\/wp-content\/uploads\/2024\/09\/cc5b4767-6e1f-4fd2-ad55-f2c7e5020028-300x300.jpg\" width=\"144\" height=\"144\" \/>FALCADE<\/strong> In occasione della Giornata Mondiale del Cuore, il 29 settembre, si sensibilizza sull&#8217;importanza delle manovre salvavita per la salute cardiovascolare. In questa cornice, i Donatori ABVS di Falcade saranno presenti per far conoscere il mondo della donazione di sangue e il suo valore fondamentale. Porte aperte a Falcade anche venerd\u00ec 27 e luned\u00ec 30 settembre, per promuovere la salute e la solidariet\u00e0 verso il prossimo. \u00c8 un&#8217;opportunit\u00e0 per comprendere meglio come la donazione possa aiutare a salvare vite e migliorare la salute della comunit\u00e0. Unisciti a noi per fare la differenza per te stesso e per gli altri.<\/p>\n<\/div>\n<p>&nbsp;<\/p>\n<p>&nbsp;<\/p>\n<hr \/>\n<p>&nbsp;<\/p>\n<h2><span style=\"color: #008000;\">IL CONSIGLIO DELL&#8217;UNIONE MONTANA AGORDINA<\/span><\/h2>\n<p><strong>AGORDO<\/strong> Il Presidente dell&#8217;Unione Montana Agordina Paolo Frena ha convocato il consiglio per luned\u00ec alle 20. Tre punti da discutere tra cui l&#8217;approvazione del bilancio consolidato 2023.<\/p>\n<p>&nbsp;<\/p>\n<p>&nbsp;<\/p>\n<hr \/>\n<p>&nbsp;<\/p>\n<h2><span style=\"color: #ff0000;\">CONSIGLI COMUNALI IN AGORDINO<\/span><\/h2>\n<p><strong>ALLEGHE<\/strong> Consiglio comunale convocato per lunedi alle 20:30. Quattro punti da discutere tra cui due variazioni a bilancio e il contributo aree interne per i lavori di realizzazione della nuova sede del distratto socio-sanitario di Alleghe.<\/p>\n<p>&nbsp;<\/p>\n<p>&nbsp;<\/p>\n<hr \/>\n<p>&nbsp;<\/p>\n<blockquote>\n<h3>ULTIMI POSTI PER IL PELLEGRINAGGIO A PIETRALBA<\/h3>\n<\/blockquote>\n<p><strong class=\"photoswipe-wrapper\"><a class=\"dt-pswp-item pspw-wrap-ready\" href=\"https:\/\/i0.wp.com\/www.radiopiu.net\/wordpress\/wp-content\/uploads\/2024\/09\/Santuario-Pietralba-Bolzank-@Walter-Donega.jpg?ssl=1\" data-dt-img-description=\"\" data-large_image_width=\"1920\" data-large_image_height=\"1280\"><img loading=\"lazy\" decoding=\"async\" class=\" wp-image-410436 alignleft\" src=\"https:\/\/i0.wp.com\/www.radiopiu.net\/wordpress\/wp-content\/uploads\/2024\/09\/Santuario-Pietralba-Bolzank-@Walter-Donega.jpg?resize=183%2C122&amp;ssl=1\" sizes=\"auto, (max-width: 183px) 100vw, 183px\" srcset=\"https:\/\/i0.wp.com\/www.radiopiu.net\/wordpress\/wp-content\/uploads\/2024\/09\/Santuario-Pietralba-Bolzank-@Walter-Donega.jpg?resize=300%2C200&amp;ssl=1 300w, https:\/\/i0.wp.com\/www.radiopiu.net\/wordpress\/wp-content\/uploads\/2024\/09\/Santuario-Pietralba-Bolzank-@Walter-Donega.jpg?resize=1024%2C683&amp;ssl=1 1024w, https:\/\/i0.wp.com\/www.radiopiu.net\/wordpress\/wp-content\/uploads\/2024\/09\/Santuario-Pietralba-Bolzank-@Walter-Donega.jpg?resize=768%2C512&amp;ssl=1 768w, https:\/\/i0.wp.com\/www.radiopiu.net\/wordpress\/wp-content\/uploads\/2024\/09\/Santuario-Pietralba-Bolzank-@Walter-Donega.jpg?resize=1536%2C1024&amp;ssl=1 1536w, https:\/\/i0.wp.com\/www.radiopiu.net\/wordpress\/wp-content\/uploads\/2024\/09\/Santuario-Pietralba-Bolzank-@Walter-Donega.jpg?w=1920&amp;ssl=1 1920w\" alt=\"\" width=\"183\" height=\"122\" data-recalc-dims=\"1\" \/><\/a>CANALE D\u2019AGORDO<\/strong>\u00a0Papa Francesco, nel messaggio per la XXXIX Giornata mondiale della giovent\u00f9, invita i giovani a \u201cdiventare pellegrini di speranza\u201d, sottolineando l\u2019importanza di vivere il cammino non come turisti, ma con un coinvolgimento profondo. In questo spirito si terr\u00e0, il 28 e 29 settembre, il pellegrinaggio da Canale d\u2019Agordo a Pietralba, riprendendo una tradizione legata a Papa Luciani. Il pellegrinaggio includer\u00e0 la cerimonia di inaugurazione di una pala d\u2019altare dedicata a Giovanni Paolo I. L\u2019evento sar\u00e0 guidato dal vescovo Ivo Muser. Costo del pellegrinaggio 100 euro, con prenotazioni via telefono o email.\u00a004371948001 o scrivere a\u00a0<span lang=\"zxx\"><u><a href=\"mailto:info@fondazionepapaluciani.com\" target=\"_blank\" rel=\"nofollow noopener\">info@fondazionepapaluciani.com<\/a><\/u><\/span><\/p>\n<p>&nbsp;<\/p>\n<p>&nbsp;<\/p>\n<hr \/>\n<p>&nbsp;<\/p>\n<blockquote>\n<h3>\u201cGIORNATA DELLA ROSA-ALLE SPONDE DEL VESES\u201d DOMENICA A SANTA GIUSTINA<\/h3>\n<\/blockquote>\n<p><strong><a class=\"dt-pswp-item\" href=\"https:\/\/www.radiopiu.net\/wordpress\/wp-content\/uploads\/2024\/09\/SCR-20240925-kkxo.jpeg\" data-dt-img-description=\"\" data-large_image_width=\"1360\" data-large_image_height=\"1208\"><img loading=\"lazy\" decoding=\"async\" class=\" wp-image-411026 alignleft\" src=\"https:\/\/www.radiopiu.net\/wordpress\/wp-content\/uploads\/2024\/09\/SCR-20240925-kkxo-300x266.jpeg\" alt=\"\" width=\"119\" height=\"106\" srcset=\"https:\/\/www.radiopiu.net\/wordpress\/wp-content\/uploads\/2024\/09\/SCR-20240925-kkxo-300x266.jpeg 300w, https:\/\/www.radiopiu.net\/wordpress\/wp-content\/uploads\/2024\/09\/SCR-20240925-kkxo-1024x910.jpeg 1024w, https:\/\/www.radiopiu.net\/wordpress\/wp-content\/uploads\/2024\/09\/SCR-20240925-kkxo-768x682.jpeg 768w, https:\/\/www.radiopiu.net\/wordpress\/wp-content\/uploads\/2024\/09\/SCR-20240925-kkxo.jpeg 1360w\" sizes=\"auto, (max-width: 119px) 100vw, 119px\" \/><\/a>FELTRE<\/strong> Domenica a Santa Giustina si terr\u00e0 la nuova edizione de &#8220;La Giornata della Rosa &#8211; Alle sponde del Veses&#8221;, organizzata dall&#8217;AIPD di Belluno dal 1992. L&#8217;evento include una manifestazione podistica con due percorsi: uno di 5 km per famiglie e giovani, e uno di 11 km per i pi\u00f9 competitivi. Le partenze avverranno dalla Piazza Maggiore, dove sar\u00e0 allestito anche un tendone per il pranzo. Nel pomeriggio ci saranno le premiazioni, musica, balli e l&#8217;estrazione dei premi. Inoltre, il 13 ottobre si terr\u00e0 la \u201cGiornata Nazionale delle persone con sindrome di Down\u201d con iniziative locali.<\/p>\n<p>&nbsp;<\/p>\n<p>&nbsp;<\/p>\n<hr \/>\n<p>&nbsp;<\/p>\n<blockquote>\n<h3>OSPITALIT\u00c0 UNIVERSALE<br \/>\n07 OTTOBRE 2024, Longarone Fiere<\/h3>\n<\/blockquote>\n<p>Un momento di approfondimento su temi sempre pi\u00f9 attuali, un&#8217;occasione densa di riflessioni, spunti ed esperienze da sviluppare per puntare ad un&#8217;ospitalit\u00e0 universale, ad un turismo per tutti nel contesto del quale le imprese turistiche e della ristorazione possono davvero fare<br \/>\nla differenza!<\/p>\n<h3 style=\"text-align: center;\"><a class=\"dt-pswp-item\" href=\"https:\/\/www.radiopiu.net\/wordpress\/wp-content\/uploads\/2024\/09\/5b052f08-8f41-41bb-a25b-c6ecf9e897b2.jpg\" data-dt-img-description=\"\" data-large_image_width=\"1013\" data-large_image_height=\"1431\"><img loading=\"lazy\" decoding=\"async\" class=\"alignnone size-medium wp-image-411248\" src=\"https:\/\/www.radiopiu.net\/wordpress\/wp-content\/uploads\/2024\/09\/5b052f08-8f41-41bb-a25b-c6ecf9e897b2-212x300.jpg\" alt=\"\" width=\"212\" height=\"300\" srcset=\"https:\/\/www.radiopiu.net\/wordpress\/wp-content\/uploads\/2024\/09\/5b052f08-8f41-41bb-a25b-c6ecf9e897b2-212x300.jpg 212w, https:\/\/www.radiopiu.net\/wordpress\/wp-content\/uploads\/2024\/09\/5b052f08-8f41-41bb-a25b-c6ecf9e897b2-725x1024.jpg 725w, https:\/\/www.radiopiu.net\/wordpress\/wp-content\/uploads\/2024\/09\/5b052f08-8f41-41bb-a25b-c6ecf9e897b2-768x1085.jpg 768w, https:\/\/www.radiopiu.net\/wordpress\/wp-content\/uploads\/2024\/09\/5b052f08-8f41-41bb-a25b-c6ecf9e897b2.jpg 1013w\" sizes=\"auto, (max-width: 212px) 100vw, 212px\" \/><\/a><\/h3>\n<p>&nbsp;<\/p>\n<hr \/>\n<p>&nbsp;<\/p>\n<blockquote>\n<h2>Oltre le vette 2024: la montagna protagonista a Belluno<\/h2>\n<\/blockquote>\n<blockquote><p><em><a class=\"dt-pswp-item\" href=\"https:\/\/www.radiopiu.net\/wordpress\/wp-content\/uploads\/2024\/09\/OLVspettacolo-anima.jpg\" data-dt-img-description=\"\" data-large_image_width=\"2400\" data-large_image_height=\"1600\"><img loading=\"lazy\" decoding=\"async\" class=\" wp-image-410161 alignleft\" src=\"https:\/\/www.radiopiu.net\/wordpress\/wp-content\/uploads\/2024\/09\/OLVspettacolo-anima-300x200.jpg\" alt=\"\" width=\"188\" height=\"125\" srcset=\"https:\/\/www.radiopiu.net\/wordpress\/wp-content\/uploads\/2024\/09\/OLVspettacolo-anima-300x200.jpg 300w, https:\/\/www.radiopiu.net\/wordpress\/wp-content\/uploads\/2024\/09\/OLVspettacolo-anima-1024x683.jpg 1024w, https:\/\/www.radiopiu.net\/wordpress\/wp-content\/uploads\/2024\/09\/OLVspettacolo-anima-768x512.jpg 768w, https:\/\/www.radiopiu.net\/wordpress\/wp-content\/uploads\/2024\/09\/OLVspettacolo-anima-1536x1024.jpg 1536w, https:\/\/www.radiopiu.net\/wordpress\/wp-content\/uploads\/2024\/09\/OLVspettacolo-anima-2048x1365.jpg 2048w\" sizes=\"auto, (max-width: 188px) 100vw, 188px\" \/><\/a>&#8220;Oltre le vette&#8221; per gli appassionati di montagna.<\/em><\/p><\/blockquote>\n<p><strong>BELLUNO\u00a0 <\/strong>Dal 4 al 13 ottobre 2024, Belluno ospiter\u00e0 la 28a edizione di &#8220;Oltre le vette \u2013 Metafore, uomini, luoghi della montagna&#8221;. Il festival, uno dei pi\u00f9 longevi dedicati alla montagna in Italia, presenta 50 eventi che spaziano dall&#8217;alpinismo all&#8217;arte, con mostre, spettacoli e incontri. Quest\u2019anno il tema \u00e8 &#8220;Filo, philos, fil\u00f2&#8221;, esplorando il legame tra uomo e montagna attraverso diverse prospettive.<\/p>\n<p>&nbsp;<\/p>\n<p>&nbsp;<\/p>\n<hr \/>\n<blockquote>\n<h3><\/h3>\n<h3>SETTEMBRE PIAVENESE A BELLUNO<\/h3>\n<\/blockquote>\n<p><strong>BELLUNO<\/strong> La rassegna estiva \u201cDall\u2019Ardo alla Piave Festival\u201d si \u00e8 conclusa a settembre con una partecipazione positiva, in particolare per l&#8217;evento &#8220;La Cotogna di Istanbul&#8221;. Prima di lanciare il calendario autunnale, l\u2019associazione Borgo Piave ETC organizza \u201cSettembre Piavense\u201d: il 29 settembre \u201cImpressioni di porto fluviale\u2026\u201d, che mostrer\u00e0 un&#8217;anteprima del futuro spazio dedicato agli zattieri di Borgo Piave. Entrambi gli eventi richiedono prenotazione, con un contributo suggerito di 5 euro.<\/p>\n<p>&nbsp;<\/p>\n<p>&nbsp;<\/p>\n<p>&nbsp;<\/p>\n<hr \/>\n<p>&nbsp;<\/p>\n<blockquote>\n<h3>UN INCONTRO PER PARLARE DI ADOZIONE<\/h3>\n<\/blockquote>\n<p><strong>BELLUNO<\/strong> Il Gruppo Genitori Adottivi &#8220;Zero-Infinito&#8221;, in collaborazione con le associazioni &#8220;Bucaneve&#8221;, &#8220;G(h)ita&#8221; e ULSS1 Dolomiti, organizza una conferenza dal titolo &#8220;Il &#8216;Prezzo&#8217; dell&#8217;Adozione&#8221;, che esplorer\u00e0 gli aspetti emotivi e legali dell&#8217;adozione, sia nazionale che internazionale. L&#8217;evento si terr\u00e0 oggi, dalle 18 alle 20, presso la Sala &#8220;Eliseo Dal Pont-Bianchi&#8221; a Belluno. Durante la serata, interverranno esperti come pedagogisti, psicologi e avvocati per approfondire il linguaggio dell&#8217;adozione, la situazione nel territorio bellunese, e le implicazioni legali ed emotive. Le famiglie adottive condivideranno le loro esperienze personali. La conferenza \u00e8 gratuita e aperta a tutti, fino a un massimo di 80 partecipanti.<\/p>\n<p>&nbsp;<\/p>\n<p>&nbsp;<\/p>\n<hr \/>\n<p>&nbsp;<\/p>\n<blockquote>\n<h3 style=\"margin: 0cm; background: white;\"><span style=\"font-family: 'Tahoma',sans-serif; color: black;\">VITA DIFFERITA. ENRICO GASPERI, POESIE CIVILI E D\u2019AMORE<\/span><\/h3>\n<\/blockquote>\n<p><strong>BELLUNO\u00a0<\/strong> L\u2019Associazione Culturale Verba Volant, in collaborazione con il Comitato di Belluno della Societ\u00e0 Dante Alighieri e l\u2019IIS \u201cCatullo\u201d, organizza l\u2019evento \u201cVita Differita. Enrico Gasperi, poesie civili e d\u2019amore\u201d, un omaggio al poeta Enrico Gasperi, toscano di nascita ma bellunese d\u2019adozione, prematuramente scomparso nel mese di maggio del 2023, uno dei fondatori dell\u2019associazione. La serata si svolger\u00e0 a Belluno oggi alle ore 17:00 presso il cortile dell\u2019IIS \u201cCatullo\u201d e vedr\u00e0 alternarsi letture, musica, ricordi e testimonianze.<\/p>\n<p>&nbsp;<\/p>\n<hr \/>\n<p>&nbsp;<\/p>\n<blockquote><p><strong><a class=\"dt-pswp-item\" href=\"https:\/\/www.radiopiu.net\/wordpress\/wp-content\/uploads\/2024\/09\/ORFV.jpg\" data-dt-img-description=\"\" data-large_image_width=\"1000\" data-large_image_height=\"750\"><img loading=\"lazy\" decoding=\"async\" class=\" wp-image-411057 alignleft\" src=\"https:\/\/www.radiopiu.net\/wordpress\/wp-content\/uploads\/2024\/09\/ORFV-300x225.jpg\" alt=\"\" width=\"205\" height=\"154\" srcset=\"https:\/\/www.radiopiu.net\/wordpress\/wp-content\/uploads\/2024\/09\/ORFV-300x225.jpg 300w, https:\/\/www.radiopiu.net\/wordpress\/wp-content\/uploads\/2024\/09\/ORFV-768x576.jpg 768w, https:\/\/www.radiopiu.net\/wordpress\/wp-content\/uploads\/2024\/09\/ORFV.jpg 1000w\" sizes=\"auto, (max-width: 205px) 100vw, 205px\" \/><\/a>Orchestra Regionale Filarmonia Veneta omaggia Puccini<\/strong><\/p><\/blockquote>\n<p><strong>BELLUNO<\/strong> Mercoled\u00ec 2 ottobre 2024, alle 20:30, al Teatro Buzzati di Belluno, l\u2019Orchestra Regionale Filarmonia Veneta, diretta da Francesco Gesualdi, eseguir\u00e0 un omaggio a Giacomo Puccini. Il programma, intitolato \u00abCon un leggero scintillar di stelle\u2026\u00bb, presenter\u00e0 musiche di Morricone, Serafini, P\u00e4rt, Ambrosi e Fattambrini, con l\u2019accompagnamento di fisarmoniche e archi. Informazioni al 348 2684504, oppure segreteriabelcircolo@gmail.com.<\/p>\n<p>&nbsp;<\/p>\n<p>&nbsp;<\/p>\n<hr \/>\n<p>&nbsp;<\/p>\n<blockquote>\n<h3>DOMENICA CON IL CAI DI AGORDO<\/h3>\n<\/blockquote>\n<p><strong>AGORDO<\/strong> Domenica escursione alla Croda Da lago e Lago Federa nelle Dolomiti d&#8217;Ampezzo. ra boschi, abetaie, torrenti e ponti di legno, andremo a scoprire un lago alpino d&#8217;alta quota di origine glaciale. Incastonato tra le montagne come una gemma, nato secondo la leggenda dalla follia di un drago, \u00e8 senz&#8217;altro un posto incantevole e magico. Escursione classificata Medio &#8211; Facile . Informazioni ed iscrizioni: dalle 16 alle21 a partire dal mercoled\u00ec antecedente l\u2019escursione sino al venerd\u00ec sera,\u00a0 info:\u00a0380.6983040<\/p>\n<p>&nbsp;<\/p>\n<hr \/>\n<p>&nbsp;<\/p>\n<p>&nbsp;<\/p>\n<blockquote>\n<h3>A SOSPIROLO DA BACCHETTI LA PRIMA DI TRE SERATE<\/h3>\n<\/blockquote>\n<p><img loading=\"lazy\" decoding=\"async\" class=\"alignleft\" src=\"https:\/\/www.radiopiu.net\/wordpress\/wp-content\/uploads\/2024\/09\/0db4f943-df1f-4c5e-83cd-76b8593e1ec1.jpg\" width=\"119\" height=\"89\" \/><\/p>\n<p>&nbsp;<\/p>\n<p>di ROBERTO BONA<\/p>\n<audio class=\"wp-audio-shortcode\" id=\"audio-411124-15\" preload=\"none\" style=\"width: 100%;\" controls=\"controls\"><source type=\"audio\/wav\" src=\"https:\/\/www.radiopiu.net\/wordpress\/wp-content\/uploads\/2024\/09\/MeInsogneDeNot-1.wav?_=15\" \/><a href=\"https:\/\/www.radiopiu.net\/wordpress\/wp-content\/uploads\/2024\/09\/MeInsogneDeNot-1.wav\">https:\/\/www.radiopiu.net\/wordpress\/wp-content\/uploads\/2024\/09\/MeInsogneDeNot-1.wav<\/a><\/audio>\n<p>&nbsp;<\/p>\n<p>&nbsp;<\/p>\n<p>&nbsp;<\/p>\n<hr \/>\n<p>&nbsp;<\/p>\n<blockquote>\n<h2>Gara di regolarit\u00e0 per auto d&#8217;epoca e moderne a Pieve d&#8217;Alpago il 19 ottobre 2024<\/h2>\n<\/blockquote>\n<p><a class=\"dt-pswp-item\" href=\"https:\/\/www.radiopiu.net\/wordpress\/wp-content\/uploads\/2024\/09\/00000XLL.jpeg\" data-dt-img-description=\"\" data-large_image_width=\"500\" data-large_image_height=\"288\"><img loading=\"lazy\" decoding=\"async\" class=\"size-medium wp-image-411084 alignleft\" src=\"https:\/\/www.radiopiu.net\/wordpress\/wp-content\/uploads\/2024\/09\/00000XLL-300x173.jpeg\" alt=\"\" width=\"300\" height=\"173\" srcset=\"https:\/\/www.radiopiu.net\/wordpress\/wp-content\/uploads\/2024\/09\/00000XLL-300x173.jpeg 300w, https:\/\/www.radiopiu.net\/wordpress\/wp-content\/uploads\/2024\/09\/00000XLL.jpeg 500w\" sizes=\"auto, (max-width: 300px) 100vw, 300px\" \/><\/a><strong>ALPAGO<\/strong> Sabato 19 ottobre 2024 si terr\u00e0 a Pieve d&#8217;Alpago la tradizionale gara di regolarit\u00e0 per auto d&#8217;epoca e moderne, con un percorso di 150 km che attraversa la suggestiva conca dell&#8217;Alpago e la foresta del Cansiglio. I partecipanti affronteranno 30 prove cronometrate, con partenza e arrivo nella piazza principale di Pieve d&#8217;Alpago.<\/p>\n<p>Quest&#8217;anno l&#8217;evento introduce una significativa novit\u00e0: per la prima volta, saranno presenti due equipaggi con navigatrici non vedenti, offrendo un esempio di inclusione e partecipazione nel mondo delle competizioni automobilistiche. Le iscrizioni sono aperte e tutti gli appassionati possono visitare il sito ufficiale della manifestazione, <strong><a href=\"http:\/\/www.trofeoalpagoregolarita.com\" target=\"_new\" rel=\"noopener\">www.trofeoalpagoregolarita.com<\/a><\/strong>, per ulteriori informazioni e per partecipare.<\/p>\n<p>&nbsp;<\/p>\n<p>&nbsp;<\/p>\n<hr \/>\n<p>&nbsp;<\/p>\n<h2><span style=\"color: #ff6600;\">IERI ALLA RADIO\u00a0<\/span><\/h2>\n<p>&nbsp;<\/p>\n<blockquote class=\"wp-embedded-content\" data-secret=\"uJGDuF4gX6\"><p><a href=\"https:\/\/www.radiopiu.net\/wordpress\/sotto-un-cielo-di-stelle-di-claudio-pra-alla-radio-dal-lunedi-al-giovedi-alle-11-40\/\">SOTTO UN CIELO DI STELLE, DI CLAUDIO PRA alla radio dal lunedi al giovedi alle 11.40<\/a><\/p><\/blockquote>\n<p><iframe loading=\"lazy\" class=\"wp-embedded-content\" sandbox=\"allow-scripts\" security=\"restricted\" style=\"position: absolute; visibility: hidden;\" title=\"&#8220;SOTTO UN CIELO DI STELLE, DI CLAUDIO PRA alla radio dal lunedi al giovedi alle 11.40&#8221; &#8212; Radio Pi\u00f9\" src=\"https:\/\/www.radiopiu.net\/wordpress\/sotto-un-cielo-di-stelle-di-claudio-pra-alla-radio-dal-lunedi-al-giovedi-alle-11-40\/embed\/#?secret=1A2v6UGUP1#?secret=uJGDuF4gX6\" data-secret=\"uJGDuF4gX6\" width=\"600\" height=\"338\" frameborder=\"0\" marginwidth=\"0\" marginheight=\"0\" scrolling=\"no\"><\/iframe><\/p>\n<p>&nbsp;<\/p>\n<h2><span style=\"color: #ff0000;\">SPECIALE SPI CGIL<\/span><\/h2>\n<p><strong><a class=\"dt-pswp-item\" href=\"https:\/\/www.radiopiu.net\/wordpress\/wp-content\/uploads\/2020\/03\/spi-1.jpg\" data-dt-img-description=\"\" data-large_image_width=\"300\" data-large_image_height=\"167\"><img loading=\"lazy\" decoding=\"async\" class=\" wp-image-366015 alignleft\" src=\"https:\/\/www.radiopiu.net\/wordpress\/wp-content\/uploads\/2020\/03\/spi-1.jpg\" alt=\"\" width=\"201\" height=\"112\" \/><\/a>DI MIRKO MEZZACASA<\/strong><\/p>\n<p>CON MARIA RITA GENTILIN, SPI CGIL<\/p>\n<audio class=\"wp-audio-shortcode\" id=\"audio-411124-16\" preload=\"none\" style=\"width: 100%;\" controls=\"controls\"><source type=\"audio\/mpeg\" src=\"https:\/\/www.radiopiu.net\/wordpress\/wp-content\/uploads\/2024\/09\/SPI-MARIA-RITA-GENTILI-OTTOBRE-24.mp3?_=16\" \/><a href=\"https:\/\/www.radiopiu.net\/wordpress\/wp-content\/uploads\/2024\/09\/SPI-MARIA-RITA-GENTILI-OTTOBRE-24.mp3\">https:\/\/www.radiopiu.net\/wordpress\/wp-content\/uploads\/2024\/09\/SPI-MARIA-RITA-GENTILI-OTTOBRE-24.mp3<\/a><\/audio>\n<p>&nbsp;<\/p>\n<hr \/>\n<p>&nbsp;<\/p>\n<h2><span style=\"color: #008080;\">LA SECONDA VITA DEL SITO MINERARIO DI VALLE IMPERINA CON GIORDANO SALVATORE<\/span><\/h2>\n<p><strong><a class=\"dt-pswp-item\" href=\"https:\/\/www.radiopiu.net\/wordpress\/wp-content\/uploads\/2023\/11\/OSTELLO-VALLE-IMPERINA.jpg\" data-dt-img-description=\"\" data-large_image_width=\"1600\" data-large_image_height=\"1066\"><img loading=\"lazy\" decoding=\"async\" class=\" wp-image-361608 alignleft\" src=\"https:\/\/www.radiopiu.net\/wordpress\/wp-content\/uploads\/2023\/11\/OSTELLO-VALLE-IMPERINA-300x200.jpg\" alt=\"\" width=\"203\" height=\"135\" srcset=\"https:\/\/www.radiopiu.net\/wordpress\/wp-content\/uploads\/2023\/11\/OSTELLO-VALLE-IMPERINA-300x200.jpg 300w, https:\/\/www.radiopiu.net\/wordpress\/wp-content\/uploads\/2023\/11\/OSTELLO-VALLE-IMPERINA-1024x682.jpg 1024w, https:\/\/www.radiopiu.net\/wordpress\/wp-content\/uploads\/2023\/11\/OSTELLO-VALLE-IMPERINA-768x512.jpg 768w, https:\/\/www.radiopiu.net\/wordpress\/wp-content\/uploads\/2023\/11\/OSTELLO-VALLE-IMPERINA-1536x1023.jpg 1536w, https:\/\/www.radiopiu.net\/wordpress\/wp-content\/uploads\/2023\/11\/OSTELLO-VALLE-IMPERINA.jpg 1600w\" sizes=\"auto, (max-width: 203px) 100vw, 203px\" \/><\/a>DI MIRKO MEZZACASA<\/strong><\/p>\n<p>OSPITE: Giordano Salvatore<\/p>\n<audio class=\"wp-audio-shortcode\" id=\"audio-411124-17\" preload=\"none\" style=\"width: 100%;\" controls=\"controls\"><source type=\"audio\/mpeg\" src=\"https:\/\/www.radiopiu.net\/wordpress\/wp-content\/uploads\/2024\/09\/giordano-salvatore-ottobre-23.mp3?_=17\" \/><a href=\"https:\/\/www.radiopiu.net\/wordpress\/wp-content\/uploads\/2024\/09\/giordano-salvatore-ottobre-23.mp3\">https:\/\/www.radiopiu.net\/wordpress\/wp-content\/uploads\/2024\/09\/giordano-salvatore-ottobre-23.mp3<\/a><\/audio>\n<p>&nbsp;<\/p>\n<hr \/>\n<p>&nbsp;<\/p>\n<h2><span style=\"color: #ff00ff;\">GABRIELLA CRISCI, DALLA CAMPANIA ALL&#8217;AGORDINO CON LA PASSIONE PER LA POESIA<\/span><\/h2>\n<p><strong><a class=\"dt-pswp-item\" href=\"https:\/\/www.radiopiu.net\/wordpress\/wp-content\/uploads\/2024\/09\/ba77198d-48be-4bda-96ba-d8c6a552e7d9.jpg\" data-dt-img-description=\"\" data-large_image_width=\"2048\" data-large_image_height=\"1152\"><img loading=\"lazy\" decoding=\"async\" class=\" wp-image-411100 alignleft\" src=\"https:\/\/www.radiopiu.net\/wordpress\/wp-content\/uploads\/2024\/09\/ba77198d-48be-4bda-96ba-d8c6a552e7d9-300x169.jpg\" alt=\"\" width=\"195\" height=\"110\" srcset=\"https:\/\/www.radiopiu.net\/wordpress\/wp-content\/uploads\/2024\/09\/ba77198d-48be-4bda-96ba-d8c6a552e7d9-300x169.jpg 300w, https:\/\/www.radiopiu.net\/wordpress\/wp-content\/uploads\/2024\/09\/ba77198d-48be-4bda-96ba-d8c6a552e7d9-1024x576.jpg 1024w, https:\/\/www.radiopiu.net\/wordpress\/wp-content\/uploads\/2024\/09\/ba77198d-48be-4bda-96ba-d8c6a552e7d9-768x432.jpg 768w, https:\/\/www.radiopiu.net\/wordpress\/wp-content\/uploads\/2024\/09\/ba77198d-48be-4bda-96ba-d8c6a552e7d9-1536x864.jpg 1536w, https:\/\/www.radiopiu.net\/wordpress\/wp-content\/uploads\/2024\/09\/ba77198d-48be-4bda-96ba-d8c6a552e7d9.jpg 2048w\" sizes=\"auto, (max-width: 195px) 100vw, 195px\" \/><\/a>DI MIRKO MEZZACASA<\/strong><\/p>\n<p>OSPITE: Gabriella Crisci<\/p>\n<audio class=\"wp-audio-shortcode\" id=\"audio-411124-18\" preload=\"none\" style=\"width: 100%;\" controls=\"controls\"><source type=\"audio\/mpeg\" src=\"https:\/\/www.radiopiu.net\/wordpress\/wp-content\/uploads\/2024\/09\/gabrielle-crisci.mp3?_=18\" \/><a href=\"https:\/\/www.radiopiu.net\/wordpress\/wp-content\/uploads\/2024\/09\/gabrielle-crisci.mp3\">https:\/\/www.radiopiu.net\/wordpress\/wp-content\/uploads\/2024\/09\/gabrielle-crisci.mp3<\/a><\/audio>\n<p>&nbsp;<\/p>\n<hr \/>\n<p>&nbsp;<\/p>\n<h2><span style=\"color: #3366ff;\">TIME 4 ME&#8230;CON ANTONIO FIABANE<\/span><\/h2>\n<p><strong><a class=\"dt-pswp-item\" href=\"https:\/\/www.radiopiu.net\/wordpress\/wp-content\/uploads\/2024\/09\/576c42f6-3e54-4f79-98b4-69e7db3d4fb8.jpg\" data-dt-img-description=\"\" data-large_image_width=\"1080\" data-large_image_height=\"1405\"><img loading=\"lazy\" decoding=\"async\" class=\" wp-image-411091 alignleft\" src=\"https:\/\/www.radiopiu.net\/wordpress\/wp-content\/uploads\/2024\/09\/576c42f6-3e54-4f79-98b4-69e7db3d4fb8-231x300.jpg\" alt=\"\" width=\"132\" height=\"171\" srcset=\"https:\/\/www.radiopiu.net\/wordpress\/wp-content\/uploads\/2024\/09\/576c42f6-3e54-4f79-98b4-69e7db3d4fb8-231x300.jpg 231w, https:\/\/www.radiopiu.net\/wordpress\/wp-content\/uploads\/2024\/09\/576c42f6-3e54-4f79-98b4-69e7db3d4fb8-787x1024.jpg 787w, https:\/\/www.radiopiu.net\/wordpress\/wp-content\/uploads\/2024\/09\/576c42f6-3e54-4f79-98b4-69e7db3d4fb8-768x999.jpg 768w, https:\/\/www.radiopiu.net\/wordpress\/wp-content\/uploads\/2024\/09\/576c42f6-3e54-4f79-98b4-69e7db3d4fb8.jpg 1080w\" sizes=\"auto, (max-width: 132px) 100vw, 132px\" \/><\/a>DI MARINA DONA&#8217;<\/strong><\/p>\n<p>CON ANTONIO FIABANE<\/p>\n<p><span style=\"color: #0000ff;\"><strong>PRIMA PARTE<\/strong><\/span><\/p>\n<audio class=\"wp-audio-shortcode\" id=\"audio-411124-19\" preload=\"none\" style=\"width: 100%;\" controls=\"controls\"><source type=\"audio\/mpeg\" src=\"https:\/\/www.radiopiu.net\/wordpress\/wp-content\/uploads\/2024\/09\/TIME1.mp3?_=19\" \/><a href=\"https:\/\/www.radiopiu.net\/wordpress\/wp-content\/uploads\/2024\/09\/TIME1.mp3\">https:\/\/www.radiopiu.net\/wordpress\/wp-content\/uploads\/2024\/09\/TIME1.mp3<\/a><\/audio>\n<p><span style=\"color: #0000ff;\"><strong>\u00a0<\/strong><\/span><\/p>\n<p><span style=\"color: #0000ff;\"><strong>SECONDA PARTE<\/strong><\/span><\/p>\n<audio class=\"wp-audio-shortcode\" id=\"audio-411124-20\" preload=\"none\" style=\"width: 100%;\" controls=\"controls\"><source type=\"audio\/mpeg\" src=\"https:\/\/www.radiopiu.net\/wordpress\/wp-content\/uploads\/2024\/09\/TIME2.mp3?_=20\" \/><a href=\"https:\/\/www.radiopiu.net\/wordpress\/wp-content\/uploads\/2024\/09\/TIME2.mp3\">https:\/\/www.radiopiu.net\/wordpress\/wp-content\/uploads\/2024\/09\/TIME2.mp3<\/a><\/audio>\n<p><span style=\"color: #0000ff;\"><strong>\u00a0<\/strong><\/span><\/p>\n<p><span style=\"color: #0000ff;\"><strong>TERZA PARTE<\/strong><\/span><\/p>\n<audio class=\"wp-audio-shortcode\" id=\"audio-411124-21\" preload=\"none\" style=\"width: 100%;\" controls=\"controls\"><source type=\"audio\/mpeg\" src=\"https:\/\/www.radiopiu.net\/wordpress\/wp-content\/uploads\/2024\/09\/TIME3.mp3?_=21\" \/><a href=\"https:\/\/www.radiopiu.net\/wordpress\/wp-content\/uploads\/2024\/09\/TIME3.mp3\">https:\/\/www.radiopiu.net\/wordpress\/wp-content\/uploads\/2024\/09\/TIME3.mp3<\/a><\/audio>\n<p>&nbsp;<\/p>\n<hr \/>\n<p>&nbsp;<\/p>\n<h2><span style=\"color: #993300;\">SE DESMONTEGHEA! CHE FINE SETTIMANA A FALCADE DA &#8220;TUTTO ESAURITO&#8221;<\/span><\/h2>\n<p><strong><a href=\"https:\/\/www.radiopiu.net\/wordpress\/wp-content\/uploads\/2024\/09\/desmonteghea.webp\"><img loading=\"lazy\" decoding=\"async\" class=\" wp-image-410673 alignleft\" src=\"https:\/\/www.radiopiu.net\/wordpress\/wp-content\/uploads\/2024\/09\/desmonteghea-300x200.webp\" alt=\"\" width=\"171\" height=\"114\" srcset=\"https:\/\/www.radiopiu.net\/wordpress\/wp-content\/uploads\/2024\/09\/desmonteghea-300x200.webp 300w, https:\/\/www.radiopiu.net\/wordpress\/wp-content\/uploads\/2024\/09\/desmonteghea-1024x683.webp 1024w, https:\/\/www.radiopiu.net\/wordpress\/wp-content\/uploads\/2024\/09\/desmonteghea-768x512.webp 768w, https:\/\/www.radiopiu.net\/wordpress\/wp-content\/uploads\/2024\/09\/desmonteghea-1536x1024.webp 1536w, https:\/\/www.radiopiu.net\/wordpress\/wp-content\/uploads\/2024\/09\/desmonteghea-2048x1366.webp 2048w\" sizes=\"auto, (max-width: 171px) 100vw, 171px\" \/><\/a>DI MIRKO MEZZACASA<\/strong><\/p>\n<p>OSPITI: Antonella Schena, Alessio Xaiz, Giacomo Paolin e Zaira De Ventura<\/p>\n<audio class=\"wp-audio-shortcode\" id=\"audio-411124-22\" preload=\"none\" style=\"width: 100%;\" controls=\"controls\"><source type=\"audio\/mpeg\" src=\"https:\/\/www.radiopiu.net\/wordpress\/wp-content\/uploads\/2024\/09\/se-demonteghea-falcade.mp3?_=22\" \/><a href=\"https:\/\/www.radiopiu.net\/wordpress\/wp-content\/uploads\/2024\/09\/se-demonteghea-falcade.mp3\">https:\/\/www.radiopiu.net\/wordpress\/wp-content\/uploads\/2024\/09\/se-demonteghea-falcade.mp3<\/a><\/audio>\n<p>&nbsp;<\/p>\n<p>&nbsp;<\/p>\n<hr \/>\n<p>&nbsp;<\/p>\n<blockquote>\n<h2><a class=\"dt-pswp-item\" href=\"https:\/\/www.radiopiu.net\/wordpress\/wp-content\/uploads\/2024\/09\/28bdb21e-f180-472d-af31-563faf9d341e.jpg\" data-dt-img-description=\"\" data-large_image_width=\"1131\" data-large_image_height=\"1600\"><img loading=\"lazy\" decoding=\"async\" class=\"wp-image-409980 alignleft\" src=\"https:\/\/www.radiopiu.net\/wordpress\/wp-content\/uploads\/2024\/09\/28bdb21e-f180-472d-af31-563faf9d341e-212x300.jpg\" alt=\"\" width=\"176\" height=\"249\" srcset=\"https:\/\/www.radiopiu.net\/wordpress\/wp-content\/uploads\/2024\/09\/28bdb21e-f180-472d-af31-563faf9d341e-212x300.jpg 212w, https:\/\/www.radiopiu.net\/wordpress\/wp-content\/uploads\/2024\/09\/28bdb21e-f180-472d-af31-563faf9d341e-724x1024.jpg 724w, https:\/\/www.radiopiu.net\/wordpress\/wp-content\/uploads\/2024\/09\/28bdb21e-f180-472d-af31-563faf9d341e-768x1086.jpg 768w, https:\/\/www.radiopiu.net\/wordpress\/wp-content\/uploads\/2024\/09\/28bdb21e-f180-472d-af31-563faf9d341e-1086x1536.jpg 1086w, https:\/\/www.radiopiu.net\/wordpress\/wp-content\/uploads\/2024\/09\/28bdb21e-f180-472d-af31-563faf9d341e.jpg 1131w\" sizes=\"auto, (max-width: 176px) 100vw, 176px\" \/><\/a><span style=\"color: #800080;\">45^ MOSTRA MERCATO A VILLA PATT DI SEDICO, CON LA PROLOCO IL 29 SETTEMBRE<\/span><\/h2>\n<\/blockquote>\n<p><strong>SEDICO<\/strong> Sar\u00e0 un&#8217;altra grande festa a fine mese a Villa Patt, con la Proloco di Sedico e i tanti appuntamenti nell&#8217;ambito delle Mostra Mercato che giunge alla 45edisione. Con Claudio Mezzavilla, presidente della Proloco parliamo dell&#8217;evento, ma anche dell&#8217;inaugurazione della panchina rossa in ricordo di Laura Forcellini e del concorso Balcone Fiorito con la collaborazione di Stefano De Paris del team Dolomiti Garden<\/p>\n<p><strong>AUDIO ospite Claudio Mezzavilla<\/strong><\/p>\n<p><strong>di mirko mezzacasa\u00a0<\/strong><\/p>\n<audio class=\"wp-audio-shortcode\" id=\"audio-411124-23\" preload=\"none\" style=\"width: 100%;\" controls=\"controls\"><source type=\"audio\/mpeg\" src=\"https:\/\/www.radiopiu.net\/wordpress\/wp-content\/uploads\/2024\/09\/CLAUDIO-MEZZAVILLA.mp3?_=23\" \/><a href=\"https:\/\/www.radiopiu.net\/wordpress\/wp-content\/uploads\/2024\/09\/CLAUDIO-MEZZAVILLA.mp3\">https:\/\/www.radiopiu.net\/wordpress\/wp-content\/uploads\/2024\/09\/CLAUDIO-MEZZAVILLA.mp3<\/a><\/audio>\n<p>&nbsp;<\/p>\n<p>&nbsp;<\/p>\n<hr \/>\n<p>&nbsp;<\/p>\n<h2><span style=\"color: #ffcc00;\">A BELLUNO IOGIOCO FESTIVAL, LA SECONDA EDIZIONE<\/span><\/h2>\n<p><strong><a class=\"dt-pswp-item\" href=\"https:\/\/www.radiopiu.net\/wordpress\/wp-content\/uploads\/2024\/09\/94df7af5-4676-4fca-af5c-d2b1f34f9efc-1.jpg\" data-dt-img-description=\"\" data-large_image_width=\"1600\" data-large_image_height=\"900\"><img loading=\"lazy\" decoding=\"async\" class=\" wp-image-410757 alignleft\" src=\"https:\/\/www.radiopiu.net\/wordpress\/wp-content\/uploads\/2024\/09\/94df7af5-4676-4fca-af5c-d2b1f34f9efc-1-300x169.jpg\" alt=\"\" width=\"213\" height=\"120\" srcset=\"https:\/\/www.radiopiu.net\/wordpress\/wp-content\/uploads\/2024\/09\/94df7af5-4676-4fca-af5c-d2b1f34f9efc-1-300x169.jpg 300w, https:\/\/www.radiopiu.net\/wordpress\/wp-content\/uploads\/2024\/09\/94df7af5-4676-4fca-af5c-d2b1f34f9efc-1-1024x576.jpg 1024w, https:\/\/www.radiopiu.net\/wordpress\/wp-content\/uploads\/2024\/09\/94df7af5-4676-4fca-af5c-d2b1f34f9efc-1-768x432.jpg 768w, https:\/\/www.radiopiu.net\/wordpress\/wp-content\/uploads\/2024\/09\/94df7af5-4676-4fca-af5c-d2b1f34f9efc-1-1536x864.jpg 1536w, https:\/\/www.radiopiu.net\/wordpress\/wp-content\/uploads\/2024\/09\/94df7af5-4676-4fca-af5c-d2b1f34f9efc-1.jpg 1600w\" sizes=\"auto, (max-width: 213px) 100vw, 213px\" \/><\/a>DI MIRKO MEZZACASA<\/strong><\/p>\n<p>OSPITI: Andrea Caldart e Daniele Giaffredo<\/p>\n<audio class=\"wp-audio-shortcode\" id=\"audio-411124-24\" preload=\"none\" style=\"width: 100%;\" controls=\"controls\"><source type=\"audio\/mpeg\" src=\"https:\/\/www.radiopiu.net\/wordpress\/wp-content\/uploads\/2024\/09\/andrea-caldart-daniele-giaffredp.mp3?_=24\" \/><a href=\"https:\/\/www.radiopiu.net\/wordpress\/wp-content\/uploads\/2024\/09\/andrea-caldart-daniele-giaffredp.mp3\">https:\/\/www.radiopiu.net\/wordpress\/wp-content\/uploads\/2024\/09\/andrea-caldart-daniele-giaffredp.mp3<\/a><\/audio>\n<div>\n<blockquote>\n<h2><strong><em>\u00a0<\/em><\/strong><\/h2>\n<h2><strong><em>IOGIOCO Festival &#8211; Terza edizione<\/em><\/strong><\/h2>\n<\/blockquote>\n<p><strong>Casa delle Arti &#8211; Spazio EX <\/strong><\/p>\n<p><strong><a class=\"dt-pswp-item\" href=\"https:\/\/www.radiopiu.net\/wordpress\/wp-content\/uploads\/2024\/09\/Manifesto-IOGIOCO-2024.jpg\" data-dt-img-description=\"\" data-large_image_width=\"1702\" data-large_image_height=\"851\"><img loading=\"lazy\" decoding=\"async\" class=\"size-medium wp-image-409873 alignleft\" src=\"https:\/\/www.radiopiu.net\/wordpress\/wp-content\/uploads\/2024\/09\/Manifesto-IOGIOCO-2024-300x150.jpg\" alt=\"\" width=\"300\" height=\"150\" srcset=\"https:\/\/www.radiopiu.net\/wordpress\/wp-content\/uploads\/2024\/09\/Manifesto-IOGIOCO-2024-300x150.jpg 300w, https:\/\/www.radiopiu.net\/wordpress\/wp-content\/uploads\/2024\/09\/Manifesto-IOGIOCO-2024-1024x512.jpg 1024w, https:\/\/www.radiopiu.net\/wordpress\/wp-content\/uploads\/2024\/09\/Manifesto-IOGIOCO-2024-768x384.jpg 768w, https:\/\/www.radiopiu.net\/wordpress\/wp-content\/uploads\/2024\/09\/Manifesto-IOGIOCO-2024-1536x768.jpg 1536w, https:\/\/www.radiopiu.net\/wordpress\/wp-content\/uploads\/2024\/09\/Manifesto-IOGIOCO-2024.jpg 1702w\" sizes=\"auto, (max-width: 300px) 100vw, 300px\" \/><\/a>BELLUNO<\/strong> Prosegue Venerd\u00ec 27 settembre il ricco programma del festival intergenerazionale e multiculturale dedicato al tema del gioco e del mettersi in gioco IOGIOCO Festival, realizzato da TIB Teatro, Insieme si pu\u00f2 onlus ONG e Andrea Caldart presso gli spazi interni ed esterni della Casa delle Arti &#8211; Spazio EX. La giornata si aprir\u00e0 alle ore 9:00 con i laboratori per le scuole primarie CHE POESIA IL NOSTRO POSTO\u00a0e METAGIOCO 16:00 incontro con le associazioni 16:30 laboratorio di costruzione creativa aperto a tutti 17:30 spettacolo dai 5 anni OFFICINA PROMETEO, della compagnia Divisoperzero 18:30 ABITARE LO SPAZIO una divertente caccia al tesoro\u00a0 20:15\u2019incontro ABITARE LA TERRA, per tutti a partire dai 14 anni, dialogo con Mariam Rawi \u2013 attivista di RAWA (Revolutionary Association Women Afghanistan) Dalle19 saranno inoltre attivi i punti ristoro. INFO E PRENOTAZIONI\u00a00437 291298 SPETTACOLI: <a href=\"mailto:info@tibteatro.it\">info@tibteatro.it<\/a> \u2013 0437950555<\/p>\n<p>&nbsp;<\/p>\n<\/div>\n<div><\/div>\n<hr \/>\n<p>&nbsp;<\/p>\n<h3>LA MOSTRA DI HANS HAACKE A BELLUNO FINO AL 29 SETTEMBRE<\/h3>\n<p><a class=\"dt-pswp-item\" href=\"https:\/\/www.radiopiu.net\/wordpress\/wp-content\/uploads\/2024\/09\/SCR-20240908-ophz.jpeg\" data-dt-img-description=\"Screenshot\" data-large_image_width=\"1254\" data-large_image_height=\"932\"><img loading=\"lazy\" decoding=\"async\" class=\"wp-image-408564 alignleft\" src=\"https:\/\/www.radiopiu.net\/wordpress\/wp-content\/uploads\/2024\/09\/SCR-20240908-ophz-300x223.jpeg\" alt=\"\" width=\"161\" height=\"120\" srcset=\"https:\/\/www.radiopiu.net\/wordpress\/wp-content\/uploads\/2024\/09\/SCR-20240908-ophz-300x223.jpeg 300w, https:\/\/www.radiopiu.net\/wordpress\/wp-content\/uploads\/2024\/09\/SCR-20240908-ophz-1024x761.jpeg 1024w, https:\/\/www.radiopiu.net\/wordpress\/wp-content\/uploads\/2024\/09\/SCR-20240908-ophz-768x571.jpeg 768w, https:\/\/www.radiopiu.net\/wordpress\/wp-content\/uploads\/2024\/09\/SCR-20240908-ophz.jpeg 1254w\" sizes=\"auto, (max-width: 161px) 100vw, 161px\" \/><\/a><strong>BELLUNO<\/strong><\/p>\n<p>DI ROBERTO BONA<\/p>\n<audio class=\"wp-audio-shortcode\" id=\"audio-411124-25\" preload=\"none\" style=\"width: 100%;\" controls=\"controls\"><source type=\"audio\/mpeg\" src=\"https:\/\/www.radiopiu.net\/wordpress\/wp-content\/uploads\/2024\/09\/BONA-MOSTRA-BELLUNO-SCADE-29-SETTEMBRE.mp3?_=25\" \/><a href=\"https:\/\/www.radiopiu.net\/wordpress\/wp-content\/uploads\/2024\/09\/BONA-MOSTRA-BELLUNO-SCADE-29-SETTEMBRE.mp3\">https:\/\/www.radiopiu.net\/wordpress\/wp-content\/uploads\/2024\/09\/BONA-MOSTRA-BELLUNO-SCADE-29-SETTEMBRE.mp3<\/a><\/audio>\n<p>&nbsp;<\/p>\n<p>&nbsp;<\/p>\n<hr \/>\n<p>&nbsp;<\/p>\n<h2><span style=\"color: #ff0000;\"><a class=\"dt-pswp-item\" href=\"https:\/\/www.radiopiu.net\/wordpress\/wp-content\/uploads\/2018\/09\/appuntamenti.jpeg\" data-dt-img-description=\"\" data-large_image_width=\"800\" data-large_image_height=\"100\"><img loading=\"lazy\" decoding=\"async\" class=\"wp-image-61958 size-full aligncenter\" src=\"https:\/\/www.radiopiu.net\/wordpress\/wp-content\/uploads\/2018\/09\/appuntamenti.jpeg\" alt=\"\" width=\"800\" height=\"100\" srcset=\"https:\/\/www.radiopiu.net\/wordpress\/wp-content\/uploads\/2018\/09\/appuntamenti.jpeg 800w, https:\/\/www.radiopiu.net\/wordpress\/wp-content\/uploads\/2018\/09\/appuntamenti-300x38.jpeg 300w, https:\/\/www.radiopiu.net\/wordpress\/wp-content\/uploads\/2018\/09\/appuntamenti-768x96.jpeg 768w\" sizes=\"auto, (max-width: 800px) 100vw, 800px\" \/><\/a><\/span><\/h2>\n<p>&nbsp;<\/p>\n<div>\n<div class=\"\" dir=\"auto\">\n<div id=\":r9h:\" class=\"x1iorvi4 x1pi30zi x1l90r2v x1swvt13\" data-ad-comet-preview=\"message\" data-ad-preview=\"message\">\n\n\t\t\t<style type='text\/css'>\n\t\t\t\t#gallery-1 {\n\t\t\t\t\tmargin: auto;\n\t\t\t\t}\n\t\t\t\t#gallery-1 .gallery-item {\n\t\t\t\t\tfloat: left;\n\t\t\t\t\tmargin-top: 10px;\n\t\t\t\t\ttext-align: center;\n\t\t\t\t\twidth: 25%;\n\t\t\t\t}\n\t\t\t\t#gallery-1 img {\n\t\t\t\t\tborder: 2px solid #cfcfcf;\n\t\t\t\t}\n\t\t\t\t#gallery-1 .gallery-caption {\n\t\t\t\t\tmargin-left: 0;\n\t\t\t\t}\n\t\t\t\t\/* see gallery_shortcode() in wp-includes\/media.php *\/\n\t\t\t<\/style>\n\t\t<div id='gallery-1' class='dt-gallery-container gallery galleryid-411124 gallery-columns-4 gallery-size-thumbnail'><dl class='gallery-item'>\n\t\t\t\t<dt class='gallery-icon portrait'>\n\t\t\t\t\t<a class=\"rollover rollover-zoom dt-pswp-item\" title=\"LOC_A3_MOSTRA-RADIO_CMVI\" data-dt-img-description=\"\" data-large_image_width=\"1816\" data-large_image_height=\"2560\"href='https:\/\/www.radiopiu.net\/wordpress\/wp-content\/uploads\/2024\/08\/LOC_A3_MOSTRA-RADIO_CMVI-scaled.jpg'><img loading=\"lazy\" decoding=\"async\" width=\"150\" height=\"150\" src=\"https:\/\/www.radiopiu.net\/wordpress\/wp-content\/uploads\/2024\/08\/LOC_A3_MOSTRA-RADIO_CMVI-150x150.jpg\" class=\"attachment-thumbnail size-thumbnail\" alt=\"\" aria-describedby=\"gallery-1-403450\" \/><\/a>\n\t\t\t\t<\/dt>\n\t\t\t\t\t<dd class='wp-caption-text gallery-caption' id='gallery-1-403450'>\n\t\t\t\t\tLA MOSTRA DELLE RADIO IN VALLE IMPERINA\n\t\t\t\t\t<\/dd><\/dl><dl class='gallery-item'>\n\t\t\t\t<dt class='gallery-icon portrait'>\n\t\t\t\t\t<a class=\"rollover rollover-zoom dt-pswp-item\" title=\"WhatsApp Image 2024-08-29 at 15.33.03\" data-dt-img-description=\"\" data-large_image_width=\"1131\" data-large_image_height=\"1600\"href='https:\/\/www.radiopiu.net\/wordpress\/wp-content\/uploads\/2024\/09\/WhatsApp-Image-2024-08-29-at-15.33.03.jpeg'><img loading=\"lazy\" decoding=\"async\" width=\"150\" height=\"150\" src=\"https:\/\/www.radiopiu.net\/wordpress\/wp-content\/uploads\/2024\/09\/WhatsApp-Image-2024-08-29-at-15.33.03-150x150.jpeg\" class=\"attachment-thumbnail size-thumbnail\" alt=\"\" aria-describedby=\"gallery-1-408070\" \/><\/a>\n\t\t\t\t<\/dt>\n\t\t\t\t\t<dd class='wp-caption-text gallery-caption' id='gallery-1-408070'>\n\t\t\t\t\tFESTA DELLA BIRRA A GOSALDO\n\t\t\t\t\t<\/dd><\/dl><dl class='gallery-item'>\n\t\t\t\t<dt class='gallery-icon portrait'>\n\t\t\t\t\t<a class=\"rollover rollover-zoom dt-pswp-item\" title=\"03efb118-d97d-457e-b9cc-b1da6a42649b\" data-dt-img-description=\"\" data-large_image_width=\"905\" data-large_image_height=\"1280\"href='https:\/\/www.radiopiu.net\/wordpress\/wp-content\/uploads\/2024\/09\/03efb118-d97d-457e-b9cc-b1da6a42649b.jpg'><img loading=\"lazy\" decoding=\"async\" width=\"150\" height=\"150\" src=\"https:\/\/www.radiopiu.net\/wordpress\/wp-content\/uploads\/2024\/09\/03efb118-d97d-457e-b9cc-b1da6a42649b-150x150.jpg\" class=\"attachment-thumbnail size-thumbnail\" alt=\"\" aria-describedby=\"gallery-1-408383\" \/><\/a>\n\t\t\t\t<\/dt>\n\t\t\t\t\t<dd class='wp-caption-text gallery-caption' id='gallery-1-408383'>\n\t\t\t\t\tA OTTOBRE A VOLTAGO\n\t\t\t\t\t<\/dd><\/dl><dl class='gallery-item'>\n\t\t\t\t<dt class='gallery-icon portrait'>\n\t\t\t\t\t<a class=\"rollover rollover-zoom dt-pswp-item\" title=\"b69bb19f-4dff-44b8-8f0f-7b20d47f34a5\" data-dt-img-description=\"\" data-large_image_width=\"1133\" data-large_image_height=\"1600\"href='https:\/\/www.radiopiu.net\/wordpress\/wp-content\/uploads\/2024\/09\/b69bb19f-4dff-44b8-8f0f-7b20d47f34a5.jpg'><img loading=\"lazy\" decoding=\"async\" width=\"150\" height=\"150\" src=\"https:\/\/www.radiopiu.net\/wordpress\/wp-content\/uploads\/2024\/09\/b69bb19f-4dff-44b8-8f0f-7b20d47f34a5-150x150.jpg\" class=\"attachment-thumbnail size-thumbnail\" alt=\"\" aria-describedby=\"gallery-1-408941\" \/><\/a>\n\t\t\t\t<\/dt>\n\t\t\t\t\t<dd class='wp-caption-text gallery-caption' id='gallery-1-408941'>\n\t\t\t\t\tA FALCADE A FINE MESE\n\t\t\t\t\t<\/dd><\/dl><br style=\"clear: both\" \/><dl class='gallery-item'>\n\t\t\t\t<dt class='gallery-icon portrait'>\n\t\t\t\t\t<a class=\"rollover rollover-zoom dt-pswp-item\" title=\"Manifesto de El d\u00ec del Trator\" data-dt-img-description=\"\" data-large_image_width=\"1144\" data-large_image_height=\"1600\"href='https:\/\/www.radiopiu.net\/wordpress\/wp-content\/uploads\/2024\/09\/Manifesto-de-El-di-del-Trator.jpeg'><img loading=\"lazy\" decoding=\"async\" width=\"150\" height=\"150\" src=\"https:\/\/www.radiopiu.net\/wordpress\/wp-content\/uploads\/2024\/09\/Manifesto-de-El-di-del-Trator-150x150.jpeg\" class=\"attachment-thumbnail size-thumbnail\" alt=\"\" aria-describedby=\"gallery-1-410274\" \/><\/a>\n\t\t\t\t<\/dt>\n\t\t\t\t\t<dd class='wp-caption-text gallery-caption' id='gallery-1-410274'>\n\t\t\t\t\tIL 6 OTTOBRE A CANALE D&#8217;AGORDO\n\t\t\t\t\t<\/dd><\/dl><dl class='gallery-item'>\n\t\t\t\t<dt class='gallery-icon portrait'>\n\t\t\t\t\t<a class=\"rollover rollover-zoom dt-pswp-item\" title=\"Screenshot\" data-dt-img-description=\"\" data-large_image_width=\"1714\" data-large_image_height=\"1792\"href='https:\/\/www.radiopiu.net\/wordpress\/wp-content\/uploads\/2024\/09\/SCR-20240921-onob.jpeg'><img loading=\"lazy\" decoding=\"async\" width=\"150\" height=\"150\" src=\"https:\/\/www.radiopiu.net\/wordpress\/wp-content\/uploads\/2024\/09\/SCR-20240921-onob-150x150.jpeg\" class=\"attachment-thumbnail size-thumbnail\" alt=\"\" aria-describedby=\"gallery-1-410438\" \/><\/a>\n\t\t\t\t<\/dt>\n\t\t\t\t\t<dd class='wp-caption-text gallery-caption' id='gallery-1-410438'>\n\t\t\t\t\tSABATO AD AGORDO\n\t\t\t\t\t<\/dd><\/dl><dl class='gallery-item'>\n\t\t\t\t<dt class='gallery-icon portrait'>\n\t\t\t\t\t<a class=\"rollover rollover-zoom dt-pswp-item\" title=\"5 ottobre\" data-dt-img-description=\"\" data-large_image_width=\"1754\" data-large_image_height=\"2480\"href='https:\/\/www.radiopiu.net\/wordpress\/wp-content\/uploads\/2024\/09\/5-ottobre.jpg'><img loading=\"lazy\" decoding=\"async\" width=\"150\" height=\"150\" src=\"https:\/\/www.radiopiu.net\/wordpress\/wp-content\/uploads\/2024\/09\/5-ottobre-150x150.jpg\" class=\"attachment-thumbnail size-thumbnail\" alt=\"\" aria-describedby=\"gallery-1-410439\" \/><\/a>\n\t\t\t\t<\/dt>\n\t\t\t\t\t<dd class='wp-caption-text gallery-caption' id='gallery-1-410439'>\n\t\t\t\t\tAD ARSON DI FELTRE\n\t\t\t\t\t<\/dd><\/dl><dl class='gallery-item'>\n\t\t\t\t<dt class='gallery-icon portrait'>\n\t\t\t\t\t<a class=\"rollover rollover-zoom dt-pswp-item\" title=\"f6f8dc5c-bd68-47ad-9316-164858085c3f\" data-dt-img-description=\"\" data-large_image_width=\"754\" data-large_image_height=\"1600\"href='https:\/\/www.radiopiu.net\/wordpress\/wp-content\/uploads\/2024\/09\/f6f8dc5c-bd68-47ad-9316-164858085c3f.jpg'><img loading=\"lazy\" decoding=\"async\" width=\"150\" height=\"150\" src=\"https:\/\/www.radiopiu.net\/wordpress\/wp-content\/uploads\/2024\/09\/f6f8dc5c-bd68-47ad-9316-164858085c3f-150x150.jpg\" class=\"attachment-thumbnail size-thumbnail\" alt=\"\" aria-describedby=\"gallery-1-410886\" \/><\/a>\n\t\t\t\t<\/dt>\n\t\t\t\t\t<dd class='wp-caption-text gallery-caption' id='gallery-1-410886'>\n\t\t\t\t\tIL PRIMO APPUNTAMENTO CON L&#8217;UNIVERSITA&#8217; DEGLI ANZIANI DI AGORDO\n\t\t\t\t\t<\/dd><\/dl><br style=\"clear: both\" \/>\n\t\t\t<\/div>\n\n<p>&nbsp;<\/p>\n<hr \/>\n<p>&nbsp;<\/p>\n<p>&nbsp;<\/p>\n<blockquote class=\"wp-embedded-content\" data-secret=\"A4732EqpVQ\"><p><a href=\"https:\/\/www.radiopiu.net\/wordpress\/n-di-parom-l-almanach-de-la-nosta-jent-raccolta-completa\/\">N di parom &#8211; L Almanach de la nosta jent RACCOLTA COMPLETA<\/a><\/p><\/blockquote>\n<p><iframe loading=\"lazy\" class=\"wp-embedded-content\" sandbox=\"allow-scripts\" security=\"restricted\" style=\"position: absolute; visibility: hidden;\" title=\"&#8220;N di parom &#8211; L Almanach de la nosta jent RACCOLTA COMPLETA&#8221; &#8212; Radio Pi\u00f9\" src=\"https:\/\/www.radiopiu.net\/wordpress\/n-di-parom-l-almanach-de-la-nosta-jent-raccolta-completa\/embed\/#?secret=Hxmi3O9KB2#?secret=A4732EqpVQ\" data-secret=\"A4732EqpVQ\" width=\"600\" height=\"338\" frameborder=\"0\" marginwidth=\"0\" marginheight=\"0\" scrolling=\"no\"><\/iframe><\/p>\n<blockquote class=\"wp-embedded-content\" data-secret=\"ZJXKhw13yZ\"><p><a href=\"https:\/\/www.radiopiu.net\/wordpress\/pirole-de-lenga-la-parola-del-giorno-a-cura-del-musla-raccolta-completa\/\">PIROLE DE LENGA&#8230; LA PAROLA DEL GIORNO A CURA DEL MUSLA -raccolta completa &#8211;<\/a><\/p><\/blockquote>\n<p><iframe loading=\"lazy\" class=\"wp-embedded-content\" sandbox=\"allow-scripts\" security=\"restricted\" style=\"position: absolute; visibility: hidden;\" title=\"&#8220;PIROLE DE LENGA&#8230; LA PAROLA DEL GIORNO A CURA DEL MUSLA -raccolta completa &#8211;&#8221; &#8212; Radio Pi\u00f9\" src=\"https:\/\/www.radiopiu.net\/wordpress\/pirole-de-lenga-la-parola-del-giorno-a-cura-del-musla-raccolta-completa\/embed\/#?secret=xOdXWnrPCM#?secret=ZJXKhw13yZ\" data-secret=\"ZJXKhw13yZ\" width=\"600\" height=\"338\" frameborder=\"0\" marginwidth=\"0\" marginheight=\"0\" scrolling=\"no\"><\/iframe><\/p>\n<blockquote class=\"wp-embedded-content\" data-secret=\"YKC7EzLAt4\"><p><a href=\"https:\/\/www.radiopiu.net\/wordpress\/set5a\/\">EL BAL DEL FIOR, DETTI E MODI DI DIRE  LA RACCOLTA COMPLETA<\/a><\/p><\/blockquote>\n<p><iframe loading=\"lazy\" class=\"wp-embedded-content\" sandbox=\"allow-scripts\" security=\"restricted\" style=\"position: absolute; visibility: hidden;\" title=\"&#8220;EL BAL DEL FIOR, DETTI E MODI DI DIRE  LA RACCOLTA COMPLETA&#8221; &#8212; Radio Pi\u00f9\" src=\"https:\/\/www.radiopiu.net\/wordpress\/set5a\/embed\/#?secret=sDgPDfOqxU#?secret=YKC7EzLAt4\" data-secret=\"YKC7EzLAt4\" width=\"600\" height=\"338\" frameborder=\"0\" marginwidth=\"0\" marginheight=\"0\" scrolling=\"no\"><\/iframe><\/p>\n<p>&nbsp;<\/p>\n<hr \/>\n<p>&nbsp;<\/p>\n<\/div>\n<\/div>\n<\/div>\n<p><a class=\"dt-pswp-item\" href=\"https:\/\/www.radiopiu.net\/wordpress\/wp-content\/uploads\/2018\/09\/WhatsApp-Image-2018-09-20-at-16.04.06.jpeg\" data-dt-img-description=\"\" data-large_image_width=\"800\" data-large_image_height=\"100\"><img loading=\"lazy\" decoding=\"async\" class=\"wp-image-61378 size-full aligncenter\" src=\"https:\/\/www.radiopiu.net\/wordpress\/wp-content\/uploads\/2018\/09\/WhatsApp-Image-2018-09-20-at-16.04.06.jpeg\" alt=\"\" width=\"800\" height=\"100\" srcset=\"https:\/\/www.radiopiu.net\/wordpress\/wp-content\/uploads\/2018\/09\/WhatsApp-Image-2018-09-20-at-16.04.06.jpeg 800w, https:\/\/www.radiopiu.net\/wordpress\/wp-content\/uploads\/2018\/09\/WhatsApp-Image-2018-09-20-at-16.04.06-300x38.jpeg 300w, https:\/\/www.radiopiu.net\/wordpress\/wp-content\/uploads\/2018\/09\/WhatsApp-Image-2018-09-20-at-16.04.06-768x96.jpeg 768w\" sizes=\"auto, (max-width: 800px) 100vw, 800px\" \/><\/a><\/p>\n<p><center><\/center><b>\u00a0<\/b><\/p>\n<p><center><b>OGGI<\/b><\/center>Tempo variabile e instabile con cielo molto nuvoloso o coperto con fenomeni diffusi al mattino, in prevalenza sparsi e pi\u00f9 modesti nella seconda parte della giornata.<br \/>\n<b>Precipitazioni: <\/b>Nella notte e nella mattinata probabilit\u00e0 alta di precipitazioni su tutte le zone montane con rovesci e temporali da sparsi a diffusi in genere di moderata intensit\u00e0, ma con rovesci localmente anche forti. Nel pomeriggio possibili ancora delle precipitazioni, anche a carattere di rovescio, ma pi\u00f9 discontinue e sparse<br \/>\n<b>Temperature: <\/b>In lieve o contenuto aumento, con minime in quota misurate a fine giornata; contenuta escursione termica giornaliera.<\/p>\n<hr \/>\n<p><center><b>DOMANI<\/b><\/center>Al mattino tempo ancora variabile e a tratti instabile con nuvolosit\u00e0 irregolare associata e qualche fenomeno, nevoso oltre i 2200-2400 m; probabili parziali schiarite con scarsi fenomeni nel corso del pomeriggio\/sera.<br \/>\n<b>Precipitazioni: <\/b>Pi\u00f9 probabili al mattino con probabilit\u00e0 medio-alta perlopi\u00f9 a carattere sparso anche con qualche rovescio, meno probabili nel pomeriggio\/sera con una probabilit\u00e0 medio-bassa per fenomeni modesti e intermittenti da sparsi a locali. Assenti nella notte.<br \/>\n<b>Temperature: <\/b>In calo anche sensibile specie le minime e in quota e misurate a fine giornata.<\/p>\n<hr \/>\n<p><center><b>DOMENICA<\/b><\/center>Tempo stabile e soleggiato con aria asciutta e ottima visibilit\u00e0 soprattutto in quota, mentre nelle valli nelle ore fredde saranno possibili delle modeste formazioni di nubi basse in rapido dissolvimento dopo l&#8217;alba. Nel corso della giornata probabili formazioni di modesti e innocui cumuli limitati per\u00f2 alle cime dolomitiche pi\u00f9 alte anche se lungo qualche pendio non \u00e8 del tutto escluso occasionali piovaschi . Temperature in ulteriore contenuta diminuzione su valori inferiori alla norma, salvo qualche aumento delle massime nelle valli.<\/p>\n<hr \/>\n<p><center><b>LUNEDI<\/b><\/center>Ancora tempo stabile ma non molto soleggiato per la presenza di nuvolosit\u00e0 irregolare stratiforme medio-alta pi\u00f9 significativa sulle zone prealpine associata alle formazione di nubi basse in alcune valli prealpine nelle ore fredde; possibile qualche schiarita nel corso della giornata. Temperature minime in lieve aumento, massime in calo specie nelle valli.<\/p>\n<p>&nbsp;<\/p>\n<hr \/>\n<p>&nbsp;<\/p>\n<p><a class=\"dt-pswp-item\" href=\"https:\/\/www.radiopiu.net\/wordpress\/wp-content\/uploads\/2018\/09\/sport.jpg\" data-dt-img-description=\"\" data-large_image_width=\"800\" data-large_image_height=\"100\"><img loading=\"lazy\" decoding=\"async\" class=\"aligncenter wp-image-60761 size-full\" src=\"https:\/\/www.radiopiu.net\/wordpress\/wp-content\/uploads\/2018\/09\/sport.jpg\" alt=\"\" width=\"800\" height=\"100\" srcset=\"https:\/\/www.radiopiu.net\/wordpress\/wp-content\/uploads\/2018\/09\/sport.jpg 800w, https:\/\/www.radiopiu.net\/wordpress\/wp-content\/uploads\/2018\/09\/sport-300x38.jpg 300w, https:\/\/www.radiopiu.net\/wordpress\/wp-content\/uploads\/2018\/09\/sport-768x96.jpg 768w\" sizes=\"auto, (max-width: 800px) 100vw, 800px\" \/>\u00a0<\/a><\/p>\n<p><span style=\"color: #0000ff;\"><strong>HOCKEY SU GHIACCIO<\/strong><\/span><\/p>\n<blockquote>\n<h3>IL FASSA ATTERRA IL FELTRE AD ALBA DI CANAZEI<\/h3>\n<\/blockquote>\n<p><strong><a class=\"dt-pswp-item\" href=\"https:\/\/www.radiopiu.net\/wordpress\/wp-content\/uploads\/2022\/01\/HOCKEY-2022.jpg\" data-dt-img-description=\"\" data-large_image_width=\"1920\" data-large_image_height=\"1280\"><img loading=\"lazy\" decoding=\"async\" class=\" wp-image-255780 alignleft\" src=\"https:\/\/www.radiopiu.net\/wordpress\/wp-content\/uploads\/2022\/01\/HOCKEY-2022-300x200.jpg\" alt=\"\" width=\"180\" height=\"120\" srcset=\"https:\/\/www.radiopiu.net\/wordpress\/wp-content\/uploads\/2022\/01\/HOCKEY-2022-300x200.jpg 300w, https:\/\/www.radiopiu.net\/wordpress\/wp-content\/uploads\/2022\/01\/HOCKEY-2022-1024x683.jpg 1024w, https:\/\/www.radiopiu.net\/wordpress\/wp-content\/uploads\/2022\/01\/HOCKEY-2022-768x512.jpg 768w, https:\/\/www.radiopiu.net\/wordpress\/wp-content\/uploads\/2022\/01\/HOCKEY-2022-1536x1024.jpg 1536w, https:\/\/www.radiopiu.net\/wordpress\/wp-content\/uploads\/2022\/01\/HOCKEY-2022.jpg 1920w\" sizes=\"auto, (max-width: 180px) 100vw, 180px\" \/><\/a>FASSA &#8211; FELTRE 7-3<\/strong><\/p>\n<p>PARZIALI: 3-1, 3-1, 1-1<\/p>\n<p>GOL: pt. 6.49 Salo (1-0), 8.59 Trottner (2-0), 13.57 Blaha (3-0), 15.06 Kadlec (3-1); st. 2.55 Korkiakoski (3-2), 5.09 Cassan (4-2), 7.26 Ploner (5-2), 17.29 Rossi (6-2); tt. 15.23 Kadlec (6-3), 16.19 Vigl (7-3)<\/p>\n<p>L&#8217;Hockey Feltre subisce una sconfitta per 7-3 sul ghiaccio del Fassa, venendo superato in classifica dai Falcons. Dopo una vittoria convincente all&#8217;esordio contro il Valdifiemme (5-0), la partita infrasettimanale si \u00e8 rivelata complicata sin dai primi minuti, con il Fassa in vantaggio grazie a Salo, Blaha e Trottner. Nonostante i tentativi di rimonta di Kadlec e Korkiakoski, il Fassa ha allungato ulteriormente nel secondo periodo. Nel finale, Kadlec ha firmato la doppietta, ma Vigl ha chiuso i conti per il 7-3 finale. Sabato il Feltre sfider\u00e0 la capolista Aosta al Pala Feltre.<\/p>\n<p>&nbsp;<\/p>\n<p><span style=\"color: #0000ff;\"><b>CORSA E CICLISMO<\/b><\/span><\/p>\n<blockquote>\n<h3>DOPPIO APPUNTAMENTO PER FONDAZIONE CORTINA<\/h3>\n<\/blockquote>\n<p><a class=\"dt-pswp-item\" href=\"https:\/\/www.radiopiu.net\/wordpress\/wp-content\/uploads\/2024\/08\/1_\u00a9EchiAlessandroSogne-10_partenza-bike-con-corty-la-mascotte-di-fondazione-cortina.jpg\" data-dt-img-description=\"\" data-large_image_width=\"1800\" data-large_image_height=\"1200\"><img loading=\"lazy\" decoding=\"async\" class=\" wp-image-405685 alignleft\" src=\"https:\/\/www.radiopiu.net\/wordpress\/wp-content\/uploads\/2024\/08\/1_\u00a9EchiAlessandroSogne-10_partenza-bike-con-corty-la-mascotte-di-fondazione-cortina-300x200.jpg\" alt=\"\" width=\"165\" height=\"110\" \/><\/a>Nel weekend del 28 e 29 settembre, lo staff di Fondazione Cortina sar\u00e0 impegnato in due importanti eventi sportivi. Sabato, parteciperanno alla Delicious Trail Dolomiti, una corsa che unisce sport, natura e storia, attraversando i percorsi della Grande Guerra nelle Dolomiti. Il team si divider\u00e0 tra tre distanze: 43, 35 e 22 km. Domenica, un secondo team prender\u00e0 parte alla Prosecco Cycling, con partenza e arrivo a Valdobbiadene, nelle colline del Prosecco, guidato da Matteo Gobbo e dall\u2019ex ciclista Daniele Colli. Il team indosser\u00e0 abbigliamento sostenibile realizzato da Energiapura. Parteciperanno anche l&#8217;atleta Leonardo Donaggio e le mascotte dei Giochi di Milano-Cortina 2026.<\/p>\n<p>&nbsp;<\/p>\n<hr \/>\n<p>&nbsp;<\/p>\n<p><span style=\"color: #0000ff;\"><strong>CORSA CICLISMO<\/strong><\/span><\/p>\n<p><a class=\"dt-pswp-item\" href=\"https:\/\/www.radiopiu.net\/wordpress\/wp-content\/uploads\/2024\/09\/spiquy-team.jpeg\" data-dt-img-description=\"\" data-large_image_width=\"1200\" data-large_image_height=\"800\"><img loading=\"lazy\" decoding=\"async\" class=\"size-medium wp-image-411208 alignleft\" src=\"https:\/\/www.radiopiu.net\/wordpress\/wp-content\/uploads\/2024\/09\/spiquy-team-300x200.jpeg\" alt=\"\" width=\"300\" height=\"200\" srcset=\"https:\/\/www.radiopiu.net\/wordpress\/wp-content\/uploads\/2024\/09\/spiquy-team-300x200.jpeg 300w, https:\/\/www.radiopiu.net\/wordpress\/wp-content\/uploads\/2024\/09\/spiquy-team-1024x683.jpeg 1024w, https:\/\/www.radiopiu.net\/wordpress\/wp-content\/uploads\/2024\/09\/spiquy-team-768x512.jpeg 768w, https:\/\/www.radiopiu.net\/wordpress\/wp-content\/uploads\/2024\/09\/spiquy-team.jpeg 1200w\" sizes=\"auto, (max-width: 300px) 100vw, 300px\" \/><\/a>Tutto pronto per la penultima tappa del <a href=\"https:\/\/spiquyteam.com\/grand-slam\/\">\u201cGrand Slam Dolomitico\u201d<\/a>, il circuito in dodici prove che unisce ciclismo e podismo e i territori di Cadore, Comelico e Carnia, in alcune tra le pi\u00f9 suggestive localit\u00e0 montane tra Veneto e Friuli. L\u2019appuntamento per domenica 29 settembre a Vigo di Cadore. Si tratta della Crono Razzo, manifestazione di ciclismo su strada valevole per l&#8217;assegnazione del memorial Giobatta Da Rin Pagnetto. Per informazioni si pu\u00f2 consultare il sito <a href=\"http:\/\/www.spiquyteam.com\">www.spiquyteam.com<\/a>.<\/p>\n<p>&nbsp;<\/p>\n<hr \/>\n<p>&nbsp;<\/p>\n<h2><span style=\"color: #ffcc00;\">GOODBYE BY BICICLE&#8230;UN VIAGGIO DALL&#8217;INDIA A SEREN DEL GRAPPA IN BICICLETTA<\/span><\/h2>\n<p><span style=\"color: #ff0000;\"><strong>PUNTATA 30 &#8211; CONTINUA IL VIAGGIO TRA PIOGGIA, INCONTRI E&#8230;PIZZE<\/strong><\/span><\/p>\n<audio class=\"wp-audio-shortcode\" id=\"audio-411124-26\" preload=\"none\" style=\"width: 100%;\" controls=\"controls\"><source type=\"audio\/mpeg\" src=\"https:\/\/www.radiopiu.net\/wordpress\/wp-content\/uploads\/2024\/09\/AIRE-INDIA-PUNTATA-30.mp3?_=26\" \/><a href=\"https:\/\/www.radiopiu.net\/wordpress\/wp-content\/uploads\/2024\/09\/AIRE-INDIA-PUNTATA-30.mp3\">https:\/\/www.radiopiu.net\/wordpress\/wp-content\/uploads\/2024\/09\/AIRE-INDIA-PUNTATA-30.mp3<\/a><\/audio>\n<p>&nbsp;<\/p>\n<p><strong>PER VISITARE I SITI DEI LUOGHI VISITATI, CLICCA SULLE SEGUENTI SCRITTE: <span style=\"color: #3366ff;\"><a href=\"https:\/\/www.instagram.com\/cob_gr?igsh=MWg1dTdzOGhlaGI4aQ==\">COB-BULDING WHIT EARTH<\/a>\u00a0 \u00a0<a href=\"https:\/\/www.instagram.com\/nisiraches?igsh=MWhlb3F1NnB4OHBtNQ==\">NISI RACHES\u00a0<\/a> \u00a0<a href=\"https:\/\/www.instagram.com\/wheeling2help?igsh=cWZzaGNxMmM4aWF1\">WHEELING2HELP<\/a><\/span><\/strong><\/p>\n<p>&nbsp;<\/p>\n\n\t\t\t<style type='text\/css'>\n\t\t\t\t#gallery-2 {\n\t\t\t\t\tmargin: auto;\n\t\t\t\t}\n\t\t\t\t#gallery-2 .gallery-item {\n\t\t\t\t\tfloat: left;\n\t\t\t\t\tmargin-top: 10px;\n\t\t\t\t\ttext-align: center;\n\t\t\t\t\twidth: 20%;\n\t\t\t\t}\n\t\t\t\t#gallery-2 img {\n\t\t\t\t\tborder: 2px solid #cfcfcf;\n\t\t\t\t}\n\t\t\t\t#gallery-2 .gallery-caption {\n\t\t\t\t\tmargin-left: 0;\n\t\t\t\t}\n\t\t\t\t\/* see gallery_shortcode() in wp-includes\/media.php *\/\n\t\t\t<\/style>\n\t\t<div id='gallery-2' class='dt-gallery-container gallery galleryid-411124 gallery-columns-5 gallery-size-thumbnail'><dl class='gallery-item'>\n\t\t\t\t<dt class='gallery-icon portrait'>\n\t\t\t\t\t<a class=\"rollover rollover-zoom dt-pswp-item\" title=\"54081200-1663-4d3f-810a-a8ae752d7dfa\" data-dt-img-description=\"\" data-large_image_width=\"1920\" data-large_image_height=\"2560\"href='https:\/\/www.radiopiu.net\/wordpress\/wp-content\/uploads\/2024\/09\/54081200-1663-4d3f-810a-a8ae752d7dfa-scaled.jpg'><img loading=\"lazy\" decoding=\"async\" width=\"150\" height=\"150\" src=\"https:\/\/www.radiopiu.net\/wordpress\/wp-content\/uploads\/2024\/09\/54081200-1663-4d3f-810a-a8ae752d7dfa-150x150.jpg\" class=\"attachment-thumbnail size-thumbnail\" alt=\"\" \/><\/a>\n\t\t\t\t<\/dt><\/dl><dl class='gallery-item'>\n\t\t\t\t<dt class='gallery-icon landscape'>\n\t\t\t\t\t<a class=\"rollover rollover-zoom dt-pswp-item\" title=\"4235f3f4-7b4b-45a3-808c-f0b9b7d064fa\" data-dt-img-description=\"\" data-large_image_width=\"2560\" data-large_image_height=\"1928\"href='https:\/\/www.radiopiu.net\/wordpress\/wp-content\/uploads\/2024\/09\/4235f3f4-7b4b-45a3-808c-f0b9b7d064fa-scaled.jpg'><img loading=\"lazy\" decoding=\"async\" width=\"150\" height=\"150\" src=\"https:\/\/www.radiopiu.net\/wordpress\/wp-content\/uploads\/2024\/09\/4235f3f4-7b4b-45a3-808c-f0b9b7d064fa-150x150.jpg\" class=\"attachment-thumbnail size-thumbnail\" alt=\"\" \/><\/a>\n\t\t\t\t<\/dt><\/dl><dl class='gallery-item'>\n\t\t\t\t<dt class='gallery-icon landscape'>\n\t\t\t\t\t<a class=\"rollover rollover-zoom dt-pswp-item\" title=\"812784dd-7bdd-403e-98a1-3fba2c747c26\" data-dt-img-description=\"\" data-large_image_width=\"2560\" data-large_image_height=\"1920\"href='https:\/\/www.radiopiu.net\/wordpress\/wp-content\/uploads\/2024\/09\/812784dd-7bdd-403e-98a1-3fba2c747c26-scaled.jpg'><img loading=\"lazy\" decoding=\"async\" width=\"150\" height=\"150\" src=\"https:\/\/www.radiopiu.net\/wordpress\/wp-content\/uploads\/2024\/09\/812784dd-7bdd-403e-98a1-3fba2c747c26-150x150.jpg\" class=\"attachment-thumbnail size-thumbnail\" alt=\"\" \/><\/a>\n\t\t\t\t<\/dt><\/dl><dl class='gallery-item'>\n\t\t\t\t<dt class='gallery-icon landscape'>\n\t\t\t\t\t<a class=\"rollover rollover-zoom dt-pswp-item\" title=\"0b73e7ce-43b6-4b61-9d77-e41413f16634\" data-dt-img-description=\"\" data-large_image_width=\"2560\" data-large_image_height=\"1928\"href='https:\/\/www.radiopiu.net\/wordpress\/wp-content\/uploads\/2024\/09\/0b73e7ce-43b6-4b61-9d77-e41413f16634-scaled.jpg'><img loading=\"lazy\" decoding=\"async\" width=\"150\" height=\"150\" src=\"https:\/\/www.radiopiu.net\/wordpress\/wp-content\/uploads\/2024\/09\/0b73e7ce-43b6-4b61-9d77-e41413f16634-150x150.jpg\" class=\"attachment-thumbnail size-thumbnail\" alt=\"\" \/><\/a>\n\t\t\t\t<\/dt><\/dl><dl class='gallery-item'>\n\t\t\t\t<dt class='gallery-icon landscape'>\n\t\t\t\t\t<a class=\"rollover rollover-zoom dt-pswp-item\" title=\"2e938edb-3348-44c3-9cdf-f854f4618e2e\" data-dt-img-description=\"\" data-large_image_width=\"2560\" data-large_image_height=\"1928\"href='https:\/\/www.radiopiu.net\/wordpress\/wp-content\/uploads\/2024\/09\/2e938edb-3348-44c3-9cdf-f854f4618e2e-scaled.jpg'><img loading=\"lazy\" decoding=\"async\" width=\"150\" height=\"150\" src=\"https:\/\/www.radiopiu.net\/wordpress\/wp-content\/uploads\/2024\/09\/2e938edb-3348-44c3-9cdf-f854f4618e2e-150x150.jpg\" class=\"attachment-thumbnail size-thumbnail\" alt=\"\" \/><\/a>\n\t\t\t\t<\/dt><\/dl><br style=\"clear: both\" \/>\n\t\t\t<\/div>\n\n<p>&nbsp;<\/p>\n<h2>LA RACCOLTA COMPLETA <a href=\"https:\/\/www.radiopiu.net\/wordpress\/goodbye-by-bicicle-un-viaggio-dallindia-a-seren-del-grappa-in-bicicletta-30\/\"><span style=\"color: #3366ff;\">CLICCA QUI<\/span><\/a><\/h2>\n<p>&nbsp;<\/p>\n<p>&nbsp;<\/p>\n<p>&nbsp;<\/p>\n<p>&nbsp;<\/p>\n<p>&nbsp;<\/p>\n","protected":false},"excerpt":{"rendered":"<p>** \u00a0 PROTESTE CONTINUE&#8230; LA SVOLTA? Per le aziende del trasporto pubblico locale la Regione ha stanziato 65 milioni di euro Dolomitibus sar\u00e0 convocata per un tavolo di confronto in Prefettura. Lo anticipa il prefetto Antonello Roccoberton. Giovani&amp;Futuro chiedono alla societ\u00e0 un piano serio. &#8220;Basta fare propaganda sulla pelle dei cittadini&#8221;.\u00a0 Intanto gli abbonati (85%)&hellip;<\/p>\n","protected":false},"author":4,"featured_media":411202,"comment_status":"closed","ping_status":"closed","sticky":false,"template":"","format":"standard","meta":{"_monsterinsights_skip_tracking":false,"_monsterinsights_sitenote_active":false,"_monsterinsights_sitenote_note":"","_monsterinsights_sitenote_category":0,"footnotes":""},"categories":[51,86,49],"tags":[],"class_list":["post-411124","post","type-post","status-publish","format-standard","has-post-thumbnail","hentry","category-evidenza-top","category-gr","category-news-18","category-51","category-86","category-49","description-off"],"img_url":"https:\/\/www.radiopiu.net\/wordpress\/wp-content\/uploads\/2024\/09\/c5db403a-5f24-419d-b754-c6abc268fdff.jpg","_links":{"self":[{"href":"https:\/\/www.radiopiu.net\/wordpress\/wp-json\/wp\/v2\/posts\/411124","targetHints":{"allow":["GET"]}}],"collection":[{"href":"https:\/\/www.radiopiu.net\/wordpress\/wp-json\/wp\/v2\/posts"}],"about":[{"href":"https:\/\/www.radiopiu.net\/wordpress\/wp-json\/wp\/v2\/types\/post"}],"author":[{"embeddable":true,"href":"https:\/\/www.radiopiu.net\/wordpress\/wp-json\/wp\/v2\/users\/4"}],"replies":[{"embeddable":true,"href":"https:\/\/www.radiopiu.net\/wordpress\/wp-json\/wp\/v2\/comments?post=411124"}],"version-history":[{"count":25,"href":"https:\/\/www.radiopiu.net\/wordpress\/wp-json\/wp\/v2\/posts\/411124\/revisions"}],"predecessor-version":[{"id":411274,"href":"https:\/\/www.radiopiu.net\/wordpress\/wp-json\/wp\/v2\/posts\/411124\/revisions\/411274"}],"wp:featuredmedia":[{"embeddable":true,"href":"https:\/\/www.radiopiu.net\/wordpress\/wp-json\/wp\/v2\/media\/411202"}],"wp:attachment":[{"href":"https:\/\/www.radiopiu.net\/wordpress\/wp-json\/wp\/v2\/media?parent=411124"}],"wp:term":[{"taxonomy":"category","embeddable":true,"href":"https:\/\/www.radiopiu.net\/wordpress\/wp-json\/wp\/v2\/categories?post=411124"},{"taxonomy":"post_tag","embeddable":true,"href":"https:\/\/www.radiopiu.net\/wordpress\/wp-json\/wp\/v2\/tags?post=411124"}],"curies":[{"name":"wp","href":"https:\/\/api.w.org\/{rel}","templated":true}]}}