{"id":411286,"date":"2024-09-27T07:53:48","date_gmt":"2024-09-27T05:53:48","guid":{"rendered":"https:\/\/www.radiopiu.net\/wordpress\/?p=411286"},"modified":"2024-09-27T08:28:49","modified_gmt":"2024-09-27T06:28:49","slug":"dal-1983-alle-otto-e-cinque-del-mattino-e-alle-sette-sempre-le-anticipazioni-in-breve","status":"publish","type":"post","link":"https:\/\/www.radiopiu.net\/wordpress\/dal-1983-alle-otto-e-cinque-del-mattino-e-alle-sette-sempre-le-anticipazioni-in-breve\/","title":{"rendered":"DAL 1983 ALLE OTTO E CINQUE DEL MATTINO E ALLE SETTE, SEMPRE, LE ANTICIPAZIONI IN BREVE"},"content":{"rendered":"<p>**<\/p>\n<p><iframe loading=\"lazy\" title=\"DAL 1983 LA RASSEGNA STAMPA LOCALE di mirko mezzacasa. L&#039;ORIGINALE\" width=\"1200\" height=\"675\" src=\"https:\/\/www.youtube.com\/embed\/Y3kCIN2SoDk?feature=oembed\" frameborder=\"0\" allow=\"accelerometer; autoplay; clipboard-write; encrypted-media; gyroscope; picture-in-picture; web-share\" referrerpolicy=\"strict-origin-when-cross-origin\" allowfullscreen><\/iframe><\/p>\n<p><strong><a class=\"dt-pswp-item\" href=\"https:\/\/www.radiopiu.net\/wordpress\/wp-content\/uploads\/2024\/09\/VK-BUFFAURE-Locandina.jpeg\" data-dt-img-description=\"\" data-large_image_width=\"1131\" data-large_image_height=\"1600\"><img loading=\"lazy\" decoding=\"async\" class=\"size-medium wp-image-411209 alignleft\" src=\"https:\/\/www.radiopiu.net\/wordpress\/wp-content\/uploads\/2024\/09\/VK-BUFFAURE-Locandina-212x300.jpeg\" alt=\"\" width=\"212\" height=\"300\" srcset=\"https:\/\/www.radiopiu.net\/wordpress\/wp-content\/uploads\/2024\/09\/VK-BUFFAURE-Locandina-212x300.jpeg 212w, https:\/\/www.radiopiu.net\/wordpress\/wp-content\/uploads\/2024\/09\/VK-BUFFAURE-Locandina-724x1024.jpeg 724w, https:\/\/www.radiopiu.net\/wordpress\/wp-content\/uploads\/2024\/09\/VK-BUFFAURE-Locandina-768x1086.jpeg 768w, https:\/\/www.radiopiu.net\/wordpress\/wp-content\/uploads\/2024\/09\/VK-BUFFAURE-Locandina-1086x1536.jpeg 1086w, https:\/\/www.radiopiu.net\/wordpress\/wp-content\/uploads\/2024\/09\/VK-BUFFAURE-Locandina.jpeg 1131w\" sizes=\"auto, (max-width: 212px) 100vw, 212px\" \/><\/a>OGGI ALLA RADIO&#8230;.<\/strong> <span style=\"color: #ff0000;\">ALLE 4 E ALLE 6<\/span> LE NOTIZIE DALL&#8217;ITALIA E DAL MONDO <span style=\"color: #ff0000;\"> 0500\u00a0 <span style=\"color: #0000ff;\">l&#8217;almanacco della nostra gente con il MUSLA\u00a0<\/span><\/span><span style=\"color: #ff0000;\"> 6.15<\/span> PIROLE DE LENGA A CURA DEL MUSLA<span style=\"color: #ff0000;\"> 7.20<\/span> EL BAL DEL FIORI, DETTI E TRADIZIONI DI GIULIANA DA RONCH <span style=\"color: #ff0000;\">8.05<\/span> LA RASSEGNA STAMPA LOCALE<span style=\"color: #ff0000;\"> 8.30\u00a0<span style=\"color: #000000;\">PIU&#8217; SIAMO CON MARINA DONA&#8217; \u00a0<\/span> 900 <span style=\"color: #0000ff;\">l&#8217;almanacco della nostra gente con il MUSLA . <\/span><\/span><span style=\"color: #ff0000;\"><span style=\"color: #000000;\">9.10 PREMIER LE NOVITA&#8217; MUSICALI DI MARCO GAZ \u00a09.20 CLAUDIO MEZZAVILLA, PROLOCO SEDICO <\/span><\/span><span style=\"color: #ff0000;\"><span style=\"color: #000000;\">\u00a0<\/span><\/span><span style=\"color: #ff0000;\">9.40<\/span> VIABILITA&#8217; CON BOTOL CAR SERVICE (AGORDO-SEDICO-FELTRE) <span style=\"color: #ff0000;\">9.45<\/span> <span style=\"color: #ff0000;\"><span style=\"color: #000000;\">LA MUSICA OTTANTA DI MONICA FONTANIVE<\/span><\/span> <span style=\"color: #ff0000;\">1010<span style=\"color: #000000;\"> MUSLA, LE NOVE IN LADIN CON IL MUSLA CON ANNA DA FALCADE<\/span> 10.30\u00a0 <span style=\"color: #000000;\">VERTICAL IN VAL DI FASSA, TAPPA NUMERO 2 DI MATTIA VALENTINI (FOTO)\u00a0<\/span><\/span><span style=\"color: #000000;\">\u00a0<\/span><span style=\"color: #ff0000;\">11.30<\/span> SOTTO UN CIELO DI STELLE, ASTROFILIA CON CLAUDIO PRA\u00a0 <span style=\"color: #ff0000;\">12.00<\/span> VA TUTTO LISCIO\u00a0 <span style=\"color: #ff0000;\">12.30<\/span> GIORNALE RADIO PRINCIPALE<span style=\"color: #ff0000;\"> 13.10 <span style=\"color: #000000;\">GABRIELLA CRISCI, POESIA<\/span>\u00a0 13.20<span style=\"color: #000000;\"> FOGLIE E CASTAGNE LE TRE SELEZIONI DI MARINA DONA&#8217; 1400 GOLDEN CLASSIC CON MARCO EDELVAIS\u00a0 <\/span><\/span><span style=\"color: #ff0000;\">15.00<\/span>\u00a0 \u00a0 WEEK END MARINA C&#8217;E&#8217;\u00a0 \u00a0<span style=\"color: #ff0000;\">16<\/span> IL ROCK DI MARCO COSTANTINI <span style=\"color: #ff0000;\">1645<\/span> LE HIT DI MIRCO BENCIVENNI <span style=\"color: #ff0000;\">18.00<\/span> PIU&#8217; DANCE LE SELEZIONI CHE FANNO SALTARE DI DJ JACK, JACOPO DEL TEDESCO <span style=\"color: #ff0000;\">1900 COOPERATIVA DI CORTINA, LE NOVITA&#8217; ALLA RADIO\u00a0<\/span><\/p>\n<p>&nbsp;<\/p>\n<p>&nbsp;<\/p>\n<p>&nbsp;<\/p>\n<p><strong><a class=\"dt-pswp-item\" href=\"https:\/\/www.radiopiu.net\/wordpress\/wp-content\/uploads\/2024\/09\/1009a8a3-6e25-4a68-a059-aef968e96b02-scaled.jpg\" data-dt-img-description=\"\" data-large_image_width=\"2560\" data-large_image_height=\"2232\"><img loading=\"lazy\" decoding=\"async\" class=\"size-medium wp-image-411197 alignleft\" src=\"https:\/\/www.radiopiu.net\/wordpress\/wp-content\/uploads\/2024\/09\/1009a8a3-6e25-4a68-a059-aef968e96b02-300x262.jpg\" alt=\"\" width=\"300\" height=\"262\" srcset=\"https:\/\/www.radiopiu.net\/wordpress\/wp-content\/uploads\/2024\/09\/1009a8a3-6e25-4a68-a059-aef968e96b02-300x262.jpg 300w, https:\/\/www.radiopiu.net\/wordpress\/wp-content\/uploads\/2024\/09\/1009a8a3-6e25-4a68-a059-aef968e96b02-1024x893.jpg 1024w, https:\/\/www.radiopiu.net\/wordpress\/wp-content\/uploads\/2024\/09\/1009a8a3-6e25-4a68-a059-aef968e96b02-768x670.jpg 768w, https:\/\/www.radiopiu.net\/wordpress\/wp-content\/uploads\/2024\/09\/1009a8a3-6e25-4a68-a059-aef968e96b02-1536x1339.jpg 1536w, https:\/\/www.radiopiu.net\/wordpress\/wp-content\/uploads\/2024\/09\/1009a8a3-6e25-4a68-a059-aef968e96b02-2048x1786.jpg 2048w\" sizes=\"auto, (max-width: 300px) 100vw, 300px\" \/><\/a>PROTESTE CONTINUE\u2026 LA SVOLTA?<\/strong><br \/>\nL\u2019azienda del trasporto pubblico locale (la Regione ha stanziato 65 milioni di euro per la categoria\u2026) sar\u00e0 convocata per un tavolo di confronto in Prefettura. Lo anticipa il prefetto Antonello Roccoberton. Giovani&amp;Futuro chiedono alla societ\u00e0 un piano serio. \u201cBasta fare propaganda sulla pelle dei cittadini\u201d. Intanto gli abbonati (85%) bocciano il servizio pubblico, oltre 300 segnalazione di disservizi, penalizzati gli studenti<\/p>\n<p><strong>Giovani &amp; Futuro sollecita miglioramenti nel trasporto pubblico<\/strong><br \/>\nBELLUNO L\u2019associazione Giovani &amp; Futuro ha presentato al Prefetto Roccoberton i risultati di un questionario sul trasporto pubblico locale. Oltre il 90% degli utenti, principalmente studenti e lavoratori, denuncia ritardi frequenti e costi non adeguati al servizio.<\/p>\n<p><strong>CHIUSURA PER LA STRADA PER PASSO DURAN \u2013 LATO ZOLDO<\/strong><br \/>\nSP347 PASSO DURAN E CEREDA localit\u00e0 Cordelle. FINO ALL\u201911 OTTOBRE esclusi sabato, domeniche e festivi infrasettimanali INTERDIZIONE TOTALE AL TRANSITO DALLE 8 ALLE 17<\/p>\n<p><strong>ROCCA PIETORE, ACQUA INQUINATA<\/strong><br \/>\nin localit\u00e0 SOPRACORDEVOLE, VAL, DAGAI, DAVARE, LE COSTE e RONCH l\u2019acqua erogata dall\u2019acquedotto non \u00e8 potabile e non pu\u00f2 essere usata per scopi alimentari. Verr\u00e0 effettuato servizio sostitutivo con cisterna c\/o ex Ufficio Postale.<\/p>\n<p><strong>RECUPERATI DUE ESCURSIONISTI SULLA FERRATA CAPRIOLI<\/strong><br \/>\nSAN VITO L\u2019elicottero del Suem di Pieve di Cadore \u00e8 stato chiamato in soccorso di due escursionisti sulla Ferrata Caprioli. I due amici, un uomo inglese di 52 anni e un altro svizzero di 55, si trovavano a un\u2019altitudine di 1.600 metri quando uno di loro ha perso l\u2019equilibrio e si \u00e8 spaventato. Fortunatamente, entrambi si sono spostati in un luogo sicuro in attesa dei soccorsi. Entrambi illesi sono stati riportati in sicurezza al campo base.<\/p>\n<p><strong>FONDAZIONE TEATRI BELLUNO: DE PELLEGRIN SORPRESO PER LE DIMISSIONI DI FERIGUTTI<\/strong><br \/>\nBELLUNO Il sindaco Oscar De Pellegrin ha espresso sorpresa per la decisione di Massimo Ferigutti di lasciare la presidenza della Fondazione Teatri, sottolineando che l\u2019incarico era stato concepito come temporaneo e legato alla fase di strutturazione dell\u2019ente, da concludersi con l\u2019approvazione del nuovo Statuto. Il sindaco ha ringraziato Ferigutti per il lavoro svolto e ha evidenziato come l\u2019obiettivo condiviso fosse quello di far crescere la Fondazione, aprendo le sue attivit\u00e0 al territorio oltre Belluno.<\/p>\n<p><strong>Citt\u00e0 insicure e Ius Scholae: una riflessione critica<\/strong><br \/>\nBELLUNO Le citt\u00e0 italiane affrontano un momento preoccupante, con bande di minori immigrati che sfidano le forze dell\u2019ordine. In questo contesto, la discussione sullo Ius Scholae. Per De Bernardin \u201cdeludono alcune amministrazioni di centro-destra, come Feltre, e l\u2019atteggiamento di Forza Italia sull\u2019Autonomia differenziat<\/p>\n<p><strong><a class=\"dt-pswp-item\" href=\"https:\/\/www.radiopiu.net\/wordpress\/wp-content\/uploads\/2024\/09\/Senza-nome-66.png\" data-dt-img-description=\"\" data-large_image_width=\"529\" data-large_image_height=\"241\"><img loading=\"lazy\" decoding=\"async\" class=\"size-medium wp-image-411271 alignleft\" src=\"https:\/\/www.radiopiu.net\/wordpress\/wp-content\/uploads\/2024\/09\/Senza-nome-66-300x137.png\" alt=\"\" width=\"300\" height=\"137\" srcset=\"https:\/\/www.radiopiu.net\/wordpress\/wp-content\/uploads\/2024\/09\/Senza-nome-66-300x137.png 300w, https:\/\/www.radiopiu.net\/wordpress\/wp-content\/uploads\/2024\/09\/Senza-nome-66.png 529w\" sizes=\"auto, (max-width: 300px) 100vw, 300px\" \/><\/a>LUXOTTICA GARANTIRA\u2019 IL SERVIZIO MENSA, FINISCE IL CICLO DELLA \u201cDITTA ESTERNA\u201d COLLABORA LO CHEF OLDANI<\/strong><br \/>\nEssilorLuxottica gestir\u00e0 direttamente la ristorazione dei suoi stabilimenti bellunesi. Garantita la continuit\u00e0 occupazionale<br \/>\nIl Gruppo conferma anche il suo impegno sociale, mantenendo il servizio pasti a domicilio per anziani e soggetti fragili in collaborazione con ASCA e Sedico Servizi (welfare-comunit\u00e0)<\/p>\n<p><strong>IN VENETO DISOCCUPAZIONE AL MINIMO STORICO<\/strong><br \/>\nVENEZIA Il Sestante di Veneto Lavoro \u00e8 un report dettagliato che analizza l\u2019andamento del mercato del lavoro in Veneto, includendo dati settoriali, contrattuali e territoriali, oltre che sul settore pubblico. Rispetto alla Bussola, che si concentra su dati mensili e specifici tipi di contratto, il Sestante offre un quadro pi\u00f9 completo. Nel secondo trimestre del 2024, si registra un saldo positivo di +48.100 posti di lavoro dipendente, inferiore rispetto all\u2019anno precedente<\/p>\n<p><strong>Visita del Generale Palmieri in Veneto: Tutela dell\u2019Ambiente e Valorizzazione dei Parchi<\/strong><br \/>\nLONGARONE Il Generale di Divisione Nazario Palmieri, Vice Comandante del Comando Unit\u00e0 Forestali Ambientali e Agroalimentari Carabinieri, ha visitato i reparti Carabinieri Forestale del Veneto. Accompagnato dal Generale Francesco Pennacchini, Palmieri ha incontrato il Sindaco di Longarone, Roberto Padrin, e visitato il \u201cMuseo del Vajont\u201d, commemorando la tragedia del 1963 che cost\u00f2 1.910 vite<\/p>\n<p><strong><a class=\"dt-pswp-item\" href=\"https:\/\/www.radiopiu.net\/wordpress\/wp-content\/uploads\/2024\/09\/eat-2535798_1280.jpg\" data-dt-img-description=\"\" data-large_image_width=\"1280\" data-large_image_height=\"960\"><img loading=\"lazy\" decoding=\"async\" class=\"size-medium wp-image-411259 alignleft\" src=\"https:\/\/www.radiopiu.net\/wordpress\/wp-content\/uploads\/2024\/09\/eat-2535798_1280-300x225.jpg\" alt=\"\" width=\"300\" height=\"225\" srcset=\"https:\/\/www.radiopiu.net\/wordpress\/wp-content\/uploads\/2024\/09\/eat-2535798_1280-300x225.jpg 300w, https:\/\/www.radiopiu.net\/wordpress\/wp-content\/uploads\/2024\/09\/eat-2535798_1280-1024x768.jpg 1024w, https:\/\/www.radiopiu.net\/wordpress\/wp-content\/uploads\/2024\/09\/eat-2535798_1280-768x576.jpg 768w, https:\/\/www.radiopiu.net\/wordpress\/wp-content\/uploads\/2024\/09\/eat-2535798_1280.jpg 1280w\" sizes=\"auto, (max-width: 300px) 100vw, 300px\" \/><\/a>mistero delle \u201ccaliere\u201d scomparse: lieto fine per gli alpini di Lamon<\/strong><br \/>\nLAMON Fine settimana movimentato per gli alpini di Lamon, che venerd\u00ec scorso hanno scoperto la scomparsa delle due grandi \u201ccaliere\u201d da polenta, usate di recente per la festa del fagiolo. Le caliere, riempite d\u2019acqua per essere pulite, erano sparite dalla sede, generando preoccupazione tra i membri del gruppo, che temevano fossero state rubate. Si \u00e8 persino ipotizzato un furto organizzato per il valore del rame. Dopo aver presentato denuncia ai carabinieri, per\u00f2, i recipienti sono ricomparsi. Chi li aveva prelevati ha spiegato di averli messi al sicuro, temendo un furto. Gli alpini, sollevati, hanno accettato la spiegazione con gratitudine, e tutto si \u00e8 risolto per il meglio.<\/p>\n<p><strong>Assolto cittadino pakistano accusato di calunnia a Belluno<\/strong><\/p>\n<p>BELLUNO \u00e8 stato assolto dall\u2019accusa di calunnia contro un coetaneo bellunese. Il giudice Federico Montalto ha emesso il verdetto per mancanza di prove, nonostante la richiesta del pubblico ministero Sandra Rossi di condannarlo a due anni e tre mesi. Le immagini della scena, registrate dalle telecamere di una banca, non hanno confermato la presenza di un coltello, come denunciato. Al contrario, sembrava che i due si fossero salutati cordialmente.<\/p>\n<p><strong>Circonvenzione d\u2019incapace: 26enne ingannata da un amico<\/strong><\/p>\n<p>BELLUNO Una 26enne con amministratore di sostegno ha consegnato 11.450 euro a Peter Faoro, che ora \u00e8 accusato di circonvenzione d\u2019incapace. Faoro, che ha negato l\u2019accusa, avrebbe approfittato della vulnerabilit\u00e0 della donna raccontandole della sua difficile situazione personale. Le donazioni si sono interrotte quando l\u2019amministratore di sostegno \u00e8 intervenuto, e la donna ha sporto querela. Il caso, sostenuto dal pubblico ministero Sandra Rossi, proseguir\u00e0 in tribunale il 7 aprile.<\/p>\n<p><strong>Fuga dal cantiere: operaio in tribunale per false dichiarazioni<\/strong><\/p>\n<p>CALALZO Un operaio romeno \u00e8 fuggito da un cantiere edile a Calalzo quando \u00e8 arrivato l\u2019ispettore dello Spisal. I colleghi hanno finto di non conoscerlo, ma secondo la Procura lo sapevano bene chi fosse. L\u2019uomo, prossimo alla pensione e non vaccinato contro il Covid-19, \u00e8 ora accusato di false dichiarazioni. Il processo continua con ulteriori testimonianze e la discussione nei prossimi mesi.<\/p>\n<p>&nbsp;<\/p>\n<p>&nbsp;<\/p>\n<p>&nbsp;<\/p>\n","protected":false},"excerpt":{"rendered":"<p>** OGGI ALLA RADIO&#8230;. ALLE 4 E ALLE 6 LE NOTIZIE DALL&#8217;ITALIA E DAL MONDO 0500\u00a0 l&#8217;almanacco della nostra gente con il MUSLA\u00a0 6.15 PIROLE DE LENGA A CURA DEL MUSLA 7.20 EL BAL DEL FIORI, DETTI E TRADIZIONI DI GIULIANA DA RONCH 8.05 LA RASSEGNA STAMPA LOCALE 8.30\u00a0PIU&#8217; SIAMO CON MARINA DONA&#8217; \u00a0 900&hellip;<\/p>\n","protected":false},"author":4,"featured_media":411271,"comment_status":"closed","ping_status":"closed","sticky":false,"template":"","format":"standard","meta":{"_monsterinsights_skip_tracking":false,"_monsterinsights_sitenote_active":false,"_monsterinsights_sitenote_note":"","_monsterinsights_sitenote_category":0,"footnotes":""},"categories":[104,49,142],"tags":[],"class_list":["post-411286","post","type-post","status-publish","format-standard","has-post-thumbnail","hentry","category-evidenza_3","category-news-18","category-rassegna-stampa","category-104","category-49","category-142","description-off"],"img_url":"https:\/\/www.radiopiu.net\/wordpress\/wp-content\/uploads\/2024\/09\/Senza-nome-66.png","_links":{"self":[{"href":"https:\/\/www.radiopiu.net\/wordpress\/wp-json\/wp\/v2\/posts\/411286","targetHints":{"allow":["GET"]}}],"collection":[{"href":"https:\/\/www.radiopiu.net\/wordpress\/wp-json\/wp\/v2\/posts"}],"about":[{"href":"https:\/\/www.radiopiu.net\/wordpress\/wp-json\/wp\/v2\/types\/post"}],"author":[{"embeddable":true,"href":"https:\/\/www.radiopiu.net\/wordpress\/wp-json\/wp\/v2\/users\/4"}],"replies":[{"embeddable":true,"href":"https:\/\/www.radiopiu.net\/wordpress\/wp-json\/wp\/v2\/comments?post=411286"}],"version-history":[{"count":3,"href":"https:\/\/www.radiopiu.net\/wordpress\/wp-json\/wp\/v2\/posts\/411286\/revisions"}],"predecessor-version":[{"id":411293,"href":"https:\/\/www.radiopiu.net\/wordpress\/wp-json\/wp\/v2\/posts\/411286\/revisions\/411293"}],"wp:featuredmedia":[{"embeddable":true,"href":"https:\/\/www.radiopiu.net\/wordpress\/wp-json\/wp\/v2\/media\/411271"}],"wp:attachment":[{"href":"https:\/\/www.radiopiu.net\/wordpress\/wp-json\/wp\/v2\/media?parent=411286"}],"wp:term":[{"taxonomy":"category","embeddable":true,"href":"https:\/\/www.radiopiu.net\/wordpress\/wp-json\/wp\/v2\/categories?post=411286"},{"taxonomy":"post_tag","embeddable":true,"href":"https:\/\/www.radiopiu.net\/wordpress\/wp-json\/wp\/v2\/tags?post=411286"}],"curies":[{"name":"wp","href":"https:\/\/api.w.org\/{rel}","templated":true}]}}