{"id":411289,"date":"2024-09-28T05:39:59","date_gmt":"2024-09-28T03:39:59","guid":{"rendered":"https:\/\/www.radiopiu.net\/wordpress\/?p=411289"},"modified":"2024-09-28T06:46:42","modified_gmt":"2024-09-28T04:46:42","slug":"giornale-radiopiu-28-settembre-2024-direttore-mirko-mezzacasada-41-anni-25-giugno-1983-25-giugno-2024","status":"publish","type":"post","link":"https:\/\/www.radiopiu.net\/wordpress\/giornale-radiopiu-28-settembre-2024-direttore-mirko-mezzacasada-41-anni-25-giugno-1983-25-giugno-2024\/","title":{"rendered":"GIORNALE RADIOPIU 28 SETTEMBRE 2024 DIRETTORE MIRKO MEZZACASA\u2026DA 41 ANNI 25 GIUGNO 1983-25 GIUGNO 2024"},"content":{"rendered":"<h1>**<\/h1>\n<p>&nbsp;<\/p>\n<h1><strong><a class=\"dt-pswp-item\" href=\"https:\/\/www.radiopiu.net\/wordpress\/wp-content\/uploads\/2023\/09\/Desmontegada-2022.jpg\" data-dt-img-description=\"\" data-large_image_width=\"1280\" data-large_image_height=\"960\"><img loading=\"lazy\" decoding=\"async\" class=\"size-medium wp-image-351282 alignleft\" src=\"https:\/\/www.radiopiu.net\/wordpress\/wp-content\/uploads\/2023\/09\/Desmontegada-2022-300x225.jpg\" alt=\"\" width=\"300\" height=\"225\" srcset=\"https:\/\/www.radiopiu.net\/wordpress\/wp-content\/uploads\/2023\/09\/Desmontegada-2022-300x225.jpg 300w, https:\/\/www.radiopiu.net\/wordpress\/wp-content\/uploads\/2023\/09\/Desmontegada-2022-1024x768.jpg 1024w, https:\/\/www.radiopiu.net\/wordpress\/wp-content\/uploads\/2023\/09\/Desmontegada-2022-768x576.jpg 768w, https:\/\/www.radiopiu.net\/wordpress\/wp-content\/uploads\/2023\/09\/Desmontegada-2022.jpg 1280w\" sizes=\"auto, (max-width: 300px) 100vw, 300px\" \/><\/a>SP 346, Falcade. Ordinanza per chiusura temporanea\u00a0 OGGI\u00a0 dalle 11 alle 12.30 per la sfilata della manifestazione &#8220;Se desmonteghea&#8221;<br \/>\nLA SFILATA INIZIERA&#8217; ALLE 11<br \/>\nBUON LAVORO A TUTTI I VOLONTARI, TANTI, IMPEGNATI DA IERI PER GARANTIRE UN ALTRO FINE SETTIMANA DA RICORDARE. DIRETTE SUI CANALI SOCIAL DI RADIO PIU A PARTIRE DALLE 10.30\u00a0<\/strong><\/h1>\n<p>&nbsp;<\/p>\n<h1>CAMPIONATO MONDIALE DI PESTO, FA GENOVA A FALCADE, OGGI ALLE 10.30, DOMANI ALLE 12.30\u00a0 ALLA RADIO PIU&#8217; E SU TUTTI I CANALI SOCIAL LO SPECIALE DI GIANNI SANTOMASO. OSPITE SILVANO SAVIO<\/h1>\n<h1><em><span style=\"color: #ff0000;\"><a class=\"dt-pswp-item\" href=\"https:\/\/www.radiopiu.net\/wordpress\/wp-content\/uploads\/2024\/09\/Senza-nome-74.png\" data-dt-img-description=\"\" data-large_image_width=\"451\" data-large_image_height=\"208\"><img loading=\"lazy\" decoding=\"async\" class=\"wp-image-411432 size-full aligncenter\" src=\"https:\/\/www.radiopiu.net\/wordpress\/wp-content\/uploads\/2024\/09\/Senza-nome-74.png\" alt=\"\" width=\"451\" height=\"208\" srcset=\"https:\/\/www.radiopiu.net\/wordpress\/wp-content\/uploads\/2024\/09\/Senza-nome-74.png 451w, https:\/\/www.radiopiu.net\/wordpress\/wp-content\/uploads\/2024\/09\/Senza-nome-74-300x138.png 300w\" sizes=\"auto, (max-width: 451px) 100vw, 451px\" \/><\/a> \u00a0<\/span><\/em><\/h1>\n<p>&nbsp;<\/p>\n<hr \/>\n<p><em><span style=\"color: #ff0000;\">\u00a0<\/span><\/em><\/p>\n<p><em><span style=\"color: #ff0000;\">ATTENZIONE: LA NUOVA APP PER IOS-IPHONE di Nicola Vettorello <\/span><\/em><a href=\"https:\/\/apps.apple.com\/it\/app\/radio-pi%C3%B9-emittente-agordina\/id1515939845\">https:\/\/apps.apple.com\/it\/app\/radio-pi%C3%B9-emittente-agordina\/id1515939845<\/a><\/p>\n<p><em style=\"color: #ff0000;\">ATTENZIONE: LA NUOVA APP RADIO\u00a0 PER ANDROID di Nicola Vettorello<\/em><\/p>\n<p><a href=\"https:\/\/play.google.com\/store\/apps\/details?id=net.radiopiu.iniko\" target=\"_blank\" rel=\"noopener noreferrer\">https:\/\/<\/a><a href=\"https:\/\/play.google.com\/store\/apps\/details?id=net.radiopiu.iniko\" target=\"_blank\" rel=\"noopener noreferrer\">play.google.com\/store\/apps\/details?id=net.radiopiu.iniko\u00a0\u00a0\u00a0<\/a><\/p>\n<p>&nbsp;<\/p>\n<hr \/>\n<p>&nbsp;<\/p>\n<p><strong><a class=\"dt-pswp-item\" href=\"https:\/\/www.radiopiu.net\/wordpress\/wp-content\/uploads\/2024\/09\/PESTO-GENOVESE-2.jpg\" data-dt-img-description=\"\" data-large_image_width=\"1919\" data-large_image_height=\"1391\"><img loading=\"lazy\" decoding=\"async\" class=\" wp-image-408991 alignleft\" src=\"https:\/\/www.radiopiu.net\/wordpress\/wp-content\/uploads\/2024\/09\/PESTO-GENOVESE-2-300x217.jpg\" alt=\"\" width=\"232\" height=\"168\" srcset=\"https:\/\/www.radiopiu.net\/wordpress\/wp-content\/uploads\/2024\/09\/PESTO-GENOVESE-2-300x217.jpg 300w, https:\/\/www.radiopiu.net\/wordpress\/wp-content\/uploads\/2024\/09\/PESTO-GENOVESE-2-1024x742.jpg 1024w, https:\/\/www.radiopiu.net\/wordpress\/wp-content\/uploads\/2024\/09\/PESTO-GENOVESE-2-768x557.jpg 768w, https:\/\/www.radiopiu.net\/wordpress\/wp-content\/uploads\/2024\/09\/PESTO-GENOVESE-2-1536x1113.jpg 1536w, https:\/\/www.radiopiu.net\/wordpress\/wp-content\/uploads\/2024\/09\/PESTO-GENOVESE-2.jpg 1919w\" sizes=\"auto, (max-width: 232px) 100vw, 232px\" \/><\/a>OGGI ALLA RADIO&#8230;.<\/strong> <span style=\"color: #ff0000;\">ALLE 4 E ALLE 6<\/span> LE NOTIZIE DALL&#8217;ITALIA E DAL MONDO <span style=\"color: #ff0000;\"> 0500\u00a0 <span style=\"color: #0000ff;\">l&#8217;almanacco della nostra gente con il MUSLA\u00a0<\/span><\/span><span style=\"color: #ff0000;\"> 6.15<\/span> PIROLE DE LENGA A CURA DEL MUSLA<span style=\"color: #ff0000;\"> 7.20<\/span> EL BAL DEL FIORI, DETTI E TRADIZIONI DI GIULIANA DA RONCH <span style=\"color: #ff0000;\">8.05<\/span> LA RASSEGNA STAMPA LOCALE<span style=\"color: #ff0000;\"> 8.30\u00a0<span style=\"color: #000000;\">WEE END MARINA C&#8217;E&#8217;\u00a0\u00a0<\/span> 900 <span style=\"color: #0000ff;\">l&#8217;almanacco della nostra gente con il MUSLA . <\/span><\/span><span style=\"color: #ff0000;\"><span style=\"color: #000000;\"><span style=\"color: #ff0000;\">9.10<\/span> PREMIER LE NOVITA&#8217; MUSICALI DI MARCO GAZ<\/span><\/span><span style=\"color: #ff0000;\"><span style=\"color: #000000;\">\u00a0<\/span><\/span><span style=\"color: #ff0000;\">9.40<\/span> VIABILITA&#8217; CON BOTOL CAR SERVICE (AGORDO-SEDICO-FELTRE) <span style=\"color: #ff0000;\">\u00a010.30\u00a0 <span style=\"color: #000000;\">LA RASSEGNA STAMPA DA L&#8217;AMICO DEL POPOLO, MONDIALE DI PESTO A FALCADE (foto) <\/span><\/span><span style=\"color: #000000;\">\u00a0<\/span>\u00a0\u00a0<span style=\"color: #ff0000;\">12.00<\/span> VA TUTTO LISCIO\u00a0 <span style=\"color: #ff0000;\">12.30<\/span> GIORNALE RADIO PRINCIPALE<span style=\"color: #ff0000;\"> <span style=\"color: #000000;\">\u00a0<span style=\"color: #ff0000;\">1400<\/span> ELETTROCHOCH DJ JACK JACOPO DEL TEDESCO\u00a0 <\/span><\/span><span style=\"color: #ff0000;\">15.00<\/span>\u00a0 \u00a0LA CLASSIFICA UFFICIALE DI MARCO GAZ\u00a0 \u00a0 <span style=\"color: #ff0000;\">16<\/span> IL ROCK DI MARCO COSTANTINI <span style=\"color: #ff0000;\">1645<\/span> LE HIT DI MIRCO BENCIVENNI <span style=\"color: #ff0000;\">18.00<\/span> PIU&#8217; DANCE LE SELEZIONI CHE FANNO SALTARE DI DJ JACK, JACOPO DEL TEDESCO <span style=\"color: #ff0000;\">18.10 <span style=\"color: #000000;\">REGGAETON CON ATHOS DJ DAVID BEN<\/span> 19.00 <span style=\"color: #000000;\">LE ANTICIPAZIONI DAL TG DI ANTENNA 3 DI TIZIANA BOLOGNANI <span style=\"color: #ff0000;\">18.45<\/span> HOCKEY AL PUNTO GIUSTO, PERGINE ALLEGHE IN STUDIO MARCO GAZ, A PERGINE FEDERICO PAGANIN<\/span><\/span><\/p>\n<p><strong>rassegna stampa nazionale,<\/strong> ogni giorno alle 5 e alle 6 del mattino<br \/>\ngiornali locali 7 rassegna stampa flash, 8 rassegna stampa, gr flash alle 10 e alle 11, principale 12.30. Informazione pomeriggio alle 15 (speciale) 16, 17, 18. Giornale radio nazionale: ogni ora dalle 5 del mattino, alle 20 della sera.<\/p>\n<p>&nbsp;<\/p>\n<p>&nbsp;<\/p>\n<hr \/>\n<p>&nbsp;<\/p>\n<p>&nbsp;<\/p>\n<div class=\"x11i5rnm xat24cr x1mh8g0r x1vvkbs xtlvy1s x126k92a\">\n<div dir=\"auto\">\n<div dir=\"auto\">\n<p><strong><a class=\"dt-pswp-item\" href=\"https:\/\/www.radiopiu.net\/wordpress\/wp-content\/uploads\/2024\/02\/2d44e751-d8a8-461b-8e22-d8e4e853b032.jpg\" data-dt-img-description=\"\" data-large_image_width=\"1600\" data-large_image_height=\"1200\"><img loading=\"lazy\" decoding=\"async\" class=\"wp-image-373307 alignleft\" src=\"https:\/\/www.radiopiu.net\/wordpress\/wp-content\/uploads\/2024\/02\/2d44e751-d8a8-461b-8e22-d8e4e853b032-300x225.jpg\" alt=\"\" width=\"105\" height=\"79\" srcset=\"https:\/\/www.radiopiu.net\/wordpress\/wp-content\/uploads\/2024\/02\/2d44e751-d8a8-461b-8e22-d8e4e853b032-300x225.jpg 300w, https:\/\/www.radiopiu.net\/wordpress\/wp-content\/uploads\/2024\/02\/2d44e751-d8a8-461b-8e22-d8e4e853b032-1024x768.jpg 1024w, https:\/\/www.radiopiu.net\/wordpress\/wp-content\/uploads\/2024\/02\/2d44e751-d8a8-461b-8e22-d8e4e853b032-768x576.jpg 768w, https:\/\/www.radiopiu.net\/wordpress\/wp-content\/uploads\/2024\/02\/2d44e751-d8a8-461b-8e22-d8e4e853b032-1536x1152.jpg 1536w, https:\/\/www.radiopiu.net\/wordpress\/wp-content\/uploads\/2024\/02\/2d44e751-d8a8-461b-8e22-d8e4e853b032.jpg 1600w\" sizes=\"auto, (max-width: 105px) 100vw, 105px\" \/><\/a>EL BAL DEL FIOR, DI GIULIANA DA RONCH, 28 SETTEMBRE<\/strong><strong>\u00a02024<\/strong><\/p>\n<\/div>\n<\/div>\n<\/div>\n<div class=\"x11i5rnm xat24cr x1mh8g0r x1vvkbs xtlvy1s x126k92a\"><\/div>\n<audio class=\"wp-audio-shortcode\" id=\"audio-411289-1\" preload=\"none\" style=\"width: 100%;\" controls=\"controls\"><source type=\"audio\/mpeg\" src=\"https:\/\/www.radiopiu.net\/wordpress\/wp-content\/uploads\/2024\/09\/GSA-3.mp3?_=1\" \/><a href=\"https:\/\/www.radiopiu.net\/wordpress\/wp-content\/uploads\/2024\/09\/GSA-3.mp3\">https:\/\/www.radiopiu.net\/wordpress\/wp-content\/uploads\/2024\/09\/GSA-3.mp3<\/a><\/audio>\n<p>&nbsp;<\/p>\n<hr \/>\n<p>&nbsp;<\/p>\n<div class=\"x11i5rnm xat24cr x1mh8g0r x1vvkbs xtlvy1s x126k92a\">\n<h1><span style=\"color: #ff0000;\"><a class=\"dt-pswp-item\" href=\"https:\/\/www.radiopiu.net\/wordpress\/wp-content\/uploads\/2024\/06\/th-5.jpg\" data-dt-img-description=\"\" data-large_image_width=\"326\" data-large_image_height=\"180\"><img loading=\"lazy\" decoding=\"async\" class=\"size-medium wp-image-395881 alignleft\" src=\"https:\/\/www.radiopiu.net\/wordpress\/wp-content\/uploads\/2024\/06\/th-5-300x166.jpg\" alt=\"\" width=\"300\" height=\"166\" srcset=\"https:\/\/www.radiopiu.net\/wordpress\/wp-content\/uploads\/2024\/06\/th-5-300x166.jpg 300w, https:\/\/www.radiopiu.net\/wordpress\/wp-content\/uploads\/2024\/06\/th-5.jpg 326w\" sizes=\"auto, (max-width: 300px) 100vw, 300px\" \/><\/a><\/span><\/h1>\n<h1><\/h1>\n<h1><\/h1>\n<h1><span style=\"color: #000000;\">28 SETTEMBRE&#8230; alla radio l&#8217;almanacco\u00a0<\/span><\/h1>\n<audio class=\"wp-audio-shortcode\" id=\"audio-411289-2\" preload=\"none\" style=\"width: 100%;\" controls=\"controls\"><source type=\"audio\/mpeg\" src=\"https:\/\/www.radiopiu.net\/wordpress\/wp-content\/uploads\/2024\/09\/ALMANACCONEW-24.mp3?_=2\" \/><a href=\"https:\/\/www.radiopiu.net\/wordpress\/wp-content\/uploads\/2024\/09\/ALMANACCONEW-24.mp3\">https:\/\/www.radiopiu.net\/wordpress\/wp-content\/uploads\/2024\/09\/ALMANACCONEW-24.mp3<\/a><\/audio>\n<p>&nbsp;<\/p>\n<hr \/>\n<p>&nbsp;<\/p>\n<p>&nbsp;<\/p>\n<blockquote>\n<h1><strong><a class=\"dt-pswp-item\" href=\"https:\/\/www.radiopiu.net\/wordpress\/wp-content\/uploads\/2024\/09\/settembre-2024-calendario-it2.jpg\" data-dt-img-description=\"Optimized by JPEGmini 3.13.0.8 0x813388d2\" data-large_image_width=\"1325\" data-large_image_height=\"1004\"><img loading=\"lazy\" decoding=\"async\" class=\" wp-image-409701 alignleft\" src=\"https:\/\/www.radiopiu.net\/wordpress\/wp-content\/uploads\/2024\/09\/settembre-2024-calendario-it2-300x227.jpg\" alt=\"\" width=\"187\" height=\"142\" srcset=\"https:\/\/www.radiopiu.net\/wordpress\/wp-content\/uploads\/2024\/09\/settembre-2024-calendario-it2-300x227.jpg 300w, https:\/\/www.radiopiu.net\/wordpress\/wp-content\/uploads\/2024\/09\/settembre-2024-calendario-it2-1024x776.jpg 1024w, https:\/\/www.radiopiu.net\/wordpress\/wp-content\/uploads\/2024\/09\/settembre-2024-calendario-it2-768x582.jpg 768w, https:\/\/www.radiopiu.net\/wordpress\/wp-content\/uploads\/2024\/09\/settembre-2024-calendario-it2.jpg 1325w\" sizes=\"auto, (max-width: 187px) 100vw, 187px\" \/><\/a>N di parom &#8211; L Almanach de la nosta jent<\/strong><\/h1>\n<\/blockquote>\n<p>Le voci: Davide Conedera, Agordo, Michela Dell&#8217;Osbel, La Valle Agordina Simone Ganz, Falcade Veronica Lezuo, Colle Santa Lucia. La voce nella sigla \u00e8 di Giorgia Taio<\/p>\n<p><strong>LA PUNTATA DI OGGI, 28 SETTEMBRE<\/strong><\/p>\n<audio class=\"wp-audio-shortcode\" id=\"audio-411289-3\" preload=\"none\" style=\"width: 100%;\" controls=\"controls\"><source type=\"audio\/mpeg\" src=\"https:\/\/www.radiopiu.net\/wordpress\/wp-content\/uploads\/2024\/09\/28_setember_Michela.mp3?_=3\" \/><a href=\"https:\/\/www.radiopiu.net\/wordpress\/wp-content\/uploads\/2024\/09\/28_setember_Michela.mp3\">https:\/\/www.radiopiu.net\/wordpress\/wp-content\/uploads\/2024\/09\/28_setember_Michela.mp3<\/a><\/audio>\n<p>&nbsp;<\/p>\n<p><strong>\u00a0<\/strong><\/p>\n<p>&nbsp;<\/p>\n<p>&nbsp;<\/p>\n<div dir=\"auto\">\n<hr \/>\n<\/div>\n<\/div>\n<blockquote>\n<blockquote>\n<h1><span style=\"color: #ff0000;\">\u00a0<\/span><\/h1>\n<h1><span style=\"color: #ff0000;\">I podcast informativi del mattino &#8211; audio &#8211;\u00a0\u00a0<\/span><\/h1>\n<\/blockquote>\n<p><strong><a class=\"dt-pswp-item\" href=\"https:\/\/www.radiopiu.net\/wordpress\/wp-content\/uploads\/2023\/11\/th-10.jpg\" data-dt-img-description=\"\" data-large_image_width=\"320\" data-large_image_height=\"180\"><img loading=\"lazy\" decoding=\"async\" class=\"wp-image-362866 alignleft\" src=\"https:\/\/www.radiopiu.net\/wordpress\/wp-content\/uploads\/2023\/11\/th-10-300x169.jpg\" alt=\"\" width=\"185\" height=\"104\" srcset=\"https:\/\/www.radiopiu.net\/wordpress\/wp-content\/uploads\/2023\/11\/th-10-300x169.jpg 300w, https:\/\/www.radiopiu.net\/wordpress\/wp-content\/uploads\/2023\/11\/th-10.jpg 320w\" sizes=\"auto, (max-width: 185px) 100vw, 185px\" \/><\/a>LA RASSEGNA STAMPA NAZIONALE ALLA RADIO, OGNI GIORNO ALLE 5 E ALLE 6 DEL MATTINO <span style=\"color: #0000ff;\">viene pubblicata alle 6.00 <span style=\"color: #ff0000;\">DIRETTA RADIO\u00a0 \u00a0\u00a0<\/span><\/span><\/strong><\/p><\/blockquote>\n<p>&nbsp;<\/p>\n<p><strong>NOTIZIE DELLA NOTTE\u00a0<\/strong><\/p>\n<p><strong>Fonte Hezbollah<\/strong>, &#8216;Nasrallah non \u00e8 raggiungibile&#8217; <strong>Idf,<\/strong> &#8216;ucciso il capo dell&#8217;unit\u00e0 missilistica di Hezbollah&#8217; <strong>Helene<\/strong>, il bilancio dei morti in Usa sale a oltre 45 <strong>Iran<\/strong>,raid Israele \u00e8 escalation che cambia regole del gioco <strong>Fonte vicina ad Hezbollah,<\/strong> &#8216;Nasrallah sta bene&#8217; <strong>Governatore della Georgia<\/strong>, 11 morti travolti da Helene <strong>Lazza<\/strong> vola in testa alla hit parade con Locura <strong>Barbara Berlusconi<\/strong>, amareggia la scelta di Sala su Malpensa<strong>\u00a0 \u00a0\u00a0<\/strong><\/p>\n<h2>AUDIO dalle 6 del mattino<\/h2>\n<audio class=\"wp-audio-shortcode\" id=\"audio-411289-4\" preload=\"none\" style=\"width: 100%;\" controls=\"controls\"><source type=\"audio\/mpeg\" src=\"https:\/\/www.radiopiu.net\/wordpress\/wp-content\/uploads\/2024\/09\/GIORNALEDELLESEI-21.mp3?_=4\" \/><a href=\"https:\/\/www.radiopiu.net\/wordpress\/wp-content\/uploads\/2024\/09\/GIORNALEDELLESEI-21.mp3\">https:\/\/www.radiopiu.net\/wordpress\/wp-content\/uploads\/2024\/09\/GIORNALEDELLESEI-21.mp3<\/a><\/audio>\n<p>&nbsp;<\/p>\n<p>&nbsp;<\/p>\n<p>&nbsp;<\/p>\n<hr \/>\n<p>&nbsp;<\/p>\n<h1 style=\"text-align: center;\"><span style=\"color: #ff0000;\">I podcast informativi del mattino &#8211; audio &#8211;\u00a0<\/span><\/h1>\n<p><strong><a class=\"dt-pswp-item\" href=\"https:\/\/www.radiopiu.net\/wordpress\/wp-content\/uploads\/2023\/12\/images.png\" data-dt-img-description=\"\" data-large_image_width=\"316\" data-large_image_height=\"160\"><img loading=\"lazy\" decoding=\"async\" class=\"wp-image-367008 alignleft\" src=\"https:\/\/www.radiopiu.net\/wordpress\/wp-content\/uploads\/2023\/12\/images-300x152.png\" alt=\"\" width=\"235\" height=\"119\" srcset=\"https:\/\/www.radiopiu.net\/wordpress\/wp-content\/uploads\/2023\/12\/images-300x152.png 300w, https:\/\/www.radiopiu.net\/wordpress\/wp-content\/uploads\/2023\/12\/images.png 316w\" sizes=\"auto, (max-width: 235px) 100vw, 235px\" \/><\/a>OGNI GIORNO ALLE SETTE DEL MATTINO, LA RASSEGNA STAMPA LOCALE FLASH&#8230; PER CHI VA IN FRETTA. I TITOLI DAI GIORNALI E DAL SITO WWW.RADIOPIU.NET <span style=\"color: #0000ff;\">viene pubblicato alle 7.00<\/span> <span style=\"color: #ff0000;\">DIRETTA RADIO\u00a0<\/span><\/strong><\/p>\n<p><em><span style=\"color: #ff0000;\">per chi va in fretta&#8230; tante notizie in pochi minuti. L&#8217;informazione locale alla radio, ogni ora dalle 7 del mattino alle 19 della sera.\u00a0<\/span><\/em><\/p>\n<p>&nbsp;<\/p>\n<p><strong>VAL VISDENDE<\/strong> Tragedia in Val Visdende: 88enne muore incornato da un toro fuggito<br \/>\n<strong>BELLUNO <\/strong>Cede il muraglione in via Simon da Cusighe: nessun ferito<br \/>\n<strong>BELLUNO <\/strong>Guasto a un autobus Dolomitibus: alcuni passeggeri si incamminano a piedi<br \/>\n<strong>SETTE VILLE <\/strong>Furto del libro di vetta sul Monte Valderoa<br \/>\n<strong>SANTA GIUSTINA <\/strong>Predazione di pecore da parte di lupi: il danno in azienda agricola<br \/>\n<strong>SEDICO<\/strong> Richiesta di deroga per alloggio di emergenza a madre sfrattata<br \/>\n<strong>BELLUNO <\/strong>Dubbi sull&#8217;arma del delitto nel caso Costa<br \/>\n<strong>BELLUNO <\/strong>PATENTE A CREDITI: APPIA CNA BELLUNO \u201cBOCCIA\u201d TEMPI E MODALIT\u00c0<br \/>\n<strong>LIMANA <\/strong>RITORNA LA CONSULTA COMUNALE PER L&#8217;AGRICOLTURA<br \/>\n<strong>LIMANA <\/strong>Conclusi i lavori di sistemazione della scarpata: soddisfazione dal Gruppo Consiliare<br \/>\n<strong>BELLUNO <\/strong>La Lega Giovani di Belluno punta sulla rotaia<\/p>\n<h1>AUDIO dalle 7 del mattino<\/h1>\n<audio class=\"wp-audio-shortcode\" id=\"audio-411289-5\" preload=\"none\" style=\"width: 100%;\" controls=\"controls\"><source type=\"audio\/mpeg\" src=\"https:\/\/www.radiopiu.net\/wordpress\/wp-content\/uploads\/2024\/09\/GF07-18.mp3?_=5\" \/><a href=\"https:\/\/www.radiopiu.net\/wordpress\/wp-content\/uploads\/2024\/09\/GF07-18.mp3\">https:\/\/www.radiopiu.net\/wordpress\/wp-content\/uploads\/2024\/09\/GF07-18.mp3<\/a><\/audio>\n<p>&nbsp;<\/p>\n<p>&nbsp;<\/p>\n<p>&nbsp;<\/p>\n<hr \/>\n<p>&nbsp;<\/p>\n<h1><\/h1>\n<h1 style=\"text-align: center;\"><span style=\"color: #ff0000;\"><a class=\"dt-pswp-item\" href=\"https:\/\/www.radiopiu.net\/wordpress\/wp-content\/uploads\/2022\/01\/026c3f9d-dae9-4040-a3c1-a6530231bcc3.jpg\" data-dt-img-description=\"\" data-large_image_width=\"1152\" data-large_image_height=\"2048\"><img loading=\"lazy\" decoding=\"async\" class=\"wp-image-251839 alignleft\" src=\"https:\/\/www.radiopiu.net\/wordpress\/wp-content\/uploads\/2022\/01\/026c3f9d-dae9-4040-a3c1-a6530231bcc3-169x300.jpg\" alt=\"\" width=\"100\" height=\"177\" srcset=\"https:\/\/www.radiopiu.net\/wordpress\/wp-content\/uploads\/2022\/01\/026c3f9d-dae9-4040-a3c1-a6530231bcc3-169x300.jpg 169w, https:\/\/www.radiopiu.net\/wordpress\/wp-content\/uploads\/2022\/01\/026c3f9d-dae9-4040-a3c1-a6530231bcc3-576x1024.jpg 576w, https:\/\/www.radiopiu.net\/wordpress\/wp-content\/uploads\/2022\/01\/026c3f9d-dae9-4040-a3c1-a6530231bcc3-768x1365.jpg 768w, https:\/\/www.radiopiu.net\/wordpress\/wp-content\/uploads\/2022\/01\/026c3f9d-dae9-4040-a3c1-a6530231bcc3-864x1536.jpg 864w, https:\/\/www.radiopiu.net\/wordpress\/wp-content\/uploads\/2022\/01\/026c3f9d-dae9-4040-a3c1-a6530231bcc3.jpg 1152w\" sizes=\"auto, (max-width: 100px) 100vw, 100px\" \/><\/a>I podcast informativi del mattino &#8211; audio &#8211;\u00a0<\/span><\/h1>\n<blockquote><p><strong>GIORNALE RADIO NAZIONALE, EDIZIONE DELLE SETTE <span style=\"color: #0000ff;\">viene pubblicato alle 7.05 <span style=\"color: #ff0000;\">DIRETTA RADIO\u00a0<\/span><\/span><\/strong><\/p><\/blockquote>\n<p><strong>il giornale radionazionale e&#8217; in onda ogni ora, dalle sette del mattino alle venti della sera\u00a0 \u00a0<\/strong><strong>\u00a0<\/strong><\/p>\n<p><strong>NUORO<\/strong> Strage in famiglia a Nuoro, il 14enne superstite: &#8216;A casa urlavano tutti&#8217; <strong>TORINO <\/strong>Al via il processo per la cascina Spiotta, udienza aggiornata al 16 ottobre <strong>COMO<\/strong> a Garzeno \u00e8 Giallo, ex vicesindaco ucciso a coltellate <strong>CATANIA<\/strong> D\u00e0 fuoco ad una donna in strada, grave una 26enne <strong>TREVISO<\/strong> Uccide la moglie e si suicida dopo la morte della figlia <strong>NAPOLI<\/strong> Abusi su un allievo al calcetto, arrestato coach <strong>MORGAN<\/strong> accusato di stalking ammesso alla giustizia riparativa<br \/>\nIl giudice del Tribunale di Lecco ha accolto la sua richiesta<\/p>\n<p><span style=\"color: #0000ff;\">EDIZIONE SERALE, DELLE\u00a0 20\u00a0 DEL 27 SETTEMBRE<\/span><\/p>\n<audio class=\"wp-audio-shortcode\" id=\"audio-411289-6\" preload=\"none\" style=\"width: 100%;\" controls=\"controls\"><source type=\"audio\/mpeg\" src=\"https:\/\/www.radiopiu.net\/wordpress\/wp-content\/uploads\/2024\/09\/giornale07-27.mp3?_=6\" \/><a href=\"https:\/\/www.radiopiu.net\/wordpress\/wp-content\/uploads\/2024\/09\/giornale07-27.mp3\">https:\/\/www.radiopiu.net\/wordpress\/wp-content\/uploads\/2024\/09\/giornale07-27.mp3<\/a><\/audio>\n<p><span style=\"color: #ff0000;\">GIORNALE RADIO SPORT EDIZIONE SERALE DELLE 19 DEL 27 SETTEMBRE<\/span><\/p>\n<audio class=\"wp-audio-shortcode\" id=\"audio-411289-7\" preload=\"none\" style=\"width: 100%;\" controls=\"controls\"><source type=\"audio\/mpeg\" src=\"https:\/\/www.radiopiu.net\/wordpress\/wp-content\/uploads\/2024\/09\/gr-sport-2.mp3?_=7\" \/><a href=\"https:\/\/www.radiopiu.net\/wordpress\/wp-content\/uploads\/2024\/09\/gr-sport-2.mp3\">https:\/\/www.radiopiu.net\/wordpress\/wp-content\/uploads\/2024\/09\/gr-sport-2.mp3<\/a><\/audio>\n<h2>AUDIO dalle sette del mattino, ogni ora alla radio<\/h2>\n<audio class=\"wp-audio-shortcode\" id=\"audio-411289-8\" preload=\"none\" style=\"width: 100%;\" controls=\"controls\"><source type=\"audio\/mpeg\" src=\"https:\/\/www.radiopiu.net\/wordpress\/wp-content\/uploads\/2024\/09\/giornale07-28.mp3?_=8\" \/><a href=\"https:\/\/www.radiopiu.net\/wordpress\/wp-content\/uploads\/2024\/09\/giornale07-28.mp3\">https:\/\/www.radiopiu.net\/wordpress\/wp-content\/uploads\/2024\/09\/giornale07-28.mp3<\/a><\/audio>\n<p>&nbsp;<\/p>\n<p>&nbsp;<\/p>\n<hr \/>\n<p>&nbsp;<\/p>\n<p>&nbsp;<\/p>\n<h1><span style=\"color: #ff0000;\">I podcast informativi del mattino &#8211; video &#8211;\u00a0<\/span><\/h1>\n<h2 style=\"text-align: left;\"><strong>RASSEGNA STAMPA LOCALE, ORE OTTO 05<\/strong><\/h2>\n<h2><strong> <span style=\"color: #0000ff;\">viene\u00a0 <\/span><\/strong><strong><span style=\"color: #0000ff;\">pubblicata alle 8.05 <span style=\"color: #ff0000;\">DIRETTA RADIO\u00a0 \u00a0<\/span><\/span><\/strong><strong>DI MIRKO MEZZACASA<\/strong><\/h2>\n<h2><span style=\"color: #ff0000;\"><strong>VIDEO\u00a0 \u00a0in diretta dalle 8 del mattino\u00a0 \u00a0<\/strong><\/span><\/h2>\n<p><strong><a class=\"dt-pswp-item\" href=\"https:\/\/www.radiopiu.net\/wordpress\/wp-content\/uploads\/2018\/08\/ULSS1-DOLOMITI.jpeg\" data-dt-img-description=\"\" data-large_image_width=\"1280\" data-large_image_height=\"768\"><img loading=\"lazy\" decoding=\"async\" class=\"size-medium wp-image-57211 alignleft\" src=\"https:\/\/www.radiopiu.net\/wordpress\/wp-content\/uploads\/2018\/08\/ULSS1-DOLOMITI-300x180.jpeg\" alt=\"\" width=\"300\" height=\"180\" srcset=\"https:\/\/www.radiopiu.net\/wordpress\/wp-content\/uploads\/2018\/08\/ULSS1-DOLOMITI-300x180.jpeg 300w, https:\/\/www.radiopiu.net\/wordpress\/wp-content\/uploads\/2018\/08\/ULSS1-DOLOMITI-768x461.jpeg 768w, https:\/\/www.radiopiu.net\/wordpress\/wp-content\/uploads\/2018\/08\/ULSS1-DOLOMITI-1024x614.jpeg 1024w, https:\/\/www.radiopiu.net\/wordpress\/wp-content\/uploads\/2018\/08\/ULSS1-DOLOMITI.jpeg 1280w\" sizes=\"auto, (max-width: 300px) 100vw, 300px\" \/><\/a>Settimana della Salute Mentale 2024: 20 Eventi in Programma<\/strong><br \/>\nBELLUNO\u00a0 Dal 5 al 13 ottobre 2024, l\u2019Ulss Dolomiti promuove la Settimana della Salute Mentale, un\u2019iniziativa che coinvolger\u00e0 l\u2019intero territorio<\/p>\n<p><strong>OPEN WEEK DEDICATO ALLE MALATTIE CARDIOVASCOLARI<\/strong><br \/>\nBELLUNO In occasione della Giornata Mondiale del Cuore, l\u2019Ulss Dolomiti ha aderito all\u2019iniziativa della Fondazione Onda, dedicata alla prevenzione cardiovascolare, organizzando incontri aperti al pubblico. Il primo si terr\u00e0 il 30 settembre 2024 a Belluno e sar\u00e0 focalizzato sulla valutazione del rischio cardiovascolare nelle donne<\/p>\n<p>&nbsp;<\/p>\n<p>&nbsp;<\/p>\n<p><a class=\"dt-pswp-item\" href=\"https:\/\/www.radiopiu.net\/wordpress\/wp-content\/uploads\/2024\/09\/Senza-nome-75.png\" data-dt-img-description=\"\" data-large_image_width=\"535\" data-large_image_height=\"318\"><img loading=\"lazy\" decoding=\"async\" class=\"aligncenter wp-image-411433 size-full\" src=\"https:\/\/www.radiopiu.net\/wordpress\/wp-content\/uploads\/2024\/09\/Senza-nome-75.png\" alt=\"\" width=\"535\" height=\"318\" srcset=\"https:\/\/www.radiopiu.net\/wordpress\/wp-content\/uploads\/2024\/09\/Senza-nome-75.png 535w, https:\/\/www.radiopiu.net\/wordpress\/wp-content\/uploads\/2024\/09\/Senza-nome-75-300x178.png 300w\" sizes=\"auto, (max-width: 535px) 100vw, 535px\" \/><\/a><\/p>\n<hr \/>\n<p>&nbsp;<\/p>\n<p>&nbsp;<\/p>\n<p><strong><a class=\"dt-pswp-item\" href=\"https:\/\/www.radiopiu.net\/wordpress\/wp-content\/uploads\/2023\/12\/ANTENNA.png\" data-dt-img-description=\"\" data-large_image_width=\"300\" data-large_image_height=\"166\"><img loading=\"lazy\" decoding=\"async\" class=\" wp-image-366306 alignleft\" src=\"https:\/\/www.radiopiu.net\/wordpress\/wp-content\/uploads\/2023\/12\/ANTENNA.png\" alt=\"\" width=\"175\" height=\"97\" \/><\/a>IERI SERA, DAL TG DI ANTENNA 3, ogni sera alle 19 le anticipazioni alla radio, quello che poi seguirete nel TELEGIORNALE BELLUNESE\u00a0 in onda alle 19.30 sul CANALE 10 del digitale terrestre.\u00a0\u00a0<\/strong><\/p>\n<p style=\"text-align: center;\"><span style=\"color: #ff0000;\"><strong>I TITOLI DEL TELEGIORNALE ALLA RADIO, DI TIZIANA BOLOGNANI<\/strong><\/span><\/p>\n<audio class=\"wp-audio-shortcode\" id=\"audio-411289-9\" preload=\"none\" style=\"width: 100%;\" controls=\"controls\"><source type=\"audio\/mpeg\" src=\"https:\/\/www.radiopiu.net\/wordpress\/wp-content\/uploads\/2024\/09\/ANTENNA3-21.mp3?_=9\" \/><a href=\"https:\/\/www.radiopiu.net\/wordpress\/wp-content\/uploads\/2024\/09\/ANTENNA3-21.mp3\">https:\/\/www.radiopiu.net\/wordpress\/wp-content\/uploads\/2024\/09\/ANTENNA3-21.mp3<\/a><\/audio>\n<p>&nbsp;<\/p>\n<p>&nbsp;<\/p>\n<hr \/>\n<p>&nbsp;<\/p>\n<blockquote>\n<h3>ROCCA PIETORE, ACQUA INQUINATA<\/h3>\n<\/blockquote>\n<p><strong>ROCCA PIETORE<\/strong> a ROCCA PIETORE in localit\u00e0 SOPRACORDEVOLE, VAL, DAGAI, DAVARE, LE COSTE e RONCH l&#8217;acqua erogata dall&#8217;acquedotto non \u00e8 potabile e non pu\u00f2 essere usata per scopi alimentari. Verr\u00e0 effettuato servizio sostitutivo con cisterna c\/o ex Ufficio Postale.<\/p>\n<p>&nbsp;<\/p>\n<hr \/>\n<p>&nbsp;<\/p>\n<blockquote>\n<h1>Tragedia in Val Visdende: 88enne muore incornato da un toro fuggito<\/h1>\n<\/blockquote>\n<p><strong>VAL VISDENDE<\/strong><\/p>\n<div class=\"flex max-w-full flex-col flex-grow\">\n<div class=\"min-h-[20px] text-message flex w-full flex-col items-end gap-2 whitespace-normal break-words [.text-message+&amp;]:mt-5\" dir=\"auto\" data-message-author-role=\"assistant\" data-message-id=\"176b32b4-a47a-4e0b-a21a-2e13ec71b4f2\">\n<div class=\"flex w-full flex-col gap-1 empty:hidden first:pt-[3px]\">\n<div class=\"markdown prose w-full break-words dark:prose-invert dark\">\n<p><a class=\"dt-pswp-item\" href=\"https:\/\/www.radiopiu.net\/wordpress\/wp-content\/uploads\/2024\/09\/Senza-nome-72.png\" data-dt-img-description=\"\" data-large_image_width=\"585\" data-large_image_height=\"336\"><img loading=\"lazy\" decoding=\"async\" class=\"wp-image-411430 alignleft\" src=\"https:\/\/www.radiopiu.net\/wordpress\/wp-content\/uploads\/2024\/09\/Senza-nome-72-300x172.png\" alt=\"\" width=\"195\" height=\"112\" srcset=\"https:\/\/www.radiopiu.net\/wordpress\/wp-content\/uploads\/2024\/09\/Senza-nome-72-300x172.png 300w, https:\/\/www.radiopiu.net\/wordpress\/wp-content\/uploads\/2024\/09\/Senza-nome-72.png 585w\" sizes=\"auto, (max-width: 195px) 100vw, 195px\" \/><\/a>Valerio Casanova Fuga, 88 anni, \u00e8 morto dopo essere stato incornato da un toro fuggito da un recinto. L\u2019anziano stava sistemando la legna per l&#8217;inverno quando si \u00e8 trovato di fronte l&#8217;animale imbizzarrito. Subito soccorso, \u00e8 stato trasportato d\u2019urgenza all\u2019ospedale di Belluno, ma \u00e8 deceduto poco dopo l\u2019arrivo. L\u2019allarme \u00e8 stato dato da una donna che passeggiava nei dintorni, contattando il genero della vittima, Orazio Cesco Cimavilla. Grande commozione nelle Terre Alte, dove Valerio era molto conosciuto e stimato per il suo impegno nella comunit\u00e0.<\/p>\n<\/div>\n<\/div>\n<\/div>\n<\/div>\n<p>&nbsp;<\/p>\n<hr \/>\n<p>&nbsp;<\/p>\n<blockquote><p><strong>Cede il muraglione in via Simon da Cusighe: nessun ferito<\/strong><\/p><\/blockquote>\n<p><strong>BELLUNO<\/strong> Un muraglione ha ceduto in via Simon da Cusighe, senza causare feriti grazie a un tabellone pubblicitario che ha bloccato le pietre. I vigili del fuoco hanno messo in sicurezza l&#8217;area, e un tecnico del Comune \u00e8 atteso per valutare il danno.<\/p>\n<p>&nbsp;<\/p>\n<hr \/>\n<p>&nbsp;<\/p>\n<blockquote><p><strong>Guasto a un autobus Dolomitibus: alcuni passeggeri si incamminano a piedi<\/strong><\/p><\/blockquote>\n<p><strong>BELLUNO<\/strong> Ieri pomeriggio, sulla Statale 50, un autobus Dolomitibus diretto a Belluno si \u00e8 fermato a causa di un guasto. Circa quaranta ragazzi sono stati fatti scendere per attendere un mezzo sostitutivo, ma alcuni si sono incamminati a piedi o hanno fatto autostop. La situazione, resa pericolosa dalla mancanza di marciapiede, \u00e8 stata risolta in venti minuti con l\u2019arrivo del nuovo autobus, ma molti giovani si erano gi\u00e0 mossi autonomamente.<\/p>\n<p><strong>FOTO CORRIERE ALPI<\/strong><br \/>\n<a class=\"dt-pswp-item\" href=\"https:\/\/www.radiopiu.net\/wordpress\/wp-content\/uploads\/2024\/09\/Senza-nome-73.png\" data-dt-img-description=\"\" data-large_image_width=\"721\" data-large_image_height=\"217\"><img loading=\"lazy\" decoding=\"async\" class=\"alignnone wp-image-411431 size-full\" src=\"https:\/\/www.radiopiu.net\/wordpress\/wp-content\/uploads\/2024\/09\/Senza-nome-73.png\" alt=\"\" width=\"721\" height=\"217\" srcset=\"https:\/\/www.radiopiu.net\/wordpress\/wp-content\/uploads\/2024\/09\/Senza-nome-73.png 721w, https:\/\/www.radiopiu.net\/wordpress\/wp-content\/uploads\/2024\/09\/Senza-nome-73-300x90.png 300w\" sizes=\"auto, (max-width: 721px) 100vw, 721px\" \/><\/a><\/p>\n<p>&nbsp;<\/p>\n<hr \/>\n<p>&nbsp;<\/p>\n<div class=\"flex-shrink-0 flex flex-col relative items-end\">\n<div>\n<div class=\"pt-0\">\n<div class=\"gizmo-bot-avatar flex h-8 w-8 items-center justify-center overflow-hidden rounded-full\">\n<div class=\"relative p-1 rounded-sm flex items-center justify-center bg-token-main-surface-primary text-token-text-primary h-8 w-8\"><\/div>\n<\/div>\n<\/div>\n<\/div>\n<\/div>\n<div class=\"group\/conversation-turn relative flex w-full min-w-0 flex-col agent-turn\">\n<div class=\"flex-col gap-1 md:gap-3\">\n<div class=\"flex max-w-full flex-col flex-grow\">\n<div class=\"min-h-[20px] text-message flex w-full flex-col items-end gap-2 whitespace-normal break-words [.text-message+&amp;]:mt-5\" dir=\"auto\" data-message-author-role=\"assistant\" data-message-id=\"3a2ee1c5-7ce7-4b86-87dd-eaaeaa28710e\">\n<div class=\"flex w-full flex-col gap-1 empty:hidden first:pt-[3px]\">\n<div class=\"markdown prose w-full break-words dark:prose-invert dark\">\n<blockquote><p><strong>Furto del libro di vetta sul Monte Valderoa<\/strong><\/p><\/blockquote>\n<p><strong>SETTEVILLE<\/strong> Gli alpini di Alano di Piave esprimono amarezza per il furto del libro di vetta, posizionato il 22 giugno 2024 sul Monte Valderoa, considerato sacro per la memoria storica. Il libro era destinato a raccogliere pensieri e dediche. Nonostante la delusione, ripristineranno il materiale.<\/p>\n<\/div>\n<\/div>\n<\/div>\n<\/div>\n<\/div>\n<\/div>\n<p>&nbsp;<\/p>\n<hr \/>\n<p>&nbsp;<\/p>\n<div class=\"flex-shrink-0 flex flex-col relative items-end\">\n<div>\n<div class=\"pt-0\">\n<div class=\"gizmo-bot-avatar flex h-8 w-8 items-center justify-center overflow-hidden rounded-full\">\n<div class=\"relative p-1 rounded-sm flex items-center justify-center bg-token-main-surface-primary text-token-text-primary h-8 w-8\"><\/div>\n<\/div>\n<\/div>\n<\/div>\n<\/div>\n<div class=\"group\/conversation-turn relative flex w-full min-w-0 flex-col agent-turn\">\n<div class=\"flex-col gap-1 md:gap-3\">\n<div class=\"flex max-w-full flex-col flex-grow\">\n<div class=\"min-h-[20px] text-message flex w-full flex-col items-end gap-2 whitespace-normal break-words [.text-message+&amp;]:mt-5\" dir=\"auto\" data-message-author-role=\"assistant\" data-message-id=\"40137c8a-b991-4db1-a911-15f37c7769fc\">\n<div class=\"flex w-full flex-col gap-1 empty:hidden first:pt-[3px]\">\n<div class=\"markdown prose w-full break-words dark:prose-invert dark\">\n<blockquote><p><strong>Predazione di pecore da parte di lupi: il danno in azienda agricola<\/strong><\/p><\/blockquote>\n<p><strong>SANTA GIUSTINA<\/strong> Nell&#8217;azienda di Giuliano Giazzon, due pecore sono state uccise da lupi all&#8217;interno del recinto, senza essere completamente divorate. Nonostante la presenza di un cane maremmano e l&#8217;imminente installazione di telecamere, l&#8217;attacco non \u00e8 stato prevenuto. Giazzon chiede misure di dissuasione per proteggere le colture e il bestiame.<\/p>\n<p>&nbsp;<\/p>\n<hr \/>\n<blockquote><p><strong>\u00a0<\/strong><\/p>\n<p><strong><a class=\"dt-pswp-item\" href=\"https:\/\/www.radiopiu.net\/wordpress\/wp-content\/uploads\/2024\/09\/Senza-nome-65.png\" data-dt-img-description=\"\" data-large_image_width=\"592\" data-large_image_height=\"347\"><img loading=\"lazy\" decoding=\"async\" class=\" wp-image-411262 alignleft\" src=\"https:\/\/www.radiopiu.net\/wordpress\/wp-content\/uploads\/2024\/09\/Senza-nome-65-300x176.png\" alt=\"\" width=\"223\" height=\"131\" srcset=\"https:\/\/www.radiopiu.net\/wordpress\/wp-content\/uploads\/2024\/09\/Senza-nome-65-300x176.png 300w, https:\/\/www.radiopiu.net\/wordpress\/wp-content\/uploads\/2024\/09\/Senza-nome-65.png 592w\" sizes=\"auto, (max-width: 223px) 100vw, 223px\" \/><\/a>Richiesta di deroga per alloggio di emergenza a madre sfrattata<\/strong><\/p><\/blockquote>\n<p><strong>SEDICO<\/strong> Il Comune\u00a0 ha approvato una delibera per chiedere alla Regione una deroga alle norme sugli alloggi popolari, al fine di assegnare un alloggio di emergenza ad Alessia Vedana, madre single affetta da sclerosi multipla e sfrattata dalla sua casa. L&#8217;avvocato Gino Sperandio ha anche presentato una richiesta di sospensione dello sfratto, supportata da certificati medici, in attesa di una risposta dal tribunale. Il Comune continua a lavorare per una soluzione definitiva.<\/p>\n<p>&nbsp;<\/p>\n<\/div>\n<\/div>\n<\/div>\n<\/div>\n<\/div>\n<\/div>\n<p>&nbsp;<\/p>\n<hr \/>\n<blockquote>\n<h3><\/h3>\n<h3>LA GIUDIZIARIA OGGI<br \/>\ndal corriere delle alpi<br \/>\nGIGI SOSSO<\/h3>\n<p><strong>Dubbi sull&#8217;arma del delitto nel caso Costa<\/strong><\/p>\n<p><strong>BELLUNO<\/strong> Durante il processo per l&#8217;omicidio di Antonio Costa, l&#8217;esame del coltello Deejo ha rivelato solo microtracce di sangue della vittima, ma non dell&#8217;imputato Pedro Livert Dominguez. Nonostante Dominguez si fosse ferito nel sottrarre l&#8217;arma a Costa, la difesa contesta che il coltello sia effettivamente quello usato nell&#8217;omicidio. Nel processo, Dominguez rischia l&#8217;ergastolo, mentre il coimputato Junior Cedano Sanchez sar\u00e0 ascoltato in ottobre.<\/p>\n<h3><\/h3>\n<h2 class=\"_title post-title entry-title\"><a class=\"dt-pswp-item\" href=\"https:\/\/www.radiopiu.net\/wordpress\/wp-content\/uploads\/2023\/12\/ANTENNA.png\" data-dt-img-description=\"\" data-large_image_width=\"300\" data-large_image_height=\"166\"><img loading=\"lazy\" decoding=\"async\" class=\"wp-image-366306 alignleft\" src=\"https:\/\/www.radiopiu.net\/wordpress\/wp-content\/uploads\/2023\/12\/ANTENNA.png\" alt=\"\" width=\"152\" height=\"84\" \/><\/a>OMICIDIO DI FENER: IL SANGUE SULLL\u2019ARMA DEL DELITTO NON E\u2019 DI DOMINGUEZ<\/h2>\n<\/blockquote>\n<p>Intervistati MARCELLO STELLIN (AVVOCATO DIFENSORE), PAOLO SERRANGELI (AVVOCATO DIFENSORE) (Servizio di\u00a0<a href=\"https:\/\/antennatre.medianordest.it\/redazione\/Fabio-Fioravanzi\/\">Fabio Fioravanzi<\/a>)<\/p>\n<p><iframe loading=\"lazy\" title=\"OMICIDIO DI FENER: IL SANGUE SULLL&#039;ARMA DEL DELITTO NON E&#039; DI DOMINGUEZ | 27\/09\/2024\" width=\"1200\" height=\"675\" src=\"https:\/\/www.youtube.com\/embed\/CRuYUSl-8Jc?feature=oembed\" frameborder=\"0\" allow=\"accelerometer; autoplay; clipboard-write; encrypted-media; gyroscope; picture-in-picture; web-share\" referrerpolicy=\"strict-origin-when-cross-origin\" allowfullscreen><\/iframe><\/p>\n<hr \/>\n<h3><\/h3>\n<blockquote>\n<h3><\/h3>\n<h3>PATENTE A CREDITI: APPIA CNA BELLUNO \u201cBOCCIA\u201d TEMPI E MODALIT\u00c0<\/h3>\n<\/blockquote>\n<p><strong><a class=\"dt-pswp-item\" href=\"https:\/\/www.radiopiu.net\/wordpress\/wp-content\/uploads\/2024\/09\/Massimo-Sposato.jpg\" data-dt-img-description=\"\" data-large_image_width=\"2016\" data-large_image_height=\"1344\"><img loading=\"lazy\" decoding=\"async\" class=\" wp-image-411331 alignleft\" src=\"https:\/\/www.radiopiu.net\/wordpress\/wp-content\/uploads\/2024\/09\/Massimo-Sposato-300x200.jpg\" alt=\"\" width=\"167\" height=\"111\" srcset=\"https:\/\/www.radiopiu.net\/wordpress\/wp-content\/uploads\/2024\/09\/Massimo-Sposato-300x200.jpg 300w, https:\/\/www.radiopiu.net\/wordpress\/wp-content\/uploads\/2024\/09\/Massimo-Sposato-1024x683.jpg 1024w, https:\/\/www.radiopiu.net\/wordpress\/wp-content\/uploads\/2024\/09\/Massimo-Sposato-768x512.jpg 768w, https:\/\/www.radiopiu.net\/wordpress\/wp-content\/uploads\/2024\/09\/Massimo-Sposato-1536x1024.jpg 1536w, https:\/\/www.radiopiu.net\/wordpress\/wp-content\/uploads\/2024\/09\/Massimo-Sposato.jpg 2016w\" sizes=\"auto, (max-width: 167px) 100vw, 167px\" \/><\/a>BELLUNO<\/strong> Appia CNA Belluno critica il nuovo sistema della patente a crediti in edilizia, in vigore dal 1\u00b0 ottobre, evidenziando l&#8217;eccessiva burocrazia e i pochi vantaggi concreti in termini di sicurezza. Pur riconoscendo l&#8217;importanza della sicurezza sul lavoro, il presidente Massimo Sposato ritiene che l&#8217;obbligo della patente a crediti, che riguarda tutte le imprese e i lavoratori autonomi nei cantieri, sia stato implementato senza un adeguato periodo transitorio. Ci\u00f2 aumenta il carico amministrativo per le aziende, gi\u00e0 in difficolt\u00e0. Appia CNA Belluno sostiene che la sicurezza si ottiene con prevenzione, formazione e controlli, non con nuove norme burocratiche. Nonostante le critiche, l&#8217;associazione ha avviato un servizio di consulenza per le imprese associate.<\/p>\n<p>&nbsp;<\/p>\n<p>&nbsp;<\/p>\n<hr \/>\n<p>&nbsp;<\/p>\n<blockquote>\n<h3>A LIMANA RITORNA LA CONSULTA COMUNALE PER L&#8217;AGRICOLTURA<\/h3>\n<\/blockquote>\n<p><strong><a class=\"dt-pswp-item\" href=\"https:\/\/www.radiopiu.net\/wordpress\/wp-content\/uploads\/2023\/10\/IMG_20231020_123623-scaled.jpg\" data-dt-img-description=\"\" data-large_image_width=\"2560\" data-large_image_height=\"1920\"><img loading=\"lazy\" decoding=\"async\" class=\" wp-image-357611 alignleft\" src=\"https:\/\/www.radiopiu.net\/wordpress\/wp-content\/uploads\/2023\/10\/IMG_20231020_123623-300x225.jpg\" alt=\"\" width=\"165\" height=\"124\" srcset=\"https:\/\/www.radiopiu.net\/wordpress\/wp-content\/uploads\/2023\/10\/IMG_20231020_123623-300x225.jpg 300w, https:\/\/www.radiopiu.net\/wordpress\/wp-content\/uploads\/2023\/10\/IMG_20231020_123623-1024x768.jpg 1024w, https:\/\/www.radiopiu.net\/wordpress\/wp-content\/uploads\/2023\/10\/IMG_20231020_123623-768x576.jpg 768w, https:\/\/www.radiopiu.net\/wordpress\/wp-content\/uploads\/2023\/10\/IMG_20231020_123623-1536x1152.jpg 1536w, https:\/\/www.radiopiu.net\/wordpress\/wp-content\/uploads\/2023\/10\/IMG_20231020_123623-2048x1536.jpg 2048w\" sizes=\"auto, (max-width: 165px) 100vw, 165px\" \/><\/a>LIMANA<\/strong> Nel Consiglio comunale di luned\u00ec 30 settembre 2024, il Vice Sindaco Roberto Piol presenter\u00e0 due iniziative a sostegno delle aziende locali. La prima \u00e8 il ripristino della Consulta comunale per l&#8217;Agricoltura, nata nel 1977 ma non pi\u00f9 attiva da anni. Su richiesta del settore agricolo locale, la Consulta torner\u00e0 a essere un luogo di dialogo tra le aziende e le cooperative agricole. La seconda \u00e8 la creazione della Consulta comunale delle attivit\u00e0 economiche e produttive, che coinvolger\u00e0 imprese di vari settori: dalle grandi alle piccole realt\u00e0 artigianali, fino a commercio, turismo e agricoltura. Entrambe le iniziative mirano a favorire sinergie tra aziende e amministrazione, promuovendo sviluppo economico e benefici sociali.<\/p>\n<p>&nbsp;<\/p>\n<p>&nbsp;<\/p>\n<hr \/>\n<p>&nbsp;<\/p>\n<blockquote>\n<h3><a class=\"dt-pswp-item\" href=\"https:\/\/www.radiopiu.net\/wordpress\/wp-content\/uploads\/2024\/09\/vista-E-post-intervento-1-scaled.jpg\" data-dt-img-description=\"\" data-large_image_width=\"2560\" data-large_image_height=\"1920\"><img loading=\"lazy\" decoding=\"async\" class=\"size-medium wp-image-411347 alignleft\" src=\"https:\/\/www.radiopiu.net\/wordpress\/wp-content\/uploads\/2024\/09\/vista-E-post-intervento-1-300x225.jpg\" alt=\"\" width=\"300\" height=\"225\" srcset=\"https:\/\/www.radiopiu.net\/wordpress\/wp-content\/uploads\/2024\/09\/vista-E-post-intervento-1-300x225.jpg 300w, https:\/\/www.radiopiu.net\/wordpress\/wp-content\/uploads\/2024\/09\/vista-E-post-intervento-1-1024x768.jpg 1024w, https:\/\/www.radiopiu.net\/wordpress\/wp-content\/uploads\/2024\/09\/vista-E-post-intervento-1-768x576.jpg 768w, https:\/\/www.radiopiu.net\/wordpress\/wp-content\/uploads\/2024\/09\/vista-E-post-intervento-1-1536x1152.jpg 1536w, https:\/\/www.radiopiu.net\/wordpress\/wp-content\/uploads\/2024\/09\/vista-E-post-intervento-1-2048x1536.jpg 2048w\" sizes=\"auto, (max-width: 300px) 100vw, 300px\" \/><\/a>Conclusi i lavori di sistemazione della scarpata a Limana: soddisfazione dal Gruppo Consiliare<\/h3>\n<\/blockquote>\n<p><strong>LIMANA<\/strong> Un anno dall\u2019approvazione del progetto di completamento dei lavori di sistemazione della scarpata a valle del parcheggio retrostante la chiesa parrocchiale di Limana, il Gruppo Consiliare Oltre Limana esprime piena soddisfazione per l\u2019opera. L\u2019ex sindaco Milena De Zanet ha sottolineato che il progetto \u00e8 stato avviato con l\u2019obiettivo di riqualificare l\u2019area e utilizzare i materiali di scavo provenienti dai cantieri gestiti dall\u2019Unione Montana. Il lavoro ha previsto la ricomposizione della scarpata con oltre 2.700mc di materiale, creando un rilevato stabile con una \u201cberma\u201d per facilitare la manutenzione. L\u2019intervento, dal costo di 14.450\u20ac, \u00e8 stato interamente finanziato dall\u2019Unione Montana Valbelluna e ha permesso un notevole risparmio sugli oneri di smaltimento. In futuro, la superficie potr\u00e0 essere utilizzata come nuova area di parcheggio a servizio del centro cittadino.<\/p>\n<p>&nbsp;<\/p>\n<p>&nbsp;<\/p>\n<hr \/>\n<p>&nbsp;<\/p>\n<blockquote>\n<h2>La Lega Giovani di Belluno punta sulla rotaia<\/h2>\n<\/blockquote>\n<p><strong><img loading=\"lazy\" decoding=\"async\" class=\"alignleft\" src=\"https:\/\/www.radiopiu.net\/wordpress\/wp-content\/uploads\/2024\/09\/Senza-nome-69.png\" width=\"206\" height=\"173\" \/><\/strong><\/p>\n<p>&nbsp;<\/p>\n<p><strong>BELLUNO<\/strong> Dopo l\u2019incontro in Prefettura sul trasporto pubblico, la Lega Giovani di Belluno richiama l\u2019attenzione sulla mobilit\u00e0 su rotaia, fondamentale per studenti e pendolari. Tra i progetti rilanciati, la riattivazione della tratta Feltre-Primolano, parte dell\u2019anello ferroviario delle Dolomiti. (foto Marco Donno)<\/p>\n<p>&nbsp;<\/p>\n<p><strong>DI DANIELE DALVIT<\/strong><\/p>\n<div class=\"mb-2 flex gap-3 empty:hidden -ml-2\">\n<div class=\"items-center justify-start rounded-xl p-1 flex\">\n<div class=\"flex items-center\">\n<div class=\"flex\">\n<audio class=\"wp-audio-shortcode\" id=\"audio-411289-10\" preload=\"none\" style=\"width: 100%;\" controls=\"controls\"><source type=\"audio\/mpeg\" src=\"https:\/\/www.radiopiu.net\/wordpress\/wp-content\/uploads\/2024\/09\/Servizio-Lega-Giovani-trasporti-e-politica.mp3?_=10\" \/><a href=\"https:\/\/www.radiopiu.net\/wordpress\/wp-content\/uploads\/2024\/09\/Servizio-Lega-Giovani-trasporti-e-politica.mp3\">https:\/\/www.radiopiu.net\/wordpress\/wp-content\/uploads\/2024\/09\/Servizio-Lega-Giovani-trasporti-e-politica.mp3<\/a><\/audio>\n<p>&nbsp;<\/p>\n<\/div>\n<\/div>\n<\/div>\n<\/div>\n<p>&nbsp;<\/p>\n<hr \/>\n<p>&nbsp;<\/p>\n<p>&nbsp;<\/p>\n<blockquote>\n<h2>Scopel critica De Bernardin sullo Ius Scholae: &#8220;Non battaglie di principio, ma riflessioni serie&#8221;<\/h2>\n<\/blockquote>\n<p><strong><img loading=\"lazy\" decoding=\"async\" class=\"alignleft\" src=\"https:\/\/www.radiopiu.net\/wordpress\/wp-content\/uploads\/2023\/11\/DARIO-SCOPEL.png\" width=\"231\" height=\"147\" \/>Scopel critica De Bernardin sullo Ius Scholae: &#8220;Non battaglie di principio, ma riflessioni serie&#8221;<\/strong><\/p>\n<p>Il coordinatore di Forza Italia Belluno, Dario Scopel, risponde alle affermazioni del segretario provinciale della Lega, Andrea De Bernardin, sullo Ius Scholae. Scopel ribadisce che la questione non riguarda &#8220;cittadinanze a pioggia&#8221; n\u00e9 guerre di principio, ma una seria analisi della realt\u00e0 sociale attuale, con sollecitazioni che provengono anche dal mondo delle imprese e dalla societ\u00e0 civile. Scopel sottolinea che i comportamenti criminali, evocati da De Bernardin, non hanno a che fare con la cittadinanza degli autori, e ricorda che anche gli imprenditori chiedono una revisione delle regole. Infine, risponde sulla questione dell&#8217;Autonomia, rivendicando il ruolo di Forza Italia nel processo.<\/p>\n<p><strong>AUDIO<\/strong><\/p>\n<p><strong>DARIO SCOPEL COORDINATORE FORZA ITALIA PER BELLUNO\u00a0<\/strong><\/p>\n<audio class=\"wp-audio-shortcode\" id=\"audio-411289-11\" preload=\"none\" style=\"width: 100%;\" controls=\"controls\"><source type=\"audio\/mpeg\" src=\"https:\/\/www.radiopiu.net\/wordpress\/wp-content\/uploads\/2024\/09\/SCOPEL-FORZA-ITALIA.mp3?_=11\" \/><a href=\"https:\/\/www.radiopiu.net\/wordpress\/wp-content\/uploads\/2024\/09\/SCOPEL-FORZA-ITALIA.mp3\">https:\/\/www.radiopiu.net\/wordpress\/wp-content\/uploads\/2024\/09\/SCOPEL-FORZA-ITALIA.mp3<\/a><\/audio>\n<p>&nbsp;<\/p>\n<hr \/>\n<p>&nbsp;<\/p>\n<p><span style=\"color: #ff0000;\"><strong>IERI ALLA RADIO<\/strong><\/span><\/p>\n<blockquote>\n<h2>Citt\u00e0 insicure e Ius Scholae: una riflessione critica<\/h2>\n<\/blockquote>\n<p><strong><a class=\"dt-pswp-item\" href=\"https:\/\/www.radiopiu.net\/wordpress\/wp-content\/uploads\/2021\/03\/ANDREA-DE-BERNARDIN.jpg\" data-dt-img-description=\"andrea de bernardin\" data-large_image_width=\"960\" data-large_image_height=\"540\"><img loading=\"lazy\" decoding=\"async\" class=\"wp-image-195558 alignleft\" src=\"https:\/\/www.radiopiu.net\/wordpress\/wp-content\/uploads\/2021\/03\/ANDREA-DE-BERNARDIN-300x169.jpg\" alt=\"\" width=\"188\" height=\"106\" srcset=\"https:\/\/www.radiopiu.net\/wordpress\/wp-content\/uploads\/2021\/03\/ANDREA-DE-BERNARDIN-300x169.jpg 300w, https:\/\/www.radiopiu.net\/wordpress\/wp-content\/uploads\/2021\/03\/ANDREA-DE-BERNARDIN-768x432.jpg 768w, https:\/\/www.radiopiu.net\/wordpress\/wp-content\/uploads\/2021\/03\/ANDREA-DE-BERNARDIN.jpg 960w\" sizes=\"auto, (max-width: 188px) 100vw, 188px\" \/><\/a>BELLUNO<\/strong> Le citt\u00e0 italiane affrontano un momento preoccupante, con bande di minori immigrati che sfidano le forze dell&#8217;ordine. In questo contesto, la discussione sullo Ius Scholae. Per De Bernardin &#8220;deludono alcune amministrazioni di centro-destra, come Feltre, e l&#8217;atteggiamento di Forza Italia sull&#8217;Autonomia differenziata&#8221;.<\/p>\n<p><strong>il segretario provinciale della Lega Nord, Andrea De Bernardin<\/strong><\/p>\n<audio class=\"wp-audio-shortcode\" id=\"audio-411289-12\" preload=\"none\" style=\"width: 100%;\" controls=\"controls\"><source type=\"audio\/wav\" src=\"https:\/\/www.radiopiu.net\/wordpress\/wp-content\/uploads\/2024\/09\/andrea-de-bernardin.wav?_=12\" \/><a href=\"https:\/\/www.radiopiu.net\/wordpress\/wp-content\/uploads\/2024\/09\/andrea-de-bernardin.wav\">https:\/\/www.radiopiu.net\/wordpress\/wp-content\/uploads\/2024\/09\/andrea-de-bernardin.wav<\/a><\/audio>\n<p>&nbsp;<\/p>\n<p>&nbsp;<\/p>\n<hr \/>\n<p>&nbsp;<\/p>\n<blockquote>\n<h2>Zaia sull&#8217;autonomia: Attendere il verdetto della Corte Costituzionale<\/h2>\n<\/blockquote>\n<p><strong><img loading=\"lazy\" decoding=\"async\" class=\"alignleft\" src=\"https:\/\/www.radiopiu.net\/wordpress\/wp-content\/uploads\/2022\/12\/ZAIA.jpg\" width=\"122\" height=\"91\" \/>VENEZIA <\/strong>Il presidente della Regione Veneto, Luca Zaia, ha chiarito che il referendum sull&#8217;autonomia, sostenuto da 1,3 milioni di firme, non \u00e8 ancora ufficiale. Sar\u00e0 la Corte Costituzionale a decidere se verr\u00e0 effettivamente indetto. Zaia ha poi ricordato il referendum del 2017, in cui 2,3 milioni di veneti votarono per avviare il percorso di autonomia, sottolineando l&#8217;importanza di questa riforma non solo per il Veneto, ma per tutta l&#8217;Italia. Ha infine espresso la speranza di avviare un tavolo nazionale per discutere l&#8217;autonomia<\/p>\n<div class=\"mb-2 flex gap-3 empty:hidden -ml-2\">\n<div class=\"items-center justify-start rounded-xl p-1 flex\">\n<div class=\"flex items-center\">\n<div class=\"flex\">\n<div style=\"width: 1200px;\" class=\"wp-video\"><video class=\"wp-video-shortcode\" id=\"video-411289-1\" width=\"1200\" height=\"675\" preload=\"metadata\" controls=\"controls\"><source type=\"video\/mp4\" src=\"https:\/\/www.radiopiu.net\/wordpress\/wp-content\/uploads\/2024\/09\/27-09-2024-ZAIA-SU-AUTONOMIA.mp4?_=1\" \/><a href=\"https:\/\/www.radiopiu.net\/wordpress\/wp-content\/uploads\/2024\/09\/27-09-2024-ZAIA-SU-AUTONOMIA.mp4\">https:\/\/www.radiopiu.net\/wordpress\/wp-content\/uploads\/2024\/09\/27-09-2024-ZAIA-SU-AUTONOMIA.mp4<\/a><\/video><\/div>\n<p>&nbsp;<\/p>\n<hr \/>\n<p>&nbsp;<\/p>\n<blockquote>\n<h2 class=\"_title post-title entry-title\">CASO FONDAZIONE TEATRI, FERIGUTTI SACRIFICATO SULL\u2019ALTARE DELLA POLITICA<\/h2>\n<\/blockquote>\n<p>&nbsp;<\/p>\n<p>Intervistati MASSIMO FERIGUTTI (EX PRESIDENTE FONDAZIONE TEATRI DELLE DOLOMITI) (Servizio di\u00a0<a href=\"https:\/\/antennatre.medianordest.it\/redazione\/Tiziana-Bolognani\/\">Tiziana Bolognani<\/a>)<\/p>\n<p><iframe loading=\"lazy\" title=\"CASO FONDAZIONE TEATRI, FERIGUTTI SACRIFICATO SULL&#039;ALTARE DELLA POLITICA | 27\/09\/2024\" width=\"1200\" height=\"675\" src=\"https:\/\/www.youtube.com\/embed\/qkAw5LANvXI?feature=oembed\" frameborder=\"0\" allow=\"accelerometer; autoplay; clipboard-write; encrypted-media; gyroscope; picture-in-picture; web-share\" referrerpolicy=\"strict-origin-when-cross-origin\" allowfullscreen><\/iframe><\/p>\n<p>&nbsp;<\/p>\n<hr \/>\n<p>&nbsp;<\/p>\n<blockquote>\n<h2>ECCO LA SQUADRA META-ESSILUX: Zuckerberg, Basilico, Milleri<\/h2>\n<\/blockquote>\n<p><strong><a class=\"dt-pswp-item\" href=\"https:\/\/www.radiopiu.net\/wordpress\/wp-content\/uploads\/2024\/09\/Senza-nome-70.png\" data-dt-img-description=\"\" data-large_image_width=\"317\" data-large_image_height=\"281\"><img loading=\"lazy\" decoding=\"async\" class=\"wp-image-411378 alignright\" src=\"https:\/\/www.radiopiu.net\/wordpress\/wp-content\/uploads\/2024\/09\/Senza-nome-70-300x266.png\" alt=\"\" width=\"194\" height=\"172\" srcset=\"https:\/\/www.radiopiu.net\/wordpress\/wp-content\/uploads\/2024\/09\/Senza-nome-70-300x266.png 300w, https:\/\/www.radiopiu.net\/wordpress\/wp-content\/uploads\/2024\/09\/Senza-nome-70.png 317w\" sizes=\"auto, (max-width: 194px) 100vw, 194px\" \/><\/a>REDAZIONE<\/strong> Come anticipato a suo tempo il fondatore di Meta, Mark Zuckerberg, acquister\u00e0 una partecipazione (simbolica) che garantisce un&#8217;alleanza industriale tra il mondo facebook e la multinazionale dell&#8217;occhiale. L&#8217;uomo facebook lo ha ribadito in un&#8217;intervista \u00a0al sito di tecnologia\u00a0<i>The Verge<\/i> nella quale Zuckerberg (foto) presenta i piani futuri su occhiali e realt\u00e0 virtuale e aumentata.<em> \u00abVogliamo che questa sia una partnership a lungo termine e, come parte di ci\u00f2, ho pensato che questo sarebbe stato un bel gesto&#8221;. <\/em>La squadra con Francesco Milleri e Rocco Basilico <em>\u00abParlo costantemente con loro per avere le loro idee su cose diverse, ha detto l\u2019imprenditore Usa- le partnership funzionano bene quando ti rivolgi a loro per avere la loro opinione su cose che in realt\u00e0 non rientrano attualmente nell&#8217;ambito di ci\u00f2 su cui stai lavorando insieme&#8221;.\u00a0<\/em><\/p>\n<p><strong>L&#8217;INTERVISTA SUL SITO THE VERGE<\/strong><a href=\"https:\/\/www.theverge.com\/24253481\/meta-ceo-mark-zuckerberg-ar-glasses-orion-ray-bans-ai-decoder-interview\"> CLICCA QUI<\/a><\/p>\n<p>&nbsp;<\/p>\n<p>&nbsp;<\/p>\n<p>&nbsp;<\/p>\n<\/div>\n<\/div>\n<\/div>\n<\/div>\n<hr \/>\n<p>&nbsp;<\/p>\n<blockquote>\n<h3>POTENZIATO IL BANDO PER LA TRANSIZIONE DIGITALE<\/h3>\n<\/blockquote>\n<p><strong><a class=\"dt-pswp-item\" href=\"https:\/\/www.radiopiu.net\/wordpress\/wp-content\/uploads\/2024\/06\/CAMERA-COMMERCIO.jpg\" data-dt-img-description=\"\" data-large_image_width=\"1107\" data-large_image_height=\"1107\"><img loading=\"lazy\" decoding=\"async\" class=\" wp-image-394657 alignleft\" src=\"https:\/\/www.radiopiu.net\/wordpress\/wp-content\/uploads\/2024\/06\/CAMERA-COMMERCIO-300x300.jpg\" alt=\"\" width=\"128\" height=\"128\" srcset=\"https:\/\/www.radiopiu.net\/wordpress\/wp-content\/uploads\/2024\/06\/CAMERA-COMMERCIO-300x300.jpg 300w, https:\/\/www.radiopiu.net\/wordpress\/wp-content\/uploads\/2024\/06\/CAMERA-COMMERCIO-1024x1024.jpg 1024w, https:\/\/www.radiopiu.net\/wordpress\/wp-content\/uploads\/2024\/06\/CAMERA-COMMERCIO-150x150.jpg 150w, https:\/\/www.radiopiu.net\/wordpress\/wp-content\/uploads\/2024\/06\/CAMERA-COMMERCIO-768x768.jpg 768w, https:\/\/www.radiopiu.net\/wordpress\/wp-content\/uploads\/2024\/06\/CAMERA-COMMERCIO.jpg 1107w\" sizes=\"auto, (max-width: 128px) 100vw, 128px\" \/><\/a>TREVISO<\/strong> Il bando della Camera di Commercio di Treviso-Belluno Dolomiti per sostenere la transizione digitale ed ecologica delle imprese \u00e8 stato potenziato. La dotazione finanziaria, inizialmente fissata a 1 milione di euro, \u00e8 stata incrementata a 1,3 milioni di euro. Inoltre, la scadenza per presentare le domande \u00e8 stata prorogata fino alle 23:59 del 25 ottobre 2024. Il Presidente Mario Pozza ha sottolineato l&#8217;importanza di questa opportunit\u00e0 per le micro, piccole e medie imprese, che potranno ricevere contributi a fondo perduto fino a 35.000 euro per azienda. Pozza ha invitato le imprese a cogliere l&#8217;occasione per innovarsi e rimanere competitive in un mercato sempre pi\u00f9 digitalizzato e sostenibile.<\/p>\n<p>&nbsp;<\/p>\n<p>&nbsp;<\/p>\n<hr \/>\n<p>&nbsp;<\/p>\n<blockquote>\n<p style=\"text-align: left;\"><strong><a class=\"dt-pswp-item\" href=\"https:\/\/www.radiopiu.net\/wordpress\/wp-content\/uploads\/2024\/09\/inaugurazione-fondo-ladino-1.jpg\" data-dt-img-description=\"\" data-large_image_width=\"2000\" data-large_image_height=\"1500\"><img loading=\"lazy\" decoding=\"async\" class=\"size-medium wp-image-411361 alignleft\" src=\"https:\/\/www.radiopiu.net\/wordpress\/wp-content\/uploads\/2024\/09\/inaugurazione-fondo-ladino-1-300x225.jpg\" alt=\"\" width=\"300\" height=\"225\" srcset=\"https:\/\/www.radiopiu.net\/wordpress\/wp-content\/uploads\/2024\/09\/inaugurazione-fondo-ladino-1-300x225.jpg 300w, https:\/\/www.radiopiu.net\/wordpress\/wp-content\/uploads\/2024\/09\/inaugurazione-fondo-ladino-1-1024x768.jpg 1024w, https:\/\/www.radiopiu.net\/wordpress\/wp-content\/uploads\/2024\/09\/inaugurazione-fondo-ladino-1-768x576.jpg 768w, https:\/\/www.radiopiu.net\/wordpress\/wp-content\/uploads\/2024\/09\/inaugurazione-fondo-ladino-1-1536x1152.jpg 1536w, https:\/\/www.radiopiu.net\/wordpress\/wp-content\/uploads\/2024\/09\/inaugurazione-fondo-ladino-1.jpg 2000w\" sizes=\"auto, (max-width: 300px) 100vw, 300px\" \/><\/a>Il patrimonio dell&#8217;ex Istituto Ladin de la Dolomites torna consultabile<\/strong><\/p>\n<\/blockquote>\n<p><strong>BORCA DI CADORE <\/strong>Il patrimonio bibliografico dell&#8217;ex Istituto Ladin de la Dolomites di Borca di Cadore, composto da oltre 7.000 documenti tra libri e riviste, \u00e8 ora consultabile presso la Biblioteca storica cadorina di Vigo di Cadore. Grazie a un progetto promosso da Provincia e Regione Veneto, il fondo ladino \u00e8 stato salvato dalla dispersione, catalogato e reso accessibile al pubblico. L&#8217;iniziativa rientra nelle azioni previste per la tutela della lingua ladina, sostenuta dalla legge regionale 30\/2021 e dalla legge nazionale 482\/1999. La Provincia di Belluno, con il contributo regionale, ha acquistato e catalogato il materiale, garantendone la fruizione. Il presidente della Provincia, Roberto Padrin, ha sottolineato l&#8217;importanza di preservare la cultura ladina, cos\u00ec come ha fatto la consigliera regionale Silvia Cestaro, evidenziando l\u2019impegno per valorizzare questa minoranza linguistica. Anche la sindaca di Vigo di Cadore, Silvia Calligaro, ha espresso soddisfazione per l&#8217;inclusione del fondo nella Biblioteca storica, che sar\u00e0 disponibile per la consultazione interbibliotecaria provinciale.<\/p>\n<p>&nbsp;<\/p>\n<hr \/>\n<p>&nbsp;<\/p>\n<blockquote>\n<h2>Al via il progetto &#8220;La Foresta Clivet&#8221; per il recupero dell&#8217;Alpe del Nevegal<\/h2>\n<blockquote><p><strong><a class=\"dt-pswp-item\" href=\"https:\/\/www.radiopiu.net\/wordpress\/wp-content\/uploads\/2024\/09\/La-foresta-Clivet-Il-primo-albero-piantato-27-09-2024-1.jpg\" data-dt-img-description=\"\" data-large_image_width=\"1536\" data-large_image_height=\"2048\"><img loading=\"lazy\" decoding=\"async\" class=\" wp-image-411371 alignleft\" src=\"https:\/\/www.radiopiu.net\/wordpress\/wp-content\/uploads\/2024\/09\/La-foresta-Clivet-Il-primo-albero-piantato-27-09-2024-1-225x300.jpg\" alt=\"\" width=\"178\" height=\"237\" srcset=\"https:\/\/www.radiopiu.net\/wordpress\/wp-content\/uploads\/2024\/09\/La-foresta-Clivet-Il-primo-albero-piantato-27-09-2024-1-225x300.jpg 225w, https:\/\/www.radiopiu.net\/wordpress\/wp-content\/uploads\/2024\/09\/La-foresta-Clivet-Il-primo-albero-piantato-27-09-2024-1-768x1024.jpg 768w, https:\/\/www.radiopiu.net\/wordpress\/wp-content\/uploads\/2024\/09\/La-foresta-Clivet-Il-primo-albero-piantato-27-09-2024-1-1152x1536.jpg 1152w, https:\/\/www.radiopiu.net\/wordpress\/wp-content\/uploads\/2024\/09\/La-foresta-Clivet-Il-primo-albero-piantato-27-09-2024-1.jpg 1536w\" sizes=\"auto, (max-width: 178px) 100vw, 178px\" \/><\/a>Riforestazione nelle Dolomiti: Comune di Belluno, Regione Veneto, Clivet e Vaia uniscono le forze<\/strong><\/p><\/blockquote>\n<p>&nbsp;<\/p>\n<p><strong>BELLUNO<\/strong> Un ambizioso progetto di riforestazione vede insieme il Comune di Belluno, la Regione Veneto con l&#8217;assessore alla protezione civile Gianpaolo Bottacin, Clivet e la start-up Vaia. L\u2019iniziativa, lanciata a Klimahouse 2024, prevede la piantumazione di 1500 alberi in un\u2019area del Nevegal devastata dalla tempesta Vaia. Obiettivo: rigenerare due ettari di bosco e sensibilizzare pubblico e aziende sulla salvaguardia ambientale. Federico Stefani \u2013 CEO di VAIA, la start-up impegnata nel recupero dei boschi delle Dolomiti, ha\u00a0 invitato\u00a0 le persone che hanno contribuito alla realizzazione della foresta a seguire il progresso di questo progetto:<em> \u201cOgni albero piantato sar\u00e0 monitorato e certificato&#8221;<\/em><\/p>\n<p>&nbsp;<\/p><\/blockquote>\n<div class=\"mb-2 flex gap-3 empty:hidden -ml-2\">\n<div class=\"items-center justify-start rounded-xl p-1 flex\">\n<div class=\"flex items-center\">\n<div class=\"flex items-center pb-0\"><\/div>\n<\/div>\n<\/div>\n<\/div>\n<p>&nbsp;<\/p>\n<hr \/>\n<p>&nbsp;<\/p>\n<blockquote>\n<h3>LA SETTIMANA DELLA SALUTE MENTALE<\/h3>\n<\/blockquote>\n<p><strong><a class=\"dt-pswp-item\" href=\"https:\/\/www.radiopiu.net\/wordpress\/wp-content\/uploads\/2021\/03\/ULSS-1.jpg\" data-dt-img-description=\"\" data-large_image_width=\"776\" data-large_image_height=\"408\"><img loading=\"lazy\" decoding=\"async\" class=\" wp-image-198838 alignleft\" src=\"https:\/\/www.radiopiu.net\/wordpress\/wp-content\/uploads\/2021\/03\/ULSS-1-300x158.jpg\" alt=\"\" width=\"196\" height=\"103\" srcset=\"https:\/\/www.radiopiu.net\/wordpress\/wp-content\/uploads\/2021\/03\/ULSS-1-300x158.jpg 300w, https:\/\/www.radiopiu.net\/wordpress\/wp-content\/uploads\/2021\/03\/ULSS-1-768x404.jpg 768w, https:\/\/www.radiopiu.net\/wordpress\/wp-content\/uploads\/2021\/03\/ULSS-1.jpg 776w\" sizes=\"auto, (max-width: 196px) 100vw, 196px\" \/><\/a>BELLUNO<\/strong> Dal 5 al 13 ottobre 2024, l&#8217;Ulss Dolomiti organizza la Settimana della Salute Mentale per sensibilizzare sul benessere mentale e combattere lo stigma. La settimana include presentazioni di libri, mercatini, esposizioni fotografiche, incontri, proiezioni, spettacoli teatrali e passeggiate, coinvolgendo persone che frequentano i servizi di salute mentale e le loro famiglie. Alcuni Comuni illumineranno di verde i monumenti simbolici. L&#8217;iniziativa fa parte del progetto di riorganizzazione del Dipartimento di Salute Mentale, che ha ampliato gli orari del Centro di Salute Mentale di Feltre e assunto nuovi professionisti.<\/p>\n<p>&nbsp;<\/p>\n<p>&nbsp;<\/p>\n<hr \/>\n<p>&nbsp;<\/p>\n<blockquote>\n<h3>A SCUOLA CON INTERCULTURA: GLI APPUNTAMENTI<\/h3>\n<\/blockquote>\n<p><strong><a class=\"dt-pswp-item\" href=\"https:\/\/www.radiopiu.net\/wordpress\/wp-content\/uploads\/2024\/09\/LoHDASGHAU.jpg\" data-dt-img-description=\"\" data-large_image_width=\"1131\" data-large_image_height=\"871\"><img loading=\"lazy\" decoding=\"async\" class=\" wp-image-411324 alignleft\" src=\"https:\/\/www.radiopiu.net\/wordpress\/wp-content\/uploads\/2024\/09\/LoHDASGHAU-300x231.jpg\" alt=\"\" width=\"161\" height=\"124\" srcset=\"https:\/\/www.radiopiu.net\/wordpress\/wp-content\/uploads\/2024\/09\/LoHDASGHAU-300x231.jpg 300w, https:\/\/www.radiopiu.net\/wordpress\/wp-content\/uploads\/2024\/09\/LoHDASGHAU-1024x789.jpg 1024w, https:\/\/www.radiopiu.net\/wordpress\/wp-content\/uploads\/2024\/09\/LoHDASGHAU-768x591.jpg 768w, https:\/\/www.radiopiu.net\/wordpress\/wp-content\/uploads\/2024\/09\/LoHDASGHAU.jpg 1131w\" sizes=\"auto, (max-width: 161px) 100vw, 161px\" \/><\/a>BELLUNO<\/strong> Con l\u2019inizio dell\u2019anno scolastico, il Centro Locale di Intercultura torna nelle scuole per offrire agli studenti la possibilit\u00e0 di trascorrere un anno scolastico all\u2019estero, vivendo con una famiglia ospitante e scoprendo una nuova cultura. Per illustrare i vantaggi e i dettagli del programma, il Centro di Belluno organizza tre incontri: il 4 ottobre a Ponte nelle Alpi, il 12 ottobre ad Auronzo, e il 25 ottobre a Feltre. Durante gli incontri, saranno presenti studenti e genitori che hanno gi\u00e0 partecipato al programma, insieme ai volontari che spiegheranno come partecipare e gestire la domanda, valida per il quarto anno di superiori.<\/p>\n<p>&nbsp;<\/p>\n<hr \/>\n<p>&nbsp;<\/p>\n<blockquote><p><strong><a class=\"dt-pswp-item\" href=\"https:\/\/www.radiopiu.net\/wordpress\/wp-content\/uploads\/2024\/09\/307955a4-5cbf-4d8a-9b25-3b23cfb48055.jpg\" data-dt-img-description=\"\" data-large_image_width=\"904\" data-large_image_height=\"1280\"><img loading=\"lazy\" decoding=\"async\" class=\"wp-image-411343 alignleft\" src=\"https:\/\/www.radiopiu.net\/wordpress\/wp-content\/uploads\/2024\/09\/307955a4-5cbf-4d8a-9b25-3b23cfb48055-212x300.jpg\" alt=\"\" width=\"154\" height=\"218\" srcset=\"https:\/\/www.radiopiu.net\/wordpress\/wp-content\/uploads\/2024\/09\/307955a4-5cbf-4d8a-9b25-3b23cfb48055-212x300.jpg 212w, https:\/\/www.radiopiu.net\/wordpress\/wp-content\/uploads\/2024\/09\/307955a4-5cbf-4d8a-9b25-3b23cfb48055-723x1024.jpg 723w, https:\/\/www.radiopiu.net\/wordpress\/wp-content\/uploads\/2024\/09\/307955a4-5cbf-4d8a-9b25-3b23cfb48055-768x1087.jpg 768w, https:\/\/www.radiopiu.net\/wordpress\/wp-content\/uploads\/2024\/09\/307955a4-5cbf-4d8a-9b25-3b23cfb48055.jpg 904w\" sizes=\"auto, (max-width: 154px) 100vw, 154px\" \/><\/a>&#8220;Monte di Luna vita serena&#8221; di Adone Santomaso, presentazione oggi a Voltago<\/strong><\/p><\/blockquote>\n<p>&nbsp;<\/p>\n<p><strong>VOLTAGO<\/strong> Oggi alle 16, nella sala polifunzionale di Voltago, verr\u00e0 presentato il libro <em>&#8220;Monte di Luna vita serena&#8221;<\/em>, dedicato alla vita di Adone Santomaso, figura amata dell&#8217;Agordino. Il volume raccoglie fotografie e documenti curati dalla famiglia per onorare il suo ricordo.<\/p>\n<p>&nbsp;<\/p>\n<p>&nbsp;<\/p>\n<p>&nbsp;<\/p>\n<hr \/>\n<p>&nbsp;<\/p>\n<p>&nbsp;<\/p>\n<blockquote><p><strong><a class=\"dt-pswp-item\" href=\"https:\/\/www.radiopiu.net\/wordpress\/wp-content\/uploads\/2020\/02\/UNIVERSITA\u2019-ADULTIANZIANI-DI-BELLUNO.gif\" data-dt-img-description=\"\" data-large_image_width=\"512\" data-large_image_height=\"272\"><img loading=\"lazy\" decoding=\"async\" class=\" wp-image-119764 alignleft\" src=\"https:\/\/www.radiopiu.net\/wordpress\/wp-content\/uploads\/2020\/02\/UNIVERSITA\u2019-ADULTIANZIANI-DI-BELLUNO-300x159.gif\" alt=\"\" width=\"277\" height=\"147\" \/><\/a>&#8220;Neve, ghiacciai e permafrost: inaugurazione dell&#8217;anno accademico dell&#8217;Universit\u00e0 Adulti di Agordo&#8221;<\/strong><\/p><\/blockquote>\n<p><strong>AGORDO<\/strong> Mercoled\u00ec 2 ottobre alle 15, Mauro Valt, climatologo di Arpav, inaugurer\u00e0 il 27\u00b0 anno accademico dell&#8217;Universit\u00e0 Adulti di Agordo con una prolusione su &#8220;Neve, ghiacciai e permafrost: come cambiano le Dolomiti&#8221;. Il programma settimanale delle lezioni prevede argomenti vari, tra cui emigrazione bellunese, geologia, filosofia, salute e storia. Il comitato invita la cittadinanza e tutti gli interessati a partecipare. Sono previste anche attivit\u00e0 complementari, come laboratori artistici e filosofici, gite culturali e altre iniziative in corso di programmazione.<\/p>\n<p>&nbsp;<\/p>\n<p>&nbsp;<\/p>\n<hr \/>\n<p>&nbsp;<\/p>\n<blockquote>\n<h3>UN CORSO PER DIVENTARE MENTORE E FACILITATORE<\/h3>\n<\/blockquote>\n<p><strong>BELLUNO<\/strong> Il Comune di Belluno offre un percorso formativo gratuito per giovani dai 16 ai 19 anni, focalizzato su mentorship e facilitazione. L&#8217;iniziativa, che si svolger\u00e0 il 7 e 8 ottobre all&#8217;UrbanHub Dolomiti, dalle 14 alle 18, utilizza il metodo &#8220;Learning by Doing&#8221; per promuovere l&#8217;apprendimento pratico. I partecipanti collaboreranno con Luca Crivellari e Arianna Scalabrin, formatori internazionali del Iusve, per sviluppare competenze di leadership e responsabilit\u00e0, con l&#8217;obiettivo di favorire un coinvolgimento attivo nella comunit\u00e0.<\/p>\n<p>&nbsp;<\/p>\n<p>&nbsp;<\/p>\n<hr \/>\n<p>&nbsp;<\/p>\n<blockquote>\n<h3>OPEN WEEK DEDICATO ALLE MALATTIE CARDIOVASCOLARI<\/h3>\n<\/blockquote>\n<p><strong class=\"photoswipe-wrapper\"><a class=\"dt-pswp-item pspw-wrap-ready\" href=\"https:\/\/i0.wp.com\/www.radiopiu.net\/wordpress\/wp-content\/uploads\/2024\/09\/SCR-20240925-lfhn.jpeg?ssl=1\" data-dt-img-description=\"\" data-large_image_width=\"1184\" data-large_image_height=\"820\"><img loading=\"lazy\" decoding=\"async\" class=\" wp-image-411032 alignleft\" src=\"https:\/\/i0.wp.com\/www.radiopiu.net\/wordpress\/wp-content\/uploads\/2024\/09\/SCR-20240925-lfhn.jpeg?resize=204%2C142&amp;ssl=1\" sizes=\"auto, (max-width: 204px) 100vw, 204px\" srcset=\"https:\/\/i0.wp.com\/www.radiopiu.net\/wordpress\/wp-content\/uploads\/2024\/09\/SCR-20240925-lfhn.jpeg?resize=300%2C208&amp;ssl=1 300w, https:\/\/i0.wp.com\/www.radiopiu.net\/wordpress\/wp-content\/uploads\/2024\/09\/SCR-20240925-lfhn.jpeg?resize=1024%2C709&amp;ssl=1 1024w, https:\/\/i0.wp.com\/www.radiopiu.net\/wordpress\/wp-content\/uploads\/2024\/09\/SCR-20240925-lfhn.jpeg?resize=768%2C532&amp;ssl=1 768w, https:\/\/i0.wp.com\/www.radiopiu.net\/wordpress\/wp-content\/uploads\/2024\/09\/SCR-20240925-lfhn.jpeg?w=1184&amp;ssl=1 1184w\" alt=\"\" width=\"204\" height=\"142\" data-recalc-dims=\"1\" \/><\/a>BELLUNO<\/strong> In occasione della Giornata Mondiale del Cuore, l\u2019Ulss Dolomiti ha aderito all\u2019iniziativa della Fondazione Onda, dedicata alla prevenzione cardiovascolare, organizzando incontri aperti al pubblico. Il primo si terr\u00e0 il 30 settembre 2024 a Belluno e sar\u00e0 focalizzato sulla valutazione del rischio cardiovascolare nelle donne, con interventi di esperti su fattori di rischio e attivit\u00e0 fisica. Il secondo appuntamento sar\u00e0 il 1 ottobre 2024 a Feltre, dove si parler\u00e0 di prevenzione e del ruolo dell\u2019attivit\u00e0 fisica. Le malattie cardiovascolari sono la principale causa di morte in Italia, e l\u2019iniziativa mira a sensibilizzare soprattutto le donne, spesso meno consapevoli dei rischi rispetto agli uomini, sull\u2019importanza della prevenzione e diagnosi precoce.<\/p>\n<p>&nbsp;<\/p>\n<hr \/>\n<p>&nbsp;<\/p>\n<div class=\"flex max-w-full flex-col flex-grow\">\n<div class=\"min-h-[20px] text-message flex w-full flex-col items-end gap-2 whitespace-normal break-words [.text-message+&amp;]:mt-5\" dir=\"auto\" data-message-author-role=\"assistant\" data-message-id=\"4647b999-e550-4058-80f0-5916e0667738\">\n<div class=\"flex w-full flex-col gap-1 empty:hidden first:pt-[3px]\">\n<div class=\"markdown prose w-full break-words dark:prose-invert dark\">\n<blockquote><p><strong><a class=\"dt-pswp-item\" href=\"https:\/\/www.radiopiu.net\/wordpress\/wp-content\/uploads\/2018\/08\/ULSS1-DOLOMITI.jpeg\" data-dt-img-description=\"\" data-large_image_width=\"1280\" data-large_image_height=\"768\"><img loading=\"lazy\" decoding=\"async\" class=\"size-medium wp-image-57211 alignleft\" src=\"https:\/\/www.radiopiu.net\/wordpress\/wp-content\/uploads\/2018\/08\/ULSS1-DOLOMITI-300x180.jpeg\" alt=\"\" width=\"300\" height=\"180\" srcset=\"https:\/\/www.radiopiu.net\/wordpress\/wp-content\/uploads\/2018\/08\/ULSS1-DOLOMITI-300x180.jpeg 300w, https:\/\/www.radiopiu.net\/wordpress\/wp-content\/uploads\/2018\/08\/ULSS1-DOLOMITI-768x461.jpeg 768w, https:\/\/www.radiopiu.net\/wordpress\/wp-content\/uploads\/2018\/08\/ULSS1-DOLOMITI-1024x614.jpeg 1024w, https:\/\/www.radiopiu.net\/wordpress\/wp-content\/uploads\/2018\/08\/ULSS1-DOLOMITI.jpeg 1280w\" sizes=\"auto, (max-width: 300px) 100vw, 300px\" \/><\/a>Settimana della Salute Mentale 2024: 20 Eventi in Programma<\/strong><\/p><\/blockquote>\n<p><strong>BELLUNO<\/strong>\u00a0 Dal 5 al 13 ottobre 2024, l\u2019Ulss Dolomiti promuove la Settimana della Salute Mentale, un\u2019iniziativa che coinvolger\u00e0 l\u2019intero territorio, con l\u2019obiettivo di sensibilizzare sull\u2019importanza del benessere mentale e di combattere stigma e pregiudizi. L\u2019evento \u00e8 organizzato in collaborazione con Comuni, Enti del Terzo Settore e associazioni locali. In programma ci sono oltre 20 iniziative tra cui presentazioni di libri, mercatini, passeggiate, rappresentazioni teatrali e proiezioni cinematografiche. I Centri di Salute Mentale apriranno le porte al pubblico in diverse localit\u00e0, e alcuni Comuni illumineranno di verde i propri monumenti per sostenere la causa. La manifestazione, parte del &#8220;Progetto di riorganizzazione del Dipartimento di Salute Mentale&#8221;, coinvolger\u00e0 anche persone che utilizzano i servizi del Dipartimento e le loro famiglie. Eventi come la &#8220;Camminata della Salute Mentale&#8221; alle Tre Cime di Lavaredo e la rappresentazione teatrale \u201cIl Gabbiano\u201d arricchiranno il calendario. L\u2019iniziativa si inserisce nelle azioni portate avanti dall\u2019Ulss Dolomiti dal 2023, mirate a migliorare i percorsi di cura e assistenza in tutto il territorio<\/p>\n<\/div>\n<\/div>\n<\/div>\n<\/div>\n<p>&nbsp;<\/p>\n<hr \/>\n<p>&nbsp;<\/p>\n<blockquote>\n<h2>Domani si celebra la Giornata Mondiale del Cuore: consapevolezza e donazione di sangue<\/h2>\n<\/blockquote>\n<div>\n<p><strong><img loading=\"lazy\" decoding=\"async\" class=\"alignleft\" src=\"https:\/\/www.radiopiu.net\/wordpress\/wp-content\/uploads\/2024\/09\/cc5b4767-6e1f-4fd2-ad55-f2c7e5020028-300x300.jpg\" width=\"144\" height=\"144\" \/>FALCADE<\/strong> In occasione della Giornata Mondiale del Cuore, il 29 settembre, si sensibilizza sull&#8217;importanza delle manovre salvavita per la salute cardiovascolare. In questa cornice, i Donatori ABVS di Falcade saranno presenti per far conoscere il mondo della donazione di sangue e il suo valore fondamentale. Porte aperte a Falcade luned\u00ec 30 settembre, per promuovere la salute e la solidariet\u00e0 verso il prossimo. \u00c8 un&#8217;opportunit\u00e0 per comprendere meglio come la donazione possa aiutare a salvare vite e migliorare la salute della comunit\u00e0. Unisciti a noi per fare la differenza per te stesso e per gli altri.<\/p>\n<\/div>\n<p>&nbsp;<\/p>\n<p>&nbsp;<\/p>\n<hr \/>\n<p>&nbsp;<\/p>\n<blockquote class=\"wp-embedded-content\" data-secret=\"BRkbZOAc4Z\"><p><a href=\"https:\/\/www.radiopiu.net\/wordpress\/nino-moreno-e-gigi-incontro-musicale-al-pierobon\/\">NINO, MORENO E GIGI, INCONTRO MUSICALE AL PIEROBON<\/a><\/p><\/blockquote>\n<p><iframe loading=\"lazy\" class=\"wp-embedded-content\" sandbox=\"allow-scripts\" security=\"restricted\" style=\"position: absolute; visibility: hidden;\" title=\"&#8220;NINO, MORENO E GIGI, INCONTRO MUSICALE AL PIEROBON&#8221; &#8212; Radio Pi\u00f9\" src=\"https:\/\/www.radiopiu.net\/wordpress\/nino-moreno-e-gigi-incontro-musicale-al-pierobon\/embed\/#?secret=PpkQLMErYq#?secret=BRkbZOAc4Z\" data-secret=\"BRkbZOAc4Z\" width=\"600\" height=\"338\" frameborder=\"0\" marginwidth=\"0\" marginheight=\"0\" scrolling=\"no\"><\/iframe><\/p>\n<p>&nbsp;<\/p>\n<p>&nbsp;<\/p>\n<hr \/>\n<p>&nbsp;<\/p>\n<h2><span style=\"color: #008000;\">IL CONSIGLIO DELL&#8217;UNIONE MONTANA AGORDINA<\/span><\/h2>\n<p><strong>AGORDO<\/strong> Il Presidente dell&#8217;Unione Montana Agordina Paolo Frena ha convocato il consiglio per luned\u00ec alle 20. Tre punti da discutere tra cui l&#8217;approvazione del bilancio consolidato 2023.<\/p>\n<p>&nbsp;<\/p>\n<p>&nbsp;<\/p>\n<hr \/>\n<p>&nbsp;<\/p>\n<h2><span style=\"color: #ff0000;\">CONSIGLI COMUNALI IN AGORDINO<\/span><\/h2>\n<p><strong>ALLEGHE<\/strong> Consiglio comunale convocato per lunedi alle 20:30. Quattro punti da discutere tra cui due variazioni a bilancio e il contributo aree interne per i lavori di realizzazione della nuova sede del distratto socio-sanitario di Alleghe.<\/p>\n<p><strong>CENCENIGHE<\/strong> Consiglio comunale marted\u00ec alle 20:30. saranno quattro i punti in discussione tra cui due prelievi dal fondo di riserva 2024 e lo scioglimento consensuale della convenzione per lo svolgimento delle funzioni di segreteria con il comune di Alpago<\/p>\n<p>&nbsp;<\/p>\n<p>&nbsp;<\/p>\n<hr \/>\n<p>&nbsp;<\/p>\n<blockquote>\n<h3>\u201cGIORNATA DELLA ROSA-ALLE SPONDE DEL VESES\u201d DOMANI A SANTA GIUSTINA<\/h3>\n<\/blockquote>\n<p><strong><a class=\"dt-pswp-item\" href=\"https:\/\/www.radiopiu.net\/wordpress\/wp-content\/uploads\/2024\/09\/SCR-20240925-kkxo.jpeg\" data-dt-img-description=\"\" data-large_image_width=\"1360\" data-large_image_height=\"1208\"><img loading=\"lazy\" decoding=\"async\" class=\" wp-image-411026 alignleft\" src=\"https:\/\/www.radiopiu.net\/wordpress\/wp-content\/uploads\/2024\/09\/SCR-20240925-kkxo-300x266.jpeg\" alt=\"\" width=\"119\" height=\"106\" srcset=\"https:\/\/www.radiopiu.net\/wordpress\/wp-content\/uploads\/2024\/09\/SCR-20240925-kkxo-300x266.jpeg 300w, https:\/\/www.radiopiu.net\/wordpress\/wp-content\/uploads\/2024\/09\/SCR-20240925-kkxo-1024x910.jpeg 1024w, https:\/\/www.radiopiu.net\/wordpress\/wp-content\/uploads\/2024\/09\/SCR-20240925-kkxo-768x682.jpeg 768w, https:\/\/www.radiopiu.net\/wordpress\/wp-content\/uploads\/2024\/09\/SCR-20240925-kkxo.jpeg 1360w\" sizes=\"auto, (max-width: 119px) 100vw, 119px\" \/><\/a>FELTRE<\/strong> Domani a Santa Giustina si terr\u00e0 la nuova edizione de &#8220;La Giornata della Rosa &#8211; Alle sponde del Veses&#8221;, organizzata dall&#8217;AIPD di Belluno dal 1992. L&#8217;evento include una manifestazione podistica con due percorsi: uno di 5 km per famiglie e giovani, e uno di 11 km per i pi\u00f9 competitivi. Le partenze avverranno dalla Piazza Maggiore, dove sar\u00e0 allestito anche un tendone per il pranzo. Nel pomeriggio ci saranno le premiazioni, musica, balli e l&#8217;estrazione dei premi. Inoltre, il 13 ottobre si terr\u00e0 la \u201cGiornata Nazionale delle persone con sindrome di Down\u201d con iniziative locali.<\/p>\n<p>&nbsp;<\/p>\n<p>&nbsp;<\/p>\n<hr \/>\n<p>&nbsp;<\/p>\n<blockquote>\n<h2>Oltre le vette 2024: la montagna protagonista a Belluno<\/h2>\n<\/blockquote>\n<blockquote><p><em><a class=\"dt-pswp-item\" href=\"https:\/\/www.radiopiu.net\/wordpress\/wp-content\/uploads\/2024\/09\/OLVspettacolo-anima.jpg\" data-dt-img-description=\"\" data-large_image_width=\"2400\" data-large_image_height=\"1600\"><img loading=\"lazy\" decoding=\"async\" class=\" wp-image-410161 alignleft\" src=\"https:\/\/www.radiopiu.net\/wordpress\/wp-content\/uploads\/2024\/09\/OLVspettacolo-anima-300x200.jpg\" alt=\"\" width=\"188\" height=\"125\" srcset=\"https:\/\/www.radiopiu.net\/wordpress\/wp-content\/uploads\/2024\/09\/OLVspettacolo-anima-300x200.jpg 300w, https:\/\/www.radiopiu.net\/wordpress\/wp-content\/uploads\/2024\/09\/OLVspettacolo-anima-1024x683.jpg 1024w, https:\/\/www.radiopiu.net\/wordpress\/wp-content\/uploads\/2024\/09\/OLVspettacolo-anima-768x512.jpg 768w, https:\/\/www.radiopiu.net\/wordpress\/wp-content\/uploads\/2024\/09\/OLVspettacolo-anima-1536x1024.jpg 1536w, https:\/\/www.radiopiu.net\/wordpress\/wp-content\/uploads\/2024\/09\/OLVspettacolo-anima-2048x1365.jpg 2048w\" sizes=\"auto, (max-width: 188px) 100vw, 188px\" \/><\/a>&#8220;Oltre le vette&#8221; per gli appassionati di montagna.<\/em><\/p><\/blockquote>\n<p><strong>BELLUNO\u00a0 <\/strong>Dal 4 al 13 ottobre 2024, Belluno ospiter\u00e0 la 28a edizione di &#8220;Oltre le vette \u2013 Metafore, uomini, luoghi della montagna&#8221;. Il festival, uno dei pi\u00f9 longevi dedicati alla montagna in Italia, presenta 50 eventi che spaziano dall&#8217;alpinismo all&#8217;arte, con mostre, spettacoli e incontri. Quest\u2019anno il tema \u00e8 &#8220;Filo, philos, fil\u00f2&#8221;, esplorando il legame tra uomo e montagna attraverso diverse prospettive.<\/p>\n<p>&nbsp;<\/p>\n<p>&nbsp;<\/p>\n<hr \/>\n<blockquote>\n<h3><\/h3>\n<h3>SETTEMBRE PIAVENESE A BELLUNO<\/h3>\n<\/blockquote>\n<p><strong>BELLUNO<\/strong> La rassegna estiva \u201cDall\u2019Ardo alla Piave Festival\u201d si \u00e8 conclusa a settembre con una partecipazione positiva, in particolare per l&#8217;evento &#8220;La Cotogna di Istanbul&#8221;. Prima di lanciare il calendario autunnale, l\u2019associazione Borgo Piave ETC organizza \u201cSettembre Piavense\u201d: domani \u201cImpressioni di porto fluviale\u2026\u201d, che mostrer\u00e0 un&#8217;anteprima del futuro spazio dedicato agli zattieri di Borgo Piave. L&#8217;evento richiede prenotazione, con un contributo suggerito di 5 euro.<\/p>\n<p>&nbsp;<\/p>\n<p>&nbsp;<\/p>\n<hr \/>\n<p>&nbsp;<\/p>\n<blockquote><p><strong><a class=\"dt-pswp-item\" href=\"https:\/\/www.radiopiu.net\/wordpress\/wp-content\/uploads\/2024\/09\/ORFV.jpg\" data-dt-img-description=\"\" data-large_image_width=\"1000\" data-large_image_height=\"750\"><img loading=\"lazy\" decoding=\"async\" class=\" wp-image-411057 alignleft\" src=\"https:\/\/www.radiopiu.net\/wordpress\/wp-content\/uploads\/2024\/09\/ORFV-300x225.jpg\" alt=\"\" width=\"205\" height=\"154\" srcset=\"https:\/\/www.radiopiu.net\/wordpress\/wp-content\/uploads\/2024\/09\/ORFV-300x225.jpg 300w, https:\/\/www.radiopiu.net\/wordpress\/wp-content\/uploads\/2024\/09\/ORFV-768x576.jpg 768w, https:\/\/www.radiopiu.net\/wordpress\/wp-content\/uploads\/2024\/09\/ORFV.jpg 1000w\" sizes=\"auto, (max-width: 205px) 100vw, 205px\" \/><\/a>Orchestra Regionale Filarmonia Veneta omaggia Puccini<\/strong><\/p><\/blockquote>\n<p><strong>BELLUNO<\/strong> Mercoled\u00ec 2 ottobre 2024, alle 20:30, al Teatro Buzzati di Belluno, l\u2019Orchestra Regionale Filarmonia Veneta, diretta da Francesco Gesualdi, eseguir\u00e0 un omaggio a Giacomo Puccini. Il programma, intitolato \u00abCon un leggero scintillar di stelle\u2026\u00bb, presenter\u00e0 musiche di Morricone, Serafini, P\u00e4rt, Ambrosi e Fattambrini, con l\u2019accompagnamento di fisarmoniche e archi. Informazioni al 348 2684504, oppure segreteriabelcircolo@gmail.com.<\/p>\n<p>&nbsp;<\/p>\n<p>&nbsp;<\/p>\n<hr \/>\n<p>&nbsp;<\/p>\n<blockquote>\n<h3>DOMENICA CON IL CAI DI AGORDO<\/h3>\n<\/blockquote>\n<p><strong>AGORDO<\/strong> Domani escursione alla Croda Da lago e Lago Federa nelle Dolomiti d&#8217;Ampezzo. ra boschi, abetaie, torrenti e ponti di legno, andremo a scoprire un lago alpino d&#8217;alta quota di origine glaciale. Incastonato tra le montagne come una gemma, nato secondo la leggenda dalla follia di un drago, \u00e8 senz&#8217;altro un posto incantevole e magico. Escursione classificata Medio &#8211; Facile .<\/p>\n<p>&nbsp;<\/p>\n<hr \/>\n<p>&nbsp;<\/p>\n<p>&nbsp;<\/p>\n<blockquote>\n<h3>A SOSPIROLO DA BACCHETTI LA PRIMA DI TRE SERATE<\/h3>\n<\/blockquote>\n<p><img loading=\"lazy\" decoding=\"async\" class=\"alignleft\" src=\"https:\/\/www.radiopiu.net\/wordpress\/wp-content\/uploads\/2024\/09\/0db4f943-df1f-4c5e-83cd-76b8593e1ec1.jpg\" width=\"119\" height=\"89\" \/><\/p>\n<p>&nbsp;<\/p>\n<p>di ROBERTO BONA<\/p>\n<audio class=\"wp-audio-shortcode\" id=\"audio-411289-13\" preload=\"none\" style=\"width: 100%;\" controls=\"controls\"><source type=\"audio\/wav\" src=\"https:\/\/www.radiopiu.net\/wordpress\/wp-content\/uploads\/2024\/09\/MeInsogneDeNot-1.wav?_=13\" \/><a href=\"https:\/\/www.radiopiu.net\/wordpress\/wp-content\/uploads\/2024\/09\/MeInsogneDeNot-1.wav\">https:\/\/www.radiopiu.net\/wordpress\/wp-content\/uploads\/2024\/09\/MeInsogneDeNot-1.wav<\/a><\/audio>\n<p>&nbsp;<\/p>\n<p>&nbsp;<\/p>\n<p>&nbsp;<\/p>\n<hr \/>\n<p>&nbsp;<\/p>\n<blockquote>\n<h2>Documentario &#8220;La felicit\u00e0 degli altri&#8221;: un viaggio alla scoperta del sentimento universale<\/h2>\n<\/blockquote>\n<p>Filippo Masocco e Giacomo Gava, giovani cineasti di Treviso, hanno realizzato un nuovo documentario intitolato <em>&#8220;La felicit\u00e0 degli altri&#8221;<\/em>, un progetto che ha richiesto un anno e mezzo di lavoro. Ispirato al celebre <em>&#8220;Comizi d&#8217;amore&#8221;<\/em> di Pier Paolo Pasolini, il documentario si concentra sul tema della felicit\u00e0.<\/p>\n<p><iframe loading=\"lazy\" title=\"LA FELICITA&#039; DEGLI ALTRI - Short Film - G. Gava &amp; F. Masocco (2024)\" width=\"1200\" height=\"675\" src=\"https:\/\/www.youtube.com\/embed\/mikjKosJlYQ?feature=oembed\" frameborder=\"0\" allow=\"accelerometer; autoplay; clipboard-write; encrypted-media; gyroscope; picture-in-picture; web-share\" referrerpolicy=\"strict-origin-when-cross-origin\" allowfullscreen><\/iframe><\/p>\n<p>&nbsp;<\/p>\n<p>&nbsp;<\/p>\n<p>&nbsp;<\/p>\n<hr \/>\n<p>&nbsp;<\/p>\n<blockquote>\n<h3>DOPPIO APPUNTAMENTO CON LA BIBLIOTECA DI LONGARONE<\/h3>\n<\/blockquote>\n<p><strong>LONGARONE<\/strong> Domani alle 17, nella Chiesa parrocchiale di Longarone si terr\u00e0 il Reading musicale &#8220;Dal vento improvviso un\u2019onda&#8221; per commemorare la tragedia del Vajont, con il Coro &#8220;Voci del Pasubio&#8221; e la narrazione di Monica Bassi, diretto da Riccardo Lapo. L&#8217;evento \u00e8 parte delle celebrazioni per il 61\u00b0 anniversario del disastro del Vajont, organizzate dalla Fondazione Vajont onlus e diversi comuni, con il patrocinio delle Regioni Veneto e Friuli Venezia-Giulia. Inoltre, venerd\u00ec 4 ottobre 2024, alle ore 18:30, a Longarone sar\u00e0 presentato il progetto multimediale &#8220;Vajont &#8211; La fine di un&#8217;epoca&#8221;.<\/p>\n<p>&nbsp;<\/p>\n<p>&nbsp;<\/p>\n<hr \/>\n<p>&nbsp;<\/p>\n<h2><span style=\"color: #ff6600;\">IERI ALLA RADIO\u00a0<\/span><\/h2>\n<h2><span style=\"color: #339966;\">&#8220;DINTORN E FORA VIA&#8221;\u00a0 IL PROGRAMMA\u00a0 A CURA DEL MUSLA<\/span><\/h2>\n<p><strong><a class=\"dt-pswp-item\" href=\"https:\/\/www.radiopiu.net\/wordpress\/wp-content\/uploads\/2024\/03\/GIORNALE.jpg\" data-dt-img-description=\"\" data-large_image_width=\"1280\" data-large_image_height=\"853\"><img loading=\"lazy\" decoding=\"async\" class=\" wp-image-378880 alignleft\" src=\"https:\/\/www.radiopiu.net\/wordpress\/wp-content\/uploads\/2024\/03\/GIORNALE-300x200.jpg\" alt=\"\" width=\"147\" height=\"98\" srcset=\"https:\/\/www.radiopiu.net\/wordpress\/wp-content\/uploads\/2024\/03\/GIORNALE-300x200.jpg 300w, https:\/\/www.radiopiu.net\/wordpress\/wp-content\/uploads\/2024\/03\/GIORNALE-1024x682.jpg 1024w, https:\/\/www.radiopiu.net\/wordpress\/wp-content\/uploads\/2024\/03\/GIORNALE-768x512.jpg 768w, https:\/\/www.radiopiu.net\/wordpress\/wp-content\/uploads\/2024\/03\/GIORNALE.jpg 1280w\" sizes=\"auto, (max-width: 147px) 100vw, 147px\" \/><\/a>PUNTATA DEL 27 SETTEMBRE ANNA VALT<\/strong><\/p>\n<audio class=\"wp-audio-shortcode\" id=\"audio-411289-14\" preload=\"none\" style=\"width: 100%;\" controls=\"controls\"><source type=\"audio\/mpeg\" src=\"https:\/\/www.radiopiu.net\/wordpress\/wp-content\/uploads\/2024\/09\/MUSLA-7.mp3?_=14\" \/><a href=\"https:\/\/www.radiopiu.net\/wordpress\/wp-content\/uploads\/2024\/09\/MUSLA-7.mp3\">https:\/\/www.radiopiu.net\/wordpress\/wp-content\/uploads\/2024\/09\/MUSLA-7.mp3<\/a><\/audio>\n<p>&nbsp;<\/p>\n<h2>LA RACCOLTA COMPLETA <a href=\"https:\/\/www.radiopiu.net\/wordpress\/musla\/\"><span style=\"color: #3366ff;\">CLICCA QUI<\/span><\/a><\/h2>\n<p>&nbsp;<\/p>\n<hr \/>\n<p>&nbsp;<\/p>\n<h2><span style=\"color: #808000;\">LA VERTICAL BUFFAURE, SECONDA DELLE 6 TAPPE DELLA VERTICAL FIEMME-FASSA-BIOIS<\/span><\/h2>\n<p><strong><a class=\"dt-pswp-item\" href=\"https:\/\/www.radiopiu.net\/wordpress\/wp-content\/uploads\/2024\/09\/VK-BUFFAURE-Locandina.jpeg\" data-dt-img-description=\"\" data-large_image_width=\"1131\" data-large_image_height=\"1600\"><img loading=\"lazy\" decoding=\"async\" class=\" wp-image-411209 alignleft\" src=\"https:\/\/www.radiopiu.net\/wordpress\/wp-content\/uploads\/2024\/09\/VK-BUFFAURE-Locandina-212x300.jpeg\" alt=\"\" width=\"122\" height=\"173\" srcset=\"https:\/\/www.radiopiu.net\/wordpress\/wp-content\/uploads\/2024\/09\/VK-BUFFAURE-Locandina-212x300.jpeg 212w, https:\/\/www.radiopiu.net\/wordpress\/wp-content\/uploads\/2024\/09\/VK-BUFFAURE-Locandina-724x1024.jpeg 724w, https:\/\/www.radiopiu.net\/wordpress\/wp-content\/uploads\/2024\/09\/VK-BUFFAURE-Locandina-768x1086.jpeg 768w, https:\/\/www.radiopiu.net\/wordpress\/wp-content\/uploads\/2024\/09\/VK-BUFFAURE-Locandina-1086x1536.jpeg 1086w, https:\/\/www.radiopiu.net\/wordpress\/wp-content\/uploads\/2024\/09\/VK-BUFFAURE-Locandina.jpeg 1131w\" sizes=\"auto, (max-width: 122px) 100vw, 122px\" \/><\/a>SECONDA PUNTATA<\/strong> &#8220;VK &#8211; FFB Il Podcast&#8221; dedicata al Vertical Buffaure del 29 settembre, la seconda tappa del circuito VERTICAL FFB<\/p>\n<audio class=\"wp-audio-shortcode\" id=\"audio-411289-15\" preload=\"none\" style=\"width: 100%;\" controls=\"controls\"><source type=\"audio\/mpeg\" src=\"https:\/\/www.radiopiu.net\/wordpress\/wp-content\/uploads\/2024\/08\/VK-Buffaure-Il-Podcast.mp3?_=15\" \/><a href=\"https:\/\/www.radiopiu.net\/wordpress\/wp-content\/uploads\/2024\/08\/VK-Buffaure-Il-Podcast.mp3\">https:\/\/www.radiopiu.net\/wordpress\/wp-content\/uploads\/2024\/08\/VK-Buffaure-Il-Podcast.mp3<\/a><\/audio>\n<p>&nbsp;<\/p>\n<h2>LA RACCOLTA COMPLETA <a href=\"https:\/\/www.radiopiu.net\/wordpress\/verso-la-vertical-buffaure-seconda-delle-6-tappe-della-vertical-fiemme-fassa-biois\/\">CLICCA QUI<\/a><\/h2>\n<p>&nbsp;<\/p>\n<hr \/>\n<p>&nbsp;<\/p>\n<h2><span style=\"color: #ff00ff;\">GABRIELLA CRISCI, DALLA CAMPANIA ALL&#8217;AGORDINO CON LA PASSIONE PER LA POESIA<\/span><\/h2>\n<p><strong><a class=\"dt-pswp-item\" href=\"https:\/\/www.radiopiu.net\/wordpress\/wp-content\/uploads\/2024\/09\/ba77198d-48be-4bda-96ba-d8c6a552e7d9.jpg\" data-dt-img-description=\"\" data-large_image_width=\"2048\" data-large_image_height=\"1152\"><img loading=\"lazy\" decoding=\"async\" class=\" wp-image-411100 alignleft\" src=\"https:\/\/www.radiopiu.net\/wordpress\/wp-content\/uploads\/2024\/09\/ba77198d-48be-4bda-96ba-d8c6a552e7d9-300x169.jpg\" alt=\"\" width=\"195\" height=\"110\" srcset=\"https:\/\/www.radiopiu.net\/wordpress\/wp-content\/uploads\/2024\/09\/ba77198d-48be-4bda-96ba-d8c6a552e7d9-300x169.jpg 300w, https:\/\/www.radiopiu.net\/wordpress\/wp-content\/uploads\/2024\/09\/ba77198d-48be-4bda-96ba-d8c6a552e7d9-1024x576.jpg 1024w, https:\/\/www.radiopiu.net\/wordpress\/wp-content\/uploads\/2024\/09\/ba77198d-48be-4bda-96ba-d8c6a552e7d9-768x432.jpg 768w, https:\/\/www.radiopiu.net\/wordpress\/wp-content\/uploads\/2024\/09\/ba77198d-48be-4bda-96ba-d8c6a552e7d9-1536x864.jpg 1536w, https:\/\/www.radiopiu.net\/wordpress\/wp-content\/uploads\/2024\/09\/ba77198d-48be-4bda-96ba-d8c6a552e7d9.jpg 2048w\" sizes=\"auto, (max-width: 195px) 100vw, 195px\" \/><\/a>DI MIRKO MEZZACASA<\/strong><\/p>\n<p>OSPITE: Gabriella Crisci<\/p>\n<audio class=\"wp-audio-shortcode\" id=\"audio-411289-16\" preload=\"none\" style=\"width: 100%;\" controls=\"controls\"><source type=\"audio\/mpeg\" src=\"https:\/\/www.radiopiu.net\/wordpress\/wp-content\/uploads\/2024\/09\/gabrielle-crisci.mp3?_=16\" \/><a href=\"https:\/\/www.radiopiu.net\/wordpress\/wp-content\/uploads\/2024\/09\/gabrielle-crisci.mp3\">https:\/\/www.radiopiu.net\/wordpress\/wp-content\/uploads\/2024\/09\/gabrielle-crisci.mp3<\/a><\/audio>\n<p>&nbsp;<\/p>\n<hr \/>\n<p>&nbsp;<\/p>\n<h2><span style=\"color: #00ccff;\">COOPERATIVA DI CORTINA, OLTRE LO SHOPPING UN&#8217;ESPERIENZA DA VIVERE<\/span><\/h2>\n<p><a class=\"dt-pswp-item\" href=\"https:\/\/www.radiopiu.net\/wordpress\/wp-content\/uploads\/2024\/03\/esterno-coop-2-domenicali-copia.jpg\" data-dt-img-description=\"\" data-large_image_width=\"1800\" data-large_image_height=\"1014\"><img loading=\"lazy\" decoding=\"async\" class=\" wp-image-379026 alignleft\" src=\"https:\/\/www.radiopiu.net\/wordpress\/wp-content\/uploads\/2024\/03\/esterno-coop-2-domenicali-copia-300x169.jpg\" alt=\"\" width=\"169\" height=\"95\" srcset=\"https:\/\/www.radiopiu.net\/wordpress\/wp-content\/uploads\/2024\/03\/esterno-coop-2-domenicali-copia-300x169.jpg 300w, https:\/\/www.radiopiu.net\/wordpress\/wp-content\/uploads\/2024\/03\/esterno-coop-2-domenicali-copia-1024x577.jpg 1024w, https:\/\/www.radiopiu.net\/wordpress\/wp-content\/uploads\/2024\/03\/esterno-coop-2-domenicali-copia-768x433.jpg 768w, https:\/\/www.radiopiu.net\/wordpress\/wp-content\/uploads\/2024\/03\/esterno-coop-2-domenicali-copia-1536x865.jpg 1536w, https:\/\/www.radiopiu.net\/wordpress\/wp-content\/uploads\/2024\/03\/esterno-coop-2-domenicali-copia.jpg 1800w\" sizes=\"auto, (max-width: 169px) 100vw, 169px\" \/><\/a>Nuovo appuntamento dedicato alla Cooperativa di Cortina. Un programma per far conoscere agli ascoltatori l&#8217;esperienza dello shopping con un momento dedicato agli approfondimenti dai vari reparti della cooperativa<\/p>\n<p>&nbsp;<\/p>\n<p><span style=\"color: #ff0000;\"><strong>PUNTATA 11 &#8211; 27 SETTEMBRE 2024<\/strong><\/span><\/p>\n<audio class=\"wp-audio-shortcode\" id=\"audio-411289-17\" preload=\"none\" style=\"width: 100%;\" controls=\"controls\"><source type=\"audio\/mpeg\" src=\"https:\/\/www.radiopiu.net\/wordpress\/wp-content\/uploads\/2024\/07\/TX-COMPLETA-CON-INTERVISTA-DE-ZANNA.mp3?_=17\" \/><a href=\"https:\/\/www.radiopiu.net\/wordpress\/wp-content\/uploads\/2024\/07\/TX-COMPLETA-CON-INTERVISTA-DE-ZANNA.mp3\">https:\/\/www.radiopiu.net\/wordpress\/wp-content\/uploads\/2024\/07\/TX-COMPLETA-CON-INTERVISTA-DE-ZANNA.mp3<\/a><\/audio>\n<p>&nbsp;<\/p>\n<h2>LA RACCOLTA COMPLETA <a href=\"https:\/\/www.radiopiu.net\/wordpress\/coopcortinapun11\/\"><span style=\"color: #3366ff;\">CLICCA QUI<\/span><\/a><\/h2>\n<p>&nbsp;<\/p>\n<hr \/>\n<p>&nbsp;<\/p>\n<h2><span style=\"color: #993300;\">SE DESMONTEGHEA! CHE FINE SETTIMANA A FALCADE DA &#8220;TUTTO ESAURITO&#8221;<\/span><\/h2>\n<p><strong><a href=\"https:\/\/www.radiopiu.net\/wordpress\/wp-content\/uploads\/2024\/09\/desmonteghea.webp\"><img loading=\"lazy\" decoding=\"async\" class=\" wp-image-410673 alignleft\" src=\"https:\/\/www.radiopiu.net\/wordpress\/wp-content\/uploads\/2024\/09\/desmonteghea-300x200.webp\" alt=\"\" width=\"171\" height=\"114\" srcset=\"https:\/\/www.radiopiu.net\/wordpress\/wp-content\/uploads\/2024\/09\/desmonteghea-300x200.webp 300w, https:\/\/www.radiopiu.net\/wordpress\/wp-content\/uploads\/2024\/09\/desmonteghea-1024x683.webp 1024w, https:\/\/www.radiopiu.net\/wordpress\/wp-content\/uploads\/2024\/09\/desmonteghea-768x512.webp 768w, https:\/\/www.radiopiu.net\/wordpress\/wp-content\/uploads\/2024\/09\/desmonteghea-1536x1024.webp 1536w, https:\/\/www.radiopiu.net\/wordpress\/wp-content\/uploads\/2024\/09\/desmonteghea-2048x1366.webp 2048w\" sizes=\"auto, (max-width: 171px) 100vw, 171px\" \/><\/a>DI MIRKO MEZZACASA<\/strong><\/p>\n<p>OSPITI: Antonella Schena, Alessio Xaiz, Giacomo Paolin e Zaira De Ventura<\/p>\n<audio class=\"wp-audio-shortcode\" id=\"audio-411289-18\" preload=\"none\" style=\"width: 100%;\" controls=\"controls\"><source type=\"audio\/mpeg\" src=\"https:\/\/www.radiopiu.net\/wordpress\/wp-content\/uploads\/2024\/09\/se-demonteghea-falcade.mp3?_=18\" \/><a href=\"https:\/\/www.radiopiu.net\/wordpress\/wp-content\/uploads\/2024\/09\/se-demonteghea-falcade.mp3\">https:\/\/www.radiopiu.net\/wordpress\/wp-content\/uploads\/2024\/09\/se-demonteghea-falcade.mp3<\/a><\/audio>\n<p>&nbsp;<\/p>\n<p>&nbsp;<\/p>\n<hr \/>\n<p>&nbsp;<\/p>\n<blockquote>\n<h2><a class=\"dt-pswp-item\" href=\"https:\/\/www.radiopiu.net\/wordpress\/wp-content\/uploads\/2024\/09\/28bdb21e-f180-472d-af31-563faf9d341e.jpg\" data-dt-img-description=\"\" data-large_image_width=\"1131\" data-large_image_height=\"1600\"><img loading=\"lazy\" decoding=\"async\" class=\"wp-image-409980 alignleft\" src=\"https:\/\/www.radiopiu.net\/wordpress\/wp-content\/uploads\/2024\/09\/28bdb21e-f180-472d-af31-563faf9d341e-212x300.jpg\" alt=\"\" width=\"176\" height=\"249\" srcset=\"https:\/\/www.radiopiu.net\/wordpress\/wp-content\/uploads\/2024\/09\/28bdb21e-f180-472d-af31-563faf9d341e-212x300.jpg 212w, https:\/\/www.radiopiu.net\/wordpress\/wp-content\/uploads\/2024\/09\/28bdb21e-f180-472d-af31-563faf9d341e-724x1024.jpg 724w, https:\/\/www.radiopiu.net\/wordpress\/wp-content\/uploads\/2024\/09\/28bdb21e-f180-472d-af31-563faf9d341e-768x1086.jpg 768w, https:\/\/www.radiopiu.net\/wordpress\/wp-content\/uploads\/2024\/09\/28bdb21e-f180-472d-af31-563faf9d341e-1086x1536.jpg 1086w, https:\/\/www.radiopiu.net\/wordpress\/wp-content\/uploads\/2024\/09\/28bdb21e-f180-472d-af31-563faf9d341e.jpg 1131w\" sizes=\"auto, (max-width: 176px) 100vw, 176px\" \/><\/a><span style=\"color: #800080;\">45^ MOSTRA MERCATO A VILLA PATT DI SEDICO, CON LA PROLOCO IL 29 SETTEMBRE<\/span><\/h2>\n<\/blockquote>\n<p><strong>SEDICO<\/strong> Sar\u00e0 un&#8217;altra grande festa a fine mese a Villa Patt, con la Proloco di Sedico e i tanti appuntamenti nell&#8217;ambito delle Mostra Mercato che giunge alla 45edisione. Con Claudio Mezzavilla, presidente della Proloco parliamo dell&#8217;evento, ma anche dell&#8217;inaugurazione della panchina rossa in ricordo di Laura Forcellini e del concorso Balcone Fiorito con la collaborazione di Stefano De Paris del team Dolomiti Garden<\/p>\n<p><strong>AUDIO ospite Claudio Mezzavilla<\/strong><\/p>\n<p><strong>di mirko mezzacasa\u00a0<\/strong><\/p>\n<audio class=\"wp-audio-shortcode\" id=\"audio-411289-19\" preload=\"none\" style=\"width: 100%;\" controls=\"controls\"><source type=\"audio\/mpeg\" src=\"https:\/\/www.radiopiu.net\/wordpress\/wp-content\/uploads\/2024\/09\/CLAUDIO-MEZZAVILLA.mp3?_=19\" \/><a href=\"https:\/\/www.radiopiu.net\/wordpress\/wp-content\/uploads\/2024\/09\/CLAUDIO-MEZZAVILLA.mp3\">https:\/\/www.radiopiu.net\/wordpress\/wp-content\/uploads\/2024\/09\/CLAUDIO-MEZZAVILLA.mp3<\/a><\/audio>\n<p>&nbsp;<\/p>\n<p>&nbsp;<\/p>\n<hr \/>\n<p>&nbsp;<\/p>\n<h2><span style=\"color: #ffcc00;\">A BELLUNO IOGIOCO FESTIVAL, LA SECONDA EDIZIONE<\/span><\/h2>\n<p><strong><a class=\"dt-pswp-item\" href=\"https:\/\/www.radiopiu.net\/wordpress\/wp-content\/uploads\/2024\/09\/94df7af5-4676-4fca-af5c-d2b1f34f9efc-1.jpg\" data-dt-img-description=\"\" data-large_image_width=\"1600\" data-large_image_height=\"900\"><img loading=\"lazy\" decoding=\"async\" class=\" wp-image-410757 alignleft\" src=\"https:\/\/www.radiopiu.net\/wordpress\/wp-content\/uploads\/2024\/09\/94df7af5-4676-4fca-af5c-d2b1f34f9efc-1-300x169.jpg\" alt=\"\" width=\"213\" height=\"120\" srcset=\"https:\/\/www.radiopiu.net\/wordpress\/wp-content\/uploads\/2024\/09\/94df7af5-4676-4fca-af5c-d2b1f34f9efc-1-300x169.jpg 300w, https:\/\/www.radiopiu.net\/wordpress\/wp-content\/uploads\/2024\/09\/94df7af5-4676-4fca-af5c-d2b1f34f9efc-1-1024x576.jpg 1024w, https:\/\/www.radiopiu.net\/wordpress\/wp-content\/uploads\/2024\/09\/94df7af5-4676-4fca-af5c-d2b1f34f9efc-1-768x432.jpg 768w, https:\/\/www.radiopiu.net\/wordpress\/wp-content\/uploads\/2024\/09\/94df7af5-4676-4fca-af5c-d2b1f34f9efc-1-1536x864.jpg 1536w, https:\/\/www.radiopiu.net\/wordpress\/wp-content\/uploads\/2024\/09\/94df7af5-4676-4fca-af5c-d2b1f34f9efc-1.jpg 1600w\" sizes=\"auto, (max-width: 213px) 100vw, 213px\" \/><\/a>DI MIRKO MEZZACASA<\/strong><\/p>\n<p>OSPITI: Andrea Caldart e Daniele Giaffredo<\/p>\n<audio class=\"wp-audio-shortcode\" id=\"audio-411289-20\" preload=\"none\" style=\"width: 100%;\" controls=\"controls\"><source type=\"audio\/mpeg\" src=\"https:\/\/www.radiopiu.net\/wordpress\/wp-content\/uploads\/2024\/09\/andrea-caldart-daniele-giaffredp.mp3?_=20\" \/><a href=\"https:\/\/www.radiopiu.net\/wordpress\/wp-content\/uploads\/2024\/09\/andrea-caldart-daniele-giaffredp.mp3\">https:\/\/www.radiopiu.net\/wordpress\/wp-content\/uploads\/2024\/09\/andrea-caldart-daniele-giaffredp.mp3<\/a><\/audio>\n<div>\n<blockquote>\n<h2><strong><em>\u00a0<\/em><\/strong><\/h2>\n<\/blockquote>\n<p>&nbsp;<\/p>\n<\/div>\n<div><\/div>\n<hr \/>\n<p>&nbsp;<\/p>\n<h3>LA MOSTRA DI HANS HAACKE A BELLUNO FINO AL 29 SETTEMBRE<\/h3>\n<p><a class=\"dt-pswp-item\" href=\"https:\/\/www.radiopiu.net\/wordpress\/wp-content\/uploads\/2024\/09\/SCR-20240908-ophz.jpeg\" data-dt-img-description=\"Screenshot\" data-large_image_width=\"1254\" data-large_image_height=\"932\"><img loading=\"lazy\" decoding=\"async\" class=\"wp-image-408564 alignleft\" src=\"https:\/\/www.radiopiu.net\/wordpress\/wp-content\/uploads\/2024\/09\/SCR-20240908-ophz-300x223.jpeg\" alt=\"\" width=\"161\" height=\"120\" srcset=\"https:\/\/www.radiopiu.net\/wordpress\/wp-content\/uploads\/2024\/09\/SCR-20240908-ophz-300x223.jpeg 300w, https:\/\/www.radiopiu.net\/wordpress\/wp-content\/uploads\/2024\/09\/SCR-20240908-ophz-1024x761.jpeg 1024w, https:\/\/www.radiopiu.net\/wordpress\/wp-content\/uploads\/2024\/09\/SCR-20240908-ophz-768x571.jpeg 768w, https:\/\/www.radiopiu.net\/wordpress\/wp-content\/uploads\/2024\/09\/SCR-20240908-ophz.jpeg 1254w\" sizes=\"auto, (max-width: 161px) 100vw, 161px\" \/><\/a><strong>BELLUNO<\/strong><\/p>\n<p>DI ROBERTO BONA<\/p>\n<audio class=\"wp-audio-shortcode\" id=\"audio-411289-21\" preload=\"none\" style=\"width: 100%;\" controls=\"controls\"><source type=\"audio\/mpeg\" src=\"https:\/\/www.radiopiu.net\/wordpress\/wp-content\/uploads\/2024\/09\/BONA-MOSTRA-BELLUNO-SCADE-29-SETTEMBRE.mp3?_=21\" \/><a href=\"https:\/\/www.radiopiu.net\/wordpress\/wp-content\/uploads\/2024\/09\/BONA-MOSTRA-BELLUNO-SCADE-29-SETTEMBRE.mp3\">https:\/\/www.radiopiu.net\/wordpress\/wp-content\/uploads\/2024\/09\/BONA-MOSTRA-BELLUNO-SCADE-29-SETTEMBRE.mp3<\/a><\/audio>\n<p>&nbsp;<\/p>\n<p>&nbsp;<\/p>\n<hr \/>\n<p>&nbsp;<\/p>\n<h2><span style=\"color: #ff0000;\"><a class=\"dt-pswp-item\" href=\"https:\/\/www.radiopiu.net\/wordpress\/wp-content\/uploads\/2018\/09\/appuntamenti.jpeg\" data-dt-img-description=\"\" data-large_image_width=\"800\" data-large_image_height=\"100\"><img loading=\"lazy\" decoding=\"async\" class=\"wp-image-61958 size-full aligncenter\" src=\"https:\/\/www.radiopiu.net\/wordpress\/wp-content\/uploads\/2018\/09\/appuntamenti.jpeg\" alt=\"\" width=\"800\" height=\"100\" srcset=\"https:\/\/www.radiopiu.net\/wordpress\/wp-content\/uploads\/2018\/09\/appuntamenti.jpeg 800w, https:\/\/www.radiopiu.net\/wordpress\/wp-content\/uploads\/2018\/09\/appuntamenti-300x38.jpeg 300w, https:\/\/www.radiopiu.net\/wordpress\/wp-content\/uploads\/2018\/09\/appuntamenti-768x96.jpeg 768w\" sizes=\"auto, (max-width: 800px) 100vw, 800px\" \/><\/a><\/span><\/h2>\n<p>&nbsp;<\/p>\n<div>\n<div class=\"\" dir=\"auto\">\n<div id=\":r9h:\" class=\"x1iorvi4 x1pi30zi x1l90r2v x1swvt13\" data-ad-comet-preview=\"message\" data-ad-preview=\"message\">\n\n\t\t\t<style type='text\/css'>\n\t\t\t\t#gallery-1 {\n\t\t\t\t\tmargin: auto;\n\t\t\t\t}\n\t\t\t\t#gallery-1 .gallery-item {\n\t\t\t\t\tfloat: left;\n\t\t\t\t\tmargin-top: 10px;\n\t\t\t\t\ttext-align: center;\n\t\t\t\t\twidth: 25%;\n\t\t\t\t}\n\t\t\t\t#gallery-1 img {\n\t\t\t\t\tborder: 2px solid #cfcfcf;\n\t\t\t\t}\n\t\t\t\t#gallery-1 .gallery-caption {\n\t\t\t\t\tmargin-left: 0;\n\t\t\t\t}\n\t\t\t\t\/* see gallery_shortcode() in wp-includes\/media.php *\/\n\t\t\t<\/style>\n\t\t<div id='gallery-1' class='dt-gallery-container gallery galleryid-411289 gallery-columns-4 gallery-size-thumbnail'><dl class='gallery-item'>\n\t\t\t\t<dt class='gallery-icon portrait'>\n\t\t\t\t\t<a class=\"rollover rollover-zoom dt-pswp-item\" title=\"307955a4-5cbf-4d8a-9b25-3b23cfb48055\" data-dt-img-description=\"\" data-large_image_width=\"904\" data-large_image_height=\"1280\"href='https:\/\/www.radiopiu.net\/wordpress\/wp-content\/uploads\/2024\/09\/307955a4-5cbf-4d8a-9b25-3b23cfb48055.jpg'><img loading=\"lazy\" decoding=\"async\" width=\"150\" height=\"150\" src=\"https:\/\/www.radiopiu.net\/wordpress\/wp-content\/uploads\/2024\/09\/307955a4-5cbf-4d8a-9b25-3b23cfb48055-150x150.jpg\" class=\"attachment-thumbnail size-thumbnail\" alt=\"\" \/><\/a>\n\t\t\t\t<\/dt><\/dl><dl class='gallery-item'>\n\t\t\t\t<dt class='gallery-icon portrait'>\n\t\t\t\t\t<a class=\"rollover rollover-zoom dt-pswp-item\" title=\"LOC_A3_MOSTRA-RADIO_CMVI\" data-dt-img-description=\"\" data-large_image_width=\"1816\" data-large_image_height=\"2560\"href='https:\/\/www.radiopiu.net\/wordpress\/wp-content\/uploads\/2024\/08\/LOC_A3_MOSTRA-RADIO_CMVI-scaled.jpg'><img loading=\"lazy\" decoding=\"async\" width=\"150\" height=\"150\" src=\"https:\/\/www.radiopiu.net\/wordpress\/wp-content\/uploads\/2024\/08\/LOC_A3_MOSTRA-RADIO_CMVI-150x150.jpg\" class=\"attachment-thumbnail size-thumbnail\" alt=\"\" aria-describedby=\"gallery-1-403450\" \/><\/a>\n\t\t\t\t<\/dt>\n\t\t\t\t\t<dd class='wp-caption-text gallery-caption' id='gallery-1-403450'>\n\t\t\t\t\tLA MOSTRA DELLE RADIO IN VALLE IMPERINA\n\t\t\t\t\t<\/dd><\/dl><dl class='gallery-item'>\n\t\t\t\t<dt class='gallery-icon portrait'>\n\t\t\t\t\t<a class=\"rollover rollover-zoom dt-pswp-item\" title=\"WhatsApp Image 2024-08-29 at 15.33.03\" data-dt-img-description=\"\" data-large_image_width=\"1131\" data-large_image_height=\"1600\"href='https:\/\/www.radiopiu.net\/wordpress\/wp-content\/uploads\/2024\/09\/WhatsApp-Image-2024-08-29-at-15.33.03.jpeg'><img loading=\"lazy\" decoding=\"async\" width=\"150\" height=\"150\" src=\"https:\/\/www.radiopiu.net\/wordpress\/wp-content\/uploads\/2024\/09\/WhatsApp-Image-2024-08-29-at-15.33.03-150x150.jpeg\" class=\"attachment-thumbnail size-thumbnail\" alt=\"\" aria-describedby=\"gallery-1-408070\" \/><\/a>\n\t\t\t\t<\/dt>\n\t\t\t\t\t<dd class='wp-caption-text gallery-caption' id='gallery-1-408070'>\n\t\t\t\t\tFESTA DELLA BIRRA A GOSALDO\n\t\t\t\t\t<\/dd><\/dl><dl class='gallery-item'>\n\t\t\t\t<dt class='gallery-icon portrait'>\n\t\t\t\t\t<a class=\"rollover rollover-zoom dt-pswp-item\" title=\"03efb118-d97d-457e-b9cc-b1da6a42649b\" data-dt-img-description=\"\" data-large_image_width=\"905\" data-large_image_height=\"1280\"href='https:\/\/www.radiopiu.net\/wordpress\/wp-content\/uploads\/2024\/09\/03efb118-d97d-457e-b9cc-b1da6a42649b.jpg'><img loading=\"lazy\" decoding=\"async\" width=\"150\" height=\"150\" src=\"https:\/\/www.radiopiu.net\/wordpress\/wp-content\/uploads\/2024\/09\/03efb118-d97d-457e-b9cc-b1da6a42649b-150x150.jpg\" class=\"attachment-thumbnail size-thumbnail\" alt=\"\" aria-describedby=\"gallery-1-408383\" \/><\/a>\n\t\t\t\t<\/dt>\n\t\t\t\t\t<dd class='wp-caption-text gallery-caption' id='gallery-1-408383'>\n\t\t\t\t\tA OTTOBRE A VOLTAGO\n\t\t\t\t\t<\/dd><\/dl><br style=\"clear: both\" \/><dl class='gallery-item'>\n\t\t\t\t<dt class='gallery-icon portrait'>\n\t\t\t\t\t<a class=\"rollover rollover-zoom dt-pswp-item\" title=\"b69bb19f-4dff-44b8-8f0f-7b20d47f34a5\" data-dt-img-description=\"\" data-large_image_width=\"1133\" data-large_image_height=\"1600\"href='https:\/\/www.radiopiu.net\/wordpress\/wp-content\/uploads\/2024\/09\/b69bb19f-4dff-44b8-8f0f-7b20d47f34a5.jpg'><img loading=\"lazy\" decoding=\"async\" width=\"150\" height=\"150\" src=\"https:\/\/www.radiopiu.net\/wordpress\/wp-content\/uploads\/2024\/09\/b69bb19f-4dff-44b8-8f0f-7b20d47f34a5-150x150.jpg\" class=\"attachment-thumbnail size-thumbnail\" alt=\"\" aria-describedby=\"gallery-1-408941\" \/><\/a>\n\t\t\t\t<\/dt>\n\t\t\t\t\t<dd class='wp-caption-text gallery-caption' id='gallery-1-408941'>\n\t\t\t\t\tA FALCADE A FINE MESE\n\t\t\t\t\t<\/dd><\/dl><dl class='gallery-item'>\n\t\t\t\t<dt class='gallery-icon portrait'>\n\t\t\t\t\t<a class=\"rollover rollover-zoom dt-pswp-item\" title=\"Manifesto de El d\u00ec del Trator\" data-dt-img-description=\"\" data-large_image_width=\"1144\" data-large_image_height=\"1600\"href='https:\/\/www.radiopiu.net\/wordpress\/wp-content\/uploads\/2024\/09\/Manifesto-de-El-di-del-Trator.jpeg'><img loading=\"lazy\" decoding=\"async\" width=\"150\" height=\"150\" src=\"https:\/\/www.radiopiu.net\/wordpress\/wp-content\/uploads\/2024\/09\/Manifesto-de-El-di-del-Trator-150x150.jpeg\" class=\"attachment-thumbnail size-thumbnail\" alt=\"\" aria-describedby=\"gallery-1-410274\" \/><\/a>\n\t\t\t\t<\/dt>\n\t\t\t\t\t<dd class='wp-caption-text gallery-caption' id='gallery-1-410274'>\n\t\t\t\t\tIL 6 OTTOBRE A CANALE D&#8217;AGORDO\n\t\t\t\t\t<\/dd><\/dl><dl class='gallery-item'>\n\t\t\t\t<dt class='gallery-icon portrait'>\n\t\t\t\t\t<a class=\"rollover rollover-zoom dt-pswp-item\" title=\"Screenshot\" data-dt-img-description=\"\" data-large_image_width=\"1714\" data-large_image_height=\"1792\"href='https:\/\/www.radiopiu.net\/wordpress\/wp-content\/uploads\/2024\/09\/SCR-20240921-onob.jpeg'><img loading=\"lazy\" decoding=\"async\" width=\"150\" height=\"150\" src=\"https:\/\/www.radiopiu.net\/wordpress\/wp-content\/uploads\/2024\/09\/SCR-20240921-onob-150x150.jpeg\" class=\"attachment-thumbnail size-thumbnail\" alt=\"\" aria-describedby=\"gallery-1-410438\" \/><\/a>\n\t\t\t\t<\/dt>\n\t\t\t\t\t<dd class='wp-caption-text gallery-caption' id='gallery-1-410438'>\n\t\t\t\t\tSABATO AD AGORDO\n\t\t\t\t\t<\/dd><\/dl><dl class='gallery-item'>\n\t\t\t\t<dt class='gallery-icon portrait'>\n\t\t\t\t\t<a class=\"rollover rollover-zoom dt-pswp-item\" title=\"5 ottobre\" data-dt-img-description=\"\" data-large_image_width=\"1754\" data-large_image_height=\"2480\"href='https:\/\/www.radiopiu.net\/wordpress\/wp-content\/uploads\/2024\/09\/5-ottobre.jpg'><img loading=\"lazy\" decoding=\"async\" width=\"150\" height=\"150\" src=\"https:\/\/www.radiopiu.net\/wordpress\/wp-content\/uploads\/2024\/09\/5-ottobre-150x150.jpg\" class=\"attachment-thumbnail size-thumbnail\" alt=\"\" aria-describedby=\"gallery-1-410439\" \/><\/a>\n\t\t\t\t<\/dt>\n\t\t\t\t\t<dd class='wp-caption-text gallery-caption' id='gallery-1-410439'>\n\t\t\t\t\tAD ARSON DI FELTRE\n\t\t\t\t\t<\/dd><\/dl><br style=\"clear: both\" \/><dl class='gallery-item'>\n\t\t\t\t<dt class='gallery-icon portrait'>\n\t\t\t\t\t<a class=\"rollover rollover-zoom dt-pswp-item\" title=\"f6f8dc5c-bd68-47ad-9316-164858085c3f\" data-dt-img-description=\"\" data-large_image_width=\"754\" data-large_image_height=\"1600\"href='https:\/\/www.radiopiu.net\/wordpress\/wp-content\/uploads\/2024\/09\/f6f8dc5c-bd68-47ad-9316-164858085c3f.jpg'><img loading=\"lazy\" decoding=\"async\" width=\"150\" height=\"150\" src=\"https:\/\/www.radiopiu.net\/wordpress\/wp-content\/uploads\/2024\/09\/f6f8dc5c-bd68-47ad-9316-164858085c3f-150x150.jpg\" class=\"attachment-thumbnail size-thumbnail\" alt=\"\" aria-describedby=\"gallery-1-410886\" \/><\/a>\n\t\t\t\t<\/dt>\n\t\t\t\t\t<dd class='wp-caption-text gallery-caption' id='gallery-1-410886'>\n\t\t\t\t\tIL PRIMO APPUNTAMENTO CON L&#8217;UNIVERSITA&#8217; DEGLI ANZIANI DI AGORDO\n\t\t\t\t\t<\/dd><\/dl><dl class='gallery-item'>\n\t\t\t\t<dt class='gallery-icon portrait'>\n\t\t\t\t\t<a class=\"rollover rollover-zoom dt-pswp-item\" title=\"Programma maratona 4 ottobre 2024\" data-dt-img-description=\"\" data-large_image_width=\"1240\" data-large_image_height=\"1754\"href='https:\/\/www.radiopiu.net\/wordpress\/wp-content\/uploads\/2024\/09\/Programma-maratona-4-ottobre-2024.jpg'><img loading=\"lazy\" decoding=\"async\" width=\"150\" height=\"150\" src=\"https:\/\/www.radiopiu.net\/wordpress\/wp-content\/uploads\/2024\/09\/Programma-maratona-4-ottobre-2024-150x150.jpg\" class=\"attachment-thumbnail size-thumbnail\" alt=\"\" aria-describedby=\"gallery-1-411337\" \/><\/a>\n\t\t\t\t<\/dt>\n\t\t\t\t\t<dd class='wp-caption-text gallery-caption' id='gallery-1-411337'>\n\t\t\t\t\tMARATONA DI LETTURA A LIMANA\n\t\t\t\t\t<\/dd><\/dl><dl class='gallery-item'>\n\t\t\t\t<dt class='gallery-icon portrait'>\n\t\t\t\t\t<a class=\"rollover rollover-zoom dt-pswp-item\" title=\"Senza nome\" data-dt-img-description=\"\" data-large_image_width=\"522\" data-large_image_height=\"733\"href='https:\/\/www.radiopiu.net\/wordpress\/wp-content\/uploads\/2024\/09\/Senza-nome-71.png'><img loading=\"lazy\" decoding=\"async\" width=\"150\" height=\"150\" src=\"https:\/\/www.radiopiu.net\/wordpress\/wp-content\/uploads\/2024\/09\/Senza-nome-71-150x150.png\" class=\"attachment-thumbnail size-thumbnail\" alt=\"\" \/><\/a>\n\t\t\t\t<\/dt><\/dl><dl class='gallery-item'>\n\t\t\t\t<dt class='gallery-icon portrait'>\n\t\t\t\t\t<a class=\"rollover rollover-zoom dt-pswp-item\" title=\"5b052f08-8f41-41bb-a25b-c6ecf9e897b2\" data-dt-img-description=\"\" data-large_image_width=\"1013\" data-large_image_height=\"1431\"href='https:\/\/www.radiopiu.net\/wordpress\/wp-content\/uploads\/2024\/09\/5b052f08-8f41-41bb-a25b-c6ecf9e897b2.jpg'><img loading=\"lazy\" decoding=\"async\" width=\"150\" height=\"150\" src=\"https:\/\/www.radiopiu.net\/wordpress\/wp-content\/uploads\/2024\/09\/5b052f08-8f41-41bb-a25b-c6ecf9e897b2-150x150.jpg\" class=\"attachment-thumbnail size-thumbnail\" alt=\"\" \/><\/a>\n\t\t\t\t<\/dt><\/dl><br style=\"clear: both\" \/>\n\t\t\t<\/div>\n\n<p>&nbsp;<\/p>\n<hr \/>\n<p>&nbsp;<\/p>\n<p>&nbsp;<\/p>\n<blockquote class=\"wp-embedded-content\" data-secret=\"jupt9aCU8e\"><p><a href=\"https:\/\/www.radiopiu.net\/wordpress\/n-di-parom-l-almanach-de-la-nosta-jent-raccolta-completa\/\">N di parom &#8211; L Almanach de la nosta jent RACCOLTA COMPLETA<\/a><\/p><\/blockquote>\n<p><iframe loading=\"lazy\" class=\"wp-embedded-content\" sandbox=\"allow-scripts\" security=\"restricted\" style=\"position: absolute; visibility: hidden;\" title=\"&#8220;N di parom &#8211; L Almanach de la nosta jent RACCOLTA COMPLETA&#8221; &#8212; Radio Pi\u00f9\" src=\"https:\/\/www.radiopiu.net\/wordpress\/n-di-parom-l-almanach-de-la-nosta-jent-raccolta-completa\/embed\/#?secret=3OCNEtvStH#?secret=jupt9aCU8e\" data-secret=\"jupt9aCU8e\" width=\"600\" height=\"338\" frameborder=\"0\" marginwidth=\"0\" marginheight=\"0\" scrolling=\"no\"><\/iframe><\/p>\n<blockquote class=\"wp-embedded-content\" data-secret=\"IODEvvLcvv\"><p><a href=\"https:\/\/www.radiopiu.net\/wordpress\/pirole-de-lenga-la-parola-del-giorno-a-cura-del-musla-raccolta-completa\/\">PIROLE DE LENGA&#8230; LA PAROLA DEL GIORNO A CURA DEL MUSLA -raccolta completa &#8211;<\/a><\/p><\/blockquote>\n<p><iframe loading=\"lazy\" class=\"wp-embedded-content\" sandbox=\"allow-scripts\" security=\"restricted\" style=\"position: absolute; visibility: hidden;\" title=\"&#8220;PIROLE DE LENGA&#8230; LA PAROLA DEL GIORNO A CURA DEL MUSLA -raccolta completa &#8211;&#8221; &#8212; Radio Pi\u00f9\" src=\"https:\/\/www.radiopiu.net\/wordpress\/pirole-de-lenga-la-parola-del-giorno-a-cura-del-musla-raccolta-completa\/embed\/#?secret=C5aNvpX51M#?secret=IODEvvLcvv\" data-secret=\"IODEvvLcvv\" width=\"600\" height=\"338\" frameborder=\"0\" marginwidth=\"0\" marginheight=\"0\" scrolling=\"no\"><\/iframe><\/p>\n<blockquote class=\"wp-embedded-content\" data-secret=\"K71qQJxCVe\"><p><a href=\"https:\/\/www.radiopiu.net\/wordpress\/set5a\/\">EL BAL DEL FIOR, DETTI E MODI DI DIRE  LA RACCOLTA COMPLETA<\/a><\/p><\/blockquote>\n<p><iframe loading=\"lazy\" class=\"wp-embedded-content\" sandbox=\"allow-scripts\" security=\"restricted\" style=\"position: absolute; visibility: hidden;\" title=\"&#8220;EL BAL DEL FIOR, DETTI E MODI DI DIRE  LA RACCOLTA COMPLETA&#8221; &#8212; Radio Pi\u00f9\" src=\"https:\/\/www.radiopiu.net\/wordpress\/set5a\/embed\/#?secret=4Hfa0nIyqv#?secret=K71qQJxCVe\" data-secret=\"K71qQJxCVe\" width=\"600\" height=\"338\" frameborder=\"0\" marginwidth=\"0\" marginheight=\"0\" scrolling=\"no\"><\/iframe><\/p>\n<p>&nbsp;<\/p>\n<hr \/>\n<p>&nbsp;<\/p>\n<\/div>\n<\/div>\n<\/div>\n<p><a class=\"dt-pswp-item\" href=\"https:\/\/www.radiopiu.net\/wordpress\/wp-content\/uploads\/2018\/09\/WhatsApp-Image-2018-09-20-at-16.04.06.jpeg\" data-dt-img-description=\"\" data-large_image_width=\"800\" data-large_image_height=\"100\"><img loading=\"lazy\" decoding=\"async\" class=\"wp-image-61378 size-full aligncenter\" src=\"https:\/\/www.radiopiu.net\/wordpress\/wp-content\/uploads\/2018\/09\/WhatsApp-Image-2018-09-20-at-16.04.06.jpeg\" alt=\"\" width=\"800\" height=\"100\" srcset=\"https:\/\/www.radiopiu.net\/wordpress\/wp-content\/uploads\/2018\/09\/WhatsApp-Image-2018-09-20-at-16.04.06.jpeg 800w, https:\/\/www.radiopiu.net\/wordpress\/wp-content\/uploads\/2018\/09\/WhatsApp-Image-2018-09-20-at-16.04.06-300x38.jpeg 300w, https:\/\/www.radiopiu.net\/wordpress\/wp-content\/uploads\/2018\/09\/WhatsApp-Image-2018-09-20-at-16.04.06-768x96.jpeg 768w\" sizes=\"auto, (max-width: 800px) 100vw, 800px\" \/><\/a><\/p>\n<p><center><\/center><b>\u00a0<\/b><\/p>\n<p><b>OGGI <\/b>Al mattino tempo ancora variabile e a tratti instabile con nuvolosit\u00e0 irregolare associata e qualche fenomeno; nel corso del pomeriggio\/sera parziali schiarite con scarsi fenomeni perlpi\u00f9 locali. <strong>Precipitazioni.<\/strong> Al mattino probabilit\u00e0 medio-alta di fenomeni sparsi anche a tratti diffusi soprattutto sulle Dolomiti settentrionali anche con qualche rovescio; dal pomeriggio inizialmente probabilit\u00e0 medio-bassa per fenomeni modesti\/intermittenti, sparsi\/locali fino a divenire assenti specie verso sera e nella notte. <strong>Temperature.<\/strong> In calo anche sensibile, specie le minime e misurate a fine giornata a tutte le quote; le massime in quota in molte zone saranno misurate nelle prime ore. Escursione termica giornaliera ancora piuttosto modesta.<\/p>\n<hr \/>\n<p><strong>DOMANI<\/strong> Tempo stabile e soleggiato con ottima visibilit\u00e0 soprattutto in quota e al mattino, mentre nelle valli nelle ore fredde saranno possibili delle modeste formazioni di nubi basse in rapido dissolvimento dopo l&#8217;alba. Nel corso della giornata probabili formazioni di modesti e innocui cumuli limitati per\u00f2 alle cime dolomitiche. <strong>Precipitazioni.<\/strong> Al mattino assenti nel pomeriggio non escluso qualche piovasco <strong>Temperature.<\/strong> Minime in contenuta diminuzione. massime in lieve o contenuto aumento nelle valli, pressoch\u00e8 stazionarie o in lieve calo in alta montagna, su valori inferiori alla norma, salvo qualche aumento delle massime nelle valli.<\/p>\n<hr \/>\n<p><strong>LUNEDI<\/strong> Ancora tempo stabile ma poco soleggiato per la presenza di nuvolosit\u00e0 irregolare stratiforme medio-alta, pi\u00f9 significativa sulle zone prealpine, associata alle formazione di nubi basse in alcune valli prealpine nelle ore fredde; possibile qualche schiarita nel corso della giornata. Temperature minime in aumento, massime in calo nelle valli, in leggera ripresa in alta montagna.<\/p>\n<hr \/>\n<p><strong>MARTEDI<\/strong>\u00a0Cielo irregolarmente nuvoloso per transito di nubi medio-alte con fenomeni assenti per gran parte della giornata mentre verso sera non \u00e8 del tutto esclusa qualche modesta precipitazione da locale a sparsa. Temperature minime stazionarie o in leggero calo, massime in lieve aumento.<\/p>\n<p>&nbsp;<\/p>\n<hr \/>\n<p>&nbsp;<\/p>\n<p><a class=\"dt-pswp-item\" href=\"https:\/\/www.radiopiu.net\/wordpress\/wp-content\/uploads\/2018\/09\/sport.jpg\" data-dt-img-description=\"\" data-large_image_width=\"800\" data-large_image_height=\"100\"><img loading=\"lazy\" decoding=\"async\" class=\"aligncenter wp-image-60761 size-full\" src=\"https:\/\/www.radiopiu.net\/wordpress\/wp-content\/uploads\/2018\/09\/sport.jpg\" alt=\"\" width=\"800\" height=\"100\" srcset=\"https:\/\/www.radiopiu.net\/wordpress\/wp-content\/uploads\/2018\/09\/sport.jpg 800w, https:\/\/www.radiopiu.net\/wordpress\/wp-content\/uploads\/2018\/09\/sport-300x38.jpg 300w, https:\/\/www.radiopiu.net\/wordpress\/wp-content\/uploads\/2018\/09\/sport-768x96.jpg 768w\" sizes=\"auto, (max-width: 800px) 100vw, 800px\" \/>\u00a0<\/a><\/p>\n<p><span style=\"color: #0000ff;\"><strong>HOCKEY SU GHIACCIO<\/strong><\/span><\/p>\n<blockquote>\n<h3>ALLEGHE IN TRASFERTA NELLA TANA DELLE LINCI<\/h3>\n<\/blockquote>\n<p><strong><a class=\"dt-pswp-item\" href=\"https:\/\/www.radiopiu.net\/wordpress\/wp-content\/uploads\/2024\/09\/17bc7e0f-1a27-4d43-8469-ce70b3a120db.jpg\" data-dt-img-description=\"\" data-large_image_width=\"940\" data-large_image_height=\"517\"><img loading=\"lazy\" decoding=\"async\" class=\" wp-image-411297 alignleft\" src=\"https:\/\/www.radiopiu.net\/wordpress\/wp-content\/uploads\/2024\/09\/17bc7e0f-1a27-4d43-8469-ce70b3a120db-300x165.jpg\" alt=\"\" width=\"202\" height=\"111\" srcset=\"https:\/\/www.radiopiu.net\/wordpress\/wp-content\/uploads\/2024\/09\/17bc7e0f-1a27-4d43-8469-ce70b3a120db-300x165.jpg 300w, https:\/\/www.radiopiu.net\/wordpress\/wp-content\/uploads\/2024\/09\/17bc7e0f-1a27-4d43-8469-ce70b3a120db-768x422.jpg 768w, https:\/\/www.radiopiu.net\/wordpress\/wp-content\/uploads\/2024\/09\/17bc7e0f-1a27-4d43-8469-ce70b3a120db.jpg 940w\" sizes=\"auto, (max-width: 202px) 100vw, 202px\" \/><\/a>DI ROBERTO MIANA, PORTAVOCE DELL&#8217;ALLEGHE HOCKEY<\/strong><\/p>\n<p>Terza giornata del campionato IHL di hockey su ghiaccio, con l\u2019Alleghe che Sabato 28 settembre alle 18:45 gioca a Pergine Valsugana. Le Civette tornano sul ghiaccio dopo aver osservato il turno di riposo infrasettimanale valevole per la seconda giornata di campionato. Alla prima giornata, i ragazzi di coach Surenkin sono usciti sconfitti 0-4 dal ghiaccio di Caldaro, match nel quale dopo un buon primo tempo con la porta inviolata, nel secondo parziale hanno subito tre marcature dei padroni di casa che hanno indirizzato l\u2019incontro (doppietta dell\u2019ex Andreas Vinatzer), prima che i Lucci la chiudessero definitivamente nel terzo periodo con la quarta rete. La gara, comunque, lascia ben sperare i biancorossi che, escluso il secondo tempo, hanno tenuto bene il ghiaccio contro probabilmente la miglior squadra del torneo e tra le principali candidate al titolo. Il Pergine campione d\u2019Italia, prossimo avversario degli alleghesi, \u00e8 secondo in classifica dopo due giornate, alle spalle delle capoliste Caldaro e Aosta. Le Linci si sono dimostrate gi\u00e0 in buona forma strapazzando alla prima giornata il Como sul ghiaccio amico con un perentorio 14-2 e gioved\u00ec sera strappando il successo in trasferta a Bressanone 4-3 agli shootout. Nei 31 precedenti giocati in IHL tra Alleghe e Pergine, le Civette hanno vinto 14 gare contro le 16 affermazioni delle Linci e un pareggio. L\u2019ultima delle sei vittorie alleghesi alla Sapiens Arena di Pergine \u00e8 il 3-2 ottenuto agli shootout il 15 gennaio 2022.<\/p>\n<p><strong>HOCKEY PERGINE SAPIENS &#8211; ALLEGHE HOCKEY <\/strong>Sabato 28 Settembre ore 18:45 &#8211; Sapiens Arena di Pergine (Tn). Collegamenti in DIRETTA RADIOFONICA su Radio Pi\u00f9 (www.radiopiu.net) con \u201chockey al punto giusto\u201d, in studio Marco Gaz e da Pergine interventi di Federico Paganin<\/p>\n<p>&nbsp;<\/p>\n<p><span style=\"color: #0000ff;\"><strong>CALCIO<\/strong><\/span><\/p>\n<blockquote>\n<h3>FINE SETTIMANA IMPEGNATIVO PER L&#8217;AGORDINA CALCIO<\/h3>\n<\/blockquote>\n<p><strong><a class=\"dt-pswp-item\" href=\"https:\/\/www.radiopiu.net\/wordpress\/wp-content\/uploads\/2023\/11\/calcio.jpg\" data-dt-img-description=\"\" data-large_image_width=\"1280\" data-large_image_height=\"853\"><img loading=\"lazy\" decoding=\"async\" class=\" wp-image-360218 alignleft\" src=\"https:\/\/www.radiopiu.net\/wordpress\/wp-content\/uploads\/2023\/11\/calcio-300x200.jpg\" alt=\"\" width=\"159\" height=\"106\" srcset=\"https:\/\/www.radiopiu.net\/wordpress\/wp-content\/uploads\/2023\/11\/calcio-300x200.jpg 300w, https:\/\/www.radiopiu.net\/wordpress\/wp-content\/uploads\/2023\/11\/calcio-1024x682.jpg 1024w, https:\/\/www.radiopiu.net\/wordpress\/wp-content\/uploads\/2023\/11\/calcio-768x512.jpg 768w, https:\/\/www.radiopiu.net\/wordpress\/wp-content\/uploads\/2023\/11\/calcio.jpg 1280w\" sizes=\"auto, (max-width: 159px) 100vw, 159px\" \/><\/a>DI MARCO GAZ<\/strong><\/p>\n<p>Terzo fine settimana calcistico per l\u2019Agordina Calcio che con le sue squadre partecipa ai campionati LND provinciali. A partire da questa settimana la societ\u00e0 sar\u00e0 impegnata con tutte le sue formazioni, dalla Terza Categoria alla categoria Giovanissimi. Ad aprire le danze saranno le due squadre pi\u00f9 giovani. Oggi alle 16 inizia il campionato Giovanissimi e la compagine di Agordo si presenta con due squadre. La squadra A giocher\u00e0 in casa contro la Juventina mentre la squadra B in trasferta con il Cadore. Domani mattina sar\u00e0 il turno della categoria Allievi con i ragazzi dell\u2019Agordina che giocheranno in casa contro il Domegge. Turno di riposo come esordio della Juniores. Domani pomeriggio terza giornata della Terza Categoria con l\u2019Agordina di Elvio Chiea chiamata ad una prova difficile contro la capolista Tambre. Agordini che, dopo la bella vittoria di sette giorni fa con il Valboite per 7 a 0, giocheranno in trasferta e cercheranno di mettere il bastone tra le ruote agli avversari.<\/p>\n<p>&nbsp;<\/p>\n<p><span style=\"color: #0000ff;\"><strong>PALLAVOLO<\/strong><\/span><\/p>\n<blockquote>\n<h3>TERZO TEST MATCH PER IL BELLUNO VOLLEY<\/h3>\n<\/blockquote>\n<p><a class=\"dt-pswp-item\" href=\"https:\/\/www.radiopiu.net\/wordpress\/wp-content\/uploads\/2024\/09\/Terzo_test_a_Prata_di_Pordenone.jpg\" data-dt-img-description=\"\" data-large_image_width=\"1847\" data-large_image_height=\"1231\"><img loading=\"lazy\" decoding=\"async\" class=\" wp-image-411320 alignleft\" src=\"https:\/\/www.radiopiu.net\/wordpress\/wp-content\/uploads\/2024\/09\/Terzo_test_a_Prata_di_Pordenone-300x200.jpg\" alt=\"\" width=\"173\" height=\"115\" srcset=\"https:\/\/www.radiopiu.net\/wordpress\/wp-content\/uploads\/2024\/09\/Terzo_test_a_Prata_di_Pordenone-300x200.jpg 300w, https:\/\/www.radiopiu.net\/wordpress\/wp-content\/uploads\/2024\/09\/Terzo_test_a_Prata_di_Pordenone-1024x682.jpg 1024w, https:\/\/www.radiopiu.net\/wordpress\/wp-content\/uploads\/2024\/09\/Terzo_test_a_Prata_di_Pordenone-768x512.jpg 768w, https:\/\/www.radiopiu.net\/wordpress\/wp-content\/uploads\/2024\/09\/Terzo_test_a_Prata_di_Pordenone-1536x1024.jpg 1536w, https:\/\/www.radiopiu.net\/wordpress\/wp-content\/uploads\/2024\/09\/Terzo_test_a_Prata_di_Pordenone.jpg 1847w\" sizes=\"auto, (max-width: 173px) 100vw, 173px\" \/><\/a>La Tinet Prata di Pordenone si prepara a una festa per il terzo test stagionale contro il Belluno Volley, oggi al rinnovato PalaPrata. L&#8217;atmosfera sar\u00e0 vivace, con la presentazione del settore giovanile della Tinet. Nonostante l&#8217;euforia dei padroni di casa, il Belluno Volley, guidato da coach Matteo De Cecco, intende rimanere competitivo in ogni set, puntando a evitare i cali di concentrazione avuti contro Brescia. Anche se il capitano Fabio Bisi \u00e8 in fase di recupero fisico, la squadra \u00e8 molto motivata e sta rispettando i piani di preparazione per l&#8217;inizio della Serie A3, fissato per il 20 ottobre.<\/p>\n<p>&nbsp;<\/p>\n<hr \/>\n<p>&nbsp;<\/p>\n<h2><span style=\"color: #ffcc00;\">GOODBYE BY BICICLE&#8230;UN VIAGGIO DALL&#8217;INDIA A SEREN DEL GRAPPA IN BICICLETTA<\/span><\/h2>\n<p><span style=\"color: #ff0000;\"><strong>PUNTATA 30 &#8211; CONTINUA IL VIAGGIO TRA PIOGGIA, INCONTRI E&#8230;PIZZE<\/strong><\/span><\/p>\n<audio class=\"wp-audio-shortcode\" id=\"audio-411289-22\" preload=\"none\" style=\"width: 100%;\" controls=\"controls\"><source type=\"audio\/mpeg\" src=\"https:\/\/www.radiopiu.net\/wordpress\/wp-content\/uploads\/2024\/09\/AIRE-INDIA-PUNTATA-30.mp3?_=22\" \/><a href=\"https:\/\/www.radiopiu.net\/wordpress\/wp-content\/uploads\/2024\/09\/AIRE-INDIA-PUNTATA-30.mp3\">https:\/\/www.radiopiu.net\/wordpress\/wp-content\/uploads\/2024\/09\/AIRE-INDIA-PUNTATA-30.mp3<\/a><\/audio>\n<p>&nbsp;<\/p>\n<p><strong>PER VISITARE I SITI DEI LUOGHI VISITATI, CLICCA SULLE SEGUENTI SCRITTE: <span style=\"color: #3366ff;\"><a href=\"https:\/\/www.instagram.com\/cob_gr?igsh=MWg1dTdzOGhlaGI4aQ==\">COB-BULDING WHIT EARTH<\/a>\u00a0 \u00a0<a href=\"https:\/\/www.instagram.com\/nisiraches?igsh=MWhlb3F1NnB4OHBtNQ==\">NISI RACHES\u00a0<\/a> \u00a0<a href=\"https:\/\/www.instagram.com\/wheeling2help?igsh=cWZzaGNxMmM4aWF1\">WHEELING2HELP<\/a><\/span><\/strong><\/p>\n<p>&nbsp;<\/p>\n\n\t\t\t<style type='text\/css'>\n\t\t\t\t#gallery-2 {\n\t\t\t\t\tmargin: auto;\n\t\t\t\t}\n\t\t\t\t#gallery-2 .gallery-item {\n\t\t\t\t\tfloat: left;\n\t\t\t\t\tmargin-top: 10px;\n\t\t\t\t\ttext-align: center;\n\t\t\t\t\twidth: 20%;\n\t\t\t\t}\n\t\t\t\t#gallery-2 img {\n\t\t\t\t\tborder: 2px solid #cfcfcf;\n\t\t\t\t}\n\t\t\t\t#gallery-2 .gallery-caption {\n\t\t\t\t\tmargin-left: 0;\n\t\t\t\t}\n\t\t\t\t\/* see gallery_shortcode() in wp-includes\/media.php *\/\n\t\t\t<\/style>\n\t\t<div id='gallery-2' class='dt-gallery-container gallery galleryid-411289 gallery-columns-5 gallery-size-thumbnail'><dl class='gallery-item'>\n\t\t\t\t<dt class='gallery-icon portrait'>\n\t\t\t\t\t<a class=\"rollover rollover-zoom dt-pswp-item\" title=\"54081200-1663-4d3f-810a-a8ae752d7dfa\" data-dt-img-description=\"\" data-large_image_width=\"1920\" data-large_image_height=\"2560\"href='https:\/\/www.radiopiu.net\/wordpress\/wp-content\/uploads\/2024\/09\/54081200-1663-4d3f-810a-a8ae752d7dfa-scaled.jpg'><img loading=\"lazy\" decoding=\"async\" width=\"150\" height=\"150\" src=\"https:\/\/www.radiopiu.net\/wordpress\/wp-content\/uploads\/2024\/09\/54081200-1663-4d3f-810a-a8ae752d7dfa-150x150.jpg\" class=\"attachment-thumbnail size-thumbnail\" alt=\"\" \/><\/a>\n\t\t\t\t<\/dt><\/dl><dl class='gallery-item'>\n\t\t\t\t<dt class='gallery-icon landscape'>\n\t\t\t\t\t<a class=\"rollover rollover-zoom dt-pswp-item\" title=\"4235f3f4-7b4b-45a3-808c-f0b9b7d064fa\" data-dt-img-description=\"\" data-large_image_width=\"2560\" data-large_image_height=\"1928\"href='https:\/\/www.radiopiu.net\/wordpress\/wp-content\/uploads\/2024\/09\/4235f3f4-7b4b-45a3-808c-f0b9b7d064fa-scaled.jpg'><img loading=\"lazy\" decoding=\"async\" width=\"150\" height=\"150\" src=\"https:\/\/www.radiopiu.net\/wordpress\/wp-content\/uploads\/2024\/09\/4235f3f4-7b4b-45a3-808c-f0b9b7d064fa-150x150.jpg\" class=\"attachment-thumbnail size-thumbnail\" alt=\"\" \/><\/a>\n\t\t\t\t<\/dt><\/dl><dl class='gallery-item'>\n\t\t\t\t<dt class='gallery-icon landscape'>\n\t\t\t\t\t<a class=\"rollover rollover-zoom dt-pswp-item\" title=\"812784dd-7bdd-403e-98a1-3fba2c747c26\" data-dt-img-description=\"\" data-large_image_width=\"2560\" data-large_image_height=\"1920\"href='https:\/\/www.radiopiu.net\/wordpress\/wp-content\/uploads\/2024\/09\/812784dd-7bdd-403e-98a1-3fba2c747c26-scaled.jpg'><img loading=\"lazy\" decoding=\"async\" width=\"150\" height=\"150\" src=\"https:\/\/www.radiopiu.net\/wordpress\/wp-content\/uploads\/2024\/09\/812784dd-7bdd-403e-98a1-3fba2c747c26-150x150.jpg\" class=\"attachment-thumbnail size-thumbnail\" alt=\"\" \/><\/a>\n\t\t\t\t<\/dt><\/dl><dl class='gallery-item'>\n\t\t\t\t<dt class='gallery-icon landscape'>\n\t\t\t\t\t<a class=\"rollover rollover-zoom dt-pswp-item\" title=\"0b73e7ce-43b6-4b61-9d77-e41413f16634\" data-dt-img-description=\"\" data-large_image_width=\"2560\" data-large_image_height=\"1928\"href='https:\/\/www.radiopiu.net\/wordpress\/wp-content\/uploads\/2024\/09\/0b73e7ce-43b6-4b61-9d77-e41413f16634-scaled.jpg'><img loading=\"lazy\" decoding=\"async\" width=\"150\" height=\"150\" src=\"https:\/\/www.radiopiu.net\/wordpress\/wp-content\/uploads\/2024\/09\/0b73e7ce-43b6-4b61-9d77-e41413f16634-150x150.jpg\" class=\"attachment-thumbnail size-thumbnail\" alt=\"\" \/><\/a>\n\t\t\t\t<\/dt><\/dl><dl class='gallery-item'>\n\t\t\t\t<dt class='gallery-icon landscape'>\n\t\t\t\t\t<a class=\"rollover rollover-zoom dt-pswp-item\" title=\"2e938edb-3348-44c3-9cdf-f854f4618e2e\" data-dt-img-description=\"\" data-large_image_width=\"2560\" data-large_image_height=\"1928\"href='https:\/\/www.radiopiu.net\/wordpress\/wp-content\/uploads\/2024\/09\/2e938edb-3348-44c3-9cdf-f854f4618e2e-scaled.jpg'><img loading=\"lazy\" decoding=\"async\" width=\"150\" height=\"150\" src=\"https:\/\/www.radiopiu.net\/wordpress\/wp-content\/uploads\/2024\/09\/2e938edb-3348-44c3-9cdf-f854f4618e2e-150x150.jpg\" class=\"attachment-thumbnail size-thumbnail\" alt=\"\" \/><\/a>\n\t\t\t\t<\/dt><\/dl><br style=\"clear: both\" \/>\n\t\t\t<\/div>\n\n<p>&nbsp;<\/p>\n<h2>LA RACCOLTA COMPLETA <a href=\"https:\/\/www.radiopiu.net\/wordpress\/goodbye-by-bicicle-un-viaggio-dallindia-a-seren-del-grappa-in-bicicletta-30\/\"><span style=\"color: #3366ff;\">CLICCA QUI<\/span><\/a><\/h2>\n<p>&nbsp;<\/p>\n<p>&nbsp;<\/p>\n<p>&nbsp;<\/p>\n<p>&nbsp;<\/p>\n<p>&nbsp;<\/p>\n","protected":false},"excerpt":{"rendered":"<p>** &nbsp; SP 346, Falcade. Ordinanza per chiusura temporanea\u00a0 OGGI\u00a0 dalle 11 alle 12.30 per la sfilata della manifestazione &#8220;Se desmonteghea&#8221; LA SFILATA INIZIERA&#8217; ALLE 11 BUON LAVORO A TUTTI I VOLONTARI, TANTI, IMPEGNATI DA IERI PER GARANTIRE UN ALTRO FINE SETTIMANA DA RICORDARE. DIRETTE SUI CANALI SOCIAL DI RADIO PIU A PARTIRE DALLE 10.30\u00a0&hellip;<\/p>\n","protected":false},"author":4,"featured_media":411431,"comment_status":"closed","ping_status":"closed","sticky":false,"template":"","format":"standard","meta":{"_monsterinsights_skip_tracking":false,"_monsterinsights_sitenote_active":false,"_monsterinsights_sitenote_note":"","_monsterinsights_sitenote_category":0,"footnotes":""},"categories":[51,86,49],"tags":[],"class_list":["post-411289","post","type-post","status-publish","format-standard","has-post-thumbnail","hentry","category-evidenza-top","category-gr","category-news-18","category-51","category-86","category-49","description-off"],"img_url":"https:\/\/www.radiopiu.net\/wordpress\/wp-content\/uploads\/2024\/09\/Senza-nome-73.png","_links":{"self":[{"href":"https:\/\/www.radiopiu.net\/wordpress\/wp-json\/wp\/v2\/posts\/411289","targetHints":{"allow":["GET"]}}],"collection":[{"href":"https:\/\/www.radiopiu.net\/wordpress\/wp-json\/wp\/v2\/posts"}],"about":[{"href":"https:\/\/www.radiopiu.net\/wordpress\/wp-json\/wp\/v2\/types\/post"}],"author":[{"embeddable":true,"href":"https:\/\/www.radiopiu.net\/wordpress\/wp-json\/wp\/v2\/users\/4"}],"replies":[{"embeddable":true,"href":"https:\/\/www.radiopiu.net\/wordpress\/wp-json\/wp\/v2\/comments?post=411289"}],"version-history":[{"count":26,"href":"https:\/\/www.radiopiu.net\/wordpress\/wp-json\/wp\/v2\/posts\/411289\/revisions"}],"predecessor-version":[{"id":411438,"href":"https:\/\/www.radiopiu.net\/wordpress\/wp-json\/wp\/v2\/posts\/411289\/revisions\/411438"}],"wp:featuredmedia":[{"embeddable":true,"href":"https:\/\/www.radiopiu.net\/wordpress\/wp-json\/wp\/v2\/media\/411431"}],"wp:attachment":[{"href":"https:\/\/www.radiopiu.net\/wordpress\/wp-json\/wp\/v2\/media?parent=411289"}],"wp:term":[{"taxonomy":"category","embeddable":true,"href":"https:\/\/www.radiopiu.net\/wordpress\/wp-json\/wp\/v2\/categories?post=411289"},{"taxonomy":"post_tag","embeddable":true,"href":"https:\/\/www.radiopiu.net\/wordpress\/wp-json\/wp\/v2\/tags?post=411289"}],"curies":[{"name":"wp","href":"https:\/\/api.w.org\/{rel}","templated":true}]}}