{"id":411362,"date":"2024-09-27T15:53:31","date_gmt":"2024-09-27T13:53:31","guid":{"rendered":"https:\/\/www.radiopiu.net\/wordpress\/?p=411362"},"modified":"2024-09-27T15:53:54","modified_gmt":"2024-09-27T13:53:54","slug":"411362-2","status":"publish","type":"post","link":"https:\/\/www.radiopiu.net\/wordpress\/411362-2\/","title":{"rendered":"Scopel critica De Bernardin sullo Ius Scholae: &#8220;Non battaglie di principio, ma riflessioni serie&#8221;"},"content":{"rendered":"<p>***<\/p>\n<p>&nbsp;<\/p>\n<p><strong><img loading=\"lazy\" decoding=\"async\" class=\"alignleft\" src=\"https:\/\/www.radiopiu.net\/wordpress\/wp-content\/uploads\/2023\/11\/DARIO-SCOPEL.png\" width=\"231\" height=\"147\" \/>Scopel critica De Bernardin sullo Ius Scholae: &#8220;Non battaglie di principio, ma riflessioni serie&#8221;<\/strong><\/p>\n<p>Il coordinatore di Forza Italia Belluno, Dario Scopel, risponde alle affermazioni del segretario provinciale della Lega, Andrea De Bernardin, sullo Ius Scholae. Scopel ribadisce che la questione non riguarda &#8220;cittadinanze a pioggia&#8221; n\u00e9 guerre di principio, ma una seria analisi della realt\u00e0 sociale attuale, con sollecitazioni che provengono anche dal mondo delle imprese e dalla societ\u00e0 civile. Scopel sottolinea che i comportamenti criminali, evocati da De Bernardin, non hanno a che fare con la cittadinanza degli autori, e ricorda che anche gli imprenditori chiedono una revisione delle regole. Infine, risponde sulla questione dell&#8217;Autonomia, rivendicando il ruolo di Forza Italia nel processo.<\/p>\n<p><strong>AUDIO<\/strong><\/p>\n<p><strong>DARIO SCOPEL COORDINATORE FORZA ITALIA PER BELLUNO\u00a0<\/strong><\/p>\n<audio class=\"wp-audio-shortcode\" id=\"audio-411362-1\" preload=\"none\" style=\"width: 100%;\" controls=\"controls\"><source type=\"audio\/mpeg\" src=\"https:\/\/www.radiopiu.net\/wordpress\/wp-content\/uploads\/2024\/09\/SCOPEL-FORZA-ITALIA.mp3?_=1\" \/><a href=\"https:\/\/www.radiopiu.net\/wordpress\/wp-content\/uploads\/2024\/09\/SCOPEL-FORZA-ITALIA.mp3\">https:\/\/www.radiopiu.net\/wordpress\/wp-content\/uploads\/2024\/09\/SCOPEL-FORZA-ITALIA.mp3<\/a><\/audio>\n<p>&nbsp;<\/p>\n<hr \/>\n<p>&nbsp;<\/p>\n<p><span style=\"color: #ff0000;\"><strong>IERI ALLA RADIO<\/strong><\/span><\/p>\n<blockquote>\n<h2>Citt\u00e0 insicure e Ius Scholae: una riflessione critica<\/h2>\n<\/blockquote>\n<p><strong><a class=\"dt-pswp-item\" href=\"https:\/\/www.radiopiu.net\/wordpress\/wp-content\/uploads\/2021\/03\/ANDREA-DE-BERNARDIN.jpg\" data-dt-img-description=\"andrea de bernardin\" data-large_image_width=\"960\" data-large_image_height=\"540\"><img loading=\"lazy\" decoding=\"async\" class=\"wp-image-195558 alignleft\" src=\"https:\/\/www.radiopiu.net\/wordpress\/wp-content\/uploads\/2021\/03\/ANDREA-DE-BERNARDIN-300x169.jpg\" alt=\"\" width=\"188\" height=\"106\" srcset=\"https:\/\/www.radiopiu.net\/wordpress\/wp-content\/uploads\/2021\/03\/ANDREA-DE-BERNARDIN-300x169.jpg 300w, https:\/\/www.radiopiu.net\/wordpress\/wp-content\/uploads\/2021\/03\/ANDREA-DE-BERNARDIN-768x432.jpg 768w, https:\/\/www.radiopiu.net\/wordpress\/wp-content\/uploads\/2021\/03\/ANDREA-DE-BERNARDIN.jpg 960w\" sizes=\"auto, (max-width: 188px) 100vw, 188px\" \/><\/a>BELLUNO<\/strong> Le citt\u00e0 italiane affrontano un momento preoccupante, con bande di minori immigrati che sfidano le forze dell&#8217;ordine. In questo contesto, la discussione sullo Ius Scholae. Per De Bernardin &#8220;deludono alcune amministrazioni di centro-destra, come Feltre, e l&#8217;atteggiamento di Forza Italia sull&#8217;Autonomia differenziata&#8221;.<\/p>\n<p><strong>il segretario provinciale della Lega Nord, Andrea De Bernardin<\/strong><\/p>\n<audio class=\"wp-audio-shortcode\" id=\"audio-411362-2\" preload=\"none\" style=\"width: 100%;\" controls=\"controls\"><source type=\"audio\/wav\" src=\"https:\/\/www.radiopiu.net\/wordpress\/wp-content\/uploads\/2024\/09\/andrea-de-bernardin.wav?_=2\" \/><a href=\"https:\/\/www.radiopiu.net\/wordpress\/wp-content\/uploads\/2024\/09\/andrea-de-bernardin.wav\">https:\/\/www.radiopiu.net\/wordpress\/wp-content\/uploads\/2024\/09\/andrea-de-bernardin.wav<\/a><\/audio>\n<p>&nbsp;<\/p>\n<p>&nbsp;<\/p>\n<p>&nbsp;<\/p>\n<p>&nbsp;<\/p>\n","protected":false},"excerpt":{"rendered":"<p>*** &nbsp; Scopel critica De Bernardin sullo Ius Scholae: &#8220;Non battaglie di principio, ma riflessioni serie&#8221; Il coordinatore di Forza Italia Belluno, Dario Scopel, risponde alle affermazioni del segretario provinciale della Lega, Andrea De Bernardin, sullo Ius Scholae. Scopel ribadisce che la questione non riguarda &#8220;cittadinanze a pioggia&#8221; n\u00e9 guerre di principio, ma una seria&hellip;<\/p>\n","protected":false},"author":4,"featured_media":362294,"comment_status":"closed","ping_status":"closed","sticky":false,"template":"","format":"standard","meta":{"_monsterinsights_skip_tracking":false,"_monsterinsights_sitenote_active":false,"_monsterinsights_sitenote_note":"","_monsterinsights_sitenote_category":0,"footnotes":""},"categories":[49],"tags":[],"class_list":["post-411362","post","type-post","status-publish","format-standard","has-post-thumbnail","hentry","category-news-18","category-49","description-off"],"img_url":"https:\/\/www.radiopiu.net\/wordpress\/wp-content\/uploads\/2023\/11\/DARIO-SCOPEL.png","_links":{"self":[{"href":"https:\/\/www.radiopiu.net\/wordpress\/wp-json\/wp\/v2\/posts\/411362","targetHints":{"allow":["GET"]}}],"collection":[{"href":"https:\/\/www.radiopiu.net\/wordpress\/wp-json\/wp\/v2\/posts"}],"about":[{"href":"https:\/\/www.radiopiu.net\/wordpress\/wp-json\/wp\/v2\/types\/post"}],"author":[{"embeddable":true,"href":"https:\/\/www.radiopiu.net\/wordpress\/wp-json\/wp\/v2\/users\/4"}],"replies":[{"embeddable":true,"href":"https:\/\/www.radiopiu.net\/wordpress\/wp-json\/wp\/v2\/comments?post=411362"}],"version-history":[{"count":3,"href":"https:\/\/www.radiopiu.net\/wordpress\/wp-json\/wp\/v2\/posts\/411362\/revisions"}],"predecessor-version":[{"id":411366,"href":"https:\/\/www.radiopiu.net\/wordpress\/wp-json\/wp\/v2\/posts\/411362\/revisions\/411366"}],"wp:featuredmedia":[{"embeddable":true,"href":"https:\/\/www.radiopiu.net\/wordpress\/wp-json\/wp\/v2\/media\/362294"}],"wp:attachment":[{"href":"https:\/\/www.radiopiu.net\/wordpress\/wp-json\/wp\/v2\/media?parent=411362"}],"wp:term":[{"taxonomy":"category","embeddable":true,"href":"https:\/\/www.radiopiu.net\/wordpress\/wp-json\/wp\/v2\/categories?post=411362"},{"taxonomy":"post_tag","embeddable":true,"href":"https:\/\/www.radiopiu.net\/wordpress\/wp-json\/wp\/v2\/tags?post=411362"}],"curies":[{"name":"wp","href":"https:\/\/api.w.org\/{rel}","templated":true}]}}