{"id":411639,"date":"2024-09-30T13:30:10","date_gmt":"2024-09-30T11:30:10","guid":{"rendered":"https:\/\/www.radiopiu.net\/wordpress\/?p=411639"},"modified":"2024-10-06T20:57:46","modified_gmt":"2024-10-06T18:57:46","slug":"i-racconti-di-paolo-soppelsa-puntata-244","status":"publish","type":"post","link":"https:\/\/www.radiopiu.net\/wordpress\/i-racconti-di-paolo-soppelsa-puntata-244\/","title":{"rendered":"I RACCONTI DI PAOLO SOPPELSA &#8211; PUNTATA 244"},"content":{"rendered":"<p>******<\/p>\n<p>&nbsp;<\/p>\n<p><strong>GUERRA TRA LE CIME<\/strong><\/p>\n<p><strong>AUDIO<\/strong><\/p>\n<audio class=\"wp-audio-shortcode\" id=\"audio-411639-1\" preload=\"none\" style=\"width: 100%;\" controls=\"controls\"><source type=\"audio\/mpeg\" src=\"https:\/\/www.radiopiu.net\/wordpress\/wp-content\/uploads\/2024\/09\/PAOLOS-3.mp3?_=1\" \/><a href=\"https:\/\/www.radiopiu.net\/wordpress\/wp-content\/uploads\/2024\/09\/PAOLOS-3.mp3\">https:\/\/www.radiopiu.net\/wordpress\/wp-content\/uploads\/2024\/09\/PAOLOS-3.mp3<\/a><\/audio>\n<p>&nbsp;<\/p>\n<p><a class=\"dt-pswp-item\" href=\"https:\/\/www.radiopiu.net\/wordpress\/wp-content\/uploads\/2024\/09\/4d635477-6727-4a76-b1b9-9ae6633c535c.jpg\" data-dt-img-description=\"\" data-large_image_width=\"1600\" data-large_image_height=\"1200\"><img loading=\"lazy\" decoding=\"async\" class=\" wp-image-411640 alignleft\" src=\"https:\/\/www.radiopiu.net\/wordpress\/wp-content\/uploads\/2024\/09\/4d635477-6727-4a76-b1b9-9ae6633c535c-300x225.jpg\" alt=\"\" width=\"170\" height=\"127\" srcset=\"https:\/\/www.radiopiu.net\/wordpress\/wp-content\/uploads\/2024\/09\/4d635477-6727-4a76-b1b9-9ae6633c535c-300x225.jpg 300w, https:\/\/www.radiopiu.net\/wordpress\/wp-content\/uploads\/2024\/09\/4d635477-6727-4a76-b1b9-9ae6633c535c-1024x768.jpg 1024w, https:\/\/www.radiopiu.net\/wordpress\/wp-content\/uploads\/2024\/09\/4d635477-6727-4a76-b1b9-9ae6633c535c-768x576.jpg 768w, https:\/\/www.radiopiu.net\/wordpress\/wp-content\/uploads\/2024\/09\/4d635477-6727-4a76-b1b9-9ae6633c535c-1536x1152.jpg 1536w, https:\/\/www.radiopiu.net\/wordpress\/wp-content\/uploads\/2024\/09\/4d635477-6727-4a76-b1b9-9ae6633c535c.jpg 1600w\" sizes=\"auto, (max-width: 170px) 100vw, 170px\" \/><\/a>Lass\u00f9, dove la Strada 48 delle Dolomiti raggiunge il suo culmine, \u00e8 presente un museo all&#8217;interno del quale si compie un viaggio a ritroso nel tempo. Varcato quell\u2019uscio si indietreggia lungo il secolo scorso, fermandosi alla fine di maggio del 1915, ovvero al tempo in cui le zone di confine delle Dolomiti Bellunesi divennero fronte di guerra. Pochi passi e ci si ritrova immersi in quell&#8217;epoca lontana poco pi\u00f9 di cento anni, dentro a quei ventinove mesi in cui venne rotto il millenario silenzio di quelle montagne che divennero cimitero per troppi uomini. Una storia di soldati che sfidavano i colpi dei fucili e delle mitragliatrici su quei ghiaioni ricoperti di reticolati, storie di militari provenienti dall&#8217;intera penisola, intenti a sorvegliare forcelle e a tentare di conquistare qualche palmo di terreno d&#8217;alta quota; una storia di civili in preda alla miseria e di donne che da sole mandavano avanti quel vivere che era gi\u00e0 duro in tempo di pace. Il severo bianco e nero delle fotografie riporta paesaggi scabri e strade fangose percorse da camion primordiali e militi a piedi, che raggiungevano il fronte pregando di poterle ripercorrerle a ritroso sulle proprie gambe. Quella di allora era montagna aspra, quasi priva di bosco, sulla quale gli uomini stavano aggrappati alle cenge, appollaiati al gelo di vedetta in anfratti rocciosi simili a nidi d\u2019aquila, e oggi quelle stesse rocce narrano le vicende esaltanti e drammatiche del Maggiore Martini, del Tenente Fusetti, del Generale Cantore e di tanti, troppi uomini rimasti lass\u00f9 dove le roccia si unisce al cielo. Furono mesi di bombe che illuminavano le notti agordine e poi di macerie di quegli abitati ridotti a un mucchio di pietre fumanti; non ci fu piet\u00e0 per Arabba, Livinallongo, Larzonei, Ornella e le altre frazioni abbarbicate lungo i versanti che digradano verso il Cordevole. Fra quelle mura \u00e8 raccolto il vivere di militari intenti a scavare gallerie di mina nelle viscere della montagna, sono conservati gli oggetti personali che tentavano di offrire una quotidianit\u00e0 normale a quelle vite impossibili. Erano baracche d&#8217;alta quota sferzate dalla tormenta, all&#8217;interno delle quali erano alloggiati giovani baffuti di nemmeno vent&#8217;anni, fotografati con la sigaretta in mano per darsi un tono. Li immagini quei giovani dal viso gi\u00e0 adulto mentre risalivano il glabro versante ovest del Col di Lana, fieri di compiere il loro dovere e consapevoli di potere rimanere lass\u00f9 per sempre. Ritrovi le loro sentite parole scritte con calligrafia minuziosa in quei momenti in cui non risuonavano i colpi delle bombarde e dei mortai. E poi li pensi distesi nei precari letti degli ospedali da campo, nei quali i medici operavano con i primordiali e severi strumenti chirurgici oggi conservati in una bacheca che fa tremare l&#8217;anima. Uniformi di generali e Alpini, fucili e baionette e rivoltelle, telefoni da campo e bombe a mano che straziavano i corpi e le rocce. E poi lettere e preghiere, scatole di cibo e munizioni lass\u00f9, dove alla fine di ottobre del 1917 ritorn\u00f2 il grande silenzio delle montagne dolomitiche. A quel tempo, il fragore della guerra si spost\u00f2 su altre montagne che vegliano la pianura veneta, ma questa \u00e8 un&#8217;altra storia\u2026<\/p>\n<p>&nbsp;<\/p>\n<p>&nbsp;<\/p>\n<p>&nbsp;<\/p>\n<p>*********<\/p>\n","protected":false},"excerpt":{"rendered":"<p>****** &nbsp; GUERRA TRA LE CIME AUDIO &nbsp; Lass\u00f9, dove la Strada 48 delle Dolomiti raggiunge il suo culmine, \u00e8 presente un museo all&#8217;interno del quale si compie un viaggio a ritroso nel tempo. Varcato quell\u2019uscio si indietreggia lungo il secolo scorso, fermandosi alla fine di maggio del 1915, ovvero al tempo in cui le&hellip;<\/p>\n","protected":false},"author":4,"featured_media":411640,"comment_status":"closed","ping_status":"closed","sticky":false,"template":"","format":"standard","meta":{"_monsterinsights_skip_tracking":false,"_monsterinsights_sitenote_active":false,"_monsterinsights_sitenote_note":"","_monsterinsights_sitenote_category":0,"footnotes":""},"categories":[49,112],"tags":[],"class_list":["post-411639","post","type-post","status-publish","format-standard","has-post-thumbnail","hentry","category-news-18","category-racconti-soppelsa","category-49","category-112","description-off"],"img_url":"https:\/\/www.radiopiu.net\/wordpress\/wp-content\/uploads\/2024\/09\/4d635477-6727-4a76-b1b9-9ae6633c535c.jpg","_links":{"self":[{"href":"https:\/\/www.radiopiu.net\/wordpress\/wp-json\/wp\/v2\/posts\/411639","targetHints":{"allow":["GET"]}}],"collection":[{"href":"https:\/\/www.radiopiu.net\/wordpress\/wp-json\/wp\/v2\/posts"}],"about":[{"href":"https:\/\/www.radiopiu.net\/wordpress\/wp-json\/wp\/v2\/types\/post"}],"author":[{"embeddable":true,"href":"https:\/\/www.radiopiu.net\/wordpress\/wp-json\/wp\/v2\/users\/4"}],"replies":[{"embeddable":true,"href":"https:\/\/www.radiopiu.net\/wordpress\/wp-json\/wp\/v2\/comments?post=411639"}],"version-history":[{"count":1,"href":"https:\/\/www.radiopiu.net\/wordpress\/wp-json\/wp\/v2\/posts\/411639\/revisions"}],"predecessor-version":[{"id":411642,"href":"https:\/\/www.radiopiu.net\/wordpress\/wp-json\/wp\/v2\/posts\/411639\/revisions\/411642"}],"wp:featuredmedia":[{"embeddable":true,"href":"https:\/\/www.radiopiu.net\/wordpress\/wp-json\/wp\/v2\/media\/411640"}],"wp:attachment":[{"href":"https:\/\/www.radiopiu.net\/wordpress\/wp-json\/wp\/v2\/media?parent=411639"}],"wp:term":[{"taxonomy":"category","embeddable":true,"href":"https:\/\/www.radiopiu.net\/wordpress\/wp-json\/wp\/v2\/categories?post=411639"},{"taxonomy":"post_tag","embeddable":true,"href":"https:\/\/www.radiopiu.net\/wordpress\/wp-json\/wp\/v2\/tags?post=411639"}],"curies":[{"name":"wp","href":"https:\/\/api.w.org\/{rel}","templated":true}]}}