{"id":411644,"date":"2024-09-29T18:06:02","date_gmt":"2024-09-29T16:06:02","guid":{"rendered":"https:\/\/www.radiopiu.net\/wordpress\/?p=411644"},"modified":"2024-09-29T18:06:26","modified_gmt":"2024-09-29T16:06:26","slug":"emozioni-e-grandi-protagonisti-alla-decima-edizione-del-trail-del-nevegal-luca-cagnati-trionfa-nel-percorso-regina","status":"publish","type":"post","link":"https:\/\/www.radiopiu.net\/wordpress\/emozioni-e-grandi-protagonisti-alla-decima-edizione-del-trail-del-nevegal-luca-cagnati-trionfa-nel-percorso-regina\/","title":{"rendered":"&#8220;Emozioni e grandi protagonisti alla decima edizione del Trail del Nevegal: Luca Cagnati trionfa nel percorso regina&#8221;"},"content":{"rendered":"<p>***<\/p>\n<p>&nbsp;<\/p>\n<p><a class=\"dt-pswp-item\" href=\"https:\/\/www.radiopiu.net\/wordpress\/wp-content\/uploads\/2024\/09\/TDN-2024-foto-2-salita-Grava-Cagnati-Bonaldi.jpg\" data-dt-img-description=\"\" data-large_image_width=\"2000\" data-large_image_height=\"1333\"><img loading=\"lazy\" decoding=\"async\" class=\"size-medium wp-image-411645 alignleft\" src=\"https:\/\/www.radiopiu.net\/wordpress\/wp-content\/uploads\/2024\/09\/TDN-2024-foto-2-salita-Grava-Cagnati-Bonaldi-300x200.jpg\" alt=\"\" width=\"300\" height=\"200\" srcset=\"https:\/\/www.radiopiu.net\/wordpress\/wp-content\/uploads\/2024\/09\/TDN-2024-foto-2-salita-Grava-Cagnati-Bonaldi-300x200.jpg 300w, https:\/\/www.radiopiu.net\/wordpress\/wp-content\/uploads\/2024\/09\/TDN-2024-foto-2-salita-Grava-Cagnati-Bonaldi-1024x682.jpg 1024w, https:\/\/www.radiopiu.net\/wordpress\/wp-content\/uploads\/2024\/09\/TDN-2024-foto-2-salita-Grava-Cagnati-Bonaldi-768x512.jpg 768w, https:\/\/www.radiopiu.net\/wordpress\/wp-content\/uploads\/2024\/09\/TDN-2024-foto-2-salita-Grava-Cagnati-Bonaldi-1536x1024.jpg 1536w, https:\/\/www.radiopiu.net\/wordpress\/wp-content\/uploads\/2024\/09\/TDN-2024-foto-2-salita-Grava-Cagnati-Bonaldi.jpg 2000w\" sizes=\"auto, (max-width: 300px) 100vw, 300px\" \/><\/a>l Trail del Nevegal, ha regalato grandi emozioni, confermandosi come un appuntamento di alto livello per gli appassionati di corsa in montagna. La decima edizione ha visto la partecipazione di 340 atleti che hanno colorato i sentieri del Nevegal. L&#8217;evento \u00e8 stato reso possibile grazie all&#8217;organizzazione impeccabile di Nevegallika e ai cinquanta volontari che hanno contribuito al successo della giornata. Il tracciato regina da 21 km \u00e8 stato vinto dall&#8217;agordino di Canale d&#8217;Agordo,\u00a0 Luca Cagnati (1h53&#8217;53&#8221;), seguito da Sergio Bonaldi (1h54&#8217;25&#8221;) e Francesco Ceschi (1h57&#8217;48&#8221;). Nella categoria femminile, Elisa Desco ha dominato con un tempo di 2h12&#8217;42&#8221;, seguita da Sara Campigotto e Lucy Murigi. Nel percorso corto da 12 km, Federico Vecellio Patis si \u00e8 aggiudicato la vittoria con 42&#8217;17&#8221;, mentre Giulia Pol ha primeggiato tra le donne con 48&#8217;20&#8221;.Il Trail ha visto anche momenti toccanti, come il ricordo dell&#8217;alpinista Valter Salvadori, e la consegna di una targa a Gianpaolo Garaboni per il suo decennale impegno nell&#8217;organizzazione.<\/p>\n<p>&nbsp;<\/p>\n<blockquote><p><em><b>Luca Cagnati<\/b>, primo classificato 21k: \u00abSono felicissimo di aver vinto nella decima edizione, anche perch\u00e9 rappresenta la prima vittoria stagionale, dopo un periodo di infortuni. Finalmente sono riuscito a mettere la mia firma nel Trail del Nevegal. Ho corso una bella battaglia insieme a Sergio Bonaldi, poi nel finale sono riuscito a staccarlo un p\u00f2, ma non \u00e8 stato per niente facile. Il tracciato \u00e8 molto impegnativo, con dislivelli e pendenze che presentano il conto. Un percorso pulito e curato nei minimi dettagli! Complimenti a Giampaolo Garaboni e al suo team.\u00bb<\/em><\/p>\n<p>Le classifiche sono disponibili al link <a href=\"https:\/\/www.dtiming.it\/wp-content\/glive\/g-live.html?f=\/wp-content\/glive-results\/tdn-2024\/Trail%20del%20Neveg%C3%A0l.clax\">https:\/\/www.dtiming.it\/wp-content\/glive\/g-live.html?f=\/wp-content\/glive-results\/tdn-2024\/Trail%20del%20Neveg%C3%A0l.clax<\/a><\/p><\/blockquote>\n<p>&nbsp;<\/p>\n<p>&#8212;&#8212;<\/p>\n","protected":false},"excerpt":{"rendered":"<p>*** &nbsp; l Trail del Nevegal, ha regalato grandi emozioni, confermandosi come un appuntamento di alto livello per gli appassionati di corsa in montagna. La decima edizione ha visto la partecipazione di 340 atleti che hanno colorato i sentieri del Nevegal. L&#8217;evento \u00e8 stato reso possibile grazie all&#8217;organizzazione impeccabile di Nevegallika e ai cinquanta volontari&hellip;<\/p>\n","protected":false},"author":4,"featured_media":411645,"comment_status":"closed","ping_status":"closed","sticky":false,"template":"","format":"standard","meta":{"_monsterinsights_skip_tracking":false,"_monsterinsights_sitenote_active":false,"_monsterinsights_sitenote_note":"","_monsterinsights_sitenote_category":0,"footnotes":""},"categories":[49],"tags":[],"class_list":["post-411644","post","type-post","status-publish","format-standard","has-post-thumbnail","hentry","category-news-18","category-49","description-off"],"img_url":"https:\/\/www.radiopiu.net\/wordpress\/wp-content\/uploads\/2024\/09\/TDN-2024-foto-2-salita-Grava-Cagnati-Bonaldi.jpg","_links":{"self":[{"href":"https:\/\/www.radiopiu.net\/wordpress\/wp-json\/wp\/v2\/posts\/411644","targetHints":{"allow":["GET"]}}],"collection":[{"href":"https:\/\/www.radiopiu.net\/wordpress\/wp-json\/wp\/v2\/posts"}],"about":[{"href":"https:\/\/www.radiopiu.net\/wordpress\/wp-json\/wp\/v2\/types\/post"}],"author":[{"embeddable":true,"href":"https:\/\/www.radiopiu.net\/wordpress\/wp-json\/wp\/v2\/users\/4"}],"replies":[{"embeddable":true,"href":"https:\/\/www.radiopiu.net\/wordpress\/wp-json\/wp\/v2\/comments?post=411644"}],"version-history":[{"count":2,"href":"https:\/\/www.radiopiu.net\/wordpress\/wp-json\/wp\/v2\/posts\/411644\/revisions"}],"predecessor-version":[{"id":411647,"href":"https:\/\/www.radiopiu.net\/wordpress\/wp-json\/wp\/v2\/posts\/411644\/revisions\/411647"}],"wp:featuredmedia":[{"embeddable":true,"href":"https:\/\/www.radiopiu.net\/wordpress\/wp-json\/wp\/v2\/media\/411645"}],"wp:attachment":[{"href":"https:\/\/www.radiopiu.net\/wordpress\/wp-json\/wp\/v2\/media?parent=411644"}],"wp:term":[{"taxonomy":"category","embeddable":true,"href":"https:\/\/www.radiopiu.net\/wordpress\/wp-json\/wp\/v2\/categories?post=411644"},{"taxonomy":"post_tag","embeddable":true,"href":"https:\/\/www.radiopiu.net\/wordpress\/wp-json\/wp\/v2\/tags?post=411644"}],"curies":[{"name":"wp","href":"https:\/\/api.w.org\/{rel}","templated":true}]}}