{"id":411653,"date":"2024-09-29T23:59:04","date_gmt":"2024-09-29T21:59:04","guid":{"rendered":"https:\/\/www.radiopiu.net\/wordpress\/?p=411653"},"modified":"2024-09-30T05:49:26","modified_gmt":"2024-09-30T03:49:26","slug":"lagordina-si-piega-alla-capolista-tambre-alti-e-bassi-nel-settore-giovanile","status":"publish","type":"post","link":"https:\/\/www.radiopiu.net\/wordpress\/lagordina-si-piega-alla-capolista-tambre-alti-e-bassi-nel-settore-giovanile\/","title":{"rendered":"L&#8217;AGORDINA SI PIEGA ALLA CAPOLISTA TAMBRE. ALTI E BASSI NEL SETTORE GIOVANILE"},"content":{"rendered":"<p>*******<\/p>\n<p>&nbsp;<\/p>\n<p><strong><a class=\"dt-pswp-item\" href=\"https:\/\/www.radiopiu.net\/wordpress\/wp-content\/uploads\/2021\/11\/CALCIO-2021.jpg\" data-dt-img-description=\"\" data-large_image_width=\"2560\" data-large_image_height=\"1707\"><img loading=\"lazy\" decoding=\"async\" class=\" wp-image-242798 alignleft\" src=\"https:\/\/www.radiopiu.net\/wordpress\/wp-content\/uploads\/2021\/11\/CALCIO-2021-300x200.jpg\" alt=\"\" width=\"200\" height=\"133\" srcset=\"https:\/\/www.radiopiu.net\/wordpress\/wp-content\/uploads\/2021\/11\/CALCIO-2021-300x200.jpg 300w, https:\/\/www.radiopiu.net\/wordpress\/wp-content\/uploads\/2021\/11\/CALCIO-2021-1024x683.jpg 1024w, https:\/\/www.radiopiu.net\/wordpress\/wp-content\/uploads\/2021\/11\/CALCIO-2021-768x512.jpg 768w, https:\/\/www.radiopiu.net\/wordpress\/wp-content\/uploads\/2021\/11\/CALCIO-2021-1536x1024.jpg 1536w, https:\/\/www.radiopiu.net\/wordpress\/wp-content\/uploads\/2021\/11\/CALCIO-2021-2048x1366.jpg 2048w\" sizes=\"auto, (max-width: 200px) 100vw, 200px\" \/><\/a>DI MARCO GAZ<\/strong><\/p>\n<p><span style=\"color: #ff0000;\"><strong>TERZA CATEGORIA<\/strong><\/span><\/p>\n<p><strong>TAMBRE \u2013 AGORDINA 4-2<\/strong><\/p>\n<p>GOL AGORDINA: Dal Don, Tirabeni<\/p>\n<p>L&#8217;Agordina esce sconfitta dal campo della capolista, al termine di una partita segnata da numerosi errori individuali che hanno compromesso l&#8217;efficacia del gioco della squadra di mister Chiea. Nonostante alcuni incoraggianti sprazzi di buon gioco, la prestazione \u00e8 risultata troppo frammentata per poter competere con avversari di questo calibro. Nel tabellino dei marcatori per l&#8217;Agordina compaiono i nomi di Dal Don e Tirabeni, ma non \u00e8 bastato per evitare la sconfitta.<\/p>\n<p><span style=\"color: #008000;\"><strong>GIOVANILI AGORDINA<\/strong><\/span><\/p>\n<p><span style=\"color: #ff0000;\"><strong>JUNIORES<\/strong><\/span><\/p>\n<p>TURNO DI RIPOSO<\/p>\n<p><span style=\"color: #ff0000;\"><strong>ALLIEVI<\/strong><\/span><\/p>\n<p><strong>AGORDINA \u2013 DOMEGGE 4-1<\/strong><\/p>\n<p>L\u2019Agordina incamera tre punti con il Domegge dopo una partita combattuta. Nei primi minuti, le squadre si studiano, ma la squadra di Agordo passa in vantaggio con un potente tiro di Manuel Soccol. Poco dopo, un autogol porta al raddoppio per l&#8217;Agordina. Verso la fine del primo tempo, il Domegge accorcia le distanze con un gol che riapre la partita. Tuttavia, nel secondo tempo, gli agordini segnano altre due volte con Federico Decima e Matteo Da Ronch, chiudendo la partita con un ottimo risultato che fa ben sperare per il futuro.<\/p>\n<p><span style=\"color: #ff0000;\"><strong>GIOVANISSIMI<\/strong><\/span><\/p>\n<p><strong>GIRONE A<\/strong><\/p>\n<p><strong>AGORDINA \u2013 JUVENTINA 8-1<\/strong><\/p>\n<p>Partenza col botto per la formazione A dei Giovanissimi che regolano con una goleada la Juventina Mugnai. I ragazzi di Agordo hanno interpretato con il giusto spirito la gara, provando sempre a creare gioco con fraseggi veloci e qualche tentativo di provare la velocit\u00e0 dei suoi attaccanti. Subito in gol dopo 25 secondi con Giacomo Rudatis la squadra ha continuato a giocare con intensit\u00e0 dando gi\u00e0 prova di una buona intesa. Lo stesso Rudatis va a segno altre 3 volte, poi doppietta per Simone Andrich e un gol a testa per Justin Manfroi e Domenico Ferrara.<\/p>\n<p><strong>GIRONE B<\/strong><\/p>\n<p><strong>CADORE \u2013 AGORDINA 1-0<\/strong><\/p>\n<p>Bella partita, giocata alla pari dalle due formazioni, con occasioni da entrambe le parti. Agordina in evidenza nella gestione della palla e Cadore in cerca delle soluzioni verticali, ma a poche volte pericoloso. La partita si \u00e8 sbloccata solo su calcio di rigore su cui la retroguardia Agordina non \u00e8 stata proprio impeccabile. Tuttavia una prova positiva e incoraggiante per il proseguimento del campionato<\/p>\n<p>&nbsp;<\/p>\n<p>&nbsp;<\/p>\n<p>&nbsp;<\/p>\n<p>*********<\/p>\n","protected":false},"excerpt":{"rendered":"<p>******* &nbsp; DI MARCO GAZ TERZA CATEGORIA TAMBRE \u2013 AGORDINA 4-2 GOL AGORDINA: Dal Don, Tirabeni L&#8217;Agordina esce sconfitta dal campo della capolista, al termine di una partita segnata da numerosi errori individuali che hanno compromesso l&#8217;efficacia del gioco della squadra di mister Chiea. Nonostante alcuni incoraggianti sprazzi di buon gioco, la prestazione \u00e8 risultata&hellip;<\/p>\n","protected":false},"author":4,"featured_media":242798,"comment_status":"closed","ping_status":"closed","sticky":false,"template":"","format":"standard","meta":{"_monsterinsights_skip_tracking":false,"_monsterinsights_sitenote_active":false,"_monsterinsights_sitenote_note":"","_monsterinsights_sitenote_category":0,"footnotes":""},"categories":[104,49],"tags":[],"class_list":["post-411653","post","type-post","status-publish","format-standard","has-post-thumbnail","hentry","category-evidenza_3","category-news-18","category-104","category-49","description-off"],"img_url":"https:\/\/www.radiopiu.net\/wordpress\/wp-content\/uploads\/2021\/11\/CALCIO-2021.jpg","_links":{"self":[{"href":"https:\/\/www.radiopiu.net\/wordpress\/wp-json\/wp\/v2\/posts\/411653","targetHints":{"allow":["GET"]}}],"collection":[{"href":"https:\/\/www.radiopiu.net\/wordpress\/wp-json\/wp\/v2\/posts"}],"about":[{"href":"https:\/\/www.radiopiu.net\/wordpress\/wp-json\/wp\/v2\/types\/post"}],"author":[{"embeddable":true,"href":"https:\/\/www.radiopiu.net\/wordpress\/wp-json\/wp\/v2\/users\/4"}],"replies":[{"embeddable":true,"href":"https:\/\/www.radiopiu.net\/wordpress\/wp-json\/wp\/v2\/comments?post=411653"}],"version-history":[{"count":2,"href":"https:\/\/www.radiopiu.net\/wordpress\/wp-json\/wp\/v2\/posts\/411653\/revisions"}],"predecessor-version":[{"id":411655,"href":"https:\/\/www.radiopiu.net\/wordpress\/wp-json\/wp\/v2\/posts\/411653\/revisions\/411655"}],"wp:featuredmedia":[{"embeddable":true,"href":"https:\/\/www.radiopiu.net\/wordpress\/wp-json\/wp\/v2\/media\/242798"}],"wp:attachment":[{"href":"https:\/\/www.radiopiu.net\/wordpress\/wp-json\/wp\/v2\/media?parent=411653"}],"wp:term":[{"taxonomy":"category","embeddable":true,"href":"https:\/\/www.radiopiu.net\/wordpress\/wp-json\/wp\/v2\/categories?post=411653"},{"taxonomy":"post_tag","embeddable":true,"href":"https:\/\/www.radiopiu.net\/wordpress\/wp-json\/wp\/v2\/tags?post=411653"}],"curies":[{"name":"wp","href":"https:\/\/api.w.org\/{rel}","templated":true}]}}