{"id":411662,"date":"2024-09-30T05:40:13","date_gmt":"2024-09-30T03:40:13","guid":{"rendered":"https:\/\/www.radiopiu.net\/wordpress\/?p=411662"},"modified":"2024-09-30T05:46:17","modified_gmt":"2024-09-30T03:46:17","slug":"doppio-intervento-in-agordino-per-il-suem-118","status":"publish","type":"post","link":"https:\/\/www.radiopiu.net\/wordpress\/doppio-intervento-in-agordino-per-il-suem-118\/","title":{"rendered":"DOPPIO INTERVENTO IN AGORDINO PER IL SUEM 118"},"content":{"rendered":"<p>*****<\/p>\n<p>&nbsp;<\/p>\n<p><strong>REDAZIONE<\/strong> Due interventi in Agordino in poco pi\u00f9 di mezz&#8217;ora per il Suem 118. Poco dopo le 18 la centrale operativa \u00e8 stata allarmata per un malore a Falcade. Coinvolto un uomo del posto di 62 anni che \u00e8 stato elitrasportato all&#8217;ospedale Papa Luciani di Agordo. In supporto anche l&#8217;ambulanza della Croce Verde Val Biois. Un altro malore a Rivamonte. A sentirsi male un 77enne di Sovramonte che \u00e8 stato portato in ambulanza all&#8217;ospedale di Feltre.<\/p>\n<p>&nbsp;<\/p>\n<p>&nbsp;<\/p>\n<p>*******<\/p>\n","protected":false},"excerpt":{"rendered":"<p>***** &nbsp; REDAZIONE Due interventi in Agordino in poco pi\u00f9 di mezz&#8217;ora per il Suem 118. Poco dopo le 18 la centrale operativa \u00e8 stata allarmata per un malore a Falcade. Coinvolto un uomo del posto di 62 anni che \u00e8 stato elitrasportato all&#8217;ospedale Papa Luciani di Agordo. In supporto anche l&#8217;ambulanza della Croce Verde&hellip;<\/p>\n","protected":false},"author":4,"featured_media":247613,"comment_status":"closed","ping_status":"closed","sticky":false,"template":"","format":"standard","meta":{"_monsterinsights_skip_tracking":false,"_monsterinsights_sitenote_active":false,"_monsterinsights_sitenote_note":"","_monsterinsights_sitenote_category":0,"footnotes":""},"categories":[51,49],"tags":[],"class_list":["post-411662","post","type-post","status-publish","format-standard","has-post-thumbnail","hentry","category-evidenza-top","category-news-18","category-51","category-49","description-off"],"img_url":"https:\/\/www.radiopiu.net\/wordpress\/wp-content\/uploads\/2021\/12\/salt-suem.jpg","_links":{"self":[{"href":"https:\/\/www.radiopiu.net\/wordpress\/wp-json\/wp\/v2\/posts\/411662","targetHints":{"allow":["GET"]}}],"collection":[{"href":"https:\/\/www.radiopiu.net\/wordpress\/wp-json\/wp\/v2\/posts"}],"about":[{"href":"https:\/\/www.radiopiu.net\/wordpress\/wp-json\/wp\/v2\/types\/post"}],"author":[{"embeddable":true,"href":"https:\/\/www.radiopiu.net\/wordpress\/wp-json\/wp\/v2\/users\/4"}],"replies":[{"embeddable":true,"href":"https:\/\/www.radiopiu.net\/wordpress\/wp-json\/wp\/v2\/comments?post=411662"}],"version-history":[{"count":1,"href":"https:\/\/www.radiopiu.net\/wordpress\/wp-json\/wp\/v2\/posts\/411662\/revisions"}],"predecessor-version":[{"id":411663,"href":"https:\/\/www.radiopiu.net\/wordpress\/wp-json\/wp\/v2\/posts\/411662\/revisions\/411663"}],"wp:featuredmedia":[{"embeddable":true,"href":"https:\/\/www.radiopiu.net\/wordpress\/wp-json\/wp\/v2\/media\/247613"}],"wp:attachment":[{"href":"https:\/\/www.radiopiu.net\/wordpress\/wp-json\/wp\/v2\/media?parent=411662"}],"wp:term":[{"taxonomy":"category","embeddable":true,"href":"https:\/\/www.radiopiu.net\/wordpress\/wp-json\/wp\/v2\/categories?post=411662"},{"taxonomy":"post_tag","embeddable":true,"href":"https:\/\/www.radiopiu.net\/wordpress\/wp-json\/wp\/v2\/tags?post=411662"}],"curies":[{"name":"wp","href":"https:\/\/api.w.org\/{rel}","templated":true}]}}