{"id":411710,"date":"2024-10-01T05:56:24","date_gmt":"2024-10-01T03:56:24","guid":{"rendered":"https:\/\/www.radiopiu.net\/wordpress\/?p=411710"},"modified":"2024-10-01T06:06:18","modified_gmt":"2024-10-01T04:06:18","slug":"giovannibaglioniagordo","status":"publish","type":"post","link":"https:\/\/www.radiopiu.net\/wordpress\/giovannibaglioniagordo\/","title":{"rendered":"Giovanni Baglioni ringrazia l\u2019Ospedale di Agordo: un\u2019esperienza di umanit\u00e0 e professionalit\u00e0"},"content":{"rendered":"<p>***<\/p>\n<p><strong><a class=\"dt-pswp-item\" href=\"https:\/\/www.radiopiu.net\/wordpress\/wp-content\/uploads\/2024\/09\/293290106_599365035084499_4194382285317412971_n.jpg\" data-dt-img-description=\"\" data-large_image_width=\"851\" data-large_image_height=\"315\"><img loading=\"lazy\" decoding=\"async\" class=\"size-medium wp-image-411712 alignleft\" src=\"https:\/\/www.radiopiu.net\/wordpress\/wp-content\/uploads\/2024\/09\/293290106_599365035084499_4194382285317412971_n-300x111.jpg\" alt=\"\" width=\"300\" height=\"111\" srcset=\"https:\/\/www.radiopiu.net\/wordpress\/wp-content\/uploads\/2024\/09\/293290106_599365035084499_4194382285317412971_n-300x111.jpg 300w, https:\/\/www.radiopiu.net\/wordpress\/wp-content\/uploads\/2024\/09\/293290106_599365035084499_4194382285317412971_n-768x284.jpg 768w, https:\/\/www.radiopiu.net\/wordpress\/wp-content\/uploads\/2024\/09\/293290106_599365035084499_4194382285317412971_n.jpg 851w\" sizes=\"auto, (max-width: 300px) 100vw, 300px\" \/><\/a>REDAZIONE<\/strong> Giovanni Baglioni, figlio di Claudio e Paola Massari in un post pubblico sulla pagina<a href=\"https:\/\/www.facebook.com\/GiovanniBaglioni82\"> facebook\u00a0<\/a> ringrazia il personale dell&#8217;ospedale di Agordo per l&#8217;attenzione e l\u2019umanit\u00e0 dimostrata durante il ricovero. La riflessione nasce dall\u2019esperienza personale, che ha ricordato come dietro le categorie e le figure professionali ci siano persone, ognuna con il proprio valore. Superando la diffidenza maturata in passato, il racconto elogia la cura e il supporto ricevuti da medici e infermieri, sottolineando l&#8217;importanza dell&#8217;umanit\u00e0 nel campo medico, piuttosto che il ricorso a facili etichette propagandistiche. Giovanni, sempre pi\u00f9 un po&#8217; agordino, e gli agordini hanno un profondo &#8220;amore&#8221; per quel bimbo nato assieme alla meravigliosa &#8220;Avrai&#8221; di Claudio Baglioni (negli anni in cui frequentava Alleghe Villa Paganini, Agordo Col di Foglia, Pizzeria da Silvio e&#8230;la discoteca La Stua della famiglia Ballis) del <b>giugno<\/b> 1982, che ancora oggi a distanza di 42 anni viene trasmessa alla Radio Pi\u00f9, cio\u00e8 la trasmettiamo da 41 anni visto che la Radio si \u00e8 dedicata &#8220;Avrai&#8221; il 25\u00a0<strong> giugno<\/strong> dell&#8217;anno successivo, 1983. Giovanni, che abbiamo visto imbracciare la chitarra sui palchi della vallata e che speriamo di rivedere presto tra Broi e pentagramma. (mirko mezzacasa)<\/p>\n<p>&nbsp;<\/p>\n<div dir=\"auto\"><strong><img loading=\"lazy\" decoding=\"async\" class=\"alignleft\" src=\"https:\/\/www.radiopiu.net\/wordpress\/wp-content\/uploads\/2024\/09\/461489172_1097567165264281_1480099392595476514_n.jpg\" width=\"254\" height=\"191\" \/><\/strong><\/div>\n<div dir=\"auto\">&#8230;.Ci tengo a manifestare la mia gratitudine nei confronti del personale dell\u2019ospedale di Agordo, per avermi preso in cura con attenzione, sensibilit\u00e0 e umanit\u00e0 ancor prima che professionalit\u00e0. Ma anche, e qui parte la mia elaborazione o digressione, per avermi cos\u00ec ricordato che ogni individuo \u00e8 responsabile della propria condotta, e ragionare per categorie sicuramente \u00e8 naturale e in una certa misura utile, ma pu\u00f2 distorcere la percezione. Parlo di \u201ccategorie\u201d perch\u00e9 i fatti di qualche anno fa, che spero non siano sopiti nella memoria delle persone come ancora sono brucianti per me, e che dovranno essere oggetto di profonda revisione storica, sociale e morale quand\u2019anche non giuridica, mi hanno fatto maturare mio malgrado un consistente grado di diffidenza nei confronti di svariate categorie. Le autorit\u00e0 in genere, i giornalisti, gli esperti (o i presunti tali), i medici.<\/div>\n<div dir=\"auto\">Nella valutazione delle responsabilit\u00e0 devo per\u00f2 ricordare che i medici, che dovrebbero operare in scienza e coscienza, sono stati defraudati di questa loro fondamentale prerogativa, sviliti e ridotti a funzionarietti e megafoni, chi con le maniere buone degli incarichi prestigiosi, della allettante visibilit\u00e0 mediatica, dei guadagni rapidi derivanti dalla somministrazione delle nuove pratiche obbligatorie, della fascinazione tutta mediatico-cosmetica di essere \u201cangeli in camice\u201d operanti sotto il vessillo tutto ideologico de \u201claScienza\u201d e festosamente marcianti al passo coreografico di \u201cJerusalema\u201d; chi altro con le maniere cattive delle minacce del demansionamento o dell\u2019isolamento professionale, dello stigma sociale, della distruzione della credibilit\u00e0 e della carriera, della radiazione.<\/div>\n<div dir=\"auto\">Ridotti a degli ingranaggi di una macchina che gerarchicamente li schiacciava dall\u2019alto per far di loro una leva e moltiplicare la propria forza con la quale schiacciare pi\u00f9 in basso; dei meri esecutori atti e demandati ad applicare acriticamente tutta una serie di dettami, contraddittori dal luned\u00ec al mercoled\u00ec, privi di umanit\u00e0 e di ragione, prima ancora che di scienza e coscienza, oltrech\u00e9 di congruit\u00e0, legittimit\u00e0 e trasparenza.<\/div>\n<div dir=\"auto\">Ebbene io oggi, grazie a questa dolorosa e calcolosa esperienza, rivivo riconosco e ricordo, come ha scritto magistralmente e molti anni prima di questi fatti il Pedante nel suo \u201cImmunit\u00e0 di Legge\u201d che a tutti indistintamente consiglio, che non esistono \u201ciMedici\u201d.<\/div>\n<div dir=\"auto\">Non esistono ossia le categorie monolitiche evocate dalla propaganda per condurre tutti al recinto di un\u2019ortodossia di pensiero che non ammette, e falcidia, qualunque eresia.<\/div>\n<div dir=\"auto\">Bens\u00ec esistono \u201ci medici\u201d:<\/div>\n<div dir=\"auto\">Esiste il dottor Bulf, il cui peculiare cognome fa immaginare un\u2019ascendenza tedesco-lupoide che con un po\u2019 di fantasia si pu\u00f2 scorgere nella sua barbetta da lupo mansueto, che consultata la tac con un certo grado di serenit\u00e0 ed entusiasmo afferma \u201cCe l\u2019ha piccolissimo!\u201d, spero riferendosi al calcolo.<\/div>\n<div dir=\"auto\">Esiste l\u2019infermiera che mi dice \u201cma tu sei Giovanni?\u201d e si ricordava dell\u2019antitetanica che ho fatto l\u00ec due anni fa quando mi si \u00e8 conficcato un chiodo arrugginito della prima guerra mondiale nella scarpa.<\/div>\n<div dir=\"auto\">Esiste l\u2019infermiere che notando la mia destra unghiuta ha intuito il mio essere chitarrista e per rallegrarmi un po\u2019 mi ha raccontato del suo tragicomico trascorso da bassista con il soprannome tutt\u2019altro che lusinghiero di \u201cPala meccanica\u201d.<\/div>\n<div dir=\"auto\">Esiste l\u2019infermiere che vedendomi rattrappito e quasi paralizzato in un momento di picco di dolore mi ha rimboccato lenzuola e coperte con la premura e la cura amorevoli di un genitore.<\/div>\n<div dir=\"auto\">Esistono tutti quelli i cui volti sono gi\u00e0 pi\u00f9 confusi nella mia memoria per colpa del cocktail senza ombrellino di toradol, fentanex e tachidol.<\/div>\n<div dir=\"auto\">Non c\u2019\u00e8, e spero non ci sar\u00e0 mai pi\u00f9, bisogno di \u201cangeli in camice\u201d, propagandistica declinazione contemporanea dei giovani Balilla.<\/div>\n<div dir=\"auto\">C\u2019\u00e8 bisogno esseri umani e della loro umanit\u00e0, nient\u2019altro che questo li rende la creazione pi\u00f9 grande di Dio.<\/div>\n<p>&nbsp;<\/p>\n<p>&nbsp;<\/p>\n<p>&nbsp;<\/p>\n<div class=\"mb-2 flex gap-3 empty:hidden -ml-2\">\n<div class=\"items-center justify-start rounded-xl p-1 flex\">\n<div class=\"flex items-center\">\n<p>&nbsp;<\/p>\n<div class=\"flex\"><\/div>\n<div class=\"flex items-center pb-0\"><\/div>\n<\/div>\n<\/div>\n<\/div>\n","protected":false},"excerpt":{"rendered":"<p>*** REDAZIONE Giovanni Baglioni, figlio di Claudio e Paola Massari in un post pubblico sulla pagina facebook\u00a0 ringrazia il personale dell&#8217;ospedale di Agordo per l&#8217;attenzione e l\u2019umanit\u00e0 dimostrata durante il ricovero. La riflessione nasce dall\u2019esperienza personale, che ha ricordato come dietro le categorie e le figure professionali ci siano persone, ognuna con il proprio valore.&hellip;<\/p>\n","protected":false},"author":4,"featured_media":411711,"comment_status":"closed","ping_status":"closed","sticky":false,"template":"","format":"standard","meta":{"_monsterinsights_skip_tracking":false,"_monsterinsights_sitenote_active":false,"_monsterinsights_sitenote_note":"","_monsterinsights_sitenote_category":0,"footnotes":""},"categories":[51,49],"tags":[],"class_list":["post-411710","post","type-post","status-publish","format-standard","has-post-thumbnail","hentry","category-evidenza-top","category-news-18","category-51","category-49","description-off"],"img_url":"https:\/\/www.radiopiu.net\/wordpress\/wp-content\/uploads\/2024\/09\/461489172_1097567165264281_1480099392595476514_n.jpg","_links":{"self":[{"href":"https:\/\/www.radiopiu.net\/wordpress\/wp-json\/wp\/v2\/posts\/411710","targetHints":{"allow":["GET"]}}],"collection":[{"href":"https:\/\/www.radiopiu.net\/wordpress\/wp-json\/wp\/v2\/posts"}],"about":[{"href":"https:\/\/www.radiopiu.net\/wordpress\/wp-json\/wp\/v2\/types\/post"}],"author":[{"embeddable":true,"href":"https:\/\/www.radiopiu.net\/wordpress\/wp-json\/wp\/v2\/users\/4"}],"replies":[{"embeddable":true,"href":"https:\/\/www.radiopiu.net\/wordpress\/wp-json\/wp\/v2\/comments?post=411710"}],"version-history":[{"count":9,"href":"https:\/\/www.radiopiu.net\/wordpress\/wp-json\/wp\/v2\/posts\/411710\/revisions"}],"predecessor-version":[{"id":411727,"href":"https:\/\/www.radiopiu.net\/wordpress\/wp-json\/wp\/v2\/posts\/411710\/revisions\/411727"}],"wp:featuredmedia":[{"embeddable":true,"href":"https:\/\/www.radiopiu.net\/wordpress\/wp-json\/wp\/v2\/media\/411711"}],"wp:attachment":[{"href":"https:\/\/www.radiopiu.net\/wordpress\/wp-json\/wp\/v2\/media?parent=411710"}],"wp:term":[{"taxonomy":"category","embeddable":true,"href":"https:\/\/www.radiopiu.net\/wordpress\/wp-json\/wp\/v2\/categories?post=411710"},{"taxonomy":"post_tag","embeddable":true,"href":"https:\/\/www.radiopiu.net\/wordpress\/wp-json\/wp\/v2\/tags?post=411710"}],"curies":[{"name":"wp","href":"https:\/\/api.w.org\/{rel}","templated":true}]}}