{"id":411839,"date":"2024-10-02T05:44:26","date_gmt":"2024-10-02T03:44:26","guid":{"rendered":"https:\/\/www.radiopiu.net\/wordpress\/?p=411839"},"modified":"2024-10-02T08:40:39","modified_gmt":"2024-10-02T06:40:39","slug":"giornale-radiopiu-02-ottobre-2024-direttore-mirko-mezzacasada-41-anni-25-giugno-1983-25-giugno-2024","status":"publish","type":"post","link":"https:\/\/www.radiopiu.net\/wordpress\/giornale-radiopiu-02-ottobre-2024-direttore-mirko-mezzacasada-41-anni-25-giugno-1983-25-giugno-2024\/","title":{"rendered":"GIORNALE RADIOPIU 02 OTTOBRE 2024 DIRETTORE MIRKO MEZZACASA\u2026DA 41 ANNI 25 GIUGNO 1983-25 GIUGNO 2024"},"content":{"rendered":"<h1>**<\/h1>\n<h1><img loading=\"lazy\" decoding=\"async\" class=\"alignleft\" src=\"https:\/\/www.radiopiu.net\/wordpress\/wp-content\/uploads\/2024\/07\/LUXOTTICA-1.jpg\" width=\"303\" height=\"227\" \/>\u00a0ULTIM&#8217;ORA 07.45<br \/>\nSHOPPING LUXOTTICA<\/h1>\n<div class=\"page-title-head hgroup\">\n<h3 class=\"entry-title\">ESSILORLUXOTTICA COMPLETA L\u2019ACQUISIZIONE DI SUPREME\u00ae DA VF CORPORATION<\/h3>\n<\/div>\n<p><strong>AGORDO<\/strong> EssilorLuxottica\u00a0 \u00a0ha completato l\u2019acquisizione precedentemente annunciata del marchio Supreme\u00ae da VF Corporation, leader mondiale nel settore abbigliamento, calzature e accessori lifestyle\u00a0 \u00a0per un corrispettivo di 1,5 miliardi di dollari<\/p>\n<div class=\"page-title-head hgroup\">\n<h3 class=\"entry-title\"><strong>ESSILORLUXOTTICA COMPLETA L\u2019ACQUISIZIONE DI UNA QUOTA DI MAGGIORANZA IN HEIDELBERG ENGINEERING<\/strong><\/h3>\n<\/div>\n<p><strong>AGORDO<\/strong> \u2013 EssilorLuxottica, \u00a0ha completato l\u2019acquisizione precedentemente annunciata di una partecipazione dell\u201980% di Heidelberg Engineering, azienda tedesca specializzata in soluzioni diagnostiche, tecnologie chirurgiche digitali e soluzioni IT per l\u2019oftalmologia clinica.<br \/>\nL\u2019operazione \u00e8 stata autorizzata dalle autorit\u00e0 antitrust competent<\/p>\n<p>&nbsp;<\/p>\n<p>&nbsp;<\/p>\n<p><em><span style=\"color: #ff0000;\">ATTENZIONE: LA NUOVA APP PER IOS-IPHONE di Nicola Vettorello <\/span><\/em><a href=\"https:\/\/apps.apple.com\/it\/app\/radio-pi%C3%B9-emittente-agordina\/id1515939845\">https:\/\/apps.apple.com\/it\/app\/radio-pi%C3%B9-emittente-agordina\/id1515939845<\/a><\/p>\n<p><em style=\"color: #ff0000;\">ATTENZIONE: LA NUOVA APP RADIO\u00a0 PER ANDROID di Nicola Vettorello<\/em><\/p>\n<p><a href=\"https:\/\/play.google.com\/store\/apps\/details?id=net.radiopiu.iniko\" target=\"_blank\" rel=\"noopener noreferrer\">https:\/\/<\/a><a href=\"https:\/\/play.google.com\/store\/apps\/details?id=net.radiopiu.iniko\" target=\"_blank\" rel=\"noopener noreferrer\">play.google.com\/store\/apps\/details?id=net.radiopiu.iniko\u00a0\u00a0\u00a0<\/a><\/p>\n<p>&nbsp;<\/p>\n<hr \/>\n<p>&nbsp;<\/p>\n<p><strong><a class=\"dt-pswp-item\" href=\"https:\/\/www.radiopiu.net\/wordpress\/wp-content\/uploads\/2024\/10\/cde137fa-e1be-41ac-962f-74864d99ba62.jpg\" data-dt-img-description=\"\" data-large_image_width=\"576\" data-large_image_height=\"889\"><img loading=\"lazy\" decoding=\"async\" class=\" wp-image-411937 alignleft\" src=\"https:\/\/www.radiopiu.net\/wordpress\/wp-content\/uploads\/2024\/10\/cde137fa-e1be-41ac-962f-74864d99ba62-194x300.jpg\" alt=\"\" width=\"156\" height=\"241\" srcset=\"https:\/\/www.radiopiu.net\/wordpress\/wp-content\/uploads\/2024\/10\/cde137fa-e1be-41ac-962f-74864d99ba62-194x300.jpg 194w, https:\/\/www.radiopiu.net\/wordpress\/wp-content\/uploads\/2024\/10\/cde137fa-e1be-41ac-962f-74864d99ba62.jpg 576w\" sizes=\"auto, (max-width: 156px) 100vw, 156px\" \/><\/a>OGGI ALLA RADIO&#8230;.<\/strong> <span style=\"color: #ff0000;\">ALLE 4 E ALLE 6<\/span> LE NOTIZIE DALL&#8217;ITALIA E DAL MONDO <span style=\"color: #ff0000;\"> 0500 <span style=\"color: #0000ff;\">l&#8217;almanacco della nostra gente con il MUSLA\u00a0<\/span><\/span><span style=\"color: #ff0000;\"> 6.15<\/span> PIROLE DE LENGA A CURA DEL MUSLA<span style=\"color: #ff0000;\"> 7.20<\/span> EL BAL DEL FIORI, DETTI E TRADIZIONI DI GIULIANA DA RONCH <span style=\"color: #ff0000;\">8.05<\/span> LA RASSEGNA STAMPA LOCALE<span style=\"color: #ff0000;\"> 8.30\u00a0<span style=\"color: #000000;\">PIU&#8217; SIAMO CON MARINA DONA&#8217; \u00a0<\/span> 900 <span style=\"color: #0000ff;\">L&#8217;almanacco della nostra gente con il MUSLA\u00a0 \u00a0<\/span><\/span><span style=\"color: #ff0000;\"><span style=\"color: #000000;\">9.10 liber con liana cavallet (foto) <\/span><\/span><span style=\"color: #ff0000;\">9.40<\/span> VIABILITA&#8217; CON BOTOL CAR SERVICE (AGORDO-SEDICO-FELTRE)\u00a0 \u00a0<span style=\"color: #ff0000;\">10.30 <span style=\"color: #000000;\">se non la smetti ti mando dal preside con la prof. maria rosa salmazo<\/span> <span style=\"color: #000000;\">\u00a0<\/span><\/span><span style=\"color: #000000;\">\u00a0<\/span><span style=\"color: #ff0000;\">11.30<\/span> SOTTO UN CIELO DI STELLE, ASTROFILIA CON CLAUDIO PRA\u00a0 \u00a0<span style=\"color: #ff0000;\">12.00<\/span> VA TUTTO LISCIO\u00a0 <span style=\"color: #ff0000;\">12.30<\/span> GIORNALE RADIO PRINCIPALE <span style=\"color: #ff0000;\">13.10<\/span>\u00a0 speciale oltre le vette con Valentina Ciprian<span style=\"color: #ff0000;\">\u00a013.20<span style=\"color: #000000;\">\u00a0 TRA FOGLIE E CASTAGNE, CANTA CON NOI DI E CON MARINA DONA&#8217;<\/span>\u00a0 <\/span><span style=\"color: #ff0000;\">\u00a0<\/span><span style=\"color: #ff0000;\">14.00 <span style=\"color: #000000;\">la classifica ufficiale di marco gaz\u00a0 <\/span>\u00a0<\/span><span style=\"color: #ff0000;\">15.00<\/span>\u00a0 piu&#8217; musica con marina dona&#8217; <span style=\"color: #ff0000;\">16<\/span> IL ROCK DI MARCO COSTANTINI <span style=\"color: #ff0000;\">1645<\/span> LE HIT DI MIRCO BENCIVENNI <span style=\"color: #ff0000;\">18.00<\/span> PIU&#8217; DANCE LE SELEZIONI CHE FANNO SALTARE DI DJ JACK, JACOPO DEL TEDESCO <span style=\"color: #ff0000;\">19.00 <span style=\"color: #000000;\">LE ANTICIPAZIONI DAL TG DI ANTENNA 3 DI TIZIANA BOLOGNANI<\/span><\/span><\/p>\n<p><strong>rassegna stampa nazionale,<\/strong> ogni giorno alle 5 e alle 6 del mattino<br \/>\ngiornali locali 7 rassegna stampa flash, 8 rassegna stampa, gr flash alle 10 e alle 11, principale 12.30. Informazione pomeriggio alle 15 (speciale) 16, 17, 18. Giornale radio nazionale: ogni ora dalle 5 del mattino, alle 20 della sera.<\/p>\n<p>&nbsp;<\/p>\n<p>&nbsp;<\/p>\n<hr \/>\n<p>&nbsp;<\/p>\n<p>&nbsp;<\/p>\n<div class=\"x11i5rnm xat24cr x1mh8g0r x1vvkbs xtlvy1s x126k92a\">\n<div dir=\"auto\">\n<div dir=\"auto\">\n<p><strong><a class=\"dt-pswp-item\" href=\"https:\/\/www.radiopiu.net\/wordpress\/wp-content\/uploads\/2024\/02\/2d44e751-d8a8-461b-8e22-d8e4e853b032.jpg\" data-dt-img-description=\"\" data-large_image_width=\"1600\" data-large_image_height=\"1200\"><img loading=\"lazy\" decoding=\"async\" class=\"wp-image-373307 alignleft\" src=\"https:\/\/www.radiopiu.net\/wordpress\/wp-content\/uploads\/2024\/02\/2d44e751-d8a8-461b-8e22-d8e4e853b032-300x225.jpg\" alt=\"\" width=\"105\" height=\"79\" srcset=\"https:\/\/www.radiopiu.net\/wordpress\/wp-content\/uploads\/2024\/02\/2d44e751-d8a8-461b-8e22-d8e4e853b032-300x225.jpg 300w, https:\/\/www.radiopiu.net\/wordpress\/wp-content\/uploads\/2024\/02\/2d44e751-d8a8-461b-8e22-d8e4e853b032-1024x768.jpg 1024w, https:\/\/www.radiopiu.net\/wordpress\/wp-content\/uploads\/2024\/02\/2d44e751-d8a8-461b-8e22-d8e4e853b032-768x576.jpg 768w, https:\/\/www.radiopiu.net\/wordpress\/wp-content\/uploads\/2024\/02\/2d44e751-d8a8-461b-8e22-d8e4e853b032-1536x1152.jpg 1536w, https:\/\/www.radiopiu.net\/wordpress\/wp-content\/uploads\/2024\/02\/2d44e751-d8a8-461b-8e22-d8e4e853b032.jpg 1600w\" sizes=\"auto, (max-width: 105px) 100vw, 105px\" \/><\/a>EL BAL DEL FIOR, DI GIULIANA DA RONCH, 02 OTTOBRE<\/strong><strong>\u00a02024<\/strong><\/p>\n<\/div>\n<\/div>\n<\/div>\n<div class=\"x11i5rnm xat24cr x1mh8g0r x1vvkbs xtlvy1s x126k92a\"><\/div>\n<div>\n<audio class=\"wp-audio-shortcode\" id=\"audio-411839-1\" preload=\"none\" style=\"width: 100%;\" controls=\"controls\"><source type=\"audio\/mpeg\" src=\"https:\/\/www.radiopiu.net\/wordpress\/wp-content\/uploads\/2024\/09\/GME-4.mp3?_=1\" \/><a href=\"https:\/\/www.radiopiu.net\/wordpress\/wp-content\/uploads\/2024\/09\/GME-4.mp3\">https:\/\/www.radiopiu.net\/wordpress\/wp-content\/uploads\/2024\/09\/GME-4.mp3<\/a><\/audio>\n<\/div>\n<div><\/div>\n<p>&nbsp;<\/p>\n<hr \/>\n<p>&nbsp;<\/p>\n<div class=\"x11i5rnm xat24cr x1mh8g0r x1vvkbs xtlvy1s x126k92a\">\n<h1><span style=\"color: #ff0000;\"><a class=\"dt-pswp-item\" href=\"https:\/\/www.radiopiu.net\/wordpress\/wp-content\/uploads\/2024\/06\/th-5.jpg\" data-dt-img-description=\"\" data-large_image_width=\"326\" data-large_image_height=\"180\"><img loading=\"lazy\" decoding=\"async\" class=\"size-medium wp-image-395881 alignleft\" src=\"https:\/\/www.radiopiu.net\/wordpress\/wp-content\/uploads\/2024\/06\/th-5-300x166.jpg\" alt=\"\" width=\"300\" height=\"166\" srcset=\"https:\/\/www.radiopiu.net\/wordpress\/wp-content\/uploads\/2024\/06\/th-5-300x166.jpg 300w, https:\/\/www.radiopiu.net\/wordpress\/wp-content\/uploads\/2024\/06\/th-5.jpg 326w\" sizes=\"auto, (max-width: 300px) 100vw, 300px\" \/><\/a><\/span><\/h1>\n<h1><\/h1>\n<h1><\/h1>\n<h1><span style=\"color: #000000;\">02 OTTOBRE&#8230; alla radio l&#8217;almanacco\u00a0<\/span><\/h1>\n<p>&nbsp;<\/p>\n<audio class=\"wp-audio-shortcode\" id=\"audio-411839-2\" preload=\"none\" style=\"width: 100%;\" controls=\"controls\"><source type=\"audio\/mpeg\" src=\"https:\/\/www.radiopiu.net\/wordpress\/wp-content\/uploads\/2024\/10\/ALMANACCONEW-1.mp3?_=2\" \/><a href=\"https:\/\/www.radiopiu.net\/wordpress\/wp-content\/uploads\/2024\/10\/ALMANACCONEW-1.mp3\">https:\/\/www.radiopiu.net\/wordpress\/wp-content\/uploads\/2024\/10\/ALMANACCONEW-1.mp3<\/a><\/audio>\n<p>&nbsp;<\/p>\n<p>&nbsp;<\/p>\n<hr \/>\n<p>&nbsp;<\/p>\n<p>&nbsp;<\/p>\n<blockquote>\n<h1><strong><a class=\"dt-pswp-item\" href=\"https:\/\/www.radiopiu.net\/wordpress\/wp-content\/uploads\/2024\/09\/settembre-2024-calendario-it2.jpg\" data-dt-img-description=\"Optimized by JPEGmini 3.13.0.8 0x813388d2\" data-large_image_width=\"1325\" data-large_image_height=\"1004\"><img loading=\"lazy\" decoding=\"async\" class=\" wp-image-409701 alignleft\" src=\"https:\/\/www.radiopiu.net\/wordpress\/wp-content\/uploads\/2024\/09\/settembre-2024-calendario-it2-300x227.jpg\" alt=\"\" width=\"187\" height=\"142\" srcset=\"https:\/\/www.radiopiu.net\/wordpress\/wp-content\/uploads\/2024\/09\/settembre-2024-calendario-it2-300x227.jpg 300w, https:\/\/www.radiopiu.net\/wordpress\/wp-content\/uploads\/2024\/09\/settembre-2024-calendario-it2-1024x776.jpg 1024w, https:\/\/www.radiopiu.net\/wordpress\/wp-content\/uploads\/2024\/09\/settembre-2024-calendario-it2-768x582.jpg 768w, https:\/\/www.radiopiu.net\/wordpress\/wp-content\/uploads\/2024\/09\/settembre-2024-calendario-it2.jpg 1325w\" sizes=\"auto, (max-width: 187px) 100vw, 187px\" \/><\/a>N di parom &#8211; L Almanach de la nosta jent<\/strong><\/h1>\n<\/blockquote>\n<p>Le voci: Davide Conedera, Agordo, Michela Dell&#8217;Osbel, La Valle Agordina Simone Ganz, Falcade Veronica Lezuo, Colle Santa Lucia. La voce nella sigla \u00e8 di Giorgia Taio<\/p>\n<p><strong>LA PUNTATA DI OGGI, 02 OTTOBRE\u00a0<\/strong><\/p>\n<\/div>\n<div class=\"x11i5rnm xat24cr x1mh8g0r x1vvkbs xtlvy1s x126k92a\">\n<audio class=\"wp-audio-shortcode\" id=\"audio-411839-3\" preload=\"none\" style=\"width: 100%;\" controls=\"controls\"><source type=\"audio\/mpeg\" src=\"https:\/\/www.radiopiu.net\/wordpress\/wp-content\/uploads\/2024\/09\/2_otober_Davide.mp3?_=3\" \/><a href=\"https:\/\/www.radiopiu.net\/wordpress\/wp-content\/uploads\/2024\/09\/2_otober_Davide.mp3\">https:\/\/www.radiopiu.net\/wordpress\/wp-content\/uploads\/2024\/09\/2_otober_Davide.mp3<\/a><\/audio>\n<p>&nbsp;<\/p>\n<div dir=\"auto\">\n<hr \/>\n<\/div>\n<\/div>\n<blockquote>\n<blockquote>\n<h1><span style=\"color: #ff0000;\">\u00a0<\/span><\/h1>\n<h1><span style=\"color: #ff0000;\">I podcast informativi del mattino &#8211; audio &#8211;\u00a0\u00a0<\/span><\/h1>\n<\/blockquote>\n<p><strong><a class=\"dt-pswp-item\" href=\"https:\/\/www.radiopiu.net\/wordpress\/wp-content\/uploads\/2023\/11\/th-10.jpg\" data-dt-img-description=\"\" data-large_image_width=\"320\" data-large_image_height=\"180\"><img loading=\"lazy\" decoding=\"async\" class=\"wp-image-362866 alignleft\" src=\"https:\/\/www.radiopiu.net\/wordpress\/wp-content\/uploads\/2023\/11\/th-10-300x169.jpg\" alt=\"\" width=\"185\" height=\"104\" srcset=\"https:\/\/www.radiopiu.net\/wordpress\/wp-content\/uploads\/2023\/11\/th-10-300x169.jpg 300w, https:\/\/www.radiopiu.net\/wordpress\/wp-content\/uploads\/2023\/11\/th-10.jpg 320w\" sizes=\"auto, (max-width: 185px) 100vw, 185px\" \/><\/a>LA RASSEGNA STAMPA NAZIONALE ALLA RADIO, OGNI GIORNO ALLE 5 E ALLE 6 DEL MATTINO <span style=\"color: #0000ff;\">viene pubblicata alle 6.00 <span style=\"color: #ff0000;\">DIRETTA RADIO\u00a0 \u00a0\u00a0<\/span><\/span><\/strong><\/p><\/blockquote>\n<p>&nbsp;<\/p>\n<p><strong>NOTIZIE DELLA NOTTE\u00a0 <\/strong><\/p>\n<p>&nbsp;<\/p>\n<p><strong>Borsa<\/strong>: Hong Kong a +4,54%, vola oltre quota 22.000 punti <strong>Frammenti di missili<\/strong> dall&#8217;Iran sulla Giordania, tre feriti lievi<br \/>\n<strong>Xi a Putin:<\/strong> pronto a espandere la cooperazione tra Cina e Russia <strong>Usa 2024,<\/strong> Walz a Vance: diffami e disumanizzi gli immigrati\u00a0 <strong>Macron:<\/strong> la Francia ha mobilitato sue forze contro minaccia Iran <strong>&#8216;I raid di Israele<\/strong> hanno distrutto met\u00e0 arsenale di Hezbollah&#8217;<strong>\u00a0\u00a0<\/strong><\/p>\n<h2>AUDIO dalle 6 del mattino<\/h2>\n<audio class=\"wp-audio-shortcode\" id=\"audio-411839-4\" preload=\"none\" style=\"width: 100%;\" controls=\"controls\"><source type=\"audio\/mpeg\" src=\"https:\/\/www.radiopiu.net\/wordpress\/wp-content\/uploads\/2024\/10\/GIORNALEDELLESEI-1.mp3?_=4\" \/><a href=\"https:\/\/www.radiopiu.net\/wordpress\/wp-content\/uploads\/2024\/10\/GIORNALEDELLESEI-1.mp3\">https:\/\/www.radiopiu.net\/wordpress\/wp-content\/uploads\/2024\/10\/GIORNALEDELLESEI-1.mp3<\/a><\/audio>\n<p>&nbsp;<\/p>\n<p>&nbsp;<\/p>\n<p>&nbsp;<\/p>\n<hr \/>\n<p>&nbsp;<\/p>\n<h1 style=\"text-align: center;\"><span style=\"color: #ff0000;\">I podcast informativi del mattino &#8211; audio &#8211;\u00a0<\/span><\/h1>\n<p><strong><a class=\"dt-pswp-item\" href=\"https:\/\/www.radiopiu.net\/wordpress\/wp-content\/uploads\/2023\/12\/images.png\" data-dt-img-description=\"\" data-large_image_width=\"316\" data-large_image_height=\"160\"><img loading=\"lazy\" decoding=\"async\" class=\"wp-image-367008 alignleft\" src=\"https:\/\/www.radiopiu.net\/wordpress\/wp-content\/uploads\/2023\/12\/images-300x152.png\" alt=\"\" width=\"235\" height=\"119\" srcset=\"https:\/\/www.radiopiu.net\/wordpress\/wp-content\/uploads\/2023\/12\/images-300x152.png 300w, https:\/\/www.radiopiu.net\/wordpress\/wp-content\/uploads\/2023\/12\/images.png 316w\" sizes=\"auto, (max-width: 235px) 100vw, 235px\" \/><\/a>OGNI GIORNO ALLE SETTE DEL MATTINO, LA RASSEGNA STAMPA LOCALE FLASH&#8230; PER CHI VA IN FRETTA. I TITOLI DAI GIORNALI E DAL SITO WWW.RADIOPIU.NET <span style=\"color: #0000ff;\">viene pubblicato alle 7.00<\/span> <span style=\"color: #ff0000;\">DIRETTA RADIO\u00a0<\/span><\/strong><\/p>\n<p><em><span style=\"color: #ff0000;\">per chi va in fretta&#8230; tante notizie in pochi minuti. L&#8217;informazione locale alla radio, ogni ora dalle 7 del mattino alle 19 della sera.<\/span><\/em><\/p>\n<h1>AUDIO dalle 7 del mattino<\/h1>\n<audio class=\"wp-audio-shortcode\" id=\"audio-411839-5\" preload=\"none\" style=\"width: 100%;\" controls=\"controls\"><source type=\"audio\/mpeg\" src=\"https:\/\/www.radiopiu.net\/wordpress\/wp-content\/uploads\/2024\/10\/GF07-1.mp3?_=5\" \/><a href=\"https:\/\/www.radiopiu.net\/wordpress\/wp-content\/uploads\/2024\/10\/GF07-1.mp3\">https:\/\/www.radiopiu.net\/wordpress\/wp-content\/uploads\/2024\/10\/GF07-1.mp3<\/a><\/audio>\n<p>&nbsp;<\/p>\n<p>&nbsp;<\/p>\n<p>&nbsp;<\/p>\n<hr \/>\n<p>&nbsp;<\/p>\n<h1><\/h1>\n<h1 style=\"text-align: center;\"><span style=\"color: #ff0000;\"><a class=\"dt-pswp-item\" href=\"https:\/\/www.radiopiu.net\/wordpress\/wp-content\/uploads\/2022\/01\/026c3f9d-dae9-4040-a3c1-a6530231bcc3.jpg\" data-dt-img-description=\"\" data-large_image_width=\"1152\" data-large_image_height=\"2048\"><img loading=\"lazy\" decoding=\"async\" class=\"wp-image-251839 alignleft\" src=\"https:\/\/www.radiopiu.net\/wordpress\/wp-content\/uploads\/2022\/01\/026c3f9d-dae9-4040-a3c1-a6530231bcc3-169x300.jpg\" alt=\"\" width=\"100\" height=\"177\" srcset=\"https:\/\/www.radiopiu.net\/wordpress\/wp-content\/uploads\/2022\/01\/026c3f9d-dae9-4040-a3c1-a6530231bcc3-169x300.jpg 169w, https:\/\/www.radiopiu.net\/wordpress\/wp-content\/uploads\/2022\/01\/026c3f9d-dae9-4040-a3c1-a6530231bcc3-576x1024.jpg 576w, https:\/\/www.radiopiu.net\/wordpress\/wp-content\/uploads\/2022\/01\/026c3f9d-dae9-4040-a3c1-a6530231bcc3-768x1365.jpg 768w, https:\/\/www.radiopiu.net\/wordpress\/wp-content\/uploads\/2022\/01\/026c3f9d-dae9-4040-a3c1-a6530231bcc3-864x1536.jpg 864w, https:\/\/www.radiopiu.net\/wordpress\/wp-content\/uploads\/2022\/01\/026c3f9d-dae9-4040-a3c1-a6530231bcc3.jpg 1152w\" sizes=\"auto, (max-width: 100px) 100vw, 100px\" \/><\/a>I podcast informativi del mattino &#8211; audio &#8211;\u00a0<\/span><\/h1>\n<blockquote><p><strong>GIORNALE RADIO NAZIONALE, EDIZIONE DELLE SETTE <span style=\"color: #0000ff;\">viene pubblicato alle 7.05 <span style=\"color: #ff0000;\">DIRETTA RADIO\u00a0<\/span><\/span><\/strong><\/p><\/blockquote>\n<p><strong>il giornale radionazionale e&#8217; in onda ogni ora, dalle sette del mattino alle venti della sera\u00a0 \u00a0<\/strong><strong>\u00a0<\/strong><\/p>\n<p><strong>REGGIO CALABRIA<\/strong> Condannato per l&#8217;omicidio di Nicholas Green, chiede la revisione del processo <strong>SALERNO<\/strong> Duplice omicidio nel mercato del pesce, spari e paura tra i presenti <strong>FOGGIA<\/strong> Maestra accetta incarico alle Tremiti, la scuola dell&#8217;infanzia riapre <strong>GENOVA<\/strong> Scontri al derby, arrestati rischiano fino a 15 anni di carcere <strong>MILANO<\/strong> Inchiesta ultr\u00e0: Pm pronti a sentire Inzaghi, Zanetti, Skriniar e Calabria <strong>MONZA<\/strong> Sedicenne massacra un imprenditore: &#8216;Lui o un altro era uguale&#8217; <strong>NAPOLI<\/strong> &#8216;Rubiamo, ma siamo onesti&#8217;. I ladri restituiscono il cane alla bimba disabile<\/p>\n<p><span style=\"color: #ff0000;\">\u00a0<\/span><\/p>\n<p><span style=\"color: #ff0000;\">EDIZIONE DELLE 20, DEL 29 SETTEMBRE 2024<\/span><\/p>\n<audio class=\"wp-audio-shortcode\" id=\"audio-411839-6\" preload=\"none\" style=\"width: 100%;\" controls=\"controls\"><source type=\"audio\/mpeg\" src=\"https:\/\/www.radiopiu.net\/wordpress\/wp-content\/uploads\/2024\/10\/giornale07-2.mp3?_=6\" \/><a href=\"https:\/\/www.radiopiu.net\/wordpress\/wp-content\/uploads\/2024\/10\/giornale07-2.mp3\">https:\/\/www.radiopiu.net\/wordpress\/wp-content\/uploads\/2024\/10\/giornale07-2.mp3<\/a><\/audio>\n<p>&nbsp;<\/p>\n<p><span style=\"color: #ff0000;\">EDIZIONE DELLE 19, DEL 29 SETTEMBRE 2024, LO SPORT<\/span><\/p>\n<audio class=\"wp-audio-shortcode\" id=\"audio-411839-7\" preload=\"none\" style=\"width: 100%;\" controls=\"controls\"><source type=\"audio\/mpeg\" src=\"https:\/\/www.radiopiu.net\/wordpress\/wp-content\/uploads\/2024\/10\/gr-sport-1.mp3?_=7\" \/><a href=\"https:\/\/www.radiopiu.net\/wordpress\/wp-content\/uploads\/2024\/10\/gr-sport-1.mp3\">https:\/\/www.radiopiu.net\/wordpress\/wp-content\/uploads\/2024\/10\/gr-sport-1.mp3<\/a><\/audio>\n<h2><\/h2>\n<h2>AUDIO dalle sette del mattino, ogni ora alla radio<\/h2>\n<audio class=\"wp-audio-shortcode\" id=\"audio-411839-8\" preload=\"none\" style=\"width: 100%;\" controls=\"controls\"><source type=\"audio\/mpeg\" src=\"https:\/\/www.radiopiu.net\/wordpress\/wp-content\/uploads\/2024\/10\/GF07-1.mp3?_=8\" \/><a href=\"https:\/\/www.radiopiu.net\/wordpress\/wp-content\/uploads\/2024\/10\/GF07-1.mp3\">https:\/\/www.radiopiu.net\/wordpress\/wp-content\/uploads\/2024\/10\/GF07-1.mp3<\/a><\/audio>\n<p>&nbsp;<\/p>\n<hr \/>\n<p>&nbsp;<\/p>\n<p>&nbsp;<\/p>\n<h1><span style=\"color: #ff0000;\">I podcast informativi del mattino &#8211; video &#8211;\u00a0<\/span><\/h1>\n<h2 style=\"text-align: left;\"><strong>RASSEGNA STAMPA LOCALE, ORE OTTO 05<\/strong><\/h2>\n<h2><strong> <span style=\"color: #0000ff;\">viene\u00a0 <\/span><\/strong><strong><span style=\"color: #0000ff;\">pubblicata alle 8.05 <span style=\"color: #ff0000;\">DIRETTA RADIO\u00a0 \u00a0<\/span><\/span><\/strong><strong>DI MIRKO MEZZACASA<\/strong><\/h2>\n<h2><span style=\"color: #ff0000;\"><strong>VIDEO\u00a0 \u00a0in diretta dalle 8 del mattino\u00a0 \u00a0<\/strong><\/span><\/h2>\n<p>&nbsp;<\/p>\n<p>&nbsp;<\/p>\n<h1><span style=\"color: #ff0000;\">SIAMO IN DIRETTA<\/span><\/h1>\n<h1>PER ASCOLTARE LA PROGRAMMAZIONE IN DIRETTA:<\/h1>\n<h1><span style=\"color: #0000ff;\"><a style=\"color: #0000ff;\" href=\"https:\/\/www.shoutcaststreaming.it\/clients\/radiopiu\/\">\u00a0 CLICCA QUI\u00a0<\/a><\/span><\/h1>\n<p>&nbsp;<\/p>\n<p><a class=\"dt-pswp-item\" href=\"https:\/\/www.radiopiu.net\/wordpress\/wp-content\/uploads\/2024\/10\/Senza-nome-5.png\" data-dt-img-description=\"\" data-large_image_width=\"356\" data-large_image_height=\"192\"><img loading=\"lazy\" decoding=\"async\" class=\"alignnone size-medium wp-image-412078\" src=\"https:\/\/www.radiopiu.net\/wordpress\/wp-content\/uploads\/2024\/10\/Senza-nome-5-300x162.png\" alt=\"\" width=\"300\" height=\"162\" srcset=\"https:\/\/www.radiopiu.net\/wordpress\/wp-content\/uploads\/2024\/10\/Senza-nome-5-300x162.png 300w, https:\/\/www.radiopiu.net\/wordpress\/wp-content\/uploads\/2024\/10\/Senza-nome-5.png 356w\" sizes=\"auto, (max-width: 300px) 100vw, 300px\" \/><\/a><a class=\"dt-pswp-item\" href=\"https:\/\/www.radiopiu.net\/wordpress\/wp-content\/uploads\/2024\/10\/COPER.png\" data-dt-img-description=\"\" data-large_image_width=\"277\" data-large_image_height=\"136\"><img loading=\"lazy\" decoding=\"async\" class=\"alignnone size-full wp-image-412077\" src=\"https:\/\/www.radiopiu.net\/wordpress\/wp-content\/uploads\/2024\/10\/COPER.png\" alt=\"\" width=\"277\" height=\"136\" \/><\/a><a class=\"dt-pswp-item\" href=\"https:\/\/www.radiopiu.net\/wordpress\/wp-content\/uploads\/2024\/10\/Senza-nome-4.png\" data-dt-img-description=\"\" data-large_image_width=\"518\" data-large_image_height=\"372\"><img loading=\"lazy\" decoding=\"async\" class=\"alignnone size-medium wp-image-412076\" src=\"https:\/\/www.radiopiu.net\/wordpress\/wp-content\/uploads\/2024\/10\/Senza-nome-4-300x215.png\" alt=\"\" width=\"300\" height=\"215\" srcset=\"https:\/\/www.radiopiu.net\/wordpress\/wp-content\/uploads\/2024\/10\/Senza-nome-4-300x215.png 300w, https:\/\/www.radiopiu.net\/wordpress\/wp-content\/uploads\/2024\/10\/Senza-nome-4.png 518w\" sizes=\"auto, (max-width: 300px) 100vw, 300px\" \/><\/a><a class=\"dt-pswp-item\" href=\"https:\/\/www.radiopiu.net\/wordpress\/wp-content\/uploads\/2024\/10\/Senza-nome-2.png\" data-dt-img-description=\"\" data-large_image_width=\"475\" data-large_image_height=\"328\"><img loading=\"lazy\" decoding=\"async\" class=\"alignnone size-medium wp-image-412069\" src=\"https:\/\/www.radiopiu.net\/wordpress\/wp-content\/uploads\/2024\/10\/Senza-nome-2-300x207.png\" alt=\"\" width=\"300\" height=\"207\" srcset=\"https:\/\/www.radiopiu.net\/wordpress\/wp-content\/uploads\/2024\/10\/Senza-nome-2-300x207.png 300w, https:\/\/www.radiopiu.net\/wordpress\/wp-content\/uploads\/2024\/10\/Senza-nome-2.png 475w\" sizes=\"auto, (max-width: 300px) 100vw, 300px\" \/><\/a><\/p>\n<hr \/>\n<p>&nbsp;<\/p>\n<p>&nbsp;<\/p>\n<p><strong><a class=\"dt-pswp-item\" href=\"https:\/\/www.radiopiu.net\/wordpress\/wp-content\/uploads\/2023\/12\/ANTENNA.png\" data-dt-img-description=\"\" data-large_image_width=\"300\" data-large_image_height=\"166\"><img loading=\"lazy\" decoding=\"async\" class=\" wp-image-366306 alignleft\" src=\"https:\/\/www.radiopiu.net\/wordpress\/wp-content\/uploads\/2023\/12\/ANTENNA.png\" alt=\"\" width=\"175\" height=\"97\" \/><\/a>IERI SERA, DAL TG DI ANTENNA 3, ogni sera alle 19 le anticipazioni alla radio, quello che poi seguirete nel TELEGIORNALE BELLUNESE\u00a0 in onda alle 19.30 sul CANALE 10 del digitale terrestre.\u00a0\u00a0<\/strong><\/p>\n<p style=\"text-align: center;\"><span style=\"color: #ff0000;\"><strong>I TITOLI DEL TELEGIORNALE ALLA RADIO, DI\u00a0 FABIO FIORAVANZI<\/strong><\/span><\/p>\n<audio class=\"wp-audio-shortcode\" id=\"audio-411839-9\" preload=\"none\" style=\"width: 100%;\" controls=\"controls\"><source type=\"audio\/mpeg\" src=\"https:\/\/www.radiopiu.net\/wordpress\/wp-content\/uploads\/2024\/10\/ANTENNA3-1.mp3?_=9\" \/><a href=\"https:\/\/www.radiopiu.net\/wordpress\/wp-content\/uploads\/2024\/10\/ANTENNA3-1.mp3\">https:\/\/www.radiopiu.net\/wordpress\/wp-content\/uploads\/2024\/10\/ANTENNA3-1.mp3<\/a><\/audio>\n<p>&nbsp;<\/p>\n<p>&nbsp;<\/p>\n<hr \/>\n<p>&nbsp;<\/p>\n<blockquote>\n<h3><a class=\"dt-pswp-item\" href=\"https:\/\/www.radiopiu.net\/wordpress\/wp-content\/uploads\/2023\/12\/Palazzetti-Cingolani.jpg\" data-dt-img-description=\"\" data-large_image_width=\"1920\" data-large_image_height=\"1080\"><img loading=\"lazy\" decoding=\"async\" class=\"wp-image-366196 alignleft\" src=\"https:\/\/www.radiopiu.net\/wordpress\/wp-content\/uploads\/2023\/12\/Palazzetti-Cingolani-300x169.jpg\" alt=\"\" width=\"169\" height=\"95\" srcset=\"https:\/\/www.radiopiu.net\/wordpress\/wp-content\/uploads\/2023\/12\/Palazzetti-Cingolani-300x169.jpg 300w, https:\/\/www.radiopiu.net\/wordpress\/wp-content\/uploads\/2023\/12\/Palazzetti-Cingolani-1024x576.jpg 1024w, https:\/\/www.radiopiu.net\/wordpress\/wp-content\/uploads\/2023\/12\/Palazzetti-Cingolani-768x432.jpg 768w, https:\/\/www.radiopiu.net\/wordpress\/wp-content\/uploads\/2023\/12\/Palazzetti-Cingolani-1536x864.jpg 1536w, https:\/\/www.radiopiu.net\/wordpress\/wp-content\/uploads\/2023\/12\/Palazzetti-Cingolani.jpg 1920w\" sizes=\"auto, (max-width: 169px) 100vw, 169px\" \/><\/a>Il Comune di Feltre informa<\/h3>\n<\/blockquote>\n<div><em>che a partire da luned\u00ec la ditta Abaco sar\u00e0 presente sul territorio comunale per l\u2019attivit\u00e0 di controllo delle esposizioni pubblicitarie con un proprio collaboratore munito di tessera di riconoscimento. Lo stesso effettuer\u00e0 rilievi fotografici, misurazione dei manufatti e, ove necessario, richiesta di informazioni ai contribuenti.<\/em><\/div>\n<p>&nbsp;<\/p>\n<p>&nbsp;<\/p>\n<hr \/>\n<p>&nbsp;<\/p>\n<blockquote>\n<h3><a class=\"dt-pswp-item\" href=\"https:\/\/www.radiopiu.net\/wordpress\/wp-content\/uploads\/2024\/03\/Bim-GSP-Distrettualizzazione-Agordo-Posa-nuove-valvole-4.jpg\" data-dt-img-description=\"\" data-large_image_width=\"1920\" data-large_image_height=\"1080\"><img loading=\"lazy\" decoding=\"async\" class=\"wp-image-381660 alignleft\" src=\"https:\/\/www.radiopiu.net\/wordpress\/wp-content\/uploads\/2024\/03\/Bim-GSP-Distrettualizzazione-Agordo-Posa-nuove-valvole-4-300x169.jpg\" alt=\"\" width=\"156\" height=\"88\" srcset=\"https:\/\/www.radiopiu.net\/wordpress\/wp-content\/uploads\/2024\/03\/Bim-GSP-Distrettualizzazione-Agordo-Posa-nuove-valvole-4-300x169.jpg 300w, https:\/\/www.radiopiu.net\/wordpress\/wp-content\/uploads\/2024\/03\/Bim-GSP-Distrettualizzazione-Agordo-Posa-nuove-valvole-4-1024x576.jpg 1024w, https:\/\/www.radiopiu.net\/wordpress\/wp-content\/uploads\/2024\/03\/Bim-GSP-Distrettualizzazione-Agordo-Posa-nuove-valvole-4-768x432.jpg 768w, https:\/\/www.radiopiu.net\/wordpress\/wp-content\/uploads\/2024\/03\/Bim-GSP-Distrettualizzazione-Agordo-Posa-nuove-valvole-4-1536x864.jpg 1536w, https:\/\/www.radiopiu.net\/wordpress\/wp-content\/uploads\/2024\/03\/Bim-GSP-Distrettualizzazione-Agordo-Posa-nuove-valvole-4.jpg 1920w\" sizes=\"auto, (max-width: 156px) 100vw, 156px\" \/><\/a>ROCCA PIETORE, ACQUA INQUINATA<\/h3>\n<\/blockquote>\n<p><strong>ROCCA PIETORE<\/strong> a ROCCA PIETORE in localit\u00e0 SOPRACORDEVOLE, VAL, DAGAI, DAVARE, LE COSTE e RONCH l&#8217;acqua erogata dall&#8217;acquedotto non \u00e8 potabile e non pu\u00f2 essere usata per scopi alimentari. Verr\u00e0 effettuato servizio sostitutivo con cisterna c\/o ex Ufficio Postale.<\/p>\n<p>&nbsp;<\/p>\n<hr \/>\n<p>&nbsp;<\/p>\n<blockquote>\n<h3>OGGI L&#8217;ULTIMO SALUTO A GRAZIELLA ZASSO<\/h3>\n<\/blockquote>\n<p><strong><a class=\"dt-pswp-item\" href=\"https:\/\/www.radiopiu.net\/wordpress\/wp-content\/uploads\/2024\/10\/GRAZIELLA-ZASSO.png\" data-dt-img-description=\"\" data-large_image_width=\"255\" data-large_image_height=\"352\"><img loading=\"lazy\" decoding=\"async\" class=\" wp-image-411973 alignleft\" src=\"https:\/\/www.radiopiu.net\/wordpress\/wp-content\/uploads\/2024\/10\/GRAZIELLA-ZASSO-150x150.png\" alt=\"\" width=\"121\" height=\"121\" \/><\/a><\/strong><\/p>\n<p><strong>AGORDO<\/strong> Una comunit\u00e0 in lutto ad Agordo per la scomparsa di Graziella Zasso, la mamma di Rinaldo Zasso mancato nel novembre di tre anni fa. A darne il triste annuncio il figlio Matteo, i nipoti Beatrice, Angelica, Caterina ed Enrico, con Michela, Elena, Daniela e Marica, Il Fratello, La cognata e i parenti tutti. I funerali verranno celebrati nella chiesa Arcidiaconale di Agordo oggi alle 14:30. Dopo il rito funebre Graziella proseguir\u00e0 per la cremazione.<\/p>\n<p>Graziella a Taibon ha lasciato un segno importante negli anni in cui ha gestito il Bar Cooperativa, sulla strada che porta alla chiesa, in prossimit\u00e0 dell&#8217;attuale ufficio postale. Precisa, affabile con i clienti, anche con i pi\u00f9 giovani di allora.<strong>\u00a0<\/strong><\/p>\n<p>&nbsp;<\/p>\n<p>&nbsp;<\/p>\n<hr \/>\n<p>&nbsp;<\/p>\n<blockquote>\n<h3>Soverzene, bloccati nel Piave con i fuoristrada: soccorse 5 persone<\/h3>\n<\/blockquote>\n<p><em><strong>Illesi dopo l&#8217;intervento dei vigili del fuoco<\/strong><\/em><\/p>\n<p><strong>SOVERZENE<\/strong> Cinque persone, rimaste bloccate nel Piave con due fuoristrada dopo un taglio di vegetazione, sono state salvate dai vigili del fuoco. L\u2019intervento, avvenuto a Soverzene, ha richiesto l&#8217;uso di un gommone e tecniche di soccorso fluviale per mettere in salvo gli operatori. Successivamente, i veicoli sono stati trainati a riva con verricelli. L&#8217;intera operazione, iniziata alle 14 e conclusa in serata, si \u00e8 svolta senza feriti.<\/p>\n<p><a class=\"dt-pswp-item\" href=\"https:\/\/www.radiopiu.net\/wordpress\/wp-content\/uploads\/2024\/10\/2c06907a-92d5-498d-bc25-801f15381e4b.jpg\" data-dt-img-description=\"\" data-large_image_width=\"1068\" data-large_image_height=\"763\"><img loading=\"lazy\" decoding=\"async\" class=\"alignnone size-medium wp-image-412039\" src=\"https:\/\/www.radiopiu.net\/wordpress\/wp-content\/uploads\/2024\/10\/2c06907a-92d5-498d-bc25-801f15381e4b-300x214.jpg\" alt=\"\" width=\"300\" height=\"214\" srcset=\"https:\/\/www.radiopiu.net\/wordpress\/wp-content\/uploads\/2024\/10\/2c06907a-92d5-498d-bc25-801f15381e4b-300x214.jpg 300w, https:\/\/www.radiopiu.net\/wordpress\/wp-content\/uploads\/2024\/10\/2c06907a-92d5-498d-bc25-801f15381e4b-1024x732.jpg 1024w, https:\/\/www.radiopiu.net\/wordpress\/wp-content\/uploads\/2024\/10\/2c06907a-92d5-498d-bc25-801f15381e4b-768x549.jpg 768w, https:\/\/www.radiopiu.net\/wordpress\/wp-content\/uploads\/2024\/10\/2c06907a-92d5-498d-bc25-801f15381e4b.jpg 1068w\" sizes=\"auto, (max-width: 300px) 100vw, 300px\" \/><\/a><a class=\"dt-pswp-item\" href=\"https:\/\/www.radiopiu.net\/wordpress\/wp-content\/uploads\/2024\/10\/df5fa77d-b944-45a4-86ee-9c6f2f341da8.jpg\" data-dt-img-description=\"\" data-large_image_width=\"1280\" data-large_image_height=\"914\"><img loading=\"lazy\" decoding=\"async\" class=\"alignnone size-medium wp-image-412041\" src=\"https:\/\/www.radiopiu.net\/wordpress\/wp-content\/uploads\/2024\/10\/df5fa77d-b944-45a4-86ee-9c6f2f341da8-300x214.jpg\" alt=\"\" width=\"300\" height=\"214\" srcset=\"https:\/\/www.radiopiu.net\/wordpress\/wp-content\/uploads\/2024\/10\/df5fa77d-b944-45a4-86ee-9c6f2f341da8-300x214.jpg 300w, https:\/\/www.radiopiu.net\/wordpress\/wp-content\/uploads\/2024\/10\/df5fa77d-b944-45a4-86ee-9c6f2f341da8-1024x731.jpg 1024w, https:\/\/www.radiopiu.net\/wordpress\/wp-content\/uploads\/2024\/10\/df5fa77d-b944-45a4-86ee-9c6f2f341da8-768x548.jpg 768w, https:\/\/www.radiopiu.net\/wordpress\/wp-content\/uploads\/2024\/10\/df5fa77d-b944-45a4-86ee-9c6f2f341da8.jpg 1280w\" sizes=\"auto, (max-width: 300px) 100vw, 300px\" \/><\/a><a class=\"dt-pswp-item\" href=\"https:\/\/www.radiopiu.net\/wordpress\/wp-content\/uploads\/2024\/10\/1b881a05-3c68-4b92-9bbd-6810d4150e72.jpg\" data-dt-img-description=\"\" data-large_image_width=\"941\" data-large_image_height=\"672\"><img loading=\"lazy\" decoding=\"async\" class=\"alignnone size-medium wp-image-412040\" src=\"https:\/\/www.radiopiu.net\/wordpress\/wp-content\/uploads\/2024\/10\/1b881a05-3c68-4b92-9bbd-6810d4150e72-300x214.jpg\" alt=\"\" width=\"300\" height=\"214\" srcset=\"https:\/\/www.radiopiu.net\/wordpress\/wp-content\/uploads\/2024\/10\/1b881a05-3c68-4b92-9bbd-6810d4150e72-300x214.jpg 300w, https:\/\/www.radiopiu.net\/wordpress\/wp-content\/uploads\/2024\/10\/1b881a05-3c68-4b92-9bbd-6810d4150e72-768x548.jpg 768w, https:\/\/www.radiopiu.net\/wordpress\/wp-content\/uploads\/2024\/10\/1b881a05-3c68-4b92-9bbd-6810d4150e72.jpg 941w\" sizes=\"auto, (max-width: 300px) 100vw, 300px\" \/><\/a><\/p>\n<p>&nbsp;<\/p>\n<hr \/>\n<p>&nbsp;<\/p>\n<blockquote>\n<h3>INCIDENTE NEL CUORE DELLA NOTTE A PONTE NELLE ALPI<\/h3>\n<\/blockquote>\n<p><strong><img loading=\"lazy\" decoding=\"async\" class=\"alignleft\" src=\"https:\/\/www.radiopiu.net\/wordpress\/wp-content\/uploads\/2024\/10\/th-2.jpg\" width=\"172\" height=\"104\" \/>PONTE NELLE ALPI\u00a0 <\/strong>Ieri la chiamata al 118 \u00e8 partita alle 3 e mezzo del mattino, l&#8217;incidente a Ponte nelle Alpi ha coinvolto due persone, un ragazzo di 20 anni e un anziano di 81 di Longarone. Entrambi sono stati medicati al pronto soccorso dell&#8217;ospedale San Martino.<\/p>\n<p>&nbsp;<\/p>\n<p>&nbsp;<\/p>\n<p>&nbsp;<\/p>\n<hr \/>\n<p>&nbsp;<\/p>\n<p>&nbsp;<\/p>\n<blockquote><p><strong><a class=\"dt-pswp-item\" href=\"https:\/\/www.radiopiu.net\/wordpress\/wp-content\/uploads\/2020\/11\/polizia-belluno-giovani-scaled.jpg\" data-dt-img-description=\"\" data-large_image_width=\"1920\" data-large_image_height=\"2560\"><img loading=\"lazy\" decoding=\"async\" class=\"wp-image-172861 alignleft\" src=\"https:\/\/www.radiopiu.net\/wordpress\/wp-content\/uploads\/2020\/11\/polizia-belluno-giovani-225x300.jpg\" alt=\"\" width=\"92\" height=\"123\" srcset=\"https:\/\/www.radiopiu.net\/wordpress\/wp-content\/uploads\/2020\/11\/polizia-belluno-giovani-225x300.jpg 225w, https:\/\/www.radiopiu.net\/wordpress\/wp-content\/uploads\/2020\/11\/polizia-belluno-giovani-768x1024.jpg 768w, https:\/\/www.radiopiu.net\/wordpress\/wp-content\/uploads\/2020\/11\/polizia-belluno-giovani-1152x1536.jpg 1152w, https:\/\/www.radiopiu.net\/wordpress\/wp-content\/uploads\/2020\/11\/polizia-belluno-giovani-1536x2048.jpg 1536w, https:\/\/www.radiopiu.net\/wordpress\/wp-content\/uploads\/2020\/11\/polizia-belluno-giovani-scaled.jpg 1920w\" sizes=\"auto, (max-width: 92px) 100vw, 92px\" \/><\/a>Coltellata dopo una notte in discoteca, indagini in corso<\/strong><\/p><\/blockquote>\n<p><strong>BELLUNO<\/strong> La polizia indaga su un&#8217;aggressione avvenuta dopo una serata al J&#8217;Adore. Una coppia di Castion \u00e8 stata attaccata da un gruppo di giovani: lui picchiato, lei ferita con una lama. L&#8217;episodio \u00e8 avvenuto nel parcheggio del Consorzio agrario Belluno-Treviso. Gli investigatori stanno concentrando l&#8217;attenzione su ragazzi di Ponte nelle Alpi, basandosi su testimonianze. La coppia \u00e8 stata soccorsa dal 118, mentre proseguono le indagini per identificare gli aggressori.<\/p>\n<p>&nbsp;<\/p>\n<hr \/>\n<p>&nbsp;<\/p>\n<blockquote>\n<h1>IL VIDEO DEL PAUROSO INCIDENTE<\/h1>\n<\/blockquote>\n<p>DI ROBERTO BONA<\/p>\n<blockquote>\n<h3>LUIGI FAZZINO OPERATO DOPO IL PAUROSO INCIDENTE ALLA ALGHERO-SCALA PICADA<\/h3>\n<\/blockquote>\n<p><strong>SASSARI<\/strong><\/p>\n<p><span style=\"color: #ff0000;\">DI ROBERTO BONA<\/span><\/p>\n<p>&nbsp;<\/p>\n<audio class=\"wp-audio-shortcode\" id=\"audio-411839-10\" preload=\"none\" style=\"width: 100%;\" controls=\"controls\"><source type=\"audio\/mpeg\" src=\"https:\/\/www.radiopiu.net\/wordpress\/wp-content\/uploads\/2024\/09\/LuigiFazzino.mp3?_=10\" \/><a href=\"https:\/\/www.radiopiu.net\/wordpress\/wp-content\/uploads\/2024\/09\/LuigiFazzino.mp3\">https:\/\/www.radiopiu.net\/wordpress\/wp-content\/uploads\/2024\/09\/LuigiFazzino.mp3<\/a><\/audio>\n<p>&nbsp;<\/p>\n<p><strong>L&#8217;INCIDENTE<\/strong><\/p>\n<div style=\"width: 848px;\" class=\"wp-video\"><video class=\"wp-video-shortcode\" id=\"video-411839-1\" width=\"848\" height=\"480\" preload=\"metadata\" controls=\"controls\"><source type=\"video\/mp4\" src=\"https:\/\/www.radiopiu.net\/wordpress\/wp-content\/uploads\/2024\/09\/WhatsApp-Video-2024-09-29-at-11.42.47.mp4?_=1\" \/><a href=\"https:\/\/www.radiopiu.net\/wordpress\/wp-content\/uploads\/2024\/09\/WhatsApp-Video-2024-09-29-at-11.42.47.mp4\">https:\/\/www.radiopiu.net\/wordpress\/wp-content\/uploads\/2024\/09\/WhatsApp-Video-2024-09-29-at-11.42.47.mp4<\/a><\/video><\/div>\n<p>&nbsp;<\/p>\n<p>&nbsp;<\/p>\n<p>&nbsp;<\/p>\n<p>&nbsp;<\/p>\n<hr \/>\n<p>&nbsp;<\/p>\n<blockquote><p><strong><a class=\"dt-pswp-item\" href=\"https:\/\/www.radiopiu.net\/wordpress\/wp-content\/uploads\/2024\/09\/Senza-nome-65.png\" data-dt-img-description=\"\" data-large_image_width=\"592\" data-large_image_height=\"347\"><img loading=\"lazy\" decoding=\"async\" class=\"wp-image-411262 alignleft\" src=\"https:\/\/www.radiopiu.net\/wordpress\/wp-content\/uploads\/2024\/09\/Senza-nome-65-300x176.png\" alt=\"\" width=\"193\" height=\"113\" srcset=\"https:\/\/www.radiopiu.net\/wordpress\/wp-content\/uploads\/2024\/09\/Senza-nome-65-300x176.png 300w, https:\/\/www.radiopiu.net\/wordpress\/wp-content\/uploads\/2024\/09\/Senza-nome-65.png 592w\" sizes=\"auto, (max-width: 193px) 100vw, 193px\" \/><\/a>Sfratto rinviato per Alessia Vedana, madre malata di sclerosi<\/strong><\/p><\/blockquote>\n<p><strong>SEDICO<\/strong> Alessia Vedana, 48 anni, affetta da sclerosi e madre di un dodicenne, ha ottenuto una proroga fino al 30 novembre per evitare lo sfratto dalla sua casa di Sedico. Il giudice ha rinviato l\u2019esecuzione, mentre il Comune si sta adoperando per trovare un alloggio alternativo. Vedana, con un reddito limitato, ha perso la casa per l&#8217;impossibilit\u00e0 di pagare il mutuo, ma continua a ricevere assistenza legale e comunale.<\/p>\n<p>&nbsp;<\/p>\n<hr \/>\n<p>&nbsp;<\/p>\n<p><span style=\"color: #ff0000;\">GIUDIZIARIA OGGI, DAL CORRIERE DELLE ALPI<\/span><\/p>\n<p><span style=\"color: #ff0000;\">GIGI SOSSO<\/span><\/p>\n<p><strong><a class=\"dt-pswp-item\" href=\"https:\/\/www.radiopiu.net\/wordpress\/wp-content\/uploads\/2024\/08\/BROI-AGORDO.jpg\" data-dt-img-description=\"\" data-large_image_width=\"1024\" data-large_image_height=\"768\"><img loading=\"lazy\" decoding=\"async\" class=\"wp-image-406589 alignleft\" src=\"https:\/\/www.radiopiu.net\/wordpress\/wp-content\/uploads\/2024\/08\/BROI-AGORDO-300x225.jpg\" alt=\"\" width=\"175\" height=\"131\" srcset=\"https:\/\/www.radiopiu.net\/wordpress\/wp-content\/uploads\/2024\/08\/BROI-AGORDO-300x225.jpg 300w, https:\/\/www.radiopiu.net\/wordpress\/wp-content\/uploads\/2024\/08\/BROI-AGORDO-768x576.jpg 768w, https:\/\/www.radiopiu.net\/wordpress\/wp-content\/uploads\/2024\/08\/BROI-AGORDO.jpg 1024w\" sizes=\"auto, (max-width: 175px) 100vw, 175px\" \/><\/a>Assolto l&#8217;impresario per l&#8217;infortunio sul lavoro a Faion<\/strong><\/p>\n<div class=\"group\/conversation-turn relative flex w-full min-w-0 flex-col agent-turn\">\n<div class=\"flex-col gap-1 md:gap-3\">\n<div class=\"flex max-w-full flex-col flex-grow\">\n<div class=\"min-h-8 text-message flex w-full flex-col items-end gap-2 whitespace-normal break-words [.text-message+&amp;]:mt-5\" dir=\"auto\" data-message-author-role=\"assistant\" data-message-id=\"f0a96b1d-f80e-49dd-bfe7-0da054148999\">\n<div class=\"flex w-full flex-col gap-1 empty:hidden first:pt-[3px]\">\n<div class=\"markdown prose w-full break-words dark:prose-invert dark\">\n<p><strong>AGORDO<\/strong>\u00a0 \u00e8 stato assolto dal reato di lesioni aggravate per un incidente sul lavoro avvenuto due anni fa in un cantiere di Agordo. Un operaio era caduto da un ponteggio, riportando gravi ferite, ma le indagini hanno dimostrato che l&#8217;impresario non aveva responsabilit\u00e0. L&#8217;operaio, senza ordini, sal\u00ec sul ponteggio non completato. Il giudice ha riconosciuto che tutti i dipendenti avevano ricevuto la formazione necessaria e che il ponteggio era gestito da un&#8217;impresa subappaltatrice.<\/p>\n<p>&nbsp;<\/p>\n<\/div>\n<\/div>\n<\/div>\n<\/div>\n<\/div>\n<\/div>\n<p>&nbsp;<\/p>\n<hr \/>\n<p>&nbsp;<\/p>\n<blockquote>\n<h2><a class=\"dt-pswp-item\" href=\"https:\/\/www.radiopiu.net\/wordpress\/wp-content\/uploads\/2024\/10\/Senza-nome-3.png\" data-dt-img-description=\"\" data-large_image_width=\"524\" data-large_image_height=\"279\"><img loading=\"lazy\" decoding=\"async\" class=\" wp-image-412072 alignleft\" src=\"https:\/\/www.radiopiu.net\/wordpress\/wp-content\/uploads\/2024\/10\/Senza-nome-3-300x160.png\" alt=\"\" width=\"255\" height=\"136\" srcset=\"https:\/\/www.radiopiu.net\/wordpress\/wp-content\/uploads\/2024\/10\/Senza-nome-3-300x160.png 300w, https:\/\/www.radiopiu.net\/wordpress\/wp-content\/uploads\/2024\/10\/Senza-nome-3.png 524w\" sizes=\"auto, (max-width: 255px) 100vw, 255px\" \/><\/a>VANDALISMO BECERO ALLE TRE CIME. MORENO PESCE &#8220;UN BRUTTO RISVEGLIO&#8221;<\/h2>\n<\/blockquote>\n<p>&nbsp;<\/p>\n<p>&nbsp;<\/p>\n<p><strong>REDAZIONE<\/strong> La visualizzatissima pagina Dolomitici (254mila membri) pubblica in primo piano il video di Moreno Pesce alle Tre Cime di Lavaredo.<br \/>\n<strong>Scritte vandaliche alle Tre Cime: &#8220;Tourists go home&#8221;<\/strong><\/p>\n<p><strong>AURONZO<\/strong>\u00a0Una scritta vandalica &#8220;Tourists go home&#8221; \u00e8 stata trovata sulla roccia con impronte fossili di dinosauro ai piedi delle Tre Cime di Lavaredo. Il gesto, scoperto da tre escursionisti, ha indignato l&#8217;atleta Moreno Pesce, che ha denunciato l&#8217;atto sui social. L&#8217;accaduto ha suscitato scalpore, soprattutto per l&#8217;importanza storica e naturale della zona, patrimonio dell&#8217;Unesco. Lio De Nes, storica guida alpina, ha condannato il gesto, legato forse all&#8217;overtourism, ribadendo l&#8217;importanza del rispetto e della consapevolezza in montagna.<\/p>\n<div style=\"width: 848px;\" class=\"wp-video\"><video class=\"wp-video-shortcode\" id=\"video-411839-2\" width=\"848\" height=\"480\" preload=\"metadata\" controls=\"controls\"><source type=\"video\/mp4\" src=\"https:\/\/www.radiopiu.net\/wordpress\/wp-content\/uploads\/2024\/10\/WhatsApp-Video-2024-10-02-at-05.29.01.mp4?_=2\" \/><a href=\"https:\/\/www.radiopiu.net\/wordpress\/wp-content\/uploads\/2024\/10\/WhatsApp-Video-2024-10-02-at-05.29.01.mp4\">https:\/\/www.radiopiu.net\/wordpress\/wp-content\/uploads\/2024\/10\/WhatsApp-Video-2024-10-02-at-05.29.01.mp4<\/a><\/video><\/div>\n<p>&nbsp;<\/p>\n<p>&nbsp;<\/p>\n<p>&nbsp;<\/p>\n<hr \/>\n<p>&nbsp;<\/p>\n<blockquote><p><strong><a class=\"dt-pswp-item\" href=\"https:\/\/www.radiopiu.net\/wordpress\/wp-content\/uploads\/2024\/09\/89d8bb30-ff30-4814-9d31-e5b15d93038f.jpg\" data-dt-img-description=\"\" data-large_image_width=\"1600\" data-large_image_height=\"1204\"><img loading=\"lazy\" decoding=\"async\" class=\"wp-image-411824 alignleft\" src=\"https:\/\/www.radiopiu.net\/wordpress\/wp-content\/uploads\/2024\/09\/89d8bb30-ff30-4814-9d31-e5b15d93038f-300x226.jpg\" alt=\"\" width=\"174\" height=\"131\" srcset=\"https:\/\/www.radiopiu.net\/wordpress\/wp-content\/uploads\/2024\/09\/89d8bb30-ff30-4814-9d31-e5b15d93038f-300x226.jpg 300w, https:\/\/www.radiopiu.net\/wordpress\/wp-content\/uploads\/2024\/09\/89d8bb30-ff30-4814-9d31-e5b15d93038f-1024x771.jpg 1024w, https:\/\/www.radiopiu.net\/wordpress\/wp-content\/uploads\/2024\/09\/89d8bb30-ff30-4814-9d31-e5b15d93038f-768x578.jpg 768w, https:\/\/www.radiopiu.net\/wordpress\/wp-content\/uploads\/2024\/09\/89d8bb30-ff30-4814-9d31-e5b15d93038f-1536x1156.jpg 1536w, https:\/\/www.radiopiu.net\/wordpress\/wp-content\/uploads\/2024\/09\/89d8bb30-ff30-4814-9d31-e5b15d93038f.jpg 1600w\" sizes=\"auto, (max-width: 174px) 100vw, 174px\" \/><\/a>Nuovo organico dei Carabinieri a Belluno per le Olimpiadi 2026<\/strong><\/p><\/blockquote>\n<p><strong>VENEZIA<\/strong> Il presidente del Veneto, Luca Zaia, elogia il completamento dell&#8217;organico dei Carabinieri di Belluno, presentato dal colonnello Enrico Pigozzo, evidenziando l&#8217;attenzione verso le Olimpiadi Invernali 2026. Zaia esprime fiducia nella capacit\u00e0 delle Forze dell&#8217;Ordine di garantire sicurezza durante l&#8217;evento.<\/p>\n<p>&nbsp;<\/p>\n<p>&nbsp;<\/p>\n<hr \/>\n<p>&nbsp;<\/p>\n<blockquote>\n<h3><a class=\"dt-pswp-item\" href=\"https:\/\/www.radiopiu.net\/wordpress\/wp-content\/uploads\/2022\/06\/Gianluca-Lorenzi-Cortina.jpg\" data-dt-img-description=\"GIANLUCA LORENZI\" data-large_image_width=\"457\" data-large_image_height=\"377\"><img loading=\"lazy\" decoding=\"async\" class=\"wp-image-281266 alignleft\" src=\"https:\/\/www.radiopiu.net\/wordpress\/wp-content\/uploads\/2022\/06\/Gianluca-Lorenzi-Cortina-300x247.jpg\" alt=\"\" width=\"152\" height=\"125\" srcset=\"https:\/\/www.radiopiu.net\/wordpress\/wp-content\/uploads\/2022\/06\/Gianluca-Lorenzi-Cortina-300x247.jpg 300w, https:\/\/www.radiopiu.net\/wordpress\/wp-content\/uploads\/2022\/06\/Gianluca-Lorenzi-Cortina.jpg 457w\" sizes=\"auto, (max-width: 152px) 100vw, 152px\" \/><\/a>CARABINIERI. NUOVI ARRIVI: IL SINDACO DI CORTINA<\/h3>\n<\/blockquote>\n<p><strong>PER LE TRE RADIO BARBARA PAOLAZZI<\/strong><\/p>\n<audio class=\"wp-audio-shortcode\" id=\"audio-411839-11\" preload=\"none\" style=\"width: 100%;\" controls=\"controls\"><source type=\"audio\/mpeg\" src=\"https:\/\/www.radiopiu.net\/wordpress\/wp-content\/uploads\/2024\/10\/PAOLAZZI-SINDACO-CORTINA-CARABINIERI.mp3?_=11\" \/><a href=\"https:\/\/www.radiopiu.net\/wordpress\/wp-content\/uploads\/2024\/10\/PAOLAZZI-SINDACO-CORTINA-CARABINIERI.mp3\">https:\/\/www.radiopiu.net\/wordpress\/wp-content\/uploads\/2024\/10\/PAOLAZZI-SINDACO-CORTINA-CARABINIERI.mp3<\/a><\/audio>\n<p>&nbsp;<\/p>\n<hr \/>\n<p>&nbsp;<\/p>\n<blockquote>\n<h3>Giovanni Baglioni all\u2019ospedale di Agordo. Presidente Zaia, \u201cGrazie per i post di apprezzamento verso il personale&#8221;<\/h3>\n<\/blockquote>\n<p><strong><a class=\"dt-pswp-item\" href=\"https:\/\/www.radiopiu.net\/wordpress\/wp-content\/uploads\/2024\/10\/461437771_1096114922076172_3887701869179412517_n.jpg\" data-dt-img-description=\"\" data-large_image_width=\"526\" data-large_image_height=\"701\"><img loading=\"lazy\" decoding=\"async\" class=\"size-thumbnail wp-image-411989 alignleft\" src=\"https:\/\/www.radiopiu.net\/wordpress\/wp-content\/uploads\/2024\/10\/461437771_1096114922076172_3887701869179412517_n-150x150.jpg\" alt=\"\" width=\"150\" height=\"150\" \/><\/a>VENEZIA<\/strong> Il Presidente della Regione Veneto, Luca Zaia, ha espresso gratitudine a Giovanni Baglioni per i suoi post sui social in cui ha elogiato le cure ricevute presso l&#8217;ospedale Giovanni Paolo I di Agordo. Zaia ha sottolineato che l\u2019apprezzamento del musicista non \u00e8 legato al suo cognome famoso, ma alla qualit\u00e0 del servizio offerto dai professionisti della sanit\u00e0 veneta, lodandone la professionalit\u00e0 e l\u2019umanit\u00e0. Ha inoltre evidenziato come, nonostante l&#8217;immagine comune che personaggi noti preferiscano grandi strutture sanitarie urbane, Baglioni abbia scelto e valorizzato l&#8217;ospedale agordino. Zaia ha concluso elogiando il lavoro di tutti gli operatori sanitari della regione, sottolineando l&#8217;importanza di riconoscere il loro impegno in un contesto in cui spesso vengono raccontati episodi di aggressioni e insulti.<\/p>\n<p>&nbsp;<\/p>\n<p>&nbsp;<\/p>\n<hr \/>\n<p>&nbsp;<\/p>\n<div class=\"page-title-head hgroup\">\n<blockquote>\n<h3 class=\"entry-title\">La Cooperativa Edilizia Villa Roma di Livinallongo pronta per una nuova operazione residenziale<\/h3>\n<\/blockquote>\n<\/div>\n<div class=\"page-title-breadcrumbs\">\n<p><strong>LIVINALLONGO<\/strong><\/p>\n<div class=\"flex max-w-full flex-col flex-grow\">\n<div class=\"min-h-8 text-message flex w-full flex-col items-end gap-2 whitespace-normal break-words [.text-message+&amp;]:mt-5\" dir=\"auto\" data-message-author-role=\"assistant\" data-message-id=\"393d418d-1b7e-4147-8561-25445bf3efe3\">\n<div class=\"flex w-full flex-col gap-1 empty:hidden first:pt-[3px]\">\n<div class=\"markdown prose w-full break-words dark:prose-invert dark\">\n<p><img decoding=\"async\" class=\"alignleft\" src=\"https:\/\/www.radiopiu.net\/wordpress\/wp-content\/uploads\/2024\/10\/th.jpg\" \/>La Cooperativa Edilizia Villa Roma di Livinallongo, attiva dal 1989 e gi\u00e0 responsabile della costruzione di ben 97 alloggi destinati ai residenti, annuncia la possibilit\u00e0 di avviare una nuova operazione di edilizia residenziale. Dopo un&#8217;attesa di 12 anni dalle ultime assegnazioni, la cooperativa ritiene che sia arrivato il momento di verificare se vi \u00e8 interesse tra la popolazione per la costruzione di nuovi alloggi destinati a diventare prima casa.<\/p>\n<p>In base al numero di richieste ricevute, Villa Roma valuter\u00e0 come e dove sviluppare i nuovi edifici, prendendo in considerazione terreni sia pubblici che privati. Gli interessati potranno inviare la propria adesione entro la fine di ottobre, inviando un messaggio WhatsApp al numero 3389357083.<\/p>\n<p>La cooperativa, non orientata al profitto, continua a sostenere i residenti di Fodom nella costruzione di abitazioni, proseguendo l\u2019impegno del fondatore, Don Gabriele. Nonostante le difficolt\u00e0 burocratiche e amministrative, Villa Roma \u00e8 determinata a portare avanti il progetto, con il sostegno della comunit\u00e0 e dell&#8217;amministrazione locale.<\/p>\n<p>&nbsp;<\/p>\n<p>&nbsp;<\/p>\n<hr \/>\n<p>&nbsp;<\/p>\n<blockquote>\n<h2>Conclusa la campagna fiscale del Caf Cisl Belluno Treviso<\/h2>\n<\/blockquote>\n<p><strong><a class=\"dt-pswp-item\" href=\"https:\/\/www.radiopiu.net\/wordpress\/wp-content\/uploads\/2023\/07\/CAF-CISL.png\" data-dt-img-description=\"\" data-large_image_width=\"1200\" data-large_image_height=\"630\"><img loading=\"lazy\" decoding=\"async\" class=\"size-thumbnail wp-image-344831 alignleft\" src=\"https:\/\/www.radiopiu.net\/wordpress\/wp-content\/uploads\/2023\/07\/CAF-CISL-150x150.png\" alt=\"\" width=\"150\" height=\"150\" \/><\/a>TREVISO_BELLUNO<\/strong> Il Caf Cisl ha elaborato 64.504 dichiarazioni dei redditi, migliorando funzionalit\u00e0 e accessibilit\u00e0 grazie a interventi di modernizzazione nelle 27 sedi delle due province.\u00a0 <span style=\"color: #000000; font-family: Helvetica;\">Nel Bellunese, gli uffici hanno elaborato un totale di 15.655 dichiarazioni 730, migliorando i risultati dell\u2019anno precedente in molte localit\u00e0, come Tai di Cadore (+1,60%) con la nuova sede attiva dall\u2019estate scorsa, Sedico (+5%), Agordo (+2%) e Belluno (+1,35%). nella Marca trevigiana sono state elaborate 48.849 pratiche. La campagna fiscale del Caf Cisl Belluno Treviso ha mostrato risultati in crescita, evidenziando l\u2019importanza del servizio per lavoratori e pensionati. Roberta Barbieri sottolinea l\u2019impegno delle 27 sedi e del personale dedicato nell\u2019offrire assistenza di alta qualit\u00e0. Ogni anno, il Caf assume 80 nuovi operatori, con una formazione di 160 ore, per affrontare la crescente complessit\u00e0 delle pratiche fiscali, come i bonus edilizi. Sibilla Meneguz, nuova responsabile, evidenzia la necessit\u00e0 di un personale altamente specializzato per garantire risposte efficaci.<\/span><\/p>\n<p>FOTO DA SINISTRA, Sibilla Meneguz, Roberta Barbieri<\/p>\n<p><a class=\"dt-pswp-item\" href=\"https:\/\/www.radiopiu.net\/wordpress\/wp-content\/uploads\/2024\/10\/Sibilla-Meneguz-scaled.jpeg\" data-dt-img-description=\"\" data-large_image_width=\"2560\" data-large_image_height=\"1920\"><img loading=\"lazy\" decoding=\"async\" class=\"alignnone size-thumbnail wp-image-411954\" src=\"https:\/\/www.radiopiu.net\/wordpress\/wp-content\/uploads\/2024\/10\/Sibilla-Meneguz-150x150.jpeg\" alt=\"\" width=\"150\" height=\"150\" \/><\/a><a class=\"dt-pswp-item\" href=\"https:\/\/www.radiopiu.net\/wordpress\/wp-content\/uploads\/2024\/10\/Roberta-Barbieri-scaled.jpeg\" data-dt-img-description=\"\" data-large_image_width=\"2560\" data-large_image_height=\"1920\"><img loading=\"lazy\" decoding=\"async\" class=\"alignnone wp-image-411955 size-thumbnail\" src=\"https:\/\/www.radiopiu.net\/wordpress\/wp-content\/uploads\/2024\/10\/Roberta-Barbieri-150x150.jpeg\" alt=\"\" width=\"150\" height=\"150\" \/><\/a><\/p>\n<p>&nbsp;<\/p>\n<p>&nbsp;<\/p>\n<hr \/>\n<blockquote>\n<h1 class=\"_title post-title entry-title\"><\/h1>\n<h1 class=\"_title post-title entry-title\"><a class=\"dt-pswp-item\" href=\"https:\/\/www.radiopiu.net\/wordpress\/wp-content\/uploads\/2023\/12\/ANTENNA.png\" data-dt-img-description=\"\" data-large_image_width=\"300\" data-large_image_height=\"166\"><img loading=\"lazy\" decoding=\"async\" class=\"wp-image-366306 alignleft\" src=\"https:\/\/www.radiopiu.net\/wordpress\/wp-content\/uploads\/2023\/12\/ANTENNA.png\" alt=\"\" width=\"183\" height=\"101\" \/><\/a>PER NATALE ILLUMINATA TUTTA LA CITTA\u2019 O SOLO PIAZZA DEI MARTIRI<\/h1>\n<\/blockquote>\n<p><strong>BELLUNO<\/strong> Negozianti del centro storico preoccupati gi\u00e0 adesso in vista del Natale.Da quanto \u00e8 dato loro sapere le luminarie pubbliche, infatti, si concentrerebbero tutte in Piaza dei Martiri. || Piazza dei Martiri per Natale dovrebbe essere bellissima, molto di pi\u00f9 di un anno fa&#8230;.<\/p>\n<p>(Servizio di\u00a0<a href=\"https:\/\/antennatre.medianordest.it\/redazione\/Fabio-Fioravanzi\/\">Fabio Fioravanzi<\/a>)<\/p>\n<p><iframe loading=\"lazy\" title=\"PER NATALE ILLUMINATA TUTTA LA CITTA&#039; O SOLO PIAZZA DEI MARTIRI | 01\/10\/2024\" width=\"1200\" height=\"675\" src=\"https:\/\/www.youtube.com\/embed\/6OFd-3Q6pFM?feature=oembed\" frameborder=\"0\" allow=\"accelerometer; autoplay; clipboard-write; encrypted-media; gyroscope; picture-in-picture; web-share\" referrerpolicy=\"strict-origin-when-cross-origin\" allowfullscreen><\/iframe><\/p>\n<p>&nbsp;<\/p>\n<hr \/>\n<p>&nbsp;<\/p>\n<p>&nbsp;<\/p>\n<div class=\"flex-shrink-0 flex flex-col relative items-end\">\n<div>\n<div class=\"pt-0\">\n<div class=\"gizmo-bot-avatar flex h-8 w-8 items-center justify-center overflow-hidden rounded-full\">\n<blockquote>\n<h3 class=\"relative p-1 rounded-sm flex items-center justify-center bg-token-main-surface-primary text-token-text-primary h-8 w-8\">TORNANO IN VIGORE LE ORDINANZE ANTI-SMOG A BELLUNO<\/h3>\n<\/blockquote>\n<\/div>\n<\/div>\n<\/div>\n<\/div>\n<\/div>\n<\/div>\n<\/div>\n<\/div>\n<\/div>\n<p><strong><a class=\"dt-pswp-item\" href=\"https:\/\/www.radiopiu.net\/wordpress\/wp-content\/uploads\/2022\/12\/PALAZZO-ROSSO.png\" data-dt-img-description=\"\" data-large_image_width=\"2076\" data-large_image_height=\"1328\"><img loading=\"lazy\" decoding=\"async\" class=\"size-thumbnail wp-image-313801 alignleft\" src=\"https:\/\/www.radiopiu.net\/wordpress\/wp-content\/uploads\/2022\/12\/PALAZZO-ROSSO-150x150.png\" alt=\"\" width=\"150\" height=\"150\" \/><\/a>BELLUNO<\/strong> Tornano in vigore da oggi le ordinanze anti-smog nel capoluogo: nessuna novit\u00e0 rispetto al passato, anche se questa sar\u00e0 la prima stagione completa sotto il progetto Move In della Regione Veneto.<\/p>\n<p><strong>DI DANIELE DALVIT<\/strong><\/p>\n<audio class=\"wp-audio-shortcode\" id=\"audio-411839-12\" preload=\"none\" style=\"width: 100%;\" controls=\"controls\"><source type=\"audio\/mpeg\" src=\"https:\/\/www.radiopiu.net\/wordpress\/wp-content\/uploads\/2024\/10\/Servizio-Ordinanze-antismog-Belluno.mp3?_=12\" \/><a href=\"https:\/\/www.radiopiu.net\/wordpress\/wp-content\/uploads\/2024\/10\/Servizio-Ordinanze-antismog-Belluno.mp3\">https:\/\/www.radiopiu.net\/wordpress\/wp-content\/uploads\/2024\/10\/Servizio-Ordinanze-antismog-Belluno.mp3<\/a><\/audio>\n<p>&nbsp;<\/p>\n<p>&nbsp;<\/p>\n<hr \/>\n<p>&nbsp;<\/p>\n<blockquote>\n<h3>DE PELLEGRIN: SOLIDARIETA&#8217; ALLA POLIZIA PENITENZIARIA DI BALDENICH<\/h3>\n<\/blockquote>\n<p><strong><a class=\"dt-pswp-item\" href=\"https:\/\/www.radiopiu.net\/wordpress\/wp-content\/uploads\/2024\/06\/SindacoBelluno_OscarDePellegrin.jpg\" data-dt-img-description=\"\" data-large_image_width=\"2000\" data-large_image_height=\"1333\"><img loading=\"lazy\" decoding=\"async\" class=\" wp-image-396758 alignleft\" src=\"https:\/\/www.radiopiu.net\/wordpress\/wp-content\/uploads\/2024\/06\/SindacoBelluno_OscarDePellegrin-300x200.jpg\" alt=\"\" width=\"194\" height=\"129\" \/><\/a>BELLUNO<\/strong> Il sindaco di Belluno, Oscar De Pellegrin, esprime solidariet\u00e0 alla polizia penitenziaria di Belluno per il loro ruolo cruciale, e ha richiesto un incontro con il direttore della casa circondariale per discutere i recenti episodi accaduti nel carcere. De Pellegrin evidenzia il problema del sovraffollamento, che contribuisce a tensioni all&#8217;interno delle strutture, e sottolinea l&#8217;importanza di migliorare le condizioni detentive. Il Sindaco promuove l&#8217;idea di utilizzare il tempo in carcere per attivit\u00e0 costruttive e percorsi formativi, al fine di favorire il reinserimento sociale dei detenuti. Il Comune ha aumentato i fondi per l&#8217;Associazione San Vincenzo e sta lavorando su una convenzione per coinvolgere i detenuti in attivit\u00e0 socialmente utili. L&#8217;obiettivo \u00e8 creare un percorso di inclusione e recupero che giovi sia ai detenuti che alla societ\u00e0.<\/p>\n<p><strong>IL SINDACO DI BELLUNO OSCAR DE PELLEGRIN<\/strong><\/p>\n<audio class=\"wp-audio-shortcode\" id=\"audio-411839-13\" preload=\"none\" style=\"width: 100%;\" controls=\"controls\"><source type=\"audio\/mpeg\" src=\"https:\/\/www.radiopiu.net\/wordpress\/wp-content\/uploads\/2024\/10\/DE-PELLEGRIN-CARCERE.mp3?_=13\" \/><a href=\"https:\/\/www.radiopiu.net\/wordpress\/wp-content\/uploads\/2024\/10\/DE-PELLEGRIN-CARCERE.mp3\">https:\/\/www.radiopiu.net\/wordpress\/wp-content\/uploads\/2024\/10\/DE-PELLEGRIN-CARCERE.mp3<\/a><\/audio>\n<p>&nbsp;<\/p>\n<p>&nbsp;<\/p>\n<hr \/>\n<p>&nbsp;<\/p>\n<blockquote>\n<h3>IL COMUNE DI BELLUNO RIPROPONE IL BANDO DOTE SPORT<\/h3>\n<\/blockquote>\n<p><strong><a class=\"dt-pswp-item\" href=\"https:\/\/www.radiopiu.net\/wordpress\/wp-content\/uploads\/2024\/07\/th-2.jpg\" data-dt-img-description=\"\" data-large_image_width=\"245\" data-large_image_height=\"180\"><img loading=\"lazy\" decoding=\"async\" class=\" wp-image-398661 alignleft\" src=\"https:\/\/www.radiopiu.net\/wordpress\/wp-content\/uploads\/2024\/07\/th-2.jpg\" alt=\"\" width=\"191\" height=\"140\" \/><\/a>BELLUNO<\/strong> L&#8217;Amministrazione comunale di Belluno riapre il bando &#8220;Dote Sport&#8221; per la stagione 2024-2025, offrendo un contributo economico alle famiglie con figli tra i 5 e i 16 anni per coprire i costi della pratica sportiva. Il fondo iniziale \u00e8 di 22.000 euro, incrementabile in base alle richieste. Il bando mira a sostenere le famiglie, alleviando il peso delle spese sportive, e a promuovere la cultura dello sport come parte essenziale della crescita dei ragazzi. Il contributo varia da 100 a 300 euro in base all&#8217;ISEE familiare e sar\u00e0 versato direttamente alle associazioni sportive. Il bando sar\u00e0 online entro pochi giorni.<\/p>\n<p><strong>L&#8217;ASSESSORE ALLO SPORT DEL COMUNE DI BELLUNO MONICA MAZZOCCOLI<\/strong><\/p>\n<audio class=\"wp-audio-shortcode\" id=\"audio-411839-14\" preload=\"none\" style=\"width: 100%;\" controls=\"controls\"><source type=\"audio\/mpeg\" src=\"https:\/\/www.radiopiu.net\/wordpress\/wp-content\/uploads\/2024\/10\/MONICA-MAZZOCCOLI-DOTE-SPORT.mp3?_=14\" \/><a href=\"https:\/\/www.radiopiu.net\/wordpress\/wp-content\/uploads\/2024\/10\/MONICA-MAZZOCCOLI-DOTE-SPORT.mp3\">https:\/\/www.radiopiu.net\/wordpress\/wp-content\/uploads\/2024\/10\/MONICA-MAZZOCCOLI-DOTE-SPORT.mp3<\/a><\/audio>\n<p>&nbsp;<\/p>\n<hr \/>\n<p>&nbsp;<\/p>\n<blockquote>\n<h3 class=\"_title post-title entry-title\"><\/h3>\n<h1 class=\"_title post-title entry-title\"><a class=\"dt-pswp-item\" href=\"https:\/\/www.radiopiu.net\/wordpress\/wp-content\/uploads\/2023\/12\/ANTENNA.png\" data-dt-img-description=\"\" data-large_image_width=\"300\" data-large_image_height=\"166\"><img loading=\"lazy\" decoding=\"async\" class=\"wp-image-366306 alignleft\" src=\"https:\/\/www.radiopiu.net\/wordpress\/wp-content\/uploads\/2023\/12\/ANTENNA.png\" alt=\"\" width=\"183\" height=\"101\" \/><\/a><\/h1>\n<h3 class=\"_title post-title entry-title\">IUS SCHOLAE BOCCIATO, PARTITI E CIVICHE A BRACCETTO<\/h3>\n<\/blockquote>\n<p><strong>BELLUNO<\/strong> Ius scholae: non passa l\u2019ordine del giorno presentato al consiglio comunale di Belluno dai quattro gruppi della minoranza. Dibattito ideologico e a tratti scoppiettante quello andato in scena ieri pomeriggio a Palazzo Rosso&#8230;.<\/p>\n<p>(Servizio di\u00a0<a href=\"https:\/\/antennatre.medianordest.it\/redazione\/Tiziana-Bolognani\/\">Tiziana Bolognani<\/a>)<\/p>\n<p><iframe loading=\"lazy\" title=\"IUS SCHOLAE BOCCIATO, PARTITI E CIVICHE A BRACCETTO | 01\/10\/2024\" width=\"1200\" height=\"675\" src=\"https:\/\/www.youtube.com\/embed\/ZpZrRF-TgBc?feature=oembed\" frameborder=\"0\" allow=\"accelerometer; autoplay; clipboard-write; encrypted-media; gyroscope; picture-in-picture; web-share\" referrerpolicy=\"strict-origin-when-cross-origin\" allowfullscreen><\/iframe><\/p>\n<p>&nbsp;<\/p>\n<p>&nbsp;<\/p>\n<hr \/>\n<p>&nbsp;<\/p>\n<p><strong><img loading=\"lazy\" decoding=\"async\" class=\"alignleft\" src=\"https:\/\/www.radiopiu.net\/wordpress\/wp-content\/uploads\/2022\/05\/1_Sentiero-del-Respiro_Castello-Andraz_18-maggio.jpg\" width=\"224\" height=\"168\" \/>LIVINALLONGO<\/strong><\/p>\n<p><strong>DI LORENZO SORATROI<\/strong><\/p>\n<div class=\"flex max-w-full flex-col flex-grow\">\n<div class=\"min-h-8 text-message flex w-full flex-col items-end gap-2 whitespace-normal break-words [.text-message+&amp;]:mt-5\" dir=\"auto\" data-message-author-role=\"assistant\" data-message-id=\"8f41435e-5aaf-4a8b-99ca-510166cdc425\">\n<div class=\"flex w-full flex-col gap-1 empty:hidden first:pt-[3px]\">\n<div class=\"markdown prose w-full break-words dark:prose-invert dark\">\n<p>L&#8217;amministrazione comunale punta sul turismo lento per rilanciare la parte est del Comune. Tra i progetti principali, l&#8217;apertura della ristrutturata Malga Castello nel 2025, il prolungamento della Strada de la V\u00ebna fino a Bressanone e l&#8217;acquisizione del Castello di Andraz dal demanio. Inoltre, si prevede l&#8217;istituzione di una navetta tra Arabba, Castello, Colle Santa Lucia e Falzarego, offrendo un&#8217;alternativa di sviluppo sostenibile fuori dai circuiti sciistici tradizionali.<\/p>\n<\/div>\n<\/div>\n<\/div>\n<\/div>\n<div class=\"mb-2 flex gap-3 empty:hidden -ml-2\">\n<div class=\"items-center justify-start rounded-xl p-1 flex\">\n<div class=\"flex\">AUDIO<\/div>\n<\/div>\n<\/div>\n<div class=\"flex items-center pb-0\">\n<audio class=\"wp-audio-shortcode\" id=\"audio-411839-15\" preload=\"none\" style=\"width: 100%;\" controls=\"controls\"><source type=\"audio\/mpeg\" src=\"https:\/\/www.radiopiu.net\/wordpress\/wp-content\/uploads\/2024\/10\/LORENZO-ARA.mp3?_=15\" \/><a href=\"https:\/\/www.radiopiu.net\/wordpress\/wp-content\/uploads\/2024\/10\/LORENZO-ARA.mp3\">https:\/\/www.radiopiu.net\/wordpress\/wp-content\/uploads\/2024\/10\/LORENZO-ARA.mp3<\/a><\/audio>\n<\/div>\n<div><\/div>\n<p>&nbsp;<\/p>\n<hr \/>\n<p>&nbsp;<\/p>\n<div class=\"page-title-breadcrumbs\">\n<div class=\"flex max-w-full flex-col flex-grow\">\n<div class=\"min-h-8 text-message flex w-full flex-col items-end gap-2 whitespace-normal break-words [.text-message+&amp;]:mt-5\" dir=\"auto\" data-message-author-role=\"assistant\" data-message-id=\"393d418d-1b7e-4147-8561-25445bf3efe3\">\n<div class=\"flex w-full flex-col gap-1 empty:hidden first:pt-[3px]\">\n<div class=\"markdown prose w-full break-words dark:prose-invert dark\">\n<div class=\"group\/conversation-turn relative flex w-full min-w-0 flex-col agent-turn\">\n<div class=\"flex-col gap-1 md:gap-3\">\n<div class=\"flex max-w-full flex-col flex-grow\">\n<div class=\"min-h-8 text-message flex w-full flex-col items-end gap-2 whitespace-normal break-words [.text-message+&amp;]:mt-5\" dir=\"auto\" data-message-author-role=\"assistant\" data-message-id=\"acba44d6-1efb-4704-b1a2-c9555e9edb49\">\n<div class=\"flex w-full flex-col gap-1 empty:hidden first:pt-[3px]\">\n<div class=\"markdown prose w-full break-words dark:prose-invert dark\">\n<blockquote><p><strong><a class=\"dt-pswp-item\" href=\"https:\/\/www.radiopiu.net\/wordpress\/wp-content\/uploads\/2021\/05\/LONGARONE-FIERE.jpg\" data-dt-img-description=\"\" data-large_image_width=\"556\" data-large_image_height=\"220\"><img loading=\"lazy\" decoding=\"async\" class=\"wp-image-207549 alignleft\" src=\"https:\/\/www.radiopiu.net\/wordpress\/wp-content\/uploads\/2021\/05\/LONGARONE-FIERE-300x119.jpg\" alt=\"\" width=\"187\" height=\"74\" srcset=\"https:\/\/www.radiopiu.net\/wordpress\/wp-content\/uploads\/2021\/05\/LONGARONE-FIERE-300x119.jpg 300w, https:\/\/www.radiopiu.net\/wordpress\/wp-content\/uploads\/2021\/05\/LONGARONE-FIERE.jpg 556w\" sizes=\"auto, (max-width: 187px) 100vw, 187px\" \/><\/a>Ricapitalizzazione Fiera di Longarone: Padrin critica l\u2019astensione di Futura<\/strong><\/p><\/blockquote>\n<p><strong>BELLUNO<\/strong> Il presidente della Provincia di Belluno, Roberto Padrin, ha criticato l\u2019astensione dei consiglieri di Futura Centrosinistra Bellunese sulla ricapitalizzazione della Fiera di Longarone. Padrin ha sottolineato che tutti i documenti necessari, incluso il business plan, erano stati forniti. Ha definito l&#8217;astensione ingiustificata, dato l&#8217;impegno dichiarato di rilanciare la Fiera.<\/p>\n<\/div>\n<\/div>\n<\/div>\n<\/div>\n<\/div>\n<\/div>\n<p>&nbsp;<\/p>\n<p>&nbsp;<\/p>\n<\/div>\n<\/div>\n<\/div>\n<\/div>\n<\/div>\n<hr \/>\n<p>&nbsp;<\/p>\n<blockquote>\n<h3>CONSULTE E NOMINE: OLTRE LIMANA CHIEDE LUMI ALLA MAGGIORANZA, CHE NON RISPONDE<\/h3>\n<\/blockquote>\n<p><strong><a class=\"dt-pswp-item\" href=\"https:\/\/www.radiopiu.net\/wordpress\/wp-content\/uploads\/2023\/01\/MUNICIPIO-LIMANA.png\" data-dt-img-description=\"\" data-large_image_width=\"1940\" data-large_image_height=\"1032\"><img loading=\"lazy\" decoding=\"async\" class=\" wp-image-318876 alignleft\" src=\"https:\/\/www.radiopiu.net\/wordpress\/wp-content\/uploads\/2023\/01\/MUNICIPIO-LIMANA-300x160.png\" alt=\"\" width=\"193\" height=\"103\" srcset=\"https:\/\/www.radiopiu.net\/wordpress\/wp-content\/uploads\/2023\/01\/MUNICIPIO-LIMANA-300x160.png 300w, https:\/\/www.radiopiu.net\/wordpress\/wp-content\/uploads\/2023\/01\/MUNICIPIO-LIMANA-1024x545.png 1024w, https:\/\/www.radiopiu.net\/wordpress\/wp-content\/uploads\/2023\/01\/MUNICIPIO-LIMANA-768x409.png 768w, https:\/\/www.radiopiu.net\/wordpress\/wp-content\/uploads\/2023\/01\/MUNICIPIO-LIMANA-1536x817.png 1536w, https:\/\/www.radiopiu.net\/wordpress\/wp-content\/uploads\/2023\/01\/MUNICIPIO-LIMANA.png 1940w\" sizes=\"auto, (max-width: 193px) 100vw, 193px\" \/><\/a>LIMANA<\/strong> Oltre Limana critica la nuova maggioranza guidata dal sindaco Michele Talo, accusandola di mancanza di trasparenza e partecipazione. Durante un recente Consiglio Comunale, la maggioranza ha respinto un emendamento proposto dalle minoranze per includere rappresentanti senza diritto di voto nella nuova Consulta per le attivit\u00e0 economiche e produttive, alimentando dubbi sulla reale volont\u00e0 di coinvolgere le opposizioni. Oltre Limana ha sollevato perplessit\u00e0 anche su alcune nomine, come quella di Roberto Paladini, collegato al Centro Consorzi, e Francesco La Grua, revisore dei conti per Limana Servizi, evidenziando potenziali conflitti d&#8217;interesse legati al ruolo del sindaco e del vicesindaco nel Centro Consorzi. Pur ritenendo le nomine legittime, Oltre Limana ha sottolineato che non sempre ci\u00f2 che \u00e8 legittimo \u00e8 anche opportuno, richiedendo maggiore chiarezza sui rapporti tra queste figure.<\/p>\n<p>&nbsp;<\/p>\n<p>&nbsp;<\/p>\n<hr \/>\n<p>&nbsp;<\/p>\n<blockquote>\n<h3>OTTOBRE ROSA IN VENETO: OTTIMA ADESIONE NEL 2023<\/h3>\n<\/blockquote>\n<p><strong><a class=\"dt-pswp-item\" href=\"https:\/\/www.radiopiu.net\/wordpress\/wp-content\/uploads\/2020\/10\/Nastri-Piazza-Martiri-Ottobre-in-rosa-2020-1-scaled.jpg\" data-dt-img-description=\"\" data-large_image_width=\"2560\" data-large_image_height=\"1920\"><img loading=\"lazy\" decoding=\"async\" class=\" wp-image-163554 alignleft\" src=\"https:\/\/www.radiopiu.net\/wordpress\/wp-content\/uploads\/2020\/10\/Nastri-Piazza-Martiri-Ottobre-in-rosa-2020-1-300x225.jpg\" alt=\"\" width=\"167\" height=\"125\" srcset=\"https:\/\/www.radiopiu.net\/wordpress\/wp-content\/uploads\/2020\/10\/Nastri-Piazza-Martiri-Ottobre-in-rosa-2020-1-300x225.jpg 300w, https:\/\/www.radiopiu.net\/wordpress\/wp-content\/uploads\/2020\/10\/Nastri-Piazza-Martiri-Ottobre-in-rosa-2020-1-1024x768.jpg 1024w, https:\/\/www.radiopiu.net\/wordpress\/wp-content\/uploads\/2020\/10\/Nastri-Piazza-Martiri-Ottobre-in-rosa-2020-1-768x576.jpg 768w, https:\/\/www.radiopiu.net\/wordpress\/wp-content\/uploads\/2020\/10\/Nastri-Piazza-Martiri-Ottobre-in-rosa-2020-1-1536x1152.jpg 1536w, https:\/\/www.radiopiu.net\/wordpress\/wp-content\/uploads\/2020\/10\/Nastri-Piazza-Martiri-Ottobre-in-rosa-2020-1-2048x1536.jpg 2048w, https:\/\/www.radiopiu.net\/wordpress\/wp-content\/uploads\/2020\/10\/Nastri-Piazza-Martiri-Ottobre-in-rosa-2020-1-640x480.jpg 640w\" sizes=\"auto, (max-width: 167px) 100vw, 167px\" \/><\/a>VENEZIA<\/strong> Nel 2023, oltre 274.000 donne venete tra i 50 e i 74 anni hanno partecipato allo screening per il tumore al seno, con un&#8217;adesione del 76,9%, portando alla diagnosi di 1.810 tumori, di cui 1.000 in stadi iniziali. In occasione dell&#8217;\u201cOttobre Rosa\u201d, la Regione Veneto ha annunciato l&#8217;estensione dello screening dal 2025 alle donne tra i 45 e i 49 anni, con un percorso personalizzato basato sulla densit\u00e0 mammaria, un fattore di rischio. Il presidente Luca Zaia ha sottolineato l&#8217;efficacia delle Breast Unit nella cura precoce del tumore, con una sopravvivenza del 90,3% a 5 anni e del 100% per i casi diagnosticati in stadio 1. L\u2019obiettivo \u00e8 migliorare la sensibilizzazione e avvicinare anche le donne immigrate al sistema di prevenzione.<\/p>\n<p>&nbsp;<\/p>\n<p>&nbsp;<\/p>\n<hr \/>\n<p>&nbsp;<\/p>\n<div class=\"flex-shrink-0 flex flex-col relative items-end\">\n<div>\n<div class=\"pt-0\">\n<div class=\"gizmo-bot-avatar flex h-8 w-8 items-center justify-center overflow-hidden rounded-full\">\n<div class=\"relative p-1 rounded-sm flex items-center justify-center bg-token-main-surface-primary text-token-text-primary h-8 w-8\"><a class=\"dt-pswp-item\" href=\"https:\/\/www.radiopiu.net\/wordpress\/wp-content\/uploads\/2024\/10\/locanfdina-12-A3.jpg\" data-dt-img-description=\"Screenshot\" data-large_image_width=\"1277\" data-large_image_height=\"1799\"><img loading=\"lazy\" decoding=\"async\" class=\" wp-image-411952 alignleft\" src=\"https:\/\/www.radiopiu.net\/wordpress\/wp-content\/uploads\/2024\/10\/locanfdina-12-A3-213x300.jpg\" alt=\"\" width=\"153\" height=\"215\" srcset=\"https:\/\/www.radiopiu.net\/wordpress\/wp-content\/uploads\/2024\/10\/locanfdina-12-A3-213x300.jpg 213w, https:\/\/www.radiopiu.net\/wordpress\/wp-content\/uploads\/2024\/10\/locanfdina-12-A3-727x1024.jpg 727w, https:\/\/www.radiopiu.net\/wordpress\/wp-content\/uploads\/2024\/10\/locanfdina-12-A3-768x1082.jpg 768w, https:\/\/www.radiopiu.net\/wordpress\/wp-content\/uploads\/2024\/10\/locanfdina-12-A3-1090x1536.jpg 1090w, https:\/\/www.radiopiu.net\/wordpress\/wp-content\/uploads\/2024\/10\/locanfdina-12-A3.jpg 1277w\" sizes=\"auto, (max-width: 153px) 100vw, 153px\" \/><\/a><\/div>\n<\/div>\n<\/div>\n<\/div>\n<\/div>\n<div class=\"group\/conversation-turn relative flex w-full min-w-0 flex-col agent-turn\">\n<div class=\"flex-col gap-1 md:gap-3\">\n<div class=\"flex max-w-full flex-col flex-grow\">\n<div class=\"min-h-8 text-message flex w-full flex-col items-end gap-2 whitespace-normal break-words [.text-message+&amp;]:mt-5\" dir=\"auto\" data-message-author-role=\"assistant\" data-message-id=\"00597334-b86e-42f1-9abd-a4537c69a72a\">\n<div class=\"flex w-full flex-col gap-1 empty:hidden first:pt-[3px]\">\n<div class=\"markdown prose w-full break-words dark:prose-invert dark\">\n<blockquote><p><strong>C.I.A.O.: Dibattito sulla Salute Mentale a Belluno<\/strong><\/p><\/blockquote>\n<p><strong>BELLUNO<\/strong> Dal 5 al 13 ottobre, il Comitato Inclusivo di Azione e Orientamento (C.I.A.O.) organizza un dibattito sulla salute mentale, tema affrontato pi\u00f9 volte dal comitato. L&#8217;evento clou sar\u00e0 il 12 ottobre, alle 16:00, presso la Casa dei Beni Comuni a Belluno. Interverranno esperti come Federica Carbone, Alberta Xodo e Romana Lucattelli, trattando argomenti come le emozioni, il Disturbo Borderline e la salute mentale Queer. L&#8217;incontro, arricchito da performance artistiche, mira a sensibilizzare sul tema e combattere lo stigma. L&#8217;obiettivo \u00e8 quello di offrire e vivere un pomeriggio all\u2019insegna del confronto tra pari con ospiti attivi e impegnati nel settore della salute mentale, affiancati dagli artisti di Liberamente Circo con spettacoli e letture tratte dal libro \u201cCrisi tempestose\u201d.<\/p>\n<\/div>\n<\/div>\n<\/div>\n<\/div>\n<\/div>\n<\/div>\n<p>&nbsp;<\/p>\n<p>&nbsp;<\/p>\n<hr \/>\n<p>&nbsp;<\/p>\n<blockquote class=\"wp-embedded-content\" data-secret=\"PTNB2JXBKA\"><p><a href=\"https:\/\/www.radiopiu.net\/wordpress\/soco70\/\">70ESIMO ANNIVERSARIO DEL SOCCORSO ALPINO  A TORINO CON FABIO RUFUS BRISTOT<\/a><\/p><\/blockquote>\n<p><iframe loading=\"lazy\" class=\"wp-embedded-content\" sandbox=\"allow-scripts\" security=\"restricted\" style=\"position: absolute; visibility: hidden;\" title=\"&#8220;70ESIMO ANNIVERSARIO DEL SOCCORSO ALPINO  A TORINO CON FABIO RUFUS BRISTOT&#8221; &#8212; Radio Pi\u00f9\" src=\"https:\/\/www.radiopiu.net\/wordpress\/soco70\/embed\/#?secret=jETJZPqrLZ#?secret=PTNB2JXBKA\" data-secret=\"PTNB2JXBKA\" width=\"600\" height=\"338\" frameborder=\"0\" marginwidth=\"0\" marginheight=\"0\" scrolling=\"no\"><\/iframe><\/p>\n<p>&nbsp;<\/p>\n<p>&nbsp;<\/p>\n<p>&nbsp;<\/p>\n<hr \/>\n<p>&nbsp;<\/p>\n<blockquote><p><strong><a class=\"dt-pswp-item\" href=\"https:\/\/www.radiopiu.net\/wordpress\/wp-content\/uploads\/2024\/08\/Libri-Borgo-Piave-e-Palazzo-Doglioni-scaled.jpg\" data-dt-img-description=\"\" data-large_image_width=\"2560\" data-large_image_height=\"1923\"><img loading=\"lazy\" decoding=\"async\" class=\"wp-image-404150 alignleft\" src=\"https:\/\/www.radiopiu.net\/wordpress\/wp-content\/uploads\/2024\/08\/Libri-Borgo-Piave-e-Palazzo-Doglioni-300x225.jpg\" alt=\"\" width=\"195\" height=\"146\" srcset=\"https:\/\/www.radiopiu.net\/wordpress\/wp-content\/uploads\/2024\/08\/Libri-Borgo-Piave-e-Palazzo-Doglioni-300x225.jpg 300w, https:\/\/www.radiopiu.net\/wordpress\/wp-content\/uploads\/2024\/08\/Libri-Borgo-Piave-e-Palazzo-Doglioni-1024x769.jpg 1024w, https:\/\/www.radiopiu.net\/wordpress\/wp-content\/uploads\/2024\/08\/Libri-Borgo-Piave-e-Palazzo-Doglioni-768x577.jpg 768w, https:\/\/www.radiopiu.net\/wordpress\/wp-content\/uploads\/2024\/08\/Libri-Borgo-Piave-e-Palazzo-Doglioni-1536x1154.jpg 1536w, https:\/\/www.radiopiu.net\/wordpress\/wp-content\/uploads\/2024\/08\/Libri-Borgo-Piave-e-Palazzo-Doglioni-2048x1538.jpg 2048w\" sizes=\"auto, (max-width: 195px) 100vw, 195px\" \/><\/a>Successo per il Settembre Piavense, ora al via l&#8217;Autunnale Festival<\/strong><\/p><\/blockquote>\n<p><strong>BELLUNO<\/strong> Il \u201cSettembre Piavense\u201d si \u00e8 chiuso con successo, grazie a due eventi particolarmente apprezzati: il concerto-racconto &#8220;Vita di un ragazzo del \u201899&#8221; e \u201cImpressioni di porto fluviale\u2026\u201d. Ora, Borgo Piave si prepara per l\u2019Autunnale Festival, con appuntamenti musicali e culturali tra ottobre e novembre, tra cui il &#8220;Concerto sacro per Voci e Pianoforte&#8221; del 6 ottobre e la presentazione del libro \u201cBorgo Piave e Palazzo Doglioni\u201d il 17 ottobre.<\/p>\n<p>&nbsp;<\/p>\n<p>&nbsp;<\/p>\n<hr \/>\n<p>&nbsp;<\/p>\n<blockquote>\n<h3>L&#8217;AGORDINO CHE FIRMA LE ETICHETTE DEL BIRRIFICIO A MOTTA DI LIVENZA<\/h3>\n<\/blockquote>\n<p><strong><a class=\"dt-pswp-item\" href=\"https:\/\/www.radiopiu.net\/wordpress\/wp-content\/uploads\/2024\/10\/275301387_10225009810186473_2824130488495122746_n-e1727769987411.jpg\" data-dt-img-description=\"\" data-large_image_width=\"960\" data-large_image_height=\"960\"><img loading=\"lazy\" decoding=\"async\" class=\" wp-image-411935 alignleft\" src=\"https:\/\/www.radiopiu.net\/wordpress\/wp-content\/uploads\/2024\/10\/275301387_10225009810186473_2824130488495122746_n-e1727769987411-300x300.jpg\" alt=\"\" width=\"173\" height=\"173\" srcset=\"https:\/\/www.radiopiu.net\/wordpress\/wp-content\/uploads\/2024\/10\/275301387_10225009810186473_2824130488495122746_n-e1727769987411-300x300.jpg 300w, https:\/\/www.radiopiu.net\/wordpress\/wp-content\/uploads\/2024\/10\/275301387_10225009810186473_2824130488495122746_n-e1727769987411-150x150.jpg 150w, https:\/\/www.radiopiu.net\/wordpress\/wp-content\/uploads\/2024\/10\/275301387_10225009810186473_2824130488495122746_n-e1727769987411-768x768.jpg 768w, https:\/\/www.radiopiu.net\/wordpress\/wp-content\/uploads\/2024\/10\/275301387_10225009810186473_2824130488495122746_n-e1727769987411.jpg 960w\" sizes=\"auto, (max-width: 173px) 100vw, 173px\" \/><\/a>MOTTA DI LIVENZA<\/strong> Con grande orgoglio, il birrificio <a href=\"https:\/\/www.facebook.com\/profile.php?id=61560084776576\"><em>Zuppa di Sasso<\/em><\/a> presenta la sua nuova birra <strong>Golden Wave<\/strong>, accompagnata da un\u2019etichetta realizzata dall\u2019artista <a href=\"https:\/\/www.facebook.com\/groups\/1420205028223120\/user\/1653702137\/\">Christopher Scolz<\/a>,\u00a0 (foto) giovane talento locale che vive e lavora ad Agordo. <em>&#8220;Questa collaborazione \u00e8 parte di un progetto per sostenere i piccoli artisti &#8211; dice <a href=\"https:\/\/www.facebook.com\/alessandra.gargiuli\">Alessandra Gargiuli<\/a> &#8211; in questa occasione abbiamo scelto un ragazzo del mio paese d&#8217;origine&#8221;<\/em><\/p>\n<p>La <strong>Golden Wave<\/strong>, una German Ale dal gusto esplosivo, si distingue non solo per la bevanda, ma anche per l\u2019etichetta originale e vivace: i malti giocano tra le onde, osservati dai luppoli che si tuffano in un bagno termale, mentre zuccheri e lieviti si divertono tra di loro. L&#8217;obiettivo \u00e8 unire sapori e creativit\u00e0, sperando di farvi gustare presto questa deliziosa birra artigianale, racchiusa in una bottiglia che \u00e8 una vera opera d&#8217;arte.<\/p>\n<p><a class=\"dt-pswp-item\" href=\"https:\/\/www.radiopiu.net\/wordpress\/wp-content\/uploads\/2024\/10\/461763192_10230715600267659_3608202944897485511_n.jpg\" data-dt-img-description=\"\" data-large_image_width=\"600\" data-large_image_height=\"314\"><img loading=\"lazy\" decoding=\"async\" class=\"wp-image-411933 size-full aligncenter\" src=\"https:\/\/www.radiopiu.net\/wordpress\/wp-content\/uploads\/2024\/10\/461763192_10230715600267659_3608202944897485511_n.jpg\" alt=\"\" width=\"600\" height=\"314\" srcset=\"https:\/\/www.radiopiu.net\/wordpress\/wp-content\/uploads\/2024\/10\/461763192_10230715600267659_3608202944897485511_n.jpg 600w, https:\/\/www.radiopiu.net\/wordpress\/wp-content\/uploads\/2024\/10\/461763192_10230715600267659_3608202944897485511_n-300x157.jpg 300w\" sizes=\"auto, (max-width: 600px) 100vw, 600px\" \/><\/a><\/p>\n<p>&nbsp;<\/p>\n<hr \/>\n<p>&nbsp;<\/p>\n<blockquote>\n<h3>SAN MATTEO PATRONO DELLA GUARDIA DI FINANZA<\/h3>\n<\/blockquote>\n<p><strong><a class=\"dt-pswp-item\" href=\"https:\/\/www.radiopiu.net\/wordpress\/wp-content\/uploads\/2024\/10\/Foto2.jpg\" data-dt-img-description=\"\" data-large_image_width=\"1823\" data-large_image_height=\"1504\"><img loading=\"lazy\" decoding=\"async\" class=\" wp-image-412005 alignleft\" src=\"https:\/\/www.radiopiu.net\/wordpress\/wp-content\/uploads\/2024\/10\/Foto2-300x248.jpg\" alt=\"\" width=\"149\" height=\"123\" srcset=\"https:\/\/www.radiopiu.net\/wordpress\/wp-content\/uploads\/2024\/10\/Foto2-300x248.jpg 300w, https:\/\/www.radiopiu.net\/wordpress\/wp-content\/uploads\/2024\/10\/Foto2-1024x845.jpg 1024w, https:\/\/www.radiopiu.net\/wordpress\/wp-content\/uploads\/2024\/10\/Foto2-768x634.jpg 768w, https:\/\/www.radiopiu.net\/wordpress\/wp-content\/uploads\/2024\/10\/Foto2-1536x1267.jpg 1536w, https:\/\/www.radiopiu.net\/wordpress\/wp-content\/uploads\/2024\/10\/Foto2.jpg 1823w\" sizes=\"auto, (max-width: 149px) 100vw, 149px\" \/><\/a>BELLUNO<\/strong> Ieri, presso la Cripta del Duomo di Belluno, Don Donato Labriola, Cappellano Militare del Comando Regionale Veneto della Guardia di Finanza, ha celebrato la Messa in onore di San Matteo, Patrono della Guardia di Finanza. Alla cerimonia erano presenti diverse autorit\u00e0 civili e militari, tra cui la Dott.ssa Rossella Caruso, il Questore Francesco Zerilli, il Colonnello Enrico Pigozzi e l\u2019Assessore comunale Franco Roccon. Erano presenti anche numerosi finanzieri in servizio e in congedo dell\u2019A.N.F.I. di Belluno e Santo Stefano di Cadore. Al termine della funzione, il Colonnello Atzori ha ringraziato il Cappellano, le autorit\u00e0 e i finanzieri per il loro continuo impegno nella tutela della collettivit\u00e0 e per il mantenimento dei valori e delle tradizioni del Corpo.<\/p>\n<p>&nbsp;<\/p>\n<p>&nbsp;<\/p>\n<hr \/>\n<p>&nbsp;<\/p>\n<blockquote>\n<h3><a class=\"dt-pswp-item\" href=\"https:\/\/www.radiopiu.net\/wordpress\/wp-content\/uploads\/2024\/09\/Scie-di-Gloria-in-esposizione-a-Longarone-Fiere.jpg\" data-dt-img-description=\"\" data-large_image_width=\"2500\" data-large_image_height=\"1877\"><img loading=\"lazy\" decoding=\"async\" class=\"wp-image-409996 alignleft\" src=\"https:\/\/www.radiopiu.net\/wordpress\/wp-content\/uploads\/2024\/09\/Scie-di-Gloria-in-esposizione-a-Longarone-Fiere-300x225.jpg\" alt=\"\" width=\"157\" height=\"118\" srcset=\"https:\/\/www.radiopiu.net\/wordpress\/wp-content\/uploads\/2024\/09\/Scie-di-Gloria-in-esposizione-a-Longarone-Fiere-300x225.jpg 300w, https:\/\/www.radiopiu.net\/wordpress\/wp-content\/uploads\/2024\/09\/Scie-di-Gloria-in-esposizione-a-Longarone-Fiere-1024x769.jpg 1024w, https:\/\/www.radiopiu.net\/wordpress\/wp-content\/uploads\/2024\/09\/Scie-di-Gloria-in-esposizione-a-Longarone-Fiere-768x577.jpg 768w, https:\/\/www.radiopiu.net\/wordpress\/wp-content\/uploads\/2024\/09\/Scie-di-Gloria-in-esposizione-a-Longarone-Fiere-1536x1153.jpg 1536w, https:\/\/www.radiopiu.net\/wordpress\/wp-content\/uploads\/2024\/09\/Scie-di-Gloria-in-esposizione-a-Longarone-Fiere-2048x1538.jpg 2048w\" sizes=\"auto, (max-width: 157px) 100vw, 157px\" \/><\/a>IL PREMIO LONGARONE 2024 NEL SEGNO DELLA SOLIDARIETA&#8217;<\/h3>\n<\/blockquote>\n<p><strong>LONGARONE<\/strong> Il Premio Longarone 2024 celebra la solidariet\u00e0, premiando Silvano Remor, Maria Grazia Da Ros e la sezione dei donatori di sangue &#8220;Attilio Marogna&#8221;. Silvano e Maria Grazia, dopo la perdita del figlio Fabio nel 2006, hanno fondato il gruppo &#8220;Pensiero per un amico &#8211; The Idols&#8221;, impegnandosi in diverse attivit\u00e0 di volontariato e iniziative a Longarone. La sezione Abvs, fondata nel 1951, \u00e8 stata colpita dalla tragedia del Vajont, ma ha ricostruito il proprio gruppo di donatori contribuendo a salvare vite. La premiazione si terr\u00e0 l&#8217;8 ottobre in sala consiliare.<\/p>\n<p>&nbsp;<\/p>\n<p>&nbsp;<\/p>\n<hr \/>\n<p>&nbsp;<\/p>\n<blockquote><p><strong>Via libera a tre interventi per la sicurezza stradale nelle frazioni<\/strong><\/p><\/blockquote>\n<p><strong><a class=\"dt-pswp-item\" href=\"https:\/\/www.radiopiu.net\/wordpress\/wp-content\/uploads\/2024\/09\/Lingresso-del-municipio-di-Feltre.jpg\" data-dt-img-description=\"\" data-large_image_width=\"1920\" data-large_image_height=\"1080\"><img loading=\"lazy\" decoding=\"async\" class=\" wp-image-411482 alignleft\" src=\"https:\/\/www.radiopiu.net\/wordpress\/wp-content\/uploads\/2024\/09\/Lingresso-del-municipio-di-Feltre-300x169.jpg\" alt=\"\" width=\"250\" height=\"141\" srcset=\"https:\/\/www.radiopiu.net\/wordpress\/wp-content\/uploads\/2024\/09\/Lingresso-del-municipio-di-Feltre-300x169.jpg 300w, https:\/\/www.radiopiu.net\/wordpress\/wp-content\/uploads\/2024\/09\/Lingresso-del-municipio-di-Feltre-1024x576.jpg 1024w, https:\/\/www.radiopiu.net\/wordpress\/wp-content\/uploads\/2024\/09\/Lingresso-del-municipio-di-Feltre-768x432.jpg 768w, https:\/\/www.radiopiu.net\/wordpress\/wp-content\/uploads\/2024\/09\/Lingresso-del-municipio-di-Feltre-1536x864.jpg 1536w, https:\/\/www.radiopiu.net\/wordpress\/wp-content\/uploads\/2024\/09\/Lingresso-del-municipio-di-Feltre.jpg 1920w\" sizes=\"auto, (max-width: 250px) 100vw, 250px\" \/><\/a>FELTRE<\/strong><\/p>\n<div class=\"flex max-w-full flex-col flex-grow\">\n<div class=\"min-h-8 text-message flex w-full flex-col items-end gap-2 whitespace-normal break-words [.text-message+&amp;]:mt-5\" dir=\"auto\" data-message-author-role=\"assistant\" data-message-id=\"8e01a68e-259d-408f-bf88-3f84f28e1bf8\">\n<div class=\"flex w-full flex-col gap-1 empty:hidden first:pt-[3px]\">\n<div class=\"markdown prose w-full break-words dark:prose-invert dark\">\n<p>La Giunta comunale ha approvato il progetto esecutivo per la manutenzione della viabilit\u00e0 nelle frazioni, con un investimento di 250 mila euro. Gli interventi mirano a migliorare la sicurezza stradale e a riqualificare aree degradate, come richiesto dai cittadini durante incontri con l&#8217;amministrazione. Le opere riguardano l&#8217;installazione di barriere in via Mutten (Arson), nuova pavimentazione e illuminazione in via Zenta (Foen), e il rifacimento della strada e muratura in via San Michele (Nemeggio). I lavori partiranno dopo l&#8217;inverno.<\/p>\n<\/div>\n<\/div>\n<\/div>\n<\/div>\n<p>&nbsp;<\/p>\n<p>&nbsp;<\/p>\n<hr \/>\n<p>&nbsp;<\/p>\n<p>&nbsp;<\/p>\n<blockquote><p><strong>Sportful Dolomiti Race: promozione del territorio e turismo<\/strong><\/p><\/blockquote>\n<p><strong><a class=\"dt-pswp-item\" href=\"https:\/\/www.radiopiu.net\/wordpress\/wp-content\/uploads\/2024\/10\/Partenza-SDR-2022.jpg\" data-dt-img-description=\"\" data-large_image_width=\"2048\" data-large_image_height=\"1536\"><img loading=\"lazy\" decoding=\"async\" class=\"size-medium wp-image-411949 alignleft\" src=\"https:\/\/www.radiopiu.net\/wordpress\/wp-content\/uploads\/2024\/10\/Partenza-SDR-2022-300x225.jpg\" alt=\"\" width=\"300\" height=\"225\" srcset=\"https:\/\/www.radiopiu.net\/wordpress\/wp-content\/uploads\/2024\/10\/Partenza-SDR-2022-300x225.jpg 300w, https:\/\/www.radiopiu.net\/wordpress\/wp-content\/uploads\/2024\/10\/Partenza-SDR-2022-1024x768.jpg 1024w, https:\/\/www.radiopiu.net\/wordpress\/wp-content\/uploads\/2024\/10\/Partenza-SDR-2022-768x576.jpg 768w, https:\/\/www.radiopiu.net\/wordpress\/wp-content\/uploads\/2024\/10\/Partenza-SDR-2022-1536x1152.jpg 1536w, https:\/\/www.radiopiu.net\/wordpress\/wp-content\/uploads\/2024\/10\/Partenza-SDR-2022.jpg 2048w\" sizes=\"auto, (max-width: 300px) 100vw, 300px\" \/><\/a>VENEZIA<\/strong> La Sportful Dolomiti Race, una delle granfondo pi\u00f9 dure d&#8217;Europa, festeggia i 30 anni. I consiglieri regionali Silvia Cestaro e Giovanni Puppato sottolineano l&#8217;importanza dell&#8217;evento per il territorio bellunese, sia per la promozione del turismo, sia per l&#8217;indotto economico. Con percorsi impegnativi di 125 km e 200 km, la gara ciclistica attira migliaia di cicloamatori e spettatori, contribuendo alla crescita del turismo e dei posti letto nell&#8217;area feltrina. E come hanno ricordato anche gli organizzatori della Sportful Dolomiti Race in trent\u2019anni, grazie anche a eventi ciclistici di grandi dimensioni, i posti letto nell\u2019area feltrina sono aumentati del 40%. Lo sport \u00e8 benessere, salute, vita e il ciclismo in particolare \u00e8 uno sport perfetto per la promozione del territorio. Oltre quattromila iscritti alla granfondo feltrina, oltre a essere una festa per lo sport, \u00e8 anche attrazione turistica\u201d.<\/p>\n<p>&nbsp;<\/p>\n<p>&nbsp;<\/p>\n<p>&nbsp;<\/p>\n<hr \/>\n<p>&nbsp;<\/p>\n<blockquote>\n<h2><strong>Manutenzione sentieri e sfalcio prati: l&#8217;impegno del Parco<\/strong><\/h2>\n<\/blockquote>\n<div class=\"flex-shrink-0 flex flex-col relative items-end\">\n<div>\n<div class=\"pt-0\">\n<div class=\"gizmo-bot-avatar flex h-8 w-8 items-center justify-center overflow-hidden rounded-full\">\n<div class=\"relative p-1 rounded-sm flex items-center justify-center bg-token-main-surface-primary text-token-text-primary h-8 w-8\"><\/div>\n<\/div>\n<\/div>\n<\/div>\n<\/div>\n<div class=\"group\/conversation-turn relative flex w-full min-w-0 flex-col agent-turn\">\n<div class=\"flex-col gap-1 md:gap-3\">\n<div class=\"flex max-w-full flex-col flex-grow\">\n<div class=\"min-h-8 text-message flex w-full flex-col items-end gap-2 whitespace-normal break-words [.text-message+&amp;]:mt-5\" dir=\"auto\" data-message-author-role=\"assistant\" data-message-id=\"acf3fa28-0095-4424-b526-1c624b966763\">\n<div class=\"flex w-full flex-col gap-1 empty:hidden first:pt-[3px]\">\n<div class=\"markdown prose w-full break-words dark:prose-invert dark\">\n<p><strong>FELTRE<\/strong> Durante l&#8217;estate, il Parco Nazionale delle Dolomiti\u00a0 ha continuato la manutenzione dei sentieri e lo sfalcio dei prati, coinvolgendo cooperative sociali locali. Finanziamenti significativi, anche grazie al Ministero per l\u2019Ambiente, hanno sostenuto queste attivit\u00e0. Interventi recenti hanno interessato aree come la Val Cordevole e Val Canzoi. Il presidente Ennio Vigne ha sottolineato l&#8217;importanza di queste operazioni per preservare la biodiversit\u00e0 e supportare l\u2019economia locale, con un investimento continuo nella qualit\u00e0 ambientale del territorio.<\/p>\n<\/div>\n<\/div>\n<\/div>\n<\/div>\n<\/div>\n<\/div>\n<p>&nbsp;<\/p>\n<p><a class=\"dt-pswp-item\" href=\"https:\/\/www.radiopiu.net\/wordpress\/wp-content\/uploads\/2024\/10\/Manutenzione-sentieri-nel-Parco-Nazionale-scaled.jpg\" data-dt-img-description=\"\" data-large_image_width=\"2560\" data-large_image_height=\"1440\"><img loading=\"lazy\" decoding=\"async\" class=\"alignnone size-medium wp-image-411942\" src=\"https:\/\/www.radiopiu.net\/wordpress\/wp-content\/uploads\/2024\/10\/Manutenzione-sentieri-nel-Parco-Nazionale-300x169.jpg\" alt=\"\" width=\"300\" height=\"169\" srcset=\"https:\/\/www.radiopiu.net\/wordpress\/wp-content\/uploads\/2024\/10\/Manutenzione-sentieri-nel-Parco-Nazionale-300x169.jpg 300w, https:\/\/www.radiopiu.net\/wordpress\/wp-content\/uploads\/2024\/10\/Manutenzione-sentieri-nel-Parco-Nazionale-1024x576.jpg 1024w, https:\/\/www.radiopiu.net\/wordpress\/wp-content\/uploads\/2024\/10\/Manutenzione-sentieri-nel-Parco-Nazionale-768x432.jpg 768w, https:\/\/www.radiopiu.net\/wordpress\/wp-content\/uploads\/2024\/10\/Manutenzione-sentieri-nel-Parco-Nazionale-1536x864.jpg 1536w, https:\/\/www.radiopiu.net\/wordpress\/wp-content\/uploads\/2024\/10\/Manutenzione-sentieri-nel-Parco-Nazionale-2048x1152.jpg 2048w\" sizes=\"auto, (max-width: 300px) 100vw, 300px\" \/><\/a><a class=\"dt-pswp-item\" href=\"https:\/\/www.radiopiu.net\/wordpress\/wp-content\/uploads\/2024\/10\/Sfalcio-prati-Parco-Nazionale-scaled.jpg\" data-dt-img-description=\"\" data-large_image_width=\"2560\" data-large_image_height=\"1920\"><img loading=\"lazy\" decoding=\"async\" class=\"alignnone wp-image-411943\" src=\"https:\/\/www.radiopiu.net\/wordpress\/wp-content\/uploads\/2024\/10\/Sfalcio-prati-Parco-Nazionale-300x225.jpg\" alt=\"\" width=\"225\" height=\"169\" srcset=\"https:\/\/www.radiopiu.net\/wordpress\/wp-content\/uploads\/2024\/10\/Sfalcio-prati-Parco-Nazionale-300x225.jpg 300w, https:\/\/www.radiopiu.net\/wordpress\/wp-content\/uploads\/2024\/10\/Sfalcio-prati-Parco-Nazionale-1024x768.jpg 1024w, https:\/\/www.radiopiu.net\/wordpress\/wp-content\/uploads\/2024\/10\/Sfalcio-prati-Parco-Nazionale-768x576.jpg 768w, https:\/\/www.radiopiu.net\/wordpress\/wp-content\/uploads\/2024\/10\/Sfalcio-prati-Parco-Nazionale-1536x1152.jpg 1536w, https:\/\/www.radiopiu.net\/wordpress\/wp-content\/uploads\/2024\/10\/Sfalcio-prati-Parco-Nazionale-2048x1536.jpg 2048w\" sizes=\"auto, (max-width: 225px) 100vw, 225px\" \/><\/a><\/p>\n<p>&nbsp;<\/p>\n<p>&nbsp;<\/p>\n<hr \/>\n<p>&nbsp;<\/p>\n<blockquote>\n<h3>RIVA L&#8217;OKTOBERFEST A RIVAMONTE&#8230;CON DOLOMITI BEER &amp; WINE BEER DI TAIBON<\/h3>\n<\/blockquote>\n<p><strong><a class=\"dt-pswp-item\" href=\"https:\/\/www.radiopiu.net\/wordpress\/wp-content\/uploads\/2024\/10\/5e470011-d042-4192-b606-8c06db8b3a37.jpg\" data-dt-img-description=\"\" data-large_image_width=\"1153\" data-large_image_height=\"1600\"><img loading=\"lazy\" decoding=\"async\" class=\" wp-image-411999 alignleft\" src=\"https:\/\/www.radiopiu.net\/wordpress\/wp-content\/uploads\/2024\/10\/5e470011-d042-4192-b606-8c06db8b3a37-216x300.jpg\" alt=\"\" width=\"114\" height=\"158\" srcset=\"https:\/\/www.radiopiu.net\/wordpress\/wp-content\/uploads\/2024\/10\/5e470011-d042-4192-b606-8c06db8b3a37-216x300.jpg 216w, https:\/\/www.radiopiu.net\/wordpress\/wp-content\/uploads\/2024\/10\/5e470011-d042-4192-b606-8c06db8b3a37-738x1024.jpg 738w, https:\/\/www.radiopiu.net\/wordpress\/wp-content\/uploads\/2024\/10\/5e470011-d042-4192-b606-8c06db8b3a37-768x1066.jpg 768w, https:\/\/www.radiopiu.net\/wordpress\/wp-content\/uploads\/2024\/10\/5e470011-d042-4192-b606-8c06db8b3a37-1107x1536.jpg 1107w, https:\/\/www.radiopiu.net\/wordpress\/wp-content\/uploads\/2024\/10\/5e470011-d042-4192-b606-8c06db8b3a37.jpg 1153w\" sizes=\"auto, (max-width: 114px) 100vw, 114px\" \/><\/a>RIVAMONTE<\/strong> Conto alla rovescia per la quarta edizione di &#8220;Riva L&#8217;Oktoberfest&#8221; a Rivamonte. Anche quest&#8217;anno la Pro Loco di Rivamonte ha messo a disposizione il tendone riscaldato per festeggiare la festa della birra. Sar\u00e0 Dolomiti Beer &amp; Wine Shop di Taibon a fornire la tipica birra bavarese e tutto il necessario per offrire al pubblico una birra perfetta. L&#8217;evento del weekend, dall&#8217;11 al 13 ottobre, promette tre giornate di divertimento e ottimo cibo in stile bavarese. Venerd\u00ec si inizia con un Happy Hour accompagnato dalla musica live della Sritz Band. Sabato sar\u00e0 dedicato ai piatti bavaresi e alla musica Oberkrainer con il Koa Quintett, seguito da un DJ set. Domenica ci saranno esposizioni, dimostrazioni e il gran finale con la porchetta. Durante tutto il weekend, saranno serviti piatti tradizionali come stinco, wurstel, crauti, canederli e spatzle, accompagnati da birra fresca in bicchieri da mezzo litro. Il tendone riscaldato garantisce un&#8217;atmosfera accogliente, e chi indossa abiti tirolesi \u00e8 il benvenuto.<\/p>\n<p>&nbsp;<\/p>\n<p><a class=\"dt-pswp-item\" href=\"https:\/\/www.radiopiu.net\/wordpress\/wp-content\/uploads\/2024\/10\/2e5c4358-ded0-46a3-b586-f0dc161e2eb2.jpg\" data-dt-img-description=\"\" data-large_image_width=\"1024\" data-large_image_height=\"1024\"><img loading=\"lazy\" decoding=\"async\" class=\"alignnone size-medium wp-image-411997\" src=\"https:\/\/www.radiopiu.net\/wordpress\/wp-content\/uploads\/2024\/10\/2e5c4358-ded0-46a3-b586-f0dc161e2eb2-300x300.jpg\" alt=\"\" width=\"300\" height=\"300\" srcset=\"https:\/\/www.radiopiu.net\/wordpress\/wp-content\/uploads\/2024\/10\/2e5c4358-ded0-46a3-b586-f0dc161e2eb2-300x300.jpg 300w, https:\/\/www.radiopiu.net\/wordpress\/wp-content\/uploads\/2024\/10\/2e5c4358-ded0-46a3-b586-f0dc161e2eb2-150x150.jpg 150w, https:\/\/www.radiopiu.net\/wordpress\/wp-content\/uploads\/2024\/10\/2e5c4358-ded0-46a3-b586-f0dc161e2eb2-768x768.jpg 768w, https:\/\/www.radiopiu.net\/wordpress\/wp-content\/uploads\/2024\/10\/2e5c4358-ded0-46a3-b586-f0dc161e2eb2.jpg 1024w\" sizes=\"auto, (max-width: 300px) 100vw, 300px\" \/><\/a><a class=\"dt-pswp-item\" href=\"https:\/\/www.radiopiu.net\/wordpress\/wp-content\/uploads\/2024\/10\/aeb178f8-5bb0-4e08-8228-844f27fd0e9e.jpg\" data-dt-img-description=\"\" data-large_image_width=\"1600\" data-large_image_height=\"1600\"><img loading=\"lazy\" decoding=\"async\" class=\"alignnone size-medium wp-image-411998\" src=\"https:\/\/www.radiopiu.net\/wordpress\/wp-content\/uploads\/2024\/10\/aeb178f8-5bb0-4e08-8228-844f27fd0e9e-300x300.jpg\" alt=\"\" width=\"300\" height=\"300\" srcset=\"https:\/\/www.radiopiu.net\/wordpress\/wp-content\/uploads\/2024\/10\/aeb178f8-5bb0-4e08-8228-844f27fd0e9e-300x300.jpg 300w, https:\/\/www.radiopiu.net\/wordpress\/wp-content\/uploads\/2024\/10\/aeb178f8-5bb0-4e08-8228-844f27fd0e9e-1024x1024.jpg 1024w, https:\/\/www.radiopiu.net\/wordpress\/wp-content\/uploads\/2024\/10\/aeb178f8-5bb0-4e08-8228-844f27fd0e9e-150x150.jpg 150w, https:\/\/www.radiopiu.net\/wordpress\/wp-content\/uploads\/2024\/10\/aeb178f8-5bb0-4e08-8228-844f27fd0e9e-768x768.jpg 768w, https:\/\/www.radiopiu.net\/wordpress\/wp-content\/uploads\/2024\/10\/aeb178f8-5bb0-4e08-8228-844f27fd0e9e-1536x1536.jpg 1536w, https:\/\/www.radiopiu.net\/wordpress\/wp-content\/uploads\/2024\/10\/aeb178f8-5bb0-4e08-8228-844f27fd0e9e.jpg 1600w\" sizes=\"auto, (max-width: 300px) 100vw, 300px\" \/><\/a><\/p>\n<p>&nbsp;<\/p>\n<hr \/>\n<p>&nbsp;<\/p>\n<blockquote>\n<h3>A TEATRO CON LA PRO LOCO CASTIONESE<\/h3>\n<\/blockquote>\n<p><strong><a class=\"dt-pswp-item\" href=\"https:\/\/www.radiopiu.net\/wordpress\/wp-content\/uploads\/2024\/10\/5-VIE.png\" data-dt-img-description=\"\" data-large_image_width=\"883\" data-large_image_height=\"586\"><img loading=\"lazy\" decoding=\"async\" class=\" wp-image-412023 alignleft\" src=\"https:\/\/www.radiopiu.net\/wordpress\/wp-content\/uploads\/2024\/10\/5-VIE-300x199.png\" alt=\"\" width=\"169\" height=\"112\" srcset=\"https:\/\/www.radiopiu.net\/wordpress\/wp-content\/uploads\/2024\/10\/5-VIE-300x199.png 300w, https:\/\/www.radiopiu.net\/wordpress\/wp-content\/uploads\/2024\/10\/5-VIE-768x510.png 768w, https:\/\/www.radiopiu.net\/wordpress\/wp-content\/uploads\/2024\/10\/5-VIE.png 883w\" sizes=\"auto, (max-width: 169px) 100vw, 169px\" \/><\/a>BELLUNO<\/strong> La Rassegna Teatrale &#8220;5Vie&#8221; 2024 al Teatro San Gaetano di Castion propone cinque spettacoli che esplorano il tema della follia. Si apre il 12 ottobre con <em>Riccardo III: Il sole di York brucia<\/em>, una riflessione sul lato oscuro dell\u2019animo umano. Il 19 ottobre segue <em>Mar\u00eda<\/em>, tratta dai racconti di Gabriel Garc\u00eda M\u00e1rquez, che esplora il confine tra normalit\u00e0 e pazzia. Il 9 novembre, <em>Gianni<\/em> racconta la vita di un uomo segnato dalla malattia mentale. Il 23 novembre, <em>Chi ama brucia<\/em> affronta la realt\u00e0 dei CIE per migranti. La rassegna si chiude il 30 novembre con <em>R.R.<\/em>, la storia di Rolandina Roncaglia e la sua lotta per l\u2019identit\u00e0 di genere nel XIV secolo.<\/p>\n<p>&nbsp;<\/p>\n<p>&nbsp;<\/p>\n<hr \/>\n<h2><\/h2>\n<blockquote>\n<h2>Oltre le vette 2024: la montagna protagonista a Belluno<\/h2>\n<\/blockquote>\n<blockquote><p><em class=\"photoswipe-wrapper\"><a class=\"dt-pswp-item pspw-wrap-ready\" href=\"https:\/\/i0.wp.com\/www.radiopiu.net\/wordpress\/wp-content\/uploads\/2024\/09\/OLVspettacolo-anima.jpg?ssl=1\" data-dt-img-description=\"\" data-large_image_width=\"2400\" data-large_image_height=\"1600\"><img loading=\"lazy\" decoding=\"async\" class=\" wp-image-410161 alignleft\" src=\"https:\/\/i0.wp.com\/www.radiopiu.net\/wordpress\/wp-content\/uploads\/2024\/09\/OLVspettacolo-anima.jpg?resize=188%2C125&amp;ssl=1\" sizes=\"auto, (max-width: 188px) 100vw, 188px\" srcset=\"https:\/\/i0.wp.com\/www.radiopiu.net\/wordpress\/wp-content\/uploads\/2024\/09\/OLVspettacolo-anima.jpg?resize=300%2C200&amp;ssl=1 300w, https:\/\/i0.wp.com\/www.radiopiu.net\/wordpress\/wp-content\/uploads\/2024\/09\/OLVspettacolo-anima.jpg?resize=1024%2C683&amp;ssl=1 1024w, https:\/\/i0.wp.com\/www.radiopiu.net\/wordpress\/wp-content\/uploads\/2024\/09\/OLVspettacolo-anima.jpg?resize=768%2C512&amp;ssl=1 768w, https:\/\/i0.wp.com\/www.radiopiu.net\/wordpress\/wp-content\/uploads\/2024\/09\/OLVspettacolo-anima.jpg?resize=1536%2C1024&amp;ssl=1 1536w, https:\/\/i0.wp.com\/www.radiopiu.net\/wordpress\/wp-content\/uploads\/2024\/09\/OLVspettacolo-anima.jpg?resize=2048%2C1365&amp;ssl=1 2048w, https:\/\/i0.wp.com\/www.radiopiu.net\/wordpress\/wp-content\/uploads\/2024\/09\/OLVspettacolo-anima.jpg?w=2400&amp;ssl=1 2400w\" alt=\"\" width=\"188\" height=\"125\" data-recalc-dims=\"1\" \/><\/a>\u201cOltre le vette\u201d per gli appassionati di montagna.<\/em><\/p><\/blockquote>\n<p class=\"mceTemp\"><strong>BELLUNO\u00a0\u00a0<\/strong>Dal 4 al 13 ottobre 2024, Belluno ospiter\u00e0 la 28a edizione di \u201cOltre le vette \u2013 Metafore, uomini, luoghi della montagna\u201d. Il festival, uno dei pi\u00f9 longevi dedicati alla montagna in Italia, presenta 50 eventi che spaziano dall\u2019alpinismo all\u2019arte, con mostre, spettacoli e incontri. Quest\u2019anno il tema \u00e8 \u201cFilo, philos, fil\u00f2\u201d, esplorando il legame tra uomo e montagna attraverso diverse prospettive.<\/p>\n<p>&nbsp;<\/p>\n<p>&nbsp;<\/p>\n<hr \/>\n<h3><span style=\"font-size: 14px; font-weight: normal;\">\u00a0\u00a0<\/span><\/h3>\n<blockquote>\n<h3><a class=\"dt-pswp-item\" href=\"https:\/\/www.radiopiu.net\/wordpress\/wp-content\/uploads\/2020\/05\/images-1.jpg\" data-dt-img-description=\"\" data-large_image_width=\"275\" data-large_image_height=\"183\"><img loading=\"lazy\" decoding=\"async\" class=\"wp-image-137672 alignleft\" src=\"https:\/\/www.radiopiu.net\/wordpress\/wp-content\/uploads\/2020\/05\/images-1.jpg\" alt=\"\" width=\"150\" height=\"100\" \/><\/a>A SOSPIROLO LO SPETTACOLO L&#8217;ARIA SA DI TEMPESTA<\/h3>\n<\/blockquote>\n<p><strong>SOSPIROLO<\/strong><\/p>\n<p>DI ROBERTO BONA<\/p>\n<audio class=\"wp-audio-shortcode\" id=\"audio-411839-16\" preload=\"none\" style=\"width: 100%;\" controls=\"controls\"><source type=\"audio\/mpeg\" src=\"https:\/\/www.radiopiu.net\/wordpress\/wp-content\/uploads\/2024\/10\/BONA-A-SOSPIROLO-LO-SPETTACOLO-LARIA-SA-DI-TEMPESTA-SCADENZA-5-OTTOBRE.mp3?_=16\" \/><a href=\"https:\/\/www.radiopiu.net\/wordpress\/wp-content\/uploads\/2024\/10\/BONA-A-SOSPIROLO-LO-SPETTACOLO-LARIA-SA-DI-TEMPESTA-SCADENZA-5-OTTOBRE.mp3\">https:\/\/www.radiopiu.net\/wordpress\/wp-content\/uploads\/2024\/10\/BONA-A-SOSPIROLO-LO-SPETTACOLO-LARIA-SA-DI-TEMPESTA-SCADENZA-5-OTTOBRE.mp3<\/a><\/audio>\n<p>&nbsp;<\/p>\n<hr \/>\n<p>&nbsp;<\/p>\n<blockquote>\n<h3><a class=\"dt-pswp-item\" href=\"https:\/\/www.radiopiu.net\/wordpress\/wp-content\/uploads\/2020\/11\/leggere.jpg\" data-dt-img-description=\"\" data-large_image_width=\"640\" data-large_image_height=\"426\"><img loading=\"lazy\" decoding=\"async\" class=\"wp-image-172016 alignleft\" src=\"https:\/\/www.radiopiu.net\/wordpress\/wp-content\/uploads\/2020\/11\/leggere-300x200.jpg\" alt=\"\" width=\"167\" height=\"111\" srcset=\"https:\/\/www.radiopiu.net\/wordpress\/wp-content\/uploads\/2020\/11\/leggere-300x200.jpg 300w, https:\/\/www.radiopiu.net\/wordpress\/wp-content\/uploads\/2020\/11\/leggere.jpg 640w\" sizes=\"auto, (max-width: 167px) 100vw, 167px\" \/><\/a>IL VENETO LEGGE A BORGO VALBELLUNA<\/h3>\n<\/blockquote>\n<p class=\"mceTemp\"><strong>BORGO VALBELLUNA<\/strong><\/p>\n<p class=\"mceTemp\">DI ROBERTO BONA<\/p>\n<audio class=\"wp-audio-shortcode\" id=\"audio-411839-17\" preload=\"none\" style=\"width: 100%;\" controls=\"controls\"><source type=\"audio\/mpeg\" src=\"https:\/\/www.radiopiu.net\/wordpress\/wp-content\/uploads\/2024\/09\/BONA-VENETO-LEGGE-BORGO-VALBELLUNA.mp3?_=17\" \/><a href=\"https:\/\/www.radiopiu.net\/wordpress\/wp-content\/uploads\/2024\/09\/BONA-VENETO-LEGGE-BORGO-VALBELLUNA.mp3\">https:\/\/www.radiopiu.net\/wordpress\/wp-content\/uploads\/2024\/09\/BONA-VENETO-LEGGE-BORGO-VALBELLUNA.mp3<\/a><\/audio>\n<p>&nbsp;<\/p>\n<p>&nbsp;<\/p>\n<hr \/>\n<h2><span style=\"color: #ff6600;\">\u00a0<\/span><\/h2>\n<h2><span style=\"color: #ff6600;\">IERI ALLA RADIO\u00a0<\/span><\/h2>\n<h2><span style=\"color: #ffcc00;\">DI MARTEDI&#8230; POMERIGGIO CON LUISA ALCHINI<\/span><\/h2>\n<p><span style=\"color: #ff0000;\"><strong><a class=\"dt-pswp-item\" href=\"https:\/\/www.radiopiu.net\/wordpress\/wp-content\/uploads\/2024\/09\/7a0d280c-2da9-4e49-a168-faebdb0fab3a.jpg\" data-dt-img-description=\"\" data-large_image_width=\"1031\" data-large_image_height=\"1086\"><img loading=\"lazy\" decoding=\"async\" class=\" wp-image-411766 alignleft\" src=\"https:\/\/www.radiopiu.net\/wordpress\/wp-content\/uploads\/2024\/09\/7a0d280c-2da9-4e49-a168-faebdb0fab3a-285x300.jpg\" alt=\"\" width=\"153\" height=\"161\" srcset=\"https:\/\/www.radiopiu.net\/wordpress\/wp-content\/uploads\/2024\/09\/7a0d280c-2da9-4e49-a168-faebdb0fab3a-285x300.jpg 285w, https:\/\/www.radiopiu.net\/wordpress\/wp-content\/uploads\/2024\/09\/7a0d280c-2da9-4e49-a168-faebdb0fab3a-972x1024.jpg 972w, https:\/\/www.radiopiu.net\/wordpress\/wp-content\/uploads\/2024\/09\/7a0d280c-2da9-4e49-a168-faebdb0fab3a-768x809.jpg 768w, https:\/\/www.radiopiu.net\/wordpress\/wp-content\/uploads\/2024\/09\/7a0d280c-2da9-4e49-a168-faebdb0fab3a.jpg 1031w\" sizes=\"auto, (max-width: 153px) 100vw, 153px\" \/><\/a>PUNTATA 12 PARTE UNO &#8211; MARIO PAOLINI<\/strong><\/span><\/p>\n<audio class=\"wp-audio-shortcode\" id=\"audio-411839-18\" preload=\"none\" style=\"width: 100%;\" controls=\"controls\"><source type=\"audio\/mpeg\" src=\"https:\/\/www.radiopiu.net\/wordpress\/wp-content\/uploads\/2024\/09\/LP1-1.mp3?_=18\" \/><a href=\"https:\/\/www.radiopiu.net\/wordpress\/wp-content\/uploads\/2024\/09\/LP1-1.mp3\">https:\/\/www.radiopiu.net\/wordpress\/wp-content\/uploads\/2024\/09\/LP1-1.mp3<\/a><\/audio>\n<p><span style=\"color: #ff0000;\">\u00a0<\/span><\/p>\n<p><span style=\"color: #ff0000;\"><strong>PARTE DUE<\/strong><\/span><\/p>\n<audio class=\"wp-audio-shortcode\" id=\"audio-411839-19\" preload=\"none\" style=\"width: 100%;\" controls=\"controls\"><source type=\"audio\/mpeg\" src=\"https:\/\/www.radiopiu.net\/wordpress\/wp-content\/uploads\/2024\/09\/LP2-1.mp3?_=19\" \/><a href=\"https:\/\/www.radiopiu.net\/wordpress\/wp-content\/uploads\/2024\/09\/LP2-1.mp3\">https:\/\/www.radiopiu.net\/wordpress\/wp-content\/uploads\/2024\/09\/LP2-1.mp3<\/a><\/audio>\n<p><span style=\"color: #ff0000;\"><strong>\u00a0<\/strong><\/span><\/p>\n<p><span style=\"color: #ff0000;\"><strong>PARTE TRE<\/strong><\/span><\/p>\n<audio class=\"wp-audio-shortcode\" id=\"audio-411839-20\" preload=\"none\" style=\"width: 100%;\" controls=\"controls\"><source type=\"audio\/mpeg\" src=\"https:\/\/www.radiopiu.net\/wordpress\/wp-content\/uploads\/2024\/09\/LP3.mp3?_=20\" \/><a href=\"https:\/\/www.radiopiu.net\/wordpress\/wp-content\/uploads\/2024\/09\/LP3.mp3\">https:\/\/www.radiopiu.net\/wordpress\/wp-content\/uploads\/2024\/09\/LP3.mp3<\/a><\/audio>\n<p>&nbsp;<\/p>\n<h2>LA RACCOLTA COMPLETA <a href=\"https:\/\/www.radiopiu.net\/wordpress\/lmt12\/\"><span style=\"color: #3366ff;\">CLICCA QUI<\/span><\/a><\/h2>\n<p>&nbsp;<\/p>\n<hr \/>\n<p>&nbsp;<\/p>\n<h2><span style=\"color: #008080;\">MOTORI E SPERANZA, LA SECONDA EDIZIONE A FALCADE<\/span><\/h2>\n<p><strong><a class=\"dt-pswp-item\" href=\"https:\/\/www.radiopiu.net\/wordpress\/wp-content\/uploads\/2024\/10\/lgql.png\" data-dt-img-description=\"\" data-large_image_width=\"660\" data-large_image_height=\"415\"><img loading=\"lazy\" decoding=\"async\" class=\" wp-image-412010 alignleft\" src=\"https:\/\/www.radiopiu.net\/wordpress\/wp-content\/uploads\/2024\/10\/lgql-300x189.png\" alt=\"\" width=\"190\" height=\"120\" srcset=\"https:\/\/www.radiopiu.net\/wordpress\/wp-content\/uploads\/2024\/10\/lgql-300x189.png 300w, https:\/\/www.radiopiu.net\/wordpress\/wp-content\/uploads\/2024\/10\/lgql.png 660w\" sizes=\"auto, (max-width: 190px) 100vw, 190px\" \/><\/a>DI MARCO GAZ<\/strong><\/p>\n<p>OSPITE: Mauro Riva<\/p>\n<audio class=\"wp-audio-shortcode\" id=\"audio-411839-21\" preload=\"none\" style=\"width: 100%;\" controls=\"controls\"><source type=\"audio\/mpeg\" src=\"https:\/\/www.radiopiu.net\/wordpress\/wp-content\/uploads\/2024\/10\/MAURO-RIVA-MOTORI-E-SPERANZA-SCADENZA-13-OTTOBRE.mp3?_=21\" \/><a href=\"https:\/\/www.radiopiu.net\/wordpress\/wp-content\/uploads\/2024\/10\/MAURO-RIVA-MOTORI-E-SPERANZA-SCADENZA-13-OTTOBRE.mp3\">https:\/\/www.radiopiu.net\/wordpress\/wp-content\/uploads\/2024\/10\/MAURO-RIVA-MOTORI-E-SPERANZA-SCADENZA-13-OTTOBRE.mp3<\/a><\/audio>\n<p>&nbsp;<\/p>\n<hr \/>\n<p>&nbsp;<\/p>\n<blockquote>\n<h3>BIVACCHI: STRUTTURE AL SERVIZIO DEGLI ALPINISTI-ESCURSIONISTI O CASE VACANZA?<\/h3>\n<\/blockquote>\n<p class=\"mceTemp\"><strong><a class=\"dt-pswp-item\" href=\"https:\/\/www.radiopiu.net\/wordpress\/wp-content\/uploads\/2024\/09\/BIVACCO.jpg\" data-dt-img-description=\"\" data-large_image_width=\"1401\" data-large_image_height=\"1212\"><img loading=\"lazy\" decoding=\"async\" class=\" wp-image-411814 alignleft\" src=\"https:\/\/www.radiopiu.net\/wordpress\/wp-content\/uploads\/2024\/09\/BIVACCO-300x260.jpg\" alt=\"\" width=\"167\" height=\"145\" srcset=\"https:\/\/www.radiopiu.net\/wordpress\/wp-content\/uploads\/2024\/09\/BIVACCO-300x260.jpg 300w, https:\/\/www.radiopiu.net\/wordpress\/wp-content\/uploads\/2024\/09\/BIVACCO-1024x886.jpg 1024w, https:\/\/www.radiopiu.net\/wordpress\/wp-content\/uploads\/2024\/09\/BIVACCO-768x664.jpg 768w, https:\/\/www.radiopiu.net\/wordpress\/wp-content\/uploads\/2024\/09\/BIVACCO.jpg 1401w\" sizes=\"auto, (max-width: 167px) 100vw, 167px\" \/><\/a>DI CLAUDIO PRA<\/strong>C&#8217;erano una volta i bivacchi utilizzati come strutture di emergenza in caso di bisogno o come punti d\u2019appoggio per chi si trovava in quota per attivit\u00e0 legate alla montagna (traversate, arrampicate ecc.), strutture dove di tanto in tanto anche qualche semplice appassionato si fermava per passarci la notte dopo un&#8217;escursione. Erano i tempi lontani dall\u2019overturism e dell\u2019alta quota cercata esclusivamente da chi l\u2019amava sul serio, gente rispettosa ed esperta dell&#8217;ambiente in cui si muoveva. Oggi tutto \u00e8 cambiato e l&#8217;uso moderno e distorto che si fa dei bivacchi \u00e8 spesso al centro di discussioni. Riassumendo l\u2019attuale situazione potremmo dire che si \u00e8 affermata una moda, alimentata in special modo dai social, che spinge al pernotto nei ricoveri, un\u2019experience (come la si chiama oggi) tutta da vivere. Spesso non \u00e8 pi\u00f9 una vetta la meta, ma proprio il bivacco, da dove postare un selfy trandy vantandosi di aver pernottato e magari fatto festa in compagnia. Non vale ovviamente per tutti, ma questi probabilmente sono i veri motivi che spingono tanta, troppa gente fin l\u00ec. Niente di male dir\u00e0 qualcuno, se non fosse che i bivacchi sarebbero concepiti, come gi\u00e0 ricordato qualche riga sopra, a strutture di emergenza o punti di appoggio. Questo cambio di destinazione, perch\u00e9 \u00e8 di questo che si tratta, con processioni impressionanti in cammino verso i vari ricoveri (al Margherita Bedin, provvisto di 9 posti letto, incontrate 50 persone che intendevano passarvi la notte), stravolge il motivo per cui sono nati. Ci sono veri e propri usufruitori seriali di bivacchi, che si fermano anche per pi\u00f9 giorni, impedendo a chi ne ha veramente bisogno di programmare l&#8217;uso della struttura. La regola, ma solo di buonsenso, reciterebbe che questi ultimi avrebbero la precedenza sugli altri che dovrebbero cedergli il posto. Ma figurarsi se viene rispettata da gente che probabilmente non sa neanche che esista un tale regola o che la rifiuta. E qui ci si collega al discorso della modificata frequentazione della montagna negli ultimi anni, con l&#8217;arrivo in quota di tante persone assolutamente digiune di una minima cultura montana, spesso impreparate, che se il gps non gli funziona sono persi perch\u00e9 nemmeno sanno cos&#8217;\u00e8 una cartina. Quelli che le immondizie lasciate sul posto passer\u00e0 qualche volontario per portarle a valle, che non si prendono la briga di informarsi su un mondo fragile di cui sanno poco o nulla e che per loro va solo sfruttato seguendo una moda. Le loro uniche fonti sono Youtube, FB o Istagram. Questi nuovi &#8220;appassionati&#8221; si impadroniscono dei bivacchi come se la cosa fosse normale, dando vita a una forma di nuovo turismo montano. Vagli a spiegare che non \u00e8 quello l&#8217;uso che se ne dovrebbe fare&#8230;Ti danno dell&#8217;antiquato (boomer secondo il loro linguaggio), che non si adegua alle moderne esigenze. Dicevo all&#8217;inizio che di questa problematica si parla da qualche anno, ma al di l\u00e0 di tanti sfoghi e belle parole non si vede soluzione. Ormai diamo per scontato che debba andare cos\u00ec? Non c&#8217;\u00e8 proprio nulla che si possa fare? Diamo per assodato che i bivacchi si trasformino in dormitoi per turisti in cerca di emozioni? Il CAI, proprietario delle strutture e a cui sono associato, come la pensa in proposito? Vale ancora la pena installare o rimodernare bivacchi in luoghi relativamente facili da raggiungere sapendo l&#8217; uso che se ne far\u00e1 o \u00e8 meglio concentrarsi esclusivamente su quelli che sorgono in luoghi isolati e lontani che ne giustificano la presenza? Il recente posizionamento di un bivacco sul Pelmo, in questo contesto, fa riflettere.<\/p>\n<p>&nbsp;<\/p>\n<hr \/>\n<p>&nbsp;<\/p>\n<h2><span style=\"color: #800080;\">ALLA SCOPERTA DELLA FALEGNAMERIA HERMANN DI TAIBON<\/span><\/h2>\n<p class=\"mceTemp\"><strong><a class=\"dt-pswp-item\" href=\"https:\/\/www.radiopiu.net\/wordpress\/wp-content\/uploads\/2024\/05\/5614b038-7295-47a0-b609-a85d784833f5.jpg\" data-dt-img-description=\"\" data-large_image_width=\"1600\" data-large_image_height=\"1200\"><img loading=\"lazy\" decoding=\"async\" class=\" wp-image-388807 alignleft\" src=\"https:\/\/www.radiopiu.net\/wordpress\/wp-content\/uploads\/2024\/05\/5614b038-7295-47a0-b609-a85d784833f5-300x225.jpg\" alt=\"\" width=\"175\" height=\"131\" srcset=\"https:\/\/www.radiopiu.net\/wordpress\/wp-content\/uploads\/2024\/05\/5614b038-7295-47a0-b609-a85d784833f5-300x225.jpg 300w, https:\/\/www.radiopiu.net\/wordpress\/wp-content\/uploads\/2024\/05\/5614b038-7295-47a0-b609-a85d784833f5-1024x768.jpg 1024w, https:\/\/www.radiopiu.net\/wordpress\/wp-content\/uploads\/2024\/05\/5614b038-7295-47a0-b609-a85d784833f5-768x576.jpg 768w, https:\/\/www.radiopiu.net\/wordpress\/wp-content\/uploads\/2024\/05\/5614b038-7295-47a0-b609-a85d784833f5-1536x1152.jpg 1536w, https:\/\/www.radiopiu.net\/wordpress\/wp-content\/uploads\/2024\/05\/5614b038-7295-47a0-b609-a85d784833f5.jpg 1600w\" sizes=\"auto, (max-width: 175px) 100vw, 175px\" \/><\/a>DI MIRKO MEZZACASA<\/strong><\/p>\n<p class=\"mceTemp\">Ospiti: Hermann Sala e Vania Pramaor<\/p>\n<p>&nbsp;<\/p>\n<audio class=\"wp-audio-shortcode\" id=\"audio-411839-22\" preload=\"none\" style=\"width: 100%;\" controls=\"controls\"><source type=\"audio\/mpeg\" src=\"https:\/\/www.radiopiu.net\/wordpress\/wp-content\/uploads\/2024\/05\/hermand-e-vania-pramaor-herman-falegnameria.mp3?_=22\" \/><a href=\"https:\/\/www.radiopiu.net\/wordpress\/wp-content\/uploads\/2024\/05\/hermand-e-vania-pramaor-herman-falegnameria.mp3\">https:\/\/www.radiopiu.net\/wordpress\/wp-content\/uploads\/2024\/05\/hermand-e-vania-pramaor-herman-falegnameria.mp3<\/a><\/audio>\n<p>&nbsp;<\/p>\n<hr \/>\n<p>&nbsp;<\/p>\n<h1><span style=\"color: #000000;\">\u00a0&#8220;DINTORN E FORA VIA&#8221;\u00a0 IL PROGRAMMA\u00a0 A CURA DEL MUSLA\u00a0\u00a0<strong>\u00a0 \u00a0<\/strong><\/span><span style=\"color: #ff0000;\">\u00a0<\/span><\/h1>\n<h1 style=\"text-align: center;\"><span style=\"color: #ff0000;\">TERZO\u00a0 ANNO\u00a0 \u00a02024\u00a0<\/span><span style=\"color: #ff0000;\">\u00a0<\/span><\/h1>\n<p class=\"mceTemp\"><strong><span style=\"color: #ff0000;\"><span style=\"color: #000000;\"><a class=\"dt-pswp-item\" href=\"https:\/\/www.radiopiu.net\/wordpress\/wp-content\/uploads\/2020\/04\/giornali.jpg\" data-dt-img-description=\"\" data-large_image_width=\"1920\" data-large_image_height=\"1280\"><img loading=\"lazy\" decoding=\"async\" class=\" wp-image-126692 alignleft\" src=\"https:\/\/www.radiopiu.net\/wordpress\/wp-content\/uploads\/2020\/04\/giornali-300x200.jpg\" alt=\"\" width=\"164\" height=\"109\" srcset=\"https:\/\/www.radiopiu.net\/wordpress\/wp-content\/uploads\/2020\/04\/giornali-300x200.jpg 300w, https:\/\/www.radiopiu.net\/wordpress\/wp-content\/uploads\/2020\/04\/giornali-1024x683.jpg 1024w, https:\/\/www.radiopiu.net\/wordpress\/wp-content\/uploads\/2020\/04\/giornali-768x512.jpg 768w, https:\/\/www.radiopiu.net\/wordpress\/wp-content\/uploads\/2020\/04\/giornali-1536x1024.jpg 1536w, https:\/\/www.radiopiu.net\/wordpress\/wp-content\/uploads\/2020\/04\/giornali.jpg 1920w\" sizes=\"auto, (max-width: 164px) 100vw, 164px\" \/><\/a>PUNTATA DEL 01 OTTOBRE NORMAN CREPAZ<\/span><\/span><\/strong><\/p>\n<audio class=\"wp-audio-shortcode\" id=\"audio-411839-23\" preload=\"none\" style=\"width: 100%;\" controls=\"controls\"><source type=\"audio\/mpeg\" src=\"https:\/\/www.radiopiu.net\/wordpress\/wp-content\/uploads\/2024\/10\/MUSLA.mp3?_=23\" \/><a href=\"https:\/\/www.radiopiu.net\/wordpress\/wp-content\/uploads\/2024\/10\/MUSLA.mp3\">https:\/\/www.radiopiu.net\/wordpress\/wp-content\/uploads\/2024\/10\/MUSLA.mp3<\/a><\/audio>\n<p>&nbsp;<\/p>\n<hr \/>\n<p>&nbsp;<\/p>\n<p class=\"mceTemp\"><span style=\"color: #ff0000;\">\u00a0\u00a0<\/span><br \/>\n<strong><a class=\"dt-pswp-item\" href=\"https:\/\/www.radiopiu.net\/wordpress\/wp-content\/uploads\/2024\/09\/Senza-nome-80.png\" data-dt-img-description=\"\" data-large_image_width=\"456\" data-large_image_height=\"83\"><img loading=\"lazy\" decoding=\"async\" class=\"wp-image-411963 size-medium aligncenter\" src=\"https:\/\/www.radiopiu.net\/wordpress\/wp-content\/uploads\/2024\/09\/Senza-nome-80-300x55.png\" alt=\"\" width=\"300\" height=\"55\" srcset=\"https:\/\/www.radiopiu.net\/wordpress\/wp-content\/uploads\/2024\/09\/Senza-nome-80-300x55.png 300w, https:\/\/www.radiopiu.net\/wordpress\/wp-content\/uploads\/2024\/09\/Senza-nome-80.png 456w\" sizes=\"auto, (max-width: 300px) 100vw, 300px\" \/><\/a> <\/strong><b>di mattia valentini<\/b><\/p>\n<p class=\"mceTemp\"><span style=\"color: #ff0000;\">IL GIORNO DOPO La Buffaure\u00a0<\/span><\/p>\n<audio class=\"wp-audio-shortcode\" id=\"audio-411839-24\" preload=\"none\" style=\"width: 100%;\" controls=\"controls\"><source type=\"audio\/mpeg\" src=\"https:\/\/www.radiopiu.net\/wordpress\/wp-content\/uploads\/2024\/09\/VK-Buffaure-Recap.mp3?_=24\" \/><a href=\"https:\/\/www.radiopiu.net\/wordpress\/wp-content\/uploads\/2024\/09\/VK-Buffaure-Recap.mp3\">https:\/\/www.radiopiu.net\/wordpress\/wp-content\/uploads\/2024\/09\/VK-Buffaure-Recap.mp3<\/a><\/audio>\n<p>&nbsp;<\/p>\n<hr \/>\n<h2><span style=\"color: #ff0000;\"><a class=\"dt-pswp-item\" href=\"https:\/\/www.radiopiu.net\/wordpress\/wp-content\/uploads\/2018\/09\/appuntamenti.jpeg\" data-dt-img-description=\"\" data-large_image_width=\"800\" data-large_image_height=\"100\"><img loading=\"lazy\" decoding=\"async\" class=\"wp-image-61958 size-full aligncenter\" src=\"https:\/\/www.radiopiu.net\/wordpress\/wp-content\/uploads\/2018\/09\/appuntamenti.jpeg\" alt=\"\" width=\"800\" height=\"100\" srcset=\"https:\/\/www.radiopiu.net\/wordpress\/wp-content\/uploads\/2018\/09\/appuntamenti.jpeg 800w, https:\/\/www.radiopiu.net\/wordpress\/wp-content\/uploads\/2018\/09\/appuntamenti-300x38.jpeg 300w, https:\/\/www.radiopiu.net\/wordpress\/wp-content\/uploads\/2018\/09\/appuntamenti-768x96.jpeg 768w\" sizes=\"auto, (max-width: 800px) 100vw, 800px\" \/><\/a><\/span><\/h2>\n<div>\n<div class=\"\" dir=\"auto\">\n<div id=\":r9h:\" class=\"x1iorvi4 x1pi30zi x1l90r2v x1swvt13\" data-ad-comet-preview=\"message\" data-ad-preview=\"message\">\n\n\t\t\t<style type='text\/css'>\n\t\t\t\t#gallery-1 {\n\t\t\t\t\tmargin: auto;\n\t\t\t\t}\n\t\t\t\t#gallery-1 .gallery-item {\n\t\t\t\t\tfloat: left;\n\t\t\t\t\tmargin-top: 10px;\n\t\t\t\t\ttext-align: center;\n\t\t\t\t\twidth: 25%;\n\t\t\t\t}\n\t\t\t\t#gallery-1 img {\n\t\t\t\t\tborder: 2px solid #cfcfcf;\n\t\t\t\t}\n\t\t\t\t#gallery-1 .gallery-caption {\n\t\t\t\t\tmargin-left: 0;\n\t\t\t\t}\n\t\t\t\t\/* see gallery_shortcode() in wp-includes\/media.php *\/\n\t\t\t<\/style>\n\t\t<div id='gallery-1' class='dt-gallery-container gallery galleryid-411839 gallery-columns-4 gallery-size-thumbnail'><dl class='gallery-item'>\n\t\t\t\t<dt class='gallery-icon portrait'>\n\t\t\t\t\t<a class=\"rollover rollover-zoom dt-pswp-item\" title=\"LOC_A3_MOSTRA-RADIO_CMVI\" data-dt-img-description=\"\" data-large_image_width=\"1816\" data-large_image_height=\"2560\"href='https:\/\/www.radiopiu.net\/wordpress\/wp-content\/uploads\/2024\/08\/LOC_A3_MOSTRA-RADIO_CMVI-scaled.jpg'><img loading=\"lazy\" decoding=\"async\" width=\"150\" height=\"150\" src=\"https:\/\/www.radiopiu.net\/wordpress\/wp-content\/uploads\/2024\/08\/LOC_A3_MOSTRA-RADIO_CMVI-150x150.jpg\" class=\"attachment-thumbnail size-thumbnail\" alt=\"\" aria-describedby=\"gallery-1-403450\" \/><\/a>\n\t\t\t\t<\/dt>\n\t\t\t\t\t<dd class='wp-caption-text gallery-caption' id='gallery-1-403450'>\n\t\t\t\t\tLA MOSTRA DELLE RADIO IN VALLE IMPERINA\n\t\t\t\t\t<\/dd><\/dl><dl class='gallery-item'>\n\t\t\t\t<dt class='gallery-icon portrait'>\n\t\t\t\t\t<a class=\"rollover rollover-zoom dt-pswp-item\" title=\"03efb118-d97d-457e-b9cc-b1da6a42649b\" data-dt-img-description=\"\" data-large_image_width=\"905\" data-large_image_height=\"1280\"href='https:\/\/www.radiopiu.net\/wordpress\/wp-content\/uploads\/2024\/09\/03efb118-d97d-457e-b9cc-b1da6a42649b.jpg'><img loading=\"lazy\" decoding=\"async\" width=\"150\" height=\"150\" src=\"https:\/\/www.radiopiu.net\/wordpress\/wp-content\/uploads\/2024\/09\/03efb118-d97d-457e-b9cc-b1da6a42649b-150x150.jpg\" class=\"attachment-thumbnail size-thumbnail\" alt=\"\" aria-describedby=\"gallery-1-408383\" \/><\/a>\n\t\t\t\t<\/dt>\n\t\t\t\t\t<dd class='wp-caption-text gallery-caption' id='gallery-1-408383'>\n\t\t\t\t\tA OTTOBRE A VOLTAGO\n\t\t\t\t\t<\/dd><\/dl><dl class='gallery-item'>\n\t\t\t\t<dt class='gallery-icon portrait'>\n\t\t\t\t\t<a class=\"rollover rollover-zoom dt-pswp-item\" title=\"Manifesto de El d\u00ec del Trator\" data-dt-img-description=\"\" data-large_image_width=\"1144\" data-large_image_height=\"1600\"href='https:\/\/www.radiopiu.net\/wordpress\/wp-content\/uploads\/2024\/09\/Manifesto-de-El-di-del-Trator.jpeg'><img loading=\"lazy\" decoding=\"async\" width=\"150\" height=\"150\" src=\"https:\/\/www.radiopiu.net\/wordpress\/wp-content\/uploads\/2024\/09\/Manifesto-de-El-di-del-Trator-150x150.jpeg\" class=\"attachment-thumbnail size-thumbnail\" alt=\"\" aria-describedby=\"gallery-1-410274\" \/><\/a>\n\t\t\t\t<\/dt>\n\t\t\t\t\t<dd class='wp-caption-text gallery-caption' id='gallery-1-410274'>\n\t\t\t\t\tIL 6 OTTOBRE A CANALE D&#8217;AGORDO\n\t\t\t\t\t<\/dd><\/dl><dl class='gallery-item'>\n\t\t\t\t<dt class='gallery-icon portrait'>\n\t\t\t\t\t<a class=\"rollover rollover-zoom dt-pswp-item\" title=\"5 ottobre\" data-dt-img-description=\"\" data-large_image_width=\"1754\" data-large_image_height=\"2480\"href='https:\/\/www.radiopiu.net\/wordpress\/wp-content\/uploads\/2024\/09\/5-ottobre.jpg'><img loading=\"lazy\" decoding=\"async\" width=\"150\" height=\"150\" src=\"https:\/\/www.radiopiu.net\/wordpress\/wp-content\/uploads\/2024\/09\/5-ottobre-150x150.jpg\" class=\"attachment-thumbnail size-thumbnail\" alt=\"\" aria-describedby=\"gallery-1-410439\" \/><\/a>\n\t\t\t\t<\/dt>\n\t\t\t\t\t<dd class='wp-caption-text gallery-caption' id='gallery-1-410439'>\n\t\t\t\t\tAD ARSON DI FELTRE\n\t\t\t\t\t<\/dd><\/dl><br style=\"clear: both\" \/><dl class='gallery-item'>\n\t\t\t\t<dt class='gallery-icon portrait'>\n\t\t\t\t\t<a class=\"rollover rollover-zoom dt-pswp-item\" title=\"f6f8dc5c-bd68-47ad-9316-164858085c3f\" data-dt-img-description=\"\" data-large_image_width=\"754\" data-large_image_height=\"1600\"href='https:\/\/www.radiopiu.net\/wordpress\/wp-content\/uploads\/2024\/09\/f6f8dc5c-bd68-47ad-9316-164858085c3f.jpg'><img loading=\"lazy\" decoding=\"async\" width=\"150\" height=\"150\" src=\"https:\/\/www.radiopiu.net\/wordpress\/wp-content\/uploads\/2024\/09\/f6f8dc5c-bd68-47ad-9316-164858085c3f-150x150.jpg\" class=\"attachment-thumbnail size-thumbnail\" alt=\"\" aria-describedby=\"gallery-1-410886\" \/><\/a>\n\t\t\t\t<\/dt>\n\t\t\t\t\t<dd class='wp-caption-text gallery-caption' id='gallery-1-410886'>\n\t\t\t\t\tIL PRIMO APPUNTAMENTO CON L&#8217;UNIVERSITA&#8217; DEGLI ANZIANI DI AGORDO\n\t\t\t\t\t<\/dd><\/dl><dl class='gallery-item'>\n\t\t\t\t<dt class='gallery-icon portrait'>\n\t\t\t\t\t<a class=\"rollover rollover-zoom dt-pswp-item\" title=\"Programma maratona 4 ottobre 2024\" data-dt-img-description=\"\" data-large_image_width=\"1240\" data-large_image_height=\"1754\"href='https:\/\/www.radiopiu.net\/wordpress\/wp-content\/uploads\/2024\/09\/Programma-maratona-4-ottobre-2024.jpg'><img loading=\"lazy\" decoding=\"async\" width=\"150\" height=\"150\" src=\"https:\/\/www.radiopiu.net\/wordpress\/wp-content\/uploads\/2024\/09\/Programma-maratona-4-ottobre-2024-150x150.jpg\" class=\"attachment-thumbnail size-thumbnail\" alt=\"\" aria-describedby=\"gallery-1-411337\" \/><\/a>\n\t\t\t\t<\/dt>\n\t\t\t\t\t<dd class='wp-caption-text gallery-caption' id='gallery-1-411337'>\n\t\t\t\t\tMARATONA DI LETTURA A LIMANA\n\t\t\t\t\t<\/dd><\/dl><dl class='gallery-item'>\n\t\t\t\t<dt class='gallery-icon portrait'>\n\t\t\t\t\t<a class=\"rollover rollover-zoom dt-pswp-item\" title=\"Locandina Veneto Legge BVB\" data-dt-img-description=\"\" data-large_image_width=\"1810\" data-large_image_height=\"2560\"href='https:\/\/www.radiopiu.net\/wordpress\/wp-content\/uploads\/2024\/09\/Locandina-Veneto-Legge-BVB-scaled.jpg'><img loading=\"lazy\" decoding=\"async\" width=\"150\" height=\"150\" src=\"https:\/\/www.radiopiu.net\/wordpress\/wp-content\/uploads\/2024\/09\/Locandina-Veneto-Legge-BVB-150x150.jpg\" class=\"attachment-thumbnail size-thumbnail\" alt=\"\" \/><\/a>\n\t\t\t\t<\/dt><\/dl><dl class='gallery-item'>\n\t\t\t\t<dt class='gallery-icon portrait'>\n\t\t\t\t\t<a class=\"rollover rollover-zoom dt-pswp-item\" title=\"nX1qYxOoZenF\" data-dt-img-description=\"\" data-large_image_width=\"600\" data-large_image_height=\"844\"href='https:\/\/www.radiopiu.net\/wordpress\/wp-content\/uploads\/2024\/09\/nX1qYxOoZenF.jpg'><img loading=\"lazy\" decoding=\"async\" width=\"150\" height=\"150\" src=\"https:\/\/www.radiopiu.net\/wordpress\/wp-content\/uploads\/2024\/09\/nX1qYxOoZenF-150x150.jpg\" class=\"attachment-thumbnail size-thumbnail\" alt=\"\" aria-describedby=\"gallery-1-411583\" \/><\/a>\n\t\t\t\t<\/dt>\n\t\t\t\t\t<dd class='wp-caption-text gallery-caption' id='gallery-1-411583'>\n\t\t\t\t\tUN INCONTRO CON ANNIBALE SALSA A FELTRE\n\t\t\t\t\t<\/dd><\/dl><br style=\"clear: both\" \/><dl class='gallery-item'>\n\t\t\t\t<dt class='gallery-icon portrait'>\n\t\t\t\t\t<a class=\"rollover rollover-zoom dt-pswp-item\" title=\"cai agordo\" data-dt-img-description=\"\" data-large_image_width=\"490\" data-large_image_height=\"947\"href='https:\/\/www.radiopiu.net\/wordpress\/wp-content\/uploads\/2024\/09\/cai-agordo.png'><img loading=\"lazy\" decoding=\"async\" width=\"150\" height=\"150\" src=\"https:\/\/www.radiopiu.net\/wordpress\/wp-content\/uploads\/2024\/09\/cai-agordo-150x150.png\" class=\"attachment-thumbnail size-thumbnail\" alt=\"\" aria-describedby=\"gallery-1-411791\" \/><\/a>\n\t\t\t\t<\/dt>\n\t\t\t\t\t<dd class='wp-caption-text gallery-caption' id='gallery-1-411791'>\n\t\t\t\t\tSERE D&#8217;AUTUNNO CON IL CAI DI AGORDO\n\t\t\t\t\t<\/dd><\/dl><dl class='gallery-item'>\n\t\t\t\t<dt class='gallery-icon portrait'>\n\t\t\t\t\t<a class=\"rollover rollover-zoom dt-pswp-item\" title=\"PUCCINI BELLUNO\" data-dt-img-description=\"\" data-large_image_width=\"444\" data-large_image_height=\"626\"href='https:\/\/www.radiopiu.net\/wordpress\/wp-content\/uploads\/2024\/09\/PUCCINI-BELLUNO.png'><img loading=\"lazy\" decoding=\"async\" width=\"150\" height=\"150\" src=\"https:\/\/www.radiopiu.net\/wordpress\/wp-content\/uploads\/2024\/09\/PUCCINI-BELLUNO-150x150.png\" class=\"attachment-thumbnail size-thumbnail\" alt=\"\" aria-describedby=\"gallery-1-411818\" \/><\/a>\n\t\t\t\t<\/dt>\n\t\t\t\t\t<dd class='wp-caption-text gallery-caption' id='gallery-1-411818'>\n\t\t\t\t\tOMAGGIO A PUCCINI\n\t\t\t\t\t<\/dd><\/dl><dl class='gallery-item'>\n\t\t\t\t<dt class='gallery-icon portrait'>\n\t\t\t\t\t<a class=\"rollover rollover-zoom dt-pswp-item\" title=\"c642bf0f-c463-4d76-a064-194f58c84a62\" data-dt-img-description=\"\" data-large_image_width=\"1131\" data-large_image_height=\"1600\"href='https:\/\/www.radiopiu.net\/wordpress\/wp-content\/uploads\/2024\/09\/c642bf0f-c463-4d76-a064-194f58c84a62.jpg'><img loading=\"lazy\" decoding=\"async\" width=\"150\" height=\"150\" src=\"https:\/\/www.radiopiu.net\/wordpress\/wp-content\/uploads\/2024\/09\/c642bf0f-c463-4d76-a064-194f58c84a62-150x150.jpg\" class=\"attachment-thumbnail size-thumbnail\" alt=\"\" aria-describedby=\"gallery-1-411837\" \/><\/a>\n\t\t\t\t<\/dt>\n\t\t\t\t\t<dd class='wp-caption-text gallery-caption' id='gallery-1-411837'>\n\t\t\t\t\tIL 12 OTTOBRE A VOLTAGO\n\t\t\t\t\t<\/dd><\/dl><dl class='gallery-item'>\n\t\t\t\t<dt class='gallery-icon portrait'>\n\t\t\t\t\t<a class=\"rollover rollover-zoom dt-pswp-item\" title=\"80a7f182-3dda-4a1f-86c7-b13484373c2f\" data-dt-img-description=\"\" data-large_image_width=\"1001\" data-large_image_height=\"1417\"href='https:\/\/www.radiopiu.net\/wordpress\/wp-content\/uploads\/2024\/09\/80a7f182-3dda-4a1f-86c7-b13484373c2f.jpg'><img loading=\"lazy\" decoding=\"async\" width=\"150\" height=\"150\" src=\"https:\/\/www.radiopiu.net\/wordpress\/wp-content\/uploads\/2024\/09\/80a7f182-3dda-4a1f-86c7-b13484373c2f-150x150.jpg\" class=\"attachment-thumbnail size-thumbnail\" alt=\"\" aria-describedby=\"gallery-1-411846\" \/><\/a>\n\t\t\t\t<\/dt>\n\t\t\t\t\t<dd class='wp-caption-text gallery-caption' id='gallery-1-411846'>\n\t\t\t\t\tA FALCADE SI SCALDANO I MOTORI\n\t\t\t\t\t<\/dd><\/dl><br style=\"clear: both\" \/><dl class='gallery-item'>\n\t\t\t\t<dt class='gallery-icon portrait'>\n\t\t\t\t\t<a class=\"rollover rollover-zoom dt-pswp-item\" title=\"5e470011-d042-4192-b606-8c06db8b3a37\" data-dt-img-description=\"\" data-large_image_width=\"1153\" data-large_image_height=\"1600\"href='https:\/\/www.radiopiu.net\/wordpress\/wp-content\/uploads\/2024\/10\/5e470011-d042-4192-b606-8c06db8b3a37.jpg'><img loading=\"lazy\" decoding=\"async\" width=\"150\" height=\"150\" src=\"https:\/\/www.radiopiu.net\/wordpress\/wp-content\/uploads\/2024\/10\/5e470011-d042-4192-b606-8c06db8b3a37-150x150.jpg\" class=\"attachment-thumbnail size-thumbnail\" alt=\"\" aria-describedby=\"gallery-1-411999\" \/><\/a>\n\t\t\t\t<\/dt>\n\t\t\t\t\t<dd class='wp-caption-text gallery-caption' id='gallery-1-411999'>\n\t\t\t\t\tRIVA L&#8217;OKTOBERFEST\n\t\t\t\t\t<\/dd><\/dl>\n\t\t\t\t<br style='clear: both' \/>\n\t\t\t<\/div>\n\n<hr \/>\n<blockquote class=\"wp-embedded-content\" data-secret=\"Rhzf5ZQoJg\"><p><a href=\"https:\/\/www.radiopiu.net\/wordpress\/n-di-parom-l-almanach-de-la-nosta-jent-raccolta-completa\/\">N di parom &#8211; L Almanach de la nosta jent RACCOLTA COMPLETA<\/a><\/p><\/blockquote>\n<p><iframe loading=\"lazy\" class=\"wp-embedded-content\" sandbox=\"allow-scripts\" security=\"restricted\" style=\"position: absolute; visibility: hidden;\" title=\"&#8220;N di parom &#8211; L Almanach de la nosta jent RACCOLTA COMPLETA&#8221; &#8212; Radio Pi\u00f9\" src=\"https:\/\/www.radiopiu.net\/wordpress\/n-di-parom-l-almanach-de-la-nosta-jent-raccolta-completa\/embed\/#?secret=5M71y2hb7K#?secret=Rhzf5ZQoJg\" data-secret=\"Rhzf5ZQoJg\" width=\"600\" height=\"338\" frameborder=\"0\" marginwidth=\"0\" marginheight=\"0\" scrolling=\"no\"><\/iframe><\/p>\n<blockquote class=\"wp-embedded-content\" data-secret=\"Bsfom2iyn3\"><p><a href=\"https:\/\/www.radiopiu.net\/wordpress\/pirole-de-lenga-la-parola-del-giorno-a-cura-del-musla-raccolta-completa\/\">PIROLE DE LENGA&#8230; LA PAROLA DEL GIORNO A CURA DEL MUSLA -raccolta completa &#8211;<\/a><\/p><\/blockquote>\n<p><iframe loading=\"lazy\" class=\"wp-embedded-content\" sandbox=\"allow-scripts\" security=\"restricted\" style=\"position: absolute; visibility: hidden;\" title=\"&#8220;PIROLE DE LENGA&#8230; LA PAROLA DEL GIORNO A CURA DEL MUSLA -raccolta completa &#8211;&#8221; &#8212; Radio Pi\u00f9\" src=\"https:\/\/www.radiopiu.net\/wordpress\/pirole-de-lenga-la-parola-del-giorno-a-cura-del-musla-raccolta-completa\/embed\/#?secret=JJkE9PvPBc#?secret=Bsfom2iyn3\" data-secret=\"Bsfom2iyn3\" width=\"600\" height=\"338\" frameborder=\"0\" marginwidth=\"0\" marginheight=\"0\" scrolling=\"no\"><\/iframe><\/p>\n<blockquote class=\"wp-embedded-content\" data-secret=\"sVBrNfJIwS\"><p><a href=\"https:\/\/www.radiopiu.net\/wordpress\/set5a\/\">EL BAL DEL FIOR, DETTI E MODI DI DIRE  LA RACCOLTA COMPLETA<\/a><\/p><\/blockquote>\n<p><iframe loading=\"lazy\" class=\"wp-embedded-content\" sandbox=\"allow-scripts\" security=\"restricted\" style=\"position: absolute; visibility: hidden;\" title=\"&#8220;EL BAL DEL FIOR, DETTI E MODI DI DIRE  LA RACCOLTA COMPLETA&#8221; &#8212; Radio Pi\u00f9\" src=\"https:\/\/www.radiopiu.net\/wordpress\/set5a\/embed\/#?secret=DXYTW5aKtR#?secret=sVBrNfJIwS\" data-secret=\"sVBrNfJIwS\" width=\"600\" height=\"338\" frameborder=\"0\" marginwidth=\"0\" marginheight=\"0\" scrolling=\"no\"><\/iframe><\/p>\n<p>&nbsp;<\/p>\n<hr \/>\n<\/div>\n<\/div>\n<\/div>\n<p class=\"mceTemp\"><a class=\"dt-pswp-item\" href=\"https:\/\/www.radiopiu.net\/wordpress\/wp-content\/uploads\/2018\/09\/WhatsApp-Image-2018-09-20-at-16.04.06.jpeg\" data-dt-img-description=\"\" data-large_image_width=\"800\" data-large_image_height=\"100\">\u00a0<\/a><\/p>\n<p class=\"mceTemp\"><a class=\"dt-pswp-item\" href=\"https:\/\/www.radiopiu.net\/wordpress\/wp-content\/uploads\/2018\/09\/WhatsApp-Image-2018-09-20-at-16.04.06.jpeg\" data-dt-img-description=\"\" data-large_image_width=\"800\" data-large_image_height=\"100\"><img loading=\"lazy\" decoding=\"async\" class=\"wp-image-61378 size-full aligncenter\" src=\"https:\/\/www.radiopiu.net\/wordpress\/wp-content\/uploads\/2018\/09\/WhatsApp-Image-2018-09-20-at-16.04.06.jpeg\" alt=\"\" width=\"800\" height=\"100\" srcset=\"https:\/\/www.radiopiu.net\/wordpress\/wp-content\/uploads\/2018\/09\/WhatsApp-Image-2018-09-20-at-16.04.06.jpeg 800w, https:\/\/www.radiopiu.net\/wordpress\/wp-content\/uploads\/2018\/09\/WhatsApp-Image-2018-09-20-at-16.04.06-300x38.jpeg 300w, https:\/\/www.radiopiu.net\/wordpress\/wp-content\/uploads\/2018\/09\/WhatsApp-Image-2018-09-20-at-16.04.06-768x96.jpeg 768w\" sizes=\"auto, (max-width: 800px) 100vw, 800px\" \/><\/a><\/p>\n<p>&nbsp;<\/p>\n<p class=\"mceTemp\"><b>\u00a0<\/b><\/p>\n<p class=\"mceTemp\"><b>OGGI: <\/b>Cielo molto nuvoloso o coperto con fenomeni da sparsi a diffusi; qualche temporanea e parziale schiarita nel corso del pomeriggio\/sera.<br \/>\n<b>Precipitazioni: <\/b>Probabilit\u00e0 medio-alta di precipitazioni da sparse a diffuse specie al mattino di debole o di moderata intensit\u00e0 con possibili locali rovesci. Attenuazione dei fenomeni nella seconda parte della giornata. <b>Temperature: <\/b>Minime in lieve aumento specie nelle valli.<\/p>\n<hr \/>\n<p>&nbsp;<\/p>\n<p class=\"mceTemp\"><b>DOMANI: <\/b>A parte qualche temporanea e parziale schiarita specie al mattino e sulle Dolomiti, cielo in prevalenza irregolarmente nuvoloso, a tratti molto nuvoloso o coperto con nubi basse in molte valli nelle ore fredde.<br \/>\n<b>Precipitazioni: <\/b>Al mattino probabilit\u00e0 medio-bassa perlopi\u00f9 occasionali e modeste; dalle ore centrali aumento della probabilit\u00e0 fino a medio-alta\u00a0 di precipitazioni di debole o di moderata intensit\u00e0 per fenomeni da sparsi a diffusi, frequenti e intermittenti nevosi oltre i 1800-2100 m.<br \/>\n<b>Temperature: <\/b>In generale calo specie nei valori massimi.<\/p>\n<hr \/>\n<p>&nbsp;<\/p>\n<p class=\"mceTemp\"><strong>VENERDI<\/strong> Cielo in prevalenza molto nuvoloso o coperto con possibili schiarite nel corso del pomeriggio\/sera. Precipitazioni di debole e di moderata intensit\u00e0 per fenomeni da sparsi a diffusi, frequenti e intermittenti, specie al mattino con modeste nevicate oltre i 1700-2000 m; Temperature minime stazionarie o in lieve aumento, massime in lieve o contenuta diminuzione.<\/p>\n<hr \/>\n<p>&nbsp;<\/p>\n<p class=\"mceTemp\"><strong>SABATO<\/strong> Salvo possibili nubi basse nelle ore fredde in molte valli, giornata pi\u00f9 soleggiata e pi\u00f9 asciutta rispetto alle precedenti ma con un tempo variabile, caratterizzato dall&#8217;alternanza di schiarite e di annuvolamenti con fenomeni scarsi o del tutto assenti; ampi rasserenamenti nel corso del pomeriggio. Temperature minime in diminuzione<\/p>\n<p>&nbsp;<\/p>\n<p>&nbsp;<\/p>\n<hr \/>\n<p class=\"mceTemp\"><a class=\"dt-pswp-item\" href=\"https:\/\/www.radiopiu.net\/wordpress\/wp-content\/uploads\/2018\/09\/sport.jpg\" data-dt-img-description=\"\" data-large_image_width=\"800\" data-large_image_height=\"100\"><img loading=\"lazy\" decoding=\"async\" class=\"aligncenter wp-image-60761 size-full\" src=\"https:\/\/www.radiopiu.net\/wordpress\/wp-content\/uploads\/2018\/09\/sport.jpg\" alt=\"\" width=\"800\" height=\"100\" srcset=\"https:\/\/www.radiopiu.net\/wordpress\/wp-content\/uploads\/2018\/09\/sport.jpg 800w, https:\/\/www.radiopiu.net\/wordpress\/wp-content\/uploads\/2018\/09\/sport-300x38.jpg 300w, https:\/\/www.radiopiu.net\/wordpress\/wp-content\/uploads\/2018\/09\/sport-768x96.jpg 768w\" sizes=\"auto, (max-width: 800px) 100vw, 800px\" \/><\/a><\/p>\n<p class=\"mceTemp\"><span style=\"color: #0000ff;\"><strong>\u00a0<\/strong><\/span><\/p>\n<p class=\"mceTemp\"><span style=\"color: #0000ff;\"><strong>\u00a0<\/strong><\/span><\/p>\n<p class=\"mceTemp\"><span style=\"color: #0000ff;\"><strong>\u00a0<\/strong><\/span><br \/>\n<span style=\"color: #0000ff;\"><strong>\u00a0<\/strong><\/span><span style=\"color: #0000ff;\"><strong>VOLLEY<\/strong><\/span><a class=\"dt-pswp-item\" href=\"https:\/\/www.radiopiu.net\/wordpress\/wp-content\/uploads\/2024\/10\/Enrico_Basso_pronto_per_il_test_di_Mantova.jpg\" data-dt-img-description=\"\" data-large_image_width=\"1960\" data-large_image_height=\"1306\"><img loading=\"lazy\" decoding=\"async\" class=\" wp-image-411941 alignleft\" src=\"https:\/\/www.radiopiu.net\/wordpress\/wp-content\/uploads\/2024\/10\/Enrico_Basso_pronto_per_il_test_di_Mantova-300x200.jpg\" alt=\"\" width=\"212\" height=\"141\" srcset=\"https:\/\/www.radiopiu.net\/wordpress\/wp-content\/uploads\/2024\/10\/Enrico_Basso_pronto_per_il_test_di_Mantova-300x200.jpg 300w, https:\/\/www.radiopiu.net\/wordpress\/wp-content\/uploads\/2024\/10\/Enrico_Basso_pronto_per_il_test_di_Mantova-1024x682.jpg 1024w, https:\/\/www.radiopiu.net\/wordpress\/wp-content\/uploads\/2024\/10\/Enrico_Basso_pronto_per_il_test_di_Mantova-768x512.jpg 768w, https:\/\/www.radiopiu.net\/wordpress\/wp-content\/uploads\/2024\/10\/Enrico_Basso_pronto_per_il_test_di_Mantova-1536x1023.jpg 1536w, https:\/\/www.radiopiu.net\/wordpress\/wp-content\/uploads\/2024\/10\/Enrico_Basso_pronto_per_il_test_di_Mantova.jpg 1960w\" sizes=\"auto, (max-width: 212px) 100vw, 212px\" \/><\/a><\/p>\n<blockquote><p><strong>Belluno Volley, test contro il Gabbiano Mantova<\/strong><\/p><\/blockquote>\n<p class=\"mceTemp\"><strong>BELLUNO<\/strong> Dopo aver affrontato squadre di A2, il Belluno Volley sfida il Gabbiano FarmaMed Mantova, avversario di pari categoria. Oggi si gioca in Lombardia, e sabato 5 ottobre si replica alla Spes Arena. Il centrale Enrico Basso\u00a0 (foto) sottolinea l&#8217;importanza del confronto per migliorare e rafforzare l&#8217;identit\u00e0 del team.<\/p>\n<p>&nbsp;<\/p>\n<p>&nbsp;<\/p>\n<hr \/>\n<h2><span style=\"color: #ff00ff;\">\u00a0<\/span><\/h2>\n<h2><span style=\"color: #ff00ff;\">GOODBYE BY BICICLE&#8230;UN VIAGGIO DALL&#8217;INDIA A SEREN DEL GRAPPA IN BICICLETTA<\/span><\/h2>\n<p class=\"mceTemp\"><span style=\"color: #ff0000;\"><strong>PUNTATA 31 &#8211; LA TERZA SETTIMANA IN GRECIA<\/strong><\/span><\/p>\n<audio class=\"wp-audio-shortcode\" id=\"audio-411839-25\" preload=\"none\" style=\"width: 100%;\" controls=\"controls\"><source type=\"audio\/mpeg\" src=\"https:\/\/www.radiopiu.net\/wordpress\/wp-content\/uploads\/2024\/09\/AIRE-INDIA-PUNTATA-31.mp3?_=25\" \/><a href=\"https:\/\/www.radiopiu.net\/wordpress\/wp-content\/uploads\/2024\/09\/AIRE-INDIA-PUNTATA-31.mp3\">https:\/\/www.radiopiu.net\/wordpress\/wp-content\/uploads\/2024\/09\/AIRE-INDIA-PUNTATA-31.mp3<\/a><\/audio>\n<p class=\"mceTemp\"><strong>\u00a0<\/strong><\/p>\n<p class=\"mceTemp\"><strong>PER VISITARE I SITI DEI LUOGHI VISITATI, CLICCA SULLE SEGUENTI SCRITTE: <span style=\"color: #3366ff;\"><a href=\"https:\/\/www.wheeling2help.com\/about-us\">WHEELING 2 HELP<\/a> (<a href=\"https:\/\/www.instagram.com\/wheeling2help?igsh=cWZzaGNxMmM4aWF1\">INSTAGRAM)<\/a><\/span><\/strong><\/p>\n\n\t\t\t<style type='text\/css'>\n\t\t\t\t#gallery-2 {\n\t\t\t\t\tmargin: auto;\n\t\t\t\t}\n\t\t\t\t#gallery-2 .gallery-item {\n\t\t\t\t\tfloat: left;\n\t\t\t\t\tmargin-top: 10px;\n\t\t\t\t\ttext-align: center;\n\t\t\t\t\twidth: 20%;\n\t\t\t\t}\n\t\t\t\t#gallery-2 img {\n\t\t\t\t\tborder: 2px solid #cfcfcf;\n\t\t\t\t}\n\t\t\t\t#gallery-2 .gallery-caption {\n\t\t\t\t\tmargin-left: 0;\n\t\t\t\t}\n\t\t\t\t\/* see gallery_shortcode() in wp-includes\/media.php *\/\n\t\t\t<\/style>\n\t\t<div id='gallery-2' class='dt-gallery-container gallery galleryid-411839 gallery-columns-5 gallery-size-thumbnail'><dl class='gallery-item'>\n\t\t\t\t<dt class='gallery-icon landscape'>\n\t\t\t\t\t<a class=\"rollover\" href='https:\/\/www.radiopiu.net\/wordpress\/goodbye-by-bicicle-un-viaggio-dallindia-a-seren-del-grappa-in-bicicletta-39\/85ac9490-ab89-486d-a6cd-72d0473a0020\/'><img loading=\"lazy\" decoding=\"async\" width=\"150\" height=\"150\" src=\"https:\/\/www.radiopiu.net\/wordpress\/wp-content\/uploads\/2024\/09\/85ac9490-ab89-486d-a6cd-72d0473a0020-150x150.jpg\" class=\"attachment-thumbnail size-thumbnail\" alt=\"\" \/><\/a>\n\t\t\t\t<\/dt><\/dl><dl class='gallery-item'>\n\t\t\t\t<dt class='gallery-icon landscape'>\n\t\t\t\t\t<a class=\"rollover\" href='https:\/\/www.radiopiu.net\/wordpress\/goodbye-by-bicicle-un-viaggio-dallindia-a-seren-del-grappa-in-bicicletta-39\/77881b0f-a387-46cc-9030-83d60d6ed9d0\/'><img loading=\"lazy\" decoding=\"async\" width=\"150\" height=\"150\" src=\"https:\/\/www.radiopiu.net\/wordpress\/wp-content\/uploads\/2024\/09\/77881b0f-a387-46cc-9030-83d60d6ed9d0-150x150.jpg\" class=\"attachment-thumbnail size-thumbnail\" alt=\"\" \/><\/a>\n\t\t\t\t<\/dt><\/dl><dl class='gallery-item'>\n\t\t\t\t<dt class='gallery-icon landscape'>\n\t\t\t\t\t<a class=\"rollover\" href='https:\/\/www.radiopiu.net\/wordpress\/goodbye-by-bicicle-un-viaggio-dallindia-a-seren-del-grappa-in-bicicletta-39\/60ac5793-d320-4220-9ff4-62257c37ae5b\/'><img loading=\"lazy\" decoding=\"async\" width=\"150\" height=\"150\" src=\"https:\/\/www.radiopiu.net\/wordpress\/wp-content\/uploads\/2024\/09\/60ac5793-d320-4220-9ff4-62257c37ae5b-150x150.jpg\" class=\"attachment-thumbnail size-thumbnail\" alt=\"\" \/><\/a>\n\t\t\t\t<\/dt><\/dl><dl class='gallery-item'>\n\t\t\t\t<dt class='gallery-icon landscape'>\n\t\t\t\t\t<a class=\"rollover\" href='https:\/\/www.radiopiu.net\/wordpress\/goodbye-by-bicicle-un-viaggio-dallindia-a-seren-del-grappa-in-bicicletta-39\/d08c11bc-edc8-4706-a8d4-2c27a9d917ef\/'><img loading=\"lazy\" decoding=\"async\" width=\"150\" height=\"150\" src=\"https:\/\/www.radiopiu.net\/wordpress\/wp-content\/uploads\/2024\/09\/d08c11bc-edc8-4706-a8d4-2c27a9d917ef-150x150.jpg\" class=\"attachment-thumbnail size-thumbnail\" alt=\"\" \/><\/a>\n\t\t\t\t<\/dt><\/dl><dl class='gallery-item'>\n\t\t\t\t<dt class='gallery-icon portrait'>\n\t\t\t\t\t<a class=\"rollover\" href='https:\/\/www.radiopiu.net\/wordpress\/goodbye-by-bicicle-un-viaggio-dallindia-a-seren-del-grappa-in-bicicletta-39\/fe060dd7-fc31-4a28-8b7d-341dc4626102\/'><img loading=\"lazy\" decoding=\"async\" width=\"150\" height=\"150\" src=\"https:\/\/www.radiopiu.net\/wordpress\/wp-content\/uploads\/2024\/09\/fe060dd7-fc31-4a28-8b7d-341dc4626102-150x150.jpg\" class=\"attachment-thumbnail size-thumbnail\" alt=\"\" \/><\/a>\n\t\t\t\t<\/dt><\/dl><br style=\"clear: both\" \/>\n\t\t\t<\/div>\n\n<h2>LA RACCOLTA COMPLETA <a href=\"https:\/\/www.radiopiu.net\/wordpress\/goodbye-by-bicicle-un-viaggio-dallindia-a-seren-del-grappa-in-bicicletta-31\/\"><span style=\"color: #3366ff;\">CLICCA QUI<\/span><\/a><\/h2>\n<p class=\"mceTemp\">\n","protected":false},"excerpt":{"rendered":"<p>** \u00a0ULTIM&#8217;ORA 07.45 SHOPPING LUXOTTICA ESSILORLUXOTTICA COMPLETA L\u2019ACQUISIZIONE DI SUPREME\u00ae DA VF CORPORATION AGORDO EssilorLuxottica\u00a0 \u00a0ha completato l\u2019acquisizione precedentemente annunciata del marchio Supreme\u00ae da VF Corporation, leader mondiale nel settore abbigliamento, calzature e accessori lifestyle\u00a0 \u00a0per un corrispettivo di 1,5 miliardi di dollari ESSILORLUXOTTICA COMPLETA L\u2019ACQUISIZIONE DI UNA QUOTA DI MAGGIORANZA IN HEIDELBERG ENGINEERING AGORDO&hellip;<\/p>\n","protected":false},"author":4,"featured_media":412079,"comment_status":"closed","ping_status":"closed","sticky":false,"template":"","format":"standard","meta":{"_monsterinsights_skip_tracking":false,"_monsterinsights_sitenote_active":false,"_monsterinsights_sitenote_note":"","_monsterinsights_sitenote_category":0,"footnotes":""},"categories":[51,86,49],"tags":[],"class_list":["post-411839","post","type-post","status-publish","format-standard","has-post-thumbnail","hentry","category-evidenza-top","category-gr","category-news-18","category-51","category-86","category-49","description-off"],"img_url":"https:\/\/www.radiopiu.net\/wordpress\/wp-content\/uploads\/2024\/10\/Senza-nome-6.png","_links":{"self":[{"href":"https:\/\/www.radiopiu.net\/wordpress\/wp-json\/wp\/v2\/posts\/411839","targetHints":{"allow":["GET"]}}],"collection":[{"href":"https:\/\/www.radiopiu.net\/wordpress\/wp-json\/wp\/v2\/posts"}],"about":[{"href":"https:\/\/www.radiopiu.net\/wordpress\/wp-json\/wp\/v2\/types\/post"}],"author":[{"embeddable":true,"href":"https:\/\/www.radiopiu.net\/wordpress\/wp-json\/wp\/v2\/users\/4"}],"replies":[{"embeddable":true,"href":"https:\/\/www.radiopiu.net\/wordpress\/wp-json\/wp\/v2\/comments?post=411839"}],"version-history":[{"count":30,"href":"https:\/\/www.radiopiu.net\/wordpress\/wp-json\/wp\/v2\/posts\/411839\/revisions"}],"predecessor-version":[{"id":412112,"href":"https:\/\/www.radiopiu.net\/wordpress\/wp-json\/wp\/v2\/posts\/411839\/revisions\/412112"}],"wp:featuredmedia":[{"embeddable":true,"href":"https:\/\/www.radiopiu.net\/wordpress\/wp-json\/wp\/v2\/media\/412079"}],"wp:attachment":[{"href":"https:\/\/www.radiopiu.net\/wordpress\/wp-json\/wp\/v2\/media?parent=411839"}],"wp:term":[{"taxonomy":"category","embeddable":true,"href":"https:\/\/www.radiopiu.net\/wordpress\/wp-json\/wp\/v2\/categories?post=411839"},{"taxonomy":"post_tag","embeddable":true,"href":"https:\/\/www.radiopiu.net\/wordpress\/wp-json\/wp\/v2\/tags?post=411839"}],"curies":[{"name":"wp","href":"https:\/\/api.w.org\/{rel}","templated":true}]}}