{"id":411905,"date":"2024-10-01T07:55:06","date_gmt":"2024-10-01T05:55:06","guid":{"rendered":"https:\/\/www.radiopiu.net\/wordpress\/?p=411905"},"modified":"2024-10-01T07:59:08","modified_gmt":"2024-10-01T05:59:08","slug":"dal-1983-alle-otto-del-mattino-su-radiopiu-la-rassegna-stampa-locale-di-mirko-mezzacasa","status":"publish","type":"post","link":"https:\/\/www.radiopiu.net\/wordpress\/dal-1983-alle-otto-del-mattino-su-radiopiu-la-rassegna-stampa-locale-di-mirko-mezzacasa\/","title":{"rendered":"dal 1983 alle otto del mattino&#8230; SU RADIOPIU la rassegna stampa locale di mirko mezzacasa"},"content":{"rendered":"<p>&nbsp;<\/p>\n<p>&nbsp;<\/p>\n<p><iframe loading=\"lazy\" title=\"DAL 1983 LA RASSEGNA STAMPA LOCALE di mirko mezzacasa. L&#039;ORIGINALE\" width=\"1200\" height=\"675\" src=\"https:\/\/www.youtube.com\/embed\/Fuk_BFloxAY?feature=oembed\" frameborder=\"0\" allow=\"accelerometer; autoplay; clipboard-write; encrypted-media; gyroscope; picture-in-picture; web-share\" referrerpolicy=\"strict-origin-when-cross-origin\" allowfullscreen><\/iframe><\/p>\n<p>&nbsp;<\/p>\n<p>&nbsp;<\/p>\n<p><strong><a class=\"dt-pswp-item\" href=\"https:\/\/www.radiopiu.net\/wordpress\/wp-content\/uploads\/2024\/10\/dffdd583-9f59-4232-8fa6-9bdccc78de27.jpg\" data-dt-img-description=\"\" data-large_image_width=\"1600\" data-large_image_height=\"720\"><img loading=\"lazy\" decoding=\"async\" class=\"size-medium wp-image-411875 alignleft\" src=\"https:\/\/www.radiopiu.net\/wordpress\/wp-content\/uploads\/2024\/10\/dffdd583-9f59-4232-8fa6-9bdccc78de27-300x135.jpg\" alt=\"\" width=\"300\" height=\"135\" srcset=\"https:\/\/www.radiopiu.net\/wordpress\/wp-content\/uploads\/2024\/10\/dffdd583-9f59-4232-8fa6-9bdccc78de27-300x135.jpg 300w, https:\/\/www.radiopiu.net\/wordpress\/wp-content\/uploads\/2024\/10\/dffdd583-9f59-4232-8fa6-9bdccc78de27-1024x461.jpg 1024w, https:\/\/www.radiopiu.net\/wordpress\/wp-content\/uploads\/2024\/10\/dffdd583-9f59-4232-8fa6-9bdccc78de27-768x346.jpg 768w, https:\/\/www.radiopiu.net\/wordpress\/wp-content\/uploads\/2024\/10\/dffdd583-9f59-4232-8fa6-9bdccc78de27-1536x691.jpg 1536w, https:\/\/www.radiopiu.net\/wordpress\/wp-content\/uploads\/2024\/10\/dffdd583-9f59-4232-8fa6-9bdccc78de27.jpg 1600w\" sizes=\"auto, (max-width: 300px) 100vw, 300px\" \/><\/a>OGGI ALLA RADIO\u2026.<\/strong> ALLE 4 E ALLE 6 LE NOTIZIE DALL\u2019ITALIA E DAL MONDO 0500 l\u2019almanacco della nostra gente con il MUSLA 6.15 PIROLE DE LENGA A CURA DEL MUSLA 7.20 EL BAL DEL FIORI, DETTI E TRADIZIONI DI GIULIANA DA RONCH 8.05 LA RASSEGNA STAMPA LOCALE 8.30 PIU\u2019 SIAMO CON MARINA DONA\u2019 900 L\u2019almanacco della nostra gente con il MUSLA 9.10 il country di alex nascinben 9.40 VIABILITA\u2019 CON BOTOL CAR SERVICE (AGORDO-SEDICO-FELTRE) 10.30 MAURO RIVA, L\u2019EVENTO A FALCADE DI MARCO GAZ 11.30 SOTTO UN CIELO DI STELLE, ASTROFILIA CON CLAUDIO PRA 12.00 VA TUTTO LISCIO 12.30 GIORNALE RADIO PRINCIPALE CON LO SPECIALE 70 ANNI DEL CAI A TORINO, CON LUISA ALCHINI E FABIO RUFUS BRISTOT 13.10 SALUTE E SOCIETA\u2019 CON IL DOTTOR MARCO CARACCIOLO 13.20 TRA FOGLIE E CASTAGNE, CANTA CON NOI DI E CON MARINA DONA\u2019 14.00 COLLAGE OPERAZIONE NOSTALGIA, LORIS SCUSSEL 15.00 I MARTEDI DI LUISA ALCHINI, OSPITE MARIO PAOLINI (foto) 16 IL ROCK DI MARCO COSTANTINI 1645 LE HIT DI MIRCO BENCIVENNI 18.00 PIU\u2019 DANCE LE SELEZIONI CHE FANNO SALTARE DI DJ JACK, JACOPO DEL TEDESCO 19.00 LE ANTICIPAZIONI DAL TG DI ANTENNA 3 DI TIZIANA BOLOGNANI<\/p>\n<p><strong><a class=\"dt-pswp-item\" href=\"https:\/\/www.radiopiu.net\/wordpress\/wp-content\/uploads\/2024\/09\/293290106_599365035084499_4194382285317412971_n.jpg\" data-dt-img-description=\"\" data-large_image_width=\"851\" data-large_image_height=\"315\"><img loading=\"lazy\" decoding=\"async\" class=\"size-medium wp-image-411712 alignleft\" src=\"https:\/\/www.radiopiu.net\/wordpress\/wp-content\/uploads\/2024\/09\/293290106_599365035084499_4194382285317412971_n-300x111.jpg\" alt=\"\" width=\"300\" height=\"111\" srcset=\"https:\/\/www.radiopiu.net\/wordpress\/wp-content\/uploads\/2024\/09\/293290106_599365035084499_4194382285317412971_n-300x111.jpg 300w, https:\/\/www.radiopiu.net\/wordpress\/wp-content\/uploads\/2024\/09\/293290106_599365035084499_4194382285317412971_n-768x284.jpg 768w, https:\/\/www.radiopiu.net\/wordpress\/wp-content\/uploads\/2024\/09\/293290106_599365035084499_4194382285317412971_n.jpg 851w\" sizes=\"auto, (max-width: 300px) 100vw, 300px\" \/><\/a>REDAZIONE<\/strong> Giovanni Baglioni, figlio di Claudio e Paola Massari in un post pubblico sulla pagina facebook ringrazia il personale dell\u2019ospedale di Agordo per l\u2019attenzione e l\u2019umanit\u00e0 dimostrata durante il ricovero. La riflessione nasce dall\u2019esperienza personale, che ha ricordato come dietro le categorie e le figure professionali ci siano persone, ognuna con il proprio valore. SUL SITO DI RADIO PIU&#8217; DA IERI, TRA L&#8217;ALTRO LA NOTIZIA PIU&#8217; VISUALIZZATA SUL SITO, LA LETTERA &#8211; INTEGRALE &#8211; DI GIOVANNI BAGLIONI, ANCHE NEL GIORNALE RADIOPIU, IL QUOTIDIANO DELLA NOSTRA REDAZIONE.<\/p>\n<p><strong>Aggressione a Belluno: coppia ferita, indagini in corso<\/strong><br \/>\nBELLUNO Una coppia bellunese \u00e8 stata aggredita brutalmente nella notte tra sabato e domenica in via del Boscon. L\u2019uomo \u00e8 stato picchiato, mentre la donna accoltellata a un braccio. Entrambi sono ricoverati all\u2019ospedale San Martino, ma non in pericolo di vita. La polizia sta indagando, cercando di identificare i responsabili, che potrebbero essere un gruppo di otto persone. La Procura ha aperto un fascicolo per lesioni aggravate in concorso.<\/p>\n<p><strong><a class=\"dt-pswp-item\" href=\"https:\/\/www.radiopiu.net\/wordpress\/wp-content\/uploads\/2021\/07\/image-2.jpg\" data-dt-img-description=\"\" data-large_image_width=\"960\" data-large_image_height=\"540\"><img loading=\"lazy\" decoding=\"async\" class=\"size-medium wp-image-224354 alignleft\" src=\"https:\/\/www.radiopiu.net\/wordpress\/wp-content\/uploads\/2021\/07\/image-2-300x169.jpg\" alt=\"\" width=\"300\" height=\"169\" srcset=\"https:\/\/www.radiopiu.net\/wordpress\/wp-content\/uploads\/2021\/07\/image-2-300x169.jpg 300w, https:\/\/www.radiopiu.net\/wordpress\/wp-content\/uploads\/2021\/07\/image-2-768x432.jpg 768w, https:\/\/www.radiopiu.net\/wordpress\/wp-content\/uploads\/2021\/07\/image-2.jpg 960w\" sizes=\"auto, (max-width: 300px) 100vw, 300px\" \/><\/a>FINE SETTIMANA DI VIOLENZA NEL CARCERE DI BELLUNO. AGGRESSIONI, MINACCE E DANNEGGIAMENTI<\/strong><br \/>\nBELLUNO Weekend di violenza al carcere di Belluno. Ancora aggressioni, minacce e danneggiamenti nelle serate di venerd\u00ec e sabato. A denunciare gli episodi, ancora una volta, i sindacati della polizia penitenziaria chiedono interventi urgenti da parte dell\u2019amministrazione penitenziaria. Tutto \u00e8 cominciato nella serata di venerd\u00ec 27 settembre, con l\u2019aggressione con sputi e schiaffi da parte di un detenuto della sezione \u201ccomuni\u201d dell\u2019istituto penitenziario bellunese ai danni di un poliziotto, finito al Pronto Soccorso con prognosi di sette giorni.<\/p>\n<p><strong>Attacco di lupi a Carbonaia: asina ferita, proprietaria spaventata<\/strong><br \/>\nSEREN DEL GRAPPA In localit\u00e0 Carbonaia, Daniela Vitocco ha sventato un attacco di sette lupi contro le sue asine, spaventandoli con urla e rumore. Una delle asine \u00e8 rimasta ferita, ma l\u2019intervento tempestivo ha evitato il peggio. Sei mesi prima, un attacco simile aveva ucciso un\u2019asina. Vitocco, preoccupata per la sicurezza degli animali e delle persone, chiede interventi per gestire la situazione crescente con i lupi.<\/p>\n<p><strong>CONSIGLIO PROVINCIALE: VIA LIBERA ALLA RICAPITALIZZAZIONE DI LONGARONE FIERE<\/strong><br \/>\nBELLUNO Il consiglio provinciale di Belluno ha approvato l\u2019aumento di capitale di Longarone Fiere, gi\u00e0 deciso dagli altri soci pubblici, con l\u2019obiettivo di rilanciare l\u2019ente dopo le difficolt\u00e0 del Covid. Il presidente della Provincia, Roberto Padrin, ha sottolineato due punti di forza: il bilancio positivo della fiera e il suo ruolo di hub logistico per le Olimpiadi invernali 2026<\/p>\n<p><strong>DILLO A RADIO PIU\u2026.Limitazioni al traffico a Belluno dal 1 ottobre DI EMILIO BEZ<\/strong><br \/>\nil 01 ottobre entra in vigore a Belluno la nuova ordinanza di limitazioni traffico per l\u2019inquinamento. Complimenti al Comune di Belluno per il tempismo, l\u2019ordinanza \u00e8 comparsa poco fa sul sito del Comune ed entra in vigore\u2026 stanotte! (dal 01 ottobre) Va bene che la data di inizio si sapeva perch\u00e9 \u00e8 in comune per tutto il Veneto per\u00f2, visto che l\u2019ordinanza Contiene anche la mappa delle zone del Comune interessate, uscire con un minimo di anticipo non sarebbe stato male.<\/p>\n<p><strong>Accordo per viabilit\u00e0 sicura a Voltago Agordino<\/strong><br \/>\nVOLTAGO Il Comune di Voltago Agordino e la Provincia di Belluno sigleranno un accordo per garantire la viabilit\u00e0 sicura in via Sav\u00e0, interdetta dal 2013 a causa di una frana. Sar\u00e0 realizzata una nuova strada, con un costo di 150 mila euro, di cui 50 mila coperti dalla Provincia.<\/p>\n<p><strong>LAVORI A LAMBIOI, CAMBIA LA VIABILITA\u2019 A BELLUNO<\/strong><br \/>\nBELLUNO Cambia la viabilit\u00e0 a Belluno, in zona Lambioi: la nuova bretella realizzata verso il Piave ospiter\u00e0 infatti il traffico automobilistico in occasione dei lavori per la realizzazione del sottopasso pedonale verso il parco di Lambioi.<\/p>\n<p><strong><a class=\"dt-pswp-item\" href=\"https:\/\/www.radiopiu.net\/wordpress\/wp-content\/uploads\/2024\/10\/th-1.jpg\" data-dt-img-description=\"\" data-large_image_width=\"320\" data-large_image_height=\"180\"><img loading=\"lazy\" decoding=\"async\" class=\"size-medium wp-image-411885 alignleft\" src=\"https:\/\/www.radiopiu.net\/wordpress\/wp-content\/uploads\/2024\/10\/th-1-300x169.jpg\" alt=\"\" width=\"300\" height=\"169\" srcset=\"https:\/\/www.radiopiu.net\/wordpress\/wp-content\/uploads\/2024\/10\/th-1-300x169.jpg 300w, https:\/\/www.radiopiu.net\/wordpress\/wp-content\/uploads\/2024\/10\/th-1.jpg 320w\" sizes=\"auto, (max-width: 300px) 100vw, 300px\" \/><\/a>Autovelox a Tai: il Tribunale d\u00e0 ragione al Comune<\/strong><br \/>\nTAI DI CADORE Il Tribunale di Belluno ha ribaltato la sentenza di primo grado, dando ragione al Comune di Pieve di Cadore nella causa contro l\u2019avvocato, multato per eccesso di velocit\u00e0. Il legale sosteneva che la polizia locale si fosse \u201cnascosta\u201d con l\u2019autovelox, ma il video depositato ha mostrato chiaramente gli agenti in posizione visibile con indumenti riflettenti. La sindaca Sindi Manushi ha espresso soddisfazione, sottolineando che la sicurezza stradale \u00e8 una priorit\u00e0 e non si tratta di \u201cfare cassa\u201d a danno dei turisti.<\/p>\n<p><strong>Accusati di spaccio di eroina in vallata: intercettazioni e testimoni confermano<\/strong><br \/>\nAGORDO S C e F S B sono accusati di spaccio di eroina, scoperti grazie a intercettazioni telefoniche della polizia durante un\u2019indagine su un\u2019altra persona. La coppia si procurava la droga a Padova, come dimostrato dal gps installato sulla loro auto. Nonostante la perquisizione della loro abitazione non abbia portato a sequestri, i testimoni hanno confermato sotto giuramento di aver acquistato piccole quantit\u00e0 di eroina. Il processo continuer\u00e0 con nuove testimonianze il 3 marzo, ma si teme che eventuali condanne possano prescriversi in appello.<\/p>\n<p><strong>Truffa online: coppia bellunese perde 1.262 euro per una gabbia per conigli<\/strong><br \/>\nBELLUNO Una coppia di Belluno ha perso 1.262 euro in una truffa legata alla vendita di una gabbia per conigli. Fingendosi clienti interessati, i truffatori hanno convinto i venditori a effettuare ricariche su carte Postepay. F A e L G accusati della truffa, sono attualmente coinvolti in un procedimento penale che potrebbe portarli a processo.<\/p>\n<p><strong>Condanna per stalking a Feltre: un anno e sei mesi di reclusione<\/strong><br \/>\nFELTRE L.O. \u00e8 stato condannato a un anno e sei mesi di reclusione per atti persecutori verso una famiglia di Feltre. Dal 2020 al 2021, ha minacciato e terrorizzato i vicini con insulti, colpi di scacciacani e comportamenti intimidatori. Dovr\u00e0 anche pagare 12 mila euro di risarcimento.<br \/>\n<strong>DENISE GUADAGNIN NEL DIRETTIVO DI ANCI VENETO<\/strong><br \/>\nSEREN DEL GRAPPA Denise Guadagnin, Vicesindaco di Seren del Grappa, esprime orgoglio per la sua elezione nel Direttivo di ANCI Veneto, sottolineando l\u2019importanza di questa associazione per i comuni, in particolare quelli pi\u00f9 piccoli e marginali. Guadagnin si impegna a rappresentare al meglio i comuni della Provincia di Belluno<\/p>\n<p><strong><a class=\"dt-pswp-item\" href=\"https:\/\/www.radiopiu.net\/wordpress\/wp-content\/uploads\/2024\/08\/Belluno-giardino-Museo-Fulcis-002.jpg\" data-dt-img-description=\"\" data-large_image_width=\"1000\" data-large_image_height=\"750\"><img loading=\"lazy\" decoding=\"async\" class=\"size-medium wp-image-405811 alignleft\" src=\"https:\/\/www.radiopiu.net\/wordpress\/wp-content\/uploads\/2024\/08\/Belluno-giardino-Museo-Fulcis-002-300x225.jpg\" alt=\"\" width=\"300\" height=\"225\" srcset=\"https:\/\/www.radiopiu.net\/wordpress\/wp-content\/uploads\/2024\/08\/Belluno-giardino-Museo-Fulcis-002-300x225.jpg 300w, https:\/\/www.radiopiu.net\/wordpress\/wp-content\/uploads\/2024\/08\/Belluno-giardino-Museo-Fulcis-002-768x576.jpg 768w, https:\/\/www.radiopiu.net\/wordpress\/wp-content\/uploads\/2024\/08\/Belluno-giardino-Museo-Fulcis-002.jpg 1000w\" sizes=\"auto, (max-width: 300px) 100vw, 300px\" \/><\/a>Museo Fulcis e Rassegna Fulcis Open Air: Risposta dell\u2019Assessore Addamiano<\/strong><br \/>\nBELLUNO L\u2019assessore alla cultura Raffaele Addamiano ha risposto alle interrogazioni di Lucia Olivotto sul futuro del Museo Fulcis e sulla rassegna di cinema all\u2019aperto. Ha spiegato che il Museo ha subito una riduzione dei visitatori durante la pandemia e che la gestione \u00e8 affidata alla Fondazione Teatri delle Dolomiti, con un contributo annuo di 186 mila euro dal Comune. Per quanto riguarda Fulcis Open Air, la decisione di non svolgerla nel 2024 non \u00e8 attribuibile all\u2019Amministrazione, che ha invece organizzato con successo la rassegna estiva R-Estate in Citt\u00e0, apprezzata dal pubblico.<\/p>\n<p><strong>Risposta dell\u2019Assessore Roccon sulla Gestione del Verde a Cavarzano<\/strong><br \/>\nBELLUNO L\u2019assessore ai lavori pubblici Franco Roccon ha risposto all\u2019interrogazione di Maria Teresa Cassol riguardo alla gestione del verde a Cavarzano e ai progetti per i piazzali Vittime di via Fani e Monte Schiara. Roccon ha spiegato che, dopo 19 anni, \u00e8 stata realizzata una nuova segnaletica orizzontale per il piazzale Vittime, e che sono stati rimossi tre alberi malati e pericolosi. Non sono previste nuove piantumazioni per evitare ulteriori problemi alle piante. Inoltre, grazie alla riorganizzazione dei parcheggi, sono stati creati nuovi stalli, ricevendo apprezzamenti da parte di residenti ed esercenti.<\/p>\n<p><strong>La Cooperativa Edilizia Villa Roma di Livinallongo pronta per una nuova operazione residenziale<\/strong><br \/>\nLIVINALLONGO La Cooperativa Edilizia Villa Roma di Livinallongo, attiva dal 1989 e gi\u00e0 responsabile della costruzione di ben 97 alloggi destinati ai residenti, annuncia la possibilit\u00e0 di avviare una nuova operazione di edilizia residenziale. Dopo un\u2019attesa di 12 anni dalle ultime assegnazioni, la cooperativa ritiene che sia arrivato il momento di verificare se vi \u00e8 interesse tra la popolazione per la costruzione di nuovi alloggi destinati a diventare prima casa.<br \/>\nIn base al numero di richieste ricevute, Villa Roma valuter\u00e0 come e dove sviluppare i nuovi edifici, prendendo in considerazione terreni sia pubblici che privati. Gli interessati potranno inviare la propria adesione entro la fine di ottobre, inviando un messaggio WhatsApp al numero 3389357083.<\/p>\n","protected":false},"excerpt":{"rendered":"<p>&nbsp; &nbsp; &nbsp; &nbsp; OGGI ALLA RADIO\u2026. ALLE 4 E ALLE 6 LE NOTIZIE DALL\u2019ITALIA E DAL MONDO 0500 l\u2019almanacco della nostra gente con il MUSLA 6.15 PIROLE DE LENGA A CURA DEL MUSLA 7.20 EL BAL DEL FIORI, DETTI E TRADIZIONI DI GIULIANA DA RONCH 8.05 LA RASSEGNA STAMPA LOCALE 8.30 PIU\u2019 SIAMO CON&hellip;<\/p>\n","protected":false},"author":4,"featured_media":411892,"comment_status":"closed","ping_status":"closed","sticky":false,"template":"","format":"standard","meta":{"_monsterinsights_skip_tracking":false,"_monsterinsights_sitenote_active":false,"_monsterinsights_sitenote_note":"","_monsterinsights_sitenote_category":0,"footnotes":""},"categories":[51,49,142],"tags":[],"class_list":["post-411905","post","type-post","status-publish","format-standard","has-post-thumbnail","hentry","category-evidenza-top","category-news-18","category-rassegna-stampa","category-51","category-49","category-142","description-off"],"img_url":"https:\/\/www.radiopiu.net\/wordpress\/wp-content\/uploads\/2024\/10\/COPERTINA1.png","_links":{"self":[{"href":"https:\/\/www.radiopiu.net\/wordpress\/wp-json\/wp\/v2\/posts\/411905","targetHints":{"allow":["GET"]}}],"collection":[{"href":"https:\/\/www.radiopiu.net\/wordpress\/wp-json\/wp\/v2\/posts"}],"about":[{"href":"https:\/\/www.radiopiu.net\/wordpress\/wp-json\/wp\/v2\/types\/post"}],"author":[{"embeddable":true,"href":"https:\/\/www.radiopiu.net\/wordpress\/wp-json\/wp\/v2\/users\/4"}],"replies":[{"embeddable":true,"href":"https:\/\/www.radiopiu.net\/wordpress\/wp-json\/wp\/v2\/comments?post=411905"}],"version-history":[{"count":3,"href":"https:\/\/www.radiopiu.net\/wordpress\/wp-json\/wp\/v2\/posts\/411905\/revisions"}],"predecessor-version":[{"id":411930,"href":"https:\/\/www.radiopiu.net\/wordpress\/wp-json\/wp\/v2\/posts\/411905\/revisions\/411930"}],"wp:featuredmedia":[{"embeddable":true,"href":"https:\/\/www.radiopiu.net\/wordpress\/wp-json\/wp\/v2\/media\/411892"}],"wp:attachment":[{"href":"https:\/\/www.radiopiu.net\/wordpress\/wp-json\/wp\/v2\/media?parent=411905"}],"wp:term":[{"taxonomy":"category","embeddable":true,"href":"https:\/\/www.radiopiu.net\/wordpress\/wp-json\/wp\/v2\/categories?post=411905"},{"taxonomy":"post_tag","embeddable":true,"href":"https:\/\/www.radiopiu.net\/wordpress\/wp-json\/wp\/v2\/tags?post=411905"}],"curies":[{"name":"wp","href":"https:\/\/api.w.org\/{rel}","templated":true}]}}