{"id":411932,"date":"2024-10-02T00:00:50","date_gmt":"2024-10-01T22:00:50","guid":{"rendered":"https:\/\/www.radiopiu.net\/wordpress\/?p=411932"},"modified":"2024-10-02T05:53:22","modified_gmt":"2024-10-02T03:53:22","slug":"lagordino-che-firma-le-etichette-del-birrificio-a-motta-di-livenza","status":"publish","type":"post","link":"https:\/\/www.radiopiu.net\/wordpress\/lagordino-che-firma-le-etichette-del-birrificio-a-motta-di-livenza\/","title":{"rendered":"L&#8217;AGORDINO CHE FIRMA LE ETICHETTE DEL BIRRIFICIO A MOTTA DI LIVENZA"},"content":{"rendered":"<p>***<\/p>\n<p><strong><a class=\"dt-pswp-item\" href=\"https:\/\/www.radiopiu.net\/wordpress\/wp-content\/uploads\/2024\/10\/275301387_10225009810186473_2824130488495122746_n-e1727769987411.jpg\" data-dt-img-description=\"\" data-large_image_width=\"960\" data-large_image_height=\"960\"><img loading=\"lazy\" decoding=\"async\" class=\" wp-image-411935 alignleft\" src=\"https:\/\/www.radiopiu.net\/wordpress\/wp-content\/uploads\/2024\/10\/275301387_10225009810186473_2824130488495122746_n-e1727769987411-300x300.jpg\" alt=\"\" width=\"173\" height=\"173\" srcset=\"https:\/\/www.radiopiu.net\/wordpress\/wp-content\/uploads\/2024\/10\/275301387_10225009810186473_2824130488495122746_n-e1727769987411-300x300.jpg 300w, https:\/\/www.radiopiu.net\/wordpress\/wp-content\/uploads\/2024\/10\/275301387_10225009810186473_2824130488495122746_n-e1727769987411-150x150.jpg 150w, https:\/\/www.radiopiu.net\/wordpress\/wp-content\/uploads\/2024\/10\/275301387_10225009810186473_2824130488495122746_n-e1727769987411-768x768.jpg 768w, https:\/\/www.radiopiu.net\/wordpress\/wp-content\/uploads\/2024\/10\/275301387_10225009810186473_2824130488495122746_n-e1727769987411.jpg 960w\" sizes=\"auto, (max-width: 173px) 100vw, 173px\" \/><\/a>MOTTA DI LIVENZA<\/strong> Con grande orgoglio, il birrificio <a href=\"https:\/\/www.facebook.com\/profile.php?id=61560084776576\"><em>Zuppa di Sasso<\/em><\/a> presenta la sua nuova birra <strong>Golden Wave<\/strong>, accompagnata da un\u2019etichetta realizzata dall\u2019artista <a href=\"https:\/\/www.facebook.com\/groups\/1420205028223120\/user\/1653702137\/\">Christopher Scolz<\/a>,\u00a0 (foto) giovane talento locale che vive e lavora ad Agordo. <em>&#8220;Questa collaborazione \u00e8 parte di un progetto per sostenere i piccoli artisti &#8211; dice <a href=\"https:\/\/www.facebook.com\/alessandra.gargiuli\">Alessandra Gargiuli<\/a> &#8211; in questa occasione abbiamo scelto un ragazzo del mio paese d&#8217;origine&#8221;<\/em><\/p>\n<p>La <strong>Golden Wave<\/strong>, una German Ale dal gusto esplosivo, si distingue non solo per la bevanda, ma anche per l\u2019etichetta originale e vivace: i malti giocano tra le onde, osservati dai luppoli che si tuffano in un bagno termale, mentre zuccheri e lieviti si divertono tra di loro. L&#8217;obiettivo \u00e8 unire sapori e creativit\u00e0, sperando di farvi gustare presto questa deliziosa birra artigianale, racchiusa in una bottiglia che \u00e8 una vera opera d&#8217;arte.<\/p>\n<p><a class=\"dt-pswp-item\" href=\"https:\/\/www.radiopiu.net\/wordpress\/wp-content\/uploads\/2024\/10\/461763192_10230715600267659_3608202944897485511_n.jpg\" data-dt-img-description=\"\" data-large_image_width=\"600\" data-large_image_height=\"314\"><img loading=\"lazy\" decoding=\"async\" class=\"wp-image-411933 size-full aligncenter\" src=\"https:\/\/www.radiopiu.net\/wordpress\/wp-content\/uploads\/2024\/10\/461763192_10230715600267659_3608202944897485511_n.jpg\" alt=\"\" width=\"600\" height=\"314\" srcset=\"https:\/\/www.radiopiu.net\/wordpress\/wp-content\/uploads\/2024\/10\/461763192_10230715600267659_3608202944897485511_n.jpg 600w, https:\/\/www.radiopiu.net\/wordpress\/wp-content\/uploads\/2024\/10\/461763192_10230715600267659_3608202944897485511_n-300x157.jpg 300w\" sizes=\"auto, (max-width: 600px) 100vw, 600px\" \/><\/a><\/p>\n","protected":false},"excerpt":{"rendered":"<p>*** MOTTA DI LIVENZA Con grande orgoglio, il birrificio Zuppa di Sasso presenta la sua nuova birra Golden Wave, accompagnata da un\u2019etichetta realizzata dall\u2019artista Christopher Scolz,\u00a0 (foto) giovane talento locale che vive e lavora ad Agordo. &#8220;Questa collaborazione \u00e8 parte di un progetto per sostenere i piccoli artisti &#8211; dice Alessandra Gargiuli &#8211; in questa&hellip;<\/p>\n","protected":false},"author":4,"featured_media":411933,"comment_status":"closed","ping_status":"closed","sticky":false,"template":"","format":"standard","meta":{"_monsterinsights_skip_tracking":false,"_monsterinsights_sitenote_active":false,"_monsterinsights_sitenote_note":"","_monsterinsights_sitenote_category":0,"footnotes":""},"categories":[104,49],"tags":[],"class_list":["post-411932","post","type-post","status-publish","format-standard","has-post-thumbnail","hentry","category-evidenza_3","category-news-18","category-104","category-49","description-off"],"img_url":"https:\/\/www.radiopiu.net\/wordpress\/wp-content\/uploads\/2024\/10\/461763192_10230715600267659_3608202944897485511_n.jpg","_links":{"self":[{"href":"https:\/\/www.radiopiu.net\/wordpress\/wp-json\/wp\/v2\/posts\/411932","targetHints":{"allow":["GET"]}}],"collection":[{"href":"https:\/\/www.radiopiu.net\/wordpress\/wp-json\/wp\/v2\/posts"}],"about":[{"href":"https:\/\/www.radiopiu.net\/wordpress\/wp-json\/wp\/v2\/types\/post"}],"author":[{"embeddable":true,"href":"https:\/\/www.radiopiu.net\/wordpress\/wp-json\/wp\/v2\/users\/4"}],"replies":[{"embeddable":true,"href":"https:\/\/www.radiopiu.net\/wordpress\/wp-json\/wp\/v2\/comments?post=411932"}],"version-history":[{"count":2,"href":"https:\/\/www.radiopiu.net\/wordpress\/wp-json\/wp\/v2\/posts\/411932\/revisions"}],"predecessor-version":[{"id":411936,"href":"https:\/\/www.radiopiu.net\/wordpress\/wp-json\/wp\/v2\/posts\/411932\/revisions\/411936"}],"wp:featuredmedia":[{"embeddable":true,"href":"https:\/\/www.radiopiu.net\/wordpress\/wp-json\/wp\/v2\/media\/411933"}],"wp:attachment":[{"href":"https:\/\/www.radiopiu.net\/wordpress\/wp-json\/wp\/v2\/media?parent=411932"}],"wp:term":[{"taxonomy":"category","embeddable":true,"href":"https:\/\/www.radiopiu.net\/wordpress\/wp-json\/wp\/v2\/categories?post=411932"},{"taxonomy":"post_tag","embeddable":true,"href":"https:\/\/www.radiopiu.net\/wordpress\/wp-json\/wp\/v2\/tags?post=411932"}],"curies":[{"name":"wp","href":"https:\/\/api.w.org\/{rel}","templated":true}]}}