{"id":411985,"date":"2024-10-02T05:28:18","date_gmt":"2024-10-02T03:28:18","guid":{"rendered":"https:\/\/www.radiopiu.net\/wordpress\/?p=411985"},"modified":"2024-10-02T05:50:21","modified_gmt":"2024-10-02T03:50:21","slug":"giozaia","status":"publish","type":"post","link":"https:\/\/www.radiopiu.net\/wordpress\/giozaia\/","title":{"rendered":"Giovanni Baglioni all\u2019ospedale di Agordo. Presidente Zaia, \u201cGrazie per i post di apprezzamento verso il personale."},"content":{"rendered":"<p>**<\/p>\n<p>&nbsp;<\/p>\n<p><strong>VENEZIA<\/strong><\/p>\n<p><em><a class=\"dt-pswp-item\" href=\"https:\/\/www.radiopiu.net\/wordpress\/wp-content\/uploads\/2024\/10\/461437771_1096114922076172_3887701869179412517_n.jpg\" data-dt-img-description=\"\" data-large_image_width=\"526\" data-large_image_height=\"701\"><img loading=\"lazy\" decoding=\"async\" class=\"alignleft wp-image-411989 size-medium\" src=\"https:\/\/www.radiopiu.net\/wordpress\/wp-content\/uploads\/2024\/10\/461437771_1096114922076172_3887701869179412517_n-225x300.jpg\" alt=\"\" width=\"225\" height=\"300\" srcset=\"https:\/\/www.radiopiu.net\/wordpress\/wp-content\/uploads\/2024\/10\/461437771_1096114922076172_3887701869179412517_n-225x300.jpg 225w, https:\/\/www.radiopiu.net\/wordpress\/wp-content\/uploads\/2024\/10\/461437771_1096114922076172_3887701869179412517_n.jpg 526w\" sizes=\"auto, (max-width: 225px) 100vw, 225px\" \/><\/a>\u201cSono certo che il personale dell\u2019ospedale Giovanni Paolo I di Agordo non ha dimostrato la sua professionalit\u00e0 e la sua umanit\u00e0 con Giovanni Baglioni in virt\u00f9 del cognome del paziente o delle famose note della sua chitarra. Sento di affermarlo perch\u00e9 conosco bene le persone che ogni giorno si impegnano per mantenere la sanit\u00e0 veneta al livello che ne fa uno dei modelli migliori nel panorama nazionale. Ne conosco la dedizione, il valore professionale e la preparazione; non solo dal punto di vista strettamente sanitario ma anche da quello umano. Per questo le parole di apprezzamento per le cure ricevute nell\u2019ospedale agordino che il musicista e figlio d\u2019arte ha affidato ai suoi post mi hanno fatto piacere e anche suscitato del sano orgoglio\u201d.<\/em><\/p>\n<p>Con queste parole il presidente della Regione del Veneto, Luca Zaia, esprime gratitudine a Giovanni Baglioni per le sue espressioni di apprezzamento all\u2019ospedale di Agordo (Belluno), affidate ad alcuni post sui social e riportate oggi dalla stampa.<\/p>\n<p><em><a class=\"dt-pswp-item\" href=\"https:\/\/www.radiopiu.net\/wordpress\/wp-content\/uploads\/2024\/08\/LUCA-ZAIA.jpg\" data-dt-img-description=\"\" data-large_image_width=\"1600\" data-large_image_height=\"1600\"><img loading=\"lazy\" decoding=\"async\" class=\"size-thumbnail wp-image-403476 alignright\" src=\"https:\/\/www.radiopiu.net\/wordpress\/wp-content\/uploads\/2024\/08\/LUCA-ZAIA-150x150.jpg\" alt=\"\" width=\"150\" height=\"150\" srcset=\"https:\/\/www.radiopiu.net\/wordpress\/wp-content\/uploads\/2024\/08\/LUCA-ZAIA-150x150.jpg 150w, https:\/\/www.radiopiu.net\/wordpress\/wp-content\/uploads\/2024\/08\/LUCA-ZAIA-300x300.jpg 300w, https:\/\/www.radiopiu.net\/wordpress\/wp-content\/uploads\/2024\/08\/LUCA-ZAIA-1024x1024.jpg 1024w, https:\/\/www.radiopiu.net\/wordpress\/wp-content\/uploads\/2024\/08\/LUCA-ZAIA-768x768.jpg 768w, https:\/\/www.radiopiu.net\/wordpress\/wp-content\/uploads\/2024\/08\/LUCA-ZAIA-1536x1536.jpg 1536w, https:\/\/www.radiopiu.net\/wordpress\/wp-content\/uploads\/2024\/08\/LUCA-ZAIA.jpg 1600w\" sizes=\"auto, (max-width: 150px) 100vw, 150px\" \/><\/a>\u201cNel ringraziare Baglioni, infatti \u2013 sottolinea il Governatore &#8211; non posso non pensare che il legame tra la sua famiglia e la vallata agordina \u00e8 un\u2019amicizia lunga e consolidata. Ma nell\u2019immaginario dominante \u00e8 radicata l\u2019idea che un personaggio di questa caratura, di fronte alla necessit\u00e0 di un ricovero, preferisca raggiungere rapidamente una struttura fatta da nomi altisonanti in una grande citt\u00e0 piuttosto che ritrovarsi in un letto del nosocomio di una piccola cittadina della montagna veneta. Cos\u00ec non \u00e8, evidentemente, perch\u00e9 non solo si \u00e8 affidato alla professionalit\u00e0 dei sanitari agordini ma si \u00e8 anche trovato bene fino a volerlo dimostrare e rendere noto con i suoi post. Da questi ultimi, dunque, esce una bella immagine di quanto il servizio pubblico sia in grado di assicurare ovunque e di come anche una realt\u00e0 ospedaliera di un territorio montano, certamente affascinante ma complesso, vanti professionisti di prim\u2019ordine\u201d.<\/em><\/p>\n<p><em>\u201cIn un periodo storico in cui la cronaca racconta di prepotenze e insulti o perfino di aggressioni verso gli operatori sanitari \u2013 conclude Zaia &#8211; le parole di Baglioni ci richiamano alla realt\u00e0 dei nostri ospedali. Accolgo il contenuto di questi post come un ulteriore buon riconoscimento all\u2019impegno nel lavoro e nell\u2019umanizzazione dei professionisti e di tutti gli operatori della sanit\u00e0 veneta; un esercito di oltre 59.000 persone alle quali esprimo la mia riconoscenza\u201d.<\/em><\/p>\n<p>&nbsp;<\/p>\n<p>&nbsp;<\/p>\n<hr \/>\n<p>&nbsp;<\/p>\n","protected":false},"excerpt":{"rendered":"<p>** &nbsp; VENEZIA \u201cSono certo che il personale dell\u2019ospedale Giovanni Paolo I di Agordo non ha dimostrato la sua professionalit\u00e0 e la sua umanit\u00e0 con Giovanni Baglioni in virt\u00f9 del cognome del paziente o delle famose note della sua chitarra. Sento di affermarlo perch\u00e9 conosco bene le persone che ogni giorno si impegnano per mantenere&hellip;<\/p>\n","protected":false},"author":4,"featured_media":411988,"comment_status":"closed","ping_status":"closed","sticky":false,"template":"","format":"standard","meta":{"_monsterinsights_skip_tracking":false,"_monsterinsights_sitenote_active":false,"_monsterinsights_sitenote_note":"","_monsterinsights_sitenote_category":0,"footnotes":""},"categories":[51,49],"tags":[],"class_list":["post-411985","post","type-post","status-publish","format-standard","has-post-thumbnail","hentry","category-evidenza-top","category-news-18","category-51","category-49","description-off"],"img_url":"https:\/\/www.radiopiu.net\/wordpress\/wp-content\/uploads\/2024\/10\/461489172_1097567165264281_1480099392595476514_n.jpg","_links":{"self":[{"href":"https:\/\/www.radiopiu.net\/wordpress\/wp-json\/wp\/v2\/posts\/411985","targetHints":{"allow":["GET"]}}],"collection":[{"href":"https:\/\/www.radiopiu.net\/wordpress\/wp-json\/wp\/v2\/posts"}],"about":[{"href":"https:\/\/www.radiopiu.net\/wordpress\/wp-json\/wp\/v2\/types\/post"}],"author":[{"embeddable":true,"href":"https:\/\/www.radiopiu.net\/wordpress\/wp-json\/wp\/v2\/users\/4"}],"replies":[{"embeddable":true,"href":"https:\/\/www.radiopiu.net\/wordpress\/wp-json\/wp\/v2\/comments?post=411985"}],"version-history":[{"count":1,"href":"https:\/\/www.radiopiu.net\/wordpress\/wp-json\/wp\/v2\/posts\/411985\/revisions"}],"predecessor-version":[{"id":411991,"href":"https:\/\/www.radiopiu.net\/wordpress\/wp-json\/wp\/v2\/posts\/411985\/revisions\/411991"}],"wp:featuredmedia":[{"embeddable":true,"href":"https:\/\/www.radiopiu.net\/wordpress\/wp-json\/wp\/v2\/media\/411988"}],"wp:attachment":[{"href":"https:\/\/www.radiopiu.net\/wordpress\/wp-json\/wp\/v2\/media?parent=411985"}],"wp:term":[{"taxonomy":"category","embeddable":true,"href":"https:\/\/www.radiopiu.net\/wordpress\/wp-json\/wp\/v2\/categories?post=411985"},{"taxonomy":"post_tag","embeddable":true,"href":"https:\/\/www.radiopiu.net\/wordpress\/wp-json\/wp\/v2\/tags?post=411985"}],"curies":[{"name":"wp","href":"https:\/\/api.w.org\/{rel}","templated":true}]}}