{"id":412088,"date":"2024-10-02T00:00:07","date_gmt":"2024-10-01T22:00:07","guid":{"rendered":"https:\/\/www.radiopiu.net\/wordpress\/?p=412088"},"modified":"2024-10-02T10:47:28","modified_gmt":"2024-10-02T08:47:28","slug":"rassegna-stampa-locale-dal-1983-puntuale-alle-otto-del-mattino-e-alle-sette-le-anticipazioni","status":"publish","type":"post","link":"https:\/\/www.radiopiu.net\/wordpress\/rassegna-stampa-locale-dal-1983-puntuale-alle-otto-del-mattino-e-alle-sette-le-anticipazioni\/","title":{"rendered":"RASSEGNA STAMPA LOCALE dal 1983 PUNTUALE ALLE OTTO DEL MATTINO E ALLE SETTE LE ANTICIPAZIONI"},"content":{"rendered":"<p>&nbsp;<\/p>\n<blockquote>\n<h3><\/h3>\n<p>&nbsp;<\/p>\n<p>&nbsp;<\/p>\n<h1>OGGI VIDEO NON DISPONIBILE<br \/>\nCI SCUSIAMO<\/h1>\n<p>&nbsp;<\/p>\n<p>&nbsp;<\/p>\n<p>&nbsp;<\/p><\/blockquote>\n<p>&nbsp;<\/p>\n<blockquote>\n<hr \/>\n<h3>\u00a0NON SOLO GIORNALI, NELLA RASSEGNA STAMPA DI RADIO PIU&#8217; SPAZIO AI GIORNALISTI DEL TERRITORIO, DELLA RADIO, DELLA TELEVISIONE E ANCHE DELLA CARTA STAMPATA&#8230;<\/h3>\n<p>&nbsp;<\/p>\n<p><strong><a class=\"dt-pswp-item\" href=\"https:\/\/www.radiopiu.net\/wordpress\/wp-content\/uploads\/2023\/09\/radiopiu-18.jpg\" data-dt-img-description=\"\" data-large_image_width=\"1049\" data-large_image_height=\"1049\"><img loading=\"lazy\" decoding=\"async\" class=\" wp-image-353159 alignleft\" src=\"https:\/\/www.radiopiu.net\/wordpress\/wp-content\/uploads\/2023\/09\/radiopiu-18-300x300.jpg\" alt=\"\" width=\"154\" height=\"154\" srcset=\"https:\/\/www.radiopiu.net\/wordpress\/wp-content\/uploads\/2023\/09\/radiopiu-18-300x300.jpg 300w, https:\/\/www.radiopiu.net\/wordpress\/wp-content\/uploads\/2023\/09\/radiopiu-18-1024x1024.jpg 1024w, https:\/\/www.radiopiu.net\/wordpress\/wp-content\/uploads\/2023\/09\/radiopiu-18-150x150.jpg 150w, https:\/\/www.radiopiu.net\/wordpress\/wp-content\/uploads\/2023\/09\/radiopiu-18-768x768.jpg 768w, https:\/\/www.radiopiu.net\/wordpress\/wp-content\/uploads\/2023\/09\/radiopiu-18.jpg 1049w\" sizes=\"auto, (max-width: 154px) 100vw, 154px\" \/><\/a>OGGI ALLA RADIO<\/strong>&#8230;. ALLE 4 E ALLE 6 LE NOTIZIE DALL&#8217;ITALIA E DAL MONDO 0500 l&#8217;almanacco della nostra gente con il MUSLA\u00a0 6.15 PIROLE DE LENGA A CURA DEL MUSLA 7.20 EL BAL DEL FIORI, DETTI E TRADIZIONI DI GIULIANA DA RONCH 8.05 LA RASSEGNA STAMPA LOCALE 8.30\u00a0PIU&#8217; SIAMO CON MARINA DONA&#8217; \u00a0 900 L&#8217;almanacco della nostra gente con il MUSLA\u00a0 \u00a09.10 liber con liana cavallet (foto) 9.40 VIABILITA&#8217; CON BOTOL CAR SERVICE (AGORDO-SEDICO-FELTRE)\u00a0 \u00a010.30 se non la smetti ti mando dal preside con la prof. maria rosa salmazo \u00a0\u00a011.30 SOTTO UN CIELO DI STELLE, ASTROFILIA CON CLAUDIO PRA\u00a0 \u00a012.00 VA TUTTO LISCIO\u00a0 12.30 GIORNALE RADIO PRINCIPALE 13.10\u00a0 speciale oltre le vette con Valentina Ciprian\u00a013.20\u00a0 TRA FOGLIE E CASTAGNE, CANTA CON NOI DI E CON MARINA DONA&#8217;\u00a0 \u00a014.00 la classifica ufficiale di marco gaz\u00a0 \u00a015.00\u00a0 piu&#8217; musica con marina dona&#8217; 16 IL ROCK DI MARCO COSTANTINI 1645 LE HIT DI MIRCO BENCIVENNI 18.00 PIU&#8217; DANCE LE SELEZIONI CHE FANNO SALTARE DI DJ JACK, JACOPO DEL TEDESCO 19.00 LE ANTICIPAZIONI DAL TG DI ANTENNA 3 DI TIZIANA BOLOGNANI<\/p>\n<p><a class=\"dt-pswp-item\" href=\"https:\/\/www.radiopiu.net\/wordpress\/wp-content\/uploads\/2024\/10\/2c06907a-92d5-498d-bc25-801f15381e4b.jpg\" data-dt-img-description=\"\" data-large_image_width=\"1068\" data-large_image_height=\"763\"><img loading=\"lazy\" decoding=\"async\" class=\"size-medium wp-image-412039 alignleft\" src=\"https:\/\/www.radiopiu.net\/wordpress\/wp-content\/uploads\/2024\/10\/2c06907a-92d5-498d-bc25-801f15381e4b-300x214.jpg\" alt=\"\" width=\"300\" height=\"214\" srcset=\"https:\/\/www.radiopiu.net\/wordpress\/wp-content\/uploads\/2024\/10\/2c06907a-92d5-498d-bc25-801f15381e4b-300x214.jpg 300w, https:\/\/www.radiopiu.net\/wordpress\/wp-content\/uploads\/2024\/10\/2c06907a-92d5-498d-bc25-801f15381e4b-1024x732.jpg 1024w, https:\/\/www.radiopiu.net\/wordpress\/wp-content\/uploads\/2024\/10\/2c06907a-92d5-498d-bc25-801f15381e4b-768x549.jpg 768w, https:\/\/www.radiopiu.net\/wordpress\/wp-content\/uploads\/2024\/10\/2c06907a-92d5-498d-bc25-801f15381e4b.jpg 1068w\" sizes=\"auto, (max-width: 300px) 100vw, 300px\" \/><\/a><strong>Il Comune di Feltre informa<\/strong><br \/>\nche a partire da luned\u00ec la ditta Abaco sar\u00e0 presente sul territorio comunale per l\u2019attivit\u00e0 di controllo delle esposizioni pubblicitarie con un proprio collaboratore munito di tessera di riconoscimento. Lo stesso effettuer\u00e0 rilievi fotografici, misurazione dei manufatti e, ove necessario, richiesta di informazioni ai contribuenti.<\/p>\n<p><strong>ROCCA PIETORE, ACQUA INQUINATA<\/strong><br \/>\nin localit\u00e0 SOPRACORDEVOLE, VAL, DAGAI, DAVARE, LE COSTE e RONCH l&#8217;acqua erogata dall&#8217;acquedotto non \u00e8 potabile e non pu\u00f2 essere usata per scopi alimentari. Verr\u00e0 effettuato servizio sostitutivo con cisterna c\/o ex Ufficio Postale.<\/p>\n<p><strong>OGGI L&#8217;ULTIMO SALUTO A GRAZIELLA ZASSO<\/strong><br \/>\nAGORDO Una comunit\u00e0 in lutto ad Agordo per la scomparsa di Graziella Zasso, la mamma di Rinaldo Zasso mancato nel novembre di tre anni fa. A darne il triste annuncio il figlio Matteo, i nipoti Beatrice, Angelica, Caterina ed Enrico, con Michela, Elena, Daniela e Marica, Il Fratello, La cognata e i parenti tutti. I funerali verranno celebrati nella chiesa Arcidiaconale di Agordo oggi alle 14:30. Dopo il rito funebre Graziella proseguir\u00e0 per la cremazione.<br \/>\nGraziella a Taibon ha lasciato un segno importante negli anni in cui ha gestito il Bar Cooperativa, sulla strada che porta alla chiesa, in prossimit\u00e0 dell&#8217;attuale ufficio postale. Precisa, affabile con i clienti, anche con i pi\u00f9 giovani di allora.<\/p>\n<p><strong>Soverzene, bloccati nel Piave con i fuoristrada: soccorse 5 persone: Illesi dopo l&#8217;intervento dei vigili del fuoco<\/strong><br \/>\nSOVERZENE Cinque persone, rimaste bloccate nel Piave con due fuoristrada dopo un taglio di vegetazione, sono state salvate dai vigili del fuoco. L\u2019intervento, avvenuto a Soverzene, ha richiesto l&#8217;uso di un gommone e tecniche di soccorso fluviale per mettere in salvo gli operatori. Successivamente, i veicoli sono stati trainati a riva con verricelli. L&#8217;intera operazione, iniziata alle 14 e conclusa in serata, si \u00e8 svolta senza feriti.<\/p>\n<p><strong>LUIGI FAZZINO OPERATO DOPO IL PAUROSO INCIDENTE ALLA ALGHERO-SCALA PICADA<\/strong><br \/>\nSASSARI Nel giornale radiopiu il servizio di Roberto Bona, pubblichiamo anche il video del pauroso incidente.<br \/>\n<strong><a class=\"dt-pswp-item\" href=\"https:\/\/www.radiopiu.net\/wordpress\/wp-content\/uploads\/2024\/10\/Senza-nome-6.png\" data-dt-img-description=\"\" data-large_image_width=\"640\" data-large_image_height=\"330\"><img loading=\"lazy\" decoding=\"async\" class=\" wp-image-412079 alignleft\" src=\"https:\/\/www.radiopiu.net\/wordpress\/wp-content\/uploads\/2024\/10\/Senza-nome-6-300x155.png\" alt=\"\" width=\"257\" height=\"133\" srcset=\"https:\/\/www.radiopiu.net\/wordpress\/wp-content\/uploads\/2024\/10\/Senza-nome-6-300x155.png 300w, https:\/\/www.radiopiu.net\/wordpress\/wp-content\/uploads\/2024\/10\/Senza-nome-6.png 640w\" sizes=\"auto, (max-width: 257px) 100vw, 257px\" \/><\/a>INCIDENTE NEL CUORE DELLA NOTTE A PONTE NELLE ALPI<\/strong><br \/>\nPONTE NELLE ALPI Ieri la chiamata al 118 \u00e8 partita alle 3 e mezzo del mattino, l&#8217;incidente a Ponte nelle Alpi ha coinvolto due persone, un ragazzo di 20 anni e un anziano di 81 di Longarone. Entrambi sono stati medicati al pronto soccorso dell&#8217;ospedale San Martino.<\/p>\n<p><strong>Coltellata dopo una notte in discoteca, indagini in corso<\/strong><br \/>\nBELLUNO La polizia indaga su un&#8217;aggressione avvenuta dopo una serata al J&#8217;Adore. Una coppia di Castion \u00e8 stata attaccata da un gruppo di giovani: lui picchiato, lei ferita con una lama. L&#8217;episodio \u00e8 avvenuto nel parcheggio del Consorzio agrario Belluno-Treviso. Gli investigatori stanno concentrando l&#8217;attenzione su ragazzi di Ponte nelle Alpi, basandosi su testimonianze. La coppia \u00e8 stata soccorsa dal 118, mentre proseguono le indagini per identificare gli aggressori.<\/p>\n<p><strong>Sfratto rinviato per Alessia Vedana, madre malata di sclerosi<\/strong><br \/>\nSEDICO Alessia Vedana, 48 anni, affetta da sclerosi e madre di un dodicenne, ha ottenuto una proroga fino al 30 novembre per evitare lo sfratto dalla sua casa di Sedico. Il giudice ha rinviato l\u2019esecuzione, mentre il Comune si sta adoperando per trovare un alloggio alternativo. Vedana, con un reddito limitato, ha perso la casa per l&#8217;impossibilit\u00e0 di pagare il mutuo, ma continua a ricevere assistenza legale e comunale.<\/p>\n<p><strong>Assolto l&#8217;impresario per l&#8217;infortunio sul lavoro a Faion<\/strong><br \/>\nAGORDO\u00a0 \u00e8 stato assolto dal reato di lesioni aggravate per un incidente sul lavoro avvenuto due anni fa in un cantiere di Agordo. Un operaio era caduto da un ponteggio, riportando gravi ferite, ma le indagini hanno dimostrato che l&#8217;impresario non aveva responsabilit\u00e0. L&#8217;operaio, senza ordini, sal\u00ec sul ponteggio non completato. Il giudice ha riconosciuto che tutti i dipendenti avevano ricevuto la formazione necessaria e che il ponteggio era gestito da un&#8217;impresa subappaltatrice.<\/p>\n<p><a class=\"dt-pswp-item\" href=\"https:\/\/www.radiopiu.net\/wordpress\/wp-content\/uploads\/2024\/10\/Senza-nome-3.png\" data-dt-img-description=\"\" data-large_image_width=\"524\" data-large_image_height=\"279\"><img loading=\"lazy\" decoding=\"async\" class=\"size-medium wp-image-412072 alignleft\" src=\"https:\/\/www.radiopiu.net\/wordpress\/wp-content\/uploads\/2024\/10\/Senza-nome-3-300x160.png\" alt=\"\" width=\"300\" height=\"160\" srcset=\"https:\/\/www.radiopiu.net\/wordpress\/wp-content\/uploads\/2024\/10\/Senza-nome-3-300x160.png 300w, https:\/\/www.radiopiu.net\/wordpress\/wp-content\/uploads\/2024\/10\/Senza-nome-3.png 524w\" sizes=\"auto, (max-width: 300px) 100vw, 300px\" \/><\/a>VANDALISMO BECERO ALLE TRE CIME. MORENO PESCE &#8220;UN BRUTTO RISVEGLIO&#8221;<br \/>\nLa visualizzatissima pagina Dolomitici (254mila membri) pubblica in primo piano il video di Moreno Pesce alle Tre Cime di Lavaredo.<br \/>\nScritte vandaliche alle Tre Cime: &#8220;Tourists go home&#8221;. \u00a0Una scritta vandalica &#8220;Tourists go home&#8221; \u00e8 stata trovata sulla roccia con impronte fossili di dinosauro ai piedi delle Tre Cime di Lavaredo. Il gesto, scoperto da tre escursionisti, ha indignato l&#8217;atleta Moreno Pesce, che ha denunciato l&#8217;atto sui social. L&#8217;accaduto ha suscitato scalpore, soprattutto per l&#8217;importanza storica e naturale della zona, patrimonio dell&#8217;Unesco. Lio De Nes, storica guida alpina, ha condannato il gesto, legato forse all&#8217;overtourism, ribadendo l&#8217;importanza del rispetto e della consapevolezza in montagna.<\/p>\n<p>Nuovo organico dei Carabinieri a Belluno per le Olimpiadi 2026<br \/>\nVENEZIA Il presidente del Veneto, Luca Zaia, elogia il completamento dell&#8217;organico dei Carabinieri di Belluno, presentato dal colonnello Enrico Pigozzo, evidenziando l&#8217;attenzione verso le Olimpiadi Invernali 2026. Zaia esprime fiducia nella capacit\u00e0 delle Forze dell&#8217;Ordine di garantire sicurezza durante l&#8217;evento.<\/p>\n<p>Giovanni Baglioni all\u2019ospedale di Agordo. Presidente Zaia, \u201cGrazie per i post di apprezzamento verso il personale&#8221;<br \/>\nVENEZIA Il Presidente della Regione Veneto, Luca Zaia, ha espresso gratitudine a Giovanni Baglioni per i suoi post sui social in cui ha elogiato le cure ricevute presso l&#8217;ospedale Giovanni Paolo I di Agordo. Zaia ha sottolineato che l\u2019apprezzamento del musicista non \u00e8 legato al suo cognome famoso, ma alla qualit\u00e0 del servizio offerto dai professionisti della sanit\u00e0 veneta, lodandone la professionalit\u00e0 e l\u2019umanit\u00e0.<\/p>\n<p>La Cooperativa Edilizia Villa Roma di Livinallongo pronta per una nuova operazione residenziale<br \/>\nLIVINALLONGO La Cooperativa Edilizia Villa Roma di Livinallongo, attiva dal 1989 e gi\u00e0 responsabile della costruzione di ben 97 alloggi destinati ai residenti, annuncia la possibilit\u00e0 di avviare una nuova operazione di edilizia residenziale. Dopo un&#8217;attesa di 12 anni dalle ultime assegnazioni, la cooperativa ritiene che sia arrivato il momento di verificare se vi \u00e8 interesse tra la popolazione per la costruzione di nuovi alloggi destinati a diventare prima casa.<\/p>\n<p><a class=\"dt-pswp-item\" href=\"https:\/\/www.radiopiu.net\/wordpress\/wp-content\/uploads\/2023\/07\/CAF-CISL.png\" data-dt-img-description=\"\" data-large_image_width=\"1200\" data-large_image_height=\"630\"><img loading=\"lazy\" decoding=\"async\" class=\"size-medium wp-image-344831 alignleft\" src=\"https:\/\/www.radiopiu.net\/wordpress\/wp-content\/uploads\/2023\/07\/CAF-CISL-300x158.png\" alt=\"\" width=\"300\" height=\"158\" srcset=\"https:\/\/www.radiopiu.net\/wordpress\/wp-content\/uploads\/2023\/07\/CAF-CISL-300x158.png 300w, https:\/\/www.radiopiu.net\/wordpress\/wp-content\/uploads\/2023\/07\/CAF-CISL-1024x538.png 1024w, https:\/\/www.radiopiu.net\/wordpress\/wp-content\/uploads\/2023\/07\/CAF-CISL-768x403.png 768w, https:\/\/www.radiopiu.net\/wordpress\/wp-content\/uploads\/2023\/07\/CAF-CISL.png 1200w\" sizes=\"auto, (max-width: 300px) 100vw, 300px\" \/><\/a>Conclusa la campagna fiscale del Caf Cisl Belluno Treviso<br \/>\nTREVISO_BELLUNO Il Caf Cisl ha elaborato 64.504 dichiarazioni dei redditi, migliorando funzionalit\u00e0 e accessibilit\u00e0 grazie a interventi di modernizzazione nelle 27 sedi delle due province.\u00a0 Nel Bellunese, gli uffici hanno elaborato un totale di 15.655 dichiarazioni 730, migliorando i risultati dell\u2019anno precedente in molte localit\u00e0<\/p>\n<p>PER NATALE ILLUMINATA TUTTA LA CITTA\u2019 O SOLO PIAZZA DEI MARTIRI<br \/>\nBELLUNO Negozianti del centro storico preoccupati gi\u00e0 adesso in vista del Natale.Da quanto \u00e8 dato loro sapere le luminarie pubbliche, infatti, si concentrerebbero tutte in Piaza dei Martiri. || Piazza dei Martiri per Natale dovrebbe essere bellissima, molto di pi\u00f9 di un anno fa.<\/p>\n<p>TORNANO IN VIGORE LE ORDINANZE ANTI-SMOG A BELLUNO<br \/>\nBELLUNO Tornano in vigore da oggi le ordinanze anti-smog nel capoluogo: nessuna novit\u00e0 rispetto al passato, anche se questa sar\u00e0 la prima stagione completa sotto il progetto Move In della Regione Veneto<\/p>\n<p>DE PELLEGRIN: SOLIDARIETA&#8217; ALLA POLIZIA PENITENZIARIA DI BALDENICH<br \/>\nBELLUNO Il sindaco di Belluno, Oscar De Pellegrin, esprime solidariet\u00e0 alla polizia penitenziaria di Belluno per il loro ruolo cruciale, e ha richiesto un incontro con il direttore della casa circondariale per discutere i recenti episodi accaduti nel carcere.<\/p>\n<p>IL COMUNE DI BELLUNO RIPROPONE IL BANDO DOTE SPORT<br \/>\nBELLUNO L&#8217;Amministrazione comunale di Belluno riapre il bando &#8220;Dote Sport&#8221; per la stagione 2024-2025, offrendo un contributo economico alle famiglie con figli tra i 5 e i 16 anni per coprire i costi della pratica sportiva<\/p>\n<p>IUS SCHOLAE BOCCIATO, PARTITI E CIVICHE A BRACCETTO<br \/>\nBELLUNO Ius scholae: non passa l\u2019ordine del giorno presentato al consiglio comunale di Belluno dai quattro gruppi della minoranza. Dibattito ideologico e a tratti scoppiettante quello andato in scena ieri pomeriggio a Palazzo Rosso<\/p>\n<p>LIVINALLONGO<br \/>\nL&#8217;amministrazione comunale punta sul turismo lento per rilanciare la parte est del Comune. Tra i progetti principali, l&#8217;apertura della ristrutturata Malga Castello nel 2025, il prolungamento della Strada de la V\u00ebna fino a Bressanone e l&#8217;acquisizione del Castello di Andraz dal demanio. Inoltre, si prevede l&#8217;istituzione di una navetta tra Arabba, Castello, Colle Santa Lucia e Falzarego, offrendo un&#8217;alternativa di sviluppo sostenibile fuori dai circuiti sciistici tradizionali<\/p>\n<p>&nbsp;<\/p>\n<p>&nbsp;<\/p>\n<h3><\/h3>\n<\/blockquote>\n","protected":false},"excerpt":{"rendered":"<p>&nbsp; &nbsp; &nbsp; OGGI VIDEO NON DISPONIBILE CI SCUSIAMO &nbsp; &nbsp; &nbsp; &nbsp; \u00a0NON SOLO GIORNALI, NELLA RASSEGNA STAMPA DI RADIO PIU&#8217; SPAZIO AI GIORNALISTI DEL TERRITORIO, DELLA RADIO, DELLA TELEVISIONE E ANCHE DELLA CARTA STAMPATA&#8230; &nbsp; OGGI ALLA RADIO&#8230;. ALLE 4 E ALLE 6 LE NOTIZIE DALL&#8217;ITALIA E DAL MONDO 0500 l&#8217;almanacco della nostra&hellip;<\/p>\n","protected":false},"author":4,"featured_media":412077,"comment_status":"closed","ping_status":"closed","sticky":false,"template":"","format":"standard","meta":{"_monsterinsights_skip_tracking":false,"_monsterinsights_sitenote_active":false,"_monsterinsights_sitenote_note":"","_monsterinsights_sitenote_category":0,"footnotes":""},"categories":[51,49,142],"tags":[],"class_list":["post-412088","post","type-post","status-publish","format-standard","has-post-thumbnail","hentry","category-evidenza-top","category-news-18","category-rassegna-stampa","category-51","category-49","category-142","description-off"],"img_url":"https:\/\/www.radiopiu.net\/wordpress\/wp-content\/uploads\/2024\/10\/COPER.png","_links":{"self":[{"href":"https:\/\/www.radiopiu.net\/wordpress\/wp-json\/wp\/v2\/posts\/412088","targetHints":{"allow":["GET"]}}],"collection":[{"href":"https:\/\/www.radiopiu.net\/wordpress\/wp-json\/wp\/v2\/posts"}],"about":[{"href":"https:\/\/www.radiopiu.net\/wordpress\/wp-json\/wp\/v2\/types\/post"}],"author":[{"embeddable":true,"href":"https:\/\/www.radiopiu.net\/wordpress\/wp-json\/wp\/v2\/users\/4"}],"replies":[{"embeddable":true,"href":"https:\/\/www.radiopiu.net\/wordpress\/wp-json\/wp\/v2\/comments?post=412088"}],"version-history":[{"count":4,"href":"https:\/\/www.radiopiu.net\/wordpress\/wp-json\/wp\/v2\/posts\/412088\/revisions"}],"predecessor-version":[{"id":412111,"href":"https:\/\/www.radiopiu.net\/wordpress\/wp-json\/wp\/v2\/posts\/412088\/revisions\/412111"}],"wp:featuredmedia":[{"embeddable":true,"href":"https:\/\/www.radiopiu.net\/wordpress\/wp-json\/wp\/v2\/media\/412077"}],"wp:attachment":[{"href":"https:\/\/www.radiopiu.net\/wordpress\/wp-json\/wp\/v2\/media?parent=412088"}],"wp:term":[{"taxonomy":"category","embeddable":true,"href":"https:\/\/www.radiopiu.net\/wordpress\/wp-json\/wp\/v2\/categories?post=412088"},{"taxonomy":"post_tag","embeddable":true,"href":"https:\/\/www.radiopiu.net\/wordpress\/wp-json\/wp\/v2\/tags?post=412088"}],"curies":[{"name":"wp","href":"https:\/\/api.w.org\/{rel}","templated":true}]}}