{"id":412134,"date":"2024-10-03T04:54:45","date_gmt":"2024-10-03T02:54:45","guid":{"rendered":"https:\/\/www.radiopiu.net\/wordpress\/?p=412134"},"modified":"2024-10-03T05:40:33","modified_gmt":"2024-10-03T03:40:33","slug":"manutenzione-in-galleria-comelico-chiusure-notturne-aggiuntive","status":"publish","type":"post","link":"https:\/\/www.radiopiu.net\/wordpress\/manutenzione-in-galleria-comelico-chiusure-notturne-aggiuntive\/","title":{"rendered":"Manutenzione in Galleria \u2018Comelico\u2019: chiusure notturne aggiuntive"},"content":{"rendered":"<p>****<\/p>\n<p><img loading=\"lazy\" decoding=\"async\" class=\"alignleft\" src=\"https:\/\/www.radiopiu.net\/wordpress\/wp-content\/uploads\/2021\/02\/galleria-comelico.jpg\" width=\"130\" height=\"154\" \/><\/p>\n<div class=\"flex max-w-full flex-col flex-grow\">\n<div class=\"min-h-8 text-message flex w-full flex-col items-end gap-2 whitespace-normal break-words [.text-message+&amp;]:mt-5\" dir=\"auto\" data-message-author-role=\"assistant\" data-message-id=\"2e80ab4b-ad3f-4f86-a7a1-f56fc2384e8e\">\n<div class=\"flex w-full flex-col gap-1 empty:hidden first:pt-[3px]\">\n<div class=\"markdown prose w-full break-words dark:prose-invert dark\">\n<p>La galleria \u2018Comelico\u2019, sulla strada statale 52 \u201cCarnica\u201d, sar\u00e0 chiusa al transito anche nelle notti tra sabato 5 e domenica 6 ottobre e tra sabato 12 e domenica 13 ottobre, dalle 22:00 alle 6:00. Restano confermate le chiusure notturne dal luned\u00ec al venerd\u00ec, in vigore dal 9 settembre. Il transito sar\u00e0 consentito solo ai veicoli di emergenza e mezzi autorizzati. I lavori, dal valore di circa 100 milioni di euro, includono il consolidamento strutturale, il rifacimento degli impianti tecnologici e di sicurezza, e un nuovo sistema di drenaggio per liquidi pericolosi<\/p>\n<p>&nbsp;<\/p>\n<p>&nbsp;<\/p>\n<p>&nbsp;<\/p>\n<\/div>\n<\/div>\n<\/div>\n<\/div>\n<div class=\"mb-2 flex gap-3 empty:hidden -ml-2\">\n<div class=\"items-center justify-start rounded-xl p-1 flex\">\n<div class=\"flex items-center\">\n<div class=\"flex\">\n<hr \/>\n<\/div>\n<div class=\"flex items-center pb-0\"><\/div>\n<\/div>\n<\/div>\n<\/div>\n","protected":false},"excerpt":{"rendered":"<p>**** La galleria \u2018Comelico\u2019, sulla strada statale 52 \u201cCarnica\u201d, sar\u00e0 chiusa al transito anche nelle notti tra sabato 5 e domenica 6 ottobre e tra sabato 12 e domenica 13 ottobre, dalle 22:00 alle 6:00. Restano confermate le chiusure notturne dal luned\u00ec al venerd\u00ec, in vigore dal 9 settembre. Il transito sar\u00e0 consentito solo ai&hellip;<\/p>\n","protected":false},"author":4,"featured_media":192243,"comment_status":"closed","ping_status":"closed","sticky":false,"template":"","format":"standard","meta":{"_monsterinsights_skip_tracking":false,"_monsterinsights_sitenote_active":false,"_monsterinsights_sitenote_note":"","_monsterinsights_sitenote_category":0,"footnotes":""},"categories":[51,49],"tags":[],"class_list":["post-412134","post","type-post","status-publish","format-standard","has-post-thumbnail","hentry","category-evidenza-top","category-news-18","category-51","category-49","description-off"],"img_url":"https:\/\/www.radiopiu.net\/wordpress\/wp-content\/uploads\/2021\/02\/galleria-comelico.jpg","_links":{"self":[{"href":"https:\/\/www.radiopiu.net\/wordpress\/wp-json\/wp\/v2\/posts\/412134","targetHints":{"allow":["GET"]}}],"collection":[{"href":"https:\/\/www.radiopiu.net\/wordpress\/wp-json\/wp\/v2\/posts"}],"about":[{"href":"https:\/\/www.radiopiu.net\/wordpress\/wp-json\/wp\/v2\/types\/post"}],"author":[{"embeddable":true,"href":"https:\/\/www.radiopiu.net\/wordpress\/wp-json\/wp\/v2\/users\/4"}],"replies":[{"embeddable":true,"href":"https:\/\/www.radiopiu.net\/wordpress\/wp-json\/wp\/v2\/comments?post=412134"}],"version-history":[{"count":1,"href":"https:\/\/www.radiopiu.net\/wordpress\/wp-json\/wp\/v2\/posts\/412134\/revisions"}],"predecessor-version":[{"id":412135,"href":"https:\/\/www.radiopiu.net\/wordpress\/wp-json\/wp\/v2\/posts\/412134\/revisions\/412135"}],"wp:featuredmedia":[{"embeddable":true,"href":"https:\/\/www.radiopiu.net\/wordpress\/wp-json\/wp\/v2\/media\/192243"}],"wp:attachment":[{"href":"https:\/\/www.radiopiu.net\/wordpress\/wp-json\/wp\/v2\/media?parent=412134"}],"wp:term":[{"taxonomy":"category","embeddable":true,"href":"https:\/\/www.radiopiu.net\/wordpress\/wp-json\/wp\/v2\/categories?post=412134"},{"taxonomy":"post_tag","embeddable":true,"href":"https:\/\/www.radiopiu.net\/wordpress\/wp-json\/wp\/v2\/tags?post=412134"}],"curies":[{"name":"wp","href":"https:\/\/api.w.org\/{rel}","templated":true}]}}