{"id":412137,"date":"2024-10-03T04:53:38","date_gmt":"2024-10-03T02:53:38","guid":{"rendered":"https:\/\/www.radiopiu.net\/wordpress\/?p=412137"},"modified":"2024-10-03T05:40:51","modified_gmt":"2024-10-03T03:40:51","slug":"appia-cna-belluno-chiede-una-proroga-per-lobbligo-assicurativo-contro-le-calamita-naturali","status":"publish","type":"post","link":"https:\/\/www.radiopiu.net\/wordpress\/appia-cna-belluno-chiede-una-proroga-per-lobbligo-assicurativo-contro-le-calamita-naturali\/","title":{"rendered":"Appia CNA Belluno chiede una proroga per l&#8217;obbligo assicurativo contro le calamit\u00e0 naturali"},"content":{"rendered":"<blockquote><p>***<\/p><\/blockquote>\n<p>&nbsp;<\/p>\n<p><strong><a class=\"dt-pswp-item\" href=\"https:\/\/www.radiopiu.net\/wordpress\/wp-content\/uploads\/2024\/09\/Massimo-Sposato.jpg\" data-dt-img-description=\"\" data-large_image_width=\"2016\" data-large_image_height=\"1344\"><img loading=\"lazy\" decoding=\"async\" class=\" wp-image-411331 alignleft\" src=\"https:\/\/www.radiopiu.net\/wordpress\/wp-content\/uploads\/2024\/09\/Massimo-Sposato-300x200.jpg\" alt=\"\" width=\"240\" height=\"160\" srcset=\"https:\/\/www.radiopiu.net\/wordpress\/wp-content\/uploads\/2024\/09\/Massimo-Sposato-300x200.jpg 300w, https:\/\/www.radiopiu.net\/wordpress\/wp-content\/uploads\/2024\/09\/Massimo-Sposato-1024x683.jpg 1024w, https:\/\/www.radiopiu.net\/wordpress\/wp-content\/uploads\/2024\/09\/Massimo-Sposato-768x512.jpg 768w, https:\/\/www.radiopiu.net\/wordpress\/wp-content\/uploads\/2024\/09\/Massimo-Sposato-1536x1024.jpg 1536w, https:\/\/www.radiopiu.net\/wordpress\/wp-content\/uploads\/2024\/09\/Massimo-Sposato.jpg 2016w\" sizes=\"auto, (max-width: 240px) 100vw, 240px\" \/><\/a>BELLUNO<\/strong><\/p>\n<div class=\"flex max-w-full flex-col flex-grow\">\n<div class=\"min-h-8 text-message flex w-full flex-col items-end gap-2 whitespace-normal break-words [.text-message+&amp;]:mt-5\" dir=\"auto\" data-message-author-role=\"assistant\" data-message-id=\"8d704e76-ffe8-40b1-8e80-e5b8d01f0080\">\n<div class=\"flex w-full flex-col gap-1 empty:hidden first:pt-[3px]\">\n<div class=\"markdown prose w-full break-words dark:prose-invert dark\">\n<p>Appia CNA Belluno, attraverso il presidente Massimo Sposato e il direttore Cristian Sacchet, ha inviato una lettera al senatore Luca De Carlo, chiedendo una proroga di 12 mesi per l&#8217;obbligo assicurativo contro le calamit\u00e0 naturali previsto per le imprese. La richiesta \u00e8 motivata dalla necessit\u00e0 di chiarire alcuni punti ancora poco definiti nel testo della Legge di Bilancio. In particolare, Appia CNA chiede un portale per trasparenza sui prezzi e condizioni delle polizze e l\u2019inclusione di fenomeni come grandine e forti venti tra gli eventi assicurati. Inoltre, propone l\u2019esenzione fiscale sui premi.<em> &#8220;Una mancata proroga, sottolinea Sposato (FOTO), potrebbe penalizzare le imprese nell&#8217;accesso ai finanziamenti e ai contributi in caso di eventi calamitosi&#8221;.<\/em><\/p>\n<\/div>\n<\/div>\n<\/div>\n<\/div>\n<p>&nbsp;<\/p>\n<p>copertina Foto di\u00a0<a href=\"https:\/\/pixabay.com\/it\/users\/wikiimages-1897\/?utm_source=link-attribution&amp;utm_medium=referral&amp;utm_campaign=image&amp;utm_content=63005\">WikiImages<\/a>\u00a0da\u00a0<a href=\"https:\/\/pixabay.com\/it\/\/?utm_source=link-attribution&amp;utm_medium=referral&amp;utm_campaign=image&amp;utm_content=63005\">Pixabay<\/a><\/p>\n<p>&nbsp;<\/p>\n<p>&nbsp;<\/p>\n<hr \/>\n<p>&nbsp;<\/p>\n","protected":false},"excerpt":{"rendered":"<p>*** &nbsp; BELLUNO Appia CNA Belluno, attraverso il presidente Massimo Sposato e il direttore Cristian Sacchet, ha inviato una lettera al senatore Luca De Carlo, chiedendo una proroga di 12 mesi per l&#8217;obbligo assicurativo contro le calamit\u00e0 naturali previsto per le imprese. La richiesta \u00e8 motivata dalla necessit\u00e0 di chiarire alcuni punti ancora poco definiti&hellip;<\/p>\n","protected":false},"author":4,"featured_media":412145,"comment_status":"closed","ping_status":"closed","sticky":false,"template":"","format":"standard","meta":{"_monsterinsights_skip_tracking":false,"_monsterinsights_sitenote_active":false,"_monsterinsights_sitenote_note":"","_monsterinsights_sitenote_category":0,"footnotes":""},"categories":[51,49],"tags":[],"class_list":["post-412137","post","type-post","status-publish","format-standard","has-post-thumbnail","hentry","category-evidenza-top","category-news-18","category-51","category-49","description-off"],"img_url":"https:\/\/www.radiopiu.net\/wordpress\/wp-content\/uploads\/2024\/10\/hurricane-63005_1280.jpg","_links":{"self":[{"href":"https:\/\/www.radiopiu.net\/wordpress\/wp-json\/wp\/v2\/posts\/412137","targetHints":{"allow":["GET"]}}],"collection":[{"href":"https:\/\/www.radiopiu.net\/wordpress\/wp-json\/wp\/v2\/posts"}],"about":[{"href":"https:\/\/www.radiopiu.net\/wordpress\/wp-json\/wp\/v2\/types\/post"}],"author":[{"embeddable":true,"href":"https:\/\/www.radiopiu.net\/wordpress\/wp-json\/wp\/v2\/users\/4"}],"replies":[{"embeddable":true,"href":"https:\/\/www.radiopiu.net\/wordpress\/wp-json\/wp\/v2\/comments?post=412137"}],"version-history":[{"count":1,"href":"https:\/\/www.radiopiu.net\/wordpress\/wp-json\/wp\/v2\/posts\/412137\/revisions"}],"predecessor-version":[{"id":412146,"href":"https:\/\/www.radiopiu.net\/wordpress\/wp-json\/wp\/v2\/posts\/412137\/revisions\/412146"}],"wp:featuredmedia":[{"embeddable":true,"href":"https:\/\/www.radiopiu.net\/wordpress\/wp-json\/wp\/v2\/media\/412145"}],"wp:attachment":[{"href":"https:\/\/www.radiopiu.net\/wordpress\/wp-json\/wp\/v2\/media?parent=412137"}],"wp:term":[{"taxonomy":"category","embeddable":true,"href":"https:\/\/www.radiopiu.net\/wordpress\/wp-json\/wp\/v2\/categories?post=412137"},{"taxonomy":"post_tag","embeddable":true,"href":"https:\/\/www.radiopiu.net\/wordpress\/wp-json\/wp\/v2\/tags?post=412137"}],"curies":[{"name":"wp","href":"https:\/\/api.w.org\/{rel}","templated":true}]}}