{"id":412192,"date":"2024-10-03T04:55:10","date_gmt":"2024-10-03T02:55:10","guid":{"rendered":"https:\/\/www.radiopiu.net\/wordpress\/?p=412192"},"modified":"2024-10-03T05:39:29","modified_gmt":"2024-10-03T03:39:29","slug":"esiti-dellevento-meteo-de-12-luglio-2024-per-le-colate-detritiche-debris-flow-nellalveo-dell-alto-missiaga-la-valle-agordina","status":"publish","type":"post","link":"https:\/\/www.radiopiu.net\/wordpress\/esiti-dellevento-meteo-de-12-luglio-2024-per-le-colate-detritiche-debris-flow-nellalveo-dell-alto-missiaga-la-valle-agordina\/","title":{"rendered":"ESITI DELL\u2019EVENTO METEO DE 12 LUGLIO 2024 PER LE COLATE DETRITICHE, \u201cDEBRIS FLOW\u201d NELL\u2019ALVEO DELL\u2019 ALTO MISSIAGA (LA VALLE AGORDINA)"},"content":{"rendered":"<p>******<\/p>\n<blockquote>\n<h3>ESITI DELL\u2019EVENTO METEO DE 12 LUGLIO 2024 PER LE COLATE DETRITICHE, \u201cDEBRIS FLOW\u201d NELL\u2019ALVEO DELL\u2019 ALTO MISSIAGA (LA VALLE AGORDINA)<\/h3>\n<\/blockquote>\n<p>&nbsp;<\/p>\n<p><strong>DI TIZIANO DE COL<\/strong><\/p>\n<p><a class=\"dt-pswp-item\" href=\"https:\/\/www.radiopiu.net\/wordpress\/wp-content\/uploads\/2024\/10\/0b8589de-2bb5-4ad8-8fc6-17e2d1c4232e.jpg\" data-dt-img-description=\"\" data-large_image_width=\"1600\" data-large_image_height=\"1200\"><img loading=\"lazy\" decoding=\"async\" class=\"size-medium wp-image-412193 alignleft\" src=\"https:\/\/www.radiopiu.net\/wordpress\/wp-content\/uploads\/2024\/10\/0b8589de-2bb5-4ad8-8fc6-17e2d1c4232e-300x225.jpg\" alt=\"\" width=\"300\" height=\"225\" srcset=\"https:\/\/www.radiopiu.net\/wordpress\/wp-content\/uploads\/2024\/10\/0b8589de-2bb5-4ad8-8fc6-17e2d1c4232e-300x225.jpg 300w, https:\/\/www.radiopiu.net\/wordpress\/wp-content\/uploads\/2024\/10\/0b8589de-2bb5-4ad8-8fc6-17e2d1c4232e-1024x768.jpg 1024w, https:\/\/www.radiopiu.net\/wordpress\/wp-content\/uploads\/2024\/10\/0b8589de-2bb5-4ad8-8fc6-17e2d1c4232e-768x576.jpg 768w, https:\/\/www.radiopiu.net\/wordpress\/wp-content\/uploads\/2024\/10\/0b8589de-2bb5-4ad8-8fc6-17e2d1c4232e-1536x1152.jpg 1536w, https:\/\/www.radiopiu.net\/wordpress\/wp-content\/uploads\/2024\/10\/0b8589de-2bb5-4ad8-8fc6-17e2d1c4232e.jpg 1600w\" sizes=\"auto, (max-width: 300px) 100vw, 300px\" \/><\/a>Due sono gli eventi metereologici che , per intensit\u00e0, hanno interessato la Zona Moiazza-Dur\u00e0n-Tamer la scorsa estate . Il primo evento del 2 luglio 2024 ha provocato una consistente colata detritica di detrito di falda (Debris Flow) che ha interessato la SP347 del Cereda-Dur\u00e0n in localit\u00e0 Le Vare di Goima di Val di Zoldo provocandone la chiusura per alcuni giorni. Il secondo evento verificatosi il 12 luglio 2024 ha interessato maggiormente la zona del Tamer-Malga Roa nella Catena del San Sebastiano. Mentre il primo evento ha avuto una vasta eco sui media locali e nazionali dato dalla chiusura della viabilit\u00e0 del Passo Dur\u00e0n, del secondo non ci si \u00e8 resi <a class=\"dt-pswp-item\" href=\"https:\/\/www.radiopiu.net\/wordpress\/wp-content\/uploads\/2024\/10\/0f4ce4e5-fa38-40cb-ab6f-f0ae93177f13.jpg\" data-dt-img-description=\"\" data-large_image_width=\"1600\" data-large_image_height=\"1200\"><img loading=\"lazy\" decoding=\"async\" class=\"size-medium wp-image-412194 alignright\" src=\"https:\/\/www.radiopiu.net\/wordpress\/wp-content\/uploads\/2024\/10\/0f4ce4e5-fa38-40cb-ab6f-f0ae93177f13-300x225.jpg\" alt=\"\" width=\"300\" height=\"225\" srcset=\"https:\/\/www.radiopiu.net\/wordpress\/wp-content\/uploads\/2024\/10\/0f4ce4e5-fa38-40cb-ab6f-f0ae93177f13-300x225.jpg 300w, https:\/\/www.radiopiu.net\/wordpress\/wp-content\/uploads\/2024\/10\/0f4ce4e5-fa38-40cb-ab6f-f0ae93177f13-1024x768.jpg 1024w, https:\/\/www.radiopiu.net\/wordpress\/wp-content\/uploads\/2024\/10\/0f4ce4e5-fa38-40cb-ab6f-f0ae93177f13-768x576.jpg 768w, https:\/\/www.radiopiu.net\/wordpress\/wp-content\/uploads\/2024\/10\/0f4ce4e5-fa38-40cb-ab6f-f0ae93177f13-1536x1152.jpg 1536w, https:\/\/www.radiopiu.net\/wordpress\/wp-content\/uploads\/2024\/10\/0f4ce4e5-fa38-40cb-ab6f-f0ae93177f13.jpg 1600w\" sizes=\"auto, (max-width: 300px) 100vw, 300px\" \/><\/a>conto se non i pochi che seguono le vicissitudini della montagna lavallese. L\u2019evento meteo misurato a Ponte Cugnago di La Valle Agordina ha prodotto 3 forti ondate di pioggia ed 1 pi\u00f9 debole nel lasso temporale di circa 2,5 ore\u00a0 portando un cumulo di precipitazioni di circa 70 mm con tre picchi con precipitazione istantanea superiore ai 60 mm\/ora dei quali, uno in particolare con quasi 80 mm\/ora. Picchi per fortuna di durata relativamente breve e che sicuramente, alle falde del Tamer, erano ancora pi\u00f9 intensi data la componente orografica . Questi veri e propri nubifragi hanno messo in moto imponenti colate detritiche che partendo dai canaloni del <a class=\"dt-pswp-item\" href=\"https:\/\/www.radiopiu.net\/wordpress\/wp-content\/uploads\/2024\/10\/4b6e2c20-2eb0-4f33-8544-e8ac4be9605a.jpg\" data-dt-img-description=\"\" data-large_image_width=\"1600\" data-large_image_height=\"1200\"><img loading=\"lazy\" decoding=\"async\" class=\"size-medium wp-image-412195 alignleft\" src=\"https:\/\/www.radiopiu.net\/wordpress\/wp-content\/uploads\/2024\/10\/4b6e2c20-2eb0-4f33-8544-e8ac4be9605a-300x225.jpg\" alt=\"\" width=\"300\" height=\"225\" srcset=\"https:\/\/www.radiopiu.net\/wordpress\/wp-content\/uploads\/2024\/10\/4b6e2c20-2eb0-4f33-8544-e8ac4be9605a-300x225.jpg 300w, https:\/\/www.radiopiu.net\/wordpress\/wp-content\/uploads\/2024\/10\/4b6e2c20-2eb0-4f33-8544-e8ac4be9605a-1024x768.jpg 1024w, https:\/\/www.radiopiu.net\/wordpress\/wp-content\/uploads\/2024\/10\/4b6e2c20-2eb0-4f33-8544-e8ac4be9605a-768x576.jpg 768w, https:\/\/www.radiopiu.net\/wordpress\/wp-content\/uploads\/2024\/10\/4b6e2c20-2eb0-4f33-8544-e8ac4be9605a-1536x1152.jpg 1536w, https:\/\/www.radiopiu.net\/wordpress\/wp-content\/uploads\/2024\/10\/4b6e2c20-2eb0-4f33-8544-e8ac4be9605a.jpg 1600w\" sizes=\"auto, (max-width: 300px) 100vw, 300px\" \/><\/a>Tamer verso Forcella Larga hanno completamente modificato il tratto sottostante attraversato dall\u2019Alta Via n 1 delle dolomiti andando poi a riempire i tratti dell\u2019 Alto Missiaga, in modo particolare la zona di fronte a Malga Roa completamente sovra alluvionata con anche un parziale inghiaiamento del prato-pascolo (mandriz) prospicente la Cas\u00e8ra e con una modifica sostanziale della zona nord che prima vedeva scorrete un piccolo ruscello tra prato-bosco e ghiaione ed ora \u00e8 completamente ricoperta da ghiaia. La differenza tra il prima e dopo evento \u00e8 evidente anche dalle foto allegate. La colata <a class=\"dt-pswp-item\" href=\"https:\/\/www.radiopiu.net\/wordpress\/wp-content\/uploads\/2024\/10\/8e5235e8-7a95-4721-9d2f-6ba2d64540c0.jpg\" data-dt-img-description=\"\" data-large_image_width=\"1600\" data-large_image_height=\"1200\"><img loading=\"lazy\" decoding=\"async\" class=\"size-medium wp-image-412196 alignright\" src=\"https:\/\/www.radiopiu.net\/wordpress\/wp-content\/uploads\/2024\/10\/8e5235e8-7a95-4721-9d2f-6ba2d64540c0-300x225.jpg\" alt=\"\" width=\"300\" height=\"225\" srcset=\"https:\/\/www.radiopiu.net\/wordpress\/wp-content\/uploads\/2024\/10\/8e5235e8-7a95-4721-9d2f-6ba2d64540c0-300x225.jpg 300w, https:\/\/www.radiopiu.net\/wordpress\/wp-content\/uploads\/2024\/10\/8e5235e8-7a95-4721-9d2f-6ba2d64540c0-1024x768.jpg 1024w, https:\/\/www.radiopiu.net\/wordpress\/wp-content\/uploads\/2024\/10\/8e5235e8-7a95-4721-9d2f-6ba2d64540c0-768x576.jpg 768w, https:\/\/www.radiopiu.net\/wordpress\/wp-content\/uploads\/2024\/10\/8e5235e8-7a95-4721-9d2f-6ba2d64540c0-1536x1152.jpg 1536w, https:\/\/www.radiopiu.net\/wordpress\/wp-content\/uploads\/2024\/10\/8e5235e8-7a95-4721-9d2f-6ba2d64540c0.jpg 1600w\" sizes=\"auto, (max-width: 300px) 100vw, 300px\" \/><\/a>ha poi continuato la sua discesa verso valle inghiaiando completamente una briglia, a 1360 mslm circa, che serve come guado per la viabilit\u00e0 silvo-pastorale per Malga Roa e come protezione per l\u2019acquedotto che serve tutto il Comune di La Valle (Torner e Muda a parte), pregiudicandone la resistenza gi\u00e0 minata da Vaia nel 2018 e dal successivo nubifragio del dicembre 2020. La briglia in questione necessiterebbe di un urgente intervento proprio per la sua funzione di protezione per l\u2019acquedotto comunale. In localit\u00e0 Rive ad una quota che mediamente scende dai circa 1250 <a class=\"dt-pswp-item\" href=\"https:\/\/www.radiopiu.net\/wordpress\/wp-content\/uploads\/2024\/10\/14e0b6fe-9227-4e20-99f4-5b7c6c27b8ea.jpg\" data-dt-img-description=\"\" data-large_image_width=\"1600\" data-large_image_height=\"1200\"><img loading=\"lazy\" decoding=\"async\" class=\"size-medium wp-image-412197 alignleft\" src=\"https:\/\/www.radiopiu.net\/wordpress\/wp-content\/uploads\/2024\/10\/14e0b6fe-9227-4e20-99f4-5b7c6c27b8ea-300x225.jpg\" alt=\"\" width=\"300\" height=\"225\" srcset=\"https:\/\/www.radiopiu.net\/wordpress\/wp-content\/uploads\/2024\/10\/14e0b6fe-9227-4e20-99f4-5b7c6c27b8ea-300x225.jpg 300w, https:\/\/www.radiopiu.net\/wordpress\/wp-content\/uploads\/2024\/10\/14e0b6fe-9227-4e20-99f4-5b7c6c27b8ea-1024x768.jpg 1024w, https:\/\/www.radiopiu.net\/wordpress\/wp-content\/uploads\/2024\/10\/14e0b6fe-9227-4e20-99f4-5b7c6c27b8ea-768x576.jpg 768w, https:\/\/www.radiopiu.net\/wordpress\/wp-content\/uploads\/2024\/10\/14e0b6fe-9227-4e20-99f4-5b7c6c27b8ea-1536x1152.jpg 1536w, https:\/\/www.radiopiu.net\/wordpress\/wp-content\/uploads\/2024\/10\/14e0b6fe-9227-4e20-99f4-5b7c6c27b8ea.jpg 1600w\" sizes=\"auto, (max-width: 300px) 100vw, 300px\" \/><\/a>mslm fino a 1150 \u00a0mslm circa, dove la pendenza dell\u2019alveo \u00e8 un po&#8217; pi\u00f9 dolce ( in quanto trattasi della zona oggetto di riempimento dell\u2019alveo nel corso degli eventi calamitosi del periodo 1701-1888 e del riassunto dei quali segnaliamo, a fondo pagina\u00a0 , un link ad un nostro precedente articolo) il sovralluvionamento dovuto al calo di energia del trasposto \u00e8 evidente ed a quota 1150 circa mslm, come riportato in foto allegate, in corrispondenza dei relitti di un misuratore di portata in alveo del CNR, attivo nel periodo a cavallo tra il 1980 ed il 2000 e luogo di attraversamento di un sentiero che <a class=\"dt-pswp-item\" href=\"https:\/\/www.radiopiu.net\/wordpress\/wp-content\/uploads\/2024\/10\/56dac07d-22bc-48ee-8d50-e6af28aa5cad.jpg\" data-dt-img-description=\"\" data-large_image_width=\"1600\" data-large_image_height=\"1200\"><img loading=\"lazy\" decoding=\"async\" class=\"size-medium wp-image-412198 alignright\" src=\"https:\/\/www.radiopiu.net\/wordpress\/wp-content\/uploads\/2024\/10\/56dac07d-22bc-48ee-8d50-e6af28aa5cad-300x225.jpg\" alt=\"\" width=\"300\" height=\"225\" srcset=\"https:\/\/www.radiopiu.net\/wordpress\/wp-content\/uploads\/2024\/10\/56dac07d-22bc-48ee-8d50-e6af28aa5cad-300x225.jpg 300w, https:\/\/www.radiopiu.net\/wordpress\/wp-content\/uploads\/2024\/10\/56dac07d-22bc-48ee-8d50-e6af28aa5cad-1024x768.jpg 1024w, https:\/\/www.radiopiu.net\/wordpress\/wp-content\/uploads\/2024\/10\/56dac07d-22bc-48ee-8d50-e6af28aa5cad-768x576.jpg 768w, https:\/\/www.radiopiu.net\/wordpress\/wp-content\/uploads\/2024\/10\/56dac07d-22bc-48ee-8d50-e6af28aa5cad-1536x1152.jpg 1536w, https:\/\/www.radiopiu.net\/wordpress\/wp-content\/uploads\/2024\/10\/56dac07d-22bc-48ee-8d50-e6af28aa5cad.jpg 1600w\" sizes=\"auto, (max-width: 300px) 100vw, 300px\" \/><\/a>porta ai prati di Ciut . Qui il trasporto solido del Missiaga lo ha fatto debordare e tracimare lungo la strada che porta a\u00a0 Malga Roa . L\u2019altezza dell\u2019alveo ora raggiunta in quel tratto rendendolo quasi \u201cpensile\u201d mette a rischio di inghiaiamento una buona parte della strada per Malga Roa\u00a0 compresi i prati ed una baita sottostanti. L\u2019alveo dell\u2019 Alto Missiaga , nei punti a pendenza leggermente pi\u00f9 dolce, \u00e8 stato interessato da un diffuso sovralluvionamento dell\u2019 alveo pregiudicando in alcuni punti la strada di accesso a Malga Rova ma soprattutto l\u2019acquedotto che in diversi tratti \u00e8 posizionato sotto la carreggiata o appena <a class=\"dt-pswp-item\" href=\"https:\/\/www.radiopiu.net\/wordpress\/wp-content\/uploads\/2024\/10\/730a3549-7496-4763-b81e-5a4483e6c558.jpg\" data-dt-img-description=\"\" data-large_image_width=\"1600\" data-large_image_height=\"1200\"><img loading=\"lazy\" decoding=\"async\" class=\"size-medium wp-image-412199 alignleft\" src=\"https:\/\/www.radiopiu.net\/wordpress\/wp-content\/uploads\/2024\/10\/730a3549-7496-4763-b81e-5a4483e6c558-300x225.jpg\" alt=\"\" width=\"300\" height=\"225\" srcset=\"https:\/\/www.radiopiu.net\/wordpress\/wp-content\/uploads\/2024\/10\/730a3549-7496-4763-b81e-5a4483e6c558-300x225.jpg 300w, https:\/\/www.radiopiu.net\/wordpress\/wp-content\/uploads\/2024\/10\/730a3549-7496-4763-b81e-5a4483e6c558-1024x768.jpg 1024w, https:\/\/www.radiopiu.net\/wordpress\/wp-content\/uploads\/2024\/10\/730a3549-7496-4763-b81e-5a4483e6c558-768x576.jpg 768w, https:\/\/www.radiopiu.net\/wordpress\/wp-content\/uploads\/2024\/10\/730a3549-7496-4763-b81e-5a4483e6c558-1536x1152.jpg 1536w, https:\/\/www.radiopiu.net\/wordpress\/wp-content\/uploads\/2024\/10\/730a3549-7496-4763-b81e-5a4483e6c558.jpg 1600w\" sizes=\"auto, (max-width: 300px) 100vw, 300px\" \/><\/a>a lato. Il fatto che ha dato da pensare \u00e8 che sono dovuti trascorrere quattro giorni dall\u2019evento perch\u00e9 l\u2019acqua del torrente Missiaga, in centro del paese di La Valle, tornasse a scorrere quasi limpida ed a portata come pre-evento, perdendo l\u2019aspetto lattiginoso che l\u2019aveva caratterizzata dall\u2019immediatezza dell\u2019evento stesso fino appunto a quattro giorni dopo, segno che, in alto, il dilavamento della coltre detritica continuava e la stessa continuava a muoversi . Infatti, da Malga Roa, si intravede in alto, in corrispondenza e sopra <a class=\"dt-pswp-item\" href=\"https:\/\/www.radiopiu.net\/wordpress\/wp-content\/uploads\/2024\/10\/eaff46a7-ccb8-4447-a78d-c3d81b3740da.jpg\" data-dt-img-description=\"\" data-large_image_width=\"1200\" data-large_image_height=\"1600\"><img loading=\"lazy\" decoding=\"async\" class=\"wp-image-412201 alignright\" src=\"https:\/\/www.radiopiu.net\/wordpress\/wp-content\/uploads\/2024\/10\/eaff46a7-ccb8-4447-a78d-c3d81b3740da-225x300.jpg\" alt=\"\" width=\"175\" height=\"233\" srcset=\"https:\/\/www.radiopiu.net\/wordpress\/wp-content\/uploads\/2024\/10\/eaff46a7-ccb8-4447-a78d-c3d81b3740da-225x300.jpg 225w, https:\/\/www.radiopiu.net\/wordpress\/wp-content\/uploads\/2024\/10\/eaff46a7-ccb8-4447-a78d-c3d81b3740da-768x1024.jpg 768w, https:\/\/www.radiopiu.net\/wordpress\/wp-content\/uploads\/2024\/10\/eaff46a7-ccb8-4447-a78d-c3d81b3740da-1152x1536.jpg 1152w, https:\/\/www.radiopiu.net\/wordpress\/wp-content\/uploads\/2024\/10\/eaff46a7-ccb8-4447-a78d-c3d81b3740da.jpg 1200w\" sizes=\"auto, (max-width: 175px) 100vw, 175px\" \/><\/a>l\u2019Alta Via n. 1, il canalone e le falde detritiche che sono ancora interessate da depositi di colata pronti a ripartire alla prima occasione . Anche la grande briglia posta tra l\u2019Alto ed il Medio Missiaga a quota 1060 mslm circa \u00e8 pregiudicata da un abete finito di traverso ed anche questa meriterebbe una urgente manutenzione. Della necessit\u00e0 urgente di manutenzione delle briglie sull\u2019 Alto Missiaga avevamo gi\u00e0 trattato in un nostro articolo qui reperibile: <strong><a href=\"https:\/\/www.radiopiu.net\/wordpress\/alto-missiaga-situazione-delle-opere-di-mitigazione-idraulica-e-riepilogo-delle-grandi-frane-del-passato\/\"><span style=\"color: #3366ff;\">CLICCA QUI<\/span><\/a><\/strong><\/p>\n<p>Riportiamo anche uno studio idrogeologico Arpav sull\u2019 Alto Missiaga molto utile sia in tema di Protezione Civile che come studio idrogeologico vero e proprio:<a href=\"https:\/\/www.arpa.veneto.it\/temi-ambientali\/idrologia\/file-e-allegati\/studio-idrologico-torrente-missiaga\"><span style=\"color: #3366ff;\">\u00a0<strong>CLICCA QUI<\/strong><\/span><\/a><\/p>\n<p>&nbsp;<\/p>\n<p><strong>Filmati di Sergio Brancaleone eseguiti nella zona di tracimazione del Missiaga a Rive con il torrente che deborda e scende sulla strada per Malga Roa. Filmato eseguito dopo il culmine dell&#8217;evento<\/strong><\/p>\n<div style=\"width: 848px;\" class=\"wp-video\"><video class=\"wp-video-shortcode\" id=\"video-412192-1\" width=\"848\" height=\"480\" preload=\"metadata\" controls=\"controls\"><source type=\"video\/mp4\" src=\"https:\/\/www.radiopiu.net\/wordpress\/wp-content\/uploads\/2024\/10\/WhatsApp-Video-2024-10-02-at-17.06.24.mp4?_=1\" \/><a href=\"https:\/\/www.radiopiu.net\/wordpress\/wp-content\/uploads\/2024\/10\/WhatsApp-Video-2024-10-02-at-17.06.24.mp4\">https:\/\/www.radiopiu.net\/wordpress\/wp-content\/uploads\/2024\/10\/WhatsApp-Video-2024-10-02-at-17.06.24.mp4<\/a><\/video><\/div>\n<p>&nbsp;<\/p>\n<p>&nbsp;<\/p>\n<p>&nbsp;<\/p>\n","protected":false},"excerpt":{"rendered":"<p>****** ESITI DELL\u2019EVENTO METEO DE 12 LUGLIO 2024 PER LE COLATE DETRITICHE, \u201cDEBRIS FLOW\u201d NELL\u2019ALVEO DELL\u2019 ALTO MISSIAGA (LA VALLE AGORDINA) &nbsp; DI TIZIANO DE COL Due sono gli eventi metereologici che , per intensit\u00e0, hanno interessato la Zona Moiazza-Dur\u00e0n-Tamer la scorsa estate . Il primo evento del 2 luglio 2024 ha provocato una consistente&hellip;<\/p>\n","protected":false},"author":4,"featured_media":412195,"comment_status":"closed","ping_status":"closed","sticky":false,"template":"","format":"standard","meta":{"_monsterinsights_skip_tracking":false,"_monsterinsights_sitenote_active":false,"_monsterinsights_sitenote_note":"","_monsterinsights_sitenote_category":0,"footnotes":""},"categories":[51,49],"tags":[],"class_list":["post-412192","post","type-post","status-publish","format-standard","has-post-thumbnail","hentry","category-evidenza-top","category-news-18","category-51","category-49","description-off"],"img_url":"https:\/\/www.radiopiu.net\/wordpress\/wp-content\/uploads\/2024\/10\/4b6e2c20-2eb0-4f33-8544-e8ac4be9605a.jpg","_links":{"self":[{"href":"https:\/\/www.radiopiu.net\/wordpress\/wp-json\/wp\/v2\/posts\/412192","targetHints":{"allow":["GET"]}}],"collection":[{"href":"https:\/\/www.radiopiu.net\/wordpress\/wp-json\/wp\/v2\/posts"}],"about":[{"href":"https:\/\/www.radiopiu.net\/wordpress\/wp-json\/wp\/v2\/types\/post"}],"author":[{"embeddable":true,"href":"https:\/\/www.radiopiu.net\/wordpress\/wp-json\/wp\/v2\/users\/4"}],"replies":[{"embeddable":true,"href":"https:\/\/www.radiopiu.net\/wordpress\/wp-json\/wp\/v2\/comments?post=412192"}],"version-history":[{"count":4,"href":"https:\/\/www.radiopiu.net\/wordpress\/wp-json\/wp\/v2\/posts\/412192\/revisions"}],"predecessor-version":[{"id":412240,"href":"https:\/\/www.radiopiu.net\/wordpress\/wp-json\/wp\/v2\/posts\/412192\/revisions\/412240"}],"wp:featuredmedia":[{"embeddable":true,"href":"https:\/\/www.radiopiu.net\/wordpress\/wp-json\/wp\/v2\/media\/412195"}],"wp:attachment":[{"href":"https:\/\/www.radiopiu.net\/wordpress\/wp-json\/wp\/v2\/media?parent=412192"}],"wp:term":[{"taxonomy":"category","embeddable":true,"href":"https:\/\/www.radiopiu.net\/wordpress\/wp-json\/wp\/v2\/categories?post=412192"},{"taxonomy":"post_tag","embeddable":true,"href":"https:\/\/www.radiopiu.net\/wordpress\/wp-json\/wp\/v2\/tags?post=412192"}],"curies":[{"name":"wp","href":"https:\/\/api.w.org\/{rel}","templated":true}]}}