{"id":412223,"date":"2024-10-04T05:15:34","date_gmt":"2024-10-04T03:15:34","guid":{"rendered":"https:\/\/www.radiopiu.net\/wordpress\/?p=412223"},"modified":"2024-10-04T08:46:33","modified_gmt":"2024-10-04T06:46:33","slug":"giornaleradiopiu4ott","status":"publish","type":"post","link":"https:\/\/www.radiopiu.net\/wordpress\/giornaleradiopiu4ott\/","title":{"rendered":"GIORNALE RADIOPIU 04 OTTOBRE 2024 DIRETTORE MIRKO MEZZACASA\u2026DA 41 ANNI 25 GIUGNO 1983-25 GIUGNO 2024"},"content":{"rendered":"<h1>**<\/h1>\n<h1><span style=\"color: #ff0000;\">PASSO GIAU RIAPERTO precedentemente chiuso per abbondanti nevicate e accumuli.<\/span><\/h1>\n<p>&nbsp;<\/p>\n<blockquote>\n<h1>PASSO FEDAIA, OGGI ORE 8<\/h1>\n<\/blockquote>\n<h1><span style=\"color: #ff0000;\"><i><a class=\"dt-pswp-item\" href=\"https:\/\/www.radiopiu.net\/wordpress\/wp-content\/uploads\/2024\/10\/bc3da05f-8855-43d7-915d-8dff8005a2cd.jpg\" data-dt-img-description=\"\" data-large_image_width=\"1600\" data-large_image_height=\"1200\"><img loading=\"lazy\" decoding=\"async\" class=\"alignnone size-medium wp-image-412468\" src=\"https:\/\/www.radiopiu.net\/wordpress\/wp-content\/uploads\/2024\/10\/bc3da05f-8855-43d7-915d-8dff8005a2cd-300x225.jpg\" alt=\"\" width=\"300\" height=\"225\" srcset=\"https:\/\/www.radiopiu.net\/wordpress\/wp-content\/uploads\/2024\/10\/bc3da05f-8855-43d7-915d-8dff8005a2cd-300x225.jpg 300w, https:\/\/www.radiopiu.net\/wordpress\/wp-content\/uploads\/2024\/10\/bc3da05f-8855-43d7-915d-8dff8005a2cd-1024x768.jpg 1024w, https:\/\/www.radiopiu.net\/wordpress\/wp-content\/uploads\/2024\/10\/bc3da05f-8855-43d7-915d-8dff8005a2cd-768x576.jpg 768w, https:\/\/www.radiopiu.net\/wordpress\/wp-content\/uploads\/2024\/10\/bc3da05f-8855-43d7-915d-8dff8005a2cd-1536x1152.jpg 1536w, https:\/\/www.radiopiu.net\/wordpress\/wp-content\/uploads\/2024\/10\/bc3da05f-8855-43d7-915d-8dff8005a2cd.jpg 1600w\" sizes=\"auto, (max-width: 300px) 100vw, 300px\" \/><\/a><a class=\"dt-pswp-item\" href=\"https:\/\/www.radiopiu.net\/wordpress\/wp-content\/uploads\/2024\/10\/45bcb6bf-0d14-4f8d-95a7-9f90a9ebd7be.jpg\" data-dt-img-description=\"\" data-large_image_width=\"1600\" data-large_image_height=\"1200\"><img loading=\"lazy\" decoding=\"async\" class=\"alignnone size-medium wp-image-412467\" src=\"https:\/\/www.radiopiu.net\/wordpress\/wp-content\/uploads\/2024\/10\/45bcb6bf-0d14-4f8d-95a7-9f90a9ebd7be-300x225.jpg\" alt=\"\" width=\"300\" height=\"225\" srcset=\"https:\/\/www.radiopiu.net\/wordpress\/wp-content\/uploads\/2024\/10\/45bcb6bf-0d14-4f8d-95a7-9f90a9ebd7be-300x225.jpg 300w, https:\/\/www.radiopiu.net\/wordpress\/wp-content\/uploads\/2024\/10\/45bcb6bf-0d14-4f8d-95a7-9f90a9ebd7be-1024x768.jpg 1024w, https:\/\/www.radiopiu.net\/wordpress\/wp-content\/uploads\/2024\/10\/45bcb6bf-0d14-4f8d-95a7-9f90a9ebd7be-768x576.jpg 768w, https:\/\/www.radiopiu.net\/wordpress\/wp-content\/uploads\/2024\/10\/45bcb6bf-0d14-4f8d-95a7-9f90a9ebd7be-1536x1152.jpg 1536w, https:\/\/www.radiopiu.net\/wordpress\/wp-content\/uploads\/2024\/10\/45bcb6bf-0d14-4f8d-95a7-9f90a9ebd7be.jpg 1600w\" sizes=\"auto, (max-width: 300px) 100vw, 300px\" \/><\/a> <a class=\"dt-pswp-item\" href=\"https:\/\/www.radiopiu.net\/wordpress\/wp-content\/uploads\/2024\/10\/c1bf6d65-2040-4cc4-ba06-9e586fb9ea7c.jpg\" data-dt-img-description=\"\" data-large_image_width=\"1600\" data-large_image_height=\"1200\"><img loading=\"lazy\" decoding=\"async\" class=\"alignnone size-medium wp-image-412470\" src=\"https:\/\/www.radiopiu.net\/wordpress\/wp-content\/uploads\/2024\/10\/c1bf6d65-2040-4cc4-ba06-9e586fb9ea7c-300x225.jpg\" alt=\"\" width=\"300\" height=\"225\" srcset=\"https:\/\/www.radiopiu.net\/wordpress\/wp-content\/uploads\/2024\/10\/c1bf6d65-2040-4cc4-ba06-9e586fb9ea7c-300x225.jpg 300w, https:\/\/www.radiopiu.net\/wordpress\/wp-content\/uploads\/2024\/10\/c1bf6d65-2040-4cc4-ba06-9e586fb9ea7c-1024x768.jpg 1024w, https:\/\/www.radiopiu.net\/wordpress\/wp-content\/uploads\/2024\/10\/c1bf6d65-2040-4cc4-ba06-9e586fb9ea7c-768x576.jpg 768w, https:\/\/www.radiopiu.net\/wordpress\/wp-content\/uploads\/2024\/10\/c1bf6d65-2040-4cc4-ba06-9e586fb9ea7c-1536x1152.jpg 1536w, https:\/\/www.radiopiu.net\/wordpress\/wp-content\/uploads\/2024\/10\/c1bf6d65-2040-4cc4-ba06-9e586fb9ea7c.jpg 1600w\" sizes=\"auto, (max-width: 300px) 100vw, 300px\" \/><\/a><\/i><\/span><\/h1>\n<p>&nbsp;<\/p>\n<p><iframe loading=\"lazy\" title=\"FORMULA 3\" width=\"1200\" height=\"900\" src=\"https:\/\/www.youtube.com\/embed\/I21aWSYA3OI?feature=oembed\" frameborder=\"0\" allow=\"accelerometer; autoplay; clipboard-write; encrypted-media; gyroscope; picture-in-picture; web-share\" referrerpolicy=\"strict-origin-when-cross-origin\" allowfullscreen><\/iframe><\/p>\n<p>&nbsp;<\/p>\n<p>&nbsp;<\/p>\n<p>&nbsp;<\/p>\n<p><em><span style=\"color: #ff0000;\"><a class=\"dt-pswp-item\" href=\"https:\/\/www.radiopiu.net\/wordpress\/wp-content\/uploads\/2024\/10\/Senza-nome-8.png\" data-dt-img-description=\"\" data-large_image_width=\"343\" data-large_image_height=\"303\"><img loading=\"lazy\" decoding=\"async\" class=\"wp-image-412130 alignleft\" src=\"https:\/\/www.radiopiu.net\/wordpress\/wp-content\/uploads\/2024\/10\/Senza-nome-8-300x265.png\" alt=\"\" width=\"105\" height=\"93\" srcset=\"https:\/\/www.radiopiu.net\/wordpress\/wp-content\/uploads\/2024\/10\/Senza-nome-8-300x265.png 300w, https:\/\/www.radiopiu.net\/wordpress\/wp-content\/uploads\/2024\/10\/Senza-nome-8.png 343w\" sizes=\"auto, (max-width: 105px) 100vw, 105px\" \/><\/a> LA\u00a0 APP PER IOS-IPHONE di Nicola Vettorello <\/span><\/em><\/p>\n<p><strong><span style=\"color: #0000ff;\"><a style=\"color: #0000ff;\" href=\"https:\/\/apps.apple.com\/it\/app\/radio-pi%C3%B9-emittente-agordina\/id1515939845\">https:\/\/apps.apple.com\/it\/app\/radio-pi%C3%B9-emittente-agordina\/id1515939845<\/a><\/span><\/strong><\/p>\n<p><em style=\"color: #ff0000;\">\u00a0LA\u00a0 APP RADIO\u00a0 PER ANDROID di Nicola Vettorello<\/em><\/p>\n<p><strong><span style=\"color: #0000ff;\"><a style=\"color: #0000ff;\" href=\"https:\/\/play.google.com\/store\/apps\/details?id=net.radiopiu.iniko\" target=\"_blank\" rel=\"noopener noreferrer\">https:\/\/<\/a><a style=\"color: #0000ff;\" href=\"https:\/\/play.google.com\/store\/apps\/details?id=net.radiopiu.iniko\" target=\"_blank\" rel=\"noopener noreferrer\">play.google.com\/store\/apps\/details?id=net.radiopiu.iniko\u00a0\u00a0\u00a0<\/a><\/span><\/strong><\/p>\n<p>&nbsp;<\/p>\n<p>&nbsp;<\/p>\n<hr \/>\n<p>&nbsp;<\/p>\n<p><strong><a class=\"dt-pswp-item\" href=\"https:\/\/www.radiopiu.net\/wordpress\/wp-content\/uploads\/2024\/10\/favole-al-balcone-logo.png\" data-dt-img-description=\"\" data-large_image_width=\"1029\" data-large_image_height=\"750\"><img loading=\"lazy\" decoding=\"async\" class=\" wp-image-412280 alignleft\" src=\"https:\/\/www.radiopiu.net\/wordpress\/wp-content\/uploads\/2024\/10\/favole-al-balcone-logo-300x219.png\" alt=\"\" width=\"193\" height=\"141\" srcset=\"https:\/\/www.radiopiu.net\/wordpress\/wp-content\/uploads\/2024\/10\/favole-al-balcone-logo-300x219.png 300w, https:\/\/www.radiopiu.net\/wordpress\/wp-content\/uploads\/2024\/10\/favole-al-balcone-logo-1024x746.png 1024w, https:\/\/www.radiopiu.net\/wordpress\/wp-content\/uploads\/2024\/10\/favole-al-balcone-logo-768x560.png 768w, https:\/\/www.radiopiu.net\/wordpress\/wp-content\/uploads\/2024\/10\/favole-al-balcone-logo.png 1029w\" sizes=\"auto, (max-width: 193px) 100vw, 193px\" \/><\/a>OGGI ALLA RADIO&#8230;.<\/strong> <span style=\"color: #ff0000;\">ALLE 4 E ALLE 6<\/span> LE NOTIZIE DALL&#8217;ITALIA E DAL MONDO <span style=\"color: #ff0000;\"> 0500 <span style=\"color: #0000ff;\">l&#8217;almanacco della nostra gente con il MUSLA\u00a0<\/span><\/span><span style=\"color: #ff0000;\"> 6.15<\/span> PIROLE DE LENGA A CURA DEL MUSLA<span style=\"color: #ff0000;\"> 7.20<\/span> EL BAL DEL FIORI, DETTI E TRADIZIONI DI GIULIANA DA RONCH <span style=\"color: #ff0000;\">7.30<\/span> IL BUONGIORNO DI DON CESARE <span style=\"color: #ff0000;\">8.05<\/span> LA RASSEGNA STAMPA LOCALE<span style=\"color: #ff0000;\"> 8.30\u00a0<span style=\"color: #000000;\">PIU&#8217; SIAMO CON MARINA DONA&#8217; \u00a0<\/span> 900 <span style=\"color: #0000ff;\">L&#8217;almanacco della nostra gente con il MUSLA\u00a0 <span style=\"color: #ff0000;\">\u00a0<\/span><\/span><\/span><span style=\"color: #ff0000;\"><span style=\"color: #000000;\"><span style=\"color: #ff0000;\">9.10<\/span> PREMIER LE NOVITA&#8217; MUSICALI DI MARCO GAZ<span style=\"color: #ff0000;\"> 9.20<\/span> OTTANTA LA MUSICA DI MONICA FONTANIVE <\/span><\/span><span style=\"color: #ff0000;\">9.40<\/span> VIABILITA&#8217; CON BOTOL CAR SERVICE (AGORDO-SEDICO-FELTRE)\u00a0 <span style=\"color: #ff0000;\">10 10<\/span> MUSLA, LE NOVE IN LADIN <span style=\"color: #ff0000;\">10.30<\/span><span style=\"color: #000000;\"> SOLIDARIETA&#8217; VENETO FONDO PENSIONE con Paolo Stefan, ogni primo venerdi del mese alla radio<\/span><span style=\"color: #ff0000;\">\u00a0<\/span><span style=\"color: #000000;\">\u00a0<\/span><span style=\"color: #000000;\">\u00a0<\/span><span style=\"color: #ff0000;\">11.30<\/span> SOTTO UN CIELO DI STELLE, ASTROFILIA CON CLAUDIO PRA \u00a0<span style=\"color: #ff0000;\">11 38<\/span> festivalbar con athos dj-david ben\u00a0 \u00a0 <span style=\"color: #ff0000;\">12.00<\/span> VA TUTTO LISCIO\u00a0 <span style=\"color: #ff0000;\">12.30<\/span> GIORNALE RADIO PRINCIPALE <span style=\"color: #ff0000;\">13.10<\/span>\u00a0 JACOPO BRESSAN, OFFICINA ITINERANTE DA RIVAMONTE, NUOVE PROFESSIONI\u00a0 <span style=\"color: #ff0000;\">13.20<span style=\"color: #000000;\">\u00a0 TRA FOGLIE E CASTAGNE, CANTA CON NOI DI E CON MARINA DONA&#8217;<\/span>\u00a0 <\/span><span style=\"color: #ff0000;\">\u00a0<\/span><span style=\"color: #ff0000;\">14.00\u00a0 <span style=\"color: #000000;\">GOLDEN CLASSIC DI MARCO EDELVAIS\u00a0<\/span>\u00a0<\/span><span style=\"color: #ff0000;\">15.00<\/span> WEEK END, MARINA C&#8217;E&#8217;\u00a0 <span style=\"color: #ff0000;\">16<\/span> IL ROCK DI MARCO COSTANTINI <span style=\"color: #ff0000;\">1645<\/span> LE HIT DI MIRCO BENCIVENNI <span style=\"color: #ff0000;\">18.00<\/span> PIU&#8217; DANCE LE SELEZIONI CHE FANNO SALTARE DI DJ JACK, JACOPO DEL TEDESCO <span style=\"color: #ff0000;\">19.00 <span style=\"color: #000000;\">LE ANTICIPAZIONI DAL TG DI ANTENNA 3 DI TIZIANA BOLOGNANI <span style=\"color: #ff0000;\">21<\/span> REGGAETON CON DJ ATHOS DAVID BEN<br \/>\n<em><strong>FOTO, FAVOLE AL BALCONE, DOMENICA A BELLUNO, IL PROGRAMMA&#8230; SEGUILO SU RADIOPIU<\/strong><\/em><\/span><\/span><\/p>\n<p><strong>rassegna stampa nazionale,<\/strong> ogni giorno alle 5 e alle 6 del mattino<br \/>\ngiornali locali 7 rassegna stampa flash, 8 rassegna stampa, gr flash alle 10 e alle 11, principale 12.30. Informazione pomeriggio alle 15 (speciale) 16, 17, 18. Giornale radio nazionale: ogni ora dalle 5 del mattino, alle 20 della sera.<\/p>\n<p>&nbsp;<\/p>\n<p>&nbsp;<\/p>\n<hr \/>\n<p>&nbsp;<\/p>\n<p>&nbsp;<\/p>\n<div class=\"x11i5rnm xat24cr x1mh8g0r x1vvkbs xtlvy1s x126k92a\">\n<div dir=\"auto\">\n<div dir=\"auto\">\n<p><strong><a class=\"dt-pswp-item\" href=\"https:\/\/www.radiopiu.net\/wordpress\/wp-content\/uploads\/2024\/02\/2d44e751-d8a8-461b-8e22-d8e4e853b032.jpg\" data-dt-img-description=\"\" data-large_image_width=\"1600\" data-large_image_height=\"1200\"><img loading=\"lazy\" decoding=\"async\" class=\"wp-image-373307 alignleft\" src=\"https:\/\/www.radiopiu.net\/wordpress\/wp-content\/uploads\/2024\/02\/2d44e751-d8a8-461b-8e22-d8e4e853b032-300x225.jpg\" alt=\"\" width=\"105\" height=\"79\" srcset=\"https:\/\/www.radiopiu.net\/wordpress\/wp-content\/uploads\/2024\/02\/2d44e751-d8a8-461b-8e22-d8e4e853b032-300x225.jpg 300w, https:\/\/www.radiopiu.net\/wordpress\/wp-content\/uploads\/2024\/02\/2d44e751-d8a8-461b-8e22-d8e4e853b032-1024x768.jpg 1024w, https:\/\/www.radiopiu.net\/wordpress\/wp-content\/uploads\/2024\/02\/2d44e751-d8a8-461b-8e22-d8e4e853b032-768x576.jpg 768w, https:\/\/www.radiopiu.net\/wordpress\/wp-content\/uploads\/2024\/02\/2d44e751-d8a8-461b-8e22-d8e4e853b032-1536x1152.jpg 1536w, https:\/\/www.radiopiu.net\/wordpress\/wp-content\/uploads\/2024\/02\/2d44e751-d8a8-461b-8e22-d8e4e853b032.jpg 1600w\" sizes=\"auto, (max-width: 105px) 100vw, 105px\" \/><\/a>EL BAL DEL FIOR, DI GIULIANA DA RONCH, 04 OTTOBRE<\/strong><strong>\u00a02024<\/strong><\/p>\n<\/div>\n<\/div>\n<\/div>\n<div class=\"x11i5rnm xat24cr x1mh8g0r x1vvkbs xtlvy1s x126k92a\"><\/div>\n<audio class=\"wp-audio-shortcode\" id=\"audio-412223-1\" preload=\"none\" style=\"width: 100%;\" controls=\"controls\"><source type=\"audio\/mpeg\" src=\"https:\/\/www.radiopiu.net\/wordpress\/wp-content\/uploads\/2024\/09\/GVE-4.mp3?_=1\" \/><a href=\"https:\/\/www.radiopiu.net\/wordpress\/wp-content\/uploads\/2024\/09\/GVE-4.mp3\">https:\/\/www.radiopiu.net\/wordpress\/wp-content\/uploads\/2024\/09\/GVE-4.mp3<\/a><\/audio>\n<p>&nbsp;<\/p>\n<p>&nbsp;<\/p>\n<hr \/>\n<p>&nbsp;<\/p>\n<div class=\"x11i5rnm xat24cr x1mh8g0r x1vvkbs xtlvy1s x126k92a\">\n<h1><span style=\"color: #ff0000;\"><a class=\"dt-pswp-item\" href=\"https:\/\/www.radiopiu.net\/wordpress\/wp-content\/uploads\/2024\/06\/th-5.jpg\" data-dt-img-description=\"\" data-large_image_width=\"326\" data-large_image_height=\"180\"><img loading=\"lazy\" decoding=\"async\" class=\"size-medium wp-image-395881 alignleft\" src=\"https:\/\/www.radiopiu.net\/wordpress\/wp-content\/uploads\/2024\/06\/th-5-300x166.jpg\" alt=\"\" width=\"300\" height=\"166\" srcset=\"https:\/\/www.radiopiu.net\/wordpress\/wp-content\/uploads\/2024\/06\/th-5-300x166.jpg 300w, https:\/\/www.radiopiu.net\/wordpress\/wp-content\/uploads\/2024\/06\/th-5.jpg 326w\" sizes=\"auto, (max-width: 300px) 100vw, 300px\" \/><\/a><\/span><\/h1>\n<h1><\/h1>\n<h1><\/h1>\n<h1><span style=\"color: #000000;\">04 OTTOBRE&#8230; alla radio l&#8217;almanacco\u00a0<\/span><\/h1>\n<audio class=\"wp-audio-shortcode\" id=\"audio-412223-2\" preload=\"none\" style=\"width: 100%;\" controls=\"controls\"><source type=\"audio\/mpeg\" src=\"https:\/\/www.radiopiu.net\/wordpress\/wp-content\/uploads\/2024\/10\/ALMANACCONEW-3.mp3?_=2\" \/><a href=\"https:\/\/www.radiopiu.net\/wordpress\/wp-content\/uploads\/2024\/10\/ALMANACCONEW-3.mp3\">https:\/\/www.radiopiu.net\/wordpress\/wp-content\/uploads\/2024\/10\/ALMANACCONEW-3.mp3<\/a><\/audio>\n<p>&nbsp;<\/p>\n<p>&nbsp;<\/p>\n<hr \/>\n<p>&nbsp;<\/p>\n<p>&nbsp;<\/p>\n<blockquote>\n<h1><strong><a class=\"dt-pswp-item\" href=\"https:\/\/www.radiopiu.net\/wordpress\/wp-content\/uploads\/2024\/09\/settembre-2024-calendario-it2.jpg\" data-dt-img-description=\"Optimized by JPEGmini 3.13.0.8 0x813388d2\" data-large_image_width=\"1325\" data-large_image_height=\"1004\"><img loading=\"lazy\" decoding=\"async\" class=\" wp-image-409701 alignleft\" src=\"https:\/\/www.radiopiu.net\/wordpress\/wp-content\/uploads\/2024\/09\/settembre-2024-calendario-it2-300x227.jpg\" alt=\"\" width=\"187\" height=\"142\" srcset=\"https:\/\/www.radiopiu.net\/wordpress\/wp-content\/uploads\/2024\/09\/settembre-2024-calendario-it2-300x227.jpg 300w, https:\/\/www.radiopiu.net\/wordpress\/wp-content\/uploads\/2024\/09\/settembre-2024-calendario-it2-1024x776.jpg 1024w, https:\/\/www.radiopiu.net\/wordpress\/wp-content\/uploads\/2024\/09\/settembre-2024-calendario-it2-768x582.jpg 768w, https:\/\/www.radiopiu.net\/wordpress\/wp-content\/uploads\/2024\/09\/settembre-2024-calendario-it2.jpg 1325w\" sizes=\"auto, (max-width: 187px) 100vw, 187px\" \/><\/a>N di parom &#8211; L Almanach de la nosta jent<\/strong><\/h1>\n<\/blockquote>\n<p>Le voci: Davide Conedera, Agordo, Michela Dell&#8217;Osbel, La Valle Agordina Simone Ganz, Falcade Veronica Lezuo, Colle Santa Lucia. La voce nella sigla \u00e8 di Giorgia Taio<\/p>\n<p><strong>LA PUNTATA DI OGGI, 04 OTTOBRE<\/strong><\/p>\n<audio class=\"wp-audio-shortcode\" id=\"audio-412223-3\" preload=\"none\" style=\"width: 100%;\" controls=\"controls\"><source type=\"audio\/mpeg\" src=\"https:\/\/www.radiopiu.net\/wordpress\/wp-content\/uploads\/2024\/10\/4_otober_Simone.mp3?_=3\" \/><a href=\"https:\/\/www.radiopiu.net\/wordpress\/wp-content\/uploads\/2024\/10\/4_otober_Simone.mp3\">https:\/\/www.radiopiu.net\/wordpress\/wp-content\/uploads\/2024\/10\/4_otober_Simone.mp3<\/a><\/audio>\n<\/div>\n<p>&nbsp;<\/p>\n<p>&nbsp;<\/p>\n<div class=\"x11i5rnm xat24cr x1mh8g0r x1vvkbs xtlvy1s x126k92a\">\n<div dir=\"auto\">\n<p>&nbsp;<\/p>\n<hr \/>\n<\/div>\n<\/div>\n<blockquote>\n<blockquote>\n<h1><span style=\"color: #ff0000;\">\u00a0<\/span><\/h1>\n<h1><span style=\"color: #ff0000;\">I podcast informativi del mattino &#8211; audio &#8211;\u00a0\u00a0<\/span><\/h1>\n<\/blockquote>\n<p><strong><a class=\"dt-pswp-item\" href=\"https:\/\/www.radiopiu.net\/wordpress\/wp-content\/uploads\/2023\/11\/th-10.jpg\" data-dt-img-description=\"\" data-large_image_width=\"320\" data-large_image_height=\"180\"><img loading=\"lazy\" decoding=\"async\" class=\"wp-image-362866 alignleft\" src=\"https:\/\/www.radiopiu.net\/wordpress\/wp-content\/uploads\/2023\/11\/th-10-300x169.jpg\" alt=\"\" width=\"185\" height=\"104\" srcset=\"https:\/\/www.radiopiu.net\/wordpress\/wp-content\/uploads\/2023\/11\/th-10-300x169.jpg 300w, https:\/\/www.radiopiu.net\/wordpress\/wp-content\/uploads\/2023\/11\/th-10.jpg 320w\" sizes=\"auto, (max-width: 185px) 100vw, 185px\" \/><\/a>LA RASSEGNA STAMPA NAZIONALE ALLA RADIO, OGNI GIORNO ALLE 5 E ALLE 6 DEL MATTINO <span style=\"color: #0000ff;\">viene pubblicata alle 6.00 <span style=\"color: #ff0000;\">DIRETTA RADIO\u00a0 \u00a0\u00a0<\/span><\/span><\/strong><\/p><\/blockquote>\n<p>&nbsp;<\/p>\n<p><strong>NOTIZIE DELLA NOTTE<br \/>\n<\/strong><\/p>\n<p><strong>Usa 2024,<\/strong> Liz Cheney: &#8216;Trump \u00e8 una minaccia senza precedenti\u00a0 <strong>Borsa:<\/strong> Tokyo, apertura in lieve rialzo (+0,20%)<br \/>\n<strong>Volo charter<\/strong> con italiani da Beirut arrivato a Fiumicino <strong>Kim minaccia:<\/strong> useremo armi nucleari se Seul o Usa ci attaccano <strong>&#8216;Obiettivo nuovi raid<\/strong> a Beirut il successore di Nasrallah&#8217; <strong>In Libano<\/strong> 37 morti in 24 ore, 9 a Beirut<br \/>\n<strong>Salvini,<\/strong> nessun aumento di tasse o accise <strong>Nanni Moretti<\/strong> colpito da infarto nei giorni scorsi, sta bene<\/p>\n<h2>AUDIO dalle 6 del mattino<\/h2>\n<audio class=\"wp-audio-shortcode\" id=\"audio-412223-4\" preload=\"none\" style=\"width: 100%;\" controls=\"controls\"><source type=\"audio\/mpeg\" src=\"https:\/\/www.radiopiu.net\/wordpress\/wp-content\/uploads\/2024\/10\/GIORNALEDELLESEI-3.mp3?_=4\" \/><a href=\"https:\/\/www.radiopiu.net\/wordpress\/wp-content\/uploads\/2024\/10\/GIORNALEDELLESEI-3.mp3\">https:\/\/www.radiopiu.net\/wordpress\/wp-content\/uploads\/2024\/10\/GIORNALEDELLESEI-3.mp3<\/a><\/audio>\n<p>&nbsp;<\/p>\n<p>&nbsp;<\/p>\n<p>&nbsp;<\/p>\n<hr \/>\n<p>&nbsp;<\/p>\n<h1 style=\"text-align: center;\"><span style=\"color: #ff0000;\">I podcast informativi del mattino &#8211; audio &#8211;\u00a0<\/span><\/h1>\n<p><strong><a class=\"dt-pswp-item\" href=\"https:\/\/www.radiopiu.net\/wordpress\/wp-content\/uploads\/2023\/12\/images.png\" data-dt-img-description=\"\" data-large_image_width=\"316\" data-large_image_height=\"160\"><img loading=\"lazy\" decoding=\"async\" class=\"wp-image-367008 alignleft\" src=\"https:\/\/www.radiopiu.net\/wordpress\/wp-content\/uploads\/2023\/12\/images-300x152.png\" alt=\"\" width=\"235\" height=\"119\" srcset=\"https:\/\/www.radiopiu.net\/wordpress\/wp-content\/uploads\/2023\/12\/images-300x152.png 300w, https:\/\/www.radiopiu.net\/wordpress\/wp-content\/uploads\/2023\/12\/images.png 316w\" sizes=\"auto, (max-width: 235px) 100vw, 235px\" \/><\/a>OGNI GIORNO ALLE SETTE DEL MATTINO, LA RASSEGNA STAMPA LOCALE FLASH&#8230; PER CHI VA IN FRETTA. I TITOLI DAI GIORNALI E DAL SITO WWW.RADIOPIU.NET <span style=\"color: #0000ff;\">viene pubblicato alle 7.00<\/span> <span style=\"color: #ff0000;\">DIRETTA RADIO\u00a0<\/span><\/strong><\/p>\n<p><em><span style=\"color: #ff0000;\">per chi va in fretta&#8230; tante notizie in pochi minuti. L&#8217;informazione locale alla radio, ogni ora dalle 7 del mattino alle 19 della sera.<\/span><\/em><\/p>\n<h1>AUDIO dalle 7 del mattino<\/h1>\n<audio class=\"wp-audio-shortcode\" id=\"audio-412223-5\" preload=\"none\" style=\"width: 100%;\" controls=\"controls\"><source type=\"audio\/mpeg\" src=\"https:\/\/www.radiopiu.net\/wordpress\/wp-content\/uploads\/2024\/10\/GF07-3.mp3?_=5\" \/><a href=\"https:\/\/www.radiopiu.net\/wordpress\/wp-content\/uploads\/2024\/10\/GF07-3.mp3\">https:\/\/www.radiopiu.net\/wordpress\/wp-content\/uploads\/2024\/10\/GF07-3.mp3<\/a><\/audio>\n<p>&nbsp;<\/p>\n<p>&nbsp;<\/p>\n<p>&nbsp;<\/p>\n<hr \/>\n<p>&nbsp;<\/p>\n<h1><\/h1>\n<h1 style=\"text-align: center;\"><span style=\"color: #ff0000;\"><a class=\"dt-pswp-item\" href=\"https:\/\/www.radiopiu.net\/wordpress\/wp-content\/uploads\/2022\/01\/026c3f9d-dae9-4040-a3c1-a6530231bcc3.jpg\" data-dt-img-description=\"\" data-large_image_width=\"1152\" data-large_image_height=\"2048\"><img loading=\"lazy\" decoding=\"async\" class=\"wp-image-251839 alignleft\" src=\"https:\/\/www.radiopiu.net\/wordpress\/wp-content\/uploads\/2022\/01\/026c3f9d-dae9-4040-a3c1-a6530231bcc3-169x300.jpg\" alt=\"\" width=\"100\" height=\"177\" srcset=\"https:\/\/www.radiopiu.net\/wordpress\/wp-content\/uploads\/2022\/01\/026c3f9d-dae9-4040-a3c1-a6530231bcc3-169x300.jpg 169w, https:\/\/www.radiopiu.net\/wordpress\/wp-content\/uploads\/2022\/01\/026c3f9d-dae9-4040-a3c1-a6530231bcc3-576x1024.jpg 576w, https:\/\/www.radiopiu.net\/wordpress\/wp-content\/uploads\/2022\/01\/026c3f9d-dae9-4040-a3c1-a6530231bcc3-768x1365.jpg 768w, https:\/\/www.radiopiu.net\/wordpress\/wp-content\/uploads\/2022\/01\/026c3f9d-dae9-4040-a3c1-a6530231bcc3-864x1536.jpg 864w, https:\/\/www.radiopiu.net\/wordpress\/wp-content\/uploads\/2022\/01\/026c3f9d-dae9-4040-a3c1-a6530231bcc3.jpg 1152w\" sizes=\"auto, (max-width: 100px) 100vw, 100px\" \/><\/a>I podcast informativi del mattino &#8211; audio &#8211;\u00a0<\/span><\/h1>\n<blockquote><p><strong>GIORNALE RADIO NAZIONALE, EDIZIONE DELLE SETTE <span style=\"color: #0000ff;\">viene pubblicato alle 7.05 <span style=\"color: #ff0000;\">DIRETTA RADIO\u00a0<\/span><\/span><\/strong><\/p><\/blockquote>\n<p><strong>il giornale radionazionale e&#8217; in onda ogni ora, dalle sette del mattino alle venti della sera\u00a0 \u00a0<\/strong><strong>\u00a0<\/strong><\/p>\n<p><strong>Telo sui cavi<\/strong> dei treni della Roma-Civitavecchia, ritardi fino a 2 ore <strong>Ucciso per un debito di pochi euro<\/strong>, il presunto responsabile fermato dai Carabinieri A Gasperina, nel Catanzarese. Vittima un trentasettenne <strong>Donna morta in incidente stradale nel Foggiano,<\/strong> indagato il maritoImputazione provvisoria di omicidio volontario, &#8216;un atto dovuto&#8217;. Disposta l&#8217;autopsia <strong>Trentino boccia Valditara in condotta<\/strong>, &#8216;da noi un sistema diverso&#8217;L&#8217;assessora di FdI: &#8220;La vera questione \u00e8 recuperare i ragazzi&#8221;<br \/>\n<strong>Ancora un incidente ad un aereo Ryanair<\/strong>, il motore va a fuocoLo scalo di Brindisi \u00e8 stato chiuso per tre ore, nessun ferito <strong>Operazione anticamorra a Napoli<\/strong>, ordinanza di custodia cautelare per 60 personeIn azione 350 agenti di polizia nella zona est del capoluogo <strong>Gli oncologi:<\/strong> &#8216;Aumentare di 5 euro il prezzo delle sigarette a sostegno del Sistema sanitario<\/p>\n<h2><\/h2>\n<p><span style=\"color: #ff0000;\">EDIZIONE DELLE 20, DEL 29 SETTEMBRE 2024<\/span><\/p>\n<audio class=\"wp-audio-shortcode\" id=\"audio-412223-6\" preload=\"none\" style=\"width: 100%;\" controls=\"controls\"><source type=\"audio\/mpeg\" src=\"https:\/\/www.radiopiu.net\/wordpress\/wp-content\/uploads\/2024\/10\/giornale07-6.mp3?_=6\" \/><a href=\"https:\/\/www.radiopiu.net\/wordpress\/wp-content\/uploads\/2024\/10\/giornale07-6.mp3\">https:\/\/www.radiopiu.net\/wordpress\/wp-content\/uploads\/2024\/10\/giornale07-6.mp3<\/a><\/audio>\n<p>&nbsp;<\/p>\n<p><span style=\"color: #ff0000;\">EDIZIONE DELLE 19, DEL 29 SETTEMBRE 2024, LO SPORT<\/span><\/p>\n<audio class=\"wp-audio-shortcode\" id=\"audio-412223-7\" preload=\"none\" style=\"width: 100%;\" controls=\"controls\"><source type=\"audio\/mpeg\" src=\"https:\/\/www.radiopiu.net\/wordpress\/wp-content\/uploads\/2024\/10\/gr-sport-3.mp3?_=7\" \/><a href=\"https:\/\/www.radiopiu.net\/wordpress\/wp-content\/uploads\/2024\/10\/gr-sport-3.mp3\">https:\/\/www.radiopiu.net\/wordpress\/wp-content\/uploads\/2024\/10\/gr-sport-3.mp3<\/a><\/audio>\n<p><span style=\"color: #ff0000;\">\u00a0<\/span><\/p>\n<h2>AUDIO dalle sette del mattino, ogni ora alla radio<\/h2>\n<audio class=\"wp-audio-shortcode\" id=\"audio-412223-8\" preload=\"none\" style=\"width: 100%;\" controls=\"controls\"><source type=\"audio\/mpeg\" src=\"https:\/\/www.radiopiu.net\/wordpress\/wp-content\/uploads\/2024\/10\/giornale07-7.mp3?_=8\" \/><a href=\"https:\/\/www.radiopiu.net\/wordpress\/wp-content\/uploads\/2024\/10\/giornale07-7.mp3\">https:\/\/www.radiopiu.net\/wordpress\/wp-content\/uploads\/2024\/10\/giornale07-7.mp3<\/a><\/audio>\n<p>&nbsp;<\/p>\n<hr \/>\n<p>&nbsp;<\/p>\n<p>&nbsp;<\/p>\n<h1><span style=\"color: #ff0000;\">I podcast informativi del mattino &#8211; video &#8211;\u00a0<\/span><\/h1>\n<h2 style=\"text-align: left;\"><strong>RASSEGNA STAMPA LOCALE, ORE OTTO 05<\/strong><\/h2>\n<h2><strong> <span style=\"color: #0000ff;\">viene\u00a0 <\/span><\/strong><strong><span style=\"color: #0000ff;\">pubblicata alle 8.05 <span style=\"color: #ff0000;\">DIRETTA RADIO\u00a0 \u00a0<\/span><\/span><\/strong><strong>DI MIRKO MEZZACASA<\/strong><\/h2>\n<h2><span style=\"color: #ff0000;\"><strong>VIDEO\u00a0 \u00a0in diretta dalle 8 del mattino\u00a0 \u00a0<\/strong><\/span><\/h2>\n<p>&nbsp;<\/p>\n<p>https:\/\/www.facebook.com\/radiopiu\/videos\/1221301902524941<\/p>\n<hr \/>\n<p>&nbsp;<\/p>\n<p>&nbsp;<\/p>\n<p><strong><a class=\"dt-pswp-item\" href=\"https:\/\/www.radiopiu.net\/wordpress\/wp-content\/uploads\/2023\/12\/ANTENNA.png\" data-dt-img-description=\"\" data-large_image_width=\"300\" data-large_image_height=\"166\"><img loading=\"lazy\" decoding=\"async\" class=\" wp-image-366306 alignleft\" src=\"https:\/\/www.radiopiu.net\/wordpress\/wp-content\/uploads\/2023\/12\/ANTENNA.png\" alt=\"\" width=\"175\" height=\"97\" \/><\/a>IERI SERA, DAL TG DI ANTENNA 3, ogni sera alle 19 le anticipazioni alla radio, quello che poi seguirete nel TELEGIORNALE BELLUNESE\u00a0 in onda alle 19.30 sul CANALE 10 del digitale terrestre.\u00a0\u00a0<\/strong><\/p>\n<p style=\"text-align: center;\"><span style=\"color: #ff0000;\"><strong>I TITOLI DEL TELEGIORNALE ALLA RADIO, DI TIZIANA BOLOGNANI<\/strong><\/span><\/p>\n<audio class=\"wp-audio-shortcode\" id=\"audio-412223-9\" preload=\"none\" style=\"width: 100%;\" controls=\"controls\"><source type=\"audio\/mpeg\" src=\"https:\/\/www.radiopiu.net\/wordpress\/wp-content\/uploads\/2024\/10\/ANTENNA3-3.mp3?_=9\" \/><a href=\"https:\/\/www.radiopiu.net\/wordpress\/wp-content\/uploads\/2024\/10\/ANTENNA3-3.mp3\">https:\/\/www.radiopiu.net\/wordpress\/wp-content\/uploads\/2024\/10\/ANTENNA3-3.mp3<\/a><\/audio>\n<p>&nbsp;<\/p>\n<p>&nbsp;<\/p>\n<hr \/>\n<p>&nbsp;<\/p>\n<blockquote>\n<h2>Allerta Meteo: Precipitazioni Intense e Criticit\u00e0 Idrogeologica<\/h2>\n<\/blockquote>\n<p><strong><img loading=\"lazy\" decoding=\"async\" class=\"alignleft\" src=\"https:\/\/www.radiopiu.net\/wordpress\/wp-content\/uploads\/2018\/08\/instabilita.jpg\" width=\"244\" height=\"146\" \/>VENEZIA<\/strong> Le previsioni meteo annunciano un tempo perturbato. La fase pi\u00f9 intensa delle precipitazioni si prevede per la mattinata con forti rovesci, specialmente sulla pianura centro-orientale, le zone costiere e le Prealpi. I quantitativi di pioggia potrebbero variare da consistenti a localmente abbondanti.\u00a0 Il Centro Funzionale Decentrato della Protezione Civile Regionale ha emesso un avviso di criticit\u00e0 idrogeologica e idraulica valido fino alle 16. \u00c8 stata dichiarata la fase operativa di preallarme (allerta arancione) per alcuni\u00a0 bacini della pianura. Si prevede un possibile innesco di frane e allagamenti, con il rischio di un innalzamento dei livelli idrici nei corsi d&#8217;acqua principali. \u00c8 consigliata la massima prudenza.<\/p>\n<p>&nbsp;<\/p>\n<p>&nbsp;<\/p>\n<p>&nbsp;<\/p>\n<hr \/>\n<blockquote>\n<h2><\/h2>\n<h2>Galleria \u2018Comelico\u2019: chiusure notturne aggiuntive<\/h2>\n<\/blockquote>\n<div class=\"flex max-w-full flex-col flex-grow\">\n<div class=\"min-h-8 text-message flex w-full flex-col items-end gap-2 whitespace-normal break-words [.text-message+&amp;]:mt-5\" dir=\"auto\" data-message-author-role=\"assistant\" data-message-id=\"2e80ab4b-ad3f-4f86-a7a1-f56fc2384e8e\">\n<div class=\"flex w-full flex-col gap-1 empty:hidden first:pt-[3px]\">\n<div class=\"markdown prose w-full break-words dark:prose-invert dark\">\n<p>La galleria \u2018Comelico\u2019, sulla strada statale 52 \u201cCarnica\u201d, sar\u00e0 chiusa al transito anche nelle notti tra sabato 5 e domenica 6 ottobre e tra sabato 12 e domenica 13 ottobre, dalle 22:00 alle 6:00. Restano confermate le chiusure notturne dal luned\u00ec al venerd\u00ec, in vigore dal 9 settembre<\/p>\n<p>&nbsp;<\/p>\n<\/div>\n<\/div>\n<\/div>\n<\/div>\n<p>&nbsp;<\/p>\n<hr \/>\n<p>&nbsp;<\/p>\n<blockquote>\n<h3>ACQUA NON POTABILE A SELVA DI CADORE. TORNA POTABILE A ROCCA PIETORE<\/h3>\n<\/blockquote>\n<p><strong>SELVA DI CADORE<\/strong> nelle localit\u00e0 L\u2019Andria e All\u2019Agnol l&#8217;acqua erogata dall&#8217;acquedotto non \u00e8 potabile e pu\u00f2 essere usata per scopi alimentari solo previa bollitura. Verr\u00e0 effettuato servizio sostitutivo con cisterna c\/o la chiesetta in localit\u00e0 l\u2019 Andria.<\/p>\n<p><strong>ROCCA PIETORE <\/strong>nelle localit\u00e0 Val, Dagai, Davare, Le Coste, Ronch E Sopracordevole l&#8217;acqua erogata dall&#8217;acquedotto \u00e8 di nuovo potabile e pu\u00f2 essere usata, quindi, per scopi alimentari.<\/p>\n<p>&nbsp;<\/p>\n<hr \/>\n<p>&nbsp;<\/p>\n<blockquote>\n<h2>Stroncata da un Malore la Maestra in Pensione Nadia De Marco<\/h2>\n<\/blockquote>\n<p><strong>VAL DI ZOLDO<\/strong><\/p>\n<div class=\"flex max-w-full flex-col flex-grow\">\n<div class=\"min-h-8 text-message flex w-full flex-col items-end gap-2 whitespace-normal break-words [.text-message+&amp;]:mt-5\" dir=\"auto\" data-message-author-role=\"assistant\" data-message-id=\"8158eef8-1e41-4671-bce6-abb1537f3f46\">\n<div class=\"flex w-full flex-col gap-1 empty:hidden first:pt-[3px]\">\n<div class=\"markdown prose w-full break-words dark:prose-invert dark\">\n<p><a class=\"dt-pswp-item\" href=\"https:\/\/www.radiopiu.net\/wordpress\/wp-content\/uploads\/2024\/10\/Senza-nome-13.png\" data-dt-img-description=\"\" data-large_image_width=\"301\" data-large_image_height=\"238\"><img loading=\"lazy\" decoding=\"async\" class=\"wp-image-412415 alignleft\" src=\"https:\/\/www.radiopiu.net\/wordpress\/wp-content\/uploads\/2024\/10\/Senza-nome-13.png\" alt=\"\" width=\"175\" height=\"138\" \/><\/a>Un malore improvviso ha colpito Nadia De Marco, ex maestra di 70 anni, trovata senza vita nell\u2019abitacolo della sua auto nel parcheggio di Coi. Un passante ha notato la donna e ha allertato i soccorsi, ma per lei non c\u2019\u00e8 stato nulla da fare. Il decesso \u00e8 stato causato da un problema cardiocircolatorio irreversibile. Sul posto sono intervenuti i sanitari, i vigili del fuoco \u00a0Volontari di Zoldo Alto e i carabinieri. Nadia De Marco era molto conosciuta nella comunit\u00e0, avendo insegnato per anni nella scuola primaria di Zoldo. Solo dieci giorni fa aveva perso la madre. La sua scomparsa lascia un profondo vuoto tra chi la conosceva e i suoi ex studenti<\/p>\n<\/div>\n<\/div>\n<\/div>\n<\/div>\n<p>&nbsp;<\/p>\n<p>&nbsp;<\/p>\n<hr \/>\n<p>&nbsp;<\/p>\n<blockquote>\n<h2>Addio a Giobbe Mastellotto: Pilota, Organizzatore, Amico dell&#8217;Automobilismo Bellunese<\/h2>\n<\/blockquote>\n<p><strong><img loading=\"lazy\" decoding=\"async\" class=\"alignleft\" src=\"https:\/\/www.radiopiu.net\/wordpress\/wp-content\/uploads\/2024\/10\/462003098_1055424095954664_6808483530161221540_n.jpg\" width=\"331\" height=\"263\" \/>il ricordo di Gianpaolo Bottacin<\/strong><\/p>\n<p><strong>BELLUNO<\/strong> Con la scomparsa di Giobbe Mastellotto, la provincia di Belluno perde un pezzo importante della sua storia motoristica. Organizzatore di gare e pilota talentuoso, Giobbe ha contribuito a rendere Belluno una delle province pi\u00f9 attive nel mondo delle competizioni automobilistiche, con ben otto eventi annuali, molti dei quali organizzati da lui. Il ricordo di Gianpaolo Bottacin:<\/p>\n<p><em> &#8220;Lo conobbi nel 1986, quando lo invitai a una gimkana nel mio paese, e da allora siamo diventati amici. Il suo stile di guida arrembante, quasi &#8220;finnico&#8221;, sempre in derapata, non passava inosservato. Scommetteva su vetture insolite, come la Toyota o la 33 4&#215;4, e otteneva comunque ottimi risultati.Negli ultimi anni spesso parlavamo di fare una gara insieme, ma il destino non ci ha dato questa possibilit\u00e0. Ti ricorder\u00f2 sempre cos\u00ec, Giobbe, sfrecciando di traverso o in volo. Un volo che ora continuer\u00e0 per sempre. Ciao, amico&#8221;.\u00a0<\/em><\/p>\n<p>&nbsp;<\/p>\n<p>&nbsp;<\/p>\n<p>&nbsp;<\/p>\n<p>&nbsp;<\/p>\n<hr \/>\n<blockquote>\n<h3><\/h3>\n<h3>RINO DA CAMPO, UNA STORIA DAL MUNICIPIO ALL&#8217;UFFICIO SIAE<\/h3>\n<\/blockquote>\n<p>&nbsp;<\/p>\n<p><strong><img loading=\"lazy\" decoding=\"async\" class=\"alignleft\" src=\"https:\/\/www.radiopiu.net\/wordpress\/wp-content\/uploads\/2024\/10\/Senza-nome-12.png\" width=\"206\" height=\"150\" \/>AGORDO<\/strong> Con i suoi 82 anni di vita ed esperienza Rino lascia un ricordo importante nel capoluogo. Rino Da Campo, il volto noto del Municipio di Agordo di allora, per noi della Radio, l&#8217;uomo della Siae che ha seguito con noi l&#8217;evoluzione della Radio fin dal 1983. Sempre disponibile e pacato rispetto all&#8217;irruenza dei nostri vent&#8217;anni. Lo ricordano con affetto la moglie Lucia, i figli Claudia con Fabrizio, Andrea, Denis con Tania, le sorelle, il fratello, i nipoti Giulia, Samuel, David e Sandy. I funerali saranno celebrati oggi alle 14.30 ad Agordo. La famiglia invita a devolvere eventuali offerte all&#8217;associazione Pettirosso Agordino.<\/p>\n<p>&nbsp;<\/p>\n<p>&nbsp;<\/p>\n<p>&nbsp;<\/p>\n<hr \/>\n<p>&nbsp;<\/p>\n<blockquote>\n<h3><a class=\"dt-pswp-item\" href=\"https:\/\/www.radiopiu.net\/wordpress\/wp-content\/uploads\/2024\/10\/Senza-nome-15.png\" data-dt-img-description=\"\" data-large_image_width=\"322\" data-large_image_height=\"231\"><img loading=\"lazy\" decoding=\"async\" class=\" wp-image-412420 alignleft\" src=\"https:\/\/www.radiopiu.net\/wordpress\/wp-content\/uploads\/2024\/10\/Senza-nome-15-300x215.png\" alt=\"\" width=\"163\" height=\"117\" srcset=\"https:\/\/www.radiopiu.net\/wordpress\/wp-content\/uploads\/2024\/10\/Senza-nome-15-300x215.png 300w, https:\/\/www.radiopiu.net\/wordpress\/wp-content\/uploads\/2024\/10\/Senza-nome-15.png 322w\" sizes=\"auto, (max-width: 163px) 100vw, 163px\" \/><\/a>OTTO AUTO COINVOLTE NELLO SCHIANTO NELLA GALLERIA TRA TAI DI CADORE E CALALZO<\/h3>\n<\/blockquote>\n<p><strong>REDAZIONE<\/strong> Un incidente in galleria, avvenuto ieri pomeriggio 3 ottobre intorno alle 15.40, ha coinvolto otto persone (quattro donne e quattro uomini) e otto veicoli, bloccando il traffico nella galleria tra Tai e Calalzo. Non ci sono feriti, ma il traffico \u00e8 stato gravemente rallentato. Sul posto sono intervenuti carabinieri, polizia, vigili del fuoco e ambulanze (queste ultime non necessarie). Le forze dell&#8217;ordine stanno cercando di ricostruire la dinamica dell&#8217;incidente.<\/p>\n<p>&nbsp;<\/p>\n<p>&nbsp;<\/p>\n<hr \/>\n<p>&nbsp;<\/p>\n<blockquote>\n<h3 class=\"entry-title\">DILLO A RADIO PIU\u2019\u2026.Agordo: Il Pullman Non si Ferma, Sei Passeggeri Lasciati a Terra<\/h3>\n<\/blockquote>\n<p><strong>AGORDO<\/strong><\/p>\n<p><img loading=\"lazy\" decoding=\"async\" class=\"alignleft\" src=\"https:\/\/i0.wp.com\/www.radiopiu.net\/wordpress\/wp-content\/uploads\/2021\/10\/9d1e264f-0772-472e-94d9-473a8e2a9cd1.jpg?resize=240%2C135&amp;ssl=1\" width=\"240\" height=\"135\" data-recalc-dims=\"1\" \/>Abbiamo raccolto la testimonianza di Damiano, padre di una delle persone coinvolte. Alle 6:10 del mattino, presso la stazione Dolomitibus di Agordo, sei persone, inclusa la figlia di Damiano, aspettavano il pullman. Il mezzo, partito dalla zona industriale dopo aver trasportato i turnisti, arriva puntualmente, persino con qualche minuto di anticipo.<\/p>\n<p>L\u2019autista rallenta e accende la freccia per svoltare a sinistra, come per entrare nella stazione<em>. \u201cA quel punto \u2013 racconta Damiano \u2013 si \u00e8 fermato per circa trenta secondi in mezzo alla carreggiata, poi improvvisamente ha proseguito diritto verso la regionale 203, in direzione Belluno\u201d.<\/em><\/p>\n<p><strong>E i sei passeggeri in attesa?<\/strong><\/p>\n<p><em>\u201cProbabilmente hanno aspettato il pullman successivo \u2013 conclude Damiano, amareggiato \u2013 ma io e mia moglie siamo stati costretti ad accompagnare nostra figlia in stazione a Belluno, altrimenti avrebbe perso la coincidenza\u201d<\/em>.<\/p>\n<p>&nbsp;<\/p>\n<blockquote>\n<h3>DILLO A RADIO PIU&#8217;&#8230;APPIEDATI A BELLUNO AL RIENTRO DA SCUOLA<\/h3>\n<\/blockquote>\n<p><strong><a class=\"dt-pswp-item\" href=\"https:\/\/www.radiopiu.net\/wordpress\/wp-content\/uploads\/2020\/06\/80c303ed-9a2e-49f0-8b20-3dd5e061bbf3.jpg\" data-dt-img-description=\"\" data-large_image_width=\"1280\" data-large_image_height=\"960\"><img loading=\"lazy\" decoding=\"async\" class=\" wp-image-145520 alignleft\" src=\"https:\/\/www.radiopiu.net\/wordpress\/wp-content\/uploads\/2020\/06\/80c303ed-9a2e-49f0-8b20-3dd5e061bbf3-300x225.jpg\" alt=\"\" width=\"173\" height=\"130\" srcset=\"https:\/\/www.radiopiu.net\/wordpress\/wp-content\/uploads\/2020\/06\/80c303ed-9a2e-49f0-8b20-3dd5e061bbf3-300x225.jpg 300w, https:\/\/www.radiopiu.net\/wordpress\/wp-content\/uploads\/2020\/06\/80c303ed-9a2e-49f0-8b20-3dd5e061bbf3-1024x768.jpg 1024w, https:\/\/www.radiopiu.net\/wordpress\/wp-content\/uploads\/2020\/06\/80c303ed-9a2e-49f0-8b20-3dd5e061bbf3-768x576.jpg 768w, https:\/\/www.radiopiu.net\/wordpress\/wp-content\/uploads\/2020\/06\/80c303ed-9a2e-49f0-8b20-3dd5e061bbf3.jpg 1280w\" sizes=\"auto, (max-width: 173px) 100vw, 173px\" \/><\/a>RICEVIAMO E PUBBLICHIAMO<\/strong><\/p>\n<p>Scrivo l&#8217;ennesima lettera per manifestare il disagio provocato da Dolomitibus. Mio figlio, che frequenta un istituto a Belluno, dopo essersi recato in stazione per prendere l\u2019autobus delle 13:15 diretto a Caprile, ha scoperto con grande dispiacere che il mezzo non era presente. Di conseguenza, lui e circa 30 altri ragazzi sono rimasti a piedi, sotto un diluvio. Si sono rivolti all&#8217;autista della corriera Belluno-Falcade per chiedere informazioni riguardo al loro autobus, ma l\u2019autista ha risposto che non aveva la pi\u00f9 pallida idea, ha chiuso le porte ed \u00e8 partito. I ragazzi sono quindi saliti sull&#8217;autobus successivo delle 14:30, arrivando a casa ben oltre le 15:00. Come genitore, mi trovo senza parole per esprimere il dispiacere nell&#8217;assistere a questi episodi. Ancora pi\u00f9 dolorose sono le parole di mio figlio, che si sente preso in giro e si chiede quale futuro possano avere i nostri paesi e le nostre montagne se questi sono i servizi pubblici che vengono offerti.<\/p>\n<p>E. G.<\/p>\n<p><span style=\"color: #ff0000;\"><strong>IN RISPOSTA ALL&#8217;ARTICOLO RICEVIAMO<\/strong><\/span><\/p>\n<p>Sono uno degli studenti che era la presente alle 13:15 e anche io dovevo prendere la corriera che doveva andare a Caprile da Belluno. La corriera c&#8217;era, solo che per un errore dell&#8217;ufficio movimento la corriera che, appunto era diretta a Caprile, \u00e8 stata messa dove doveva parcheggiare quella diretta per Agordo che poi si fermava l\u00e0. Io sono salito in quella corriera e si era riempita completamente. Ho parlato con l&#8217;autista e mi ha detto che ha anche avvisato quelli che dovevano andare a Caprile che lui era sul parcheggio della Agordo e, visto che aveva una corriera abbastanza grande, non si fidava a far manovra per andare nel parcheggio della Caprile. L&#8217;autista ha pure provato a chiamare l&#8217;ufficio movimenti per far in modo che l&#8217;autista che doveva guidare quella diretta in Agordo avvisasse ma purtroppo non l&#8217;hanno fatto.<\/p>\n<p>&nbsp;<\/p>\n<hr \/>\n<p>&nbsp;<\/p>\n<blockquote>\n<h2>Ufficio Postale di Vallada Agordina: Chiuso da Maggio, Nessuna Comunicazione Ufficiale<\/h2>\n<\/blockquote>\n<blockquote><p><em>A.\u00a0 residente locale, si chiede con apprensione cosa accadr\u00e0, sottolineando il disagio crescente per gli abitanti.<\/em><\/p><\/blockquote>\n<p><strong>VALLADA<\/strong><\/p>\n<p><img loading=\"lazy\" decoding=\"async\" class=\"alignleft\" src=\"https:\/\/www.radiopiu.net\/wordpress\/wp-content\/uploads\/2019\/05\/vallada-agordina.jpg\" width=\"231\" height=\"154\" \/>Fine maggio 2024, un dirigente di Poste Italiane da Roma aveva comunicato la chiusura temporanea dell\u2019ufficio postale di Vallada Agordina per circa 15 giorni. L\u2019obiettivo era adeguare la struttura alle nuove funzioni, come il rilascio di passaporti e certificati anagrafici. Poco dopo, una lettera del responsabile bellunese di Poste Italiane confermava l\u2019intervento, indicando l\u2019ufficio di Caviola (aperto solo luned\u00ec, mercoled\u00ec e venerd\u00ec) come punto di riferimento temporaneo per gli utenti di Vallada. Ora, \u00e8 il 3 ottobre 2024 e l&#8217;ufficio postale di Vallada \u00e8 ancora chiuso. Nonostante i lavori siano proseguiti fino a tardi, nessuna ulteriore comunicazione \u00e8 stata fornita. La preoccupazione cresce, soprattutto con l\u2019arrivo dell\u2019inverno e considerando le esigenze della popolazione anziana del paese. Quali sono le intenzioni di Poste Italiane? Chiuderanno definitivamente l&#8217;ufficio di Vallada?<\/p>\n<p>&nbsp;<\/p>\n<p>&nbsp;<\/p>\n<hr \/>\n<p>&nbsp;<\/p>\n<blockquote>\n<h3>CITTADINANZA ONORARIA A JULIAN ASSANGE<\/h3>\n<\/blockquote>\n<p><strong><a class=\"dt-pswp-item\" href=\"https:\/\/www.radiopiu.net\/wordpress\/wp-content\/uploads\/2022\/12\/PALAZZO-ROSSO.png\" data-dt-img-description=\"\" data-large_image_width=\"2076\" data-large_image_height=\"1328\"><img loading=\"lazy\" decoding=\"async\" class=\" wp-image-313801 alignleft\" src=\"https:\/\/www.radiopiu.net\/wordpress\/wp-content\/uploads\/2022\/12\/PALAZZO-ROSSO-300x192.png\" alt=\"\" width=\"181\" height=\"116\" srcset=\"https:\/\/www.radiopiu.net\/wordpress\/wp-content\/uploads\/2022\/12\/PALAZZO-ROSSO-300x192.png 300w, https:\/\/www.radiopiu.net\/wordpress\/wp-content\/uploads\/2022\/12\/PALAZZO-ROSSO-1024x655.png 1024w, https:\/\/www.radiopiu.net\/wordpress\/wp-content\/uploads\/2022\/12\/PALAZZO-ROSSO-768x491.png 768w, https:\/\/www.radiopiu.net\/wordpress\/wp-content\/uploads\/2022\/12\/PALAZZO-ROSSO-1536x983.png 1536w, https:\/\/www.radiopiu.net\/wordpress\/wp-content\/uploads\/2022\/12\/PALAZZO-ROSSO-2048x1310.png 2048w\" sizes=\"auto, (max-width: 181px) 100vw, 181px\" \/><\/a>BELLUNO<\/strong> Il Consiglio Comunale di Belluno ha approvato all&#8217;unanimit\u00e0 la mozione di iniziativa popolare per il conferimento della cittadinanza onoraria a Julian Assange, sostenuta da oltre trecento cittadini. La mozione, presentata il 30 settembre 2024, ha visto l\u2019appoggio della minoranza e di alcuni membri della maggioranza, con l&#8217;astensione di altri consiglieri. Questo gesto simbolico esprime la solidariet\u00e0 della citt\u00e0 verso Assange, che ha subito persecuzioni legali per il suo lavoro giornalistico, e il riconoscimento del suo status di prigioniero politico da parte del Consiglio d&#8217;Europa. Il gruppo &#8220;Belluno per Assange&#8221; ha ringraziato i volontari per il loro impegno e spera che Assange possa partecipare personalmente alla cerimonia di conferimento della cittadinanza.<\/p>\n<p>&nbsp;<\/p>\n<p>&nbsp;<\/p>\n<hr \/>\n<p>&nbsp;<\/p>\n<blockquote>\n<h2>La grande sfida degli amministratori: governare il cambiamento<\/h2>\n<\/blockquote>\n<div class=\"flex-shrink-0 flex flex-col relative items-end\">\n<div>\n<div class=\"pt-0\">\n<div class=\"gizmo-bot-avatar flex h-8 w-8 items-center justify-center overflow-hidden rounded-full\">\n<div class=\"relative p-1 rounded-sm flex items-center justify-center bg-token-main-surface-primary text-token-text-primary h-8 w-8\"><strong><a class=\"dt-pswp-item\" href=\"https:\/\/www.radiopiu.net\/wordpress\/wp-content\/uploads\/2024\/10\/Pierantonio-Cristoforetti.jpg\" data-dt-img-description=\"\" data-large_image_width=\"1960\" data-large_image_height=\"2440\"><img loading=\"lazy\" decoding=\"async\" class=\" wp-image-412293 alignleft\" src=\"https:\/\/www.radiopiu.net\/wordpress\/wp-content\/uploads\/2024\/10\/Pierantonio-Cristoforetti-241x300.jpg\" alt=\"\" width=\"157\" height=\"195\" srcset=\"https:\/\/www.radiopiu.net\/wordpress\/wp-content\/uploads\/2024\/10\/Pierantonio-Cristoforetti-241x300.jpg 241w, https:\/\/www.radiopiu.net\/wordpress\/wp-content\/uploads\/2024\/10\/Pierantonio-Cristoforetti-823x1024.jpg 823w, https:\/\/www.radiopiu.net\/wordpress\/wp-content\/uploads\/2024\/10\/Pierantonio-Cristoforetti-768x956.jpg 768w, https:\/\/www.radiopiu.net\/wordpress\/wp-content\/uploads\/2024\/10\/Pierantonio-Cristoforetti-1234x1536.jpg 1234w, https:\/\/www.radiopiu.net\/wordpress\/wp-content\/uploads\/2024\/10\/Pierantonio-Cristoforetti-1645x2048.jpg 1645w, https:\/\/www.radiopiu.net\/wordpress\/wp-content\/uploads\/2024\/10\/Pierantonio-Cristoforetti.jpg 1960w\" sizes=\"auto, (max-width: 157px) 100vw, 157px\" \/><\/a>CHIES D&#8217;ALPAGO<\/strong> Il professor Annibale Salsa (foto) ha evidenziato al convegno di Chies d\u2019Alpago il conflitto culturale tra residenti e turisti nella percezione della natura. I turisti e le associazioni ambientaliste vedono la natura in modo idealizzato, sacralizzando i predatori, mentre i montanari la considerano qualcosa da addomesticare. Questo approccio ideologico ostacola una visione scientifica. Il sindaco Gianluca Dal Borgo ha ribadito l\u2019importanza del dialogo per conciliare queste visioni opposte e trovare una gestione equilibrata dei grandi carnivori. L\u2019agronomo Alessandro Fullin ha concluso sottolineando la necessit\u00e0 di una gestione condivisa per preservare biodiversit\u00e0 e allevamento.<\/div>\n<\/div>\n<\/div>\n<\/div>\n<\/div>\n<p>&nbsp;<\/p>\n<p>&nbsp;<\/p>\n<p>&nbsp;<\/p>\n<p>&nbsp;<\/p>\n<p>&nbsp;<\/p>\n<hr \/>\n<p>&nbsp;<\/p>\n<blockquote>\n<h3>\u00a0LAVORI NEL TERRITORIO COMUNALE<\/h3>\n<\/blockquote>\n<p><strong><a class=\"dt-pswp-item\" href=\"https:\/\/www.radiopiu.net\/wordpress\/wp-content\/uploads\/2021\/06\/th-7.jpg\" data-dt-img-description=\"\" data-large_image_width=\"290\" data-large_image_height=\"163\"><img loading=\"lazy\" decoding=\"async\" class=\" wp-image-215337 alignleft\" src=\"https:\/\/www.radiopiu.net\/wordpress\/wp-content\/uploads\/2021\/06\/th-7.jpg\" alt=\"\" width=\"208\" height=\"117\" \/><\/a>SANTA GIUSTINA<\/strong> Il sindaco Ivan Minella di Santa Giustina aggiorna i cittadini sui recenti sviluppi e progetti in corso. Tra le opere completate spiccano il nuovo campo da calcio sintetico di via Pulliere e la messa in sicurezza del torrente Morol. Sono in corso i lavori per la sala polifunzionale e la scuola primaria di Meano, con l&#8217;attivazione del servizio mensa e l&#8217;installazione di un ascensore. Presto inizieranno nuovi progetti, come la costruzione di un campo da basket e l&#8217;ammodernamento dell&#8217;illuminazione pubblica con lampade a LED. Il comune ha inoltre acquistato nuovi mezzi per la polizia e per la squadra operai. \u00c8 stato riattivato un servizio di trasporto gratuito per le persone con disabilit\u00e0 e si lavora gi\u00e0 alla pianificazione della mostra mercato del 2024. Minella ringrazia la comunit\u00e0 per la collaborazione e invita i cittadini a partecipare attivamente alle iniziative.<\/p>\n<p>&nbsp;<\/p>\n<hr \/>\n<p>&nbsp;<\/p>\n<p><strong><a class=\"dt-pswp-item\" href=\"https:\/\/www.radiopiu.net\/wordpress\/wp-content\/uploads\/2024\/10\/COPER1.png\" data-dt-img-description=\"\" data-large_image_width=\"536\" data-large_image_height=\"349\"><img loading=\"lazy\" decoding=\"async\" class=\"size-medium wp-image-412430 alignleft\" src=\"https:\/\/www.radiopiu.net\/wordpress\/wp-content\/uploads\/2024\/10\/COPER1-300x195.png\" alt=\"\" width=\"300\" height=\"195\" srcset=\"https:\/\/www.radiopiu.net\/wordpress\/wp-content\/uploads\/2024\/10\/COPER1-300x195.png 300w, https:\/\/www.radiopiu.net\/wordpress\/wp-content\/uploads\/2024\/10\/COPER1.png 536w\" sizes=\"auto, (max-width: 300px) 100vw, 300px\" \/><\/a>LA GIUDIZIARIA OGGI<\/strong><br \/>\n<strong>DAL CORRIERE DELLE ALPI<\/strong><\/p>\n<p><strong>GIGI SOSSO<\/strong><\/p>\n<div class=\"group\/conversation-turn relative flex w-full min-w-0 flex-col agent-turn\">\n<div class=\"flex-col gap-1 md:gap-3\">\n<div class=\"flex max-w-full flex-col flex-grow\">\n<div class=\"min-h-8 text-message flex w-full flex-col items-end gap-2 whitespace-normal break-words [.text-message+&amp;]:mt-5\" dir=\"auto\" data-message-author-role=\"assistant\" data-message-id=\"a5982b18-cfe3-40ab-99f6-4183020d9619\">\n<div class=\"flex w-full flex-col gap-1 empty:hidden first:pt-[3px]\">\n<div class=\"markdown prose w-full break-words dark:prose-invert dark\">\n<blockquote><p><strong>Famiglia Accusata di Furti: Chieste Sei Condanne<\/strong><\/p><\/blockquote>\n<p><strong>BELLUNO<\/strong> Una famiglia di etnia sinti, accusata di furti in abitazioni, \u00e8 sotto processo. Secondo l\u2019accusa, la banda prendeva di mira anziani soli tra Belluno, Sedico e Fonzaso, poco dopo il lockdown del 2020. Le richieste del pubblico ministero Marta Tollardo prevedono condanne da 3 a 5 anni e mezzo di reclusione, con multe fino a 2.300 euro per sei imputati, tra cui Elisabet, Ornella e Vincenzo Levakovic. Il gruppo agiva con una strategia collaudata: le donne distraevano le vittime, mentre altri rubavano gioielli e bancomat. Le difese sostengono l\u2019assenza di prove certe. La sentenza \u00e8 prevista per il 9 dicembre.<\/p>\n<p>&nbsp;<\/p>\n<p>&nbsp;<\/p>\n<hr \/>\n<p>&nbsp;<\/p>\n<h1 class=\"_title post-title entry-title\"><a class=\"dt-pswp-item\" href=\"https:\/\/www.radiopiu.net\/wordpress\/wp-content\/uploads\/2023\/12\/ANTENNA.png\" data-dt-img-description=\"\" data-large_image_width=\"300\" data-large_image_height=\"166\"><img loading=\"lazy\" decoding=\"async\" class=\"wp-image-366306 alignleft\" src=\"https:\/\/www.radiopiu.net\/wordpress\/wp-content\/uploads\/2023\/12\/ANTENNA.png\" alt=\"\" width=\"175\" height=\"97\" \/><\/a>EMERGENZA CARCERE BALDENICH, IL SEN. MARTELLA RICHIAMA IL MINISTRO NORDIO<\/h1>\n<p>Intervistati ANDREA MARTELLA (SENATORE PARTITO DEMOCRATICO) (Servizio di\u00a0<a href=\"https:\/\/antennatre.medianordest.it\/redazione\/Tiziana-Bolognani\/\">Tiziana Bolognani<\/a>)<\/p>\n<p>&nbsp;<\/p>\n<p><iframe loading=\"lazy\" title=\"EMERGENZA CARCERE BALDENICH, IL SEN. MARTELLA RICHIAMA IL MINISTRO NORDIO | 03\/10\/2024\" width=\"1200\" height=\"675\" src=\"https:\/\/www.youtube.com\/embed\/_-Q-HNFkj6M?feature=oembed\" frameborder=\"0\" allow=\"accelerometer; autoplay; clipboard-write; encrypted-media; gyroscope; picture-in-picture; web-share\" referrerpolicy=\"strict-origin-when-cross-origin\" allowfullscreen><\/iframe><\/p>\n<\/div>\n<\/div>\n<\/div>\n<\/div>\n<\/div>\n<\/div>\n<p>&nbsp;<\/p>\n<hr \/>\n<p>&nbsp;<\/p>\n<div class=\"group\/conversation-turn relative flex w-full min-w-0 flex-col agent-turn\">\n<div class=\"flex-col gap-1 md:gap-3\">\n<div class=\"flex max-w-full flex-col flex-grow\">\n<div class=\"min-h-8 text-message flex w-full flex-col items-end gap-2 whitespace-normal break-words [.text-message+&amp;]:mt-5\" dir=\"auto\" data-message-author-role=\"assistant\" data-message-id=\"6a77d8b1-5929-4292-abd0-64b1dd6e9ee0\">\n<div class=\"flex w-full flex-col gap-1 empty:hidden first:pt-[3px]\">\n<div class=\"markdown prose w-full break-words dark:prose-invert dark\">\n<blockquote><p><strong><a class=\"dt-pswp-item\" href=\"https:\/\/www.radiopiu.net\/wordpress\/wp-content\/uploads\/2024\/06\/SindacoBelluno_OscarDePellegrin.jpg\" data-dt-img-description=\"\" data-large_image_width=\"2000\" data-large_image_height=\"1333\"><img loading=\"lazy\" decoding=\"async\" class=\" wp-image-396758 alignleft\" src=\"https:\/\/www.radiopiu.net\/wordpress\/wp-content\/uploads\/2024\/06\/SindacoBelluno_OscarDePellegrin-300x200.jpg\" alt=\"\" width=\"191\" height=\"127\" \/><\/a>Riqualificazione degli immobili pubblici di Belluno<\/strong><\/p><\/blockquote>\n<p><strong>BELLUNO<\/strong> Belluno \u00e8 inclusa nel Piano Citt\u00e0 degli Immobili Pubblici del Demanio, volto a riqualificare sei edifici, tra cui ex caserme e palazzi storici. Il sindaco Oscar De Pellegrin ha sottolineato l&#8217;importanza del progetto, che mira a preservare e modernizzare edifici simbolici della citt\u00e0, trasformandoli in spazi funzionali per la comunit\u00e0. L&#8217;accordo firmato a settembre coinvolge istituzioni, investitori e cittadini, e rappresenta un&#8217;opportunit\u00e0 per valorizzare il patrimonio storico, promuovendo al contempo crescita sostenibile e innovazione.<\/p>\n<\/div>\n<\/div>\n<\/div>\n<\/div>\n<\/div>\n<\/div>\n<p>&nbsp;<\/p>\n<p>&nbsp;<\/p>\n<hr \/>\n<p>&nbsp;<\/p>\n<p>&nbsp;<\/p>\n<p>&nbsp;<\/p>\n<blockquote>\n<h3>FESTIVAL DELLA CORALITA&#8217;, ALLA PRESENTAZIONE UFFICIALE L&#8217;ASSESSORE RAFFAELE ADDAMIANO<\/h3>\n<\/blockquote>\n<p><strong>BELLUNO<\/strong><\/p>\n<div class=\"flex max-w-full flex-col flex-grow\">\n<div class=\"min-h-8 text-message flex w-full flex-col items-end gap-2 whitespace-normal break-words [.text-message+&amp;]:mt-5\" dir=\"auto\" data-message-author-role=\"assistant\" data-message-id=\"c350ec93-645a-4c0c-bdde-e828e1a7248d\">\n<div class=\"flex w-full flex-col gap-1 empty:hidden first:pt-[3px]\">\n<div class=\"markdown prose w-full break-words dark:prose-invert dark\">\n<p>Dopo 18 anni, Belluno ospita la 12a edizione del Festival della Coralit\u00e0 Veneta, organizzato dall&#8217;ASAC Veneto. Dal 5 al 27 ottobre 2024, il festival animer\u00e0 chiese e sale del capoluogo e della provincia con concerti corali. L&#8217;evento gode del patrocinio del Comune di Belluno e della Regione Veneto. L&#8217;apertura avverr\u00e0 il 5 ottobre a Longarone con il concerto \u201cSi leva un canto\u201d in omaggio agli Alpini. Ingresso libero per tutti i concerti.<\/p>\n<\/div>\n<\/div>\n<\/div>\n<\/div>\n<div class=\"mb-2 flex gap-3 empty:hidden -ml-2\">\n<div class=\"items-center justify-start rounded-xl p-1 flex\">\n<div class=\"flex items-center\">\n<div class=\"flex items-center pb-0\"><\/div>\n<\/div>\n<\/div>\n<\/div>\n<p><iframe loading=\"lazy\" title=\"ADDAMIANO FESTIVAL CORALITA&#039;\" width=\"1200\" height=\"675\" src=\"https:\/\/www.youtube.com\/embed\/9rXdgqkFGvQ?feature=oembed\" frameborder=\"0\" allow=\"accelerometer; autoplay; clipboard-write; encrypted-media; gyroscope; picture-in-picture; web-share\" referrerpolicy=\"strict-origin-when-cross-origin\" allowfullscreen><\/iframe><\/p>\n<p>&nbsp;<\/p>\n<p>&nbsp;<\/p>\n<p>&nbsp;<\/p>\n<hr \/>\n<p>&nbsp;<\/p>\n<p>&nbsp;<\/p>\n<h2><span style=\"color: #ffcc00;\">TORNA IN SALA DON TAMIS AD AGORDO &#8220;SERE D&#8217;AUTUNNO&#8221; CON IL CAI DI AGORDO<\/span><\/h2>\n<p><strong><a class=\"dt-pswp-item\" href=\"https:\/\/www.radiopiu.net\/wordpress\/wp-content\/uploads\/2024\/10\/locandina.jpg\" data-dt-img-description=\"\" data-large_image_width=\"1207\" data-large_image_height=\"656\"><img loading=\"lazy\" decoding=\"async\" class=\" wp-image-412336 alignleft\" src=\"https:\/\/www.radiopiu.net\/wordpress\/wp-content\/uploads\/2024\/10\/locandina-300x163.jpg\" alt=\"\" width=\"219\" height=\"119\" srcset=\"https:\/\/www.radiopiu.net\/wordpress\/wp-content\/uploads\/2024\/10\/locandina-300x163.jpg 300w, https:\/\/www.radiopiu.net\/wordpress\/wp-content\/uploads\/2024\/10\/locandina-1024x557.jpg 1024w, https:\/\/www.radiopiu.net\/wordpress\/wp-content\/uploads\/2024\/10\/locandina-768x417.jpg 768w, https:\/\/www.radiopiu.net\/wordpress\/wp-content\/uploads\/2024\/10\/locandina.jpg 1207w\" sizes=\"auto, (max-width: 219px) 100vw, 219px\" \/><\/a>DI MIRKO MEZZACASA<\/strong><\/p>\n<p>OSPITI: Dario Dell&#8217;Osbel e Antonello Cibien<\/p>\n<audio class=\"wp-audio-shortcode\" id=\"audio-412223-10\" preload=\"none\" style=\"width: 100%;\" controls=\"controls\"><source type=\"audio\/mpeg\" src=\"https:\/\/www.radiopiu.net\/wordpress\/wp-content\/uploads\/2024\/10\/dario-dellosbel-antonelllo-cibien.mp3?_=10\" \/><a href=\"https:\/\/www.radiopiu.net\/wordpress\/wp-content\/uploads\/2024\/10\/dario-dellosbel-antonelllo-cibien.mp3\">https:\/\/www.radiopiu.net\/wordpress\/wp-content\/uploads\/2024\/10\/dario-dellosbel-antonelllo-cibien.mp3<\/a><\/audio>\n<p>&nbsp;<\/p>\n<p>&nbsp;<\/p>\n<p>&nbsp;<\/p>\n<hr \/>\n<p>&nbsp;<\/p>\n<blockquote>\n<h1>Il Formaggio Fodom Premiato a Terra Madre Salone del Gusto<\/h1>\n<\/blockquote>\n<p><a class=\"dt-pswp-item\" href=\"https:\/\/www.radiopiu.net\/wordpress\/wp-content\/uploads\/2024\/10\/Senza-nome-14.png\" data-dt-img-description=\"\" data-large_image_width=\"219\" data-large_image_height=\"137\"><img loading=\"lazy\" decoding=\"async\" class=\"size-full wp-image-412418 alignleft\" src=\"https:\/\/www.radiopiu.net\/wordpress\/wp-content\/uploads\/2024\/10\/Senza-nome-14.png\" alt=\"\" width=\"219\" height=\"137\" \/><\/a><strong>DI LORENZO SORATROI<\/strong><\/p>\n<p><strong>LIVINALLONGO<\/strong> Il formaggio Fodom della latteria di Livinallongo ha ricevuto un prestigioso riconoscimento a Terra Madre Salone del Gusto di Torino, ottenendo il titolo di &#8220;Custode dei prati stabili&#8221;. Questo premio, assegnato da Slow Food, celebra i produttori che preservano la biodiversit\u00e0 dei pascoli, rispettando l&#8217;ambiente e le tradizioni artigianali. La delegazione della latteria ha presentato il Fodom in due degustazioni, dove \u00e8 stato valutato superiore anche al Parmigiano Reggiano, ottenendo ottimi apprezzamenti e visibilit\u00e0 internazionale.<\/p>\n<p>&nbsp;<\/p>\n<p>&nbsp;<\/p>\n<p>&nbsp;<\/p>\n<hr \/>\n<p>&nbsp;<\/p>\n<blockquote>\n<h1>Favole al Balcone torna a Belluno il 6 ottobre<\/h1>\n<\/blockquote>\n<p>&nbsp;<\/p>\n<p><strong><a class=\"dt-pswp-item\" href=\"https:\/\/www.radiopiu.net\/wordpress\/wp-content\/uploads\/2024\/10\/POMI.png\" data-dt-img-description=\"\" data-large_image_width=\"262\" data-large_image_height=\"108\"><img loading=\"lazy\" decoding=\"async\" class=\"size-full wp-image-412278 alignleft\" src=\"https:\/\/www.radiopiu.net\/wordpress\/wp-content\/uploads\/2024\/10\/POMI.png\" alt=\"\" width=\"262\" height=\"108\" \/><\/a>BELLUNO<\/strong> Domenica il Centro Storico di Belluno si trasformer\u00e0 nuovamente in un teatro all\u2019aperto per &#8220;Favole al Balcone&#8221;, con storie recitate dai balconi dei palazzi storici. Famiglie e bambini sono invitati a vivere un pomeriggio magico. L&#8217;evento partir\u00e0 alle 16:00 con l&#8217;iscrizione presso la Casetta delle Fiabe in Piazza dei Martiri. Alle 16:30, una carovana di bambini e genitori, accompagnati da figuranti e sbandieratori, attraverser\u00e0 il centro storico, fermandosi sotto cinque balconi da cui verranno raccontate <a class=\"dt-pswp-item\" href=\"https:\/\/www.radiopiu.net\/wordpress\/wp-content\/uploads\/2024\/10\/220552706-d05b62cf-41f6-46fb-ae02-41fe027ac991.jpg\" data-dt-img-description=\"\" data-large_image_width=\"1280\" data-large_image_height=\"720\"><img loading=\"lazy\" decoding=\"async\" class=\"size-medium wp-image-412281 alignright\" src=\"https:\/\/www.radiopiu.net\/wordpress\/wp-content\/uploads\/2024\/10\/220552706-d05b62cf-41f6-46fb-ae02-41fe027ac991-300x169.jpg\" alt=\"\" width=\"300\" height=\"169\" srcset=\"https:\/\/www.radiopiu.net\/wordpress\/wp-content\/uploads\/2024\/10\/220552706-d05b62cf-41f6-46fb-ae02-41fe027ac991-300x169.jpg 300w, https:\/\/www.radiopiu.net\/wordpress\/wp-content\/uploads\/2024\/10\/220552706-d05b62cf-41f6-46fb-ae02-41fe027ac991-1024x576.jpg 1024w, https:\/\/www.radiopiu.net\/wordpress\/wp-content\/uploads\/2024\/10\/220552706-d05b62cf-41f6-46fb-ae02-41fe027ac991-768x432.jpg 768w, https:\/\/www.radiopiu.net\/wordpress\/wp-content\/uploads\/2024\/10\/220552706-d05b62cf-41f6-46fb-ae02-41fe027ac991.jpg 1280w\" sizes=\"auto, (max-width: 300px) 100vw, 300px\" \/><\/a>favole per tutte le et\u00e0. I cantastorie, tra cui Massimiliano Zampieri, Marco Corazza, Michela Broi, Cristina Gianni e Francesco Marchi, reciteranno favole pensate per unire bambini e adulti sui valori fondamentali, rallentando il ritmo della vita quotidiana e regalando un momento di riflessione condivisa. Per informazioni: <a href=\"http:\/\/www.bellunobambini.it\/programma\" target=\"_new\" rel=\"noopener\">www.bellunobambini.it\/programma<\/a><\/p>\n<p>&nbsp;<\/p>\n<p><span style=\"color: #ff0000;\"><strong>ALLA RADIO PIU&#8217;&#8230;.L&#8217;INVITO<\/strong><\/span><\/p>\n<audio class=\"wp-audio-shortcode\" id=\"audio-412223-11\" preload=\"none\" style=\"width: 100%;\" controls=\"controls\"><source type=\"audio\/mpeg\" src=\"https:\/\/www.radiopiu.net\/wordpress\/wp-content\/uploads\/2024\/10\/Favole-al-Balcone.mp3?_=11\" \/><a href=\"https:\/\/www.radiopiu.net\/wordpress\/wp-content\/uploads\/2024\/10\/Favole-al-Balcone.mp3\">https:\/\/www.radiopiu.net\/wordpress\/wp-content\/uploads\/2024\/10\/Favole-al-Balcone.mp3<\/a><\/audio>\n<p>&nbsp;<\/p>\n<p>&nbsp;<\/p>\n<hr \/>\n<p>&nbsp;<\/p>\n<blockquote>\n<h3>PIANO CITTA&#8217; IMMOBILI PUBBLICI DEL DEMANIO: PRESENTE ANCHE BELLUNO<\/h3>\n<\/blockquote>\n<p><strong><a class=\"dt-pswp-item\" href=\"https:\/\/www.radiopiu.net\/wordpress\/wp-content\/uploads\/2020\/06\/CASERMA-FANTUZZI.jpg\" data-dt-img-description=\"\" data-large_image_width=\"649\" data-large_image_height=\"426\"><img loading=\"lazy\" decoding=\"async\" class=\" wp-image-144841 alignleft\" src=\"https:\/\/www.radiopiu.net\/wordpress\/wp-content\/uploads\/2020\/06\/CASERMA-FANTUZZI-300x197.jpg\" alt=\"\" width=\"184\" height=\"121\" srcset=\"https:\/\/www.radiopiu.net\/wordpress\/wp-content\/uploads\/2020\/06\/CASERMA-FANTUZZI-300x197.jpg 300w, https:\/\/www.radiopiu.net\/wordpress\/wp-content\/uploads\/2020\/06\/CASERMA-FANTUZZI.jpg 649w\" sizes=\"auto, (max-width: 184px) 100vw, 184px\" \/><\/a>BELLUNO<\/strong> Il sindaco di Belluno, Oscar De Pellegrin, ha annunciato che la citt\u00e0 \u00e8 inclusa nel Piano Citt\u00e0 degli Immobili Pubblici, un progetto dell\u2019Agenzia del Demanio volto a riqualificare edifici abbandonati. A Belluno, sei immobili, tra cui le ex caserme Fantuzzi e Tasso, Palazzo dei Giuristi e Villa Montalban, verranno rifunzionalizzati per nuovi utilizzi. L&#8217;accordo firmato a settembre \u00e8 un passo importante per preservare il patrimonio storico della citt\u00e0 e creare spazi moderni e utili per i cittadini. Il progetto mira a coniugare tradizione e innovazione, promuovendo uno sviluppo sostenibile e inclusivo.<\/p>\n<p>&nbsp;<\/p>\n<p>&nbsp;<\/p>\n<hr \/>\n<p>&nbsp;<\/p>\n<blockquote>\n<h3>NOVITA&#8217; IMPORTANTI AL REPARTO GASTROENTEROLOGIA DEL SAN MARTINO DI BELLUNO<\/h3>\n<\/blockquote>\n<p><strong><a class=\"dt-pswp-item\" href=\"https:\/\/www.radiopiu.net\/wordpress\/wp-content\/uploads\/2024\/10\/4fd56b98-9432-428f-ba9c-fdd3eeb4722a-scaled.jpg\" data-dt-img-description=\"\" data-large_image_width=\"2560\" data-large_image_height=\"1920\"><img loading=\"lazy\" decoding=\"async\" class=\" wp-image-412321 alignleft\" src=\"https:\/\/www.radiopiu.net\/wordpress\/wp-content\/uploads\/2024\/10\/4fd56b98-9432-428f-ba9c-fdd3eeb4722a-300x225.jpg\" alt=\"\" width=\"205\" height=\"154\" srcset=\"https:\/\/www.radiopiu.net\/wordpress\/wp-content\/uploads\/2024\/10\/4fd56b98-9432-428f-ba9c-fdd3eeb4722a-300x225.jpg 300w, https:\/\/www.radiopiu.net\/wordpress\/wp-content\/uploads\/2024\/10\/4fd56b98-9432-428f-ba9c-fdd3eeb4722a-1024x768.jpg 1024w, https:\/\/www.radiopiu.net\/wordpress\/wp-content\/uploads\/2024\/10\/4fd56b98-9432-428f-ba9c-fdd3eeb4722a-768x576.jpg 768w, https:\/\/www.radiopiu.net\/wordpress\/wp-content\/uploads\/2024\/10\/4fd56b98-9432-428f-ba9c-fdd3eeb4722a-1536x1152.jpg 1536w, https:\/\/www.radiopiu.net\/wordpress\/wp-content\/uploads\/2024\/10\/4fd56b98-9432-428f-ba9c-fdd3eeb4722a-2048x1536.jpg 2048w\" sizes=\"auto, (max-width: 205px) 100vw, 205px\" \/><\/a>BELLUNO<\/strong> L&#8217;Ulss 1 Dolomiti fa il punto sull&#8217;attivit\u00e0 del reparto di Gastroenterologia dell&#8217;Ospedale San Martino di Belluno: novit\u00e0 importanti arrivano dagli sviluppi tecnologici, ma resta fondamentale la formazione.<\/p>\n<p><strong>DI DANIELE DALVIT<\/strong><\/p>\n<audio class=\"wp-audio-shortcode\" id=\"audio-412223-12\" preload=\"none\" style=\"width: 100%;\" controls=\"controls\"><source type=\"audio\/mpeg\" src=\"https:\/\/www.radiopiu.net\/wordpress\/wp-content\/uploads\/2024\/10\/Servizio-Gastroenterologia-San-Martino-Ulss.mp3?_=12\" \/><a href=\"https:\/\/www.radiopiu.net\/wordpress\/wp-content\/uploads\/2024\/10\/Servizio-Gastroenterologia-San-Martino-Ulss.mp3\">https:\/\/www.radiopiu.net\/wordpress\/wp-content\/uploads\/2024\/10\/Servizio-Gastroenterologia-San-Martino-Ulss.mp3<\/a><\/audio>\n<p>&nbsp;<\/p>\n<hr \/>\n<p>&nbsp;<\/p>\n<blockquote>\n<h3 class=\"titolonews\">Via libera dalla Quinta Commissione consiliare al disegno di legge per l\u2019incremento dei fondi contrattuali delle Aziende ed Enti del Servizio sanitario regionale<\/h3>\n<\/blockquote>\n<p><strong><a class=\"dt-pswp-item\" href=\"https:\/\/www.radiopiu.net\/wordpress\/wp-content\/uploads\/2021\/11\/INFERMIERE-OSS.png\" data-dt-img-description=\"\" data-large_image_width=\"1784\" data-large_image_height=\"1068\"><img loading=\"lazy\" decoding=\"async\" class=\" wp-image-242263 alignleft\" src=\"https:\/\/www.radiopiu.net\/wordpress\/wp-content\/uploads\/2021\/11\/INFERMIERE-OSS-300x180.png\" alt=\"\" width=\"148\" height=\"89\" srcset=\"https:\/\/www.radiopiu.net\/wordpress\/wp-content\/uploads\/2021\/11\/INFERMIERE-OSS-300x180.png 300w, https:\/\/www.radiopiu.net\/wordpress\/wp-content\/uploads\/2021\/11\/INFERMIERE-OSS-1024x613.png 1024w, https:\/\/www.radiopiu.net\/wordpress\/wp-content\/uploads\/2021\/11\/INFERMIERE-OSS-768x460.png 768w, https:\/\/www.radiopiu.net\/wordpress\/wp-content\/uploads\/2021\/11\/INFERMIERE-OSS-1536x920.png 1536w, https:\/\/www.radiopiu.net\/wordpress\/wp-content\/uploads\/2021\/11\/INFERMIERE-OSS.png 1784w\" sizes=\"auto, (max-width: 148px) 100vw, 148px\" \/><\/a>VENEZIA<\/strong> La Quinta Commissione consiliare del Veneto ha approvato un progetto di legge, promosso dalla Giunta regionale, per incrementare i fondi contrattuali delle Aziende e degli Enti del Servizio sanitario regionale. Questo provvedimento valorizzer\u00e0 il personale sanitario, tenendo conto delle attivit\u00e0 svolte in zone disagiate e delle carenze di organico registrate negli ultimi tre anni. Il progetto prevede un riequilibrio dei fondi tra le varie aziende sanitarie, riducendo le disuguaglianze di trattamento economico. Per il triennio 2024-2026, verranno stanziati oltre 155 milioni di euro per migliorare le condizioni di lavoro e premiare i risultati del personale sanitario. L&#8217;assessore Manuela Lanzarin ha espresso soddisfazione per il consenso ricevuto da sindacati e stakeholder.<\/p>\n<p>&nbsp;<\/p>\n<hr \/>\n<p>&nbsp;<\/p>\n<p>&nbsp;<\/p>\n<h2><span style=\"color: #00ccff;\">JACOPO BRESSAN E LA SUA OFFICINA ITINERANTE<\/span><\/h2>\n<p><strong><a class=\"dt-pswp-item\" href=\"https:\/\/www.radiopiu.net\/wordpress\/wp-content\/uploads\/2024\/10\/images.jpg\" data-dt-img-description=\"\" data-large_image_width=\"259\" data-large_image_height=\"194\"><img loading=\"lazy\" decoding=\"async\" class=\" wp-image-412323 alignleft\" src=\"https:\/\/www.radiopiu.net\/wordpress\/wp-content\/uploads\/2024\/10\/images.jpg\" alt=\"\" width=\"152\" height=\"114\" \/><\/a>DI MIRKO MEZZACASA<\/strong><\/p>\n<p>OSPITE: Jacopo Bressan<\/p>\n<audio class=\"wp-audio-shortcode\" id=\"audio-412223-13\" preload=\"none\" style=\"width: 100%;\" controls=\"controls\"><source type=\"audio\/mpeg\" src=\"https:\/\/www.radiopiu.net\/wordpress\/wp-content\/uploads\/2024\/10\/JACOPO-BRESSAN-24.mp3?_=13\" \/><a href=\"https:\/\/www.radiopiu.net\/wordpress\/wp-content\/uploads\/2024\/10\/JACOPO-BRESSAN-24.mp3\">https:\/\/www.radiopiu.net\/wordpress\/wp-content\/uploads\/2024\/10\/JACOPO-BRESSAN-24.mp3<\/a><\/audio>\n<p>&nbsp;<\/p>\n<p>&nbsp;<\/p>\n<p>&nbsp;<\/p>\n<hr \/>\n<p>&nbsp;<\/p>\n<blockquote>\n<h3><a class=\"dt-pswp-item\" href=\"https:\/\/www.radiopiu.net\/wordpress\/wp-content\/uploads\/2021\/03\/LOGO-MILANO-CORTINA-2026.jpg\" data-dt-img-description=\"\" data-large_image_width=\"900\" data-large_image_height=\"838\"><img loading=\"lazy\" decoding=\"async\" class=\" wp-image-200160 alignleft\" src=\"https:\/\/www.radiopiu.net\/wordpress\/wp-content\/uploads\/2021\/03\/LOGO-MILANO-CORTINA-2026-300x279.jpg\" alt=\"\" width=\"100\" height=\"93\" \/><\/a>INCONTRO A ROMA PER MILANO &#8211; CORTINA 2026<\/h3>\n<\/blockquote>\n<p><strong>PER LE TRE RADIO BARBARA PAOLAZZI<\/strong><\/p>\n<audio class=\"wp-audio-shortcode\" id=\"audio-412223-14\" preload=\"none\" style=\"width: 100%;\" controls=\"controls\"><source type=\"audio\/mpeg\" src=\"https:\/\/www.radiopiu.net\/wordpress\/wp-content\/uploads\/2024\/10\/PAOLAZZI-INCONTRO-OLMPIADI-A-ROMA.mp3?_=14\" \/><a href=\"https:\/\/www.radiopiu.net\/wordpress\/wp-content\/uploads\/2024\/10\/PAOLAZZI-INCONTRO-OLMPIADI-A-ROMA.mp3\">https:\/\/www.radiopiu.net\/wordpress\/wp-content\/uploads\/2024\/10\/PAOLAZZI-INCONTRO-OLMPIADI-A-ROMA.mp3<\/a><\/audio>\n<p>&nbsp;<\/p>\n<blockquote>\n<h3>AL VIA L&#8217;ADESIONE PER LA PREVENDITA DEI BIGLIETTI DI MILANO &#8211; CORTINA 2026<\/h3>\n<\/blockquote>\n<p><strong>PER LE TRE RADIO BARBARA PAOLAZZI<\/strong><\/p>\n<audio class=\"wp-audio-shortcode\" id=\"audio-412223-15\" preload=\"none\" style=\"width: 100%;\" controls=\"controls\"><source type=\"audio\/mpeg\" src=\"https:\/\/www.radiopiu.net\/wordpress\/wp-content\/uploads\/2024\/10\/PAOLAZZI-BIGLIETTI-OLIMPIADI.mp3?_=15\" \/><a href=\"https:\/\/www.radiopiu.net\/wordpress\/wp-content\/uploads\/2024\/10\/PAOLAZZI-BIGLIETTI-OLIMPIADI.mp3\">https:\/\/www.radiopiu.net\/wordpress\/wp-content\/uploads\/2024\/10\/PAOLAZZI-BIGLIETTI-OLIMPIADI.mp3<\/a><\/audio>\n<p>&nbsp;<\/p>\n<p>&nbsp;<\/p>\n<p>&nbsp;<\/p>\n<hr \/>\n<p>&nbsp;<\/p>\n<h1 class=\"_title post-title entry-title\">RICAPITALIZZAZIONE LONGARONE FIERE, L\u2019ASTENSIONE DI \u2018FUTURA\u2019 E \u2018L\u2019ETICA DI PADRIN\u2019<\/h1>\n<p>&nbsp;<\/p>\n<p>Intervistati SINDI MANUSHI CONSIGLIERA \u201cFUTURA\u201d PROVINCIA DI BELLUNO (AL TELEFONO), ROBERTO PADRIN (PRESIDENTE PROVINCIA DI BELLUNO) (Servizio di\u00a0<a href=\"https:\/\/antennatre.medianordest.it\/redazione\/Tiziana-Bolognani\/\">Tiziana Bolognani<\/a>)<\/p>\n<p>&nbsp;<\/p>\n<p><iframe loading=\"lazy\" title=\"RICAPITALIZZAZIONE LONGARONE FIERE, L&#039;ASTENSIONE DI &#039;FUTURA&#039; E &#039;L&#039;ETICA DI PADRIN&#039; | 03\/10\/2024\" width=\"1200\" height=\"675\" src=\"https:\/\/www.youtube.com\/embed\/qJUgiaLy2dg?feature=oembed\" frameborder=\"0\" allow=\"accelerometer; autoplay; clipboard-write; encrypted-media; gyroscope; picture-in-picture; web-share\" referrerpolicy=\"strict-origin-when-cross-origin\" allowfullscreen><\/iframe><\/p>\n<p>&nbsp;<\/p>\n<p>&nbsp;<\/p>\n<hr \/>\n<p>&nbsp;<\/p>\n<blockquote>\n<h3><a class=\"dt-pswp-item\" href=\"https:\/\/www.radiopiu.net\/wordpress\/wp-content\/uploads\/2020\/03\/CUCCHINI.jpg\" data-dt-img-description=\"\" data-large_image_width=\"380\" data-large_image_height=\"245\"><img loading=\"lazy\" decoding=\"async\" class=\" wp-image-123337 alignleft\" src=\"https:\/\/www.radiopiu.net\/wordpress\/wp-content\/uploads\/2020\/03\/CUCCHINI-300x193.jpg\" alt=\"\" width=\"162\" height=\"104\" srcset=\"https:\/\/www.radiopiu.net\/wordpress\/wp-content\/uploads\/2020\/03\/CUCCHINI-300x193.jpg 300w, https:\/\/www.radiopiu.net\/wordpress\/wp-content\/uploads\/2020\/03\/CUCCHINI.jpg 380w\" sizes=\"auto, (max-width: 162px) 100vw, 162px\" \/><\/a>L&#8217;ATTENZIONE NELLA CURA, IL CORSO DELL&#8217;ASSOCIAZIONE CUCCHINI<\/h3>\n<\/blockquote>\n<p><strong>BELLUNO<\/strong><\/p>\n<p>DI ROBERTO BONA<\/p>\n<audio class=\"wp-audio-shortcode\" id=\"audio-412223-16\" preload=\"none\" style=\"width: 100%;\" controls=\"controls\"><source type=\"audio\/mpeg\" src=\"https:\/\/www.radiopiu.net\/wordpress\/wp-content\/uploads\/2024\/10\/BONA-lattenzione-nella-cura-dellassociazione-cucchini.mp3?_=16\" \/><a href=\"https:\/\/www.radiopiu.net\/wordpress\/wp-content\/uploads\/2024\/10\/BONA-lattenzione-nella-cura-dellassociazione-cucchini.mp3\">https:\/\/www.radiopiu.net\/wordpress\/wp-content\/uploads\/2024\/10\/BONA-lattenzione-nella-cura-dellassociazione-cucchini.mp3<\/a><\/audio>\n<p>&nbsp;<\/p>\n<p>&nbsp;<\/p>\n<hr \/>\n<p>&nbsp;<\/p>\n<blockquote>\n<h3>LE INIZIATIVE DI ADMO BELLUNO<\/h3>\n<\/blockquote>\n<p><strong><a class=\"dt-pswp-item\" href=\"https:\/\/www.radiopiu.net\/wordpress\/wp-content\/uploads\/2023\/05\/admo-logo.jpg\" data-dt-img-description=\"\" data-large_image_width=\"1200\" data-large_image_height=\"848\"><img loading=\"lazy\" decoding=\"async\" class=\" wp-image-336938 alignleft\" src=\"https:\/\/www.radiopiu.net\/wordpress\/wp-content\/uploads\/2023\/05\/admo-logo-300x212.jpg\" alt=\"\" width=\"174\" height=\"123\" srcset=\"https:\/\/www.radiopiu.net\/wordpress\/wp-content\/uploads\/2023\/05\/admo-logo-300x212.jpg 300w, https:\/\/www.radiopiu.net\/wordpress\/wp-content\/uploads\/2023\/05\/admo-logo-1024x724.jpg 1024w, https:\/\/www.radiopiu.net\/wordpress\/wp-content\/uploads\/2023\/05\/admo-logo-768x543.jpg 768w, https:\/\/www.radiopiu.net\/wordpress\/wp-content\/uploads\/2023\/05\/admo-logo.jpg 1200w\" sizes=\"auto, (max-width: 174px) 100vw, 174px\" \/><\/a>BELLUNO<\/strong> L&#8217;iniziativa &#8220;Match it Now&#8221; di ADMO, l&#8217;Associazione Nazionale Donatori di Midollo Osseo, \u00e8 ripartita il 21 settembre e continuer\u00e0 fino al 12 ottobre, con eventi di sensibilizzazione in tutta Italia. In Provincia di Belluno, gli incontri si sono svolti nelle scuole superiori, come l&#8217;Istituto Calvi e l&#8217;Istituto Agrario Della Lucia, per informare gli studenti sulla donazione del midollo osseo e offrire tipizzazioni salivari direttamente a scuola. ADMO ha anche collaborato con la DRL Volley Belluno, squadra che sostiene la causa. Inoltre, ADMO ha partecipato all&#8217;evento &#8220;Volontariato in Piazza&#8221; a Belluno per coinvolgere nuovi donatori tra i giovani.<\/p>\n<p>&nbsp;<\/p>\n<p>&nbsp;<\/p>\n<hr \/>\n<p>&nbsp;<\/p>\n<blockquote>\n<h3>IL LUPO DI DIGONERA A SPASSO SULLA STRADA<\/h3>\n<\/blockquote>\n<p><strong>REDAZIONE <\/strong>Riceviamo e pubblichiamo una foto da un profilo instagram che testimonia la presenza del lupo a Digonera. Il predatore era sulla strada ieri mattina verso le 7:30<\/p>\n<p><a class=\"dt-pswp-item\" href=\"https:\/\/www.radiopiu.net\/wordpress\/wp-content\/uploads\/2024\/10\/e3ec9dd1-8c44-426a-85fb-1b3f5478ac37.jpg\" data-dt-img-description=\"\" data-large_image_width=\"945\" data-large_image_height=\"2048\"><img loading=\"lazy\" decoding=\"async\" class=\"size-medium wp-image-412372 aligncenter\" src=\"https:\/\/www.radiopiu.net\/wordpress\/wp-content\/uploads\/2024\/10\/e3ec9dd1-8c44-426a-85fb-1b3f5478ac37-138x300.jpg\" alt=\"\" width=\"138\" height=\"300\" srcset=\"https:\/\/www.radiopiu.net\/wordpress\/wp-content\/uploads\/2024\/10\/e3ec9dd1-8c44-426a-85fb-1b3f5478ac37-138x300.jpg 138w, https:\/\/www.radiopiu.net\/wordpress\/wp-content\/uploads\/2024\/10\/e3ec9dd1-8c44-426a-85fb-1b3f5478ac37-473x1024.jpg 473w, https:\/\/www.radiopiu.net\/wordpress\/wp-content\/uploads\/2024\/10\/e3ec9dd1-8c44-426a-85fb-1b3f5478ac37-768x1664.jpg 768w, https:\/\/www.radiopiu.net\/wordpress\/wp-content\/uploads\/2024\/10\/e3ec9dd1-8c44-426a-85fb-1b3f5478ac37-709x1536.jpg 709w, https:\/\/www.radiopiu.net\/wordpress\/wp-content\/uploads\/2024\/10\/e3ec9dd1-8c44-426a-85fb-1b3f5478ac37.jpg 945w\" sizes=\"auto, (max-width: 138px) 100vw, 138px\" \/><\/a><\/p>\n<p>&nbsp;<\/p>\n<p>&nbsp;<\/p>\n<hr \/>\n<p>&nbsp;<\/p>\n<blockquote>\n<h2>QUANDO IL NIPOTE RICORDA, MOSTRAMI IL PASSATO: UN MUSEO NELLA VECCHIA STALLA<\/h2>\n<\/blockquote>\n<p><strong>DI GIANNI SANTOMASO<\/strong><\/p>\n<p>&nbsp;<\/p>\n<p><strong><a class=\"dt-pswp-item\" href=\"https:\/\/www.radiopiu.net\/wordpress\/wp-content\/uploads\/2024\/10\/FRASSENE-AGORDINO-Bepi2-Della-Lucia-orghen.jpg\" data-dt-img-description=\"\" data-large_image_width=\"984\" data-large_image_height=\"984\"><img loading=\"lazy\" decoding=\"async\" class=\"size-medium wp-image-412395 alignleft\" src=\"https:\/\/www.radiopiu.net\/wordpress\/wp-content\/uploads\/2024\/10\/FRASSENE-AGORDINO-Bepi2-Della-Lucia-orghen-300x300.jpg\" alt=\"\" width=\"300\" height=\"300\" srcset=\"https:\/\/www.radiopiu.net\/wordpress\/wp-content\/uploads\/2024\/10\/FRASSENE-AGORDINO-Bepi2-Della-Lucia-orghen-300x300.jpg 300w, https:\/\/www.radiopiu.net\/wordpress\/wp-content\/uploads\/2024\/10\/FRASSENE-AGORDINO-Bepi2-Della-Lucia-orghen-150x150.jpg 150w, https:\/\/www.radiopiu.net\/wordpress\/wp-content\/uploads\/2024\/10\/FRASSENE-AGORDINO-Bepi2-Della-Lucia-orghen-768x768.jpg 768w, https:\/\/www.radiopiu.net\/wordpress\/wp-content\/uploads\/2024\/10\/FRASSENE-AGORDINO-Bepi2-Della-Lucia-orghen.jpg 984w\" sizes=\"auto, (max-width: 300px) 100vw, 300px\" \/><\/a>VOLTAGO<\/strong>. Il ricordo di nonno Bepi in un piccolo museo realizzato nella vecchia stalla dal nipote Giovanni. Frassen\u00e9 Agordino. La ridente localit\u00e0 ai piedi dell\u2019Agn\u00e8r, un tempo all\u2019avanguardia in campo turistico, definita \u201cla piccola Cortina\u201d, dove l\u2019esule armeno Ohann\u00e9s Gurekian (1902-1984) aveva fondato la prima Pro Loco d\u2019italia, vive oggi, come altre comunit\u00e0 della montagna, la triste realt\u00e0 dello spopolamento e della chiusura di servizi e di attivit\u00e0 commerciali una volta fiorenti.<br \/>\nMa nonostante una cos\u00ec poco consolante situazione, suscita interesse e ammirazione l\u2019iniziativa di un giovane mosso dal desiderio di preservare un legame prezioso con il passato, di onorare le radici che hanno plasmato la storia della sua famiglia. \u00c8 l\u2019idea di una mostra, dal significativo titolo \u201cMostrami il passato\u201d, studiata e realizzata dal poco pi\u00f9 che <a class=\"dt-pswp-item\" href=\"https:\/\/www.radiopiu.net\/wordpress\/wp-content\/uploads\/2024\/10\/Frassene-Agordino-anni-50.jpg\" data-dt-img-description=\"\" data-large_image_width=\"1534\" data-large_image_height=\"949\"><img loading=\"lazy\" decoding=\"async\" class=\"size-medium wp-image-412396 alignright\" src=\"https:\/\/www.radiopiu.net\/wordpress\/wp-content\/uploads\/2024\/10\/Frassene-Agordino-anni-50-300x186.jpg\" alt=\"\" width=\"300\" height=\"186\" srcset=\"https:\/\/www.radiopiu.net\/wordpress\/wp-content\/uploads\/2024\/10\/Frassene-Agordino-anni-50-300x186.jpg 300w, https:\/\/www.radiopiu.net\/wordpress\/wp-content\/uploads\/2024\/10\/Frassene-Agordino-anni-50-1024x633.jpg 1024w, https:\/\/www.radiopiu.net\/wordpress\/wp-content\/uploads\/2024\/10\/Frassene-Agordino-anni-50-768x475.jpg 768w, https:\/\/www.radiopiu.net\/wordpress\/wp-content\/uploads\/2024\/10\/Frassene-Agordino-anni-50.jpg 1534w\" sizes=\"auto, (max-width: 300px) 100vw, 300px\" \/><\/a>ventenne Giovanni Della Lucia che l\u2019ha voluta dedicare alla vita del nonno Giuseppe Della Lucia, simpatica figura nota in tutta la Conca agordina (per tanti anni infermiere all\u2019ospedale di Agordo), anche col nomignolo di \u201cBepi2, \u00f2rghen\u201d, morto alla bella et\u00e0 di 95 anni nel luglio 2019, lasciando ovunque un amabile ricordo.<br \/>\n\u00c8 in sostanza un piccolo museo etnografico, comprendente moltissimi oggetti antichi, indispensabili per la vita nel \u2018900 nei nostri paesi ,ma non solo, che sar\u00e0 inaugurato, con il patrocinio dell\u2019Amministrazione comunale di Voltago, sabato prossimo 5 ottobre, alle ore 15, in via Costa dall\u2019Acqua, n.16. Una mostra permanente, anche con video riassuntivo e spiegazione dei vari utensili e accessori esposti, che potr\u00e0 essere visitata da tutti pure sul sito internet https:\/\/www.mostrabepiorghen.com\/ realizzato ad hoc e aperta al pubblico contattando l\u2019indirizzo mail: info@mostrabepiorghen.com<br \/>\n\u00abE? un tributo affettuoso al nonno Bepi, e al mondo incantevole situato tra le maestose vette dell\u2019Agordino\u00bb, spiega Giovanni, \u00abuna testimonianza delle esperienze e delle storie che hanno tessuto la storia della nostra vita familiare, un omaggio alla resilienza, alla passione e all\u2019amore che hanno caratterizzato le vite dei nonni Bepi e Maria. Attraverso la mostra, che ha preso forma nella vecchia stalla della nostra famiglia, abbiamo cercato di preservare e condividere un pezzo di storia che altrimenti rischierebbe di scomparire nel passare del tempo\u00bb.<br \/>\nFOTO &#8211; Il nonno Giuseppe \u201cBepi2 \u00f2rghen\u201d Della Lucia; \u00a0Frasen\u00e9 Agordino in un\u2019immagine degli anni \u201950.<\/p>\n<p>&nbsp;<\/p>\n<p>&nbsp;<\/p>\n<hr \/>\n<p>&nbsp;<\/p>\n<blockquote>\n<h2>DOMANI AL &#8220;MONSIGNOR SAVIO&#8221; IL TEATRO DI FAORO<\/h2>\n<\/blockquote>\n<p><strong>AGORDO<\/strong>. \u201cL\u2019albergo dei Nevrastenici\u201d, spettacolo comico liberamente tratto da un\u2019opera di Gino Rocca, sar\u00e0 portato in scena sabato prossimo, 5 ottobre, alle ore 20.30, all\u2019Auditorium \u201cMonsignor Vincenzo Savio\u201d di Agordo. Lo propone \u201cTeatro del cuore\u201d, l\u2019affermata compagnia feltrina, per la regia e drammaturgia del suo presidente e noto attore Roberto Faoro. Entrata a offerta libera.<\/p>\n<p><a class=\"dt-pswp-item\" href=\"https:\/\/www.radiopiu.net\/wordpress\/wp-content\/uploads\/2024\/10\/AGORDO-Scena-de-Lalbergo-dei-nevrastenici.jpg\" data-dt-img-description=\"\" data-large_image_width=\"880\" data-large_image_height=\"880\"><img loading=\"lazy\" decoding=\"async\" class=\"size-medium wp-image-412393 aligncenter\" src=\"https:\/\/www.radiopiu.net\/wordpress\/wp-content\/uploads\/2024\/10\/AGORDO-Scena-de-Lalbergo-dei-nevrastenici-300x300.jpg\" alt=\"\" width=\"300\" height=\"300\" srcset=\"https:\/\/www.radiopiu.net\/wordpress\/wp-content\/uploads\/2024\/10\/AGORDO-Scena-de-Lalbergo-dei-nevrastenici-300x300.jpg 300w, https:\/\/www.radiopiu.net\/wordpress\/wp-content\/uploads\/2024\/10\/AGORDO-Scena-de-Lalbergo-dei-nevrastenici-150x150.jpg 150w, https:\/\/www.radiopiu.net\/wordpress\/wp-content\/uploads\/2024\/10\/AGORDO-Scena-de-Lalbergo-dei-nevrastenici-768x768.jpg 768w, https:\/\/www.radiopiu.net\/wordpress\/wp-content\/uploads\/2024\/10\/AGORDO-Scena-de-Lalbergo-dei-nevrastenici.jpg 880w\" sizes=\"auto, (max-width: 300px) 100vw, 300px\" \/>\u00a0<\/a><\/p>\n<p>&nbsp;<\/p>\n<p>&nbsp;<\/p>\n<hr \/>\n<p>&nbsp;<\/p>\n<blockquote>\n<h3>RIVA L&#8217;OKTOBERFEST A RIVAMONTE&#8230;CON DOLOMITI BEER &amp; WINE BEER DI TAIBON<\/h3>\n<\/blockquote>\n<p><strong><a class=\"dt-pswp-item\" href=\"https:\/\/www.radiopiu.net\/wordpress\/wp-content\/uploads\/2024\/10\/5e470011-d042-4192-b606-8c06db8b3a37.jpg\" data-dt-img-description=\"\" data-large_image_width=\"1153\" data-large_image_height=\"1600\"><img loading=\"lazy\" decoding=\"async\" class=\" wp-image-411999 alignleft\" src=\"https:\/\/www.radiopiu.net\/wordpress\/wp-content\/uploads\/2024\/10\/5e470011-d042-4192-b606-8c06db8b3a37-216x300.jpg\" alt=\"\" width=\"114\" height=\"158\" srcset=\"https:\/\/www.radiopiu.net\/wordpress\/wp-content\/uploads\/2024\/10\/5e470011-d042-4192-b606-8c06db8b3a37-216x300.jpg 216w, https:\/\/www.radiopiu.net\/wordpress\/wp-content\/uploads\/2024\/10\/5e470011-d042-4192-b606-8c06db8b3a37-738x1024.jpg 738w, https:\/\/www.radiopiu.net\/wordpress\/wp-content\/uploads\/2024\/10\/5e470011-d042-4192-b606-8c06db8b3a37-768x1066.jpg 768w, https:\/\/www.radiopiu.net\/wordpress\/wp-content\/uploads\/2024\/10\/5e470011-d042-4192-b606-8c06db8b3a37-1107x1536.jpg 1107w, https:\/\/www.radiopiu.net\/wordpress\/wp-content\/uploads\/2024\/10\/5e470011-d042-4192-b606-8c06db8b3a37.jpg 1153w\" sizes=\"auto, (max-width: 114px) 100vw, 114px\" \/><\/a>RIVAMONTE<\/strong> Conto alla rovescia per la quarta edizione di &#8220;Riva L&#8217;Oktoberfest&#8221; a Rivamonte. Anche quest&#8217;anno la Pro Loco di Rivamonte ha messo a disposizione il tendone riscaldato per festeggiare la festa della birra. Sar\u00e0 Dolomiti Beer &amp; Wine Shop di Taibon a fornire la tipica birra bavarese e tutto il necessario per offrire al pubblico una birra perfetta. L&#8217;evento del weekend, dall&#8217;11 al 13 ottobre, promette tre giornate di divertimento e ottimo cibo in stile bavarese. Venerd\u00ec si inizia con un Happy Hour accompagnato dalla musica live della Sritz Band. Sabato sar\u00e0 dedicato ai piatti bavaresi e alla musica Oberkrainer con il Koa Quintett, seguito da un DJ set. Domenica ci saranno esposizioni, dimostrazioni e il gran finale con la porchetta. Durante tutto il weekend, saranno serviti piatti tradizionali come stinco, wurstel, crauti, canederli e spatzle, accompagnati da birra fresca in bicchieri da mezzo litro. Il tendone riscaldato garantisce un&#8217;atmosfera accogliente, e chi indossa abiti tirolesi \u00e8 il benvenuto.<\/p>\n<p>&nbsp;<\/p>\n<p>&nbsp;<\/p>\n<p>&nbsp;<\/p>\n<hr \/>\n<p>&nbsp;<\/p>\n<blockquote>\n<h3>A TEATRO CON LA PRO LOCO CASTIONESE<\/h3>\n<\/blockquote>\n<p><strong><a class=\"dt-pswp-item\" href=\"https:\/\/www.radiopiu.net\/wordpress\/wp-content\/uploads\/2024\/10\/5-VIE.png\" data-dt-img-description=\"\" data-large_image_width=\"883\" data-large_image_height=\"586\"><img loading=\"lazy\" decoding=\"async\" class=\" wp-image-412023 alignleft\" src=\"https:\/\/www.radiopiu.net\/wordpress\/wp-content\/uploads\/2024\/10\/5-VIE-300x199.png\" alt=\"\" width=\"169\" height=\"112\" srcset=\"https:\/\/www.radiopiu.net\/wordpress\/wp-content\/uploads\/2024\/10\/5-VIE-300x199.png 300w, https:\/\/www.radiopiu.net\/wordpress\/wp-content\/uploads\/2024\/10\/5-VIE-768x510.png 768w, https:\/\/www.radiopiu.net\/wordpress\/wp-content\/uploads\/2024\/10\/5-VIE.png 883w\" sizes=\"auto, (max-width: 169px) 100vw, 169px\" \/><\/a>BELLUNO<\/strong> La Rassegna Teatrale &#8220;5Vie&#8221; 2024 al Teatro San Gaetano di Castion propone cinque spettacoli che esplorano il tema della follia. Si apre il 12 ottobre con <em>Riccardo III: Il sole di York brucia<\/em>, una riflessione sul lato oscuro dell\u2019animo umano. Il 19 ottobre segue <em>Mar\u00eda<\/em>, tratta dai racconti di Gabriel Garc\u00eda M\u00e1rquez, che esplora il confine tra normalit\u00e0 e pazzia. Il 9 novembre, <em>Gianni<\/em> racconta la vita di un uomo segnato dalla malattia mentale. Il 23 novembre, <em>Chi ama brucia<\/em> affronta la realt\u00e0 dei CIE per migranti. La rassegna si chiude il 30 novembre con <em>R.R.<\/em>, la storia di Rolandina Roncaglia e la sua lotta per l\u2019identit\u00e0 di genere nel XIV secolo.<\/p>\n<p>&nbsp;<\/p>\n<p>&nbsp;<\/p>\n<hr \/>\n<p>&nbsp;<\/p>\n<blockquote>\n<h3>OLTRE LE VETTE 2024: A BELLUNO DAL 4 AL 13 OTTOBRE<\/h3>\n<\/blockquote>\n<p><strong><a class=\"dt-pswp-item\" href=\"https:\/\/www.radiopiu.net\/wordpress\/wp-content\/uploads\/2021\/05\/TEATRO-COMUNALE-BELLUNO.jpg\" data-dt-img-description=\"\" data-large_image_width=\"550\" data-large_image_height=\"435\"><img loading=\"lazy\" decoding=\"async\" class=\" wp-image-212942 alignleft\" src=\"https:\/\/www.radiopiu.net\/wordpress\/wp-content\/uploads\/2021\/05\/TEATRO-COMUNALE-BELLUNO-300x237.jpg\" alt=\"\" width=\"194\" height=\"153\" srcset=\"https:\/\/www.radiopiu.net\/wordpress\/wp-content\/uploads\/2021\/05\/TEATRO-COMUNALE-BELLUNO-300x237.jpg 300w, https:\/\/www.radiopiu.net\/wordpress\/wp-content\/uploads\/2021\/05\/TEATRO-COMUNALE-BELLUNO.jpg 550w\" sizes=\"auto, (max-width: 194px) 100vw, 194px\" \/><\/a>DI MIRKO MEZZACASA<\/strong><\/p>\n<p>OSPITE: Valentina Ciprian<\/p>\n<audio class=\"wp-audio-shortcode\" id=\"audio-412223-17\" preload=\"none\" style=\"width: 100%;\" controls=\"controls\"><source type=\"audio\/mpeg\" src=\"https:\/\/www.radiopiu.net\/wordpress\/wp-content\/uploads\/2024\/10\/VALENTINA-CIPRIAN-OLTRE-LE-VETTE.mp3?_=17\" \/><a href=\"https:\/\/www.radiopiu.net\/wordpress\/wp-content\/uploads\/2024\/10\/VALENTINA-CIPRIAN-OLTRE-LE-VETTE.mp3\">https:\/\/www.radiopiu.net\/wordpress\/wp-content\/uploads\/2024\/10\/VALENTINA-CIPRIAN-OLTRE-LE-VETTE.mp3<\/a><\/audio>\n<p>&nbsp;<\/p>\n<hr \/>\n<p>&nbsp;<\/p>\n<blockquote>\n<h3>AD APRIRE OLTRE LE VETTE LO SPETTACOLO &#8220;ANIMA&#8221;<\/h3>\n<\/blockquote>\n<p><strong>BELLUNO<\/strong> Lo spettacolo &#8220;ANIMA&#8221; inaugurer\u00e0 il festival <em>Oltre le Vette<\/em> a Belluno oggi al Teatro Dino Buzzati. Diretto da Andrea Brunello e con la musica di Giovanni Bonato, racconta la storia dell&#8217;Avez del Prinzep, un maestoso abete bianco abbattuto dal vento nel 2017, richiamando anche la devastazione della tempesta Vaia. L\u2019abete, il pi\u00f9 alto d\u2019Europa, era un simbolo degli Altipiani Cimbri, celebrato da Mario Rigoni Stern. Gli strumenti musicali utilizzati nello spettacolo sono stati realizzati con il legno dell&#8217;albero, creando un\u2019esperienza emozionante che unisce musica, narrazione e riflessione sul legame tra uomo e natura in un&#8217;epoca di cambiamenti climatici.<\/p>\n<p>&nbsp;<\/p>\n<p>&nbsp;<\/p>\n<hr \/>\n<p>&nbsp;<\/p>\n<div class=\"flex max-w-full flex-col flex-grow\">\n<div class=\"min-h-8 text-message flex w-full flex-col items-end gap-2 whitespace-normal break-words [.text-message+&amp;]:mt-5\" dir=\"auto\" data-message-author-role=\"assistant\" data-message-id=\"fdef4867-37be-40c3-b7e8-a66f67773ec4\">\n<div class=\"flex w-full flex-col gap-1 empty:hidden first:pt-[3px]\">\n<div class=\"group\/conversation-turn relative flex w-full min-w-0 flex-col agent-turn\">\n<div class=\"flex-col gap-1 md:gap-3\">\n<div class=\"flex max-w-full flex-col flex-grow\">\n<div class=\"min-h-8 text-message flex w-full flex-col items-end gap-2 whitespace-normal break-words [.text-message+&amp;]:mt-5\" dir=\"auto\" data-message-author-role=\"assistant\" data-message-id=\"4b0e4a52-fd67-493b-9b21-8b4abf75135c\">\n<div class=\"flex w-full flex-col gap-1 empty:hidden first:pt-[3px]\">\n<div class=\"markdown prose w-full break-words dark:prose-invert dark\">\n<blockquote><p><strong>Oltre le Vette: Rassegna di Libri e Montagna a Palazzo Bembo<\/strong><\/p><\/blockquote>\n<p><strong>BELLUNO<\/strong> La Sala dell\u2019Affresco di Palazzo Bembo a Belluno sar\u00e0 il cuore della rassegna letteraria &#8220;Oltre le Vette&#8221;, dedicata ai libri sulla montagna. L\u2019evento, che ha visto centinaia di opere presentate nel corso degli anni, continua anche quest&#8217;anno con appuntamenti importanti. Sabato 5 ottobre, Caterina De Boni aprir\u00e0 la rassegna con il libro <em>A passo di pecora<\/em>, seguito da altre presentazioni di autori e opere legate all\u2019alpinismo, alla natura e alla cultura delle montagne. L\u2019ingresso \u00e8 libero.<\/p>\n<\/div>\n<\/div>\n<\/div>\n<\/div>\n<\/div>\n<\/div>\n<p><a class=\"dt-pswp-item\" href=\"https:\/\/www.radiopiu.net\/wordpress\/wp-content\/uploads\/2024\/10\/caterinadeboni.jpeg\" data-dt-img-description=\"\" data-large_image_width=\"675\" data-large_image_height=\"1200\"><img loading=\"lazy\" decoding=\"async\" class=\"alignnone wp-image-412151\" src=\"https:\/\/www.radiopiu.net\/wordpress\/wp-content\/uploads\/2024\/10\/caterinadeboni-169x300.jpeg\" alt=\"\" width=\"92\" height=\"164\" srcset=\"https:\/\/www.radiopiu.net\/wordpress\/wp-content\/uploads\/2024\/10\/caterinadeboni-169x300.jpeg 169w, https:\/\/www.radiopiu.net\/wordpress\/wp-content\/uploads\/2024\/10\/caterinadeboni-576x1024.jpeg 576w, https:\/\/www.radiopiu.net\/wordpress\/wp-content\/uploads\/2024\/10\/caterinadeboni.jpeg 675w\" sizes=\"auto, (max-width: 92px) 100vw, 92px\" \/><\/a><a class=\"dt-pswp-item\" href=\"https:\/\/www.radiopiu.net\/wordpress\/wp-content\/uploads\/2024\/10\/danielezovi.jpg\" data-dt-img-description=\"\" data-large_image_width=\"1280\" data-large_image_height=\"720\"><img loading=\"lazy\" decoding=\"async\" class=\"alignnone size-medium wp-image-412152\" src=\"https:\/\/www.radiopiu.net\/wordpress\/wp-content\/uploads\/2024\/10\/danielezovi-300x169.jpg\" alt=\"\" width=\"300\" height=\"169\" srcset=\"https:\/\/www.radiopiu.net\/wordpress\/wp-content\/uploads\/2024\/10\/danielezovi-300x169.jpg 300w, https:\/\/www.radiopiu.net\/wordpress\/wp-content\/uploads\/2024\/10\/danielezovi-1024x576.jpg 1024w, https:\/\/www.radiopiu.net\/wordpress\/wp-content\/uploads\/2024\/10\/danielezovi-768x432.jpg 768w, https:\/\/www.radiopiu.net\/wordpress\/wp-content\/uploads\/2024\/10\/danielezovi.jpg 1280w\" sizes=\"auto, (max-width: 300px) 100vw, 300px\" \/><\/a><a class=\"dt-pswp-item\" href=\"https:\/\/www.radiopiu.net\/wordpress\/wp-content\/uploads\/2024\/10\/stefanogavaconmiottoebee-scaled.jpg\" data-dt-img-description=\"\" data-large_image_width=\"2560\" data-large_image_height=\"1707\"><img loading=\"lazy\" decoding=\"async\" class=\"alignnone wp-image-412153\" src=\"https:\/\/www.radiopiu.net\/wordpress\/wp-content\/uploads\/2024\/10\/stefanogavaconmiottoebee-300x200.jpg\" alt=\"\" width=\"251\" height=\"167\" srcset=\"https:\/\/www.radiopiu.net\/wordpress\/wp-content\/uploads\/2024\/10\/stefanogavaconmiottoebee-300x200.jpg 300w, https:\/\/www.radiopiu.net\/wordpress\/wp-content\/uploads\/2024\/10\/stefanogavaconmiottoebee-1024x683.jpg 1024w, https:\/\/www.radiopiu.net\/wordpress\/wp-content\/uploads\/2024\/10\/stefanogavaconmiottoebee-768x512.jpg 768w, https:\/\/www.radiopiu.net\/wordpress\/wp-content\/uploads\/2024\/10\/stefanogavaconmiottoebee-1536x1024.jpg 1536w, https:\/\/www.radiopiu.net\/wordpress\/wp-content\/uploads\/2024\/10\/stefanogavaconmiottoebee-2048x1365.jpg 2048w\" sizes=\"auto, (max-width: 251px) 100vw, 251px\" \/><\/a><\/p>\n<\/div>\n<\/div>\n<\/div>\n<p>&nbsp;<\/p>\n<hr \/>\n<p>&nbsp;<\/p>\n<p>&nbsp;<\/p>\n<p>&nbsp;<\/p>\n<div align=\"center\"><b><i><a class=\"dt-pswp-item\" href=\"https:\/\/www.radiopiu.net\/wordpress\/wp-content\/uploads\/2024\/10\/book-283251_640.jpg\" data-dt-img-description=\"\" data-large_image_width=\"640\" data-large_image_height=\"428\"><img loading=\"lazy\" decoding=\"async\" class=\" wp-image-412154 alignleft\" src=\"https:\/\/www.radiopiu.net\/wordpress\/wp-content\/uploads\/2024\/10\/book-283251_640-300x201.jpg\" alt=\"\" width=\"188\" height=\"126\" srcset=\"https:\/\/www.radiopiu.net\/wordpress\/wp-content\/uploads\/2024\/10\/book-283251_640-300x201.jpg 300w, https:\/\/www.radiopiu.net\/wordpress\/wp-content\/uploads\/2024\/10\/book-283251_640.jpg 640w\" sizes=\"auto, (max-width: 188px) 100vw, 188px\" \/><\/a>Domenica di carta 2024 (13 ottobre)<\/i><\/b><\/div>\n<p><strong>BELLUNO<\/strong> Per celebrare i 50 anni dell&#8217;Archivio di Stato di Belluno, sar\u00e0 allestita una mostra &#8220;pluritematica&#8221; con documenti dalle mostre pi\u00f9 rilevanti del passato. L&#8217;evento avr\u00e0 luogo domenica 13 ottobre dalle 9 alle 13, con ingresso gratuito.<\/p>\n<p>&nbsp;<\/p>\n<p>&nbsp;<\/p>\n<p>&nbsp;<\/p>\n<hr \/>\n<h3><span style=\"font-size: 14px; font-weight: normal;\">\u00a0\u00a0<\/span><\/h3>\n<blockquote>\n<h3>A SOSPIROLO LO SPETTACOLO L&#8217;ARIA SA DI TEMPESTA<\/h3>\n<\/blockquote>\n<p><strong>SOSPIROLO<\/strong><\/p>\n<p>DI ROBERTO BONA<\/p>\n<audio class=\"wp-audio-shortcode\" id=\"audio-412223-18\" preload=\"none\" style=\"width: 100%;\" controls=\"controls\"><source type=\"audio\/mpeg\" src=\"https:\/\/www.radiopiu.net\/wordpress\/wp-content\/uploads\/2024\/10\/BONA-A-SOSPIROLO-LO-SPETTACOLO-LARIA-SA-DI-TEMPESTA-SCADENZA-5-OTTOBRE.mp3?_=18\" \/><a href=\"https:\/\/www.radiopiu.net\/wordpress\/wp-content\/uploads\/2024\/10\/BONA-A-SOSPIROLO-LO-SPETTACOLO-LARIA-SA-DI-TEMPESTA-SCADENZA-5-OTTOBRE.mp3\">https:\/\/www.radiopiu.net\/wordpress\/wp-content\/uploads\/2024\/10\/BONA-A-SOSPIROLO-LO-SPETTACOLO-LARIA-SA-DI-TEMPESTA-SCADENZA-5-OTTOBRE.mp3<\/a><\/audio>\n<p>&nbsp;<\/p>\n<p>&nbsp;<\/p>\n<hr \/>\n<p>&nbsp;<\/p>\n<blockquote>\n<h3>IL VENETO LEGGE A BORGO VALBELLUNA<\/h3>\n<\/blockquote>\n<p class=\"mceTemp\"><strong>BORGO VALBELLUNA<\/strong><\/p>\n<p class=\"mceTemp\">DI ROBERTO BONA<\/p>\n<audio class=\"wp-audio-shortcode\" id=\"audio-412223-19\" preload=\"none\" style=\"width: 100%;\" controls=\"controls\"><source type=\"audio\/mpeg\" src=\"https:\/\/www.radiopiu.net\/wordpress\/wp-content\/uploads\/2024\/09\/BONA-VENETO-LEGGE-BORGO-VALBELLUNA.mp3?_=19\" \/><a href=\"https:\/\/www.radiopiu.net\/wordpress\/wp-content\/uploads\/2024\/09\/BONA-VENETO-LEGGE-BORGO-VALBELLUNA.mp3\">https:\/\/www.radiopiu.net\/wordpress\/wp-content\/uploads\/2024\/09\/BONA-VENETO-LEGGE-BORGO-VALBELLUNA.mp3<\/a><\/audio>\n<p>&nbsp;<\/p>\n<p>&nbsp;<\/p>\n<hr \/>\n<p><span style=\"color: #ff6600;\">\u00a0<\/span><\/p>\n<h2><span style=\"color: #ff6600;\">IERI ALLA RADIO\u00a0<\/span><\/h2>\n<h2><span style=\"color: #800080;\">&#8230;QUANDO IL VINO RACCONTA. il nuovo format alla radio<\/span><\/h2>\n<p><strong><a class=\"dt-pswp-item\" href=\"https:\/\/www.radiopiu.net\/wordpress\/wp-content\/uploads\/2024\/06\/Senza-nome-87.png\" data-dt-img-description=\"\" data-large_image_width=\"638\" data-large_image_height=\"350\"><img loading=\"lazy\" decoding=\"async\" class=\" wp-image-412307 alignleft\" src=\"https:\/\/www.radiopiu.net\/wordpress\/wp-content\/uploads\/2024\/06\/Senza-nome-87-300x165.png\" alt=\"\" width=\"215\" height=\"118\" srcset=\"https:\/\/www.radiopiu.net\/wordpress\/wp-content\/uploads\/2024\/06\/Senza-nome-87-300x165.png 300w, https:\/\/www.radiopiu.net\/wordpress\/wp-content\/uploads\/2024\/06\/Senza-nome-87.png 638w\" sizes=\"auto, (max-width: 215px) 100vw, 215px\" \/><\/a>REDAZIONE<\/strong> Nuovo format radiofonico con Diana Zerilli di &#8220;Mosto Ricco&#8221;, l&#8217;enoteva di Vicolo Crotta ad Agordo. Tour enograstronomici tra lo studio di Via Paris Bordone e&#8230; le cantine. Prima puntata dunque in esterno, in Toscana.<\/p>\n<p><strong>AUDIO PUNTATA 1 IL VINO RACCONTA<\/strong><\/p>\n<audio class=\"wp-audio-shortcode\" id=\"audio-412223-20\" preload=\"none\" style=\"width: 100%;\" controls=\"controls\"><source type=\"audio\/mpeg\" src=\"https:\/\/www.radiopiu.net\/wordpress\/wp-content\/uploads\/2024\/06\/mosto-ricco-puntata-1.mp3?_=20\" \/><a href=\"https:\/\/www.radiopiu.net\/wordpress\/wp-content\/uploads\/2024\/06\/mosto-ricco-puntata-1.mp3\">https:\/\/www.radiopiu.net\/wordpress\/wp-content\/uploads\/2024\/06\/mosto-ricco-puntata-1.mp3<\/a><\/audio>\n<p>&nbsp;<\/p>\n<p>&nbsp;<\/p>\n<p>&nbsp;<\/p>\n<hr \/>\n<p>&nbsp;<\/p>\n<h2><span style=\"color: #808000;\">TIME 4 ME&#8230;CON MARCO, NELLO E ROMANO<\/span><\/h2>\n<p><strong><a class=\"dt-pswp-item\" href=\"https:\/\/www.radiopiu.net\/wordpress\/wp-content\/uploads\/2024\/10\/021f71bf-2d0d-4fc0-a182-4f9e1e6ea7cd.jpg\" data-dt-img-description=\"\" data-large_image_width=\"1080\" data-large_image_height=\"813\"><img loading=\"lazy\" decoding=\"async\" class=\" wp-image-412330 alignleft\" src=\"https:\/\/www.radiopiu.net\/wordpress\/wp-content\/uploads\/2024\/10\/021f71bf-2d0d-4fc0-a182-4f9e1e6ea7cd-300x226.jpg\" alt=\"\" width=\"196\" height=\"148\" srcset=\"https:\/\/www.radiopiu.net\/wordpress\/wp-content\/uploads\/2024\/10\/021f71bf-2d0d-4fc0-a182-4f9e1e6ea7cd-300x226.jpg 300w, https:\/\/www.radiopiu.net\/wordpress\/wp-content\/uploads\/2024\/10\/021f71bf-2d0d-4fc0-a182-4f9e1e6ea7cd-1024x771.jpg 1024w, https:\/\/www.radiopiu.net\/wordpress\/wp-content\/uploads\/2024\/10\/021f71bf-2d0d-4fc0-a182-4f9e1e6ea7cd-768x578.jpg 768w, https:\/\/www.radiopiu.net\/wordpress\/wp-content\/uploads\/2024\/10\/021f71bf-2d0d-4fc0-a182-4f9e1e6ea7cd.jpg 1080w\" sizes=\"auto, (max-width: 196px) 100vw, 196px\" \/><\/a>DI MARINA DONA&#8217;<\/strong><\/p>\n<p>OSPITI: Marco, Nello e Romano di Belluno<\/p>\n<p><strong><span style=\"color: #ff0000;\">PRIMA PARTE<\/span><\/strong><\/p>\n<audio class=\"wp-audio-shortcode\" id=\"audio-412223-21\" preload=\"none\" style=\"width: 100%;\" controls=\"controls\"><source type=\"audio\/mpeg\" src=\"https:\/\/www.radiopiu.net\/wordpress\/wp-content\/uploads\/2024\/10\/TIME1.mp3?_=21\" \/><a href=\"https:\/\/www.radiopiu.net\/wordpress\/wp-content\/uploads\/2024\/10\/TIME1.mp3\">https:\/\/www.radiopiu.net\/wordpress\/wp-content\/uploads\/2024\/10\/TIME1.mp3<\/a><\/audio>\n<p>&nbsp;<\/p>\n<p><span style=\"color: #ff0000;\"><strong>SECONDA PARTE<\/strong><\/span><\/p>\n<audio class=\"wp-audio-shortcode\" id=\"audio-412223-22\" preload=\"none\" style=\"width: 100%;\" controls=\"controls\"><source type=\"audio\/mpeg\" src=\"https:\/\/www.radiopiu.net\/wordpress\/wp-content\/uploads\/2024\/10\/TIME2.mp3?_=22\" \/><a href=\"https:\/\/www.radiopiu.net\/wordpress\/wp-content\/uploads\/2024\/10\/TIME2.mp3\">https:\/\/www.radiopiu.net\/wordpress\/wp-content\/uploads\/2024\/10\/TIME2.mp3<\/a><\/audio>\n<p>&nbsp;<\/p>\n<p><span style=\"color: #ff0000;\"><strong>TERZA PARTE<\/strong><\/span><\/p>\n<audio class=\"wp-audio-shortcode\" id=\"audio-412223-23\" preload=\"none\" style=\"width: 100%;\" controls=\"controls\"><source type=\"audio\/mpeg\" src=\"https:\/\/www.radiopiu.net\/wordpress\/wp-content\/uploads\/2024\/10\/TIME3.mp3?_=23\" \/><a href=\"https:\/\/www.radiopiu.net\/wordpress\/wp-content\/uploads\/2024\/10\/TIME3.mp3\">https:\/\/www.radiopiu.net\/wordpress\/wp-content\/uploads\/2024\/10\/TIME3.mp3<\/a><\/audio>\n<p>&nbsp;<\/p>\n<p>&nbsp;<\/p>\n<hr \/>\n<p>&nbsp;<\/p>\n<p>&nbsp;<\/p>\n<hr \/>\n<p>&nbsp;<\/p>\n<h2><span style=\"color: #ff0000;\"><a class=\"dt-pswp-item\" href=\"https:\/\/www.radiopiu.net\/wordpress\/wp-content\/uploads\/2018\/09\/appuntamenti.jpeg\" data-dt-img-description=\"\" data-large_image_width=\"800\" data-large_image_height=\"100\"><img loading=\"lazy\" decoding=\"async\" class=\"wp-image-61958 size-full aligncenter\" src=\"https:\/\/www.radiopiu.net\/wordpress\/wp-content\/uploads\/2018\/09\/appuntamenti.jpeg\" alt=\"\" width=\"800\" height=\"100\" srcset=\"https:\/\/www.radiopiu.net\/wordpress\/wp-content\/uploads\/2018\/09\/appuntamenti.jpeg 800w, https:\/\/www.radiopiu.net\/wordpress\/wp-content\/uploads\/2018\/09\/appuntamenti-300x38.jpeg 300w, https:\/\/www.radiopiu.net\/wordpress\/wp-content\/uploads\/2018\/09\/appuntamenti-768x96.jpeg 768w\" sizes=\"auto, (max-width: 800px) 100vw, 800px\" \/><\/a><\/span><\/h2>\n<p>&nbsp;<\/p>\n<div>\n<div class=\"\" dir=\"auto\">\n<div id=\":r9h:\" class=\"x1iorvi4 x1pi30zi x1l90r2v x1swvt13\" data-ad-comet-preview=\"message\" data-ad-preview=\"message\">\n\n\t\t\t<style type='text\/css'>\n\t\t\t\t#gallery-1 {\n\t\t\t\t\tmargin: auto;\n\t\t\t\t}\n\t\t\t\t#gallery-1 .gallery-item {\n\t\t\t\t\tfloat: left;\n\t\t\t\t\tmargin-top: 10px;\n\t\t\t\t\ttext-align: center;\n\t\t\t\t\twidth: 25%;\n\t\t\t\t}\n\t\t\t\t#gallery-1 img {\n\t\t\t\t\tborder: 2px solid #cfcfcf;\n\t\t\t\t}\n\t\t\t\t#gallery-1 .gallery-caption {\n\t\t\t\t\tmargin-left: 0;\n\t\t\t\t}\n\t\t\t\t\/* see gallery_shortcode() in wp-includes\/media.php *\/\n\t\t\t<\/style>\n\t\t<div id='gallery-1' class='dt-gallery-container gallery galleryid-412223 gallery-columns-4 gallery-size-thumbnail'><dl class='gallery-item'>\n\t\t\t\t<dt class='gallery-icon portrait'>\n\t\t\t\t\t<a class=\"rollover rollover-zoom dt-pswp-item\" title=\"42696b40-99ad-4b18-8868-04097eff97cd\" data-dt-img-description=\"\" data-large_image_width=\"1080\" data-large_image_height=\"1530\"href='https:\/\/www.radiopiu.net\/wordpress\/wp-content\/uploads\/2024\/10\/42696b40-99ad-4b18-8868-04097eff97cd.jpg'><img loading=\"lazy\" decoding=\"async\" width=\"150\" height=\"150\" src=\"https:\/\/www.radiopiu.net\/wordpress\/wp-content\/uploads\/2024\/10\/42696b40-99ad-4b18-8868-04097eff97cd-150x150.jpg\" class=\"attachment-thumbnail size-thumbnail\" alt=\"\" aria-describedby=\"gallery-1-412300\" \/><\/a>\n\t\t\t\t<\/dt>\n\t\t\t\t\t<dd class='wp-caption-text gallery-caption' id='gallery-1-412300'>\n\t\t\t\t\tOGGI A FELTRE LETTURE ANIMATE\n\t\t\t\t\t<\/dd><\/dl><dl class='gallery-item'>\n\t\t\t\t<dt class='gallery-icon portrait'>\n\t\t\t\t\t<a class=\"rollover rollover-zoom dt-pswp-item\" title=\"03efb118-d97d-457e-b9cc-b1da6a42649b\" data-dt-img-description=\"\" data-large_image_width=\"905\" data-large_image_height=\"1280\"href='https:\/\/www.radiopiu.net\/wordpress\/wp-content\/uploads\/2024\/09\/03efb118-d97d-457e-b9cc-b1da6a42649b.jpg'><img loading=\"lazy\" decoding=\"async\" width=\"150\" height=\"150\" src=\"https:\/\/www.radiopiu.net\/wordpress\/wp-content\/uploads\/2024\/09\/03efb118-d97d-457e-b9cc-b1da6a42649b-150x150.jpg\" class=\"attachment-thumbnail size-thumbnail\" alt=\"\" aria-describedby=\"gallery-1-408383\" \/><\/a>\n\t\t\t\t<\/dt>\n\t\t\t\t\t<dd class='wp-caption-text gallery-caption' id='gallery-1-408383'>\n\t\t\t\t\tA OTTOBRE A VOLTAGO\n\t\t\t\t\t<\/dd><\/dl><dl class='gallery-item'>\n\t\t\t\t<dt class='gallery-icon portrait'>\n\t\t\t\t\t<a class=\"rollover rollover-zoom dt-pswp-item\" title=\"LOC_A3_MOSTRA-RADIO_CMVI\" data-dt-img-description=\"\" data-large_image_width=\"1816\" data-large_image_height=\"2560\"href='https:\/\/www.radiopiu.net\/wordpress\/wp-content\/uploads\/2024\/08\/LOC_A3_MOSTRA-RADIO_CMVI-scaled.jpg'><img loading=\"lazy\" decoding=\"async\" width=\"150\" height=\"150\" src=\"https:\/\/www.radiopiu.net\/wordpress\/wp-content\/uploads\/2024\/08\/LOC_A3_MOSTRA-RADIO_CMVI-150x150.jpg\" class=\"attachment-thumbnail size-thumbnail\" alt=\"\" aria-describedby=\"gallery-1-403450\" \/><\/a>\n\t\t\t\t<\/dt>\n\t\t\t\t\t<dd class='wp-caption-text gallery-caption' id='gallery-1-403450'>\n\t\t\t\t\tLA MOSTRA DELLE RADIO IN VALLE IMPERINA\n\t\t\t\t\t<\/dd><\/dl><dl class='gallery-item'>\n\t\t\t\t<dt class='gallery-icon portrait'>\n\t\t\t\t\t<a class=\"rollover rollover-zoom dt-pswp-item\" title=\"Manifesto de El d\u00ec del Trator\" data-dt-img-description=\"\" data-large_image_width=\"1144\" data-large_image_height=\"1600\"href='https:\/\/www.radiopiu.net\/wordpress\/wp-content\/uploads\/2024\/09\/Manifesto-de-El-di-del-Trator.jpeg'><img loading=\"lazy\" decoding=\"async\" width=\"150\" height=\"150\" src=\"https:\/\/www.radiopiu.net\/wordpress\/wp-content\/uploads\/2024\/09\/Manifesto-de-El-di-del-Trator-150x150.jpeg\" class=\"attachment-thumbnail size-thumbnail\" alt=\"\" aria-describedby=\"gallery-1-410274\" \/><\/a>\n\t\t\t\t<\/dt>\n\t\t\t\t\t<dd class='wp-caption-text gallery-caption' id='gallery-1-410274'>\n\t\t\t\t\tIL 6 OTTOBRE A CANALE D&#8217;AGORDO\n\t\t\t\t\t<\/dd><\/dl><br style=\"clear: both\" \/><dl class='gallery-item'>\n\t\t\t\t<dt class='gallery-icon portrait'>\n\t\t\t\t\t<a class=\"rollover rollover-zoom dt-pswp-item\" title=\"5 ottobre\" data-dt-img-description=\"\" data-large_image_width=\"1754\" data-large_image_height=\"2480\"href='https:\/\/www.radiopiu.net\/wordpress\/wp-content\/uploads\/2024\/09\/5-ottobre.jpg'><img loading=\"lazy\" decoding=\"async\" width=\"150\" height=\"150\" src=\"https:\/\/www.radiopiu.net\/wordpress\/wp-content\/uploads\/2024\/09\/5-ottobre-150x150.jpg\" class=\"attachment-thumbnail size-thumbnail\" alt=\"\" aria-describedby=\"gallery-1-410439\" \/><\/a>\n\t\t\t\t<\/dt>\n\t\t\t\t\t<dd class='wp-caption-text gallery-caption' id='gallery-1-410439'>\n\t\t\t\t\tAD ARSON DI FELTRE\n\t\t\t\t\t<\/dd><\/dl><dl class='gallery-item'>\n\t\t\t\t<dt class='gallery-icon portrait'>\n\t\t\t\t\t<a class=\"rollover rollover-zoom dt-pswp-item\" title=\"Programma maratona 4 ottobre 2024\" data-dt-img-description=\"\" data-large_image_width=\"1240\" data-large_image_height=\"1754\"href='https:\/\/www.radiopiu.net\/wordpress\/wp-content\/uploads\/2024\/09\/Programma-maratona-4-ottobre-2024.jpg'><img loading=\"lazy\" decoding=\"async\" width=\"150\" height=\"150\" src=\"https:\/\/www.radiopiu.net\/wordpress\/wp-content\/uploads\/2024\/09\/Programma-maratona-4-ottobre-2024-150x150.jpg\" class=\"attachment-thumbnail size-thumbnail\" alt=\"\" aria-describedby=\"gallery-1-411337\" \/><\/a>\n\t\t\t\t<\/dt>\n\t\t\t\t\t<dd class='wp-caption-text gallery-caption' id='gallery-1-411337'>\n\t\t\t\t\tMARATONA DI LETTURA A LIMANA\n\t\t\t\t\t<\/dd><\/dl><dl class='gallery-item'>\n\t\t\t\t<dt class='gallery-icon portrait'>\n\t\t\t\t\t<a class=\"rollover rollover-zoom dt-pswp-item\" title=\"Locandina Veneto Legge BVB\" data-dt-img-description=\"\" data-large_image_width=\"1810\" data-large_image_height=\"2560\"href='https:\/\/www.radiopiu.net\/wordpress\/wp-content\/uploads\/2024\/09\/Locandina-Veneto-Legge-BVB-scaled.jpg'><img loading=\"lazy\" decoding=\"async\" width=\"150\" height=\"150\" src=\"https:\/\/www.radiopiu.net\/wordpress\/wp-content\/uploads\/2024\/09\/Locandina-Veneto-Legge-BVB-150x150.jpg\" class=\"attachment-thumbnail size-thumbnail\" alt=\"\" \/><\/a>\n\t\t\t\t<\/dt><\/dl><dl class='gallery-item'>\n\t\t\t\t<dt class='gallery-icon portrait'>\n\t\t\t\t\t<a class=\"rollover rollover-zoom dt-pswp-item\" title=\"nX1qYxOoZenF\" data-dt-img-description=\"\" data-large_image_width=\"600\" data-large_image_height=\"844\"href='https:\/\/www.radiopiu.net\/wordpress\/wp-content\/uploads\/2024\/09\/nX1qYxOoZenF.jpg'><img loading=\"lazy\" decoding=\"async\" width=\"150\" height=\"150\" src=\"https:\/\/www.radiopiu.net\/wordpress\/wp-content\/uploads\/2024\/09\/nX1qYxOoZenF-150x150.jpg\" class=\"attachment-thumbnail size-thumbnail\" alt=\"\" aria-describedby=\"gallery-1-411583\" \/><\/a>\n\t\t\t\t<\/dt>\n\t\t\t\t\t<dd class='wp-caption-text gallery-caption' id='gallery-1-411583'>\n\t\t\t\t\tUN INCONTRO CON ANNIBALE SALSA A FELTRE\n\t\t\t\t\t<\/dd><\/dl><br style=\"clear: both\" \/><dl class='gallery-item'>\n\t\t\t\t<dt class='gallery-icon portrait'>\n\t\t\t\t\t<a class=\"rollover rollover-zoom dt-pswp-item\" title=\"cai agordo\" data-dt-img-description=\"\" data-large_image_width=\"490\" data-large_image_height=\"947\"href='https:\/\/www.radiopiu.net\/wordpress\/wp-content\/uploads\/2024\/09\/cai-agordo.png'><img loading=\"lazy\" decoding=\"async\" width=\"150\" height=\"150\" src=\"https:\/\/www.radiopiu.net\/wordpress\/wp-content\/uploads\/2024\/09\/cai-agordo-150x150.png\" class=\"attachment-thumbnail size-thumbnail\" alt=\"\" aria-describedby=\"gallery-1-411791\" \/><\/a>\n\t\t\t\t<\/dt>\n\t\t\t\t\t<dd class='wp-caption-text gallery-caption' id='gallery-1-411791'>\n\t\t\t\t\tSERE D&#8217;AUTUNNO CON IL CAI DI AGORDO\n\t\t\t\t\t<\/dd><\/dl><dl class='gallery-item'>\n\t\t\t\t<dt class='gallery-icon portrait'>\n\t\t\t\t\t<a class=\"rollover rollover-zoom dt-pswp-item\" title=\"PUCCINI BELLUNO\" data-dt-img-description=\"\" data-large_image_width=\"444\" data-large_image_height=\"626\"href='https:\/\/www.radiopiu.net\/wordpress\/wp-content\/uploads\/2024\/09\/PUCCINI-BELLUNO.png'><img loading=\"lazy\" decoding=\"async\" width=\"150\" height=\"150\" src=\"https:\/\/www.radiopiu.net\/wordpress\/wp-content\/uploads\/2024\/09\/PUCCINI-BELLUNO-150x150.png\" class=\"attachment-thumbnail size-thumbnail\" alt=\"\" aria-describedby=\"gallery-1-411818\" \/><\/a>\n\t\t\t\t<\/dt>\n\t\t\t\t\t<dd class='wp-caption-text gallery-caption' id='gallery-1-411818'>\n\t\t\t\t\tOMAGGIO A PUCCINI\n\t\t\t\t\t<\/dd><\/dl><dl class='gallery-item'>\n\t\t\t\t<dt class='gallery-icon portrait'>\n\t\t\t\t\t<a class=\"rollover rollover-zoom dt-pswp-item\" title=\"La paura e la speranza\" data-dt-img-description=\"\" data-large_image_width=\"1131\" data-large_image_height=\"1600\"href='https:\/\/www.radiopiu.net\/wordpress\/wp-content\/uploads\/2024\/10\/La-paura-e-la-speranza-.jpg'><img loading=\"lazy\" decoding=\"async\" width=\"150\" height=\"150\" src=\"https:\/\/www.radiopiu.net\/wordpress\/wp-content\/uploads\/2024\/10\/La-paura-e-la-speranza--150x150.jpg\" class=\"attachment-thumbnail size-thumbnail\" alt=\"\" aria-describedby=\"gallery-1-412349\" \/><\/a>\n\t\t\t\t<\/dt>\n\t\t\t\t\t<dd class='wp-caption-text gallery-caption' id='gallery-1-412349'>\n\t\t\t\t\tUN LIBRO SUL VAJONT\n\t\t\t\t\t<\/dd><\/dl><dl class='gallery-item'>\n\t\t\t\t<dt class='gallery-icon portrait'>\n\t\t\t\t\t<a class=\"rollover rollover-zoom dt-pswp-item\" title=\"c642bf0f-c463-4d76-a064-194f58c84a62\" data-dt-img-description=\"\" data-large_image_width=\"1131\" data-large_image_height=\"1600\"href='https:\/\/www.radiopiu.net\/wordpress\/wp-content\/uploads\/2024\/09\/c642bf0f-c463-4d76-a064-194f58c84a62.jpg'><img loading=\"lazy\" decoding=\"async\" width=\"150\" height=\"150\" src=\"https:\/\/www.radiopiu.net\/wordpress\/wp-content\/uploads\/2024\/09\/c642bf0f-c463-4d76-a064-194f58c84a62-150x150.jpg\" class=\"attachment-thumbnail size-thumbnail\" alt=\"\" aria-describedby=\"gallery-1-411837\" \/><\/a>\n\t\t\t\t<\/dt>\n\t\t\t\t\t<dd class='wp-caption-text gallery-caption' id='gallery-1-411837'>\n\t\t\t\t\tIL 12 OTTOBRE A VOLTAGO\n\t\t\t\t\t<\/dd><\/dl><br style=\"clear: both\" \/><dl class='gallery-item'>\n\t\t\t\t<dt class='gallery-icon portrait'>\n\t\t\t\t\t<a class=\"rollover rollover-zoom dt-pswp-item\" title=\"80a7f182-3dda-4a1f-86c7-b13484373c2f\" data-dt-img-description=\"\" data-large_image_width=\"1001\" data-large_image_height=\"1417\"href='https:\/\/www.radiopiu.net\/wordpress\/wp-content\/uploads\/2024\/09\/80a7f182-3dda-4a1f-86c7-b13484373c2f.jpg'><img loading=\"lazy\" decoding=\"async\" width=\"150\" height=\"150\" src=\"https:\/\/www.radiopiu.net\/wordpress\/wp-content\/uploads\/2024\/09\/80a7f182-3dda-4a1f-86c7-b13484373c2f-150x150.jpg\" class=\"attachment-thumbnail size-thumbnail\" alt=\"\" aria-describedby=\"gallery-1-411846\" \/><\/a>\n\t\t\t\t<\/dt>\n\t\t\t\t\t<dd class='wp-caption-text gallery-caption' id='gallery-1-411846'>\n\t\t\t\t\tA FALCADE SI SCALDANO I MOTORI\n\t\t\t\t\t<\/dd><\/dl><dl class='gallery-item'>\n\t\t\t\t<dt class='gallery-icon portrait'>\n\t\t\t\t\t<a class=\"rollover rollover-zoom dt-pswp-item\" title=\"5e470011-d042-4192-b606-8c06db8b3a37\" data-dt-img-description=\"\" data-large_image_width=\"1153\" data-large_image_height=\"1600\"href='https:\/\/www.radiopiu.net\/wordpress\/wp-content\/uploads\/2024\/10\/5e470011-d042-4192-b606-8c06db8b3a37.jpg'><img loading=\"lazy\" decoding=\"async\" width=\"150\" height=\"150\" src=\"https:\/\/www.radiopiu.net\/wordpress\/wp-content\/uploads\/2024\/10\/5e470011-d042-4192-b606-8c06db8b3a37-150x150.jpg\" class=\"attachment-thumbnail size-thumbnail\" alt=\"\" aria-describedby=\"gallery-1-411999\" \/><\/a>\n\t\t\t\t<\/dt>\n\t\t\t\t\t<dd class='wp-caption-text gallery-caption' id='gallery-1-411999'>\n\t\t\t\t\tRIVA L&#8217;OKTOBERFEST\n\t\t\t\t\t<\/dd><\/dl><dl class='gallery-item'>\n\t\t\t\t<dt class='gallery-icon portrait'>\n\t\t\t\t\t<a class=\"rollover rollover-zoom dt-pswp-item\" title=\"LOCANDINA_10-10-2024_dolomiti\" data-dt-img-description=\"\" data-large_image_width=\"1000\" data-large_image_height=\"1414\"href='https:\/\/www.radiopiu.net\/wordpress\/wp-content\/uploads\/2024\/10\/LOCANDINA_10-10-2024_dolomiti.jpg'><img loading=\"lazy\" decoding=\"async\" width=\"150\" height=\"150\" src=\"https:\/\/www.radiopiu.net\/wordpress\/wp-content\/uploads\/2024\/10\/LOCANDINA_10-10-2024_dolomiti-150x150.jpg\" class=\"attachment-thumbnail size-thumbnail\" alt=\"\" aria-describedby=\"gallery-1-412189\" \/><\/a>\n\t\t\t\t<\/dt>\n\t\t\t\t\t<dd class='wp-caption-text gallery-caption' id='gallery-1-412189'>\n\t\t\t\t\tAL SEMINARIO GREGORIANO DI BELLUNO\n\t\t\t\t\t<\/dd><\/dl><dl class='gallery-item'>\n\t\t\t\t<dt class='gallery-icon portrait'>\n\t\t\t\t\t<a class=\"rollover rollover-zoom dt-pswp-item\" title=\"3221fe5e-2dc1-439f-9341-d93b6df07725\" data-dt-img-description=\"\" data-large_image_width=\"1236\" data-large_image_height=\"1600\"href='https:\/\/www.radiopiu.net\/wordpress\/wp-content\/uploads\/2024\/06\/3221fe5e-2dc1-439f-9341-d93b6df07725.jpg'><img loading=\"lazy\" decoding=\"async\" width=\"150\" height=\"150\" src=\"https:\/\/www.radiopiu.net\/wordpress\/wp-content\/uploads\/2024\/06\/3221fe5e-2dc1-439f-9341-d93b6df07725-150x150.jpg\" class=\"attachment-thumbnail size-thumbnail\" alt=\"\" aria-describedby=\"gallery-1-412305\" \/><\/a>\n\t\t\t\t<\/dt>\n\t\t\t\t\t<dd class='wp-caption-text gallery-caption' id='gallery-1-412305'>\n\t\t\t\t\tA SEDICO DOMENICA 13\n\t\t\t\t\t<\/dd><\/dl><br style=\"clear: both\" \/>\n\t\t\t<\/div>\n\n<hr \/>\n<blockquote class=\"wp-embedded-content\" data-secret=\"DLexCnOJfS\"><p><a href=\"https:\/\/www.radiopiu.net\/wordpress\/n-di-parom-l-almanach-de-la-nosta-jent-raccolta-completa\/\">N di parom &#8211; L Almanach de la nosta jent RACCOLTA COMPLETA<\/a><\/p><\/blockquote>\n<p><iframe loading=\"lazy\" class=\"wp-embedded-content\" sandbox=\"allow-scripts\" security=\"restricted\" style=\"position: absolute; visibility: hidden;\" title=\"&#8220;N di parom &#8211; L Almanach de la nosta jent RACCOLTA COMPLETA&#8221; &#8212; Radio Pi\u00f9\" src=\"https:\/\/www.radiopiu.net\/wordpress\/n-di-parom-l-almanach-de-la-nosta-jent-raccolta-completa\/embed\/#?secret=zITqdWzY7O#?secret=DLexCnOJfS\" data-secret=\"DLexCnOJfS\" width=\"600\" height=\"338\" frameborder=\"0\" marginwidth=\"0\" marginheight=\"0\" scrolling=\"no\"><\/iframe><\/p>\n<p>&nbsp;<\/p>\n<blockquote class=\"wp-embedded-content\" data-secret=\"DjrHZsAfiv\"><p><a href=\"https:\/\/www.radiopiu.net\/wordpress\/pirole-de-lenga-la-parola-del-giorno-a-cura-del-musla-raccolta-completa\/\">PIROLE DE LENGA&#8230; LA PAROLA DEL GIORNO A CURA DEL MUSLA -raccolta completa &#8211;<\/a><\/p><\/blockquote>\n<p><iframe loading=\"lazy\" class=\"wp-embedded-content\" sandbox=\"allow-scripts\" security=\"restricted\" style=\"position: absolute; visibility: hidden;\" title=\"&#8220;PIROLE DE LENGA&#8230; LA PAROLA DEL GIORNO A CURA DEL MUSLA -raccolta completa &#8211;&#8221; &#8212; Radio Pi\u00f9\" src=\"https:\/\/www.radiopiu.net\/wordpress\/pirole-de-lenga-la-parola-del-giorno-a-cura-del-musla-raccolta-completa\/embed\/#?secret=P008WWbBC0#?secret=DjrHZsAfiv\" data-secret=\"DjrHZsAfiv\" width=\"600\" height=\"338\" frameborder=\"0\" marginwidth=\"0\" marginheight=\"0\" scrolling=\"no\"><\/iframe><\/p>\n<p>&nbsp;<\/p>\n<blockquote class=\"wp-embedded-content\" data-secret=\"JnXDySaBxK\"><p><a href=\"https:\/\/www.radiopiu.net\/wordpress\/set5a\/\">EL BAL DEL FIOR, DETTI E MODI DI DIRE  LA RACCOLTA COMPLETA<\/a><\/p><\/blockquote>\n<p><iframe loading=\"lazy\" class=\"wp-embedded-content\" sandbox=\"allow-scripts\" security=\"restricted\" style=\"position: absolute; visibility: hidden;\" title=\"&#8220;EL BAL DEL FIOR, DETTI E MODI DI DIRE  LA RACCOLTA COMPLETA&#8221; &#8212; Radio Pi\u00f9\" src=\"https:\/\/www.radiopiu.net\/wordpress\/set5a\/embed\/#?secret=NX2uIYuUPD#?secret=JnXDySaBxK\" data-secret=\"JnXDySaBxK\" width=\"600\" height=\"338\" frameborder=\"0\" marginwidth=\"0\" marginheight=\"0\" scrolling=\"no\"><\/iframe><\/p>\n<p>&nbsp;<\/p>\n<hr \/>\n<\/div>\n<\/div>\n<\/div>\n<p class=\"mceTemp\"><a class=\"dt-pswp-item\" href=\"https:\/\/www.radiopiu.net\/wordpress\/wp-content\/uploads\/2018\/09\/WhatsApp-Image-2018-09-20-at-16.04.06.jpeg\" data-dt-img-description=\"\" data-large_image_width=\"800\" data-large_image_height=\"100\">\u00a0<\/a><\/p>\n<p class=\"mceTemp\"><a class=\"dt-pswp-item\" href=\"https:\/\/www.radiopiu.net\/wordpress\/wp-content\/uploads\/2018\/09\/WhatsApp-Image-2018-09-20-at-16.04.06.jpeg\" data-dt-img-description=\"\" data-large_image_width=\"800\" data-large_image_height=\"100\"><img loading=\"lazy\" decoding=\"async\" class=\"wp-image-61378 size-full aligncenter\" src=\"https:\/\/www.radiopiu.net\/wordpress\/wp-content\/uploads\/2018\/09\/WhatsApp-Image-2018-09-20-at-16.04.06.jpeg\" alt=\"\" width=\"800\" height=\"100\" srcset=\"https:\/\/www.radiopiu.net\/wordpress\/wp-content\/uploads\/2018\/09\/WhatsApp-Image-2018-09-20-at-16.04.06.jpeg 800w, https:\/\/www.radiopiu.net\/wordpress\/wp-content\/uploads\/2018\/09\/WhatsApp-Image-2018-09-20-at-16.04.06-300x38.jpeg 300w, https:\/\/www.radiopiu.net\/wordpress\/wp-content\/uploads\/2018\/09\/WhatsApp-Image-2018-09-20-at-16.04.06-768x96.jpeg 768w\" sizes=\"auto, (max-width: 800px) 100vw, 800px\" \/><\/a><\/p>\n<p>&nbsp;<\/p>\n<p><center><b>OGGI<\/b><\/center>Cielo in prevalenza molto nuvoloso o coperto con possibili parziali schiarite verso sera e con formazioni di nubi basse nelle ore fredde in molte valli.<br \/>\n<b>Precipitazioni: <\/b>Di debole e di moderata intensit\u00e0 per fenomeni da sparsi a diffusi, specie al mattino con modeste\/moderate nevicate oltre i 1500-1700 m sulle Dolomiti anche leggermente pi\u00f9 in basso al mattino<br \/>\n<b>Temperature: <\/b>Minime stazionarie o in lieve aumento, massime in lieve o contenuta diminuzione con escursione termica giornaliera ancora modesta.<\/p>\n<hr \/>\n<p><center><b>DOMANI<\/b><\/center>Salvo possibili nubi basse nelle ore fredde in molte valli, giornata pi\u00f9 soleggiata rispetto alle precedenti ma con un tempo variabile specie al mattino, caratterizzato dall&#8217;alternanza di schiarite e di annuvolamenti con fenomeni scarsi o del tutto assenti; ampi rasserenamenti nel corso del pomeriggio\/sera a partire dalle Dolomiti.<br \/>\n<b>Precipitazioni: <\/b>Generalmente assenti, salvo qualche residua e occasionale debole e breve precipitazione specie nelle prime ore , eventualmente nevosa oltre i 1600-1900 m.<br \/>\n<b>Temperature: <\/b>Minime in diminuzione, di qualche grado inferiori alla norma, massime in aumento su valori prossimi alle medie del periodo.<\/p>\n<hr \/>\n<p><center><b>DOMENICA<\/b><\/center>Tempo pi\u00f9 stabile, pi\u00f9 soleggiato e pi\u00f9 asciutto rispetto a sabato con ottima visibilit\u00e0 soprattutto in alta montagna mentre in alcune valli nelle ore fredde non sono esclusi locali nubi basse con un po&#8217; di foschia, in rapido dissolvimento dopo l&#8217;alba. Possibile transito di innocue velature nel pomeriggio. Temperature minime in lieve calo, massime in ulteriore contenuto aumento.<\/p>\n<hr \/>\n<p><center><b>LUNEDI<\/b><\/center>Cielo da poco a parzialmente nuvoloso per nubi basse nelle ore fredde in alcune valli e per l&#8217;arrivo di nubi medio-alte nel corso della giornata con fenomeni pressoch\u00e9 assenti. Temperature in aumento anche sensibile, specie le minime in quota<\/p>\n<p>&nbsp;<\/p>\n<hr \/>\n<p class=\"mceTemp\"><a class=\"dt-pswp-item\" href=\"https:\/\/www.radiopiu.net\/wordpress\/wp-content\/uploads\/2018\/09\/sport.jpg\" data-dt-img-description=\"\" data-large_image_width=\"800\" data-large_image_height=\"100\"><img loading=\"lazy\" decoding=\"async\" class=\"aligncenter wp-image-60761 size-full\" src=\"https:\/\/www.radiopiu.net\/wordpress\/wp-content\/uploads\/2018\/09\/sport.jpg\" alt=\"\" width=\"800\" height=\"100\" srcset=\"https:\/\/www.radiopiu.net\/wordpress\/wp-content\/uploads\/2018\/09\/sport.jpg 800w, https:\/\/www.radiopiu.net\/wordpress\/wp-content\/uploads\/2018\/09\/sport-300x38.jpg 300w, https:\/\/www.radiopiu.net\/wordpress\/wp-content\/uploads\/2018\/09\/sport-768x96.jpg 768w\" sizes=\"auto, (max-width: 800px) 100vw, 800px\" \/><\/a><span style=\"color: #0000ff;\"><strong>\u00a0 \u00a0<\/strong><\/span><\/p>\n<p class=\"mceTemp\"><span style=\"color: #0000ff;\"><strong>HOCKEY SU GHIACCIO<\/strong><\/span><\/p>\n<blockquote>\n<h3 class=\"entry-title\">IHL: I PIRATI AFFONDANO L\u2019ALLEGHE NEL FINALE, VITTORIA FACILE DEL FELTRE A BRESSANONE<\/h3>\n<\/blockquote>\n<p><strong class=\"photoswipe-wrapper\"><a class=\"dt-pswp-item pspw-wrap-ready\" href=\"https:\/\/i0.wp.com\/www.radiopiu.net\/wordpress\/wp-content\/uploads\/2024\/10\/18acf116-c137-4eb1-86f1-2532e8175101.jpg?ssl=1\" data-dt-img-description=\"\" data-large_image_width=\"1179\" data-large_image_height=\"833\"><img loading=\"lazy\" decoding=\"async\" class=\" wp-image-412381 alignleft\" src=\"https:\/\/i0.wp.com\/www.radiopiu.net\/wordpress\/wp-content\/uploads\/2024\/10\/18acf116-c137-4eb1-86f1-2532e8175101.jpg?resize=218%2C154&amp;ssl=1\" sizes=\"auto, (max-width: 218px) 100vw, 218px\" srcset=\"https:\/\/i0.wp.com\/www.radiopiu.net\/wordpress\/wp-content\/uploads\/2024\/10\/18acf116-c137-4eb1-86f1-2532e8175101.jpg?resize=300%2C212&amp;ssl=1 300w, https:\/\/i0.wp.com\/www.radiopiu.net\/wordpress\/wp-content\/uploads\/2024\/10\/18acf116-c137-4eb1-86f1-2532e8175101.jpg?resize=1024%2C723&amp;ssl=1 1024w, https:\/\/i0.wp.com\/www.radiopiu.net\/wordpress\/wp-content\/uploads\/2024\/10\/18acf116-c137-4eb1-86f1-2532e8175101.jpg?resize=768%2C543&amp;ssl=1 768w, https:\/\/i0.wp.com\/www.radiopiu.net\/wordpress\/wp-content\/uploads\/2024\/10\/18acf116-c137-4eb1-86f1-2532e8175101.jpg?w=1179&amp;ssl=1 1179w\" alt=\"\" width=\"218\" height=\"154\" data-recalc-dims=\"1\" \/><\/a>DI MARCO GAZ<\/strong><\/p>\n<p><span style=\"color: #ff0000;\"><strong>IHL \u2013 4\u00b0 GIORNATA<\/strong><\/span><\/p>\n<p><strong>APPIANO \u2013 ALLEGHE 2-1<\/strong><\/p>\n<p>PARZIALI: 0-0, 1-1, 1-0<\/p>\n<p>GOL: st. 4\u201909\u201d De Val, 7\u201941\u201d Collin. Tt. 19\u201935\u201d Radin<\/p>\n<p>Che beffa per l\u2019Alleghe che perde punti importanti con l\u2019Appiano. Una partita giocata alla pari con gli agordini che in pi\u00f9 occasioni hanno avuto l\u2019occasione di portarsi in vantaggio. Una sconfitta immeritata. Dopo una prima frazione a reti inviolate, nel secondo tempo le civette passano avanti con De Val per poi subire subito il pareggio. A decidere la sfida il gol di radin a 25 secondi dal termine dopo che i biancorossi avevano tenuto in mano la sfida. Ottimo avvio delle civette che si dimostrano pimpanti impegnando due volte il golie avversario. Gli altoatesini provano alcune incursioni ma la difesa alleghese non si fa sorprendere. La squadra agordina sembra essere pi\u00f9 in forma ma non riesce a trasformare le occasioni. A fine primo tempo assalto dei pirati che, in superiorit\u00e0 numerica, mette sotto pressione l\u2019Alleghe. Nel drittel centrale l\u2019Appiano parte deciso con l\u2019intento di sbloccare la sfida. Rispondono le civette trovando la rete del vantaggio. Cambio delle linee, ingaggio e subito il gol con un tapin da distanza ravvicinata di De Val. Pirati che pareggiano subito i conti: superiorit\u00e0 numerica dei bolzanini e gol di Collin. Il match \u00e8 vivace e carico di emozioni. Biancorossi ancora vicini al gol ma il portiere altoatesino non lascia passare un disco. Ultimi minuti del secondo tempo con gli agordini in difficolt\u00e0 per una doppia inferiorit\u00e0 numerica ma Scola fa i miracoli. Terza frazione equilibrata con botta e risposta tra le due formazioni. Civette che peccano di correttezza in campo e sono costrette a giocare pi\u00f9 volte con l\u2019uomo in meno. I pirati si avvicinano pi\u00f9 volte alla porta agordina ma il gol non arriva. A 6\u2019 dal termine una svista arbitrale non convalida un gol alle civette con relative proteste dei giocatori agordini. Nel finale pressing dell\u2019Alleghe ma il gol non arriva e al primo contropiede i padroni di casa trovano la rete della vittoria con Radin.<\/p>\n<p><strong>BRESSANONE \u2013 FELTRE 4-7<\/strong><\/p>\n<p>PARZIALI: 0-3, 2.2, 2-2<\/p>\n<p>GOL: pt. 3\u201958\u201d e 6\u201954\u201d Lytvynov, 17\u201954\u201d Kedlec. st. 4\u201957\u201d Staudacher, 8\u201942\u201d Korkiakoski, 9\u201953\u201d Fantinel, 14\u201948\u201d Rainer. tt. 9\u201945\u201d Magro, 15\u201901\u201d Foltin, 15\u201923\u201d Phelps, 19\u201941\u201d Da Forno<\/p>\n<p>Tre punti immportantissimi per il Feltre che in terra altoatesina atterra i falchi di Bressanone portandosi al secondo posto in classifica della IHl. Bella prestazione dei feltrini capaci di segnare un gol dopo l\u2019altro e subendo qualche incursione avversaria. Subito avanti i picchi che dopo 4\u2019 trovano la rete del vantaggio con Lytvynov. Lo stesso giocatore si ripete poco dopo portando I feltrini sul 2 a 0. Nel finale di primo tempo la terza marcatura del feltre a firma di Kedlec. Nel secondo periodo il Bressanone accorcia le distanze con Staudacher. I picchi per\u00f2 allungano con Korkiakoski e Fantinel. I falchi accorciano di nuovo le distanze ma il Feltre non demorde. Terzo tempo con i padroni di casa che accorciano di nuovo, Foltin ristabilisce le distanze ma subito dopo il Bressanone trova un altro gol. Nel finale Da Forno chiude definitivamente il match.<\/p>\n<p>&nbsp;<\/p>\n<p class=\"mceTemp\"><span style=\"color: #0000ff;\"><b>CALCIO\u00a0<\/b><\/span><\/p>\n<blockquote>\n<h3>Nuovo ingresso nel team dirigenziale dell\u2019ASD Cavarzano Belluno: Biagio Giannone<\/h3>\n<\/blockquote>\n<p><a class=\"dt-pswp-item\" href=\"https:\/\/www.radiopiu.net\/wordpress\/wp-content\/uploads\/2024\/10\/BIAGIO.png\" data-dt-img-description=\"\" data-large_image_width=\"706\" data-large_image_height=\"433\"><img loading=\"lazy\" decoding=\"async\" class=\"size-medium wp-image-412275 alignleft\" src=\"https:\/\/www.radiopiu.net\/wordpress\/wp-content\/uploads\/2024\/10\/BIAGIO-300x184.png\" alt=\"\" width=\"300\" height=\"184\" srcset=\"https:\/\/www.radiopiu.net\/wordpress\/wp-content\/uploads\/2024\/10\/BIAGIO-300x184.png 300w, https:\/\/www.radiopiu.net\/wordpress\/wp-content\/uploads\/2024\/10\/BIAGIO.png 706w\" sizes=\"auto, (max-width: 300px) 100vw, 300px\" \/><\/a><\/p>\n<p><strong>BELLUNO<\/strong> L&#8217;Associazione Sportiva Dilettantistica Cavarzano Belluno annuncia l&#8217;ingresso di Biagio Giannone nel ruolo di responsabile Marketing. Giannone, con un\u2019importante esperienza dirigenziale presso squadre di calcio a 5, come Zater Piave e Seribell, si occuper\u00e0 della gestione delle sponsorizzazioni e della crescita economica del club. Il presidente Claudio Sella ha accolto con entusiasmo questa nuova collaborazione, sottolineando il valore che Giannone apporter\u00e0 alla struttura organizzativa. Tra gli obiettivi principali, Giannone si concentrer\u00e0 sull\u2019ampliamento delle partnership strategiche per sostenere le attivit\u00e0 sportive e i progetti sociali, offrendo un contributo prezioso alla comunit\u00e0 di Cavarzano e alla citt\u00e0 di Belluno. La societ\u00e0 \u00e8 fiduciosa che la sua esperienza rappresenti un passo avanti per affrontare con solidit\u00e0 le sfide future.<\/p>\n<p>Foto: il benvenuto a Biagio Giannone da parte del Presidente Claudio Sella.<\/p>\n<p>&nbsp;<\/p>\n<p><span style=\"color: #0000ff;\"><strong>TENNIS<\/strong><\/span><\/p>\n<blockquote>\n<h3>RINNOVATA L\u2019AMICIZIA FRA I CLUB DI SERVIZIO LIONS E ROTARY CON UN TORNEO DI TENNIS<\/h3>\n<\/blockquote>\n<p><a class=\"dt-pswp-item\" href=\"https:\/\/www.radiopiu.net\/wordpress\/wp-content\/uploads\/2024\/10\/Torneo-Lions-Rotary.jpg\" data-dt-img-description=\"\" data-large_image_width=\"1600\" data-large_image_height=\"1200\"><img loading=\"lazy\" decoding=\"async\" class=\" wp-image-412352 alignleft\" src=\"https:\/\/www.radiopiu.net\/wordpress\/wp-content\/uploads\/2024\/10\/Torneo-Lions-Rotary-300x225.jpg\" alt=\"\" width=\"171\" height=\"128\" srcset=\"https:\/\/www.radiopiu.net\/wordpress\/wp-content\/uploads\/2024\/10\/Torneo-Lions-Rotary-300x225.jpg 300w, https:\/\/www.radiopiu.net\/wordpress\/wp-content\/uploads\/2024\/10\/Torneo-Lions-Rotary-1024x768.jpg 1024w, https:\/\/www.radiopiu.net\/wordpress\/wp-content\/uploads\/2024\/10\/Torneo-Lions-Rotary-768x576.jpg 768w, https:\/\/www.radiopiu.net\/wordpress\/wp-content\/uploads\/2024\/10\/Torneo-Lions-Rotary-1536x1152.jpg 1536w, https:\/\/www.radiopiu.net\/wordpress\/wp-content\/uploads\/2024\/10\/Torneo-Lions-Rotary.jpg 1600w\" sizes=\"auto, (max-width: 171px) 100vw, 171px\" \/><\/a>Al Circolo Tennis di Pedavena si \u00e8 svolto il Torneo di tennis Interclub Lions-Rotary in memoria di Giuseppe Nanni, storico socio del Lions Club Belluno e co-ideatore dell&#8217;evento. Il torneo ha visto un&#8217;alta partecipazione di giocatori, dai 13 ai 70 anni, e ha coinvolto delegazioni di diversi club Lions e Rotary della zona. Il coordinatore Josh Panella ha espresso soddisfazione per la buona riuscita del torneo, favorito dalle ottime condizioni meteo e organizzato con la formula del &#8220;doppio giallo&#8221;, che promuove la collaborazione tra giocatori di diversi club. La vittoria \u00e8 andata alla coppia Stefani Peter e Talamini Enzo del Lions Club Belluno. Durante la manifestazione \u00e8 stato ricordato Giuseppe Nanni, con la partecipazione dei suoi figli Silvia e Luca.<\/p>\n<p>&nbsp;<\/p>\n<p>&nbsp;<\/p>\n<hr \/>\n<h2><span style=\"color: #ff00ff;\">\u00a0<\/span><\/h2>\n<h2><span style=\"color: #ff00ff;\">GOODBYE BY BICICLE&#8230;UN VIAGGIO DALL&#8217;INDIA A SEREN DEL GRAPPA IN BICICLETTA<\/span><\/h2>\n<p class=\"mceTemp\"><span style=\"color: #ff0000;\"><strong>PUNTATA 31 &#8211; LA TERZA SETTIMANA IN GRECIA<\/strong><\/span><\/p>\n<audio class=\"wp-audio-shortcode\" id=\"audio-412223-24\" preload=\"none\" style=\"width: 100%;\" controls=\"controls\"><source type=\"audio\/mpeg\" src=\"https:\/\/www.radiopiu.net\/wordpress\/wp-content\/uploads\/2024\/09\/AIRE-INDIA-PUNTATA-31.mp3?_=24\" \/><a href=\"https:\/\/www.radiopiu.net\/wordpress\/wp-content\/uploads\/2024\/09\/AIRE-INDIA-PUNTATA-31.mp3\">https:\/\/www.radiopiu.net\/wordpress\/wp-content\/uploads\/2024\/09\/AIRE-INDIA-PUNTATA-31.mp3<\/a><\/audio>\n<p class=\"mceTemp\"><strong>\u00a0<\/strong><\/p>\n<p class=\"mceTemp\"><strong>PER VISITARE I SITI DEI LUOGHI VISITATI, CLICCA SULLE SEGUENTI SCRITTE: <span style=\"color: #3366ff;\"><a href=\"https:\/\/www.wheeling2help.com\/about-us\">WHEELING 2 HELP<\/a> (<a href=\"https:\/\/www.instagram.com\/wheeling2help?igsh=cWZzaGNxMmM4aWF1\">INSTAGRAM)<\/a><\/span><\/strong><\/p>\n\n\t\t\t<style type='text\/css'>\n\t\t\t\t#gallery-2 {\n\t\t\t\t\tmargin: auto;\n\t\t\t\t}\n\t\t\t\t#gallery-2 .gallery-item {\n\t\t\t\t\tfloat: left;\n\t\t\t\t\tmargin-top: 10px;\n\t\t\t\t\ttext-align: center;\n\t\t\t\t\twidth: 20%;\n\t\t\t\t}\n\t\t\t\t#gallery-2 img {\n\t\t\t\t\tborder: 2px solid #cfcfcf;\n\t\t\t\t}\n\t\t\t\t#gallery-2 .gallery-caption {\n\t\t\t\t\tmargin-left: 0;\n\t\t\t\t}\n\t\t\t\t\/* see gallery_shortcode() in wp-includes\/media.php *\/\n\t\t\t<\/style>\n\t\t<div id='gallery-2' class='dt-gallery-container gallery galleryid-412223 gallery-columns-5 gallery-size-thumbnail'><dl class='gallery-item'>\n\t\t\t\t<dt class='gallery-icon landscape'>\n\t\t\t\t\t<a class=\"rollover\" href='https:\/\/www.radiopiu.net\/wordpress\/goodbye-by-bicicle-un-viaggio-dallindia-a-seren-del-grappa-in-bicicletta-39\/85ac9490-ab89-486d-a6cd-72d0473a0020\/'><img loading=\"lazy\" decoding=\"async\" width=\"150\" height=\"150\" src=\"https:\/\/www.radiopiu.net\/wordpress\/wp-content\/uploads\/2024\/09\/85ac9490-ab89-486d-a6cd-72d0473a0020-150x150.jpg\" class=\"attachment-thumbnail size-thumbnail\" alt=\"\" \/><\/a>\n\t\t\t\t<\/dt><\/dl><dl class='gallery-item'>\n\t\t\t\t<dt class='gallery-icon landscape'>\n\t\t\t\t\t<a class=\"rollover\" href='https:\/\/www.radiopiu.net\/wordpress\/goodbye-by-bicicle-un-viaggio-dallindia-a-seren-del-grappa-in-bicicletta-39\/77881b0f-a387-46cc-9030-83d60d6ed9d0\/'><img loading=\"lazy\" decoding=\"async\" width=\"150\" height=\"150\" src=\"https:\/\/www.radiopiu.net\/wordpress\/wp-content\/uploads\/2024\/09\/77881b0f-a387-46cc-9030-83d60d6ed9d0-150x150.jpg\" class=\"attachment-thumbnail size-thumbnail\" alt=\"\" \/><\/a>\n\t\t\t\t<\/dt><\/dl><dl class='gallery-item'>\n\t\t\t\t<dt class='gallery-icon landscape'>\n\t\t\t\t\t<a class=\"rollover\" href='https:\/\/www.radiopiu.net\/wordpress\/goodbye-by-bicicle-un-viaggio-dallindia-a-seren-del-grappa-in-bicicletta-39\/60ac5793-d320-4220-9ff4-62257c37ae5b\/'><img loading=\"lazy\" decoding=\"async\" width=\"150\" height=\"150\" src=\"https:\/\/www.radiopiu.net\/wordpress\/wp-content\/uploads\/2024\/09\/60ac5793-d320-4220-9ff4-62257c37ae5b-150x150.jpg\" class=\"attachment-thumbnail size-thumbnail\" alt=\"\" \/><\/a>\n\t\t\t\t<\/dt><\/dl><dl class='gallery-item'>\n\t\t\t\t<dt class='gallery-icon landscape'>\n\t\t\t\t\t<a class=\"rollover\" href='https:\/\/www.radiopiu.net\/wordpress\/goodbye-by-bicicle-un-viaggio-dallindia-a-seren-del-grappa-in-bicicletta-39\/d08c11bc-edc8-4706-a8d4-2c27a9d917ef\/'><img loading=\"lazy\" decoding=\"async\" width=\"150\" height=\"150\" src=\"https:\/\/www.radiopiu.net\/wordpress\/wp-content\/uploads\/2024\/09\/d08c11bc-edc8-4706-a8d4-2c27a9d917ef-150x150.jpg\" class=\"attachment-thumbnail size-thumbnail\" alt=\"\" \/><\/a>\n\t\t\t\t<\/dt><\/dl><dl class='gallery-item'>\n\t\t\t\t<dt class='gallery-icon portrait'>\n\t\t\t\t\t<a class=\"rollover\" href='https:\/\/www.radiopiu.net\/wordpress\/goodbye-by-bicicle-un-viaggio-dallindia-a-seren-del-grappa-in-bicicletta-39\/fe060dd7-fc31-4a28-8b7d-341dc4626102\/'><img loading=\"lazy\" decoding=\"async\" width=\"150\" height=\"150\" src=\"https:\/\/www.radiopiu.net\/wordpress\/wp-content\/uploads\/2024\/09\/fe060dd7-fc31-4a28-8b7d-341dc4626102-150x150.jpg\" class=\"attachment-thumbnail size-thumbnail\" alt=\"\" \/><\/a>\n\t\t\t\t<\/dt><\/dl><br style=\"clear: both\" \/>\n\t\t\t<\/div>\n\n<h2><\/h2>\n<h2>LA RACCOLTA COMPLETA <a href=\"https:\/\/www.radiopiu.net\/wordpress\/goodbye-by-bicicle-un-viaggio-dallindia-a-seren-del-grappa-in-bicicletta-31\/\"><span style=\"color: #3366ff;\">CLICCA QUI<\/span><\/a><\/h2>\n<p class=\"mceTemp\">\n","protected":false},"excerpt":{"rendered":"<p>** PASSO GIAU RIAPERTO precedentemente chiuso per abbondanti nevicate e accumuli. &nbsp; PASSO FEDAIA, OGGI ORE 8 &nbsp; &nbsp; &nbsp; &nbsp; LA\u00a0 APP PER IOS-IPHONE di Nicola Vettorello https:\/\/apps.apple.com\/it\/app\/radio-pi%C3%B9-emittente-agordina\/id1515939845 \u00a0LA\u00a0 APP RADIO\u00a0 PER ANDROID di Nicola Vettorello https:\/\/play.google.com\/store\/apps\/details?id=net.radiopiu.iniko\u00a0\u00a0\u00a0 &nbsp; &nbsp; &nbsp; OGGI ALLA RADIO&#8230;. ALLE 4 E ALLE 6 LE NOTIZIE DALL&#8217;ITALIA E DAL MONDO&hellip;<\/p>\n","protected":false},"author":4,"featured_media":412467,"comment_status":"closed","ping_status":"closed","sticky":false,"template":"","format":"standard","meta":{"_monsterinsights_skip_tracking":false,"_monsterinsights_sitenote_active":false,"_monsterinsights_sitenote_note":"","_monsterinsights_sitenote_category":0,"footnotes":""},"categories":[51,86,49],"tags":[],"class_list":["post-412223","post","type-post","status-publish","format-standard","has-post-thumbnail","hentry","category-evidenza-top","category-gr","category-news-18","category-51","category-86","category-49","description-off"],"img_url":"https:\/\/www.radiopiu.net\/wordpress\/wp-content\/uploads\/2024\/10\/45bcb6bf-0d14-4f8d-95a7-9f90a9ebd7be.jpg","_links":{"self":[{"href":"https:\/\/www.radiopiu.net\/wordpress\/wp-json\/wp\/v2\/posts\/412223","targetHints":{"allow":["GET"]}}],"collection":[{"href":"https:\/\/www.radiopiu.net\/wordpress\/wp-json\/wp\/v2\/posts"}],"about":[{"href":"https:\/\/www.radiopiu.net\/wordpress\/wp-json\/wp\/v2\/types\/post"}],"author":[{"embeddable":true,"href":"https:\/\/www.radiopiu.net\/wordpress\/wp-json\/wp\/v2\/users\/4"}],"replies":[{"embeddable":true,"href":"https:\/\/www.radiopiu.net\/wordpress\/wp-json\/wp\/v2\/comments?post=412223"}],"version-history":[{"count":38,"href":"https:\/\/www.radiopiu.net\/wordpress\/wp-json\/wp\/v2\/posts\/412223\/revisions"}],"predecessor-version":[{"id":412474,"href":"https:\/\/www.radiopiu.net\/wordpress\/wp-json\/wp\/v2\/posts\/412223\/revisions\/412474"}],"wp:featuredmedia":[{"embeddable":true,"href":"https:\/\/www.radiopiu.net\/wordpress\/wp-json\/wp\/v2\/media\/412467"}],"wp:attachment":[{"href":"https:\/\/www.radiopiu.net\/wordpress\/wp-json\/wp\/v2\/media?parent=412223"}],"wp:term":[{"taxonomy":"category","embeddable":true,"href":"https:\/\/www.radiopiu.net\/wordpress\/wp-json\/wp\/v2\/categories?post=412223"},{"taxonomy":"post_tag","embeddable":true,"href":"https:\/\/www.radiopiu.net\/wordpress\/wp-json\/wp\/v2\/tags?post=412223"}],"curies":[{"name":"wp","href":"https:\/\/api.w.org\/{rel}","templated":true}]}}