{"id":412302,"date":"2024-10-04T05:07:04","date_gmt":"2024-10-04T03:07:04","guid":{"rendered":"https:\/\/www.radiopiu.net\/wordpress\/?p=412302"},"modified":"2024-10-04T05:32:07","modified_gmt":"2024-10-04T03:32:07","slug":"allerta-meteo-precipitazioni-intense-e-criticita-idrogeologica","status":"publish","type":"post","link":"https:\/\/www.radiopiu.net\/wordpress\/allerta-meteo-precipitazioni-intense-e-criticita-idrogeologica\/","title":{"rendered":"Allerta Meteo: Precipitazioni Intense e Criticit\u00e0 Idrogeologica"},"content":{"rendered":"<p>***<\/p>\n<p><strong><img loading=\"lazy\" decoding=\"async\" class=\"alignleft\" src=\"https:\/\/www.radiopiu.net\/wordpress\/wp-content\/uploads\/2018\/08\/instabilita.jpg\" width=\"244\" height=\"146\" \/>VENEZIA<\/strong> Le previsioni meteo annunciano un tempo perturbato tra oggi, gioved\u00ec 3 ottobre, e domani, venerd\u00ec 4. La fase pi\u00f9 intensa delle precipitazioni si prevede per la mattinata di oggi e quella di domani, con forti rovesci, specialmente sulla pianura centro-orientale, le zone costiere e le Prealpi. I quantitativi di pioggia potrebbero variare da consistenti a localmente abbondanti. Inoltre, ci si aspetta un rinforzo dei venti da nord-est, che potrebbero diventare forti, con raffiche nelle aree costiere, in particolare nelle regioni centro-meridionali e nella pianura sud-orientale. A seguito di queste previsioni, il Centro Funzionale Decentrato della Protezione Civile Regionale ha emesso un avviso di criticit\u00e0 idrogeologica e idraulica valido dalle 14 di oggi fino alle 16 di domani. \u00c8 stata dichiarata la fase operativa di preallarme (allerta arancione) per i bacini di Po, Fissero-Tartaro-Canal Bianco e altri. Si prevede un possibile innesco di frane e allagamenti, con il rischio di un innalzamento dei livelli idrici nei corsi d&#8217;acqua principali. \u00c8 consigliata la massima prudenza.<\/p>\n<p>___<\/p>\n","protected":false},"excerpt":{"rendered":"<p>*** VENEZIA Le previsioni meteo annunciano un tempo perturbato tra oggi, gioved\u00ec 3 ottobre, e domani, venerd\u00ec 4. La fase pi\u00f9 intensa delle precipitazioni si prevede per la mattinata di oggi e quella di domani, con forti rovesci, specialmente sulla pianura centro-orientale, le zone costiere e le Prealpi. I quantitativi di pioggia potrebbero variare da&hellip;<\/p>\n","protected":false},"author":4,"featured_media":57488,"comment_status":"closed","ping_status":"closed","sticky":false,"template":"","format":"standard","meta":{"_monsterinsights_skip_tracking":false,"_monsterinsights_sitenote_active":false,"_monsterinsights_sitenote_note":"","_monsterinsights_sitenote_category":0,"footnotes":""},"categories":[51,49],"tags":[],"class_list":["post-412302","post","type-post","status-publish","format-standard","has-post-thumbnail","hentry","category-evidenza-top","category-news-18","category-51","category-49","description-off"],"img_url":"https:\/\/www.radiopiu.net\/wordpress\/wp-content\/uploads\/2018\/08\/instabilita.jpg","_links":{"self":[{"href":"https:\/\/www.radiopiu.net\/wordpress\/wp-json\/wp\/v2\/posts\/412302","targetHints":{"allow":["GET"]}}],"collection":[{"href":"https:\/\/www.radiopiu.net\/wordpress\/wp-json\/wp\/v2\/posts"}],"about":[{"href":"https:\/\/www.radiopiu.net\/wordpress\/wp-json\/wp\/v2\/types\/post"}],"author":[{"embeddable":true,"href":"https:\/\/www.radiopiu.net\/wordpress\/wp-json\/wp\/v2\/users\/4"}],"replies":[{"embeddable":true,"href":"https:\/\/www.radiopiu.net\/wordpress\/wp-json\/wp\/v2\/comments?post=412302"}],"version-history":[{"count":1,"href":"https:\/\/www.radiopiu.net\/wordpress\/wp-json\/wp\/v2\/posts\/412302\/revisions"}],"predecessor-version":[{"id":412303,"href":"https:\/\/www.radiopiu.net\/wordpress\/wp-json\/wp\/v2\/posts\/412302\/revisions\/412303"}],"wp:featuredmedia":[{"embeddable":true,"href":"https:\/\/www.radiopiu.net\/wordpress\/wp-json\/wp\/v2\/media\/57488"}],"wp:attachment":[{"href":"https:\/\/www.radiopiu.net\/wordpress\/wp-json\/wp\/v2\/media?parent=412302"}],"wp:term":[{"taxonomy":"category","embeddable":true,"href":"https:\/\/www.radiopiu.net\/wordpress\/wp-json\/wp\/v2\/categories?post=412302"},{"taxonomy":"post_tag","embeddable":true,"href":"https:\/\/www.radiopiu.net\/wordpress\/wp-json\/wp\/v2\/tags?post=412302"}],"curies":[{"name":"wp","href":"https:\/\/api.w.org\/{rel}","templated":true}]}}