{"id":412389,"date":"2024-10-05T05:55:36","date_gmt":"2024-10-05T03:55:36","guid":{"rendered":"https:\/\/www.radiopiu.net\/wordpress\/?p=412389"},"modified":"2024-10-05T09:17:38","modified_gmt":"2024-10-05T07:17:38","slug":"giornale-radiopiu-05-ottobre-2024-direttore-mirko-mezzacasada-41-anni-25-giugno-1983-25-giugno-2024","status":"publish","type":"post","link":"https:\/\/www.radiopiu.net\/wordpress\/giornale-radiopiu-05-ottobre-2024-direttore-mirko-mezzacasada-41-anni-25-giugno-1983-25-giugno-2024\/","title":{"rendered":"GIORNALE RADIOPIU 05 OTTOBRE 2024 DIRETTORE MIRKO MEZZACASA\u2026DA 41 ANNI 25 GIUGNO 1983-25 GIUGNO 2024"},"content":{"rendered":"<h1>**<\/h1>\n<h1><em><span style=\"color: #ff0000;\">\u00a0<\/span><\/em><\/h1>\n<p><em><span style=\"color: #ff0000;\"><a class=\"dt-pswp-item\" href=\"https:\/\/www.radiopiu.net\/wordpress\/wp-content\/uploads\/2024\/10\/Senza-nome-8.png\" data-dt-img-description=\"\" data-large_image_width=\"343\" data-large_image_height=\"303\"><img loading=\"lazy\" decoding=\"async\" class=\"wp-image-412130 alignleft\" src=\"https:\/\/www.radiopiu.net\/wordpress\/wp-content\/uploads\/2024\/10\/Senza-nome-8-300x265.png\" alt=\"\" width=\"105\" height=\"93\" srcset=\"https:\/\/www.radiopiu.net\/wordpress\/wp-content\/uploads\/2024\/10\/Senza-nome-8-300x265.png 300w, https:\/\/www.radiopiu.net\/wordpress\/wp-content\/uploads\/2024\/10\/Senza-nome-8.png 343w\" sizes=\"auto, (max-width: 105px) 100vw, 105px\" \/><\/a><\/span><\/em><strong><em><span style=\"color: #ff0000;\"> LA\u00a0 APP PER IOS-IPHONE di Nicola Vettorello<\/span><\/em><\/strong><\/p>\n<p><strong><span style=\"color: #0000ff;\"><a style=\"color: #0000ff;\" href=\"https:\/\/apps.apple.com\/it\/app\/radio-pi%C3%B9-emittente-agordina\/id1515939845\">https:\/\/apps.apple.com\/it\/app\/radio-pi%C3%B9-emittente-agordina\/id1515939845<\/a><\/span><\/strong><\/p>\n<p><strong><em style=\"color: #ff0000;\">LA\u00a0 APP RADIO\u00a0 PER ANDROID di Nicola Vettorello<\/em><\/strong><\/p>\n<p><strong><span style=\"color: #0000ff;\"><a style=\"color: #0000ff;\" href=\"https:\/\/play.google.com\/store\/apps\/details?id=net.radiopiu.iniko\" target=\"_blank\" rel=\"noopener noreferrer\">https:\/\/<\/a><a style=\"color: #0000ff;\" href=\"https:\/\/play.google.com\/store\/apps\/details?id=net.radiopiu.iniko\" target=\"_blank\" rel=\"noopener noreferrer\">play.google.com\/store\/apps\/details?id=net.radiopiu.iniko\u00a0\u00a0\u00a0<\/a><\/span><\/strong><\/p>\n<p>&nbsp;<\/p>\n<p>&nbsp;<\/p>\n<hr \/>\n<p>&nbsp;<\/p>\n<h1 dir=\"auto\" style=\"text-align: center;\">MONTE RITE, CORTINA: LA PRIMA CONSISTENTE NEVICATA. MISURATI 60 CENTIMETRI<\/h1>\n<p><iframe loading=\"lazy\" title=\"adesso i cm sono 60\" width=\"1200\" height=\"675\" src=\"https:\/\/www.youtube.com\/embed\/JjGPIPVxhFI?feature=oembed\" frameborder=\"0\" allow=\"accelerometer; autoplay; clipboard-write; encrypted-media; gyroscope; picture-in-picture; web-share\" referrerpolicy=\"strict-origin-when-cross-origin\" allowfullscreen><\/iframe><\/p>\n<p>&nbsp;<\/p>\n<blockquote>\n<h2><strong>Neve e disagi sui passi dolomitici<\/strong><\/h2>\n<\/blockquote>\n<p><strong>TAIBON<\/strong> Nelle ultime ore, forti nevicate hanno causato disagi in alta quota, soprattutto sui passi dolomitici. Il Passo Giau \u00e8 stato chiuso durante la notte del 3 ottobre e riaperto solo la mattina successiva. Molti veicoli sono rimasti bloccati, in particolare sul Passo Tre Croci, dove \u00e8 mancato il sale. Diversi interventi dei vigili del fuoco e disagi anche sulla A27, con danni a oltre 15 veicoli.<\/p>\n<blockquote>\n<h2><strong>Incidente a Santa Giustina: auto fuori strada, ferito lieve<\/strong><\/h2>\n<\/blockquote>\n<p><strong>SANTA GIUSTINA<\/strong> Un&#8217;auto \u00e8 uscita di strada lungo la statale 50 a Volpere, Santa Giustina. Il 19enne alla guida \u00e8 rimasto ferito in modo non grave. Trasportato all&#8217;ospedale di Feltre per accertamenti.<\/p>\n<p>&nbsp;<\/p>\n<p><a class=\"dt-pswp-item\" href=\"https:\/\/www.radiopiu.net\/wordpress\/wp-content\/uploads\/2024\/10\/c1bf6d65-2040-4cc4-ba06-9e586fb9ea7c.jpg\" data-dt-img-description=\"\" data-large_image_width=\"1600\" data-large_image_height=\"1200\"><img loading=\"lazy\" decoding=\"async\" class=\"size-medium wp-image-412470 aligncenter\" src=\"https:\/\/www.radiopiu.net\/wordpress\/wp-content\/uploads\/2024\/10\/c1bf6d65-2040-4cc4-ba06-9e586fb9ea7c-300x225.jpg\" alt=\"\" width=\"300\" height=\"225\" srcset=\"https:\/\/www.radiopiu.net\/wordpress\/wp-content\/uploads\/2024\/10\/c1bf6d65-2040-4cc4-ba06-9e586fb9ea7c-300x225.jpg 300w, https:\/\/www.radiopiu.net\/wordpress\/wp-content\/uploads\/2024\/10\/c1bf6d65-2040-4cc4-ba06-9e586fb9ea7c-1024x768.jpg 1024w, https:\/\/www.radiopiu.net\/wordpress\/wp-content\/uploads\/2024\/10\/c1bf6d65-2040-4cc4-ba06-9e586fb9ea7c-768x576.jpg 768w, https:\/\/www.radiopiu.net\/wordpress\/wp-content\/uploads\/2024\/10\/c1bf6d65-2040-4cc4-ba06-9e586fb9ea7c-1536x1152.jpg 1536w, https:\/\/www.radiopiu.net\/wordpress\/wp-content\/uploads\/2024\/10\/c1bf6d65-2040-4cc4-ba06-9e586fb9ea7c.jpg 1600w\" sizes=\"auto, (max-width: 300px) 100vw, 300px\" \/><\/a><\/p>\n<p>&nbsp;<\/p>\n<hr \/>\n<div dir=\"auto\"><\/div>\n<p><strong><span style=\"color: #ff0000;\"><a class=\"dt-pswp-item\" href=\"https:\/\/www.radiopiu.net\/wordpress\/wp-content\/uploads\/2024\/10\/31_offerta_1.jpg\" data-dt-img-description=\"\" data-large_image_width=\"386\" data-large_image_height=\"540\"><img loading=\"lazy\" decoding=\"async\" class=\"size-medium wp-image-412558 alignleft\" src=\"https:\/\/www.radiopiu.net\/wordpress\/wp-content\/uploads\/2024\/10\/31_offerta_1-214x300.jpg\" alt=\"\" width=\"214\" height=\"300\" srcset=\"https:\/\/www.radiopiu.net\/wordpress\/wp-content\/uploads\/2024\/10\/31_offerta_1-214x300.jpg 214w, https:\/\/www.radiopiu.net\/wordpress\/wp-content\/uploads\/2024\/10\/31_offerta_1.jpg 386w\" sizes=\"auto, (max-width: 214px) 100vw, 214px\" \/><\/a>LE DIRETTE DI RADIOPIU<\/span>: OGGI DALLE 15 DA TAIBON AGORDINO INAUGURAZIONE DELLA FALEGNAMERIA HERMANN IN ZONA CAMPAGNA<br \/>\n<\/strong><\/p>\n<p>&nbsp;<\/p>\n<p><strong>LE DIRETTE DI RADIOPIU: QUESTA SERA L&#8217;HOCKEY SU GHIACCIO IN STUDIO MARCO GAZ, IL CAMPIONATO IHL DELL&#8217;ALLEGHE HOCKEY\u00a0<\/strong><\/p>\n<p><strong><br \/>\n<span style=\"color: #339966;\">LE DIRETTE DI RADIOPIU<\/span>: DOMANI DA CANALE D&#8217;AGORDO LA SFILATA DEI TRATTORI<\/strong><\/p>\n<p><span style=\"color: #ff00ff;\"><strong>\u00a0LE DIRETTE DI RADIOPIU: DOMANI DA FALCADE ALLE 10 IL MONDIALE DI PESTO<\/strong><\/span><\/p>\n<p><span style=\"color: #0000ff;\">LE DIRETTE DI RADIOPIU:<\/span> DOMANI ALLE 20.30 IL FINE SETTIMANA DELL&#8217;AGORDINA CALCIO, IN STUDIO MARCO GAZ<\/p>\n<p><strong>OGGI ALLA RADIO&#8230;.<\/strong> <span style=\"color: #ff0000;\">ALLE 4 E ALLE 6<\/span> LE NOTIZIE DALL&#8217;ITALIA E DAL MONDO <span style=\"color: #ff0000;\"> 0500 <span style=\"color: #0000ff;\">l&#8217;almanacco della nostra gente con il MUSLA\u00a0<\/span><\/span><span style=\"color: #ff0000;\"> 6.15<\/span> PIROLE DE LENGA A CURA DEL MUSLA<span style=\"color: #ff0000;\"> 7.20<\/span> EL BAL DEL FIORI, DETTI E TRADIZIONI DI GIULIANA DA RONCH <span style=\"color: #ff0000;\">8.05<\/span> LA RASSEGNA STAMPA LOCALE<span style=\"color: #ff0000;\"> 8.30 <span style=\"color: #000000;\">WEEK END&#8230; MARINA C&#8217;E&#8217;<\/span> <span style=\"color: #000000;\">\u00a0\u00a0<\/span> 900 <span style=\"color: #0000ff;\">L&#8217;almanacco della nostra gente con il MUSLA\u00a0 \u00a0<\/span><\/span><span style=\"color: #ff0000;\"><span style=\"color: #000000;\">9.10 PREMIERE DI MARCO GAZ &#8211; E IL VINO RACCONTO CON DIANA DI MOSTO RICCO\u00a0 \u00a0<\/span><\/span><span style=\"color: #ff0000;\">9.40<\/span> VIABILITA&#8217; CON BOTOL CAR SERVICE (AGORDO-SEDICO-FELTRE)\u00a0 \u00a0\u00a0\u00a0<span style=\"color: #ff0000;\">12.00<\/span> VA TUTTO LISCIO\u00a0 <span style=\"color: #ff0000;\">12.30<\/span> GIORNALE RADIO PRINCIPALE <span style=\"color: #ff0000;\">\u00a0<\/span><span style=\"color: #ff0000;\">14.00\u00a0 <span style=\"color: #000000;\">ELETTROCHOC DJ JACK\u00a0<\/span>\u00a0<\/span><span style=\"color: #ff0000;\">15.00<\/span>\u00a0 \u00a0DI MARCO GAZ LA CLASSIFICA UFFICIALE DI RADIO PIU\u00a0 <span style=\"color: #ff0000;\">16<\/span> IL ROCK DI MARCO COSTANTINI <span style=\"color: #ff0000;\">1645<\/span> LE HIT DI MIRCO BENCIVENNI <span style=\"color: #ff0000;\">18.00<\/span> PIU&#8217; DANCE LE SELEZIONI CHE FANNO SALTARE DI DJ JACK, JACOPO DEL TEDESCO <span style=\"color: #ff0000;\">19.00 <span style=\"color: #000000;\">LE ANTICIPAZIONI DAL TG DI ANTENNA 3 DI TIZIANA BOLOGNANI\u00a0 20.30 HOCKEY AL PUNTO GIUSTO CON MARCO GAZ E ROBERTO MIANA<\/span><\/span><\/p>\n<p><strong>rassegna stampa nazionale,<\/strong> ogni giorno alle 5 e alle 6 del mattino<br \/>\ngiornali locali 7 rassegna stampa flash, 8 rassegna stampa, gr flash alle 10 e alle 11, principale 12.30. Informazione pomeriggio alle 15 (speciale) 16, 17, 18. Giornale radio nazionale: ogni ora dalle 5 del mattino, alle 20 della sera.<\/p>\n<p>&nbsp;<\/p>\n<p>&nbsp;<\/p>\n<hr \/>\n<p>&nbsp;<\/p>\n<p>&nbsp;<\/p>\n<div class=\"x11i5rnm xat24cr x1mh8g0r x1vvkbs xtlvy1s x126k92a\">\n<div dir=\"auto\">\n<div dir=\"auto\">\n<p><strong><a class=\"dt-pswp-item\" href=\"https:\/\/www.radiopiu.net\/wordpress\/wp-content\/uploads\/2024\/02\/2d44e751-d8a8-461b-8e22-d8e4e853b032.jpg\" data-dt-img-description=\"\" data-large_image_width=\"1600\" data-large_image_height=\"1200\"><img loading=\"lazy\" decoding=\"async\" class=\"wp-image-373307 alignleft\" src=\"https:\/\/www.radiopiu.net\/wordpress\/wp-content\/uploads\/2024\/02\/2d44e751-d8a8-461b-8e22-d8e4e853b032-300x225.jpg\" alt=\"\" width=\"105\" height=\"79\" srcset=\"https:\/\/www.radiopiu.net\/wordpress\/wp-content\/uploads\/2024\/02\/2d44e751-d8a8-461b-8e22-d8e4e853b032-300x225.jpg 300w, https:\/\/www.radiopiu.net\/wordpress\/wp-content\/uploads\/2024\/02\/2d44e751-d8a8-461b-8e22-d8e4e853b032-1024x768.jpg 1024w, https:\/\/www.radiopiu.net\/wordpress\/wp-content\/uploads\/2024\/02\/2d44e751-d8a8-461b-8e22-d8e4e853b032-768x576.jpg 768w, https:\/\/www.radiopiu.net\/wordpress\/wp-content\/uploads\/2024\/02\/2d44e751-d8a8-461b-8e22-d8e4e853b032-1536x1152.jpg 1536w, https:\/\/www.radiopiu.net\/wordpress\/wp-content\/uploads\/2024\/02\/2d44e751-d8a8-461b-8e22-d8e4e853b032.jpg 1600w\" sizes=\"auto, (max-width: 105px) 100vw, 105px\" \/><\/a>EL BAL DEL FIOR, DI GIULIANA DA RONCH, 05 OTTOBRE<\/strong><strong>\u00a02024<\/strong><\/p>\n<\/div>\n<\/div>\n<\/div>\n<div class=\"x11i5rnm xat24cr x1mh8g0r x1vvkbs xtlvy1s x126k92a\"><\/div>\n<audio class=\"wp-audio-shortcode\" id=\"audio-412389-1\" preload=\"none\" style=\"width: 100%;\" controls=\"controls\"><source type=\"audio\/mpeg\" src=\"https:\/\/www.radiopiu.net\/wordpress\/wp-content\/uploads\/2024\/09\/GSA-4.mp3?_=1\" \/><a href=\"https:\/\/www.radiopiu.net\/wordpress\/wp-content\/uploads\/2024\/09\/GSA-4.mp3\">https:\/\/www.radiopiu.net\/wordpress\/wp-content\/uploads\/2024\/09\/GSA-4.mp3<\/a><\/audio>\n<p>&nbsp;<\/p>\n<hr \/>\n<p>&nbsp;<\/p>\n<div class=\"x11i5rnm xat24cr x1mh8g0r x1vvkbs xtlvy1s x126k92a\">\n<h1><span style=\"color: #ff0000;\"><a class=\"dt-pswp-item\" href=\"https:\/\/www.radiopiu.net\/wordpress\/wp-content\/uploads\/2024\/06\/th-5.jpg\" data-dt-img-description=\"\" data-large_image_width=\"326\" data-large_image_height=\"180\"><img loading=\"lazy\" decoding=\"async\" class=\"size-medium wp-image-395881 alignleft\" src=\"https:\/\/www.radiopiu.net\/wordpress\/wp-content\/uploads\/2024\/06\/th-5-300x166.jpg\" alt=\"\" width=\"300\" height=\"166\" srcset=\"https:\/\/www.radiopiu.net\/wordpress\/wp-content\/uploads\/2024\/06\/th-5-300x166.jpg 300w, https:\/\/www.radiopiu.net\/wordpress\/wp-content\/uploads\/2024\/06\/th-5.jpg 326w\" sizes=\"auto, (max-width: 300px) 100vw, 300px\" \/><\/a><\/span><\/h1>\n<h1><\/h1>\n<h1><\/h1>\n<h1><span style=\"color: #000000;\">05 OTTOBRE&#8230; alla radio l&#8217;almanacco\u00a0<\/span><\/h1>\n<p>&nbsp;<\/p>\n<audio class=\"wp-audio-shortcode\" id=\"audio-412389-2\" preload=\"none\" style=\"width: 100%;\" controls=\"controls\"><source type=\"audio\/mpeg\" src=\"https:\/\/www.radiopiu.net\/wordpress\/wp-content\/uploads\/2024\/10\/ALMANACCONEW-4.mp3?_=2\" \/><a href=\"https:\/\/www.radiopiu.net\/wordpress\/wp-content\/uploads\/2024\/10\/ALMANACCONEW-4.mp3\">https:\/\/www.radiopiu.net\/wordpress\/wp-content\/uploads\/2024\/10\/ALMANACCONEW-4.mp3<\/a><\/audio>\n<p>&nbsp;<\/p>\n<p>&nbsp;<\/p>\n<hr \/>\n<p>&nbsp;<\/p>\n<p>&nbsp;<\/p>\n<blockquote>\n<h1><strong><a class=\"dt-pswp-item\" href=\"https:\/\/www.radiopiu.net\/wordpress\/wp-content\/uploads\/2024\/09\/settembre-2024-calendario-it2.jpg\" data-dt-img-description=\"Optimized by JPEGmini 3.13.0.8 0x813388d2\" data-large_image_width=\"1325\" data-large_image_height=\"1004\"><img loading=\"lazy\" decoding=\"async\" class=\" wp-image-409701 alignleft\" src=\"https:\/\/www.radiopiu.net\/wordpress\/wp-content\/uploads\/2024\/09\/settembre-2024-calendario-it2-300x227.jpg\" alt=\"\" width=\"187\" height=\"142\" srcset=\"https:\/\/www.radiopiu.net\/wordpress\/wp-content\/uploads\/2024\/09\/settembre-2024-calendario-it2-300x227.jpg 300w, https:\/\/www.radiopiu.net\/wordpress\/wp-content\/uploads\/2024\/09\/settembre-2024-calendario-it2-1024x776.jpg 1024w, https:\/\/www.radiopiu.net\/wordpress\/wp-content\/uploads\/2024\/09\/settembre-2024-calendario-it2-768x582.jpg 768w, https:\/\/www.radiopiu.net\/wordpress\/wp-content\/uploads\/2024\/09\/settembre-2024-calendario-it2.jpg 1325w\" sizes=\"auto, (max-width: 187px) 100vw, 187px\" \/><\/a>N di parom &#8211; L Almanach de la nosta jent<\/strong><\/h1>\n<\/blockquote>\n<p>Le voci: Davide Conedera, Agordo, Michela Dell&#8217;Osbel, La Valle Agordina Simone Ganz, Falcade Veronica Lezuo, Colle Santa Lucia. La voce nella sigla \u00e8 di Giorgia Taio<\/p>\n<p><strong>LA PUNTATA DI OGGI, 05 OTTOBRE<\/strong><\/p>\n<audio class=\"wp-audio-shortcode\" id=\"audio-412389-3\" preload=\"none\" style=\"width: 100%;\" controls=\"controls\"><source type=\"audio\/mpeg\" src=\"https:\/\/www.radiopiu.net\/wordpress\/wp-content\/uploads\/2024\/10\/5_otober_Michela.mp3?_=3\" \/><a href=\"https:\/\/www.radiopiu.net\/wordpress\/wp-content\/uploads\/2024\/10\/5_otober_Michela.mp3\">https:\/\/www.radiopiu.net\/wordpress\/wp-content\/uploads\/2024\/10\/5_otober_Michela.mp3<\/a><\/audio>\n<p>&nbsp;<\/p>\n<\/div>\n<p>&nbsp;<\/p>\n<div class=\"x11i5rnm xat24cr x1mh8g0r x1vvkbs xtlvy1s x126k92a\">\n<div dir=\"auto\">\n<p>&nbsp;<\/p>\n<hr \/>\n<\/div>\n<\/div>\n<blockquote>\n<blockquote>\n<h1><span style=\"color: #ff0000;\">\u00a0<\/span><\/h1>\n<h1><span style=\"color: #ff0000;\">I podcast informativi del mattino &#8211; audio &#8211;\u00a0\u00a0<\/span><\/h1>\n<\/blockquote>\n<p><strong><a class=\"dt-pswp-item\" href=\"https:\/\/www.radiopiu.net\/wordpress\/wp-content\/uploads\/2023\/11\/th-10.jpg\" data-dt-img-description=\"\" data-large_image_width=\"320\" data-large_image_height=\"180\"><img loading=\"lazy\" decoding=\"async\" class=\"wp-image-362866 alignleft\" src=\"https:\/\/www.radiopiu.net\/wordpress\/wp-content\/uploads\/2023\/11\/th-10-300x169.jpg\" alt=\"\" width=\"185\" height=\"104\" srcset=\"https:\/\/www.radiopiu.net\/wordpress\/wp-content\/uploads\/2023\/11\/th-10-300x169.jpg 300w, https:\/\/www.radiopiu.net\/wordpress\/wp-content\/uploads\/2023\/11\/th-10.jpg 320w\" sizes=\"auto, (max-width: 185px) 100vw, 185px\" \/><\/a>LA RASSEGNA STAMPA NAZIONALE ALLA RADIO, OGNI GIORNO ALLE 5 E ALLE 6 DEL MATTINO <span style=\"color: #0000ff;\">viene pubblicata alle 6.00 <span style=\"color: #ff0000;\">DIRETTA RADIO\u00a0 \u00a0\u00a0<\/span><\/span><\/strong><\/p><\/blockquote>\n<p>&nbsp;<\/p>\n<p><strong>NOTIZIE DELLA NOTTE<\/strong><\/p>\n<p>&nbsp;<\/p>\n<p><strong>Leader del braccio armato<\/strong> di Hamas ucciso in raid su nord Libano <strong>MotoGp<\/strong> in Giappone: prima pole per Acosta, Bagnaia secondo <strong>Trump<\/strong>: Israele dovrebbe colpire i siti nucleari dell&#8217;Iran <strong>Berlino<\/strong>, &#8216;scioccante il raid israeliano in Cisgiordania&#8217; <strong>Biden:<\/strong> &#8216;Non so se le elezioni americane saranno pacifiche&#8217;<br \/>\n<strong>Le forze Usa<\/strong> hanno colpito 15 obiettivi Houthi nello Yemen<\/p>\n<h2>AUDIO dalle 6 del mattino<\/h2>\n<audio class=\"wp-audio-shortcode\" id=\"audio-412389-4\" preload=\"none\" style=\"width: 100%;\" controls=\"controls\"><source type=\"audio\/mpeg\" src=\"https:\/\/www.radiopiu.net\/wordpress\/wp-content\/uploads\/2024\/10\/GIORNALEDELLESEI-4.mp3?_=4\" \/><a href=\"https:\/\/www.radiopiu.net\/wordpress\/wp-content\/uploads\/2024\/10\/GIORNALEDELLESEI-4.mp3\">https:\/\/www.radiopiu.net\/wordpress\/wp-content\/uploads\/2024\/10\/GIORNALEDELLESEI-4.mp3<\/a><\/audio>\n<p>&nbsp;<\/p>\n<p>&nbsp;<\/p>\n<p>&nbsp;<\/p>\n<hr \/>\n<p>&nbsp;<\/p>\n<h1 style=\"text-align: center;\"><span style=\"color: #ff0000;\">I podcast informativi del mattino &#8211; audio &#8211;\u00a0<\/span><\/h1>\n<p><strong><a class=\"dt-pswp-item\" href=\"https:\/\/www.radiopiu.net\/wordpress\/wp-content\/uploads\/2023\/12\/images.png\" data-dt-img-description=\"\" data-large_image_width=\"316\" data-large_image_height=\"160\"><img loading=\"lazy\" decoding=\"async\" class=\"wp-image-367008 alignleft\" src=\"https:\/\/www.radiopiu.net\/wordpress\/wp-content\/uploads\/2023\/12\/images-300x152.png\" alt=\"\" width=\"235\" height=\"119\" srcset=\"https:\/\/www.radiopiu.net\/wordpress\/wp-content\/uploads\/2023\/12\/images-300x152.png 300w, https:\/\/www.radiopiu.net\/wordpress\/wp-content\/uploads\/2023\/12\/images.png 316w\" sizes=\"auto, (max-width: 235px) 100vw, 235px\" \/><\/a>OGNI GIORNO ALLE SETTE DEL MATTINO, LA RASSEGNA STAMPA LOCALE FLASH&#8230; PER CHI VA IN FRETTA. I TITOLI DAI GIORNALI E DAL SITO WWW.RADIOPIU.NET <span style=\"color: #0000ff;\">viene pubblicato alle 7.00<\/span> <span style=\"color: #ff0000;\">DIRETTA RADIO\u00a0<\/span><\/strong><\/p>\n<p><em><span style=\"color: #ff0000;\">per chi va in fretta&#8230; tante notizie in pochi minuti. L&#8217;informazione locale alla radio, ogni ora dalle 7 del mattino alle 19 della sera.<\/span><\/em><\/p>\n<p>MONTE RITE, CORTINA: LA PRIMA CONSISTENTE NEVICATA. MISURATI 60 CENTIMETRI<br \/>\nNeve e disagi sui passi dolomitici<\/p>\n<p><strong>Incidente a Santa Giustina: auto fuori strada, ferito lieve<\/strong><\/p>\n<p><span style=\"color: #ff0000;\">ACQUA NON POTABILE A SELVA DI CADORE. TORNA POTABILE A ROCCA PIETORE<\/span><\/p>\n<p><strong>Marinella Piazza, attivista e volto del Cadore Socia fondatrice del Bard, sempre in prima fila in difesa della sanit\u00e0, si \u00e8 spenta a Valle a 67 anni . Oggi l\u2019ultimo saluto<\/strong><\/p>\n<p><span style=\"color: #ff0000;\">OGGI LA MANIFESTAZIONE CONTRO LA DIGA DEL VANOI<\/span><\/p>\n<p><strong>LUCA ZAIA MAESTRO DI SCI AD HONOREM<\/strong><\/p>\n<p><span style=\"color: #ff0000;\">PRESENTATI I RISULTATI DELLE INDAGINI SU VIABILITA\u2019 E MOBILITA\u2019 A BELLUNO<\/span><\/p>\n<p><strong>AUMENTO CANONI IDRICI 2024: LA PROVINCIA ASPETTA LE QUOTE DEL 2023<\/strong><\/p>\n<p><span style=\"color: #ff0000;\">Legge sui fondi idroelettrici: critica alla Provincia per sottovalutazione<\/span><\/p>\n<h1>AUDIO dalle 7 del mattino<\/h1>\n<audio class=\"wp-audio-shortcode\" id=\"audio-412389-5\" preload=\"none\" style=\"width: 100%;\" controls=\"controls\"><source type=\"audio\/mpeg\" src=\"https:\/\/www.radiopiu.net\/wordpress\/wp-content\/uploads\/2024\/10\/GF07-4.mp3?_=5\" \/><a href=\"https:\/\/www.radiopiu.net\/wordpress\/wp-content\/uploads\/2024\/10\/GF07-4.mp3\">https:\/\/www.radiopiu.net\/wordpress\/wp-content\/uploads\/2024\/10\/GF07-4.mp3<\/a><\/audio>\n<p>&nbsp;<\/p>\n<p>&nbsp;<\/p>\n<p>&nbsp;<\/p>\n<hr \/>\n<p>&nbsp;<\/p>\n<h1><\/h1>\n<h1 style=\"text-align: center;\"><span style=\"color: #ff0000;\"><a class=\"dt-pswp-item\" href=\"https:\/\/www.radiopiu.net\/wordpress\/wp-content\/uploads\/2022\/01\/026c3f9d-dae9-4040-a3c1-a6530231bcc3.jpg\" data-dt-img-description=\"\" data-large_image_width=\"1152\" data-large_image_height=\"2048\"><img loading=\"lazy\" decoding=\"async\" class=\"wp-image-251839 alignleft\" src=\"https:\/\/www.radiopiu.net\/wordpress\/wp-content\/uploads\/2022\/01\/026c3f9d-dae9-4040-a3c1-a6530231bcc3-169x300.jpg\" alt=\"\" width=\"100\" height=\"177\" srcset=\"https:\/\/www.radiopiu.net\/wordpress\/wp-content\/uploads\/2022\/01\/026c3f9d-dae9-4040-a3c1-a6530231bcc3-169x300.jpg 169w, https:\/\/www.radiopiu.net\/wordpress\/wp-content\/uploads\/2022\/01\/026c3f9d-dae9-4040-a3c1-a6530231bcc3-576x1024.jpg 576w, https:\/\/www.radiopiu.net\/wordpress\/wp-content\/uploads\/2022\/01\/026c3f9d-dae9-4040-a3c1-a6530231bcc3-768x1365.jpg 768w, https:\/\/www.radiopiu.net\/wordpress\/wp-content\/uploads\/2022\/01\/026c3f9d-dae9-4040-a3c1-a6530231bcc3-864x1536.jpg 864w, https:\/\/www.radiopiu.net\/wordpress\/wp-content\/uploads\/2022\/01\/026c3f9d-dae9-4040-a3c1-a6530231bcc3.jpg 1152w\" sizes=\"auto, (max-width: 100px) 100vw, 100px\" \/><\/a>I podcast informativi del mattino &#8211; audio &#8211;\u00a0<\/span><\/h1>\n<blockquote><p><strong>GIORNALE RADIO NAZIONALE, EDIZIONE DELLE SETTE <span style=\"color: #0000ff;\">viene pubblicato alle 7.05 <span style=\"color: #ff0000;\">DIRETTA RADIO\u00a0<\/span><\/span><\/strong><\/p><\/blockquote>\n<p><strong>il giornale radionazionale e&#8217; in onda ogni ora, dalle sette del mattino alle venti della sera\u00a0 \u00a0<\/strong><strong>\u00a0<\/strong><\/p>\n<p><strong>ROMA<\/strong> Un operaio muore investito da un treno nel Bolognese. A Genova un&#8217;altra vittima in cantiere Vittime un 47enne che lavorava per una ditta appaltatrice di Rfi e un 39enne caduto ieri da 10 metri <strong>PISTOIA<\/strong> Dal Dna la svolta nelle indagini su un femminicidio di 16 anni faUna donna fu accoltellata nel 2008. Esaminate con la genetica tracce di saliva <strong>MILANO<\/strong> Interrogatori degli ultr\u00e0, si rompe il muro del silenzioDagli atti la voglia di vendetta dei Bellocco: &#8220;Devi fare una strage&#8221; <strong>FOGGIA<\/strong> Medici aggrediti dopo la morte di una ragazza, indagati cinque parentiLa procura ha chiuso le indagini per lesioni e minacce <strong>NAPOLI<\/strong> Arrivano i carabinieri e lancia dalla finestra 160 mila euro \u00c8 accaduto nel corso di una perquisizione nell&#8217;ambito di una inchiesta in cui \u00e8 coinvolto un consigliere regionale. <strong>MILANO<\/strong> Chiusa l&#8217;indagine per Chiara Ferragni, l&#8217;accusa \u00e8 di &#8216;truffa aggravata&#8217; Per i casi delle pubblicit\u00e0 ingannevole legate alla vendita di pandoro e uova di Pasqua. Verso la richiesta del processo<\/p>\n<p>&nbsp;<\/p>\n<p><span style=\"color: #ff0000;\">EDIZIONE DELLE 20, DEL 29 SETTEMBRE 2024<\/span><\/p>\n<audio class=\"wp-audio-shortcode\" id=\"audio-412389-6\" preload=\"none\" style=\"width: 100%;\" controls=\"controls\"><source type=\"audio\/mpeg\" src=\"https:\/\/www.radiopiu.net\/wordpress\/wp-content\/uploads\/2024\/10\/giornale07-8.mp3?_=6\" \/><a href=\"https:\/\/www.radiopiu.net\/wordpress\/wp-content\/uploads\/2024\/10\/giornale07-8.mp3\">https:\/\/www.radiopiu.net\/wordpress\/wp-content\/uploads\/2024\/10\/giornale07-8.mp3<\/a><\/audio>\n<p>&nbsp;<\/p>\n<p><span style=\"color: #ff0000;\">EDIZIONE DELLE 19, DEL 29 SETTEMBRE 2024, LO SPORT<\/span><\/p>\n<audio class=\"wp-audio-shortcode\" id=\"audio-412389-7\" preload=\"none\" style=\"width: 100%;\" controls=\"controls\"><source type=\"audio\/mpeg\" src=\"https:\/\/www.radiopiu.net\/wordpress\/wp-content\/uploads\/2024\/10\/gr-sport-4.mp3?_=7\" \/><a href=\"https:\/\/www.radiopiu.net\/wordpress\/wp-content\/uploads\/2024\/10\/gr-sport-4.mp3\">https:\/\/www.radiopiu.net\/wordpress\/wp-content\/uploads\/2024\/10\/gr-sport-4.mp3<\/a><\/audio>\n<h2><\/h2>\n<h2>AUDIO dalle sette del mattino, ogni ora alla radio<\/h2>\n<audio class=\"wp-audio-shortcode\" id=\"audio-412389-8\" preload=\"none\" style=\"width: 100%;\" controls=\"controls\"><source type=\"audio\/mpeg\" src=\"https:\/\/www.radiopiu.net\/wordpress\/wp-content\/uploads\/2024\/10\/giornale07-9.mp3?_=8\" \/><a href=\"https:\/\/www.radiopiu.net\/wordpress\/wp-content\/uploads\/2024\/10\/giornale07-9.mp3\">https:\/\/www.radiopiu.net\/wordpress\/wp-content\/uploads\/2024\/10\/giornale07-9.mp3<\/a><\/audio>\n<p>&nbsp;<\/p>\n<p>&nbsp;<\/p>\n<hr \/>\n<p>&nbsp;<\/p>\n<p>&nbsp;<\/p>\n<h1><span style=\"color: #ff0000;\">I podcast informativi del mattino &#8211; video &#8211;\u00a0<\/span><\/h1>\n<h2 style=\"text-align: left;\"><strong>RASSEGNA STAMPA LOCALE, ORE OTTO 05<\/strong><\/h2>\n<h2><strong> <span style=\"color: #0000ff;\">viene\u00a0 <\/span><\/strong><strong><span style=\"color: #0000ff;\">pubblicata alle 8.05 <span style=\"color: #ff0000;\">DIRETTA RADIO\u00a0 \u00a0<\/span><\/span><\/strong><strong>DI MIRKO MEZZACASA<\/strong><\/h2>\n<p>&nbsp;<\/p>\n<h2><a href=\"https:\/\/www.radiopiu.net\/wordpress\/wp-content\/uploads\/2024\/10\/03efb118-d97d-457e-b9cc-b1da6a42649b.webp\"><img loading=\"lazy\" decoding=\"async\" class=\"size-medium wp-image-412708 alignleft\" src=\"https:\/\/www.radiopiu.net\/wordpress\/wp-content\/uploads\/2024\/10\/03efb118-d97d-457e-b9cc-b1da6a42649b-212x300.webp\" alt=\"\" width=\"212\" height=\"300\" srcset=\"https:\/\/www.radiopiu.net\/wordpress\/wp-content\/uploads\/2024\/10\/03efb118-d97d-457e-b9cc-b1da6a42649b-212x300.webp 212w, https:\/\/www.radiopiu.net\/wordpress\/wp-content\/uploads\/2024\/10\/03efb118-d97d-457e-b9cc-b1da6a42649b-724x1024.webp 724w, https:\/\/www.radiopiu.net\/wordpress\/wp-content\/uploads\/2024\/10\/03efb118-d97d-457e-b9cc-b1da6a42649b-768x1086.webp 768w, https:\/\/www.radiopiu.net\/wordpress\/wp-content\/uploads\/2024\/10\/03efb118-d97d-457e-b9cc-b1da6a42649b.webp 905w\" sizes=\"auto, (max-width: 212px) 100vw, 212px\" \/><\/a>PRESENTATO A FALCADE IL CAMPIONATO MONDIALE DI PESTO ALLA GENOVESE<\/h2>\n<h2>LA MARATONA DI LETTURA AD ALLEGHE\u2026UN SUCCESSO<\/h2>\n<h2>DOMANI A CANALE D\u2019AGORDO EL DI DEL TRATOR<\/h2>\n<h2>Dolomiti Horeca: Un Viaggio tra Vini e Territorio<\/h2>\n<h2>PROROGATA AL 13 OTTOBRE LA SCADENZA PER LE DOMANDE DELLE BORSE DI STUDIO IN MEMORIA DI RUDY DE GASPERIN<\/h2>\n<h2>DOMANI Favole al Balcone torna a Belluno<\/h2>\n<h2>Settimana Allattamento Materno 2024: Un Villaggio per Crescere Insieme<\/h2>\n<p>&nbsp;<\/p>\n<p>https:\/\/www.facebook.com\/radiopiu\/videos\/1604522283436319<\/p>\n<p><a class=\"dt-pswp-item\" href=\"https:\/\/www.radiopiu.net\/wordpress\/wp-content\/uploads\/2024\/10\/COPE1.png\" data-dt-img-description=\"\" data-large_image_width=\"499\" data-large_image_height=\"278\"><img loading=\"lazy\" decoding=\"async\" class=\"alignnone size-medium wp-image-412682\" src=\"https:\/\/www.radiopiu.net\/wordpress\/wp-content\/uploads\/2024\/10\/COPE1-300x167.png\" alt=\"\" width=\"300\" height=\"167\" srcset=\"https:\/\/www.radiopiu.net\/wordpress\/wp-content\/uploads\/2024\/10\/COPE1-300x167.png 300w, https:\/\/www.radiopiu.net\/wordpress\/wp-content\/uploads\/2024\/10\/COPE1.png 499w\" sizes=\"auto, (max-width: 300px) 100vw, 300px\" \/><\/a><a class=\"dt-pswp-item\" href=\"https:\/\/www.radiopiu.net\/wordpress\/wp-content\/uploads\/2024\/10\/COPE2.png\" data-dt-img-description=\"\" data-large_image_width=\"372\" data-large_image_height=\"229\"><img loading=\"lazy\" decoding=\"async\" class=\"alignnone size-medium wp-image-412683\" src=\"https:\/\/www.radiopiu.net\/wordpress\/wp-content\/uploads\/2024\/10\/COPE2-300x185.png\" alt=\"\" width=\"300\" height=\"185\" srcset=\"https:\/\/www.radiopiu.net\/wordpress\/wp-content\/uploads\/2024\/10\/COPE2-300x185.png 300w, https:\/\/www.radiopiu.net\/wordpress\/wp-content\/uploads\/2024\/10\/COPE2.png 372w\" sizes=\"auto, (max-width: 300px) 100vw, 300px\" \/><\/a><a class=\"dt-pswp-item\" href=\"https:\/\/www.radiopiu.net\/wordpress\/wp-content\/uploads\/2024\/10\/COPEOP.png\" data-dt-img-description=\"\" data-large_image_width=\"472\" data-large_image_height=\"292\"><img loading=\"lazy\" decoding=\"async\" class=\"alignnone wp-image-412684\" src=\"https:\/\/www.radiopiu.net\/wordpress\/wp-content\/uploads\/2024\/10\/COPEOP-300x186.png\" alt=\"\" width=\"247\" height=\"153\" srcset=\"https:\/\/www.radiopiu.net\/wordpress\/wp-content\/uploads\/2024\/10\/COPEOP-300x186.png 300w, https:\/\/www.radiopiu.net\/wordpress\/wp-content\/uploads\/2024\/10\/COPEOP.png 472w\" sizes=\"auto, (max-width: 247px) 100vw, 247px\" \/><\/a><\/p>\n<h1><\/h1>\n<h1><\/h1>\n<hr \/>\n<p>&nbsp;<\/p>\n<p>&nbsp;<\/p>\n<p><strong><a class=\"dt-pswp-item\" href=\"https:\/\/www.radiopiu.net\/wordpress\/wp-content\/uploads\/2023\/12\/ANTENNA.png\" data-dt-img-description=\"\" data-large_image_width=\"300\" data-large_image_height=\"166\"><img loading=\"lazy\" decoding=\"async\" class=\" wp-image-366306 alignleft\" src=\"https:\/\/www.radiopiu.net\/wordpress\/wp-content\/uploads\/2023\/12\/ANTENNA.png\" alt=\"\" width=\"175\" height=\"97\" \/><\/a>IERI SERA, DAL TG DI ANTENNA 3, ogni sera alle 19 le anticipazioni alla radio, quello che poi seguirete nel TELEGIORNALE BELLUNESE\u00a0 in onda alle 19.30 sul CANALE 10 del digitale terrestre.\u00a0\u00a0<\/strong><\/p>\n<p style=\"text-align: center;\"><span style=\"color: #ff0000;\"><strong>I TITOLI DEL TELEGIORNALE ALLA RADIO, DI TIZIANA BOLOGNANI<\/strong><\/span><\/p>\n<audio class=\"wp-audio-shortcode\" id=\"audio-412389-9\" preload=\"none\" style=\"width: 100%;\" controls=\"controls\"><source type=\"audio\/mpeg\" src=\"https:\/\/www.radiopiu.net\/wordpress\/wp-content\/uploads\/2024\/10\/ANTENNA3-4.mp3?_=9\" \/><a href=\"https:\/\/www.radiopiu.net\/wordpress\/wp-content\/uploads\/2024\/10\/ANTENNA3-4.mp3\">https:\/\/www.radiopiu.net\/wordpress\/wp-content\/uploads\/2024\/10\/ANTENNA3-4.mp3<\/a><\/audio>\n<p>&nbsp;<\/p>\n<p>&nbsp;<\/p>\n<p>&nbsp;<\/p>\n<hr \/>\n<blockquote>\n<h2><\/h2>\n<h2>Galleria \u2018Comelico\u2019: chiusure notturne aggiuntive<\/h2>\n<\/blockquote>\n<div class=\"flex max-w-full flex-col flex-grow\">\n<div class=\"min-h-8 text-message flex w-full flex-col items-end gap-2 whitespace-normal break-words [.text-message+&amp;]:mt-5\" dir=\"auto\" data-message-author-role=\"assistant\" data-message-id=\"2e80ab4b-ad3f-4f86-a7a1-f56fc2384e8e\">\n<div class=\"flex w-full flex-col gap-1 empty:hidden first:pt-[3px]\">\n<div class=\"markdown prose w-full break-words dark:prose-invert dark\">\n<p>La galleria \u2018Comelico\u2019, sulla strada statale 52 \u201cCarnica\u201d, sar\u00e0 chiusa al transito anche nelle notti tra sabato 5 e domenica 6 ottobre e tra sabato 12 e domenica 13 ottobre, dalle 22:00 alle 6:00. Restano confermate le chiusure notturne dal luned\u00ec al venerd\u00ec, in vigore dal 9 settembre<\/p>\n<p>&nbsp;<\/p>\n<\/div>\n<\/div>\n<\/div>\n<\/div>\n<p>&nbsp;<\/p>\n<hr \/>\n<p>&nbsp;<\/p>\n<blockquote>\n<h3>ACQUA NON POTABILE A SELVA DI CADORE. TORNA POTABILE A ROCCA PIETORE<\/h3>\n<\/blockquote>\n<p><strong>SELVA DI CADORE<\/strong> nelle localit\u00e0 L\u2019Andria e All\u2019Agnol l&#8217;acqua erogata dall&#8217;acquedotto non \u00e8 potabile e pu\u00f2 essere usata per scopi alimentari solo previa bollitura. Verr\u00e0 effettuato servizio sostitutivo con cisterna c\/o la chiesetta in localit\u00e0 l\u2019 Andria.<\/p>\n<p><strong>LIVINALLONGO\u00a0 <\/strong>per lavori alla rete idrica comunale, lunedi dalle 8 alle 17 verr\u00e0 sospesa l\u2019erogazione dell\u2019acqua nelle Localit\u00e0 LASTA, FEDERA, CORTE e SIEF.<\/p>\n<p>&nbsp;<\/p>\n<p>&nbsp;<\/p>\n<hr \/>\n<p>&nbsp;<\/p>\n<blockquote>\n<h2><strong><a class=\"dt-pswp-item\" href=\"https:\/\/www.radiopiu.net\/wordpress\/wp-content\/uploads\/2024\/10\/Senza-nome-20.png\" data-dt-img-description=\"\" data-large_image_width=\"308\" data-large_image_height=\"247\"><img loading=\"lazy\" decoding=\"async\" class=\"wp-image-412674 alignleft\" src=\"https:\/\/www.radiopiu.net\/wordpress\/wp-content\/uploads\/2024\/10\/Senza-nome-20-300x241.png\" alt=\"\" width=\"180\" height=\"145\" srcset=\"https:\/\/www.radiopiu.net\/wordpress\/wp-content\/uploads\/2024\/10\/Senza-nome-20-300x241.png 300w, https:\/\/www.radiopiu.net\/wordpress\/wp-content\/uploads\/2024\/10\/Senza-nome-20.png 308w\" sizes=\"auto, (max-width: 180px) 100vw, 180px\" \/><\/a>Fiorenzo Barp, ex amministratore e imprenditore<\/strong><\/h2>\n<\/blockquote>\n<p><strong>SOSPIROLO<\/strong> \u00c8 scomparso a 68 anni Fiorenzo Barp, ex consigliere comunale e imprenditore nel settore dell\u2019occhialeria. Residente a Gron, aveva ricoperto per tre legislature ruoli amministrativi a Sospirolo, collaborando con i sindaci Massimo Tegner e Renato Moro. Co-titolare della ditta Da Rold Barp, aveva dato lavoro a oltre cento persone. Barp si era opposto fermamente alla costruzione di una centralina idroelettrica in Valle del Mis. Lascia la moglie, due figli e nipoti.<\/p>\n<p>&nbsp;<\/p>\n<p>&nbsp;<\/p>\n<hr \/>\n<blockquote>\n<h2><\/h2>\n<h2><a class=\"dt-pswp-item\" href=\"https:\/\/www.radiopiu.net\/wordpress\/wp-content\/uploads\/2024\/10\/Senza-nome-21.png\" data-dt-img-description=\"\" data-large_image_width=\"259\" data-large_image_height=\"239\"><img loading=\"lazy\" decoding=\"async\" class=\" wp-image-412678 alignleft\" src=\"https:\/\/www.radiopiu.net\/wordpress\/wp-content\/uploads\/2024\/10\/Senza-nome-21.png\" alt=\"\" width=\"138\" height=\"127\" \/><\/a>Marinella Piazza, attivista e volto del Cadore<\/h2>\n<div class=\"articlePlainSubHead\"><strong>Socia fondatrice del Bard, sempre in prima fila in difesa della sanit\u00e0, si \u00e8 spenta a Valle a 67 anni . Oggi l&#8217;ultimo saluto<\/strong><\/div>\n<\/blockquote>\n<div class=\"flex max-w-full flex-col flex-grow\">\n<div class=\"min-h-8 text-message flex w-full flex-col items-end gap-2 whitespace-normal break-words [.text-message+&amp;]:mt-5\" dir=\"auto\" data-message-author-role=\"assistant\" data-message-id=\"c9bda711-939c-4e68-9918-5427dfba1262\">\n<div class=\"flex w-full flex-col gap-1 empty:hidden first:pt-[3px]\">\n<div class=\"markdown prose w-full break-words dark:prose-invert dark\">\n<p><strong>CADORE<\/strong> Marinella Piazza, 66 anni, \u00e8 scomparsa a causa di una malattia. Impiegata comunale a Pieve di Cadore, stava per andare in pensione per dedicarsi interamente all\u2019impegno sociale e civico. Fondatrice del Bard, ha lottato per la sanit\u00e0 pubblica e il territorio montano. Attiva nel volontariato e nella musica corale, lascia il marito Stefano Del Favero, le figlie Lucia e Mirta e l\u2019intera comunit\u00e0 cadorina, che la ricorda per la sua forza e dedizione instancabile. L&#8217;ultimo saluto a Marinella Piazza si terr\u00e0 oggi alle 15 nella chiesa di San Martino a Valle.<\/p>\n<p>&nbsp;<\/p>\n<hr \/>\n<p>&nbsp;<\/p>\n<p><strong><a class=\"dt-pswp-item\" href=\"https:\/\/www.radiopiu.net\/wordpress\/wp-content\/uploads\/2024\/10\/0cd093ce-715a-41ff-98aa-74e782572373.jpg\" data-dt-img-description=\"\" data-large_image_width=\"1200\" data-large_image_height=\"1600\"><img loading=\"lazy\" decoding=\"async\" class=\" wp-image-412611 alignleft\" src=\"https:\/\/www.radiopiu.net\/wordpress\/wp-content\/uploads\/2024\/10\/0cd093ce-715a-41ff-98aa-74e782572373-225x300.jpg\" alt=\"\" width=\"122\" height=\"163\" srcset=\"https:\/\/www.radiopiu.net\/wordpress\/wp-content\/uploads\/2024\/10\/0cd093ce-715a-41ff-98aa-74e782572373-225x300.jpg 225w, https:\/\/www.radiopiu.net\/wordpress\/wp-content\/uploads\/2024\/10\/0cd093ce-715a-41ff-98aa-74e782572373-768x1024.jpg 768w, https:\/\/www.radiopiu.net\/wordpress\/wp-content\/uploads\/2024\/10\/0cd093ce-715a-41ff-98aa-74e782572373-1152x1536.jpg 1152w, https:\/\/www.radiopiu.net\/wordpress\/wp-content\/uploads\/2024\/10\/0cd093ce-715a-41ff-98aa-74e782572373.jpg 1200w\" sizes=\"auto, (max-width: 122px) 100vw, 122px\" \/><\/a>OGGI LA MANIFESTAZIONE CONTRO LA DIGA DEL VANOI<\/strong><\/p>\n<p>A MICROFONI APERTI CON LUCA ZAIA PRESIDENTE DEL VENETO<\/p>\n<p>PER LE TRE RADIO<\/p>\n<p>BARBARA PAOLAZZI<\/p>\n<p>AUDIO<\/p>\n<audio class=\"wp-audio-shortcode\" id=\"audio-412389-10\" preload=\"none\" style=\"width: 100%;\" controls=\"controls\"><source type=\"audio\/mpeg\" src=\"https:\/\/www.radiopiu.net\/wordpress\/wp-content\/uploads\/2024\/10\/paolazzi-zaia-su-vanoi-e-manifestazione-a-lamon.mp3?_=10\" \/><a href=\"https:\/\/www.radiopiu.net\/wordpress\/wp-content\/uploads\/2024\/10\/paolazzi-zaia-su-vanoi-e-manifestazione-a-lamon.mp3\">https:\/\/www.radiopiu.net\/wordpress\/wp-content\/uploads\/2024\/10\/paolazzi-zaia-su-vanoi-e-manifestazione-a-lamon.mp3<\/a><\/audio>\n<p>&nbsp;<\/p>\n<\/div>\n<\/div>\n<\/div>\n<\/div>\n<p>&nbsp;<\/p>\n<hr \/>\n<p>&nbsp;<\/p>\n<blockquote>\n<h3>LUCA ZAIA MAESTRO DI SCI AD HONOREM<\/h3>\n<\/blockquote>\n<p><strong>PER LE TRE RADIO BARBARA PAOLAZZI<\/strong><\/p>\n<audio class=\"wp-audio-shortcode\" id=\"audio-412389-11\" preload=\"none\" style=\"width: 100%;\" controls=\"controls\"><source type=\"audio\/mpeg\" src=\"https:\/\/www.radiopiu.net\/wordpress\/wp-content\/uploads\/2024\/10\/paolazzi-zaia-maestro-di-sci.mp3?_=11\" \/><a href=\"https:\/\/www.radiopiu.net\/wordpress\/wp-content\/uploads\/2024\/10\/paolazzi-zaia-maestro-di-sci.mp3\">https:\/\/www.radiopiu.net\/wordpress\/wp-content\/uploads\/2024\/10\/paolazzi-zaia-maestro-di-sci.mp3<\/a><\/audio>\n<p>&nbsp;<\/p>\n<p><a class=\"dt-pswp-item\" href=\"https:\/\/www.radiopiu.net\/wordpress\/wp-content\/uploads\/2024\/10\/bac5ad0e-f16a-480c-bbd7-26ab316b36cd.jpg\" data-dt-img-description=\"\" data-large_image_width=\"2040\" data-large_image_height=\"1536\"><img loading=\"lazy\" decoding=\"async\" class=\"alignnone size-medium wp-image-412605\" src=\"https:\/\/www.radiopiu.net\/wordpress\/wp-content\/uploads\/2024\/10\/bac5ad0e-f16a-480c-bbd7-26ab316b36cd-300x226.jpg\" alt=\"\" width=\"300\" height=\"226\" srcset=\"https:\/\/www.radiopiu.net\/wordpress\/wp-content\/uploads\/2024\/10\/bac5ad0e-f16a-480c-bbd7-26ab316b36cd-300x226.jpg 300w, https:\/\/www.radiopiu.net\/wordpress\/wp-content\/uploads\/2024\/10\/bac5ad0e-f16a-480c-bbd7-26ab316b36cd-1024x771.jpg 1024w, https:\/\/www.radiopiu.net\/wordpress\/wp-content\/uploads\/2024\/10\/bac5ad0e-f16a-480c-bbd7-26ab316b36cd-768x578.jpg 768w, https:\/\/www.radiopiu.net\/wordpress\/wp-content\/uploads\/2024\/10\/bac5ad0e-f16a-480c-bbd7-26ab316b36cd-1536x1157.jpg 1536w, https:\/\/www.radiopiu.net\/wordpress\/wp-content\/uploads\/2024\/10\/bac5ad0e-f16a-480c-bbd7-26ab316b36cd.jpg 2040w\" sizes=\"auto, (max-width: 300px) 100vw, 300px\" \/><\/a><a class=\"dt-pswp-item\" href=\"https:\/\/www.radiopiu.net\/wordpress\/wp-content\/uploads\/2024\/10\/a725e780-0d1f-46d7-adcb-dc3497f3a143.jpg\" data-dt-img-description=\"\" data-large_image_width=\"2040\" data-large_image_height=\"1536\"><img loading=\"lazy\" decoding=\"async\" class=\"alignnone size-medium wp-image-412606\" src=\"https:\/\/www.radiopiu.net\/wordpress\/wp-content\/uploads\/2024\/10\/a725e780-0d1f-46d7-adcb-dc3497f3a143-300x226.jpg\" alt=\"\" width=\"300\" height=\"226\" srcset=\"https:\/\/www.radiopiu.net\/wordpress\/wp-content\/uploads\/2024\/10\/a725e780-0d1f-46d7-adcb-dc3497f3a143-300x226.jpg 300w, https:\/\/www.radiopiu.net\/wordpress\/wp-content\/uploads\/2024\/10\/a725e780-0d1f-46d7-adcb-dc3497f3a143-1024x771.jpg 1024w, https:\/\/www.radiopiu.net\/wordpress\/wp-content\/uploads\/2024\/10\/a725e780-0d1f-46d7-adcb-dc3497f3a143-768x578.jpg 768w, https:\/\/www.radiopiu.net\/wordpress\/wp-content\/uploads\/2024\/10\/a725e780-0d1f-46d7-adcb-dc3497f3a143-1536x1157.jpg 1536w, https:\/\/www.radiopiu.net\/wordpress\/wp-content\/uploads\/2024\/10\/a725e780-0d1f-46d7-adcb-dc3497f3a143.jpg 2040w\" sizes=\"auto, (max-width: 300px) 100vw, 300px\" \/><\/a><a class=\"dt-pswp-item\" href=\"https:\/\/www.radiopiu.net\/wordpress\/wp-content\/uploads\/2024\/10\/e6c6d527-f997-40b4-a766-60661394efb0.jpg\" data-dt-img-description=\"\" data-large_image_width=\"2040\" data-large_image_height=\"1536\"><img loading=\"lazy\" decoding=\"async\" class=\"alignnone size-medium wp-image-412607\" src=\"https:\/\/www.radiopiu.net\/wordpress\/wp-content\/uploads\/2024\/10\/e6c6d527-f997-40b4-a766-60661394efb0-300x226.jpg\" alt=\"\" width=\"300\" height=\"226\" srcset=\"https:\/\/www.radiopiu.net\/wordpress\/wp-content\/uploads\/2024\/10\/e6c6d527-f997-40b4-a766-60661394efb0-300x226.jpg 300w, https:\/\/www.radiopiu.net\/wordpress\/wp-content\/uploads\/2024\/10\/e6c6d527-f997-40b4-a766-60661394efb0-1024x771.jpg 1024w, https:\/\/www.radiopiu.net\/wordpress\/wp-content\/uploads\/2024\/10\/e6c6d527-f997-40b4-a766-60661394efb0-768x578.jpg 768w, https:\/\/www.radiopiu.net\/wordpress\/wp-content\/uploads\/2024\/10\/e6c6d527-f997-40b4-a766-60661394efb0-1536x1157.jpg 1536w, https:\/\/www.radiopiu.net\/wordpress\/wp-content\/uploads\/2024\/10\/e6c6d527-f997-40b4-a766-60661394efb0.jpg 2040w\" sizes=\"auto, (max-width: 300px) 100vw, 300px\" \/><\/a><\/p>\n<p>&nbsp;<\/p>\n<div style=\"width: 848px;\" class=\"wp-video\"><video class=\"wp-video-shortcode\" id=\"video-412389-1\" width=\"848\" height=\"480\" preload=\"metadata\" controls=\"controls\"><source type=\"video\/mp4\" src=\"https:\/\/www.radiopiu.net\/wordpress\/wp-content\/uploads\/2024\/10\/WhatsApp-Video-2024-10-04-at-16.47.24.mp4?_=1\" \/><a href=\"https:\/\/www.radiopiu.net\/wordpress\/wp-content\/uploads\/2024\/10\/WhatsApp-Video-2024-10-04-at-16.47.24.mp4\">https:\/\/www.radiopiu.net\/wordpress\/wp-content\/uploads\/2024\/10\/WhatsApp-Video-2024-10-04-at-16.47.24.mp4<\/a><\/video><\/div>\n<p>&nbsp;<\/p>\n<p>&nbsp;<\/p>\n<hr \/>\n<p>&nbsp;<\/p>\n<blockquote>\n<h2>In Municipio a Belluno arriva il postino: delusione dei giovani per la gestione culturale<\/h2>\n<\/blockquote>\n<p><strong><img decoding=\"async\" class=\"alignleft\" src=\"https:\/\/www.radiopiu.net\/wordpress\/wp-content\/uploads\/2024\/10\/1009a8a3-6e25-4a68-a059-aef968e96b02-scaled-1.webp\" \/>REDAZIONE <\/strong>Il Sindaco Oscar De Pellegrin e l\u2019Assessore alla Cultura Raffaele Addamiano hanno ricevuto una lettera firmata da Luca Frescura e Thomas Menia Corbanese, rappresentanti del gruppo &#8220;Giovani e Futuro&#8221;. La missiva, inviata da Vigo di Cadore, esprime delusione per la gestione culturale recente, in particolare per la destituzione di Massimo Ferigutti dalla presidenza della Fondazione Teatri. I firmatari criticano l&#8217;influenza della politica sulla cultura e auspicano un futuro in cui quest&#8217;ultima possa essere libera da condizionamenti partitici. <em>&#8220;Non accettiamo che la cultura venga strumentalizzata dalla politica,&#8221;<\/em> scrivono Frescura e Menia Corbanese, sottolineando il bisogno di un cambiamento.<\/p>\n<p>&nbsp;<\/p>\n<p><strong>LA LETTERA\u00a0 \u00a0DUE PAGINE\u00a0<\/strong><\/p>\n<a href=\"https:\/\/www.radiopiu.net\/wordpress\/wp-content\/uploads\/2024\/10\/Lettera-sindaco-De-Pellegrin-4.10.2024.pdf\" class=\"pdfemb-viewer\" style=\"\" data-width=\"max\" data-height=\"max\" data-toolbar=\"top\" data-toolbar-fixed=\"on\">Lettera sindaco De Pellegrin 4.10.2024<\/a>\n<p>&nbsp;<\/p>\n<p>&nbsp;<\/p>\n<hr \/>\n<p>&nbsp;<\/p>\n<blockquote>\n<h3>PRESENTATI I RISULTATI DELLE INDAGINI SU VIABILITA&#8217; E MOBILITA&#8217; A BELLUNO<\/h3>\n<\/blockquote>\n<p><strong><a class=\"dt-pswp-item\" href=\"https:\/\/www.radiopiu.net\/wordpress\/wp-content\/uploads\/2024\/10\/616f64b0-c3fb-40c9-bf46-97c6b3b750f6-scaled.jpg\" data-dt-img-description=\"\" data-large_image_width=\"2560\" data-large_image_height=\"1920\"><img loading=\"lazy\" decoding=\"async\" class=\" wp-image-412563 alignleft\" src=\"https:\/\/www.radiopiu.net\/wordpress\/wp-content\/uploads\/2024\/10\/616f64b0-c3fb-40c9-bf46-97c6b3b750f6-300x225.jpg\" alt=\"\" width=\"145\" height=\"109\" srcset=\"https:\/\/www.radiopiu.net\/wordpress\/wp-content\/uploads\/2024\/10\/616f64b0-c3fb-40c9-bf46-97c6b3b750f6-300x225.jpg 300w, https:\/\/www.radiopiu.net\/wordpress\/wp-content\/uploads\/2024\/10\/616f64b0-c3fb-40c9-bf46-97c6b3b750f6-1024x768.jpg 1024w, https:\/\/www.radiopiu.net\/wordpress\/wp-content\/uploads\/2024\/10\/616f64b0-c3fb-40c9-bf46-97c6b3b750f6-768x576.jpg 768w, https:\/\/www.radiopiu.net\/wordpress\/wp-content\/uploads\/2024\/10\/616f64b0-c3fb-40c9-bf46-97c6b3b750f6-1536x1152.jpg 1536w, https:\/\/www.radiopiu.net\/wordpress\/wp-content\/uploads\/2024\/10\/616f64b0-c3fb-40c9-bf46-97c6b3b750f6-2048x1536.jpg 2048w\" sizes=\"auto, (max-width: 145px) 100vw, 145px\" \/><\/a>BELLUNO <\/strong>Viabilit\u00e0 e mobilit\u00e0 sotto la lente a Belluno, dove l&#8217;amministrazione comunale ha presentato i risultati delle indagini e dei sondaggi che permetteranno di indirizzare le scelte viabilistiche del capoluogo.<\/p>\n<p><strong>DI DANIELE DALVIT<\/strong><\/p>\n<audio class=\"wp-audio-shortcode\" id=\"audio-412389-12\" preload=\"none\" style=\"width: 100%;\" controls=\"controls\"><source type=\"audio\/mpeg\" src=\"https:\/\/www.radiopiu.net\/wordpress\/wp-content\/uploads\/2024\/10\/Servizio-Presentazione-dati-traffico-Belluno.mp3?_=12\" \/><a href=\"https:\/\/www.radiopiu.net\/wordpress\/wp-content\/uploads\/2024\/10\/Servizio-Presentazione-dati-traffico-Belluno.mp3\">https:\/\/www.radiopiu.net\/wordpress\/wp-content\/uploads\/2024\/10\/Servizio-Presentazione-dati-traffico-Belluno.mp3<\/a><\/audio>\n<p>&nbsp;<\/p>\n<p>&nbsp;<\/p>\n<hr \/>\n<blockquote>\n<h2><\/h2>\n<p><strong>PRECISAZIONE<\/strong><\/p>\n<p><a class=\"dt-pswp-item\" href=\"https:\/\/www.radiopiu.net\/wordpress\/wp-content\/uploads\/2021\/10\/a5792cee-db5f-4f4a-afa5-a85dadab0967.jpg\" data-dt-img-description=\"\" data-large_image_width=\"1599\" data-large_image_height=\"899\"><img loading=\"lazy\" decoding=\"async\" class=\"size-medium wp-image-237487 alignleft\" src=\"https:\/\/www.radiopiu.net\/wordpress\/wp-content\/uploads\/2021\/10\/a5792cee-db5f-4f4a-afa5-a85dadab0967-300x169.jpg\" alt=\"\" width=\"300\" height=\"169\" srcset=\"https:\/\/www.radiopiu.net\/wordpress\/wp-content\/uploads\/2021\/10\/a5792cee-db5f-4f4a-afa5-a85dadab0967-300x169.jpg 300w, https:\/\/www.radiopiu.net\/wordpress\/wp-content\/uploads\/2021\/10\/a5792cee-db5f-4f4a-afa5-a85dadab0967-1024x576.jpg 1024w, https:\/\/www.radiopiu.net\/wordpress\/wp-content\/uploads\/2021\/10\/a5792cee-db5f-4f4a-afa5-a85dadab0967-768x432.jpg 768w, https:\/\/www.radiopiu.net\/wordpress\/wp-content\/uploads\/2021\/10\/a5792cee-db5f-4f4a-afa5-a85dadab0967-1536x864.jpg 1536w, https:\/\/www.radiopiu.net\/wordpress\/wp-content\/uploads\/2021\/10\/a5792cee-db5f-4f4a-afa5-a85dadab0967.jpg 1599w\" sizes=\"auto, (max-width: 300px) 100vw, 300px\" \/><\/a>Le note di bilancio, sono copiate e incollate dal comunicato stampa emesso dagli stessi uffici della Dolomtibus<\/p>\n<p>Si specifica pertanto che non sono opinioni o resoconti della redazione giornalistica che al contrario, da mesi raccoglie critiche sui disservizi (vedi sito internet, archivio).<\/p><\/blockquote>\n<p>&nbsp;<\/p>\n<p>&nbsp;<\/p>\n<blockquote><p>&nbsp;<\/p>\n<hr \/>\n<h1>Dolomiti Bus: Risultati e Futuro<\/h1>\n<\/blockquote>\n<p><strong><img loading=\"lazy\" decoding=\"async\" class=\"alignleft\" src=\"https:\/\/www.radiopiu.net\/wordpress\/wp-content\/uploads\/2024\/10\/DolomitiBus_02.png\" width=\"383\" height=\"162\" \/>BELLUNO<\/strong> Dolomiti Bus ha pubblicato i risultati di settembre 2024, che evidenziano un\u00a0 miglioramento nel servizio urbano ed extraurbano. L&#8217;azienda ha registrato un incremento del 2,36% dei chilometri percorsi nel servizio extraurbano rispetto al 2023, con\u00a0 due corse non effettuate e una regolarit\u00e0 del 99,6%. Anche il servizio urbano ha visto un aumento del 18,8% nei chilometri programmati, con\u00a0 lo 0,05% delle corse non realizzate. Andrea Biasiotto, Presidente di Dolomiti Bus, ha sottolineato che questi progressi riflettono l&#8217;impegno dell&#8217;azienda nel garantire un servizio di trasporto pubblico pi\u00f9 efficiente e sostenibile. Stefano Rossi, Amministratore Delegato, ha inoltre evidenziato la necessit\u00e0 di un sostegno pubblico per mantenere un servizio capillare e affrontare sfide come la transizione energetica e i costi inflattivi. Dolomiti Bus sta lavorando per introdurre nuove corse e aggiornare gli orari, collaborando con enti locali per risolvere problemi come il sovraffollamento e l&#8217;orario di uscita scolastico. L&#8217;azienda conferma il proprio impegno a migliorare la mobilit\u00e0 sostenibile nella regione, rispondendo alle esigenze della comunit\u00e0.<\/p>\n<p><em>\u201cIl confronto \u00e8 sempre un&#8217;opportunit\u00e0 di crescita e per questo siamo lieti di condividere con le istituzioni, le parti sociali, la stampa e tutti i nostri clienti i risultati oggettivi relativi al nostro servizio<\/em>\u201d. Andrea Biasiotto, Presidente Dolomitibus<\/p>\n<p>&nbsp;<\/p>\n<p>&nbsp;<\/p>\n<hr \/>\n<blockquote>\n<h2>Tavolo Trasporti in Prefettura: il punto sulla situazione a Belluno<\/h2>\n<\/blockquote>\n<p><img loading=\"lazy\" decoding=\"async\" class=\"alignleft\" src=\"https:\/\/www.radiopiu.net\/wordpress\/wp-content\/uploads\/2021\/06\/aed9c4a8-8b3f-4eb2-9a01-c51ac5001291.jpg\" width=\"181\" height=\"102\" \/><\/p>\n<p><strong>BELLUNO<\/strong> Si \u00e8 riunito in Prefettura a Belluno il tavolo trasporti, convocato in collaborazione con la Provincia, per analizzare la situazione del trasporto pubblico locale. All&#8217;incontro hanno partecipato il Prefetto Antonello Roccoberton, il Consigliere provinciale Massimo Bortoluzzi, i rappresentanti di Dolomitibus e dei Comuni di Auronzo, Feltre, Pieve di Cadore e Cortina. Nonostante alcune segnalazioni di disservizi nelle linee urbane ed extraurbane, \u00e8 emerso &#8211; secondo la Prefettura &#8211;\u00a0 che solo due corse extraurbane e sette urbane sono saltate, su quasi duemila corse giornaliere. Si \u00e8 inoltre discusso della carenza di autisti, migliorata rispetto all&#8217;anno scorso. Il tavolo ha sottolineato l&#8217;importanza di un clima collaborativo per affrontare le criticit\u00e0 future.<\/p>\n<p>&nbsp;<\/p>\n<p>&nbsp;<\/p>\n<hr \/>\n<p>&nbsp;<\/p>\n<p>&nbsp;<\/p>\n<blockquote>\n<h1><strong><a class=\"dt-pswp-item\" href=\"https:\/\/www.radiopiu.net\/wordpress\/wp-content\/uploads\/2023\/11\/FLAVIA-MONEGO.jpg\" data-dt-img-description=\"\" data-large_image_width=\"800\" data-large_image_height=\"716\"><img loading=\"lazy\" decoding=\"async\" class=\"wp-image-362961 alignleft\" src=\"https:\/\/www.radiopiu.net\/wordpress\/wp-content\/uploads\/2023\/11\/FLAVIA-MONEGO-300x269.jpg\" alt=\"\" width=\"148\" height=\"133\" srcset=\"https:\/\/www.radiopiu.net\/wordpress\/wp-content\/uploads\/2023\/11\/FLAVIA-MONEGO-300x269.jpg 300w, https:\/\/www.radiopiu.net\/wordpress\/wp-content\/uploads\/2023\/11\/FLAVIA-MONEGO-768x687.jpg 768w, https:\/\/www.radiopiu.net\/wordpress\/wp-content\/uploads\/2023\/11\/FLAVIA-MONEGO.jpg 800w\" sizes=\"auto, (max-width: 148px) 100vw, 148px\" \/><\/a>Formazione sulla Prevenzione delle Molestie di Genere nella Provincia di Belluno<\/strong><\/h1>\n<\/blockquote>\n<p><strong>BELLUNO<\/strong> Il 3 ottobre, i dipendenti della Provincia di Belluno hanno partecipato a un corso di formazione volto a riconoscere e prevenire discriminazioni e molestie di genere sul lavoro. Sotto la guida della dottoressa Lucia Basso, esperta in politiche di pari opportunit\u00e0, i partecipanti hanno analizzato casi pratici e scenari di molestie, inclusi esercizi basati su situazioni reali. La Consigliera di Parit\u00e0 Flavia Monego (foto) ha sottolineato l\u2019importanza di questo tipo di formazione per promuovere un ambiente di lavoro pi\u00f9 equo e inclusivo, evidenziando la necessit\u00e0 di affrontare le problematiche quotidiane di discriminazione e violenza.<\/p>\n<p>&nbsp;<\/p>\n<p>&nbsp;<\/p>\n<hr \/>\n<p>&nbsp;<\/p>\n<blockquote>\n<h3>AUMENTO CANONI IDRICI 2024: LA PROVINCIA ASPETTA LE QUOTE DEL 2023<\/h3>\n<\/blockquote>\n<p><strong><a class=\"dt-pswp-item\" href=\"https:\/\/www.radiopiu.net\/wordpress\/wp-content\/uploads\/2019\/02\/mini-idroelettrico.jpg\" data-dt-img-description=\"\" data-large_image_width=\"615\" data-large_image_height=\"439\"><img loading=\"lazy\" decoding=\"async\" class=\" wp-image-75526 alignleft\" src=\"https:\/\/www.radiopiu.net\/wordpress\/wp-content\/uploads\/2019\/02\/mini-idroelettrico-300x214.jpg\" alt=\"\" width=\"142\" height=\"101\" srcset=\"https:\/\/www.radiopiu.net\/wordpress\/wp-content\/uploads\/2019\/02\/mini-idroelettrico-300x214.jpg 300w, https:\/\/www.radiopiu.net\/wordpress\/wp-content\/uploads\/2019\/02\/mini-idroelettrico.jpg 615w\" sizes=\"auto, (max-width: 142px) 100vw, 142px\" \/><\/a>BELLUNO<\/strong> Il consigliere provinciale delegato al demanio idrico, Massimo Bortoluzzi, ha espresso soddisfazione per l&#8217;aumento dei canoni idrici disposto dalla Regione Veneto, che dal 2024 vedr\u00e0 crescere dal 5 al 6% la quota variabile sui fatturati dei grandi concessionari, come Enel. Tuttavia, ha sottolineato che la Provincia di Belluno sta ancora aspettando i fondi del 2023, a causa di ricorsi legali da parte di Enel. Questi fondi, se sbloccati, sarebbero fondamentali per interventi di difesa del suolo e contributi agli enti locali. Al momento, mancano circa 3,5 milioni di euro per il 2023.<\/p>\n<p><strong>IL CONSIGLIERE PROVINCIALE MASSIMO BORTOLUZZI<\/strong><\/p>\n<audio class=\"wp-audio-shortcode\" id=\"audio-412389-13\" preload=\"none\" style=\"width: 100%;\" controls=\"controls\"><source type=\"audio\/mpeg\" src=\"https:\/\/www.radiopiu.net\/wordpress\/wp-content\/uploads\/2024\/10\/BORTOLUZZI-CANONI-IDRICI.mp3?_=13\" \/><a href=\"https:\/\/www.radiopiu.net\/wordpress\/wp-content\/uploads\/2024\/10\/BORTOLUZZI-CANONI-IDRICI.mp3\">https:\/\/www.radiopiu.net\/wordpress\/wp-content\/uploads\/2024\/10\/BORTOLUZZI-CANONI-IDRICI.mp3<\/a><\/audio>\n<p>&nbsp;<\/p>\n<p>&nbsp;<\/p>\n<hr \/>\n<p>&nbsp;<\/p>\n<blockquote>\n<h1><strong>Legge sui fondi idroelettrici: critica alla Provincia per sottovalutazione<\/strong><\/h1>\n<\/blockquote>\n<p><strong>VENEZIA<\/strong> Le dichiarazioni di chi, rappresentando la Provincia, definisce erroneamente e solamente &#8220;buoni intenti&#8221; una legge dello Stato, due leggi regionali e diverse delibere della giunta regionale, lasciano quanto meno perplessi. Si tratta di un percorso legislativo complesso e articolato che ho completato non senza difficolt\u00e0 e purtroppo senza l&#8217;appoggio dell&#8217;ente che appunto beneficia dei nuovi fondi relativi alla produzione idroelettrica. Non mi aspettavo certo un ringraziamento da chi deve, per legge appunto, erogare questi fondi. Chi si trova a dover sborsare cifre rilevanti, legittimamente, tramite vari ricorsi sta cercando di ritardare il versamento, ma i primi ricorsi stanno dando esito positivo alle Regioni che come il Veneto hanno legiferato. \u00c8 proprio di questi giorni anche una sentenza che impone a un produttore il pagamento alla Regione del Veneto. Si tratta quindi di lasciar compiere loro lavoro ai magistrati, verso i quali nutro la massima fiducia e che applicano appunto le leggi che qualcuno ha fatto approvare. Ci\u00f2 che invece non mi aspettavo \u00e8 che la Provincia derubricasse questa importante conquista del territorio come semplici buoni intenti. Si tratta di una vera e propria rivoluzione per il territorio bellunese di cui qualcuno forse non ha ancora capito la portata.<\/p>\n<div style=\"width: 848px;\" class=\"wp-video\"><video class=\"wp-video-shortcode\" id=\"video-412389-2\" width=\"848\" height=\"480\" preload=\"metadata\" controls=\"controls\"><source type=\"video\/mp4\" src=\"https:\/\/www.radiopiu.net\/wordpress\/wp-content\/uploads\/2024\/10\/WhatsApp-Video-2024-10-04-at-14.02.54-1.mp4?_=2\" \/><a href=\"https:\/\/www.radiopiu.net\/wordpress\/wp-content\/uploads\/2024\/10\/WhatsApp-Video-2024-10-04-at-14.02.54-1.mp4\">https:\/\/www.radiopiu.net\/wordpress\/wp-content\/uploads\/2024\/10\/WhatsApp-Video-2024-10-04-at-14.02.54-1.mp4<\/a><\/video><\/div>\n<p>&nbsp;<\/p>\n<p>&nbsp;<\/p>\n<hr \/>\n<p>&nbsp;<\/p>\n<p><strong>LA GIUDIZIARIA OGGI<\/strong><br \/>\n<strong>CORRIERE DELLE ALPI<\/strong><br \/>\n<strong>GIGI SOSSO<\/strong><\/p>\n<blockquote><p><strong>Falsi tamponi Covid: processo a Belluno<\/strong><\/p><\/blockquote>\n<p>La farmacista 28enne A G e il 61enne N B compariranno l&#8217;11 dicembre al Tribunale di Belluno, accusati di falso ideologico. Avrebbe falsamente attestato la negativit\u00e0 del paziente a tamponi Covid mai eseguiti. Entrambi sono difesi dall\u2019avvocato Chiara Zaetta, mentre la farmacia coinvolta \u00e8 parte civile.<\/p>\n<p>&nbsp;<\/p>\n<p>&nbsp;<\/p>\n<hr \/>\n<p>&nbsp;<\/p>\n<blockquote>\n<h3>INAUGURATA L&#8217;EDIZIONE 2024 DI OLTRE LE VETTE<\/h3>\n<\/blockquote>\n<p><strong>BELLUNO<\/strong> Taglio del nastro per l&#8217;edizione 2024 di Oltre le Vette, la tradizionale rassegna dedicata alla montagna e alla cultura della montagna promossa dal Comune di Belluno in collaborazione con Fondazione Teatri delle Dolomiti.<\/p>\n<p><strong>DI DANIELE DALVIT<\/strong><\/p>\n<audio class=\"wp-audio-shortcode\" id=\"audio-412389-14\" preload=\"none\" style=\"width: 100%;\" controls=\"controls\"><source type=\"audio\/mpeg\" src=\"https:\/\/www.radiopiu.net\/wordpress\/wp-content\/uploads\/2024\/10\/Servizio-Inaugurazione-Oltre-le-Vette-2024.mp3?_=14\" \/><a href=\"https:\/\/www.radiopiu.net\/wordpress\/wp-content\/uploads\/2024\/10\/Servizio-Inaugurazione-Oltre-le-Vette-2024.mp3\">https:\/\/www.radiopiu.net\/wordpress\/wp-content\/uploads\/2024\/10\/Servizio-Inaugurazione-Oltre-le-Vette-2024.mp3<\/a><\/audio>\n<p>&nbsp;<\/p>\n<p><a class=\"dt-pswp-item\" href=\"https:\/\/www.radiopiu.net\/wordpress\/wp-content\/uploads\/2024\/10\/bc15d89b-7ad8-42b0-87ab-d1159ff0f12a-scaled.jpg\" data-dt-img-description=\"\" data-large_image_width=\"2560\" data-large_image_height=\"1920\"><img loading=\"lazy\" decoding=\"async\" class=\"alignnone size-medium wp-image-412635\" src=\"https:\/\/www.radiopiu.net\/wordpress\/wp-content\/uploads\/2024\/10\/bc15d89b-7ad8-42b0-87ab-d1159ff0f12a-300x225.jpg\" alt=\"\" width=\"300\" height=\"225\" srcset=\"https:\/\/www.radiopiu.net\/wordpress\/wp-content\/uploads\/2024\/10\/bc15d89b-7ad8-42b0-87ab-d1159ff0f12a-300x225.jpg 300w, https:\/\/www.radiopiu.net\/wordpress\/wp-content\/uploads\/2024\/10\/bc15d89b-7ad8-42b0-87ab-d1159ff0f12a-1024x768.jpg 1024w, https:\/\/www.radiopiu.net\/wordpress\/wp-content\/uploads\/2024\/10\/bc15d89b-7ad8-42b0-87ab-d1159ff0f12a-768x576.jpg 768w, https:\/\/www.radiopiu.net\/wordpress\/wp-content\/uploads\/2024\/10\/bc15d89b-7ad8-42b0-87ab-d1159ff0f12a-1536x1152.jpg 1536w, https:\/\/www.radiopiu.net\/wordpress\/wp-content\/uploads\/2024\/10\/bc15d89b-7ad8-42b0-87ab-d1159ff0f12a-2048x1536.jpg 2048w\" sizes=\"auto, (max-width: 300px) 100vw, 300px\" \/><\/a><a class=\"dt-pswp-item\" href=\"https:\/\/www.radiopiu.net\/wordpress\/wp-content\/uploads\/2024\/10\/ee6950f5-0a05-421e-83e8-4af2b71d03c6-scaled.jpg\" data-dt-img-description=\"\" data-large_image_width=\"2560\" data-large_image_height=\"1920\"><img loading=\"lazy\" decoding=\"async\" class=\"alignnone size-medium wp-image-412636\" src=\"https:\/\/www.radiopiu.net\/wordpress\/wp-content\/uploads\/2024\/10\/ee6950f5-0a05-421e-83e8-4af2b71d03c6-300x225.jpg\" alt=\"\" width=\"300\" height=\"225\" srcset=\"https:\/\/www.radiopiu.net\/wordpress\/wp-content\/uploads\/2024\/10\/ee6950f5-0a05-421e-83e8-4af2b71d03c6-300x225.jpg 300w, https:\/\/www.radiopiu.net\/wordpress\/wp-content\/uploads\/2024\/10\/ee6950f5-0a05-421e-83e8-4af2b71d03c6-1024x768.jpg 1024w, https:\/\/www.radiopiu.net\/wordpress\/wp-content\/uploads\/2024\/10\/ee6950f5-0a05-421e-83e8-4af2b71d03c6-768x576.jpg 768w, https:\/\/www.radiopiu.net\/wordpress\/wp-content\/uploads\/2024\/10\/ee6950f5-0a05-421e-83e8-4af2b71d03c6-1536x1152.jpg 1536w, https:\/\/www.radiopiu.net\/wordpress\/wp-content\/uploads\/2024\/10\/ee6950f5-0a05-421e-83e8-4af2b71d03c6-2048x1536.jpg 2048w\" sizes=\"auto, (max-width: 300px) 100vw, 300px\" \/><\/a><a class=\"dt-pswp-item\" href=\"https:\/\/www.radiopiu.net\/wordpress\/wp-content\/uploads\/2024\/10\/630f0830-5307-48cd-a14d-081d655c5b73-scaled.jpg\" data-dt-img-description=\"\" data-large_image_width=\"2560\" data-large_image_height=\"1920\"><img loading=\"lazy\" decoding=\"async\" class=\"alignnone size-medium wp-image-412637\" src=\"https:\/\/www.radiopiu.net\/wordpress\/wp-content\/uploads\/2024\/10\/630f0830-5307-48cd-a14d-081d655c5b73-300x225.jpg\" alt=\"\" width=\"300\" height=\"225\" srcset=\"https:\/\/www.radiopiu.net\/wordpress\/wp-content\/uploads\/2024\/10\/630f0830-5307-48cd-a14d-081d655c5b73-300x225.jpg 300w, https:\/\/www.radiopiu.net\/wordpress\/wp-content\/uploads\/2024\/10\/630f0830-5307-48cd-a14d-081d655c5b73-1024x768.jpg 1024w, https:\/\/www.radiopiu.net\/wordpress\/wp-content\/uploads\/2024\/10\/630f0830-5307-48cd-a14d-081d655c5b73-768x576.jpg 768w, https:\/\/www.radiopiu.net\/wordpress\/wp-content\/uploads\/2024\/10\/630f0830-5307-48cd-a14d-081d655c5b73-1536x1152.jpg 1536w, https:\/\/www.radiopiu.net\/wordpress\/wp-content\/uploads\/2024\/10\/630f0830-5307-48cd-a14d-081d655c5b73-2048x1536.jpg 2048w\" sizes=\"auto, (max-width: 300px) 100vw, 300px\" \/><\/a><a class=\"dt-pswp-item\" href=\"https:\/\/www.radiopiu.net\/wordpress\/wp-content\/uploads\/2024\/10\/0ee8af0f-175c-4228-8d93-bba395d753ad-scaled.jpg\" data-dt-img-description=\"\" data-large_image_width=\"2560\" data-large_image_height=\"1920\"><img loading=\"lazy\" decoding=\"async\" class=\"alignnone size-medium wp-image-412638\" src=\"https:\/\/www.radiopiu.net\/wordpress\/wp-content\/uploads\/2024\/10\/0ee8af0f-175c-4228-8d93-bba395d753ad-300x225.jpg\" alt=\"\" width=\"300\" height=\"225\" srcset=\"https:\/\/www.radiopiu.net\/wordpress\/wp-content\/uploads\/2024\/10\/0ee8af0f-175c-4228-8d93-bba395d753ad-300x225.jpg 300w, https:\/\/www.radiopiu.net\/wordpress\/wp-content\/uploads\/2024\/10\/0ee8af0f-175c-4228-8d93-bba395d753ad-1024x768.jpg 1024w, https:\/\/www.radiopiu.net\/wordpress\/wp-content\/uploads\/2024\/10\/0ee8af0f-175c-4228-8d93-bba395d753ad-768x576.jpg 768w, https:\/\/www.radiopiu.net\/wordpress\/wp-content\/uploads\/2024\/10\/0ee8af0f-175c-4228-8d93-bba395d753ad-1536x1152.jpg 1536w, https:\/\/www.radiopiu.net\/wordpress\/wp-content\/uploads\/2024\/10\/0ee8af0f-175c-4228-8d93-bba395d753ad-2048x1536.jpg 2048w\" sizes=\"auto, (max-width: 300px) 100vw, 300px\" \/><\/a><a class=\"dt-pswp-item\" href=\"https:\/\/www.radiopiu.net\/wordpress\/wp-content\/uploads\/2024\/10\/debe4b2d-c604-4eab-9dfa-ebc516af6f50-scaled.jpg\" data-dt-img-description=\"\" data-large_image_width=\"2560\" data-large_image_height=\"1920\"><img loading=\"lazy\" decoding=\"async\" class=\"alignnone size-medium wp-image-412639\" src=\"https:\/\/www.radiopiu.net\/wordpress\/wp-content\/uploads\/2024\/10\/debe4b2d-c604-4eab-9dfa-ebc516af6f50-300x225.jpg\" alt=\"\" width=\"300\" height=\"225\" srcset=\"https:\/\/www.radiopiu.net\/wordpress\/wp-content\/uploads\/2024\/10\/debe4b2d-c604-4eab-9dfa-ebc516af6f50-300x225.jpg 300w, https:\/\/www.radiopiu.net\/wordpress\/wp-content\/uploads\/2024\/10\/debe4b2d-c604-4eab-9dfa-ebc516af6f50-1024x768.jpg 1024w, https:\/\/www.radiopiu.net\/wordpress\/wp-content\/uploads\/2024\/10\/debe4b2d-c604-4eab-9dfa-ebc516af6f50-768x576.jpg 768w, https:\/\/www.radiopiu.net\/wordpress\/wp-content\/uploads\/2024\/10\/debe4b2d-c604-4eab-9dfa-ebc516af6f50-1536x1152.jpg 1536w, https:\/\/www.radiopiu.net\/wordpress\/wp-content\/uploads\/2024\/10\/debe4b2d-c604-4eab-9dfa-ebc516af6f50-2048x1536.jpg 2048w\" sizes=\"auto, (max-width: 300px) 100vw, 300px\" \/><\/a><a class=\"dt-pswp-item\" href=\"https:\/\/www.radiopiu.net\/wordpress\/wp-content\/uploads\/2024\/10\/71229d38-ec54-4b8a-adb1-cca31d535355-scaled.jpg\" data-dt-img-description=\"\" data-large_image_width=\"2560\" data-large_image_height=\"1920\"><img loading=\"lazy\" decoding=\"async\" class=\"alignnone size-medium wp-image-412640\" src=\"https:\/\/www.radiopiu.net\/wordpress\/wp-content\/uploads\/2024\/10\/71229d38-ec54-4b8a-adb1-cca31d535355-300x225.jpg\" alt=\"\" width=\"300\" height=\"225\" srcset=\"https:\/\/www.radiopiu.net\/wordpress\/wp-content\/uploads\/2024\/10\/71229d38-ec54-4b8a-adb1-cca31d535355-300x225.jpg 300w, https:\/\/www.radiopiu.net\/wordpress\/wp-content\/uploads\/2024\/10\/71229d38-ec54-4b8a-adb1-cca31d535355-1024x768.jpg 1024w, https:\/\/www.radiopiu.net\/wordpress\/wp-content\/uploads\/2024\/10\/71229d38-ec54-4b8a-adb1-cca31d535355-768x576.jpg 768w, https:\/\/www.radiopiu.net\/wordpress\/wp-content\/uploads\/2024\/10\/71229d38-ec54-4b8a-adb1-cca31d535355-1536x1152.jpg 1536w, https:\/\/www.radiopiu.net\/wordpress\/wp-content\/uploads\/2024\/10\/71229d38-ec54-4b8a-adb1-cca31d535355-2048x1536.jpg 2048w\" sizes=\"auto, (max-width: 300px) 100vw, 300px\" \/><\/a><\/p>\n<p>&nbsp;<\/p>\n<p><strong>LE INTERVISTE<\/strong><\/p>\n<p><iframe loading=\"lazy\" title=\"INTERVISTE OLTRE LE VETTE 2024\" width=\"1200\" height=\"675\" src=\"https:\/\/www.youtube.com\/embed\/PxKiPLHKTZc?feature=oembed\" frameborder=\"0\" allow=\"accelerometer; autoplay; clipboard-write; encrypted-media; gyroscope; picture-in-picture; web-share\" referrerpolicy=\"strict-origin-when-cross-origin\" allowfullscreen><\/iframe><\/p>\n<p>&nbsp;<\/p>\n<p>&nbsp;<\/p>\n<hr \/>\n<p>&nbsp;<\/p>\n<p>&nbsp;<\/p>\n<blockquote>\n<h2><strong><a class=\"dt-pswp-item\" href=\"https:\/\/www.radiopiu.net\/wordpress\/wp-content\/uploads\/2021\/10\/th-4.jpg\" data-dt-img-description=\"\" data-large_image_width=\"244\" data-large_image_height=\"183\"><img loading=\"lazy\" decoding=\"async\" class=\" wp-image-235457 alignleft\" src=\"https:\/\/www.radiopiu.net\/wordpress\/wp-content\/uploads\/2021\/10\/th-4.jpg\" alt=\"\" width=\"159\" height=\"119\" \/><\/a>Sedico: Preoccupazioni per il futuro del Segretario Comunale<\/strong><\/h2>\n<\/blockquote>\n<p>Nel Consiglio Comunale di Sedico del 30 settembre, si \u00e8 discussa la risoluzione della convenzione di segreteria con il Comune di Cesiomaggiore, prevista per il 4 novembre. Gioia Sacchet, del gruppo &#8220;Sedico con Gioia&#8221;, ha elogiato l\u2019attuale Segretario Comunale, Dott.ssa Sandra Curti, esprimendo rammarico per la fine dell\u2019incarico e preoccupazioni sul futuro. Il gruppo ha sollevato dubbi sulla possibilit\u00e0 di trovare un nuovo segretario competente per gestire Sedico, data la carenza di professionisti. Sacchet ha criticato la mancanza di chiarezza da parte del Sindaco, che ha attribuito la risoluzione alla mancanza di &#8220;feeling&#8221;. Il gruppo si \u00e8 astenuto al voto, ribadendo la necessit\u00e0 di maggiori garanzie per il futuro.<\/p>\n<p>&nbsp;<\/p>\n<p>&nbsp;<\/p>\n<hr \/>\n<p>&nbsp;<\/p>\n<blockquote><p><strong><a class=\"dt-pswp-item\" href=\"https:\/\/www.radiopiu.net\/wordpress\/wp-content\/uploads\/2023\/01\/MUNICIPIO-LIMANA.png\" data-dt-img-description=\"\" data-large_image_width=\"1940\" data-large_image_height=\"1032\"><img loading=\"lazy\" decoding=\"async\" class=\" wp-image-318876 alignleft\" src=\"https:\/\/www.radiopiu.net\/wordpress\/wp-content\/uploads\/2023\/01\/MUNICIPIO-LIMANA-300x160.png\" alt=\"\" width=\"244\" height=\"130\" srcset=\"https:\/\/www.radiopiu.net\/wordpress\/wp-content\/uploads\/2023\/01\/MUNICIPIO-LIMANA-300x160.png 300w, https:\/\/www.radiopiu.net\/wordpress\/wp-content\/uploads\/2023\/01\/MUNICIPIO-LIMANA-1024x545.png 1024w, https:\/\/www.radiopiu.net\/wordpress\/wp-content\/uploads\/2023\/01\/MUNICIPIO-LIMANA-768x409.png 768w, https:\/\/www.radiopiu.net\/wordpress\/wp-content\/uploads\/2023\/01\/MUNICIPIO-LIMANA-1536x817.png 1536w, https:\/\/www.radiopiu.net\/wordpress\/wp-content\/uploads\/2023\/01\/MUNICIPIO-LIMANA.png 1940w\" sizes=\"auto, (max-width: 244px) 100vw, 244px\" \/><\/a>MAGNALONGA, BELLUNO PRIDE E GEMELLAGGIO. LE RISPOSTE DELLA MAGGIORANZA TALO NON SODDISFANO OLTRE LIMANA<\/strong><\/p><\/blockquote>\n<p><strong>LIMANA<\/strong> La Minoranza di Oltre Limana, guidata dall&#8217;ex Sindaco De Zanet, critica la maggioranza Talo per la mancanza di responsabilit\u00e0 nella gestione di eventi come la Magnalonga e il Belluno Pride. Nonostante le interrogazioni, il gruppo non ha ricevuto risposte soddisfacenti. Sulla Magnalonga, si lamenta una riduzione dei partecipanti e l&#8217;assenza di supporto dalla precedente amministrazione. Riguardo al Pride, De Zanet evidenzia la confusione interna sull&#8217;approccio dell&#8217;amministrazione. Infine, sul gemellaggio con Schmithausen, l&#8217;amministrazione \u00e8 accusata di immobilismo dopo la cancellazione di un volo che ha lasciato i partecipanti bloccati. De Zanet e Segat concludono che la maggioranza preferisce scaricare le colpe sugli altri anzich\u00e9 affrontare le proprie carenze.<\/p>\n<p>&nbsp;<\/p>\n<p>&nbsp;<\/p>\n<hr \/>\n<p>&nbsp;<\/p>\n<div class=\"flex-shrink-0 flex flex-col relative items-end\">\n<div>\n<div class=\"pt-0\">\n<div class=\"gizmo-bot-avatar flex h-8 w-8 items-center justify-center overflow-hidden rounded-full\">\n<div class=\"relative p-1 rounded-sm flex items-center justify-center bg-token-main-surface-primary text-token-text-primary h-8 w-8\"><\/div>\n<\/div>\n<\/div>\n<\/div>\n<\/div>\n<div class=\"group\/conversation-turn relative flex w-full min-w-0 flex-col agent-turn\">\n<div class=\"flex-col gap-1 md:gap-3\">\n<div class=\"flex max-w-full flex-col flex-grow\">\n<div class=\"min-h-8 text-message flex w-full flex-col items-end gap-2 whitespace-normal break-words [.text-message+&amp;]:mt-5\" dir=\"auto\" data-message-author-role=\"assistant\" data-message-id=\"29cdf5d8-fa30-460f-a8b2-87e20f853a79\">\n<div class=\"flex w-full flex-col gap-1 empty:hidden first:pt-[3px]\">\n<div class=\"markdown prose w-full break-words dark:prose-invert dark\">\n<blockquote><p><strong><a class=\"dt-pswp-item\" href=\"https:\/\/www.radiopiu.net\/wordpress\/wp-content\/uploads\/2023\/09\/CAMERA-DI-COMMERCIO.png\" data-dt-img-description=\"\" data-large_image_width=\"760\" data-large_image_height=\"314\"><img loading=\"lazy\" decoding=\"async\" class=\"size-medium wp-image-353764 alignleft\" src=\"https:\/\/www.radiopiu.net\/wordpress\/wp-content\/uploads\/2023\/09\/CAMERA-DI-COMMERCIO-300x124.png\" alt=\"\" width=\"300\" height=\"124\" srcset=\"https:\/\/www.radiopiu.net\/wordpress\/wp-content\/uploads\/2023\/09\/CAMERA-DI-COMMERCIO-300x124.png 300w, https:\/\/www.radiopiu.net\/wordpress\/wp-content\/uploads\/2023\/09\/CAMERA-DI-COMMERCIO.png 760w\" sizes=\"auto, (max-width: 300px) 100vw, 300px\" \/><\/a>Innovazione nella filiera agricola: tre istituti agrari e aziende di Treviso e Belluno insieme per la sostenibilit\u00e0<\/strong><\/p><\/blockquote>\n<p><strong>TREVISO<\/strong> Tre istituti tecnici agrari e tre aziende delle province di Treviso e Belluno hanno collaborato per formare 47 studenti su innovazione e sostenibilit\u00e0 nella filiera agricola. Il progetto, promosso dalla Camera di Commercio Treviso-Belluno, ha visto la partecipazione degli istituti \u201cDella Lucia\u201d di Feltre, \u201cSartor\u201d di Castelfranco Veneto e \u201cCerletti\u201d di Conegliano. Attraverso un percorso di 130 ore, gli studenti hanno affrontato sfide aziendali su temi quali agricoltura idroponica, riciclo di scarti biologici e sostenibilit\u00e0 delle coltivazioni. Le aziende coinvolte, Spagnol, Unifarco e Molino Rachello, hanno offerto il loro supporto per lo sviluppo delle idee. Al termine del percorso, gli studenti hanno ricevuto un digital badge, certificazione utile per il loro futuro professionale.<\/p>\n<\/div>\n<\/div>\n<\/div>\n<\/div>\n<\/div>\n<\/div>\n<blockquote><p>Ringrazio le imprese con i loro tutor aziendali e gli istituti agrari con i loro docenti per l\u2019innovativa collaborazione sperimentata nel corso del progetto \u2013 evidenzia il Presidente della Camera di Commercio <b>Mario Pozza &#8211; <\/b>\u00a0l\u2019interazione virtuosa fra questi diversi attori ha permesso di guidare gli studenti verso approcci imprenditoriali innovativi al fare agricoltura, oltre che attenti ai principi di sostenibilit\u00e0.<\/p><\/blockquote>\n<p>&nbsp;<\/p>\n<p>&nbsp;<\/p>\n<hr \/>\n<p>&nbsp;<\/p>\n<blockquote>\n<h3>GIORNATE FAI D&#8217;AUTUNNO IL 12 E 13 OTTOBRE. VISITE AL CENTRO MINERARIO VALLE IMPERINA E TEATRO DELLA SENA<\/h3>\n<\/blockquote>\n<p><strong>BELLUNO<\/strong> Il Gruppo FAI Giovani di Belluno e il Gruppo FAI di Feltre organizzano visite a due luoghi storici della provincia di Belluno: il Centro Minerario di Valle Imperina e il Teatro de la Sena. Il Centro Minerario di Valle Imperina, situato nel Parco Nazionale delle Dolomiti Bellunesi, \u00e8 stato un importante sito di estrazione di rame e zolfo dal 1400 al 1962. Il fabbricato dei forni fusori ospita tre antichi forni, una testimonianza della tecnologia metallurgica utilizzata dalla Serenissima Repubblica di Venezia. Le visite saranno guidate dagli studenti del Liceo Scientifico &#8220;Follador&#8221; di Agordo. Il Teatro de la Sena, nel centro storico di Feltre, \u00e8 stato ricostruito nell&#8217;800 da Giannantonio Selva, lo stesso architetto del Teatro La Fenice di Venezia. Qui, il giovane Carlo Goldoni ha lavorato come attore e regista. Le visite al teatro saranno condotte dagli studenti del Liceo Dal Piaz.<\/p>\n<p><a class=\"dt-pswp-item\" href=\"https:\/\/www.radiopiu.net\/wordpress\/wp-content\/uploads\/2024\/10\/Valle-Imperina-Fabbricato-Forni-Fusori.jpeg\" data-dt-img-description=\"\" data-large_image_width=\"1600\" data-large_image_height=\"1200\"><img loading=\"lazy\" decoding=\"async\" class=\"alignnone wp-image-412572\" src=\"https:\/\/www.radiopiu.net\/wordpress\/wp-content\/uploads\/2024\/10\/Valle-Imperina-Fabbricato-Forni-Fusori-300x225.jpeg\" alt=\"\" width=\"268\" height=\"201\" srcset=\"https:\/\/www.radiopiu.net\/wordpress\/wp-content\/uploads\/2024\/10\/Valle-Imperina-Fabbricato-Forni-Fusori-300x225.jpeg 300w, https:\/\/www.radiopiu.net\/wordpress\/wp-content\/uploads\/2024\/10\/Valle-Imperina-Fabbricato-Forni-Fusori-1024x768.jpeg 1024w, https:\/\/www.radiopiu.net\/wordpress\/wp-content\/uploads\/2024\/10\/Valle-Imperina-Fabbricato-Forni-Fusori-768x576.jpeg 768w, https:\/\/www.radiopiu.net\/wordpress\/wp-content\/uploads\/2024\/10\/Valle-Imperina-Fabbricato-Forni-Fusori-1536x1152.jpeg 1536w, https:\/\/www.radiopiu.net\/wordpress\/wp-content\/uploads\/2024\/10\/Valle-Imperina-Fabbricato-Forni-Fusori.jpeg 1600w\" sizes=\"auto, (max-width: 268px) 100vw, 268px\" \/><\/a><a class=\"dt-pswp-item\" href=\"https:\/\/www.radiopiu.net\/wordpress\/wp-content\/uploads\/2024\/10\/Valle-Imperina-Forni-Fusori.jpeg\" data-dt-img-description=\"\" data-large_image_width=\"1600\" data-large_image_height=\"1200\"><img loading=\"lazy\" decoding=\"async\" class=\"alignnone wp-image-412573\" src=\"https:\/\/www.radiopiu.net\/wordpress\/wp-content\/uploads\/2024\/10\/Valle-Imperina-Forni-Fusori-300x225.jpeg\" alt=\"\" width=\"268\" height=\"201\" srcset=\"https:\/\/www.radiopiu.net\/wordpress\/wp-content\/uploads\/2024\/10\/Valle-Imperina-Forni-Fusori-300x225.jpeg 300w, https:\/\/www.radiopiu.net\/wordpress\/wp-content\/uploads\/2024\/10\/Valle-Imperina-Forni-Fusori-1024x768.jpeg 1024w, https:\/\/www.radiopiu.net\/wordpress\/wp-content\/uploads\/2024\/10\/Valle-Imperina-Forni-Fusori-768x576.jpeg 768w, https:\/\/www.radiopiu.net\/wordpress\/wp-content\/uploads\/2024\/10\/Valle-Imperina-Forni-Fusori-1536x1152.jpeg 1536w, https:\/\/www.radiopiu.net\/wordpress\/wp-content\/uploads\/2024\/10\/Valle-Imperina-Forni-Fusori.jpeg 1600w\" sizes=\"auto, (max-width: 268px) 100vw, 268px\" \/><\/a><a class=\"dt-pswp-item\" href=\"https:\/\/www.radiopiu.net\/wordpress\/wp-content\/uploads\/2024\/10\/Teatro-de-la-Sena-1.jpeg\" data-dt-img-description=\"\" data-large_image_width=\"2048\" data-large_image_height=\"1370\"><img loading=\"lazy\" decoding=\"async\" class=\"alignnone size-medium wp-image-412574\" src=\"https:\/\/www.radiopiu.net\/wordpress\/wp-content\/uploads\/2024\/10\/Teatro-de-la-Sena-1-300x201.jpeg\" alt=\"\" width=\"300\" height=\"201\" srcset=\"https:\/\/www.radiopiu.net\/wordpress\/wp-content\/uploads\/2024\/10\/Teatro-de-la-Sena-1-300x201.jpeg 300w, https:\/\/www.radiopiu.net\/wordpress\/wp-content\/uploads\/2024\/10\/Teatro-de-la-Sena-1-1024x685.jpeg 1024w, https:\/\/www.radiopiu.net\/wordpress\/wp-content\/uploads\/2024\/10\/Teatro-de-la-Sena-1-768x514.jpeg 768w, https:\/\/www.radiopiu.net\/wordpress\/wp-content\/uploads\/2024\/10\/Teatro-de-la-Sena-1-1536x1028.jpeg 1536w, https:\/\/www.radiopiu.net\/wordpress\/wp-content\/uploads\/2024\/10\/Teatro-de-la-Sena-1.jpeg 2048w\" sizes=\"auto, (max-width: 300px) 100vw, 300px\" \/><\/a><\/p>\n<p>&nbsp;<\/p>\n<p>&nbsp;<\/p>\n<hr \/>\n<p>&nbsp;<\/p>\n<blockquote><p><strong><a class=\"dt-pswp-item\" href=\"https:\/\/www.radiopiu.net\/wordpress\/wp-content\/uploads\/2024\/06\/Facciata-Galilei-2-scaled-1.jpg\" data-dt-img-description=\"\" data-large_image_width=\"2560\" data-large_image_height=\"1920\"><img loading=\"lazy\" decoding=\"async\" class=\" wp-image-393087 alignleft\" src=\"https:\/\/www.radiopiu.net\/wordpress\/wp-content\/uploads\/2024\/06\/Facciata-Galilei-2-scaled-1-300x225.jpg\" alt=\"\" width=\"233\" height=\"175\" srcset=\"https:\/\/www.radiopiu.net\/wordpress\/wp-content\/uploads\/2024\/06\/Facciata-Galilei-2-scaled-1-300x225.jpg 300w, https:\/\/www.radiopiu.net\/wordpress\/wp-content\/uploads\/2024\/06\/Facciata-Galilei-2-scaled-1-1024x768.jpg 1024w, https:\/\/www.radiopiu.net\/wordpress\/wp-content\/uploads\/2024\/06\/Facciata-Galilei-2-scaled-1-768x576.jpg 768w, https:\/\/www.radiopiu.net\/wordpress\/wp-content\/uploads\/2024\/06\/Facciata-Galilei-2-scaled-1-1536x1152.jpg 1536w, https:\/\/www.radiopiu.net\/wordpress\/wp-content\/uploads\/2024\/06\/Facciata-Galilei-2-scaled-1-2048x1536.jpg 2048w\" sizes=\"auto, (max-width: 233px) 100vw, 233px\" \/><\/a>Scambio Erasmus per la Sostenibilit\u00e0: I Licei &#8220;Galilei-Tiziano&#8221; Guardano al Futuro<\/strong><\/p><\/blockquote>\n<p><strong>BELLUNO<\/strong> Nel 2025, dieci studenti dei Licei &#8220;Galilei-Tiziano&#8221; parteciperanno a uno scambio con coetanei spagnoli della scuola &#8220;El Pilar&#8221; a Premi\u00e0 de Mar, Barcellona, grazie al programma Erasmus KA 122. Il progetto, cofinanziato dall&#8217;Unione Europea, \u00e8 incentrato sulla sostenibilit\u00e0 nelle localit\u00e0 turistiche, promuovendo energie rinnovabili e trasporto sostenibile. Gli studenti, che si ospiteranno reciprocamente per cinque giorni, visiteranno siti UNESCO e collaboreranno con esperti per approfondire questi temi. L&#8217;iniziativa, che utilizza l&#8217;inglese come lingua veicolare, mira a sviluppare competenze critiche e sensibilizzare i giovani sull&#8217;importanza della sostenibilit\u00e0, come sottolinea la referente prof.ssa Luigina Ricchio. L&#8217;obiettivo \u00e8 formare cittadini consapevoli e responsabili per il futuro del pianeta. I Licei \u00abGalilei-Tiziano\u00bb, con il progetto Erasmus KA, non solo si impegnano a formare studenti consapevoli e attivi, ma auspicano anche di diventare un esempio di come l&#8217;istruzione possa contribuire a un mondo pi\u00f9 sostenibile<\/p>\n<p>&nbsp;<\/p>\n<p>&nbsp;<\/p>\n<hr \/>\n<p>&nbsp;<\/p>\n<blockquote>\n<h3>AUMENTO DELLE PRESTAZIONI AL PRONTO SOCCORSO E RADIOLOGIA DI FELTRE: NUOVE INIZIATIVE PER MIGLIORARE I SERVIZI<\/h3>\n<\/blockquote>\n<p><strong><a class=\"dt-pswp-item\" href=\"https:\/\/www.radiopiu.net\/wordpress\/wp-content\/uploads\/2024\/10\/WhatsApp-Image-2024-10-04-at-13.53.55.jpeg\" data-dt-img-description=\"\" data-large_image_width=\"1929\" data-large_image_height=\"1316\"><img loading=\"lazy\" decoding=\"async\" class=\" wp-image-412567 alignleft\" src=\"https:\/\/www.radiopiu.net\/wordpress\/wp-content\/uploads\/2024\/10\/WhatsApp-Image-2024-10-04-at-13.53.55-300x205.jpeg\" alt=\"\" width=\"174\" height=\"119\" srcset=\"https:\/\/www.radiopiu.net\/wordpress\/wp-content\/uploads\/2024\/10\/WhatsApp-Image-2024-10-04-at-13.53.55-300x205.jpeg 300w, https:\/\/www.radiopiu.net\/wordpress\/wp-content\/uploads\/2024\/10\/WhatsApp-Image-2024-10-04-at-13.53.55-1024x699.jpeg 1024w, https:\/\/www.radiopiu.net\/wordpress\/wp-content\/uploads\/2024\/10\/WhatsApp-Image-2024-10-04-at-13.53.55-768x524.jpeg 768w, https:\/\/www.radiopiu.net\/wordpress\/wp-content\/uploads\/2024\/10\/WhatsApp-Image-2024-10-04-at-13.53.55-1536x1048.jpeg 1536w, https:\/\/www.radiopiu.net\/wordpress\/wp-content\/uploads\/2024\/10\/WhatsApp-Image-2024-10-04-at-13.53.55.jpeg 1929w\" sizes=\"auto, (max-width: 174px) 100vw, 174px\" \/><\/a>FELTRE <\/strong>Negli ultimi sei mesi, il Pronto Soccorso e la Radiologia di Feltre hanno registrato un significativo aumento delle prestazioni rispetto allo stesso periodo dello scorso anno. Questo miglioramento \u00e8 stato possibile grazie a team giovani e dinamici, con un forte orientamento al servizio del paziente. Un elemento distintivo \u00e8 la gestione dei percorsi di cura, che prevede la prenotazione diretta degli esami diagnostici da parte degli specialisti. Una novit\u00e0 rilevante \u00e8 l&#8217;avvio sperimentale di una postazione di ambulanza, gestita dalla Croce Rossa Italiana, presso il distretto di Fener. Questa misura, attivabile dal SUEM, mira a ridurre i tempi di intervento nei soccorsi, migliorando ulteriormente l&#8217;efficienza del servizio.<\/p>\n<p>&nbsp;<\/p>\n<p>&nbsp;<\/p>\n<hr \/>\n<p>&nbsp;<\/p>\n<blockquote>\n<h3>PRESENTATO A FALCADE IL CAMPIONATO MONDIALE DI PESTO ALLA GENOVESE<\/h3>\n<\/blockquote>\n<p><strong>FALCADE<\/strong> Si terranno a Falcade le qualificazioni per il Campionato Mondiale di Pesto alla Genovese. Una tre giorni dedicata al pesto con l&#8217;evento finale domenica quando tutti potranno assaggiare gli gnocchi al pesto preparati da 10 ristoratori.<\/p>\n<p><strong><a class=\"dt-pswp-item\" href=\"https:\/\/www.radiopiu.net\/wordpress\/wp-content\/uploads\/2024\/10\/d96b9ec0-7483-4f8d-b0ea-6f0edb8876ba.jpg\" data-dt-img-description=\"\" data-large_image_width=\"1600\" data-large_image_height=\"1200\"><img loading=\"lazy\" decoding=\"async\" class=\"alignnone size-medium wp-image-412627\" src=\"https:\/\/www.radiopiu.net\/wordpress\/wp-content\/uploads\/2024\/10\/d96b9ec0-7483-4f8d-b0ea-6f0edb8876ba-300x225.jpg\" alt=\"\" width=\"300\" height=\"225\" srcset=\"https:\/\/www.radiopiu.net\/wordpress\/wp-content\/uploads\/2024\/10\/d96b9ec0-7483-4f8d-b0ea-6f0edb8876ba-300x225.jpg 300w, https:\/\/www.radiopiu.net\/wordpress\/wp-content\/uploads\/2024\/10\/d96b9ec0-7483-4f8d-b0ea-6f0edb8876ba-1024x768.jpg 1024w, https:\/\/www.radiopiu.net\/wordpress\/wp-content\/uploads\/2024\/10\/d96b9ec0-7483-4f8d-b0ea-6f0edb8876ba-768x576.jpg 768w, https:\/\/www.radiopiu.net\/wordpress\/wp-content\/uploads\/2024\/10\/d96b9ec0-7483-4f8d-b0ea-6f0edb8876ba-1536x1152.jpg 1536w, https:\/\/www.radiopiu.net\/wordpress\/wp-content\/uploads\/2024\/10\/d96b9ec0-7483-4f8d-b0ea-6f0edb8876ba.jpg 1600w\" sizes=\"auto, (max-width: 300px) 100vw, 300px\" \/><\/a><a class=\"dt-pswp-item\" href=\"https:\/\/www.radiopiu.net\/wordpress\/wp-content\/uploads\/2024\/10\/37c8b939-5096-40a7-947c-39bcc3ca6ea8.jpg\" data-dt-img-description=\"\" data-large_image_width=\"1600\" data-large_image_height=\"1200\"><img loading=\"lazy\" decoding=\"async\" class=\"alignnone size-medium wp-image-412628\" src=\"https:\/\/www.radiopiu.net\/wordpress\/wp-content\/uploads\/2024\/10\/37c8b939-5096-40a7-947c-39bcc3ca6ea8-300x225.jpg\" alt=\"\" width=\"300\" height=\"225\" srcset=\"https:\/\/www.radiopiu.net\/wordpress\/wp-content\/uploads\/2024\/10\/37c8b939-5096-40a7-947c-39bcc3ca6ea8-300x225.jpg 300w, https:\/\/www.radiopiu.net\/wordpress\/wp-content\/uploads\/2024\/10\/37c8b939-5096-40a7-947c-39bcc3ca6ea8-1024x768.jpg 1024w, https:\/\/www.radiopiu.net\/wordpress\/wp-content\/uploads\/2024\/10\/37c8b939-5096-40a7-947c-39bcc3ca6ea8-768x576.jpg 768w, https:\/\/www.radiopiu.net\/wordpress\/wp-content\/uploads\/2024\/10\/37c8b939-5096-40a7-947c-39bcc3ca6ea8-1536x1152.jpg 1536w, https:\/\/www.radiopiu.net\/wordpress\/wp-content\/uploads\/2024\/10\/37c8b939-5096-40a7-947c-39bcc3ca6ea8.jpg 1600w\" sizes=\"auto, (max-width: 300px) 100vw, 300px\" \/><\/a><a class=\"dt-pswp-item\" href=\"https:\/\/www.radiopiu.net\/wordpress\/wp-content\/uploads\/2024\/10\/9d14a14c-a9d1-41af-b60d-4bc698f661fd.jpg\" data-dt-img-description=\"\" data-large_image_width=\"1600\" data-large_image_height=\"1200\"><img loading=\"lazy\" decoding=\"async\" class=\"alignnone size-medium wp-image-412629\" src=\"https:\/\/www.radiopiu.net\/wordpress\/wp-content\/uploads\/2024\/10\/9d14a14c-a9d1-41af-b60d-4bc698f661fd-300x225.jpg\" alt=\"\" width=\"300\" height=\"225\" srcset=\"https:\/\/www.radiopiu.net\/wordpress\/wp-content\/uploads\/2024\/10\/9d14a14c-a9d1-41af-b60d-4bc698f661fd-300x225.jpg 300w, https:\/\/www.radiopiu.net\/wordpress\/wp-content\/uploads\/2024\/10\/9d14a14c-a9d1-41af-b60d-4bc698f661fd-1024x768.jpg 1024w, https:\/\/www.radiopiu.net\/wordpress\/wp-content\/uploads\/2024\/10\/9d14a14c-a9d1-41af-b60d-4bc698f661fd-768x576.jpg 768w, https:\/\/www.radiopiu.net\/wordpress\/wp-content\/uploads\/2024\/10\/9d14a14c-a9d1-41af-b60d-4bc698f661fd-1536x1152.jpg 1536w, https:\/\/www.radiopiu.net\/wordpress\/wp-content\/uploads\/2024\/10\/9d14a14c-a9d1-41af-b60d-4bc698f661fd.jpg 1600w\" sizes=\"auto, (max-width: 300px) 100vw, 300px\" \/><\/a><\/strong><\/p>\n<p><strong>\u00a0<\/strong><\/p>\n<p><strong>LA PRESENTAZIONE DELLA MANIFESTAZIONE<\/strong><\/p>\n<p><iframe loading=\"lazy\" title=\"PRESENTAZIONE QUALIFICAZIONE MONDIALE PESTO GENOVESE A FALCADE\" width=\"1200\" height=\"675\" src=\"https:\/\/www.youtube.com\/embed\/XNXjhdLtfKk?feature=oembed\" frameborder=\"0\" allow=\"accelerometer; autoplay; clipboard-write; encrypted-media; gyroscope; picture-in-picture; web-share\" referrerpolicy=\"strict-origin-when-cross-origin\" allowfullscreen><\/iframe><\/p>\n<p>&nbsp;<\/p>\n<hr \/>\n<p>&nbsp;<\/p>\n<blockquote>\n<h3>LA MARATONA DI LETTURA AD ALLEGHE&#8230;UN SUCCESSO<\/h3>\n<\/blockquote>\n<p><strong>ALLEGHE <\/strong>Si \u00e8 svolta ieri, in tutto il Veneto, la Maratona di Lettura 2024. Ad Alleghe la Biblioteca comunale e Nicole, hanno portato i bambini della scuola primaria a &#8220;correre&#8221; attraverso le pagine della letteratura sportiva. Quest&#8217;anno, il tema centrale dell&#8217;evento era proprio lo sport, e non poteva mancare la partecipazione dell&#8217;Alleghe Hockey, rappresentato da Manuel De Toni e Daniele Veggiato. Grazie alle loro testimonianze, i piccoli lettori hanno scoperto non solo la bellezza dell&#8217;hockey, ma anche la storia affascinante del ghiaccio sul &#8220;Lavoi&#8221;. L&#8217;entusiasmo dei bambini \u00e8 stato palpabile, mentre si immergevano nelle storie degli atleti e nei ricordi di un tempo, grazie alle letture e ai racconti vissuti di Manuel e Daniele. Un\u2019esperienza unica che ha unito sport e cultura, creando un legame speciale tra passato e presente.<\/p>\n<p><a class=\"dt-pswp-item\" href=\"https:\/\/www.radiopiu.net\/wordpress\/wp-content\/uploads\/2024\/10\/d6df51de-57f9-407f-bebd-a2aae5a27737.jpg\" data-dt-img-description=\"\" data-large_image_width=\"1600\" data-large_image_height=\"1200\"><img loading=\"lazy\" decoding=\"async\" class=\"alignnone size-medium wp-image-412588\" src=\"https:\/\/www.radiopiu.net\/wordpress\/wp-content\/uploads\/2024\/10\/d6df51de-57f9-407f-bebd-a2aae5a27737-300x225.jpg\" alt=\"\" width=\"300\" height=\"225\" srcset=\"https:\/\/www.radiopiu.net\/wordpress\/wp-content\/uploads\/2024\/10\/d6df51de-57f9-407f-bebd-a2aae5a27737-300x225.jpg 300w, https:\/\/www.radiopiu.net\/wordpress\/wp-content\/uploads\/2024\/10\/d6df51de-57f9-407f-bebd-a2aae5a27737-1024x768.jpg 1024w, https:\/\/www.radiopiu.net\/wordpress\/wp-content\/uploads\/2024\/10\/d6df51de-57f9-407f-bebd-a2aae5a27737-768x576.jpg 768w, https:\/\/www.radiopiu.net\/wordpress\/wp-content\/uploads\/2024\/10\/d6df51de-57f9-407f-bebd-a2aae5a27737-1536x1152.jpg 1536w, https:\/\/www.radiopiu.net\/wordpress\/wp-content\/uploads\/2024\/10\/d6df51de-57f9-407f-bebd-a2aae5a27737.jpg 1600w\" sizes=\"auto, (max-width: 300px) 100vw, 300px\" \/><\/a><a class=\"dt-pswp-item\" href=\"https:\/\/www.radiopiu.net\/wordpress\/wp-content\/uploads\/2024\/10\/aff66f2f-12b4-49f6-8757-3e424d8874d0.jpg\" data-dt-img-description=\"\" data-large_image_width=\"2048\" data-large_image_height=\"1536\"><img loading=\"lazy\" decoding=\"async\" class=\"alignnone size-medium wp-image-412589\" src=\"https:\/\/www.radiopiu.net\/wordpress\/wp-content\/uploads\/2024\/10\/aff66f2f-12b4-49f6-8757-3e424d8874d0-300x225.jpg\" alt=\"\" width=\"300\" height=\"225\" srcset=\"https:\/\/www.radiopiu.net\/wordpress\/wp-content\/uploads\/2024\/10\/aff66f2f-12b4-49f6-8757-3e424d8874d0-300x225.jpg 300w, https:\/\/www.radiopiu.net\/wordpress\/wp-content\/uploads\/2024\/10\/aff66f2f-12b4-49f6-8757-3e424d8874d0-1024x768.jpg 1024w, https:\/\/www.radiopiu.net\/wordpress\/wp-content\/uploads\/2024\/10\/aff66f2f-12b4-49f6-8757-3e424d8874d0-768x576.jpg 768w, https:\/\/www.radiopiu.net\/wordpress\/wp-content\/uploads\/2024\/10\/aff66f2f-12b4-49f6-8757-3e424d8874d0-1536x1152.jpg 1536w, https:\/\/www.radiopiu.net\/wordpress\/wp-content\/uploads\/2024\/10\/aff66f2f-12b4-49f6-8757-3e424d8874d0.jpg 2048w\" sizes=\"auto, (max-width: 300px) 100vw, 300px\" \/><\/a><a class=\"dt-pswp-item\" href=\"https:\/\/www.radiopiu.net\/wordpress\/wp-content\/uploads\/2024\/10\/29e3e7cb-a96c-4a31-baf2-1259c968b309.jpg\" data-dt-img-description=\"\" data-large_image_width=\"2048\" data-large_image_height=\"1536\"><img loading=\"lazy\" decoding=\"async\" class=\"alignnone size-medium wp-image-412590\" src=\"https:\/\/www.radiopiu.net\/wordpress\/wp-content\/uploads\/2024\/10\/29e3e7cb-a96c-4a31-baf2-1259c968b309-300x225.jpg\" alt=\"\" width=\"300\" height=\"225\" srcset=\"https:\/\/www.radiopiu.net\/wordpress\/wp-content\/uploads\/2024\/10\/29e3e7cb-a96c-4a31-baf2-1259c968b309-300x225.jpg 300w, https:\/\/www.radiopiu.net\/wordpress\/wp-content\/uploads\/2024\/10\/29e3e7cb-a96c-4a31-baf2-1259c968b309-1024x768.jpg 1024w, https:\/\/www.radiopiu.net\/wordpress\/wp-content\/uploads\/2024\/10\/29e3e7cb-a96c-4a31-baf2-1259c968b309-768x576.jpg 768w, https:\/\/www.radiopiu.net\/wordpress\/wp-content\/uploads\/2024\/10\/29e3e7cb-a96c-4a31-baf2-1259c968b309-1536x1152.jpg 1536w, https:\/\/www.radiopiu.net\/wordpress\/wp-content\/uploads\/2024\/10\/29e3e7cb-a96c-4a31-baf2-1259c968b309.jpg 2048w\" sizes=\"auto, (max-width: 300px) 100vw, 300px\" \/><\/a><a class=\"dt-pswp-item\" href=\"https:\/\/www.radiopiu.net\/wordpress\/wp-content\/uploads\/2024\/10\/13db70c3-9764-411d-979c-d3630f6f1856.jpg\" data-dt-img-description=\"\" data-large_image_width=\"1200\" data-large_image_height=\"1600\"><img loading=\"lazy\" decoding=\"async\" class=\"alignnone size-medium wp-image-412591\" src=\"https:\/\/www.radiopiu.net\/wordpress\/wp-content\/uploads\/2024\/10\/13db70c3-9764-411d-979c-d3630f6f1856-225x300.jpg\" alt=\"\" width=\"225\" height=\"300\" srcset=\"https:\/\/www.radiopiu.net\/wordpress\/wp-content\/uploads\/2024\/10\/13db70c3-9764-411d-979c-d3630f6f1856-225x300.jpg 225w, https:\/\/www.radiopiu.net\/wordpress\/wp-content\/uploads\/2024\/10\/13db70c3-9764-411d-979c-d3630f6f1856-768x1024.jpg 768w, https:\/\/www.radiopiu.net\/wordpress\/wp-content\/uploads\/2024\/10\/13db70c3-9764-411d-979c-d3630f6f1856-1152x1536.jpg 1152w, https:\/\/www.radiopiu.net\/wordpress\/wp-content\/uploads\/2024\/10\/13db70c3-9764-411d-979c-d3630f6f1856.jpg 1200w\" sizes=\"auto, (max-width: 225px) 100vw, 225px\" \/><\/a><a class=\"dt-pswp-item\" href=\"https:\/\/www.radiopiu.net\/wordpress\/wp-content\/uploads\/2024\/10\/c4fa2004-334d-49fc-ba7c-49fdcbcbda4a.jpg\" data-dt-img-description=\"\" data-large_image_width=\"1200\" data-large_image_height=\"1600\"><img loading=\"lazy\" decoding=\"async\" class=\"alignnone size-medium wp-image-412592\" src=\"https:\/\/www.radiopiu.net\/wordpress\/wp-content\/uploads\/2024\/10\/c4fa2004-334d-49fc-ba7c-49fdcbcbda4a-225x300.jpg\" alt=\"\" width=\"225\" height=\"300\" srcset=\"https:\/\/www.radiopiu.net\/wordpress\/wp-content\/uploads\/2024\/10\/c4fa2004-334d-49fc-ba7c-49fdcbcbda4a-225x300.jpg 225w, https:\/\/www.radiopiu.net\/wordpress\/wp-content\/uploads\/2024\/10\/c4fa2004-334d-49fc-ba7c-49fdcbcbda4a-768x1024.jpg 768w, https:\/\/www.radiopiu.net\/wordpress\/wp-content\/uploads\/2024\/10\/c4fa2004-334d-49fc-ba7c-49fdcbcbda4a-1152x1536.jpg 1152w, https:\/\/www.radiopiu.net\/wordpress\/wp-content\/uploads\/2024\/10\/c4fa2004-334d-49fc-ba7c-49fdcbcbda4a.jpg 1200w\" sizes=\"auto, (max-width: 225px) 100vw, 225px\" \/><\/a><\/p>\n<p>&nbsp;<\/p>\n<hr \/>\n<p>&nbsp;<\/p>\n<h2 style=\"text-align: center;\"><span style=\"color: #ff00ff;\">LA PRIMARIA DI ALLEGHE IN VISITA A VENEZIA<\/span><\/h2>\n<p dir=\"auto\">E anche nella stagione autunnale siamo attivi con le uscite, con il progetto Conoscere Venezia dall\u2019Acqua! Grazie a tutti quelli che hanno reso possibile la realizzazione del progetto. Classi terza e quinta &#8211; scuola primaria di Alleghe<\/p>\n<p dir=\"auto\"><a class=\"dt-pswp-item\" href=\"https:\/\/www.radiopiu.net\/wordpress\/wp-content\/uploads\/2024\/10\/IMG-20240927-WA0008.jpg\" data-dt-img-description=\"\" data-large_image_width=\"1200\" data-large_image_height=\"1600\"><img loading=\"lazy\" decoding=\"async\" class=\"size-medium wp-image-412616 aligncenter\" src=\"https:\/\/www.radiopiu.net\/wordpress\/wp-content\/uploads\/2024\/10\/IMG-20240927-WA0008-225x300.jpg\" alt=\"\" width=\"225\" height=\"300\" srcset=\"https:\/\/www.radiopiu.net\/wordpress\/wp-content\/uploads\/2024\/10\/IMG-20240927-WA0008-225x300.jpg 225w, https:\/\/www.radiopiu.net\/wordpress\/wp-content\/uploads\/2024\/10\/IMG-20240927-WA0008-768x1024.jpg 768w, https:\/\/www.radiopiu.net\/wordpress\/wp-content\/uploads\/2024\/10\/IMG-20240927-WA0008-1152x1536.jpg 1152w, https:\/\/www.radiopiu.net\/wordpress\/wp-content\/uploads\/2024\/10\/IMG-20240927-WA0008.jpg 1200w\" sizes=\"auto, (max-width: 225px) 100vw, 225px\" \/><\/a><\/p>\n<p>&nbsp;<\/p>\n<p>&nbsp;<\/p>\n<hr \/>\n<p>&nbsp;<\/p>\n<blockquote>\n<h3><a class=\"dt-pswp-item\" href=\"https:\/\/www.radiopiu.net\/wordpress\/wp-content\/uploads\/2024\/10\/CANALE-DAGORDO-El-di-del-trator-2023.jpg\" data-dt-img-description=\"\" data-large_image_width=\"1273\" data-large_image_height=\"665\"><img loading=\"lazy\" decoding=\"async\" class=\" wp-image-412394 alignleft\" src=\"https:\/\/www.radiopiu.net\/wordpress\/wp-content\/uploads\/2024\/10\/CANALE-DAGORDO-El-di-del-trator-2023-300x157.jpg\" alt=\"\" width=\"229\" height=\"120\" srcset=\"https:\/\/www.radiopiu.net\/wordpress\/wp-content\/uploads\/2024\/10\/CANALE-DAGORDO-El-di-del-trator-2023-300x157.jpg 300w, https:\/\/www.radiopiu.net\/wordpress\/wp-content\/uploads\/2024\/10\/CANALE-DAGORDO-El-di-del-trator-2023-1024x535.jpg 1024w, https:\/\/www.radiopiu.net\/wordpress\/wp-content\/uploads\/2024\/10\/CANALE-DAGORDO-El-di-del-trator-2023-768x401.jpg 768w, https:\/\/www.radiopiu.net\/wordpress\/wp-content\/uploads\/2024\/10\/CANALE-DAGORDO-El-di-del-trator-2023.jpg 1273w\" sizes=\"auto, (max-width: 229px) 100vw, 229px\" \/><\/a>DOMANI A CANALE D&#8217;AGORDO EL DI DEL TRATOR<\/h3>\n<\/blockquote>\n<p><strong>CANALE D&#8217;AGORDO <\/strong>Dopo il successo della 20\u00aa edizione di \u201cSe desmontegh\u00e9a\u201d a Falcade, la Val del Bi\u00f3is si prepara per un altro evento delle \u201cTradizioni agricole agordine\u201d. Domani, Canale d\u2019Agordo ospiter\u00e0 &#8220;El d\u00ec del trat\u00f3r&#8221;, una giornata dedicata ai trattori, essenziali per l&#8217;agricoltura in montagna. Il programma prevede il ritrovo alle 9 in Piazza Papa Luciani, seguito da una sfilata verso Falcade e il pranzo con il &#8220;Menu del trattorista&#8221;. La giornata si concluder\u00e0 con premiazioni e giochi, accompagnata dalla musica di Oscar.<\/p>\n<p>&nbsp;<\/p>\n<p>&nbsp;<\/p>\n<hr \/>\n<p>&nbsp;<\/p>\n<blockquote><p><strong><a class=\"dt-pswp-item\" href=\"https:\/\/www.radiopiu.net\/wordpress\/wp-content\/uploads\/2024\/10\/th-4.jpg\" data-dt-img-description=\"\" data-large_image_width=\"397\" data-large_image_height=\"113\"><img loading=\"lazy\" decoding=\"async\" class=\"size-medium wp-image-412497 alignleft\" src=\"https:\/\/www.radiopiu.net\/wordpress\/wp-content\/uploads\/2024\/10\/th-4-300x85.jpg\" alt=\"\" width=\"300\" height=\"85\" srcset=\"https:\/\/www.radiopiu.net\/wordpress\/wp-content\/uploads\/2024\/10\/th-4-300x85.jpg 300w, https:\/\/www.radiopiu.net\/wordpress\/wp-content\/uploads\/2024\/10\/th-4-350x100.jpg 350w, https:\/\/www.radiopiu.net\/wordpress\/wp-content\/uploads\/2024\/10\/th-4.jpg 397w\" sizes=\"auto, (max-width: 300px) 100vw, 300px\" \/><\/a>all4Ideas su Sport e Cultura: Opportunit\u00e0 per i Giovani di Belluno<\/strong><\/p><\/blockquote>\n<p><strong>SEDICO<\/strong> \u00c8 aperta la selezione per la Call4Ideas del progetto \u201cDal Virtuale al Reale: I Am Here for You\u201d, finanziato dalla DGR n. 729. Rivolta ai giovani di Belluno, questa iniziativa mira a promuovere idee innovative in ambito sportivo e culturale, offrendo un percorso formativo di 40 ore e un budget di \u20ac3.500,00 per i progetti selezionati. Il progetto, sostenuto dal Centro Consorzi e altri partner, come l&#8217;Universit\u00e0 di Padova e Hikikomori Italia, si rivolge ai giovani dai 16 ai 29 anni. L&#8217;obiettivo \u00e8 valorizzare il loro coinvolgimento in percorsi formativi, affrontando temi come il ritiro sociale e la dispersione scolastica. Le candidature devono essere inviate entro il 23 ottobre 2024. <a href=\"https:\/\/www.centroconsorzi.it\/\" target=\"_blank\" rel=\"noopener\">www.centroconsorzi.it<\/a><\/p>\n<p>&nbsp;<\/p>\n<p>&nbsp;<\/p>\n<hr \/>\n<p>&nbsp;<\/p>\n<blockquote>\n<h1><strong>Dolomiti Horeca: Un Viaggio tra Vini e Territorio<\/strong><\/h1>\n<\/blockquote>\n<p><strong>LONGARONE<\/strong> Dal 6 all&#8217;8 ottobre, Longarone Fiere ospiter\u00e0 Dolomiti Horeca, un evento che combina la scoperta del territorio con la degustazione di vini. In collaborazione con Ais Veneto, saranno proposte masterclass che esplorano il legame tra arte, architettura e vitivinicoltura. Il 7 ottobre, si terranno due eventi: \u201cSulle vie del Palladio con i vini dei Colli Berici\u201d e \u201cStorie di appassimento, dall\u2019Amarone ai vini dolci del Veneto\u201d. Marted\u00ec 8, focus sugli abbinamenti pizza-vino e la viticoltura eroica del Prosecco. Saranno presentati anche tour virtuali per il marketing innovativo nel settore Horeca.<\/p>\n<p>&nbsp;<\/p>\n<p><a class=\"dt-pswp-item\" href=\"https:\/\/www.radiopiu.net\/wordpress\/wp-content\/uploads\/2024\/10\/IMG_5335-scaled.jpg\" data-dt-img-description=\"\" data-large_image_width=\"2560\" data-large_image_height=\"1707\"><img loading=\"lazy\" decoding=\"async\" class=\"alignnone size-medium wp-image-412528\" src=\"https:\/\/www.radiopiu.net\/wordpress\/wp-content\/uploads\/2024\/10\/IMG_5335-300x200.jpg\" alt=\"\" width=\"300\" height=\"200\" srcset=\"https:\/\/www.radiopiu.net\/wordpress\/wp-content\/uploads\/2024\/10\/IMG_5335-300x200.jpg 300w, https:\/\/www.radiopiu.net\/wordpress\/wp-content\/uploads\/2024\/10\/IMG_5335-1024x683.jpg 1024w, https:\/\/www.radiopiu.net\/wordpress\/wp-content\/uploads\/2024\/10\/IMG_5335-768x512.jpg 768w, https:\/\/www.radiopiu.net\/wordpress\/wp-content\/uploads\/2024\/10\/IMG_5335-1536x1024.jpg 1536w, https:\/\/www.radiopiu.net\/wordpress\/wp-content\/uploads\/2024\/10\/IMG_5335-2048x1365.jpg 2048w\" sizes=\"auto, (max-width: 300px) 100vw, 300px\" \/><\/a><a class=\"dt-pswp-item\" href=\"https:\/\/www.radiopiu.net\/wordpress\/wp-content\/uploads\/2024\/10\/IMG_5319-scaled.jpg\" data-dt-img-description=\"\" data-large_image_width=\"2560\" data-large_image_height=\"1706\"><img loading=\"lazy\" decoding=\"async\" class=\"alignnone size-medium wp-image-412529\" src=\"https:\/\/www.radiopiu.net\/wordpress\/wp-content\/uploads\/2024\/10\/IMG_5319-300x200.jpg\" alt=\"\" width=\"300\" height=\"200\" srcset=\"https:\/\/www.radiopiu.net\/wordpress\/wp-content\/uploads\/2024\/10\/IMG_5319-300x200.jpg 300w, https:\/\/www.radiopiu.net\/wordpress\/wp-content\/uploads\/2024\/10\/IMG_5319-1024x683.jpg 1024w, https:\/\/www.radiopiu.net\/wordpress\/wp-content\/uploads\/2024\/10\/IMG_5319-768x512.jpg 768w, https:\/\/www.radiopiu.net\/wordpress\/wp-content\/uploads\/2024\/10\/IMG_5319-1536x1024.jpg 1536w, https:\/\/www.radiopiu.net\/wordpress\/wp-content\/uploads\/2024\/10\/IMG_5319-2048x1365.jpg 2048w\" sizes=\"auto, (max-width: 300px) 100vw, 300px\" \/><\/a><\/p>\n<p>&nbsp;<\/p>\n<p>&nbsp;<\/p>\n<hr \/>\n<p>&nbsp;<\/p>\n<blockquote><p><strong><a class=\"dt-pswp-item\" href=\"https:\/\/www.radiopiu.net\/wordpress\/wp-content\/uploads\/2024\/10\/Demone.jpg\" data-dt-img-description=\"\" data-large_image_width=\"580\" data-large_image_height=\"367\"><img loading=\"lazy\" decoding=\"async\" class=\" wp-image-412531 alignleft\" src=\"https:\/\/www.radiopiu.net\/wordpress\/wp-content\/uploads\/2024\/10\/Demone-300x190.jpg\" alt=\"\" width=\"180\" height=\"114\" srcset=\"https:\/\/www.radiopiu.net\/wordpress\/wp-content\/uploads\/2024\/10\/Demone-300x190.jpg 300w, https:\/\/www.radiopiu.net\/wordpress\/wp-content\/uploads\/2024\/10\/Demone.jpg 580w\" sizes=\"auto, (max-width: 180px) 100vw, 180px\" \/><\/a>Conferenza sugli Etruschi a Calalzo di Cadore<\/strong><\/p><\/blockquote>\n<p><strong>CALALZO<\/strong> Il Gruppo Archeologico Cadorino, in collaborazione con la Magnifica Comunit\u00e0 di Cadore e il Comune di Calalzo, invita alla conferenza &#8220;Etruschi: Un viaggio nella storia e nella cultura del popolo etrusco&#8221;. L&#8217;evento si terr\u00e0 sabato 5 ottobre 2024 alle ore 20:30 presso la Sala consiliare del Municipio di Calalzo di Cadore. La prof.ssa Giovanna Gambacurta, esperta dell&#8217;area cadorina, presenter\u00e0 i suoi studi, tra cui il catalogo dei reperti di Lagole, l&#8217;analisi dell&#8217;elmo di Vallesella e il ruolo della Valle del Piave nell&#8217;Et\u00e0 del Ferro, offrendo un approfondimento sulla storia etrusca e la sua influenza nella regione.<\/p>\n<p>&nbsp;<\/p>\n<p>&nbsp;<\/p>\n<hr \/>\n<p>&nbsp;<\/p>\n<blockquote>\n<h2><a class=\"dt-pswp-item\" href=\"https:\/\/www.radiopiu.net\/wordpress\/wp-content\/uploads\/2024\/10\/Bona-e-De-Nart1__.jpg\" data-dt-img-description=\"\" data-large_image_width=\"1019\" data-large_image_height=\"975\"><img loading=\"lazy\" decoding=\"async\" class=\"wp-image-412494 alignleft\" src=\"https:\/\/www.radiopiu.net\/wordpress\/wp-content\/uploads\/2024\/10\/Bona-e-De-Nart1__-300x287.jpg\" alt=\"\" width=\"187\" height=\"179\" srcset=\"https:\/\/www.radiopiu.net\/wordpress\/wp-content\/uploads\/2024\/10\/Bona-e-De-Nart1__-300x287.jpg 300w, https:\/\/www.radiopiu.net\/wordpress\/wp-content\/uploads\/2024\/10\/Bona-e-De-Nart1__-768x735.jpg 768w, https:\/\/www.radiopiu.net\/wordpress\/wp-content\/uploads\/2024\/10\/Bona-e-De-Nart1__.jpg 1019w\" sizes=\"auto, (max-width: 187px) 100vw, 187px\" \/><\/a>Femminicidi nel Bellunese: Un Triste Passato che Ritorna<\/h2>\n<\/blockquote>\n<p><strong>BELLUNO<\/strong> I femminicidi, oggi una tragica costante nelle cronache, non sono una novit\u00e0, nemmeno per il Bellunese. Durante un incontro della Confraternita del Formaggio Piave Dop, il giornalista Roberto De Nart ha presentato due storici casi di omicidi di donne: Emma Canton e Silvia Da Pont. Emma, uccisa brutalmente nel 1933 dal suo ex fidanzato, Abele De Barba, era incinta e abbandonata dalla comunit\u00e0. De Barba fu condannato all&#8217;ergastolo. Silvia, sparita nel 1951, fu trovata morta nella cantina del vicino, Carlo Candiani, che l&#8217;aveva narcotizzata per giorni. Candiani fu condannato a 25 anni, ridotti poi a 14 in appello. Questi crimini rivelano un disvalore persistente: la donna come oggetto di possesso. Nella foto, il presidente della Confraternita, Fabio Bona, e, a dx, Roberto De Nard.<\/p>\n<p>&nbsp;<\/p>\n<hr \/>\n<p>&nbsp;<\/p>\n<blockquote>\n<h3>PROROGATA AL 13 OTTOBRE LA SCADENZA PER LE DOMANDE DELLE BORSE DI STUDIO IN MEMORIA DI RUDY DE GASPERIN<\/h3>\n<\/blockquote>\n<p><strong>BELLUNO<\/strong> Il Rotary Club Belluno ha prorogato al 13 ottobre il termine per le domande della quarta edizione delle borse di studio in memoria di Rudy De Gasperin, fondatore di Digiclima e socio del club, scomparso nel 2020 a causa del Covid-19. Le borse, per un totale di 18.000 euro, sono rivolte a studenti della provincia di Belluno che intendono iscriversi a corsi triennali in discipline tecnico-scientifiche. I requisiti includono un&#8217;et\u00e0 inferiore ai 25 anni, un ISEE sotto i 45.000 euro, un voto di maturit\u00e0 di almeno 90\/100 e l&#8217;iscrizione al primo anno di universit\u00e0. L&#8217;iniziativa mira a supportare studenti meritevoli in difficolt\u00e0 economiche, con erogazioni legate al raggiungimento di obiettivi accademici.<\/p>\n<p>&nbsp;<\/p>\n<p>&nbsp;<\/p>\n<hr \/>\n<p>&nbsp;<\/p>\n<blockquote>\n<h1>Favole al Balcone torna a Belluno<\/h1>\n<\/blockquote>\n<p>&nbsp;<\/p>\n<p><strong><a class=\"dt-pswp-item\" href=\"https:\/\/www.radiopiu.net\/wordpress\/wp-content\/uploads\/2024\/10\/POMI.png\" data-dt-img-description=\"\" data-large_image_width=\"262\" data-large_image_height=\"108\"><img loading=\"lazy\" decoding=\"async\" class=\"size-full wp-image-412278 alignleft\" src=\"https:\/\/www.radiopiu.net\/wordpress\/wp-content\/uploads\/2024\/10\/POMI.png\" alt=\"\" width=\"262\" height=\"108\" \/><\/a>BELLUNO<\/strong> Domani il Centro Storico di Belluno si trasformer\u00e0 nuovamente in un teatro all\u2019aperto per &#8220;Favole al Balcone&#8221;, con storie recitate dai balconi dei palazzi storici. Famiglie e bambini sono invitati a vivere un pomeriggio magico. L&#8217;evento partir\u00e0 alle 16:00 con l&#8217;iscrizione presso la Casetta delle Fiabe in Piazza dei Martiri. Alle 16:30, una carovana di bambini e genitori, accompagnati da figuranti e sbandieratori, attraverser\u00e0 il centro storico, fermandosi sotto cinque balconi da cui verranno raccontate <a class=\"dt-pswp-item\" href=\"https:\/\/www.radiopiu.net\/wordpress\/wp-content\/uploads\/2024\/10\/220552706-d05b62cf-41f6-46fb-ae02-41fe027ac991.jpg\" data-dt-img-description=\"\" data-large_image_width=\"1280\" data-large_image_height=\"720\"><img loading=\"lazy\" decoding=\"async\" class=\"size-medium wp-image-412281 alignright\" src=\"https:\/\/www.radiopiu.net\/wordpress\/wp-content\/uploads\/2024\/10\/220552706-d05b62cf-41f6-46fb-ae02-41fe027ac991-300x169.jpg\" alt=\"\" width=\"300\" height=\"169\" srcset=\"https:\/\/www.radiopiu.net\/wordpress\/wp-content\/uploads\/2024\/10\/220552706-d05b62cf-41f6-46fb-ae02-41fe027ac991-300x169.jpg 300w, https:\/\/www.radiopiu.net\/wordpress\/wp-content\/uploads\/2024\/10\/220552706-d05b62cf-41f6-46fb-ae02-41fe027ac991-1024x576.jpg 1024w, https:\/\/www.radiopiu.net\/wordpress\/wp-content\/uploads\/2024\/10\/220552706-d05b62cf-41f6-46fb-ae02-41fe027ac991-768x432.jpg 768w, https:\/\/www.radiopiu.net\/wordpress\/wp-content\/uploads\/2024\/10\/220552706-d05b62cf-41f6-46fb-ae02-41fe027ac991.jpg 1280w\" sizes=\"auto, (max-width: 300px) 100vw, 300px\" \/><\/a>favole per tutte le et\u00e0. I cantastorie, tra cui Massimiliano Zampieri, Marco Corazza, Michela Broi, Cristina Gianni e Francesco Marchi, reciteranno favole pensate per unire bambini e adulti sui valori fondamentali, rallentando il ritmo della vita quotidiana e regalando un momento di riflessione condivisa. Per informazioni: <a href=\"http:\/\/www.bellunobambini.it\/programma\" target=\"_new\" rel=\"noopener\">www.bellunobambini.it\/programma<\/a><\/p>\n<p>&nbsp;<\/p>\n<p><span style=\"color: #ff0000;\"><strong>ALLA RADIO PIU&#8217;&#8230;.L&#8217;INVITO<\/strong><\/span><\/p>\n<audio class=\"wp-audio-shortcode\" id=\"audio-412389-15\" preload=\"none\" style=\"width: 100%;\" controls=\"controls\"><source type=\"audio\/mpeg\" src=\"https:\/\/www.radiopiu.net\/wordpress\/wp-content\/uploads\/2024\/10\/Favole-al-Balcone.mp3?_=15\" \/><a href=\"https:\/\/www.radiopiu.net\/wordpress\/wp-content\/uploads\/2024\/10\/Favole-al-Balcone.mp3\">https:\/\/www.radiopiu.net\/wordpress\/wp-content\/uploads\/2024\/10\/Favole-al-Balcone.mp3<\/a><\/audio>\n<p>&nbsp;<\/p>\n<p>&nbsp;<\/p>\n<p>&nbsp;<\/p>\n<hr \/>\n<p>&nbsp;<\/p>\n<blockquote><p><strong>Torna la Rassegna Teatrale &#8220;5 VIE&#8221; a Pieve Castionese<\/strong><\/p><\/blockquote>\n<p><strong><a class=\"dt-pswp-item\" href=\"https:\/\/www.radiopiu.net\/wordpress\/wp-content\/uploads\/2024\/10\/Senza-nome-17.png\" data-dt-img-description=\"\" data-large_image_width=\"833\" data-large_image_height=\"434\"><img loading=\"lazy\" decoding=\"async\" class=\"size-medium wp-image-412522 alignleft\" src=\"https:\/\/www.radiopiu.net\/wordpress\/wp-content\/uploads\/2024\/10\/Senza-nome-17-300x156.png\" alt=\"\" width=\"300\" height=\"156\" srcset=\"https:\/\/www.radiopiu.net\/wordpress\/wp-content\/uploads\/2024\/10\/Senza-nome-17-300x156.png 300w, https:\/\/www.radiopiu.net\/wordpress\/wp-content\/uploads\/2024\/10\/Senza-nome-17-768x400.png 768w, https:\/\/www.radiopiu.net\/wordpress\/wp-content\/uploads\/2024\/10\/Senza-nome-17.png 833w\" sizes=\"auto, (max-width: 300px) 100vw, 300px\" \/><\/a>BELLUNO<\/strong> Dal 12 ottobre 2024, la Pro Loco Pieve Castionese presenta la Rassegna Teatrale &#8220;5 VIE&#8221;, dedicata alle vie della follia. Gli spettacoli si terranno al Teatro San Gaetano Castion alle ore 21:00. <strong>12 ottobre<\/strong>: \u201cRiccardo III \u2013 Il sole di York brucia\u201d \u2013 Un\u2019interpretazione del personaggio di Riccardo III e della sua lotta contro il destino. <strong>19 ottobre<\/strong>: \u201cMaria\u201d \u2013 Una giovane donna racconta la sua vita, esplorando il realismo magico. <strong>9 novembre<\/strong>: \u201cGianni\u201d \u2013 Una riflessione sulla vita e la malattia attraverso la storia di un uomo particolare. <strong>23 novembre<\/strong>: \u201cChi ama brucia\u201d \u2013 Un&#8217;indagine nei centri di accoglienza per migranti. <strong>30 novembre<\/strong>: \u201cR.R. Rolandina Roncaglia\u201d \u2013 La storia di una persona che sfida le norme di genere nel XIV secolo. Biglietti: Intero \u20ac 12, Ridotto soci Pro Loco \u20ac 10. Info e prenotazioni: 345 823 8880 | <a rel=\"noopener\">info@prolocopievecastionese.it<\/a>. Il 6 dicembre, \u201cLe Pubbliche Bugie\u201d presenteranno \u201cAll\u2019ombra di Cyrano\u201d per raccogliere fondi per l\u2019asilo San Gaetano. Maggiori informazioni su <a href=\"http:\/\/www.castion-belluno.it\" target=\"_new\" rel=\"noopener\">www.castion-belluno.it<\/a>.<\/p>\n<blockquote><p><strong>Rassegna \u201cMagicoleria\u201d al Teatro San Gaetano di Castion<\/strong><\/p><\/blockquote>\n<p><strong><a class=\"dt-pswp-item\" href=\"https:\/\/www.radiopiu.net\/wordpress\/wp-content\/uploads\/2024\/10\/Senza-nome-18.png\" data-dt-img-description=\"\" data-large_image_width=\"483\" data-large_image_height=\"297\"><img loading=\"lazy\" decoding=\"async\" class=\" wp-image-412523 alignleft\" src=\"https:\/\/www.radiopiu.net\/wordpress\/wp-content\/uploads\/2024\/10\/Senza-nome-18-300x184.png\" alt=\"\" width=\"209\" height=\"128\" srcset=\"https:\/\/www.radiopiu.net\/wordpress\/wp-content\/uploads\/2024\/10\/Senza-nome-18-300x184.png 300w, https:\/\/www.radiopiu.net\/wordpress\/wp-content\/uploads\/2024\/10\/Senza-nome-18.png 483w\" sizes=\"auto, (max-width: 209px) 100vw, 209px\" \/><\/a>BELLUNO\u00a0 <\/strong>Dal 13 ottobre 2024, al Teatro San Gaetano di Castion, si svolger\u00e0 la rassegna \u201cMagicoleria\u201d, organizzata dalla Pro Loco Pieve Castionese, dedicata a bambini e famiglie. Gli spettacoli inizieranno alle 17:30, con repliche alle 20:30 per il primo evento. Ecco il programma: <strong>13 ottobre<\/strong>: \u201cFragile\u201d \u2013 La storia di due gemelli e un vaso speciale. <strong>26 ottobre<\/strong>: \u201cHorror puppets show\u201d \u2013 Un mix di commedia e macabro con El Bechin. <strong>3 novembre<\/strong>: \u201cStorie di Lupi\u201d \u2013 Un lupo simpatico racconta le sue avventure. <strong>17 novembre<\/strong>: \u201cCirillo e Bo al cinema\u201d \u2013 Clown che esplorano generi cinematografici. <strong>1\u00b0 dicembre<\/strong>: Mago Bronze \u2013 Spettacolo di magia, con incasso a favore della Scuola per l\u2019Infanzia San Gaetano. Ingresso: Biglietto Intero \u20ac 7,00. Info e prenotazioni: 345 823 8880 | <a rel=\"noopener\">info@prolocopievecastionese.it<\/a>. Maggiori informazioni su <a href=\"http:\/\/www.castion-belluno.it\" target=\"_new\" rel=\"noopener\">www.castion-belluno.it<\/a>.<\/p>\n<div class=\"mb-2 flex gap-3 empty:hidden -ml-2\">\n<div class=\"items-center justify-start rounded-xl p-1 flex\">\n<div class=\"flex items-center\">\n<div class=\"flex\"><\/div>\n<div class=\"flex items-center pb-0\"><\/div>\n<\/div>\n<\/div>\n<\/div>\n<p>&nbsp;<\/p>\n<p>&nbsp;<\/p>\n<hr \/>\n<p>&nbsp;<\/p>\n<blockquote>\n<h3><a class=\"dt-pswp-item\" href=\"https:\/\/www.radiopiu.net\/wordpress\/wp-content\/uploads\/2020\/03\/CUCCHINI.jpg\" data-dt-img-description=\"\" data-large_image_width=\"380\" data-large_image_height=\"245\"><img loading=\"lazy\" decoding=\"async\" class=\" wp-image-123337 alignleft\" src=\"https:\/\/www.radiopiu.net\/wordpress\/wp-content\/uploads\/2020\/03\/CUCCHINI-300x193.jpg\" alt=\"\" width=\"162\" height=\"104\" srcset=\"https:\/\/www.radiopiu.net\/wordpress\/wp-content\/uploads\/2020\/03\/CUCCHINI-300x193.jpg 300w, https:\/\/www.radiopiu.net\/wordpress\/wp-content\/uploads\/2020\/03\/CUCCHINI.jpg 380w\" sizes=\"auto, (max-width: 162px) 100vw, 162px\" \/><\/a>L&#8217;ATTENZIONE NELLA CURA, IL CORSO DELL&#8217;ASSOCIAZIONE CUCCHINI<\/h3>\n<\/blockquote>\n<p><strong>BELLUNO<\/strong><\/p>\n<p>DI ROBERTO BONA<\/p>\n<audio class=\"wp-audio-shortcode\" id=\"audio-412389-16\" preload=\"none\" style=\"width: 100%;\" controls=\"controls\"><source type=\"audio\/mpeg\" src=\"https:\/\/www.radiopiu.net\/wordpress\/wp-content\/uploads\/2024\/10\/BONA-lattenzione-nella-cura-dellassociazione-cucchini.mp3?_=16\" \/><a href=\"https:\/\/www.radiopiu.net\/wordpress\/wp-content\/uploads\/2024\/10\/BONA-lattenzione-nella-cura-dellassociazione-cucchini.mp3\">https:\/\/www.radiopiu.net\/wordpress\/wp-content\/uploads\/2024\/10\/BONA-lattenzione-nella-cura-dellassociazione-cucchini.mp3<\/a><\/audio>\n<p>&nbsp;<\/p>\n<hr \/>\n<p>&nbsp;<\/p>\n<blockquote>\n<h1><strong><a class=\"dt-pswp-item\" href=\"https:\/\/www.radiopiu.net\/wordpress\/wp-content\/uploads\/2024\/10\/psychosis-388874_960_720.jpg\" data-dt-img-description=\"\" data-large_image_width=\"960\" data-large_image_height=\"679\"><img loading=\"lazy\" decoding=\"async\" class=\"wp-image-412537 alignleft\" src=\"https:\/\/www.radiopiu.net\/wordpress\/wp-content\/uploads\/2024\/10\/psychosis-388874_960_720-300x212.jpg\" alt=\"\" width=\"168\" height=\"119\" srcset=\"https:\/\/www.radiopiu.net\/wordpress\/wp-content\/uploads\/2024\/10\/psychosis-388874_960_720-300x212.jpg 300w, https:\/\/www.radiopiu.net\/wordpress\/wp-content\/uploads\/2024\/10\/psychosis-388874_960_720-768x543.jpg 768w, https:\/\/www.radiopiu.net\/wordpress\/wp-content\/uploads\/2024\/10\/psychosis-388874_960_720.jpg 960w\" sizes=\"auto, (max-width: 168px) 100vw, 168px\" \/><\/a>Settimana della Salute Mentale: Iniziative e Sensibilizzazione<\/strong><\/h1>\n<\/blockquote>\n<div class=\"flex max-w-full flex-col flex-grow\">\n<div class=\"min-h-8 text-message flex w-full flex-col items-end gap-2 whitespace-normal break-words [.text-message+&amp;]:mt-5\" dir=\"auto\" data-message-author-role=\"assistant\" data-message-id=\"74414bbe-d866-4729-a484-30acf084be15\">\n<div class=\"flex w-full flex-col gap-1 empty:hidden first:pt-[3px]\">\n<div class=\"markdown prose w-full break-words dark:prose-invert dark\">\n<p><strong>BELLUNO<\/strong> Dal 5 al 13 ottobre 2024, l\u2019Ulss Dolomiti celebra la Settimana della Salute Mentale, in concomitanza con la Giornata Mondiale della Salute Mentale del 10 ottobre. L&#8217;iniziativa mira a promuovere il benessere mentale e combattere stigma e pregiudizi attraverso eventi vari, tra cui presentazioni di libri, mercatini artigianali, proiezioni di film e passeggiate. Saranno coinvolti anche utenti dei servizi di Salute Mentale e le loro famiglie. Monumenti locali saranno illuminati di verde, simbolo della salute mentale. Questa settimana rientra nel \u201cProgetto di riorganizzazione del Dipartimento di Salute Mentale\u201d dell&#8217;Ulss e ha visto il coinvolgimento di enti, associazioni e cittadini, per costruire un percorso condiviso verso una societ\u00e0 pi\u00f9 inclusiva e consapevole.<\/p>\n<\/div>\n<\/div>\n<\/div>\n<\/div>\n<div class=\"mb-2 flex gap-3 empty:hidden -ml-2\">\n<div class=\"items-center justify-start rounded-xl p-1 flex\">\n<div class=\"flex items-center\">\n<div class=\"flex items-center pb-0\">Image by <a href=\"https:\/\/pixabay.com\/users\/geralt-9301\/?utm_source=link-attribution&amp;utm_medium=referral&amp;utm_campaign=image&amp;utm_content=388874\">Gerd Altmann<\/a> from <a href=\"https:\/\/pixabay.com\/\/?utm_source=link-attribution&amp;utm_medium=referral&amp;utm_campaign=image&amp;utm_content=388874\">Pixabay<\/a><\/div>\n<\/div>\n<\/div>\n<\/div>\n<p>&nbsp;<\/p>\n<p>&nbsp;<\/p>\n<hr \/>\n<p>&nbsp;<\/p>\n<p>&nbsp;<\/p>\n<blockquote>\n<h1><strong><a class=\"dt-pswp-item\" href=\"https:\/\/www.radiopiu.net\/wordpress\/wp-content\/uploads\/2024\/10\/man-2546107_640.jpg\" data-dt-img-description=\"\" data-large_image_width=\"640\" data-large_image_height=\"182\"><img loading=\"lazy\" decoding=\"async\" class=\"size-medium wp-image-412538 alignleft\" src=\"https:\/\/www.radiopiu.net\/wordpress\/wp-content\/uploads\/2024\/10\/man-2546107_640-300x85.jpg\" alt=\"\" width=\"300\" height=\"85\" srcset=\"https:\/\/www.radiopiu.net\/wordpress\/wp-content\/uploads\/2024\/10\/man-2546107_640-300x85.jpg 300w, https:\/\/www.radiopiu.net\/wordpress\/wp-content\/uploads\/2024\/10\/man-2546107_640-350x100.jpg 350w, https:\/\/www.radiopiu.net\/wordpress\/wp-content\/uploads\/2024\/10\/man-2546107_640.jpg 640w\" sizes=\"auto, (max-width: 300px) 100vw, 300px\" \/><\/a>Strumenti per Gestire le Demenze: Nuovi Incontri del CDCD<\/strong><\/h1>\n<\/blockquote>\n<p>Il Centro per i Disturbi Cognitivi e Demenze (CDCD) dell\u2019Ulss Dolomiti avvia un ciclo di quattro incontri intitolato &#8220;Non sei solo. Strumenti per la gestione delle demenze, insieme&#8221;, rivolto a familiari e assistenti di persone con declino cognitivo. Gli incontri si terranno tutti i luned\u00ec, dal 7 al 28 ottobre 2024, dalle 18.00 alle 19.00, presso l\u2019Ospedale San Martino di Belluno. Ogni incontro affronter\u00e0 temi come la diagnosi e prevenzione del declino, la gestione dei comportamenti e il supporto alle famiglie, culminando in discussioni etiche. Per iscrizioni, contattare <a rel=\"noopener\">cdcd.fe@aulss1.veneto.it<\/a>.<\/p>\n<p>Image by <a href=\"https:\/\/pixabay.com\/users\/geralt-9301\/?utm_source=link-attribution&amp;utm_medium=referral&amp;utm_campaign=image&amp;utm_content=2546107\">Gerd Altmann<\/a> from <a href=\"https:\/\/pixabay.com\/\/?utm_source=link-attribution&amp;utm_medium=referral&amp;utm_campaign=image&amp;utm_content=2546107\">Pixabay<\/a><\/p>\n<p>&nbsp;<\/p>\n<hr \/>\n<p>&nbsp;<\/p>\n<blockquote>\n<h1><strong><a class=\"dt-pswp-item\" href=\"https:\/\/www.radiopiu.net\/wordpress\/wp-content\/uploads\/2024\/10\/baby-4329810_640.jpg\" data-dt-img-description=\"\" data-large_image_width=\"640\" data-large_image_height=\"360\"><img loading=\"lazy\" decoding=\"async\" class=\" wp-image-412539 alignleft\" src=\"https:\/\/www.radiopiu.net\/wordpress\/wp-content\/uploads\/2024\/10\/baby-4329810_640-300x169.jpg\" alt=\"\" width=\"178\" height=\"100\" srcset=\"https:\/\/www.radiopiu.net\/wordpress\/wp-content\/uploads\/2024\/10\/baby-4329810_640-300x169.jpg 300w, https:\/\/www.radiopiu.net\/wordpress\/wp-content\/uploads\/2024\/10\/baby-4329810_640.jpg 640w\" sizes=\"auto, (max-width: 178px) 100vw, 178px\" \/><\/a>Settimana Allattamento Materno 2024: Un Villaggio per Crescere Insieme<\/strong><\/h1>\n<\/blockquote>\n<p><strong>BELLUNO<\/strong> In occasione della Settimana Allattamento Materno (SAM) 2024, l\u2019Ulss Dolomiti organizza eventi per sensibilizzare la comunit\u00e0 sull\u2019importanza del sostegno durante l\u2019allattamento. Con la partecipazione di Ostetricia e Ginecologia di Belluno, Feltre e Pieve di Cadore, Pediatrie, Consultori e UNICEF Belluno, gli incontri si terranno dal 7 al 14 ottobre 2024. Temi trattati includeranno il contatto pelle a pelle, l&#8217;uso della fascia e lo sviluppo del linguaggio. Gli eventi si svolgeranno in diverse sedi e coinvolgeranno professionisti del settore e neomamme, con attivit\u00e0 pratiche e momenti di condivisione per promuovere legami affettivi e salute.<\/p>\n<p>Image by <a href=\"https:\/\/pixabay.com\/users\/darkside-550-945237\/?utm_source=link-attribution&amp;utm_medium=referral&amp;utm_campaign=image&amp;utm_content=4329810\">Candelario Gomez Lopez<\/a> from <a href=\"https:\/\/pixabay.com\/\/?utm_source=link-attribution&amp;utm_medium=referral&amp;utm_campaign=image&amp;utm_content=4329810\">Pixabay\u00a0<\/a><\/p>\n<p>&nbsp;<\/p>\n<hr \/>\n<p>&nbsp;<\/p>\n<blockquote>\n<h2>QUANDO IL NIPOTE RICORDA, MOSTRAMI IL PASSATO: UN MUSEO NELLA VECCHIA STALLA<\/h2>\n<\/blockquote>\n<p><strong>DI GIANNI SANTOMASO<\/strong><\/p>\n<p><strong><a class=\"dt-pswp-item\" href=\"https:\/\/www.radiopiu.net\/wordpress\/wp-content\/uploads\/2024\/10\/FRASSENE-AGORDINO-Bepi2-Della-Lucia-orghen.jpg\" data-dt-img-description=\"\" data-large_image_width=\"984\" data-large_image_height=\"984\"><img loading=\"lazy\" decoding=\"async\" class=\" wp-image-412395 alignleft\" src=\"https:\/\/www.radiopiu.net\/wordpress\/wp-content\/uploads\/2024\/10\/FRASSENE-AGORDINO-Bepi2-Della-Lucia-orghen-300x300.jpg\" alt=\"\" width=\"116\" height=\"116\" srcset=\"https:\/\/www.radiopiu.net\/wordpress\/wp-content\/uploads\/2024\/10\/FRASSENE-AGORDINO-Bepi2-Della-Lucia-orghen-300x300.jpg 300w, https:\/\/www.radiopiu.net\/wordpress\/wp-content\/uploads\/2024\/10\/FRASSENE-AGORDINO-Bepi2-Della-Lucia-orghen-150x150.jpg 150w, https:\/\/www.radiopiu.net\/wordpress\/wp-content\/uploads\/2024\/10\/FRASSENE-AGORDINO-Bepi2-Della-Lucia-orghen-768x768.jpg 768w, https:\/\/www.radiopiu.net\/wordpress\/wp-content\/uploads\/2024\/10\/FRASSENE-AGORDINO-Bepi2-Della-Lucia-orghen.jpg 984w\" sizes=\"auto, (max-width: 116px) 100vw, 116px\" \/><\/a>VOLTAGO<\/strong>. \u00c8 in sostanza un piccolo museo etnografico, comprendente moltissimi oggetti antichi, indispensabili per la vita nel \u2018900 nei nostri paesi ,ma non solo, che sar\u00e0 inaugurato, con il patrocinio dell\u2019Amministrazione comunale di Voltago, oggi alle 15, in via Costa dall\u2019Acqua, n.16. Una mostra permanente, anche con video riassuntivo e spiegazione dei vari utensili e accessori esposti, che potr\u00e0 essere visitata da tutti pure sul sito internet https:\/\/www.mostrabepiorghen.com\/ realizzato ad hoc e aperta al pubblico contattando l\u2019indirizzo mail: info@mostrabepiorghen.com<br \/>\n\u00abE? un tributo affettuoso al nonno Bepi, e al mondo incantevole situato tra le maestose vette dell\u2019Agordino\u00bb, spiega Giovanni, \u00abuna testimonianza delle esperienze e delle storie che hanno tessuto la storia della nostra vita familiare, un omaggio alla resilienza, alla passione e all\u2019amore che hanno caratterizzato le vite dei nonni Bepi e Maria<\/p>\n<p>&nbsp;<\/p>\n<p>&nbsp;<\/p>\n<p>&nbsp;<\/p>\n<hr \/>\n<p>&nbsp;<\/p>\n<blockquote>\n<h3>RIVA L&#8217;OKTOBERFEST A RIVAMONTE&#8230;CON DOLOMITI BEER &amp; WINE BEER DI TAIBON<\/h3>\n<\/blockquote>\n<p><strong><a class=\"dt-pswp-item\" href=\"https:\/\/www.radiopiu.net\/wordpress\/wp-content\/uploads\/2024\/10\/5e470011-d042-4192-b606-8c06db8b3a37.jpg\" data-dt-img-description=\"\" data-large_image_width=\"1153\" data-large_image_height=\"1600\"><img loading=\"lazy\" decoding=\"async\" class=\" wp-image-411999 alignleft\" src=\"https:\/\/www.radiopiu.net\/wordpress\/wp-content\/uploads\/2024\/10\/5e470011-d042-4192-b606-8c06db8b3a37-216x300.jpg\" alt=\"\" width=\"114\" height=\"158\" srcset=\"https:\/\/www.radiopiu.net\/wordpress\/wp-content\/uploads\/2024\/10\/5e470011-d042-4192-b606-8c06db8b3a37-216x300.jpg 216w, https:\/\/www.radiopiu.net\/wordpress\/wp-content\/uploads\/2024\/10\/5e470011-d042-4192-b606-8c06db8b3a37-738x1024.jpg 738w, https:\/\/www.radiopiu.net\/wordpress\/wp-content\/uploads\/2024\/10\/5e470011-d042-4192-b606-8c06db8b3a37-768x1066.jpg 768w, https:\/\/www.radiopiu.net\/wordpress\/wp-content\/uploads\/2024\/10\/5e470011-d042-4192-b606-8c06db8b3a37-1107x1536.jpg 1107w, https:\/\/www.radiopiu.net\/wordpress\/wp-content\/uploads\/2024\/10\/5e470011-d042-4192-b606-8c06db8b3a37.jpg 1153w\" sizes=\"auto, (max-width: 114px) 100vw, 114px\" \/><\/a>RIVAMONTE<\/strong> Conto alla rovescia per la quarta edizione di &#8220;Riva L&#8217;Oktoberfest&#8221; a Rivamonte. Anche quest&#8217;anno la Pro Loco di Rivamonte ha messo a disposizione il tendone riscaldato per festeggiare la festa della birra. Sar\u00e0 Dolomiti Beer &amp; Wine Shop di Taibon a fornire la tipica birra bavarese e tutto il necessario per offrire al pubblico una birra perfetta. L&#8217;evento del weekend, dall&#8217;11 al 13 ottobre, promette tre giornate di divertimento e ottimo cibo in stile bavarese. Venerd\u00ec si inizia con un Happy Hour accompagnato dalla musica live della Sritz Band. Sabato sar\u00e0 dedicato ai piatti bavaresi e alla musica Oberkrainer con il Koa Quintett, seguito da un DJ set. Domenica ci saranno esposizioni, dimostrazioni e il gran finale con la porchetta. Durante tutto il weekend, saranno serviti piatti tradizionali come stinco, wurstel, crauti, canederli e spatzle, accompagnati da birra fresca in bicchieri da mezzo litro. Il tendone riscaldato garantisce un&#8217;atmosfera accogliente, e chi indossa abiti tirolesi \u00e8 il benvenuto.<\/p>\n<p>&nbsp;<\/p>\n<p><a class=\"dt-pswp-item\" href=\"https:\/\/www.radiopiu.net\/wordpress\/wp-content\/uploads\/2024\/10\/2e5c4358-ded0-46a3-b586-f0dc161e2eb2.jpg\" data-dt-img-description=\"\" data-large_image_width=\"1024\" data-large_image_height=\"1024\"><img loading=\"lazy\" decoding=\"async\" class=\"alignnone size-medium wp-image-411997\" src=\"https:\/\/www.radiopiu.net\/wordpress\/wp-content\/uploads\/2024\/10\/2e5c4358-ded0-46a3-b586-f0dc161e2eb2-300x300.jpg\" alt=\"\" width=\"300\" height=\"300\" srcset=\"https:\/\/www.radiopiu.net\/wordpress\/wp-content\/uploads\/2024\/10\/2e5c4358-ded0-46a3-b586-f0dc161e2eb2-300x300.jpg 300w, https:\/\/www.radiopiu.net\/wordpress\/wp-content\/uploads\/2024\/10\/2e5c4358-ded0-46a3-b586-f0dc161e2eb2-150x150.jpg 150w, https:\/\/www.radiopiu.net\/wordpress\/wp-content\/uploads\/2024\/10\/2e5c4358-ded0-46a3-b586-f0dc161e2eb2-768x768.jpg 768w, https:\/\/www.radiopiu.net\/wordpress\/wp-content\/uploads\/2024\/10\/2e5c4358-ded0-46a3-b586-f0dc161e2eb2.jpg 1024w\" sizes=\"auto, (max-width: 300px) 100vw, 300px\" \/><\/a><a class=\"dt-pswp-item\" href=\"https:\/\/www.radiopiu.net\/wordpress\/wp-content\/uploads\/2024\/10\/aeb178f8-5bb0-4e08-8228-844f27fd0e9e.jpg\" data-dt-img-description=\"\" data-large_image_width=\"1600\" data-large_image_height=\"1600\"><img loading=\"lazy\" decoding=\"async\" class=\"alignnone size-medium wp-image-411998\" src=\"https:\/\/www.radiopiu.net\/wordpress\/wp-content\/uploads\/2024\/10\/aeb178f8-5bb0-4e08-8228-844f27fd0e9e-300x300.jpg\" alt=\"\" width=\"300\" height=\"300\" srcset=\"https:\/\/www.radiopiu.net\/wordpress\/wp-content\/uploads\/2024\/10\/aeb178f8-5bb0-4e08-8228-844f27fd0e9e-300x300.jpg 300w, https:\/\/www.radiopiu.net\/wordpress\/wp-content\/uploads\/2024\/10\/aeb178f8-5bb0-4e08-8228-844f27fd0e9e-1024x1024.jpg 1024w, https:\/\/www.radiopiu.net\/wordpress\/wp-content\/uploads\/2024\/10\/aeb178f8-5bb0-4e08-8228-844f27fd0e9e-150x150.jpg 150w, https:\/\/www.radiopiu.net\/wordpress\/wp-content\/uploads\/2024\/10\/aeb178f8-5bb0-4e08-8228-844f27fd0e9e-768x768.jpg 768w, https:\/\/www.radiopiu.net\/wordpress\/wp-content\/uploads\/2024\/10\/aeb178f8-5bb0-4e08-8228-844f27fd0e9e-1536x1536.jpg 1536w, https:\/\/www.radiopiu.net\/wordpress\/wp-content\/uploads\/2024\/10\/aeb178f8-5bb0-4e08-8228-844f27fd0e9e.jpg 1600w\" sizes=\"auto, (max-width: 300px) 100vw, 300px\" \/><\/a><\/p>\n<p>&nbsp;<\/p>\n<hr \/>\n<p>&nbsp;<\/p>\n<blockquote>\n<h2>OGGI AL &#8220;MONSIGNOR SAVIO&#8221; IL TEATRO DI FAORO<\/h2>\n<\/blockquote>\n<p><strong>AGORDO<\/strong>. \u201cL\u2019albergo dei Nevrastenici\u201d, spettacolo comico liberamente tratto da un\u2019opera di Gino Rocca, sar\u00e0 portato in scena oggi alle ore 20.30, all\u2019Auditorium \u201cMonsignor Vincenzo Savio\u201d di Agordo. Lo propone \u201cTeatro del cuore\u201d, l\u2019affermata compagnia feltrina, per la regia e drammaturgia del suo presidente e noto attore Roberto Faoro. Entrata a offerta libera.<\/p>\n<p><a class=\"dt-pswp-item\" href=\"https:\/\/www.radiopiu.net\/wordpress\/wp-content\/uploads\/2024\/10\/AGORDO-Scena-de-Lalbergo-dei-nevrastenici.jpg\" data-dt-img-description=\"\" data-large_image_width=\"880\" data-large_image_height=\"880\"><img loading=\"lazy\" decoding=\"async\" class=\"size-medium wp-image-412393 aligncenter\" src=\"https:\/\/www.radiopiu.net\/wordpress\/wp-content\/uploads\/2024\/10\/AGORDO-Scena-de-Lalbergo-dei-nevrastenici-300x300.jpg\" alt=\"\" width=\"300\" height=\"300\" srcset=\"https:\/\/www.radiopiu.net\/wordpress\/wp-content\/uploads\/2024\/10\/AGORDO-Scena-de-Lalbergo-dei-nevrastenici-300x300.jpg 300w, https:\/\/www.radiopiu.net\/wordpress\/wp-content\/uploads\/2024\/10\/AGORDO-Scena-de-Lalbergo-dei-nevrastenici-150x150.jpg 150w, https:\/\/www.radiopiu.net\/wordpress\/wp-content\/uploads\/2024\/10\/AGORDO-Scena-de-Lalbergo-dei-nevrastenici-768x768.jpg 768w, https:\/\/www.radiopiu.net\/wordpress\/wp-content\/uploads\/2024\/10\/AGORDO-Scena-de-Lalbergo-dei-nevrastenici.jpg 880w\" sizes=\"auto, (max-width: 300px) 100vw, 300px\" \/>\u00a0<\/a><\/p>\n<p>&nbsp;<\/p>\n<hr \/>\n<p>&nbsp;<\/p>\n<blockquote>\n<h3><strong><a class=\"dt-pswp-item\" href=\"https:\/\/www.radiopiu.net\/wordpress\/wp-content\/uploads\/2024\/10\/Senza-nome-19.png\" data-dt-img-description=\"\" data-large_image_width=\"438\" data-large_image_height=\"381\"><img loading=\"lazy\" decoding=\"async\" class=\" wp-image-412527 alignleft\" src=\"https:\/\/www.radiopiu.net\/wordpress\/wp-content\/uploads\/2024\/10\/Senza-nome-19-300x261.png\" alt=\"\" width=\"152\" height=\"132\" srcset=\"https:\/\/www.radiopiu.net\/wordpress\/wp-content\/uploads\/2024\/10\/Senza-nome-19-300x261.png 300w, https:\/\/www.radiopiu.net\/wordpress\/wp-content\/uploads\/2024\/10\/Senza-nome-19.png 438w\" sizes=\"auto, (max-width: 152px) 100vw, 152px\" \/><\/a>Alvaro Dal Farra: Un\u2019Estate di Successi e Attivit\u00e0 Intense<\/strong><\/h3>\n<\/blockquote>\n<p><strong>BELLUNO<\/strong> Periodo di grande impegno per Alvaro Dal Farra, che ha partecipato e organizzato eventi significativi nei mesi di giugno, luglio, agosto e settembre. La sua attivit\u00e0 si \u00e8 concentrata su spettacoli di Freestyle Motocross (FMX), stunt riding, coaching e mototerapia a Padova Trebaseleghe,\u00a0 Ambr\u00ec (Svizzera)\u00a0 \u00a0Desulo (Sardegna)\u00a0 Misano &#8211; FMX show e Mototerapia,\u00a0 Godega Sant\u2019Urbano &#8211; FMX, Stunt e Urban show Alvaro ha anche gestito una scuola di salto e mental coaching, contribuendo alla crescita di giovani piloti. Il Super Park Summer Camp ha visto oltre 25 partecipanti migliorare le loro abilit\u00e0. Alvaro continua a collaborare con partner e tester di prodotti motociclistici, restando sempre attivo nel supporto agli atleti. Per aggiornamenti, \u00e8 possibile contattarlo direttamente.<\/p>\n<p>&nbsp;<\/p>\n<p>&nbsp;<\/p>\n<p>&nbsp;<\/p>\n<hr \/>\n<p>&nbsp;<\/p>\n<blockquote>\n<h3>OLTRE LE VETTE 2024: A BELLUNO DAL 4 AL 13 OTTOBRE<\/h3>\n<\/blockquote>\n<p><strong><a class=\"dt-pswp-item\" href=\"https:\/\/www.radiopiu.net\/wordpress\/wp-content\/uploads\/2021\/05\/TEATRO-COMUNALE-BELLUNO.jpg\" data-dt-img-description=\"\" data-large_image_width=\"550\" data-large_image_height=\"435\"><img loading=\"lazy\" decoding=\"async\" class=\" wp-image-212942 alignleft\" src=\"https:\/\/www.radiopiu.net\/wordpress\/wp-content\/uploads\/2021\/05\/TEATRO-COMUNALE-BELLUNO-300x237.jpg\" alt=\"\" width=\"194\" height=\"153\" srcset=\"https:\/\/www.radiopiu.net\/wordpress\/wp-content\/uploads\/2021\/05\/TEATRO-COMUNALE-BELLUNO-300x237.jpg 300w, https:\/\/www.radiopiu.net\/wordpress\/wp-content\/uploads\/2021\/05\/TEATRO-COMUNALE-BELLUNO.jpg 550w\" sizes=\"auto, (max-width: 194px) 100vw, 194px\" \/><\/a>DI MIRKO MEZZACASA<\/strong><\/p>\n<p>OSPITE: Valentina Ciprian<\/p>\n<audio class=\"wp-audio-shortcode\" id=\"audio-412389-17\" preload=\"none\" style=\"width: 100%;\" controls=\"controls\"><source type=\"audio\/mpeg\" src=\"https:\/\/www.radiopiu.net\/wordpress\/wp-content\/uploads\/2024\/10\/VALENTINA-CIPRIAN-OLTRE-LE-VETTE.mp3?_=17\" \/><a href=\"https:\/\/www.radiopiu.net\/wordpress\/wp-content\/uploads\/2024\/10\/VALENTINA-CIPRIAN-OLTRE-LE-VETTE.mp3\">https:\/\/www.radiopiu.net\/wordpress\/wp-content\/uploads\/2024\/10\/VALENTINA-CIPRIAN-OLTRE-LE-VETTE.mp3<\/a><\/audio>\n<p>&nbsp;<\/p>\n<p>&nbsp;<\/p>\n<hr \/>\n<p>&nbsp;<\/p>\n<div class=\"flex max-w-full flex-col flex-grow\">\n<div class=\"min-h-8 text-message flex w-full flex-col items-end gap-2 whitespace-normal break-words [.text-message+&amp;]:mt-5\" dir=\"auto\" data-message-author-role=\"assistant\" data-message-id=\"fdef4867-37be-40c3-b7e8-a66f67773ec4\">\n<div class=\"flex w-full flex-col gap-1 empty:hidden first:pt-[3px]\">\n<div class=\"group\/conversation-turn relative flex w-full min-w-0 flex-col agent-turn\">\n<div class=\"flex-col gap-1 md:gap-3\">\n<div class=\"flex max-w-full flex-col flex-grow\">\n<div class=\"min-h-8 text-message flex w-full flex-col items-end gap-2 whitespace-normal break-words [.text-message+&amp;]:mt-5\" dir=\"auto\" data-message-author-role=\"assistant\" data-message-id=\"4b0e4a52-fd67-493b-9b21-8b4abf75135c\">\n<div class=\"flex w-full flex-col gap-1 empty:hidden first:pt-[3px]\">\n<div class=\"markdown prose w-full break-words dark:prose-invert dark\">\n<blockquote><p><strong>Oltre le Vette: Rassegna di Libri e Montagna a Palazzo Bembo<\/strong><\/p><\/blockquote>\n<p><strong>BELLUNO<\/strong> La Sala dell\u2019Affresco di Palazzo Bembo a Belluno sar\u00e0 il cuore della rassegna letteraria &#8220;Oltre le Vette&#8221;, dedicata ai libri sulla montagna. L\u2019evento, che ha visto centinaia di opere presentate nel corso degli anni, continua anche quest&#8217;anno con appuntamenti importanti. Sabato 5 ottobre, Caterina De Boni aprir\u00e0 la rassegna con il libro <em>A passo di pecora<\/em>, seguito da altre presentazioni di autori e opere legate all\u2019alpinismo, alla natura e alla cultura delle montagne. L\u2019ingresso \u00e8 libero.<\/p>\n<\/div>\n<\/div>\n<\/div>\n<\/div>\n<\/div>\n<\/div>\n<p><a class=\"dt-pswp-item\" href=\"https:\/\/www.radiopiu.net\/wordpress\/wp-content\/uploads\/2024\/10\/caterinadeboni.jpeg\" data-dt-img-description=\"\" data-large_image_width=\"675\" data-large_image_height=\"1200\"><img loading=\"lazy\" decoding=\"async\" class=\"alignnone wp-image-412151\" src=\"https:\/\/www.radiopiu.net\/wordpress\/wp-content\/uploads\/2024\/10\/caterinadeboni-169x300.jpeg\" alt=\"\" width=\"92\" height=\"164\" srcset=\"https:\/\/www.radiopiu.net\/wordpress\/wp-content\/uploads\/2024\/10\/caterinadeboni-169x300.jpeg 169w, https:\/\/www.radiopiu.net\/wordpress\/wp-content\/uploads\/2024\/10\/caterinadeboni-576x1024.jpeg 576w, https:\/\/www.radiopiu.net\/wordpress\/wp-content\/uploads\/2024\/10\/caterinadeboni.jpeg 675w\" sizes=\"auto, (max-width: 92px) 100vw, 92px\" \/><\/a><a class=\"dt-pswp-item\" href=\"https:\/\/www.radiopiu.net\/wordpress\/wp-content\/uploads\/2024\/10\/danielezovi.jpg\" data-dt-img-description=\"\" data-large_image_width=\"1280\" data-large_image_height=\"720\"><img loading=\"lazy\" decoding=\"async\" class=\"alignnone size-medium wp-image-412152\" src=\"https:\/\/www.radiopiu.net\/wordpress\/wp-content\/uploads\/2024\/10\/danielezovi-300x169.jpg\" alt=\"\" width=\"300\" height=\"169\" srcset=\"https:\/\/www.radiopiu.net\/wordpress\/wp-content\/uploads\/2024\/10\/danielezovi-300x169.jpg 300w, https:\/\/www.radiopiu.net\/wordpress\/wp-content\/uploads\/2024\/10\/danielezovi-1024x576.jpg 1024w, https:\/\/www.radiopiu.net\/wordpress\/wp-content\/uploads\/2024\/10\/danielezovi-768x432.jpg 768w, https:\/\/www.radiopiu.net\/wordpress\/wp-content\/uploads\/2024\/10\/danielezovi.jpg 1280w\" sizes=\"auto, (max-width: 300px) 100vw, 300px\" \/><\/a><a class=\"dt-pswp-item\" href=\"https:\/\/www.radiopiu.net\/wordpress\/wp-content\/uploads\/2024\/10\/stefanogavaconmiottoebee-scaled.jpg\" data-dt-img-description=\"\" data-large_image_width=\"2560\" data-large_image_height=\"1707\"><img loading=\"lazy\" decoding=\"async\" class=\"alignnone wp-image-412153\" src=\"https:\/\/www.radiopiu.net\/wordpress\/wp-content\/uploads\/2024\/10\/stefanogavaconmiottoebee-300x200.jpg\" alt=\"\" width=\"251\" height=\"167\" srcset=\"https:\/\/www.radiopiu.net\/wordpress\/wp-content\/uploads\/2024\/10\/stefanogavaconmiottoebee-300x200.jpg 300w, https:\/\/www.radiopiu.net\/wordpress\/wp-content\/uploads\/2024\/10\/stefanogavaconmiottoebee-1024x683.jpg 1024w, https:\/\/www.radiopiu.net\/wordpress\/wp-content\/uploads\/2024\/10\/stefanogavaconmiottoebee-768x512.jpg 768w, https:\/\/www.radiopiu.net\/wordpress\/wp-content\/uploads\/2024\/10\/stefanogavaconmiottoebee-1536x1024.jpg 1536w, https:\/\/www.radiopiu.net\/wordpress\/wp-content\/uploads\/2024\/10\/stefanogavaconmiottoebee-2048x1365.jpg 2048w\" sizes=\"auto, (max-width: 251px) 100vw, 251px\" \/><\/a><\/p>\n<\/div>\n<\/div>\n<\/div>\n<p>&nbsp;<\/p>\n<hr \/>\n<p>&nbsp;<\/p>\n<blockquote>\n<h3>&#8220;IL PERCORSO DEL GUSTO&#8221; ALLA FIERA MIG 2024<\/h3>\n<\/blockquote>\n<p><strong><a class=\"dt-pswp-item\" href=\"https:\/\/www.radiopiu.net\/wordpress\/wp-content\/uploads\/2024\/10\/MIG_Longarone-180.jpg\" data-dt-img-description=\"\" data-large_image_width=\"1756\" data-large_image_height=\"1280\"><img loading=\"lazy\" decoding=\"async\" class=\" wp-image-412614 alignleft\" src=\"https:\/\/www.radiopiu.net\/wordpress\/wp-content\/uploads\/2024\/10\/MIG_Longarone-180-300x219.jpg\" alt=\"\" width=\"194\" height=\"142\" srcset=\"https:\/\/www.radiopiu.net\/wordpress\/wp-content\/uploads\/2024\/10\/MIG_Longarone-180-300x219.jpg 300w, https:\/\/www.radiopiu.net\/wordpress\/wp-content\/uploads\/2024\/10\/MIG_Longarone-180-1024x746.jpg 1024w, https:\/\/www.radiopiu.net\/wordpress\/wp-content\/uploads\/2024\/10\/MIG_Longarone-180-768x560.jpg 768w, https:\/\/www.radiopiu.net\/wordpress\/wp-content\/uploads\/2024\/10\/MIG_Longarone-180-1536x1120.jpg 1536w, https:\/\/www.radiopiu.net\/wordpress\/wp-content\/uploads\/2024\/10\/MIG_Longarone-180.jpg 1756w\" sizes=\"auto, (max-width: 194px) 100vw, 194px\" \/><\/a>LONGARONE <\/strong>Dal 23 al 25 novembre 2024, la Mostra Internazionale del Gelato Artigianale (MIG) di Longarone celebrer\u00e0 la sua 64\u00aa edizione con un evento speciale: &#8220;Il Percorso del Gusto&#8221;. Questa esperienza coinvolger\u00e0 24 Maestri Gelatieri italiani e internazionali, che presenteranno gusti unici ispirati ai loro territori e ai valori di naturalit\u00e0, qualit\u00e0, sostenibilit\u00e0 ed etica. I visitatori riceveranno una tessera per degustare 12 gelati lungo il percorso e potranno acquistare ulteriori assaggi per scoprire tutte le 24 creazioni. L&#8217;evento \u00e8 un viaggio sensoriale che unisce innovazione e tradizione, e rappresenta una celebrazione della biodiversit\u00e0 e delle eccellenze culinarie mondiali attraverso il gelato. Le iscrizioni per i gelatieri sono aperte fino al 10 ottobre 2024 sul sito ufficiale della fiera.<\/p>\n<p>&nbsp;<\/p>\n<p>&nbsp;<\/p>\n<hr \/>\n<p>&nbsp;<\/p>\n<div align=\"center\"><b><i><a class=\"dt-pswp-item\" href=\"https:\/\/www.radiopiu.net\/wordpress\/wp-content\/uploads\/2024\/10\/book-283251_640.jpg\" data-dt-img-description=\"\" data-large_image_width=\"640\" data-large_image_height=\"428\"><img loading=\"lazy\" decoding=\"async\" class=\" wp-image-412154 alignleft\" src=\"https:\/\/www.radiopiu.net\/wordpress\/wp-content\/uploads\/2024\/10\/book-283251_640-300x201.jpg\" alt=\"\" width=\"188\" height=\"126\" srcset=\"https:\/\/www.radiopiu.net\/wordpress\/wp-content\/uploads\/2024\/10\/book-283251_640-300x201.jpg 300w, https:\/\/www.radiopiu.net\/wordpress\/wp-content\/uploads\/2024\/10\/book-283251_640.jpg 640w\" sizes=\"auto, (max-width: 188px) 100vw, 188px\" \/><\/a>Domenica di carta 2024 (13 ottobre)<\/i><\/b><\/div>\n<p><strong>BELLUNO<\/strong> Per celebrare i 50 anni dell&#8217;Archivio di Stato di Belluno, sar\u00e0 allestita una mostra &#8220;pluritematica&#8221; con documenti dalle mostre pi\u00f9 rilevanti del passato. L&#8217;evento avr\u00e0 luogo domenica 13 ottobre dalle 9 alle 13, con ingresso gratuito.<\/p>\n<p>&nbsp;<\/p>\n<p>&nbsp;<\/p>\n<p>&nbsp;<\/p>\n<hr \/>\n<h3><span style=\"font-size: 14px; font-weight: normal;\">\u00a0\u00a0<\/span><\/h3>\n<blockquote>\n<h3>A SOSPIROLO LO SPETTACOLO L&#8217;ARIA SA DI TEMPESTA<\/h3>\n<\/blockquote>\n<p><strong>SOSPIROLO<\/strong><\/p>\n<p>DI ROBERTO BONA<\/p>\n<audio class=\"wp-audio-shortcode\" id=\"audio-412389-18\" preload=\"none\" style=\"width: 100%;\" controls=\"controls\"><source type=\"audio\/mpeg\" src=\"https:\/\/www.radiopiu.net\/wordpress\/wp-content\/uploads\/2024\/10\/BONA-A-SOSPIROLO-LO-SPETTACOLO-LARIA-SA-DI-TEMPESTA-SCADENZA-5-OTTOBRE.mp3?_=18\" \/><a href=\"https:\/\/www.radiopiu.net\/wordpress\/wp-content\/uploads\/2024\/10\/BONA-A-SOSPIROLO-LO-SPETTACOLO-LARIA-SA-DI-TEMPESTA-SCADENZA-5-OTTOBRE.mp3\">https:\/\/www.radiopiu.net\/wordpress\/wp-content\/uploads\/2024\/10\/BONA-A-SOSPIROLO-LO-SPETTACOLO-LARIA-SA-DI-TEMPESTA-SCADENZA-5-OTTOBRE.mp3<\/a><\/audio>\n<p>&nbsp;<\/p>\n<hr \/>\n<p><span style=\"color: #ff6600;\">\u00a0<\/span><\/p>\n<h2><span style=\"color: #ff6600;\">IERI ALLA RADIO\u00a0\u00a0<\/span><\/h2>\n<p>&nbsp;<\/p>\n<h1><span style=\"color: #000000;\">\u00a0&#8220;DINTORN E FORA VIA&#8221;\u00a0 IL PROGRAMMA\u00a0 A CURA DEL MUSLA\u00a0\u00a0<strong>\u00a0 \u00a0<\/strong><\/span><\/h1>\n<h1 style=\"text-align: center;\"><span style=\"color: #ff0000;\">\u00a0<\/span><\/h1>\n<h1 style=\"text-align: center;\"><span style=\"color: #ff0000;\">TERZO\u00a0 ANNO\u00a0 \u00a02024\u00a0<\/span><\/h1>\n<p><strong><a class=\"dt-pswp-item\" href=\"https:\/\/www.radiopiu.net\/wordpress\/wp-content\/uploads\/2023\/10\/GIORNALE-QUOTIDIANO.jpg\" data-dt-img-description=\"\" data-large_image_width=\"1280\" data-large_image_height=\"853\"><img loading=\"lazy\" decoding=\"async\" class=\" wp-image-356264 alignleft\" src=\"https:\/\/www.radiopiu.net\/wordpress\/wp-content\/uploads\/2023\/10\/GIORNALE-QUOTIDIANO-300x200.jpg\" alt=\"\" width=\"150\" height=\"100\" srcset=\"https:\/\/www.radiopiu.net\/wordpress\/wp-content\/uploads\/2023\/10\/GIORNALE-QUOTIDIANO-300x200.jpg 300w, https:\/\/www.radiopiu.net\/wordpress\/wp-content\/uploads\/2023\/10\/GIORNALE-QUOTIDIANO-1024x682.jpg 1024w, https:\/\/www.radiopiu.net\/wordpress\/wp-content\/uploads\/2023\/10\/GIORNALE-QUOTIDIANO-768x512.jpg 768w, https:\/\/www.radiopiu.net\/wordpress\/wp-content\/uploads\/2023\/10\/GIORNALE-QUOTIDIANO.jpg 1280w\" sizes=\"auto, (max-width: 150px) 100vw, 150px\" \/><\/a>PUNTATA DEL 04 OTTOBRE CHIARA FRENA\u00a0<\/strong><\/p>\n<audio class=\"wp-audio-shortcode\" id=\"audio-412389-19\" preload=\"none\" style=\"width: 100%;\" controls=\"controls\"><source type=\"audio\/mpeg\" src=\"https:\/\/www.radiopiu.net\/wordpress\/wp-content\/uploads\/2024\/10\/MUSLA-1.mp3?_=19\" \/><a href=\"https:\/\/www.radiopiu.net\/wordpress\/wp-content\/uploads\/2024\/10\/MUSLA-1.mp3\">https:\/\/www.radiopiu.net\/wordpress\/wp-content\/uploads\/2024\/10\/MUSLA-1.mp3<\/a><\/audio>\n<p>&nbsp;<\/p>\n<p>&nbsp;<\/p>\n<hr \/>\n<h1 style=\"text-align: center;\"><\/h1>\n<p>&nbsp;<\/p>\n<p>&nbsp;<\/p>\n<blockquote>\n<h1>VERSO LA CIOK VEDELER, TERZA DELLE 6 TAPPE DELLA VERTICAL FIEMME-FASSA-BIOIS<\/h1>\n<\/blockquote>\n<p>DI MATTIA VALENTINI<\/p>\n<p><a class=\"dt-pswp-item\" href=\"https:\/\/www.radiopiu.net\/wordpress\/wp-content\/uploads\/2024\/09\/Senza-nome-78.png\" data-dt-img-description=\"\" data-large_image_width=\"432\" data-large_image_height=\"77\"><img loading=\"lazy\" decoding=\"async\" class=\"aligncenter wp-image-411961 size-medium\" src=\"https:\/\/www.radiopiu.net\/wordpress\/wp-content\/uploads\/2024\/09\/Senza-nome-78-300x53.png\" alt=\"\" width=\"300\" height=\"53\" srcset=\"https:\/\/www.radiopiu.net\/wordpress\/wp-content\/uploads\/2024\/09\/Senza-nome-78-300x53.png 300w, https:\/\/www.radiopiu.net\/wordpress\/wp-content\/uploads\/2024\/09\/Senza-nome-78.png 432w\" sizes=\"auto, (max-width: 300px) 100vw, 300px\" \/><\/a><\/p>\n<p><strong>TERZA PUNTATA<\/strong> &#8220;VK &#8211; FFB Il P odcast dedicato al Ciok Vedeler del 5 ottobre a Soraga, terza tappa del circuito VERTICAL FFB<\/p>\n<audio class=\"wp-audio-shortcode\" id=\"audio-412389-20\" preload=\"none\" style=\"width: 100%;\" controls=\"controls\"><source type=\"audio\/mpeg\" src=\"https:\/\/www.radiopiu.net\/wordpress\/wp-content\/uploads\/2024\/09\/VK-Ciok-Vedeler-Il-Podcast.mp3?_=20\" \/><a href=\"https:\/\/www.radiopiu.net\/wordpress\/wp-content\/uploads\/2024\/09\/VK-Ciok-Vedeler-Il-Podcast.mp3\">https:\/\/www.radiopiu.net\/wordpress\/wp-content\/uploads\/2024\/09\/VK-Ciok-Vedeler-Il-Podcast.mp3<\/a><\/audio>\n<p><a class=\"dt-pswp-item\" href=\"https:\/\/www.radiopiu.net\/wordpress\/wp-content\/uploads\/2024\/09\/Senza-nome-79.png\" data-dt-img-description=\"\" data-large_image_width=\"440\" data-large_image_height=\"77\">\u00a0<\/a><\/p>\n<p>&nbsp;<\/p>\n<hr \/>\n<p>&nbsp;<\/p>\n<p>&nbsp;<\/p>\n<blockquote>\n<h1>&#8230;QUANDO IL VINO RACCONTA. il nuovo format alla radio<\/h1>\n<\/blockquote>\n<p>&nbsp;<\/p>\n<p><strong><a class=\"dt-pswp-item\" href=\"https:\/\/www.radiopiu.net\/wordpress\/wp-content\/uploads\/2024\/06\/Senza-nome-87.png\" data-dt-img-description=\"\" data-large_image_width=\"638\" data-large_image_height=\"350\"><img loading=\"lazy\" decoding=\"async\" class=\" wp-image-412307 alignleft\" src=\"https:\/\/www.radiopiu.net\/wordpress\/wp-content\/uploads\/2024\/06\/Senza-nome-87-300x165.png\" alt=\"\" width=\"215\" height=\"118\" srcset=\"https:\/\/www.radiopiu.net\/wordpress\/wp-content\/uploads\/2024\/06\/Senza-nome-87-300x165.png 300w, https:\/\/www.radiopiu.net\/wordpress\/wp-content\/uploads\/2024\/06\/Senza-nome-87.png 638w\" sizes=\"auto, (max-width: 215px) 100vw, 215px\" \/><\/a>REDAZIONE<\/strong> Nuovo format radiofonico con Diana Zerilli di <strong><span style=\"color: #0000ff;\"><a style=\"color: #0000ff;\" href=\"https:\/\/mostoricco.com\/\">&#8220;Mosto Ricco<\/a><\/span><\/strong>&#8220;, l&#8217;enoteva di Vicolo Crotta ad Agordo. Tour enograstronomici tra lo studio di Via Paris Bordone e&#8230; le cantine. Prima puntata dunque in esterno, in Toscana.<\/p>\n<p><strong>AUDIO PUNTATA 1 IL VINO RACCONTA<\/strong><\/p>\n<audio class=\"wp-audio-shortcode\" id=\"audio-412389-21\" preload=\"none\" style=\"width: 100%;\" controls=\"controls\"><source type=\"audio\/mpeg\" src=\"https:\/\/www.radiopiu.net\/wordpress\/wp-content\/uploads\/2024\/06\/mosto-ricco-puntata-1.mp3?_=21\" \/><a href=\"https:\/\/www.radiopiu.net\/wordpress\/wp-content\/uploads\/2024\/06\/mosto-ricco-puntata-1.mp3\">https:\/\/www.radiopiu.net\/wordpress\/wp-content\/uploads\/2024\/06\/mosto-ricco-puntata-1.mp3<\/a><\/audio>\n<p><span style=\"color: #0000ff;\"><strong><a style=\"color: #0000ff;\" href=\"https:\/\/mostoricco.com\/\">IL SITO CLICCA QUI\u00a0<\/a><\/strong><\/span><\/p>\n<p>&nbsp;<\/p>\n<p>&nbsp;<\/p>\n<hr \/>\n<p>&nbsp;<\/p>\n<blockquote>\n<h1>SOLIDARIETA&#8217; VENETO FONDO PENSIONE<\/h1>\n<\/blockquote>\n<blockquote>\n<blockquote>\n<h2><\/h2>\n<h2><a href=\"https:\/\/www.radiopiu.net\/wordpress\/speciale-solidarieta-veneto\/solidarieta-veneto-3\/\" rel=\"attachment wp-att-134366\"><img loading=\"lazy\" decoding=\"async\" class=\"wp-image-134366 alignleft\" src=\"https:\/\/www.radiopiu.net\/wordpress\/wp-content\/uploads\/2020\/05\/solidariet\u00e0-veneto-300x210.jpg\" alt=\"\" width=\"102\" height=\"71\" srcset=\"https:\/\/www.radiopiu.net\/wordpress\/wp-content\/uploads\/2020\/05\/solidariet\u00e0-veneto-300x210.jpg 300w, https:\/\/www.radiopiu.net\/wordpress\/wp-content\/uploads\/2020\/05\/solidariet\u00e0-veneto-1024x717.jpg 1024w, https:\/\/www.radiopiu.net\/wordpress\/wp-content\/uploads\/2020\/05\/solidariet\u00e0-veneto-768x538.jpg 768w, https:\/\/www.radiopiu.net\/wordpress\/wp-content\/uploads\/2020\/05\/solidariet\u00e0-veneto.jpg 1373w\" sizes=\"auto, (max-width: 102px) 100vw, 102px\" \/><\/a> IN ONDA IL PRIMO VENERDI DEL MESE ALLE 10.30 E ALLE 19.00 QUINTA STAGIONE<\/h2>\n<\/blockquote>\n<h2><strong><span style=\"color: #ff0000;\">AUDIO\u00a0 SETTEMBRE 2024<\/span><\/strong><\/h2>\n<p>DI MIRKO MEZZACASA<\/p><\/blockquote>\n<div>\n<audio class=\"wp-audio-shortcode\" id=\"audio-412389-22\" preload=\"none\" style=\"width: 100%;\" controls=\"controls\"><source type=\"audio\/mpeg\" src=\"https:\/\/www.radiopiu.net\/wordpress\/wp-content\/uploads\/2024\/10\/paolo-stefan-ottobre-2024-1.mp3?_=22\" \/><a href=\"https:\/\/www.radiopiu.net\/wordpress\/wp-content\/uploads\/2024\/10\/paolo-stefan-ottobre-2024-1.mp3\">https:\/\/www.radiopiu.net\/wordpress\/wp-content\/uploads\/2024\/10\/paolo-stefan-ottobre-2024-1.mp3<\/a><\/audio>\n<\/div>\n<h2><\/h2>\n<h2>LA RACCOLTA COMPLETA<\/h2>\n<blockquote class=\"wp-embedded-content\" data-secret=\"ZNOVLgqPz7\"><p><a href=\"https:\/\/www.radiopiu.net\/wordpress\/solidarieta-veneto\/\">Solidariet\u00e0 Veneto<\/a><\/p><\/blockquote>\n<p><iframe loading=\"lazy\" class=\"wp-embedded-content\" sandbox=\"allow-scripts\" security=\"restricted\" style=\"position: absolute; visibility: hidden;\" title=\"&#8220;Solidariet\u00e0 Veneto&#8221; &#8212; Radio Pi\u00f9\" src=\"https:\/\/www.radiopiu.net\/wordpress\/solidarieta-veneto\/embed\/#?secret=AM13Xb2WG1#?secret=ZNOVLgqPz7\" data-secret=\"ZNOVLgqPz7\" width=\"600\" height=\"338\" frameborder=\"0\" marginwidth=\"0\" marginheight=\"0\" scrolling=\"no\"><\/iframe><\/p>\n<blockquote>\n<h2><\/h2>\n<\/blockquote>\n<p>&nbsp;<\/p>\n<hr \/>\n<p>&nbsp;<\/p>\n<h2><span style=\"color: #00ccff;\">JACOPO BRESSAN E LA SUA OFFICINA ITINERANTE<\/span><\/h2>\n<p><strong><a class=\"dt-pswp-item\" href=\"https:\/\/www.radiopiu.net\/wordpress\/wp-content\/uploads\/2024\/10\/images.jpg\" data-dt-img-description=\"\" data-large_image_width=\"259\" data-large_image_height=\"194\"><img loading=\"lazy\" decoding=\"async\" class=\" wp-image-412323 alignleft\" src=\"https:\/\/www.radiopiu.net\/wordpress\/wp-content\/uploads\/2024\/10\/images.jpg\" alt=\"\" width=\"152\" height=\"114\" \/><\/a>DI MIRKO MEZZACASA<\/strong><\/p>\n<p>OSPITE: Jacopo Bressan<\/p>\n<audio class=\"wp-audio-shortcode\" id=\"audio-412389-23\" preload=\"none\" style=\"width: 100%;\" controls=\"controls\"><source type=\"audio\/mpeg\" src=\"https:\/\/www.radiopiu.net\/wordpress\/wp-content\/uploads\/2024\/10\/JACOPO-BRESSAN-24.mp3?_=23\" \/><a href=\"https:\/\/www.radiopiu.net\/wordpress\/wp-content\/uploads\/2024\/10\/JACOPO-BRESSAN-24.mp3\">https:\/\/www.radiopiu.net\/wordpress\/wp-content\/uploads\/2024\/10\/JACOPO-BRESSAN-24.mp3<\/a><\/audio>\n<p>&nbsp;<\/p>\n<hr \/>\n<p>&nbsp;<\/p>\n<h2><span style=\"color: #ff0000;\"><a class=\"dt-pswp-item\" href=\"https:\/\/www.radiopiu.net\/wordpress\/wp-content\/uploads\/2018\/09\/appuntamenti.jpeg\" data-dt-img-description=\"\" data-large_image_width=\"800\" data-large_image_height=\"100\"><img loading=\"lazy\" decoding=\"async\" class=\"wp-image-61958 size-full aligncenter\" src=\"https:\/\/www.radiopiu.net\/wordpress\/wp-content\/uploads\/2018\/09\/appuntamenti.jpeg\" alt=\"\" width=\"800\" height=\"100\" srcset=\"https:\/\/www.radiopiu.net\/wordpress\/wp-content\/uploads\/2018\/09\/appuntamenti.jpeg 800w, https:\/\/www.radiopiu.net\/wordpress\/wp-content\/uploads\/2018\/09\/appuntamenti-300x38.jpeg 300w, https:\/\/www.radiopiu.net\/wordpress\/wp-content\/uploads\/2018\/09\/appuntamenti-768x96.jpeg 768w\" sizes=\"auto, (max-width: 800px) 100vw, 800px\" \/><\/a><\/span><\/h2>\n<p><iframe loading=\"lazy\" title=\"FORMULA 3\" width=\"1200\" height=\"900\" src=\"https:\/\/www.youtube.com\/embed\/I21aWSYA3OI?feature=oembed\" frameborder=\"0\" allow=\"accelerometer; autoplay; clipboard-write; encrypted-media; gyroscope; picture-in-picture; web-share\" referrerpolicy=\"strict-origin-when-cross-origin\" allowfullscreen><\/iframe><\/p>\n<div>\n<div class=\"\" dir=\"auto\">\n<div id=\":r9h:\" class=\"x1iorvi4 x1pi30zi x1l90r2v x1swvt13\" data-ad-comet-preview=\"message\" data-ad-preview=\"message\">\n\n\t\t\t<style type='text\/css'>\n\t\t\t\t#gallery-1 {\n\t\t\t\t\tmargin: auto;\n\t\t\t\t}\n\t\t\t\t#gallery-1 .gallery-item {\n\t\t\t\t\tfloat: left;\n\t\t\t\t\tmargin-top: 10px;\n\t\t\t\t\ttext-align: center;\n\t\t\t\t\twidth: 25%;\n\t\t\t\t}\n\t\t\t\t#gallery-1 img {\n\t\t\t\t\tborder: 2px solid #cfcfcf;\n\t\t\t\t}\n\t\t\t\t#gallery-1 .gallery-caption {\n\t\t\t\t\tmargin-left: 0;\n\t\t\t\t}\n\t\t\t\t\/* see gallery_shortcode() in wp-includes\/media.php *\/\n\t\t\t<\/style>\n\t\t<div id='gallery-1' class='dt-gallery-container gallery galleryid-412389 gallery-columns-4 gallery-size-thumbnail'><dl class='gallery-item'>\n\t\t\t\t<dt class='gallery-icon portrait'>\n\t\t\t\t\t<a class=\"rollover rollover-zoom dt-pswp-item\" title=\"03efb118-d97d-457e-b9cc-b1da6a42649b\" data-dt-img-description=\"\" data-large_image_width=\"905\" data-large_image_height=\"1280\"href='https:\/\/www.radiopiu.net\/wordpress\/wp-content\/uploads\/2024\/09\/03efb118-d97d-457e-b9cc-b1da6a42649b.jpg'><img loading=\"lazy\" decoding=\"async\" width=\"150\" height=\"150\" src=\"https:\/\/www.radiopiu.net\/wordpress\/wp-content\/uploads\/2024\/09\/03efb118-d97d-457e-b9cc-b1da6a42649b-150x150.jpg\" class=\"attachment-thumbnail size-thumbnail\" alt=\"\" aria-describedby=\"gallery-1-408383\" \/><\/a>\n\t\t\t\t<\/dt>\n\t\t\t\t\t<dd class='wp-caption-text gallery-caption' id='gallery-1-408383'>\n\t\t\t\t\tA OTTOBRE A VOLTAGO\n\t\t\t\t\t<\/dd><\/dl><dl class='gallery-item'>\n\t\t\t\t<dt class='gallery-icon portrait'>\n\t\t\t\t\t<a class=\"rollover rollover-zoom dt-pswp-item\" title=\"LOC_A3_MOSTRA-RADIO_CMVI\" data-dt-img-description=\"\" data-large_image_width=\"1816\" data-large_image_height=\"2560\"href='https:\/\/www.radiopiu.net\/wordpress\/wp-content\/uploads\/2024\/08\/LOC_A3_MOSTRA-RADIO_CMVI-scaled.jpg'><img loading=\"lazy\" decoding=\"async\" width=\"150\" height=\"150\" src=\"https:\/\/www.radiopiu.net\/wordpress\/wp-content\/uploads\/2024\/08\/LOC_A3_MOSTRA-RADIO_CMVI-150x150.jpg\" class=\"attachment-thumbnail size-thumbnail\" alt=\"\" aria-describedby=\"gallery-1-403450\" \/><\/a>\n\t\t\t\t<\/dt>\n\t\t\t\t\t<dd class='wp-caption-text gallery-caption' id='gallery-1-403450'>\n\t\t\t\t\tLA MOSTRA DELLE RADIO IN VALLE IMPERINA\n\t\t\t\t\t<\/dd><\/dl><dl class='gallery-item'>\n\t\t\t\t<dt class='gallery-icon portrait'>\n\t\t\t\t\t<a class=\"rollover rollover-zoom dt-pswp-item\" title=\"Manifesto de El d\u00ec del Trator\" data-dt-img-description=\"\" data-large_image_width=\"1144\" data-large_image_height=\"1600\"href='https:\/\/www.radiopiu.net\/wordpress\/wp-content\/uploads\/2024\/09\/Manifesto-de-El-di-del-Trator.jpeg'><img loading=\"lazy\" decoding=\"async\" width=\"150\" height=\"150\" src=\"https:\/\/www.radiopiu.net\/wordpress\/wp-content\/uploads\/2024\/09\/Manifesto-de-El-di-del-Trator-150x150.jpeg\" class=\"attachment-thumbnail size-thumbnail\" alt=\"\" aria-describedby=\"gallery-1-410274\" \/><\/a>\n\t\t\t\t<\/dt>\n\t\t\t\t\t<dd class='wp-caption-text gallery-caption' id='gallery-1-410274'>\n\t\t\t\t\tIL 6 OTTOBRE A CANALE D&#8217;AGORDO\n\t\t\t\t\t<\/dd><\/dl><dl class='gallery-item'>\n\t\t\t\t<dt class='gallery-icon portrait'>\n\t\t\t\t\t<a class=\"rollover rollover-zoom dt-pswp-item\" title=\"5 ottobre\" data-dt-img-description=\"\" data-large_image_width=\"1754\" data-large_image_height=\"2480\"href='https:\/\/www.radiopiu.net\/wordpress\/wp-content\/uploads\/2024\/09\/5-ottobre.jpg'><img loading=\"lazy\" decoding=\"async\" width=\"150\" height=\"150\" src=\"https:\/\/www.radiopiu.net\/wordpress\/wp-content\/uploads\/2024\/09\/5-ottobre-150x150.jpg\" class=\"attachment-thumbnail size-thumbnail\" alt=\"\" aria-describedby=\"gallery-1-410439\" \/><\/a>\n\t\t\t\t<\/dt>\n\t\t\t\t\t<dd class='wp-caption-text gallery-caption' id='gallery-1-410439'>\n\t\t\t\t\tAD ARSON DI FELTRE\n\t\t\t\t\t<\/dd><\/dl><br style=\"clear: both\" \/><dl class='gallery-item'>\n\t\t\t\t<dt class='gallery-icon portrait'>\n\t\t\t\t\t<a class=\"rollover rollover-zoom dt-pswp-item\" title=\"cai agordo\" data-dt-img-description=\"\" data-large_image_width=\"490\" data-large_image_height=\"947\"href='https:\/\/www.radiopiu.net\/wordpress\/wp-content\/uploads\/2024\/09\/cai-agordo.png'><img loading=\"lazy\" decoding=\"async\" width=\"150\" height=\"150\" src=\"https:\/\/www.radiopiu.net\/wordpress\/wp-content\/uploads\/2024\/09\/cai-agordo-150x150.png\" class=\"attachment-thumbnail size-thumbnail\" alt=\"\" aria-describedby=\"gallery-1-411791\" \/><\/a>\n\t\t\t\t<\/dt>\n\t\t\t\t\t<dd class='wp-caption-text gallery-caption' id='gallery-1-411791'>\n\t\t\t\t\tSERE D&#8217;AUTUNNO CON IL CAI DI AGORDO\n\t\t\t\t\t<\/dd><\/dl><dl class='gallery-item'>\n\t\t\t\t<dt class='gallery-icon portrait'>\n\t\t\t\t\t<a class=\"rollover rollover-zoom dt-pswp-item\" title=\"PUCCINI BELLUNO\" data-dt-img-description=\"\" data-large_image_width=\"444\" data-large_image_height=\"626\"href='https:\/\/www.radiopiu.net\/wordpress\/wp-content\/uploads\/2024\/09\/PUCCINI-BELLUNO.png'><img loading=\"lazy\" decoding=\"async\" width=\"150\" height=\"150\" src=\"https:\/\/www.radiopiu.net\/wordpress\/wp-content\/uploads\/2024\/09\/PUCCINI-BELLUNO-150x150.png\" class=\"attachment-thumbnail size-thumbnail\" alt=\"\" aria-describedby=\"gallery-1-411818\" \/><\/a>\n\t\t\t\t<\/dt>\n\t\t\t\t\t<dd class='wp-caption-text gallery-caption' id='gallery-1-411818'>\n\t\t\t\t\tOMAGGIO A PUCCINI\n\t\t\t\t\t<\/dd><\/dl><dl class='gallery-item'>\n\t\t\t\t<dt class='gallery-icon portrait'>\n\t\t\t\t\t<a class=\"rollover rollover-zoom dt-pswp-item\" title=\"La paura e la speranza\" data-dt-img-description=\"\" data-large_image_width=\"1131\" data-large_image_height=\"1600\"href='https:\/\/www.radiopiu.net\/wordpress\/wp-content\/uploads\/2024\/10\/La-paura-e-la-speranza-.jpg'><img loading=\"lazy\" decoding=\"async\" width=\"150\" height=\"150\" src=\"https:\/\/www.radiopiu.net\/wordpress\/wp-content\/uploads\/2024\/10\/La-paura-e-la-speranza--150x150.jpg\" class=\"attachment-thumbnail size-thumbnail\" alt=\"\" aria-describedby=\"gallery-1-412349\" \/><\/a>\n\t\t\t\t<\/dt>\n\t\t\t\t\t<dd class='wp-caption-text gallery-caption' id='gallery-1-412349'>\n\t\t\t\t\tUN LIBRO SUL VAJONT\n\t\t\t\t\t<\/dd><\/dl><dl class='gallery-item'>\n\t\t\t\t<dt class='gallery-icon portrait'>\n\t\t\t\t\t<a class=\"rollover rollover-zoom dt-pswp-item\" title=\"c642bf0f-c463-4d76-a064-194f58c84a62\" data-dt-img-description=\"\" data-large_image_width=\"1131\" data-large_image_height=\"1600\"href='https:\/\/www.radiopiu.net\/wordpress\/wp-content\/uploads\/2024\/09\/c642bf0f-c463-4d76-a064-194f58c84a62.jpg'><img loading=\"lazy\" decoding=\"async\" width=\"150\" height=\"150\" src=\"https:\/\/www.radiopiu.net\/wordpress\/wp-content\/uploads\/2024\/09\/c642bf0f-c463-4d76-a064-194f58c84a62-150x150.jpg\" class=\"attachment-thumbnail size-thumbnail\" alt=\"\" aria-describedby=\"gallery-1-411837\" \/><\/a>\n\t\t\t\t<\/dt>\n\t\t\t\t\t<dd class='wp-caption-text gallery-caption' id='gallery-1-411837'>\n\t\t\t\t\tIL 12 OTTOBRE A VOLTAGO\n\t\t\t\t\t<\/dd><\/dl><br style=\"clear: both\" \/><dl class='gallery-item'>\n\t\t\t\t<dt class='gallery-icon portrait'>\n\t\t\t\t\t<a class=\"rollover rollover-zoom dt-pswp-item\" title=\"80a7f182-3dda-4a1f-86c7-b13484373c2f\" data-dt-img-description=\"\" data-large_image_width=\"1001\" data-large_image_height=\"1417\"href='https:\/\/www.radiopiu.net\/wordpress\/wp-content\/uploads\/2024\/09\/80a7f182-3dda-4a1f-86c7-b13484373c2f.jpg'><img loading=\"lazy\" decoding=\"async\" width=\"150\" height=\"150\" src=\"https:\/\/www.radiopiu.net\/wordpress\/wp-content\/uploads\/2024\/09\/80a7f182-3dda-4a1f-86c7-b13484373c2f-150x150.jpg\" class=\"attachment-thumbnail size-thumbnail\" alt=\"\" aria-describedby=\"gallery-1-411846\" \/><\/a>\n\t\t\t\t<\/dt>\n\t\t\t\t\t<dd class='wp-caption-text gallery-caption' id='gallery-1-411846'>\n\t\t\t\t\tA FALCADE SI SCALDANO I MOTORI\n\t\t\t\t\t<\/dd><\/dl><dl class='gallery-item'>\n\t\t\t\t<dt class='gallery-icon portrait'>\n\t\t\t\t\t<a class=\"rollover rollover-zoom dt-pswp-item\" title=\"5e470011-d042-4192-b606-8c06db8b3a37\" data-dt-img-description=\"\" data-large_image_width=\"1153\" data-large_image_height=\"1600\"href='https:\/\/www.radiopiu.net\/wordpress\/wp-content\/uploads\/2024\/10\/5e470011-d042-4192-b606-8c06db8b3a37.jpg'><img loading=\"lazy\" decoding=\"async\" width=\"150\" height=\"150\" src=\"https:\/\/www.radiopiu.net\/wordpress\/wp-content\/uploads\/2024\/10\/5e470011-d042-4192-b606-8c06db8b3a37-150x150.jpg\" class=\"attachment-thumbnail size-thumbnail\" alt=\"\" aria-describedby=\"gallery-1-411999\" \/><\/a>\n\t\t\t\t<\/dt>\n\t\t\t\t\t<dd class='wp-caption-text gallery-caption' id='gallery-1-411999'>\n\t\t\t\t\tRIVA L&#8217;OKTOBERFEST\n\t\t\t\t\t<\/dd><\/dl><dl class='gallery-item'>\n\t\t\t\t<dt class='gallery-icon portrait'>\n\t\t\t\t\t<a class=\"rollover rollover-zoom dt-pswp-item\" title=\"LOCANDINA_10-10-2024_dolomiti\" data-dt-img-description=\"\" data-large_image_width=\"1000\" data-large_image_height=\"1414\"href='https:\/\/www.radiopiu.net\/wordpress\/wp-content\/uploads\/2024\/10\/LOCANDINA_10-10-2024_dolomiti.jpg'><img loading=\"lazy\" decoding=\"async\" width=\"150\" height=\"150\" src=\"https:\/\/www.radiopiu.net\/wordpress\/wp-content\/uploads\/2024\/10\/LOCANDINA_10-10-2024_dolomiti-150x150.jpg\" class=\"attachment-thumbnail size-thumbnail\" alt=\"\" aria-describedby=\"gallery-1-412189\" \/><\/a>\n\t\t\t\t<\/dt>\n\t\t\t\t\t<dd class='wp-caption-text gallery-caption' id='gallery-1-412189'>\n\t\t\t\t\tAL SEMINARIO GREGORIANO DI BELLUNO\n\t\t\t\t\t<\/dd><\/dl><dl class='gallery-item'>\n\t\t\t\t<dt class='gallery-icon portrait'>\n\t\t\t\t\t<a class=\"rollover rollover-zoom dt-pswp-item\" title=\"3221fe5e-2dc1-439f-9341-d93b6df07725\" data-dt-img-description=\"\" data-large_image_width=\"1236\" data-large_image_height=\"1600\"href='https:\/\/www.radiopiu.net\/wordpress\/wp-content\/uploads\/2024\/06\/3221fe5e-2dc1-439f-9341-d93b6df07725.jpg'><img loading=\"lazy\" decoding=\"async\" width=\"150\" height=\"150\" src=\"https:\/\/www.radiopiu.net\/wordpress\/wp-content\/uploads\/2024\/06\/3221fe5e-2dc1-439f-9341-d93b6df07725-150x150.jpg\" class=\"attachment-thumbnail size-thumbnail\" alt=\"\" aria-describedby=\"gallery-1-412305\" \/><\/a>\n\t\t\t\t<\/dt>\n\t\t\t\t\t<dd class='wp-caption-text gallery-caption' id='gallery-1-412305'>\n\t\t\t\t\tA SEDICO DOMENICA 13\n\t\t\t\t\t<\/dd><\/dl><br style=\"clear: both\" \/>\n\t\t\t<\/div>\n\n<hr \/>\n<blockquote class=\"wp-embedded-content\" data-secret=\"HkwBQqHlGh\"><p><a href=\"https:\/\/www.radiopiu.net\/wordpress\/n-di-parom-l-almanach-de-la-nosta-jent-raccolta-completa\/\">N di parom &#8211; L Almanach de la nosta jent RACCOLTA COMPLETA<\/a><\/p><\/blockquote>\n<p><iframe loading=\"lazy\" class=\"wp-embedded-content\" sandbox=\"allow-scripts\" security=\"restricted\" style=\"position: absolute; visibility: hidden;\" title=\"&#8220;N di parom &#8211; L Almanach de la nosta jent RACCOLTA COMPLETA&#8221; &#8212; Radio Pi\u00f9\" src=\"https:\/\/www.radiopiu.net\/wordpress\/n-di-parom-l-almanach-de-la-nosta-jent-raccolta-completa\/embed\/#?secret=yqeEf9Kn00#?secret=HkwBQqHlGh\" data-secret=\"HkwBQqHlGh\" width=\"600\" height=\"338\" frameborder=\"0\" marginwidth=\"0\" marginheight=\"0\" scrolling=\"no\"><\/iframe><\/p>\n<p>&nbsp;<\/p>\n<blockquote class=\"wp-embedded-content\" data-secret=\"NozAgwttzg\"><p><a href=\"https:\/\/www.radiopiu.net\/wordpress\/pirole-de-lenga-la-parola-del-giorno-a-cura-del-musla-raccolta-completa\/\">PIROLE DE LENGA&#8230; LA PAROLA DEL GIORNO A CURA DEL MUSLA -raccolta completa &#8211;<\/a><\/p><\/blockquote>\n<p><iframe loading=\"lazy\" class=\"wp-embedded-content\" sandbox=\"allow-scripts\" security=\"restricted\" style=\"position: absolute; visibility: hidden;\" title=\"&#8220;PIROLE DE LENGA&#8230; LA PAROLA DEL GIORNO A CURA DEL MUSLA -raccolta completa &#8211;&#8221; &#8212; Radio Pi\u00f9\" src=\"https:\/\/www.radiopiu.net\/wordpress\/pirole-de-lenga-la-parola-del-giorno-a-cura-del-musla-raccolta-completa\/embed\/#?secret=zytyAO9x1Z#?secret=NozAgwttzg\" data-secret=\"NozAgwttzg\" width=\"600\" height=\"338\" frameborder=\"0\" marginwidth=\"0\" marginheight=\"0\" scrolling=\"no\"><\/iframe><\/p>\n<p>&nbsp;<\/p>\n<blockquote class=\"wp-embedded-content\" data-secret=\"Lu4rGWQeky\"><p><a href=\"https:\/\/www.radiopiu.net\/wordpress\/set5a\/\">EL BAL DEL FIOR, DETTI E MODI DI DIRE  LA RACCOLTA COMPLETA<\/a><\/p><\/blockquote>\n<p><iframe loading=\"lazy\" class=\"wp-embedded-content\" sandbox=\"allow-scripts\" security=\"restricted\" style=\"position: absolute; visibility: hidden;\" title=\"&#8220;EL BAL DEL FIOR, DETTI E MODI DI DIRE  LA RACCOLTA COMPLETA&#8221; &#8212; Radio Pi\u00f9\" src=\"https:\/\/www.radiopiu.net\/wordpress\/set5a\/embed\/#?secret=SVmacQgbaZ#?secret=Lu4rGWQeky\" data-secret=\"Lu4rGWQeky\" width=\"600\" height=\"338\" frameborder=\"0\" marginwidth=\"0\" marginheight=\"0\" scrolling=\"no\"><\/iframe><\/p>\n<p>&nbsp;<\/p>\n<hr \/>\n<\/div>\n<\/div>\n<\/div>\n<p class=\"mceTemp\"><a class=\"dt-pswp-item\" href=\"https:\/\/www.radiopiu.net\/wordpress\/wp-content\/uploads\/2018\/09\/WhatsApp-Image-2018-09-20-at-16.04.06.jpeg\" data-dt-img-description=\"\" data-large_image_width=\"800\" data-large_image_height=\"100\">\u00a0<\/a><\/p>\n<p class=\"mceTemp\"><a class=\"dt-pswp-item\" href=\"https:\/\/www.radiopiu.net\/wordpress\/wp-content\/uploads\/2018\/09\/WhatsApp-Image-2018-09-20-at-16.04.06.jpeg\" data-dt-img-description=\"\" data-large_image_width=\"800\" data-large_image_height=\"100\"><img loading=\"lazy\" decoding=\"async\" class=\"wp-image-61378 size-full aligncenter\" src=\"https:\/\/www.radiopiu.net\/wordpress\/wp-content\/uploads\/2018\/09\/WhatsApp-Image-2018-09-20-at-16.04.06.jpeg\" alt=\"\" width=\"800\" height=\"100\" srcset=\"https:\/\/www.radiopiu.net\/wordpress\/wp-content\/uploads\/2018\/09\/WhatsApp-Image-2018-09-20-at-16.04.06.jpeg 800w, https:\/\/www.radiopiu.net\/wordpress\/wp-content\/uploads\/2018\/09\/WhatsApp-Image-2018-09-20-at-16.04.06-300x38.jpeg 300w, https:\/\/www.radiopiu.net\/wordpress\/wp-content\/uploads\/2018\/09\/WhatsApp-Image-2018-09-20-at-16.04.06-768x96.jpeg 768w\" sizes=\"auto, (max-width: 800px) 100vw, 800px\" \/><\/a><\/p>\n<blockquote class=\"wp-embedded-content\" data-secret=\"jmi8NnupJp\"><p><a href=\"https:\/\/www.radiopiu.net\/wordpress\/dolomiti-neve-al-suolo-4-ottobre-2024-ore-9\/\">DOLOMITI NEVE AL SUOLO-4 OTTOBRE 2024 ORE 9<\/a><\/p><\/blockquote>\n<p><iframe loading=\"lazy\" class=\"wp-embedded-content\" sandbox=\"allow-scripts\" security=\"restricted\" style=\"position: absolute; visibility: hidden;\" title=\"&#8220;DOLOMITI NEVE AL SUOLO-4 OTTOBRE 2024 ORE 9&#8221; &#8212; Radio Pi\u00f9\" src=\"https:\/\/www.radiopiu.net\/wordpress\/dolomiti-neve-al-suolo-4-ottobre-2024-ore-9\/embed\/#?secret=iWdjtPgSk2#?secret=jmi8NnupJp\" data-secret=\"jmi8NnupJp\" width=\"600\" height=\"338\" frameborder=\"0\" marginwidth=\"0\" marginheight=\"0\" scrolling=\"no\"><\/iframe><\/p>\n<p>&nbsp;<\/p>\n<p><b>OGGI: <\/b>Salvo possibili nubi basse nelle ore fredde in molte valli, giornata pi\u00f9 soleggiata rispetto alle precedenti ma con un tempo ancora variabile al mattino, caratterizzato dall&#8217;alternanza di schiarite e di annuvolamenti con fenomeni scarsi o del tutto assenti; ampi rasserenamenti nel corso del pomeriggio\/sera a partire dalle Dolomiti. <b>Precipitazioni: <\/b>Generalmente assenti, salvo qualche residua e occasionale debole e breve precipitazione specie nelle prime ore del giorno <b>Temperature: <\/b>Minime in diminuzione, massime in aumento<\/p>\n<p>&nbsp;<\/p>\n<hr \/>\n<p><center><\/center><b>DOMANI: <\/b>Tempo pi\u00f9 stabile, pi\u00f9 soleggiato e pi\u00f9 asciutto rispetto a sabato con ottima visibilit\u00e0 soprattutto in alta montagna mentre in alcune valli nelle ore fredde non sono esclusi locali nubi basse con un po&#8217; di foschia, in rapido dissolvimento dopo l&#8217;alba. Possibile transito di innocue velature nel pomeriggio.<br \/>\n<b>Precipitazioni: <\/b>Assenti <b>Temperature: <\/b>Minime in lieve calo con possibili leggere brinate notturne nei fondovalle oltre i 600 m<\/p>\n<p>&nbsp;<\/p>\n<hr \/>\n<p><center><\/center><strong>LUNEDI<\/strong> Cielo da poco a parzialmente nuvoloso per nubi basse nelle ore fredde in alcune valli e per l&#8217;arrivo di nubi medio-alte nel corso della giornata fino a divenire abbastanza consistenti dal tardo pomeriggio\/sera a partire dalle zone prealpine con fenomeni pressoch\u00e9 assenti. Temperature in aumento anche sensibile, specie le minime in quota. Venti in alta montagna moderati dai quadranti occidentali, in rinforzo da sud ovest a fine giornata.<\/p>\n<p>&nbsp;<\/p>\n<hr \/>\n<p><center><\/center><strong>MARTEDI<\/strong> Tempo variabile e instabile su tutte le Alpi con cielo molto nuvoloso o coperto fin dal mattino con possibili precipitazioni da sparse a diffuse ad iniziare dall&#8217;area prealpina nevose oltre i 3000-3200 m. Temperature minime in ulteriore aumento, massime in diminuzione.<\/p>\n<p>&nbsp;<\/p>\n<p>&nbsp;<\/p>\n<hr \/>\n<p>&nbsp;<\/p>\n<blockquote>\n<h2>le ultime novita&#8217; da DOLOMITI GARDEN: VILLAGGIO DI NATALE &#8230;LAVORI IN CORSO<\/h2>\n<\/blockquote>\n<p><strong>BELLUNO<\/strong> Prosegue l&#8217;allestimento dell&#8217;atteso villaggio di Natale, la &#8220;chicca&#8221; dello staff del Dolomiti Garden sotto la guida di Stefano De Paris. Quest&#8217;anno pare proprio che Babbo Natale arriver\u00e0 con tanto di mongolfiera<\/p>\n<p>&nbsp;<\/p>\n<p><span style=\"color: #ff0000;\"><strong>il primo invito radiofonico&#8230; alla RADIOPIU<\/strong><\/span><\/p>\n<audio class=\"wp-audio-shortcode\" id=\"audio-412389-24\" preload=\"none\" style=\"width: 100%;\" controls=\"controls\"><source type=\"audio\/mpeg\" src=\"https:\/\/www.radiopiu.net\/wordpress\/wp-content\/uploads\/2024\/10\/PRIMA-VILLAGGIO-NATALE.mp3?_=24\" \/><a href=\"https:\/\/www.radiopiu.net\/wordpress\/wp-content\/uploads\/2024\/10\/PRIMA-VILLAGGIO-NATALE.mp3\">https:\/\/www.radiopiu.net\/wordpress\/wp-content\/uploads\/2024\/10\/PRIMA-VILLAGGIO-NATALE.mp3<\/a><\/audio>\n<p>&nbsp;<\/p>\n<p><a class=\"dt-pswp-item\" href=\"https:\/\/www.radiopiu.net\/wordpress\/wp-content\/uploads\/2024\/10\/db55f2f4-c06c-4a18-aab7-31c56cd05174.jpg\" data-dt-img-description=\"\" data-large_image_width=\"1200\" data-large_image_height=\"1600\"><img loading=\"lazy\" decoding=\"async\" class=\"alignnone size-medium wp-image-412478\" src=\"https:\/\/www.radiopiu.net\/wordpress\/wp-content\/uploads\/2024\/10\/db55f2f4-c06c-4a18-aab7-31c56cd05174-225x300.jpg\" alt=\"\" width=\"225\" height=\"300\" srcset=\"https:\/\/www.radiopiu.net\/wordpress\/wp-content\/uploads\/2024\/10\/db55f2f4-c06c-4a18-aab7-31c56cd05174-225x300.jpg 225w, https:\/\/www.radiopiu.net\/wordpress\/wp-content\/uploads\/2024\/10\/db55f2f4-c06c-4a18-aab7-31c56cd05174-768x1024.jpg 768w, https:\/\/www.radiopiu.net\/wordpress\/wp-content\/uploads\/2024\/10\/db55f2f4-c06c-4a18-aab7-31c56cd05174-1152x1536.jpg 1152w, https:\/\/www.radiopiu.net\/wordpress\/wp-content\/uploads\/2024\/10\/db55f2f4-c06c-4a18-aab7-31c56cd05174.jpg 1200w\" sizes=\"auto, (max-width: 225px) 100vw, 225px\" \/><\/a><a class=\"dt-pswp-item\" href=\"https:\/\/www.radiopiu.net\/wordpress\/wp-content\/uploads\/2024\/10\/8f07e173-c8da-4c84-82a2-6f4b7718dc2b.jpg\" data-dt-img-description=\"\" data-large_image_width=\"1200\" data-large_image_height=\"1600\"><img loading=\"lazy\" decoding=\"async\" class=\"alignnone size-medium wp-image-412479\" src=\"https:\/\/www.radiopiu.net\/wordpress\/wp-content\/uploads\/2024\/10\/8f07e173-c8da-4c84-82a2-6f4b7718dc2b-225x300.jpg\" alt=\"\" width=\"225\" height=\"300\" srcset=\"https:\/\/www.radiopiu.net\/wordpress\/wp-content\/uploads\/2024\/10\/8f07e173-c8da-4c84-82a2-6f4b7718dc2b-225x300.jpg 225w, https:\/\/www.radiopiu.net\/wordpress\/wp-content\/uploads\/2024\/10\/8f07e173-c8da-4c84-82a2-6f4b7718dc2b-768x1024.jpg 768w, https:\/\/www.radiopiu.net\/wordpress\/wp-content\/uploads\/2024\/10\/8f07e173-c8da-4c84-82a2-6f4b7718dc2b-1152x1536.jpg 1152w, https:\/\/www.radiopiu.net\/wordpress\/wp-content\/uploads\/2024\/10\/8f07e173-c8da-4c84-82a2-6f4b7718dc2b.jpg 1200w\" sizes=\"auto, (max-width: 225px) 100vw, 225px\" \/><\/a><\/p>\n<p>&nbsp;<\/p>\n<p>&nbsp;<\/p>\n<hr \/>\n<p>&nbsp;<\/p>\n<blockquote>\n<h1>GIROVAGANDO IN E BIKE&#8230;..<br \/>\nCON MORENO GEREMETTA<\/h1>\n<\/blockquote>\n<p>Una settimana fa eravamo prossimi a completare la prima giornata di un tour epico. Otto amici, otto e-bike, due nazioni e un passaggio storico nonch\u00e9 epico per svalicare le Alpi. Questo \u00e8 il video della prima giornata, da Malles Venosta a Scuol attraverso la gola d&#8217;Uina. Adrenalina a mille e sano divertimento hanno segnato la giornata, chiss\u00e0 se sono riuscito a trasmettere le nostre emozioni in video. Fatemelo sapere e buona visione!<\/p>\n<p><iframe loading=\"lazy\" title=\"e-Bike - Paesaggi Sospesi - La gola dell&#039; Uina\" width=\"1200\" height=\"675\" src=\"https:\/\/www.youtube.com\/embed\/wl6zDELAIkE?feature=oembed\" frameborder=\"0\" allow=\"accelerometer; autoplay; clipboard-write; encrypted-media; gyroscope; picture-in-picture; web-share\" referrerpolicy=\"strict-origin-when-cross-origin\" allowfullscreen><\/iframe><\/p>\n<p>&nbsp;<\/p>\n<div dir=\"auto\">Quando vi serve sapere il tempo necessario per fare quel determinato giro in e-bike &#8230; ecco &#8230; non chiedetelo mai a noi, perch\u00e9 ci abbiamo impiegato sicuramente il triplo del normale<\/div>\n<div dir=\"auto\">Vi lascio il video del secondo giorno del nostro tour Italia &#8211; Svizzera &#8211; Italia: il ritorno a Malles attraversando luoghi e paesaggi spettacolari fra cui il Pas da Costainas e i trail della val M\u00fcstair. Ho cercato di stringere ma c&#8217;era talmente tanto di bello che era impossibile non mostrarvi tutto, mettetevi comodi<\/div>\n<p>&nbsp;<\/p>\n<p><iframe loading=\"lazy\" title=\"e-Bike - Allegra - Svalicando le Alpi Retiche attraverso il Pas da Costainas\" width=\"1200\" height=\"675\" src=\"https:\/\/www.youtube.com\/embed\/yo_UgIV6XIw?feature=oembed\" frameborder=\"0\" allow=\"accelerometer; autoplay; clipboard-write; encrypted-media; gyroscope; picture-in-picture; web-share\" referrerpolicy=\"strict-origin-when-cross-origin\" allowfullscreen><\/iframe><\/p>\n<p>&nbsp;<\/p>\n<p>&nbsp;<\/p>\n<p>&nbsp;<\/p>\n<hr \/>\n<p class=\"mceTemp\"><a class=\"dt-pswp-item\" href=\"https:\/\/www.radiopiu.net\/wordpress\/wp-content\/uploads\/2018\/09\/sport.jpg\" data-dt-img-description=\"\" data-large_image_width=\"800\" data-large_image_height=\"100\"><img loading=\"lazy\" decoding=\"async\" class=\"aligncenter wp-image-60761 size-full\" src=\"https:\/\/www.radiopiu.net\/wordpress\/wp-content\/uploads\/2018\/09\/sport.jpg\" alt=\"\" width=\"800\" height=\"100\" srcset=\"https:\/\/www.radiopiu.net\/wordpress\/wp-content\/uploads\/2018\/09\/sport.jpg 800w, https:\/\/www.radiopiu.net\/wordpress\/wp-content\/uploads\/2018\/09\/sport-300x38.jpg 300w, https:\/\/www.radiopiu.net\/wordpress\/wp-content\/uploads\/2018\/09\/sport-768x96.jpg 768w\" sizes=\"auto, (max-width: 800px) 100vw, 800px\" \/><\/a><span style=\"color: #0000ff;\"><strong>\u00a0 \u00a0\u00a0<\/strong><\/span><\/p>\n<p><span style=\"color: #0000ff;\"><strong>HOCKEY SU GHIACCIO<\/strong><\/span><\/p>\n<blockquote>\n<h3>TRASFERTA PIEMONTESE PER L&#8217;ALLEGHE HOCKEY<\/h3>\n<\/blockquote>\n<p><strong><a class=\"dt-pswp-item\" href=\"https:\/\/www.radiopiu.net\/wordpress\/wp-content\/uploads\/2024\/10\/c28b9cbc-a37a-4815-84f9-82d168a8ac08.jpg\" data-dt-img-description=\"\" data-large_image_width=\"940\" data-large_image_height=\"528\"><img loading=\"lazy\" decoding=\"async\" class=\" wp-image-412578 alignleft\" src=\"https:\/\/www.radiopiu.net\/wordpress\/wp-content\/uploads\/2024\/10\/c28b9cbc-a37a-4815-84f9-82d168a8ac08-300x169.jpg\" alt=\"\" width=\"206\" height=\"116\" srcset=\"https:\/\/www.radiopiu.net\/wordpress\/wp-content\/uploads\/2024\/10\/c28b9cbc-a37a-4815-84f9-82d168a8ac08-300x169.jpg 300w, https:\/\/www.radiopiu.net\/wordpress\/wp-content\/uploads\/2024\/10\/c28b9cbc-a37a-4815-84f9-82d168a8ac08-768x431.jpg 768w, https:\/\/www.radiopiu.net\/wordpress\/wp-content\/uploads\/2024\/10\/c28b9cbc-a37a-4815-84f9-82d168a8ac08.jpg 940w\" sizes=\"auto, (max-width: 206px) 100vw, 206px\" \/><\/a>DI ROBERTO MIANA, PORTAVOCE DELL&#8217;ALLEGHE HOCKEY<\/strong><\/p>\n<p>Quinta giornata del campionato IHL di hockey su ghiaccio, sabato 5 ottobre alle 20:30, l\u2019Alleghe gioca a Torre Pellice. Le Civette affrontano la lunga trasferta piemontese reduci dalla bruciante ed immeritata sconfitta 1-2 maturata nei secondi finali sul ghiaccio di Appiano. Primo tempo equilibrato che termina a reti inviolate, ma con un Alleghe propositivo. Nel secondo periodo i biancorossi la sbloccano con Loris De Val, il vantaggio dura per\u00f2 pochi minuti prima del pareggio dei padroni di casa, con le Civette che nel proseguo resistono stoicamente a diverse inferiorit\u00e0 numeriche. Ultimo drittel ancora equilibrato con gli agordini che clamorosamente non si vedono convalidare una rete dalla quaterna arbitrale. A pochi secondi dall\u2019overtime per l\u2019Alleghe arriva la beffa, con la rete dei Pirati che sancisce un\u2019ingiusta sconfitta al cospetto di una buona prova di squadra dei biancorossi. La Valpe, prossimo avversario delle Civette, occupa l\u2019ottavo posto in classifica con 5 punti dopo 3 gare, grazie alla vittoria tra le mura amiche all\u2019overtime contro il Fassa, la sconfitta ad Aosta e il successo casalingo contro il Bressanone. Pericolo pubblico numero uno nelle file torresi \u00e8 il messicano (ex Como, Dobbiaco e Varese) Hector Majul, autore in tre partite di 3 reti e 4 assist. Otto i precedenti giocati in IHL tra Alleghe e Valpellice, con 3 successi delle Civette contro 5 dei Bulldogs. Ghiaccio del Cotta Morandini di Torre Pellice ancora inviolato dagli alleghesi che nei 4 precedenti hanno inanellato altrettante pesanti sconfitte, l\u2019ultima delle quali l\u20191-6 del 16 dicembre 2023.<\/p>\n<p><strong>HC VALPELLICE BULLDOGS SPIRITO REALE &#8211; ALLEGHE HOCKEY <\/strong>Sabato 5 Ottobre ore 20:30 &#8211; Spirito Reale Arena Cotta Morandini di Torre Pellice (To). Arbitri: Aleksandr Petrov e Simone Lega con giudici di linea Thomas Brida e Daniele Doriguzzi Toia. Collegamenti in DIRETTA RADIOFONICA su Radio Pi\u00f9 (www.radiopiu.net) con \u201chockey al punto giusto\u201d, in studio Marco Gaz e da Torre Pellice interventi di Roberto Miana.<\/p>\n<p>&nbsp;<\/p>\n<p><span style=\"color: #0000ff;\"><strong>CALCIO<\/strong><\/span><\/p>\n<blockquote>\n<h3>IL WEEKEND DELL&#8217;AGORDINA CALCIO<\/h3>\n<\/blockquote>\n<p><strong><a class=\"dt-pswp-item\" href=\"https:\/\/www.radiopiu.net\/wordpress\/wp-content\/uploads\/2019\/09\/AGORDINA-CALCIO.jpeg\" data-dt-img-description=\"\" data-large_image_width=\"225\" data-large_image_height=\"225\"><img loading=\"lazy\" decoding=\"async\" class=\" wp-image-97575 alignleft\" src=\"https:\/\/www.radiopiu.net\/wordpress\/wp-content\/uploads\/2019\/09\/AGORDINA-CALCIO.jpeg\" alt=\"\" width=\"150\" height=\"150\" srcset=\"https:\/\/www.radiopiu.net\/wordpress\/wp-content\/uploads\/2019\/09\/AGORDINA-CALCIO.jpeg 225w, https:\/\/www.radiopiu.net\/wordpress\/wp-content\/uploads\/2019\/09\/AGORDINA-CALCIO-150x150.jpeg 150w\" sizes=\"auto, (max-width: 150px) 100vw, 150px\" \/><\/a>Di Marco Gaz<\/strong><\/p>\n<p><strong>REDAZIONE <\/strong>Continua la stagione dell\u2019Agordina Calcio nei campionati provinciali LND. Tra oggi e domani saranno quattro le categorie impegnate sui vari campi della provincia di Belluno. Ad inaugurare il fine settimana calcistico della squadra di Agordo saranno i ragazzi della Juniores, che oggi alle 15:30 faranno il loro esordio in trasferta contro il Vittsangiacomo. Gli Allievi rispetteranno il turno di riposo, mentre le due squadre della categoria Giovanissimi giocheranno la seconda giornata del campionato. La squadra A sar\u00e0 in trasferta contro il Castion, mentre la squadra B giocher\u00e0 in casa contro il Valboite, con calcio d\u2019inizio alle 16. Domani scender\u00e0 in campo la prima squadra per la quarta giornata della Terza Categoria. L\u2019Agordina giocher\u00e0 all\u2019Ivano Dorigo di Agordo contro il Cadore 1919. Entrambe le formazioni hanno ottenuto due sconfitte e una vittoria nelle prime tre giornate, promettendo una partita combattuta. Il match \u00e8 in programma alle 15:30. A partire da domani alle 20:30, Radio Pi\u00f9 trasmetter\u00e0 \u201cAgordina In Prima Linea\u201d, l\u2019appuntamento della domenica sera dedicato all\u2019Agordina Calcio per analizzare le partite del fine settimana e scoprire il dietro le quinte della societ\u00e0.<\/p>\n<p>&nbsp;<\/p>\n<p class=\"mceTemp\"><span style=\"color: #0000ff;\"><strong>CORSA\u00a0<\/strong><\/span><\/p>\n<div class=\"group\/conversation-turn relative flex w-full min-w-0 flex-col agent-turn\">\n<div class=\"flex-col gap-1 md:gap-3\">\n<div class=\"flex max-w-full flex-col flex-grow\">\n<div class=\"min-h-8 text-message flex w-full flex-col items-end gap-2 whitespace-normal break-words [.text-message+&amp;]:mt-5\" dir=\"auto\" data-message-author-role=\"assistant\" data-message-id=\"e75448de-517e-447f-adaf-d35c31ae1022\">\n<div class=\"flex w-full flex-col gap-1 empty:hidden first:pt-[3px]\">\n<div class=\"markdown prose w-full break-words dark:prose-invert dark\">\n<blockquote><p><strong><a class=\"dt-pswp-item\" href=\"https:\/\/www.radiopiu.net\/wordpress\/wp-content\/uploads\/2024\/10\/Borgo-Valbelluna_stadio_11.jpg\" data-dt-img-description=\"\" data-large_image_width=\"1024\" data-large_image_height=\"576\"><img loading=\"lazy\" decoding=\"async\" class=\" wp-image-412542 alignleft\" src=\"https:\/\/www.radiopiu.net\/wordpress\/wp-content\/uploads\/2024\/10\/Borgo-Valbelluna_stadio_11-300x169.jpg\" alt=\"\" width=\"174\" height=\"98\" srcset=\"https:\/\/www.radiopiu.net\/wordpress\/wp-content\/uploads\/2024\/10\/Borgo-Valbelluna_stadio_11-300x169.jpg 300w, https:\/\/www.radiopiu.net\/wordpress\/wp-content\/uploads\/2024\/10\/Borgo-Valbelluna_stadio_11-768x432.jpg 768w, https:\/\/www.radiopiu.net\/wordpress\/wp-content\/uploads\/2024\/10\/Borgo-Valbelluna_stadio_11.jpg 1024w\" sizes=\"auto, (max-width: 174px) 100vw, 174px\" \/><\/a>Prima edizione della RunRestRun 320\u2019: una staffetta di squadra a Borgo Valbelluna<\/strong><\/p><\/blockquote>\n<p><strong>BORGO VALBELLUNA<\/strong> Oggi il Gs La Piave 2000 organizza la RunRestRun 320\u2019, una staffetta a squadre di otto atleti, sulla pista rinnovata di Borgo Valbelluna, Belluno. Ogni atleta correr\u00e0 per 20 minuti, passando poi il testimone a un compagno, fino a completare 320 minuti totali di corsa. Le squadre possono essere maschili, femminili o miste, con opzioni agonistiche e non agonistiche. Una ventina di squadre parteciperanno all\u2019evento, che unisce sport e divertimento, con classifiche e premiazioni speciali. La partenza \u00e8 fissata per le 15.20, dopo una riunione tecnica alle 14. L\u2019evento sar\u00e0 accompagnato da un servizio bar, musica e staffette giovanili.<\/p>\n<\/div>\n<\/div>\n<\/div>\n<\/div>\n<\/div>\n<\/div>\n<p>&nbsp;<\/p>\n<p>&nbsp;<\/p>\n<p class=\"mceTemp\"><span style=\"color: #0000ff;\"><b>PALLAVOLO<\/b><\/span><\/p>\n<blockquote>\n<h2><strong><a class=\"dt-pswp-item\" href=\"https:\/\/www.radiopiu.net\/wordpress\/wp-content\/uploads\/2024\/10\/Cengia_aspetta_il_Gabbiano_Mantova-e1728033357811.jpg\" data-dt-img-description=\"Screenshot\" data-large_image_width=\"714\" data-large_image_height=\"724\"><img loading=\"lazy\" decoding=\"async\" class=\"wp-image-412518 alignleft\" src=\"https:\/\/www.radiopiu.net\/wordpress\/wp-content\/uploads\/2024\/10\/Cengia_aspetta_il_Gabbiano_Mantova-e1728033357811-296x300.jpg\" alt=\"\" width=\"143\" height=\"145\" srcset=\"https:\/\/www.radiopiu.net\/wordpress\/wp-content\/uploads\/2024\/10\/Cengia_aspetta_il_Gabbiano_Mantova-e1728033357811-296x300.jpg 296w, https:\/\/www.radiopiu.net\/wordpress\/wp-content\/uploads\/2024\/10\/Cengia_aspetta_il_Gabbiano_Mantova-e1728033357811.jpg 714w\" sizes=\"auto, (max-width: 143px) 100vw, 143px\" \/><\/a>Il Belluno Volley torna all&#8217;Arena di Lambioi<\/strong><\/h2>\n<\/blockquote>\n<p><strong>BELLUNO<\/strong> Oggi alle 17, il Belluno Volley far\u00e0 il suo debutto stagionale all&#8217;Arena di Lambioi, affrontando nuovamente il Gabbiano FarmaMed Mantova. Dopo la sconfitta per 3-2 subita mercoled\u00ec scorso, i rinoceronti cercano il riscatto in questo test cruciale della pre-season. Il centrale Riccardo Cengia (foto) sottolinea l&#8217;importanza della gara per migliorare continuit\u00e0 in battuta e a muro, con la voglia di crescere in vista dell&#8217;inizio del campionato di Serie A3. L&#8217;incontro sar\u00e0 aperto al pubblico.<\/p>\n<p>&nbsp;<\/p>\n<p>&nbsp;<\/p>\n<hr \/>\n<h2><span style=\"color: #ff00ff;\">\u00a0<\/span><\/h2>\n<h2><span style=\"color: #ff00ff;\">GOODBYE BY BICICLE&#8230;UN VIAGGIO DALL&#8217;INDIA A SEREN DEL GRAPPA IN BICICLETTA<\/span><\/h2>\n<p class=\"mceTemp\"><span style=\"color: #ff0000;\"><strong>PUNTATA 31 &#8211; LA TERZA SETTIMANA IN GRECIA<\/strong><\/span><\/p>\n<audio class=\"wp-audio-shortcode\" id=\"audio-412389-25\" preload=\"none\" style=\"width: 100%;\" controls=\"controls\"><source type=\"audio\/mpeg\" src=\"https:\/\/www.radiopiu.net\/wordpress\/wp-content\/uploads\/2024\/09\/AIRE-INDIA-PUNTATA-31.mp3?_=25\" \/><a href=\"https:\/\/www.radiopiu.net\/wordpress\/wp-content\/uploads\/2024\/09\/AIRE-INDIA-PUNTATA-31.mp3\">https:\/\/www.radiopiu.net\/wordpress\/wp-content\/uploads\/2024\/09\/AIRE-INDIA-PUNTATA-31.mp3<\/a><\/audio>\n<p class=\"mceTemp\"><strong>\u00a0<\/strong><\/p>\n<p class=\"mceTemp\"><strong>PER VISITARE I SITI DEI LUOGHI VISITATI, CLICCA SULLE SEGUENTI SCRITTE: <span style=\"color: #3366ff;\"><a href=\"https:\/\/www.wheeling2help.com\/about-us\">WHEELING 2 HELP<\/a> (<a href=\"https:\/\/www.instagram.com\/wheeling2help?igsh=cWZzaGNxMmM4aWF1\">INSTAGRAM)<\/a><\/span><\/strong><\/p>\n\n\t\t\t<style type='text\/css'>\n\t\t\t\t#gallery-2 {\n\t\t\t\t\tmargin: auto;\n\t\t\t\t}\n\t\t\t\t#gallery-2 .gallery-item {\n\t\t\t\t\tfloat: left;\n\t\t\t\t\tmargin-top: 10px;\n\t\t\t\t\ttext-align: center;\n\t\t\t\t\twidth: 20%;\n\t\t\t\t}\n\t\t\t\t#gallery-2 img {\n\t\t\t\t\tborder: 2px solid #cfcfcf;\n\t\t\t\t}\n\t\t\t\t#gallery-2 .gallery-caption {\n\t\t\t\t\tmargin-left: 0;\n\t\t\t\t}\n\t\t\t\t\/* see gallery_shortcode() in wp-includes\/media.php *\/\n\t\t\t<\/style>\n\t\t<div id='gallery-2' class='dt-gallery-container gallery galleryid-412389 gallery-columns-5 gallery-size-thumbnail'><dl class='gallery-item'>\n\t\t\t\t<dt class='gallery-icon landscape'>\n\t\t\t\t\t<a class=\"rollover\" href='https:\/\/www.radiopiu.net\/wordpress\/goodbye-by-bicicle-un-viaggio-dallindia-a-seren-del-grappa-in-bicicletta-39\/85ac9490-ab89-486d-a6cd-72d0473a0020\/'><img loading=\"lazy\" decoding=\"async\" width=\"150\" height=\"150\" src=\"https:\/\/www.radiopiu.net\/wordpress\/wp-content\/uploads\/2024\/09\/85ac9490-ab89-486d-a6cd-72d0473a0020-150x150.jpg\" class=\"attachment-thumbnail size-thumbnail\" alt=\"\" \/><\/a>\n\t\t\t\t<\/dt><\/dl><dl class='gallery-item'>\n\t\t\t\t<dt class='gallery-icon landscape'>\n\t\t\t\t\t<a class=\"rollover\" href='https:\/\/www.radiopiu.net\/wordpress\/goodbye-by-bicicle-un-viaggio-dallindia-a-seren-del-grappa-in-bicicletta-39\/77881b0f-a387-46cc-9030-83d60d6ed9d0\/'><img loading=\"lazy\" decoding=\"async\" width=\"150\" height=\"150\" src=\"https:\/\/www.radiopiu.net\/wordpress\/wp-content\/uploads\/2024\/09\/77881b0f-a387-46cc-9030-83d60d6ed9d0-150x150.jpg\" class=\"attachment-thumbnail size-thumbnail\" alt=\"\" \/><\/a>\n\t\t\t\t<\/dt><\/dl><dl class='gallery-item'>\n\t\t\t\t<dt class='gallery-icon landscape'>\n\t\t\t\t\t<a class=\"rollover\" href='https:\/\/www.radiopiu.net\/wordpress\/goodbye-by-bicicle-un-viaggio-dallindia-a-seren-del-grappa-in-bicicletta-39\/60ac5793-d320-4220-9ff4-62257c37ae5b\/'><img loading=\"lazy\" decoding=\"async\" width=\"150\" height=\"150\" src=\"https:\/\/www.radiopiu.net\/wordpress\/wp-content\/uploads\/2024\/09\/60ac5793-d320-4220-9ff4-62257c37ae5b-150x150.jpg\" class=\"attachment-thumbnail size-thumbnail\" alt=\"\" \/><\/a>\n\t\t\t\t<\/dt><\/dl><dl class='gallery-item'>\n\t\t\t\t<dt class='gallery-icon landscape'>\n\t\t\t\t\t<a class=\"rollover\" href='https:\/\/www.radiopiu.net\/wordpress\/goodbye-by-bicicle-un-viaggio-dallindia-a-seren-del-grappa-in-bicicletta-39\/d08c11bc-edc8-4706-a8d4-2c27a9d917ef\/'><img loading=\"lazy\" decoding=\"async\" width=\"150\" height=\"150\" src=\"https:\/\/www.radiopiu.net\/wordpress\/wp-content\/uploads\/2024\/09\/d08c11bc-edc8-4706-a8d4-2c27a9d917ef-150x150.jpg\" class=\"attachment-thumbnail size-thumbnail\" alt=\"\" \/><\/a>\n\t\t\t\t<\/dt><\/dl><dl class='gallery-item'>\n\t\t\t\t<dt class='gallery-icon portrait'>\n\t\t\t\t\t<a class=\"rollover\" href='https:\/\/www.radiopiu.net\/wordpress\/goodbye-by-bicicle-un-viaggio-dallindia-a-seren-del-grappa-in-bicicletta-39\/fe060dd7-fc31-4a28-8b7d-341dc4626102\/'><img loading=\"lazy\" decoding=\"async\" width=\"150\" height=\"150\" src=\"https:\/\/www.radiopiu.net\/wordpress\/wp-content\/uploads\/2024\/09\/fe060dd7-fc31-4a28-8b7d-341dc4626102-150x150.jpg\" class=\"attachment-thumbnail size-thumbnail\" alt=\"\" \/><\/a>\n\t\t\t\t<\/dt><\/dl><br style=\"clear: both\" \/>\n\t\t\t<\/div>\n\n<h2><\/h2>\n<h2>LA RACCOLTA COMPLETA <a href=\"https:\/\/www.radiopiu.net\/wordpress\/goodbye-by-bicicle-un-viaggio-dallindia-a-seren-del-grappa-in-bicicletta-31\/\"><span style=\"color: #3366ff;\">CLICCA QUI<\/span><\/a><\/h2>\n<p class=\"mceTemp\">\n","protected":false},"excerpt":{"rendered":"<p>** \u00a0 LA\u00a0 APP PER IOS-IPHONE di Nicola Vettorello https:\/\/apps.apple.com\/it\/app\/radio-pi%C3%B9-emittente-agordina\/id1515939845 LA\u00a0 APP RADIO\u00a0 PER ANDROID di Nicola Vettorello https:\/\/play.google.com\/store\/apps\/details?id=net.radiopiu.iniko\u00a0\u00a0\u00a0 &nbsp; &nbsp; &nbsp; MONTE RITE, CORTINA: LA PRIMA CONSISTENTE NEVICATA. MISURATI 60 CENTIMETRI &nbsp; Neve e disagi sui passi dolomitici TAIBON Nelle ultime ore, forti nevicate hanno causato disagi in alta quota, soprattutto sui passi dolomitici.&hellip;<\/p>\n","protected":false},"author":4,"featured_media":412467,"comment_status":"closed","ping_status":"closed","sticky":false,"template":"","format":"standard","meta":{"_monsterinsights_skip_tracking":false,"_monsterinsights_sitenote_active":false,"_monsterinsights_sitenote_note":"","_monsterinsights_sitenote_category":0,"footnotes":""},"categories":[51,86,49],"tags":[],"class_list":["post-412389","post","type-post","status-publish","format-standard","has-post-thumbnail","hentry","category-evidenza-top","category-gr","category-news-18","category-51","category-86","category-49","description-off"],"img_url":"https:\/\/www.radiopiu.net\/wordpress\/wp-content\/uploads\/2024\/10\/45bcb6bf-0d14-4f8d-95a7-9f90a9ebd7be.jpg","_links":{"self":[{"href":"https:\/\/www.radiopiu.net\/wordpress\/wp-json\/wp\/v2\/posts\/412389","targetHints":{"allow":["GET"]}}],"collection":[{"href":"https:\/\/www.radiopiu.net\/wordpress\/wp-json\/wp\/v2\/posts"}],"about":[{"href":"https:\/\/www.radiopiu.net\/wordpress\/wp-json\/wp\/v2\/types\/post"}],"author":[{"embeddable":true,"href":"https:\/\/www.radiopiu.net\/wordpress\/wp-json\/wp\/v2\/users\/4"}],"replies":[{"embeddable":true,"href":"https:\/\/www.radiopiu.net\/wordpress\/wp-json\/wp\/v2\/comments?post=412389"}],"version-history":[{"count":35,"href":"https:\/\/www.radiopiu.net\/wordpress\/wp-json\/wp\/v2\/posts\/412389\/revisions"}],"predecessor-version":[{"id":412724,"href":"https:\/\/www.radiopiu.net\/wordpress\/wp-json\/wp\/v2\/posts\/412389\/revisions\/412724"}],"wp:featuredmedia":[{"embeddable":true,"href":"https:\/\/www.radiopiu.net\/wordpress\/wp-json\/wp\/v2\/media\/412467"}],"wp:attachment":[{"href":"https:\/\/www.radiopiu.net\/wordpress\/wp-json\/wp\/v2\/media?parent=412389"}],"wp:term":[{"taxonomy":"category","embeddable":true,"href":"https:\/\/www.radiopiu.net\/wordpress\/wp-json\/wp\/v2\/categories?post=412389"},{"taxonomy":"post_tag","embeddable":true,"href":"https:\/\/www.radiopiu.net\/wordpress\/wp-json\/wp\/v2\/tags?post=412389"}],"curies":[{"name":"wp","href":"https:\/\/api.w.org\/{rel}","templated":true}]}}