{"id":412407,"date":"2024-10-04T04:38:26","date_gmt":"2024-10-04T02:38:26","guid":{"rendered":"https:\/\/www.radiopiu.net\/wordpress\/?p=412407"},"modified":"2024-10-04T04:39:44","modified_gmt":"2024-10-04T02:39:44","slug":"412407-2","status":"publish","type":"post","link":"https:\/\/www.radiopiu.net\/wordpress\/412407-2\/","title":{"rendered":"QUANDO IL NIPOTE RICORDA, MOSTRAMI IL PASSATO: UN MUSEO NELLA VECCHIA STALLA"},"content":{"rendered":"<p>**<\/p>\n<p>DI GIANNI SANTOMASO<\/p>\n<p>&nbsp;<\/p>\n<p><strong><a class=\"dt-pswp-item\" href=\"https:\/\/www.radiopiu.net\/wordpress\/wp-content\/uploads\/2024\/10\/FRASSENE-AGORDINO-Bepi2-Della-Lucia-orghen.jpg\" data-dt-img-description=\"\" data-large_image_width=\"984\" data-large_image_height=\"984\"><img loading=\"lazy\" decoding=\"async\" class=\"size-medium wp-image-412395 alignleft\" src=\"https:\/\/www.radiopiu.net\/wordpress\/wp-content\/uploads\/2024\/10\/FRASSENE-AGORDINO-Bepi2-Della-Lucia-orghen-300x300.jpg\" alt=\"\" width=\"300\" height=\"300\" srcset=\"https:\/\/www.radiopiu.net\/wordpress\/wp-content\/uploads\/2024\/10\/FRASSENE-AGORDINO-Bepi2-Della-Lucia-orghen-300x300.jpg 300w, https:\/\/www.radiopiu.net\/wordpress\/wp-content\/uploads\/2024\/10\/FRASSENE-AGORDINO-Bepi2-Della-Lucia-orghen-150x150.jpg 150w, https:\/\/www.radiopiu.net\/wordpress\/wp-content\/uploads\/2024\/10\/FRASSENE-AGORDINO-Bepi2-Della-Lucia-orghen-768x768.jpg 768w, https:\/\/www.radiopiu.net\/wordpress\/wp-content\/uploads\/2024\/10\/FRASSENE-AGORDINO-Bepi2-Della-Lucia-orghen.jpg 984w\" sizes=\"auto, (max-width: 300px) 100vw, 300px\" \/><\/a>VOLTAGO<\/strong>. Il ricordo di nonno Bepi in un piccolo museo realizzato nella vecchia stalla dal nipote Giovanni. Frassen\u00e9 Agordino. La ridente localit\u00e0 ai piedi dell\u2019Agn\u00e8r, un tempo all\u2019avanguardia in campo turistico, definita \u201cla piccola Cortina\u201d, dove l\u2019esule armeno Ohann\u00e9s Gurekian (1902-1984) aveva fondato la prima Pro Loco d\u2019italia, vive oggi, come altre comunit\u00e0 della montagna, la triste realt\u00e0 dello spopolamento e della chiusura di servizi e di attivit\u00e0 commerciali una volta fiorenti.<br \/>\nMa nonostante una cos\u00ec poco consolante situazione, suscita interesse e ammirazione l\u2019iniziativa di un giovane mosso dal desiderio di preservare un legame prezioso con il passato, di onorare le radici che hanno plasmato la storia della sua famiglia. \u00c8 l\u2019idea di una mostra, dal significativo titolo \u201cMostrami il passato\u201d, studiata e realizzata dal poco pi\u00f9 che <a class=\"dt-pswp-item\" href=\"https:\/\/www.radiopiu.net\/wordpress\/wp-content\/uploads\/2024\/10\/Frassene-Agordino-anni-50.jpg\" data-dt-img-description=\"\" data-large_image_width=\"1534\" data-large_image_height=\"949\"><img loading=\"lazy\" decoding=\"async\" class=\"size-medium wp-image-412396 alignright\" src=\"https:\/\/www.radiopiu.net\/wordpress\/wp-content\/uploads\/2024\/10\/Frassene-Agordino-anni-50-300x186.jpg\" alt=\"\" width=\"300\" height=\"186\" srcset=\"https:\/\/www.radiopiu.net\/wordpress\/wp-content\/uploads\/2024\/10\/Frassene-Agordino-anni-50-300x186.jpg 300w, https:\/\/www.radiopiu.net\/wordpress\/wp-content\/uploads\/2024\/10\/Frassene-Agordino-anni-50-1024x633.jpg 1024w, https:\/\/www.radiopiu.net\/wordpress\/wp-content\/uploads\/2024\/10\/Frassene-Agordino-anni-50-768x475.jpg 768w, https:\/\/www.radiopiu.net\/wordpress\/wp-content\/uploads\/2024\/10\/Frassene-Agordino-anni-50.jpg 1534w\" sizes=\"auto, (max-width: 300px) 100vw, 300px\" \/><\/a>ventenne Giovanni Della Lucia che l\u2019ha voluta dedicare alla vita del nonno Giuseppe Della Lucia, simpatica figura nota in tutta la Conca agordina (per tanti anni infermiere all\u2019ospedale di Agordo), anche col nomignolo di \u201cBepi2, \u00f2rghen\u201d, morto alla bella et\u00e0 di 95 anni nel luglio 2019, lasciando ovunque un amabile ricordo.<br \/>\n\u00c8 in sostanza un piccolo museo etnografico, comprendente moltissimi oggetti antichi, indispensabili per la vita nel \u2018900 nei nostri paesi ,ma non solo, che sar\u00e0 inaugurato, con il patrocinio dell\u2019Amministrazione comunale di Voltago, sabato prossimo 5 ottobre, alle ore 15, in via Costa dall\u2019Acqua, n.16. Una mostra permanente, anche con video riassuntivo e spiegazione dei vari utensili e accessori esposti, che potr\u00e0 essere visitata da tutti pure sul sito internet https:\/\/www.mostrabepiorghen.com\/ realizzato ad hoc e aperta al pubblico contattando l\u2019indirizzo mail: info@mostrabepiorghen.com<br \/>\n\u00abE? un tributo affettuoso al nonno Bepi, e al mondo incantevole situato tra le maestose vette dell\u2019Agordino\u00bb, spiega Giovanni, \u00abuna testimonianza delle esperienze e delle storie che hanno tessuto la storia della nostra vita familiare, un omaggio alla resilienza, alla passione e all\u2019amore che hanno caratterizzato le vite dei nonni Bepi e Maria. Attraverso la mostra, che ha preso forma nella vecchia stalla della nostra famiglia, abbiamo cercato di preservare e condividere un pezzo di storia che altrimenti rischierebbe di scomparire nel passare del tempo\u00bb.<br \/>\nFOTO &#8211; Il nonno Giuseppe \u201cBepi2 \u00f2rghen\u201d Della Lucia; \u00a0Frasen\u00e9 Agordino in un\u2019immagine degli anni \u201950.<\/p>\n<p>&nbsp;<\/p>\n<hr \/>\n<p>&nbsp;<\/p>\n","protected":false},"excerpt":{"rendered":"<p>** DI GIANNI SANTOMASO &nbsp; VOLTAGO. Il ricordo di nonno Bepi in un piccolo museo realizzato nella vecchia stalla dal nipote Giovanni. Frassen\u00e9 Agordino. La ridente localit\u00e0 ai piedi dell\u2019Agn\u00e8r, un tempo all\u2019avanguardia in campo turistico, definita \u201cla piccola Cortina\u201d, dove l\u2019esule armeno Ohann\u00e9s Gurekian (1902-1984) aveva fondato la prima Pro Loco d\u2019italia, vive oggi,&hellip;<\/p>\n","protected":false},"author":4,"featured_media":412395,"comment_status":"closed","ping_status":"closed","sticky":false,"template":"","format":"standard","meta":{"_monsterinsights_skip_tracking":false,"_monsterinsights_sitenote_active":false,"_monsterinsights_sitenote_note":"","_monsterinsights_sitenote_category":0,"footnotes":""},"categories":[51,49],"tags":[],"class_list":["post-412407","post","type-post","status-publish","format-standard","has-post-thumbnail","hentry","category-evidenza-top","category-news-18","category-51","category-49","description-off"],"img_url":"https:\/\/www.radiopiu.net\/wordpress\/wp-content\/uploads\/2024\/10\/FRASSENE-AGORDINO-Bepi2-Della-Lucia-orghen.jpg","_links":{"self":[{"href":"https:\/\/www.radiopiu.net\/wordpress\/wp-json\/wp\/v2\/posts\/412407","targetHints":{"allow":["GET"]}}],"collection":[{"href":"https:\/\/www.radiopiu.net\/wordpress\/wp-json\/wp\/v2\/posts"}],"about":[{"href":"https:\/\/www.radiopiu.net\/wordpress\/wp-json\/wp\/v2\/types\/post"}],"author":[{"embeddable":true,"href":"https:\/\/www.radiopiu.net\/wordpress\/wp-json\/wp\/v2\/users\/4"}],"replies":[{"embeddable":true,"href":"https:\/\/www.radiopiu.net\/wordpress\/wp-json\/wp\/v2\/comments?post=412407"}],"version-history":[{"count":3,"href":"https:\/\/www.radiopiu.net\/wordpress\/wp-json\/wp\/v2\/posts\/412407\/revisions"}],"predecessor-version":[{"id":412410,"href":"https:\/\/www.radiopiu.net\/wordpress\/wp-json\/wp\/v2\/posts\/412407\/revisions\/412410"}],"wp:featuredmedia":[{"embeddable":true,"href":"https:\/\/www.radiopiu.net\/wordpress\/wp-json\/wp\/v2\/media\/412395"}],"wp:attachment":[{"href":"https:\/\/www.radiopiu.net\/wordpress\/wp-json\/wp\/v2\/media?parent=412407"}],"wp:term":[{"taxonomy":"category","embeddable":true,"href":"https:\/\/www.radiopiu.net\/wordpress\/wp-json\/wp\/v2\/categories?post=412407"},{"taxonomy":"post_tag","embeddable":true,"href":"https:\/\/www.radiopiu.net\/wordpress\/wp-json\/wp\/v2\/tags?post=412407"}],"curies":[{"name":"wp","href":"https:\/\/api.w.org\/{rel}","templated":true}]}}