{"id":412412,"date":"2024-10-04T05:11:06","date_gmt":"2024-10-04T03:11:06","guid":{"rendered":"https:\/\/www.radiopiu.net\/wordpress\/?p=412412"},"modified":"2024-10-04T05:27:57","modified_gmt":"2024-10-04T03:27:57","slug":"dillo-a-radio-piu-ufficio-postale-di-vallada-agordina-chiuso-da-maggio-nessuna-comunicazione-ufficiale","status":"publish","type":"post","link":"https:\/\/www.radiopiu.net\/wordpress\/dillo-a-radio-piu-ufficio-postale-di-vallada-agordina-chiuso-da-maggio-nessuna-comunicazione-ufficiale\/","title":{"rendered":"Ufficio Postale di Vallada Agordina: Chiuso da Maggio, Nessuna Comunicazione Ufficiale"},"content":{"rendered":"<p>***<\/p>\n<blockquote><p><em>A.\u00a0 residente locale, si chiede con apprensione cosa accadr\u00e0, sottolineando il disagio crescente per gli abitanti.<\/em><\/p><\/blockquote>\n<p><strong>VALLADA<\/strong><\/p>\n<p><img loading=\"lazy\" decoding=\"async\" class=\"alignleft\" src=\"https:\/\/www.radiopiu.net\/wordpress\/wp-content\/uploads\/2019\/05\/vallada-agordina.jpg\" width=\"231\" height=\"154\" \/>Fine maggio 2024, un dirigente di Poste Italiane da Roma aveva comunicato la chiusura temporanea dell\u2019ufficio postale di Vallada Agordina per circa 15 giorni. L\u2019obiettivo era adeguare la struttura alle nuove funzioni, come il rilascio di passaporti e certificati anagrafici. Poco dopo, una lettera del responsabile bellunese di Poste Italiane confermava l\u2019intervento, indicando l\u2019ufficio di Caviola (aperto solo luned\u00ec, mercoled\u00ec e venerd\u00ec) come punto di riferimento temporaneo per gli utenti di Vallada. Ora, \u00e8 il 3 ottobre 2024 e l&#8217;ufficio postale di Vallada \u00e8 ancora chiuso. Nonostante i lavori siano proseguiti fino a tardi, nessuna ulteriore comunicazione \u00e8 stata fornita. La preoccupazione cresce, soprattutto con l\u2019arrivo dell\u2019inverno e considerando le esigenze della popolazione anziana del paese. Quali sono le intenzioni di Poste Italiane? Chiuderanno definitivamente l&#8217;ufficio di Vallada?<\/p>\n<p>&nbsp;<\/p>\n<p>&nbsp;<\/p>\n<hr \/>\n<p>&nbsp;<\/p>\n","protected":false},"excerpt":{"rendered":"<p>*** A.\u00a0 residente locale, si chiede con apprensione cosa accadr\u00e0, sottolineando il disagio crescente per gli abitanti. VALLADA Fine maggio 2024, un dirigente di Poste Italiane da Roma aveva comunicato la chiusura temporanea dell\u2019ufficio postale di Vallada Agordina per circa 15 giorni. L\u2019obiettivo era adeguare la struttura alle nuove funzioni, come il rilascio di passaporti&hellip;<\/p>\n","protected":false},"author":4,"featured_media":85787,"comment_status":"closed","ping_status":"closed","sticky":false,"template":"","format":"standard","meta":{"_monsterinsights_skip_tracking":false,"_monsterinsights_sitenote_active":false,"_monsterinsights_sitenote_note":"","_monsterinsights_sitenote_category":0,"footnotes":""},"categories":[51,49],"tags":[],"class_list":["post-412412","post","type-post","status-publish","format-standard","has-post-thumbnail","hentry","category-evidenza-top","category-news-18","category-51","category-49","description-off"],"img_url":"https:\/\/www.radiopiu.net\/wordpress\/wp-content\/uploads\/2019\/05\/vallada-agordina.jpg","_links":{"self":[{"href":"https:\/\/www.radiopiu.net\/wordpress\/wp-json\/wp\/v2\/posts\/412412","targetHints":{"allow":["GET"]}}],"collection":[{"href":"https:\/\/www.radiopiu.net\/wordpress\/wp-json\/wp\/v2\/posts"}],"about":[{"href":"https:\/\/www.radiopiu.net\/wordpress\/wp-json\/wp\/v2\/types\/post"}],"author":[{"embeddable":true,"href":"https:\/\/www.radiopiu.net\/wordpress\/wp-json\/wp\/v2\/users\/4"}],"replies":[{"embeddable":true,"href":"https:\/\/www.radiopiu.net\/wordpress\/wp-json\/wp\/v2\/comments?post=412412"}],"version-history":[{"count":2,"href":"https:\/\/www.radiopiu.net\/wordpress\/wp-json\/wp\/v2\/posts\/412412\/revisions"}],"predecessor-version":[{"id":412414,"href":"https:\/\/www.radiopiu.net\/wordpress\/wp-json\/wp\/v2\/posts\/412412\/revisions\/412414"}],"wp:featuredmedia":[{"embeddable":true,"href":"https:\/\/www.radiopiu.net\/wordpress\/wp-json\/wp\/v2\/media\/85787"}],"wp:attachment":[{"href":"https:\/\/www.radiopiu.net\/wordpress\/wp-json\/wp\/v2\/media?parent=412412"}],"wp:term":[{"taxonomy":"category","embeddable":true,"href":"https:\/\/www.radiopiu.net\/wordpress\/wp-json\/wp\/v2\/categories?post=412412"},{"taxonomy":"post_tag","embeddable":true,"href":"https:\/\/www.radiopiu.net\/wordpress\/wp-json\/wp\/v2\/tags?post=412412"}],"curies":[{"name":"wp","href":"https:\/\/api.w.org\/{rel}","templated":true}]}}