{"id":412422,"date":"2024-10-04T05:13:58","date_gmt":"2024-10-04T03:13:58","guid":{"rendered":"https:\/\/www.radiopiu.net\/wordpress\/?p=412422"},"modified":"2024-10-04T08:18:02","modified_gmt":"2024-10-04T06:18:02","slug":"addio-a-giobbe-pilota-organizzatore-amico-dellautomobilismo-bellunese","status":"publish","type":"post","link":"https:\/\/www.radiopiu.net\/wordpress\/addio-a-giobbe-pilota-organizzatore-amico-dellautomobilismo-bellunese\/","title":{"rendered":"Addio a Giobbe: Pilota, Organizzatore, Amico dell&#8217;Automobilismo Bellunese"},"content":{"rendered":"<p>***<\/p>\n<p><strong><img loading=\"lazy\" decoding=\"async\" class=\"alignleft\" src=\"https:\/\/www.radiopiu.net\/wordpress\/wp-content\/uploads\/2024\/10\/462003098_1055424095954664_6808483530161221540_n.jpg\" width=\"331\" height=\"263\" \/>il ricordo di Gianpaolo Bottacin<\/strong><\/p>\n<p><strong>BELLUNO<\/strong> Con la scomparsa di Giobbe Mastellotto, la provincia di Belluno perde un pezzo importante della sua storia motoristica. Organizzatore di gare e pilota talentuoso, Giobbe ha contribuito a rendere Belluno una delle province pi\u00f9 attive nel mondo delle competizioni automobilistiche, con ben otto eventi annuali, molti dei quali organizzati da lui. Il ricordo di Gianpaolo Bottacin:<em> &#8220;Lo conobbi nel 1986, quando lo invitai a una gimkana nel mio paese, e da allora siamo diventati amici. Il suo stile di guida arrembante, quasi &#8220;finnico&#8221;, sempre in derapata, non passava inosservato. Scommetteva su vetture insolite, come la Toyota o la 33 4&#215;4, e otteneva comunque ottimi risultati.Negli ultimi anni spesso parlavamo di fare una gara insieme, ma il destino non ci ha dato questa possibilit\u00e0. Ti ricorder\u00f2 sempre cos\u00ec, Giobbe, sfrecciando di traverso o in volo. Un volo che ora continuer\u00e0 per sempre. Ciao, amico&#8221;.<\/em><\/p>\n<p>&nbsp;<\/p>\n<hr \/>\n<p>&nbsp;<\/p>\n","protected":false},"excerpt":{"rendered":"<p>*** il ricordo di Gianpaolo Bottacin BELLUNO Con la scomparsa di Giobbe Mastellotto, la provincia di Belluno perde un pezzo importante della sua storia motoristica. Organizzatore di gare e pilota talentuoso, Giobbe ha contribuito a rendere Belluno una delle province pi\u00f9 attive nel mondo delle competizioni automobilistiche, con ben otto eventi annuali, molti dei quali&hellip;<\/p>\n","protected":false},"author":4,"featured_media":412423,"comment_status":"closed","ping_status":"closed","sticky":false,"template":"","format":"standard","meta":{"_monsterinsights_skip_tracking":false,"_monsterinsights_sitenote_active":false,"_monsterinsights_sitenote_note":"","_monsterinsights_sitenote_category":0,"footnotes":""},"categories":[51,49],"tags":[],"class_list":["post-412422","post","type-post","status-publish","format-standard","has-post-thumbnail","hentry","category-evidenza-top","category-news-18","category-51","category-49","description-off"],"img_url":"https:\/\/www.radiopiu.net\/wordpress\/wp-content\/uploads\/2024\/10\/462003098_1055424095954664_6808483530161221540_n.jpg","_links":{"self":[{"href":"https:\/\/www.radiopiu.net\/wordpress\/wp-json\/wp\/v2\/posts\/412422","targetHints":{"allow":["GET"]}}],"collection":[{"href":"https:\/\/www.radiopiu.net\/wordpress\/wp-json\/wp\/v2\/posts"}],"about":[{"href":"https:\/\/www.radiopiu.net\/wordpress\/wp-json\/wp\/v2\/types\/post"}],"author":[{"embeddable":true,"href":"https:\/\/www.radiopiu.net\/wordpress\/wp-json\/wp\/v2\/users\/4"}],"replies":[{"embeddable":true,"href":"https:\/\/www.radiopiu.net\/wordpress\/wp-json\/wp\/v2\/comments?post=412422"}],"version-history":[{"count":2,"href":"https:\/\/www.radiopiu.net\/wordpress\/wp-json\/wp\/v2\/posts\/412422\/revisions"}],"predecessor-version":[{"id":412466,"href":"https:\/\/www.radiopiu.net\/wordpress\/wp-json\/wp\/v2\/posts\/412422\/revisions\/412466"}],"wp:featuredmedia":[{"embeddable":true,"href":"https:\/\/www.radiopiu.net\/wordpress\/wp-json\/wp\/v2\/media\/412423"}],"wp:attachment":[{"href":"https:\/\/www.radiopiu.net\/wordpress\/wp-json\/wp\/v2\/media?parent=412422"}],"wp:term":[{"taxonomy":"category","embeddable":true,"href":"https:\/\/www.radiopiu.net\/wordpress\/wp-json\/wp\/v2\/categories?post=412422"},{"taxonomy":"post_tag","embeddable":true,"href":"https:\/\/www.radiopiu.net\/wordpress\/wp-json\/wp\/v2\/tags?post=412422"}],"curies":[{"name":"wp","href":"https:\/\/api.w.org\/{rel}","templated":true}]}}