{"id":412505,"date":"2024-10-05T05:36:33","date_gmt":"2024-10-05T03:36:33","guid":{"rendered":"https:\/\/www.radiopiu.net\/wordpress\/?p=412505"},"modified":"2024-10-05T05:51:46","modified_gmt":"2024-10-05T03:51:46","slug":"412505-2","status":"publish","type":"post","link":"https:\/\/www.radiopiu.net\/wordpress\/412505-2\/","title":{"rendered":"In Municipio a Belluno arriva il postino: delusione dei giovani per la gestione culturale"},"content":{"rendered":"<p>***<\/p>\n<p>&nbsp;<\/p>\n<p><strong><img decoding=\"async\" class=\"alignleft\" src=\"https:\/\/www.radiopiu.net\/wordpress\/wp-content\/uploads\/2024\/10\/1009a8a3-6e25-4a68-a059-aef968e96b02-scaled-1.webp\" \/>REDAZIONE <\/strong>Il Sindaco Oscar De Pellegrin e l\u2019Assessore alla Cultura Raffaele Addamiano hanno ricevuto una lettera firmata da Luca Frescura e Thomas Menia Corbanese, rappresentanti del gruppo &#8220;Giovani e Futuro&#8221;. La missiva, inviata da Vigo di Cadore, esprime delusione per la gestione culturale recente, in particolare per la destituzione di Massimo Ferigutti dalla presidenza della Fondazione Teatri. I firmatari criticano l&#8217;influenza della politica sulla cultura e auspicano un futuro in cui quest&#8217;ultima possa essere libera da condizionamenti partitici. <em>&#8220;Non accettiamo che la cultura venga strumentalizzata dalla politica,&#8221;<\/em> scrivono Frescura e Menia Corbanese, sottolineando il bisogno di un cambiamento.<\/p>\n<p>&nbsp;<\/p>\n<p><strong>LA LETTERA\u00a0 \u00a0DUE PAGINE\u00a0<\/strong><\/p>\n<a href=\"https:\/\/www.radiopiu.net\/wordpress\/wp-content\/uploads\/2024\/10\/Lettera-sindaco-De-Pellegrin-4.10.2024.pdf\" class=\"pdfemb-viewer\" style=\"\" data-width=\"max\" data-height=\"max\" data-toolbar=\"top\" data-toolbar-fixed=\"on\">Lettera sindaco De Pellegrin 4.10.2024<\/a>\n<p>&nbsp;<\/p>\n<h2><span style=\"color: #ff0000;\">ARCHIVIO RADIOPIU 27 SETTEMBRE 2024<\/span><\/h2>\n<blockquote class=\"wp-embedded-content\" data-secret=\"2IKi7IWOAM\"><p><a href=\"https:\/\/www.radiopiu.net\/wordpress\/giovani-futuro-sollecita-miglioramenti-nel-trasporto-pubblico\/\">Giovani &#038; Futuro sollecita miglioramenti nel trasporto pubblico<\/a><\/p><\/blockquote>\n<p><iframe loading=\"lazy\" class=\"wp-embedded-content\" sandbox=\"allow-scripts\" security=\"restricted\" style=\"position: absolute; visibility: hidden;\" title=\"&#8220;Giovani &#038; Futuro sollecita miglioramenti nel trasporto pubblico&#8221; &#8212; Radio Pi\u00f9\" src=\"https:\/\/www.radiopiu.net\/wordpress\/giovani-futuro-sollecita-miglioramenti-nel-trasporto-pubblico\/embed\/#?secret=1SMEm5Bxqt#?secret=2IKi7IWOAM\" data-secret=\"2IKi7IWOAM\" width=\"600\" height=\"338\" frameborder=\"0\" marginwidth=\"0\" marginheight=\"0\" scrolling=\"no\"><\/iframe><\/p>\n<h2><span style=\"color: #ff0000;\">\u00a0<\/span><\/h2>\n<h2><span style=\"color: #ff0000;\">ARCHIVIO RADIOPIU 20 SETTEMBRE 2024<\/span><\/h2>\n<blockquote class=\"wp-embedded-content\" data-secret=\"yeZIJFudso\"><p><a href=\"https:\/\/www.radiopiu.net\/wordpress\/questionario-sul-servizio-di-trasporto-pubblico-locale\/\">QUESTIONARIO SUL SERVIZIO DI TRASPORTO PUBBLICO LOCALE<\/a><\/p><\/blockquote>\n<p><iframe loading=\"lazy\" class=\"wp-embedded-content\" sandbox=\"allow-scripts\" security=\"restricted\" style=\"position: absolute; visibility: hidden;\" title=\"&#8220;QUESTIONARIO SUL SERVIZIO DI TRASPORTO PUBBLICO LOCALE&#8221; &#8212; Radio Pi\u00f9\" src=\"https:\/\/www.radiopiu.net\/wordpress\/questionario-sul-servizio-di-trasporto-pubblico-locale\/embed\/#?secret=G9f3NKycFg#?secret=yeZIJFudso\" data-secret=\"yeZIJFudso\" width=\"600\" height=\"338\" frameborder=\"0\" marginwidth=\"0\" marginheight=\"0\" scrolling=\"no\"><\/iframe><\/p>\n<h2><\/h2>\n<h2><span style=\"color: #ff0000;\">\u00a0<\/span><\/h2>\n<h2><span style=\"color: #ff0000;\">ARCHIVIO RADIOPIU 19 GIUGNO 2024<\/span><\/h2>\n<blockquote class=\"wp-embedded-content\" data-secret=\"k4uQERbp4o\"><p><a href=\"https:\/\/www.radiopiu.net\/wordpress\/thomas-menia-corbanese-a-danta-di-cadore-il-sindaco-piu-giovane-della-provincia\/\">THOMAS MENIA CORBANESE, A DANTA DI CADORE IL SINDACO PIU&#8217; GIOVANE DELLA PROVINCIA<\/a><\/p><\/blockquote>\n<p><iframe loading=\"lazy\" class=\"wp-embedded-content\" sandbox=\"allow-scripts\" security=\"restricted\" style=\"position: absolute; visibility: hidden;\" title=\"&#8220;THOMAS MENIA CORBANESE, A DANTA DI CADORE IL SINDACO PIU&#8217; GIOVANE DELLA PROVINCIA&#8221; &#8212; Radio Pi\u00f9\" src=\"https:\/\/www.radiopiu.net\/wordpress\/thomas-menia-corbanese-a-danta-di-cadore-il-sindaco-piu-giovane-della-provincia\/embed\/#?secret=J0PRRmc2wZ#?secret=k4uQERbp4o\" data-secret=\"k4uQERbp4o\" width=\"600\" height=\"338\" frameborder=\"0\" marginwidth=\"0\" marginheight=\"0\" scrolling=\"no\"><\/iframe><\/p>\n<p>&nbsp;<\/p>\n<p>&nbsp;<\/p>\n<h2><span style=\"color: #ff0000;\">ARCHIVIO RADIOPIU 09 FEBBRAIO 2024<\/span><\/h2>\n<blockquote>\n<h3><a class=\"dt-pswp-item\" href=\"https:\/\/www.radiopiu.net\/wordpress\/wp-content\/uploads\/2024\/02\/menia-corbanese-frescura-2-scaled.jpg\" data-dt-img-description=\"\" data-large_image_width=\"1920\" data-large_image_height=\"2560\"><img loading=\"lazy\" decoding=\"async\" class=\"wp-image-373734 alignleft\" src=\"https:\/\/www.radiopiu.net\/wordpress\/wp-content\/uploads\/2024\/02\/menia-corbanese-frescura-2-225x300.jpg\" alt=\"\" width=\"150\" height=\"200\" srcset=\"https:\/\/www.radiopiu.net\/wordpress\/wp-content\/uploads\/2024\/02\/menia-corbanese-frescura-2-225x300.jpg 225w, https:\/\/www.radiopiu.net\/wordpress\/wp-content\/uploads\/2024\/02\/menia-corbanese-frescura-2-768x1024.jpg 768w, https:\/\/www.radiopiu.net\/wordpress\/wp-content\/uploads\/2024\/02\/menia-corbanese-frescura-2-1152x1536.jpg 1152w, https:\/\/www.radiopiu.net\/wordpress\/wp-content\/uploads\/2024\/02\/menia-corbanese-frescura-2-1536x2048.jpg 1536w, https:\/\/www.radiopiu.net\/wordpress\/wp-content\/uploads\/2024\/02\/menia-corbanese-frescura-2-scaled.jpg 1920w\" sizes=\"auto, (max-width: 150px) 100vw, 150px\" \/><\/a>THOMAS MENIA CORBANESE CANDIDATO SINDACO CON LA LISTA \u201cLA DANTA DI DOMANI!\u201d<\/h3>\n<\/blockquote>\n<p><strong>DANTA DI CADORE <\/strong>Thomas Menia Corbanese ha ufficializzato la sua candidatura a sindaco per le elezioni amministrative del 2024 a Danta. Durante la presentazione, ha sottolineato tematiche cruciali per il futuro del comune, quali l&#8217;istruzione, il turismo, il supporto alle imprese e il benessere delle famiglie e degli anziani. Menia Corbanese ha enfatizzato l&#8217;importanza di proporre idee concrete e realizzabili, evitando promesse irrealizzabili. Il presidente di Giovani&amp;Futuro, Luca Frescura, ha espresso il pieno sostegno all&#8217;associazione al candidato e alla lista, evidenziando la solidit\u00e0 e l&#8217;unit\u00e0 del gruppo. Il programma elettorale \u00e8 ancora in fase di elaborazione, con l&#8217;obiettivo di coinvolgere l&#8217;intera comunit\u00e0 nel processo decisionale e di realizzare un progetto condiviso per il bene di Danta. Menia Corbanese ha ringraziato Giovani&amp;Futuro per il supporto e ha sottolineato l&#8217;importanza del lavoro di squadra per ottenere risultati positivi e migliorativi<\/p>\n<div class=\"flex-1 overflow-hidden\">\n<div class=\"react-scroll-to-bottom--css-wmvrr-79elbk h-full\">\n<div class=\"react-scroll-to-bottom--css-wmvrr-1n7m0yu\">\n<div class=\"flex flex-col pb-9 text-sm\">\n<div class=\"w-full text-token-text-primary\" data-testid=\"conversation-turn-27\">\n<div class=\"px-4 py-2 justify-center text-base md:gap-6 m-auto\">\n<div class=\"flex flex-1 text-base mx-auto gap-3 md:px-5 lg:px-1 xl:px-5 md:max-w-3xl lg:max-w-[40rem] xl:max-w-[48rem] group final-completion\">\n<div class=\"relative flex w-full flex-col lg:w-[calc(100%-115px)] agent-turn\">\n<div class=\"flex-col gap-1 md:gap-3\">\n<div class=\"mt-1 flex justify-start gap-3 empty:hidden\">\n<div class=\"text-gray-400 flex self-end lg:self-center justify-center lg:justify-start mt-0 -ml-1 visible\"><\/div>\n<\/div>\n<\/div>\n<\/div>\n<\/div>\n<\/div>\n<\/div>\n<\/div>\n<\/div>\n<\/div>\n<\/div>\n<p>&nbsp;<\/p>\n<p>&nbsp;<\/p>\n<blockquote class=\"wp-embedded-content\" data-secret=\"k4uQERbp4o\"><p><a href=\"https:\/\/www.radiopiu.net\/wordpress\/thomas-menia-corbanese-a-danta-di-cadore-il-sindaco-piu-giovane-della-provincia\/\">THOMAS MENIA CORBANESE, A DANTA DI CADORE IL SINDACO PIU&#8217; GIOVANE DELLA PROVINCIA<\/a><\/p><\/blockquote>\n<p><iframe loading=\"lazy\" class=\"wp-embedded-content\" sandbox=\"allow-scripts\" security=\"restricted\" style=\"position: absolute; visibility: hidden;\" title=\"&#8220;THOMAS MENIA CORBANESE, A DANTA DI CADORE IL SINDACO PIU&#8217; GIOVANE DELLA PROVINCIA&#8221; &#8212; Radio Pi\u00f9\" src=\"https:\/\/www.radiopiu.net\/wordpress\/thomas-menia-corbanese-a-danta-di-cadore-il-sindaco-piu-giovane-della-provincia\/embed\/#?secret=J0PRRmc2wZ#?secret=k4uQERbp4o\" data-secret=\"k4uQERbp4o\" width=\"600\" height=\"338\" frameborder=\"0\" marginwidth=\"0\" marginheight=\"0\" scrolling=\"no\"><\/iframe><\/p>\n","protected":false},"excerpt":{"rendered":"<p>*** &nbsp; REDAZIONE Il Sindaco Oscar De Pellegrin e l\u2019Assessore alla Cultura Raffaele Addamiano hanno ricevuto una lettera firmata da Luca Frescura e Thomas Menia Corbanese, rappresentanti del gruppo &#8220;Giovani e Futuro&#8221;. La missiva, inviata da Vigo di Cadore, esprime delusione per la gestione culturale recente, in particolare per la destituzione di Massimo Ferigutti dalla&hellip;<\/p>\n","protected":false},"author":4,"featured_media":412510,"comment_status":"closed","ping_status":"closed","sticky":false,"template":"","format":"standard","meta":{"_monsterinsights_skip_tracking":false,"_monsterinsights_sitenote_active":false,"_monsterinsights_sitenote_note":"","_monsterinsights_sitenote_category":0,"footnotes":""},"categories":[49],"tags":[],"class_list":["post-412505","post","type-post","status-publish","format-standard","has-post-thumbnail","hentry","category-news-18","category-49","description-off"],"img_url":"https:\/\/www.radiopiu.net\/wordpress\/wp-content\/uploads\/2024\/10\/1009a8a3-6e25-4a68-a059-aef968e96b02-scaled-1.webp","_links":{"self":[{"href":"https:\/\/www.radiopiu.net\/wordpress\/wp-json\/wp\/v2\/posts\/412505","targetHints":{"allow":["GET"]}}],"collection":[{"href":"https:\/\/www.radiopiu.net\/wordpress\/wp-json\/wp\/v2\/posts"}],"about":[{"href":"https:\/\/www.radiopiu.net\/wordpress\/wp-json\/wp\/v2\/types\/post"}],"author":[{"embeddable":true,"href":"https:\/\/www.radiopiu.net\/wordpress\/wp-json\/wp\/v2\/users\/4"}],"replies":[{"embeddable":true,"href":"https:\/\/www.radiopiu.net\/wordpress\/wp-json\/wp\/v2\/comments?post=412505"}],"version-history":[{"count":3,"href":"https:\/\/www.radiopiu.net\/wordpress\/wp-json\/wp\/v2\/posts\/412505\/revisions"}],"predecessor-version":[{"id":412517,"href":"https:\/\/www.radiopiu.net\/wordpress\/wp-json\/wp\/v2\/posts\/412505\/revisions\/412517"}],"wp:featuredmedia":[{"embeddable":true,"href":"https:\/\/www.radiopiu.net\/wordpress\/wp-json\/wp\/v2\/media\/412510"}],"wp:attachment":[{"href":"https:\/\/www.radiopiu.net\/wordpress\/wp-json\/wp\/v2\/media?parent=412505"}],"wp:term":[{"taxonomy":"category","embeddable":true,"href":"https:\/\/www.radiopiu.net\/wordpress\/wp-json\/wp\/v2\/categories?post=412505"},{"taxonomy":"post_tag","embeddable":true,"href":"https:\/\/www.radiopiu.net\/wordpress\/wp-json\/wp\/v2\/tags?post=412505"}],"curies":[{"name":"wp","href":"https:\/\/api.w.org\/{rel}","templated":true}]}}