{"id":412571,"date":"2024-10-04T15:53:09","date_gmt":"2024-10-04T13:53:09","guid":{"rendered":"https:\/\/www.radiopiu.net\/wordpress\/?p=412571"},"modified":"2024-10-04T15:53:09","modified_gmt":"2024-10-04T13:53:09","slug":"giornate-fai-dautunno-il-12-e-13-ottobre-visite-al-centro-minerario-valle-imperina-e-teatro-della-sena","status":"publish","type":"post","link":"https:\/\/www.radiopiu.net\/wordpress\/giornate-fai-dautunno-il-12-e-13-ottobre-visite-al-centro-minerario-valle-imperina-e-teatro-della-sena\/","title":{"rendered":"GIORNATE FAI D&#8217;AUTUNNO IL 12 E 13 OTTOBRE. VISITE AL CENTRO MINERARIO VALLE IMPERINA E TEATRO DELLA SENA"},"content":{"rendered":"<p>******<\/p>\n<p>&nbsp;<\/p>\n<p><strong>BELLUNO<\/strong> Il Gruppo FAI Giovani di Belluno e il Gruppo FAI di Feltre organizzano aperture nella provincia di Belluno, concentrandosi su due luoghi della Conca Feltrina e dell&#8217;Agordino. Come nelle precedenti Giornate FAI Primavera, gli studenti dei Licei &#8220;Follador&#8221; di Agordo e &#8220;Dal Piaz&#8221; di Feltre parteciperanno come &#8220;Apprendisti Ciceroni&#8221;, guidando i visitatori e raccontando i beni, in un\u2019esperienza di cittadinanza attiva.<\/p>\n<p><strong><a class=\"dt-pswp-item\" href=\"https:\/\/www.radiopiu.net\/wordpress\/wp-content\/uploads\/2024\/10\/Valle-Imperina-Fabbricato-Forni-Fusori.jpeg\" data-dt-img-description=\"\" data-large_image_width=\"1600\" data-large_image_height=\"1200\"><img loading=\"lazy\" decoding=\"async\" class=\" wp-image-412572 alignleft\" src=\"https:\/\/www.radiopiu.net\/wordpress\/wp-content\/uploads\/2024\/10\/Valle-Imperina-Fabbricato-Forni-Fusori-300x225.jpeg\" alt=\"\" width=\"211\" height=\"158\" srcset=\"https:\/\/www.radiopiu.net\/wordpress\/wp-content\/uploads\/2024\/10\/Valle-Imperina-Fabbricato-Forni-Fusori-300x225.jpeg 300w, https:\/\/www.radiopiu.net\/wordpress\/wp-content\/uploads\/2024\/10\/Valle-Imperina-Fabbricato-Forni-Fusori-1024x768.jpeg 1024w, https:\/\/www.radiopiu.net\/wordpress\/wp-content\/uploads\/2024\/10\/Valle-Imperina-Fabbricato-Forni-Fusori-768x576.jpeg 768w, https:\/\/www.radiopiu.net\/wordpress\/wp-content\/uploads\/2024\/10\/Valle-Imperina-Fabbricato-Forni-Fusori-1536x1152.jpeg 1536w, https:\/\/www.radiopiu.net\/wordpress\/wp-content\/uploads\/2024\/10\/Valle-Imperina-Fabbricato-Forni-Fusori.jpeg 1600w\" sizes=\"auto, (max-width: 211px) 100vw, 211px\" \/><\/a>Centro Minerario di Valle Imperina in comune di Rivamonte Agordino: Fabbricato dei forni fusori<\/strong><\/p>\n<p>Il Centro Minerario di Valle Imperina \u00e8 un importante sito storico industriale che sorge nel cuore del Parco Nazionale delle Dolomiti Bellunesi, alla confluenza della Valle del torrente Imperina con il Cordevole ad una quota di circa 540 m. di altitudine. Dista pochi km da Agordo. La valle \u00e8 formata da una forte discontinuit\u00e0 strutturale (sovrascorrimento della Valsugana) che porta a contatto le rocce antichissime del Basamento metamorfico (filladi) con le rocce dolomitiche stratificate della Dolomia Principale. Questa caratteristica strutturale ha determinato la presenza un giacimento di pirite cuprifera, dalla quale \u00e8 possibile estrarre rame e zolfo. Coltivato dal 1400 al 1962 con numerose gallerie di miniera, il giacimento \u00e8 diventato nel tempo la maggior fonte di sostentamento per la popolazione locale. Il rame metallico che si otteneva era apprezzato soprattutto per l&#8217;elevata resistenza all&#8217;alterazione ed usato dalla Serenissima Repubblica di Venezia, tra il 1600 e la fine del 1700, per la fabbricazione di cannoni, per il rivestimento delle navi e per le monete. Dal 1615 la famiglia Crotta riusc\u00ec a scoprire il filone di rame pi\u00f9 ricco della miniera e inizi\u00f2 a costruire un impero minerario grazie al quale riusc\u00ec ad entrare nella nobilt\u00e0 veneziana e a realizzare l&#8217;omonimo palazzo, che \u00e8 stato aperto durante le ultima Giornate FAI di Primavera. <strong>Il <a class=\"dt-pswp-item\" href=\"https:\/\/www.radiopiu.net\/wordpress\/wp-content\/uploads\/2024\/10\/Valle-Imperina-Forni-Fusori.jpeg\" data-dt-img-description=\"\" data-large_image_width=\"1600\" data-large_image_height=\"1200\"><img loading=\"lazy\" decoding=\"async\" class=\" wp-image-412573 alignright\" src=\"https:\/\/www.radiopiu.net\/wordpress\/wp-content\/uploads\/2024\/10\/Valle-Imperina-Forni-Fusori-300x225.jpeg\" alt=\"\" width=\"196\" height=\"147\" srcset=\"https:\/\/www.radiopiu.net\/wordpress\/wp-content\/uploads\/2024\/10\/Valle-Imperina-Forni-Fusori-300x225.jpeg 300w, https:\/\/www.radiopiu.net\/wordpress\/wp-content\/uploads\/2024\/10\/Valle-Imperina-Forni-Fusori-1024x768.jpeg 1024w, https:\/\/www.radiopiu.net\/wordpress\/wp-content\/uploads\/2024\/10\/Valle-Imperina-Forni-Fusori-768x576.jpeg 768w, https:\/\/www.radiopiu.net\/wordpress\/wp-content\/uploads\/2024\/10\/Valle-Imperina-Forni-Fusori-1536x1152.jpeg 1536w, https:\/\/www.radiopiu.net\/wordpress\/wp-content\/uploads\/2024\/10\/Valle-Imperina-Forni-Fusori.jpeg 1600w\" sizes=\"auto, (max-width: 196px) 100vw, 196px\" \/><\/a>fabbricato dei forni fusori <\/strong>sorge alla confluenza della Valle del torrente Imperina con il Cordevole ed ospita tre forni che rappresentano una testimonianza unica della tecnologia metallurgica antica. L&#8217;impianto originario risale al 1500, comprendeva un solo forno e sub\u00ec diverse trasformazioni per aumentarne capacit\u00e0 ed efficienza, ad opera della Serenissima Repubblica di Venezia a fine &#8216;700 e dagli Austriaci a met\u00e0 dell&#8217;800. Le strutture murarie e i forni sono in pietra locale. La copertura lignea, originariamente a carena di nave, nel 1909 croll\u00f2 a causa di 9 m. di neve e fu ricostruita l&#8217;anno successivo con la tipologia attuale. I forni furono usati come silos fino al 1925, quando la costruzione di una linea ferroviaria Belluno &#8211; Agordo port\u00f2 alla sostituzione della teleferica che portava il materiale ai silos con impianto che lo trasferiva direttamente nei vagoni ferroviari. Il bene \u00e8 stato reso agibile da pochi mesi ed allestito con diversi strumenti impiegati nell&#8217;attivit\u00e0 mineraria e materiale iconografico. La visita consentir\u00e0 di avere una vista d&#8217;insieme del grande ambiente, ma anche di scoprire da vicino i forni e di capire il loro funzionamento, nonch\u00e9 di ammirare un&#8217;esposizione di copertine della \u201cDomenica del Corriere\u201d attinenti all&#8217;attivit\u00e0 mineraria. <em>Turni di visita ogni 15 minuti per gruppi di massimo 15 persone. <\/em><em><u>Orari di apertura:<\/u><\/em><em> 9.00-12.30, 14.00-18 (accesso ultima visita 17.30). <\/em><em>Visite a cura degli studenti del Liceo Scientifico &#8220;U. Follador&#8221; di Agordo. <\/em><em>Contributo libero suggerito a partire da 3 euro.<\/em><\/p>\n<p><strong><a class=\"dt-pswp-item\" href=\"https:\/\/www.radiopiu.net\/wordpress\/wp-content\/uploads\/2024\/10\/Teatro-de-la-Sena-1.jpeg\" data-dt-img-description=\"\" data-large_image_width=\"2048\" data-large_image_height=\"1370\"><img loading=\"lazy\" decoding=\"async\" class=\" wp-image-412574 alignleft\" src=\"https:\/\/www.radiopiu.net\/wordpress\/wp-content\/uploads\/2024\/10\/Teatro-de-la-Sena-1-300x201.jpeg\" alt=\"\" width=\"193\" height=\"129\" srcset=\"https:\/\/www.radiopiu.net\/wordpress\/wp-content\/uploads\/2024\/10\/Teatro-de-la-Sena-1-300x201.jpeg 300w, https:\/\/www.radiopiu.net\/wordpress\/wp-content\/uploads\/2024\/10\/Teatro-de-la-Sena-1-1024x685.jpeg 1024w, https:\/\/www.radiopiu.net\/wordpress\/wp-content\/uploads\/2024\/10\/Teatro-de-la-Sena-1-768x514.jpeg 768w, https:\/\/www.radiopiu.net\/wordpress\/wp-content\/uploads\/2024\/10\/Teatro-de-la-Sena-1-1536x1028.jpeg 1536w, https:\/\/www.radiopiu.net\/wordpress\/wp-content\/uploads\/2024\/10\/Teatro-de-la-Sena-1.jpeg 2048w\" sizes=\"auto, (max-width: 193px) 100vw, 193px\" \/><\/a>Il teatro de la Sena<\/strong><\/p>\n<p>Il Teatro della Sena si trova nel cuore del centro storico di Feltre, all&#8217;interno dell&#8217;antico Palazzo della Ragione. Il teatro fu rifatto nell&#8217;800 da Giannantonio Selva, che aveva completato alla fine del sec. precedente il celebre teatro della Fenice di Venezia, e venne decorato ed impreziosito con un sipario dipinto, da apparati realizzati da Tranquillo Orsi. Viene chiamata anche Piccola Fenice. Nel 1729 viveva e lavorava a Feltre anche un giovanissimo Carlo Goldoni, che in questo teatro ha operato come attore, regista e scrittore dei suoi primi testi teatrali. \u00c8 ospitato al primo piano dell&#8217;antico Palazzo della Ragione, l&#8217;imponente palazzo cinquecentesco dai grandi portici palladiani. Edificato a partire dai primi decenni del Cinquecento, dopo la distruzione che colp\u00ec la citt\u00e0 nel 1510, avrebbe dovuto ospitare nel grande salone al primo piano le riunioni del Maggior Consiglio, il pi\u00f9 importante organo politico della citt\u00e0. Era tuttavia troppo grande per i 70 membri dell&#8217;assemblea, poco luminoso e difficile da riscaldare, perci\u00f2 la grande sala, completata nel 1611, perse progressivamente la destinazione originaria per essere destinata infine a Teatro Sociale. <em>Turni di visita ogni 15 minuti per gruppi di massimo 25 persone. <\/em><em><u>Orari di apertura:<\/u><\/em><em> 9.30-12.30, 14.00-18 (accesso ultima visita 17.30). <\/em><em>Visite a cura degli studenti del Liceo Dal Piaz. <\/em><em>Con la collaborazione del Fondaco per Feltre.<\/em><\/p>\n<p>&nbsp;<\/p>\n<p>&nbsp;<\/p>\n<p>*********<\/p>\n<p><em>\u00a0<\/em><\/p>\n","protected":false},"excerpt":{"rendered":"<p>****** &nbsp; BELLUNO Il Gruppo FAI Giovani di Belluno e il Gruppo FAI di Feltre organizzano aperture nella provincia di Belluno, concentrandosi su due luoghi della Conca Feltrina e dell&#8217;Agordino. Come nelle precedenti Giornate FAI Primavera, gli studenti dei Licei &#8220;Follador&#8221; di Agordo e &#8220;Dal Piaz&#8221; di Feltre parteciperanno come &#8220;Apprendisti Ciceroni&#8221;, guidando i visitatori&hellip;<\/p>\n","protected":false},"author":4,"featured_media":412572,"comment_status":"closed","ping_status":"closed","sticky":false,"template":"","format":"standard","meta":{"_monsterinsights_skip_tracking":false,"_monsterinsights_sitenote_active":false,"_monsterinsights_sitenote_note":"","_monsterinsights_sitenote_category":0,"footnotes":""},"categories":[49],"tags":[],"class_list":["post-412571","post","type-post","status-publish","format-standard","has-post-thumbnail","hentry","category-news-18","category-49","description-off"],"img_url":"https:\/\/www.radiopiu.net\/wordpress\/wp-content\/uploads\/2024\/10\/Valle-Imperina-Fabbricato-Forni-Fusori.jpeg","_links":{"self":[{"href":"https:\/\/www.radiopiu.net\/wordpress\/wp-json\/wp\/v2\/posts\/412571","targetHints":{"allow":["GET"]}}],"collection":[{"href":"https:\/\/www.radiopiu.net\/wordpress\/wp-json\/wp\/v2\/posts"}],"about":[{"href":"https:\/\/www.radiopiu.net\/wordpress\/wp-json\/wp\/v2\/types\/post"}],"author":[{"embeddable":true,"href":"https:\/\/www.radiopiu.net\/wordpress\/wp-json\/wp\/v2\/users\/4"}],"replies":[{"embeddable":true,"href":"https:\/\/www.radiopiu.net\/wordpress\/wp-json\/wp\/v2\/comments?post=412571"}],"version-history":[{"count":1,"href":"https:\/\/www.radiopiu.net\/wordpress\/wp-json\/wp\/v2\/posts\/412571\/revisions"}],"predecessor-version":[{"id":412575,"href":"https:\/\/www.radiopiu.net\/wordpress\/wp-json\/wp\/v2\/posts\/412571\/revisions\/412575"}],"wp:featuredmedia":[{"embeddable":true,"href":"https:\/\/www.radiopiu.net\/wordpress\/wp-json\/wp\/v2\/media\/412572"}],"wp:attachment":[{"href":"https:\/\/www.radiopiu.net\/wordpress\/wp-json\/wp\/v2\/media?parent=412571"}],"wp:term":[{"taxonomy":"category","embeddable":true,"href":"https:\/\/www.radiopiu.net\/wordpress\/wp-json\/wp\/v2\/categories?post=412571"},{"taxonomy":"post_tag","embeddable":true,"href":"https:\/\/www.radiopiu.net\/wordpress\/wp-json\/wp\/v2\/tags?post=412571"}],"curies":[{"name":"wp","href":"https:\/\/api.w.org\/{rel}","templated":true}]}}