{"id":412583,"date":"2024-10-04T23:59:34","date_gmt":"2024-10-04T21:59:34","guid":{"rendered":"https:\/\/www.radiopiu.net\/wordpress\/?p=412583"},"modified":"2024-10-04T16:03:28","modified_gmt":"2024-10-04T14:03:28","slug":"il-weekend-dellagordina-calcio","status":"publish","type":"post","link":"https:\/\/www.radiopiu.net\/wordpress\/il-weekend-dellagordina-calcio\/","title":{"rendered":"IL WEEKEND DELL&#8217;AGORDINA CALCIO"},"content":{"rendered":"<p>******<\/p>\n<p>&nbsp;<\/p>\n<p><strong><a class=\"dt-pswp-item\" href=\"https:\/\/www.radiopiu.net\/wordpress\/wp-content\/uploads\/2019\/09\/AGORDINA-CALCIO.jpeg\" data-dt-img-description=\"\" data-large_image_width=\"225\" data-large_image_height=\"225\"><img loading=\"lazy\" decoding=\"async\" class=\" wp-image-97575 alignleft\" src=\"https:\/\/www.radiopiu.net\/wordpress\/wp-content\/uploads\/2019\/09\/AGORDINA-CALCIO.jpeg\" alt=\"\" width=\"150\" height=\"150\" srcset=\"https:\/\/www.radiopiu.net\/wordpress\/wp-content\/uploads\/2019\/09\/AGORDINA-CALCIO.jpeg 225w, https:\/\/www.radiopiu.net\/wordpress\/wp-content\/uploads\/2019\/09\/AGORDINA-CALCIO-150x150.jpeg 150w\" sizes=\"auto, (max-width: 150px) 100vw, 150px\" \/><\/a>Di Marco Gaz<\/strong><\/p>\n<p><strong>REDAZIONE <\/strong>Continua la stagione dell\u2019Agordina Calcio nei campionati provinciali LND. Tra oggi e domani saranno quattro le categorie impegnate sui vari campi della provincia di Belluno. Ad inaugurare il fine settimana calcistico della squadra di Agordo saranno i ragazzi della Juniores, che oggi alle 15:30 faranno il loro esordio in trasferta contro il Vittsangiacomo. Gli Allievi rispetteranno il turno di riposo, mentre le due squadre della categoria Giovanissimi giocheranno la seconda giornata del campionato. La squadra A sar\u00e0 in trasferta contro il Castion, mentre la squadra B giocher\u00e0 in casa contro il Valboite, con calcio d\u2019inizio alle 16. Domani scender\u00e0 in campo la prima squadra per la quarta giornata della Terza Categoria. L\u2019Agordina giocher\u00e0 all\u2019Ivano Dorigo di Agordo contro il Cadore 1919. Entrambe le formazioni hanno ottenuto due sconfitte e una vittoria nelle prime tre giornate, promettendo una partita combattuta. Il match \u00e8 in programma alle 15:30. A partire da domani alle 20:30, Radio Pi\u00f9 trasmetter\u00e0 \u201cAgordina In Prima Linea\u201d, l\u2019appuntamento della domenica sera dedicato all\u2019Agordina Calcio per analizzare le partite del fine settimana e scoprire il dietro le quinte della societ\u00e0.<\/p>\n<p>&nbsp;<\/p>\n<p>&nbsp;<\/p>\n<p>********<\/p>\n","protected":false},"excerpt":{"rendered":"<p>****** &nbsp; Di Marco Gaz REDAZIONE Continua la stagione dell\u2019Agordina Calcio nei campionati provinciali LND. Tra oggi e domani saranno quattro le categorie impegnate sui vari campi della provincia di Belluno. Ad inaugurare il fine settimana calcistico della squadra di Agordo saranno i ragazzi della Juniores, che oggi alle 15:30 faranno il loro esordio in&hellip;<\/p>\n","protected":false},"author":4,"featured_media":330971,"comment_status":"closed","ping_status":"closed","sticky":false,"template":"","format":"standard","meta":{"_monsterinsights_skip_tracking":false,"_monsterinsights_sitenote_active":false,"_monsterinsights_sitenote_note":"","_monsterinsights_sitenote_category":0,"footnotes":""},"categories":[49],"tags":[],"class_list":["post-412583","post","type-post","status-publish","format-standard","has-post-thumbnail","hentry","category-news-18","category-49","description-off"],"img_url":"https:\/\/www.radiopiu.net\/wordpress\/wp-content\/uploads\/2023\/04\/calcio-dangolo-2023.jpg","_links":{"self":[{"href":"https:\/\/www.radiopiu.net\/wordpress\/wp-json\/wp\/v2\/posts\/412583","targetHints":{"allow":["GET"]}}],"collection":[{"href":"https:\/\/www.radiopiu.net\/wordpress\/wp-json\/wp\/v2\/posts"}],"about":[{"href":"https:\/\/www.radiopiu.net\/wordpress\/wp-json\/wp\/v2\/types\/post"}],"author":[{"embeddable":true,"href":"https:\/\/www.radiopiu.net\/wordpress\/wp-json\/wp\/v2\/users\/4"}],"replies":[{"embeddable":true,"href":"https:\/\/www.radiopiu.net\/wordpress\/wp-json\/wp\/v2\/comments?post=412583"}],"version-history":[{"count":1,"href":"https:\/\/www.radiopiu.net\/wordpress\/wp-json\/wp\/v2\/posts\/412583\/revisions"}],"predecessor-version":[{"id":412585,"href":"https:\/\/www.radiopiu.net\/wordpress\/wp-json\/wp\/v2\/posts\/412583\/revisions\/412585"}],"wp:featuredmedia":[{"embeddable":true,"href":"https:\/\/www.radiopiu.net\/wordpress\/wp-json\/wp\/v2\/media\/330971"}],"wp:attachment":[{"href":"https:\/\/www.radiopiu.net\/wordpress\/wp-json\/wp\/v2\/media?parent=412583"}],"wp:term":[{"taxonomy":"category","embeddable":true,"href":"https:\/\/www.radiopiu.net\/wordpress\/wp-json\/wp\/v2\/categories?post=412583"},{"taxonomy":"post_tag","embeddable":true,"href":"https:\/\/www.radiopiu.net\/wordpress\/wp-json\/wp\/v2\/tags?post=412583"}],"curies":[{"name":"wp","href":"https:\/\/api.w.org\/{rel}","templated":true}]}}