{"id":412680,"date":"2024-10-05T05:44:05","date_gmt":"2024-10-05T03:44:05","guid":{"rendered":"https:\/\/www.radiopiu.net\/wordpress\/?p=412680"},"modified":"2024-10-05T05:49:10","modified_gmt":"2024-10-05T03:49:10","slug":"marinella-piazza-attivista-e-volto-del-cadore","status":"publish","type":"post","link":"https:\/\/www.radiopiu.net\/wordpress\/marinella-piazza-attivista-e-volto-del-cadore\/","title":{"rendered":"Marinella Piazza, attivista e volto del Cadore"},"content":{"rendered":"<blockquote>\n<h2>***<\/h2>\n<p>&nbsp;<\/p>\n<h2><a class=\"dt-pswp-item\" href=\"https:\/\/www.radiopiu.net\/wordpress\/wp-content\/uploads\/2024\/10\/Senza-nome-21.png\" data-dt-img-description=\"\" data-large_image_width=\"259\" data-large_image_height=\"239\"><img loading=\"lazy\" decoding=\"async\" class=\" wp-image-412678 alignleft\" src=\"https:\/\/www.radiopiu.net\/wordpress\/wp-content\/uploads\/2024\/10\/Senza-nome-21.png\" alt=\"\" width=\"138\" height=\"127\" \/><\/a><strong>Socia fondatrice del Bard, sempre in prima fila in difesa della sanit\u00e0, si \u00e8 spenta a Valle a 67 anni . Oggi l&#8217;ultimo saluto<\/strong><\/h2>\n<\/blockquote>\n<div class=\"flex max-w-full flex-col flex-grow\">\n<div class=\"min-h-8 text-message flex w-full flex-col items-end gap-2 whitespace-normal break-words [.text-message+&amp;]:mt-5\" dir=\"auto\" data-message-author-role=\"assistant\" data-message-id=\"c9bda711-939c-4e68-9918-5427dfba1262\">\n<div class=\"flex w-full flex-col gap-1 empty:hidden first:pt-[3px]\">\n<div class=\"markdown prose w-full break-words dark:prose-invert dark\">\n<p><strong>CADORE<\/strong> Marinella Piazza, 66 anni, \u00e8 scomparsa a causa di una malattia. Impiegata comunale a Pieve di Cadore, stava per andare in pensione per dedicarsi interamente all\u2019impegno sociale e civico. Fondatrice del Bard, ha lottato per la sanit\u00e0 pubblica e il territorio montano. Attiva nel volontariato e nella musica corale, lascia il marito Stefano Del Favero, le figlie Lucia e Mirta e l\u2019intera comunit\u00e0 cadorina, che la ricorda per la sua forza e dedizione instancabile. L&#8217;ultimo saluto a Marinella Piazza si terr\u00e0 oggi alle 15 nella chiesa di San Martino a Valle.<\/p>\n<\/div>\n<\/div>\n<\/div>\n<\/div>\n<p>&nbsp;<\/p>\n<p>&nbsp;<\/p>\n<p>&nbsp;<\/p>\n<hr \/>\n<p>&nbsp;<\/p>\n","protected":false},"excerpt":{"rendered":"<p>*** &nbsp; Socia fondatrice del Bard, sempre in prima fila in difesa della sanit\u00e0, si \u00e8 spenta a Valle a 67 anni . Oggi l&#8217;ultimo saluto CADORE Marinella Piazza, 66 anni, \u00e8 scomparsa a causa di una malattia. Impiegata comunale a Pieve di Cadore, stava per andare in pensione per dedicarsi interamente all\u2019impegno sociale e&hellip;<\/p>\n","protected":false},"author":4,"featured_media":412678,"comment_status":"closed","ping_status":"closed","sticky":false,"template":"","format":"standard","meta":{"_monsterinsights_skip_tracking":false,"_monsterinsights_sitenote_active":false,"_monsterinsights_sitenote_note":"","_monsterinsights_sitenote_category":0,"footnotes":""},"categories":[51,49],"tags":[],"class_list":["post-412680","post","type-post","status-publish","format-standard","has-post-thumbnail","hentry","category-evidenza-top","category-news-18","category-51","category-49","description-off"],"img_url":"https:\/\/www.radiopiu.net\/wordpress\/wp-content\/uploads\/2024\/10\/Senza-nome-21.png","_links":{"self":[{"href":"https:\/\/www.radiopiu.net\/wordpress\/wp-json\/wp\/v2\/posts\/412680","targetHints":{"allow":["GET"]}}],"collection":[{"href":"https:\/\/www.radiopiu.net\/wordpress\/wp-json\/wp\/v2\/posts"}],"about":[{"href":"https:\/\/www.radiopiu.net\/wordpress\/wp-json\/wp\/v2\/types\/post"}],"author":[{"embeddable":true,"href":"https:\/\/www.radiopiu.net\/wordpress\/wp-json\/wp\/v2\/users\/4"}],"replies":[{"embeddable":true,"href":"https:\/\/www.radiopiu.net\/wordpress\/wp-json\/wp\/v2\/comments?post=412680"}],"version-history":[{"count":1,"href":"https:\/\/www.radiopiu.net\/wordpress\/wp-json\/wp\/v2\/posts\/412680\/revisions"}],"predecessor-version":[{"id":412681,"href":"https:\/\/www.radiopiu.net\/wordpress\/wp-json\/wp\/v2\/posts\/412680\/revisions\/412681"}],"wp:featuredmedia":[{"embeddable":true,"href":"https:\/\/www.radiopiu.net\/wordpress\/wp-json\/wp\/v2\/media\/412678"}],"wp:attachment":[{"href":"https:\/\/www.radiopiu.net\/wordpress\/wp-json\/wp\/v2\/media?parent=412680"}],"wp:term":[{"taxonomy":"category","embeddable":true,"href":"https:\/\/www.radiopiu.net\/wordpress\/wp-json\/wp\/v2\/categories?post=412680"},{"taxonomy":"post_tag","embeddable":true,"href":"https:\/\/www.radiopiu.net\/wordpress\/wp-json\/wp\/v2\/tags?post=412680"}],"curies":[{"name":"wp","href":"https:\/\/api.w.org\/{rel}","templated":true}]}}