{"id":412736,"date":"2024-10-05T12:21:54","date_gmt":"2024-10-05T10:21:54","guid":{"rendered":"https:\/\/www.radiopiu.net\/wordpress\/?p=412736"},"modified":"2024-10-05T12:21:54","modified_gmt":"2024-10-05T10:21:54","slug":"lassociazione-bellunesi-nel-mondo-piange-la-scomparsa-di-mario-sechi","status":"publish","type":"post","link":"https:\/\/www.radiopiu.net\/wordpress\/lassociazione-bellunesi-nel-mondo-piange-la-scomparsa-di-mario-sechi\/","title":{"rendered":"L&#8217;ASSOCIAZIONE BELLUNESI NEL MONDO PIANGE LA SCOMPARSA DI MARIO SECHI"},"content":{"rendered":"<p>******<\/p>\n<p>&nbsp;<\/p>\n<p><strong><a class=\"dt-pswp-item\" href=\"https:\/\/www.radiopiu.net\/wordpress\/wp-content\/uploads\/2024\/10\/mario_sechi.jpg\" data-dt-img-description=\"\" data-large_image_width=\"991\" data-large_image_height=\"707\"><img loading=\"lazy\" decoding=\"async\" class=\" wp-image-412737 alignleft\" src=\"https:\/\/www.radiopiu.net\/wordpress\/wp-content\/uploads\/2024\/10\/mario_sechi-300x214.jpg\" alt=\"\" width=\"209\" height=\"149\" srcset=\"https:\/\/www.radiopiu.net\/wordpress\/wp-content\/uploads\/2024\/10\/mario_sechi-300x214.jpg 300w, https:\/\/www.radiopiu.net\/wordpress\/wp-content\/uploads\/2024\/10\/mario_sechi-768x548.jpg 768w, https:\/\/www.radiopiu.net\/wordpress\/wp-content\/uploads\/2024\/10\/mario_sechi.jpg 991w\" sizes=\"auto, (max-width: 209px) 100vw, 209px\" \/><\/a>BELLUNO <\/strong>L&#8217;Associazione Bellunesi nel Mondo esprime profondo cordoglio per la perdita di Mario Sechi, venuto a mancare questa notte all&#8217;et\u00e0 di 90 anni. Sechi, insignito del Premio &#8220;Bellunesi nel Mondo&#8221; nel 2002, \u00e8 stato una figura di riferimento per la comunit\u00e0 dei gelatieri artigianali e un punto di riferimento per i tanti emigrati bellunesi in Germania. Fondatore della Famiglia Bellunese del Nord Reno-Westfalia, Mario Sechi ha sempre rappresentato con orgoglio i valori e le tradizioni della sua terra d&#8217;origine. Nonostante le difficolt\u00e0 legate alla salute, nel 2023 Sechi aveva collaborato alla stesura del libro commemorativo dedicato ai 40 anni della Famiglia Bellunese del Nord Reno-Westfalia, dimostrando ancora una volta il suo impegno e il suo amore per l\u2019Associazione e per la comunit\u00e0 bellunese. Un gesto che testimonia la sua passione e dedizione, che hanno continuato a ispirare fino all&#8217;ultimo.<\/p>\n<p>&nbsp;<\/p>\n<p>&nbsp;<\/p>\n<p>******<\/p>\n","protected":false},"excerpt":{"rendered":"<p>****** &nbsp; BELLUNO L&#8217;Associazione Bellunesi nel Mondo esprime profondo cordoglio per la perdita di Mario Sechi, venuto a mancare questa notte all&#8217;et\u00e0 di 90 anni. Sechi, insignito del Premio &#8220;Bellunesi nel Mondo&#8221; nel 2002, \u00e8 stato una figura di riferimento per la comunit\u00e0 dei gelatieri artigianali e un punto di riferimento per i tanti emigrati&hellip;<\/p>\n","protected":false},"author":4,"featured_media":412737,"comment_status":"closed","ping_status":"closed","sticky":false,"template":"","format":"standard","meta":{"_monsterinsights_skip_tracking":false,"_monsterinsights_sitenote_active":false,"_monsterinsights_sitenote_note":"","_monsterinsights_sitenote_category":0,"footnotes":""},"categories":[49],"tags":[],"class_list":["post-412736","post","type-post","status-publish","format-standard","has-post-thumbnail","hentry","category-news-18","category-49","description-off"],"img_url":"https:\/\/www.radiopiu.net\/wordpress\/wp-content\/uploads\/2024\/10\/mario_sechi.jpg","_links":{"self":[{"href":"https:\/\/www.radiopiu.net\/wordpress\/wp-json\/wp\/v2\/posts\/412736","targetHints":{"allow":["GET"]}}],"collection":[{"href":"https:\/\/www.radiopiu.net\/wordpress\/wp-json\/wp\/v2\/posts"}],"about":[{"href":"https:\/\/www.radiopiu.net\/wordpress\/wp-json\/wp\/v2\/types\/post"}],"author":[{"embeddable":true,"href":"https:\/\/www.radiopiu.net\/wordpress\/wp-json\/wp\/v2\/users\/4"}],"replies":[{"embeddable":true,"href":"https:\/\/www.radiopiu.net\/wordpress\/wp-json\/wp\/v2\/comments?post=412736"}],"version-history":[{"count":1,"href":"https:\/\/www.radiopiu.net\/wordpress\/wp-json\/wp\/v2\/posts\/412736\/revisions"}],"predecessor-version":[{"id":412738,"href":"https:\/\/www.radiopiu.net\/wordpress\/wp-json\/wp\/v2\/posts\/412736\/revisions\/412738"}],"wp:featuredmedia":[{"embeddable":true,"href":"https:\/\/www.radiopiu.net\/wordpress\/wp-json\/wp\/v2\/media\/412737"}],"wp:attachment":[{"href":"https:\/\/www.radiopiu.net\/wordpress\/wp-json\/wp\/v2\/media?parent=412736"}],"wp:term":[{"taxonomy":"category","embeddable":true,"href":"https:\/\/www.radiopiu.net\/wordpress\/wp-json\/wp\/v2\/categories?post=412736"},{"taxonomy":"post_tag","embeddable":true,"href":"https:\/\/www.radiopiu.net\/wordpress\/wp-json\/wp\/v2\/tags?post=412736"}],"curies":[{"name":"wp","href":"https:\/\/api.w.org\/{rel}","templated":true}]}}