{"id":412959,"date":"2024-10-07T05:27:56","date_gmt":"2024-10-07T03:27:56","guid":{"rendered":"https:\/\/www.radiopiu.net\/wordpress\/?p=412959"},"modified":"2024-10-07T05:31:25","modified_gmt":"2024-10-07T03:31:25","slug":"perde-il-controllo-della-jaguar-e-si-ribalta-nessun-ferito","status":"publish","type":"post","link":"https:\/\/www.radiopiu.net\/wordpress\/perde-il-controllo-della-jaguar-e-si-ribalta-nessun-ferito\/","title":{"rendered":"PERDE IL CONTROLLO DELLA JAGUAR E SI RIBALTA. NESSUN FERITO"},"content":{"rendered":"<p>******<\/p>\n<p>&nbsp;<\/p>\n<p><strong>PASSO FEDAIA<\/strong> Nel pomeriggio di oggi, lungo la statale 641 del Passo Fedaia, si \u00e8 verificato un incidente in cui una Jaguar \u00e8 finita contro una parete rocciosa e si \u00e8 ribaltata in strada. Il conducente ha perso il controllo del veicolo, ma fortunatamente non ha riportato ferite. I Vigili del fuoco di Canazei sono intervenuti, raddrizzando l&#8217;auto con un braccio meccanico e ripulendo la strada dai detriti e dai liquidi persi dal veicolo.<\/p>\n<p><a class=\"dt-pswp-item\" href=\"https:\/\/www.radiopiu.net\/wordpress\/wp-content\/uploads\/2024\/10\/4dae5053-6b12-4111-a201-bfd611ef3aae.jpg\" data-dt-img-description=\"\" data-large_image_width=\"627\" data-large_image_height=\"418\"><img loading=\"lazy\" decoding=\"async\" class=\"alignnone size-medium wp-image-412966\" src=\"https:\/\/www.radiopiu.net\/wordpress\/wp-content\/uploads\/2024\/10\/4dae5053-6b12-4111-a201-bfd611ef3aae-300x200.jpg\" alt=\"\" width=\"300\" height=\"200\" srcset=\"https:\/\/www.radiopiu.net\/wordpress\/wp-content\/uploads\/2024\/10\/4dae5053-6b12-4111-a201-bfd611ef3aae-300x200.jpg 300w, https:\/\/www.radiopiu.net\/wordpress\/wp-content\/uploads\/2024\/10\/4dae5053-6b12-4111-a201-bfd611ef3aae.jpg 627w\" sizes=\"auto, (max-width: 300px) 100vw, 300px\" \/><\/a><\/p>\n<p>&nbsp;<\/p>\n<blockquote>\n<h1>GIRO GIRO TONDO&#8230;&#8230;.<\/h1>\n<\/blockquote>\n<p><iframe loading=\"lazy\" title=\"AGORDO\" width=\"1200\" height=\"675\" src=\"https:\/\/www.youtube.com\/embed\/Lml3ffb8DkE?feature=oembed\" frameborder=\"0\" allow=\"accelerometer; autoplay; clipboard-write; encrypted-media; gyroscope; picture-in-picture; web-share\" referrerpolicy=\"strict-origin-when-cross-origin\" allowfullscreen><\/iframe><\/p>\n<p>&nbsp;<\/p>\n<p>********<\/p>\n","protected":false},"excerpt":{"rendered":"<p>****** &nbsp; PASSO FEDAIA Nel pomeriggio di oggi, lungo la statale 641 del Passo Fedaia, si \u00e8 verificato un incidente in cui una Jaguar \u00e8 finita contro una parete rocciosa e si \u00e8 ribaltata in strada. Il conducente ha perso il controllo del veicolo, ma fortunatamente non ha riportato ferite. I Vigili del fuoco di&hellip;<\/p>\n","protected":false},"author":4,"featured_media":412966,"comment_status":"closed","ping_status":"closed","sticky":false,"template":"","format":"standard","meta":{"_monsterinsights_skip_tracking":false,"_monsterinsights_sitenote_active":false,"_monsterinsights_sitenote_note":"","_monsterinsights_sitenote_category":0,"footnotes":""},"categories":[51,49],"tags":[],"class_list":["post-412959","post","type-post","status-publish","format-standard","has-post-thumbnail","hentry","category-evidenza-top","category-news-18","category-51","category-49","description-off"],"img_url":"https:\/\/www.radiopiu.net\/wordpress\/wp-content\/uploads\/2024\/10\/4dae5053-6b12-4111-a201-bfd611ef3aae.jpg","_links":{"self":[{"href":"https:\/\/www.radiopiu.net\/wordpress\/wp-json\/wp\/v2\/posts\/412959","targetHints":{"allow":["GET"]}}],"collection":[{"href":"https:\/\/www.radiopiu.net\/wordpress\/wp-json\/wp\/v2\/posts"}],"about":[{"href":"https:\/\/www.radiopiu.net\/wordpress\/wp-json\/wp\/v2\/types\/post"}],"author":[{"embeddable":true,"href":"https:\/\/www.radiopiu.net\/wordpress\/wp-json\/wp\/v2\/users\/4"}],"replies":[{"embeddable":true,"href":"https:\/\/www.radiopiu.net\/wordpress\/wp-json\/wp\/v2\/comments?post=412959"}],"version-history":[{"count":4,"href":"https:\/\/www.radiopiu.net\/wordpress\/wp-json\/wp\/v2\/posts\/412959\/revisions"}],"predecessor-version":[{"id":413028,"href":"https:\/\/www.radiopiu.net\/wordpress\/wp-json\/wp\/v2\/posts\/412959\/revisions\/413028"}],"wp:featuredmedia":[{"embeddable":true,"href":"https:\/\/www.radiopiu.net\/wordpress\/wp-json\/wp\/v2\/media\/412966"}],"wp:attachment":[{"href":"https:\/\/www.radiopiu.net\/wordpress\/wp-json\/wp\/v2\/media?parent=412959"}],"wp:term":[{"taxonomy":"category","embeddable":true,"href":"https:\/\/www.radiopiu.net\/wordpress\/wp-json\/wp\/v2\/categories?post=412959"},{"taxonomy":"post_tag","embeddable":true,"href":"https:\/\/www.radiopiu.net\/wordpress\/wp-json\/wp\/v2\/tags?post=412959"}],"curies":[{"name":"wp","href":"https:\/\/api.w.org\/{rel}","templated":true}]}}