{"id":412972,"date":"2024-10-06T23:59:22","date_gmt":"2024-10-06T21:59:22","guid":{"rendered":"https:\/\/www.radiopiu.net\/wordpress\/?p=412972"},"modified":"2024-10-07T05:35:31","modified_gmt":"2024-10-07T03:35:31","slug":"lagordina-ne-fa-otto-al-cadore-alti-e-bassi-nel-settore-giovanile","status":"publish","type":"post","link":"https:\/\/www.radiopiu.net\/wordpress\/lagordina-ne-fa-otto-al-cadore-alti-e-bassi-nel-settore-giovanile\/","title":{"rendered":"L&#8217;AGORDINA NE FA OTTO AL CADORE. ALTI E BASSI NEL SETTORE GIOVANILE"},"content":{"rendered":"<p>*******<\/p>\n<p>&nbsp;<\/p>\n<p><strong><a class=\"dt-pswp-item\" href=\"https:\/\/www.radiopiu.net\/wordpress\/wp-content\/uploads\/2022\/10\/CALCIO-2022-e1665937841126.jpg\" data-dt-img-description=\"\" data-large_image_width=\"400\" data-large_image_height=\"250\"><img loading=\"lazy\" decoding=\"async\" class=\" wp-image-301842 alignleft\" src=\"https:\/\/www.radiopiu.net\/wordpress\/wp-content\/uploads\/2022\/10\/CALCIO-2022-e1665937841126-300x188.jpg\" alt=\"\" width=\"199\" height=\"125\" srcset=\"https:\/\/www.radiopiu.net\/wordpress\/wp-content\/uploads\/2022\/10\/CALCIO-2022-e1665937841126-300x188.jpg 300w, https:\/\/www.radiopiu.net\/wordpress\/wp-content\/uploads\/2022\/10\/CALCIO-2022-e1665937841126.jpg 400w\" sizes=\"auto, (max-width: 199px) 100vw, 199px\" \/><\/a>DI MARCO GAZ<\/strong><\/p>\n<p><span style=\"color: #ff0000;\"><strong>TERZA CATEGORIA<\/strong><\/span><\/p>\n<p><strong>AGORDINA \u2013 CADORE 8-0<\/strong><\/p>\n<p>GOL AGORDINA: 3 Dal Don, 2 De Col\u00f2, Miana, Chiea e autogol<\/p>\n<p>Seconda partita in casa per l\u2019Agordina e seconda vittoria ampia per la squadra allenata da Elvio Chiea. La compagine di Agordo fa cappotto con il Cadore e incamera 3 punti importanti. Match a senso unico in cui si \u00e8 vista la netta differenza tra le due compagini. L\u2019Agordina esce vittoriosa e con il morale alle stelle. Passano pochi minuti e Dal Don sblocca la partita. De Col\u00f2 si ripete subito dopo e per la squadra di Agordo la strada si fa in discesa. Un autogol taglia le gambe ai cadorini che non riescono a reagire e i padroni di casa fanno quello che vogliono. Alla fine della partita il tabellino premia Dal Don altre due volte, De Col\u00f2 sigla la doppietta personale e a chiudere la sfida ci pensano Miana e Chiea.<\/p>\n<p><strong>LA CLASSIFICA:<\/strong> Tambre 12, Alpes Cesio 10, Piave 8, Dynamo Vellai e Auronzo 7, Agordina, Fortogna e Cortina 6, Fulgor Farra 5, Lamonese 4, Valzoldana e Cadore 3, Bellunese e Valboite 0<\/p>\n<p><span style=\"color: #008000;\"><strong>GIOVANILI AGORDINA<\/strong><\/span><\/p>\n<p><span style=\"color: #ff0000;\"><strong>JUNIORES<\/strong><\/span><\/p>\n<p><strong>VITTSANGIACOMO \u2013 AGORDINA 4-0<\/strong><\/p>\n<p>Esordio amaro per la juniores dell\u2019Agordina che torna dalla trasferta in terra trevigiana con il Vitt Sangiacomo con una sconfitta. I trevigiani calano il poker mettendo a segno due gol per tempo. I ragazzi di Agordo non riescono a reagire e subiscono le incursioni avversarie<\/p>\n<p><span style=\"color: #ff0000;\"><strong>ALLIEVI<\/strong><\/span><\/p>\n<p>TURNO DI RIPOSO<\/p>\n<p><span style=\"color: #ff0000;\"><strong>GIOVANISSIMI<\/strong><\/span><\/p>\n<p><strong><a class=\"dt-pswp-item\" href=\"https:\/\/www.radiopiu.net\/wordpress\/wp-content\/uploads\/2024\/10\/462277690_1042778247637244_3468722980241430211_n.jpg\" data-dt-img-description=\"\" data-large_image_width=\"2048\" data-large_image_height=\"1070\"><img loading=\"lazy\" decoding=\"async\" class=\" wp-image-412973 alignleft\" src=\"https:\/\/www.radiopiu.net\/wordpress\/wp-content\/uploads\/2024\/10\/462277690_1042778247637244_3468722980241430211_n-300x157.jpg\" alt=\"\" width=\"208\" height=\"109\" srcset=\"https:\/\/www.radiopiu.net\/wordpress\/wp-content\/uploads\/2024\/10\/462277690_1042778247637244_3468722980241430211_n-300x157.jpg 300w, https:\/\/www.radiopiu.net\/wordpress\/wp-content\/uploads\/2024\/10\/462277690_1042778247637244_3468722980241430211_n-1024x535.jpg 1024w, https:\/\/www.radiopiu.net\/wordpress\/wp-content\/uploads\/2024\/10\/462277690_1042778247637244_3468722980241430211_n-768x401.jpg 768w, https:\/\/www.radiopiu.net\/wordpress\/wp-content\/uploads\/2024\/10\/462277690_1042778247637244_3468722980241430211_n-1536x803.jpg 1536w, https:\/\/www.radiopiu.net\/wordpress\/wp-content\/uploads\/2024\/10\/462277690_1042778247637244_3468722980241430211_n.jpg 2048w\" sizes=\"auto, (max-width: 208px) 100vw, 208px\" \/><\/a>GIRONE A<\/strong><\/p>\n<p><strong>CASTION \u2013 AGORDINA 0-10<\/strong><\/p>\n<p>L&#8217;Agordina supera agevolmente l&#8217;ostacolo Castion e conferma il buon avvio di stagione. La girandola di gol comincia al 16\u00b0 con Dherek Dell&#8217;Osbel, che, nonostante un piccolo problema fisico, risulter\u00e0 una spina nel fianco della retroguardia della squadra di casa. Una volta sbloccato il risultato, l&#8217;Agordina ha rapidamente certificato la sua superiorit\u00e0 tecnica. Dopo il rigore trasformato da Simone Andrich, \u00e8 iniziato lo show di Angelo Groppa, che alla fine segner\u00e0 ben 4 reti. Gli altri gol sono stati realizzati ancora da Dell&#8217;Osbel e Giacomo Rudatis. Da segnalare infine la doppietta di Luciano Cadorin, portiere schierato oggi come giocatore di movimento a causa del numero ridotto di giocatori a disposizione.<\/p>\n<p><strong>GIRONE B<\/strong><\/p>\n<p><strong>AGORDINA \u2013 VALBOITE 1-3<\/strong><\/p>\n<p>L&#8217;Agordina parte male e, dopo 5 minuti, si ritrova in svantaggio al primo tiro in porta degli ospiti. La reazione \u00e8 timida e si traduce in qualche buona ripartenza che, per\u00f2, non si concretizza. L&#8217;incontro procede senza grandi sussulti fino agli ultimi minuti, quando succede di tutto: il Valboite raddoppia, subito dopo l&#8217;Agordina accorcia le distanze con Fusina, riaccendendo la speranza di raggiungere il pareggio. Tuttavia, allo scadere, il terzo gol del Valboite in contropiede chiude i conti.<\/p>\n<p>&nbsp;<\/p>\n<h2>SU RADIO PIU&#8217; OGNI DOMENICA ALLE 20:30 &#8220;AGORDINA IN PRIMA LINEA&#8221;, IL CONTENITORE SPORTIVO DELLA DOMENICA SERA CHE ANALIZZA IL FINE SETTIMANA DELL&#8217;AGORDINA CALCIO. OLTRE AI RISULTATI, UN TUFFO DENTRO LA SOCIETA&#8217; SPORTIVA. PER ASCOLTARE LA PRIMA PUNTATA <a href=\"https:\/\/www.radiopiu.net\/wordpress\/agordina-in-prima-linea-ogni-domenica-su-radio-piu-il-podcast\/\"><span style=\"color: #3366ff;\">CLICCA QUI<\/span><\/a><\/h2>\n<p>&nbsp;<\/p>\n<p>&nbsp;<\/p>\n<p>***********<\/p>\n","protected":false},"excerpt":{"rendered":"<p>******* &nbsp; DI MARCO GAZ TERZA CATEGORIA AGORDINA \u2013 CADORE 8-0 GOL AGORDINA: 3 Dal Don, 2 De Col\u00f2, Miana, Chiea e autogol Seconda partita in casa per l\u2019Agordina e seconda vittoria ampia per la squadra allenata da Elvio Chiea. La compagine di Agordo fa cappotto con il Cadore e incamera 3 punti importanti. Match&hellip;<\/p>\n","protected":false},"author":4,"featured_media":412973,"comment_status":"closed","ping_status":"closed","sticky":false,"template":"","format":"standard","meta":{"_monsterinsights_skip_tracking":false,"_monsterinsights_sitenote_active":false,"_monsterinsights_sitenote_note":"","_monsterinsights_sitenote_category":0,"footnotes":""},"categories":[104,49],"tags":[],"class_list":["post-412972","post","type-post","status-publish","format-standard","has-post-thumbnail","hentry","category-evidenza_3","category-news-18","category-104","category-49","description-off"],"img_url":"https:\/\/www.radiopiu.net\/wordpress\/wp-content\/uploads\/2024\/10\/462277690_1042778247637244_3468722980241430211_n.jpg","_links":{"self":[{"href":"https:\/\/www.radiopiu.net\/wordpress\/wp-json\/wp\/v2\/posts\/412972","targetHints":{"allow":["GET"]}}],"collection":[{"href":"https:\/\/www.radiopiu.net\/wordpress\/wp-json\/wp\/v2\/posts"}],"about":[{"href":"https:\/\/www.radiopiu.net\/wordpress\/wp-json\/wp\/v2\/types\/post"}],"author":[{"embeddable":true,"href":"https:\/\/www.radiopiu.net\/wordpress\/wp-json\/wp\/v2\/users\/4"}],"replies":[{"embeddable":true,"href":"https:\/\/www.radiopiu.net\/wordpress\/wp-json\/wp\/v2\/comments?post=412972"}],"version-history":[{"count":1,"href":"https:\/\/www.radiopiu.net\/wordpress\/wp-json\/wp\/v2\/posts\/412972\/revisions"}],"predecessor-version":[{"id":412979,"href":"https:\/\/www.radiopiu.net\/wordpress\/wp-json\/wp\/v2\/posts\/412972\/revisions\/412979"}],"wp:featuredmedia":[{"embeddable":true,"href":"https:\/\/www.radiopiu.net\/wordpress\/wp-json\/wp\/v2\/media\/412973"}],"wp:attachment":[{"href":"https:\/\/www.radiopiu.net\/wordpress\/wp-json\/wp\/v2\/media?parent=412972"}],"wp:term":[{"taxonomy":"category","embeddable":true,"href":"https:\/\/www.radiopiu.net\/wordpress\/wp-json\/wp\/v2\/categories?post=412972"},{"taxonomy":"post_tag","embeddable":true,"href":"https:\/\/www.radiopiu.net\/wordpress\/wp-json\/wp\/v2\/tags?post=412972"}],"curies":[{"name":"wp","href":"https:\/\/api.w.org\/{rel}","templated":true}]}}