{"id":413003,"date":"2024-10-08T05:33:25","date_gmt":"2024-10-08T03:33:25","guid":{"rendered":"https:\/\/www.radiopiu.net\/wordpress\/?p=413003"},"modified":"2024-10-08T08:27:56","modified_gmt":"2024-10-08T06:27:56","slug":"radiogi1","status":"publish","type":"post","link":"https:\/\/www.radiopiu.net\/wordpress\/radiogi1\/","title":{"rendered":"GIORNALE RADIOPIU 08 OTTOBRE 2024 DIRETTORE MIRKO MEZZACASA\u2026DA 41 ANNI 25 GIUGNO 1983-25 GIUGNO 2024"},"content":{"rendered":"<h1>**<\/h1>\n<h1><em><span style=\"color: #ff0000;\">\u00a0<\/span><\/em><\/h1>\n<p><em><span style=\"color: #ff0000;\"><a class=\"dt-pswp-item\" href=\"https:\/\/www.radiopiu.net\/wordpress\/wp-content\/uploads\/2024\/10\/Senza-nome-8.png\" data-dt-img-description=\"\" data-large_image_width=\"343\" data-large_image_height=\"303\"><img loading=\"lazy\" decoding=\"async\" class=\"wp-image-412130 alignleft\" src=\"https:\/\/www.radiopiu.net\/wordpress\/wp-content\/uploads\/2024\/10\/Senza-nome-8-300x265.png\" alt=\"\" width=\"105\" height=\"93\" srcset=\"https:\/\/www.radiopiu.net\/wordpress\/wp-content\/uploads\/2024\/10\/Senza-nome-8-300x265.png 300w, https:\/\/www.radiopiu.net\/wordpress\/wp-content\/uploads\/2024\/10\/Senza-nome-8.png 343w\" sizes=\"auto, (max-width: 105px) 100vw, 105px\" \/><\/a><\/span><\/em><strong><em><span style=\"color: #ff0000;\"> LA\u00a0 APP PER IOS-IPHONE di Nicola Vettorello<\/span><\/em><\/strong><\/p>\n<p><strong><span style=\"color: #0000ff;\"><a style=\"color: #0000ff;\" href=\"https:\/\/apps.apple.com\/it\/app\/radio-pi%C3%B9-emittente-agordina\/id1515939845\">https:\/\/apps.apple.com\/it\/app\/radio-pi%C3%B9-emittente-agordina\/id1515939845<\/a><\/span><\/strong><\/p>\n<p><strong><em style=\"color: #ff0000;\">LA\u00a0 APP RADIO\u00a0 PER ANDROID di Nicola Vettorello<\/em><\/strong><\/p>\n<p><strong><span style=\"color: #0000ff;\"><a style=\"color: #0000ff;\" href=\"https:\/\/play.google.com\/store\/apps\/details?id=net.radiopiu.iniko\" target=\"_blank\" rel=\"noopener noreferrer\">https:\/\/<\/a><a style=\"color: #0000ff;\" href=\"https:\/\/play.google.com\/store\/apps\/details?id=net.radiopiu.iniko\" target=\"_blank\" rel=\"noopener noreferrer\">play.google.com\/store\/apps\/details?id=net.radiopiu.iniko\u00a0\u00a0\u00a0<\/a><\/span><\/strong><\/p>\n<p>&nbsp;<\/p>\n<hr \/>\n<div dir=\"auto\"><\/div>\n<p><strong><a class=\"dt-pswp-item\" href=\"https:\/\/www.radiopiu.net\/wordpress\/wp-content\/uploads\/2024\/10\/461538345_965918075580425_4723016468648844473_n.jpg\" data-dt-img-description=\"\" data-large_image_width=\"524\" data-large_image_height=\"274\"><img loading=\"lazy\" decoding=\"async\" class=\"size-medium wp-image-413168 alignleft\" src=\"https:\/\/www.radiopiu.net\/wordpress\/wp-content\/uploads\/2024\/10\/461538345_965918075580425_4723016468648844473_n-300x157.jpg\" alt=\"\" width=\"300\" height=\"157\" srcset=\"https:\/\/www.radiopiu.net\/wordpress\/wp-content\/uploads\/2024\/10\/461538345_965918075580425_4723016468648844473_n-300x157.jpg 300w, https:\/\/www.radiopiu.net\/wordpress\/wp-content\/uploads\/2024\/10\/461538345_965918075580425_4723016468648844473_n.jpg 524w\" sizes=\"auto, (max-width: 300px) 100vw, 300px\" \/><\/a>OGGI ALLA RADIO&#8230;.<\/strong> <span style=\"color: #ff0000;\">ALLE 4 E ALLE 6<\/span> LE NOTIZIE DALL&#8217;ITALIA E DAL MONDO <span style=\"color: #ff0000;\"> 0500 <span style=\"color: #0000ff;\">l&#8217;almanacco della nostra gente con il MUSLA\u00a0<\/span><\/span><span style=\"color: #ff0000;\"> 6.15<\/span> PIROLE DE LENGA A CURA DEL MUSLA<span style=\"color: #ff0000;\"> 7.20<\/span> EL BAL DEL FIORI, DETTI E TRADIZIONI DI GIULIANA DA RONCH <span style=\"color: #ff0000;\">8.05<\/span> LA RASSEGNA STAMPA LOCALE<span style=\"color: #ff0000;\"> 8.30 <span style=\"color: #000000;\">PIU&#8217; SIAMO CON MARINA DONA&#8217;<\/span><span style=\"color: #000000;\">\u00a0\u00a0<\/span> 900 <span style=\"color: #0000ff;\">L&#8217;almanacco della nostra gente con il MUSLA\u00a0 \u00a0<\/span><\/span><span style=\"color: #ff0000;\"><span style=\"color: #000000;\">9.10 la musica country di alex nascinmben <\/span><\/span><span style=\"color: #ff0000;\">9.40<\/span> VIABILITA&#8217; CON BOTOL CAR SERVICE (AGORDO-SEDICO-FELTRE) <span style=\"color: #ff0000;\">10.30<\/span> la fiera del bestiam, tutte le novit\u00e0 da giovedi ad agordo, venerdi l&#8217;evento in Valle Imperina <span style=\"color: #0000ff;\">11 10<\/span> paola lanciato..emozione continuaun secolo di radio piu&#8217; 41 di musica <span style=\"color: #ff0000;\">1120<\/span> sotto un cielo di stelle con claudio pra <span style=\"color: #ff0000;\">11.40<\/span> FESTIVALBAR STORY DI ATHOS DJ DAVID BEN\u00a0 \u00a0 <span style=\"color: #ff0000;\">12.00<\/span> VA TUTTO LISCIO\u00a0 <span style=\"color: #ff0000;\">12.30<\/span> GIORNALE RADIO PRINCIPALE <span style=\"color: #ff0000;\">13.10<\/span> giacomo bressan, riva l&#8217;oktoberfest <span style=\"color: #ff0000;\">13.20<\/span> FOGLIE E CASTAGNE DI MARINA DONA&#8217; <span style=\"color: #ff0000;\">\u00a0<\/span><span style=\"color: #ff0000;\">14.00 COLLAGE OPERAZIONE NOSTALGIA LORIS SCUSSEL\u00a0<\/span><span style=\"color: #ff0000;\">15.00<\/span>\u00a0 i martedi di luisa alchini, speciale Vajont, l&#8217;anniversario\u00a0 <span style=\"color: #ff0000;\">16<\/span> IL ROCK DI MARCO COSTANTINI <span style=\"color: #ff0000;\">1625<\/span> agordina in prima linea, di marco gaz <span style=\"color: #ff0000;\">1645<\/span> LE HIT DI MIRCO BENCIVENNI <span style=\"color: #ff0000;\">18.00<\/span> PIU&#8217; DANCE LE SELEZIONI CHE FANNO SALTARE DI DJ JACK, JACOPO DEL TEDESCO <span style=\"color: #ff0000;\">19.00 <span style=\"color: #000000;\">LE ANTICIPAZIONI DAL TG DI ANTENNA 3 DI TIZIANA BOLOGNANI\u00a0 <span style=\"color: #ff0000;\">1930<\/span> la fiera del bestiam<\/span><\/span><\/p>\n<p><strong>rassegna stampa nazionale,<\/strong> ogni giorno alle 5 e alle 6 del mattino<br \/>\ngiornali locali 7 rassegna stampa flash, 8 rassegna stampa, gr flash alle 10 e alle 11, principale 12.30. Informazione pomeriggio alle 15 (speciale) 16, 17, 18. Giornale radio nazionale: ogni ora dalle 5 del mattino, alle 20 della sera.<\/p>\n<p>&nbsp;<\/p>\n<p>&nbsp;<\/p>\n<hr \/>\n<p>&nbsp;<\/p>\n<p>&nbsp;<\/p>\n<div class=\"x11i5rnm xat24cr x1mh8g0r x1vvkbs xtlvy1s x126k92a\">\n<div dir=\"auto\">\n<div dir=\"auto\">\n<p><strong><a class=\"dt-pswp-item\" href=\"https:\/\/www.radiopiu.net\/wordpress\/wp-content\/uploads\/2024\/02\/2d44e751-d8a8-461b-8e22-d8e4e853b032.jpg\" data-dt-img-description=\"\" data-large_image_width=\"1600\" data-large_image_height=\"1200\"><img loading=\"lazy\" decoding=\"async\" class=\"wp-image-373307 alignleft\" src=\"https:\/\/www.radiopiu.net\/wordpress\/wp-content\/uploads\/2024\/02\/2d44e751-d8a8-461b-8e22-d8e4e853b032-300x225.jpg\" alt=\"\" width=\"105\" height=\"79\" srcset=\"https:\/\/www.radiopiu.net\/wordpress\/wp-content\/uploads\/2024\/02\/2d44e751-d8a8-461b-8e22-d8e4e853b032-300x225.jpg 300w, https:\/\/www.radiopiu.net\/wordpress\/wp-content\/uploads\/2024\/02\/2d44e751-d8a8-461b-8e22-d8e4e853b032-1024x768.jpg 1024w, https:\/\/www.radiopiu.net\/wordpress\/wp-content\/uploads\/2024\/02\/2d44e751-d8a8-461b-8e22-d8e4e853b032-768x576.jpg 768w, https:\/\/www.radiopiu.net\/wordpress\/wp-content\/uploads\/2024\/02\/2d44e751-d8a8-461b-8e22-d8e4e853b032-1536x1152.jpg 1536w, https:\/\/www.radiopiu.net\/wordpress\/wp-content\/uploads\/2024\/02\/2d44e751-d8a8-461b-8e22-d8e4e853b032.jpg 1600w\" sizes=\"auto, (max-width: 105px) 100vw, 105px\" \/><\/a>EL BAL DEL FIOR, DI GIULIANA DA RONCH, 08 OTTOBRE<\/strong><strong>\u00a02024<\/strong><\/p>\n<\/div>\n<\/div>\n<\/div>\n<div class=\"x11i5rnm xat24cr x1mh8g0r x1vvkbs xtlvy1s x126k92a\"><\/div>\n<div><\/div>\n<audio class=\"wp-audio-shortcode\" id=\"audio-413003-1\" preload=\"none\" style=\"width: 100%;\" controls=\"controls\"><source type=\"audio\/mpeg\" src=\"https:\/\/www.radiopiu.net\/wordpress\/wp-content\/uploads\/2024\/10\/GMA.mp3?_=1\" \/><a href=\"https:\/\/www.radiopiu.net\/wordpress\/wp-content\/uploads\/2024\/10\/GMA.mp3\">https:\/\/www.radiopiu.net\/wordpress\/wp-content\/uploads\/2024\/10\/GMA.mp3<\/a><\/audio>\n<p>&nbsp;<\/p>\n<p>&nbsp;<\/p>\n<hr \/>\n<p>&nbsp;<\/p>\n<div class=\"x11i5rnm xat24cr x1mh8g0r x1vvkbs xtlvy1s x126k92a\">\n<h1><span style=\"color: #ff0000;\"><a class=\"dt-pswp-item\" href=\"https:\/\/www.radiopiu.net\/wordpress\/wp-content\/uploads\/2024\/06\/th-5.jpg\" data-dt-img-description=\"\" data-large_image_width=\"326\" data-large_image_height=\"180\"><img loading=\"lazy\" decoding=\"async\" class=\"size-medium wp-image-395881 alignleft\" src=\"https:\/\/www.radiopiu.net\/wordpress\/wp-content\/uploads\/2024\/06\/th-5-300x166.jpg\" alt=\"\" width=\"300\" height=\"166\" srcset=\"https:\/\/www.radiopiu.net\/wordpress\/wp-content\/uploads\/2024\/06\/th-5-300x166.jpg 300w, https:\/\/www.radiopiu.net\/wordpress\/wp-content\/uploads\/2024\/06\/th-5.jpg 326w\" sizes=\"auto, (max-width: 300px) 100vw, 300px\" \/><\/a><\/span><\/h1>\n<h1><\/h1>\n<h1><\/h1>\n<h1><span style=\"color: #000000;\">08 OTTOBRE&#8230; alla radio l&#8217;almanacco\u00a0\u00a0<\/span><\/h1>\n<p>&nbsp;<\/p>\n<p>&nbsp;<\/p>\n<p><strong>PARTE UNO, OGNI GIORNO ALLE 5.20 E ALLE 7.40 DEL MATTINO<\/strong><\/p>\n<audio class=\"wp-audio-shortcode\" id=\"audio-413003-2\" preload=\"none\" style=\"width: 100%;\" controls=\"controls\"><source type=\"audio\/mpeg\" src=\"https:\/\/www.radiopiu.net\/wordpress\/wp-content\/uploads\/2024\/10\/almanacco1.mp3?_=2\" \/><a href=\"https:\/\/www.radiopiu.net\/wordpress\/wp-content\/uploads\/2024\/10\/almanacco1.mp3\">https:\/\/www.radiopiu.net\/wordpress\/wp-content\/uploads\/2024\/10\/almanacco1.mp3<\/a><\/audio>\n<p>&nbsp;<\/p>\n<p><strong>PARTE DUE, OGNI GIORNO ALLE 5.20 E ALLE 7.40 DEL MATTINO<\/strong><\/p>\n<audio class=\"wp-audio-shortcode\" id=\"audio-413003-3\" preload=\"none\" style=\"width: 100%;\" controls=\"controls\"><source type=\"audio\/mpeg\" src=\"https:\/\/www.radiopiu.net\/wordpress\/wp-content\/uploads\/2024\/10\/almanacco2.mp3?_=3\" \/><a href=\"https:\/\/www.radiopiu.net\/wordpress\/wp-content\/uploads\/2024\/10\/almanacco2.mp3\">https:\/\/www.radiopiu.net\/wordpress\/wp-content\/uploads\/2024\/10\/almanacco2.mp3<\/a><\/audio>\n<p>&nbsp;<\/p>\n<p>&nbsp;<\/p>\n<hr \/>\n<p>&nbsp;<\/p>\n<p>&nbsp;<\/p>\n<blockquote>\n<h1><strong><a class=\"dt-pswp-item\" href=\"https:\/\/www.radiopiu.net\/wordpress\/wp-content\/uploads\/2024\/09\/settembre-2024-calendario-it2.jpg\" data-dt-img-description=\"Optimized by JPEGmini 3.13.0.8 0x813388d2\" data-large_image_width=\"1325\" data-large_image_height=\"1004\"><img loading=\"lazy\" decoding=\"async\" class=\" wp-image-409701 alignleft\" src=\"https:\/\/www.radiopiu.net\/wordpress\/wp-content\/uploads\/2024\/09\/settembre-2024-calendario-it2-300x227.jpg\" alt=\"\" width=\"187\" height=\"142\" srcset=\"https:\/\/www.radiopiu.net\/wordpress\/wp-content\/uploads\/2024\/09\/settembre-2024-calendario-it2-300x227.jpg 300w, https:\/\/www.radiopiu.net\/wordpress\/wp-content\/uploads\/2024\/09\/settembre-2024-calendario-it2-1024x776.jpg 1024w, https:\/\/www.radiopiu.net\/wordpress\/wp-content\/uploads\/2024\/09\/settembre-2024-calendario-it2-768x582.jpg 768w, https:\/\/www.radiopiu.net\/wordpress\/wp-content\/uploads\/2024\/09\/settembre-2024-calendario-it2.jpg 1325w\" sizes=\"auto, (max-width: 187px) 100vw, 187px\" \/><\/a>N di parom &#8211; L Almanach de la nosta jent<\/strong><\/h1>\n<\/blockquote>\n<p>Le voci: Davide Conedera, Agordo, Michela Dell&#8217;Osbel, La Valle Agordina Simone Ganz, Falcade Veronica Lezuo, Colle Santa Lucia. La voce nella sigla \u00e8 di Giorgia Taio<\/p>\n<p><strong>LA PUNTATA DI OGGI, 08 OTTOBRE<\/strong><\/p>\n<\/div>\n<audio class=\"wp-audio-shortcode\" id=\"audio-413003-4\" preload=\"none\" style=\"width: 100%;\" controls=\"controls\"><source type=\"audio\/mpeg\" src=\"https:\/\/www.radiopiu.net\/wordpress\/wp-content\/uploads\/2024\/10\/8_otober_Simone.mp3?_=4\" \/><a href=\"https:\/\/www.radiopiu.net\/wordpress\/wp-content\/uploads\/2024\/10\/8_otober_Simone.mp3\">https:\/\/www.radiopiu.net\/wordpress\/wp-content\/uploads\/2024\/10\/8_otober_Simone.mp3<\/a><\/audio>\n<div class=\"x11i5rnm xat24cr x1mh8g0r x1vvkbs xtlvy1s x126k92a\">\n<div dir=\"auto\">\n<p>&nbsp;<\/p>\n<hr \/>\n<\/div>\n<\/div>\n<blockquote>\n<blockquote>\n<h1><span style=\"color: #ff0000;\">\u00a0<\/span><\/h1>\n<h1><span style=\"color: #ff0000;\">I podcast informativi del mattino &#8211; audio &#8211;\u00a0\u00a0<\/span><\/h1>\n<\/blockquote>\n<p><strong><a class=\"dt-pswp-item\" href=\"https:\/\/www.radiopiu.net\/wordpress\/wp-content\/uploads\/2023\/11\/th-10.jpg\" data-dt-img-description=\"\" data-large_image_width=\"320\" data-large_image_height=\"180\"><img loading=\"lazy\" decoding=\"async\" class=\"wp-image-362866 alignleft\" src=\"https:\/\/www.radiopiu.net\/wordpress\/wp-content\/uploads\/2023\/11\/th-10-300x169.jpg\" alt=\"\" width=\"185\" height=\"104\" srcset=\"https:\/\/www.radiopiu.net\/wordpress\/wp-content\/uploads\/2023\/11\/th-10-300x169.jpg 300w, https:\/\/www.radiopiu.net\/wordpress\/wp-content\/uploads\/2023\/11\/th-10.jpg 320w\" sizes=\"auto, (max-width: 185px) 100vw, 185px\" \/><\/a>LA RASSEGNA STAMPA NAZIONALE ALLA RADIO, OGNI GIORNO ALLE 5 E ALLE 6 DEL MATTINO <span style=\"color: #0000ff;\">viene pubblicata alle 6.00 <span style=\"color: #ff0000;\">DIRETTA RADIO\u00a0 \u00a0\u00a0<\/span><\/span><\/strong><\/p><\/blockquote>\n<p>&nbsp;<\/p>\n<p><strong>NOTIZIE DELLA NOTTE<\/strong><\/p>\n<p>&nbsp;<\/p>\n<p><strong><span style=\"color: #ff0000;\">Tajani<\/span><\/strong> <span style=\"color: #ff0000;\">sullo ius sanguinis, &#8216;la cittadinanza \u00e8 una cosa seria&#8217; <\/span><strong>Cina,<\/strong> &#8216;pienamente fiduciosi sui target di crescita 2024&#8217;<br \/>\n<strong>&#8220;Discorsi sconclusionati&#8221;<\/strong>, Nyt solleva l&#8217;acuit\u00e0 mentale di Trump <strong>Harris<\/strong>, Trump irresponsabile per disinformazione su uragani <strong>Media<\/strong>, 21 morti in un raid sul centro di Gaza <strong>Hezbollah,<\/strong> presa di mira una base dell&#8217;intelligence israeliana <strong>Mosca<\/strong> ordina arresto per inviati Rai Battistini e Traini<\/p>\n<h2>AUDIO dalle 6 del mattino<\/h2>\n<audio class=\"wp-audio-shortcode\" id=\"audio-413003-5\" preload=\"none\" style=\"width: 100%;\" controls=\"controls\"><source type=\"audio\/mpeg\" src=\"https:\/\/www.radiopiu.net\/wordpress\/wp-content\/uploads\/2024\/10\/GIORNALEDELLESEI-6.mp3?_=5\" \/><a href=\"https:\/\/www.radiopiu.net\/wordpress\/wp-content\/uploads\/2024\/10\/GIORNALEDELLESEI-6.mp3\">https:\/\/www.radiopiu.net\/wordpress\/wp-content\/uploads\/2024\/10\/GIORNALEDELLESEI-6.mp3<\/a><\/audio>\n<p>&nbsp;<\/p>\n<p>&nbsp;<\/p>\n<p>&nbsp;<\/p>\n<hr \/>\n<p>&nbsp;<\/p>\n<h1 style=\"text-align: center;\"><span style=\"color: #ff0000;\">I podcast informativi del mattino &#8211; audio &#8211;\u00a0<\/span><\/h1>\n<p><strong><a class=\"dt-pswp-item\" href=\"https:\/\/www.radiopiu.net\/wordpress\/wp-content\/uploads\/2023\/12\/images.png\" data-dt-img-description=\"\" data-large_image_width=\"316\" data-large_image_height=\"160\"><img loading=\"lazy\" decoding=\"async\" class=\"wp-image-367008 alignleft\" src=\"https:\/\/www.radiopiu.net\/wordpress\/wp-content\/uploads\/2023\/12\/images-300x152.png\" alt=\"\" width=\"235\" height=\"119\" srcset=\"https:\/\/www.radiopiu.net\/wordpress\/wp-content\/uploads\/2023\/12\/images-300x152.png 300w, https:\/\/www.radiopiu.net\/wordpress\/wp-content\/uploads\/2023\/12\/images.png 316w\" sizes=\"auto, (max-width: 235px) 100vw, 235px\" \/><\/a>OGNI GIORNO ALLE SETTE DEL MATTINO, LA RASSEGNA STAMPA LOCALE FLASH&#8230; PER CHI VA IN FRETTA. I TITOLI DAI GIORNALI E DAL SITO WWW.RADIOPIU.NET <span style=\"color: #0000ff;\">viene pubblicato alle 7.00<\/span> <span style=\"color: #ff0000;\">DIRETTA RADIO\u00a0<\/span><\/strong><\/p>\n<p><em><span style=\"color: #ff0000;\">per chi va in fretta&#8230; tante notizie in pochi minuti. L&#8217;informazione locale alla radio, ogni ora dalle 7 del mattino alle 19 della sera.<\/span><\/em><\/p>\n<h1>AUDIO dalle 7 del mattino<\/h1>\n<audio class=\"wp-audio-shortcode\" id=\"audio-413003-6\" preload=\"none\" style=\"width: 100%;\" controls=\"controls\"><source type=\"audio\/mpeg\" src=\"https:\/\/www.radiopiu.net\/wordpress\/wp-content\/uploads\/2024\/10\/GF07-6.mp3?_=6\" \/><a href=\"https:\/\/www.radiopiu.net\/wordpress\/wp-content\/uploads\/2024\/10\/GF07-6.mp3\">https:\/\/www.radiopiu.net\/wordpress\/wp-content\/uploads\/2024\/10\/GF07-6.mp3<\/a><\/audio>\n<p>&nbsp;<\/p>\n<p>&nbsp;<\/p>\n<p>&nbsp;<\/p>\n<hr \/>\n<p>&nbsp;<\/p>\n<h1><\/h1>\n<h1 style=\"text-align: center;\"><span style=\"color: #ff0000;\"><a class=\"dt-pswp-item\" href=\"https:\/\/www.radiopiu.net\/wordpress\/wp-content\/uploads\/2022\/01\/026c3f9d-dae9-4040-a3c1-a6530231bcc3.jpg\" data-dt-img-description=\"\" data-large_image_width=\"1152\" data-large_image_height=\"2048\"><img loading=\"lazy\" decoding=\"async\" class=\"wp-image-251839 alignleft\" src=\"https:\/\/www.radiopiu.net\/wordpress\/wp-content\/uploads\/2022\/01\/026c3f9d-dae9-4040-a3c1-a6530231bcc3-169x300.jpg\" alt=\"\" width=\"100\" height=\"177\" srcset=\"https:\/\/www.radiopiu.net\/wordpress\/wp-content\/uploads\/2022\/01\/026c3f9d-dae9-4040-a3c1-a6530231bcc3-169x300.jpg 169w, https:\/\/www.radiopiu.net\/wordpress\/wp-content\/uploads\/2022\/01\/026c3f9d-dae9-4040-a3c1-a6530231bcc3-576x1024.jpg 576w, https:\/\/www.radiopiu.net\/wordpress\/wp-content\/uploads\/2022\/01\/026c3f9d-dae9-4040-a3c1-a6530231bcc3-768x1365.jpg 768w, https:\/\/www.radiopiu.net\/wordpress\/wp-content\/uploads\/2022\/01\/026c3f9d-dae9-4040-a3c1-a6530231bcc3-864x1536.jpg 864w, https:\/\/www.radiopiu.net\/wordpress\/wp-content\/uploads\/2022\/01\/026c3f9d-dae9-4040-a3c1-a6530231bcc3.jpg 1152w\" sizes=\"auto, (max-width: 100px) 100vw, 100px\" \/><\/a>I podcast informativi del mattino &#8211; audio &#8211;\u00a0<\/span><\/h1>\n<blockquote><p><strong>GIORNALE RADIO NAZIONALE, EDIZIONE DELLE SETTE <span style=\"color: #0000ff;\">viene pubblicato alle 7.05 <span style=\"color: #ff0000;\">DIRETTA RADIO\u00a0<\/span><\/span><\/strong><\/p><\/blockquote>\n<p><strong>il giornale radionazionale e&#8217; in onda ogni ora, dalle sette del mattino alle venti della sera\u00a0 \u00a0<\/strong><strong>\u00a0<\/strong><\/p>\n<p><strong>MILANO<\/strong> Corte d&#8217;Appello Strage di Erba, per i giudici manca la novit\u00e0 della prova per la revisione\u00a0 <strong>AREZZO<\/strong> Colpita con un bastone.\u00a0 Trovata morta, fermato l&#8217;ex fidanzato della figlia<br \/>\n<strong>GENOVA<\/strong> Bimba di un anno dimessa dall&#8217;ospedale muore a casa <strong>PISA<\/strong> un uomo ucciso davanti al figlio. Raggiunto da colpi di pistola nella corte della sua abitazione <strong>GROSSETO<\/strong> Madre e figlio morti nel giardino di casa in Maremma Lei molto anziana a faccia in gi\u00f9, lui riparava pozzo artesiano <strong>ROMA<\/strong> Forum delle famiglie degli ostaggi: &#8216;Noi chiusi nel ghetto, altri fanno guerriglia&#8217; <strong>VICENZA<\/strong> Sammy Basso, per i funerali ipotesi del campo sportivo di Tezze <strong>BARI<\/strong> D\u00e0 fuoco alla moglie in auto e poi la uccide a mani nude. La donna prima di morire ha raccontato tutto alla figlia<\/p>\n<p>&nbsp;<\/p>\n<p><span style=\"color: #ff0000;\">EDIZIONE DELLE 20, DEL 29 SETTEMBRE 2024<\/span><\/p>\n<audio class=\"wp-audio-shortcode\" id=\"audio-413003-7\" preload=\"none\" style=\"width: 100%;\" controls=\"controls\"><source type=\"audio\/mpeg\" src=\"https:\/\/www.radiopiu.net\/wordpress\/wp-content\/uploads\/2024\/10\/giornale07-12.mp3?_=7\" \/><a href=\"https:\/\/www.radiopiu.net\/wordpress\/wp-content\/uploads\/2024\/10\/giornale07-12.mp3\">https:\/\/www.radiopiu.net\/wordpress\/wp-content\/uploads\/2024\/10\/giornale07-12.mp3<\/a><\/audio>\n<p>&nbsp;<\/p>\n<p><span style=\"color: #ff0000;\">EDIZIONE DELLE 19, DEL 29 SETTEMBRE 2024, LO SPORT<\/span><\/p>\n<audio class=\"wp-audio-shortcode\" id=\"audio-413003-8\" preload=\"none\" style=\"width: 100%;\" controls=\"controls\"><source type=\"audio\/mpeg\" src=\"https:\/\/www.radiopiu.net\/wordpress\/wp-content\/uploads\/2024\/10\/gr-sport-6.mp3?_=8\" \/><a href=\"https:\/\/www.radiopiu.net\/wordpress\/wp-content\/uploads\/2024\/10\/gr-sport-6.mp3\">https:\/\/www.radiopiu.net\/wordpress\/wp-content\/uploads\/2024\/10\/gr-sport-6.mp3<\/a><\/audio>\n<h2><\/h2>\n<h2>AUDIO dalle sette del mattino, ogni ora alla radio VIENE PUBBLICATO ALLE 7.05 DAL LUNEDI AL SABATO<\/h2>\n<audio class=\"wp-audio-shortcode\" id=\"audio-413003-9\" preload=\"none\" style=\"width: 100%;\" controls=\"controls\"><source type=\"audio\/mpeg\" src=\"https:\/\/www.radiopiu.net\/wordpress\/wp-content\/uploads\/2024\/10\/giornale07-13.mp3?_=9\" \/><a href=\"https:\/\/www.radiopiu.net\/wordpress\/wp-content\/uploads\/2024\/10\/giornale07-13.mp3\">https:\/\/www.radiopiu.net\/wordpress\/wp-content\/uploads\/2024\/10\/giornale07-13.mp3<\/a><\/audio>\n<p>&nbsp;<\/p>\n<hr \/>\n<p>&nbsp;<\/p>\n<p>&nbsp;<\/p>\n<h1><span style=\"color: #ff0000;\">I podcast informativi del mattino &#8211; video &#8211;\u00a0<\/span><\/h1>\n<h2 style=\"text-align: left;\"><strong>RASSEGNA STAMPA LOCALE, ORE OTTO 05<\/strong><\/h2>\n<h2><strong> <span style=\"color: #0000ff;\">viene\u00a0 <\/span><\/strong><strong><span style=\"color: #0000ff;\">pubblicata alle 8.05 <span style=\"color: #ff0000;\">DIRETTA RADIO\u00a0 \u00a0<\/span><\/span><\/strong><strong>DI MIRKO MEZZACASA<\/strong><\/h2>\n<h2><span style=\"color: #ff0000;\"><strong>VIDEO\u00a0 \u00a0in diretta dalle 8 del mattino\u00a0 \u00a0VIENE PUBBLICATO OGNI GIORNO DAL LUNEDI AL SABATO ALLE 8.05<\/strong><\/span><\/h2>\n<p>https:\/\/www.facebook.com\/radiopiu\/videos\/1181192019617383<\/p>\n<p><a class=\"dt-pswp-item\" href=\"https:\/\/www.radiopiu.net\/wordpress\/wp-content\/uploads\/2024\/10\/Senza-nome-29.png\" data-dt-img-description=\"\" data-large_image_width=\"287\" data-large_image_height=\"193\">\u00a0<\/a><\/p>\n<p>&nbsp;<\/p>\n<hr \/>\n<p>&nbsp;<\/p>\n<p>&nbsp;<\/p>\n<p><strong><a class=\"dt-pswp-item\" href=\"https:\/\/www.radiopiu.net\/wordpress\/wp-content\/uploads\/2023\/12\/ANTENNA.png\" data-dt-img-description=\"\" data-large_image_width=\"300\" data-large_image_height=\"166\"><img loading=\"lazy\" decoding=\"async\" class=\" wp-image-366306 alignleft\" src=\"https:\/\/www.radiopiu.net\/wordpress\/wp-content\/uploads\/2023\/12\/ANTENNA.png\" alt=\"\" width=\"175\" height=\"97\" \/><\/a>IERI SERA, DAL TG DI ANTENNA 3, ogni sera alle 19 le anticipazioni alla radio, quello che poi seguirete nel TELEGIORNALE BELLUNESE\u00a0 in onda alle 19.30 sul CANALE 10 del digitale terrestre.\u00a0\u00a0<\/strong><\/p>\n<p style=\"text-align: center;\"><span style=\"color: #ff0000;\"><strong>I TITOLI DEL TELEGIORNALE ALLA RADIO, DI TIZIANA BOLOGNANI<\/strong><\/span><\/p>\n<audio class=\"wp-audio-shortcode\" id=\"audio-413003-10\" preload=\"none\" style=\"width: 100%;\" controls=\"controls\"><source type=\"audio\/mpeg\" src=\"https:\/\/www.radiopiu.net\/wordpress\/wp-content\/uploads\/2024\/10\/ANTENNA3-5.mp3?_=10\" \/><a href=\"https:\/\/www.radiopiu.net\/wordpress\/wp-content\/uploads\/2024\/10\/ANTENNA3-5.mp3\">https:\/\/www.radiopiu.net\/wordpress\/wp-content\/uploads\/2024\/10\/ANTENNA3-5.mp3<\/a><\/audio>\n<h2><\/h2>\n<p>&nbsp;<\/p>\n<hr \/>\n<p>&nbsp;<\/p>\n<blockquote>\n<h3>ACQUA NON POTABILE A SELVA DI CADORE<\/h3>\n<\/blockquote>\n<p><strong>SELVA DI CADORE<\/strong> nelle localit\u00e0 L\u2019Andria e All\u2019Agnol l&#8217;acqua erogata dall&#8217;acquedotto non \u00e8 potabile e pu\u00f2 essere usata per scopi alimentari solo previa bollitura. Verr\u00e0 effettuato servizio sostitutivo con cisterna c\/o la chiesetta in localit\u00e0 l\u2019 Andria.<\/p>\n<p>&nbsp;<\/p>\n<p>&nbsp;<\/p>\n<hr \/>\n<p>&nbsp;<\/p>\n<blockquote>\n<h2>BOSCAIOLO TRAVOLTO DA UNA PIANTA<\/h2>\n<\/blockquote>\n<div dir=\"auto\">\n<p><strong><img loading=\"lazy\" decoding=\"async\" class=\"alignleft\" src=\"https:\/\/www.radiopiu.net\/wordpress\/wp-content\/uploads\/2024\/07\/SALT-FALCADE.png\" width=\"263\" height=\"169\" \/>COMELICO SUPERIORE <\/strong>\u00a0l&#8217;elicottero del Suem di Pieve di Cadore \u00e8 intervenuto d&#8217;urgenza nei pressi di Malga Pian Formaggio, in Val Digon, per soccorrere un boscaiolo rimasto gravemente ferito. L&#8217;uomo, un 58enne di origine slovena, \u00e8 stato travolto da una pianta appena tagliata durante le operazioni di lavoro.<\/p>\n<p>A causa della vicinanza del ferito alla teleferica di esbosco, l&#8217;eliambulanza ha dovuto posizionarsi pi\u00f9 distante, calando il tecnico del soccorso e l&#8217;\u00e9quipe medica mediante un verricello di 40 metri. Il boscaiolo, con sospetti traumi al bacino e alla gamba, \u00e8 stato subito stabilizzato. Dopo essere stato immobilizzato in una barella, \u00e8 stato spostato in un punto pi\u00f9 sicuro e successivamente issato a bordo dell&#8217;elicottero. Trasportato all&#8217;ospedale di Belluno, \u00e8 attualmente sotto osservazione.<\/p>\n<\/div>\n<p>&nbsp;<\/p>\n<p>&nbsp;<\/p>\n<hr \/>\n<p>&nbsp;<\/p>\n<blockquote>\n<h3>TAMPONAMENTO A PONTE NELLE ALPI. TRAFFICO IN TILT<\/h3>\n<\/blockquote>\n<p><strong>PONTE NELLE ALPI<\/strong> Incidente poco prima delle 9 di ieri mattina a Ponte Nelle Alpi in Viale Cadore, di fronte all&#8217;ex concessionaria Bridda. Un tamponamento in cui sono state coinvolte due auto e un furgone, molto probabilmente per le mancate distanze di sicurezza, troppo spesso non rispettate. Sul posto sono intervenuti i Vigili del Fuoco per mettere in sicurezza i mezzi e i Carabinieri per gestire il traffico e per i rilievi di legge. Non sono mancate le code in entrambi i sensi di marcia per consentire le operazioni.<\/p>\n<p><a class=\"dt-pswp-item\" href=\"https:\/\/www.radiopiu.net\/wordpress\/wp-content\/uploads\/2024\/10\/coda.jpg\" data-dt-img-description=\"\" data-large_image_width=\"637\" data-large_image_height=\"480\"><img loading=\"lazy\" decoding=\"async\" class=\"alignnone wp-image-413109\" src=\"https:\/\/www.radiopiu.net\/wordpress\/wp-content\/uploads\/2024\/10\/coda-300x226.jpg\" alt=\"\" width=\"268\" height=\"202\" srcset=\"https:\/\/www.radiopiu.net\/wordpress\/wp-content\/uploads\/2024\/10\/coda-300x226.jpg 300w, https:\/\/www.radiopiu.net\/wordpress\/wp-content\/uploads\/2024\/10\/coda.jpg 637w\" sizes=\"auto, (max-width: 268px) 100vw, 268px\" \/><\/a><a class=\"dt-pswp-item\" href=\"https:\/\/www.radiopiu.net\/wordpress\/wp-content\/uploads\/2024\/10\/ennesimo-incidente-sul-dosso.jpg\" data-dt-img-description=\"\" data-large_image_width=\"640\" data-large_image_height=\"431\"><img loading=\"lazy\" decoding=\"async\" class=\"alignnone size-medium wp-image-413110\" src=\"https:\/\/www.radiopiu.net\/wordpress\/wp-content\/uploads\/2024\/10\/ennesimo-incidente-sul-dosso-300x202.jpg\" alt=\"\" width=\"300\" height=\"202\" srcset=\"https:\/\/www.radiopiu.net\/wordpress\/wp-content\/uploads\/2024\/10\/ennesimo-incidente-sul-dosso-300x202.jpg 300w, https:\/\/www.radiopiu.net\/wordpress\/wp-content\/uploads\/2024\/10\/ennesimo-incidente-sul-dosso.jpg 640w\" sizes=\"auto, (max-width: 300px) 100vw, 300px\" \/><\/a><\/p>\n<p>&nbsp;<\/p>\n<p>&nbsp;<\/p>\n<hr \/>\n<p>&nbsp;<\/p>\n<blockquote>\n<h3>Controlli Stradali a Belluno: Ritirate Patenti e Sequestrati Veicoli per Guida in Stato di Ebbrezza e Sotto Effetto di Droghe<\/h3>\n<\/blockquote>\n<p><strong><a class=\"dt-pswp-item\" href=\"https:\/\/www.radiopiu.net\/wordpress\/wp-content\/uploads\/2022\/05\/POLIZIA-2.jpg\" data-dt-img-description=\"\" data-large_image_width=\"1920\" data-large_image_height=\"1080\"><img loading=\"lazy\" decoding=\"async\" class=\" wp-image-278033 alignleft\" src=\"https:\/\/www.radiopiu.net\/wordpress\/wp-content\/uploads\/2022\/05\/POLIZIA-2-300x169.jpg\" alt=\"\" width=\"202\" height=\"114\" srcset=\"https:\/\/www.radiopiu.net\/wordpress\/wp-content\/uploads\/2022\/05\/POLIZIA-2-300x169.jpg 300w, https:\/\/www.radiopiu.net\/wordpress\/wp-content\/uploads\/2022\/05\/POLIZIA-2-1024x576.jpg 1024w, https:\/\/www.radiopiu.net\/wordpress\/wp-content\/uploads\/2022\/05\/POLIZIA-2-768x432.jpg 768w, https:\/\/www.radiopiu.net\/wordpress\/wp-content\/uploads\/2022\/05\/POLIZIA-2-1536x864.jpg 1536w, https:\/\/www.radiopiu.net\/wordpress\/wp-content\/uploads\/2022\/05\/POLIZIA-2.jpg 1920w\" sizes=\"auto, (max-width: 202px) 100vw, 202px\" \/><\/a>BELLUNO<\/strong> Dal 20 settembre al 3 novembre, la Polizia Stradale ha avviato una serie di controlli per contrastare la guida sotto l&#8217;effetto di alcol e droghe, in linea con gli standard europei della &#8220;Vision Zero&#8221;, che punta a ridurre gli incidenti stradali. Nel weekend del 4-6 ottobre 2024, a Belluno, sono stati controllati 36 veicoli e 37 persone: quattro conducenti sono risultati positivi all&#8217;alcol test, con segnalazioni all&#8217;Autorit\u00e0 Giudiziaria. Un conducente, coinvolto in un incidente, \u00e8 stato denunciato per guida sotto l&#8217;effetto di alcol e cannabinoidi. Durante i controlli sono state ritirate cinque patenti, una carta di circolazione e decurtati 50 punti patente. I controlli proseguiranno a livello provinciale.<\/p>\n<p>&nbsp;<\/p>\n<hr \/>\n<p>&nbsp;<\/p>\n<p><strong>LA GIUDIZIARIA OGGI<\/strong><br \/>\n<strong>CORRIERE DELLE ALPI, GIGI SOSS<\/strong><\/p>\n<blockquote><p><strong>Vandalismi in stazione: due giovani condannati ai lavori socialmente utili<\/strong><\/p><\/blockquote>\n<p><strong>BELLUNO <\/strong>L L B e M G P sono stati condannati per atti vandalici nella stazione ferroviaria, avvenuti tra il 15 e il 16 settembre di tre anni fa. L&#8217;uno ha patteggiato una pena di un mese e dieci giorni, convertiti in 80 giorni di lavori socialmente utili. L&#8217;altro ha ottenuto la sospensione del processo con messa alla prova, anche lui svolger\u00e0 volontariato. Durante l&#8217;arresto, MGP aveva mentito sulla sua identit\u00e0, aggravando la sua posizione in tribunale.<\/p>\n<blockquote>\n<div class=\"flex-shrink-0 flex flex-col relative items-end\">\n<div>\n<div class=\"pt-0\">\n<div class=\"gizmo-bot-avatar flex h-8 w-8 items-center justify-center overflow-hidden rounded-full\">\n<div class=\"relative p-1 rounded-sm flex items-center justify-center bg-token-main-surface-primary text-token-text-primary h-8 w-8\"><\/div>\n<\/div>\n<\/div>\n<\/div>\n<\/div>\n<\/blockquote>\n<div class=\"group\/conversation-turn relative flex w-full min-w-0 flex-col agent-turn\">\n<div class=\"flex-col gap-1 md:gap-3\">\n<div class=\"flex max-w-full flex-col flex-grow\">\n<div class=\"min-h-8 text-message flex w-full flex-col items-end gap-2 whitespace-normal break-words [.text-message+&amp;]:mt-5\" dir=\"auto\" data-message-author-role=\"assistant\" data-message-id=\"ad15be03-d972-4519-812e-8ae87d4d45ec\">\n<div class=\"flex w-full flex-col gap-1 empty:hidden first:pt-[3px]\">\n<div class=\"markdown prose w-full break-words dark:prose-invert dark\">\n<blockquote><p><strong>Infortunio sul lavoro: verso l\u2019assoluzione per il vicepresidente della Ceramica Dolomite<\/strong><\/p><\/blockquote>\n<\/div>\n<\/div>\n<\/div>\n<\/div>\n<\/div>\n<\/div>\n<div class=\"group\/conversation-turn relative flex w-full min-w-0 flex-col agent-turn\">\n<div class=\"flex-col gap-1 md:gap-3\">\n<div class=\"flex max-w-full flex-col flex-grow\">\n<div class=\"min-h-8 text-message flex w-full flex-col items-end gap-2 whitespace-normal break-words [.text-message+&amp;]:mt-5\" dir=\"auto\" data-message-author-role=\"assistant\" data-message-id=\"ad15be03-d972-4519-812e-8ae87d4d45ec\">\n<div class=\"flex w-full flex-col gap-1 empty:hidden first:pt-[3px]\">\n<div class=\"markdown prose w-full break-words dark:prose-invert dark\">\n<p><strong>BORGO VALBELLUNA<\/strong> Nel settembre 2020, un operaio ha subito un infortunio con la mano schiacciata presso l&#8217;officina meccanica della Ideal Standard di Trichiana. M M vicepresidente della vecchia Ceramica Dolomite, \u00e8 ora vicino all\u2019assoluzione per lesioni colpose. Durante l&#8217;istruttoria, sono emerse responsabilit\u00e0 condivise tra l\u2019operaio infortunato e un collega, che eseguiva la manutenzione di un carrello elevatore. Quest&#8217;ultimo non avrebbe dovuto effettuare la manovra senza verificare la presenza di altri. L\u2019operaio ha ritirato la costituzione di parte civile.<\/p>\n<\/div>\n<\/div>\n<\/div>\n<\/div>\n<\/div>\n<\/div>\n<blockquote><p>&nbsp;<\/p>\n<p><strong>\u00a0Condannato per furto alla centrale di Soverzene<\/strong><\/p><\/blockquote>\n<p><strong>SOVERZENE<\/strong> FP \u00e8 stato condannato a due anni e otto mesi di reclusione per furto aggravato e simulazione di reato. Nel febbraio 2020 aveva rubato un furgone e attrezzature dalla centrale Achille Gaggia di Soverzene, dopo aver falsamente denunciato il furto del proprio veicolo. Il giudice Montalto ha inflitto una pena superiore a quella richiesta dalla Procura, che si era fermata a un anno di reclusione e 750 euro di multa. L&#8217;uomo \u00e8 stato identificato tramite il cellulare perso durante la fuga<\/p>\n<div class=\"mb-2 flex gap-3 empty:hidden -ml-2\">\n<div class=\"items-center justify-start rounded-xl p-1 flex\">\n<div class=\"flex items-center\">\n<div class=\"flex\"><\/div>\n<div class=\"flex items-center pb-0\">\n<blockquote><p><strong>Perizia psichiatrica conferma la capacit\u00e0 del presunto truffatore<\/strong><\/p><\/blockquote>\n<p><strong>FALCADE<\/strong> R.M., accusato di truffa online, \u00e8 stato dichiarato capace di intendere e volere dal dottor Tullio Franceschini, e quindi di affrontare il processo. Il caso proseguir\u00e0 con l&#8217;udienza del 3 marzo 2025, e sono in corso trattative per il risarcimento. L&#8217;uomo aveva tentato di ingannare una venditrice di Falcade, convincendola a trasferire 2.900 euro su una carta Postepay Evolution invece di ricevere un pagamento per la vendita di un&#8217;auto. La truffa \u00e8 aggravata dall&#8217;uso di contrattazione online.<\/p>\n<\/div>\n<\/div>\n<\/div>\n<\/div>\n<div class=\"mb-2 flex gap-3 empty:hidden -ml-2\">\n<div class=\"items-center justify-start rounded-xl p-1 flex\">\n<div class=\"flex items-center\">\n<div class=\"flex items-center pb-0\">\n<blockquote><p>&nbsp;<\/p>\n<p><strong>Ex giocatore di curling condannato per guida in stato di ebbrezza<\/strong><\/p><\/blockquote>\n<p><strong>CORTINA<\/strong> M S, \u00e8 stato condannato a sei mesi di arresto, 2.000 euro di ammenda e un anno di sospensione della patente per guida in stato di ebbrezza. Nonostante la difesa abbia contestato il malfunzionamento dell&#8217;etilometro, il giudice Federico Montalto ha ridotto la richiesta della Procura (nove mesi e 4.500 euro), ma lo ha comunque dichiarato colpevole. Siorpaes aveva soffiato un valore di 2,48.<\/p>\n<\/div>\n<\/div>\n<\/div>\n<\/div>\n<hr \/>\n<p>&nbsp;<\/p>\n<p>&nbsp;<\/p>\n<blockquote>\n<h2>Viabilit\u00e0 a Val di Zoldo: sfide e soluzioni<\/h2>\n<\/blockquote>\n<p><img loading=\"lazy\" decoding=\"async\" class=\"alignleft\" src=\"https:\/\/www.radiopiu.net\/wordpress\/wp-content\/uploads\/2024\/10\/c3113f3a-9136-4097-b9e2-5bd94cd22218-scaled.jpg\" width=\"195\" height=\"146\" \/><\/p>\n<p><strong>VAL DI ZOLDO<\/strong> Il sindaco di Val di Zoldo, Camillo De Pellegrin, discute i problemi legati alla viabilit\u00e0 del territorio, tra cui smottamenti e strade limitate. Propone possibili soluzioni, anche in vista delle Olimpiadi 2026, con un\u2019attenzione particolare alla viabilit\u00e0 intervalliva e al dibattito sull&#8217;autostrada.<\/p>\n<p>&nbsp;<\/p>\n<p>&nbsp;<\/p>\n<audio class=\"wp-audio-shortcode\" id=\"audio-413003-11\" preload=\"none\" style=\"width: 100%;\" controls=\"controls\"><source type=\"audio\/mpeg\" src=\"https:\/\/www.radiopiu.net\/wordpress\/wp-content\/uploads\/2024\/10\/Servizio-viabilita-Zoldo.mp3?_=11\" \/><a href=\"https:\/\/www.radiopiu.net\/wordpress\/wp-content\/uploads\/2024\/10\/Servizio-viabilita-Zoldo.mp3\">https:\/\/www.radiopiu.net\/wordpress\/wp-content\/uploads\/2024\/10\/Servizio-viabilita-Zoldo.mp3<\/a><\/audio>\n<p>&nbsp;<\/p>\n<p>&nbsp;<\/p>\n<hr \/>\n<p>&nbsp;<\/p>\n<div class=\"page-title-head hgroup\">\n<blockquote>\n<h3 class=\"entry-title\">Essilor Luxottica, visita del ministro Calderone. De Carlo: \u201cFiore all\u2019occhiello del Bellunese ed esempio in Italia e nel mondo\u201d<\/h3>\n<\/blockquote>\n<\/div>\n<div class=\"page-title-breadcrumbs\">\n<p><strong><img loading=\"lazy\" decoding=\"async\" class=\"alignleft\" src=\"https:\/\/www.radiopiu.net\/wordpress\/wp-content\/uploads\/2024\/10\/Senza-nome-26.png\" width=\"380\" height=\"221\" \/>AGORDO<\/strong> C\u2019era anche il senatore cadorino e presidente della IX Commissione Senato &#8211; Industria, commercio, turismo, agricoltura e produzione agroalimentare, Luca De Carlo, nella delegazione che questa mattina ha visitato lo stabilimento di Essilor Luxottica ad Agordo con il Ministro del Lavoro e delle Politiche Sociali, Marina Calderone.<br \/>\n\u201cSono state due ore di interessante confronto con i vertici aziendali sui temi del welfare integrativo e sull\u2019organizzazione del lavoro in un\u2019impresa che da anni \u00e8 leader nel settore a livello mondiale\u201d, <a class=\"dt-pswp-item\" href=\"https:\/\/www.radiopiu.net\/wordpress\/wp-content\/uploads\/2024\/10\/Senza-nome-27.png\" data-dt-img-description=\"\" data-large_image_width=\"292\" data-large_image_height=\"177\"><img loading=\"lazy\" decoding=\"async\" class=\"size-full wp-image-413193 alignright\" src=\"https:\/\/www.radiopiu.net\/wordpress\/wp-content\/uploads\/2024\/10\/Senza-nome-27.png\" alt=\"\" width=\"292\" height=\"177\" \/><\/a>commenta De Carlo. \u201c\u00c8 stato un onore e un piacere &#8211; in particolare da bellunese &#8211; poter approfondire la conoscenza del \u201cmodello Luxottica\u201d, quello che ha permesso a questa azienda di diventare uno dei fiori all\u2019occhiello della nostra provincia e un colosso globale i cui prodotti vengono distribuiti e venduti in oltre 140 nazioni in tutto il mondo, e credo sia stato lo stesso anche per il Ministro che &#8211; ricordiamolo &#8211; ha origini bellunesi, e non ha perso l\u2019occasione di ricordarlo nel corso del suo intervento ad Agordo. Parliamo di un\u2019azienda che \u00e8 un esempio a livello nazionale e mondiale, ed \u00e8 stato importante come rappresentanti delle istituzioni capire i meccanismi e i modelli di crescita di una simile realt\u00e0\u201d.<br \/>\nAd accompagnare il Ministro Calderone e il senatore De Carlo, anche il presidente della Commissione Lavoro della Camera, l\u2019onorevole Walter Rizzetto, e il deputato Emanuele Loperfido.<\/p>\n<p>&nbsp;<\/p>\n<p>&nbsp;<\/p>\n<\/div>\n<p>&nbsp;<\/p>\n<hr \/>\n<p>&nbsp;<\/p>\n<blockquote>\n<h3>PER OLTRE LIMANA IL BILANCIO COMUNALE E&#8217; SANO<\/h3>\n<\/blockquote>\n<p><strong><a class=\"dt-pswp-item\" href=\"https:\/\/www.radiopiu.net\/wordpress\/wp-content\/uploads\/2024\/10\/OLTRE-LIMANA.png\" data-dt-img-description=\"\" data-large_image_width=\"1179\" data-large_image_height=\"1184\"><img loading=\"lazy\" decoding=\"async\" class=\" wp-image-413077 alignleft\" src=\"https:\/\/www.radiopiu.net\/wordpress\/wp-content\/uploads\/2024\/10\/OLTRE-LIMANA-300x300.png\" alt=\"\" width=\"127\" height=\"127\" srcset=\"https:\/\/www.radiopiu.net\/wordpress\/wp-content\/uploads\/2024\/10\/OLTRE-LIMANA-300x300.png 300w, https:\/\/www.radiopiu.net\/wordpress\/wp-content\/uploads\/2024\/10\/OLTRE-LIMANA-1020x1024.png 1020w, https:\/\/www.radiopiu.net\/wordpress\/wp-content\/uploads\/2024\/10\/OLTRE-LIMANA-150x150.png 150w, https:\/\/www.radiopiu.net\/wordpress\/wp-content\/uploads\/2024\/10\/OLTRE-LIMANA-768x771.png 768w, https:\/\/www.radiopiu.net\/wordpress\/wp-content\/uploads\/2024\/10\/OLTRE-LIMANA.png 1179w\" sizes=\"auto, (max-width: 127px) 100vw, 127px\" \/><\/a>LIMANA<\/strong> I consiglieri del Gruppo Oltre Limana, Alex Segat e Milena De Zanet, rispondono alle accuse del sindaco Talo riguardo presunte perdite di bilancio del Comune. Secondo loro, i conti sono in ordine, e non ci sono state perdite, come dimostra l&#8217;avanzo di amministrazione per il 2023, pari a circa 200.000\u20ac. Spiegano che il bilancio consuntivo, approvato anche dai consiglieri di maggioranza, mostra entrate sufficienti a coprire le spese ordinarie del Comune, e che l&#8217;avanzo \u00e8 utilizzato per opere straordinarie, senza che questo rappresenti una perdita. I consiglieri criticano l&#8217;attuale amministrazione per non comprendere i meccanismi di bilancio e accusano il sindaco di allarmare i cittadini con affermazioni infondate.<\/p>\n<p>&nbsp;<\/p>\n<p>&nbsp;<\/p>\n<hr \/>\n<p>&nbsp;<\/p>\n<h1 class=\"_title post-title entry-title\"><a class=\"dt-pswp-item\" href=\"https:\/\/www.radiopiu.net\/wordpress\/wp-content\/uploads\/2023\/12\/ANTENNA.png\" data-dt-img-description=\"\" data-large_image_width=\"300\" data-large_image_height=\"166\"><img loading=\"lazy\" decoding=\"async\" class=\" wp-image-366306 alignleft\" src=\"https:\/\/www.radiopiu.net\/wordpress\/wp-content\/uploads\/2023\/12\/ANTENNA.png\" alt=\"\" width=\"146\" height=\"81\" \/><\/a>CORTINA D\u2019AMPEZZO | OLIMPIADI 2026, LA GESTIONE DEI PARCHEGGI NEL MIRINO DEGLI ULTRAS DI MILAN E INTER<\/h1>\n<p>Intervistati ROBERTO PADRIN PRESIDENTE PROVINCIA DI BELLUNO (AL TELEFONO) (Servizio di\u00a0<a href=\"https:\/\/antennatre.medianordest.it\/redazione\/Tiziana-Bolognani\/\">Tiziana Bolognani<\/a>)<\/p>\n<p>&nbsp;<\/p>\n<p><iframe loading=\"lazy\" title=\"OLIMPIADI 2026, LA GESTIONE DEI PARCHEGGI NEL MIRINO DEGLI ULTRAS DI MILAN E INTER | 07\/10\/2024\" width=\"1200\" height=\"675\" src=\"https:\/\/www.youtube.com\/embed\/ruZ63s6OF2g?feature=oembed\" frameborder=\"0\" allow=\"accelerometer; autoplay; clipboard-write; encrypted-media; gyroscope; picture-in-picture; web-share\" referrerpolicy=\"strict-origin-when-cross-origin\" allowfullscreen><\/iframe><\/p>\n<p>&nbsp;<\/p>\n<p>&nbsp;<\/p>\n<p>&nbsp;<\/p>\n<hr \/>\n<p>&nbsp;<\/p>\n<blockquote>\n<h3>ASSEGNATI I PREMI \u201cAUTUNNALI\u201d DI FAMIGLIA FELTRINA PER IL 2024<\/h3>\n<\/blockquote>\n<p><strong><a class=\"dt-pswp-item\" href=\"https:\/\/www.radiopiu.net\/wordpress\/wp-content\/uploads\/2024\/10\/FAMIGLIA-FELTRINA.png\" data-dt-img-description=\"\" data-large_image_width=\"730\" data-large_image_height=\"480\"><img loading=\"lazy\" decoding=\"async\" class=\" wp-image-413120 alignleft\" src=\"https:\/\/www.radiopiu.net\/wordpress\/wp-content\/uploads\/2024\/10\/FAMIGLIA-FELTRINA-300x197.png\" alt=\"\" width=\"204\" height=\"134\" srcset=\"https:\/\/www.radiopiu.net\/wordpress\/wp-content\/uploads\/2024\/10\/FAMIGLIA-FELTRINA-300x197.png 300w, https:\/\/www.radiopiu.net\/wordpress\/wp-content\/uploads\/2024\/10\/FAMIGLIA-FELTRINA.png 730w\" sizes=\"auto, (max-width: 204px) 100vw, 204px\" \/><\/a>FELTRE<\/strong> Il consiglio direttivo di Famiglia Feltrina ha assegnato i premi \u201cBeato Bernardino\u201d e \u201cFeltre &amp; Lavoro\u201d per il 2024. L\u2019associazione \u201cTutti in Campo\u201d di Feltre ha ricevuto il premio \u201cBeato Bernardino\u201d per il suo impegno nel sostenere persone fragili, in particolare in ambito psichico, attraverso attivit\u00e0 culturali e sportive, e per il suo ruolo di sensibilizzazione sui temi della salute mentale. Il premio \u201cFeltre &amp; Lavoro\u201d \u00e8 stato assegnato al laboratorio odontotecnico Dentalstyle di Feltre, per la sua innovazione e il contributo allo sviluppo dell\u2019economia locale. La cerimonia di consegna si terr\u00e0 il 27 ottobre nella Sala degli Stemmi del Municipio di Feltre, e includer\u00e0 la premiazione di studenti meritevoli delle scuole superiori. Il presidente di Famiglia Feltrina, Enrico Gaz, ha sottolineato l\u2019importanza di questo incontro annuale per rafforzare il legame con la comunit\u00e0 e promuovere un messaggio di fiducia e impegno verso i giovani.<\/p>\n<p>&nbsp;<\/p>\n<p>&nbsp;<\/p>\n<hr \/>\n<p>&nbsp;<\/p>\n<blockquote>\n<h3>APERTO IL BANDO &#8220;DAL VIRTUALE AL REALE&#8221; SU SPORT E CULTURA<\/h3>\n<\/blockquote>\n<p><strong>BELLUNO<\/strong> \u00c8 stata aperta la Call4Ideas del progetto \u201cDal Virtuale al Reale: I Am Here for You\u201d, finanziata dalla DGR n. 729 del 2023 e promossa dal Centro Consorzi. Questa iniziativa mira a coinvolgere i giovani tra i 16 e i 29 anni nella presentazione di idee innovative sui temi di Sport e Cultura, con l\u2019obiettivo di creare un futuro pi\u00f9 sostenibile. Le idee selezionate verranno sviluppate in un laboratorio formativo di 40 ore, con un budget di 3.500\u20ac per sostenere le attivit\u00e0 proposte. Per partecipare, i candidati devono inviare il loro CV Europass, una descrizione dettagliata dell\u2019idea e la scheda partecipante, entro il 23 ottobre 2024. Il progetto coinvolge partner come l\u2019Universit\u00e0 di Padova e Hikikomori Italia, rivolgendosi in particolare a giovani disoccupati e a rischio dispersione scolastica. L\u2019iniziativa promuove sport e cultura per creare legami sociali e ispirare nuove generazioni.<\/p>\n<p>&nbsp;<\/p>\n<p>&nbsp;<\/p>\n<hr \/>\n<p>&nbsp;<\/p>\n<blockquote><p><strong><a class=\"dt-pswp-item\" href=\"https:\/\/www.radiopiu.net\/wordpress\/wp-content\/uploads\/2024\/10\/DolomitiBus_02-scaled.jpg\" data-dt-img-description=\"\" data-large_image_width=\"2560\" data-large_image_height=\"1708\"><img loading=\"lazy\" decoding=\"async\" class=\"size-medium wp-image-413158 alignleft\" src=\"https:\/\/www.radiopiu.net\/wordpress\/wp-content\/uploads\/2024\/10\/DolomitiBus_02-300x200.jpg\" alt=\"\" width=\"300\" height=\"200\" srcset=\"https:\/\/www.radiopiu.net\/wordpress\/wp-content\/uploads\/2024\/10\/DolomitiBus_02-300x200.jpg 300w, https:\/\/www.radiopiu.net\/wordpress\/wp-content\/uploads\/2024\/10\/DolomitiBus_02-1024x683.jpg 1024w, https:\/\/www.radiopiu.net\/wordpress\/wp-content\/uploads\/2024\/10\/DolomitiBus_02-768x513.jpg 768w, https:\/\/www.radiopiu.net\/wordpress\/wp-content\/uploads\/2024\/10\/DolomitiBus_02-1536x1025.jpg 1536w, https:\/\/www.radiopiu.net\/wordpress\/wp-content\/uploads\/2024\/10\/DolomitiBus_02-2048x1367.jpg 2048w\" sizes=\"auto, (max-width: 300px) 100vw, 300px\" \/><\/a>Trillo: successo del nuovo servizio di trasporto on-demand<\/strong><\/p><\/blockquote>\n<p><strong>BELLUNO<\/strong> Trillo, il nuovo servizio di trasporto pubblico a chiamata, nei suoi primi quattro mesi di attivit\u00e0, ha trasportato 19.200 passeggeri e prevedendo di superare i 20.000 entro il 10 ottobre 2024. Questo rappresenta un incremento del 34% rispetto alle linee tradizionali precedenti nelle stesse aree. Il servizio ha registrato circa 200 prenotazioni giornaliere, il 70% delle quali effettuate tramite app. Il call center ha gestito oltre 11.000 richieste, la met\u00e0 delle quali per informazioni su Trillo. Con l\u2019avvio dell\u2019anno scolastico, Trillo ha mantenuto una media di 170 utenti al giorno, nonostante la riduzione dell\u2019orario operativo. Il servizio ha visto anche un aumento del 12% delle iscrizioni a settembre. Trillo ha dimostrato benefici ambientali significativi, riducendo le emissioni di CO\u2082 di 48.000 kg grazie a veicoli pi\u00f9 efficienti, equivalente alla piantumazione di 2.400 alberi. Il Presidente di Dolomiti Bus, Andrea Biasiotto, ha sottolineato l\u2019importanza di investire in un trasporto sostenibile, mentre la Regione Veneto ha confermato l\u2019efficacia di soluzioni flessibili come Trillo. Inoltre, il Sindaco di Belluno, Oscar De Pellegrin, ha evidenziato il ruolo del progetto nell&#8217;ampliamento dei servizi di mobilit\u00e0 per i comuni limitrofi.<\/p>\n<p>&nbsp;<\/p>\n<p>&nbsp;<\/p>\n<hr \/>\n<p>&nbsp;<\/p>\n<p>&nbsp;<\/p>\n<blockquote><p><strong><a class=\"dt-pswp-item\" href=\"https:\/\/www.radiopiu.net\/wordpress\/wp-content\/uploads\/2024\/10\/20241007-Convegno-accessiblitita-a-Dolomiti-Horeca.jpg\" data-dt-img-description=\"\" data-large_image_width=\"2000\" data-large_image_height=\"1500\"><img loading=\"lazy\" decoding=\"async\" class=\" wp-image-413165 alignleft\" src=\"https:\/\/www.radiopiu.net\/wordpress\/wp-content\/uploads\/2024\/10\/20241007-Convegno-accessiblitita-a-Dolomiti-Horeca-300x225.jpg\" alt=\"\" width=\"245\" height=\"184\" srcset=\"https:\/\/www.radiopiu.net\/wordpress\/wp-content\/uploads\/2024\/10\/20241007-Convegno-accessiblitita-a-Dolomiti-Horeca-300x225.jpg 300w, https:\/\/www.radiopiu.net\/wordpress\/wp-content\/uploads\/2024\/10\/20241007-Convegno-accessiblitita-a-Dolomiti-Horeca-1024x768.jpg 1024w, https:\/\/www.radiopiu.net\/wordpress\/wp-content\/uploads\/2024\/10\/20241007-Convegno-accessiblitita-a-Dolomiti-Horeca-768x576.jpg 768w, https:\/\/www.radiopiu.net\/wordpress\/wp-content\/uploads\/2024\/10\/20241007-Convegno-accessiblitita-a-Dolomiti-Horeca-1536x1152.jpg 1536w, https:\/\/www.radiopiu.net\/wordpress\/wp-content\/uploads\/2024\/10\/20241007-Convegno-accessiblitita-a-Dolomiti-Horeca.jpg 2000w\" sizes=\"auto, (max-width: 245px) 100vw, 245px\" \/><\/a>Accessibilit\u00e0 e Turismo: Inclusione e Ospitalit\u00e0 Universale a Horeca 2024<\/strong><\/p><\/blockquote>\n<p><strong>LONGARONE<\/strong> Nella seconda giornata di Horeca 2024 a Longarone Fiere Dolomiti, il focus \u00e8 stato sull&#8217;accessibilit\u00e0 nel turismo. Un convegno organizzato da Federalberghi Veneto e Confcommercio Belluno ha sottolineato l&#8217;importanza di creare e comunicare servizi accessibili. L&#8217;accessibilit\u00e0 nel turismo, secondo l&#8217;OMS, riguarda un miliardo di persone con disabilit\u00e0 e rappresenta il 3% del PIL dell&#8217;UE.<\/p>\n<p>Il convegno \u201cOspitalit\u00e0 universale\u201d ha evidenziato l&#8217;importanza della comunicazione nell\u2019accoglienza. Presentati anche i bandi regionali per migliorare l\u2019accessibilit\u00e0 delle strutture. Nella giornata, l\u2019ITS Academy Turismo ha presentato i suoi nuovi studenti e ci sono state gare di pizza e masterclass sull&#8217;arte culinaria.<\/p>\n<p>&nbsp;<\/p>\n<p>&nbsp;<\/p>\n<hr \/>\n<p>&nbsp;<\/p>\n<blockquote>\n<h3>GIORNATE FAI D&#8217;AUTUNNO IL 12 E 13 OTTOBRE. VISITE AL CENTRO MINERARIO VALLE IMPERINA E TEATRO DELLA SENA<\/h3>\n<\/blockquote>\n<p><strong>BELLUNO<\/strong> Il Gruppo FAI Giovani di Belluno e il Gruppo FAI di Feltre organizzano visite a due luoghi storici della provincia di Belluno: il Centro Minerario di Valle Imperina e il Teatro de la Sena. Il Centro Minerario di Valle Imperina, situato nel Parco Nazionale delle Dolomiti Bellunesi, \u00e8 stato un importante sito di estrazione di rame e zolfo dal 1400 al 1962. Il fabbricato dei forni fusori ospita tre antichi forni, una testimonianza della tecnologia metallurgica utilizzata dalla Serenissima Repubblica di Venezia. Le visite saranno guidate dagli studenti del Liceo Scientifico &#8220;Follador&#8221; di Agordo. Il Teatro de la Sena, nel centro storico di Feltre, \u00e8 stato ricostruito nell&#8217;800 da Giannantonio Selva, lo stesso architetto del Teatro La Fenice di Venezia. Qui, il giovane Carlo Goldoni ha lavorato come attore e regista. Le visite al teatro saranno condotte dagli studenti del Liceo Dal Piaz.<\/p>\n<p><a class=\"dt-pswp-item\" href=\"https:\/\/www.radiopiu.net\/wordpress\/wp-content\/uploads\/2024\/10\/Valle-Imperina-Fabbricato-Forni-Fusori.jpeg\" data-dt-img-description=\"\" data-large_image_width=\"1600\" data-large_image_height=\"1200\"><img loading=\"lazy\" decoding=\"async\" class=\"alignnone wp-image-412572\" src=\"https:\/\/www.radiopiu.net\/wordpress\/wp-content\/uploads\/2024\/10\/Valle-Imperina-Fabbricato-Forni-Fusori-300x225.jpeg\" alt=\"\" width=\"268\" height=\"201\" srcset=\"https:\/\/www.radiopiu.net\/wordpress\/wp-content\/uploads\/2024\/10\/Valle-Imperina-Fabbricato-Forni-Fusori-300x225.jpeg 300w, https:\/\/www.radiopiu.net\/wordpress\/wp-content\/uploads\/2024\/10\/Valle-Imperina-Fabbricato-Forni-Fusori-1024x768.jpeg 1024w, https:\/\/www.radiopiu.net\/wordpress\/wp-content\/uploads\/2024\/10\/Valle-Imperina-Fabbricato-Forni-Fusori-768x576.jpeg 768w, https:\/\/www.radiopiu.net\/wordpress\/wp-content\/uploads\/2024\/10\/Valle-Imperina-Fabbricato-Forni-Fusori-1536x1152.jpeg 1536w, https:\/\/www.radiopiu.net\/wordpress\/wp-content\/uploads\/2024\/10\/Valle-Imperina-Fabbricato-Forni-Fusori.jpeg 1600w\" sizes=\"auto, (max-width: 268px) 100vw, 268px\" \/><\/a><a class=\"dt-pswp-item\" href=\"https:\/\/www.radiopiu.net\/wordpress\/wp-content\/uploads\/2024\/10\/Valle-Imperina-Forni-Fusori.jpeg\" data-dt-img-description=\"\" data-large_image_width=\"1600\" data-large_image_height=\"1200\"><img loading=\"lazy\" decoding=\"async\" class=\"alignnone wp-image-412573\" src=\"https:\/\/www.radiopiu.net\/wordpress\/wp-content\/uploads\/2024\/10\/Valle-Imperina-Forni-Fusori-300x225.jpeg\" alt=\"\" width=\"268\" height=\"201\" srcset=\"https:\/\/www.radiopiu.net\/wordpress\/wp-content\/uploads\/2024\/10\/Valle-Imperina-Forni-Fusori-300x225.jpeg 300w, https:\/\/www.radiopiu.net\/wordpress\/wp-content\/uploads\/2024\/10\/Valle-Imperina-Forni-Fusori-1024x768.jpeg 1024w, https:\/\/www.radiopiu.net\/wordpress\/wp-content\/uploads\/2024\/10\/Valle-Imperina-Forni-Fusori-768x576.jpeg 768w, https:\/\/www.radiopiu.net\/wordpress\/wp-content\/uploads\/2024\/10\/Valle-Imperina-Forni-Fusori-1536x1152.jpeg 1536w, https:\/\/www.radiopiu.net\/wordpress\/wp-content\/uploads\/2024\/10\/Valle-Imperina-Forni-Fusori.jpeg 1600w\" sizes=\"auto, (max-width: 268px) 100vw, 268px\" \/><\/a><\/p>\n<p>&nbsp;<\/p>\n<hr \/>\n<p>&nbsp;<\/p>\n<blockquote>\n<h3>PROROGATA AL 13 OTTOBRE LA SCADENZA PER LE DOMANDE DELLE BORSE DI STUDIO IN MEMORIA DI RUDY DE GASPERIN<\/h3>\n<\/blockquote>\n<p><strong>BELLUNO<\/strong> Il Rotary Club Belluno ha prorogato al 13 ottobre il termine per le domande della quarta edizione delle borse di studio in memoria di Rudy De Gasperin, fondatore di Digiclima e socio del club, scomparso nel 2020 a causa del Covid-19. Le borse, per un totale di 18.000 euro, sono rivolte a studenti della provincia di Belluno che intendono iscriversi a corsi triennali in discipline tecnico-scientifiche. I requisiti includono un&#8217;et\u00e0 inferiore ai 25 anni, un ISEE sotto i 45.000 euro, un voto di maturit\u00e0 di almeno 90\/100 e l&#8217;iscrizione al primo anno di universit\u00e0. L&#8217;iniziativa mira a supportare studenti meritevoli in difficolt\u00e0 economiche, con erogazioni legate al raggiungimento di obiettivi accademici.<\/p>\n<p>&nbsp;<\/p>\n<p>&nbsp;<\/p>\n<hr \/>\n<p>&nbsp;<\/p>\n<blockquote>\n<h1>Due serate dedicate al grande cinema di montagna a Belluno<\/h1>\n<\/blockquote>\n<blockquote><p><strong>BELLUNO\u00a0<\/strong> Il festival Oltre le vette propone due serate di cinema di montagna con le proiezioni di film presentati al Trento Film Festival 2024, il pi\u00f9 prestigioso evento cinematografico del settore. Le proiezioni si terranno marted\u00ec 8 e gioved\u00ec 10 ottobre alle ore 21 presso il Cinema Italia di Belluno, con ingresso gratuito. Marted\u00ec 8 ottobre, il pubblico potr\u00e0 assistere a tre film: L\u2019et\u00e0 sperimentale di Marco Zingaretti, con Erri De Luca, Monte Corno \u2013 Pareva che io fussi in aria di Luca Cococcetta, e The Ice Builders di Francesco Clerici e Tommaso Barbaro. Gioved\u00ec 10 ottobre, verranno proiettati il documentario animato Body of a Line di Henna Taylor, e il film vincitore della Genziana d\u2019Oro, The Great White Whale di Michael Dillon, che racconta la prima salita del vulcano Big Ben sull\u2019isola Heard. Le due serate rinnovano il legame tra Belluno e il Trento Film Festival, offrendo al pubblico l\u2019opportunit\u00e0 di ammirare capolavori cinematografici dedicati alla montagna.<\/p><\/blockquote>\n<p><a class=\"dt-pswp-item\" href=\"https:\/\/www.radiopiu.net\/wordpress\/wp-content\/uploads\/2024\/10\/montecornofilm.jpg\" data-dt-img-description=\"\" data-large_image_width=\"1800\" data-large_image_height=\"1200\"><img loading=\"lazy\" decoding=\"async\" class=\"alignnone size-medium wp-image-413142\" src=\"https:\/\/www.radiopiu.net\/wordpress\/wp-content\/uploads\/2024\/10\/montecornofilm-300x200.jpg\" alt=\"\" width=\"300\" height=\"200\" srcset=\"https:\/\/www.radiopiu.net\/wordpress\/wp-content\/uploads\/2024\/10\/montecornofilm-300x200.jpg 300w, https:\/\/www.radiopiu.net\/wordpress\/wp-content\/uploads\/2024\/10\/montecornofilm-1024x683.jpg 1024w, https:\/\/www.radiopiu.net\/wordpress\/wp-content\/uploads\/2024\/10\/montecornofilm-768x512.jpg 768w, https:\/\/www.radiopiu.net\/wordpress\/wp-content\/uploads\/2024\/10\/montecornofilm-1536x1024.jpg 1536w, https:\/\/www.radiopiu.net\/wordpress\/wp-content\/uploads\/2024\/10\/montecornofilm.jpg 1800w\" sizes=\"auto, (max-width: 300px) 100vw, 300px\" \/><\/a><a class=\"dt-pswp-item\" href=\"https:\/\/www.radiopiu.net\/wordpress\/wp-content\/uploads\/2024\/10\/thegreatwhitewhale.jpg\" data-dt-img-description=\"\" data-large_image_width=\"1800\" data-large_image_height=\"1199\"><img loading=\"lazy\" decoding=\"async\" class=\"alignnone size-medium wp-image-413143\" src=\"https:\/\/www.radiopiu.net\/wordpress\/wp-content\/uploads\/2024\/10\/thegreatwhitewhale-300x200.jpg\" alt=\"\" width=\"300\" height=\"200\" srcset=\"https:\/\/www.radiopiu.net\/wordpress\/wp-content\/uploads\/2024\/10\/thegreatwhitewhale-300x200.jpg 300w, https:\/\/www.radiopiu.net\/wordpress\/wp-content\/uploads\/2024\/10\/thegreatwhitewhale-1024x682.jpg 1024w, https:\/\/www.radiopiu.net\/wordpress\/wp-content\/uploads\/2024\/10\/thegreatwhitewhale-768x512.jpg 768w, https:\/\/www.radiopiu.net\/wordpress\/wp-content\/uploads\/2024\/10\/thegreatwhitewhale-1536x1023.jpg 1536w, https:\/\/www.radiopiu.net\/wordpress\/wp-content\/uploads\/2024\/10\/thegreatwhitewhale.jpg 1800w\" sizes=\"auto, (max-width: 300px) 100vw, 300px\" \/><\/a><\/p>\n<p>&nbsp;<\/p>\n<p>&nbsp;<\/p>\n<hr \/>\n<p>&nbsp;<\/p>\n<blockquote>\n<h2>A Sedico un incontro per conoscere e affrontare la dislessia<\/h2>\n<\/blockquote>\n<p><strong>SEDICO<\/strong><\/p>\n<p><a class=\"dt-pswp-item\" href=\"https:\/\/www.radiopiu.net\/wordpress\/wp-content\/uploads\/2024\/10\/locandina-progetto-conosciamoli.jpg\" data-dt-img-description=\"\" data-large_image_width=\"1152\" data-large_image_height=\"857\"><img loading=\"lazy\" decoding=\"async\" class=\" wp-image-413146 alignleft\" src=\"https:\/\/www.radiopiu.net\/wordpress\/wp-content\/uploads\/2024\/10\/locandina-progetto-conosciamoli-300x223.jpg\" alt=\"\" width=\"221\" height=\"164\" srcset=\"https:\/\/www.radiopiu.net\/wordpress\/wp-content\/uploads\/2024\/10\/locandina-progetto-conosciamoli-300x223.jpg 300w, https:\/\/www.radiopiu.net\/wordpress\/wp-content\/uploads\/2024\/10\/locandina-progetto-conosciamoli-1024x762.jpg 1024w, https:\/\/www.radiopiu.net\/wordpress\/wp-content\/uploads\/2024\/10\/locandina-progetto-conosciamoli-768x571.jpg 768w, https:\/\/www.radiopiu.net\/wordpress\/wp-content\/uploads\/2024\/10\/locandina-progetto-conosciamoli.jpg 1152w\" sizes=\"auto, (max-width: 221px) 100vw, 221px\" \/><\/a>\u201cConosciamoli\u201d \u00e8 il titolo del progetto-incontro che vedr\u00e0 protagonista l\u2019Istituto comprensivo di Sedico-Sospirolo e che sar\u00e0 dedicato a condividere informazioni e buone prassi sulla dislessia e sui disturbi specifici dell\u2019apprendimento-Dsa. Quella iniziata \u00e8 la Settimana della dislessia 2024 e il comprensivo di Sedico, guidato dalla dirigente Lucia Fratturelli, ha accolto nuovamente l\u2019invito dell\u2019Aid-Associazione italiana dislessia, a contribuire a far conoscere di pi\u00f9 un disturbo specifico di apprendimento che interessa varie alunne e vari alunni, le loro famiglie, le loro classi. Per questo \u00e8 stato organizzato gioved\u00ec 10 dalle 17.30 alle 19.30 nell\u2019aula magna della scuola media di Sedico (in via Belvedere, lungo la strada per Villa Patt) un incontro informativo aperto a tutti (genitori, studenti, tecnici). La prima parte sar\u00e0 teorica e servir\u00e0 per spiegare cosa sono i Dsa, le leggi in materia e gli strumenti compensativi pi\u00f9 efficaci a scuola e a casa. Verranno inoltre proposti brevi prove che permetteranno di immedesimarsi nei panni del ragazzo Dsa. La seconda parte prevede un momento di testimonianza di giovani con Dsa, adulti lavoratori con Dsa e genitori di ragazze e ragazzi con Dsa. Interverranno Ruggero Di Vincenzo, adulto Dsa, tutor dell\u2019apprendimento, Nicol\u00f2 Biacoli, studente con Dsa, Nicol\u00f2 Fertonani, studente universitario con Dsa, Mascia Cavan, presidente Aid-Sezione di Belluno. Gioved\u00ec e venerd\u00ec mattina, un evento simile sar\u00e0 invece rivolto alle classi prime medie e quinte elementari di tutto il comprensivo per un totale di circa 230 tra bambini e ragazzi.<\/p>\n<p>&nbsp;<\/p>\n<blockquote>\n<h1>LE DIRETTE DI RADIOPIU&#8212;&#8212;&#8212;-,PESTO MONDIALE TRA LE DOLOMITI<\/h1>\n<\/blockquote>\n<blockquote class=\"wp-embedded-content\" data-secret=\"oKXDxDbM4S\"><p><a href=\"https:\/\/www.radiopiu.net\/wordpress\/il-campionato-mondiale-di-pesto-alla-genovese-la-diretta-da-falcade\/\">IL CAMPIONATO MONDIALE DI PESTO ALLA GENOVESE &#8211; LA DIRETTA DA FALCADE<\/a><\/p><\/blockquote>\n<p><iframe loading=\"lazy\" class=\"wp-embedded-content\" sandbox=\"allow-scripts\" security=\"restricted\" style=\"position: absolute; visibility: hidden;\" title=\"&#8220;IL CAMPIONATO MONDIALE DI PESTO ALLA GENOVESE &#8211; LA DIRETTA DA FALCADE&#8221; &#8212; Radio Pi\u00f9\" src=\"https:\/\/www.radiopiu.net\/wordpress\/il-campionato-mondiale-di-pesto-alla-genovese-la-diretta-da-falcade\/embed\/#?secret=Iuui02LvBB#?secret=oKXDxDbM4S\" data-secret=\"oKXDxDbM4S\" width=\"600\" height=\"338\" frameborder=\"0\" marginwidth=\"0\" marginheight=\"0\" scrolling=\"no\"><\/iframe><\/p>\n<p>&nbsp;<\/p>\n<p>&nbsp;<\/p>\n<hr \/>\n<p>&nbsp;<\/p>\n<blockquote>\n<h1><strong><a class=\"dt-pswp-item\" href=\"https:\/\/www.radiopiu.net\/wordpress\/wp-content\/uploads\/2024\/10\/psychosis-388874_960_720.jpg\" data-dt-img-description=\"\" data-large_image_width=\"960\" data-large_image_height=\"679\"><img loading=\"lazy\" decoding=\"async\" class=\"wp-image-412537 alignleft\" src=\"https:\/\/www.radiopiu.net\/wordpress\/wp-content\/uploads\/2024\/10\/psychosis-388874_960_720-300x212.jpg\" alt=\"\" width=\"168\" height=\"119\" srcset=\"https:\/\/www.radiopiu.net\/wordpress\/wp-content\/uploads\/2024\/10\/psychosis-388874_960_720-300x212.jpg 300w, https:\/\/www.radiopiu.net\/wordpress\/wp-content\/uploads\/2024\/10\/psychosis-388874_960_720-768x543.jpg 768w, https:\/\/www.radiopiu.net\/wordpress\/wp-content\/uploads\/2024\/10\/psychosis-388874_960_720.jpg 960w\" sizes=\"auto, (max-width: 168px) 100vw, 168px\" \/><\/a>Settimana della Salute Mentale: Iniziative e Sensibilizzazione<\/strong><\/h1>\n<\/blockquote>\n<div class=\"flex max-w-full flex-col flex-grow\">\n<div class=\"min-h-8 text-message flex w-full flex-col items-end gap-2 whitespace-normal break-words [.text-message+&amp;]:mt-5\" dir=\"auto\" data-message-author-role=\"assistant\" data-message-id=\"74414bbe-d866-4729-a484-30acf084be15\">\n<div class=\"flex w-full flex-col gap-1 empty:hidden first:pt-[3px]\">\n<div class=\"markdown prose w-full break-words dark:prose-invert dark\">\n<p><strong>BELLUNO<\/strong> Dal 5 al 13 ottobre 2024, l\u2019Ulss Dolomiti celebra la Settimana della Salute Mentale, in concomitanza con la Giornata Mondiale della Salute Mentale del 10 ottobre. L&#8217;iniziativa mira a promuovere il benessere mentale e combattere stigma e pregiudizi attraverso eventi vari, tra cui presentazioni di libri, mercatini artigianali, proiezioni di film e passeggiate. Saranno coinvolti anche utenti dei servizi di Salute Mentale e le loro famiglie. Monumenti locali saranno illuminati di verde, simbolo della salute mentale. Questa settimana rientra nel \u201cProgetto di riorganizzazione del Dipartimento di Salute Mentale\u201d dell&#8217;Ulss e ha visto il coinvolgimento di enti, associazioni e cittadini, per costruire un percorso condiviso verso una societ\u00e0 pi\u00f9 inclusiva e consapevole.<\/p>\n<\/div>\n<\/div>\n<\/div>\n<\/div>\n<div class=\"mb-2 flex gap-3 empty:hidden -ml-2\">\n<div class=\"items-center justify-start rounded-xl p-1 flex\">\n<div class=\"flex items-center\">\n<div class=\"flex items-center pb-0\">Image by <a href=\"https:\/\/pixabay.com\/users\/geralt-9301\/?utm_source=link-attribution&amp;utm_medium=referral&amp;utm_campaign=image&amp;utm_content=388874\">Gerd Altmann<\/a> from <a href=\"https:\/\/pixabay.com\/\/?utm_source=link-attribution&amp;utm_medium=referral&amp;utm_campaign=image&amp;utm_content=388874\">Pixabay<\/a><\/div>\n<div><\/div>\n<\/div>\n<\/div>\n<\/div>\n<blockquote><p>A COLLOQUIO CON ANGELO BREGA, PRIMARIO DELLA PSICHIATRIA DI FELTRE<\/p><\/blockquote>\n<p><strong><a class=\"dt-pswp-item\" href=\"https:\/\/www.radiopiu.net\/wordpress\/wp-content\/uploads\/2024\/03\/361ac5f0-8ea5-42ed-a502-7fb020521184.jpg\" data-dt-img-description=\"\" data-large_image_width=\"1439\" data-large_image_height=\"1600\"><img loading=\"lazy\" decoding=\"async\" class=\" wp-image-381485 alignleft\" src=\"https:\/\/www.radiopiu.net\/wordpress\/wp-content\/uploads\/2024\/03\/361ac5f0-8ea5-42ed-a502-7fb020521184-270x300.jpg\" alt=\"\" width=\"134\" height=\"149\" srcset=\"https:\/\/www.radiopiu.net\/wordpress\/wp-content\/uploads\/2024\/03\/361ac5f0-8ea5-42ed-a502-7fb020521184-270x300.jpg 270w, https:\/\/www.radiopiu.net\/wordpress\/wp-content\/uploads\/2024\/03\/361ac5f0-8ea5-42ed-a502-7fb020521184-921x1024.jpg 921w, https:\/\/www.radiopiu.net\/wordpress\/wp-content\/uploads\/2024\/03\/361ac5f0-8ea5-42ed-a502-7fb020521184-768x854.jpg 768w, https:\/\/www.radiopiu.net\/wordpress\/wp-content\/uploads\/2024\/03\/361ac5f0-8ea5-42ed-a502-7fb020521184-1381x1536.jpg 1381w, https:\/\/www.radiopiu.net\/wordpress\/wp-content\/uploads\/2024\/03\/361ac5f0-8ea5-42ed-a502-7fb020521184.jpg 1439w\" sizes=\"auto, (max-width: 134px) 100vw, 134px\" \/><\/a>DI LUISA ALCHINI<\/strong><\/p>\n<p>OSPITE: dott. Angelo Brega primario UOC psichiatria di Feltre<\/p>\n<audio class=\"wp-audio-shortcode\" id=\"audio-413003-12\" preload=\"none\" style=\"width: 100%;\" controls=\"controls\"><source type=\"audio\/mpeg\" src=\"https:\/\/www.radiopiu.net\/wordpress\/wp-content\/uploads\/2024\/03\/INTERVISTA-dott-Angelo-Brega-primario-UOC-psichiatri-di-Feltre-2.mp3?_=12\" \/><a href=\"https:\/\/www.radiopiu.net\/wordpress\/wp-content\/uploads\/2024\/03\/INTERVISTA-dott-Angelo-Brega-primario-UOC-psichiatri-di-Feltre-2.mp3\">https:\/\/www.radiopiu.net\/wordpress\/wp-content\/uploads\/2024\/03\/INTERVISTA-dott-Angelo-Brega-primario-UOC-psichiatri-di-Feltre-2.mp3<\/a><\/audio>\n<p>&nbsp;<\/p>\n<hr \/>\n<p>&nbsp;<\/p>\n<p>&nbsp;<\/p>\n<blockquote>\n<h1><strong><a class=\"dt-pswp-item\" href=\"https:\/\/www.radiopiu.net\/wordpress\/wp-content\/uploads\/2024\/10\/man-2546107_640.jpg\" data-dt-img-description=\"\" data-large_image_width=\"640\" data-large_image_height=\"182\"><img loading=\"lazy\" decoding=\"async\" class=\"size-medium wp-image-412538 alignleft\" src=\"https:\/\/www.radiopiu.net\/wordpress\/wp-content\/uploads\/2024\/10\/man-2546107_640-300x85.jpg\" alt=\"\" width=\"300\" height=\"85\" srcset=\"https:\/\/www.radiopiu.net\/wordpress\/wp-content\/uploads\/2024\/10\/man-2546107_640-300x85.jpg 300w, https:\/\/www.radiopiu.net\/wordpress\/wp-content\/uploads\/2024\/10\/man-2546107_640-350x100.jpg 350w, https:\/\/www.radiopiu.net\/wordpress\/wp-content\/uploads\/2024\/10\/man-2546107_640.jpg 640w\" sizes=\"auto, (max-width: 300px) 100vw, 300px\" \/><\/a>Strumenti per Gestire le Demenze: Nuovi Incontri del CDCD<\/strong><\/h1>\n<\/blockquote>\n<p>Il Centro per i Disturbi Cognitivi e Demenze (CDCD) dell\u2019Ulss Dolomiti avvia un ciclo di quattro incontri intitolato &#8220;Non sei solo. Strumenti per la gestione delle demenze, insieme&#8221;, rivolto a familiari e assistenti di persone con declino cognitivo. Gli incontri si terranno tutti i luned\u00ec, dal 7 al 28 ottobre 2024, dalle 18.00 alle 19.00, presso l\u2019Ospedale San Martino di Belluno. Ogni incontro affronter\u00e0 temi come la diagnosi e prevenzione del declino, la gestione dei comportamenti e il supporto alle famiglie, culminando in discussioni etiche. Per iscrizioni, contattare <a rel=\"noopener\">cdcd.fe@aulss1.veneto.it<\/a>.<\/p>\n<p>Image by <a href=\"https:\/\/pixabay.com\/users\/geralt-9301\/?utm_source=link-attribution&amp;utm_medium=referral&amp;utm_campaign=image&amp;utm_content=2546107\">Gerd Altmann<\/a> from <a href=\"https:\/\/pixabay.com\/\/?utm_source=link-attribution&amp;utm_medium=referral&amp;utm_campaign=image&amp;utm_content=2546107\">Pixabay<\/a><\/p>\n<p>&nbsp;<\/p>\n<hr \/>\n<p>&nbsp;<\/p>\n<blockquote>\n<h1><strong><a class=\"dt-pswp-item\" href=\"https:\/\/www.radiopiu.net\/wordpress\/wp-content\/uploads\/2024\/10\/baby-4329810_640.jpg\" data-dt-img-description=\"\" data-large_image_width=\"640\" data-large_image_height=\"360\"><img loading=\"lazy\" decoding=\"async\" class=\" wp-image-412539 alignleft\" src=\"https:\/\/www.radiopiu.net\/wordpress\/wp-content\/uploads\/2024\/10\/baby-4329810_640-300x169.jpg\" alt=\"\" width=\"178\" height=\"100\" srcset=\"https:\/\/www.radiopiu.net\/wordpress\/wp-content\/uploads\/2024\/10\/baby-4329810_640-300x169.jpg 300w, https:\/\/www.radiopiu.net\/wordpress\/wp-content\/uploads\/2024\/10\/baby-4329810_640.jpg 640w\" sizes=\"auto, (max-width: 178px) 100vw, 178px\" \/><\/a>Settimana Allattamento Materno 2024: Un Villaggio per Crescere Insieme<\/strong><\/h1>\n<\/blockquote>\n<p><strong>BELLUNO<\/strong> In occasione della Settimana Allattamento Materno (SAM) 2024, l\u2019Ulss Dolomiti organizza eventi per sensibilizzare la comunit\u00e0 sull\u2019importanza del sostegno durante l\u2019allattamento. Con la partecipazione di Ostetricia e Ginecologia di Belluno, Feltre e Pieve di Cadore, Pediatrie, Consultori e UNICEF Belluno, gli incontri si terranno dal 7 al 14 ottobre 2024. Temi trattati includeranno il contatto pelle a pelle, l&#8217;uso della fascia e lo sviluppo del linguaggio. Gli eventi si svolgeranno in diverse sedi e coinvolgeranno professionisti del settore e neomamme, con attivit\u00e0 pratiche e momenti di condivisione per promuovere legami affettivi e salute.<\/p>\n<p>Image by <a href=\"https:\/\/pixabay.com\/users\/darkside-550-945237\/?utm_source=link-attribution&amp;utm_medium=referral&amp;utm_campaign=image&amp;utm_content=4329810\">Candelario Gomez Lopez<\/a> from <a href=\"https:\/\/pixabay.com\/\/?utm_source=link-attribution&amp;utm_medium=referral&amp;utm_campaign=image&amp;utm_content=4329810\">Pixabay\u00a0<\/a><\/p>\n<p>&nbsp;<\/p>\n<hr \/>\n<p>&nbsp;<\/p>\n<blockquote>\n<h1>edizione 2024 della rassegna &#8220;Tracce di Foliage&#8221;<\/h1>\n<\/blockquote>\n<p><strong>BELLUNO<\/strong> \u201cTracce di Foliage 2024\u201d: torna, con la seconda ricca edizione, la rassegna che punta a destagionalizzare la proposta turistica e a valorizzare i colori dei boschi dolomitici nella stagione autunnale. Il tema di quest\u2019anno sar\u00e0 \u201cIl sottobosco di Belluno\u201d, fatto di profumi, funghi, muschio e tutte quelle essenze non arboree che spesso passano inosservate, casa di una vita silenziosa e di un microcosmo invisibile ma assolutamente necessario per l\u2019equilibrio del sistema. Il calendario prender\u00e0 il via sabato 12 e si allungher\u00e0 tra proposte artistiche, gastronomiche e nella natura, fino a venerd\u00ec 25 ottobre.<\/p>\n<p>L&#8217;ASSESSORE PAOLO LUCIANI<\/p>\n<p><iframe loading=\"lazy\" title=\"PAOLO LUCIANI\" width=\"1200\" height=\"675\" src=\"https:\/\/www.youtube.com\/embed\/eBDtWLTmK_s?feature=oembed\" frameborder=\"0\" allow=\"accelerometer; autoplay; clipboard-write; encrypted-media; gyroscope; picture-in-picture; web-share\" referrerpolicy=\"strict-origin-when-cross-origin\" allowfullscreen><\/iframe><\/p>\n<p>&nbsp;<\/p>\n<hr \/>\n<p>&nbsp;<\/p>\n<blockquote>\n<h3>RIVA L&#8217;OKTOBERFEST A RIVAMONTE&#8230;CON DOLOMITI BEER &amp; WINE BEER DI TAIBON<\/h3>\n<\/blockquote>\n<p><strong><a class=\"dt-pswp-item\" href=\"https:\/\/www.radiopiu.net\/wordpress\/wp-content\/uploads\/2024\/10\/5e470011-d042-4192-b606-8c06db8b3a37.jpg\" data-dt-img-description=\"\" data-large_image_width=\"1153\" data-large_image_height=\"1600\"><img loading=\"lazy\" decoding=\"async\" class=\" wp-image-411999 alignleft\" src=\"https:\/\/www.radiopiu.net\/wordpress\/wp-content\/uploads\/2024\/10\/5e470011-d042-4192-b606-8c06db8b3a37-216x300.jpg\" alt=\"\" width=\"114\" height=\"158\" srcset=\"https:\/\/www.radiopiu.net\/wordpress\/wp-content\/uploads\/2024\/10\/5e470011-d042-4192-b606-8c06db8b3a37-216x300.jpg 216w, https:\/\/www.radiopiu.net\/wordpress\/wp-content\/uploads\/2024\/10\/5e470011-d042-4192-b606-8c06db8b3a37-738x1024.jpg 738w, https:\/\/www.radiopiu.net\/wordpress\/wp-content\/uploads\/2024\/10\/5e470011-d042-4192-b606-8c06db8b3a37-768x1066.jpg 768w, https:\/\/www.radiopiu.net\/wordpress\/wp-content\/uploads\/2024\/10\/5e470011-d042-4192-b606-8c06db8b3a37-1107x1536.jpg 1107w, https:\/\/www.radiopiu.net\/wordpress\/wp-content\/uploads\/2024\/10\/5e470011-d042-4192-b606-8c06db8b3a37.jpg 1153w\" sizes=\"auto, (max-width: 114px) 100vw, 114px\" \/><\/a>RIVAMONTE<\/strong> Conto alla rovescia per la quarta edizione di &#8220;Riva L&#8217;Oktoberfest&#8221; a Rivamonte. Anche quest&#8217;anno la Pro Loco di Rivamonte ha messo a disposizione il tendone riscaldato per festeggiare la festa della birra. Sar\u00e0 Dolomiti Beer &amp; Wine Shop di Taibon a fornire la tipica birra bavarese e tutto il necessario per offrire al pubblico una birra perfetta. L&#8217;evento del weekend, dall&#8217;11 al 13 ottobre, promette tre giornate di divertimento e ottimo cibo in stile bavarese. Venerd\u00ec si inizia con un Happy Hour accompagnato dalla musica live della Sritz Band. Sabato sar\u00e0 dedicato ai piatti bavaresi e alla musica Oberkrainer con il Koa Quintett, seguito da un DJ set. Domenica ci saranno esposizioni, dimostrazioni e il gran finale con la porchetta. Durante tutto il weekend, saranno serviti piatti tradizionali come stinco, wurstel, crauti, canederli e spatzle, accompagnati da birra fresca in bicchieri da mezzo litro. Il tendone riscaldato garantisce un&#8217;atmosfera accogliente, e chi indossa abiti tirolesi \u00e8 il benvenuto.<\/p>\n<p>&nbsp;<\/p>\n<p><strong>DI MIRKO MEZZACASA<\/strong><\/p>\n<p>OSPITE: Giacomo &#8220;Jacky&#8221; Bressan, Pro Loco di Rivamonte<\/p>\n<audio class=\"wp-audio-shortcode\" id=\"audio-413003-13\" preload=\"none\" style=\"width: 100%;\" controls=\"controls\"><source type=\"audio\/mpeg\" src=\"https:\/\/www.radiopiu.net\/wordpress\/wp-content\/uploads\/2024\/10\/GIACOMO-BRESSAN-OKTOBERST-1.mp3?_=13\" \/><a href=\"https:\/\/www.radiopiu.net\/wordpress\/wp-content\/uploads\/2024\/10\/GIACOMO-BRESSAN-OKTOBERST-1.mp3\">https:\/\/www.radiopiu.net\/wordpress\/wp-content\/uploads\/2024\/10\/GIACOMO-BRESSAN-OKTOBERST-1.mp3<\/a><\/audio>\n<p>&nbsp;<\/p>\n<p><a class=\"dt-pswp-item\" href=\"https:\/\/www.radiopiu.net\/wordpress\/wp-content\/uploads\/2024\/10\/2e5c4358-ded0-46a3-b586-f0dc161e2eb2.jpg\" data-dt-img-description=\"\" data-large_image_width=\"1024\" data-large_image_height=\"1024\"><img loading=\"lazy\" decoding=\"async\" class=\"alignnone size-medium wp-image-411997\" src=\"https:\/\/www.radiopiu.net\/wordpress\/wp-content\/uploads\/2024\/10\/2e5c4358-ded0-46a3-b586-f0dc161e2eb2-300x300.jpg\" alt=\"\" width=\"300\" height=\"300\" srcset=\"https:\/\/www.radiopiu.net\/wordpress\/wp-content\/uploads\/2024\/10\/2e5c4358-ded0-46a3-b586-f0dc161e2eb2-300x300.jpg 300w, https:\/\/www.radiopiu.net\/wordpress\/wp-content\/uploads\/2024\/10\/2e5c4358-ded0-46a3-b586-f0dc161e2eb2-150x150.jpg 150w, https:\/\/www.radiopiu.net\/wordpress\/wp-content\/uploads\/2024\/10\/2e5c4358-ded0-46a3-b586-f0dc161e2eb2-768x768.jpg 768w, https:\/\/www.radiopiu.net\/wordpress\/wp-content\/uploads\/2024\/10\/2e5c4358-ded0-46a3-b586-f0dc161e2eb2.jpg 1024w\" sizes=\"auto, (max-width: 300px) 100vw, 300px\" \/><\/a><a class=\"dt-pswp-item\" href=\"https:\/\/www.radiopiu.net\/wordpress\/wp-content\/uploads\/2024\/10\/aeb178f8-5bb0-4e08-8228-844f27fd0e9e.jpg\" data-dt-img-description=\"\" data-large_image_width=\"1600\" data-large_image_height=\"1600\"><img loading=\"lazy\" decoding=\"async\" class=\"alignnone size-medium wp-image-411998\" src=\"https:\/\/www.radiopiu.net\/wordpress\/wp-content\/uploads\/2024\/10\/aeb178f8-5bb0-4e08-8228-844f27fd0e9e-300x300.jpg\" alt=\"\" width=\"300\" height=\"300\" srcset=\"https:\/\/www.radiopiu.net\/wordpress\/wp-content\/uploads\/2024\/10\/aeb178f8-5bb0-4e08-8228-844f27fd0e9e-300x300.jpg 300w, https:\/\/www.radiopiu.net\/wordpress\/wp-content\/uploads\/2024\/10\/aeb178f8-5bb0-4e08-8228-844f27fd0e9e-1024x1024.jpg 1024w, https:\/\/www.radiopiu.net\/wordpress\/wp-content\/uploads\/2024\/10\/aeb178f8-5bb0-4e08-8228-844f27fd0e9e-150x150.jpg 150w, https:\/\/www.radiopiu.net\/wordpress\/wp-content\/uploads\/2024\/10\/aeb178f8-5bb0-4e08-8228-844f27fd0e9e-768x768.jpg 768w, https:\/\/www.radiopiu.net\/wordpress\/wp-content\/uploads\/2024\/10\/aeb178f8-5bb0-4e08-8228-844f27fd0e9e-1536x1536.jpg 1536w, https:\/\/www.radiopiu.net\/wordpress\/wp-content\/uploads\/2024\/10\/aeb178f8-5bb0-4e08-8228-844f27fd0e9e.jpg 1600w\" sizes=\"auto, (max-width: 300px) 100vw, 300px\" \/><\/a><\/p>\n<p>&nbsp;<\/p>\n<hr \/>\n<p>&nbsp;<\/p>\n<blockquote>\n<h3>OLTRE LE VETTE 2024: A BELLUNO DAL 4 AL 13 OTTOBRE<\/h3>\n<\/blockquote>\n<p><strong><a class=\"dt-pswp-item\" href=\"https:\/\/www.radiopiu.net\/wordpress\/wp-content\/uploads\/2021\/05\/TEATRO-COMUNALE-BELLUNO.jpg\" data-dt-img-description=\"\" data-large_image_width=\"550\" data-large_image_height=\"435\"><img loading=\"lazy\" decoding=\"async\" class=\" wp-image-212942 alignleft\" src=\"https:\/\/www.radiopiu.net\/wordpress\/wp-content\/uploads\/2021\/05\/TEATRO-COMUNALE-BELLUNO-300x237.jpg\" alt=\"\" width=\"194\" height=\"153\" srcset=\"https:\/\/www.radiopiu.net\/wordpress\/wp-content\/uploads\/2021\/05\/TEATRO-COMUNALE-BELLUNO-300x237.jpg 300w, https:\/\/www.radiopiu.net\/wordpress\/wp-content\/uploads\/2021\/05\/TEATRO-COMUNALE-BELLUNO.jpg 550w\" sizes=\"auto, (max-width: 194px) 100vw, 194px\" \/><\/a>DI MIRKO MEZZACASA<\/strong><\/p>\n<p>OSPITE: Valentina Ciprian<\/p>\n<audio class=\"wp-audio-shortcode\" id=\"audio-413003-14\" preload=\"none\" style=\"width: 100%;\" controls=\"controls\"><source type=\"audio\/mpeg\" src=\"https:\/\/www.radiopiu.net\/wordpress\/wp-content\/uploads\/2024\/10\/VALENTINA-CIPRIAN-OLTRE-LE-VETTE.mp3?_=14\" \/><a href=\"https:\/\/www.radiopiu.net\/wordpress\/wp-content\/uploads\/2024\/10\/VALENTINA-CIPRIAN-OLTRE-LE-VETTE.mp3\">https:\/\/www.radiopiu.net\/wordpress\/wp-content\/uploads\/2024\/10\/VALENTINA-CIPRIAN-OLTRE-LE-VETTE.mp3<\/a><\/audio>\n<p>&nbsp;<\/p>\n<p>&nbsp;<\/p>\n<hr \/>\n<p>&nbsp;<\/p>\n<div class=\"flex max-w-full flex-col flex-grow\">\n<div class=\"min-h-8 text-message flex w-full flex-col items-end gap-2 whitespace-normal break-words [.text-message+&amp;]:mt-5\" dir=\"auto\" data-message-author-role=\"assistant\" data-message-id=\"fdef4867-37be-40c3-b7e8-a66f67773ec4\">\n<div class=\"flex w-full flex-col gap-1 empty:hidden first:pt-[3px]\">\n<div class=\"group\/conversation-turn relative flex w-full min-w-0 flex-col agent-turn\">\n<div class=\"flex-col gap-1 md:gap-3\">\n<div class=\"flex max-w-full flex-col flex-grow\">\n<div class=\"min-h-8 text-message flex w-full flex-col items-end gap-2 whitespace-normal break-words [.text-message+&amp;]:mt-5\" dir=\"auto\" data-message-author-role=\"assistant\" data-message-id=\"4b0e4a52-fd67-493b-9b21-8b4abf75135c\">\n<div class=\"flex w-full flex-col gap-1 empty:hidden first:pt-[3px]\">\n<div class=\"markdown prose w-full break-words dark:prose-invert dark\">\n<blockquote><p><strong>Oltre le Vette: Rassegna di Libri e Montagna a Palazzo Bembo<\/strong><\/p><\/blockquote>\n<p><strong>BELLUNO<\/strong> La Sala dell\u2019Affresco di Palazzo Bembo a Belluno sar\u00e0 il cuore della rassegna letteraria &#8220;Oltre le Vette&#8221;, dedicata ai libri sulla montagna. L\u2019evento, che ha visto centinaia di opere presentate nel corso degli anni, continua anche quest&#8217;anno con appuntamenti importanti. L\u2019ingresso \u00e8 libero.<\/p>\n<\/div>\n<\/div>\n<\/div>\n<\/div>\n<\/div>\n<\/div>\n<p><a class=\"dt-pswp-item\" href=\"https:\/\/www.radiopiu.net\/wordpress\/wp-content\/uploads\/2024\/10\/caterinadeboni.jpeg\" data-dt-img-description=\"\" data-large_image_width=\"675\" data-large_image_height=\"1200\"><img loading=\"lazy\" decoding=\"async\" class=\"alignnone wp-image-412151\" src=\"https:\/\/www.radiopiu.net\/wordpress\/wp-content\/uploads\/2024\/10\/caterinadeboni-169x300.jpeg\" alt=\"\" width=\"92\" height=\"164\" srcset=\"https:\/\/www.radiopiu.net\/wordpress\/wp-content\/uploads\/2024\/10\/caterinadeboni-169x300.jpeg 169w, https:\/\/www.radiopiu.net\/wordpress\/wp-content\/uploads\/2024\/10\/caterinadeboni-576x1024.jpeg 576w, https:\/\/www.radiopiu.net\/wordpress\/wp-content\/uploads\/2024\/10\/caterinadeboni.jpeg 675w\" sizes=\"auto, (max-width: 92px) 100vw, 92px\" \/><\/a><a class=\"dt-pswp-item\" href=\"https:\/\/www.radiopiu.net\/wordpress\/wp-content\/uploads\/2024\/10\/danielezovi.jpg\" data-dt-img-description=\"\" data-large_image_width=\"1280\" data-large_image_height=\"720\"><img loading=\"lazy\" decoding=\"async\" class=\"alignnone size-medium wp-image-412152\" src=\"https:\/\/www.radiopiu.net\/wordpress\/wp-content\/uploads\/2024\/10\/danielezovi-300x169.jpg\" alt=\"\" width=\"300\" height=\"169\" srcset=\"https:\/\/www.radiopiu.net\/wordpress\/wp-content\/uploads\/2024\/10\/danielezovi-300x169.jpg 300w, https:\/\/www.radiopiu.net\/wordpress\/wp-content\/uploads\/2024\/10\/danielezovi-1024x576.jpg 1024w, https:\/\/www.radiopiu.net\/wordpress\/wp-content\/uploads\/2024\/10\/danielezovi-768x432.jpg 768w, https:\/\/www.radiopiu.net\/wordpress\/wp-content\/uploads\/2024\/10\/danielezovi.jpg 1280w\" sizes=\"auto, (max-width: 300px) 100vw, 300px\" \/><\/a><a class=\"dt-pswp-item\" href=\"https:\/\/www.radiopiu.net\/wordpress\/wp-content\/uploads\/2024\/10\/stefanogavaconmiottoebee-scaled.jpg\" data-dt-img-description=\"\" data-large_image_width=\"2560\" data-large_image_height=\"1707\"><img loading=\"lazy\" decoding=\"async\" class=\"alignnone wp-image-412153\" src=\"https:\/\/www.radiopiu.net\/wordpress\/wp-content\/uploads\/2024\/10\/stefanogavaconmiottoebee-300x200.jpg\" alt=\"\" width=\"251\" height=\"167\" srcset=\"https:\/\/www.radiopiu.net\/wordpress\/wp-content\/uploads\/2024\/10\/stefanogavaconmiottoebee-300x200.jpg 300w, https:\/\/www.radiopiu.net\/wordpress\/wp-content\/uploads\/2024\/10\/stefanogavaconmiottoebee-1024x683.jpg 1024w, https:\/\/www.radiopiu.net\/wordpress\/wp-content\/uploads\/2024\/10\/stefanogavaconmiottoebee-768x512.jpg 768w, https:\/\/www.radiopiu.net\/wordpress\/wp-content\/uploads\/2024\/10\/stefanogavaconmiottoebee-1536x1024.jpg 1536w, https:\/\/www.radiopiu.net\/wordpress\/wp-content\/uploads\/2024\/10\/stefanogavaconmiottoebee-2048x1365.jpg 2048w\" sizes=\"auto, (max-width: 251px) 100vw, 251px\" \/><\/a><\/p>\n<\/div>\n<\/div>\n<\/div>\n<p>&nbsp;<\/p>\n<hr \/>\n<p>&nbsp;<\/p>\n<blockquote>\n<h3><a class=\"dt-pswp-item\" href=\"https:\/\/www.radiopiu.net\/wordpress\/wp-content\/uploads\/2024\/10\/Loc_13ott_comune.jpg\" data-dt-img-description=\"\" data-large_image_width=\"1240\" data-large_image_height=\"1754\"><img loading=\"lazy\" decoding=\"async\" class=\" wp-image-413075 alignleft\" src=\"https:\/\/www.radiopiu.net\/wordpress\/wp-content\/uploads\/2024\/10\/Loc_13ott_comune-212x300.jpg\" alt=\"\" width=\"102\" height=\"144\" srcset=\"https:\/\/www.radiopiu.net\/wordpress\/wp-content\/uploads\/2024\/10\/Loc_13ott_comune-212x300.jpg 212w, https:\/\/www.radiopiu.net\/wordpress\/wp-content\/uploads\/2024\/10\/Loc_13ott_comune-724x1024.jpg 724w, https:\/\/www.radiopiu.net\/wordpress\/wp-content\/uploads\/2024\/10\/Loc_13ott_comune-768x1086.jpg 768w, https:\/\/www.radiopiu.net\/wordpress\/wp-content\/uploads\/2024\/10\/Loc_13ott_comune-1086x1536.jpg 1086w, https:\/\/www.radiopiu.net\/wordpress\/wp-content\/uploads\/2024\/10\/Loc_13ott_comune.jpg 1240w\" sizes=\"auto, (max-width: 102px) 100vw, 102px\" \/><\/a>LA PIAVE PER LA PACE<\/h3>\n<\/blockquote>\n<p><strong>BELLUNO<\/strong> L&#8217;evento &#8220;La Piave per la Pace&#8221; si terr\u00e0 il 13 ottobre 2024 lungo il fiume Piave, attraversando le citt\u00e0 di Belluno, Treviso e Venezia. L&#8217;iniziativa propone camminate, musica e parole per promuovere la pace, il disarmo, la sicurezza e la giustizia sociale e climatica. L&#8217;appello \u00e8 per il cessate il fuoco e i negoziati, contro l&#8217;aumento delle spese militari, senza basi o armi. L&#8217;evento mira a sensibilizzare sull&#8217;importanza del rispetto della legalit\u00e0 internazionale e della giustizia. L&#8217;incontro coinvolge varie associazioni locali e ha il patrocinio del Comune di Sernaglia della Battaglia.<\/p>\n<p>&nbsp;<\/p>\n<p>&nbsp;<\/p>\n<hr \/>\n<p>&nbsp;<\/p>\n<div align=\"center\"><b><i><a class=\"dt-pswp-item\" href=\"https:\/\/www.radiopiu.net\/wordpress\/wp-content\/uploads\/2024\/10\/book-283251_640.jpg\" data-dt-img-description=\"\" data-large_image_width=\"640\" data-large_image_height=\"428\"><img loading=\"lazy\" decoding=\"async\" class=\" wp-image-412154 alignleft\" src=\"https:\/\/www.radiopiu.net\/wordpress\/wp-content\/uploads\/2024\/10\/book-283251_640-300x201.jpg\" alt=\"\" width=\"188\" height=\"126\" srcset=\"https:\/\/www.radiopiu.net\/wordpress\/wp-content\/uploads\/2024\/10\/book-283251_640-300x201.jpg 300w, https:\/\/www.radiopiu.net\/wordpress\/wp-content\/uploads\/2024\/10\/book-283251_640.jpg 640w\" sizes=\"auto, (max-width: 188px) 100vw, 188px\" \/><\/a>Domenica di carta 2024 (13 ottobre)<\/i><\/b><\/div>\n<p><strong>BELLUNO<\/strong> Per celebrare i 50 anni dell&#8217;Archivio di Stato di Belluno, sar\u00e0 allestita una mostra &#8220;pluritematica&#8221; con documenti dalle mostre pi\u00f9 rilevanti del passato. L&#8217;evento avr\u00e0 luogo domenica 13 ottobre dalle 9 alle 13, con ingresso gratuito.<\/p>\n<p>&nbsp;<\/p>\n<p>&nbsp;<\/p>\n<p>&nbsp;<\/p>\n<hr \/>\n<h3><span style=\"font-size: 14px; font-weight: normal;\">\u00a0\u00a0<\/span><\/h3>\n<h2><span style=\"color: #ff6600;\">IERI ALLA RADIO\u00a0\u00a0<\/span><\/h2>\n<h2><span style=\"color: #ff0000;\">OGGI COME IERI di e con SILVIA BALDO<\/span><\/h2>\n<p><img decoding=\"async\" class=\"aligncenter\" src=\"https:\/\/www.radiopiu.net\/wordpress\/wp-content\/uploads\/2023\/09\/309000774_10222572118595513_7956305457803922499_n.jpg\" \/><\/p>\n<p><strong>\u00a0 \u00a0 \u00a0 \u00a0\u00a0<\/strong><\/p>\n<p><strong>PUNTATA 07 OTTOBRE luned\u00ec<\/strong><\/p>\n<audio class=\"wp-audio-shortcode\" id=\"audio-413003-15\" preload=\"none\" style=\"width: 100%;\" controls=\"controls\"><source type=\"audio\/mpeg\" src=\"https:\/\/www.radiopiu.net\/wordpress\/wp-content\/uploads\/2024\/01\/SIBI-23.mp3?_=15\" \/><a href=\"https:\/\/www.radiopiu.net\/wordpress\/wp-content\/uploads\/2024\/01\/SIBI-23.mp3\">https:\/\/www.radiopiu.net\/wordpress\/wp-content\/uploads\/2024\/01\/SIBI-23.mp3<\/a><\/audio>\n<p>&nbsp;<\/p>\n<h2>LA RACCOLTA COMPLETA <a href=\"https:\/\/www.radiopiu.net\/wordpress\/alle-nove-oggi-come-ieri-di-e-con-silvia-baldo\/\"><span style=\"color: #3366ff;\">CLICCA QUI<\/span><\/a><\/h2>\n<p>&nbsp;<\/p>\n<hr \/>\n<p>&nbsp;<\/p>\n<h2><span style=\"color: #ff00ff;\">RITRATTI SONORI, IL PROGRAMMA DI ALESSIA DALL&#8217;O&#8217;<\/span><\/h2>\n<p><span style=\"color: #ff0000;\"><strong><a class=\"dt-pswp-item\" href=\"https:\/\/www.radiopiu.net\/wordpress\/wp-content\/uploads\/2024\/07\/LAURA-CHIERZI.jpg\" data-dt-img-description=\"\" data-large_image_width=\"200\" data-large_image_height=\"200\"><img loading=\"lazy\" decoding=\"async\" class=\"size-full wp-image-399707 alignleft\" src=\"https:\/\/www.radiopiu.net\/wordpress\/wp-content\/uploads\/2024\/07\/LAURA-CHIERZI.jpg\" alt=\"\" width=\"200\" height=\"200\" srcset=\"https:\/\/www.radiopiu.net\/wordpress\/wp-content\/uploads\/2024\/07\/LAURA-CHIERZI.jpg 200w, https:\/\/www.radiopiu.net\/wordpress\/wp-content\/uploads\/2024\/07\/LAURA-CHIERZI-150x150.jpg 150w\" sizes=\"auto, (max-width: 200px) 100vw, 200px\" \/><\/a>PUNTATA 10 LAURA CHIERZI<\/strong><\/span><\/p>\n<p>PRIMA PARTE<\/p>\n<audio class=\"wp-audio-shortcode\" id=\"audio-413003-16\" preload=\"none\" style=\"width: 100%;\" controls=\"controls\"><source type=\"audio\/mpeg\" src=\"https:\/\/www.radiopiu.net\/wordpress\/wp-content\/uploads\/2024\/07\/RF1-2.mp3?_=16\" \/><a href=\"https:\/\/www.radiopiu.net\/wordpress\/wp-content\/uploads\/2024\/07\/RF1-2.mp3\">https:\/\/www.radiopiu.net\/wordpress\/wp-content\/uploads\/2024\/07\/RF1-2.mp3<\/a><\/audio>\n<p>&nbsp;<\/p>\n<p>SECONDA PARTE<\/p>\n<audio class=\"wp-audio-shortcode\" id=\"audio-413003-17\" preload=\"none\" style=\"width: 100%;\" controls=\"controls\"><source type=\"audio\/mpeg\" src=\"https:\/\/www.radiopiu.net\/wordpress\/wp-content\/uploads\/2024\/07\/RF2-2.mp3?_=17\" \/><a href=\"https:\/\/www.radiopiu.net\/wordpress\/wp-content\/uploads\/2024\/07\/RF2-2.mp3\">https:\/\/www.radiopiu.net\/wordpress\/wp-content\/uploads\/2024\/07\/RF2-2.mp3<\/a><\/audio>\n<p>&nbsp;<\/p>\n<p>TERZA PARTE<\/p>\n<audio class=\"wp-audio-shortcode\" id=\"audio-413003-18\" preload=\"none\" style=\"width: 100%;\" controls=\"controls\"><source type=\"audio\/mpeg\" src=\"https:\/\/www.radiopiu.net\/wordpress\/wp-content\/uploads\/2024\/07\/RF3-2.mp3?_=18\" \/><a href=\"https:\/\/www.radiopiu.net\/wordpress\/wp-content\/uploads\/2024\/07\/RF3-2.mp3\">https:\/\/www.radiopiu.net\/wordpress\/wp-content\/uploads\/2024\/07\/RF3-2.mp3<\/a><\/audio>\n<p>&nbsp;<\/p>\n<h2>LA RACCOLTA COMPLETA <a href=\"https:\/\/www.radiopiu.net\/wordpress\/ritratti-sonori-il-programma-di-alessia-dallo-la-raccolta\/\"><span style=\"color: #3366ff;\">CLICCA QUI<\/span><\/a><\/h2>\n<p>&nbsp;<\/p>\n<hr \/>\n<p>&nbsp;<\/p>\n<h2><span style=\"color: #ffcc00;\">SALUTE E SOCIETA<\/span><\/h2>\n<p><strong><a class=\"dt-pswp-item\" href=\"https:\/\/www.radiopiu.net\/wordpress\/wp-content\/uploads\/2024\/10\/a2e8ce37-9e99-d08d-d1cb-89c25103b85a.jpg\" data-dt-img-description=\"\" data-large_image_width=\"1200\" data-large_image_height=\"800\"><img loading=\"lazy\" decoding=\"async\" class=\" wp-image-413082 alignleft\" src=\"https:\/\/www.radiopiu.net\/wordpress\/wp-content\/uploads\/2024\/10\/a2e8ce37-9e99-d08d-d1cb-89c25103b85a-300x200.jpg\" alt=\"\" width=\"182\" height=\"121\" srcset=\"https:\/\/www.radiopiu.net\/wordpress\/wp-content\/uploads\/2024\/10\/a2e8ce37-9e99-d08d-d1cb-89c25103b85a-300x200.jpg 300w, https:\/\/www.radiopiu.net\/wordpress\/wp-content\/uploads\/2024\/10\/a2e8ce37-9e99-d08d-d1cb-89c25103b85a-1024x683.jpg 1024w, https:\/\/www.radiopiu.net\/wordpress\/wp-content\/uploads\/2024\/10\/a2e8ce37-9e99-d08d-d1cb-89c25103b85a-768x512.jpg 768w, https:\/\/www.radiopiu.net\/wordpress\/wp-content\/uploads\/2024\/10\/a2e8ce37-9e99-d08d-d1cb-89c25103b85a.jpg 1200w\" sizes=\"auto, (max-width: 182px) 100vw, 182px\" \/><\/a>PUNTATE DEL 07 OTTOBRE 2024<\/strong><\/p>\n<p><span style=\"color: #ff0000;\"><strong>PUNTATA 1<\/strong><\/span><\/p>\n<p><strong>Fibrosi cistica <\/strong>Dieci storie di fibrosi cistica in mostra con la campagna &#8216;Fuori tutto &#8211; La vita con la fibrosi cistica tra sintomi e sogni&#8217;.<br \/>\n<strong>Dolore cronico <\/strong>Il 60% delle persone colpite da dolore cronico sono donne, a causa di fattori biologici, ma anche socioculturali. Le donne, infatti, tendono spesso a sottovalutare i propri sintomi, anteponendo i bisogni degli altri.<\/p>\n<audio class=\"wp-audio-shortcode\" id=\"audio-413003-19\" preload=\"none\" style=\"width: 100%;\" controls=\"controls\"><source type=\"audio\/mpeg\" src=\"https:\/\/www.radiopiu.net\/wordpress\/wp-content\/uploads\/2024\/10\/SALUTE.mp3?_=19\" \/><a href=\"https:\/\/www.radiopiu.net\/wordpress\/wp-content\/uploads\/2024\/10\/SALUTE.mp3\">https:\/\/www.radiopiu.net\/wordpress\/wp-content\/uploads\/2024\/10\/SALUTE.mp3<\/a><\/audio>\n<p><span style=\"color: #ff0000;\"><strong>PUNTATA 2<\/strong><\/span><br \/>\n<strong>Malattie rare e infrequenti <\/strong>Le sfide delle malattie rare e infrequenti: dall\u2019importanza di un approccio di genere al supporto psicologico integrato nei percorsi di cura <strong>Malattie cardiovascolari <\/strong>Le malattie cardiovascolari sono la prima causa di morte nei soggetti adulti di cui il 30% ascrivibile a una condizione di trombosi o di aterosclerosi della parete arteriosa.<\/p>\n<audio class=\"wp-audio-shortcode\" id=\"audio-413003-20\" preload=\"none\" style=\"width: 100%;\" controls=\"controls\"><source type=\"audio\/mpeg\" src=\"https:\/\/www.radiopiu.net\/wordpress\/wp-content\/uploads\/2024\/10\/SALUTE-2.mp3?_=20\" \/><a href=\"https:\/\/www.radiopiu.net\/wordpress\/wp-content\/uploads\/2024\/10\/SALUTE-2.mp3\">https:\/\/www.radiopiu.net\/wordpress\/wp-content\/uploads\/2024\/10\/SALUTE-2.mp3<\/a><\/audio>\n<p>&nbsp;<\/p>\n<hr \/>\n<p>&nbsp;<\/p>\n<p>&nbsp;<\/p>\n<p>&nbsp;<\/p>\n<blockquote class=\"wp-embedded-content\" data-secret=\"HaNhxIoxun\"><p><a href=\"https:\/\/www.radiopiu.net\/wordpress\/jacopo-bressan-e-la-sua-officina-itinerante\/\">JACOPO BRESSAN E LA SUA OFFICINA ITINERANTE<\/a><\/p><\/blockquote>\n<p><iframe loading=\"lazy\" class=\"wp-embedded-content\" sandbox=\"allow-scripts\" security=\"restricted\" style=\"position: absolute; visibility: hidden;\" title=\"&#8220;JACOPO BRESSAN E LA SUA OFFICINA ITINERANTE&#8221; &#8212; Radio Pi\u00f9\" src=\"https:\/\/www.radiopiu.net\/wordpress\/jacopo-bressan-e-la-sua-officina-itinerante\/embed\/#?secret=5oVBh8fHNN#?secret=HaNhxIoxun\" data-secret=\"HaNhxIoxun\" width=\"600\" height=\"338\" frameborder=\"0\" marginwidth=\"0\" marginheight=\"0\" scrolling=\"no\"><\/iframe><\/p>\n<p>&nbsp;<\/p>\n<hr \/>\n<p>&nbsp;<\/p>\n<h2><span style=\"color: #993300;\">VERSO LA KINK OF CAORINA, QUARTA DELLE 6 TAPPE DELLA VERTICAL FIEMME-FASSA-BIOIS<\/span><strong>\u00a0<\/strong><\/h2>\n<p>&nbsp;<\/p>\n<p><span style=\"color: #ff0000;\">IL GIORNO DOPO la Ciok Vedeler<\/span><\/p>\n<audio class=\"wp-audio-shortcode\" id=\"audio-413003-21\" preload=\"none\" style=\"width: 100%;\" controls=\"controls\"><source type=\"audio\/mpeg\" src=\"https:\/\/www.radiopiu.net\/wordpress\/wp-content\/uploads\/2024\/09\/VK-Buffaure-Recap.mp3?_=21\" \/><a href=\"https:\/\/www.radiopiu.net\/wordpress\/wp-content\/uploads\/2024\/09\/VK-Buffaure-Recap.mp3\">https:\/\/www.radiopiu.net\/wordpress\/wp-content\/uploads\/2024\/09\/VK-Buffaure-Recap.mp3<\/a><\/audio>\n<p>&nbsp;<\/p>\n<p><strong> <a class=\"dt-pswp-item\" href=\"https:\/\/www.radiopiu.net\/wordpress\/wp-content\/uploads\/2024\/09\/Senza-nome-81.png\" data-dt-img-description=\"\" data-large_image_width=\"450\" data-large_image_height=\"81\"><img loading=\"lazy\" decoding=\"async\" class=\"wp-image-411964 size-medium aligncenter\" src=\"https:\/\/www.radiopiu.net\/wordpress\/wp-content\/uploads\/2024\/09\/Senza-nome-81-300x54.png\" alt=\"\" width=\"300\" height=\"54\" srcset=\"https:\/\/www.radiopiu.net\/wordpress\/wp-content\/uploads\/2024\/09\/Senza-nome-81-300x54.png 300w, https:\/\/www.radiopiu.net\/wordpress\/wp-content\/uploads\/2024\/09\/Senza-nome-81.png 450w\" sizes=\"auto, (max-width: 300px) 100vw, 300px\" \/><\/a><\/strong><\/p>\n<p>&nbsp;<\/p>\n<p><strong>QUARTA PUNTATA<\/strong>\u00a0 &#8220;VKKing Of Caorina &#8211; Il Podcast&#8221; con la presentazione della King Of Caorina del 12 ottobre, quarta tappa del circuito VERTICAL FFB<\/p>\n<audio class=\"wp-audio-shortcode\" id=\"audio-413003-22\" preload=\"none\" style=\"width: 100%;\" controls=\"controls\"><source type=\"audio\/mpeg\" src=\"https:\/\/www.radiopiu.net\/wordpress\/wp-content\/uploads\/2024\/10\/VK-King-Of-Caorina-Il-Podcast.mp3?_=22\" \/><a href=\"https:\/\/www.radiopiu.net\/wordpress\/wp-content\/uploads\/2024\/10\/VK-King-Of-Caorina-Il-Podcast.mp3\">https:\/\/www.radiopiu.net\/wordpress\/wp-content\/uploads\/2024\/10\/VK-King-Of-Caorina-Il-Podcast.mp3<\/a><\/audio>\n<p>&nbsp;<\/p>\n<p>&nbsp;<\/p>\n<hr \/>\n<p>&nbsp;<\/p>\n<h2><span style=\"color: #808000;\">MOTORI E SPERANZA, LA SECONDA EDIZIONE A FALCADE<\/span><\/h2>\n<p><strong><a class=\"dt-pswp-item\" href=\"https:\/\/www.radiopiu.net\/wordpress\/wp-content\/uploads\/2024\/10\/lgql.png\" data-dt-img-description=\"\" data-large_image_width=\"660\" data-large_image_height=\"415\"><img loading=\"lazy\" decoding=\"async\" class=\" wp-image-412010 alignleft\" src=\"https:\/\/www.radiopiu.net\/wordpress\/wp-content\/uploads\/2024\/10\/lgql-300x189.png\" alt=\"\" width=\"190\" height=\"120\" srcset=\"https:\/\/www.radiopiu.net\/wordpress\/wp-content\/uploads\/2024\/10\/lgql-300x189.png 300w, https:\/\/www.radiopiu.net\/wordpress\/wp-content\/uploads\/2024\/10\/lgql.png 660w\" sizes=\"auto, (max-width: 190px) 100vw, 190px\" \/><\/a>DI MARCO GAZ<\/strong><\/p>\n<p>OSPITE: Mauro Riva<\/p>\n<audio class=\"wp-audio-shortcode\" id=\"audio-413003-23\" preload=\"none\" style=\"width: 100%;\" controls=\"controls\"><source type=\"audio\/mpeg\" src=\"https:\/\/www.radiopiu.net\/wordpress\/wp-content\/uploads\/2024\/10\/MAURO-RIVA-MOTORI-E-SPERANZA-SCADENZA-13-OTTOBRE.mp3?_=23\" \/><a href=\"https:\/\/www.radiopiu.net\/wordpress\/wp-content\/uploads\/2024\/10\/MAURO-RIVA-MOTORI-E-SPERANZA-SCADENZA-13-OTTOBRE.mp3\">https:\/\/www.radiopiu.net\/wordpress\/wp-content\/uploads\/2024\/10\/MAURO-RIVA-MOTORI-E-SPERANZA-SCADENZA-13-OTTOBRE.mp3<\/a><\/audio>\n<p>&nbsp;<\/p>\n<hr \/>\n<p>&nbsp;<\/p>\n<h2><span style=\"color: #ff0000;\"><a class=\"dt-pswp-item\" href=\"https:\/\/www.radiopiu.net\/wordpress\/wp-content\/uploads\/2018\/09\/appuntamenti.jpeg\" data-dt-img-description=\"\" data-large_image_width=\"800\" data-large_image_height=\"100\"><img loading=\"lazy\" decoding=\"async\" class=\"wp-image-61958 size-full aligncenter\" src=\"https:\/\/www.radiopiu.net\/wordpress\/wp-content\/uploads\/2018\/09\/appuntamenti.jpeg\" alt=\"\" width=\"800\" height=\"100\" srcset=\"https:\/\/www.radiopiu.net\/wordpress\/wp-content\/uploads\/2018\/09\/appuntamenti.jpeg 800w, https:\/\/www.radiopiu.net\/wordpress\/wp-content\/uploads\/2018\/09\/appuntamenti-300x38.jpeg 300w, https:\/\/www.radiopiu.net\/wordpress\/wp-content\/uploads\/2018\/09\/appuntamenti-768x96.jpeg 768w\" sizes=\"auto, (max-width: 800px) 100vw, 800px\" \/><\/a><\/span><\/h2>\n<p><iframe loading=\"lazy\" title=\"FORMULA 3\" width=\"1200\" height=\"900\" src=\"https:\/\/www.youtube.com\/embed\/I21aWSYA3OI?feature=oembed\" frameborder=\"0\" allow=\"accelerometer; autoplay; clipboard-write; encrypted-media; gyroscope; picture-in-picture; web-share\" referrerpolicy=\"strict-origin-when-cross-origin\" allowfullscreen><\/iframe><\/p>\n<div>\n<div class=\"\" dir=\"auto\">\n<div id=\":r9h:\" class=\"x1iorvi4 x1pi30zi x1l90r2v x1swvt13\" data-ad-comet-preview=\"message\" data-ad-preview=\"message\">\n\n\t\t\t<style type='text\/css'>\n\t\t\t\t#gallery-1 {\n\t\t\t\t\tmargin: auto;\n\t\t\t\t}\n\t\t\t\t#gallery-1 .gallery-item {\n\t\t\t\t\tfloat: left;\n\t\t\t\t\tmargin-top: 10px;\n\t\t\t\t\ttext-align: center;\n\t\t\t\t\twidth: 25%;\n\t\t\t\t}\n\t\t\t\t#gallery-1 img {\n\t\t\t\t\tborder: 2px solid #cfcfcf;\n\t\t\t\t}\n\t\t\t\t#gallery-1 .gallery-caption {\n\t\t\t\t\tmargin-left: 0;\n\t\t\t\t}\n\t\t\t\t\/* see gallery_shortcode() in wp-includes\/media.php *\/\n\t\t\t<\/style>\n\t\t<div id='gallery-1' class='dt-gallery-container gallery galleryid-413003 gallery-columns-4 gallery-size-thumbnail'><dl class='gallery-item'>\n\t\t\t\t<dt class='gallery-icon portrait'>\n\t\t\t\t\t<a class=\"rollover rollover-zoom dt-pswp-item\" title=\"LOC_A3_MOSTRA-RADIO_CMVI\" data-dt-img-description=\"\" data-large_image_width=\"1816\" data-large_image_height=\"2560\"href='https:\/\/www.radiopiu.net\/wordpress\/wp-content\/uploads\/2024\/08\/LOC_A3_MOSTRA-RADIO_CMVI-scaled.jpg'><img loading=\"lazy\" decoding=\"async\" width=\"150\" height=\"150\" src=\"https:\/\/www.radiopiu.net\/wordpress\/wp-content\/uploads\/2024\/08\/LOC_A3_MOSTRA-RADIO_CMVI-150x150.jpg\" class=\"attachment-thumbnail size-thumbnail\" alt=\"\" aria-describedby=\"gallery-1-403450\" \/><\/a>\n\t\t\t\t<\/dt>\n\t\t\t\t\t<dd class='wp-caption-text gallery-caption' id='gallery-1-403450'>\n\t\t\t\t\tLA MOSTRA DELLE RADIO IN VALLE IMPERINA\n\t\t\t\t\t<\/dd><\/dl><dl class='gallery-item'>\n\t\t\t\t<dt class='gallery-icon portrait'>\n\t\t\t\t\t<a class=\"rollover rollover-zoom dt-pswp-item\" title=\"cai agordo\" data-dt-img-description=\"\" data-large_image_width=\"490\" data-large_image_height=\"947\"href='https:\/\/www.radiopiu.net\/wordpress\/wp-content\/uploads\/2024\/09\/cai-agordo.png'><img loading=\"lazy\" decoding=\"async\" width=\"150\" height=\"150\" src=\"https:\/\/www.radiopiu.net\/wordpress\/wp-content\/uploads\/2024\/09\/cai-agordo-150x150.png\" class=\"attachment-thumbnail size-thumbnail\" alt=\"\" aria-describedby=\"gallery-1-411791\" \/><\/a>\n\t\t\t\t<\/dt>\n\t\t\t\t\t<dd class='wp-caption-text gallery-caption' id='gallery-1-411791'>\n\t\t\t\t\tSERE D&#8217;AUTUNNO CON IL CAI DI AGORDO\n\t\t\t\t\t<\/dd><\/dl><dl class='gallery-item'>\n\t\t\t\t<dt class='gallery-icon portrait'>\n\t\t\t\t\t<a class=\"rollover rollover-zoom dt-pswp-item\" title=\"c642bf0f-c463-4d76-a064-194f58c84a62\" data-dt-img-description=\"\" data-large_image_width=\"1131\" data-large_image_height=\"1600\"href='https:\/\/www.radiopiu.net\/wordpress\/wp-content\/uploads\/2024\/09\/c642bf0f-c463-4d76-a064-194f58c84a62.jpg'><img loading=\"lazy\" decoding=\"async\" width=\"150\" height=\"150\" src=\"https:\/\/www.radiopiu.net\/wordpress\/wp-content\/uploads\/2024\/09\/c642bf0f-c463-4d76-a064-194f58c84a62-150x150.jpg\" class=\"attachment-thumbnail size-thumbnail\" alt=\"\" aria-describedby=\"gallery-1-411837\" \/><\/a>\n\t\t\t\t<\/dt>\n\t\t\t\t\t<dd class='wp-caption-text gallery-caption' id='gallery-1-411837'>\n\t\t\t\t\tIL 12 OTTOBRE A VOLTAGO\n\t\t\t\t\t<\/dd><\/dl><dl class='gallery-item'>\n\t\t\t\t<dt class='gallery-icon portrait'>\n\t\t\t\t\t<a class=\"rollover rollover-zoom dt-pswp-item\" title=\"80a7f182-3dda-4a1f-86c7-b13484373c2f\" data-dt-img-description=\"\" data-large_image_width=\"1001\" data-large_image_height=\"1417\"href='https:\/\/www.radiopiu.net\/wordpress\/wp-content\/uploads\/2024\/09\/80a7f182-3dda-4a1f-86c7-b13484373c2f.jpg'><img loading=\"lazy\" decoding=\"async\" width=\"150\" height=\"150\" src=\"https:\/\/www.radiopiu.net\/wordpress\/wp-content\/uploads\/2024\/09\/80a7f182-3dda-4a1f-86c7-b13484373c2f-150x150.jpg\" class=\"attachment-thumbnail size-thumbnail\" alt=\"\" aria-describedby=\"gallery-1-411846\" \/><\/a>\n\t\t\t\t<\/dt>\n\t\t\t\t\t<dd class='wp-caption-text gallery-caption' id='gallery-1-411846'>\n\t\t\t\t\tA FALCADE SI SCALDANO I MOTORI\n\t\t\t\t\t<\/dd><\/dl><br style=\"clear: both\" \/><dl class='gallery-item'>\n\t\t\t\t<dt class='gallery-icon portrait'>\n\t\t\t\t\t<a class=\"rollover rollover-zoom dt-pswp-item\" title=\"5e470011-d042-4192-b606-8c06db8b3a37\" data-dt-img-description=\"\" data-large_image_width=\"1153\" data-large_image_height=\"1600\"href='https:\/\/www.radiopiu.net\/wordpress\/wp-content\/uploads\/2024\/10\/5e470011-d042-4192-b606-8c06db8b3a37.jpg'><img loading=\"lazy\" decoding=\"async\" width=\"150\" height=\"150\" src=\"https:\/\/www.radiopiu.net\/wordpress\/wp-content\/uploads\/2024\/10\/5e470011-d042-4192-b606-8c06db8b3a37-150x150.jpg\" class=\"attachment-thumbnail size-thumbnail\" alt=\"\" aria-describedby=\"gallery-1-411999\" \/><\/a>\n\t\t\t\t<\/dt>\n\t\t\t\t\t<dd class='wp-caption-text gallery-caption' id='gallery-1-411999'>\n\t\t\t\t\tRIVA L&#8217;OKTOBERFEST\n\t\t\t\t\t<\/dd><\/dl><dl class='gallery-item'>\n\t\t\t\t<dt class='gallery-icon portrait'>\n\t\t\t\t\t<a class=\"rollover rollover-zoom dt-pswp-item\" title=\"LOCANDINA_10-10-2024_dolomiti\" data-dt-img-description=\"\" data-large_image_width=\"1000\" data-large_image_height=\"1414\"href='https:\/\/www.radiopiu.net\/wordpress\/wp-content\/uploads\/2024\/10\/LOCANDINA_10-10-2024_dolomiti.jpg'><img loading=\"lazy\" decoding=\"async\" width=\"150\" height=\"150\" src=\"https:\/\/www.radiopiu.net\/wordpress\/wp-content\/uploads\/2024\/10\/LOCANDINA_10-10-2024_dolomiti-150x150.jpg\" class=\"attachment-thumbnail size-thumbnail\" alt=\"\" aria-describedby=\"gallery-1-412189\" \/><\/a>\n\t\t\t\t<\/dt>\n\t\t\t\t\t<dd class='wp-caption-text gallery-caption' id='gallery-1-412189'>\n\t\t\t\t\tAL SEMINARIO GREGORIANO DI BELLUNO\n\t\t\t\t\t<\/dd><\/dl><dl class='gallery-item'>\n\t\t\t\t<dt class='gallery-icon portrait'>\n\t\t\t\t\t<a class=\"rollover rollover-zoom dt-pswp-item\" title=\"3221fe5e-2dc1-439f-9341-d93b6df07725\" data-dt-img-description=\"\" data-large_image_width=\"1236\" data-large_image_height=\"1600\"href='https:\/\/www.radiopiu.net\/wordpress\/wp-content\/uploads\/2024\/06\/3221fe5e-2dc1-439f-9341-d93b6df07725.jpg'><img loading=\"lazy\" decoding=\"async\" width=\"150\" height=\"150\" src=\"https:\/\/www.radiopiu.net\/wordpress\/wp-content\/uploads\/2024\/06\/3221fe5e-2dc1-439f-9341-d93b6df07725-150x150.jpg\" class=\"attachment-thumbnail size-thumbnail\" alt=\"\" aria-describedby=\"gallery-1-412305\" \/><\/a>\n\t\t\t\t<\/dt>\n\t\t\t\t\t<dd class='wp-caption-text gallery-caption' id='gallery-1-412305'>\n\t\t\t\t\tA SEDICO DOMENICA 13\n\t\t\t\t\t<\/dd><\/dl><dl class='gallery-item'>\n\t\t\t\t<dt class='gallery-icon portrait'>\n\t\t\t\t\t<a class=\"rollover rollover-zoom dt-pswp-item\" title=\"GNL\" data-dt-img-description=\"\" data-large_image_width=\"1046\" data-large_image_height=\"1600\"href='https:\/\/www.radiopiu.net\/wordpress\/wp-content\/uploads\/2024\/10\/GNL.jpg'><img loading=\"lazy\" decoding=\"async\" width=\"150\" height=\"150\" src=\"https:\/\/www.radiopiu.net\/wordpress\/wp-content\/uploads\/2024\/10\/GNL-150x150.jpg\" class=\"attachment-thumbnail size-thumbnail\" alt=\"\" aria-describedby=\"gallery-1-412960\" \/><\/a>\n\t\t\t\t<\/dt>\n\t\t\t\t\t<dd class='wp-caption-text gallery-caption' id='gallery-1-412960'>\n\t\t\t\t\tUN INCONTRO SULLA DIGA DEL VANOI A LENTIAI\n\t\t\t\t\t<\/dd><\/dl><br style=\"clear: both\" \/><dl class='gallery-item'>\n\t\t\t\t<dt class='gallery-icon portrait'>\n\t\t\t\t\t<a class=\"rollover rollover-zoom dt-pswp-item\" title=\"13 ottobre\" data-dt-img-description=\"\" data-large_image_width=\"1754\" data-large_image_height=\"2480\"href='https:\/\/www.radiopiu.net\/wordpress\/wp-content\/uploads\/2024\/10\/13-ottobre.jpg'><img loading=\"lazy\" decoding=\"async\" width=\"150\" height=\"150\" src=\"https:\/\/www.radiopiu.net\/wordpress\/wp-content\/uploads\/2024\/10\/13-ottobre-150x150.jpg\" class=\"attachment-thumbnail size-thumbnail\" alt=\"\" aria-describedby=\"gallery-1-412961\" \/><\/a>\n\t\t\t\t<\/dt>\n\t\t\t\t\t<dd class='wp-caption-text gallery-caption' id='gallery-1-412961'>\n\t\t\t\t\tAL CENTRO ASTRONOMICO DI ARSON A FELTRE\n\t\t\t\t\t<\/dd><\/dl><dl class='gallery-item'>\n\t\t\t\t<dt class='gallery-icon portrait'>\n\t\t\t\t\t<a class=\"rollover rollover-zoom dt-pswp-item\" title=\"851a2829-563c-46b1-a0f6-7f9d4b804601\" data-dt-img-description=\"\" data-large_image_width=\"1131\" data-large_image_height=\"1600\"href='https:\/\/www.radiopiu.net\/wordpress\/wp-content\/uploads\/2024\/10\/851a2829-563c-46b1-a0f6-7f9d4b804601.jpg'><img loading=\"lazy\" decoding=\"async\" width=\"150\" height=\"150\" src=\"https:\/\/www.radiopiu.net\/wordpress\/wp-content\/uploads\/2024\/10\/851a2829-563c-46b1-a0f6-7f9d4b804601-150x150.jpg\" class=\"attachment-thumbnail size-thumbnail\" alt=\"\" aria-describedby=\"gallery-1-413101\" \/><\/a>\n\t\t\t\t<\/dt>\n\t\t\t\t\t<dd class='wp-caption-text gallery-caption' id='gallery-1-413101'>\n\t\t\t\t\tSILVIA TESSARI IN CONCERTO\n\t\t\t\t\t<\/dd><\/dl><dl class='gallery-item'>\n\t\t\t\t<dt class='gallery-icon portrait'>\n\t\t\t\t\t<a class=\"rollover rollover-zoom dt-pswp-item\" title=\"afede08f-130d-46e3-820a-6cddfdaa7d71\" data-dt-img-description=\"\" data-large_image_width=\"1131\" data-large_image_height=\"1600\"href='https:\/\/www.radiopiu.net\/wordpress\/wp-content\/uploads\/2024\/10\/afede08f-130d-46e3-820a-6cddfdaa7d71.jpg'><img loading=\"lazy\" decoding=\"async\" width=\"150\" height=\"150\" src=\"https:\/\/www.radiopiu.net\/wordpress\/wp-content\/uploads\/2024\/10\/afede08f-130d-46e3-820a-6cddfdaa7d71-150x150.jpg\" class=\"attachment-thumbnail size-thumbnail\" alt=\"\" aria-describedby=\"gallery-1-413137\" \/><\/a>\n\t\t\t\t<\/dt>\n\t\t\t\t\t<dd class='wp-caption-text gallery-caption' id='gallery-1-413137'>\n\t\t\t\t\tA CENCENIGHE \n\t\t\t\t\t<\/dd><\/dl>\n\t\t\t\t<br style='clear: both' \/>\n\t\t\t<\/div>\n\n<p>&nbsp;<\/p>\n<hr \/>\n<p>&nbsp;<\/p>\n<blockquote class=\"wp-embedded-content\" data-secret=\"JvLMU10PuV\"><p><a href=\"https:\/\/www.radiopiu.net\/wordpress\/n-di-parom-l-almanach-de-la-nosta-jent-raccolta-completa\/\">N di parom &#8211; L Almanach de la nosta jent RACCOLTA COMPLETA<\/a><\/p><\/blockquote>\n<p><iframe loading=\"lazy\" class=\"wp-embedded-content\" sandbox=\"allow-scripts\" security=\"restricted\" style=\"position: absolute; visibility: hidden;\" title=\"&#8220;N di parom &#8211; L Almanach de la nosta jent RACCOLTA COMPLETA&#8221; &#8212; Radio Pi\u00f9\" src=\"https:\/\/www.radiopiu.net\/wordpress\/n-di-parom-l-almanach-de-la-nosta-jent-raccolta-completa\/embed\/#?secret=SvbQoRvKZm#?secret=JvLMU10PuV\" data-secret=\"JvLMU10PuV\" width=\"600\" height=\"338\" frameborder=\"0\" marginwidth=\"0\" marginheight=\"0\" scrolling=\"no\"><\/iframe><\/p>\n<p>&nbsp;<\/p>\n<blockquote class=\"wp-embedded-content\" data-secret=\"AkHduveSyR\"><p><a href=\"https:\/\/www.radiopiu.net\/wordpress\/pirole-de-lenga-la-parola-del-giorno-a-cura-del-musla-raccolta-completa\/\">PIROLE DE LENGA&#8230; LA PAROLA DEL GIORNO A CURA DEL MUSLA -raccolta completa &#8211;<\/a><\/p><\/blockquote>\n<p><iframe loading=\"lazy\" class=\"wp-embedded-content\" sandbox=\"allow-scripts\" security=\"restricted\" style=\"position: absolute; visibility: hidden;\" title=\"&#8220;PIROLE DE LENGA&#8230; LA PAROLA DEL GIORNO A CURA DEL MUSLA -raccolta completa &#8211;&#8221; &#8212; Radio Pi\u00f9\" src=\"https:\/\/www.radiopiu.net\/wordpress\/pirole-de-lenga-la-parola-del-giorno-a-cura-del-musla-raccolta-completa\/embed\/#?secret=Ab5AWuSf4Y#?secret=AkHduveSyR\" data-secret=\"AkHduveSyR\" width=\"600\" height=\"338\" frameborder=\"0\" marginwidth=\"0\" marginheight=\"0\" scrolling=\"no\"><\/iframe><\/p>\n<p>&nbsp;<\/p>\n<blockquote class=\"wp-embedded-content\" data-secret=\"Ir0lzRA8BV\"><p><a href=\"https:\/\/www.radiopiu.net\/wordpress\/set5a\/\">EL BAL DEL FIOR, DETTI E MODI DI DIRE  LA RACCOLTA COMPLETA<\/a><\/p><\/blockquote>\n<p><iframe loading=\"lazy\" class=\"wp-embedded-content\" sandbox=\"allow-scripts\" security=\"restricted\" style=\"position: absolute; visibility: hidden;\" title=\"&#8220;EL BAL DEL FIOR, DETTI E MODI DI DIRE  LA RACCOLTA COMPLETA&#8221; &#8212; Radio Pi\u00f9\" src=\"https:\/\/www.radiopiu.net\/wordpress\/set5a\/embed\/#?secret=K3Ao3Eo59Y#?secret=Ir0lzRA8BV\" data-secret=\"Ir0lzRA8BV\" width=\"600\" height=\"338\" frameborder=\"0\" marginwidth=\"0\" marginheight=\"0\" scrolling=\"no\"><\/iframe><\/p>\n<p>&nbsp;<\/p>\n<hr \/>\n<\/div>\n<\/div>\n<\/div>\n<h2><\/h2>\n<h2><span style=\"color: #800080;\">100 ANNI DI CLARA ZULIAN\u00a0 &#8211; IERI ALLA RADIO<\/span><\/h2>\n<p><img loading=\"lazy\" decoding=\"async\" class=\"alignleft\" src=\"https:\/\/www.radiopiu.net\/wordpress\/wp-content\/uploads\/2024\/01\/ac16f9bd-6b06-4d2b-a135-709b81cd1344.jpg\" width=\"199\" height=\"153\" \/><\/p>\n<p><strong>TANTI AUGURI DAI<\/strong> Figli Amalia, Gianni, Piergiorgio..ricordando anche la cara Luciana.<br \/>\ne i nipoti Annalisa, Martina, Fabrizio, Nicola,\u00a0 Floriano. Pronipoti&#8230;. tantissimi<\/p>\n<h1 style=\"text-align: center;\"><em><span style=\"color: #ff0000;\"><strong>GLI AUGURI ALLA RADIO&#8230; PIU&#8217; audio<\/strong><\/span><\/em><\/h1>\n<p>&nbsp;<\/p>\n<p>&nbsp;<\/p>\n<audio class=\"wp-audio-shortcode\" id=\"audio-413003-24\" preload=\"none\" style=\"width: 100%;\" controls=\"controls\"><source type=\"audio\/mpeg\" src=\"https:\/\/www.radiopiu.net\/wordpress\/wp-content\/uploads\/2024\/10\/CLARA.mp3?_=24\" \/><a href=\"https:\/\/www.radiopiu.net\/wordpress\/wp-content\/uploads\/2024\/10\/CLARA.mp3\">https:\/\/www.radiopiu.net\/wordpress\/wp-content\/uploads\/2024\/10\/CLARA.mp3<\/a><\/audio>\n<h2><span style=\"color: #0000ff;\">ARCHIVIO RADIOPIU GENNAIO24<\/span><\/h2>\n<blockquote>\n<h1>AL RISTORANTE TABIA&#8217; DI FEDER I COSCRITTI DEL 1944 E 1964 FESTEGGIANO CON NONNA CLARA, CLASSE 1924<\/h1>\n<\/blockquote>\n<p><strong>CANALE D&#8217;AGORDO\u00a0<\/strong>Il primo giorno dell&#8217;anno grande festa al Ristorante Tabi\u00e0 a Feder di Canale D&#8217;Agordo dove i coscritti del 1944 e 1964 si sono ritrovati per festeggiare l&#8217;arrivo dell&#8217;anno in cui compiranno cifra tonda. Tra loro anche nonna Clara, classe 1924, che nel 2024 compir\u00e0 100 anni.<\/p>\n<div style=\"width: 848px;\" class=\"wp-video\"><video class=\"wp-video-shortcode\" id=\"video-413003-1\" width=\"848\" height=\"480\" preload=\"metadata\" controls=\"controls\"><source type=\"video\/mp4\" src=\"https:\/\/www.radiopiu.net\/wordpress\/wp-content\/uploads\/2024\/01\/WhatsApp-Video-2024-01-01-at-15.09.04.mp4?_=1\" \/><a href=\"https:\/\/www.radiopiu.net\/wordpress\/wp-content\/uploads\/2024\/01\/WhatsApp-Video-2024-01-01-at-15.09.04.mp4\">https:\/\/www.radiopiu.net\/wordpress\/wp-content\/uploads\/2024\/01\/WhatsApp-Video-2024-01-01-at-15.09.04.mp4<\/a><\/video><\/div>\n<p>&nbsp;<\/p>\n<p>&nbsp;<\/p>\n<hr \/>\n<p>&nbsp;<\/p>\n<p class=\"mceTemp\"><a class=\"dt-pswp-item\" href=\"https:\/\/www.radiopiu.net\/wordpress\/wp-content\/uploads\/2018\/09\/WhatsApp-Image-2018-09-20-at-16.04.06.jpeg\" data-dt-img-description=\"\" data-large_image_width=\"800\" data-large_image_height=\"100\"><img loading=\"lazy\" decoding=\"async\" class=\"wp-image-61378 size-full aligncenter\" src=\"https:\/\/www.radiopiu.net\/wordpress\/wp-content\/uploads\/2018\/09\/WhatsApp-Image-2018-09-20-at-16.04.06.jpeg\" alt=\"\" width=\"800\" height=\"100\" srcset=\"https:\/\/www.radiopiu.net\/wordpress\/wp-content\/uploads\/2018\/09\/WhatsApp-Image-2018-09-20-at-16.04.06.jpeg 800w, https:\/\/www.radiopiu.net\/wordpress\/wp-content\/uploads\/2018\/09\/WhatsApp-Image-2018-09-20-at-16.04.06-300x38.jpeg 300w, https:\/\/www.radiopiu.net\/wordpress\/wp-content\/uploads\/2018\/09\/WhatsApp-Image-2018-09-20-at-16.04.06-768x96.jpeg 768w\" sizes=\"auto, (max-width: 800px) 100vw, 800px\" \/><\/a><\/p>\n<p>&nbsp;<\/p>\n<p><strong>OGGI<\/strong> Nottetempo cielo coperto con fenomeni intermittenti; nel corso della mattinata ulteriore intensificazione della nuvolosit\u00e0 con fenomeni pi\u00f9 frequenti, ma intermittenti e non ancora diffusi. Al pomeriggio\/sera spiccata fase perturbata con precipitazioni assai pi\u00f9 intense<br \/>\n<strong>Precipitazioni.<\/strong> Nella notte deboli e locali\u00a0 al mattino tendenti a divenire pi\u00f9 frequenti a partire da ovest. Dalle ore centrali fino a sera probabilit\u00e0 probabilit\u00e0 molto alta, per fenomeni da moderati a forti, in qualche caso anche a carattere temporalesco.<br \/>\n<strong>Temperature.<\/strong> Minime in aumento; massime semza notevoli variazioni o in lieve calo causa maltempo.<\/p>\n<hr \/>\n<p><strong>DOMANI<\/strong> Tempo varabile con molte nubi e qualche schiarita in un contesto molto meno umido. Le maggiori chance di schiarite saranno nelle ore centrali del giorno, prima che la nuvolosit\u00e0 aumenti di nuovo fino a cielo molto nuvoloso. In tale contesto non si potr\u00e0 escludere qualche pioviggina qua e l\u00e0 durante le ore diurne.<br \/>\n<strong>Precipitazioni.<\/strong> Residui fenomeni nella notte. In giornata non escluso qualche pioviggina, assieme a qualche fiocco di neve sulle cime pi\u00f9 alte. Alla sera lieve aumento della probabilit\u00e0 sulle Prealpiper deboli piogge.<br \/>\n<strong>Temperature.<\/strong> Minime in diminuzione e massime in leggera ripresa, ecceto calo delle stesse sulle cime pi\u00f9 alte.<\/p>\n<hr \/>\n<p><strong>GIOVEDI<\/strong> Nuovo peggioramento del tempo che torner\u00e0 ad essere perturbato per buona parte della giornata, con cielo coperto e precipitazioni diffuse perlopi\u00f9 moderate. Contesto termico un po&#8217; pi\u00f9 mite all&#8217;alba, mentre l&#8217;ingresso di aria pi\u00f9 fresca alla sera dovrebbe far s\u00ec che le minime saranno osservate a fine giornata.<\/p>\n<hr \/>\n<p><strong>VENERDI<\/strong>\u00a0Netto miglioramento del tempo con sole e cielo sereno al mattino, salvo nubi basse mattutine in alcune conche prealpine, in dissolvimento dopo il sorgere del sole. Al pomeriggio sole e qualche modesto annuvolamento. Temperature generale calo, salvo ripresa delle massime nelle valli pi\u00f9 assolate.<\/p>\n<p>&nbsp;<\/p>\n<p>&nbsp;<\/p>\n<hr \/>\n<p>&nbsp;<\/p>\n<blockquote>\n<h2>le ultime novita&#8217; da DOLOMITI GARDEN: VILLAGGIO DI NATALE &#8230;LAVORI IN CORSO<\/h2>\n<\/blockquote>\n<p><strong>BELLUNO<\/strong> Prosegue l&#8217;allestimento dell&#8217;atteso villaggio di Natale, la &#8220;chicca&#8221; dello staff del Dolomiti Garden sotto la guida di Stefano De Paris. Quest&#8217;anno pare proprio che Babbo Natale arriver\u00e0 con tanto di mongolfiera<\/p>\n<p><span style=\"color: #ff0000;\"><strong>il primo invito radiofonico&#8230; alla RADIOPIU<\/strong><\/span><\/p>\n<audio class=\"wp-audio-shortcode\" id=\"audio-413003-25\" preload=\"none\" style=\"width: 100%;\" controls=\"controls\"><source type=\"audio\/mpeg\" src=\"https:\/\/www.radiopiu.net\/wordpress\/wp-content\/uploads\/2024\/10\/PRIMA-VILLAGGIO-NATALE.mp3?_=25\" \/><a href=\"https:\/\/www.radiopiu.net\/wordpress\/wp-content\/uploads\/2024\/10\/PRIMA-VILLAGGIO-NATALE.mp3\">https:\/\/www.radiopiu.net\/wordpress\/wp-content\/uploads\/2024\/10\/PRIMA-VILLAGGIO-NATALE.mp3<\/a><\/audio>\n<p>&nbsp;<\/p>\n<p><a class=\"dt-pswp-item\" href=\"https:\/\/www.radiopiu.net\/wordpress\/wp-content\/uploads\/2024\/10\/db55f2f4-c06c-4a18-aab7-31c56cd05174.jpg\" data-dt-img-description=\"\" data-large_image_width=\"1200\" data-large_image_height=\"1600\"><img loading=\"lazy\" decoding=\"async\" class=\"alignnone size-medium wp-image-412478\" src=\"https:\/\/www.radiopiu.net\/wordpress\/wp-content\/uploads\/2024\/10\/db55f2f4-c06c-4a18-aab7-31c56cd05174-225x300.jpg\" alt=\"\" width=\"225\" height=\"300\" srcset=\"https:\/\/www.radiopiu.net\/wordpress\/wp-content\/uploads\/2024\/10\/db55f2f4-c06c-4a18-aab7-31c56cd05174-225x300.jpg 225w, https:\/\/www.radiopiu.net\/wordpress\/wp-content\/uploads\/2024\/10\/db55f2f4-c06c-4a18-aab7-31c56cd05174-768x1024.jpg 768w, https:\/\/www.radiopiu.net\/wordpress\/wp-content\/uploads\/2024\/10\/db55f2f4-c06c-4a18-aab7-31c56cd05174-1152x1536.jpg 1152w, https:\/\/www.radiopiu.net\/wordpress\/wp-content\/uploads\/2024\/10\/db55f2f4-c06c-4a18-aab7-31c56cd05174.jpg 1200w\" sizes=\"auto, (max-width: 225px) 100vw, 225px\" \/><\/a><a class=\"dt-pswp-item\" href=\"https:\/\/www.radiopiu.net\/wordpress\/wp-content\/uploads\/2024\/10\/8f07e173-c8da-4c84-82a2-6f4b7718dc2b.jpg\" data-dt-img-description=\"\" data-large_image_width=\"1200\" data-large_image_height=\"1600\"><img loading=\"lazy\" decoding=\"async\" class=\"alignnone size-medium wp-image-412479\" src=\"https:\/\/www.radiopiu.net\/wordpress\/wp-content\/uploads\/2024\/10\/8f07e173-c8da-4c84-82a2-6f4b7718dc2b-225x300.jpg\" alt=\"\" width=\"225\" height=\"300\" srcset=\"https:\/\/www.radiopiu.net\/wordpress\/wp-content\/uploads\/2024\/10\/8f07e173-c8da-4c84-82a2-6f4b7718dc2b-225x300.jpg 225w, https:\/\/www.radiopiu.net\/wordpress\/wp-content\/uploads\/2024\/10\/8f07e173-c8da-4c84-82a2-6f4b7718dc2b-768x1024.jpg 768w, https:\/\/www.radiopiu.net\/wordpress\/wp-content\/uploads\/2024\/10\/8f07e173-c8da-4c84-82a2-6f4b7718dc2b-1152x1536.jpg 1152w, https:\/\/www.radiopiu.net\/wordpress\/wp-content\/uploads\/2024\/10\/8f07e173-c8da-4c84-82a2-6f4b7718dc2b.jpg 1200w\" sizes=\"auto, (max-width: 225px) 100vw, 225px\" \/><\/a><\/p>\n<p>&nbsp;<\/p>\n<p>&nbsp;<\/p>\n<hr \/>\n<p>&nbsp;<\/p>\n<p>&nbsp;<\/p>\n<p class=\"mceTemp\"><a class=\"dt-pswp-item\" href=\"https:\/\/www.radiopiu.net\/wordpress\/wp-content\/uploads\/2018\/09\/sport.jpg\" data-dt-img-description=\"\" data-large_image_width=\"800\" data-large_image_height=\"100\"><img loading=\"lazy\" decoding=\"async\" class=\"aligncenter wp-image-60761 size-full\" src=\"https:\/\/www.radiopiu.net\/wordpress\/wp-content\/uploads\/2018\/09\/sport.jpg\" alt=\"\" width=\"800\" height=\"100\" srcset=\"https:\/\/www.radiopiu.net\/wordpress\/wp-content\/uploads\/2018\/09\/sport.jpg 800w, https:\/\/www.radiopiu.net\/wordpress\/wp-content\/uploads\/2018\/09\/sport-300x38.jpg 300w, https:\/\/www.radiopiu.net\/wordpress\/wp-content\/uploads\/2018\/09\/sport-768x96.jpg 768w\" sizes=\"auto, (max-width: 800px) 100vw, 800px\" \/><\/a><span style=\"color: #0000ff;\"><strong>\u00a0 \u00a0\u00a0<\/strong><\/span><\/p>\n<p>&nbsp;<\/p>\n<p><span style=\"color: #0000ff;\"><strong>ALPINI DA PODIO<\/strong><\/span><\/p>\n<div class=\"group\/conversation-turn relative flex w-full min-w-0 flex-col agent-turn\">\n<div class=\"flex-col gap-1 md:gap-3\">\n<div class=\"flex max-w-full flex-col flex-grow\">\n<div class=\"min-h-8 text-message flex w-full flex-col items-end gap-2 whitespace-normal break-words [.text-message+&amp;]:mt-5\" dir=\"auto\" data-message-author-role=\"assistant\" data-message-id=\"48dbe92a-15a0-4fb8-becd-a2b5158cde7d\">\n<div class=\"flex w-full flex-col gap-1 empty:hidden first:pt-[3px]\">\n<div class=\"markdown prose w-full break-words dark:prose-invert dark\">\n<blockquote><p><strong><a class=\"dt-pswp-item\" href=\"https:\/\/www.radiopiu.net\/wordpress\/wp-content\/uploads\/2024\/10\/Senza-nome-28.png\" data-dt-img-description=\"\" data-large_image_width=\"317\" data-large_image_height=\"297\"><img loading=\"lazy\" decoding=\"async\" class=\"wp-image-413202 alignleft\" src=\"https:\/\/www.radiopiu.net\/wordpress\/wp-content\/uploads\/2024\/10\/Senza-nome-28-300x281.png\" alt=\"\" width=\"138\" height=\"129\" srcset=\"https:\/\/www.radiopiu.net\/wordpress\/wp-content\/uploads\/2024\/10\/Senza-nome-28-300x281.png 300w, https:\/\/www.radiopiu.net\/wordpress\/wp-content\/uploads\/2024\/10\/Senza-nome-28.png 317w\" sizes=\"auto, (max-width: 138px) 100vw, 138px\" \/><\/a>Gli Alpini veloci a Bergamo: terzo posto per Belluno<\/strong><\/p><\/blockquote>\n<p><strong>BELLUNO<\/strong> La sezione Ana Belluno ha conquistato il terzo posto ai Campionati italiani di corsa in montagna organizzati dall&#8217;Associazione Nazionale Alpini a Sovere, Bergamo. La squadra, guidata da Pier Emilio Parissenti, \u00e8 arrivata dietro Bergamo e Valtellina. Ottimi risultati anche nelle singole categorie: nella A1 settimo posto per Antonio Falbo, Eudio De Col e Renzo Deola, mentre nella A3 la squadra di Rinaldo Menel e Silvio De Biasio ha trionfato. Nella classifica sezioni, Cadore si \u00e8 classificata 18\u00aa e Feltre 28\u00aa.<\/p>\n<\/div>\n<\/div>\n<\/div>\n<\/div>\n<\/div>\n<\/div>\n<p>&nbsp;<\/p>\n<p>&nbsp;<\/p>\n<hr \/>\n<p>&nbsp;<\/p>\n","protected":false},"excerpt":{"rendered":"<p>** \u00a0 LA\u00a0 APP PER IOS-IPHONE di Nicola Vettorello https:\/\/apps.apple.com\/it\/app\/radio-pi%C3%B9-emittente-agordina\/id1515939845 LA\u00a0 APP RADIO\u00a0 PER ANDROID di Nicola Vettorello https:\/\/play.google.com\/store\/apps\/details?id=net.radiopiu.iniko\u00a0\u00a0\u00a0 &nbsp; OGGI ALLA RADIO&#8230;. ALLE 4 E ALLE 6 LE NOTIZIE DALL&#8217;ITALIA E DAL MONDO 0500 l&#8217;almanacco della nostra gente con il MUSLA\u00a0 6.15 PIROLE DE LENGA A CURA DEL MUSLA 7.20 EL BAL DEL FIORI,&hellip;<\/p>\n","protected":false},"author":4,"featured_media":413111,"comment_status":"closed","ping_status":"closed","sticky":false,"template":"","format":"standard","meta":{"_monsterinsights_skip_tracking":false,"_monsterinsights_sitenote_active":false,"_monsterinsights_sitenote_note":"","_monsterinsights_sitenote_category":0,"footnotes":""},"categories":[51,86,49],"tags":[],"class_list":["post-413003","post","type-post","status-publish","format-standard","has-post-thumbnail","hentry","category-evidenza-top","category-gr","category-news-18","category-51","category-86","category-49","description-off"],"img_url":"https:\/\/www.radiopiu.net\/wordpress\/wp-content\/uploads\/2024\/10\/incidente.jpg","_links":{"self":[{"href":"https:\/\/www.radiopiu.net\/wordpress\/wp-json\/wp\/v2\/posts\/413003","targetHints":{"allow":["GET"]}}],"collection":[{"href":"https:\/\/www.radiopiu.net\/wordpress\/wp-json\/wp\/v2\/posts"}],"about":[{"href":"https:\/\/www.radiopiu.net\/wordpress\/wp-json\/wp\/v2\/types\/post"}],"author":[{"embeddable":true,"href":"https:\/\/www.radiopiu.net\/wordpress\/wp-json\/wp\/v2\/users\/4"}],"replies":[{"embeddable":true,"href":"https:\/\/www.radiopiu.net\/wordpress\/wp-json\/wp\/v2\/comments?post=413003"}],"version-history":[{"count":29,"href":"https:\/\/www.radiopiu.net\/wordpress\/wp-json\/wp\/v2\/posts\/413003\/revisions"}],"predecessor-version":[{"id":413233,"href":"https:\/\/www.radiopiu.net\/wordpress\/wp-json\/wp\/v2\/posts\/413003\/revisions\/413233"}],"wp:featuredmedia":[{"embeddable":true,"href":"https:\/\/www.radiopiu.net\/wordpress\/wp-json\/wp\/v2\/media\/413111"}],"wp:attachment":[{"href":"https:\/\/www.radiopiu.net\/wordpress\/wp-json\/wp\/v2\/media?parent=413003"}],"wp:term":[{"taxonomy":"category","embeddable":true,"href":"https:\/\/www.radiopiu.net\/wordpress\/wp-json\/wp\/v2\/categories?post=413003"},{"taxonomy":"post_tag","embeddable":true,"href":"https:\/\/www.radiopiu.net\/wordpress\/wp-json\/wp\/v2\/tags?post=413003"}],"curies":[{"name":"wp","href":"https:\/\/api.w.org\/{rel}","templated":true}]}}