{"id":413038,"date":"2024-10-07T05:24:32","date_gmt":"2024-10-07T03:24:32","guid":{"rendered":"https:\/\/www.radiopiu.net\/wordpress\/?p=413038"},"modified":"2024-10-07T05:36:48","modified_gmt":"2024-10-07T03:36:48","slug":"pontida-tradizione-e-unita-nel-pratone-della-lega","status":"publish","type":"post","link":"https:\/\/www.radiopiu.net\/wordpress\/pontida-tradizione-e-unita-nel-pratone-della-lega\/","title":{"rendered":"Pontida: Tradizione e Unit\u00e0 nel Pratone della Lega"},"content":{"rendered":"<p>&nbsp;<\/p>\n<p><strong>DI ANDREA DE BERNADIN<\/strong><br \/>\n<strong>SEGRETARIO LEGA NORD BELLUNO<\/strong><\/p>\n<div class=\"flex max-w-full flex-col flex-grow\">\n<div class=\"min-h-8 text-message flex w-full flex-col items-end gap-2 whitespace-normal break-words [.text-message+&amp;]:mt-5\" dir=\"auto\" data-message-author-role=\"assistant\" data-message-id=\"d0606a75-f1e9-41d3-9ab7-c301ce154b3d\">\n<div class=\"flex w-full flex-col gap-1 empty:hidden first:pt-[3px]\">\n<div class=\"markdown prose w-full break-words dark:prose-invert dark\">\n<p><a class=\"dt-pswp-item\" href=\"https:\/\/www.radiopiu.net\/wordpress\/wp-content\/uploads\/2024\/10\/Senza-nome-23.png\" data-dt-img-description=\"\" data-large_image_width=\"479\" data-large_image_height=\"260\"><img loading=\"lazy\" decoding=\"async\" class=\"size-medium wp-image-413036 alignleft\" src=\"https:\/\/www.radiopiu.net\/wordpress\/wp-content\/uploads\/2024\/10\/Senza-nome-23-300x163.png\" alt=\"\" width=\"300\" height=\"163\" srcset=\"https:\/\/www.radiopiu.net\/wordpress\/wp-content\/uploads\/2024\/10\/Senza-nome-23-300x163.png 300w, https:\/\/www.radiopiu.net\/wordpress\/wp-content\/uploads\/2024\/10\/Senza-nome-23.png 479w\" sizes=\"auto, (max-width: 300px) 100vw, 300px\" \/><\/a>Pontida \u00e8 sempre Pontida. Il fascino del celebre pratone leghista continua a esercitare la sua attrattiva non solo su coloro che portano la tessera del partito da decenni, ma anche sui giovani che si sono avvicinati alla Lega pi\u00f9 di recente. Questo luogo simbolico, voluto dalla leadership di Bossi e Maroni, resta cruciale nel cuore del movimento.<\/p>\n<p>Oggi, sul palco si sono alternati Parlamentari, Presidenti di Regione, Europarlamentari, Ministri e ospiti stranieri, con in prima fila il Primo Ministro ungherese Viktor Orban. La partecipazione massiccia di simpatizzanti da tutta Italia dimostra come le varie anime del partito si siano ricompattate nelle ultime settimane, in difesa del Segretario Federale Matteo Salvini, attaccato dalla magistratura per il caso della nave Open Arms e il presunto &#8220;sequestro di persona&#8221; dei migranti a bordo, che ora chiedono un risarcimento milionario. Un paradosso per molti sostenitori.<\/p>\n<p>Oltre al caso giudiziario, al centro dell&#8217;attenzione restano temi fondamentali per la Lega, come l&#8217;Autonomia differenziata. Le Regioni stanno dialogando con il Governo per ottenere nuove competenze, e si spera che anche il Centro Sud possa cogliere questa opportunit\u00e0 per migliorare la situazione politica locale e rispondere meglio ai bisogni dei cittadini. A Pontida, l&#8217;evento ha reso omaggio al Ministro Calderoli, da anni impegnato a raggiungere questo traguardo.<\/p>\n<p>Sul fronte dello Ius Italiae, proposto da Forza Italia, \u00e8 stata ribadita la ferma contrariet\u00e0, poich\u00e9 non \u00e8 considerato una priorit\u00e0 del Governo. La giornata si \u00e8 conclusa con un momento conviviale tra militanti e simpatizzanti, suggellando l&#8217;amicizia all&#8217;insegna della tradizione leghista.<\/p>\n<\/div>\n<\/div>\n<\/div>\n<\/div>\n<div class=\"mb-2 flex gap-3 empty:hidden -ml-2\">\n<div class=\"items-center justify-start rounded-xl p-1 flex\">\n<div class=\"flex items-center\">\n<p>&nbsp;<\/p>\n<div class=\"flex\"><\/div>\n<div class=\"flex items-center pb-0\"><\/div>\n<\/div>\n<\/div>\n<\/div>\n","protected":false},"excerpt":{"rendered":"<p>&nbsp; DI ANDREA DE BERNADIN SEGRETARIO LEGA NORD BELLUNO Pontida \u00e8 sempre Pontida. Il fascino del celebre pratone leghista continua a esercitare la sua attrattiva non solo su coloro che portano la tessera del partito da decenni, ma anche sui giovani che si sono avvicinati alla Lega pi\u00f9 di recente. Questo luogo simbolico, voluto dalla&hellip;<\/p>\n","protected":false},"author":4,"featured_media":413036,"comment_status":"closed","ping_status":"closed","sticky":false,"template":"","format":"standard","meta":{"_monsterinsights_skip_tracking":false,"_monsterinsights_sitenote_active":false,"_monsterinsights_sitenote_note":"","_monsterinsights_sitenote_category":0,"footnotes":""},"categories":[51,49],"tags":[],"class_list":["post-413038","post","type-post","status-publish","format-standard","has-post-thumbnail","hentry","category-evidenza-top","category-news-18","category-51","category-49","description-off"],"img_url":"https:\/\/www.radiopiu.net\/wordpress\/wp-content\/uploads\/2024\/10\/Senza-nome-23.png","_links":{"self":[{"href":"https:\/\/www.radiopiu.net\/wordpress\/wp-json\/wp\/v2\/posts\/413038","targetHints":{"allow":["GET"]}}],"collection":[{"href":"https:\/\/www.radiopiu.net\/wordpress\/wp-json\/wp\/v2\/posts"}],"about":[{"href":"https:\/\/www.radiopiu.net\/wordpress\/wp-json\/wp\/v2\/types\/post"}],"author":[{"embeddable":true,"href":"https:\/\/www.radiopiu.net\/wordpress\/wp-json\/wp\/v2\/users\/4"}],"replies":[{"embeddable":true,"href":"https:\/\/www.radiopiu.net\/wordpress\/wp-json\/wp\/v2\/comments?post=413038"}],"version-history":[{"count":2,"href":"https:\/\/www.radiopiu.net\/wordpress\/wp-json\/wp\/v2\/posts\/413038\/revisions"}],"predecessor-version":[{"id":413041,"href":"https:\/\/www.radiopiu.net\/wordpress\/wp-json\/wp\/v2\/posts\/413038\/revisions\/413041"}],"wp:featuredmedia":[{"embeddable":true,"href":"https:\/\/www.radiopiu.net\/wordpress\/wp-json\/wp\/v2\/media\/413036"}],"wp:attachment":[{"href":"https:\/\/www.radiopiu.net\/wordpress\/wp-json\/wp\/v2\/media?parent=413038"}],"wp:term":[{"taxonomy":"category","embeddable":true,"href":"https:\/\/www.radiopiu.net\/wordpress\/wp-json\/wp\/v2\/categories?post=413038"},{"taxonomy":"post_tag","embeddable":true,"href":"https:\/\/www.radiopiu.net\/wordpress\/wp-json\/wp\/v2\/tags?post=413038"}],"curies":[{"name":"wp","href":"https:\/\/api.w.org\/{rel}","templated":true}]}}