{"id":413145,"date":"2024-10-08T05:23:55","date_gmt":"2024-10-08T03:23:55","guid":{"rendered":"https:\/\/www.radiopiu.net\/wordpress\/?p=413145"},"modified":"2024-10-08T05:41:42","modified_gmt":"2024-10-08T03:41:42","slug":"a-sedico-un-incontro-per-conoscere-e-affrontare-la-dislessia","status":"publish","type":"post","link":"https:\/\/www.radiopiu.net\/wordpress\/a-sedico-un-incontro-per-conoscere-e-affrontare-la-dislessia\/","title":{"rendered":"A Sedico un incontro per conoscere e affrontare la dislessia"},"content":{"rendered":"<p>***<\/p>\n<p><strong>SEDICO<\/strong><\/p>\n<p>&nbsp;<\/p>\n<p><a class=\"dt-pswp-item\" href=\"https:\/\/www.radiopiu.net\/wordpress\/wp-content\/uploads\/2024\/10\/locandina-progetto-conosciamoli.jpg\" data-dt-img-description=\"\" data-large_image_width=\"1152\" data-large_image_height=\"857\"><img loading=\"lazy\" decoding=\"async\" class=\" wp-image-413146 alignleft\" src=\"https:\/\/www.radiopiu.net\/wordpress\/wp-content\/uploads\/2024\/10\/locandina-progetto-conosciamoli-300x223.jpg\" alt=\"\" width=\"221\" height=\"164\" srcset=\"https:\/\/www.radiopiu.net\/wordpress\/wp-content\/uploads\/2024\/10\/locandina-progetto-conosciamoli-300x223.jpg 300w, https:\/\/www.radiopiu.net\/wordpress\/wp-content\/uploads\/2024\/10\/locandina-progetto-conosciamoli-1024x762.jpg 1024w, https:\/\/www.radiopiu.net\/wordpress\/wp-content\/uploads\/2024\/10\/locandina-progetto-conosciamoli-768x571.jpg 768w, https:\/\/www.radiopiu.net\/wordpress\/wp-content\/uploads\/2024\/10\/locandina-progetto-conosciamoli.jpg 1152w\" sizes=\"auto, (max-width: 221px) 100vw, 221px\" \/><\/a>\u201cConosciamoli\u201d \u00e8 il titolo del progetto-incontro che vedr\u00e0 protagonista l\u2019Istituto comprensivo di Sedico-Sospirolo e che sar\u00e0 dedicato a condividere informazioni e buone prassi sulla dislessia e sui disturbi specifici dell\u2019apprendimento-Dsa. Quella iniziata \u00e8 la Settimana della dislessia 2024 e il comprensivo di Sedico, guidato dalla dirigente Lucia Fratturelli, ha accolto nuovamente l\u2019invito dell\u2019Aid-Associazione italiana dislessia, a contribuire a far conoscere di pi\u00f9 un disturbo specifico di apprendimento che interessa varie alunne e vari alunni, le loro famiglie, le loro classi.<br \/>\nPer questo \u00e8 stato organizzato gioved\u00ec 10 dalle 17.30 alle 19.30 nell\u2019aula magna della scuola media di Sedico (in via Belvedere, lungo la strada per Villa Patt) un incontro informativo aperto a tutti (genitori, studenti, tecnici). La prima parte sar\u00e0 teorica e servir\u00e0 per spiegare cosa sono i Dsa, le leggi in materia e gli strumenti compensativi pi\u00f9 efficaci a scuola e a casa. Verranno inoltre proposti brevi prove che permetteranno di immedesimarsi nei panni del ragazzo Dsa.<br \/>\nLa seconda parte prevede un momento di testimonianza di giovani con Dsa, adulti lavoratori con Dsa e genitori di ragazze e ragazzi con Dsa. Interverranno Ruggero Di Vincenzo, adulto Dsa, tutor dell\u2019apprendimento, Nicol\u00f2 Biacoli, studente con Dsa, Nicol\u00f2 Fertonani, studente universitario con Dsa, Mascia Cavan, presidente Aid-Sezione di Belluno. Gioved\u00ec e venerd\u00ec mattina, un evento simile sar\u00e0 invece rivolto alle classi prime medie e quinte elementari di tutto il comprensivo per un totale di circa 230 tra bambini e ragazzi.<\/p>\n<p>&nbsp;<\/p>\n<p>&nbsp;<\/p>\n<hr \/>\n<p>&nbsp;<\/p>\n","protected":false},"excerpt":{"rendered":"<p>*** SEDICO &nbsp; \u201cConosciamoli\u201d \u00e8 il titolo del progetto-incontro che vedr\u00e0 protagonista l\u2019Istituto comprensivo di Sedico-Sospirolo e che sar\u00e0 dedicato a condividere informazioni e buone prassi sulla dislessia e sui disturbi specifici dell\u2019apprendimento-Dsa. Quella iniziata \u00e8 la Settimana della dislessia 2024 e il comprensivo di Sedico, guidato dalla dirigente Lucia Fratturelli, ha accolto nuovamente l\u2019invito&hellip;<\/p>\n","protected":false},"author":4,"featured_media":413146,"comment_status":"closed","ping_status":"closed","sticky":false,"template":"","format":"standard","meta":{"_monsterinsights_skip_tracking":false,"_monsterinsights_sitenote_active":false,"_monsterinsights_sitenote_note":"","_monsterinsights_sitenote_category":0,"footnotes":""},"categories":[51,49],"tags":[],"class_list":["post-413145","post","type-post","status-publish","format-standard","has-post-thumbnail","hentry","category-evidenza-top","category-news-18","category-51","category-49","description-off"],"img_url":"https:\/\/www.radiopiu.net\/wordpress\/wp-content\/uploads\/2024\/10\/locandina-progetto-conosciamoli.jpg","_links":{"self":[{"href":"https:\/\/www.radiopiu.net\/wordpress\/wp-json\/wp\/v2\/posts\/413145","targetHints":{"allow":["GET"]}}],"collection":[{"href":"https:\/\/www.radiopiu.net\/wordpress\/wp-json\/wp\/v2\/posts"}],"about":[{"href":"https:\/\/www.radiopiu.net\/wordpress\/wp-json\/wp\/v2\/types\/post"}],"author":[{"embeddable":true,"href":"https:\/\/www.radiopiu.net\/wordpress\/wp-json\/wp\/v2\/users\/4"}],"replies":[{"embeddable":true,"href":"https:\/\/www.radiopiu.net\/wordpress\/wp-json\/wp\/v2\/comments?post=413145"}],"version-history":[{"count":2,"href":"https:\/\/www.radiopiu.net\/wordpress\/wp-json\/wp\/v2\/posts\/413145\/revisions"}],"predecessor-version":[{"id":413196,"href":"https:\/\/www.radiopiu.net\/wordpress\/wp-json\/wp\/v2\/posts\/413145\/revisions\/413196"}],"wp:featuredmedia":[{"embeddable":true,"href":"https:\/\/www.radiopiu.net\/wordpress\/wp-json\/wp\/v2\/media\/413146"}],"wp:attachment":[{"href":"https:\/\/www.radiopiu.net\/wordpress\/wp-json\/wp\/v2\/media?parent=413145"}],"wp:term":[{"taxonomy":"category","embeddable":true,"href":"https:\/\/www.radiopiu.net\/wordpress\/wp-json\/wp\/v2\/categories?post=413145"},{"taxonomy":"post_tag","embeddable":true,"href":"https:\/\/www.radiopiu.net\/wordpress\/wp-json\/wp\/v2\/tags?post=413145"}],"curies":[{"name":"wp","href":"https:\/\/api.w.org\/{rel}","templated":true}]}}