{"id":413170,"date":"2024-10-08T05:32:31","date_gmt":"2024-10-08T03:32:31","guid":{"rendered":"https:\/\/www.radiopiu.net\/wordpress\/?p=413170"},"modified":"2024-10-08T05:35:34","modified_gmt":"2024-10-08T03:35:34","slug":"boscaiolo-travolto-da-una-pianta","status":"publish","type":"post","link":"https:\/\/www.radiopiu.net\/wordpress\/boscaiolo-travolto-da-una-pianta\/","title":{"rendered":"BOSCAIOLO TRAVOLTO DA UNA PIANTA"},"content":{"rendered":"<div>++<\/div>\n<div dir=\"auto\"><\/div>\n<div dir=\"auto\">\n<p><strong><img loading=\"lazy\" decoding=\"async\" class=\"alignleft\" src=\"https:\/\/www.radiopiu.net\/wordpress\/wp-content\/uploads\/2024\/07\/SALT-FALCADE.png\" width=\"263\" height=\"169\" \/>COMELICO SUPERIORE<\/strong>Questa mattina, intorno alle 9.45, l&#8217;elicottero del Suem di Pieve di Cadore \u00e8 intervenuto d&#8217;urgenza nei pressi di Malga Pian Formaggio, in Val Digon, per soccorrere un boscaiolo rimasto gravemente ferito. L&#8217;uomo, un 58enne di origine slovena, \u00e8 stato travolto da una pianta appena tagliata durante le operazioni di lavoro.<\/p>\n<p>A causa della vicinanza del ferito alla teleferica di esbosco, l&#8217;eliambulanza ha dovuto posizionarsi pi\u00f9 distante, calando il tecnico del soccorso e l&#8217;\u00e9quipe medica mediante un verricello di 40 metri. Il boscaiolo, con sospetti traumi al bacino e alla gamba, \u00e8 stato subito stabilizzato. Dopo essere stato immobilizzato in una barella, \u00e8 stato spostato in un punto pi\u00f9 sicuro e successivamente issato a bordo dell&#8217;elicottero. Trasportato all&#8217;ospedale di Belluno, \u00e8 attualmente sotto osservazione.<\/p>\n<\/div>\n<p>&nbsp;<\/p>\n<p>&nbsp;<\/p>\n<hr \/>\n<p>&nbsp;<\/p>\n","protected":false},"excerpt":{"rendered":"<p>++ COMELICO SUPERIOREQuesta mattina, intorno alle 9.45, l&#8217;elicottero del Suem di Pieve di Cadore \u00e8 intervenuto d&#8217;urgenza nei pressi di Malga Pian Formaggio, in Val Digon, per soccorrere un boscaiolo rimasto gravemente ferito. L&#8217;uomo, un 58enne di origine slovena, \u00e8 stato travolto da una pianta appena tagliata durante le operazioni di lavoro. A causa della&hellip;<\/p>\n","protected":false},"author":4,"featured_media":398485,"comment_status":"closed","ping_status":"closed","sticky":false,"template":"","format":"standard","meta":{"_monsterinsights_skip_tracking":false,"_monsterinsights_sitenote_active":false,"_monsterinsights_sitenote_note":"","_monsterinsights_sitenote_category":0,"footnotes":""},"categories":[51,49],"tags":[],"class_list":["post-413170","post","type-post","status-publish","format-standard","has-post-thumbnail","hentry","category-evidenza-top","category-news-18","category-51","category-49","description-off"],"img_url":"https:\/\/www.radiopiu.net\/wordpress\/wp-content\/uploads\/2024\/07\/SALT-FALCADE.png","_links":{"self":[{"href":"https:\/\/www.radiopiu.net\/wordpress\/wp-json\/wp\/v2\/posts\/413170","targetHints":{"allow":["GET"]}}],"collection":[{"href":"https:\/\/www.radiopiu.net\/wordpress\/wp-json\/wp\/v2\/posts"}],"about":[{"href":"https:\/\/www.radiopiu.net\/wordpress\/wp-json\/wp\/v2\/types\/post"}],"author":[{"embeddable":true,"href":"https:\/\/www.radiopiu.net\/wordpress\/wp-json\/wp\/v2\/users\/4"}],"replies":[{"embeddable":true,"href":"https:\/\/www.radiopiu.net\/wordpress\/wp-json\/wp\/v2\/comments?post=413170"}],"version-history":[{"count":2,"href":"https:\/\/www.radiopiu.net\/wordpress\/wp-json\/wp\/v2\/posts\/413170\/revisions"}],"predecessor-version":[{"id":413173,"href":"https:\/\/www.radiopiu.net\/wordpress\/wp-json\/wp\/v2\/posts\/413170\/revisions\/413173"}],"wp:featuredmedia":[{"embeddable":true,"href":"https:\/\/www.radiopiu.net\/wordpress\/wp-json\/wp\/v2\/media\/398485"}],"wp:attachment":[{"href":"https:\/\/www.radiopiu.net\/wordpress\/wp-json\/wp\/v2\/media?parent=413170"}],"wp:term":[{"taxonomy":"category","embeddable":true,"href":"https:\/\/www.radiopiu.net\/wordpress\/wp-json\/wp\/v2\/categories?post=413170"},{"taxonomy":"post_tag","embeddable":true,"href":"https:\/\/www.radiopiu.net\/wordpress\/wp-json\/wp\/v2\/tags?post=413170"}],"curies":[{"name":"wp","href":"https:\/\/api.w.org\/{rel}","templated":true}]}}