{"id":413175,"date":"2024-10-08T05:29:49","date_gmt":"2024-10-08T03:29:49","guid":{"rendered":"https:\/\/www.radiopiu.net\/wordpress\/?p=413175"},"modified":"2024-10-08T05:37:08","modified_gmt":"2024-10-08T03:37:08","slug":"caldluxa","status":"publish","type":"post","link":"https:\/\/www.radiopiu.net\/wordpress\/caldluxa\/","title":{"rendered":"Essilor Luxottica, visita del ministro Calderone. De Carlo: \u201cFiore all\u2019occhiello del Bellunese ed esempio in Italia e nel mondo\u201d"},"content":{"rendered":"<p>****<\/p>\n<p>***<\/p>\n<p>&nbsp;<\/p>\n<p><strong><img loading=\"lazy\" decoding=\"async\" class=\"alignleft\" src=\"https:\/\/www.radiopiu.net\/wordpress\/wp-content\/uploads\/2024\/10\/Senza-nome-26.png\" width=\"380\" height=\"221\" \/>AGORDO<\/strong> C\u2019era anche il senatore cadorino e presidente della IX Commissione Senato &#8211; Industria, commercio, turismo, agricoltura e produzione agroalimentare, Luca De Carlo, nella delegazione che questa mattina ha visitato lo stabilimento di Essilor Luxottica ad Agordo con il Ministro del Lavoro e delle Politiche Sociali, Marina Calderone.<br \/>\n\u201cSono state due ore di interessante confronto con i vertici aziendali sui temi del welfare integrativo e sull\u2019organizzazione del lavoro in un\u2019impresa che da anni \u00e8 leader nel settore a livello mondiale\u201d, <a class=\"dt-pswp-item\" href=\"https:\/\/www.radiopiu.net\/wordpress\/wp-content\/uploads\/2024\/10\/Senza-nome-27.png\" data-dt-img-description=\"\" data-large_image_width=\"292\" data-large_image_height=\"177\"><img loading=\"lazy\" decoding=\"async\" class=\"size-full wp-image-413193 alignright\" src=\"https:\/\/www.radiopiu.net\/wordpress\/wp-content\/uploads\/2024\/10\/Senza-nome-27.png\" alt=\"\" width=\"292\" height=\"177\" \/><\/a>commenta De Carlo. \u201c\u00c8 stato un onore e un piacere &#8211; in particolare da bellunese &#8211; poter approfondire la conoscenza del \u201cmodello Luxottica\u201d, quello che ha permesso a questa azienda di diventare uno dei fiori all\u2019occhiello della nostra provincia e un colosso globale i cui prodotti vengono distribuiti e venduti in oltre 140 nazioni in tutto il mondo, e credo sia stato lo stesso anche per il Ministro che &#8211; ricordiamolo &#8211; ha origini bellunesi, e non ha perso l\u2019occasione di ricordarlo nel corso del suo intervento ad Agordo. Parliamo di un\u2019azienda che \u00e8 un esempio a livello nazionale e mondiale, ed \u00e8 stato importante come rappresentanti delle istituzioni capire i meccanismi e i modelli di crescita di una simile realt\u00e0\u201d.<br \/>\nAd accompagnare il Ministro Calderone e il senatore De Carlo, anche il presidente della Commissione Lavoro della Camera, l\u2019onorevole Walter Rizzetto, e il deputato Emanuele Loperfido.<\/p>\n<p>&nbsp;<\/p>\n<p>&nbsp;<\/p>\n<hr \/>\n<p>&nbsp;<\/p>\n","protected":false},"excerpt":{"rendered":"<p>**** *** &nbsp; AGORDO C\u2019era anche il senatore cadorino e presidente della IX Commissione Senato &#8211; Industria, commercio, turismo, agricoltura e produzione agroalimentare, Luca De Carlo, nella delegazione che questa mattina ha visitato lo stabilimento di Essilor Luxottica ad Agordo con il Ministro del Lavoro e delle Politiche Sociali, Marina Calderone. \u201cSono state due ore&hellip;<\/p>\n","protected":false},"author":4,"featured_media":413191,"comment_status":"closed","ping_status":"closed","sticky":false,"template":"","format":"standard","meta":{"_monsterinsights_skip_tracking":false,"_monsterinsights_sitenote_active":false,"_monsterinsights_sitenote_note":"","_monsterinsights_sitenote_category":0,"footnotes":""},"categories":[51,49],"tags":[],"class_list":["post-413175","post","type-post","status-publish","format-standard","has-post-thumbnail","hentry","category-evidenza-top","category-news-18","category-51","category-49","description-off"],"img_url":"https:\/\/www.radiopiu.net\/wordpress\/wp-content\/uploads\/2024\/10\/Senza-nome-26.png","_links":{"self":[{"href":"https:\/\/www.radiopiu.net\/wordpress\/wp-json\/wp\/v2\/posts\/413175","targetHints":{"allow":["GET"]}}],"collection":[{"href":"https:\/\/www.radiopiu.net\/wordpress\/wp-json\/wp\/v2\/posts"}],"about":[{"href":"https:\/\/www.radiopiu.net\/wordpress\/wp-json\/wp\/v2\/types\/post"}],"author":[{"embeddable":true,"href":"https:\/\/www.radiopiu.net\/wordpress\/wp-json\/wp\/v2\/users\/4"}],"replies":[{"embeddable":true,"href":"https:\/\/www.radiopiu.net\/wordpress\/wp-json\/wp\/v2\/comments?post=413175"}],"version-history":[{"count":3,"href":"https:\/\/www.radiopiu.net\/wordpress\/wp-json\/wp\/v2\/posts\/413175\/revisions"}],"predecessor-version":[{"id":413194,"href":"https:\/\/www.radiopiu.net\/wordpress\/wp-json\/wp\/v2\/posts\/413175\/revisions\/413194"}],"wp:featuredmedia":[{"embeddable":true,"href":"https:\/\/www.radiopiu.net\/wordpress\/wp-json\/wp\/v2\/media\/413191"}],"wp:attachment":[{"href":"https:\/\/www.radiopiu.net\/wordpress\/wp-json\/wp\/v2\/media?parent=413175"}],"wp:term":[{"taxonomy":"category","embeddable":true,"href":"https:\/\/www.radiopiu.net\/wordpress\/wp-json\/wp\/v2\/categories?post=413175"},{"taxonomy":"post_tag","embeddable":true,"href":"https:\/\/www.radiopiu.net\/wordpress\/wp-json\/wp\/v2\/tags?post=413175"}],"curies":[{"name":"wp","href":"https:\/\/api.w.org\/{rel}","templated":true}]}}