{"id":413307,"date":"2024-10-08T18:14:19","date_gmt":"2024-10-08T16:14:19","guid":{"rendered":"https:\/\/www.radiopiu.net\/wordpress\/?p=413307"},"modified":"2024-10-09T04:51:27","modified_gmt":"2024-10-09T02:51:27","slug":"maltempo-attivato-il-c-o-c-e-monitoraggio-della-protezione-civile","status":"publish","type":"post","link":"https:\/\/www.radiopiu.net\/wordpress\/maltempo-attivato-il-c-o-c-e-monitoraggio-della-protezione-civile\/","title":{"rendered":"Maltempo: Attivato il C.O.C. e Monitoraggio della Protezione Civile"},"content":{"rendered":"<p>***<\/p>\n<p><strong><a class=\"dt-pswp-item\" href=\"https:\/\/www.radiopiu.net\/wordpress\/wp-content\/uploads\/2024\/10\/679af448-50f6-4477-96d8-1803711cd46a.jpg\" data-dt-img-description=\"\" data-large_image_width=\"1530\" data-large_image_height=\"2040\"><img loading=\"lazy\" decoding=\"async\" class=\"size-medium wp-image-413311 alignleft\" src=\"https:\/\/www.radiopiu.net\/wordpress\/wp-content\/uploads\/2024\/10\/679af448-50f6-4477-96d8-1803711cd46a-225x300.jpg\" alt=\"\" width=\"225\" height=\"300\" srcset=\"https:\/\/www.radiopiu.net\/wordpress\/wp-content\/uploads\/2024\/10\/679af448-50f6-4477-96d8-1803711cd46a-225x300.jpg 225w, https:\/\/www.radiopiu.net\/wordpress\/wp-content\/uploads\/2024\/10\/679af448-50f6-4477-96d8-1803711cd46a-768x1024.jpg 768w, https:\/\/www.radiopiu.net\/wordpress\/wp-content\/uploads\/2024\/10\/679af448-50f6-4477-96d8-1803711cd46a-1152x1536.jpg 1152w, https:\/\/www.radiopiu.net\/wordpress\/wp-content\/uploads\/2024\/10\/679af448-50f6-4477-96d8-1803711cd46a.jpg 1530w\" sizes=\"auto, (max-width: 225px) 100vw, 225px\" \/><\/a>FELTRE<\/strong>\u00a0 Ieri alle 14 \u00e8 stato attivato il Centro Operativo Comunale (C.O.C.) per far fronte alle condizioni meteorologiche avverse. Oltre ai servizi comunali, sono state attivate due squadre di volontari della Protezione Civile ANA per il monitoraggio del territorio comunale, con particolare attenzione alle aree pi\u00f9 fragili e critiche.<\/p>\n<p>Alle 18 sono state segnalate diverse criticit\u00e0 in corso:<\/p>\n<ul>\n<li><strong>Via Campo Grando &#8211; Villaga:<\/strong> presenza di acqua fino a rendere la strada intransitabile.<\/li>\n<li><strong>Via Vallarghe &#8211; Villaga:<\/strong> colata detritica sulla strada, causando l&#8217;isolamento di alcune abitazioni.<\/li>\n<li><strong>Via Luciani 7:<\/strong> rigurgito da caditoie.<\/li>\n<li><strong>Via Canture:<\/strong> allagamento della strada.<\/li>\n<li><strong>Via Valentine:<\/strong> allagamento della strada.<\/li>\n<\/ul>\n<p>Le criticit\u00e0 sono gi\u00e0 state prese in carico dai servizi comunali. Il Servizio Strade proceder\u00e0 con lo sgombero della strada in via Vallarghe, mentre il Servizio reperibilit\u00e0 sta verificando le condizioni in via Canture e Valentine per eventuali segnaletiche di chiusura temporanea.<\/p>\n<p><a class=\"dt-pswp-item\" href=\"https:\/\/www.radiopiu.net\/wordpress\/wp-content\/uploads\/2024\/10\/8f1715db-037c-4df9-92dd-f9a2cad3551f.jpg\" data-dt-img-description=\"\" data-large_image_width=\"1600\" data-large_image_height=\"720\"><img loading=\"lazy\" decoding=\"async\" class=\"size-medium wp-image-413312 alignright\" src=\"https:\/\/www.radiopiu.net\/wordpress\/wp-content\/uploads\/2024\/10\/8f1715db-037c-4df9-92dd-f9a2cad3551f-300x135.jpg\" alt=\"\" width=\"300\" height=\"135\" srcset=\"https:\/\/www.radiopiu.net\/wordpress\/wp-content\/uploads\/2024\/10\/8f1715db-037c-4df9-92dd-f9a2cad3551f-300x135.jpg 300w, https:\/\/www.radiopiu.net\/wordpress\/wp-content\/uploads\/2024\/10\/8f1715db-037c-4df9-92dd-f9a2cad3551f-1024x461.jpg 1024w, https:\/\/www.radiopiu.net\/wordpress\/wp-content\/uploads\/2024\/10\/8f1715db-037c-4df9-92dd-f9a2cad3551f-768x346.jpg 768w, https:\/\/www.radiopiu.net\/wordpress\/wp-content\/uploads\/2024\/10\/8f1715db-037c-4df9-92dd-f9a2cad3551f-1536x691.jpg 1536w, https:\/\/www.radiopiu.net\/wordpress\/wp-content\/uploads\/2024\/10\/8f1715db-037c-4df9-92dd-f9a2cad3551f.jpg 1600w\" sizes=\"auto, (max-width: 300px) 100vw, 300px\" \/><\/a>Inoltre, la vasca di laminazione di Mugnai \u00e8 stata attivata nel primo pomeriggio e sta funzionando correttamente. Si prevede che la fase pi\u00f9 intensa delle precipitazioni dovrebbe esaurirsi in serata.<\/p>\n<blockquote>\n<h2>precipitazione massima registrata al momento: 205 mm in localit\u00e0 Valpore (seren del grappa)<\/h2>\n<\/blockquote>\n<p>foto 1 [ Intervento mezzo del Comune in via Frascaro da deviazione via Schesena, frazione Tomo. Al momento la viabilit\u00e0 dovrebbe essere ripristinata ovunque.<br \/>\nChiuso il sottopasso di Nemeggio<br \/>\nfoto 2 Uniera al ponte di via Gaggia: livello acqua in lieve abbassamento<\/p>\n<p>&nbsp;<\/p>\n<hr \/>\n<p>&nbsp;<\/p>\n","protected":false},"excerpt":{"rendered":"<p>*** FELTRE\u00a0 Ieri alle 14 \u00e8 stato attivato il Centro Operativo Comunale (C.O.C.) per far fronte alle condizioni meteorologiche avverse. Oltre ai servizi comunali, sono state attivate due squadre di volontari della Protezione Civile ANA per il monitoraggio del territorio comunale, con particolare attenzione alle aree pi\u00f9 fragili e critiche. Alle 18 sono state segnalate&hellip;<\/p>\n","protected":false},"author":4,"featured_media":413311,"comment_status":"closed","ping_status":"closed","sticky":false,"template":"","format":"standard","meta":{"_monsterinsights_skip_tracking":false,"_monsterinsights_sitenote_active":false,"_monsterinsights_sitenote_note":"","_monsterinsights_sitenote_category":0,"footnotes":""},"categories":[51,49],"tags":[],"class_list":["post-413307","post","type-post","status-publish","format-standard","has-post-thumbnail","hentry","category-evidenza-top","category-news-18","category-51","category-49","description-off"],"img_url":"https:\/\/www.radiopiu.net\/wordpress\/wp-content\/uploads\/2024\/10\/679af448-50f6-4477-96d8-1803711cd46a.jpg","_links":{"self":[{"href":"https:\/\/www.radiopiu.net\/wordpress\/wp-json\/wp\/v2\/posts\/413307","targetHints":{"allow":["GET"]}}],"collection":[{"href":"https:\/\/www.radiopiu.net\/wordpress\/wp-json\/wp\/v2\/posts"}],"about":[{"href":"https:\/\/www.radiopiu.net\/wordpress\/wp-json\/wp\/v2\/types\/post"}],"author":[{"embeddable":true,"href":"https:\/\/www.radiopiu.net\/wordpress\/wp-json\/wp\/v2\/users\/4"}],"replies":[{"embeddable":true,"href":"https:\/\/www.radiopiu.net\/wordpress\/wp-json\/wp\/v2\/comments?post=413307"}],"version-history":[{"count":4,"href":"https:\/\/www.radiopiu.net\/wordpress\/wp-json\/wp\/v2\/posts\/413307\/revisions"}],"predecessor-version":[{"id":413313,"href":"https:\/\/www.radiopiu.net\/wordpress\/wp-json\/wp\/v2\/posts\/413307\/revisions\/413313"}],"wp:featuredmedia":[{"embeddable":true,"href":"https:\/\/www.radiopiu.net\/wordpress\/wp-json\/wp\/v2\/media\/413311"}],"wp:attachment":[{"href":"https:\/\/www.radiopiu.net\/wordpress\/wp-json\/wp\/v2\/media?parent=413307"}],"wp:term":[{"taxonomy":"category","embeddable":true,"href":"https:\/\/www.radiopiu.net\/wordpress\/wp-json\/wp\/v2\/categories?post=413307"},{"taxonomy":"post_tag","embeddable":true,"href":"https:\/\/www.radiopiu.net\/wordpress\/wp-json\/wp\/v2\/tags?post=413307"}],"curies":[{"name":"wp","href":"https:\/\/api.w.org\/{rel}","templated":true}]}}