{"id":413434,"date":"2024-10-10T05:21:14","date_gmt":"2024-10-10T03:21:14","guid":{"rendered":"https:\/\/www.radiopiu.net\/wordpress\/?p=413434"},"modified":"2024-10-10T05:39:19","modified_gmt":"2024-10-10T03:39:19","slug":"nasce-il-tavolo-di-coordinamento-sulle-piste-ciclabili-nel-bellunese","status":"publish","type":"post","link":"https:\/\/www.radiopiu.net\/wordpress\/nasce-il-tavolo-di-coordinamento-sulle-piste-ciclabili-nel-bellunese\/","title":{"rendered":"NASCE IL TAVOLO DI COORDINAMENTO SULLE PISTE CICLABILI NEL BELLUNESE"},"content":{"rendered":"<p>******<\/p>\n<p>&nbsp;<\/p>\n<p><strong><a class=\"dt-pswp-item\" href=\"https:\/\/www.radiopiu.net\/wordpress\/wp-content\/uploads\/2024\/10\/55a1fa25-b26c-4268-9175-4968efd94c1f.jpg\" data-dt-img-description=\"\" data-large_image_width=\"1920\" data-large_image_height=\"1080\"><img loading=\"lazy\" decoding=\"async\" class=\" wp-image-413438 alignleft\" src=\"https:\/\/www.radiopiu.net\/wordpress\/wp-content\/uploads\/2024\/10\/55a1fa25-b26c-4268-9175-4968efd94c1f-300x169.jpg\" alt=\"\" width=\"169\" height=\"95\" srcset=\"https:\/\/www.radiopiu.net\/wordpress\/wp-content\/uploads\/2024\/10\/55a1fa25-b26c-4268-9175-4968efd94c1f-300x169.jpg 300w, https:\/\/www.radiopiu.net\/wordpress\/wp-content\/uploads\/2024\/10\/55a1fa25-b26c-4268-9175-4968efd94c1f-1024x576.jpg 1024w, https:\/\/www.radiopiu.net\/wordpress\/wp-content\/uploads\/2024\/10\/55a1fa25-b26c-4268-9175-4968efd94c1f-768x432.jpg 768w, https:\/\/www.radiopiu.net\/wordpress\/wp-content\/uploads\/2024\/10\/55a1fa25-b26c-4268-9175-4968efd94c1f-1536x864.jpg 1536w, https:\/\/www.radiopiu.net\/wordpress\/wp-content\/uploads\/2024\/10\/55a1fa25-b26c-4268-9175-4968efd94c1f.jpg 1920w\" sizes=\"auto, (max-width: 169px) 100vw, 169px\" \/><\/a>BELLUNO <\/strong>Creare un Tavolo di Confronto permanente sul presente e sul futuro della rete di piste ciclabili nel territorio bellunese per coordinare gli investimenti del Fondo (e non solo) e garantire uno sviluppo armonico e sostenibile dell\u2019offerta \u201ca due ruote\u201d. Con questo obiettivo il presidente del Comitato di Gestione del Fondo Comuni Confinanti Dario Bond ha invitato marted\u00ec sera a Palazzo Piloni i sindaci dei Comuni confinanti e contigui, la Provincia di Belluno, i referenti delle Unioni Montane Feltrina, Centro Cadore, Agordina e Comelico, oltre ai responsabili della FIAB di Belluno. Non solo buoni intenti, per\u00f2. Il nuovo Tavolo di Confronto si \u00e8 gi\u00e0 dato una prima ossatura: sar\u00e0 coordinato dalla stessa FIAB di Belluno e vi prenderanno parte, oltre alla Provincia di Belluno, un rappresentante per ciascuna Unione Montana interessata e un rappresentante dei sindaci. In seguito, il Tavolo potr\u00e0 essere allargato ad altri soggetti, ad esempio in ordine alla promozione con l\u2019intervento, in questo caso, della DMO Dolomiti Bellunesi.<\/p>\n<p><strong>IL PRESIDENTE DEL FONDO COMUNI CONFINANTI DARIO BOND<\/strong><\/p>\n<audio class=\"wp-audio-shortcode\" id=\"audio-413434-1\" preload=\"none\" style=\"width: 100%;\" controls=\"controls\"><source type=\"audio\/mpeg\" src=\"https:\/\/www.radiopiu.net\/wordpress\/wp-content\/uploads\/2024\/10\/Audio-Bond.mp3?_=1\" \/><a href=\"https:\/\/www.radiopiu.net\/wordpress\/wp-content\/uploads\/2024\/10\/Audio-Bond.mp3\">https:\/\/www.radiopiu.net\/wordpress\/wp-content\/uploads\/2024\/10\/Audio-Bond.mp3<\/a><\/audio>\n<p>&nbsp;<\/p>\n<p><strong>IL CONSIGLIERE PROVINCIALE MASSIMO BORTOLUZZI<\/strong><\/p>\n<audio class=\"wp-audio-shortcode\" id=\"audio-413434-2\" preload=\"none\" style=\"width: 100%;\" controls=\"controls\"><source type=\"audio\/mpeg\" src=\"https:\/\/www.radiopiu.net\/wordpress\/wp-content\/uploads\/2024\/10\/Audio-Bortoluzzi.mp3?_=2\" \/><a href=\"https:\/\/www.radiopiu.net\/wordpress\/wp-content\/uploads\/2024\/10\/Audio-Bortoluzzi.mp3\">https:\/\/www.radiopiu.net\/wordpress\/wp-content\/uploads\/2024\/10\/Audio-Bortoluzzi.mp3<\/a><\/audio>\n<p>&nbsp;<\/p>\n<p><strong>CLAUDIO GIACCHETTI, FIAB BELLUNO<\/strong><\/p>\n<audio class=\"wp-audio-shortcode\" id=\"audio-413434-3\" preload=\"none\" style=\"width: 100%;\" controls=\"controls\"><source type=\"audio\/mpeg\" src=\"https:\/\/www.radiopiu.net\/wordpress\/wp-content\/uploads\/2024\/10\/Audio-Giacchetti-FIAB-Belluno.mp3?_=3\" \/><a href=\"https:\/\/www.radiopiu.net\/wordpress\/wp-content\/uploads\/2024\/10\/Audio-Giacchetti-FIAB-Belluno.mp3\">https:\/\/www.radiopiu.net\/wordpress\/wp-content\/uploads\/2024\/10\/Audio-Giacchetti-FIAB-Belluno.mp3<\/a><\/audio>\n<p>&nbsp;<\/p>\n<p>&nbsp;<\/p>\n<p>**********<\/p>\n","protected":false},"excerpt":{"rendered":"<p>****** &nbsp; BELLUNO Creare un Tavolo di Confronto permanente sul presente e sul futuro della rete di piste ciclabili nel territorio bellunese per coordinare gli investimenti del Fondo (e non solo) e garantire uno sviluppo armonico e sostenibile dell\u2019offerta \u201ca due ruote\u201d. Con questo obiettivo il presidente del Comitato di Gestione del Fondo Comuni Confinanti&hellip;<\/p>\n","protected":false},"author":4,"featured_media":413438,"comment_status":"closed","ping_status":"closed","sticky":false,"template":"","format":"standard","meta":{"_monsterinsights_skip_tracking":false,"_monsterinsights_sitenote_active":false,"_monsterinsights_sitenote_note":"","_monsterinsights_sitenote_category":0,"footnotes":""},"categories":[51,49],"tags":[],"class_list":["post-413434","post","type-post","status-publish","format-standard","has-post-thumbnail","hentry","category-evidenza-top","category-news-18","category-51","category-49","description-off"],"img_url":"https:\/\/www.radiopiu.net\/wordpress\/wp-content\/uploads\/2024\/10\/55a1fa25-b26c-4268-9175-4968efd94c1f.jpg","_links":{"self":[{"href":"https:\/\/www.radiopiu.net\/wordpress\/wp-json\/wp\/v2\/posts\/413434","targetHints":{"allow":["GET"]}}],"collection":[{"href":"https:\/\/www.radiopiu.net\/wordpress\/wp-json\/wp\/v2\/posts"}],"about":[{"href":"https:\/\/www.radiopiu.net\/wordpress\/wp-json\/wp\/v2\/types\/post"}],"author":[{"embeddable":true,"href":"https:\/\/www.radiopiu.net\/wordpress\/wp-json\/wp\/v2\/users\/4"}],"replies":[{"embeddable":true,"href":"https:\/\/www.radiopiu.net\/wordpress\/wp-json\/wp\/v2\/comments?post=413434"}],"version-history":[{"count":1,"href":"https:\/\/www.radiopiu.net\/wordpress\/wp-json\/wp\/v2\/posts\/413434\/revisions"}],"predecessor-version":[{"id":413439,"href":"https:\/\/www.radiopiu.net\/wordpress\/wp-json\/wp\/v2\/posts\/413434\/revisions\/413439"}],"wp:featuredmedia":[{"embeddable":true,"href":"https:\/\/www.radiopiu.net\/wordpress\/wp-json\/wp\/v2\/media\/413438"}],"wp:attachment":[{"href":"https:\/\/www.radiopiu.net\/wordpress\/wp-json\/wp\/v2\/media?parent=413434"}],"wp:term":[{"taxonomy":"category","embeddable":true,"href":"https:\/\/www.radiopiu.net\/wordpress\/wp-json\/wp\/v2\/categories?post=413434"},{"taxonomy":"post_tag","embeddable":true,"href":"https:\/\/www.radiopiu.net\/wordpress\/wp-json\/wp\/v2\/tags?post=413434"}],"curies":[{"name":"wp","href":"https:\/\/api.w.org\/{rel}","templated":true}]}}